{"id":29947858,"date":"2025-11-25T10:15:17","date_gmt":"2025-11-25T09:15:17","guid":{"rendered":"https:\/\/myallmeeting.com\/?post_type=article&#038;p=29947858"},"modified":"2025-12-10T11:01:49","modified_gmt":"2025-12-10T10:01:49","slug":"de-reunioes-intimas-a-grandes-celebracoes-encontre-o-local-perfeito","status":"publish","type":"article","link":"https:\/\/www.myallmeeting.com\/pt-pt\/article\/de-reunioes-intimas-a-grandes-celebracoes-encontre-o-local-perfeito\/","title":{"rendered":"De reuni\u00f5es \u00edntimas a grandes celebra\u00e7\u00f5es \u2013 encontre o local perfeito"},"content":{"rendered":"<!-- START OF : Composant : block-periscope-theme-section-composant-25-texte-cta-2-images.php -->\n<div class=\"tcta2ia bg-white fs-wysiwyg mb-lg-12\" data-component=\"25-texte-cta-2-images\">\n\t<div class=\"tcta2ia__top\">\n\t\t<div class=\"container-fluid\" style=\"--bs-gutter-x: 0\">\n\t\t\t<div class=\"row\" style=\"--bs-gutter-x: 0\">\n\t\t\t\t<div class=\"col-lg-8\">\n\t\t\t\t\t\t\t\t\t\t<div class=\"bloc-mise-en-avant__top__left\">\n\t\t\t\t\t\t<img decoding=\"async\" src=\"https:\/\/www.myallmeeting.com\/wp-content\/uploads\/2025\/11\/Image-principale-8.png\" class=\"pe-2 pe-lg-0\" width=\"1268\" height=\"846\" alt=\"\" loading=\"lazy\" \/>\n\t\t\t\t\t<\/div>\n\t\t\t\t\t\t\t\t\t\t<div class=\"tcta2ia__bottom d-none d-lg-block pb-12 pt-lg-9 pb-lg-0 pe-lg-10\">\n\t\t\t\t\t\t\t\t\t\t\t\t<h2 class=\"fs-20 fs-lg-32 fw-semibold\">O que torna uma celebra\u00e7\u00e3o grande?<\/h2>\n\t\t\t\t\t\t\t\t\t\t\t\t\t\t\t\t\t\t<div class=\"fs-wysiwyg\"><p>As grandes celebra\u00e7\u00f5es t\u00eam uma magia pr\u00f3pria, pois muitas vezes re\u00fanem mais de 100 convidados, o que significa que log\u00edstica como montagem do palco, equipas de catering e planeamento profissional entram em jogo. No entanto, o objetivo de criar momentos inesquec\u00edveis, mantendo a experi\u00eancia descontra\u00edda para os convidados, continua a ser o mesmo das celebra\u00e7\u00f5es mais pequenas. Exemplos de celebra\u00e7\u00f5es em grande escala incluem:<\/p>\n<ul>\n<li><strong>Relacionadas com neg\u00f3cios:<\/strong> assembleias gerais anuais, anivers\u00e1rios corporativos, jantares de gala, cerim\u00f3nias de entrega de pr\u00e9mios, lan\u00e7amentos de produtos, confer\u00eancias do setor, feiras comerciais, festas p\u00f3s-evento e eventos de angaria\u00e7\u00e3o de fundos para institui\u00e7\u00f5es de caridade s\u00e3o eventos comuns relacionados com neg\u00f3cios.<\/li>\n<li><strong>Eventos pessoais:<\/strong> casamentos, casamentos em destinos tur\u00edsticos, reuni\u00f5es, festivais culturais ou bailes sazonais, galas de ex-alunos, festas privadas em estilo de concerto e celebra\u00e7\u00f5es da cidade ou da comunidade, como a v\u00e9spera de Ano Novo, s\u00e3o exemplos cl\u00e1ssicos de eventos pessoais.<\/li>\n<\/ul>\n<\/div>\n\t\t\t\t\t\t\t\t\t\t\t\t<div class=\"d-flex flex-column flex-lg-row align-items-center gap-5 gap-lg-8 justify-content-between\">\n\t\t\t\t\t\t\t<div class=\"fs-20 fs-lg-26 fw-semibold lh-xs\"><\/div>\n\t\t\t\t\t\t\t\t\t\t\t\t\t<\/div>\n\t\t\t\t\t<\/div>\n\t\t\t\t<\/div>\n\t\t\t\t<div class=\"col-lg-4\">\n\t\t\t\t\t<div class=\"tcta2ia__top__right t-0 r-0 bg-primary text-white pt-4 pb-4 px-2 pt-lg-8 pb-lg-16 px-lg-11 pb-xl-30\">\n\t\t\t\t\t\t\t\t\t\t\t\t\t\t\t\t\t\t<h2 class=\"unna fs-36 fs-lg-51 fs-xl-75 fs-italic fw-normal text-secondary\">De reuni\u00f5es \u00edntimas a grandes celebra\u00e7\u00f5es \u2013 encontre o local perfeito<\/h2>\n\t\t\t\t\t\t\t\t\t\t\t\t\t\t\t\t\t\t<h3 class=\"text-white fs-18 fs-lg-20 fs-xl-28 text-original-case\">As celebra\u00e7\u00f5es s\u00e3o marcos que honram as nossas jornadas pessoais e profissionais. <\/h3>\n\t\t\t\t\t\t\t\t\t\t\t\t\t\t\t\t\t\t<div class=\"fs-wysiwyg mb-4 fs-lg-16 fs-xl-20\"><p>Elas lembram-nos de fazer uma pausa, refletir e regozijar-nos. Algumas dessas ocasi\u00f5es s\u00e3o grandes e magn\u00edficas, outras pequenas e \u00edntimas, mas todas merecem a mesma considera\u00e7\u00e3o e aten\u00e7\u00e3o.<\/p>\n<\/div>\n\t\t\t\t\t\t\t\t\t\t\t\t\t\t\t\t\t\t\t\t\t\t\t\t<p class=\"m-0\"><img decoding=\"async\" src=\"https:\/\/www.myallmeeting.com\/wp-content\/uploads\/2025\/11\/Image-2-haute-basse-37.png\" class=\"position-relative l-0\" width=\"633\" height=\"398\" alt=\"\" loading=\"lazy\" \/><\/p>\n\t\t\t\t\t\t\t\t\t\t\t<\/div>\n\t\t\t\t<\/div>\n\t\t\t<\/div>\n\t\t<\/div>\n\t<\/div>\n\t<div class=\"tcta2ia__bottom d-lg-none pb-12 py-lg-9 pe-lg-10\">\n\t\t\t\t<div class=\"h2 fs-20 fs-lg-32 fw-semibold\">O que torna uma celebra\u00e7\u00e3o grande?<\/div>\n\t\t\t\t\t\t<div class=\"fs-wysiwyg\"><p>As grandes celebra\u00e7\u00f5es t\u00eam uma magia pr\u00f3pria, pois muitas vezes re\u00fanem mais de 100 convidados, o que significa que log\u00edstica como montagem do palco, equipas de catering e planeamento profissional entram em jogo. No entanto, o objetivo de criar momentos inesquec\u00edveis, mantendo a experi\u00eancia descontra\u00edda para os convidados, continua a ser o mesmo das celebra\u00e7\u00f5es mais pequenas. Exemplos de celebra\u00e7\u00f5es em grande escala incluem:<\/p>\n<ul>\n<li><strong>Relacionadas com neg\u00f3cios:<\/strong> assembleias gerais anuais, anivers\u00e1rios corporativos, jantares de gala, cerim\u00f3nias de entrega de pr\u00e9mios, lan\u00e7amentos de produtos, confer\u00eancias do setor, feiras comerciais, festas p\u00f3s-evento e eventos de angaria\u00e7\u00e3o de fundos para institui\u00e7\u00f5es de caridade s\u00e3o eventos comuns relacionados com neg\u00f3cios.<\/li>\n<li><strong>Eventos pessoais:<\/strong> casamentos, casamentos em destinos tur\u00edsticos, reuni\u00f5es, festivais culturais ou bailes sazonais, galas de ex-alunos, festas privadas em estilo de concerto e celebra\u00e7\u00f5es da cidade ou da comunidade, como a v\u00e9spera de Ano Novo, s\u00e3o exemplos cl\u00e1ssicos de eventos pessoais.<\/li>\n<\/ul>\n<\/div>\n\t\t\t\t<div class=\"d-flex flex-column flex-lg-row align-items-center gap-5 gap-lg-8 justify-content-between\">\n\t\t\t<div class=\"fs-20 fs-lg-26 fw-semibold lh-xs\"><\/div>\n\t\t\t\t\t<\/div>\n\t<\/div>\n<\/div>\n<!-- END OF : Composant : block-periscope-theme-section-composant-25-texte-cta-2-images.php -->\n\n\n<!-- START OF : Composant : block-periscope-theme-section-composant-26-textes-slider-cta.php -->\n<div class=\"t3icta bg-white pb-12 mb-9 fs-wysiwyg\" data-component=\"26-textes-3-images-cta\">\n\t<div class=\"t3icta__top position-relative\">\n\t\t<div class=\"container-fluid\" style=\"--bs-gutter-x: 0\">\n\t\t\t<div class=\"row\" style=\"--bs-gutter-x: 0\">\n\t\t\t\t\t\t\t\t<div class=\"col-lg-6\">\n\t\t\t\t\t<div class=\"t3icta__slider\">\n\t\t\t\t\t\t<div class=\"splide\">\n\t\t\t\t\t\t\t<div class=\"splide__track\">\n\t\t\t\t\t\t\t\t<div class=\"splide__list\">\n\t\t\t\t\t\t\t\t\t\t\t\t\t\t\t\t\t\t\t<div class=\"splide__slide\">\n\t\t\t\t\t\t\t\t\t\t\t<img decoding=\"async\" src=\"https:\/\/www.myallmeeting.com\/wp-content\/uploads\/2025\/11\/Image-slider-98.png\" width=\"953\" height=\"600\" alt=\"\" loading=\"lazy\" \/>\n\t\t\t\t\t\t\t\t\t\t<\/div>\n\t\t\t\t\t\t\t\t\t\t\t\t\t\t\t\t\t\t\t<div class=\"splide__slide\">\n\t\t\t\t\t\t\t\t\t\t\t<img decoding=\"async\" src=\"https:\/\/www.myallmeeting.com\/wp-content\/uploads\/2025\/11\/Image-slider-99.png\" width=\"953\" height=\"600\" alt=\"\" loading=\"lazy\" \/>\n\t\t\t\t\t\t\t\t\t\t<\/div>\n\t\t\t\t\t\t\t\t\t\t\t\t\t\t\t\t\t\t\t<div class=\"splide__slide\">\n\t\t\t\t\t\t\t\t\t\t\t<img decoding=\"async\" src=\"https:\/\/www.myallmeeting.com\/wp-content\/uploads\/2025\/11\/Image-slider-100.png\" width=\"953\" height=\"600\" alt=\"\" loading=\"lazy\" \/>\n\t\t\t\t\t\t\t\t\t\t<\/div>\n\t\t\t\t\t\t\t\t\t\t\t\t\t\t\t\t\t\t\t<div class=\"splide__slide\">\n\t\t\t\t\t\t\t\t\t\t\t<img decoding=\"async\" src=\"https:\/\/www.myallmeeting.com\/wp-content\/uploads\/2025\/11\/Image-slider-2025-11-20T144741.544.png\" width=\"953\" height=\"600\" alt=\"\" loading=\"lazy\" \/>\n\t\t\t\t\t\t\t\t\t\t<\/div>\n\t\t\t\t\t\t\t\t\t\t\t\t\t\t\t\t\t\t\t<div class=\"splide__slide\">\n\t\t\t\t\t\t\t\t\t\t\t<img decoding=\"async\" src=\"https:\/\/www.myallmeeting.com\/wp-content\/uploads\/2025\/11\/Image-slider-2025-11-20T144750.208.png\" width=\"953\" height=\"600\" alt=\"\" loading=\"lazy\" \/>\n\t\t\t\t\t\t\t\t\t\t<\/div>\n\t\t\t\t\t\t\t\t\t\t\t\t\t\t\t\t\t\n\t\t\t\t\t\t\t\t<\/div>\n\t\t\t\t\t\t\t<\/div>\n\t\t\t\t\t\t\t<div class=\"splide__arrows d-none d-lg-block\">\n\t\t\t\t\t\t\t\t<button class=\"splide__arrow splide__arrow--prev px-lg-3 py-lg-4 px-xl-4 py-xl-5 px-xxl-5 py-xxl-7 position-absolute l-0 bg-white border-0\">\n\t\t\t\t\t\t\t\t\t<svg width=\"14\" height=\"27\" aria-hidden=\"true\">\n\t\t\t\t\t\t\t\t\t\t<use xlink:href=\"https:\/\/www.myallmeeting.com\/wp-content\/themes\/accor\/assets\/images\/sprite.svg#slider-prev\"><\/use>\n\t\t\t\t\t\t\t\t\t<\/svg>\n\t\t\t\t\t\t\t\t<\/button>\n\t\t\t\t\t\t\t\t<button class=\"splide__arrow splide__arrow--next px-lg-3 py-lg-4 px-xl-4 py-xl-5 px-xxl-5 py-xxl-7 position-absolute r-0 bg-white border-0\">\n\t\t\t\t\t\t\t\t\t<svg width=\"14\" height=\"27\" aria-hidden=\"true\">\n\t\t\t\t\t\t\t\t\t\t<use xlink:href=\"https:\/\/www.myallmeeting.com\/wp-content\/themes\/accor\/assets\/images\/sprite.svg#slider-prev\"><\/use>\n\t\t\t\t\t\t\t\t\t<\/svg>\n\t\t\t\t\t\t\t\t<\/button>\n\t\t\t\t\t\t\t<\/div>\n\t\t\t\t\t\t<\/div>\n\t\t\t\t\t<\/div>\n\t\t\t\t<\/div>\n\t\t\t\t\t\t\t\t<div class=\"col-lg-6\">\n\t\t\t\t\t<div class=\"t3icta__top_right mb-lg-14 px-2 py-9 px-lg-11 py-lg-0\">\n\t\t\t\t\t\t\t\n\t\t\t\t\t\t<h2 class=\"fs-20 fs-lg-23 fs-xl-27 fs-xxl-30 fw-semibold\">E as pequenas celebra\u00e7\u00f5es?<\/h2>\n\t\t\t\t\t\t\t\t\t\t\t\t\t\n\t\t\t\t\t\t<div class=\"fs-wysiwyg\">\n\t\t\t\t\t\t\t<p>As pequenas celebra\u00e7\u00f5es prosperam na intimidade. Frequentemente t\u00eam menos de 50 participantes e focam-se mais nas rela\u00e7\u00f5es pessoais do que na formalidade dos eventos de grande escala. O mais importante \u00e9 o ambiente \u2013 procurando o calor, a privacidade e a aten\u00e7\u00e3o aos detalhes. Exemplos de celebra\u00e7\u00f5es em pequena escala incluem:<\/p>\n<ul>\n<li><strong>Relacionadas com neg\u00f3cios:<\/strong> jantares da diretoria executiva, eventos de agradecimento aos clientes, reuni\u00f5es de lideran\u00e7a fora do local de trabalho, jantares de fim de ano da equipa ou festas de Natal do escrit\u00f3rio, festas de despedida, revela\u00e7\u00f5es de produtos, lan\u00e7amentos para a imprensa, marcos do departamento e coquet\u00e9is de networking.<\/li>\n<li><strong>Eventos pessoais:<\/strong> reuni\u00f5es familiares, anivers\u00e1rios importantes, festas de noivado, celebra\u00e7\u00f5es de formatura, ch\u00e1s de beb\u00ea e jantares de aposentadoria.<\/li>\n<\/ul>\n\t\t\t\t\t\t<\/div>\n\t\t\t\t\t\t\t\t\t\t\t<\/div>\n\t\t\t\t<\/div>\n\t\t\t<\/div>\n\t\t<\/div>\n\t<\/div>\n\t<div class=\"t3icta__bottom bg-beige\">\n\t\t<div class=\"container-fluid\" style=\"--bs-gutter-x: 0\">\n\t\t\t<div class=\"row\" style=\"--bs-gutter-x: 0\">\n\t\t\t\t<div class=\"col-lg-5 offset-lg-1\">\n\t\t\t\t\t<div class=\"t3icta__bottom__left\">\n\t\t\t\t\t\t\t\t\t\t\t\t<img decoding=\"async\" src=\"https:\/\/www.myallmeeting.com\/wp-content\/uploads\/2025\/11\/Image-2-haute-basse-39.png\" class=\"w-100 d-lg-none\" width=\"633\" height=\"398\" alt=\"\" loading=\"lazy\" \/> <!-- Ce sont les 2 m\u00eames images : ID 0 -->\n\t\t\t\t\t\t\t\t\t\t\t\t<div class=\"px-2 py-9 px-lg-0 py-lg-0\">\n\t\t\t\t\t\t\t\t\n\t\t\t\t\t\t\t<h2 class=\"fs-20 fs-lg-23 fs-xl-27 fs-xxl-30 fw-semibold\">Escolha do local \u2013 o que \u00e9 mais importante?<\/h2>\n\t\t\t\t\t\t\t\t\t\t\t\t\t\t\t\n\t\t\t\t\t\t\t<div class=\"fs-wysiwyg mb-lg-15\">\n\t\t\t\t\t\t\t\t<p>A escolha depende, obviamente, do tipo de celebra\u00e7\u00e3o que est\u00e1 a planear, mas os elementos-chave a considerar s\u00e3o o n\u00famero de convidados, o or\u00e7amento, o ambiente que pretende criar e os objetivos do evento.<\/p>\n<p>Tamb\u00e9m depende da experi\u00eancia que pretende criar. Eventos pequenos criam intimidade, onde pode falar com todos na sala e construir conex\u00f5es pessoais duradouras. Eventos grandes proporcionam energia e espet\u00e1culo, deixando os convidados com a emo\u00e7\u00e3o partilhada de fazer parte de algo maior. Em \u00faltima an\u00e1lise, \u00e9 o objetivo por tr\u00e1s do seu evento e a atmosfera que deseja que os seus convidados sintam que ir\u00e3o guiar a escolha certa.<\/p>\n\t\t\t\t\t\t\t<\/div>\n\t\t\t\t\t\t\t\t\t\t\t\t\t<\/div>\n\t\t\t\t\t\t\t\t\t\t\t\t<div class=\"t3icta__bottom__img1 d-none d-lg-block text-end ms-lg-auto\">\n\t\t\t\t\t\t\t<img decoding=\"async\" src=\"https:\/\/www.myallmeeting.com\/wp-content\/uploads\/2025\/11\/Image-2-haute-basse-39.png\" width=\"633\" height=\"398\" alt=\"\" loading=\"lazy\" \/> <!-- Ce sont les 2 m\u00eames images : ID 1 -->\n\t\t\t\t\t\t<\/div>\n\t\t\t\t\t\t\t\t\t\t\t<\/div>\n\t\t\t\t<\/div>\n\t\t\t\t<div class=\"col-lg-5\">\n\t\t\t\t\t<div class=\"ps-lg-10\">\n\t\t\t\t\t\t\t\t\t\t\t\t<img decoding=\"async\" src=\"https:\/\/www.myallmeeting.com\/wp-content\/uploads\/2025\/11\/Image-2-haute-basse-38.png\" class=\"t3icta__bottom__img0 position-relative d-none d-lg-block mb-15\" width=\"633\" height=\"398\" alt=\"\" loading=\"lazy\" \/> <!-- Ce sont les 2 m\u00eames images : ID 0 -->\n\t\t\t\t\t\t\t\t\t\t\t\t<div class=\"px-2 px-lg-0 mb-9\">\n\t\t\t\t\t\t\t\t\n\t\t\t\t\t\t\t<h2 class=\"fs-20 fs-lg-23 fs-xl-27 fs-xxl-30 fw-semibold\">Para celebra\u00e7\u00f5es mais pequenas:<\/h2>\n\t\t\t\t\t\t\t\t\t\t\t\t\t\t\t\t\t\t\t\t\t<div class=\"fs-wysiwyg\">\n\t\t\t\t\t\t\t\t<p>Em Berlim, o <strong>Mercure Hotel MOA Berlin<\/strong> mostra como uma celebra\u00e7\u00e3o mais pequena ainda pode ser impressionante. As suas salas de reuni\u00f5es flex\u00edveis e espa\u00e7os de refei\u00e7\u00f5es acolhedores funcionam na perfei\u00e7\u00e3o para jantares \u00edntimos, pequenos workshops ou reuni\u00f5es familiares, com a agita\u00e7\u00e3o da capital alem\u00e3 mesmo \u00e0 porta para os convidados explorarem.<\/p>\n<p>Em Munique, o <strong>Pullman Munich<\/strong> oferece espa\u00e7os flex\u00edveis para eventos que se adaptam a grupos menores ou maiores e \u00e9 ideal para jantares de equipa, workshops fora do local ou celebra\u00e7\u00f5es de marcos importantes. O estilo descontra\u00eddo, mas moderno, do hotel mant\u00e9m o foco onde deve estar: nos seus convidados. Localizado a poucos passos do Jardim Ingl\u00eas, os marcos culturais de Munique, os jardins de cerveja e a vida dos caf\u00e9s podem ser desfrutados com facilidade.<\/p>\n\t\t\t\t\t\t\t<\/div>\n\t\t\t\t\t\t\t\t\t\t\t\t\t<\/div>\n\t\t\t\t\t\t\t\t\t\t\t\t<div class=\"t3icta__bottom__img1 d-lg-none mx-auto\">\n\t\t\t\t\t\t\t<img decoding=\"async\" src=\"https:\/\/www.myallmeeting.com\/wp-content\/uploads\/2025\/11\/Image-2-haute-basse-38.png\" width=\"633\" height=\"398\" alt=\"\" loading=\"lazy\" \/> <!-- Ce sont les 2 m\u00eames images : ID 1 -->\n\t\t\t\t\t\t<\/div>\n\t\t\t\t\t\t\t\t\t\t\t<\/div>\n\t\t\t\t<\/div>\n\t\t\t<\/div>\n\t\t<\/div>\n\t<\/div>\n\t<\/div>\n<!-- END OF : Composant : block-periscope-theme-section-composant-26-textes-slider-cta.php -->\n\n\n<!-- START OF : Composant : block-periscope-theme-section-composant-34-texte-image-slider.php -->\n<!-- INVERSE -->\n<div class=\"text-image-slider fs-wysiwyg mb-8 mb-lg-12\" data-component=\"34-texte-image-slider\" data-reverse=\"oui\">\n<div class=\"container-fluid\" style=\"--bs-gutter-x: 0\">\n\t\t<div class=\"row\" style=\"--bs-gutter-x: 0\">\n\t\t\t<div class=\"col-lg-6\">\n\t\t\t\t<div class=\"text-image-slider__content mb-7 mb-lg-0\">\n\t\t\t\t\t\t\t\t\t\t\t\t\t\t\t<div class=\"fs-wysiwyg\">\n\t\t\t\t\t\t<p>Em Madrid, o <strong>ibis Styles Madrid City Las Ventas<\/strong> traz um toque animado, pois os seus interiores coloridos e piscina na cobertura tornam-no uma escolha divertida para anivers\u00e1rios, celebra\u00e7\u00f5es de equipa ou eventos informais de networking que precisam de personalidade em vez de pompa. A localiza\u00e7\u00e3o privilegiada do hotel coloca os h\u00f3spedes bem no cora\u00e7\u00e3o da capital espanhola.<\/p>\n<p>E em Zurique, o <strong>Novotel Zurich Airport Messe<\/strong> combina conectividade com personalidade.\u00a0 As salas de reuni\u00f5es e os espa\u00e7os de restaura\u00e7\u00e3o s\u00e3o perfeitos para jantares de diretoria ou reuni\u00f5es privadas, com a vantagem adicional de estarem pr\u00f3ximos do aeroporto e do centro hist\u00f3rico de Zurique para aqueles que desejam aproveitar a cidade antes ou depois do evento.<\/p>\n\t\t\t\t\t<\/div>\n\t\t\t\t\t\t\t\t\t<\/div>\n\t\t\t\t\t\t\t<\/div>        \n\t\t\t<div class=\"col-lg-6 order-first order-lg-last\">\n\t\t\t\t<div class=\"text-image-slider__slider mb-7 mb-lg-12\">\n\t\t\t\t\t\t\t\t\t\t<div class=\"splide\">\n\t\t\t\t\t\t<div class=\"splide__track\">\n\t\t\t\t\t\t\t<div class=\"splide__list\">\n\t\t\t\t\t\t\t\t\t\t\t\t\t\t\t\t<div class=\"splide__slide\">\n\t\t\t\t\t\t\t\t\t<img decoding=\"async\" src=\"https:\/\/www.myallmeeting.com\/wp-content\/uploads\/2025\/11\/Image-slider-2025-11-20T145841.150.png\" width=\"953\" height=\"600\" alt=\"\" loading=\"lazy\">\n\t\t\t\t\t\t\t\t<\/div>\n\t\t\t\t\t\t\t\t\t\t\t\t\t\t\t\t\t\t\t\t\t\t\t\t\t<div class=\"splide__slide\">\n\t\t\t\t\t\t\t\t\t<img decoding=\"async\" src=\"https:\/\/www.myallmeeting.com\/wp-content\/uploads\/2025\/11\/Image-slider-2025-11-20T145853.281.png\" width=\"953\" height=\"600\" alt=\"\" loading=\"lazy\">\n\t\t\t\t\t\t\t\t<\/div>\n\t\t\t\t\t\t\t\t\t\t\t\t\t\t\t\t\t\t\t\t\t\t\t\t\t<div class=\"splide__slide\">\n\t\t\t\t\t\t\t\t\t<img decoding=\"async\" src=\"https:\/\/www.myallmeeting.com\/wp-content\/uploads\/2025\/11\/Image-slider-2025-11-20T145908.358.png\" width=\"953\" height=\"600\" alt=\"\" loading=\"lazy\">\n\t\t\t\t\t\t\t\t<\/div>\n\t\t\t\t\t\t\t\t\t\t\t\t\t\t\t\t\t\t\t\t\t\t\t\t\t<div class=\"splide__slide\">\n\t\t\t\t\t\t\t\t\t<img decoding=\"async\" src=\"https:\/\/www.myallmeeting.com\/wp-content\/uploads\/2025\/11\/Image-slider-2025-11-20T145920.786.png\" width=\"953\" height=\"600\" alt=\"\" loading=\"lazy\">\n\t\t\t\t\t\t\t\t<\/div>\n\t\t\t\t\t\t\t\t\t\t\t\t\t\t\t\t\t\t\t\t\t\t\t\t\t<div class=\"splide__slide\">\n\t\t\t\t\t\t\t\t\t<img decoding=\"async\" src=\"https:\/\/www.myallmeeting.com\/wp-content\/uploads\/2025\/11\/Image-slider-2025-11-20T145933.469.png\" width=\"953\" height=\"600\" alt=\"\" loading=\"lazy\">\n\t\t\t\t\t\t\t\t<\/div>\n\t\t\t\t\t\t\t\t\t\t\t\t\t\t\t\t\t\t\t\t\t\t\t\t<\/div>\n\t\t\t\t\t\t<\/div>\n\t\t\t\t\t\t<div class=\"splide__arrows d-none d-lg-block\">\n\t\t\t\t\t\t\t<button class=\"splide__arrow splide__arrow--prev px-lg-3 py-lg-4 px-xl-4 py-xl-5 px-xxl-5 py-xxl-7 position-absolute l-0 bg-white border-0\">\n\t\t\t\t\t\t\t\t<svg width=\"14\" height=\"27\" aria-hidden=\"true\">\n\t\t\t\t\t\t\t\t\t<use xlink:href=\"https:\/\/www.myallmeeting.com\/wp-content\/themes\/accor\/assets\/images\/sprite.svg#slider-prev\"><\/use>\n\t\t\t\t\t\t\t\t<\/svg>\n\t\t\t\t\t\t\t<\/button>\n\t\t\t\t\t\t\t<button class=\"splide__arrow splide__arrow--next px-lg-3 py-lg-4 px-xl-4 py-xl-5 px-xxl-5 py-xxl-7 position-absolute r-0 bg-white border-0\">\n\t\t\t\t\t\t\t\t<svg width=\"14\" height=\"27\" aria-hidden=\"true\">\n\t\t\t\t\t\t\t\t\t<use xlink:href=\"https:\/\/www.myallmeeting.com\/wp-content\/themes\/accor\/assets\/images\/sprite.svg#slider-prev\"><\/use>\n\t\t\t\t\t\t\t\t<\/svg>\n\t\t\t\t\t\t\t<\/button>\n\t\t\t\t\t\t<\/div>\n\t\t\t\t\t<\/div>\n\t\t\t\t\t\t\t\t\t<\/div>\n\t\t\t\t\t\t\t\t<\/div>\n\t\t<\/div>\n\t<\/div>\n<\/div>\n<!-- END OF : Composant : block-periscope-theme-section-composant-34-texte-image-slider.php -->\n\n\n<!-- START OF : Composant : block-periscope-theme-section-composant-26-textes-slider-cta.php -->\n<div class=\"t3icta bg-white pb-12 mb-9 fs-wysiwyg\" data-component=\"26-textes-3-images-cta\">\n\t<div class=\"t3icta__top position-relative\">\n\t\t<div class=\"container-fluid\" style=\"--bs-gutter-x: 0\">\n\t\t\t<div class=\"row\" style=\"--bs-gutter-x: 0\">\n\t\t\t\t\t\t\t\t<div class=\"col-lg-6\">\n\t\t\t\t\t<div class=\"t3icta__slider\">\n\t\t\t\t\t\t<div class=\"splide\">\n\t\t\t\t\t\t\t<div class=\"splide__track\">\n\t\t\t\t\t\t\t\t<div class=\"splide__list\">\n\t\t\t\t\t\t\t\t\t\t\t\t\t\t\t\t\t\t\t<div class=\"splide__slide\">\n\t\t\t\t\t\t\t\t\t\t\t<img decoding=\"async\" src=\"https:\/\/www.myallmeeting.com\/wp-content\/uploads\/2025\/11\/Image-slider-2025-11-20T150546.281.png\" width=\"953\" height=\"600\" alt=\"\" loading=\"lazy\" \/>\n\t\t\t\t\t\t\t\t\t\t<\/div>\n\t\t\t\t\t\t\t\t\t\t\t\t\t\t\t\t\t\t\t<div class=\"splide__slide\">\n\t\t\t\t\t\t\t\t\t\t\t<img decoding=\"async\" src=\"https:\/\/www.myallmeeting.com\/wp-content\/uploads\/2025\/11\/Image-slider-2025-11-20T150551.115.png\" width=\"953\" height=\"600\" alt=\"\" loading=\"lazy\" \/>\n\t\t\t\t\t\t\t\t\t\t<\/div>\n\t\t\t\t\t\t\t\t\t\t\t\t\t\t\t\t\t\t\t<div class=\"splide__slide\">\n\t\t\t\t\t\t\t\t\t\t\t<img decoding=\"async\" src=\"https:\/\/www.myallmeeting.com\/wp-content\/uploads\/2025\/11\/Image-slider-2025-11-20T150613.389.png\" width=\"953\" height=\"600\" alt=\"\" loading=\"lazy\" \/>\n\t\t\t\t\t\t\t\t\t\t<\/div>\n\t\t\t\t\t\t\t\t\t\t\t\t\t\t\t\t\t\t\t<div class=\"splide__slide\">\n\t\t\t\t\t\t\t\t\t\t\t<img decoding=\"async\" src=\"https:\/\/www.myallmeeting.com\/wp-content\/uploads\/2025\/11\/Image-slider-2025-11-20T150622.365-1.png\" width=\"953\" height=\"600\" alt=\"\" loading=\"lazy\" \/>\n\t\t\t\t\t\t\t\t\t\t<\/div>\n\t\t\t\t\t\t\t\t\t\t\t\t\t\t\t\t\t\t\t<div class=\"splide__slide\">\n\t\t\t\t\t\t\t\t\t\t\t<img decoding=\"async\" src=\"https:\/\/www.myallmeeting.com\/wp-content\/uploads\/2025\/11\/Image-slider-2025-11-20T150627.223.png\" width=\"953\" height=\"600\" alt=\"\" loading=\"lazy\" \/>\n\t\t\t\t\t\t\t\t\t\t<\/div>\n\t\t\t\t\t\t\t\t\t\t\t\t\t\t\t\t\t\n\t\t\t\t\t\t\t\t<\/div>\n\t\t\t\t\t\t\t<\/div>\n\t\t\t\t\t\t\t<div class=\"splide__arrows d-none d-lg-block\">\n\t\t\t\t\t\t\t\t<button class=\"splide__arrow splide__arrow--prev px-lg-3 py-lg-4 px-xl-4 py-xl-5 px-xxl-5 py-xxl-7 position-absolute l-0 bg-white border-0\">\n\t\t\t\t\t\t\t\t\t<svg width=\"14\" height=\"27\" aria-hidden=\"true\">\n\t\t\t\t\t\t\t\t\t\t<use xlink:href=\"https:\/\/www.myallmeeting.com\/wp-content\/themes\/accor\/assets\/images\/sprite.svg#slider-prev\"><\/use>\n\t\t\t\t\t\t\t\t\t<\/svg>\n\t\t\t\t\t\t\t\t<\/button>\n\t\t\t\t\t\t\t\t<button class=\"splide__arrow splide__arrow--next px-lg-3 py-lg-4 px-xl-4 py-xl-5 px-xxl-5 py-xxl-7 position-absolute r-0 bg-white border-0\">\n\t\t\t\t\t\t\t\t\t<svg width=\"14\" height=\"27\" aria-hidden=\"true\">\n\t\t\t\t\t\t\t\t\t\t<use xlink:href=\"https:\/\/www.myallmeeting.com\/wp-content\/themes\/accor\/assets\/images\/sprite.svg#slider-prev\"><\/use>\n\t\t\t\t\t\t\t\t\t<\/svg>\n\t\t\t\t\t\t\t\t<\/button>\n\t\t\t\t\t\t\t<\/div>\n\t\t\t\t\t\t<\/div>\n\t\t\t\t\t<\/div>\n\t\t\t\t<\/div>\n\t\t\t\t\t\t\t\t<div class=\"col-lg-6\">\n\t\t\t\t\t<div class=\"t3icta__top_right mb-lg-14 px-2 py-9 px-lg-11 py-lg-0\">\n\t\t\t\t\t\t\t\n\t\t\t\t\t\t<h2 class=\"fs-20 fs-lg-23 fs-xl-27 fs-xxl-30 fw-semibold\">Para celebra\u00e7\u00f5es maiores:<\/h2>\n\t\t\t\t\t\t\t\t\t\t\t\t\t\n\t\t\t\t\t\t<div class=\"fs-wysiwyg\">\n\t\t\t\t\t\t\t<p>Em Paris, o<strong> Pullman Paris Montparnasse<\/strong> \u00e9 um hotel emblem\u00e1tico para grandes eventos &#8211; e por um bom motivo. Com tr\u00eas andares inteiros dedicados a espa\u00e7os para eventos, o hotel oferece espa\u00e7os amplos e flex\u00edveis, adequados para confer\u00eancias, lan\u00e7amentos de produtos e jantares de gala. Instala\u00e7\u00f5es de alta tecnologia, designs modernos e o Skybar na cobertura com vista para a cidade s\u00e3o apenas algumas das caracter\u00edsticas do hotel, que sem d\u00favida adicionam uma variedade de op\u00e7\u00f5es para eventos que impressionam, tudo no vibrante cora\u00e7\u00e3o de Paris.<\/p>\n<p>Em Bord\u00e9us, o <strong>Mercure Bordeaux Ch\u00e2teau Chartrons<\/strong> oferece um ambiente vers\u00e1til para reuni\u00f5es de todos os tamanhos. As suas 11 salas de reuni\u00f5es com ilumina\u00e7\u00e3o natural e o \u00e1trio espa\u00e7oso podem receber desde sess\u00f5es estrat\u00e9gicas a jantares comemorativos. Entre as reuni\u00f5es, os h\u00f3spedes podem relaxar no jardim, desfrutar da cozinha local sob o telhado de vidro ou experimentar o simulador de voo A320 do hotel \u2013 uma experi\u00eancia memor\u00e1vel para a equipa no cora\u00e7\u00e3o do bairro de Chartrons.<\/p>\n\t\t\t\t\t\t<\/div>\n\t\t\t\t\t\t\t\t\t\t\t<\/div>\n\t\t\t\t<\/div>\n\t\t\t<\/div>\n\t\t<\/div>\n\t<\/div>\n\t<div class=\"t3icta__bottom bg-beige\">\n\t\t<div class=\"container-fluid\" style=\"--bs-gutter-x: 0\">\n\t\t\t<div class=\"row\" style=\"--bs-gutter-x: 0\">\n\t\t\t\t<div class=\"col-lg-5 offset-lg-1\">\n\t\t\t\t\t<div class=\"t3icta__bottom__left\">\n\t\t\t\t\t\t\t\t\t\t\t\t<img decoding=\"async\" src=\"https:\/\/www.myallmeeting.com\/wp-content\/uploads\/2025\/11\/Image-2-haute-basse-40.png\" class=\"w-100 d-lg-none\" width=\"633\" height=\"398\" alt=\"\" loading=\"lazy\" \/> <!-- Ce sont les 2 m\u00eames images : ID 0 -->\n\t\t\t\t\t\t\t\t\t\t\t\t<div class=\"px-2 py-9 px-lg-0 py-lg-0\">\n\t\t\t\t\t\t\t\t\t\t\t\t\t\t\t\n\t\t\t\t\t\t\t<div class=\"fs-wysiwyg mb-lg-15\">\n\t\t\t\t\t\t\t\t<p>No M\u00f3naco, o <strong>Fairmont Monte Carlo<\/strong> adiciona o glamour da Riviera a todas as ocasi\u00f5es. Com vista para o Mediterr\u00e2neo e a poucos passos do Casino, oferece espa\u00e7os refinados para reuni\u00f5es, jantares e celebra\u00e7\u00f5es, incluindo o Grand Salon \u2013 um sal\u00e3o de baile com 1447 m\u00b2 que pode receber at\u00e9 1500 convidados ou mesmo lan\u00e7amentos de autom\u00f3veis em grande escala. Os h\u00f3spedes podem relaxar na piscina da cobertura, deliciar-se no Nobu Monte Carlo ou recarregar as energias no spa para um momento de calma entre os eventos.<span><br \/>\n<\/span><\/p>\n<p>E em Amesterd\u00e3o, o <strong>Sofitel Legend The Grand Amsterdam<\/strong> d\u00e1 vida \u00e0 hist\u00f3ria. Outrora uma resid\u00eancia real, agora recebe grandes casamentos, recep\u00e7\u00f5es diplom\u00e1ticas e noites de gala nos seus elegantes sal\u00f5es, situados entre os tranquilos canais no cora\u00e7\u00e3o da cidade.<\/p>\n\t\t\t\t\t\t\t<\/div>\n\t\t\t\t\t\t\t\t\t\t\t\t\t<\/div>\n\t\t\t\t\t\t\t\t\t\t\t\t<div class=\"t3icta__bottom__img1 d-none d-lg-block text-end ms-lg-auto\">\n\t\t\t\t\t\t\t<img decoding=\"async\" src=\"https:\/\/www.myallmeeting.com\/wp-content\/uploads\/2025\/11\/Image-2-haute-basse-40.png\" width=\"633\" height=\"398\" alt=\"\" loading=\"lazy\" \/> <!-- Ce sont les 2 m\u00eames images : ID 1 -->\n\t\t\t\t\t\t<\/div>\n\t\t\t\t\t\t\t\t\t\t\t<\/div>\n\t\t\t\t<\/div>\n\t\t\t\t<div class=\"col-lg-5\">\n\t\t\t\t\t<div class=\"ps-lg-10\">\n\t\t\t\t\t\t\t\t\t\t\t\t<img decoding=\"async\" src=\"https:\/\/www.myallmeeting.com\/wp-content\/uploads\/2025\/11\/Image-2-haute-basse-41.png\" class=\"t3icta__bottom__img0 position-relative d-none d-lg-block mb-15\" width=\"633\" height=\"398\" alt=\"\" loading=\"lazy\" \/> <!-- Ce sont les 2 m\u00eames images : ID 0 -->\n\t\t\t\t\t\t\t\t\t\t\t\t<div class=\"px-2 px-lg-0 mb-9\">\n\t\t\t\t\t\t\t\t\n\t\t\t\t\t\t\t<h2 class=\"fs-20 fs-lg-23 fs-xl-27 fs-xxl-30 fw-semibold\">Dicas para planear qualquer celebra\u00e7\u00e3o<\/h2>\n\t\t\t\t\t\t\t\t\t\t\t\t\t\t\t\t\t\t\t\t\t<div class=\"fs-wysiwyg\">\n\t\t\t\t\t\t\t\t<p>Quer receba 20 ou 200 convidados, os elementos essenciais para um grande evento permanecem os mesmos:<\/p>\n<ul>\n<li><strong>Combine o local com o ambiente.<\/strong> Salas de reuni\u00f5es cheias de luz natural podem ser acolhedoras, inspiradoras e pessoais, enquanto sal\u00f5es de baile reluzentes criam um efeito deslumbrante. Dedicar algum tempo a combinar o local com o objetivo do seu evento ajuda a definir o tom certo desde o momento em que os convidados chegam.<\/li>\n<li><strong>Mantenha-se em contacto pr\u00f3ximo com a equipa do hotel.<\/strong> Isso garante que tudo o que \u00e9 necess\u00e1rio para o seu evento corra bem, desde o apoio audiovisual at\u00e9 ao design floral. A experi\u00eancia deles muitas vezes desperta ideias que talvez nem tenha considerado.<\/li>\n<\/ul>\n<p>&nbsp;<\/p>\n\t\t\t\t\t\t\t<\/div>\n\t\t\t\t\t\t\t\t\t\t\t\t\t<\/div>\n\t\t\t\t\t\t\t\t\t\t\t\t<div class=\"t3icta__bottom__img1 d-lg-none mx-auto\">\n\t\t\t\t\t\t\t<img decoding=\"async\" src=\"https:\/\/www.myallmeeting.com\/wp-content\/uploads\/2025\/11\/Image-2-haute-basse-41.png\" width=\"633\" height=\"398\" alt=\"\" loading=\"lazy\" \/> <!-- Ce sont les 2 m\u00eames images : ID 1 -->\n\t\t\t\t\t\t<\/div>\n\t\t\t\t\t\t\t\t\t\t\t<\/div>\n\t\t\t\t<\/div>\n\t\t\t<\/div>\n\t\t<\/div>\n\t<\/div>\n\t<\/div>\n<!-- END OF : Composant : block-periscope-theme-section-composant-26-textes-slider-cta.php -->\n\n\n<!-- START OF : Composant : block-periscope-theme-section-composant-31-bloc-image-cta.php -->\n\t<div class=\"icta position-relative fs-wysiwyg icta--reverse\" data-component=\"31-bloc-image-cta\" data-reverse=\"oui\">\n\t\t<div class=\"container-fluid\">\n\t\t\t<div class=\"row\">\n\t\t\t\t<div class=\"col-lg-5 offset-lg-1 d-lg-flex\"> \n\t\t\t\t\t<div class=\"icta__content position-relative bg-white pt-2 pb-2 px-2 pb-lg-0 pt-lg-7 pt-xl-9 px-lg-7 px-xl-10 mt-lg-9 z-1\">\n\t\t\t\t\t\t\t\t\t\t\t\t\t\t\t\t\t\t\t\t\t\t\t\t\t<div class=\"fs-lg-15 fs-xl-18 lh-sm \"><ul>\n<li><strong>Torne a comida parte da mem\u00f3ria. <\/strong>Um menu repleto de sabores locais e sazonais ou um banquete luxuoso e completo podem transformar a hora da refei\u00e7\u00e3o num dos pontos altos do evento. Uma apresenta\u00e7\u00e3o cuidadosa ou uma hist\u00f3ria por tr\u00e1s da comida adicionam outra camada de requinte e prazer a qualquer evento.<\/li>\n<li><strong>D\u00ea prioridade \u00e0 tecnologia e ao conforto.<\/strong> Os convidados sentem a diferen\u00e7a quando coisas aparentemente \u00f3bvias, como Wi-Fi, som e assentos, simplesmente funcionam. Prestar aten\u00e7\u00e3o a estes elementos essenciais permite que todos se concentrem totalmente na celebra\u00e7\u00e3o, sem que nada atrapalhe a experi\u00eancia que planeou.<\/li>\n<li><strong>Considere a sustentabilidade.<\/strong> Muitos dos nossos hot\u00e9is t\u00eam certifica\u00e7\u00f5es ecol\u00f3gicas, como a \u00abGreen Key\u00bb, com foco na energia, \u00e1gua e impacto na comunidade. Desde iniciativas de redu\u00e7\u00e3o do desperd\u00edcio alimentar a menus \u00e0 base de plantas e ingredientes de origem local, procuramos sempre integrar pr\u00e1ticas respons\u00e1veis.<\/li>\n<\/ul>\n<\/div>\n\t\t\t\t\t\t\t\t\t\t\t\t\t\t\t\t\t<\/div>\n\t\t\t\t<\/div>\n\t\t\t\t\t\t\t\t<div class=\"col-lg-5 order-first order-lg-last\">\n\t\t\t\t\t<div class=\"icta__top__img h-100 position-relative me-2 me-lg-0\">\n\t\t\t\t\t\t<img decoding=\"async\" src=\"https:\/\/www.myallmeeting.com\/wp-content\/uploads\/2025\/11\/Image-seule-14-932x645.png\" alt=\"\" width=\"932\" height=\"562\" loading=\"lazy\" \/>\n\t\t\t\t\t\t<div class=\"position-absolute text-white z-1 text-center t-0 l-0 w-100 pt-4 pt-lg-8\">\n\t\t\t\t\t\t\t\t\t\t\t\t\t\t\t\t\t\t<\/div>\n\t\t\t\t\t<\/div>\n\t\t\t\t<\/div>\n\t\t\t\t\t\t\t<\/div>\n\t\t<\/div>\n\t<\/div>\n<!-- END OF : Composant : block-periscope-theme-section-composant-31-bloc-image-cta.php -->\n\n\n<div class=\"container fs-wysiwyg mb-5\">\n<h2 class=\"wp-block-heading has-text-align-center\">A sua celebra\u00e7\u00e3o, a nossa experi\u00eancia<\/h2>\n<\/div>\n\n<div class=\"container fs-wysiwyg mb-5\">\n<p class=\"has-text-align-center\">As nossas equipas de eventos da Accor est\u00e3o aqui para ajudar a encontrar a melhor escolha de local para a sua celebra\u00e7\u00e3o. Ouvimos, traduzimos ideias em possibilidades e orientamo-lo para o espa\u00e7o certo para o seu evento. Sabemos que o sucesso na organiza\u00e7\u00e3o de eventos vem da combina\u00e7\u00e3o da ideia e da personalidade da celebra\u00e7\u00e3o com um local que a eleve, transformando a ocasi\u00e3o em algo inesquec\u00edvel.<\/p>\n<\/div>\n\n<div class=\"container fs-wysiwyg mb-5\">\n<p><br>Quer se trate de um pequeno jantar executivo em Londres, uma festa de anivers\u00e1rio em Madrid ou um lan\u00e7amento de produto em Marraquexe, o nosso portf\u00f3lio oferece espa\u00e7os que parecem feitos \u00e0 medida para a ocasi\u00e3o. Grande ou pequeno, cada evento \u00e9 tratado com o mesmo cuidado, criatividade e profissionalismo.<\/p>\n<\/div>\n\n<div class=\"container fs-wysiwyg mb-5\">\n<p class=\"has-text-align-center\">Explore o <strong>MyALLMeeting<\/strong> e encontre o hotel, a equipa e a experi\u00eancia que dar\u00e3o vida \u00e0 sua pr\u00f3xima celebra\u00e7\u00e3o, criando n\u00e3o apenas um evento, mas uma experi\u00eancia que os seus convidados ir\u00e3o recordar.<\/p>\n<\/div>","protected":false},"excerpt":{"rendered":"<p>As celebra\u00e7\u00f5es s\u00e3o marcos que honram as nossas jornadas pessoais e profissionais. <\/p>\n","protected":false},"featured_media":29873204,"menu_order":0,"template":"","periscope_categorie_tax":[],"class_list":["post-29947858","article","type-article","status-publish","has-post-thumbnail","hentry"],"acf":[],"yoast_head":"<title>De reuni\u00f5es \u00edntimas a grandes celebra\u00e7\u00f5es \u2013 encontre o local perfeito - Accor MyAllMeeting.com<\/title>\n<meta name=\"description\" content=\"As celebra\u00e7\u00f5es s\u00e3o marcos que honram as nossas jornadas pessoais e profissionais. Elas lembram-nos de fazer uma pausa, refletir e regozijar-nos.\" \/>\n<meta name=\"robots\" content=\"index, follow, max-snippet:-1, max-image-preview:large, max-video-preview:-1\" \/>\n<link rel=\"canonical\" href=\"https:\/\/www.myallmeeting.com\/pt-pt\/wp-json\/wp\/v2\/article\/29947858\" \/>\n<meta property=\"og:locale\" content=\"pt_PT\" \/>\n<meta property=\"og:type\" content=\"article\" \/>\n<meta property=\"og:title\" content=\"De reuni\u00f5es \u00edntimas a grandes celebra\u00e7\u00f5es \u2013 encontre o local perfeito - Accor MyAllMeeting.com\" \/>\n<meta property=\"og:description\" content=\"As celebra\u00e7\u00f5es s\u00e3o marcos que honram as nossas jornadas pessoais e profissionais. Elas lembram-nos de fazer uma pausa, refletir e regozijar-nos.\" \/>\n<meta property=\"og:url\" content=\"https:\/\/www.myallmeeting.com\/pt-pt\/article\/de-reunioes-intimas-a-grandes-celebracoes-encontre-o-local-perfeito\/\" \/>\n<meta property=\"og:site_name\" content=\"Accor MyAllMeeting.com\" \/>\n<meta property=\"article:modified_time\" content=\"2025-12-10T10:01:49+00:00\" \/>\n<meta property=\"og:image\" content=\"http:\/\/myallmeeting.com\/wp-content\/uploads\/2025\/11\/Image-banniere-19.png\" \/>\n\t<meta property=\"og:image:width\" content=\"1920\" \/>\n\t<meta property=\"og:image:height\" content=\"570\" \/>\n\t<meta property=\"og:image:type\" content=\"image\/png\" \/>\n<meta name=\"twitter:card\" content=\"summary_large_image\" \/>\n<meta name=\"twitter:label1\" content=\"Est. reading time\" \/>\n\t<meta name=\"twitter:data1\" content=\"13 minutes\" \/>\n<script type=\"application\/ld+json\" class=\"yoast-schema-graph\">{\"@context\":\"https:\/\/schema.org\",\"@graph\":[{\"@type\":\"WebPage\",\"@id\":\"https:\/\/www.myallmeeting.com\/pt-pt\/article\/de-reunioes-intimas-a-grandes-celebracoes-encontre-o-local-perfeito\/\",\"url\":\"https:\/\/www.myallmeeting.com\/pt-pt\/article\/de-reunioes-intimas-a-grandes-celebracoes-encontre-o-local-perfeito\/\",\"name\":\"De reuni\u00f5es \u00edntimas a grandes celebra\u00e7\u00f5es \u2013 encontre o local perfeito - Accor MyAllMeeting.com\",\"isPartOf\":{\"@id\":\"https:\/\/www.myallmeeting.com\/pt-pt\/#website\"},\"primaryImageOfPage\":{\"@id\":\"https:\/\/www.myallmeeting.com\/pt-pt\/article\/de-reunioes-intimas-a-grandes-celebracoes-encontre-o-local-perfeito\/#primaryimage\"},\"image\":{\"@id\":\"https:\/\/www.myallmeeting.com\/pt-pt\/article\/de-reunioes-intimas-a-grandes-celebracoes-encontre-o-local-perfeito\/#primaryimage\"},\"thumbnailUrl\":\"https:\/\/www.myallmeeting.com\/wp-content\/uploads\/2025\/11\/Image-banniere-19.png\",\"datePublished\":\"2025-11-25T09:15:17+00:00\",\"dateModified\":\"2025-12-10T10:01:49+00:00\",\"description\":\"As celebra\u00e7\u00f5es s\u00e3o marcos que honram as nossas jornadas pessoais e profissionais. Elas lembram-nos de fazer uma pausa, refletir e regozijar-nos.\",\"breadcrumb\":{\"@id\":\"https:\/\/www.myallmeeting.com\/pt-pt\/article\/de-reunioes-intimas-a-grandes-celebracoes-encontre-o-local-perfeito\/#breadcrumb\"},\"inLanguage\":\"pt-PT\",\"potentialAction\":[{\"@type\":\"ReadAction\",\"target\":[\"https:\/\/www.myallmeeting.com\/pt-pt\/article\/de-reunioes-intimas-a-grandes-celebracoes-encontre-o-local-perfeito\/\"]}]},{\"@type\":\"ImageObject\",\"inLanguage\":\"pt-PT\",\"@id\":\"https:\/\/www.myallmeeting.com\/pt-pt\/article\/de-reunioes-intimas-a-grandes-celebracoes-encontre-o-local-perfeito\/#primaryimage\",\"url\":\"https:\/\/www.myallmeeting.com\/wp-content\/uploads\/2025\/11\/Image-banniere-19.png\",\"contentUrl\":\"https:\/\/www.myallmeeting.com\/wp-content\/uploads\/2025\/11\/Image-banniere-19.png\",\"width\":1920,\"height\":570,\"caption\":\"Salle d'\u00e9v\u00e9nements\"},{\"@type\":\"BreadcrumbList\",\"@id\":\"https:\/\/www.myallmeeting.com\/pt-pt\/article\/de-reunioes-intimas-a-grandes-celebracoes-encontre-o-local-perfeito\/#breadcrumb\",\"itemListElement\":[{\"@type\":\"ListItem\",\"position\":1,\"name\":\"P\u00e1gina inicial\",\"item\":\"https:\/\/myallmeeting.com\/pt-pt\/\"},{\"@type\":\"ListItem\",\"position\":2,\"name\":\"Not\u00edcias\",\"item\":\"https:\/\/www.myallmeeting.com\/pt-pt\/noticias\/\"},{\"@type\":\"ListItem\",\"position\":3,\"name\":\"De reuni\u00f5es \u00edntimas a grandes celebra\u00e7\u00f5es \u2013 encontre o local perfeito\"}]},{\"@type\":\"WebSite\",\"@id\":\"https:\/\/www.myallmeeting.com\/pt-pt\/#website\",\"url\":\"https:\/\/www.myallmeeting.com\/pt-pt\/\",\"name\":\"Accor MyAllMeeting.com\",\"description\":\"Les Meilleurs lieux pour vos Ev\u00e9nements Professionnels\",\"publisher\":{\"@id\":\"https:\/\/www.myallmeeting.com\/pt-pt\/#organization\"},\"potentialAction\":[{\"@type\":\"SearchAction\",\"target\":{\"@type\":\"EntryPoint\",\"urlTemplate\":\"https:\/\/www.myallmeeting.com\/pt-pt\/?s={search_term_string}\"},\"query-input\":{\"@type\":\"PropertyValueSpecification\",\"valueRequired\":true,\"valueName\":\"search_term_string\"}}],\"inLanguage\":\"pt-PT\"},{\"@type\":\"Organization\",\"@id\":\"https:\/\/www.myallmeeting.com\/pt-pt\/#organization\",\"name\":\"ACCOR\",\"url\":\"https:\/\/www.myallmeeting.com\/pt-pt\/\",\"logo\":{\"@type\":\"ImageObject\",\"inLanguage\":\"pt-PT\",\"@id\":\"https:\/\/www.myallmeeting.com\/pt-pt\/#\/schema\/logo\/image\/\",\"url\":\"\",\"contentUrl\":\"\",\"caption\":\"ACCOR\"},\"image\":{\"@id\":\"https:\/\/www.myallmeeting.com\/pt-pt\/#\/schema\/logo\/image\/\"}}]}<\/script>","yoast_head_json":{"title":"De reuni\u00f5es \u00edntimas a grandes celebra\u00e7\u00f5es \u2013 encontre o local perfeito - Accor MyAllMeeting.com","description":"As celebra\u00e7\u00f5es s\u00e3o marcos que honram as nossas jornadas pessoais e profissionais. Elas lembram-nos de fazer uma pausa, refletir e regozijar-nos.","robots":{"index":"index","follow":"follow","max-snippet":"max-snippet:-1","max-image-preview":"max-image-preview:large","max-video-preview":"max-video-preview:-1"},"canonical":"https:\/\/www.myallmeeting.com\/pt-pt\/wp-json\/wp\/v2\/article\/29947858","og_locale":"pt_PT","og_type":"article","og_title":"De reuni\u00f5es \u00edntimas a grandes celebra\u00e7\u00f5es \u2013 encontre o local perfeito - Accor MyAllMeeting.com","og_description":"As celebra\u00e7\u00f5es s\u00e3o marcos que honram as nossas jornadas pessoais e profissionais. Elas lembram-nos de fazer uma pausa, refletir e regozijar-nos.","og_url":"https:\/\/www.myallmeeting.com\/pt-pt\/article\/de-reunioes-intimas-a-grandes-celebracoes-encontre-o-local-perfeito\/","og_site_name":"Accor MyAllMeeting.com","article_modified_time":"2025-12-10T10:01:49+00:00","og_image":[{"width":1920,"height":570,"url":"http:\/\/myallmeeting.com\/wp-content\/uploads\/2025\/11\/Image-banniere-19.png","type":"image\/png"}],"twitter_card":"summary_large_image","twitter_misc":{"Est. reading time":"13 minutes"},"schema":{"@context":"https:\/\/schema.org","@graph":[{"@type":"WebPage","@id":"https:\/\/www.myallmeeting.com\/pt-pt\/article\/de-reunioes-intimas-a-grandes-celebracoes-encontre-o-local-perfeito\/","url":"https:\/\/www.myallmeeting.com\/pt-pt\/article\/de-reunioes-intimas-a-grandes-celebracoes-encontre-o-local-perfeito\/","name":"De reuni\u00f5es \u00edntimas a grandes celebra\u00e7\u00f5es \u2013 encontre o local perfeito - Accor MyAllMeeting.com","isPartOf":{"@id":"https:\/\/www.myallmeeting.com\/pt-pt\/#website"},"primaryImageOfPage":{"@id":"https:\/\/www.myallmeeting.com\/pt-pt\/article\/de-reunioes-intimas-a-grandes-celebracoes-encontre-o-local-perfeito\/#primaryimage"},"image":{"@id":"https:\/\/www.myallmeeting.com\/pt-pt\/article\/de-reunioes-intimas-a-grandes-celebracoes-encontre-o-local-perfeito\/#primaryimage"},"thumbnailUrl":"https:\/\/www.myallmeeting.com\/wp-content\/uploads\/2025\/11\/Image-banniere-19.png","datePublished":"2025-11-25T09:15:17+00:00","dateModified":"2025-12-10T10:01:49+00:00","description":"As celebra\u00e7\u00f5es s\u00e3o marcos que honram as nossas jornadas pessoais e profissionais. Elas lembram-nos de fazer uma pausa, refletir e regozijar-nos.","breadcrumb":{"@id":"https:\/\/www.myallmeeting.com\/pt-pt\/article\/de-reunioes-intimas-a-grandes-celebracoes-encontre-o-local-perfeito\/#breadcrumb"},"inLanguage":"pt-PT","potentialAction":[{"@type":"ReadAction","target":["https:\/\/www.myallmeeting.com\/pt-pt\/article\/de-reunioes-intimas-a-grandes-celebracoes-encontre-o-local-perfeito\/"]}]},{"@type":"ImageObject","inLanguage":"pt-PT","@id":"https:\/\/www.myallmeeting.com\/pt-pt\/article\/de-reunioes-intimas-a-grandes-celebracoes-encontre-o-local-perfeito\/#primaryimage","url":"https:\/\/www.myallmeeting.com\/wp-content\/uploads\/2025\/11\/Image-banniere-19.png","contentUrl":"https:\/\/www.myallmeeting.com\/wp-content\/uploads\/2025\/11\/Image-banniere-19.png","width":1920,"height":570,"caption":"Salle d'\u00e9v\u00e9nements"},{"@type":"BreadcrumbList","@id":"https:\/\/www.myallmeeting.com\/pt-pt\/article\/de-reunioes-intimas-a-grandes-celebracoes-encontre-o-local-perfeito\/#breadcrumb","itemListElement":[{"@type":"ListItem","position":1,"name":"P\u00e1gina inicial","item":"https:\/\/myallmeeting.com\/pt-pt\/"},{"@type":"ListItem","position":2,"name":"Not\u00edcias","item":"https:\/\/www.myallmeeting.com\/pt-pt\/noticias\/"},{"@type":"ListItem","position":3,"name":"De reuni\u00f5es \u00edntimas a grandes celebra\u00e7\u00f5es \u2013 encontre o local perfeito"}]},{"@type":"WebSite","@id":"https:\/\/www.myallmeeting.com\/pt-pt\/#website","url":"https:\/\/www.myallmeeting.com\/pt-pt\/","name":"Accor MyAllMeeting.com","description":"Les Meilleurs lieux pour vos Ev\u00e9nements Professionnels","publisher":{"@id":"https:\/\/www.myallmeeting.com\/pt-pt\/#organization"},"potentialAction":[{"@type":"SearchAction","target":{"@type":"EntryPoint","urlTemplate":"https:\/\/www.myallmeeting.com\/pt-pt\/?s={search_term_string}"},"query-input":{"@type":"PropertyValueSpecification","valueRequired":true,"valueName":"search_term_string"}}],"inLanguage":"pt-PT"},{"@type":"Organization","@id":"https:\/\/www.myallmeeting.com\/pt-pt\/#organization","name":"ACCOR","url":"https:\/\/www.myallmeeting.com\/pt-pt\/","logo":{"@type":"ImageObject","inLanguage":"pt-PT","@id":"https:\/\/www.myallmeeting.com\/pt-pt\/#\/schema\/logo\/image\/","url":"","contentUrl":"","caption":"ACCOR"},"image":{"@id":"https:\/\/www.myallmeeting.com\/pt-pt\/#\/schema\/logo\/image\/"}}]}},"_links":{"self":[{"href":"https:\/\/www.myallmeeting.com\/pt-pt\/wp-json\/wp\/v2\/article\/29947858","targetHints":{"allow":["GET"]}}],"collection":[{"href":"https:\/\/www.myallmeeting.com\/pt-pt\/wp-json\/wp\/v2\/article"}],"about":[{"href":"https:\/\/www.myallmeeting.com\/pt-pt\/wp-json\/wp\/v2\/types\/article"}],"wp:featuredmedia":[{"embeddable":true,"href":"https:\/\/www.myallmeeting.com\/pt-pt\/wp-json\/wp\/v2\/media\/29873204"}],"wp:attachment":[{"href":"https:\/\/www.myallmeeting.com\/pt-pt\/wp-json\/wp\/v2\/media?parent=29947858"}],"wp:term":[{"taxonomy":"periscope_categorie_tax","embeddable":true,"href":"https:\/\/www.myallmeeting.com\/pt-pt\/wp-json\/wp\/v2\/periscope_categorie_tax?post=29947858"}],"curies":[{"name":"wp","href":"https:\/\/api.w.org\/{rel}","templated":true}]}}