{"id":18645357,"date":"2025-03-21T12:48:23","date_gmt":"2025-03-21T11:48:23","guid":{"rendered":"https:\/\/myallmeeting.com\/?post_type=article&#038;p=18645357"},"modified":"2025-03-21T17:25:13","modified_gmt":"2025-03-21T16:25:13","slug":"novotel-ou-swissotel-entre-a-modernidade-e-o-requinte-que-estilo-deve-escolher-para-os-seus-eventos-b2b","status":"publish","type":"article","link":"https:\/\/www.myallmeeting.com\/pt-pt\/article\/novotel-ou-swissotel-entre-a-modernidade-e-o-requinte-que-estilo-deve-escolher-para-os-seus-eventos-b2b\/","title":{"rendered":"Novotel ou Swiss\u00f4tel? Entre a modernidade e o requinte, que estilo deve escolher para os seus eventos B2B?"},"content":{"rendered":"<!-- START OF : Composant : block-periscope-theme-section-composant-25-texte-cta-2-images.php -->\n<div class=\"tcta2ia bg-white fs-wysiwyg mb-lg-12\" data-component=\"25-texte-cta-2-images\">\n\t<div class=\"tcta2ia__top\">\n\t\t<div class=\"container-fluid\" style=\"--bs-gutter-x: 0\">\n\t\t\t<div class=\"row\" style=\"--bs-gutter-x: 0\">\n\t\t\t\t<div class=\"col-lg-8\">\n\t\t\t\t\t\t\t\t\t\t<div class=\"bloc-mise-en-avant__top__left\">\n\t\t\t\t\t\t<img decoding=\"async\" src=\"https:\/\/www.myallmeeting.com\/wp-content\/uploads\/2025\/01\/novotel6-1-1268x846.jpeg\" class=\"pe-2 pe-lg-0\" width=\"1268\" height=\"846\" alt=\"Salle de r\u00e9union avec lumi\u00e8re naturelle\" loading=\"lazy\" \/>\n\t\t\t\t\t<\/div>\n\t\t\t\t\t\t\t\t\t\t<div class=\"tcta2ia__bottom d-none d-lg-block pb-12 pt-lg-9 pb-lg-0 pe-lg-10\">\n\t\t\t\t\t\t\t\t\t\t\t\t<h2 class=\"fs-20 fs-lg-32 fw-semibold\">No NOVOTEL, a experi\u00eancia B2B abre-lhe as portas.<\/h2>\n\t\t\t\t\t\t\t\t\t\t\t\t\t\t\t\t\t\t<div class=\"fs-wysiwyg\"><p>O tempo dos seus colaboradores \u00e9 precioso! \u00c9 por isso que no Novotel privilegiamos o conforto e uma oferta de reuni\u00f5es de neg\u00f3cios adaptada \u00e0s suas necessidades. Pe\u00e7a-nos a lua, os nossos Business Ambassadors est\u00e3o aqui para o ajudar a alcan\u00e7ar as estrelas. Equipas dedicadas para garantir o sucesso das suas reuni\u00f5es de neg\u00f3cios. Smart meetings* (*reuni\u00f5es conectadas), equipamentos de \u00faltima gera\u00e7\u00e3o, no Novotel tem a garantia de acesso ao <strong>melhor ambiente de neg\u00f3cios<\/strong>. Se est\u00e1 \u00e0 procura de sess\u00f5es de trabalho produtivas para dar um impulso aos seus colaboradores, veio ao s\u00edtio certo.<\/p>\n<\/div>\n\t\t\t\t\t\t\t\t\t\t\t\t<div class=\"d-flex flex-column flex-lg-row align-items-center gap-5 gap-lg-8 justify-content-between\">\n\t\t\t\t\t\t\t<div class=\"fs-20 fs-lg-26 fw-semibold lh-xs\"><\/div>\n\t\t\t\t\t\t\t\t\t\t\t\t\t<\/div>\n\t\t\t\t\t<\/div>\n\t\t\t\t<\/div>\n\t\t\t\t<div class=\"col-lg-4\">\n\t\t\t\t\t<div class=\"tcta2ia__top__right t-0 r-0 bg-primary text-white pt-4 pb-4 px-2 pt-lg-8 pb-lg-16 px-lg-11 pb-xl-30\">\n\t\t\t\t\t\t\t\t\t\t\t\t\t\t\t\t\t\t<h2 class=\"unna fs-36 fs-lg-51 fs-xl-75 fs-italic fw-normal text-secondary\">Novotel ou Swiss\u00f4tel? Entre a modernidade e o requinte, que estilo deve escolher para os seus eventos B2B? <\/h2>\n\t\t\t\t\t\t\t\t\t\t\t\t\t\t\t\t\t\t<h3 class=\"text-white fs-18 fs-lg-20 fs-xl-28 text-original-case\">Quer procure um ambiente moderno e acolhedor ou uma eleg\u00e2ncia intemporal, as marcas Novotel e Swiss\u00f4tel s\u00e3o refer\u00eancias incontorn\u00e1veis para os seus eventos B2B. <\/h3>\n\t\t\t\t\t\t\t\t\t\t\t\t\t\t\t\t\t\t<div class=\"fs-wysiwyg mb-4 fs-lg-16 fs-xl-20\"><p>No <strong>ALL &#8211; Accor Live Limitless<\/strong>, fazemos tudo o que est\u00e1 ao nosso alcance para organizar reuni\u00f5es de neg\u00f3cios e semin\u00e1rios \u00e0 medida. Deixe-nos gui\u00e1-lo entre as nossas duas marcas de gama m\u00e9dia ou premium, para oferecer aos seus colaboradores, clientes ou parceiros uma experi\u00eancia de hospitalidade B2B \u00fanica e personalizada.<\/p>\n<\/div>\n\t\t\t\t\t\t\t\t\t\t\t\t\t\t\t\t\t\t\t\t\t\t\t\t<p class=\"m-0\"><img decoding=\"async\" src=\"https:\/\/www.myallmeeting.com\/wp-content\/uploads\/2025\/01\/aja_p_6951-98__3by2-633x398.jpeg\" class=\"position-relative l-0\" width=\"633\" height=\"398\" alt=\"Salle de r\u00e9union avec lumi\u00e8re naturelle\" loading=\"lazy\" \/><\/p>\n\t\t\t\t\t\t\t\t\t\t\t<\/div>\n\t\t\t\t<\/div>\n\t\t\t<\/div>\n\t\t<\/div>\n\t<\/div>\n\t<div class=\"tcta2ia__bottom d-lg-none pb-12 py-lg-9 pe-lg-10\">\n\t\t\t\t<div class=\"h2 fs-20 fs-lg-32 fw-semibold\">No NOVOTEL, a experi\u00eancia B2B abre-lhe as portas.<\/div>\n\t\t\t\t\t\t<div class=\"fs-wysiwyg\"><p>O tempo dos seus colaboradores \u00e9 precioso! \u00c9 por isso que no Novotel privilegiamos o conforto e uma oferta de reuni\u00f5es de neg\u00f3cios adaptada \u00e0s suas necessidades. Pe\u00e7a-nos a lua, os nossos Business Ambassadors est\u00e3o aqui para o ajudar a alcan\u00e7ar as estrelas. Equipas dedicadas para garantir o sucesso das suas reuni\u00f5es de neg\u00f3cios. Smart meetings* (*reuni\u00f5es conectadas), equipamentos de \u00faltima gera\u00e7\u00e3o, no Novotel tem a garantia de acesso ao <strong>melhor ambiente de neg\u00f3cios<\/strong>. Se est\u00e1 \u00e0 procura de sess\u00f5es de trabalho produtivas para dar um impulso aos seus colaboradores, veio ao s\u00edtio certo.<\/p>\n<\/div>\n\t\t\t\t<div class=\"d-flex flex-column flex-lg-row align-items-center gap-5 gap-lg-8 justify-content-between\">\n\t\t\t<div class=\"fs-20 fs-lg-26 fw-semibold lh-xs\"><\/div>\n\t\t\t\t\t<\/div>\n\t<\/div>\n<\/div>\n<!-- END OF : Composant : block-periscope-theme-section-composant-25-texte-cta-2-images.php -->\n\n\n<!-- START OF : Composant : block-periscope-theme-section-composant-26-textes-slider-cta.php -->\n<div class=\"t3icta bg-white pb-12 mb-9 fs-wysiwyg\" data-component=\"26-textes-3-images-cta\">\n\t<div class=\"t3icta__top position-relative\">\n\t\t<div class=\"container-fluid\" style=\"--bs-gutter-x: 0\">\n\t\t\t<div class=\"row\" style=\"--bs-gutter-x: 0\">\n\t\t\t\t\t\t\t\t<div class=\"col-lg-6\">\n\t\t\t\t\t<div class=\"t3icta__slider\">\n\t\t\t\t\t\t<div class=\"splide\">\n\t\t\t\t\t\t\t<div class=\"splide__track\">\n\t\t\t\t\t\t\t\t<div class=\"splide__list\">\n\t\t\t\t\t\t\t\t\t\t\t\t\t\t\t\t\t\t\t<div class=\"splide__slide\">\n\t\t\t\t\t\t\t\t\t\t\t<img decoding=\"async\" src=\"https:\/\/www.myallmeeting.com\/wp-content\/uploads\/2025\/01\/aja_p_6753-29__original-953x600.jpeg\" width=\"953\" height=\"600\" alt=\"Salle de r\u00e9union novotel\" loading=\"lazy\" \/>\n\t\t\t\t\t\t\t\t\t\t<\/div>\n\t\t\t\t\t\t\t\t\t\t\t\t\t\t\t\t\t\n\t\t\t\t\t\t\t\t<\/div>\n\t\t\t\t\t\t\t<\/div>\n\t\t\t\t\t\t\t<div class=\"splide__arrows d-none d-lg-block\">\n\t\t\t\t\t\t\t\t<button class=\"splide__arrow splide__arrow--prev px-lg-3 py-lg-4 px-xl-4 py-xl-5 px-xxl-5 py-xxl-7 position-absolute l-0 bg-white border-0\">\n\t\t\t\t\t\t\t\t\t<svg width=\"14\" height=\"27\" aria-hidden=\"true\">\n\t\t\t\t\t\t\t\t\t\t<use xlink:href=\"https:\/\/www.myallmeeting.com\/wp-content\/themes\/accor\/assets\/images\/sprite.svg#slider-prev\"><\/use>\n\t\t\t\t\t\t\t\t\t<\/svg>\n\t\t\t\t\t\t\t\t<\/button>\n\t\t\t\t\t\t\t\t<button class=\"splide__arrow splide__arrow--next px-lg-3 py-lg-4 px-xl-4 py-xl-5 px-xxl-5 py-xxl-7 position-absolute r-0 bg-white border-0\">\n\t\t\t\t\t\t\t\t\t<svg width=\"14\" height=\"27\" aria-hidden=\"true\">\n\t\t\t\t\t\t\t\t\t\t<use xlink:href=\"https:\/\/www.myallmeeting.com\/wp-content\/themes\/accor\/assets\/images\/sprite.svg#slider-prev\"><\/use>\n\t\t\t\t\t\t\t\t\t<\/svg>\n\t\t\t\t\t\t\t\t<\/button>\n\t\t\t\t\t\t\t<\/div>\n\t\t\t\t\t\t<\/div>\n\t\t\t\t\t<\/div>\n\t\t\t\t<\/div>\n\t\t\t\t\t\t\t\t<div class=\"col-lg-6\">\n\t\t\t\t\t<div class=\"t3icta__top_right mb-lg-14 px-2 py-9 px-lg-11 py-lg-0\">\n\t\t\t\t\t\t\t\n\t\t\t\t\t\t<h2 class=\"fs-20 fs-lg-23 fs-xl-27 fs-xxl-30 fw-semibold\">As vantagens do NOVOTEL<\/h2>\n\t\t\t\t\t\t\t\t\t\t\t\t\t\n\t\t\t\t\t\t<div class=\"fs-wysiwyg\">\n\t\t\t\t\t\t\t<p><strong>Os nossos hot\u00e9is e instala\u00e7\u00f5es<\/strong><\/p>\n<ul>\n<li><strong>Localiza\u00e7\u00e3o estrat\u00e9gica: <\/strong>centro da cidade, perto de esta\u00e7\u00f5es de comboios e aeroportos.<\/li>\n<li><strong>Salas de reuni\u00e3o modulares: <\/strong>espa\u00e7os adaptados a partir de 50 m\u00b2.<\/li>\n<li><strong>Tecnologia avan\u00e7ada: <\/strong>ecr\u00e3s LCD, projetores e sistemas \u00e1udio de alta qualidade.<\/li>\n<\/ul>\n\t\t\t\t\t\t<\/div>\n\t\t\t\t\t\t\t\t\t\t\t<\/div>\n\t\t\t\t<\/div>\n\t\t\t<\/div>\n\t\t<\/div>\n\t<\/div>\n\t<div class=\"t3icta__bottom bg-beige\">\n\t\t<div class=\"container-fluid\" style=\"--bs-gutter-x: 0\">\n\t\t\t<div class=\"row\" style=\"--bs-gutter-x: 0\">\n\t\t\t\t<div class=\"col-lg-5 offset-lg-1\">\n\t\t\t\t\t<div class=\"t3icta__bottom__left\">\n\t\t\t\t\t\t\t\t\t\t\t\t<img decoding=\"async\" src=\"https:\/\/www.myallmeeting.com\/wp-content\/uploads\/2025\/01\/novotel2-633x398.jpeg\" class=\"w-100 d-lg-none\" width=\"633\" height=\"398\" alt=\"\" loading=\"lazy\" \/> <!-- Ce sont les 2 m\u00eames images : ID 0 -->\n\t\t\t\t\t\t\t\t\t\t\t\t<div class=\"px-2 py-9 px-lg-0 py-lg-0\">\n\t\t\t\t\t\t\t\t\n\t\t\t\t\t\t\t<h2 class=\"fs-20 fs-lg-23 fs-xl-27 fs-xxl-30 fw-semibold\">Os nossos servi\u00e7os<\/h2>\n\t\t\t\t\t\t\t\t\t\t\t\t\t\t\t\n\t\t\t\t\t\t\t<div class=\"fs-wysiwyg mb-lg-15\">\n\t\t\t\t\t\t\t\t<ul>\n<li><strong>Servi\u00e7o de catering \u00e0 medida<\/strong>: pratos para partilhar ou menus completos.<\/li>\n<li><strong>Compromisso eco-respons\u00e1vel<\/strong>: redu\u00e7\u00e3o de pl\u00e1sticos, cart\u00f5es feitos de papel reciclado<\/li>\n<li><strong>Oferta de relaxamento<\/strong>: pontos de encontro sociais, aplica\u00e7\u00e3o Calm para relaxar antes das suas reuni\u00f5es.<\/li>\n<\/ul>\n\t\t\t\t\t\t\t<\/div>\n\t\t\t\t\t\t\t\t\t\t\t\t\t<\/div>\n\t\t\t\t\t\t\t\t\t\t\t\t<div class=\"t3icta__bottom__img1 d-none d-lg-block text-end ms-lg-auto\">\n\t\t\t\t\t\t\t<img decoding=\"async\" src=\"https:\/\/www.myallmeeting.com\/wp-content\/uploads\/2025\/01\/novotel2-633x398.jpeg\" width=\"633\" height=\"398\" alt=\"\" loading=\"lazy\" \/> <!-- Ce sont les 2 m\u00eames images : ID 1 -->\n\t\t\t\t\t\t<\/div>\n\t\t\t\t\t\t\t\t\t\t\t<\/div>\n\t\t\t\t<\/div>\n\t\t\t\t<div class=\"col-lg-5\">\n\t\t\t\t\t<div class=\"ps-lg-10\">\n\t\t\t\t\t\t\t\t\t\t\t\t<img decoding=\"async\" src=\"https:\/\/www.myallmeeting.com\/wp-content\/uploads\/2025\/01\/novotel1-633x398.jpeg\" class=\"t3icta__bottom__img0 position-relative d-none d-lg-block mb-15\" width=\"633\" height=\"398\" alt=\"\" loading=\"lazy\" \/> <!-- Ce sont les 2 m\u00eames images : ID 0 -->\n\t\t\t\t\t\t\t\t\t\t\t\t<div class=\"px-2 px-lg-0 mb-9\">\n\t\t\t\t\t\t\t\t\n\t\t\t\t\t\t\t<h2 class=\"fs-20 fs-lg-23 fs-xl-27 fs-xxl-30 fw-semibold\">Algo que n\u00e3o encontrar\u00e1 em mais lado nenhum:<\/h2>\n\t\t\t\t\t\t\t\t\t\t\t\t\t\t\t\t\t\t\t\t\t<div class=\"fs-wysiwyg\">\n\t\t\t\t\t\t\t\t<ul>\n<li><strong>Os Business Ambassadors Novotel<\/strong> tratam de tudo, at\u00e9 dos mais pequenos pormenores. Um servi\u00e7o personalizado tudo-em-um que o mant\u00e9m concentrado no que mais importa: o sucesso e a produtividade da sua reuni\u00e3o de neg\u00f3cios. \u00b7<\/li>\n<li><strong>A nossa presen\u00e7a: <\/strong>538 hot\u00e9is com salas de reuni\u00f5es em todo o mundo.<\/li>\n<\/ul>\n\t\t\t\t\t\t\t<\/div>\n\t\t\t\t\t\t\t\t\t\t\t\t\t<\/div>\n\t\t\t\t\t\t\t\t\t\t\t\t<div class=\"t3icta__bottom__img1 d-lg-none mx-auto\">\n\t\t\t\t\t\t\t<img decoding=\"async\" src=\"https:\/\/www.myallmeeting.com\/wp-content\/uploads\/2025\/01\/novotel1-633x398.jpeg\" width=\"633\" height=\"398\" alt=\"\" loading=\"lazy\" \/> <!-- Ce sont les 2 m\u00eames images : ID 1 -->\n\t\t\t\t\t\t<\/div>\n\t\t\t\t\t\t\t\t\t\t\t<\/div>\n\t\t\t\t<\/div>\n\t\t\t<\/div>\n\t\t<\/div>\n\t<\/div>\n\t<\/div>\n<!-- END OF : Composant : block-periscope-theme-section-composant-26-textes-slider-cta.php -->\n\n\n<!-- START OF : Composant : block-periscope-theme-section-composant-26-textes-slider-cta.php -->\n<div class=\"t3icta bg-white pb-12 mb-9 fs-wysiwyg\" data-component=\"26-textes-3-images-cta\">\n\t<div class=\"t3icta__top position-relative\">\n\t\t<div class=\"container-fluid\" style=\"--bs-gutter-x: 0\">\n\t\t\t<div class=\"row\" style=\"--bs-gutter-x: 0\">\n\t\t\t\t\t\t\t\t<div class=\"col-lg-6\">\n\t\t\t\t\t<div class=\"t3icta__slider\">\n\t\t\t\t\t\t<div class=\"splide\">\n\t\t\t\t\t\t\t<div class=\"splide__track\">\n\t\t\t\t\t\t\t\t<div class=\"splide__list\">\n\t\t\t\t\t\t\t\t\t\t\t\t\t\t\t\t\t\t\t<div class=\"splide__slide\">\n\t\t\t\t\t\t\t\t\t\t\t<img decoding=\"async\" src=\"https:\/\/www.myallmeeting.com\/wp-content\/uploads\/2025\/01\/eiffel1-953x600.jpeg\" width=\"953\" height=\"600\" alt=\"\" loading=\"lazy\" \/>\n\t\t\t\t\t\t\t\t\t\t<\/div>\n\t\t\t\t\t\t\t\t\t\t\t\t\t\t\t\t\t\n\t\t\t\t\t\t\t\t<\/div>\n\t\t\t\t\t\t\t<\/div>\n\t\t\t\t\t\t\t<div class=\"splide__arrows d-none d-lg-block\">\n\t\t\t\t\t\t\t\t<button class=\"splide__arrow splide__arrow--prev px-lg-3 py-lg-4 px-xl-4 py-xl-5 px-xxl-5 py-xxl-7 position-absolute l-0 bg-white border-0\">\n\t\t\t\t\t\t\t\t\t<svg width=\"14\" height=\"27\" aria-hidden=\"true\">\n\t\t\t\t\t\t\t\t\t\t<use xlink:href=\"https:\/\/www.myallmeeting.com\/wp-content\/themes\/accor\/assets\/images\/sprite.svg#slider-prev\"><\/use>\n\t\t\t\t\t\t\t\t\t<\/svg>\n\t\t\t\t\t\t\t\t<\/button>\n\t\t\t\t\t\t\t\t<button class=\"splide__arrow splide__arrow--next px-lg-3 py-lg-4 px-xl-4 py-xl-5 px-xxl-5 py-xxl-7 position-absolute r-0 bg-white border-0\">\n\t\t\t\t\t\t\t\t\t<svg width=\"14\" height=\"27\" aria-hidden=\"true\">\n\t\t\t\t\t\t\t\t\t\t<use xlink:href=\"https:\/\/www.myallmeeting.com\/wp-content\/themes\/accor\/assets\/images\/sprite.svg#slider-prev\"><\/use>\n\t\t\t\t\t\t\t\t\t<\/svg>\n\t\t\t\t\t\t\t\t<\/button>\n\t\t\t\t\t\t\t<\/div>\n\t\t\t\t\t\t<\/div>\n\t\t\t\t\t<\/div>\n\t\t\t\t<\/div>\n\t\t\t\t\t\t\t\t<div class=\"col-lg-6\">\n\t\t\t\t\t<div class=\"t3icta__top_right mb-lg-14 px-2 py-9 px-lg-11 py-lg-0\">\n\t\t\t\t\t\t\t\n\t\t\t\t\t\t<h2 class=\"fs-20 fs-lg-23 fs-xl-27 fs-xxl-30 fw-semibold\">Descubra a nossa loja de refer\u00eancia no cora\u00e7\u00e3o de PARIS: Novotel Paris Tour Eiffel<\/h2>\n\t\t\t\t\t\t\t\t\t\t\t\t\t\n\t\t\t\t\t\t<div class=\"fs-wysiwyg\">\n\t\t\t\t\t\t\t<p>Perto da Torre Eiffel e no cora\u00e7\u00e3o do din\u00e2mico bairro de Beaugrenelle, o <a href=\"https:\/\/myallmeeting.com\/pt-pt\/hotel\/3546-novotel-paris-centre-tour-eiffel\/\" target=\"_blank\" rel=\"noopener\">Novotel Paris Centre Tour Eiffel<\/a> beneficia de uma localiza\u00e7\u00e3o estrat\u00e9gica em frente ao Sena. Ideal para os seus eventos profissionais e estadias de neg\u00f3cios em Paris:<\/p>\n\t\t\t\t\t\t<\/div>\n\t\t\t\t\t\t\t\t\t\t\t<\/div>\n\t\t\t\t<\/div>\n\t\t\t<\/div>\n\t\t<\/div>\n\t<\/div>\n\t<div class=\"t3icta__bottom bg-beige\">\n\t\t<div class=\"container-fluid\" style=\"--bs-gutter-x: 0\">\n\t\t\t<div class=\"row\" style=\"--bs-gutter-x: 0\">\n\t\t\t\t<div class=\"col-lg-5 offset-lg-1\">\n\t\t\t\t\t<div class=\"t3icta__bottom__left\">\n\t\t\t\t\t\t\t\t\t\t\t\t<img decoding=\"async\" src=\"https:\/\/www.myallmeeting.com\/wp-content\/uploads\/2025\/01\/eiffel3-633x398.jpeg\" class=\"w-100 d-lg-none\" width=\"633\" height=\"398\" alt=\"\" loading=\"lazy\" \/> <!-- Ce sont les 2 m\u00eames images : ID 0 -->\n\t\t\t\t\t\t\t\t\t\t\t\t<div class=\"px-2 py-9 px-lg-0 py-lg-0\">\n\t\t\t\t\t\t\t\t\t\t\t\t\t\t\t\n\t\t\t\t\t\t\t<div class=\"fs-wysiwyg mb-lg-15\">\n\t\t\t\t\t\t\t\t<ul>\n<li><strong>Infraestruturas concebidas para as suas reuni\u00f5es de neg\u00f3cios, conven\u00e7\u00f5es ou semin\u00e1rios.<\/strong><\/li>\n<\/ul>\n<p>Com os seus espa\u00e7os totalmente flex\u00edveis e um anfiteatro que pode acolher at\u00e9 600 participantes, o <strong>Novotel Paris Tour Eiffel <\/strong>\u00e9 perfeito para receber os seus colaboradores, clientes ou parceiros num ambiente estimulante e prestigiante.<\/p>\n<ul>\n<li><strong>Um ambiente que combina relaxamento e desempenho<\/strong><\/li>\n<\/ul>\n<p>Ofere\u00e7a \u00e0s suas equipas um ambiente de trabalho \u00fanico gra\u00e7as a espa\u00e7os luminosos e modernos, mas tamb\u00e9m momentos de bem-estar: um centro de fitness com vista para o Sena e uma piscina sob um teto de abrir para recarregar baterias ap\u00f3s um dia intenso de trabalho.<\/p>\n<ul>\n<li><strong>Restaura\u00e7\u00e3o e conv\u00edvio<\/strong><\/li>\n<\/ul>\n<p>Surpreenda os seus convidados com uma experi\u00eancia culin\u00e1ria no Benkay, o nosso restaurante de gastronomia japonesa, onde os chefes preparam as suas cria\u00e7\u00f5es diante dos seus olhos no Teppan Yaki.<\/p>\n<ul>\n<li><strong>Acessibilidade \u00f3tima<\/strong><\/li>\n<\/ul>\n<p>O hotel \u00e9 de f\u00e1cil acesso, quer de carro, gra\u00e7as ao nosso parque de estacionamento coberto no local (pago), quer de transportes p\u00fablicos: metro Charles Michel (linha 10), metro Bir Hakeim (linha 6) ou RER C Gare de Javel.<\/p>\n\t\t\t\t\t\t\t<\/div>\n\t\t\t\t\t\t\t\t\t\t\t\t\t<\/div>\n\t\t\t\t\t\t\t\t\t\t\t\t<div class=\"t3icta__bottom__img1 d-none d-lg-block text-end ms-lg-auto\">\n\t\t\t\t\t\t\t<img decoding=\"async\" src=\"https:\/\/www.myallmeeting.com\/wp-content\/uploads\/2025\/01\/eiffel3-633x398.jpeg\" width=\"633\" height=\"398\" alt=\"\" loading=\"lazy\" \/> <!-- Ce sont les 2 m\u00eames images : ID 1 -->\n\t\t\t\t\t\t<\/div>\n\t\t\t\t\t\t\t\t\t\t\t<\/div>\n\t\t\t\t<\/div>\n\t\t\t\t<div class=\"col-lg-5\">\n\t\t\t\t\t<div class=\"ps-lg-10\">\n\t\t\t\t\t\t\t\t\t\t\t\t<img decoding=\"async\" src=\"https:\/\/www.myallmeeting.com\/wp-content\/uploads\/2025\/01\/eiffel2-633x398.jpeg\" class=\"t3icta__bottom__img0 position-relative d-none d-lg-block mb-15\" width=\"633\" height=\"398\" alt=\"\" loading=\"lazy\" \/> <!-- Ce sont les 2 m\u00eames images : ID 0 -->\n\t\t\t\t\t\t\t\t\t\t\t\t<div class=\"px-2 px-lg-0 mb-9\">\n\t\t\t\t\t\t\t\t\n\t\t\t\t\t\t\t<h2 class=\"fs-20 fs-lg-23 fs-xl-27 fs-xxl-30 fw-semibold\">Vantagens B2B do Novotel Paris Tour Eiffel<\/h2>\n\t\t\t\t\t\t\t\t\t\t\t\t\t\t\t\t\t\t\t\t\t<div class=\"fs-wysiwyg\">\n\t\t\t\t\t\t\t\t<ul>\n<li><strong>Centro de confer\u00eancias<\/strong>: 3000 m\u00b2 para todos os tipos de eventos, de 10 a 600 participantes.<\/li>\n<li><strong>Anfiteatro<\/strong>: 600 m\u00b2 para apresenta\u00e7\u00f5es de grande dimens\u00e3o.<\/li>\n<li><strong>Vista sobre o Sena<\/strong>: espa\u00e7os de refei\u00e7\u00e3o agrad\u00e1veis e inspiradores.<\/li>\n<li><strong>Reuni\u00f5es h\u00edbridas<\/strong>: acesso \u00e0 solu\u00e7\u00e3o ALL CONNECT para uma conectividade ideal.<\/li>\n<\/ul>\n\t\t\t\t\t\t\t<\/div>\n\t\t\t\t\t\t\t\t\t\t\t\t\t<\/div>\n\t\t\t\t\t\t\t\t\t\t\t\t<div class=\"t3icta__bottom__img1 d-lg-none mx-auto\">\n\t\t\t\t\t\t\t<img decoding=\"async\" src=\"https:\/\/www.myallmeeting.com\/wp-content\/uploads\/2025\/01\/eiffel2-633x398.jpeg\" width=\"633\" height=\"398\" alt=\"\" loading=\"lazy\" \/> <!-- Ce sont les 2 m\u00eames images : ID 1 -->\n\t\t\t\t\t\t<\/div>\n\t\t\t\t\t\t\t\t\t\t\t<\/div>\n\t\t\t\t<\/div>\n\t\t\t<\/div>\n\t\t<\/div>\n\t<\/div>\n\t<\/div>\n<!-- END OF : Composant : block-periscope-theme-section-composant-26-textes-slider-cta.php -->\n\n\n<!-- START OF : Composant : block-periscope-theme-section-composant-33-texte-image.php -->\n<!-- INVERSE -->\n<div class=\"text-image fs-wysiwyg mb-8 mb-lg-12\" data-component=\"33-texte-image\" data-reverse=\"oui\">\n\t<div class=\"container-fluid\" style=\"--bs-gutter-x: 0\">\n\t\t<div class=\"row\" style=\"--bs-gutter-x: 0\">\n\t\t\t<div class=\"col-lg-6\">\n\t\t\t\t<div class=\"text-image__content\">\n\t\t\t\t\t\t\t\t\t\t<div class=\"fw-semibold lh-xs fs-20 fs-lg-32 ls--25 mb-5\">Com o Swiss\u00f4tel, os seus eventos B2B atingem novos patamares de eleg\u00e2ncia<\/div>\n\t\t\t\t\t\t\t\t\t\t\t\t\t\t\t<div class=\"fs-wysiwyg\">\n\t\t\t\t\t\t<p>Fiel \u00e0 sua heran\u00e7a su\u00ed\u00e7a, o Swiss\u00f4tel distingue-se pelo seu requinte, aten\u00e7\u00e3o ao bem-estar e sofistica\u00e7\u00e3o centrados na sustentabilidade. Com respeito pela tradi\u00e7\u00e3o, esta marca oferece um ambiente de trabalho moderno inspirado na natureza. Perfeito para experi\u00eancias premium, onde a cultura e as artes ocupam um lugar central.<\/p>\n\t\t\t\t\t<\/div>\n\t\t\t\t\t\t\t\t\t<\/div>\n\t\t\t<\/div>    \n\t\t\t    \n\t\t\t<div class=\"col-lg-6 order-first order-lg-last mb-7 mb-lg-0\">\n\t\t\t\t<img decoding=\"async\" src=\"https:\/\/www.myallmeeting.com\/wp-content\/uploads\/2025\/01\/swissotel1-953x600.jpeg\" width=\"953\" height=\"600\" alt=\"\" loading=\"lazy\" class=\"w-100\" \/>\n\t\t\t<\/div>\n\t\t\t\t\t<\/div>\n\t<\/div>\n<\/div>\n<!-- END OF : Composant : block-periscope-theme-section-composant-33-texte-image.php -->\n\n\n<!-- START OF : Composant : block-periscope-theme-section-composant-26-textes-slider-cta.php -->\n<div class=\"t3icta bg-white pb-12 mb-9 fs-wysiwyg\" data-component=\"26-textes-3-images-cta\">\n\t<div class=\"t3icta__top position-relative\">\n\t\t<div class=\"container-fluid\" style=\"--bs-gutter-x: 0\">\n\t\t\t<div class=\"row\" style=\"--bs-gutter-x: 0\">\n\t\t\t\t\t\t\t\t<div class=\"col-lg-6\">\n\t\t\t\t\t<div class=\"t3icta__slider\">\n\t\t\t\t\t\t<div class=\"splide\">\n\t\t\t\t\t\t\t<div class=\"splide__track\">\n\t\t\t\t\t\t\t\t<div class=\"splide__list\">\n\t\t\t\t\t\t\t\t\t\t\t\t\t\t\t\t\t\t\t<div class=\"splide__slide\">\n\t\t\t\t\t\t\t\t\t\t\t<img decoding=\"async\" src=\"https:\/\/www.myallmeeting.com\/wp-content\/uploads\/2025\/01\/b967_sm_00_p_2048x1536-953x600.jpg\" width=\"953\" height=\"600\" alt=\"\" loading=\"lazy\" \/>\n\t\t\t\t\t\t\t\t\t\t<\/div>\n\t\t\t\t\t\t\t\t\t\t\t\t\t\t\t\t\t\n\t\t\t\t\t\t\t\t<\/div>\n\t\t\t\t\t\t\t<\/div>\n\t\t\t\t\t\t\t<div class=\"splide__arrows d-none d-lg-block\">\n\t\t\t\t\t\t\t\t<button class=\"splide__arrow splide__arrow--prev px-lg-3 py-lg-4 px-xl-4 py-xl-5 px-xxl-5 py-xxl-7 position-absolute l-0 bg-white border-0\">\n\t\t\t\t\t\t\t\t\t<svg width=\"14\" height=\"27\" aria-hidden=\"true\">\n\t\t\t\t\t\t\t\t\t\t<use xlink:href=\"https:\/\/www.myallmeeting.com\/wp-content\/themes\/accor\/assets\/images\/sprite.svg#slider-prev\"><\/use>\n\t\t\t\t\t\t\t\t\t<\/svg>\n\t\t\t\t\t\t\t\t<\/button>\n\t\t\t\t\t\t\t\t<button class=\"splide__arrow splide__arrow--next px-lg-3 py-lg-4 px-xl-4 py-xl-5 px-xxl-5 py-xxl-7 position-absolute r-0 bg-white border-0\">\n\t\t\t\t\t\t\t\t\t<svg width=\"14\" height=\"27\" aria-hidden=\"true\">\n\t\t\t\t\t\t\t\t\t\t<use xlink:href=\"https:\/\/www.myallmeeting.com\/wp-content\/themes\/accor\/assets\/images\/sprite.svg#slider-prev\"><\/use>\n\t\t\t\t\t\t\t\t\t<\/svg>\n\t\t\t\t\t\t\t\t<\/button>\n\t\t\t\t\t\t\t<\/div>\n\t\t\t\t\t\t<\/div>\n\t\t\t\t\t<\/div>\n\t\t\t\t<\/div>\n\t\t\t\t\t\t\t\t<div class=\"col-lg-6\">\n\t\t\t\t\t<div class=\"t3icta__top_right mb-lg-14 px-2 py-9 px-lg-11 py-lg-0\">\n\t\t\t\t\t\t\t\n\t\t\t\t\t\t<h2 class=\"fs-20 fs-lg-23 fs-xl-27 fs-xxl-30 fw-semibold\">As vantagens do SWISS\u00d4TEL<\/h2>\n\t\t\t\t\t\t\t\t\t\t\t\t\t\n\t\t\t\t\t\t<div class=\"fs-wysiwyg\">\n\t\t\t\t\t\t\t<p><strong>Os nossos hot\u00e9is e instala\u00e7\u00f5es:<\/strong><\/p>\n<ul>\n<li><strong>L\u00edder em RSE: <\/strong>100% dos hot\u00e9is certificados como ecol\u00f3gicos.<\/li>\n<li><strong>Localiza\u00e7\u00e3o estrat\u00e9gica: <\/strong>centro da cidade, perto de esta\u00e7\u00f5es de comboios e aeroportos.<\/li>\n<li><strong>Salas modulares e luminosas: <\/strong>espa\u00e7os adaptados a todos os tipos de eventos.<\/li>\n<\/ul>\n\t\t\t\t\t\t<\/div>\n\t\t\t\t\t\t\t\t\t\t\t<\/div>\n\t\t\t\t<\/div>\n\t\t\t<\/div>\n\t\t<\/div>\n\t<\/div>\n\t<div class=\"t3icta__bottom bg-beige\">\n\t\t<div class=\"container-fluid\" style=\"--bs-gutter-x: 0\">\n\t\t\t<div class=\"row\" style=\"--bs-gutter-x: 0\">\n\t\t\t\t<div class=\"col-lg-5 offset-lg-1\">\n\t\t\t\t\t<div class=\"t3icta__bottom__left\">\n\t\t\t\t\t\t\t\t\t\t\t\t<img decoding=\"async\" src=\"https:\/\/www.myallmeeting.com\/wp-content\/uploads\/2025\/01\/swissotel2-633x398.jpeg\" class=\"w-100 d-lg-none\" width=\"633\" height=\"398\" alt=\"\" loading=\"lazy\" \/> <!-- Ce sont les 2 m\u00eames images : ID 0 -->\n\t\t\t\t\t\t\t\t\t\t\t\t<div class=\"px-2 py-9 px-lg-0 py-lg-0\">\n\t\t\t\t\t\t\t\t\n\t\t\t\t\t\t\t<h2 class=\"fs-20 fs-lg-23 fs-xl-27 fs-xxl-30 fw-semibold\">Os nossos servi\u00e7os:<\/h2>\n\t\t\t\t\t\t\t\t\t\t\t\t\t\t\t\n\t\t\t\t\t\t\t<div class=\"fs-wysiwyg mb-lg-15\">\n\t\t\t\t\t\t\t\t<ul>\n<li><strong>Acolhimento personalizado: <\/strong>servi\u00e7o de concierge e acompanhamento \u00e0 medida.<\/li>\n<li><strong>Cozinha variada: <\/strong>da local \u00e0 gastron\u00f3mica.<\/li>\n<li><strong>Pausas para caf\u00e9 Vitality: <\/strong>pausas energ\u00e9ticas para aumentar a produtividade.<\/li>\n<\/ul>\n\t\t\t\t\t\t\t<\/div>\n\t\t\t\t\t\t\t\t\t\t\t\t\t<\/div>\n\t\t\t\t\t\t\t\t\t\t\t\t<div class=\"t3icta__bottom__img1 d-none d-lg-block text-end ms-lg-auto\">\n\t\t\t\t\t\t\t<img decoding=\"async\" src=\"https:\/\/www.myallmeeting.com\/wp-content\/uploads\/2025\/01\/swissotel2-633x398.jpeg\" width=\"633\" height=\"398\" alt=\"\" loading=\"lazy\" \/> <!-- Ce sont les 2 m\u00eames images : ID 1 -->\n\t\t\t\t\t\t<\/div>\n\t\t\t\t\t\t\t\t\t\t\t<\/div>\n\t\t\t\t<\/div>\n\t\t\t\t<div class=\"col-lg-5\">\n\t\t\t\t\t<div class=\"ps-lg-10\">\n\t\t\t\t\t\t\t\t\t\t\t\t<img decoding=\"async\" src=\"https:\/\/www.myallmeeting.com\/wp-content\/uploads\/2025\/01\/b4s4_sm_00_p_2048x1536-633x398.jpg\" class=\"t3icta__bottom__img0 position-relative d-none d-lg-block mb-15\" width=\"633\" height=\"398\" alt=\"\" loading=\"lazy\" \/> <!-- Ce sont les 2 m\u00eames images : ID 0 -->\n\t\t\t\t\t\t\t\t\t\t\t\t<div class=\"px-2 px-lg-0 mb-9\">\n\t\t\t\t\t\t\t\t\n\t\t\t\t\t\t\t<h2 class=\"fs-20 fs-lg-23 fs-xl-27 fs-xxl-30 fw-semibold\">O que n\u00e3o encontrar\u00e1 em mais lado nenhum:<\/h2>\n\t\t\t\t\t\t\t\t\t\t\t\t\t\t\t\t\t\t\t\t\t<div class=\"fs-wysiwyg\">\n\t\t\t\t\t\t\t\t<ul>\n<li><strong>Espa\u00e7os de trabalho inspirados na natureza <\/strong>para reuni\u00f5es de neg\u00f3cios tranquilas.<\/li>\n<\/ul>\n\t\t\t\t\t\t\t<\/div>\n\t\t\t\t\t\t\t\t\t\t\t\t\t<\/div>\n\t\t\t\t\t\t\t\t\t\t\t\t<div class=\"t3icta__bottom__img1 d-lg-none mx-auto\">\n\t\t\t\t\t\t\t<img decoding=\"async\" src=\"https:\/\/www.myallmeeting.com\/wp-content\/uploads\/2025\/01\/b4s4_sm_00_p_2048x1536-633x398.jpg\" width=\"633\" height=\"398\" alt=\"\" loading=\"lazy\" \/> <!-- Ce sont les 2 m\u00eames images : ID 1 -->\n\t\t\t\t\t\t<\/div>\n\t\t\t\t\t\t\t\t\t\t\t<\/div>\n\t\t\t\t<\/div>\n\t\t\t<\/div>\n\t\t<\/div>\n\t<\/div>\n\t<\/div>\n<!-- END OF : Composant : block-periscope-theme-section-composant-26-textes-slider-cta.php -->\n\n\n<!-- START OF : Composant : block-periscope-theme-section-composant-26-textes-slider-cta.php -->\n<div class=\"t3icta bg-white pb-12 mb-9 fs-wysiwyg\" data-component=\"26-textes-3-images-cta\">\n\t<div class=\"t3icta__top position-relative\">\n\t\t<div class=\"container-fluid\" style=\"--bs-gutter-x: 0\">\n\t\t\t<div class=\"row\" style=\"--bs-gutter-x: 0\">\n\t\t\t\t\t\t\t\t<div class=\"col-lg-6\">\n\t\t\t\t\t<div class=\"t3icta__slider\">\n\t\t\t\t\t\t<div class=\"splide\">\n\t\t\t\t\t\t\t<div class=\"splide__track\">\n\t\t\t\t\t\t\t\t<div class=\"splide__list\">\n\t\t\t\t\t\t\t\t\t\t\t\t\t\t\t\t\t\t\t<div class=\"splide__slide\">\n\t\t\t\t\t\t\t\t\t\t\t<img decoding=\"async\" src=\"https:\/\/www.myallmeeting.com\/wp-content\/uploads\/2025\/01\/aja_p_6017-48__original-953x600.jpeg\" width=\"953\" height=\"600\" alt=\"\" loading=\"lazy\" \/>\n\t\t\t\t\t\t\t\t\t\t<\/div>\n\t\t\t\t\t\t\t\t\t\t\t\t\t\t\t\t\t\n\t\t\t\t\t\t\t\t<\/div>\n\t\t\t\t\t\t\t<\/div>\n\t\t\t\t\t\t\t<div class=\"splide__arrows d-none d-lg-block\">\n\t\t\t\t\t\t\t\t<button class=\"splide__arrow splide__arrow--prev px-lg-3 py-lg-4 px-xl-4 py-xl-5 px-xxl-5 py-xxl-7 position-absolute l-0 bg-white border-0\">\n\t\t\t\t\t\t\t\t\t<svg width=\"14\" height=\"27\" aria-hidden=\"true\">\n\t\t\t\t\t\t\t\t\t\t<use xlink:href=\"https:\/\/www.myallmeeting.com\/wp-content\/themes\/accor\/assets\/images\/sprite.svg#slider-prev\"><\/use>\n\t\t\t\t\t\t\t\t\t<\/svg>\n\t\t\t\t\t\t\t\t<\/button>\n\t\t\t\t\t\t\t\t<button class=\"splide__arrow splide__arrow--next px-lg-3 py-lg-4 px-xl-4 py-xl-5 px-xxl-5 py-xxl-7 position-absolute r-0 bg-white border-0\">\n\t\t\t\t\t\t\t\t\t<svg width=\"14\" height=\"27\" aria-hidden=\"true\">\n\t\t\t\t\t\t\t\t\t\t<use xlink:href=\"https:\/\/www.myallmeeting.com\/wp-content\/themes\/accor\/assets\/images\/sprite.svg#slider-prev\"><\/use>\n\t\t\t\t\t\t\t\t\t<\/svg>\n\t\t\t\t\t\t\t\t<\/button>\n\t\t\t\t\t\t\t<\/div>\n\t\t\t\t\t\t<\/div>\n\t\t\t\t\t<\/div>\n\t\t\t\t<\/div>\n\t\t\t\t\t\t\t\t<div class=\"col-lg-6\">\n\t\t\t\t\t<div class=\"t3icta__top_right mb-lg-14 px-2 py-9 px-lg-11 py-lg-0\">\n\t\t\t\t\t\t\t\n\t\t\t\t\t\t<h2 class=\"fs-20 fs-lg-23 fs-xl-27 fs-xxl-30 fw-semibold\">Descubra a nossa refer\u00eancia: O Swiss\u00f4tel Tallinn<\/h2>\n\t\t\t\t\t\t\t\t\t\t\t\t\t\n\t\t\t\t\t\t<div class=\"fs-wysiwyg\">\n\t\t\t\t\t\t\t<p>Bem-vindo ao <a href=\"https:\/\/myallmeeting.com\/pt-pt\/hotel\/a5d1-swissotel-tallinn\/\" target=\"_blank\" rel=\"noopener\">Swiss\u00f4tel Tallinn<\/a>, na capital da Est\u00f3nia, onde o luxo anda de m\u00e3os dadas com uma pol\u00edtica eco-respons\u00e1vel exigente. Localizado no maior edif\u00edcio da cidade, este hotel oferece vistas deslumbrantes e servi\u00e7os premium para eventos B2B internacionais.<\/p>\n<ul>\n<li><strong>Bem-vindos \u00e0s suas confer\u00eancias XXL.<\/strong><\/li>\n<\/ul>\n<p>Com uma superf\u00edcie de 481 m\u00b2, o nosso sal\u00e3o de baile pode acolher at\u00e9 500 pessoas. Equipado com <strong>7 cabines de tradu\u00e7\u00e3o integradas<\/strong>, oferece uma vantagem decisiva para as grandes confer\u00eancias internacionais.<\/p>\n<ul>\n<li><strong>7 salas de confer\u00eancia modulares<\/strong><\/li>\n<\/ul>\n<p>Os nossos espa\u00e7os de reuni\u00e3o est\u00e3o equipados com divis\u00f3rias flex\u00edveis que permitem adaptar a configura\u00e7\u00e3o \u00e0s suas necessidades: criar espa\u00e7os maiores ou dividir salas para workshops ou subgrupos.<\/p>\n<ul><\/ul>\n\t\t\t\t\t\t<\/div>\n\t\t\t\t\t\t\t\t\t\t\t<\/div>\n\t\t\t\t<\/div>\n\t\t\t<\/div>\n\t\t<\/div>\n\t<\/div>\n\t<div class=\"t3icta__bottom bg-beige\">\n\t\t<div class=\"container-fluid\" style=\"--bs-gutter-x: 0\">\n\t\t\t<div class=\"row\" style=\"--bs-gutter-x: 0\">\n\t\t\t\t<div class=\"col-lg-5 offset-lg-1\">\n\t\t\t\t\t<div class=\"t3icta__bottom__left\">\n\t\t\t\t\t\t\t\t\t\t\t\t<img decoding=\"async\" src=\"https:\/\/www.myallmeeting.com\/wp-content\/uploads\/2025\/01\/a5d1_ho_02_p_2048x1536-633x398.jpg\" class=\"w-100 d-lg-none\" width=\"633\" height=\"398\" alt=\"\" loading=\"lazy\" \/> <!-- Ce sont les 2 m\u00eames images : ID 0 -->\n\t\t\t\t\t\t\t\t\t\t\t\t<div class=\"px-2 py-9 px-lg-0 py-lg-0\">\n\t\t\t\t\t\t\t\t\t\t\t\t\t\t\t\n\t\t\t\t\t\t\t<div class=\"fs-wysiwyg mb-lg-15\">\n\t\t\t\t\t\t\t\t<ul>\n<li><strong>Um andar dedicado aos seus eventos mais sens\u00edveis.<\/strong><\/li>\n<\/ul>\n<p>Situado no topo do hotel, o nosso piso de confer\u00eancias \u00e9 acess\u00edvel apenas por elevador, garantindo <strong>seguran\u00e7a e confidencialidade <\/strong>para delega\u00e7\u00f5es governamentais ou empresas sens\u00edveis \u00e0 discri\u00e7\u00e3o.<\/p>\n<ul>\n<li><strong>Um terra\u00e7o exterior excecional.<\/strong><\/li>\n<\/ul>\n<p>No 6\u00ba piso, descubra o terra\u00e7o para momentos relaxantes ou rece\u00e7\u00f5es ao ar livre. Perfeito para cocktails, est\u00e1 acess\u00edvel em dias de sol.<\/p>\n<ul>\n<li><strong>Um espa\u00e7o elegante para as suas rece\u00e7\u00f5es<\/strong><\/li>\n<\/ul>\n<p>O nosso espa\u00e7o, com um design elegante, ir\u00e1 acolher os seus semin\u00e1rios ou rece\u00e7\u00f5es. O seu design meticuloso minimiza a necessidade de decora\u00e7\u00f5es adicionais.<\/p>\n<ul>\n<li><strong>Op\u00e7\u00f5es de restaura\u00e7\u00e3o \u00e0 medida<\/strong><\/li>\n<\/ul>\n<p>A nossa equipa de chefs especializados em confer\u00eancias e banquetes \u00e9 <strong>altamente flex\u00edvel<\/strong>, pronta a criar menus personalizados em fun\u00e7\u00e3o das suas necessidades espec\u00edficas. Tamb\u00e9m poder\u00e1 saborear a cozinha do Horisont Restaurant &amp; bar, com estrela Michelin.<\/p>\n\t\t\t\t\t\t\t<\/div>\n\t\t\t\t\t\t\t\t\t\t\t\t\t<\/div>\n\t\t\t\t\t\t\t\t\t\t\t\t<div class=\"t3icta__bottom__img1 d-none d-lg-block text-end ms-lg-auto\">\n\t\t\t\t\t\t\t<img decoding=\"async\" src=\"https:\/\/www.myallmeeting.com\/wp-content\/uploads\/2025\/01\/a5d1_ho_02_p_2048x1536-633x398.jpg\" width=\"633\" height=\"398\" alt=\"\" loading=\"lazy\" \/> <!-- Ce sont les 2 m\u00eames images : ID 1 -->\n\t\t\t\t\t\t<\/div>\n\t\t\t\t\t\t\t\t\t\t\t<\/div>\n\t\t\t\t<\/div>\n\t\t\t\t<div class=\"col-lg-5\">\n\t\t\t\t\t<div class=\"ps-lg-10\">\n\t\t\t\t\t\t\t\t\t\t\t\t<img decoding=\"async\" src=\"https:\/\/www.myallmeeting.com\/wp-content\/uploads\/2025\/01\/a5d1_sm_03_p_2048x1536-633x398.jpg\" class=\"t3icta__bottom__img0 position-relative d-none d-lg-block mb-15\" width=\"633\" height=\"398\" alt=\"\" loading=\"lazy\" \/> <!-- Ce sont les 2 m\u00eames images : ID 0 -->\n\t\t\t\t\t\t\t\t\t\t\t\t<div class=\"px-2 px-lg-0 mb-9\">\n\t\t\t\t\t\t\t\t\n\t\t\t\t\t\t\t<h2 class=\"fs-20 fs-lg-23 fs-xl-27 fs-xxl-30 fw-semibold\">As vantagens B2B do Swiss\u00f4tel Tallin<\/h2>\n\t\t\t\t\t\t\t\t\t\t\t\t\t\t\t\t\t\t\t\t\t<div class=\"fs-wysiwyg\">\n\t\t\t\t\t\t\t\t<ul>\n<li><strong>Salas de confer\u00eancia modulares<\/strong>: perfeitas para eventos personalizados.<\/li>\n<li><strong>Confidencialidade garantida<\/strong>: piso de pr\u00e9mio e pol\u00edtica de exclusividade.<\/li>\n<li><strong>Restaura\u00e7\u00e3o personalizada<\/strong>: menus adaptados \u00e0s suas necessidades espec\u00edficas.<\/li>\n<li><strong>Espa\u00e7o de confer\u00eancias premium<\/strong>: ideal para acolher as suas rece\u00e7\u00f5es.<\/li>\n<\/ul>\n\t\t\t\t\t\t\t<\/div>\n\t\t\t\t\t\t\t\t\t\t\t\t\t<\/div>\n\t\t\t\t\t\t\t\t\t\t\t\t<div class=\"t3icta__bottom__img1 d-lg-none mx-auto\">\n\t\t\t\t\t\t\t<img decoding=\"async\" src=\"https:\/\/www.myallmeeting.com\/wp-content\/uploads\/2025\/01\/a5d1_sm_03_p_2048x1536-633x398.jpg\" width=\"633\" height=\"398\" alt=\"\" loading=\"lazy\" \/> <!-- Ce sont les 2 m\u00eames images : ID 1 -->\n\t\t\t\t\t\t<\/div>\n\t\t\t\t\t\t\t\t\t\t\t<\/div>\n\t\t\t\t<\/div>\n\t\t\t<\/div>\n\t\t<\/div>\n\t<\/div>\n\t<\/div>\n<!-- END OF : Composant : block-periscope-theme-section-composant-26-textes-slider-cta.php -->\n\n\n<!-- START OF : Composant : block-periscope-theme-section-composant-33-texte-image.php -->\n<!-- INVERSE -->\n<div class=\"text-image fs-wysiwyg mb-8 mb-lg-12\" data-component=\"33-texte-image\" data-reverse=\"oui\">\n\t<div class=\"container-fluid\" style=\"--bs-gutter-x: 0\">\n\t\t<div class=\"row\" style=\"--bs-gutter-x: 0\">\n\t\t\t<div class=\"col-lg-6\">\n\t\t\t\t<div class=\"text-image__content\">\n\t\t\t\t\t\t\t\t\t\t\t\t\t\t\t<div class=\"fs-wysiwyg\">\n\t\t\t\t\t\t<p>Com o Novotel e o Swiss\u00f4tel, <strong>o ALL &#8211; Accor Live Limitless <\/strong>d\u00e1-lhe a possibilidade de escolher, para os seus eventos de neg\u00f3cios, entre a <strong>modernidade e a produtividade<\/strong>, por um lado, e <strong>o requinte e o bem-estar <\/strong>, por outro, cada marca com a sua assinatura \u00fanica para responder \u00e0s suas necessidades B2B. Contacte as nossas equipas para planear o seu pr\u00f3ximo evento e desfrute de uma experi\u00eancia de hospitalidade inesquec\u00edvel com os seus clientes, parceiros ou colaboradores.<\/p>\n\t\t\t\t\t<\/div>\n\t\t\t\t\t\t\t\t\t<\/div>\n\t\t\t<\/div>    \n\t\t\t    \n\t\t\t<div class=\"col-lg-6 order-first order-lg-last mb-7 mb-lg-0\">\n\t\t\t\t<img decoding=\"async\" src=\"https:\/\/www.myallmeeting.com\/wp-content\/uploads\/2025\/01\/aja_p_7139-42__original-953x600.jpeg\" width=\"953\" height=\"600\" alt=\"swiss\u00f4tel\" loading=\"lazy\" class=\"w-100\" \/>\n\t\t\t<\/div>\n\t\t\t\t\t<\/div>\n\t<\/div>\n<\/div>\n<!-- END OF : Composant : block-periscope-theme-section-composant-33-texte-image.php -->\n","protected":false},"excerpt":{"rendered":"<p>Quer procure um ambiente moderno e acolhedor ou uma eleg\u00e2ncia intemporal, as marcas Novotel e Swiss\u00f4tel s\u00e3o refer\u00eancias incontorn\u00e1veis para os seus eventos B2B. <\/p>\n","protected":false},"featured_media":17835156,"menu_order":0,"template":"","periscope_categorie_tax":[],"class_list":["post-18645357","article","type-article","status-publish","has-post-thumbnail","hentry"],"acf":[],"yoast_head":"<title>Novotel ou Swiss\u00f4tel? Entre a modernidade e o requinte, que estilo deve escolher para os seus eventos B2B? - Accor MyAllMeeting.com<\/title>\n<meta name=\"description\" content=\"Descubra as marcas Novotel e Swiss\u00f4tel para a organiza\u00e7\u00e3o de eventos profissionais, desde simples reuni\u00f5es a conven\u00e7\u00f5es.\" \/>\n<meta name=\"robots\" content=\"index, follow, max-snippet:-1, max-image-preview:large, max-video-preview:-1\" \/>\n<link rel=\"canonical\" href=\"https:\/\/www.myallmeeting.com\/pt-pt\/wp-json\/wp\/v2\/article\/18645357\" \/>\n<meta property=\"og:locale\" content=\"pt_PT\" \/>\n<meta property=\"og:type\" content=\"article\" \/>\n<meta property=\"og:title\" content=\"Novotel ou Swiss\u00f4tel? Entre a modernidade e o requinte, que estilo deve escolher para os seus eventos B2B? - Accor MyAllMeeting.com\" \/>\n<meta property=\"og:description\" content=\"Descubra as marcas Novotel e Swiss\u00f4tel para a organiza\u00e7\u00e3o de eventos profissionais, desde simples reuni\u00f5es a conven\u00e7\u00f5es.\" \/>\n<meta property=\"og:url\" content=\"https:\/\/www.myallmeeting.com\/pt-pt\/article\/novotel-ou-swissotel-entre-a-modernidade-e-o-requinte-que-estilo-deve-escolher-para-os-seus-eventos-b2b\/\" \/>\n<meta property=\"og:site_name\" content=\"Accor MyAllMeeting.com\" \/>\n<meta property=\"article:modified_time\" content=\"2025-03-21T16:25:13+00:00\" \/>\n<meta property=\"og:image\" content=\"http:\/\/myallmeeting.com\/wp-content\/uploads\/2025\/01\/MAM-baner-1920x570-2025-01-10T164627.151-1024x304.png\" \/>\n\t<meta property=\"og:image:width\" content=\"1024\" \/>\n\t<meta property=\"og:image:height\" content=\"304\" \/>\n\t<meta property=\"og:image:type\" content=\"image\/png\" \/>\n<meta name=\"twitter:card\" content=\"summary_large_image\" \/>\n<meta name=\"twitter:label1\" content=\"Est. reading time\" \/>\n\t<meta name=\"twitter:data1\" content=\"10 minutes\" \/>\n<script type=\"application\/ld+json\" class=\"yoast-schema-graph\">{\"@context\":\"https:\/\/schema.org\",\"@graph\":[{\"@type\":\"WebPage\",\"@id\":\"https:\/\/www.myallmeeting.com\/pt-pt\/article\/novotel-ou-swissotel-entre-a-modernidade-e-o-requinte-que-estilo-deve-escolher-para-os-seus-eventos-b2b\/\",\"url\":\"https:\/\/www.myallmeeting.com\/pt-pt\/article\/novotel-ou-swissotel-entre-a-modernidade-e-o-requinte-que-estilo-deve-escolher-para-os-seus-eventos-b2b\/\",\"name\":\"Novotel ou Swiss\u00f4tel? Entre a modernidade e o requinte, que estilo deve escolher para os seus eventos B2B? - Accor MyAllMeeting.com\",\"isPartOf\":{\"@id\":\"https:\/\/www.myallmeeting.com\/pt-pt\/#website\"},\"primaryImageOfPage\":{\"@id\":\"https:\/\/www.myallmeeting.com\/pt-pt\/article\/novotel-ou-swissotel-entre-a-modernidade-e-o-requinte-que-estilo-deve-escolher-para-os-seus-eventos-b2b\/#primaryimage\"},\"image\":{\"@id\":\"https:\/\/www.myallmeeting.com\/pt-pt\/article\/novotel-ou-swissotel-entre-a-modernidade-e-o-requinte-que-estilo-deve-escolher-para-os-seus-eventos-b2b\/#primaryimage\"},\"thumbnailUrl\":\"https:\/\/www.myallmeeting.com\/wp-content\/uploads\/2025\/01\/MAM-baner-1920x570-2025-01-10T164627.151.png\",\"datePublished\":\"2025-03-21T11:48:23+00:00\",\"dateModified\":\"2025-03-21T16:25:13+00:00\",\"description\":\"Descubra as marcas Novotel e Swiss\u00f4tel para a organiza\u00e7\u00e3o de eventos profissionais, desde simples reuni\u00f5es a conven\u00e7\u00f5es.\",\"breadcrumb\":{\"@id\":\"https:\/\/www.myallmeeting.com\/pt-pt\/article\/novotel-ou-swissotel-entre-a-modernidade-e-o-requinte-que-estilo-deve-escolher-para-os-seus-eventos-b2b\/#breadcrumb\"},\"inLanguage\":\"pt-PT\",\"potentialAction\":[{\"@type\":\"ReadAction\",\"target\":[\"https:\/\/www.myallmeeting.com\/pt-pt\/article\/novotel-ou-swissotel-entre-a-modernidade-e-o-requinte-que-estilo-deve-escolher-para-os-seus-eventos-b2b\/\"]}]},{\"@type\":\"ImageObject\",\"inLanguage\":\"pt-PT\",\"@id\":\"https:\/\/www.myallmeeting.com\/pt-pt\/article\/novotel-ou-swissotel-entre-a-modernidade-e-o-requinte-que-estilo-deve-escolher-para-os-seus-eventos-b2b\/#primaryimage\",\"url\":\"https:\/\/www.myallmeeting.com\/wp-content\/uploads\/2025\/01\/MAM-baner-1920x570-2025-01-10T164627.151.png\",\"contentUrl\":\"https:\/\/www.myallmeeting.com\/wp-content\/uploads\/2025\/01\/MAM-baner-1920x570-2025-01-10T164627.151.png\",\"width\":1920,\"height\":570},{\"@type\":\"BreadcrumbList\",\"@id\":\"https:\/\/www.myallmeeting.com\/pt-pt\/article\/novotel-ou-swissotel-entre-a-modernidade-e-o-requinte-que-estilo-deve-escolher-para-os-seus-eventos-b2b\/#breadcrumb\",\"itemListElement\":[{\"@type\":\"ListItem\",\"position\":1,\"name\":\"P\u00e1gina inicial\",\"item\":\"https:\/\/myallmeeting.com\/pt-pt\/\"},{\"@type\":\"ListItem\",\"position\":2,\"name\":\"Not\u00edcias\",\"item\":\"https:\/\/www.myallmeeting.com\/pt-pt\/noticias\/\"},{\"@type\":\"ListItem\",\"position\":3,\"name\":\"Novotel ou Swiss\u00f4tel? Entre a modernidade e o requinte, que estilo deve escolher para os seus eventos B2B?\"}]},{\"@type\":\"WebSite\",\"@id\":\"https:\/\/www.myallmeeting.com\/pt-pt\/#website\",\"url\":\"https:\/\/www.myallmeeting.com\/pt-pt\/\",\"name\":\"Accor MyAllMeeting.com\",\"description\":\"Les Meilleurs lieux pour vos Ev\u00e9nements Professionnels\",\"publisher\":{\"@id\":\"https:\/\/www.myallmeeting.com\/pt-pt\/#organization\"},\"potentialAction\":[{\"@type\":\"SearchAction\",\"target\":{\"@type\":\"EntryPoint\",\"urlTemplate\":\"https:\/\/www.myallmeeting.com\/pt-pt\/?s={search_term_string}\"},\"query-input\":{\"@type\":\"PropertyValueSpecification\",\"valueRequired\":true,\"valueName\":\"search_term_string\"}}],\"inLanguage\":\"pt-PT\"},{\"@type\":\"Organization\",\"@id\":\"https:\/\/www.myallmeeting.com\/pt-pt\/#organization\",\"name\":\"ACCOR\",\"url\":\"https:\/\/www.myallmeeting.com\/pt-pt\/\",\"logo\":{\"@type\":\"ImageObject\",\"inLanguage\":\"pt-PT\",\"@id\":\"https:\/\/www.myallmeeting.com\/pt-pt\/#\/schema\/logo\/image\/\",\"url\":\"\",\"contentUrl\":\"\",\"caption\":\"ACCOR\"},\"image\":{\"@id\":\"https:\/\/www.myallmeeting.com\/pt-pt\/#\/schema\/logo\/image\/\"}}]}<\/script>","yoast_head_json":{"title":"Novotel ou Swiss\u00f4tel? Entre a modernidade e o requinte, que estilo deve escolher para os seus eventos B2B? - Accor MyAllMeeting.com","description":"Descubra as marcas Novotel e Swiss\u00f4tel para a organiza\u00e7\u00e3o de eventos profissionais, desde simples reuni\u00f5es a conven\u00e7\u00f5es.","robots":{"index":"index","follow":"follow","max-snippet":"max-snippet:-1","max-image-preview":"max-image-preview:large","max-video-preview":"max-video-preview:-1"},"canonical":"https:\/\/www.myallmeeting.com\/pt-pt\/wp-json\/wp\/v2\/article\/18645357","og_locale":"pt_PT","og_type":"article","og_title":"Novotel ou Swiss\u00f4tel? Entre a modernidade e o requinte, que estilo deve escolher para os seus eventos B2B? - Accor MyAllMeeting.com","og_description":"Descubra as marcas Novotel e Swiss\u00f4tel para a organiza\u00e7\u00e3o de eventos profissionais, desde simples reuni\u00f5es a conven\u00e7\u00f5es.","og_url":"https:\/\/www.myallmeeting.com\/pt-pt\/article\/novotel-ou-swissotel-entre-a-modernidade-e-o-requinte-que-estilo-deve-escolher-para-os-seus-eventos-b2b\/","og_site_name":"Accor MyAllMeeting.com","article_modified_time":"2025-03-21T16:25:13+00:00","og_image":[{"width":1024,"height":304,"url":"http:\/\/myallmeeting.com\/wp-content\/uploads\/2025\/01\/MAM-baner-1920x570-2025-01-10T164627.151-1024x304.png","type":"image\/png"}],"twitter_card":"summary_large_image","twitter_misc":{"Est. reading time":"10 minutes"},"schema":{"@context":"https:\/\/schema.org","@graph":[{"@type":"WebPage","@id":"https:\/\/www.myallmeeting.com\/pt-pt\/article\/novotel-ou-swissotel-entre-a-modernidade-e-o-requinte-que-estilo-deve-escolher-para-os-seus-eventos-b2b\/","url":"https:\/\/www.myallmeeting.com\/pt-pt\/article\/novotel-ou-swissotel-entre-a-modernidade-e-o-requinte-que-estilo-deve-escolher-para-os-seus-eventos-b2b\/","name":"Novotel ou Swiss\u00f4tel? Entre a modernidade e o requinte, que estilo deve escolher para os seus eventos B2B? - Accor MyAllMeeting.com","isPartOf":{"@id":"https:\/\/www.myallmeeting.com\/pt-pt\/#website"},"primaryImageOfPage":{"@id":"https:\/\/www.myallmeeting.com\/pt-pt\/article\/novotel-ou-swissotel-entre-a-modernidade-e-o-requinte-que-estilo-deve-escolher-para-os-seus-eventos-b2b\/#primaryimage"},"image":{"@id":"https:\/\/www.myallmeeting.com\/pt-pt\/article\/novotel-ou-swissotel-entre-a-modernidade-e-o-requinte-que-estilo-deve-escolher-para-os-seus-eventos-b2b\/#primaryimage"},"thumbnailUrl":"https:\/\/www.myallmeeting.com\/wp-content\/uploads\/2025\/01\/MAM-baner-1920x570-2025-01-10T164627.151.png","datePublished":"2025-03-21T11:48:23+00:00","dateModified":"2025-03-21T16:25:13+00:00","description":"Descubra as marcas Novotel e Swiss\u00f4tel para a organiza\u00e7\u00e3o de eventos profissionais, desde simples reuni\u00f5es a conven\u00e7\u00f5es.","breadcrumb":{"@id":"https:\/\/www.myallmeeting.com\/pt-pt\/article\/novotel-ou-swissotel-entre-a-modernidade-e-o-requinte-que-estilo-deve-escolher-para-os-seus-eventos-b2b\/#breadcrumb"},"inLanguage":"pt-PT","potentialAction":[{"@type":"ReadAction","target":["https:\/\/www.myallmeeting.com\/pt-pt\/article\/novotel-ou-swissotel-entre-a-modernidade-e-o-requinte-que-estilo-deve-escolher-para-os-seus-eventos-b2b\/"]}]},{"@type":"ImageObject","inLanguage":"pt-PT","@id":"https:\/\/www.myallmeeting.com\/pt-pt\/article\/novotel-ou-swissotel-entre-a-modernidade-e-o-requinte-que-estilo-deve-escolher-para-os-seus-eventos-b2b\/#primaryimage","url":"https:\/\/www.myallmeeting.com\/wp-content\/uploads\/2025\/01\/MAM-baner-1920x570-2025-01-10T164627.151.png","contentUrl":"https:\/\/www.myallmeeting.com\/wp-content\/uploads\/2025\/01\/MAM-baner-1920x570-2025-01-10T164627.151.png","width":1920,"height":570},{"@type":"BreadcrumbList","@id":"https:\/\/www.myallmeeting.com\/pt-pt\/article\/novotel-ou-swissotel-entre-a-modernidade-e-o-requinte-que-estilo-deve-escolher-para-os-seus-eventos-b2b\/#breadcrumb","itemListElement":[{"@type":"ListItem","position":1,"name":"P\u00e1gina inicial","item":"https:\/\/myallmeeting.com\/pt-pt\/"},{"@type":"ListItem","position":2,"name":"Not\u00edcias","item":"https:\/\/www.myallmeeting.com\/pt-pt\/noticias\/"},{"@type":"ListItem","position":3,"name":"Novotel ou Swiss\u00f4tel? Entre a modernidade e o requinte, que estilo deve escolher para os seus eventos B2B?"}]},{"@type":"WebSite","@id":"https:\/\/www.myallmeeting.com\/pt-pt\/#website","url":"https:\/\/www.myallmeeting.com\/pt-pt\/","name":"Accor MyAllMeeting.com","description":"Les Meilleurs lieux pour vos Ev\u00e9nements Professionnels","publisher":{"@id":"https:\/\/www.myallmeeting.com\/pt-pt\/#organization"},"potentialAction":[{"@type":"SearchAction","target":{"@type":"EntryPoint","urlTemplate":"https:\/\/www.myallmeeting.com\/pt-pt\/?s={search_term_string}"},"query-input":{"@type":"PropertyValueSpecification","valueRequired":true,"valueName":"search_term_string"}}],"inLanguage":"pt-PT"},{"@type":"Organization","@id":"https:\/\/www.myallmeeting.com\/pt-pt\/#organization","name":"ACCOR","url":"https:\/\/www.myallmeeting.com\/pt-pt\/","logo":{"@type":"ImageObject","inLanguage":"pt-PT","@id":"https:\/\/www.myallmeeting.com\/pt-pt\/#\/schema\/logo\/image\/","url":"","contentUrl":"","caption":"ACCOR"},"image":{"@id":"https:\/\/www.myallmeeting.com\/pt-pt\/#\/schema\/logo\/image\/"}}]}},"_links":{"self":[{"href":"https:\/\/www.myallmeeting.com\/pt-pt\/wp-json\/wp\/v2\/article\/18645357","targetHints":{"allow":["GET"]}}],"collection":[{"href":"https:\/\/www.myallmeeting.com\/pt-pt\/wp-json\/wp\/v2\/article"}],"about":[{"href":"https:\/\/www.myallmeeting.com\/pt-pt\/wp-json\/wp\/v2\/types\/article"}],"wp:featuredmedia":[{"embeddable":true,"href":"https:\/\/www.myallmeeting.com\/pt-pt\/wp-json\/wp\/v2\/media\/17835156"}],"wp:attachment":[{"href":"https:\/\/www.myallmeeting.com\/pt-pt\/wp-json\/wp\/v2\/media?parent=18645357"}],"wp:term":[{"taxonomy":"periscope_categorie_tax","embeddable":true,"href":"https:\/\/www.myallmeeting.com\/pt-pt\/wp-json\/wp\/v2\/periscope_categorie_tax?post=18645357"}],"curies":[{"name":"wp","href":"https:\/\/api.w.org\/{rel}","templated":true}]}}