{"id":18553621,"date":"2025-03-06T22:56:49","date_gmt":"2025-03-06T21:56:49","guid":{"rendered":"https:\/\/myallmeeting.com\/?post_type=article&#038;p=18553621"},"modified":"2025-07-23T10:12:28","modified_gmt":"2025-07-23T08:12:28","slug":"destinations-mice-tendances-et-bien-connectees-en-europe-centrale","status":"publish","type":"article","link":"https:\/\/www.myallmeeting.com\/pt-pt\/article\/destinations-mice-tendances-et-bien-connectees-en-europe-centrale\/","title":{"rendered":"Destinos MICE modernos e com boas liga\u00e7\u00f5es na Europa Central"},"content":{"rendered":"<!-- START OF : Composant : block-periscope-theme-section-composant-25-texte-cta-2-images.php -->\n<div class=\"tcta2ia bg-white fs-wysiwyg mb-lg-12\" data-component=\"25-texte-cta-2-images\">\n\t<div class=\"tcta2ia__top\">\n\t\t<div class=\"container-fluid\" style=\"--bs-gutter-x: 0\">\n\t\t\t<div class=\"row\" style=\"--bs-gutter-x: 0\">\n\t\t\t\t<div class=\"col-lg-8\">\n\t\t\t\t\t\t\t\t\t\t<div class=\"bloc-mise-en-avant__top__left\">\n\t\t\t\t\t\t<img decoding=\"async\" src=\"https:\/\/www.myallmeeting.com\/wp-content\/uploads\/2025\/03\/MAM-imagery-1268-x-846-px.png\" class=\"pe-2 pe-lg-0\" width=\"1268\" height=\"846\" alt=\"Frankfurt view\" loading=\"lazy\" \/>\n\t\t\t\t\t<\/div>\n\t\t\t\t\t\t\t\t\t\t<div class=\"tcta2ia__bottom d-none d-lg-block pb-12 pt-lg-9 pb-lg-0 pe-lg-10\">\n\t\t\t\t\t\t\t\t\t\t\t\t<h2 class=\"fs-20 fs-lg-32 fw-semibold\">Alemanha: uma pot\u00eancia empresarial com uma conetividade inigual\u00e1vel<\/h2>\n\t\t\t\t\t\t\t\t\t\t\t\t\t\t\t\t\t\t<div class=\"fs-wysiwyg\"><h4 style=\"text-align: center;\"><strong>Berlim &#8211; a inova\u00e7\u00e3o encontra a hist\u00f3ria<\/strong><\/h4>\n<p>A capital da Alemanha \u00e9 um dos principais destinos MICE, conhecida pela sua vibrante cena empresarial e pelas extensas liga\u00e7\u00f5es de transportes. O aeroporto internacional da cidade e as liga\u00e7\u00f5es ferrovi\u00e1rias de alta velocidade fazem dela um centro para confer\u00eancias internacionais.<\/p>\n<\/div>\n\t\t\t\t\t\t\t\t\t\t\t\t<div class=\"d-flex flex-column flex-lg-row align-items-center gap-5 gap-lg-8 justify-content-between\">\n\t\t\t\t\t\t\t<div class=\"fs-20 fs-lg-26 fw-semibold lh-xs\"><\/div>\n\t\t\t\t\t\t\t\t\t\t\t\t\t<\/div>\n\t\t\t\t\t<\/div>\n\t\t\t\t<\/div>\n\t\t\t\t<div class=\"col-lg-4\">\n\t\t\t\t\t<div class=\"tcta2ia__top__right t-0 r-0 bg-primary text-white pt-4 pb-4 px-2 pt-lg-8 pb-lg-16 px-lg-11 pb-xl-30\">\n\t\t\t\t\t\t\t\t\t\t\t\t\t\t\t\t\t\t<h2 class=\"unna fs-36 fs-lg-51 fs-xl-75 fs-italic fw-normal text-secondary\">Destinos MICE modernos e com boas liga\u00e7\u00f5es na Europa Central<\/h2>\n\t\t\t\t\t\t\t\t\t\t\t\t\t\t\t\t\t\t<h3 class=\"text-white fs-18 fs-lg-20 fs-xl-28 text-original-case\">Para os organizadores de reuni\u00f5es e eventos, a conetividade e a tend\u00eancia s\u00e3o factores-chave na sele\u00e7\u00e3o de um destino MICE. <\/h3>\n\t\t\t\t\t\t\t\t\t\t\t\t\t\t\t\t\t\t<div class=\"fs-wysiwyg mb-4 fs-lg-16 fs-xl-20\"><p>A Europa Central, com a sua mistura de charme hist\u00f3rico e infra-estruturas modernas, oferece uma infinidade de cidades que s\u00e3o simultaneamente acess\u00edveis e excitantes. A Alemanha, a \u00c1ustria e a Su\u00ed\u00e7a s\u00e3o o lar de centros de neg\u00f3cios din\u00e2micos com excelentes liga\u00e7\u00f5es de transportes, instala\u00e7\u00f5es para reuni\u00f5es topo de gama e oportunidades culturais e de forma\u00e7\u00e3o de equipas inspiradoras. A extensa rede de hot\u00e9is da Accor assegura uma experi\u00eancia perfeita para os viajantes em neg\u00f3cios, oferecendo locais bem equipados e servi\u00e7os de topo. Vamos explorar alguns destinos MICE imperd\u00edveis nestes tr\u00eas pa\u00edses.<\/p>\n<\/div>\n\t\t\t\t\t\t\t\t\t\t\t\t\t\t\t\t\t\t\t\t\t\t\t\t<p class=\"m-0\"><img decoding=\"async\" src=\"https:\/\/www.myallmeeting.com\/wp-content\/uploads\/2025\/03\/MAM-imagery-633-x-398-px.png\" class=\"position-relative l-0\" width=\"633\" height=\"398\" alt=\"Berlin view\" loading=\"lazy\" \/><\/p>\n\t\t\t\t\t\t\t\t\t\t\t<\/div>\n\t\t\t\t<\/div>\n\t\t\t<\/div>\n\t\t<\/div>\n\t<\/div>\n\t<div class=\"tcta2ia__bottom d-lg-none pb-12 py-lg-9 pe-lg-10\">\n\t\t\t\t<div class=\"h2 fs-20 fs-lg-32 fw-semibold\">Alemanha: uma pot\u00eancia empresarial com uma conetividade inigual\u00e1vel<\/div>\n\t\t\t\t\t\t<div class=\"fs-wysiwyg\"><h4 style=\"text-align: center;\"><strong>Berlim &#8211; a inova\u00e7\u00e3o encontra a hist\u00f3ria<\/strong><\/h4>\n<p>A capital da Alemanha \u00e9 um dos principais destinos MICE, conhecida pela sua vibrante cena empresarial e pelas extensas liga\u00e7\u00f5es de transportes. O aeroporto internacional da cidade e as liga\u00e7\u00f5es ferrovi\u00e1rias de alta velocidade fazem dela um centro para confer\u00eancias internacionais.<\/p>\n<\/div>\n\t\t\t\t<div class=\"d-flex flex-column flex-lg-row align-items-center gap-5 gap-lg-8 justify-content-between\">\n\t\t\t<div class=\"fs-20 fs-lg-26 fw-semibold lh-xs\"><\/div>\n\t\t\t\t\t<\/div>\n\t<\/div>\n<\/div>\n<!-- END OF : Composant : block-periscope-theme-section-composant-25-texte-cta-2-images.php -->\n\n\n<!-- START OF : Composant : block-periscope-theme-section-composant-34-texte-image-slider.php -->\n<div class=\"text-image-slider fs-wysiwyg mb-8 mb-lg-12\" data-component=\"34-texte-image-slider\">\n\t<div class=\"container-fluid\" style=\"--bs-gutter-x: 0\">\n\t\t<div class=\"row\" style=\"--bs-gutter-x: 0\">\n\t\t\t<div class=\"col-lg-6\">\n\t\t\t\t<div class=\"text-image-slider__slider mb-7 mb-lg-12\">\n\t\t\t\t\t\t\t\t\t\t<div class=\"splide\">\n\t\t\t\t\t\t<div class=\"splide__track\">\n\t\t\t\t\t\t\t<div class=\"splide__list\">\n\t\t\t\t\t\t\t\t\t\t\t\t\t\t\t\t<div class=\"splide__slide\">\n\t\t\t\t\t\t\t\t\t<img decoding=\"async\" src=\"https:\/\/www.myallmeeting.com\/wp-content\/uploads\/2025\/03\/5347_H1-953x600.jpg\" width=\"953\" height=\"600\" alt=\"\" loading=\"lazy\">\n\t\t\t\t\t\t\t\t<\/div>\n\t\t\t\t\t\t\t\t\t\t\t\t\t\t\t\t\t\t\t\t\t\t\t\t\t<div class=\"splide__slide\">\n\t\t\t\t\t\t\t\t\t<img decoding=\"async\" src=\"https:\/\/www.myallmeeting.com\/wp-content\/uploads\/2025\/03\/5347_H2-953x600.jpg\" width=\"953\" height=\"600\" alt=\"\" loading=\"lazy\">\n\t\t\t\t\t\t\t\t<\/div>\n\t\t\t\t\t\t\t\t\t\t\t\t\t\t\t\t\t\t\t\t\t\t\t\t\t<div class=\"splide__slide\">\n\t\t\t\t\t\t\t\t\t<img decoding=\"async\" src=\"https:\/\/www.myallmeeting.com\/wp-content\/uploads\/2025\/03\/53BAA51-953x600.jpg\" width=\"953\" height=\"600\" alt=\"\" loading=\"lazy\">\n\t\t\t\t\t\t\t\t<\/div>\n\t\t\t\t\t\t\t\t\t\t\t\t\t\t\t\t\t\t\t\t\t\t\t\t\t<div class=\"splide__slide\">\n\t\t\t\t\t\t\t\t\t<img decoding=\"async\" src=\"https:\/\/www.myallmeeting.com\/wp-content\/uploads\/2025\/03\/A0F7_H1-953x600.jpg\" width=\"953\" height=\"600\" alt=\"\" loading=\"lazy\">\n\t\t\t\t\t\t\t\t<\/div>\n\t\t\t\t\t\t\t\t\t\t\t\t\t\t\t\t\t\t\t\t\t\t\t\t\t<div class=\"splide__slide\">\n\t\t\t\t\t\t\t\t\t<img decoding=\"async\" src=\"https:\/\/www.myallmeeting.com\/wp-content\/uploads\/2025\/03\/A0F7_S1-953x600.jpg\" width=\"953\" height=\"600\" alt=\"\" loading=\"lazy\">\n\t\t\t\t\t\t\t\t<\/div>\n\t\t\t\t\t\t\t\t\t\t\t\t\t\t\t\t\t\t\t\t\t\t\t\t<\/div>\n\t\t\t\t\t\t<\/div>\n\t\t\t\t\t\t<div class=\"splide__arrows d-none d-lg-block\">\n\t\t\t\t\t\t\t<button class=\"splide__arrow splide__arrow--prev px-lg-3 py-lg-4 px-xl-4 py-xl-5 px-xxl-5 py-xxl-7 position-absolute l-0 bg-white border-0\">\n\t\t\t\t\t\t\t\t<svg width=\"14\" height=\"27\" aria-hidden=\"true\">\n\t\t\t\t\t\t\t\t\t<use xlink:href=\"https:\/\/www.myallmeeting.com\/wp-content\/themes\/accor\/assets\/images\/sprite.svg#slider-prev\"><\/use>\n\t\t\t\t\t\t\t\t<\/svg>\n\t\t\t\t\t\t\t<\/button>\n\t\t\t\t\t\t\t<button class=\"splide__arrow splide__arrow--next px-lg-3 py-lg-4 px-xl-4 py-xl-5 px-xxl-5 py-xxl-7 position-absolute r-0 bg-white border-0\">\n\t\t\t\t\t\t\t\t<svg width=\"14\" height=\"27\" aria-hidden=\"true\">\n\t\t\t\t\t\t\t\t\t<use xlink:href=\"https:\/\/www.myallmeeting.com\/wp-content\/themes\/accor\/assets\/images\/sprite.svg#slider-prev\"><\/use>\n\t\t\t\t\t\t\t\t<\/svg>\n\t\t\t\t\t\t\t<\/button>\n\t\t\t\t\t\t<\/div>\n\t\t\t\t\t<\/div>\n\t\t\t\t\t\t\t\t\t<\/div>\n\t\t\t\t\t\t\t<\/div>\n\t\t\t<div class=\"col-lg-6\">\n\t\t\t\t<div class=\"text-image-slider__content mb-7 mb-lg-0\">\n\t\t\t\t\t\t\t\t\t\t\t\t\t\t\t<div class=\"fs-wysiwyg\">\n\t\t\t\t\t\t<p><em>Onde ficar: <\/em><a href=\"https:\/\/myallmeeting.com\/pt-pt\/hotel\/5347-pullman-berlin-schweizerhof\/\" target=\"_blank\" rel=\"noopener\"><strong>O Pullman Berlin Schweizerhof<\/strong>,<\/a> com uma localiza\u00e7\u00e3o central perto de Ku&#8217;damm e do Jardim Zool\u00f3gico de Berlim, oferece 18 salas de reuni\u00f5es flex\u00edveis com luz natural, Wi-Fi de alta velocidade e um sal\u00e3o Fit&amp;SPA para relaxar. <a href=\"https:\/\/myallmeeting.com\/pt-pt\/hotel\/a0f7-mercure-hotel-moa-berlin\/\" target=\"_blank\" rel=\"noopener\"><strong>O Mercure Hotel MOA Berlin<\/strong><\/a>, localizado apenas a 8 minutos de carro ou a 20 minutos de el\u00e9trico da principal esta\u00e7\u00e3o ferrovi\u00e1ria<span>\u00a0<\/span> , \u00e9 ideal para eventos de grande escala com 40 salas de reuni\u00f5es, incluindo um grande espa\u00e7o de 2.400 m\u00b2.<\/p>\n<p><em>Actividades de incentivo: <\/em>Os participantes podem explorar o hist\u00f3rico Reichstag, fazer um passeio guiado de arte de rua ou descontrair num dos muitos bares no telhado com vista para o horizonte de Berlim, como o Klunkerkranich.<\/p>\n<p>&nbsp;<\/p>\n\t\t\t\t\t<\/div>\n\t\t\t\t\t\t\t\t\t<\/div>\n\t\t\t\t\t\t\t<\/div>        \n\t\t<\/div>\n\t<\/div>\n<\/div>\n<!-- END OF : Composant : block-periscope-theme-section-composant-34-texte-image-slider.php -->\n\n\n<!-- START OF : Composant : block-periscope-theme-section-composant-34-texte-image-slider.php -->\n<!-- INVERSE -->\n<div class=\"text-image-slider fs-wysiwyg mb-8 mb-lg-12\" data-component=\"34-texte-image-slider\" data-reverse=\"oui\">\n<div class=\"container-fluid\" style=\"--bs-gutter-x: 0\">\n\t\t<div class=\"row\" style=\"--bs-gutter-x: 0\">\n\t\t\t<div class=\"col-lg-6\">\n\t\t\t\t<div class=\"text-image-slider__content mb-7 mb-lg-0\">\n\t\t\t\t\t\t\t\t\t\t\t\t\t\t\t<div class=\"fs-wysiwyg\">\n\t\t\t\t\t\t<p style=\"text-align: center;\"><strong>Hannover &#8211; a joia MICE subestimada<\/strong><\/p>\n<p>Muitas vezes negligenciada, Hannover oferece fortes liga\u00e7\u00f5es de transportes, incluindo um aeroporto internacional e liga\u00e7\u00f5es ferrovi\u00e1rias de alta velocidade. Hannover tem sido orgulhosamente reconhecida como Cidade da M\u00fasica pela UNESCO desde 2014, celebrando a sua din\u00e2mica cena musical local e as suas ricas tradi\u00e7\u00f5es culturais. \u00c9 tamb\u00e9m conhecida por acolher algumas das maiores feiras comerciais do mundo, o que a torna um destino de neg\u00f3cios fundamental na Alemanha. As excelentes liga\u00e7\u00f5es de el\u00e9trico e autocarro facilitam a navega\u00e7\u00e3o na cidade, enquanto as liga\u00e7\u00f5es diretas de transportes para o recinto de exposi\u00e7\u00f5es Hannover Messe e para o aeroporto garantem uma viagem sem problemas para os viajantes em neg\u00f3cios.<\/p>\n<p><em>Onde ficar: <\/em><a href=\"https:\/\/myallmeeting.com\/pt-pt\/hotel\/5390-novotel-hannover\/\" target=\"_blank\" rel=\"noopener\"><strong>O Novotel Hannover<\/strong>,<\/a> situado perto do centro de congressos, disp\u00f5e de espa\u00e7os contempor\u00e2neos para reuni\u00f5es e de uma \u00e1rea de bem-estar. O hotel \u00e9 ideal para combinar neg\u00f3cios com lazer, gra\u00e7as \u00e0 sua proximidade com os Jardins Herrenhausen e o Lago Maschsee.<\/p>\n<p><em>Actividades de incentivo:<\/em> Uma visita ao hist\u00f3rico Bahlsen Steam Engine Hall ou uma noite na \u00f3pera proporcionam oportunidades \u00fanicas de forma\u00e7\u00e3o de equipas. Em alternativa, as equipas podem explorar o vibrante bairro de Linden, conhecido pela sua mistura ecl\u00e9tica de caf\u00e9s, arte de rua e pontos de interesse cultural.<\/p>\n<h4 style=\"text-align: center;\"><strong>Frankfurt &#8211; o centro financeiro<\/strong><\/h4>\n<p>Frankfurt \u00e9 o cora\u00e7\u00e3o das finan\u00e7as europeias e uma escolha de topo para reuni\u00f5es de neg\u00f3cios. Com um dos aeroportos mais movimentados do mundo e excelentes transportes p\u00fablicos, \u00e9 um local privilegiado para eventos internacionais.<\/p>\n<p><em>Onde ficar: <\/em><strong><a href=\"https:\/\/myallmeeting.com\/pt-pt\/hotel\/b4i3-movenpick-hotel-frankfurt-city\/\" target=\"_blank\" rel=\"noopener\">O M\u00f6venpick Hotel Frankfurt City<\/a> <\/strong>est\u00e1 situado diretamente no recinto de exposi\u00e7\u00f5es, com o centro de confer\u00eancias Kap Europa e o amplo centro de conven\u00e7\u00f5es Festhalle mesmo \u00e0 sua porta. A principal esta\u00e7\u00e3o ferrovi\u00e1ria e a zona financeira ficam a 10 minutos a p\u00e9 do hotel e o centro da cidade pode ser alcan\u00e7ado por transportes p\u00fablicos em apenas 15 minutos. O hotel disp\u00f5e de 12 salas de reuni\u00f5es modernas com tecnologia de ponta, um terra\u00e7o panor\u00e2mico no telhado e um gin\u00e1sio de 130 m\u00b2 que oferece relaxamento ap\u00f3s um dia de reuni\u00f5es.<\/p>\n<p><em>Actividades de incentivo:<\/em> Visite as atrac\u00e7\u00f5es de Frankfurt, como o Palmengarten, a Casa Goethe, o hist\u00f3rico bairro R\u00f6mer ou fa\u00e7a um cruzeiro no rio Meno.<\/p>\n\t\t\t\t\t<\/div>\n\t\t\t\t\t\t\t\t\t<\/div>\n\t\t\t\t\t\t\t\t<div class=\"text-center d-lg-none px-8\">\n\t\t\t\t\t<!-- M\u00eame image -->\n\t\t\t\t\t<img decoding=\"async\" src=\"https:\/\/www.myallmeeting.com\/wp-content\/uploads\/2025\/03\/JOSHUA1-633x398.jpg\" width=\"633\" height=\"398\" alt=\"\" loading=\"lazy\">\n\t\t\t\t<\/div>\n\t\t\t\t\t\t\t<\/div>        \n\t\t\t<div class=\"col-lg-6 order-first order-lg-last\">\n\t\t\t\t<div class=\"text-image-slider__slider mb-7 mb-lg-12\">\n\t\t\t\t\t\t\t\t\t\t<div class=\"splide\">\n\t\t\t\t\t\t<div class=\"splide__track\">\n\t\t\t\t\t\t\t<div class=\"splide__list\">\n\t\t\t\t\t\t\t\t\t\t\t\t\t\t\t\t<div class=\"splide__slide\">\n\t\t\t\t\t\t\t\t\t<img decoding=\"async\" src=\"https:\/\/www.myallmeeting.com\/wp-content\/uploads\/2025\/03\/5390_S2-953x600.jpg\" width=\"953\" height=\"600\" alt=\"\" loading=\"lazy\">\n\t\t\t\t\t\t\t\t<\/div>\n\t\t\t\t\t\t\t\t\t\t\t\t\t\t\t\t\t\t\t\t\t\t\t\t\t<div class=\"splide__slide\">\n\t\t\t\t\t\t\t\t\t<img decoding=\"async\" src=\"https:\/\/www.myallmeeting.com\/wp-content\/uploads\/2025\/03\/B4I3_S2-953x600.jpg\" width=\"953\" height=\"600\" alt=\"\" loading=\"lazy\">\n\t\t\t\t\t\t\t\t<\/div>\n\t\t\t\t\t\t\t\t\t\t\t\t\t\t\t\t\t\t\t\t\t\t\t\t<\/div>\n\t\t\t\t\t\t<\/div>\n\t\t\t\t\t\t<div class=\"splide__arrows d-none d-lg-block\">\n\t\t\t\t\t\t\t<button class=\"splide__arrow splide__arrow--prev px-lg-3 py-lg-4 px-xl-4 py-xl-5 px-xxl-5 py-xxl-7 position-absolute l-0 bg-white border-0\">\n\t\t\t\t\t\t\t\t<svg width=\"14\" height=\"27\" aria-hidden=\"true\">\n\t\t\t\t\t\t\t\t\t<use xlink:href=\"https:\/\/www.myallmeeting.com\/wp-content\/themes\/accor\/assets\/images\/sprite.svg#slider-prev\"><\/use>\n\t\t\t\t\t\t\t\t<\/svg>\n\t\t\t\t\t\t\t<\/button>\n\t\t\t\t\t\t\t<button class=\"splide__arrow splide__arrow--next px-lg-3 py-lg-4 px-xl-4 py-xl-5 px-xxl-5 py-xxl-7 position-absolute r-0 bg-white border-0\">\n\t\t\t\t\t\t\t\t<svg width=\"14\" height=\"27\" aria-hidden=\"true\">\n\t\t\t\t\t\t\t\t\t<use xlink:href=\"https:\/\/www.myallmeeting.com\/wp-content\/themes\/accor\/assets\/images\/sprite.svg#slider-prev\"><\/use>\n\t\t\t\t\t\t\t\t<\/svg>\n\t\t\t\t\t\t\t<\/button>\n\t\t\t\t\t\t<\/div>\n\t\t\t\t\t<\/div>\n\t\t\t\t\t\t\t\t\t<\/div>\n\t\t\t\t\t\t\t\t\t<div class=\"text-image-slider__content d-none d-lg-block\">\n\t\t\t\t\t<!-- M\u00eame image -->\n\t\t\t\t\t<img decoding=\"async\" src=\"https:\/\/www.myallmeeting.com\/wp-content\/uploads\/2025\/03\/JOSHUA1-633x398.jpg\" width=\"633\" height=\"398\" alt=\"\" loading=\"lazy\">\n\t\t\t\t<\/div>\n\t\t\t\t\t\t\t<\/div>\n\t\t<\/div>\n\t<\/div>\n<\/div>\n<!-- END OF : Composant : block-periscope-theme-section-composant-34-texte-image-slider.php -->\n\n\n<!-- START OF : Composant : block-periscope-theme-section-composant-34-texte-image-slider.php -->\n<div class=\"text-image-slider fs-wysiwyg mb-8 mb-lg-12\" data-component=\"34-texte-image-slider\">\n\t<div class=\"container-fluid\" style=\"--bs-gutter-x: 0\">\n\t\t<div class=\"row\" style=\"--bs-gutter-x: 0\">\n\t\t\t<div class=\"col-lg-6\">\n\t\t\t\t<div class=\"text-image-slider__slider mb-7 mb-lg-12\">\n\t\t\t\t\t\t\t\t\t\t<div class=\"splide\">\n\t\t\t\t\t\t<div class=\"splide__track\">\n\t\t\t\t\t\t\t<div class=\"splide__list\">\n\t\t\t\t\t\t\t\t\t\t\t\t\t\t\t\t<div class=\"splide__slide\">\n\t\t\t\t\t\t\t\t\t<img decoding=\"async\" src=\"https:\/\/www.myallmeeting.com\/wp-content\/uploads\/2025\/03\/5563_S1-953x600.jpg\" width=\"953\" height=\"600\" alt=\"\" loading=\"lazy\">\n\t\t\t\t\t\t\t\t<\/div>\n\t\t\t\t\t\t\t\t\t\t\t\t\t\t\t\t\t\t\t\t\t\t\t\t\t<div class=\"splide__slide\">\n\t\t\t\t\t\t\t\t\t<img decoding=\"async\" src=\"https:\/\/www.myallmeeting.com\/wp-content\/uploads\/2025\/03\/5563_S2-953x600.jpg\" width=\"953\" height=\"600\" alt=\"\" loading=\"lazy\">\n\t\t\t\t\t\t\t\t<\/div>\n\t\t\t\t\t\t\t\t\t\t\t\t\t\t\t\t\t\t\t\t\t\t\t\t\t<div class=\"splide__slide\">\n\t\t\t\t\t\t\t\t\t<img decoding=\"async\" src=\"https:\/\/www.myallmeeting.com\/wp-content\/uploads\/2025\/03\/B414D31-953x600.jpg\" width=\"953\" height=\"600\" alt=\"\" loading=\"lazy\">\n\t\t\t\t\t\t\t\t<\/div>\n\t\t\t\t\t\t\t\t\t\t\t\t\t\t\t\t\t\t\t\t\t\t\t\t<\/div>\n\t\t\t\t\t\t<\/div>\n\t\t\t\t\t\t<div class=\"splide__arrows d-none d-lg-block\">\n\t\t\t\t\t\t\t<button class=\"splide__arrow splide__arrow--prev px-lg-3 py-lg-4 px-xl-4 py-xl-5 px-xxl-5 py-xxl-7 position-absolute l-0 bg-white border-0\">\n\t\t\t\t\t\t\t\t<svg width=\"14\" height=\"27\" aria-hidden=\"true\">\n\t\t\t\t\t\t\t\t\t<use xlink:href=\"https:\/\/www.myallmeeting.com\/wp-content\/themes\/accor\/assets\/images\/sprite.svg#slider-prev\"><\/use>\n\t\t\t\t\t\t\t\t<\/svg>\n\t\t\t\t\t\t\t<\/button>\n\t\t\t\t\t\t\t<button class=\"splide__arrow splide__arrow--next px-lg-3 py-lg-4 px-xl-4 py-xl-5 px-xxl-5 py-xxl-7 position-absolute r-0 bg-white border-0\">\n\t\t\t\t\t\t\t\t<svg width=\"14\" height=\"27\" aria-hidden=\"true\">\n\t\t\t\t\t\t\t\t\t<use xlink:href=\"https:\/\/www.myallmeeting.com\/wp-content\/themes\/accor\/assets\/images\/sprite.svg#slider-prev\"><\/use>\n\t\t\t\t\t\t\t\t<\/svg>\n\t\t\t\t\t\t\t<\/button>\n\t\t\t\t\t\t<\/div>\n\t\t\t\t\t<\/div>\n\t\t\t\t\t\t\t\t\t<\/div>\n\t\t\t\t\t\t\t\t<div class=\"text-image-slider__content d-none d-lg-block\">\n\t\t\t\t\t<!-- M\u00eame image -->\n\t\t\t\t\t<img decoding=\"async\" src=\"https:\/\/www.myallmeeting.com\/wp-content\/uploads\/2025\/03\/B4C5_H2-633x398.jpg\" width=\"633\" height=\"398\" alt=\"\" loading=\"lazy\">\n\t\t\t\t<\/div>\n\t\t\t\t\t\t\t<\/div>\n\t\t\t<div class=\"col-lg-6\">\n\t\t\t\t<div class=\"text-image-slider__content mb-7 mb-lg-0\">\n\t\t\t\t\t\t\t\t\t\t\t\t\t\t\t<div class=\"fs-wysiwyg\">\n\t\t\t\t\t\t<p style=\"text-align: center;\"><strong>Munique &#8211; o centro cultural e de neg\u00f3cios<\/strong><\/p>\n<p>Munique combina um forte ambiente empresarial com um rico patrim\u00f3nio cultural, o que a torna um excelente destino para MICE. O Aeroporto de Munique oferece amplas liga\u00e7\u00f5es internacionais, enquanto a eficiente rede de U-Bahn e S-Bahn da cidade assegura um r\u00e1pido acesso ao centro de exposi\u00e7\u00f5es Messe M\u00fcnchen, \u00e0s zonas empresariais e \u00e0s principais atrac\u00e7\u00f5es.<\/p>\n<p><em>Onde se hospedar: <\/em><strong><a href=\"https:\/\/myallmeeting.com\/pt-pt\/hotel\/5563-novotel-munich-messe\/\" target=\"_blank\" rel=\"noopener\">O Novotel M\u00fcnchen Messe<\/a> <\/strong>\u00e9 uma escolha de topo para viajantes em neg\u00f3cios, localizado diretamente junto ao centro de exposi\u00e7\u00f5es Messe M\u00fcnchen. O hotel disp\u00f5e de nove salas de reuni\u00f5es modernas com luz natural, um lounge bar com um terra\u00e7o e uma \u00e1rea de fitness para relaxar. Com um centro comercial ao lado e o metro a poucos passos de dist\u00e2ncia, proporciona f\u00e1cil acesso ao centro de Munique e aos principais locais de neg\u00f3cios.<\/p>\n<p><em>Actividades de incentivo:<\/em> Os participantes podem explorar a hist\u00f3rica Marienplatz, fazer uma visita guiada a uma f\u00e1brica de cerveja para conhecer a famosa cultura cervejeira de Munique ou visitar o Deutsches Museum para um olhar inspirador sobre a ci\u00eancia e a inova\u00e7\u00e3o. Para os entusiastas do ar livre, um passeio pelo Jardim Ingl\u00eas ou uma corrida no Bugapark proporcionam uma pausa refrescante das reuni\u00f5es.<\/p>\n<p style=\"text-align: center;\"><strong>Hamburgo &#8211; Um centro de neg\u00f3cios mar\u00edtimo<\/strong><\/p>\n<p>Hamburgo, a segunda maior cidade da Alemanha, oferece uma mistura \u00fanica de neg\u00f3cios e lazer. Com excelentes liga\u00e7\u00f5es a\u00e9reas e ferrovi\u00e1rias, \u00e9 um local ideal para MICE. Sendo uma importante cidade portu\u00e1ria, Hamburgo \u00e9 tamb\u00e9m um centro de com\u00e9rcio, inova\u00e7\u00e3o e cultura, oferecendo diversos locais e oportunidades de networking para profissionais de v\u00e1rios sectores.<\/p>\n<p><em>Onde ficar: <\/em><a href=\"https:\/\/myallmeeting.com\/pt-pt\/hotel\/b4c5-novotel-hamburg-central-station\/\" target=\"_blank\" rel=\"noopener\"><strong>O Novotel Hamburg Central Station<\/strong>,<\/a> localizado no centro da cidade, \u00e9 perfeito para eventos empresariais com cinco salas de reuni\u00f5es de alta tecnologia e uma \u00e1rea de fitness 24 horas por dia, 7 dias por semana. A sua proximidade com a Speicherstadt e a Elbphilharmonie facilita as excurs\u00f5es p\u00f3s-reuni\u00e3o.<\/p>\n<p><em>Actividades de incentivo: <\/em>Os participantes podem fazer um passeio de barco pelo pitoresco porto, deliciar-se com marisco fresco no famoso Fischmarkt, explorar a hist\u00f3rica Speicherstadt ou desfrutar de uma vista panor\u00e2mica da cidade a partir da Elbphilharmonie Plaza.<\/p>\n\t\t\t\t\t<\/div>\n\t\t\t\t\t\t\t\t\t<\/div>\n\t\t\t\t\t\t\t\t<div class=\"text-center d-lg-none px-8\">\n\t\t\t\t\t<!-- M\u00eame image -->\n\t\t\t\t\t<img decoding=\"async\" src=\"https:\/\/www.myallmeeting.com\/wp-content\/uploads\/2025\/03\/B4C5_H2-633x398.jpg\" width=\"633\" height=\"398\" alt=\"\" loading=\"lazy\">\n\t\t\t\t<\/div>\n\t\t\t\t\t\t\t<\/div>        \n\t\t<\/div>\n\t<\/div>\n<\/div>\n<!-- END OF : Composant : block-periscope-theme-section-composant-34-texte-image-slider.php -->\n\n\n<!-- START OF : Composant : block-periscope-theme-section-composant-34-texte-image-slider.php -->\n<!-- INVERSE -->\n<div class=\"text-image-slider fs-wysiwyg mb-8 mb-lg-12\" data-component=\"34-texte-image-slider\" data-reverse=\"oui\">\n<div class=\"container-fluid\" style=\"--bs-gutter-x: 0\">\n\t\t<div class=\"row\" style=\"--bs-gutter-x: 0\">\n\t\t\t<div class=\"col-lg-6\">\n\t\t\t\t<div class=\"text-image-slider__content mb-7 mb-lg-0\">\n\t\t\t\t\t\t\t\t\t\t<div class=\"fw-semibold lh-xs fs-20 fs-lg-32 ls--25 mb-5\">\u00c1ustria: Uma mistura perfeita de patrim\u00f3nio e modernidade<\/div>\n\t\t\t\t\t\t\t\t\t\t\t\t\t\t\t<div class=\"fs-wysiwyg\">\n\t\t\t\t\t\t<h4 style=\"text-align: center;\"><strong>Viena &#8211; a grandeza imperial encontra a excel\u00eancia MICE<\/strong><\/h4>\n<p>Como uma das cidades de congressos mais prestigiadas da Europa, Viena possui locais de eventos de classe mundial e uma excelente liga\u00e7\u00e3o de transportes atrav\u00e9s do Aeroporto Internacional de Viena. O sistema de transportes p\u00fablicos bem integrado da cidade, incluindo uma extensa rede de metro, el\u00e9trico e autocarro, garante um acesso r\u00e1pido e eficiente aos principais distritos empresariais, centros de exposi\u00e7\u00f5es e marcos culturais.<\/p>\n<p><em>Onde ficar: <\/em><strong><a href=\"https:\/\/myallmeeting.com\/pt-pt\/hotel\/6599-so-vienna\/\" target=\"_blank\" rel=\"noopener\">O SO\/ Vienna <\/a><\/strong>oferece oito elegantes salas de reuni\u00f5es com vistas panor\u00e2micas da cidade e um luxuoso spa para relaxamento p\u00f3s-evento, enquanto <a href=\"https:\/\/myallmeeting.com\/pt-pt\/hotel\/8565-novotel-wien-hauptbahnhof\/\" target=\"_blank\" rel=\"noopener\"><strong>o Novotel Wien Hauptbahnhof<\/strong>,<\/a> convenientemente localizado perto da esta\u00e7\u00e3o principal, oferece espa\u00e7os flex\u00edveis para eventos para at\u00e9 450 pessoas e uma \u00e1rea de fitness no telhado com vistas deslumbrantes da cidade. <strong><a href=\"https:\/\/myallmeeting.com\/pt-pt\/hotel\/5358-hotel-mercure-wien-westbahnhof\/\" target=\"_blank\" rel=\"noopener\">O Hotel Mercure Wien Westbahnhof<\/a> <\/strong>oferece seis salas de reuni\u00f5es bem equipadas numa localiza\u00e7\u00e3o privilegiada, juntamente com um restaurante no local que serve cozinha vienense moderna.<\/p>\n<p><em>Actividades de incentivo:<\/em> Os participantes podem desfrutar de um concerto cl\u00e1ssico no Pal\u00e1cio de Sch\u00f6nbrunn, de uma sess\u00e3o de degusta\u00e7\u00e3o de vinhos no Vale de Wachau, de um cruzeiro no Rio Dan\u00fabio ou explorar os caf\u00e9s hist\u00f3ricos de Viena para uma aut\u00eantica amostra da cultura de caf\u00e9s da cidade.<\/p>\n<p style=\"text-align: center;\"><strong>Salzburgo &#8211; Um destino c\u00e9nico para neg\u00f3cios<\/strong><\/p>\n<p>Salzburgo, o local de nascimento de Mozart, oferece um cen\u00e1rio pitoresco para reuni\u00f5es de empresas, combinando o encanto hist\u00f3rico com infra-estruturas modernas. Com excelentes liga\u00e7\u00f5es de transportes, incluindo o Aeroporto de Salzburgo e uma rede ferrovi\u00e1ria bem conectada, a cidade \u00e9 facilmente acess\u00edvel para eventos internacionais.<\/p>\n<p><em>Onde ficar: <\/em><a href=\"https:\/\/myallmeeting.com\/pt-pt\/hotel\/0984\/\" target=\"_blank\" rel=\"noopener\"><strong>O Hotel Mercure Salzburg City <\/strong><\/a>\u00e9 uma escolha privilegiada, com modernas instala\u00e7\u00f5es para confer\u00eancias e espa\u00e7os flex\u00edveis para reuni\u00f5es. A sua localiza\u00e7\u00e3o central, a uma curta dist\u00e2ncia a p\u00e9 da hist\u00f3rica Cidade Velha, garante um acesso f\u00e1cil a marcos culturais, restaurantes e \u00e1reas comerciais, tornando-o ideal tanto para neg\u00f3cios como para lazer.<\/p>\n<p><em>Actividades de incentivo: <\/em>Os participantes podem explorar a fortaleza de Hohensalzburg para apreciar as vistas deslumbrantes da cidade, fazer uma excurs\u00e3o guiada de Sound of Music ou desfrutar de uma excurs\u00e3o alpina \u00e0 regi\u00e3o vizinha de Salzkammergut, conhecida pelos seus lagos e montanhas de cortar a respira\u00e7\u00e3o.<\/p>\n\t\t\t\t\t<\/div>\n\t\t\t\t\t\t\t\t\t<\/div>\n\t\t\t\t\t\t\t\t<div class=\"text-center d-lg-none px-8\">\n\t\t\t\t\t<!-- M\u00eame image -->\n\t\t\t\t\t<img decoding=\"async\" src=\"https:\/\/www.myallmeeting.com\/wp-content\/uploads\/2025\/03\/6599_de_00_p_2048x1536-633x398.jpg\" width=\"633\" height=\"398\" alt=\"aerial view\" loading=\"lazy\">\n\t\t\t\t<\/div>\n\t\t\t\t\t\t\t<\/div>        \n\t\t\t<div class=\"col-lg-6 order-first order-lg-last\">\n\t\t\t\t<div class=\"text-image-slider__slider mb-7 mb-lg-12\">\n\t\t\t\t\t\t\t\t\t\t<div class=\"splide\">\n\t\t\t\t\t\t<div class=\"splide__track\">\n\t\t\t\t\t\t\t<div class=\"splide__list\">\n\t\t\t\t\t\t\t\t\t\t\t\t\t\t\t\t<div class=\"splide__slide\">\n\t\t\t\t\t\t\t\t\t<img decoding=\"async\" src=\"https:\/\/www.myallmeeting.com\/wp-content\/uploads\/2025\/03\/6599_H1-953x600.jpg\" width=\"953\" height=\"600\" alt=\"\" loading=\"lazy\">\n\t\t\t\t\t\t\t\t<\/div>\n\t\t\t\t\t\t\t\t\t\t\t\t\t\t\t\t\t\t\t\t\t\t\t\t\t<div class=\"splide__slide\">\n\t\t\t\t\t\t\t\t\t<img decoding=\"async\" src=\"https:\/\/www.myallmeeting.com\/wp-content\/uploads\/2025\/03\/6599_S1-953x600.jpg\" width=\"953\" height=\"600\" alt=\"\" loading=\"lazy\">\n\t\t\t\t\t\t\t\t<\/div>\n\t\t\t\t\t\t\t\t\t\t\t\t\t\t\t\t\t\t\t\t\t\t\t\t\t<div class=\"splide__slide\">\n\t\t\t\t\t\t\t\t\t<img decoding=\"async\" src=\"https:\/\/www.myallmeeting.com\/wp-content\/uploads\/2025\/03\/8565_S3-953x600.jpg\" width=\"953\" height=\"600\" alt=\"\" loading=\"lazy\">\n\t\t\t\t\t\t\t\t<\/div>\n\t\t\t\t\t\t\t\t\t\t\t\t\t\t\t\t\t\t\t\t\t\t\t\t\t<div class=\"splide__slide\">\n\t\t\t\t\t\t\t\t\t<img decoding=\"async\" src=\"https:\/\/www.myallmeeting.com\/wp-content\/uploads\/2025\/03\/5358_B1-953x600.jpg\" width=\"953\" height=\"600\" alt=\"\" loading=\"lazy\">\n\t\t\t\t\t\t\t\t<\/div>\n\t\t\t\t\t\t\t\t\t\t\t\t\t\t\t\t\t\t\t\t\t\t\t\t\t<div class=\"splide__slide\">\n\t\t\t\t\t\t\t\t\t<img decoding=\"async\" src=\"https:\/\/www.myallmeeting.com\/wp-content\/uploads\/2025\/03\/0984_H1-953x600.jpg\" width=\"953\" height=\"600\" alt=\"\" loading=\"lazy\">\n\t\t\t\t\t\t\t\t<\/div>\n\t\t\t\t\t\t\t\t\t\t\t\t\t\t\t\t\t\t\t\t\t\t\t\t<\/div>\n\t\t\t\t\t\t<\/div>\n\t\t\t\t\t\t<div class=\"splide__arrows d-none d-lg-block\">\n\t\t\t\t\t\t\t<button class=\"splide__arrow splide__arrow--prev px-lg-3 py-lg-4 px-xl-4 py-xl-5 px-xxl-5 py-xxl-7 position-absolute l-0 bg-white border-0\">\n\t\t\t\t\t\t\t\t<svg width=\"14\" height=\"27\" aria-hidden=\"true\">\n\t\t\t\t\t\t\t\t\t<use xlink:href=\"https:\/\/www.myallmeeting.com\/wp-content\/themes\/accor\/assets\/images\/sprite.svg#slider-prev\"><\/use>\n\t\t\t\t\t\t\t\t<\/svg>\n\t\t\t\t\t\t\t<\/button>\n\t\t\t\t\t\t\t<button class=\"splide__arrow splide__arrow--next px-lg-3 py-lg-4 px-xl-4 py-xl-5 px-xxl-5 py-xxl-7 position-absolute r-0 bg-white border-0\">\n\t\t\t\t\t\t\t\t<svg width=\"14\" height=\"27\" aria-hidden=\"true\">\n\t\t\t\t\t\t\t\t\t<use xlink:href=\"https:\/\/www.myallmeeting.com\/wp-content\/themes\/accor\/assets\/images\/sprite.svg#slider-prev\"><\/use>\n\t\t\t\t\t\t\t\t<\/svg>\n\t\t\t\t\t\t\t<\/button>\n\t\t\t\t\t\t<\/div>\n\t\t\t\t\t<\/div>\n\t\t\t\t\t\t\t\t\t<\/div>\n\t\t\t\t\t\t\t\t\t<div class=\"text-image-slider__content d-none d-lg-block\">\n\t\t\t\t\t<!-- M\u00eame image -->\n\t\t\t\t\t<img decoding=\"async\" src=\"https:\/\/www.myallmeeting.com\/wp-content\/uploads\/2025\/03\/6599_de_00_p_2048x1536-633x398.jpg\" width=\"633\" height=\"398\" alt=\"\" loading=\"lazy\">\n\t\t\t\t<\/div>\n\t\t\t\t\t\t\t<\/div>\n\t\t<\/div>\n\t<\/div>\n<\/div>\n<!-- END OF : Composant : block-periscope-theme-section-composant-34-texte-image-slider.php -->\n\n\n<!-- START OF : Composant : block-periscope-theme-section-composant-33-texte-image.php -->\n<div class=\"text-image fs-wysiwyg mb-8 mb-lg-12\" data-component=\"33-texte-image\">\n\t<div class=\"container-fluid\" style=\"--bs-gutter-x: 0\">\n\t\t<div class=\"row\" style=\"--bs-gutter-x: 0\">\n\t\t\t\t\t\t<div class=\"col-lg-6 mb-7 mb-lg-0\">\n\t\t\t\t<img decoding=\"async\" src=\"https:\/\/www.myallmeeting.com\/wp-content\/uploads\/2025\/03\/5742_sl_02_p_2048x1536-953x600.jpg\" width=\"953\" height=\"600\" alt=\"\" loading=\"lazy\" class=\"w-100\" \/>\n\t\t\t<\/div>\n\t\t\t\t\t\t<div class=\"col-lg-6\">\n\t\t\t\t<div class=\"text-image__content\">\n\t\t\t\t\t\t\t\t\t\t\t\t\t\t\t<div class=\"fs-wysiwyg\">\n\t\t\t\t\t\t<h4 style=\"text-align: center;\"><strong>Graz &#8211; a capital criativa da \u00c1ustria<\/strong><\/h4>\n<p>Graz, uma Cidade do Design da UNESCO, \u00e9 uma estrela em ascens\u00e3o no sector MICE com fortes liga\u00e7\u00f5es ferrovi\u00e1rias e a\u00e9reas. A cidade mistura sem esfor\u00e7o o charme hist\u00f3rico com a criatividade de vanguarda, tornando-a um destino ideal para eventos empresariais inovadores. A sua dimens\u00e3o compacta garante que os principais locais de eventos, hot\u00e9is e s\u00edtios culturais s\u00e3o facilmente acess\u00edveis.<\/p>\n<p><em>Onde ficar: <\/em><a href=\"https:\/\/myallmeeting.com\/pt-pt\/hotel\/0984\/\" target=\"_blank\" rel=\"noopener\"><strong>O Hotel Mercure Graz City<\/strong>,<\/a> localizado na moderna zona de Lend, oferece espa\u00e7os de reuni\u00e3o elegantes com comodidades modernas, tornando-o numa excelente escolha para reuni\u00f5es empresariais. A proximidade do hotel com o Schlossberg e o rio Mur permite aos participantes experimentar a beleza c\u00e9nica da cidade durante a sua estadia.<\/p>\n<p><em>Actividades de incentivo:<\/em> Uma visita culin\u00e1ria guiada pelo mercado de agricultores apresenta aos participantes as especialidades regionais e os sabores locais. Para uma experi\u00eancia mais envolvente, os participantes podem fazer uma visita guiada ao hist\u00f3rico Pal\u00e1cio Eggenberg, Patrim\u00f3nio Mundial da UNESCO, ou desfrutar de um passeio panor\u00e2mico pelo Schlossberg, que oferece vistas panor\u00e2micas da cidade.<\/p>\n\t\t\t\t\t<\/div>\n\t\t\t\t\t\t\t\t\t<\/div>\n\t\t\t<\/div>        \n\t\t<\/div>\n\t<\/div>\n<\/div>\n<!-- END OF : Composant : block-periscope-theme-section-composant-33-texte-image.php -->\n\n\n<!-- START OF : Composant : block-periscope-theme-section-composant-34-texte-image-slider.php -->\n<!-- INVERSE -->\n<div class=\"text-image-slider fs-wysiwyg mb-8 mb-lg-12\" data-component=\"34-texte-image-slider\" data-reverse=\"oui\">\n<div class=\"container-fluid\" style=\"--bs-gutter-x: 0\">\n\t\t<div class=\"row\" style=\"--bs-gutter-x: 0\">\n\t\t\t<div class=\"col-lg-6\">\n\t\t\t\t<div class=\"text-image-slider__content mb-7 mb-lg-0\">\n\t\t\t\t\t\t\t\t\t\t<div class=\"fw-semibold lh-xs fs-20 fs-lg-32 ls--25 mb-5\">Su\u00ed\u00e7a: sofistica\u00e7\u00e3o e efici\u00eancia<\/div>\n\t\t\t\t\t\t\t\t\t\t\t\t\t\t\t<div class=\"fs-wysiwyg\">\n\t\t\t\t\t\t<p style=\"text-align: center;\"><strong>Zurique &#8211; a pot\u00eancia financeira<\/strong><\/p>\n<p>A maior cidade da Su\u00ed\u00e7a \u00e9 um dos principais destinos MICE, oferecendo infra-estruturas de classe mundial e excelente conetividade. O Aeroporto de Zurique oferece voos diretos para centros globais, enquanto a eficiente rede de transportes p\u00fablicos da cidade garante um acesso f\u00e1cil aos distritos empresariais e aos locais dos eventos.<\/p>\n<p><em>Onde se hospedar: <\/em><a href=\"https:\/\/myallmeeting.com\/pt-pt\/hotel\/2731-novotel-zurich-city-west\/\" target=\"_blank\" rel=\"noopener\"><strong>O Novotel Zurich City-West<\/strong>, <\/a>perto do Technopark, possui nove salas de reuni\u00f5es de alta tecnologia e uma piscina para relaxar ap\u00f3s a confer\u00eancia. <a href=\"https:\/\/myallmeeting.com\/pt-pt\/hotel\/0884-novotel-zurich-airport-messe\/\" target=\"_blank\" rel=\"noopener\"><strong>O Novotel Zurich Airport Messe<\/strong>,<\/a> com liga\u00e7\u00f5es diretas de el\u00e9trico para o aeroporto e para o centro da cidade, oferece espa\u00e7os de reuni\u00e3o modernos e uma \u00e1rea de fitness bem equipada.<\/p>\n<p><em>Actividades de incentivo: <\/em>Os participantes podem fazer um passeio panor\u00e2mico de barco pelo Lago de Zurique, visitar o Museu da FIFA, explorar a hist\u00f3rica Cidade Velha ou experimentar um desafio imersivo de escape room.<\/p>\n<p style=\"text-align: center;\"><strong>Genebra &#8211; o centro diplom\u00e1tico mundial<\/strong><\/p>\n<p>Sede de organiza\u00e7\u00f5es internacionais e de grandes cimeiras, Genebra \u00e9 o local ideal para eventos empresariais de alto n\u00edvel. O Aeroporto de Genebra oferece amplas liga\u00e7\u00f5es internacionais, enquanto uma eficiente rede de el\u00e9ctricos e autocarros proporciona um acesso r\u00e1pido aos principais locais de eventos.<\/p>\n<p><em>Onde ficar: <\/em><strong><a href=\"https:\/\/myallmeeting.com\/pt-pt\/hotel\/3133-novotel-geneve-centre\/\" target=\"_blank\" rel=\"noopener\">O Novotel Gen\u00e8ve Centre<\/a> <\/strong>oferece cinco salas de reuni\u00f5es vers\u00e1teis, uma \u00e1rea de bem-estar e f\u00e1cil acesso ao Lago de Genebra. A sua localiza\u00e7\u00e3o perto da esta\u00e7\u00e3o ferrovi\u00e1ria de Cornavin garante uma viagem tranquila para outras cidades su\u00ed\u00e7as.<\/p>\n<p><em>Actividades de incentivo:<\/em> Os participantes podem visitar a sede das Na\u00e7\u00f5es Unidas, desfrutar de refei\u00e7\u00f5es requintadas junto ao lago, explorar a hist\u00f3rica Cidade Velha de Genebra ou fazer um cruzeiro panor\u00e2mico de barco pelo Lago Genebra.<\/p>\n\t\t\t\t\t<\/div>\n\t\t\t\t\t\t\t\t\t<\/div>\n\t\t\t\t\t\t\t\t<div class=\"text-center d-lg-none px-8\">\n\t\t\t\t\t<!-- M\u00eame image -->\n\t\t\t\t\t<img decoding=\"async\" src=\"https:\/\/www.myallmeeting.com\/wp-content\/uploads\/2025\/03\/0530_H1-633x398.jpg\" width=\"633\" height=\"398\" alt=\"\" loading=\"lazy\">\n\t\t\t\t<\/div>\n\t\t\t\t\t\t\t<\/div>        \n\t\t\t<div class=\"col-lg-6 order-first order-lg-last\">\n\t\t\t\t<div class=\"text-image-slider__slider mb-7 mb-lg-12\">\n\t\t\t\t\t\t\t\t\t\t<div class=\"splide\">\n\t\t\t\t\t\t<div class=\"splide__track\">\n\t\t\t\t\t\t\t<div class=\"splide__list\">\n\t\t\t\t\t\t\t\t\t\t\t\t\t\t\t\t<div class=\"splide__slide\">\n\t\t\t\t\t\t\t\t\t<img decoding=\"async\" src=\"https:\/\/www.myallmeeting.com\/wp-content\/uploads\/2025\/03\/HENRIQ1-953x600.jpg\" width=\"953\" height=\"600\" alt=\"\" loading=\"lazy\">\n\t\t\t\t\t\t\t\t<\/div>\n\t\t\t\t\t\t\t\t\t\t\t\t\t\t\t\t\t\t\t\t\t\t\t\t\t<div class=\"splide__slide\">\n\t\t\t\t\t\t\t\t\t<img decoding=\"async\" src=\"https:\/\/www.myallmeeting.com\/wp-content\/uploads\/2025\/03\/2731_S2-953x600.jpg\" width=\"953\" height=\"600\" alt=\"\" loading=\"lazy\">\n\t\t\t\t\t\t\t\t<\/div>\n\t\t\t\t\t\t\t\t\t\t\t\t\t\t\t\t\t\t\t\t\t\t\t\t\t<div class=\"splide__slide\">\n\t\t\t\t\t\t\t\t\t<img decoding=\"async\" src=\"https:\/\/www.myallmeeting.com\/wp-content\/uploads\/2025\/03\/0884_S1-953x600.jpg\" width=\"953\" height=\"600\" alt=\"\" loading=\"lazy\">\n\t\t\t\t\t\t\t\t<\/div>\n\t\t\t\t\t\t\t\t\t\t\t\t\t\t\t\t\t\t\t\t\t\t\t\t\t<div class=\"splide__slide\">\n\t\t\t\t\t\t\t\t\t<img decoding=\"async\" src=\"https:\/\/www.myallmeeting.com\/wp-content\/uploads\/2025\/03\/DEVAM-1-953x600.jpg\" width=\"953\" height=\"600\" alt=\"\" loading=\"lazy\">\n\t\t\t\t\t\t\t\t<\/div>\n\t\t\t\t\t\t\t\t\t\t\t\t\t\t\t\t\t\t\t\t\t\t\t\t<\/div>\n\t\t\t\t\t\t<\/div>\n\t\t\t\t\t\t<div class=\"splide__arrows d-none d-lg-block\">\n\t\t\t\t\t\t\t<button class=\"splide__arrow splide__arrow--prev px-lg-3 py-lg-4 px-xl-4 py-xl-5 px-xxl-5 py-xxl-7 position-absolute l-0 bg-white border-0\">\n\t\t\t\t\t\t\t\t<svg width=\"14\" height=\"27\" aria-hidden=\"true\">\n\t\t\t\t\t\t\t\t\t<use xlink:href=\"https:\/\/www.myallmeeting.com\/wp-content\/themes\/accor\/assets\/images\/sprite.svg#slider-prev\"><\/use>\n\t\t\t\t\t\t\t\t<\/svg>\n\t\t\t\t\t\t\t<\/button>\n\t\t\t\t\t\t\t<button class=\"splide__arrow splide__arrow--next px-lg-3 py-lg-4 px-xl-4 py-xl-5 px-xxl-5 py-xxl-7 position-absolute r-0 bg-white border-0\">\n\t\t\t\t\t\t\t\t<svg width=\"14\" height=\"27\" aria-hidden=\"true\">\n\t\t\t\t\t\t\t\t\t<use xlink:href=\"https:\/\/www.myallmeeting.com\/wp-content\/themes\/accor\/assets\/images\/sprite.svg#slider-prev\"><\/use>\n\t\t\t\t\t\t\t\t<\/svg>\n\t\t\t\t\t\t\t<\/button>\n\t\t\t\t\t\t<\/div>\n\t\t\t\t\t<\/div>\n\t\t\t\t\t\t\t\t\t<\/div>\n\t\t\t\t\t\t\t\t\t<div class=\"text-image-slider__content d-none d-lg-block\">\n\t\t\t\t\t<!-- M\u00eame image -->\n\t\t\t\t\t<img decoding=\"async\" src=\"https:\/\/www.myallmeeting.com\/wp-content\/uploads\/2025\/03\/0530_H1-633x398.jpg\" width=\"633\" height=\"398\" alt=\"\" loading=\"lazy\">\n\t\t\t\t<\/div>\n\t\t\t\t\t\t\t<\/div>\n\t\t<\/div>\n\t<\/div>\n<\/div>\n<!-- END OF : Composant : block-periscope-theme-section-composant-34-texte-image-slider.php -->\n\n\n<!-- START OF : Composant : block-periscope-theme-section-composant-33-texte-image.php -->\n<div class=\"text-image fs-wysiwyg mb-8 mb-lg-12\" data-component=\"33-texte-image\">\n\t<div class=\"container-fluid\" style=\"--bs-gutter-x: 0\">\n\t\t<div class=\"row\" style=\"--bs-gutter-x: 0\">\n\t\t\t\t\t\t<div class=\"col-lg-6 mb-7 mb-lg-0\">\n\t\t\t\t<img decoding=\"async\" src=\"https:\/\/www.myallmeeting.com\/wp-content\/uploads\/2025\/03\/A5A4_S1-953x600.jpg\" width=\"953\" height=\"600\" alt=\"\" loading=\"lazy\" class=\"w-100\" \/>\n\t\t\t<\/div>\n\t\t\t\t\t\t<div class=\"col-lg-6\">\n\t\t\t\t<div class=\"text-image__content\">\n\t\t\t\t\t\t\t\t\t\t\t\t\t\t\t<div class=\"fs-wysiwyg\">\n\t\t\t\t\t\t<p style=\"text-align: center;\"><strong>Montreux &#8211; o derradeiro retiro de incentivos<\/strong><\/p>\n<p>Situada entre o Lago de Genebra e os Alpes, Montreux \u00e9 um local deslumbrante para retiros de empresas. Com boas liga\u00e7\u00f5es ferrovi\u00e1rias ao aeroporto de Genebra, oferece uma mistura inspiradora de oportunidades de neg\u00f3cios e de lazer.<\/p>\n<p><em>Onde ficar: <\/em><a href=\"https:\/\/myallmeeting.com\/pt-pt\/hotel\/a5a4-fairmont-le-montreux-palace\/\" target=\"_blank\" rel=\"noopener\"><strong>O Fairmont Le Montreux Palace<\/strong><\/a>, um marco da Belle \u00c9poque, possui 20 salas de reuni\u00f5es sofisticadas e um spa de luxo, proporcionando um cen\u00e1rio elegante para reuni\u00f5es de executivos. Este hotel tamb\u00e9m disp\u00f5e de terra\u00e7os deslumbrantes \u00e0 beira do lago, perfeitos para eventos exclusivos de networking e recep\u00e7\u00f5es privadas.<\/p>\n<p><em>Actividades de incentivo: <\/em>Uma visita ao Castelo de Chillon, um passeio panor\u00e2mico de comboio at\u00e9 ao Glaciar 3000, assistir ao Festival de Jazz de Montreux ou uma experi\u00eancia de degusta\u00e7\u00e3o de vinhos nas vinhas de Lavaux, nas proximidades, criar\u00e3o mem\u00f3rias inesquec\u00edveis para os participantes.<\/p>\n\t\t\t\t\t<\/div>\n\t\t\t\t\t\t\t\t\t<\/div>\n\t\t\t<\/div>        \n\t\t<\/div>\n\t<\/div>\n<\/div>\n<!-- END OF : Composant : block-periscope-theme-section-composant-33-texte-image.php -->\n\n\n<div class=\"container fs-wysiwyg mb-5\">\n<p class=\"has-text-align-center\"><strong>Conclus\u00e3o<\/strong><\/p>\n<\/div>\n\n<div class=\"container fs-wysiwyg mb-5\">\n<p class=\"has-text-align-center\">A Europa Central apresenta uma grande variedade de oportunidades para eventos MICE, combinando conetividade de alto n\u00edvel com ambientes modernos e inspiradores. Quer se trate de uma confer\u00eancia de grande escala em Frankfurt, de uma viagem de incentivo a Montreux ou de uma reuni\u00e3o de dire\u00e7\u00e3o exclusiva em Viena, o diversificado portf\u00f3lio de hot\u00e9is da Accor garante uma combina\u00e7\u00e3o perfeita para cada evento. Ao escolher um destes destinos vibrantes, os organizadores de reuni\u00f5es podem criar experi\u00eancias memor\u00e1veis e produtivas enquanto desfrutam da facilidade de liga\u00e7\u00e3o e da hospitalidade de classe mundial.<\/p>\n<\/div>","protected":false},"excerpt":{"rendered":"<p>Para os organizadores de reuni\u00f5es e eventos, a conetividade e a tend\u00eancia s\u00e3o factores-chave na sele\u00e7\u00e3o de um destino. <\/p>\n","protected":false},"featured_media":18552684,"menu_order":0,"template":"","periscope_categorie_tax":[],"class_list":["post-18553621","article","type-article","status-publish","has-post-thumbnail","hentry"],"acf":[],"yoast_head":"<title>Destinos MICE modernos e com boas liga\u00e7\u00f5es na Europa Central - Accor MyAllMeeting.com<\/title>\n<meta name=\"description\" content=\"D\u00e9couvrez les destinations MICE les plus tendances et connect\u00e9es en Europe Centrale, avec l&#039;Allemagne, l&#039;Autriche et la Suisse.\" \/>\n<meta name=\"robots\" content=\"index, follow, max-snippet:-1, max-image-preview:large, max-video-preview:-1\" \/>\n<link rel=\"canonical\" href=\"https:\/\/www.myallmeeting.com\/pt-pt\/wp-json\/wp\/v2\/article\/18553621\" \/>\n<meta property=\"og:locale\" content=\"pt_PT\" \/>\n<meta property=\"og:type\" content=\"article\" \/>\n<meta property=\"og:title\" content=\"Destinos MICE modernos e com boas liga\u00e7\u00f5es na Europa Central - Accor MyAllMeeting.com\" \/>\n<meta property=\"og:description\" content=\"D\u00e9couvrez les destinations MICE les plus tendances et connect\u00e9es en Europe Centrale, avec l&#039;Allemagne, l&#039;Autriche et la Suisse.\" \/>\n<meta property=\"og:url\" content=\"https:\/\/www.myallmeeting.com\/pt-pt\/article\/destinations-mice-tendances-et-bien-connectees-en-europe-centrale\/\" \/>\n<meta property=\"og:site_name\" content=\"Accor MyAllMeeting.com\" \/>\n<meta property=\"article:modified_time\" content=\"2025-07-23T08:12:28+00:00\" \/>\n<meta property=\"og:image\" content=\"http:\/\/myallmeeting.com\/wp-content\/uploads\/2025\/03\/MAM-imagery-1920-x-570-px-Baniere-1.png\" \/>\n\t<meta property=\"og:image:width\" content=\"1920\" \/>\n\t<meta property=\"og:image:height\" content=\"570\" \/>\n\t<meta property=\"og:image:type\" content=\"image\/png\" \/>\n<meta name=\"twitter:card\" content=\"summary_large_image\" \/>\n<meta name=\"twitter:label1\" content=\"Est. reading time\" \/>\n\t<meta name=\"twitter:data1\" content=\"17 minutes\" \/>\n<script type=\"application\/ld+json\" class=\"yoast-schema-graph\">{\"@context\":\"https:\/\/schema.org\",\"@graph\":[{\"@type\":\"WebPage\",\"@id\":\"https:\/\/www.myallmeeting.com\/pt-pt\/article\/destinations-mice-tendances-et-bien-connectees-en-europe-centrale\/\",\"url\":\"https:\/\/www.myallmeeting.com\/pt-pt\/article\/destinations-mice-tendances-et-bien-connectees-en-europe-centrale\/\",\"name\":\"Destinos MICE modernos e com boas liga\u00e7\u00f5es na Europa Central - Accor MyAllMeeting.com\",\"isPartOf\":{\"@id\":\"https:\/\/www.myallmeeting.com\/pt-pt\/#website\"},\"primaryImageOfPage\":{\"@id\":\"https:\/\/www.myallmeeting.com\/pt-pt\/article\/destinations-mice-tendances-et-bien-connectees-en-europe-centrale\/#primaryimage\"},\"image\":{\"@id\":\"https:\/\/www.myallmeeting.com\/pt-pt\/article\/destinations-mice-tendances-et-bien-connectees-en-europe-centrale\/#primaryimage\"},\"thumbnailUrl\":\"https:\/\/www.myallmeeting.com\/wp-content\/uploads\/2025\/03\/MAM-imagery-1920-x-570-px-Baniere-1.png\",\"datePublished\":\"2025-03-06T21:56:49+00:00\",\"dateModified\":\"2025-07-23T08:12:28+00:00\",\"description\":\"D\u00e9couvrez les destinations MICE les plus tendances et connect\u00e9es en Europe Centrale, avec l'Allemagne, l'Autriche et la Suisse.\",\"breadcrumb\":{\"@id\":\"https:\/\/www.myallmeeting.com\/pt-pt\/article\/destinations-mice-tendances-et-bien-connectees-en-europe-centrale\/#breadcrumb\"},\"inLanguage\":\"pt-PT\",\"potentialAction\":[{\"@type\":\"ReadAction\",\"target\":[\"https:\/\/www.myallmeeting.com\/pt-pt\/article\/destinations-mice-tendances-et-bien-connectees-en-europe-centrale\/\"]}]},{\"@type\":\"ImageObject\",\"inLanguage\":\"pt-PT\",\"@id\":\"https:\/\/www.myallmeeting.com\/pt-pt\/article\/destinations-mice-tendances-et-bien-connectees-en-europe-centrale\/#primaryimage\",\"url\":\"https:\/\/www.myallmeeting.com\/wp-content\/uploads\/2025\/03\/MAM-imagery-1920-x-570-px-Baniere-1.png\",\"contentUrl\":\"https:\/\/www.myallmeeting.com\/wp-content\/uploads\/2025\/03\/MAM-imagery-1920-x-570-px-Baniere-1.png\",\"width\":1920,\"height\":570,\"caption\":\"montreux lake hotel\"},{\"@type\":\"BreadcrumbList\",\"@id\":\"https:\/\/www.myallmeeting.com\/pt-pt\/article\/destinations-mice-tendances-et-bien-connectees-en-europe-centrale\/#breadcrumb\",\"itemListElement\":[{\"@type\":\"ListItem\",\"position\":1,\"name\":\"P\u00e1gina inicial\",\"item\":\"https:\/\/myallmeeting.com\/pt-pt\/\"},{\"@type\":\"ListItem\",\"position\":2,\"name\":\"Not\u00edcias\",\"item\":\"https:\/\/www.myallmeeting.com\/pt-pt\/noticias\/\"},{\"@type\":\"ListItem\",\"position\":3,\"name\":\"Destinos MICE modernos e com boas liga\u00e7\u00f5es na Europa Central\"}]},{\"@type\":\"WebSite\",\"@id\":\"https:\/\/www.myallmeeting.com\/pt-pt\/#website\",\"url\":\"https:\/\/www.myallmeeting.com\/pt-pt\/\",\"name\":\"Accor MyAllMeeting.com\",\"description\":\"Les Meilleurs lieux pour vos Ev\u00e9nements Professionnels\",\"publisher\":{\"@id\":\"https:\/\/www.myallmeeting.com\/pt-pt\/#organization\"},\"potentialAction\":[{\"@type\":\"SearchAction\",\"target\":{\"@type\":\"EntryPoint\",\"urlTemplate\":\"https:\/\/www.myallmeeting.com\/pt-pt\/?s={search_term_string}\"},\"query-input\":{\"@type\":\"PropertyValueSpecification\",\"valueRequired\":true,\"valueName\":\"search_term_string\"}}],\"inLanguage\":\"pt-PT\"},{\"@type\":\"Organization\",\"@id\":\"https:\/\/www.myallmeeting.com\/pt-pt\/#organization\",\"name\":\"ACCOR\",\"url\":\"https:\/\/www.myallmeeting.com\/pt-pt\/\",\"logo\":{\"@type\":\"ImageObject\",\"inLanguage\":\"pt-PT\",\"@id\":\"https:\/\/www.myallmeeting.com\/pt-pt\/#\/schema\/logo\/image\/\",\"url\":\"\",\"contentUrl\":\"\",\"caption\":\"ACCOR\"},\"image\":{\"@id\":\"https:\/\/www.myallmeeting.com\/pt-pt\/#\/schema\/logo\/image\/\"}}]}<\/script>","yoast_head_json":{"title":"Destinos MICE modernos e com boas liga\u00e7\u00f5es na Europa Central - Accor MyAllMeeting.com","description":"D\u00e9couvrez les destinations MICE les plus tendances et connect\u00e9es en Europe Centrale, avec l'Allemagne, l'Autriche et la Suisse.","robots":{"index":"index","follow":"follow","max-snippet":"max-snippet:-1","max-image-preview":"max-image-preview:large","max-video-preview":"max-video-preview:-1"},"canonical":"https:\/\/www.myallmeeting.com\/pt-pt\/wp-json\/wp\/v2\/article\/18553621","og_locale":"pt_PT","og_type":"article","og_title":"Destinos MICE modernos e com boas liga\u00e7\u00f5es na Europa Central - Accor MyAllMeeting.com","og_description":"D\u00e9couvrez les destinations MICE les plus tendances et connect\u00e9es en Europe Centrale, avec l'Allemagne, l'Autriche et la Suisse.","og_url":"https:\/\/www.myallmeeting.com\/pt-pt\/article\/destinations-mice-tendances-et-bien-connectees-en-europe-centrale\/","og_site_name":"Accor MyAllMeeting.com","article_modified_time":"2025-07-23T08:12:28+00:00","og_image":[{"width":1920,"height":570,"url":"http:\/\/myallmeeting.com\/wp-content\/uploads\/2025\/03\/MAM-imagery-1920-x-570-px-Baniere-1.png","type":"image\/png"}],"twitter_card":"summary_large_image","twitter_misc":{"Est. reading time":"17 minutes"},"schema":{"@context":"https:\/\/schema.org","@graph":[{"@type":"WebPage","@id":"https:\/\/www.myallmeeting.com\/pt-pt\/article\/destinations-mice-tendances-et-bien-connectees-en-europe-centrale\/","url":"https:\/\/www.myallmeeting.com\/pt-pt\/article\/destinations-mice-tendances-et-bien-connectees-en-europe-centrale\/","name":"Destinos MICE modernos e com boas liga\u00e7\u00f5es na Europa Central - Accor MyAllMeeting.com","isPartOf":{"@id":"https:\/\/www.myallmeeting.com\/pt-pt\/#website"},"primaryImageOfPage":{"@id":"https:\/\/www.myallmeeting.com\/pt-pt\/article\/destinations-mice-tendances-et-bien-connectees-en-europe-centrale\/#primaryimage"},"image":{"@id":"https:\/\/www.myallmeeting.com\/pt-pt\/article\/destinations-mice-tendances-et-bien-connectees-en-europe-centrale\/#primaryimage"},"thumbnailUrl":"https:\/\/www.myallmeeting.com\/wp-content\/uploads\/2025\/03\/MAM-imagery-1920-x-570-px-Baniere-1.png","datePublished":"2025-03-06T21:56:49+00:00","dateModified":"2025-07-23T08:12:28+00:00","description":"D\u00e9couvrez les destinations MICE les plus tendances et connect\u00e9es en Europe Centrale, avec l'Allemagne, l'Autriche et la Suisse.","breadcrumb":{"@id":"https:\/\/www.myallmeeting.com\/pt-pt\/article\/destinations-mice-tendances-et-bien-connectees-en-europe-centrale\/#breadcrumb"},"inLanguage":"pt-PT","potentialAction":[{"@type":"ReadAction","target":["https:\/\/www.myallmeeting.com\/pt-pt\/article\/destinations-mice-tendances-et-bien-connectees-en-europe-centrale\/"]}]},{"@type":"ImageObject","inLanguage":"pt-PT","@id":"https:\/\/www.myallmeeting.com\/pt-pt\/article\/destinations-mice-tendances-et-bien-connectees-en-europe-centrale\/#primaryimage","url":"https:\/\/www.myallmeeting.com\/wp-content\/uploads\/2025\/03\/MAM-imagery-1920-x-570-px-Baniere-1.png","contentUrl":"https:\/\/www.myallmeeting.com\/wp-content\/uploads\/2025\/03\/MAM-imagery-1920-x-570-px-Baniere-1.png","width":1920,"height":570,"caption":"montreux lake hotel"},{"@type":"BreadcrumbList","@id":"https:\/\/www.myallmeeting.com\/pt-pt\/article\/destinations-mice-tendances-et-bien-connectees-en-europe-centrale\/#breadcrumb","itemListElement":[{"@type":"ListItem","position":1,"name":"P\u00e1gina inicial","item":"https:\/\/myallmeeting.com\/pt-pt\/"},{"@type":"ListItem","position":2,"name":"Not\u00edcias","item":"https:\/\/www.myallmeeting.com\/pt-pt\/noticias\/"},{"@type":"ListItem","position":3,"name":"Destinos MICE modernos e com boas liga\u00e7\u00f5es na Europa Central"}]},{"@type":"WebSite","@id":"https:\/\/www.myallmeeting.com\/pt-pt\/#website","url":"https:\/\/www.myallmeeting.com\/pt-pt\/","name":"Accor MyAllMeeting.com","description":"Les Meilleurs lieux pour vos Ev\u00e9nements Professionnels","publisher":{"@id":"https:\/\/www.myallmeeting.com\/pt-pt\/#organization"},"potentialAction":[{"@type":"SearchAction","target":{"@type":"EntryPoint","urlTemplate":"https:\/\/www.myallmeeting.com\/pt-pt\/?s={search_term_string}"},"query-input":{"@type":"PropertyValueSpecification","valueRequired":true,"valueName":"search_term_string"}}],"inLanguage":"pt-PT"},{"@type":"Organization","@id":"https:\/\/www.myallmeeting.com\/pt-pt\/#organization","name":"ACCOR","url":"https:\/\/www.myallmeeting.com\/pt-pt\/","logo":{"@type":"ImageObject","inLanguage":"pt-PT","@id":"https:\/\/www.myallmeeting.com\/pt-pt\/#\/schema\/logo\/image\/","url":"","contentUrl":"","caption":"ACCOR"},"image":{"@id":"https:\/\/www.myallmeeting.com\/pt-pt\/#\/schema\/logo\/image\/"}}]}},"_links":{"self":[{"href":"https:\/\/www.myallmeeting.com\/pt-pt\/wp-json\/wp\/v2\/article\/18553621","targetHints":{"allow":["GET"]}}],"collection":[{"href":"https:\/\/www.myallmeeting.com\/pt-pt\/wp-json\/wp\/v2\/article"}],"about":[{"href":"https:\/\/www.myallmeeting.com\/pt-pt\/wp-json\/wp\/v2\/types\/article"}],"wp:featuredmedia":[{"embeddable":true,"href":"https:\/\/www.myallmeeting.com\/pt-pt\/wp-json\/wp\/v2\/media\/18552684"}],"wp:attachment":[{"href":"https:\/\/www.myallmeeting.com\/pt-pt\/wp-json\/wp\/v2\/media?parent=18553621"}],"wp:term":[{"taxonomy":"periscope_categorie_tax","embeddable":true,"href":"https:\/\/www.myallmeeting.com\/pt-pt\/wp-json\/wp\/v2\/periscope_categorie_tax?post=18553621"}],"curies":[{"name":"wp","href":"https:\/\/api.w.org\/{rel}","templated":true}]}}