{"id":16229991,"date":"2024-08-06T12:29:13","date_gmt":"2024-08-06T10:29:13","guid":{"rendered":"https:\/\/myallmeeting.com\/?post_type=article&#038;p=16229991"},"modified":"2024-08-07T17:41:58","modified_gmt":"2024-08-07T15:41:58","slug":"vue-mer-ou-montagne-pour-votre-evenement-estival","status":"publish","type":"article","link":"https:\/\/www.myallmeeting.com\/pt-pt\/article\/vue-mer-ou-montagne-pour-votre-evenement-estival\/","title":{"rendered":"Vista para o mar ou para a montanha para o seu evento de ver\u00e3o?"},"content":{"rendered":"<!-- START OF : Composant : block-periscope-theme-section-composant-25-texte-cta-2-images.php -->\n<div class=\"tcta2ia bg-white fs-wysiwyg mb-lg-12\" data-component=\"25-texte-cta-2-images\">\n\t<div class=\"tcta2ia__top\">\n\t\t<div class=\"container-fluid\" style=\"--bs-gutter-x: 0\">\n\t\t\t<div class=\"row\" style=\"--bs-gutter-x: 0\">\n\t\t\t\t<div class=\"col-lg-8\">\n\t\t\t\t\t\t\t\t\t\t<div class=\"bloc-mise-en-avant__top__left\">\n\t\t\t\t\t\t<img decoding=\"async\" src=\"https:\/\/www.myallmeeting.com\/wp-content\/uploads\/2024\/07\/mountain-1268x846.jpg\" class=\"pe-2 pe-lg-0\" width=\"1268\" height=\"846\" alt=\"\" loading=\"lazy\" \/>\n\t\t\t\t\t<\/div>\n\t\t\t\t\t\t\t\t\t\t<div class=\"tcta2ia__bottom d-none d-lg-block pb-12 pt-lg-9 pb-lg-0 pe-lg-10\">\n\t\t\t\t\t\t\t\t\t\t\t\t<h2 class=\"fs-20 fs-lg-32 fw-semibold\">Montanhas vs. beira-mar: Um dilema agrad\u00e1vel de defini\u00e7\u00e3o de evento<\/h2>\n\t\t\t\t\t\t\t\t\t\t\t\t\t\t\t\t\t\t<div class=\"fs-wysiwyg\"><p>Os eventos realizados em regi\u00f5es montanhosas e em locais \u00e0 beira-mar oferecem benef\u00edcios \u00fanicos que respondem a diferentes objetivos do evento e expetativas dos participantes. A compreens\u00e3o destes ambientes contrastantes ajud\u00e1-lo-\u00e1 a escolher o cen\u00e1rio ideal que melhor se adapta aos objetivos do seu evento.<\/p>\n<\/div>\n\t\t\t\t\t\t\t\t\t\t\t\t<div class=\"d-flex flex-column flex-lg-row align-items-center gap-5 gap-lg-8 justify-content-between\">\n\t\t\t\t\t\t\t<div class=\"fs-20 fs-lg-26 fw-semibold lh-xs\"><\/div>\n\t\t\t\t\t\t\t\t\t\t\t\t\t<\/div>\n\t\t\t\t\t<\/div>\n\t\t\t\t<\/div>\n\t\t\t\t<div class=\"col-lg-4\">\n\t\t\t\t\t<div class=\"tcta2ia__top__right t-0 r-0 bg-primary text-white pt-4 pb-4 px-2 pt-lg-8 pb-lg-16 px-lg-11 pb-xl-30\">\n\t\t\t\t\t\t\t\t\t\t\t\t\t\t\t\t\t\t<h2 class=\"unna fs-36 fs-lg-51 fs-xl-75 fs-italic fw-normal text-secondary\">Vista para o mar ou para a montanha para o seu evento de ver\u00e3o?<\/h2>\n\t\t\t\t\t\t\t\t\t\t\t\t\t\t\t\t\t\t<h3 class=\"text-white fs-18 fs-lg-20 fs-xl-28 text-original-case\">O ver\u00e3o est\u00e1 a chegar \u2013 uma sele\u00e7\u00e3o de cen\u00e1rios deslumbrantes para o seu pr\u00f3ximo evento<\/h3>\n\t\t\t\t\t\t\t\t\t\t\t\t\t\t\t\t\t\t<div class=\"fs-wysiwyg mb-4 fs-lg-16 fs-xl-20\"><p>\u00c0 medida que a \u00e9poca de ver\u00e3o se aproxima, os profissionais de gest\u00e3o e os organizadores de eventos enfrentam a entusiasmante tarefa de decidir onde organizar os seus pr\u00f3ximos eventos e reuni\u00f5es. A Accor oferece um extenso portf\u00f3lio na Europa e no Norte de \u00c1frica, apresentando uma vasta gama de lugares deslumbrantes \u00e0 sua escolha. Quer se sinta atra\u00eddo pelas alturas tranquilas dos Alpes ou pelas margens douradas do Mediterr\u00e2neo, vamos explorar as vantagens de ambas as op\u00e7\u00f5es para o ajudar a decidir.<\/p>\n<\/div>\n\t\t\t\t\t\t\t\t\t\t\t\t\t\t\t\t\t\t\t\t\t\t\t\t<p class=\"m-0\"><img decoding=\"async\" src=\"https:\/\/www.myallmeeting.com\/wp-content\/uploads\/2024\/07\/Mercure-Monte-Igueldo-2-633x398.jpg\" class=\"position-relative l-0\" width=\"633\" height=\"398\" alt=\"\" loading=\"lazy\" \/><\/p>\n\t\t\t\t\t\t\t\t\t\t\t<\/div>\n\t\t\t\t<\/div>\n\t\t\t<\/div>\n\t\t<\/div>\n\t<\/div>\n\t<div class=\"tcta2ia__bottom d-lg-none pb-12 py-lg-9 pe-lg-10\">\n\t\t\t\t<div class=\"h2 fs-20 fs-lg-32 fw-semibold\">Montanhas vs. beira-mar: Um dilema agrad\u00e1vel de defini\u00e7\u00e3o de evento<\/div>\n\t\t\t\t\t\t<div class=\"fs-wysiwyg\"><p>Os eventos realizados em regi\u00f5es montanhosas e em locais \u00e0 beira-mar oferecem benef\u00edcios \u00fanicos que respondem a diferentes objetivos do evento e expetativas dos participantes. A compreens\u00e3o destes ambientes contrastantes ajud\u00e1-lo-\u00e1 a escolher o cen\u00e1rio ideal que melhor se adapta aos objetivos do seu evento.<\/p>\n<\/div>\n\t\t\t\t<div class=\"d-flex flex-column flex-lg-row align-items-center gap-5 gap-lg-8 justify-content-between\">\n\t\t\t<div class=\"fs-20 fs-lg-26 fw-semibold lh-xs\"><\/div>\n\t\t\t\t\t<\/div>\n\t<\/div>\n<\/div>\n<!-- END OF : Composant : block-periscope-theme-section-composant-25-texte-cta-2-images.php -->\n\n\n<!-- START OF : Composant : block-periscope-theme-section-composant-33-texte-image.php -->\n<div class=\"text-image fs-wysiwyg mb-8 mb-lg-12\" data-component=\"33-texte-image\">\n\t<div class=\"container-fluid\" style=\"--bs-gutter-x: 0\">\n\t\t<div class=\"row\" style=\"--bs-gutter-x: 0\">\n\t\t\t\t\t\t<div class=\"col-lg-6 mb-7 mb-lg-0\">\n\t\t\t\t<img decoding=\"async\" src=\"https:\/\/www.myallmeeting.com\/wp-content\/uploads\/2024\/07\/mountain-2-953x600.jpg\" width=\"953\" height=\"600\" alt=\"\" loading=\"lazy\" class=\"w-100\" \/>\n\t\t\t<\/div>\n\t\t\t\t\t\t<div class=\"col-lg-6\">\n\t\t\t\t<div class=\"text-image__content\">\n\t\t\t\t\t\t\t\t\t\t<div class=\"fw-semibold lh-xs fs-20 fs-lg-32 ls--25 mb-5\">Inspira\u00e7\u00e3o no pico da montanha<\/div>\n\t\t\t\t\t\t\t\t\t\t\t\t\t\t\t<div class=\"fs-wysiwyg\">\n\t\t\t\t\t\t<p>Respire o ar fresco e aumente a sua energia enquanto admira paisagens excecionais. Eis tr\u00eas vantagens fundamentais para a escolha de locais montanhosos:<\/p>\n<ol>\n<li><strong>Tranquilidade e concentra\u00e7\u00e3o:<\/strong> Os locais de montanha proporcionam um ambiente sereno e sem distra\u00e7\u00f5es, ideal para a concentra\u00e7\u00e3o profunda e produtividade. A beleza natural do espa\u00e7o envolvente estimula a criatividade e a inspira\u00e7\u00e3o, tornando-o perfeito para reuni\u00f5es estrat\u00e9gicas e sess\u00f5es de brainstorming.<\/li>\n<li><strong>Aventura e forma\u00e7\u00e3o de equipas:<\/strong> O terreno montanhoso oferece oportunidades para atividades ao ar livre como caminhadas, esqui e ciclismo de montanha. A integra\u00e7\u00e3o destas atividades na agenda do seu evento pode proporcionar experi\u00eancias divertidas de liga\u00e7\u00e3o entre equipas e aumentar a moral.<\/li>\n<li><strong>Vistas deslumbrantes:<\/strong> Com vistas panor\u00e2micas, os locais de montanha oferecem um cen\u00e1rio espetacular para qualquer evento, com excelentes oportunidades para algumas fotografias de equipa impressionantes.<\/li>\n<\/ol>\n\t\t\t\t\t<\/div>\n\t\t\t\t\t\t\t\t\t<\/div>\n\t\t\t<\/div>        \n\t\t<\/div>\n\t<\/div>\n<\/div>\n<!-- END OF : Composant : block-periscope-theme-section-composant-33-texte-image.php -->\n\n\n<!-- START OF : Composant : block-periscope-theme-section-composant-34-texte-image-slider.php -->\n<!-- INVERSE -->\n<div class=\"text-image-slider fs-wysiwyg mb-8 mb-lg-12\" data-component=\"34-texte-image-slider\" data-reverse=\"oui\">\n<div class=\"container-fluid\" style=\"--bs-gutter-x: 0\">\n\t\t<div class=\"row\" style=\"--bs-gutter-x: 0\">\n\t\t\t<div class=\"col-lg-6\">\n\t\t\t\t<div class=\"text-image-slider__content mb-7 mb-lg-0\">\n\t\t\t\t\t\t\t\t\t\t<div class=\"fw-semibold lh-xs fs-20 fs-lg-32 ls--25 mb-5\">Hot\u00e9is Accor com vista para a montanha e espa\u00e7os para reuni\u00f5es :<\/div>\n\t\t\t\t\t\t\t\t\t\t\t\t\t\t\t<div class=\"fs-wysiwyg\">\n\t\t\t\t\t\t<p><strong><a href=\"https:\/\/myallmeeting.com\/pt-pt\/hotel\/b803-mercure-peyragudes-loudenvielle-pyrenees\/\">Mercure Peyragudes Loudenvielle Pyrenees<\/a> (Fran\u00e7a)<\/strong><\/p>\n<ul>\n<li><strong>Um o\u00e1sis nos Piren\u00e9us:<\/strong> Idealmente localizado na aldeia de Loudenvielle, este hotel de 4 estrelas combina o encanto r\u00fastico com comodidades modernas. Desfrute de uma piscina aquecida virada para as montanhas, de uma lareira acolhedora e de um restaurante que serve produtos frescos e sazonais. O hotel oferece vistas deslumbrantes para a montanha, acesso direto aos alugueres Intersport e ao telef\u00e9rico SKYVALL. Com v\u00e1rias salas de reuni\u00f5es com vistas deslumbrantes para as montanhas, este local ir\u00e1 certamente impressionar.<\/li>\n<\/ul>\n<p><strong><a href=\"https:\/\/myallmeeting.com\/pt-pt\/hotel\/0371-hotel-mercure-andorra\/\">Hotel Mercure Andorra<\/a> (Andorra)<\/strong><\/p>\n<ul>\n<li><strong>O cora\u00e7\u00e3o de Andorra:<\/strong> Situado no meio dos Piren\u00e9us, este resort de 4 estrelas em Andorra-a-Velha \u00e9 perfeito para esquiar, fazer caminhadas, andar de bicicleta e realizar atividades culturais, \u00f3timas op\u00e7\u00f5es para criar la\u00e7os de equipa. Existem tamb\u00e9m duas piscinas, um hammam, sauna, e uma banheira de hidromassagem para relaxar ap\u00f3s um longo dia. Existem tamb\u00e9m tr\u00eas salas de reuni\u00f5es espa\u00e7osas para satisfazer todas as suas necessidades empresariais.<\/li>\n<\/ul>\n<p><strong><a href=\"https:\/\/myallmeeting.com\/pt-pt\/hotel\/9076-hotel-mercure-krynica-zdroj-resort-spa\/\">Hotel Mercure Krynica Zdroj Resort &amp; Spa<\/a> (Pol\u00f3nia)<\/strong><\/p>\n<ul>\n<li><strong>O\u00e1sis polaco:<\/strong> Experimente a aut\u00eantica hospitalidade polaca neste hotel de 4 estrelas, localizado na c\u00e9nica paisagem montanhosa de Krynica-Zdr\u00f3j, apenas a 500 metros do centro da cidade, perto de caminhadas, trilhos de ciclismo e pistas de esqui, tornando-o perfeito para viajantes em neg\u00f3cios e lazer. Este hotel disp\u00f5e de quartos confort\u00e1veis e espa\u00e7osos; instala\u00e7\u00f5es para reuni\u00f5es totalmente equipadas para a sua reuni\u00e3o perfeita nas montanhas e um requintado restaurante para desfrutar com os colegas no final do dia.<\/li>\n<\/ul>\n<p><strong><a href=\"https:\/\/myallmeeting.com\/pt-pt\/hotel\/b5i0-novotel-megeve-mont-blanc\/\">Hotel Novotel Meg\u00e8ve Mont-Blanc<\/a> (Fran\u00e7a)<\/strong><\/p>\n<ul>\n<li><strong>O ref\u00fagio num chal\u00e9 encantador:<\/strong> Este moderno chal\u00e9 de 4 estrelas, perto das pistas de esqui do Monte Branco e do centro de Meg\u00e8ve, proporciona o f\u00e1cil acesso a lojas, restaurantes e atividades. Desfrute de descontos em equipamento de esqui e de um servi\u00e7o de transporte para as pistas. Existem quatro salas de reuni\u00f5es \u00e0 escolha e pode relaxar ap\u00f3s um dia de reuni\u00f5es na tranquila \u00e1rea de spa e balneoterapia do chal\u00e9.<\/li>\n<\/ul>\n<p><strong><a href=\"https:\/\/myallmeeting.com\/pt-pt\/hotel\/2940-mercure-hotel-garmisch-partenkirchen\/\">Mercure Hotel Garmisch-Partenkirchen<\/a> (Alemanha)<\/strong><\/p>\n<p><strong>Vistas panor\u00e2micas para a Baviera:<\/strong> Localizado no sop\u00e9 do Zugspitze e entre lagos pitorescos, este hotel de 4 estrelas disp\u00f5e de sete salas de reuni\u00f5es, um est\u00fadio de ret\u00f3rica e uma \u00e1rea de lazer com uma piscina, sala de fitness e sauna. Desfrute de trilhos para caminhadas nas proximidades, \u00e1reas de esqui e o Desfiladeiro Partnach. O hotel tamb\u00e9m disp\u00f5e de uma esplanada cervejaria de ambiente descontra\u00eddo com vistas para os Alpes e de um restaurante cl\u00e1ssico b\u00e1varo com esplanada cervejaria para brindar a uma reuni\u00e3o bem-sucedida com os seus colegas.<\/p>\n\t\t\t\t\t<\/div>\n\t\t\t\t\t\t\t\t\t<\/div>\n\t\t\t\t\t\t\t\t<div class=\"text-center d-lg-none px-8\">\n\t\t\t\t\t<!-- M\u00eame image -->\n\t\t\t\t\t<img decoding=\"async\" src=\"https:\/\/www.myallmeeting.com\/wp-content\/uploads\/2024\/08\/Mercure-Loudenvielle-Pyrenees-Peyragudes-1-633x398.jpg\" width=\"633\" height=\"398\" alt=\"\" loading=\"lazy\">\n\t\t\t\t<\/div>\n\t\t\t\t\t\t\t<\/div>        \n\t\t\t<div class=\"col-lg-6 order-first order-lg-last\">\n\t\t\t\t<div class=\"text-image-slider__slider mb-7 mb-lg-12\">\n\t\t\t\t\t\t\t\t\t\t<div class=\"splide\">\n\t\t\t\t\t\t<div class=\"splide__track\">\n\t\t\t\t\t\t\t<div class=\"splide__list\">\n\t\t\t\t\t\t\t\t\t\t\t\t\t\t\t\t<div class=\"splide__slide\">\n\t\t\t\t\t\t\t\t\t<img decoding=\"async\" src=\"https:\/\/www.myallmeeting.com\/wp-content\/uploads\/2024\/07\/MAM-imagery-slider-952x600-14.png\" width=\"953\" height=\"600\" alt=\"\" loading=\"lazy\">\n\t\t\t\t\t\t\t\t<\/div>\n\t\t\t\t\t\t\t\t\t\t\t\t\t\t\t\t\t\t\t\t\t\t\t\t\t<div class=\"splide__slide\">\n\t\t\t\t\t\t\t\t\t<img decoding=\"async\" src=\"https:\/\/www.myallmeeting.com\/wp-content\/uploads\/2024\/07\/MAM-imagery-slider-952x600-15.png\" width=\"953\" height=\"600\" alt=\"\" loading=\"lazy\">\n\t\t\t\t\t\t\t\t<\/div>\n\t\t\t\t\t\t\t\t\t\t\t\t\t\t\t\t\t\t\t\t\t\t\t\t\t<div class=\"splide__slide\">\n\t\t\t\t\t\t\t\t\t<img decoding=\"async\" src=\"https:\/\/www.myallmeeting.com\/wp-content\/uploads\/2024\/07\/MAM-imagery-slider-952x600-16.png\" width=\"953\" height=\"600\" alt=\"\" loading=\"lazy\">\n\t\t\t\t\t\t\t\t<\/div>\n\t\t\t\t\t\t\t\t\t\t\t\t\t\t\t\t\t\t\t\t\t\t\t\t\t<div class=\"splide__slide\">\n\t\t\t\t\t\t\t\t\t<img decoding=\"async\" src=\"https:\/\/www.myallmeeting.com\/wp-content\/uploads\/2024\/07\/MAM-imagery-slider-952x600-17.png\" width=\"953\" height=\"600\" alt=\"\" loading=\"lazy\">\n\t\t\t\t\t\t\t\t<\/div>\n\t\t\t\t\t\t\t\t\t\t\t\t\t\t\t\t\t\t\t\t\t\t\t\t\t<div class=\"splide__slide\">\n\t\t\t\t\t\t\t\t\t<img decoding=\"async\" src=\"https:\/\/www.myallmeeting.com\/wp-content\/uploads\/2024\/07\/MAM-imagery-slider-952x600-18.png\" width=\"953\" height=\"600\" alt=\"\" loading=\"lazy\">\n\t\t\t\t\t\t\t\t<\/div>\n\t\t\t\t\t\t\t\t\t\t\t\t\t\t\t\t\t\t\t\t\t\t\t\t<\/div>\n\t\t\t\t\t\t<\/div>\n\t\t\t\t\t\t<div class=\"splide__arrows d-none d-lg-block\">\n\t\t\t\t\t\t\t<button class=\"splide__arrow splide__arrow--prev px-lg-3 py-lg-4 px-xl-4 py-xl-5 px-xxl-5 py-xxl-7 position-absolute l-0 bg-white border-0\">\n\t\t\t\t\t\t\t\t<svg width=\"14\" height=\"27\" aria-hidden=\"true\">\n\t\t\t\t\t\t\t\t\t<use xlink:href=\"https:\/\/www.myallmeeting.com\/wp-content\/themes\/accor\/assets\/images\/sprite.svg#slider-prev\"><\/use>\n\t\t\t\t\t\t\t\t<\/svg>\n\t\t\t\t\t\t\t<\/button>\n\t\t\t\t\t\t\t<button class=\"splide__arrow splide__arrow--next px-lg-3 py-lg-4 px-xl-4 py-xl-5 px-xxl-5 py-xxl-7 position-absolute r-0 bg-white border-0\">\n\t\t\t\t\t\t\t\t<svg width=\"14\" height=\"27\" aria-hidden=\"true\">\n\t\t\t\t\t\t\t\t\t<use xlink:href=\"https:\/\/www.myallmeeting.com\/wp-content\/themes\/accor\/assets\/images\/sprite.svg#slider-prev\"><\/use>\n\t\t\t\t\t\t\t\t<\/svg>\n\t\t\t\t\t\t\t<\/button>\n\t\t\t\t\t\t<\/div>\n\t\t\t\t\t<\/div>\n\t\t\t\t\t\t\t\t\t<\/div>\n\t\t\t\t\t\t\t\t\t<div class=\"text-image-slider__content d-none d-lg-block\">\n\t\t\t\t\t<!-- M\u00eame image -->\n\t\t\t\t\t<img decoding=\"async\" src=\"https:\/\/www.myallmeeting.com\/wp-content\/uploads\/2024\/08\/Mercure-Loudenvielle-Pyrenees-Peyragudes-1-633x398.jpg\" width=\"633\" height=\"398\" alt=\"\" loading=\"lazy\">\n\t\t\t\t<\/div>\n\t\t\t\t\t\t\t<\/div>\n\t\t<\/div>\n\t<\/div>\n<\/div>\n<!-- END OF : Composant : block-periscope-theme-section-composant-34-texte-image-slider.php -->\n\n\n<!-- START OF : Composant : block-periscope-theme-section-composant-33-texte-image.php -->\n<div class=\"text-image fs-wysiwyg mb-8 mb-lg-12\" data-component=\"33-texte-image\">\n\t<div class=\"container-fluid\" style=\"--bs-gutter-x: 0\">\n\t\t<div class=\"row\" style=\"--bs-gutter-x: 0\">\n\t\t\t\t\t\t<div class=\"col-lg-6 mb-7 mb-lg-0\">\n\t\t\t\t<img decoding=\"async\" src=\"https:\/\/www.myallmeeting.com\/wp-content\/uploads\/2024\/07\/Novotel-Thalassa-Le-Touquet-1-953x600.jpg\" width=\"953\" height=\"600\" alt=\"\" loading=\"lazy\" class=\"w-100\" \/>\n\t\t\t<\/div>\n\t\t\t\t\t\t<div class=\"col-lg-6\">\n\t\t\t\t<div class=\"text-image__content\">\n\t\t\t\t\t\t\t\t\t\t<div class=\"fw-semibold lh-xs fs-20 fs-lg-32 ls--25 mb-5\">Tranquilidade \u00e0 beira-mar<\/div>\n\t\t\t\t\t\t\t\t\t\t\t\t\t\t\t<div class=\"fs-wysiwyg\">\n\t\t\t\t\t\t<p>Respire o ar salgado do mar e vamos mergulhar nas tr\u00eas principais vantagens de escolher locais \u00e0 beira-mar:<\/p>\n<ol>\n<li><strong>Relaxamento e rejuvenescimento:<\/strong> Os locais costeiros s\u00e3o naturalmente relaxantes. O som calmante das ondas e a brisa suave do mar criam um cen\u00e1rio perfeito para descontrair e aliviar o stress, tornando-os ideais para retiros e eventos centrados no bem-estar.<\/li>\n<li><strong>Ambiente vibrante:<\/strong> As localidades costeiras, como a Riviera Francesa ou a costa marroquina, est\u00e3o frequentemente cheias de energia. Uma cultura rica, a deliciosa gastronomia e a agitada vida noturna podem dar um brilho extra ao seu evento, com muito para os participantes explorarem durante o seu tempo livre.<\/li>\n<li><strong>Atividades aqu\u00e1ticas e recreativas:<\/strong> A inclus\u00e3o no itiner\u00e1rio de atividades aqu\u00e1ticas, como vela, snorkel ou jogos de praia, pode proporcionar excelentes experi\u00eancias para criar la\u00e7os de equipa e criar mem\u00f3rias duradouras.<\/li>\n<\/ol>\n\t\t\t\t\t<\/div>\n\t\t\t\t\t\t\t\t\t<\/div>\n\t\t\t<\/div>        \n\t\t<\/div>\n\t<\/div>\n<\/div>\n<!-- END OF : Composant : block-periscope-theme-section-composant-33-texte-image.php -->\n\n\n<!-- START OF : Composant : block-periscope-theme-section-composant-34-texte-image-slider.php -->\n<!-- INVERSE -->\n<div class=\"text-image-slider fs-wysiwyg mb-8 mb-lg-12\" data-component=\"34-texte-image-slider\" data-reverse=\"oui\">\n<div class=\"container-fluid\" style=\"--bs-gutter-x: 0\">\n\t\t<div class=\"row\" style=\"--bs-gutter-x: 0\">\n\t\t\t<div class=\"col-lg-6\">\n\t\t\t\t<div class=\"text-image-slider__content mb-7 mb-lg-0\">\n\t\t\t\t\t\t\t\t\t\t<div class=\"fw-semibold lh-xs fs-20 fs-lg-32 ls--25 mb-5\">Hot\u00e9is Accor com vista para o mar e salas de reuni\u00f5es :<\/div>\n\t\t\t\t\t\t\t\t\t\t\t\t\t\t\t<div class=\"fs-wysiwyg\">\n\t\t\t\t\t\t<p><strong><a href=\"https:\/\/myallmeeting.com\/pt-pt\/hotel\/1987-mercure-san-sebastian-monte-igueldo\/\">Mercure San Sebasti\u00e1n Monte Igueldo<\/a> (Espanha)<\/strong><\/p>\n<ul>\n<li><strong>Alegria basca:<\/strong> Localizado no Monte Igueldo, com deslumbrantes vistas panor\u00e2micas sobre o mar e a Ba\u00eda de La Concha, perfeito para aquelas fotografias costeiras com cen\u00e1rio, este hotel disp\u00f5e de uma piscina exterior, v\u00e1rias salas de reuni\u00f5es e um restaurante com cozinha basca. Ap\u00f3s o dia de trabalho, aceda facilmente ao centro da cidade atrav\u00e9s de uma ferrovia hist\u00f3rica para explorar as belas praias de San Sebasti\u00e1n e os famosos pintxos.<\/li>\n<\/ul>\n<p><strong><a href=\"https:\/\/myallmeeting.com\/pt-pt\/hotel\/1971-mercure-villa-romanazzi-carducci-bari\/\">Mercure Villa Romanazzi Carducci Bari<\/a> (It\u00e1lia)<\/strong><\/p>\n<ul>\n<li><strong>A bela Bari:<\/strong> Situado apenas a 500 metros do centro da cidade e proporcionando vistas costeiras deslumbrantes, este hotel tem 20 impressionantes salas de eventos para qualquer ocasi\u00e3o, um gin\u00e1sio, spa e o delicioso Ristorante Carducci para desfrutar com os colegas no final do dia. Facilmente acess\u00edvel a partir do aeroporto e perto de locais hist\u00f3ricos, \u00e9 uma escolha f\u00e1cil para uma viagem de neg\u00f3cios \u00e0 beira-mar.<\/li>\n<\/ul>\n<p><strong><a href=\"https:\/\/myallmeeting.com\/pt-pt\/hotel\/b4t5-movenpick-hotel-the-hague\/\">M\u00f6venpick Hotel The Hague<\/a> (Pa\u00edses Baixos)<\/strong><\/p>\n<ul>\n<li><strong>Encanto holand\u00eas: <\/strong>Com uma localiza\u00e7\u00e3o privilegiada, perto das principais atra\u00e7\u00f5es e das praias relaxantes, este hotel com certifica\u00e7\u00e3o Green Globe disp\u00f5e de 72 quartos modernos, casas de banho espa\u00e7osas com chuveiros com efeito de chuva, um est\u00fadio de fitness e tr\u00eas salas de reuni\u00f5es multifuncionais, perfeitas para todas as suas necessidades de neg\u00f3cios e lazer.<span><br \/>\n<strong><br \/>\n<a href=\"https:\/\/myallmeeting.com\/pt-pt\/hotel\/3040-pullman-timi-ama-sardegna\/\">Pullman Almar Timi Ama Resort &amp; Spa<\/a> (It\u00e1lia)<\/strong><br \/>\n<\/span><\/li>\n<\/ul>\n<ul>\n<li><strong>Fuga encantadora junto ao mar Tirreno:<\/strong> No sudeste da Sardenha, este hotel de 5 estrelas tem vista para a Ba\u00eda de Porto Giunco, oferecendo excelentes oportunidades para tirar fotografias da equipa. Existem quatro bonitas salas de congressos \u00e0 escolha, dependendo do n\u00famero de pessoas presentes na sua reuni\u00e3o, um spa marinho, um campo de golfe, v\u00e1rias atividades ao ar livre e desportos aqu\u00e1ticos nas proximidades, o que proporciona muitas op\u00e7\u00f5es para criar la\u00e7os entre as equipas.<\/li>\n<\/ul>\n<p><strong><a href=\"https:\/\/myallmeeting.com\/pt-pt\/hotel\/0449-novotel-thalassa-le-touquet\/\">Novotel Thalassa Le Touquet<\/a> (Fran\u00e7a)<\/strong><\/p>\n<ul>\n<li><strong>A p\u00e9rola da Costa Opala:<\/strong> Desfrute de vistas para o mar que se estendem at\u00e9 onde a vista alcan\u00e7a. Com nove salas de reuni\u00f5es, uma piscina aquecida de \u00e1gua do mar, gin\u00e1sio, spa e tratamentos de talassoterapia, \u00e9 um dos locais de sonho para receber a sua pr\u00f3xima viagem de neg\u00f3cios. A sua equipa pode relaxar ap\u00f3s as reuni\u00f5es com uma vasta gama de atividades de bem-estar ou dar um longo passeio pela praia deslumbrante a poucos passos de dist\u00e2ncia.<\/li>\n<\/ul>\n<ul><\/ul>\n\t\t\t\t\t<\/div>\n\t\t\t\t\t\t\t\t\t<\/div>\n\t\t\t\t\t\t\t\t<div class=\"text-center d-lg-none px-8\">\n\t\t\t\t\t<!-- M\u00eame image -->\n\t\t\t\t\t<img decoding=\"async\" src=\"https:\/\/www.myallmeeting.com\/wp-content\/uploads\/2024\/08\/Movenpick-The-Hague-2-633x398.jpg\" width=\"633\" height=\"398\" alt=\"\" loading=\"lazy\">\n\t\t\t\t<\/div>\n\t\t\t\t\t\t\t<\/div>        \n\t\t\t<div class=\"col-lg-6 order-first order-lg-last\">\n\t\t\t\t<div class=\"text-image-slider__slider mb-7 mb-lg-12\">\n\t\t\t\t\t\t\t\t\t\t<div class=\"splide\">\n\t\t\t\t\t\t<div class=\"splide__track\">\n\t\t\t\t\t\t\t<div class=\"splide__list\">\n\t\t\t\t\t\t\t\t\t\t\t\t\t\t\t\t<div class=\"splide__slide\">\n\t\t\t\t\t\t\t\t\t<img decoding=\"async\" src=\"https:\/\/www.myallmeeting.com\/wp-content\/uploads\/2024\/07\/MAM-imagery-slider-952x600-19.png\" width=\"953\" height=\"600\" alt=\"\" loading=\"lazy\">\n\t\t\t\t\t\t\t\t<\/div>\n\t\t\t\t\t\t\t\t\t\t\t\t\t\t\t\t\t\t\t\t\t\t\t\t\t<div class=\"splide__slide\">\n\t\t\t\t\t\t\t\t\t<img decoding=\"async\" src=\"https:\/\/www.myallmeeting.com\/wp-content\/uploads\/2024\/07\/MAM-imagery-slider-952x600-20.png\" width=\"953\" height=\"600\" alt=\"\" loading=\"lazy\">\n\t\t\t\t\t\t\t\t<\/div>\n\t\t\t\t\t\t\t\t\t\t\t\t\t\t\t\t\t\t\t\t\t\t\t\t\t<div class=\"splide__slide\">\n\t\t\t\t\t\t\t\t\t<img decoding=\"async\" src=\"https:\/\/www.myallmeeting.com\/wp-content\/uploads\/2024\/07\/MAM-imagery-slider-952x600-21.png\" width=\"953\" height=\"600\" alt=\"\" loading=\"lazy\">\n\t\t\t\t\t\t\t\t<\/div>\n\t\t\t\t\t\t\t\t\t\t\t\t\t\t\t\t\t\t\t\t\t\t\t\t\t<div class=\"splide__slide\">\n\t\t\t\t\t\t\t\t\t<img decoding=\"async\" src=\"https:\/\/www.myallmeeting.com\/wp-content\/uploads\/2024\/07\/MAM-imagery-slider-952x600-22.png\" width=\"953\" height=\"600\" alt=\"\" loading=\"lazy\">\n\t\t\t\t\t\t\t\t<\/div>\n\t\t\t\t\t\t\t\t\t\t\t\t\t\t\t\t\t\t\t\t\t\t\t\t\t<div class=\"splide__slide\">\n\t\t\t\t\t\t\t\t\t<img decoding=\"async\" src=\"https:\/\/www.myallmeeting.com\/wp-content\/uploads\/2024\/07\/MAM-imagery-slider-952x600-23.png\" width=\"953\" height=\"600\" alt=\"\" loading=\"lazy\">\n\t\t\t\t\t\t\t\t<\/div>\n\t\t\t\t\t\t\t\t\t\t\t\t\t\t\t\t\t\t\t\t\t\t\t\t<\/div>\n\t\t\t\t\t\t<\/div>\n\t\t\t\t\t\t<div class=\"splide__arrows d-none d-lg-block\">\n\t\t\t\t\t\t\t<button class=\"splide__arrow splide__arrow--prev px-lg-3 py-lg-4 px-xl-4 py-xl-5 px-xxl-5 py-xxl-7 position-absolute l-0 bg-white border-0\">\n\t\t\t\t\t\t\t\t<svg width=\"14\" height=\"27\" aria-hidden=\"true\">\n\t\t\t\t\t\t\t\t\t<use xlink:href=\"https:\/\/www.myallmeeting.com\/wp-content\/themes\/accor\/assets\/images\/sprite.svg#slider-prev\"><\/use>\n\t\t\t\t\t\t\t\t<\/svg>\n\t\t\t\t\t\t\t<\/button>\n\t\t\t\t\t\t\t<button class=\"splide__arrow splide__arrow--next px-lg-3 py-lg-4 px-xl-4 py-xl-5 px-xxl-5 py-xxl-7 position-absolute r-0 bg-white border-0\">\n\t\t\t\t\t\t\t\t<svg width=\"14\" height=\"27\" aria-hidden=\"true\">\n\t\t\t\t\t\t\t\t\t<use xlink:href=\"https:\/\/www.myallmeeting.com\/wp-content\/themes\/accor\/assets\/images\/sprite.svg#slider-prev\"><\/use>\n\t\t\t\t\t\t\t\t<\/svg>\n\t\t\t\t\t\t\t<\/button>\n\t\t\t\t\t\t<\/div>\n\t\t\t\t\t<\/div>\n\t\t\t\t\t\t\t\t\t<\/div>\n\t\t\t\t\t\t\t\t\t<div class=\"text-image-slider__content d-none d-lg-block\">\n\t\t\t\t\t<!-- M\u00eame image -->\n\t\t\t\t\t<img decoding=\"async\" src=\"https:\/\/www.myallmeeting.com\/wp-content\/uploads\/2024\/08\/Movenpick-The-Hague-2-633x398.jpg\" width=\"633\" height=\"398\" alt=\"\" loading=\"lazy\">\n\t\t\t\t<\/div>\n\t\t\t\t\t\t\t<\/div>\n\t\t<\/div>\n\t<\/div>\n<\/div>\n<!-- END OF : Composant : block-periscope-theme-section-composant-34-texte-image-slider.php -->\n\n\n<!-- START OF : Composant : block-periscope-theme-section-composant-33-texte-image.php -->\n<div class=\"text-image fs-wysiwyg mb-8 mb-lg-12\" data-component=\"33-texte-image\">\n\t<div class=\"container-fluid\" style=\"--bs-gutter-x: 0\">\n\t\t<div class=\"row\" style=\"--bs-gutter-x: 0\">\n\t\t\t\t\t\t<div class=\"col-lg-6 mb-7 mb-lg-0\">\n\t\t\t\t<img decoding=\"async\" src=\"https:\/\/www.myallmeeting.com\/wp-content\/uploads\/2024\/07\/Mountain-team-building-953x555.jpg\" width=\"953\" height=\"600\" alt=\"\" loading=\"lazy\" class=\"w-100\" \/>\n\t\t\t<\/div>\n\t\t\t\t\t\t<div class=\"col-lg-6\">\n\t\t\t\t<div class=\"text-image__content\">\n\t\t\t\t\t\t\t\t\t\t<div class=\"fw-semibold lh-xs fs-20 fs-lg-32 ls--25 mb-5\">Criar experi\u00eancias memor\u00e1veis para os participantes<\/div>\n\t\t\t\t\t\t\t\t\t\t\t\t\t\t\t<div class=\"fs-wysiwyg\">\n\t\t\t\t\t\t<p><strong>Atividades sazonais:<\/strong> Planeie os seus eventos de acordo com as condi\u00e7\u00f5es meteorol\u00f3gicas e os acontecimentos locais. Os eventos de ver\u00e3o nas montanhas podem incluir caminhadas, escalada e ciclismo de montanha, enquanto os locais \u00e0 beira-mar oferecem voleibol de praia, desportos aqu\u00e1ticos e cruzeiros de barco. Os lugares \u00e0 beira-mar recebem frequentemente muitos eventos locais durante o ver\u00e3o, que podem ser divertidos para os participantes durante o seu tempo livre.<\/p>\n<p><strong>Integra\u00e7\u00e3o cultural:<\/strong> Melhore a experi\u00eancia do evento atrav\u00e9s da integra\u00e7\u00e3o da cultura e das tradi\u00e7\u00f5es locais. Quer se trate de uma noite de fondue su\u00ed\u00e7o tradicional nos Alpes ou de uma noite de m\u00fasica marroquina junto ao mar, estes detalhes culturais podem tornar o seu evento ainda mais especial.<\/p>\n\t\t\t\t\t<\/div>\n\t\t\t\t\t\t\t\t\t<\/div>\n\t\t\t<\/div>        \n\t\t<\/div>\n\t<\/div>\n<\/div>\n<!-- END OF : Composant : block-periscope-theme-section-composant-33-texte-image.php -->\n\n\n<!-- START OF : Composant : block-periscope-theme-section-composant-33-texte-image.php -->\n<!-- INVERSE -->\n<div class=\"text-image fs-wysiwyg mb-8 mb-lg-12\" data-component=\"33-texte-image\" data-reverse=\"oui\">\n\t<div class=\"container-fluid\" style=\"--bs-gutter-x: 0\">\n\t\t<div class=\"row\" style=\"--bs-gutter-x: 0\">\n\t\t\t<div class=\"col-lg-6\">\n\t\t\t\t<div class=\"text-image__content\">\n\t\t\t\t\t\t\t\t\t\t<div class=\"fw-semibold lh-xs fs-20 fs-lg-32 ls--25 mb-5\">Como a Accor pode ajudar<\/div>\n\t\t\t\t\t\t\t\t\t\t\t\t\t\t\t<div class=\"fs-wysiwyg\">\n\t\t\t\t\t\t<p>A Accor \u00e9 mais do que um simples fornecedor de locais de reuni\u00e3o; somos especialistas em hospitalidade aumentada, oferecendo apoio e consultoria abrangentes aos organizadores de eventos. A nossa equipa de profissionais dedica-se a garantir que cada evento, independentemente da dimens\u00e3o ou do or\u00e7amento, seja executado sem falhas. Compreendemos as necessidades \u00fanicas dos diferentes formatos de eventos e estamos equipados para fornecer solu\u00e7\u00f5es \u00e0 medida que garantem o sucesso.<\/p>\n<p>O nosso compromisso com a excel\u00eancia vai para al\u00e9m de proporcionar locais bonitos. Oferecemos uma gama completa de servi\u00e7os, incluindo planeamento de eventos, coordena\u00e7\u00e3o no local e acompanhamento p\u00f3s-evento, garantindo uma experi\u00eancia perfeita do in\u00edcio ao fim. Com a Accor, garantimos que todos os pormenores ser\u00e3o tratados com o m\u00e1ximo cuidado e profissionalismo.<\/p>\n<p><strong>Em resumo<\/strong><\/p>\n<p>Escolher entre um local na montanha ou \u00e0 beira-mar para o seu evento de ver\u00e3o n\u00e3o tem de ser um dilema. Com o vasto portf\u00f3lio da Accor, tem a flexibilidade de criar uma experi\u00eancia de evento personalizada com base no que melhor se adequa \u00e0s suas necessidades. Ao tirar partido dos pontos fortes \u00fanicos de cada local, pode garantir que o seu evento n\u00e3o s\u00f3 \u00e9 bem-sucedido como tamb\u00e9m inesquec\u00edvel. Quer procure a concentra\u00e7\u00e3o tranquila proporcionada pelas montanhas ou a energia exuberante da costa, os locais Accor oferecem o cen\u00e1rio perfeito para inspirar e encantar os seus participantes.<\/p>\n\t\t\t\t\t<\/div>\n\t\t\t\t\t\t\t\t\t<\/div>\n\t\t\t<\/div>    \n\t\t\t    \n\t\t\t<div class=\"col-lg-6 order-first order-lg-last mb-7 mb-lg-0\">\n\t\t\t\t<img decoding=\"async\" src=\"https:\/\/www.myallmeeting.com\/wp-content\/uploads\/2024\/07\/6568-72-1-953x600.jpg\" width=\"953\" height=\"600\" alt=\"\" loading=\"lazy\" class=\"w-100\" \/>\n\t\t\t<\/div>\n\t\t\t\t\t<\/div>\n\t<\/div>\n<\/div>\n<!-- END OF : Composant : block-periscope-theme-section-composant-33-texte-image.php -->\n","protected":false},"excerpt":{"rendered":"<p>Decida entre o mar ou a montanha para o seu pr\u00f3ximo evento com a Accor.<\/p>\n","protected":false},"featured_media":16226661,"menu_order":0,"template":"","periscope_categorie_tax":[],"class_list":["post-16229991","article","type-article","status-publish","has-post-thumbnail","hentry"],"acf":[],"yoast_head":"<title>Vista para o mar ou para a montanha para o seu evento de ver\u00e3o? - Accor MyAllMeeting.com<\/title>\n<meta name=\"robots\" content=\"index, follow, max-snippet:-1, max-image-preview:large, max-video-preview:-1\" \/>\n<link rel=\"canonical\" href=\"https:\/\/www.myallmeeting.com\/pt-pt\/wp-json\/wp\/v2\/article\/16229991\" \/>\n<meta property=\"og:locale\" content=\"pt_PT\" \/>\n<meta property=\"og:type\" content=\"article\" \/>\n<meta property=\"og:title\" content=\"Vista para o mar ou para a montanha para o seu evento de ver\u00e3o? - Accor MyAllMeeting.com\" \/>\n<meta property=\"og:description\" content=\"Decida entre o mar ou a montanha para o seu pr\u00f3ximo evento com a Accor.\" \/>\n<meta property=\"og:url\" content=\"https:\/\/www.myallmeeting.com\/pt-pt\/article\/vue-mer-ou-montagne-pour-votre-evenement-estival\/\" \/>\n<meta property=\"og:site_name\" content=\"Accor MyAllMeeting.com\" \/>\n<meta property=\"article:modified_time\" content=\"2024-08-07T15:41:58+00:00\" \/>\n<meta property=\"og:image\" content=\"http:\/\/myallmeeting.com\/wp-content\/uploads\/2024\/08\/MAM-imagery-1920-x-570-px-Baniere-3.png\" \/>\n\t<meta property=\"og:image:width\" content=\"1920\" \/>\n\t<meta property=\"og:image:height\" content=\"570\" \/>\n\t<meta property=\"og:image:type\" content=\"image\/png\" \/>\n<meta name=\"twitter:card\" content=\"summary_large_image\" \/>\n<meta name=\"twitter:label1\" content=\"Est. reading time\" \/>\n\t<meta name=\"twitter:data1\" content=\"13 minutes\" \/>\n<script type=\"application\/ld+json\" class=\"yoast-schema-graph\">{\"@context\":\"https:\/\/schema.org\",\"@graph\":[{\"@type\":\"WebPage\",\"@id\":\"https:\/\/www.myallmeeting.com\/pt-pt\/article\/vue-mer-ou-montagne-pour-votre-evenement-estival\/\",\"url\":\"https:\/\/www.myallmeeting.com\/pt-pt\/article\/vue-mer-ou-montagne-pour-votre-evenement-estival\/\",\"name\":\"Vista para o mar ou para a montanha para o seu evento de ver\u00e3o? - Accor MyAllMeeting.com\",\"isPartOf\":{\"@id\":\"https:\/\/www.myallmeeting.com\/pt-pt\/#website\"},\"primaryImageOfPage\":{\"@id\":\"https:\/\/www.myallmeeting.com\/pt-pt\/article\/vue-mer-ou-montagne-pour-votre-evenement-estival\/#primaryimage\"},\"image\":{\"@id\":\"https:\/\/www.myallmeeting.com\/pt-pt\/article\/vue-mer-ou-montagne-pour-votre-evenement-estival\/#primaryimage\"},\"thumbnailUrl\":\"https:\/\/www.myallmeeting.com\/wp-content\/uploads\/2024\/08\/MAM-imagery-1920-x-570-px-Baniere-3.png\",\"datePublished\":\"2024-08-06T10:29:13+00:00\",\"dateModified\":\"2024-08-07T15:41:58+00:00\",\"breadcrumb\":{\"@id\":\"https:\/\/www.myallmeeting.com\/pt-pt\/article\/vue-mer-ou-montagne-pour-votre-evenement-estival\/#breadcrumb\"},\"inLanguage\":\"pt-PT\",\"potentialAction\":[{\"@type\":\"ReadAction\",\"target\":[\"https:\/\/www.myallmeeting.com\/pt-pt\/article\/vue-mer-ou-montagne-pour-votre-evenement-estival\/\"]}]},{\"@type\":\"ImageObject\",\"inLanguage\":\"pt-PT\",\"@id\":\"https:\/\/www.myallmeeting.com\/pt-pt\/article\/vue-mer-ou-montagne-pour-votre-evenement-estival\/#primaryimage\",\"url\":\"https:\/\/www.myallmeeting.com\/wp-content\/uploads\/2024\/08\/MAM-imagery-1920-x-570-px-Baniere-3.png\",\"contentUrl\":\"https:\/\/www.myallmeeting.com\/wp-content\/uploads\/2024\/08\/MAM-imagery-1920-x-570-px-Baniere-3.png\",\"width\":1920,\"height\":570},{\"@type\":\"BreadcrumbList\",\"@id\":\"https:\/\/www.myallmeeting.com\/pt-pt\/article\/vue-mer-ou-montagne-pour-votre-evenement-estival\/#breadcrumb\",\"itemListElement\":[{\"@type\":\"ListItem\",\"position\":1,\"name\":\"P\u00e1gina inicial\",\"item\":\"https:\/\/myallmeeting.com\/pt-pt\/\"},{\"@type\":\"ListItem\",\"position\":2,\"name\":\"Not\u00edcias\",\"item\":\"https:\/\/www.myallmeeting.com\/pt-pt\/noticias\/\"},{\"@type\":\"ListItem\",\"position\":3,\"name\":\"Vista para o mar ou para a montanha para o seu evento de ver\u00e3o?\"}]},{\"@type\":\"WebSite\",\"@id\":\"https:\/\/www.myallmeeting.com\/pt-pt\/#website\",\"url\":\"https:\/\/www.myallmeeting.com\/pt-pt\/\",\"name\":\"Accor MyAllMeeting.com\",\"description\":\"Les Meilleurs lieux pour vos Ev\u00e9nements Professionnels\",\"publisher\":{\"@id\":\"https:\/\/www.myallmeeting.com\/pt-pt\/#organization\"},\"potentialAction\":[{\"@type\":\"SearchAction\",\"target\":{\"@type\":\"EntryPoint\",\"urlTemplate\":\"https:\/\/www.myallmeeting.com\/pt-pt\/?s={search_term_string}\"},\"query-input\":{\"@type\":\"PropertyValueSpecification\",\"valueRequired\":true,\"valueName\":\"search_term_string\"}}],\"inLanguage\":\"pt-PT\"},{\"@type\":\"Organization\",\"@id\":\"https:\/\/www.myallmeeting.com\/pt-pt\/#organization\",\"name\":\"ACCOR\",\"url\":\"https:\/\/www.myallmeeting.com\/pt-pt\/\",\"logo\":{\"@type\":\"ImageObject\",\"inLanguage\":\"pt-PT\",\"@id\":\"https:\/\/www.myallmeeting.com\/pt-pt\/#\/schema\/logo\/image\/\",\"url\":\"\",\"contentUrl\":\"\",\"caption\":\"ACCOR\"},\"image\":{\"@id\":\"https:\/\/www.myallmeeting.com\/pt-pt\/#\/schema\/logo\/image\/\"}}]}<\/script>","yoast_head_json":{"title":"Vista para o mar ou para a montanha para o seu evento de ver\u00e3o? - Accor MyAllMeeting.com","robots":{"index":"index","follow":"follow","max-snippet":"max-snippet:-1","max-image-preview":"max-image-preview:large","max-video-preview":"max-video-preview:-1"},"canonical":"https:\/\/www.myallmeeting.com\/pt-pt\/wp-json\/wp\/v2\/article\/16229991","og_locale":"pt_PT","og_type":"article","og_title":"Vista para o mar ou para a montanha para o seu evento de ver\u00e3o? - Accor MyAllMeeting.com","og_description":"Decida entre o mar ou a montanha para o seu pr\u00f3ximo evento com a Accor.","og_url":"https:\/\/www.myallmeeting.com\/pt-pt\/article\/vue-mer-ou-montagne-pour-votre-evenement-estival\/","og_site_name":"Accor MyAllMeeting.com","article_modified_time":"2024-08-07T15:41:58+00:00","og_image":[{"width":1920,"height":570,"url":"http:\/\/myallmeeting.com\/wp-content\/uploads\/2024\/08\/MAM-imagery-1920-x-570-px-Baniere-3.png","type":"image\/png"}],"twitter_card":"summary_large_image","twitter_misc":{"Est. reading time":"13 minutes"},"schema":{"@context":"https:\/\/schema.org","@graph":[{"@type":"WebPage","@id":"https:\/\/www.myallmeeting.com\/pt-pt\/article\/vue-mer-ou-montagne-pour-votre-evenement-estival\/","url":"https:\/\/www.myallmeeting.com\/pt-pt\/article\/vue-mer-ou-montagne-pour-votre-evenement-estival\/","name":"Vista para o mar ou para a montanha para o seu evento de ver\u00e3o? - Accor MyAllMeeting.com","isPartOf":{"@id":"https:\/\/www.myallmeeting.com\/pt-pt\/#website"},"primaryImageOfPage":{"@id":"https:\/\/www.myallmeeting.com\/pt-pt\/article\/vue-mer-ou-montagne-pour-votre-evenement-estival\/#primaryimage"},"image":{"@id":"https:\/\/www.myallmeeting.com\/pt-pt\/article\/vue-mer-ou-montagne-pour-votre-evenement-estival\/#primaryimage"},"thumbnailUrl":"https:\/\/www.myallmeeting.com\/wp-content\/uploads\/2024\/08\/MAM-imagery-1920-x-570-px-Baniere-3.png","datePublished":"2024-08-06T10:29:13+00:00","dateModified":"2024-08-07T15:41:58+00:00","breadcrumb":{"@id":"https:\/\/www.myallmeeting.com\/pt-pt\/article\/vue-mer-ou-montagne-pour-votre-evenement-estival\/#breadcrumb"},"inLanguage":"pt-PT","potentialAction":[{"@type":"ReadAction","target":["https:\/\/www.myallmeeting.com\/pt-pt\/article\/vue-mer-ou-montagne-pour-votre-evenement-estival\/"]}]},{"@type":"ImageObject","inLanguage":"pt-PT","@id":"https:\/\/www.myallmeeting.com\/pt-pt\/article\/vue-mer-ou-montagne-pour-votre-evenement-estival\/#primaryimage","url":"https:\/\/www.myallmeeting.com\/wp-content\/uploads\/2024\/08\/MAM-imagery-1920-x-570-px-Baniere-3.png","contentUrl":"https:\/\/www.myallmeeting.com\/wp-content\/uploads\/2024\/08\/MAM-imagery-1920-x-570-px-Baniere-3.png","width":1920,"height":570},{"@type":"BreadcrumbList","@id":"https:\/\/www.myallmeeting.com\/pt-pt\/article\/vue-mer-ou-montagne-pour-votre-evenement-estival\/#breadcrumb","itemListElement":[{"@type":"ListItem","position":1,"name":"P\u00e1gina inicial","item":"https:\/\/myallmeeting.com\/pt-pt\/"},{"@type":"ListItem","position":2,"name":"Not\u00edcias","item":"https:\/\/www.myallmeeting.com\/pt-pt\/noticias\/"},{"@type":"ListItem","position":3,"name":"Vista para o mar ou para a montanha para o seu evento de ver\u00e3o?"}]},{"@type":"WebSite","@id":"https:\/\/www.myallmeeting.com\/pt-pt\/#website","url":"https:\/\/www.myallmeeting.com\/pt-pt\/","name":"Accor MyAllMeeting.com","description":"Les Meilleurs lieux pour vos Ev\u00e9nements Professionnels","publisher":{"@id":"https:\/\/www.myallmeeting.com\/pt-pt\/#organization"},"potentialAction":[{"@type":"SearchAction","target":{"@type":"EntryPoint","urlTemplate":"https:\/\/www.myallmeeting.com\/pt-pt\/?s={search_term_string}"},"query-input":{"@type":"PropertyValueSpecification","valueRequired":true,"valueName":"search_term_string"}}],"inLanguage":"pt-PT"},{"@type":"Organization","@id":"https:\/\/www.myallmeeting.com\/pt-pt\/#organization","name":"ACCOR","url":"https:\/\/www.myallmeeting.com\/pt-pt\/","logo":{"@type":"ImageObject","inLanguage":"pt-PT","@id":"https:\/\/www.myallmeeting.com\/pt-pt\/#\/schema\/logo\/image\/","url":"","contentUrl":"","caption":"ACCOR"},"image":{"@id":"https:\/\/www.myallmeeting.com\/pt-pt\/#\/schema\/logo\/image\/"}}]}},"_links":{"self":[{"href":"https:\/\/www.myallmeeting.com\/pt-pt\/wp-json\/wp\/v2\/article\/16229991","targetHints":{"allow":["GET"]}}],"collection":[{"href":"https:\/\/www.myallmeeting.com\/pt-pt\/wp-json\/wp\/v2\/article"}],"about":[{"href":"https:\/\/www.myallmeeting.com\/pt-pt\/wp-json\/wp\/v2\/types\/article"}],"wp:featuredmedia":[{"embeddable":true,"href":"https:\/\/www.myallmeeting.com\/pt-pt\/wp-json\/wp\/v2\/media\/16226661"}],"wp:attachment":[{"href":"https:\/\/www.myallmeeting.com\/pt-pt\/wp-json\/wp\/v2\/media?parent=16229991"}],"wp:term":[{"taxonomy":"periscope_categorie_tax","embeddable":true,"href":"https:\/\/www.myallmeeting.com\/pt-pt\/wp-json\/wp\/v2\/periscope_categorie_tax?post=16229991"}],"curies":[{"name":"wp","href":"https:\/\/api.w.org\/{rel}","templated":true}]}}