{"id":16223797,"date":"2023-07-02T17:59:16","date_gmt":"2023-07-02T15:59:16","guid":{"rendered":"https:\/\/myallmeeting.com\/article\/les-8-hotels-en-europe-ou-organiser-votre-seminaire-en-bord-de-mer\/"},"modified":"2024-07-19T16:48:37","modified_gmt":"2024-07-19T14:48:37","slug":"les-8-hotels-en-europe-ou-organiser-votre-seminaire-en-bord-de-mer","status":"publish","type":"article","link":"https:\/\/www.myallmeeting.com\/pt-pt\/article\/les-8-hotels-en-europe-ou-organiser-votre-seminaire-en-bord-de-mer\/","title":{"rendered":"Os 8 hot\u00e9is na Europa onde pode realizar o seu semin\u00e1rio \u00e0 beira-mar\u2026"},"content":{"rendered":"<!-- START OF : Composant : block-periscope-theme-section-composant-25-texte-cta-2-images.php -->\n<div class=\"tcta2ia bg-white fs-wysiwyg mb-lg-12\" data-component=\"25-texte-cta-2-images\">\n\t<div class=\"tcta2ia__top\">\n\t\t<div class=\"container-fluid\" style=\"--bs-gutter-x: 0\">\n\t\t\t<div class=\"row\" style=\"--bs-gutter-x: 0\">\n\t\t\t\t<div class=\"col-lg-8\">\n\t\t\t\t\t\t\t\t\t\t<div class=\"bloc-mise-en-avant__top__left\">\n\t\t\t\t\t\t<img decoding=\"async\" src=\"https:\/\/www.myallmeeting.com\/wp-content\/uploads\/2023\/07\/4886-64-1-1268x846.jpg\" class=\"pe-2 pe-lg-0\" width=\"1268\" height=\"846\" alt=\"\" loading=\"lazy\" \/>\n\t\t\t\t\t<\/div>\n\t\t\t\t\t\t\t\t\t\t<div class=\"tcta2ia__bottom d-none d-lg-block pb-12 pt-lg-9 pb-lg-0 pe-lg-10\">\n\t\t\t\t\t\t\t\t\t\t\t\t<h2 class=\"fs-20 fs-lg-32 fw-semibold\">Sofitel Grand Sopot<\/h2>\n\t\t\t\t\t\t\t\t\t\t\t\t\t\t\t\t\t\t<div class=\"fs-wysiwyg\"><h3>A Belle-\u00c9poque no Mar B\u00e1ltico<\/h3>\n<p>Os <strong>126 quartos e suites<\/strong> deste hotel de 5 estrelas esperam por si no cora\u00e7\u00e3o de um magn\u00edfico edif\u00edcio de entre-guerras. O luxo discreto emana do <a href=\"https:\/\/myallmeeting.com\/pt-pt\/hotel\/3419-sofitel-grand-sopot\/\"><strong>Sofitel Grand Sopot<\/strong><\/a>, onde um centro de <strong>fitness\/spa<\/strong> aguarda as suas equipas. A sua praia privada confina com o maior cais de madeira da Europa!<\/p>\n<p>Areia macia e fina, banhada pelo <strong>Mar B\u00e1ltico,<\/strong> na<strong> ba\u00eda de Gdansk<\/strong>. Entre duas sa\u00eddas, <strong>5 salas de reuni\u00f5es<\/strong> acolher\u00e3o as suas conven\u00e7\u00f5es, incluindo o <strong>Ball Room<\/strong>, uma magn\u00edfica sala de confer\u00eancias de 250 m2 com uma decora\u00e7\u00e3o de bom gosto.<\/p>\n<\/div>\n\t\t\t\t\t\t\t\t\t\t\t\t<div class=\"d-flex flex-column flex-lg-row align-items-center gap-5 gap-lg-8 justify-content-between\">\n\t\t\t\t\t\t\t<div class=\"fs-20 fs-lg-26 fw-semibold lh-xs\"><\/div>\n\t\t\t\t\t\t\t\t\t\t\t\t\t<\/div>\n\t\t\t\t\t<\/div>\n\t\t\t\t<\/div>\n\t\t\t\t<div class=\"col-lg-4\">\n\t\t\t\t\t<div class=\"tcta2ia__top__right t-0 r-0 bg-primary text-white pt-4 pb-4 px-2 pt-lg-8 pb-lg-16 px-lg-11 pb-xl-30\">\n\t\t\t\t\t\t\t\t\t\t\t\t\t\t\t\t\t\t<h2 class=\"unna fs-36 fs-lg-51 fs-xl-75 fs-italic fw-normal text-secondary\">Os 8 hot\u00e9is na Europa onde pode realizar o seu semin\u00e1rio \u00e0 beira-mar&#8230;<\/h2>\n\t\t\t\t\t\t\t\t\t\t\t\t\t\t\t\t\t\t\t\t\t\t\t\t<div class=\"fs-wysiwyg mb-4 fs-lg-16 fs-xl-20\"><p>Prefere o bater do B\u00e1ltico, o embate do Atl\u00e2ntico ou o azul infinito do Mediterr\u00e2neo? Se ainda hesita, a Accor e os seus numerosos locais permitem-lhe explorar a vastid\u00e3o das costas europeias para organizar os seus incentivos! Veja por si mesmo em 8 hot\u00e9is em 8 locais de sonho!<\/p>\n<\/div>\n\t\t\t\t\t\t\t\t\t\t\t\t\t\t\t\t\t\t\t\t\t\t\t\t<p class=\"m-0\"><img decoding=\"async\" src=\"https:\/\/www.myallmeeting.com\/wp-content\/uploads\/2023\/07\/4071-37-633x398.jpg\" class=\"position-relative l-0\" width=\"633\" height=\"398\" alt=\"\" loading=\"lazy\" \/><\/p>\n\t\t\t\t\t\t\t\t\t\t\t<\/div>\n\t\t\t\t<\/div>\n\t\t\t<\/div>\n\t\t<\/div>\n\t<\/div>\n\t<div class=\"tcta2ia__bottom d-lg-none pb-12 py-lg-9 pe-lg-10\">\n\t\t\t\t<div class=\"h2 fs-20 fs-lg-32 fw-semibold\">Sofitel Grand Sopot<\/div>\n\t\t\t\t\t\t<div class=\"fs-wysiwyg\"><h3>A Belle-\u00c9poque no Mar B\u00e1ltico<\/h3>\n<p>Os <strong>126 quartos e suites<\/strong> deste hotel de 5 estrelas esperam por si no cora\u00e7\u00e3o de um magn\u00edfico edif\u00edcio de entre-guerras. O luxo discreto emana do <a href=\"https:\/\/myallmeeting.com\/pt-pt\/hotel\/3419-sofitel-grand-sopot\/\"><strong>Sofitel Grand Sopot<\/strong><\/a>, onde um centro de <strong>fitness\/spa<\/strong> aguarda as suas equipas. A sua praia privada confina com o maior cais de madeira da Europa!<\/p>\n<p>Areia macia e fina, banhada pelo <strong>Mar B\u00e1ltico,<\/strong> na<strong> ba\u00eda de Gdansk<\/strong>. Entre duas sa\u00eddas, <strong>5 salas de reuni\u00f5es<\/strong> acolher\u00e3o as suas conven\u00e7\u00f5es, incluindo o <strong>Ball Room<\/strong>, uma magn\u00edfica sala de confer\u00eancias de 250 m2 com uma decora\u00e7\u00e3o de bom gosto.<\/p>\n<\/div>\n\t\t\t\t<div class=\"d-flex flex-column flex-lg-row align-items-center gap-5 gap-lg-8 justify-content-between\">\n\t\t\t<div class=\"fs-20 fs-lg-26 fw-semibold lh-xs\"><\/div>\n\t\t\t\t\t<\/div>\n\t<\/div>\n<\/div>\n<!-- END OF : Composant : block-periscope-theme-section-composant-25-texte-cta-2-images.php -->\n\n\n<!-- START OF : Composant : block-periscope-theme-section-composant-33-texte-image.php -->\n<div class=\"text-image fs-wysiwyg mb-8 mb-lg-12\" data-component=\"33-texte-image\">\n\t<div class=\"container-fluid\" style=\"--bs-gutter-x: 0\">\n\t\t<div class=\"row\" style=\"--bs-gutter-x: 0\">\n\t\t\t\t\t\t<div class=\"col-lg-6 mb-7 mb-lg-0\">\n\t\t\t\t<img decoding=\"async\" src=\"https:\/\/www.myallmeeting.com\/wp-content\/uploads\/2023\/07\/2567-03-953x600.jpg\" width=\"953\" height=\"600\" alt=\"\" loading=\"lazy\" class=\"w-100\" \/>\n\t\t\t<\/div>\n\t\t\t\t\t\t<div class=\"col-lg-6\">\n\t\t\t\t<div class=\"text-image__content\">\n\t\t\t\t\t\t\t\t\t\t<div class=\"fw-semibold lh-xs fs-20 fs-lg-32 ls--25 mb-5\">Mercure Brighton Seafront<\/div>\n\t\t\t\t\t\t\t\t\t\t\t\t\t\t\t<div class=\"fs-wysiwyg\">\n\t\t\t\t\t\t<h3>O Canal da Mancha a seus p\u00e9s<\/h3>\n<p>As ruas estreitas e os pubs tradicionais de<strong> The Lanes,<\/strong> o antigo bairro piscat\u00f3rio de <strong>Brighton<\/strong>, ficam a dois passos do <a href=\"https:\/\/myallmeeting.com\/pt-pt\/hotel\/8335-mercure-brighton-seafront-hotel\/\"><strong>Mercure Brighton Seafront,<\/strong><\/a> de 4 estrelas. Uma localiza\u00e7\u00e3o privilegiada, especialmente porque este hotel de <strong>116 quartos<\/strong>, com a sua decora\u00e7\u00e3o de inspira\u00e7\u00e3o vitoriana, d\u00e1-lhe as boas-vindas mesmo \u00e0 <strong>beira-mar.<\/strong><\/p>\n<p>A seus p\u00e9s, o bonito passeio mar\u00edtimo ao longo do <strong>Canal da Mancha<\/strong> \u00e9 pontuado por elaborados cais de madeira. <strong>8 salas de reuni\u00f5es<\/strong>, com capacidade para 150 pessoas, facilitam o debate de ideias em <strong>subcomit\u00e9s<\/strong>.<\/p>\n\t\t\t\t\t<\/div>\n\t\t\t\t\t\t\t\t\t<\/div>\n\t\t\t<\/div>        \n\t\t<\/div>\n\t<\/div>\n<\/div>\n<!-- END OF : Composant : block-periscope-theme-section-composant-33-texte-image.php -->\n\n\n<!-- START OF : Composant : block-periscope-theme-section-composant-33-texte-image.php -->\n<!-- INVERSE -->\n<div class=\"text-image fs-wysiwyg mb-8 mb-lg-12\" data-component=\"33-texte-image\" data-reverse=\"oui\">\n\t<div class=\"container-fluid\" style=\"--bs-gutter-x: 0\">\n\t\t<div class=\"row\" style=\"--bs-gutter-x: 0\">\n\t\t\t<div class=\"col-lg-6\">\n\t\t\t\t<div class=\"text-image__content\">\n\t\t\t\t\t\t\t\t\t\t<div class=\"fw-semibold lh-xs fs-20 fs-lg-32 ls--25 mb-5\">Mercure Benidorm<\/div>\n\t\t\t\t\t\t\t\t\t\t\t\t\t\t\t<div class=\"fs-wysiwyg\">\n\t\t\t\t\t\t<h3>Gastronomia na Costa Branca<\/h3>\n<p>Paella, tapas e outros imperativos gastron\u00f3micos espanh\u00f3is! <strong>Malaspina<\/strong>, o restaurante do <a href=\"https:\/\/myallmeeting.com\/pt-pt\/hotel\/b6i8-mercure-benidorm-ouverture-juin-2022\/\"><strong>Mercure Benidorm<\/strong><\/a>, torna-os sublimes: uma promessa de momentos de conv\u00edvio, um fator de uni\u00e3o para as suas equipas.<\/p>\n<p>O hotel (186 quartos) fica a uma curta dist\u00e2ncia a p\u00e9 das praias <strong>Poniente<\/strong> e <strong>Levante<\/strong> de <strong>Beniborm<\/strong>, bem como do <strong>Balcon de Mediterraneo<\/strong>, uma bonita varanda em mosaico com vista para a ba\u00eda desta popular est\u00e2ncia na prov\u00edncia de <strong>Alicante<\/strong>.<\/p>\n<p>A sala de reuni\u00f5es de 50 m2 \u00e9 o local perfeito para actividades de forma\u00e7\u00e3o de equipas.<\/p>\n\t\t\t\t\t<\/div>\n\t\t\t\t\t\t\t\t\t<\/div>\n\t\t\t<\/div>    \n\t\t\t    \n\t\t\t<div class=\"col-lg-6 order-first order-lg-last mb-7 mb-lg-0\">\n\t\t\t\t<img decoding=\"async\" src=\"https:\/\/www.myallmeeting.com\/wp-content\/uploads\/2023\/07\/6306-58-953x600.jpg\" width=\"953\" height=\"600\" alt=\"\" loading=\"lazy\" class=\"w-100\" \/>\n\t\t\t<\/div>\n\t\t\t\t\t<\/div>\n\t<\/div>\n<\/div>\n<!-- END OF : Composant : block-periscope-theme-section-composant-33-texte-image.php -->\n\n\n<!-- START OF : Composant : block-periscope-theme-section-composant-33-texte-image.php -->\n<div class=\"text-image fs-wysiwyg mb-8 mb-lg-12\" data-component=\"33-texte-image\">\n\t<div class=\"container-fluid\" style=\"--bs-gutter-x: 0\">\n\t\t<div class=\"row\" style=\"--bs-gutter-x: 0\">\n\t\t\t\t\t\t<div class=\"col-lg-6 mb-7 mb-lg-0\">\n\t\t\t\t<img decoding=\"async\" src=\"https:\/\/www.myallmeeting.com\/wp-content\/uploads\/2023\/07\/4670-77-953x600.jpg\" width=\"953\" height=\"600\" alt=\"\" loading=\"lazy\" class=\"w-100\" \/>\n\t\t\t<\/div>\n\t\t\t\t\t\t<div class=\"col-lg-6\">\n\t\t\t\t<div class=\"text-image__content\">\n\t\t\t\t\t\t\t\t\t\t<div class=\"fw-semibold lh-xs fs-20 fs-lg-32 ls--25 mb-5\">Ibis Styles Nieuwpoort<\/div>\n\t\t\t\t\t\t\t\t\t\t\t\t\t\t\t<div class=\"fs-wysiwyg\">\n\t\t\t\t\t\t<h3>O Mar do Norte, as dunas e a areia branca!<\/h3>\n<p>Longas praias de areia e pequenas dunas alinham-se na costa do \u201cpa\u00eds plano\u201d. Uma paisagem sedutora, a promessa de um semin\u00e1rio ao ar livre, que pode oferecer aos seus colegas na cidade costeira de Nieuwpoort (ou Nieuport).<\/p>\n<p>Encontre-se no <a href=\"https:\/\/myallmeeting.com\/pt-pt\/hotel\/9716-ibis-styles-nieuwpoort\/\"><strong>ibis Styles Nieuwpoort<\/strong><\/a>, num ambiente moderno e de design, onde <strong>2 salas de reuni\u00f5es<\/strong>, de 55 e 40 m2, acolher\u00e3o a sua conven\u00e7\u00e3o.<\/p>\n<p>Este hotel de 3 estrelas com 97 quartos disp\u00f5e de uma<strong> piscina interior<\/strong> e de uma <strong>sauna<\/strong>, perfeitas para aquecer depois de uma longa caminhada!<\/p>\n<p>&nbsp;<\/p>\n\t\t\t\t\t<\/div>\n\t\t\t\t\t\t\t\t\t<\/div>\n\t\t\t<\/div>        \n\t\t<\/div>\n\t<\/div>\n<\/div>\n<!-- END OF : Composant : block-periscope-theme-section-composant-33-texte-image.php -->\n\n\n<!-- START OF : Composant : block-periscope-theme-section-composant-33-texte-image.php -->\n<!-- INVERSE -->\n<div class=\"text-image fs-wysiwyg mb-8 mb-lg-12\" data-component=\"33-texte-image\" data-reverse=\"oui\">\n\t<div class=\"container-fluid\" style=\"--bs-gutter-x: 0\">\n\t\t<div class=\"row\" style=\"--bs-gutter-x: 0\">\n\t\t\t<div class=\"col-lg-6\">\n\t\t\t\t<div class=\"text-image__content\">\n\t\t\t\t\t\t\t\t\t\t<div class=\"fw-semibold lh-xs fs-20 fs-lg-32 ls--25 mb-5\">Novotel Thalassa Le Touquet<\/div>\n\t\t\t\t\t\t\t\t\t\t\t\t\t\t\t<div class=\"fs-wysiwyg\">\n\t\t\t\t\t\t<h3>O bem-estar na Costa de Opala<\/h3>\n<p>De um lado, o mar a perder de vista; do outro, as dunas&#8230; \u00c9 assim que o <a href=\"https:\/\/myallmeeting.com\/pt-pt\/hotel\/0449-novotel-thalassa-le-touquet\/\"><strong>Novotel Thalassa Le Touquet<\/strong><\/a> est\u00e1 bem situado!<\/p>\n<p>Este hotel de 4 estrelas com 145 quartos, que ser\u00e1 completamente renovado em 2019, est\u00e1 tamb\u00e9m perto do centro da cidade desta t\u00edpica est\u00e2ncia balnear do s\u00e9culo XIX de vilas anglo-normandas.<\/p>\n<p>Com a sua <strong>piscina aquecida de \u00e1gua do mar<\/strong>, centro de <strong>fitness e spa<\/strong>, e tratamentos de <strong>talassoterapia<\/strong> \u00e0 base de \u00e1gua do mar, as <strong>9 salas de reuni\u00f5es<\/strong> do hotel far\u00e3o com que as<strong> suas equipas se sintam em casa.<\/strong><\/p>\n\t\t\t\t\t<\/div>\n\t\t\t\t\t\t\t\t\t<\/div>\n\t\t\t<\/div>    \n\t\t\t    \n\t\t\t<div class=\"col-lg-6 order-first order-lg-last mb-7 mb-lg-0\">\n\t\t\t\t<img decoding=\"async\" src=\"https:\/\/www.myallmeeting.com\/wp-content\/uploads\/2023\/07\/5155-03-953x600.jpg\" width=\"953\" height=\"600\" alt=\"\" loading=\"lazy\" class=\"w-100\" \/>\n\t\t\t<\/div>\n\t\t\t\t\t<\/div>\n\t<\/div>\n<\/div>\n<!-- END OF : Composant : block-periscope-theme-section-composant-33-texte-image.php -->\n\n\n<!-- START OF : Composant : block-periscope-theme-section-composant-33-texte-image.php -->\n<div class=\"text-image fs-wysiwyg mb-8 mb-lg-12\" data-component=\"33-texte-image\">\n\t<div class=\"container-fluid\" style=\"--bs-gutter-x: 0\">\n\t\t<div class=\"row\" style=\"--bs-gutter-x: 0\">\n\t\t\t\t\t\t<div class=\"col-lg-6 mb-7 mb-lg-0\">\n\t\t\t\t<img decoding=\"async\" src=\"https:\/\/www.myallmeeting.com\/wp-content\/uploads\/2023\/07\/timi-ama-953x600.jpg\" width=\"953\" height=\"600\" alt=\"\" loading=\"lazy\" class=\"w-100\" \/>\n\t\t\t<\/div>\n\t\t\t\t\t\t<div class=\"col-lg-6\">\n\t\t\t\t<div class=\"text-image__content\">\n\t\t\t\t\t\t\t\t\t\t<div class=\"fw-semibold lh-xs fs-20 fs-lg-32 ls--25 mb-5\">Pullman Almar Timi Ama Resort &amp; Spa<\/div>\n\t\t\t\t\t\t\t\t\t\t\t\t\t\t\t<div class=\"fs-wysiwyg\">\n\t\t\t\t\t\t<h3>Um interl\u00fadio encantado no Mar Tirreno<\/h3>\n<p>Dirija-se ao sudeste da <strong>Sardenha<\/strong>, onde o luxo, a calma e a vol\u00fapia o esperam no <a href=\"https:\/\/myallmeeting.com\/pt-pt\/hotel\/3040-pullman-timi-ama-sardegna\/\"><strong>Pullman Almar Timi&#8230;<\/strong><\/a><\/p>\n<p>Este hotel de 5 estrelas com 275 quartos est\u00e1 situado no cora\u00e7\u00e3o da reserva natural de <strong>Capo Carbonara<\/strong> e tem vista para a <strong>ba\u00eda de Porto Giunco<\/strong>, prometendo uma vista de cortar a respira\u00e7\u00e3o!<\/p>\n<p>\u00c9 claro que as <strong>4 magn\u00edficas salas de confer\u00eancias<\/strong>, a maior das quais com 210 m2, facilitar\u00e3o a reflex\u00e3o das suas equipas, mas n\u00e3o h\u00e1 d\u00favida de que os seus colaboradores ser\u00e3o tentados pela piscina, pelo centro de fitness, por um dos <strong>4 restaurantes<\/strong> deste magn\u00edfico complexo ou pelo <strong>campo de golfe<\/strong> nas proximidades.<\/p>\n\t\t\t\t\t<\/div>\n\t\t\t\t\t\t\t\t\t<\/div>\n\t\t\t<\/div>        \n\t\t<\/div>\n\t<\/div>\n<\/div>\n<!-- END OF : Composant : block-periscope-theme-section-composant-33-texte-image.php -->\n\n\n<!-- START OF : Composant : block-periscope-theme-section-composant-33-texte-image.php -->\n<!-- INVERSE -->\n<div class=\"text-image fs-wysiwyg mb-8 mb-lg-12\" data-component=\"33-texte-image\" data-reverse=\"oui\">\n\t<div class=\"container-fluid\" style=\"--bs-gutter-x: 0\">\n\t\t<div class=\"row\" style=\"--bs-gutter-x: 0\">\n\t\t\t<div class=\"col-lg-6\">\n\t\t\t\t<div class=\"text-image__content\">\n\t\t\t\t\t\t\t\t\t\t<div class=\"fw-semibold lh-xs fs-20 fs-lg-32 ls--25 mb-5\">Rixos Premium Dubrovnik<\/div>\n\t\t\t\t\t\t\t\t\t\t\t\t\t\t\t<div class=\"fs-wysiwyg\">\n\t\t\t\t\t\t<h3>No cora\u00e7\u00e3o da p\u00e9rola do Adri\u00e1tico<\/h3>\n<p>Dubrovnik, Patrim\u00f3nio Mundial da UNESCO e apelidada de \u201cP\u00e9rola do Adri\u00e1tico\u201d! Estas s\u00e3o apenas algumas das atrac\u00e7\u00f5es que ir\u00e3o agradar aos seus colaboradores durante um semin\u00e1rio residencial no <a href=\"https:\/\/myallmeeting.com\/pt-pt\/hotel\/b1h9-rixos-premium-dubrovnik\/\"><strong>Rixos Premium Dubrovnik.<\/strong><\/a><\/p>\n<p>A maioria dos 310 quartos deste hotel de 5 estrelas tem vista para o mar azul profundo.<\/p>\n<p>Ap\u00f3s as sess\u00f5es de estudo nas<strong> 5 salas de reuni\u00f5es<\/strong> (com uma capacidade total de 900 pessoas!), dirija-se \u00e0 cidade velha medieval, a um passo de dist\u00e2ncia, onde foi filmada a famosa s\u00e9rie Game of Thrones. Os locais de filmagem podem ser visitados &#8211; uma \u00f3ptima ideia de incentivo!<\/p>\n\t\t\t\t\t<\/div>\n\t\t\t\t\t\t\t\t\t<\/div>\n\t\t\t<\/div>    \n\t\t\t    \n\t\t\t<div class=\"col-lg-6 order-first order-lg-last mb-7 mb-lg-0\">\n\t\t\t\t<img decoding=\"async\" src=\"https:\/\/www.myallmeeting.com\/wp-content\/uploads\/2023\/07\/rixos-953x600.jpg\" width=\"953\" height=\"600\" alt=\"\" loading=\"lazy\" class=\"w-100\" \/>\n\t\t\t<\/div>\n\t\t\t\t\t<\/div>\n\t<\/div>\n<\/div>\n<!-- END OF : Composant : block-periscope-theme-section-composant-33-texte-image.php -->\n\n\n<!-- START OF : Composant : block-periscope-theme-section-composant-33-texte-image.php -->\n<div class=\"text-image fs-wysiwyg mb-8 mb-lg-12\" data-component=\"33-texte-image\">\n\t<div class=\"container-fluid\" style=\"--bs-gutter-x: 0\">\n\t\t<div class=\"row\" style=\"--bs-gutter-x: 0\">\n\t\t\t\t\t\t<div class=\"col-lg-6 mb-7 mb-lg-0\">\n\t\t\t\t<img decoding=\"async\" src=\"https:\/\/www.myallmeeting.com\/wp-content\/uploads\/2023\/07\/monte-carlo-953x600.jpg\" width=\"953\" height=\"600\" alt=\"\" loading=\"lazy\" class=\"w-100\" \/>\n\t\t\t<\/div>\n\t\t\t\t\t\t<div class=\"col-lg-6\">\n\t\t\t\t<div class=\"text-image__content\">\n\t\t\t\t\t\t\t\t\t\t<div class=\"fw-semibold lh-xs fs-20 fs-lg-32 ls--25 mb-5\">Fairmont Monte Carlo<\/div>\n\t\t\t\t\t\t\t\t\t\t\t\t\t\t\t<div class=\"fs-wysiwyg\">\n\t\t\t\t\t\t<h3>Um hotel \u201creal&#8221;<\/h3>\n<p>O <a href=\"https:\/\/myallmeeting.com\/pt-pt\/hotel\/a598-fairmont-monte-carlo\/\"><strong>Fairmont Monte Carlo<\/strong><\/a>, constru\u00eddo entre o Mar Mediterr\u00e2neo e o lend\u00e1rio Casino de Monte-Carlo, destaca-se como um hotel de luxo no M\u00f3naco, um hotel-resort emblem\u00e1tico no cora\u00e7\u00e3o do Principado.<\/p>\n<p>Este hotel de 4 estrelas com 596 quartos disp\u00f5e de 17 salas de reuni\u00f5es para acolher os seus eventos.<\/p>\n\t\t\t\t\t<\/div>\n\t\t\t\t\t\t\t\t\t<\/div>\n\t\t\t<\/div>        \n\t\t<\/div>\n\t<\/div>\n<\/div>\n<!-- END OF : Composant : block-periscope-theme-section-composant-33-texte-image.php -->\n","protected":false},"excerpt":{"rendered":"<p>Descubra os 8 hot\u00e9is ex\u00f3ticos para um semin\u00e1rio \u00e0 beira-mar.<\/p>\n","protected":false},"featured_media":16223741,"menu_order":0,"template":"","periscope_categorie_tax":[3515],"class_list":["post-16223797","article","type-article","status-publish","has-post-thumbnail","hentry","periscope_categorie_tax-tous-nos-tops-selections-pt-pt"],"acf":[],"yoast_head":"<title>Os 8 hot\u00e9is na Europa onde pode realizar o seu semin\u00e1rio \u00e0 beira-mar\u2026 - Accor MyAllMeeting.com<\/title>\n<meta name=\"robots\" content=\"index, follow, max-snippet:-1, max-image-preview:large, max-video-preview:-1\" \/>\n<link rel=\"canonical\" href=\"https:\/\/www.myallmeeting.com\/pt-pt\/wp-json\/wp\/v2\/article\/16223797\" \/>\n<meta property=\"og:locale\" content=\"pt_PT\" \/>\n<meta property=\"og:type\" content=\"article\" \/>\n<meta property=\"og:title\" content=\"Os 8 hot\u00e9is na Europa onde pode realizar o seu semin\u00e1rio \u00e0 beira-mar\u2026 - Accor MyAllMeeting.com\" \/>\n<meta property=\"og:description\" content=\"Descubra os 8 hot\u00e9is ex\u00f3ticos para um semin\u00e1rio \u00e0 beira-mar.\" \/>\n<meta property=\"og:url\" content=\"https:\/\/www.myallmeeting.com\/pt-pt\/article\/les-8-hotels-en-europe-ou-organiser-votre-seminaire-en-bord-de-mer\/\" \/>\n<meta property=\"og:site_name\" content=\"Accor MyAllMeeting.com\" \/>\n<meta property=\"article:modified_time\" content=\"2024-07-19T14:48:37+00:00\" \/>\n<meta property=\"og:image\" content=\"https:\/\/www.myallmeeting.com\/wp-content\/uploads\/2023\/07\/MAM-imagery-1920-x-570-px-Baniere-3-1024x304.png\" \/>\n\t<meta property=\"og:image:width\" content=\"1024\" \/>\n\t<meta property=\"og:image:height\" content=\"304\" \/>\n\t<meta property=\"og:image:type\" content=\"image\/png\" \/>\n<meta name=\"twitter:card\" content=\"summary_large_image\" \/>\n<meta name=\"twitter:label1\" content=\"Est. reading time\" \/>\n\t<meta name=\"twitter:data1\" content=\"7 minutes\" \/>\n<script type=\"application\/ld+json\" class=\"yoast-schema-graph\">{\"@context\":\"https:\/\/schema.org\",\"@graph\":[{\"@type\":\"WebPage\",\"@id\":\"https:\/\/www.myallmeeting.com\/pt-pt\/article\/les-8-hotels-en-europe-ou-organiser-votre-seminaire-en-bord-de-mer\/\",\"url\":\"https:\/\/www.myallmeeting.com\/pt-pt\/article\/les-8-hotels-en-europe-ou-organiser-votre-seminaire-en-bord-de-mer\/\",\"name\":\"Os 8 hot\u00e9is na Europa onde pode realizar o seu semin\u00e1rio \u00e0 beira-mar\u2026 - Accor MyAllMeeting.com\",\"isPartOf\":{\"@id\":\"https:\/\/www.myallmeeting.com\/pt-pt\/#website\"},\"primaryImageOfPage\":{\"@id\":\"https:\/\/www.myallmeeting.com\/pt-pt\/article\/les-8-hotels-en-europe-ou-organiser-votre-seminaire-en-bord-de-mer\/#primaryimage\"},\"image\":{\"@id\":\"https:\/\/www.myallmeeting.com\/pt-pt\/article\/les-8-hotels-en-europe-ou-organiser-votre-seminaire-en-bord-de-mer\/#primaryimage\"},\"thumbnailUrl\":\"https:\/\/www.myallmeeting.com\/wp-content\/uploads\/2023\/07\/MAM-imagery-1920-x-570-px-Baniere-3.png\",\"datePublished\":\"2023-07-02T15:59:16+00:00\",\"dateModified\":\"2024-07-19T14:48:37+00:00\",\"breadcrumb\":{\"@id\":\"https:\/\/www.myallmeeting.com\/pt-pt\/article\/les-8-hotels-en-europe-ou-organiser-votre-seminaire-en-bord-de-mer\/#breadcrumb\"},\"inLanguage\":\"pt-PT\",\"potentialAction\":[{\"@type\":\"ReadAction\",\"target\":[\"https:\/\/www.myallmeeting.com\/pt-pt\/article\/les-8-hotels-en-europe-ou-organiser-votre-seminaire-en-bord-de-mer\/\"]}]},{\"@type\":\"ImageObject\",\"inLanguage\":\"pt-PT\",\"@id\":\"https:\/\/www.myallmeeting.com\/pt-pt\/article\/les-8-hotels-en-europe-ou-organiser-votre-seminaire-en-bord-de-mer\/#primaryimage\",\"url\":\"https:\/\/www.myallmeeting.com\/wp-content\/uploads\/2023\/07\/MAM-imagery-1920-x-570-px-Baniere-3.png\",\"contentUrl\":\"https:\/\/www.myallmeeting.com\/wp-content\/uploads\/2023\/07\/MAM-imagery-1920-x-570-px-Baniere-3.png\",\"width\":1920,\"height\":570},{\"@type\":\"BreadcrumbList\",\"@id\":\"https:\/\/www.myallmeeting.com\/pt-pt\/article\/les-8-hotels-en-europe-ou-organiser-votre-seminaire-en-bord-de-mer\/#breadcrumb\",\"itemListElement\":[{\"@type\":\"ListItem\",\"position\":1,\"name\":\"P\u00e1gina inicial\",\"item\":\"https:\/\/myallmeeting.com\/pt-pt\/\"},{\"@type\":\"ListItem\",\"position\":2,\"name\":\"Not\u00edcias\",\"item\":\"https:\/\/www.myallmeeting.com\/pt-pt\/noticias\/\"},{\"@type\":\"ListItem\",\"position\":3,\"name\":\"Os 8 hot\u00e9is na Europa onde pode realizar o seu semin\u00e1rio \u00e0 beira-mar\u2026\"}]},{\"@type\":\"WebSite\",\"@id\":\"https:\/\/www.myallmeeting.com\/pt-pt\/#website\",\"url\":\"https:\/\/www.myallmeeting.com\/pt-pt\/\",\"name\":\"Accor MyAllMeeting.com\",\"description\":\"Les Meilleurs lieux pour vos Ev\u00e9nements Professionnels\",\"publisher\":{\"@id\":\"https:\/\/www.myallmeeting.com\/pt-pt\/#organization\"},\"potentialAction\":[{\"@type\":\"SearchAction\",\"target\":{\"@type\":\"EntryPoint\",\"urlTemplate\":\"https:\/\/www.myallmeeting.com\/pt-pt\/?s={search_term_string}\"},\"query-input\":{\"@type\":\"PropertyValueSpecification\",\"valueRequired\":true,\"valueName\":\"search_term_string\"}}],\"inLanguage\":\"pt-PT\"},{\"@type\":\"Organization\",\"@id\":\"https:\/\/www.myallmeeting.com\/pt-pt\/#organization\",\"name\":\"ACCOR\",\"url\":\"https:\/\/www.myallmeeting.com\/pt-pt\/\",\"logo\":{\"@type\":\"ImageObject\",\"inLanguage\":\"pt-PT\",\"@id\":\"https:\/\/www.myallmeeting.com\/pt-pt\/#\/schema\/logo\/image\/\",\"url\":\"\",\"contentUrl\":\"\",\"caption\":\"ACCOR\"},\"image\":{\"@id\":\"https:\/\/www.myallmeeting.com\/pt-pt\/#\/schema\/logo\/image\/\"}}]}<\/script>","yoast_head_json":{"title":"Os 8 hot\u00e9is na Europa onde pode realizar o seu semin\u00e1rio \u00e0 beira-mar\u2026 - Accor MyAllMeeting.com","robots":{"index":"index","follow":"follow","max-snippet":"max-snippet:-1","max-image-preview":"max-image-preview:large","max-video-preview":"max-video-preview:-1"},"canonical":"https:\/\/www.myallmeeting.com\/pt-pt\/wp-json\/wp\/v2\/article\/16223797","og_locale":"pt_PT","og_type":"article","og_title":"Os 8 hot\u00e9is na Europa onde pode realizar o seu semin\u00e1rio \u00e0 beira-mar\u2026 - Accor MyAllMeeting.com","og_description":"Descubra os 8 hot\u00e9is ex\u00f3ticos para um semin\u00e1rio \u00e0 beira-mar.","og_url":"https:\/\/www.myallmeeting.com\/pt-pt\/article\/les-8-hotels-en-europe-ou-organiser-votre-seminaire-en-bord-de-mer\/","og_site_name":"Accor MyAllMeeting.com","article_modified_time":"2024-07-19T14:48:37+00:00","og_image":[{"width":1024,"height":304,"url":"https:\/\/www.myallmeeting.com\/wp-content\/uploads\/2023\/07\/MAM-imagery-1920-x-570-px-Baniere-3-1024x304.png","type":"image\/png"}],"twitter_card":"summary_large_image","twitter_misc":{"Est. reading time":"7 minutes"},"schema":{"@context":"https:\/\/schema.org","@graph":[{"@type":"WebPage","@id":"https:\/\/www.myallmeeting.com\/pt-pt\/article\/les-8-hotels-en-europe-ou-organiser-votre-seminaire-en-bord-de-mer\/","url":"https:\/\/www.myallmeeting.com\/pt-pt\/article\/les-8-hotels-en-europe-ou-organiser-votre-seminaire-en-bord-de-mer\/","name":"Os 8 hot\u00e9is na Europa onde pode realizar o seu semin\u00e1rio \u00e0 beira-mar\u2026 - Accor MyAllMeeting.com","isPartOf":{"@id":"https:\/\/www.myallmeeting.com\/pt-pt\/#website"},"primaryImageOfPage":{"@id":"https:\/\/www.myallmeeting.com\/pt-pt\/article\/les-8-hotels-en-europe-ou-organiser-votre-seminaire-en-bord-de-mer\/#primaryimage"},"image":{"@id":"https:\/\/www.myallmeeting.com\/pt-pt\/article\/les-8-hotels-en-europe-ou-organiser-votre-seminaire-en-bord-de-mer\/#primaryimage"},"thumbnailUrl":"https:\/\/www.myallmeeting.com\/wp-content\/uploads\/2023\/07\/MAM-imagery-1920-x-570-px-Baniere-3.png","datePublished":"2023-07-02T15:59:16+00:00","dateModified":"2024-07-19T14:48:37+00:00","breadcrumb":{"@id":"https:\/\/www.myallmeeting.com\/pt-pt\/article\/les-8-hotels-en-europe-ou-organiser-votre-seminaire-en-bord-de-mer\/#breadcrumb"},"inLanguage":"pt-PT","potentialAction":[{"@type":"ReadAction","target":["https:\/\/www.myallmeeting.com\/pt-pt\/article\/les-8-hotels-en-europe-ou-organiser-votre-seminaire-en-bord-de-mer\/"]}]},{"@type":"ImageObject","inLanguage":"pt-PT","@id":"https:\/\/www.myallmeeting.com\/pt-pt\/article\/les-8-hotels-en-europe-ou-organiser-votre-seminaire-en-bord-de-mer\/#primaryimage","url":"https:\/\/www.myallmeeting.com\/wp-content\/uploads\/2023\/07\/MAM-imagery-1920-x-570-px-Baniere-3.png","contentUrl":"https:\/\/www.myallmeeting.com\/wp-content\/uploads\/2023\/07\/MAM-imagery-1920-x-570-px-Baniere-3.png","width":1920,"height":570},{"@type":"BreadcrumbList","@id":"https:\/\/www.myallmeeting.com\/pt-pt\/article\/les-8-hotels-en-europe-ou-organiser-votre-seminaire-en-bord-de-mer\/#breadcrumb","itemListElement":[{"@type":"ListItem","position":1,"name":"P\u00e1gina inicial","item":"https:\/\/myallmeeting.com\/pt-pt\/"},{"@type":"ListItem","position":2,"name":"Not\u00edcias","item":"https:\/\/www.myallmeeting.com\/pt-pt\/noticias\/"},{"@type":"ListItem","position":3,"name":"Os 8 hot\u00e9is na Europa onde pode realizar o seu semin\u00e1rio \u00e0 beira-mar\u2026"}]},{"@type":"WebSite","@id":"https:\/\/www.myallmeeting.com\/pt-pt\/#website","url":"https:\/\/www.myallmeeting.com\/pt-pt\/","name":"Accor MyAllMeeting.com","description":"Les Meilleurs lieux pour vos Ev\u00e9nements Professionnels","publisher":{"@id":"https:\/\/www.myallmeeting.com\/pt-pt\/#organization"},"potentialAction":[{"@type":"SearchAction","target":{"@type":"EntryPoint","urlTemplate":"https:\/\/www.myallmeeting.com\/pt-pt\/?s={search_term_string}"},"query-input":{"@type":"PropertyValueSpecification","valueRequired":true,"valueName":"search_term_string"}}],"inLanguage":"pt-PT"},{"@type":"Organization","@id":"https:\/\/www.myallmeeting.com\/pt-pt\/#organization","name":"ACCOR","url":"https:\/\/www.myallmeeting.com\/pt-pt\/","logo":{"@type":"ImageObject","inLanguage":"pt-PT","@id":"https:\/\/www.myallmeeting.com\/pt-pt\/#\/schema\/logo\/image\/","url":"","contentUrl":"","caption":"ACCOR"},"image":{"@id":"https:\/\/www.myallmeeting.com\/pt-pt\/#\/schema\/logo\/image\/"}}]}},"_links":{"self":[{"href":"https:\/\/www.myallmeeting.com\/pt-pt\/wp-json\/wp\/v2\/article\/16223797","targetHints":{"allow":["GET"]}}],"collection":[{"href":"https:\/\/www.myallmeeting.com\/pt-pt\/wp-json\/wp\/v2\/article"}],"about":[{"href":"https:\/\/www.myallmeeting.com\/pt-pt\/wp-json\/wp\/v2\/types\/article"}],"wp:featuredmedia":[{"embeddable":true,"href":"https:\/\/www.myallmeeting.com\/pt-pt\/wp-json\/wp\/v2\/media\/16223741"}],"wp:attachment":[{"href":"https:\/\/www.myallmeeting.com\/pt-pt\/wp-json\/wp\/v2\/media?parent=16223797"}],"wp:term":[{"taxonomy":"periscope_categorie_tax","embeddable":true,"href":"https:\/\/www.myallmeeting.com\/pt-pt\/wp-json\/wp\/v2\/periscope_categorie_tax?post=16223797"}],"curies":[{"name":"wp","href":"https:\/\/api.w.org\/{rel}","templated":true}]}}