{"id":16038085,"date":"2022-04-29T15:43:28","date_gmt":"2022-04-29T13:43:28","guid":{"rendered":"https:\/\/myallmeeting.com\/article\/decouvrez-nos-4-meilleurs-hotels-pour-organiser-un-seminaire-au-pays-basque\/"},"modified":"2024-07-16T12:39:36","modified_gmt":"2024-07-16T10:39:36","slug":"descubra-os-nossos-4-melhores-hoteis-para-organizar-um-seminario-no-pais-basco-espanhol","status":"publish","type":"article","link":"https:\/\/www.myallmeeting.com\/pt-pt\/article\/descubra-os-nossos-4-melhores-hoteis-para-organizar-um-seminario-no-pais-basco-espanhol\/","title":{"rendered":"Descubra os nossos 4 melhores hot\u00e9is para organizar um semin\u00e1rio no Pa\u00eds Basco espanhol\u00a0"},"content":{"rendered":"<!-- START OF : Composant : block-periscope-theme-section-composant-25-texte-cta-2-images.php -->\n<div class=\"tcta2ia bg-white fs-wysiwyg mb-lg-12\" data-component=\"25-texte-cta-2-images\">\n\t<div class=\"tcta2ia__top\">\n\t\t<div class=\"container-fluid\" style=\"--bs-gutter-x: 0\">\n\t\t\t<div class=\"row\" style=\"--bs-gutter-x: 0\">\n\t\t\t\t<div class=\"col-lg-8\">\n\t\t\t\t\t\t\t\t\t\t<div class=\"bloc-mise-en-avant__top__left\">\n\t\t\t\t\t\t<img decoding=\"async\" src=\"https:\/\/www.myallmeeting.com\/wp-content\/uploads\/2022\/04\/Mercure-San-Sebastian-Monte-Igueldo-2-1268x846.jpg\" class=\"pe-2 pe-lg-0\" width=\"1268\" height=\"846\" alt=\"\" loading=\"lazy\" \/>\n\t\t\t\t\t<\/div>\n\t\t\t\t\t\t\t\t\t\t<div class=\"tcta2ia__bottom d-none d-lg-block pb-12 pt-lg-9 pb-lg-0 pe-lg-10\">\n\t\t\t\t\t\t\t\t\t\t\t\t<h2 class=\"fs-20 fs-lg-32 fw-semibold\">Ibis Bilbao Centro<\/h2>\n\t\t\t\t\t\t\t\t\t\t\t\t\t\t\t\t\t\t<div class=\"fs-wysiwyg\"><p aria-level=\"4\"><span data-contrast=\"none\">O Museu Guggenheim <\/span><span data-contrast=\"none\">soa-lhe familiar<\/span><span data-contrast=\"none\">, n\u00e3o \u00e9? Localizado a apenas 10 minutos a p\u00e9 <\/span><span data-contrast=\"none\">do <\/span><a href=\"https:\/\/myallmeeting.com\/pt-pt\/hotel\/6141-ibis-bilbao-centro\/\"><b><span data-contrast=\"none\">Ibis<\/span><\/b><b><span data-contrast=\"none\"> Bilbao Centro<\/span><\/b><\/a><span data-contrast=\"none\">, o museu j\u00e1 organizou jantares de gala com proje\u00e7\u00f5es de videomapping nas mesas. Uma excelente ideia para surpreender os participantes que est\u00e3o habituados (ou at\u00e9 cansados) de ver mapeamentos em fachadas e que v\u00e3o precisar de uma pausa depois de todas estas horas de <\/span><span data-contrast=\"none\">forma\u00e7\u00e3o<\/span><span data-contrast=\"none\">!<\/span><span data-ccp-props=\"{&quot;134233117&quot;:false,&quot;134233118&quot;:false,&quot;201341983&quot;:0,&quot;335551550&quot;:6,&quot;335551620&quot;:6,&quot;335557856&quot;:16119028,&quot;335559738&quot;:165,&quot;335559739&quot;:165,&quot;335559740&quot;:240}\">\u00a0<\/span><\/p>\n<p aria-level=\"4\"><span data-contrast=\"none\">Geralmente, <\/span><b><span data-contrast=\"none\">Bilbao e seus arredores s\u00e3o simplesmente espetaculares e<\/span><\/b> <b><span data-contrast=\"none\">a oferta gastron\u00f3mica n\u00e3o \u00e9 menos<\/span><\/b><span data-contrast=\"none\">. Recomendamos que inclua uma visita no programa do seu evento: n\u00e3o hesite em parar na Plaza Nueva ou passar por Zubizuri, locais imperd\u00edveis do centro da cidade localizados muito perto do hotel, e que os seus participantes certamente nunca esquecer\u00e3o.<\/span><span data-ccp-props=\"{&quot;134233117&quot;:false,&quot;134233118&quot;:false,&quot;201341983&quot;:0,&quot;335551550&quot;:6,&quot;335551620&quot;:6,&quot;335557856&quot;:16119028,&quot;335559738&quot;:165,&quot;335559739&quot;:165,&quot;335559740&quot;:240}\">\u00a0<\/span><\/p>\n<p aria-level=\"4\"><b><span data-contrast=\"none\">O hotel disp\u00f5e de duas salas de reuni\u00f5es<\/span><\/b><span data-contrast=\"none\"> \u2013 <\/span><span data-contrast=\"none\">uma<\/span><span data-contrast=\"none\"> de 90 m\u00b2 e <\/span><span data-contrast=\"none\">outra<\/span><span data-contrast=\"none\"> de 45 m\u00b2 \u2013 que voc\u00ea pode usar separadamente ou <\/span><span data-contrast=\"none\">reunir<\/span><span data-contrast=\"none\"> para obter uma sala individual que pode acomodar at\u00e9 95 participantes.<\/span><span data-ccp-props=\"{&quot;134233117&quot;:false,&quot;134233118&quot;:false,&quot;201341983&quot;:0,&quot;335551550&quot;:6,&quot;335551620&quot;:6,&quot;335557856&quot;:16119028,&quot;335559738&quot;:165,&quot;335559739&quot;:165,&quot;335559740&quot;:240}\">\u00a0<\/span><\/p>\n<\/div>\n\t\t\t\t\t\t\t\t\t\t\t\t<div class=\"d-flex flex-column flex-lg-row align-items-center gap-5 gap-lg-8 justify-content-between\">\n\t\t\t\t\t\t\t<div class=\"fs-20 fs-lg-26 fw-semibold lh-xs\"><\/div>\n\t\t\t\t\t\t\t\t\t\t\t\t\t<\/div>\n\t\t\t\t\t<\/div>\n\t\t\t\t<\/div>\n\t\t\t\t<div class=\"col-lg-4\">\n\t\t\t\t\t<div class=\"tcta2ia__top__right t-0 r-0 bg-primary text-white pt-4 pb-4 px-2 pt-lg-8 pb-lg-16 px-lg-11 pb-xl-30\">\n\t\t\t\t\t\t\t\t\t\t\t\t\t\t\t\t\t\t<h2 class=\"unna fs-36 fs-lg-51 fs-xl-75 fs-italic fw-normal text-secondary\">Descubra os nossos 4 melhores hot\u00e9is para organizar um semin\u00e1rio no Pa\u00eds Basco espanhol <\/h2>\n\t\t\t\t\t\t\t\t\t\t\t\t\t\t\t\t\t\t<h3 class=\"text-white fs-18 fs-lg-20 fs-xl-28 text-original-case\">Voc\u00ea pode n\u00e3o entender a l\u00edngua basca, mas o Museu Guggenheim, a praia de La Concha ou, claro, os bares de pintxos certamente significam algo para voc\u00ea. <\/h3>\n\t\t\t\t\t\t\t\t\t\t\t\t\t\t\t\t\t\t<div class=\"fs-wysiwyg mb-4 fs-lg-16 fs-xl-20\"><p><span data-contrast=\"none\" xml:lang=\"PT-PT\" lang=\"PT-PT\" class=\"TextRun SCXW10603254 BCX0\"><span class=\"NormalTextRun SCXW10603254 BCX0\">Para al\u00e9m destes clich\u00e9s, o Pa\u00eds Basco espanhol tamb\u00e9m tem muito a oferecer na organiza\u00e7\u00e3o de eventos. Descubra <\/span><\/span><span data-contrast=\"none\" xml:lang=\"PT-PT\" lang=\"PT-PT\" class=\"TextRun Highlight SCXW10603254 BCX0\"><span class=\"NormalTextRun SCXW10603254 BCX0\">os<\/span><\/span><span data-contrast=\"none\" xml:lang=\"PT-PT\" lang=\"PT-PT\" class=\"TextRun SCXW10603254 BCX0\"><span class=\"NormalTextRun SCXW10603254 BCX0\"> <\/span><span class=\"NormalTextRun SCXW10603254 BCX0\">nossos 4 melhores hot\u00e9is se voc\u00ea <\/span><\/span><span data-contrast=\"none\" xml:lang=\"PT-PT\" lang=\"PT-PT\" class=\"TextRun Highlight SCXW10603254 BCX0\"><span class=\"NormalTextRun SCXW10603254 BCX0\">estiver a pensar<\/span><\/span><span data-contrast=\"none\" xml:lang=\"PT-PT\" lang=\"PT-PT\" class=\"TextRun SCXW10603254 BCX0\"><span class=\"NormalTextRun SCXW10603254 BCX0\"> <\/span><span class=\"NormalTextRun SCXW10603254 BCX0\">organizar um semin\u00e1rio l\u00e1.<\/span><\/span><span class=\"EOP SCXW10603254 BCX0\" data-ccp-props=\"{&quot;201341983&quot;:0,&quot;335551550&quot;:6,&quot;335551620&quot;:6,&quot;335557856&quot;:16119028,&quot;335559739&quot;:165,&quot;335559740&quot;:240}\">\u00a0<\/span><\/p>\n<\/div>\n\t\t\t\t\t\t\t\t\t\t\t\t\t\t\t\t\t\t\t\t\t\t\t\t<p class=\"m-0\"><img decoding=\"async\" src=\"https:\/\/www.myallmeeting.com\/wp-content\/uploads\/2022\/04\/Ibis-Bilbao-Centro-2-633x398.jpg\" class=\"position-relative l-0\" width=\"633\" height=\"398\" alt=\"\" loading=\"lazy\" \/><\/p>\n\t\t\t\t\t\t\t\t\t\t\t<\/div>\n\t\t\t\t<\/div>\n\t\t\t<\/div>\n\t\t<\/div>\n\t<\/div>\n\t<div class=\"tcta2ia__bottom d-lg-none pb-12 py-lg-9 pe-lg-10\">\n\t\t\t\t<div class=\"h2 fs-20 fs-lg-32 fw-semibold\">Ibis Bilbao Centro<\/div>\n\t\t\t\t\t\t<div class=\"fs-wysiwyg\"><p aria-level=\"4\"><span data-contrast=\"none\">O Museu Guggenheim <\/span><span data-contrast=\"none\">soa-lhe familiar<\/span><span data-contrast=\"none\">, n\u00e3o \u00e9? Localizado a apenas 10 minutos a p\u00e9 <\/span><span data-contrast=\"none\">do <\/span><a href=\"https:\/\/myallmeeting.com\/pt-pt\/hotel\/6141-ibis-bilbao-centro\/\"><b><span data-contrast=\"none\">Ibis<\/span><\/b><b><span data-contrast=\"none\"> Bilbao Centro<\/span><\/b><\/a><span data-contrast=\"none\">, o museu j\u00e1 organizou jantares de gala com proje\u00e7\u00f5es de videomapping nas mesas. Uma excelente ideia para surpreender os participantes que est\u00e3o habituados (ou at\u00e9 cansados) de ver mapeamentos em fachadas e que v\u00e3o precisar de uma pausa depois de todas estas horas de <\/span><span data-contrast=\"none\">forma\u00e7\u00e3o<\/span><span data-contrast=\"none\">!<\/span><span data-ccp-props=\"{&quot;134233117&quot;:false,&quot;134233118&quot;:false,&quot;201341983&quot;:0,&quot;335551550&quot;:6,&quot;335551620&quot;:6,&quot;335557856&quot;:16119028,&quot;335559738&quot;:165,&quot;335559739&quot;:165,&quot;335559740&quot;:240}\">\u00a0<\/span><\/p>\n<p aria-level=\"4\"><span data-contrast=\"none\">Geralmente, <\/span><b><span data-contrast=\"none\">Bilbao e seus arredores s\u00e3o simplesmente espetaculares e<\/span><\/b> <b><span data-contrast=\"none\">a oferta gastron\u00f3mica n\u00e3o \u00e9 menos<\/span><\/b><span data-contrast=\"none\">. Recomendamos que inclua uma visita no programa do seu evento: n\u00e3o hesite em parar na Plaza Nueva ou passar por Zubizuri, locais imperd\u00edveis do centro da cidade localizados muito perto do hotel, e que os seus participantes certamente nunca esquecer\u00e3o.<\/span><span data-ccp-props=\"{&quot;134233117&quot;:false,&quot;134233118&quot;:false,&quot;201341983&quot;:0,&quot;335551550&quot;:6,&quot;335551620&quot;:6,&quot;335557856&quot;:16119028,&quot;335559738&quot;:165,&quot;335559739&quot;:165,&quot;335559740&quot;:240}\">\u00a0<\/span><\/p>\n<p aria-level=\"4\"><b><span data-contrast=\"none\">O hotel disp\u00f5e de duas salas de reuni\u00f5es<\/span><\/b><span data-contrast=\"none\"> \u2013 <\/span><span data-contrast=\"none\">uma<\/span><span data-contrast=\"none\"> de 90 m\u00b2 e <\/span><span data-contrast=\"none\">outra<\/span><span data-contrast=\"none\"> de 45 m\u00b2 \u2013 que voc\u00ea pode usar separadamente ou <\/span><span data-contrast=\"none\">reunir<\/span><span data-contrast=\"none\"> para obter uma sala individual que pode acomodar at\u00e9 95 participantes.<\/span><span data-ccp-props=\"{&quot;134233117&quot;:false,&quot;134233118&quot;:false,&quot;201341983&quot;:0,&quot;335551550&quot;:6,&quot;335551620&quot;:6,&quot;335557856&quot;:16119028,&quot;335559738&quot;:165,&quot;335559739&quot;:165,&quot;335559740&quot;:240}\">\u00a0<\/span><\/p>\n<\/div>\n\t\t\t\t<div class=\"d-flex flex-column flex-lg-row align-items-center gap-5 gap-lg-8 justify-content-between\">\n\t\t\t<div class=\"fs-20 fs-lg-26 fw-semibold lh-xs\"><\/div>\n\t\t\t\t\t<\/div>\n\t<\/div>\n<\/div>\n<!-- END OF : Composant : block-periscope-theme-section-composant-25-texte-cta-2-images.php -->\n\n\n<!-- START OF : Composant : block-periscope-theme-section-composant-33-texte-image.php -->\n<div class=\"text-image fs-wysiwyg mb-8 mb-lg-12\" data-component=\"33-texte-image\">\n\t<div class=\"container-fluid\" style=\"--bs-gutter-x: 0\">\n\t\t<div class=\"row\" style=\"--bs-gutter-x: 0\">\n\t\t\t\t\t\t<div class=\"col-lg-6 mb-7 mb-lg-0\">\n\t\t\t\t<img decoding=\"async\" src=\"https:\/\/www.myallmeeting.com\/wp-content\/uploads\/2022\/04\/Ibis-Styles-Pamplona-2-953x600.jpg\" width=\"953\" height=\"600\" alt=\"\" loading=\"lazy\" class=\"w-100\" \/>\n\t\t\t<\/div>\n\t\t\t\t\t\t<div class=\"col-lg-6\">\n\t\t\t\t<div class=\"text-image__content\">\n\t\t\t\t\t\t\t\t\t\t<div class=\"fw-semibold lh-xs fs-20 fs-lg-32 ls--25 mb-5\">Ibis Styles Pamplona<\/div>\n\t\t\t\t\t\t\t\t\t\t\t\t\t\t\t<div class=\"fs-wysiwyg\">\n\t\t\t\t\t\t<p aria-level=\"4\"><span data-contrast=\"none\">Sabemos que est\u00e1 localizado em Navarra e n\u00e3o no Pa\u00eds Basco, mas <a href=\"https:\/\/myallmeeting.com\/pt-pt\/hotel\/b367-ibis-styles-pamplona-noain\/\">este hotel<\/a> recentemente renovado convida-o a instalar-se e a trabalhar l\u00e1. As suas instala\u00e7\u00f5es e decora\u00e7\u00e3o transportam-no a florestas milenares, lagos artificiais, trilhos e \u00e0s paisagens mais verdes do norte de Espanha.<\/span><span data-ccp-props=\"{&quot;134233117&quot;:false,&quot;134233118&quot;:false,&quot;201341983&quot;:0,&quot;335551550&quot;:6,&quot;335551620&quot;:6,&quot;335557856&quot;:16119028,&quot;335559738&quot;:165,&quot;335559739&quot;:165,&quot;335559740&quot;:240}\">\u00a0<\/span><\/p>\n<p aria-level=\"4\"><span data-contrast=\"none\">Localizado numa zona tranquila, apenas a 1 minuto do Aeroporto de Pamplona, <\/span><b><span data-contrast=\"none\">oferece 60 quartos e uma sala de reuni\u00f5es de 76 m\u00b2 <\/span><\/b><span data-contrast=\"none\">(acomodando at\u00e9 50 pessoas) para organizar semin\u00e1rios em pequenos grupos e <\/span><span data-contrast=\"none\">forma\u00e7\u00f5es<\/span><span data-contrast=\"none\"> altamente personalizados.\u00a0<\/span><span data-ccp-props=\"{&quot;134233117&quot;:false,&quot;134233118&quot;:false,&quot;201341983&quot;:0,&quot;335551550&quot;:6,&quot;335551620&quot;:6,&quot;335557856&quot;:16119028,&quot;335559738&quot;:165,&quot;335559739&quot;:165,&quot;335559740&quot;:240}\">\u00a0<\/span><\/p>\n<p aria-level=\"4\"><span data-contrast=\"none\">Como necessitar\u00e1 de relaxamento e <\/span><span data-contrast=\"none\">de<\/span><span data-contrast=\"none\"> pausas durante as sess\u00f5es, aproveite para incluir no programa uma visita ao Parque de los Sentidos, grande jardim bot\u00e2nico e destino tur\u00edstico da regi\u00e3o que fica a poucos minutos a p\u00e9.<\/span><span data-ccp-props=\"{&quot;134233117&quot;:false,&quot;134233118&quot;:false,&quot;201341983&quot;:0,&quot;335551550&quot;:6,&quot;335551620&quot;:6,&quot;335557856&quot;:16119028,&quot;335559738&quot;:165,&quot;335559739&quot;:165,&quot;335559740&quot;:240}\">\u00a0<\/span><\/p>\n<p aria-level=\"4\"><span data-contrast=\"none\">Voc\u00ea tamb\u00e9m tem o centro hist\u00f3rico a 5 km, servido permanentemente por um <\/span><span data-contrast=\"none\">autocarro<\/span><span data-contrast=\"none\"> urbano, e um restaurante no hotel que muda seu card\u00e1pio a cada esta\u00e7\u00e3o para ajud\u00e1-lo a descobrir o melhor de Navarra.<\/span><span data-ccp-props=\"{&quot;134233117&quot;:false,&quot;134233118&quot;:false,&quot;201341983&quot;:0,&quot;335551550&quot;:6,&quot;335551620&quot;:6,&quot;335557856&quot;:16119028,&quot;335559738&quot;:165,&quot;335559739&quot;:165,&quot;335559740&quot;:240}\">\u00a0<\/span><\/p>\n\t\t\t\t\t<\/div>\n\t\t\t\t\t\t\t\t\t<\/div>\n\t\t\t<\/div>        \n\t\t<\/div>\n\t<\/div>\n<\/div>\n<!-- END OF : Composant : block-periscope-theme-section-composant-33-texte-image.php -->\n\n\n<!-- START OF : Composant : block-periscope-theme-section-composant-33-texte-image.php -->\n<!-- INVERSE -->\n<div class=\"text-image fs-wysiwyg mb-8 mb-lg-12\" data-component=\"33-texte-image\" data-reverse=\"oui\">\n\t<div class=\"container-fluid\" style=\"--bs-gutter-x: 0\">\n\t\t<div class=\"row\" style=\"--bs-gutter-x: 0\">\n\t\t\t<div class=\"col-lg-6\">\n\t\t\t\t<div class=\"text-image__content\">\n\t\t\t\t\t\t\t\t\t\t<div class=\"fw-semibold lh-xs fs-20 fs-lg-32 ls--25 mb-5\">Mercure Jardines de Albia<\/div>\n\t\t\t\t\t\t\t\t\t\t\t\t\t\t\t<div class=\"fs-wysiwyg\">\n\t\t\t\t\t\t<p aria-level=\"4\"><span data-contrast=\"none\">Situado entre os Jardins de Albia e a Ria de Bilbau, <a href=\"https:\/\/myallmeeting.com\/pt-pt\/hotel\/a057-mercure-bilbao-jardines-de-albia\/\">este hotel<\/a> \u00e9 o local ideal para estimular a concentra\u00e7\u00e3o dos participantes que se encontram rodeados de verde e do mar. <\/span><b><span data-contrast=\"none\">O hotel disp\u00f5e de 138 quartos, um spa para relaxar<\/span><\/b><span data-contrast=\"none\"> (ou mais, se necess\u00e1rio), <\/span><b><span data-contrast=\"none\">um restaurante e quatro salas de reuni\u00f5es de 115 m\u00b2, 95 m\u00b2, 76 m\u00b2 e 44 m\u00b2 que podem acomodar at\u00e9 130 pessoas<\/span><\/b><span data-contrast=\"none\">.<\/span><span data-ccp-props=\"{&quot;134233117&quot;:false,&quot;134233118&quot;:false,&quot;201341983&quot;:0,&quot;335551550&quot;:6,&quot;335551620&quot;:6,&quot;335557856&quot;:16119028,&quot;335559738&quot;:165,&quot;335559739&quot;:165,&quot;335559740&quot;:240}\">\u00a0<\/span><\/p>\n<p aria-level=\"4\"><span data-contrast=\"none\">No seu programa, entre duas sess\u00f5es de <\/span><span data-contrast=\"none\">forma\u00e7\u00e3o<\/span><span data-contrast=\"none\">, pode convidar os participantes \u00e0 pr\u00e1tica de determinados desportos n\u00e1uticos como o caiaque, a passear pela Ria ou a conhecer o centro hist\u00f3rico e o com\u00e9rcio local com \u201cdescobertas locais\u201d, uma boa forma de mergulhar totalmente na cultura e gastronomia.\u00a0<\/span><span data-ccp-props=\"{&quot;134233117&quot;:false,&quot;134233118&quot;:false,&quot;201341983&quot;:0,&quot;335551550&quot;:6,&quot;335551620&quot;:6,&quot;335557856&quot;:16119028,&quot;335559738&quot;:165,&quot;335559739&quot;:165,&quot;335559740&quot;:240}\">\u00a0<\/span><\/p>\n<p aria-level=\"4\"><span data-contrast=\"none\">Gra\u00e7as a parcerias com artes\u00e3os e fornecedores locais, a equipa do hotel ajuda-o a organizar experi\u00eancias culturais e gastron\u00f3micas: a mercearia Antonio Mart\u00edn e o seu bacalhau seco, a loja de guarda-chuvas Leoz ou a chapelaria Gorostiaga n\u00e3o s\u00e3o apenas algumas das \u201cdescobertas locais\u201d que esperam por voc\u00ea em Bilbao.<\/span><span data-ccp-props=\"{&quot;134233117&quot;:false,&quot;134233118&quot;:false,&quot;201341983&quot;:0,&quot;335551550&quot;:6,&quot;335551620&quot;:6,&quot;335557856&quot;:16119028,&quot;335559738&quot;:165,&quot;335559739&quot;:165,&quot;335559740&quot;:240}\">\u00a0<\/span><\/p>\n\t\t\t\t\t<\/div>\n\t\t\t\t\t\t\t\t\t<\/div>\n\t\t\t<\/div>    \n\t\t\t    \n\t\t\t<div class=\"col-lg-6 order-first order-lg-last mb-7 mb-lg-0\">\n\t\t\t\t<img decoding=\"async\" src=\"https:\/\/www.myallmeeting.com\/wp-content\/uploads\/2022\/04\/Mercure-Jardines-de-Albia-3-953x600.jpg\" width=\"953\" height=\"600\" alt=\"\" loading=\"lazy\" class=\"w-100\" \/>\n\t\t\t<\/div>\n\t\t\t\t\t<\/div>\n\t<\/div>\n<\/div>\n<!-- END OF : Composant : block-periscope-theme-section-composant-33-texte-image.php -->\n\n\n<!-- START OF : Composant : block-periscope-theme-section-composant-33-texte-image.php -->\n<div class=\"text-image fs-wysiwyg mb-8 mb-lg-12\" data-component=\"33-texte-image\">\n\t<div class=\"container-fluid\" style=\"--bs-gutter-x: 0\">\n\t\t<div class=\"row\" style=\"--bs-gutter-x: 0\">\n\t\t\t\t\t\t<div class=\"col-lg-6 mb-7 mb-lg-0\">\n\t\t\t\t<img decoding=\"async\" src=\"https:\/\/www.myallmeeting.com\/wp-content\/uploads\/2022\/04\/Mercure-San-Sebastian-Monte-Igueldo-2-1-953x600.jpg\" width=\"953\" height=\"600\" alt=\"\" loading=\"lazy\" class=\"w-100\" \/>\n\t\t\t<\/div>\n\t\t\t\t\t\t<div class=\"col-lg-6\">\n\t\t\t\t<div class=\"text-image__content\">\n\t\t\t\t\t\t\t\t\t\t<div class=\"fw-semibold lh-xs fs-20 fs-lg-32 ls--25 mb-5\">Mercure San Sebasti\u00e1n Monte Igueldo<\/div>\n\t\t\t\t\t\t\t\t\t\t\t\t\t\t\t<div class=\"fs-wysiwyg\">\n\t\t\t\t\t\t<p aria-level=\"4\"><span data-contrast=\"none\">No topo da colina que lhe deu o nome, com a Ba\u00eda de La Concha a seus p\u00e9s, o terra\u00e7o com piscina do hotel <a href=\"https:\/\/myallmeeting.com\/pt-pt\/hotel\/1987-mercure-san-sebastian-monte-igueldo\/\">Mercure San Sebasti\u00e1n Monte Igueldo<\/a> est\u00e1 ligado \u00e0 cidade e, portanto, a todos os seus locais a visitar, desde lazer e restaura\u00e7\u00e3o\u2026 <\/span><b><span data-contrast=\"none\">por um funicular <\/span><\/b><b><span data-contrast=\"none\">centen\u00e1rio<\/span><\/b><span data-contrast=\"none\">!\u00a0<\/span><span data-ccp-props=\"{&quot;134233117&quot;:false,&quot;134233118&quot;:false,&quot;201341983&quot;:0,&quot;335551550&quot;:6,&quot;335551620&quot;:6,&quot;335557856&quot;:16119028,&quot;335559738&quot;:165,&quot;335559739&quot;:165,&quot;335559740&quot;:240}\">\u00a0<\/span><\/p>\n<p aria-level=\"4\"><span data-contrast=\"none\">Este funicular \u00e9 uma das grandes atra\u00e7\u00f5es tur\u00edsticas da cidade e constitui sem d\u00favida um original meio de transporte para os seus participantes que, no final de um dia de treino, poder\u00e3o fazer uma escapadela e descobrir a gastronomia feita de\u202f<\/span><i><span data-contrast=\"none\">pintxos<\/span><\/i><span data-contrast=\"none\">\u202fe todo o centro hist\u00f3rico: o Pal\u00e1cio Miramar, o Museu San Telmo\u2026<\/span><span data-ccp-props=\"{&quot;134233117&quot;:false,&quot;134233118&quot;:false,&quot;201341983&quot;:0,&quot;335551550&quot;:6,&quot;335551620&quot;:6,&quot;335557856&quot;:16119028,&quot;335559738&quot;:165,&quot;335559739&quot;:165,&quot;335559740&quot;:240}\">\u00a0<\/span><\/p>\n<p aria-level=\"4\"><span data-contrast=\"none\">O hotel tamb\u00e9m disp\u00f5e de um restaurante, El Torre\u00f3n, que oferece vista para a ba\u00eda, onde voc\u00ea pode <\/span><b><span data-contrast=\"none\">organizar um almo\u00e7o ou jantar para at\u00e9 250 pessoas<\/span><\/b><span data-contrast=\"none\">.\u00a0<\/span><span data-ccp-props=\"{&quot;134233117&quot;:false,&quot;134233118&quot;:false,&quot;201341983&quot;:0,&quot;335551550&quot;:6,&quot;335551620&quot;:6,&quot;335557856&quot;:16119028,&quot;335559738&quot;:165,&quot;335559739&quot;:165,&quot;335559740&quot;:240}\">\u00a0<\/span><\/p>\n<p aria-level=\"4\"><b><span data-contrast=\"none\">Aproveite o terra\u00e7o com piscina e as suas cinco salas de reuni\u00f5es<\/span><\/b><span data-contrast=\"none\"> (387 m\u00b2, 200 m\u00b2, 127 m\u00b2, 93 m\u00b2 e 89 m\u00b2) e <\/span><span data-contrast=\"none\">planeie<\/span><span data-contrast=\"none\"> o semin\u00e1rio em diferentes pontos do hotel para oxigenar o c\u00e9rebro e <\/span><span data-contrast=\"none\">favorecer<\/span><span data-contrast=\"none\"> a concentra\u00e7\u00e3o.<\/span><span data-ccp-props=\"{&quot;134233117&quot;:false,&quot;134233118&quot;:false,&quot;201341983&quot;:0,&quot;335551550&quot;:6,&quot;335551620&quot;:6,&quot;335557856&quot;:16119028,&quot;335559738&quot;:165,&quot;335559739&quot;:165,&quot;335559740&quot;:240}\">\u00a0<\/span><\/p>\n\t\t\t\t\t<\/div>\n\t\t\t\t\t\t\t\t\t<\/div>\n\t\t\t<\/div>        \n\t\t<\/div>\n\t<\/div>\n<\/div>\n<!-- END OF : Composant : block-periscope-theme-section-composant-33-texte-image.php -->\n","protected":false},"excerpt":{"rendered":"","protected":false},"featured_media":15963872,"menu_order":0,"template":"","periscope_categorie_tax":[3515],"class_list":["post-16038085","article","type-article","status-publish","has-post-thumbnail","hentry","periscope_categorie_tax-tous-nos-tops-selections-pt-pt"],"acf":[],"yoast_head":"<title>Descubra os nossos 4 melhores hot\u00e9is para organizar um semin\u00e1rio no Pa\u00eds Basco espanhol\u00a0 - Accor MyAllMeeting.com<\/title>\n<meta name=\"robots\" content=\"index, follow, max-snippet:-1, max-image-preview:large, max-video-preview:-1\" \/>\n<link rel=\"canonical\" href=\"https:\/\/www.myallmeeting.com\/pt-pt\/wp-json\/wp\/v2\/article\/16038085\" \/>\n<meta property=\"og:locale\" content=\"pt_PT\" \/>\n<meta property=\"og:type\" content=\"article\" \/>\n<meta property=\"og:title\" content=\"Descubra os nossos 4 melhores hot\u00e9is para organizar um semin\u00e1rio no Pa\u00eds Basco espanhol\u00a0 - Accor MyAllMeeting.com\" \/>\n<meta property=\"og:url\" content=\"https:\/\/www.myallmeeting.com\/pt-pt\/article\/descubra-os-nossos-4-melhores-hoteis-para-organizar-um-seminario-no-pais-basco-espanhol\/\" \/>\n<meta property=\"og:site_name\" content=\"Accor MyAllMeeting.com\" \/>\n<meta property=\"article:modified_time\" content=\"2024-07-16T10:39:36+00:00\" \/>\n<meta property=\"og:image\" content=\"http:\/\/myallmeeting.com\/wp-content\/uploads\/2022\/04\/MAM-imagery-1920-x-570-px-1.png\" \/>\n\t<meta property=\"og:image:width\" content=\"1920\" \/>\n\t<meta property=\"og:image:height\" content=\"570\" \/>\n\t<meta property=\"og:image:type\" content=\"image\/png\" \/>\n<meta name=\"twitter:card\" content=\"summary_large_image\" \/>\n<meta name=\"twitter:label1\" content=\"Est. reading time\" \/>\n\t<meta name=\"twitter:data1\" content=\"6 minutes\" \/>\n<script type=\"application\/ld+json\" class=\"yoast-schema-graph\">{\"@context\":\"https:\/\/schema.org\",\"@graph\":[{\"@type\":\"WebPage\",\"@id\":\"https:\/\/www.myallmeeting.com\/pt-pt\/article\/descubra-os-nossos-4-melhores-hoteis-para-organizar-um-seminario-no-pais-basco-espanhol\/\",\"url\":\"https:\/\/www.myallmeeting.com\/pt-pt\/article\/descubra-os-nossos-4-melhores-hoteis-para-organizar-um-seminario-no-pais-basco-espanhol\/\",\"name\":\"Descubra os nossos 4 melhores hot\u00e9is para organizar um semin\u00e1rio no Pa\u00eds Basco espanhol\u00a0 - Accor MyAllMeeting.com\",\"isPartOf\":{\"@id\":\"https:\/\/www.myallmeeting.com\/pt-pt\/#website\"},\"primaryImageOfPage\":{\"@id\":\"https:\/\/www.myallmeeting.com\/pt-pt\/article\/descubra-os-nossos-4-melhores-hoteis-para-organizar-um-seminario-no-pais-basco-espanhol\/#primaryimage\"},\"image\":{\"@id\":\"https:\/\/www.myallmeeting.com\/pt-pt\/article\/descubra-os-nossos-4-melhores-hoteis-para-organizar-um-seminario-no-pais-basco-espanhol\/#primaryimage\"},\"thumbnailUrl\":\"https:\/\/www.myallmeeting.com\/wp-content\/uploads\/2022\/04\/MAM-imagery-1920-x-570-px-1.png\",\"datePublished\":\"2022-04-29T13:43:28+00:00\",\"dateModified\":\"2024-07-16T10:39:36+00:00\",\"breadcrumb\":{\"@id\":\"https:\/\/www.myallmeeting.com\/pt-pt\/article\/descubra-os-nossos-4-melhores-hoteis-para-organizar-um-seminario-no-pais-basco-espanhol\/#breadcrumb\"},\"inLanguage\":\"pt-PT\",\"potentialAction\":[{\"@type\":\"ReadAction\",\"target\":[\"https:\/\/www.myallmeeting.com\/pt-pt\/article\/descubra-os-nossos-4-melhores-hoteis-para-organizar-um-seminario-no-pais-basco-espanhol\/\"]}]},{\"@type\":\"ImageObject\",\"inLanguage\":\"pt-PT\",\"@id\":\"https:\/\/www.myallmeeting.com\/pt-pt\/article\/descubra-os-nossos-4-melhores-hoteis-para-organizar-um-seminario-no-pais-basco-espanhol\/#primaryimage\",\"url\":\"https:\/\/www.myallmeeting.com\/wp-content\/uploads\/2022\/04\/MAM-imagery-1920-x-570-px-1.png\",\"contentUrl\":\"https:\/\/www.myallmeeting.com\/wp-content\/uploads\/2022\/04\/MAM-imagery-1920-x-570-px-1.png\",\"width\":1920,\"height\":570},{\"@type\":\"BreadcrumbList\",\"@id\":\"https:\/\/www.myallmeeting.com\/pt-pt\/article\/descubra-os-nossos-4-melhores-hoteis-para-organizar-um-seminario-no-pais-basco-espanhol\/#breadcrumb\",\"itemListElement\":[{\"@type\":\"ListItem\",\"position\":1,\"name\":\"P\u00e1gina inicial\",\"item\":\"https:\/\/myallmeeting.com\/pt-pt\/\"},{\"@type\":\"ListItem\",\"position\":2,\"name\":\"Not\u00edcias\",\"item\":\"https:\/\/www.myallmeeting.com\/pt-pt\/noticias\/\"},{\"@type\":\"ListItem\",\"position\":3,\"name\":\"Descubra os nossos 4 melhores hot\u00e9is para organizar um semin\u00e1rio no Pa\u00eds Basco espanhol\u00a0\"}]},{\"@type\":\"WebSite\",\"@id\":\"https:\/\/www.myallmeeting.com\/pt-pt\/#website\",\"url\":\"https:\/\/www.myallmeeting.com\/pt-pt\/\",\"name\":\"Accor MyAllMeeting.com\",\"description\":\"Les Meilleurs lieux pour vos Ev\u00e9nements Professionnels\",\"publisher\":{\"@id\":\"https:\/\/www.myallmeeting.com\/pt-pt\/#organization\"},\"potentialAction\":[{\"@type\":\"SearchAction\",\"target\":{\"@type\":\"EntryPoint\",\"urlTemplate\":\"https:\/\/www.myallmeeting.com\/pt-pt\/?s={search_term_string}\"},\"query-input\":{\"@type\":\"PropertyValueSpecification\",\"valueRequired\":true,\"valueName\":\"search_term_string\"}}],\"inLanguage\":\"pt-PT\"},{\"@type\":\"Organization\",\"@id\":\"https:\/\/www.myallmeeting.com\/pt-pt\/#organization\",\"name\":\"ACCOR\",\"url\":\"https:\/\/www.myallmeeting.com\/pt-pt\/\",\"logo\":{\"@type\":\"ImageObject\",\"inLanguage\":\"pt-PT\",\"@id\":\"https:\/\/www.myallmeeting.com\/pt-pt\/#\/schema\/logo\/image\/\",\"url\":\"\",\"contentUrl\":\"\",\"caption\":\"ACCOR\"},\"image\":{\"@id\":\"https:\/\/www.myallmeeting.com\/pt-pt\/#\/schema\/logo\/image\/\"}}]}<\/script>","yoast_head_json":{"title":"Descubra os nossos 4 melhores hot\u00e9is para organizar um semin\u00e1rio no Pa\u00eds Basco espanhol\u00a0 - Accor MyAllMeeting.com","robots":{"index":"index","follow":"follow","max-snippet":"max-snippet:-1","max-image-preview":"max-image-preview:large","max-video-preview":"max-video-preview:-1"},"canonical":"https:\/\/www.myallmeeting.com\/pt-pt\/wp-json\/wp\/v2\/article\/16038085","og_locale":"pt_PT","og_type":"article","og_title":"Descubra os nossos 4 melhores hot\u00e9is para organizar um semin\u00e1rio no Pa\u00eds Basco espanhol\u00a0 - Accor MyAllMeeting.com","og_url":"https:\/\/www.myallmeeting.com\/pt-pt\/article\/descubra-os-nossos-4-melhores-hoteis-para-organizar-um-seminario-no-pais-basco-espanhol\/","og_site_name":"Accor MyAllMeeting.com","article_modified_time":"2024-07-16T10:39:36+00:00","og_image":[{"width":1920,"height":570,"url":"http:\/\/myallmeeting.com\/wp-content\/uploads\/2022\/04\/MAM-imagery-1920-x-570-px-1.png","type":"image\/png"}],"twitter_card":"summary_large_image","twitter_misc":{"Est. reading time":"6 minutes"},"schema":{"@context":"https:\/\/schema.org","@graph":[{"@type":"WebPage","@id":"https:\/\/www.myallmeeting.com\/pt-pt\/article\/descubra-os-nossos-4-melhores-hoteis-para-organizar-um-seminario-no-pais-basco-espanhol\/","url":"https:\/\/www.myallmeeting.com\/pt-pt\/article\/descubra-os-nossos-4-melhores-hoteis-para-organizar-um-seminario-no-pais-basco-espanhol\/","name":"Descubra os nossos 4 melhores hot\u00e9is para organizar um semin\u00e1rio no Pa\u00eds Basco espanhol\u00a0 - Accor MyAllMeeting.com","isPartOf":{"@id":"https:\/\/www.myallmeeting.com\/pt-pt\/#website"},"primaryImageOfPage":{"@id":"https:\/\/www.myallmeeting.com\/pt-pt\/article\/descubra-os-nossos-4-melhores-hoteis-para-organizar-um-seminario-no-pais-basco-espanhol\/#primaryimage"},"image":{"@id":"https:\/\/www.myallmeeting.com\/pt-pt\/article\/descubra-os-nossos-4-melhores-hoteis-para-organizar-um-seminario-no-pais-basco-espanhol\/#primaryimage"},"thumbnailUrl":"https:\/\/www.myallmeeting.com\/wp-content\/uploads\/2022\/04\/MAM-imagery-1920-x-570-px-1.png","datePublished":"2022-04-29T13:43:28+00:00","dateModified":"2024-07-16T10:39:36+00:00","breadcrumb":{"@id":"https:\/\/www.myallmeeting.com\/pt-pt\/article\/descubra-os-nossos-4-melhores-hoteis-para-organizar-um-seminario-no-pais-basco-espanhol\/#breadcrumb"},"inLanguage":"pt-PT","potentialAction":[{"@type":"ReadAction","target":["https:\/\/www.myallmeeting.com\/pt-pt\/article\/descubra-os-nossos-4-melhores-hoteis-para-organizar-um-seminario-no-pais-basco-espanhol\/"]}]},{"@type":"ImageObject","inLanguage":"pt-PT","@id":"https:\/\/www.myallmeeting.com\/pt-pt\/article\/descubra-os-nossos-4-melhores-hoteis-para-organizar-um-seminario-no-pais-basco-espanhol\/#primaryimage","url":"https:\/\/www.myallmeeting.com\/wp-content\/uploads\/2022\/04\/MAM-imagery-1920-x-570-px-1.png","contentUrl":"https:\/\/www.myallmeeting.com\/wp-content\/uploads\/2022\/04\/MAM-imagery-1920-x-570-px-1.png","width":1920,"height":570},{"@type":"BreadcrumbList","@id":"https:\/\/www.myallmeeting.com\/pt-pt\/article\/descubra-os-nossos-4-melhores-hoteis-para-organizar-um-seminario-no-pais-basco-espanhol\/#breadcrumb","itemListElement":[{"@type":"ListItem","position":1,"name":"P\u00e1gina inicial","item":"https:\/\/myallmeeting.com\/pt-pt\/"},{"@type":"ListItem","position":2,"name":"Not\u00edcias","item":"https:\/\/www.myallmeeting.com\/pt-pt\/noticias\/"},{"@type":"ListItem","position":3,"name":"Descubra os nossos 4 melhores hot\u00e9is para organizar um semin\u00e1rio no Pa\u00eds Basco espanhol\u00a0"}]},{"@type":"WebSite","@id":"https:\/\/www.myallmeeting.com\/pt-pt\/#website","url":"https:\/\/www.myallmeeting.com\/pt-pt\/","name":"Accor MyAllMeeting.com","description":"Les Meilleurs lieux pour vos Ev\u00e9nements Professionnels","publisher":{"@id":"https:\/\/www.myallmeeting.com\/pt-pt\/#organization"},"potentialAction":[{"@type":"SearchAction","target":{"@type":"EntryPoint","urlTemplate":"https:\/\/www.myallmeeting.com\/pt-pt\/?s={search_term_string}"},"query-input":{"@type":"PropertyValueSpecification","valueRequired":true,"valueName":"search_term_string"}}],"inLanguage":"pt-PT"},{"@type":"Organization","@id":"https:\/\/www.myallmeeting.com\/pt-pt\/#organization","name":"ACCOR","url":"https:\/\/www.myallmeeting.com\/pt-pt\/","logo":{"@type":"ImageObject","inLanguage":"pt-PT","@id":"https:\/\/www.myallmeeting.com\/pt-pt\/#\/schema\/logo\/image\/","url":"","contentUrl":"","caption":"ACCOR"},"image":{"@id":"https:\/\/www.myallmeeting.com\/pt-pt\/#\/schema\/logo\/image\/"}}]}},"_links":{"self":[{"href":"https:\/\/www.myallmeeting.com\/pt-pt\/wp-json\/wp\/v2\/article\/16038085","targetHints":{"allow":["GET"]}}],"collection":[{"href":"https:\/\/www.myallmeeting.com\/pt-pt\/wp-json\/wp\/v2\/article"}],"about":[{"href":"https:\/\/www.myallmeeting.com\/pt-pt\/wp-json\/wp\/v2\/types\/article"}],"wp:featuredmedia":[{"embeddable":true,"href":"https:\/\/www.myallmeeting.com\/pt-pt\/wp-json\/wp\/v2\/media\/15963872"}],"wp:attachment":[{"href":"https:\/\/www.myallmeeting.com\/pt-pt\/wp-json\/wp\/v2\/media?parent=16038085"}],"wp:term":[{"taxonomy":"periscope_categorie_tax","embeddable":true,"href":"https:\/\/www.myallmeeting.com\/pt-pt\/wp-json\/wp\/v2\/periscope_categorie_tax?post=16038085"}],"curies":[{"name":"wp","href":"https:\/\/api.w.org\/{rel}","templated":true}]}}