{"id":16037570,"date":"2020-02-26T14:06:18","date_gmt":"2020-02-26T13:06:18","guid":{"rendered":"https:\/\/myallmeeting.com\/article\/un-seminaire-face-aux-embruns-au-pays-basque\/"},"modified":"2024-07-16T17:54:20","modified_gmt":"2024-07-16T15:54:20","slug":"um-seminario-em-frente-as-ondas-no-pais-basco","status":"publish","type":"article","link":"https:\/\/www.myallmeeting.com\/pt-pt\/article\/um-seminario-em-frente-as-ondas-no-pais-basco\/","title":{"rendered":"Um semin\u00e1rio em frente \u00e0s ondas no Pa\u00eds Basco\u00a0"},"content":{"rendered":"<!-- START OF : Composant : block-periscope-theme-section-composant-25-texte-cta-2-images.php -->\n<div class=\"tcta2ia bg-white fs-wysiwyg mb-lg-12\" data-component=\"25-texte-cta-2-images\">\n\t<div class=\"tcta2ia__top\">\n\t\t<div class=\"container-fluid\" style=\"--bs-gutter-x: 0\">\n\t\t\t<div class=\"row\" style=\"--bs-gutter-x: 0\">\n\t\t\t\t<div class=\"col-lg-8\">\n\t\t\t\t\t\t\t\t\t\t<div class=\"bloc-mise-en-avant__top__left\">\n\t\t\t\t\t\t<img decoding=\"async\" src=\"https:\/\/www.myallmeeting.com\/wp-content\/uploads\/2020\/02\/5541-34-1268x846.jpg\" class=\"pe-2 pe-lg-0\" width=\"1268\" height=\"846\" alt=\"\" loading=\"lazy\" \/>\n\t\t\t\t\t<\/div>\n\t\t\t\t\t\t\t\t\t\t<div class=\"tcta2ia__bottom d-none d-lg-block pb-12 pt-lg-9 pb-lg-0 pe-lg-10\">\n\t\t\t\t\t\t\t\t\t\t\t\t<h2 class=\"fs-20 fs-lg-32 fw-semibold\">Novotel Resort &amp; Spa Biarritz Anglet<\/h2>\n\t\t\t\t\t\t\t\t\t\t\t\t\t\t\t\t\t\t<div class=\"fs-wysiwyg\"><p><span data-contrast=\"auto\"><a href=\"https:\/\/myallmeeting.com\/pt-pt\/hotel\/0994-novotel-resort-spa-biarritz-anglet\/\">Este hotel<\/a> de 4 estrelas disp\u00f5e de <strong>104 quartos<\/strong>, restaurante e est\u00e1 localizado numa pequena cidade balnear muito procurada adjacente a Biarritz. Entre <strong>sauna, gin\u00e1sio, cabines de tratamento e piscina aquecida de abril a outubro<\/strong>, certamente vai pontuar os seus dias de trabalho com momentos de bem-estar e relaxamento, caso o Oceano Atl\u00e2ntico e os seus pontos de surf n\u00e3o o tenham atra\u00eddo antes!<\/span><span data-ccp-props=\"{&quot;201341983&quot;:0,&quot;335559739&quot;:160,&quot;335559740&quot;:259}\">\u00a0<\/span><\/p>\n<p><span data-contrast=\"auto\">Com <strong>seis salas de reuni\u00e3o<\/strong> iluminadas pelo sol durante o dia, com uma <strong>\u00e1rea m\u00e1xima de 250 m\u00b2 e capacidade para at\u00e9 230 pessoas<\/strong>, dependendo da configura\u00e7\u00e3o escolhida, o hotel \u00e9 o local ideal para a organiza\u00e7\u00e3o de um grande semin\u00e1rio.<\/span><span data-ccp-props=\"{&quot;201341983&quot;:0,&quot;335559739&quot;:160,&quot;335559740&quot;:259}\">\u00a0<\/span><\/p>\n<\/div>\n\t\t\t\t\t\t\t\t\t\t\t\t<div class=\"d-flex flex-column flex-lg-row align-items-center gap-5 gap-lg-8 justify-content-between\">\n\t\t\t\t\t\t\t<div class=\"fs-20 fs-lg-26 fw-semibold lh-xs\"><\/div>\n\t\t\t\t\t\t\t\t\t\t\t\t\t<\/div>\n\t\t\t\t\t<\/div>\n\t\t\t\t<\/div>\n\t\t\t\t<div class=\"col-lg-4\">\n\t\t\t\t\t<div class=\"tcta2ia__top__right t-0 r-0 bg-primary text-white pt-4 pb-4 px-2 pt-lg-8 pb-lg-16 px-lg-11 pb-xl-30\">\n\t\t\t\t\t\t\t\t\t\t\t\t\t\t\t\t\t\t<h2 class=\"unna fs-36 fs-lg-51 fs-xl-75 fs-italic fw-normal text-secondary\">Um semin\u00e1rio em frente \u00e0s ondas no Pa\u00eds Basco <\/h2>\n\t\t\t\t\t\t\t\t\t\t\t\t\t\t\t\t\t\t<h3 class=\"text-white fs-18 fs-lg-20 fs-xl-28 text-original-case\">Aqui est\u00e1 a nossa sele\u00e7\u00e3o de hot\u00e9is onde a hospitalidade e os servi\u00e7os facilitam a sua organiza\u00e7\u00e3o. <\/h3>\n\t\t\t\t\t\t\t\t\t\t\t\t\t\t\t\t\t\t<div class=\"fs-wysiwyg mb-4 fs-lg-16 fs-xl-20\"><p><span data-contrast=\"auto\" xml:lang=\"PT-PT\" lang=\"PT-PT\" class=\"TextRun SCXW149717190 BCX0\"><span class=\"NormalTextRun SCXW149717190 BCX0\">Com as suas extensas praias de areia fina, a costa atl\u00e2ntica \u00e9 majestosa! Mesmo antes da fronteira com Espanha, termina no Pa\u00eds Basco, uma regi\u00e3o com um car\u00e1ter forte, orgulhosa da sua hist\u00f3ria e beleza. Facilmente acess\u00edvel pelo aeroporto de Biarritz e pelas esta\u00e7\u00f5es de comboio de Biarritz e Bayonne, \u00e9 o local ideal para realizar semin\u00e1rios din\u00e2micos.<\/span><\/span><span class=\"EOP SCXW149717190 BCX0\" data-ccp-props=\"{&quot;201341983&quot;:0,&quot;335559739&quot;:160,&quot;335559740&quot;:259}\">\u00a0<\/span><\/p>\n<\/div>\n\t\t\t\t\t\t\t\t\t\t\t\t\t\t\t\t\t\t\t\t\t\t\t\t<p class=\"m-0\"><img decoding=\"async\" src=\"https:\/\/www.myallmeeting.com\/wp-content\/uploads\/2020\/02\/4158-73-633x398.jpg\" class=\"position-relative l-0\" width=\"633\" height=\"398\" alt=\"\" loading=\"lazy\" \/><\/p>\n\t\t\t\t\t\t\t\t\t\t\t<\/div>\n\t\t\t\t<\/div>\n\t\t\t<\/div>\n\t\t<\/div>\n\t<\/div>\n\t<div class=\"tcta2ia__bottom d-lg-none pb-12 py-lg-9 pe-lg-10\">\n\t\t\t\t<div class=\"h2 fs-20 fs-lg-32 fw-semibold\">Novotel Resort &amp; Spa Biarritz Anglet<\/div>\n\t\t\t\t\t\t<div class=\"fs-wysiwyg\"><p><span data-contrast=\"auto\"><a href=\"https:\/\/myallmeeting.com\/pt-pt\/hotel\/0994-novotel-resort-spa-biarritz-anglet\/\">Este hotel<\/a> de 4 estrelas disp\u00f5e de <strong>104 quartos<\/strong>, restaurante e est\u00e1 localizado numa pequena cidade balnear muito procurada adjacente a Biarritz. Entre <strong>sauna, gin\u00e1sio, cabines de tratamento e piscina aquecida de abril a outubro<\/strong>, certamente vai pontuar os seus dias de trabalho com momentos de bem-estar e relaxamento, caso o Oceano Atl\u00e2ntico e os seus pontos de surf n\u00e3o o tenham atra\u00eddo antes!<\/span><span data-ccp-props=\"{&quot;201341983&quot;:0,&quot;335559739&quot;:160,&quot;335559740&quot;:259}\">\u00a0<\/span><\/p>\n<p><span data-contrast=\"auto\">Com <strong>seis salas de reuni\u00e3o<\/strong> iluminadas pelo sol durante o dia, com uma <strong>\u00e1rea m\u00e1xima de 250 m\u00b2 e capacidade para at\u00e9 230 pessoas<\/strong>, dependendo da configura\u00e7\u00e3o escolhida, o hotel \u00e9 o local ideal para a organiza\u00e7\u00e3o de um grande semin\u00e1rio.<\/span><span data-ccp-props=\"{&quot;201341983&quot;:0,&quot;335559739&quot;:160,&quot;335559740&quot;:259}\">\u00a0<\/span><\/p>\n<\/div>\n\t\t\t\t<div class=\"d-flex flex-column flex-lg-row align-items-center gap-5 gap-lg-8 justify-content-between\">\n\t\t\t<div class=\"fs-20 fs-lg-26 fw-semibold lh-xs\"><\/div>\n\t\t\t\t\t<\/div>\n\t<\/div>\n<\/div>\n<!-- END OF : Composant : block-periscope-theme-section-composant-25-texte-cta-2-images.php -->\n\n\n<!-- START OF : Composant : block-periscope-theme-section-composant-33-texte-image.php -->\n<div class=\"text-image fs-wysiwyg mb-8 mb-lg-12\" data-component=\"33-texte-image\">\n\t<div class=\"container-fluid\" style=\"--bs-gutter-x: 0\">\n\t\t<div class=\"row\" style=\"--bs-gutter-x: 0\">\n\t\t\t\t\t\t<div class=\"col-lg-6 mb-7 mb-lg-0\">\n\t\t\t\t<img decoding=\"async\" src=\"https:\/\/www.myallmeeting.com\/wp-content\/uploads\/2020\/02\/3118-22-953x600.jpg\" width=\"953\" height=\"600\" alt=\"\" loading=\"lazy\" class=\"w-100\" \/>\n\t\t\t<\/div>\n\t\t\t\t\t\t<div class=\"col-lg-6\">\n\t\t\t\t<div class=\"text-image__content\">\n\t\t\t\t\t\t\t\t\t\t<div class=\"fw-semibold lh-xs fs-20 fs-lg-32 ls--25 mb-5\">Ibis Bayonne Centre<\/div>\n\t\t\t\t\t\t\t\t\t\t\t\t\t\t\t<div class=\"fs-wysiwyg\">\n\t\t\t\t\t\t<p><span data-contrast=\"auto\">Bayonne \u00e9 uma cidade rica em hist\u00f3ria, onde passear \u00e9 um prazer para os olhos: a cada esquina, descobrem-se muralhas constru\u00eddas por Vauban no s\u00e9culo XVII, uma catedral do s\u00e9culo XIV, as famosas arenas, o rio Adour\u2026 \u00c0 beira deste rio, as <strong>87 su\u00edtes<\/strong> do <a href=\"https:\/\/myallmeeting.com\/pt-pt\/hotel\/1639-ibis-bayonne-centre\/\">Ibis Bayonne Centre<\/a> acolhem-no, bem no cora\u00e7\u00e3o da cidade.<\/span><span data-ccp-props=\"{&quot;201341983&quot;:0,&quot;335559739&quot;:160,&quot;335559740&quot;:259}\">\u00a0<\/span><\/p>\n<p><span data-contrast=\"auto\">Um ambiente acolhedor para organizar <strong>uma estadia de incentivo em escala humana<\/strong>, entre trabalho e descoberta. <strong>Duas salas de reuni\u00e3o de 55 m\u00b2 cada<\/strong> est\u00e3o \u00e0 sua disposi\u00e7\u00e3o, e pode recarregar as suas energias com um cocktail na m\u00e3o, <strong>no terra\u00e7o paisag\u00edstico<\/strong> ou no restaurante do hotel, antes de explorar a cidade.<\/span><span data-ccp-props=\"{&quot;201341983&quot;:0,&quot;335559739&quot;:160,&quot;335559740&quot;:259}\">\u00a0<\/span><\/p>\n\t\t\t\t\t<\/div>\n\t\t\t\t\t\t\t\t\t<\/div>\n\t\t\t<\/div>        \n\t\t<\/div>\n\t<\/div>\n<\/div>\n<!-- END OF : Composant : block-periscope-theme-section-composant-33-texte-image.php -->\n\n\n<!-- START OF : Composant : block-periscope-theme-section-composant-33-texte-image.php -->\n<!-- INVERSE -->\n<div class=\"text-image fs-wysiwyg mb-8 mb-lg-12\" data-component=\"33-texte-image\" data-reverse=\"oui\">\n\t<div class=\"container-fluid\" style=\"--bs-gutter-x: 0\">\n\t\t<div class=\"row\" style=\"--bs-gutter-x: 0\">\n\t\t\t<div class=\"col-lg-6\">\n\t\t\t\t<div class=\"text-image__content\">\n\t\t\t\t\t\t\t\t\t\t<div class=\"fw-semibold lh-xs fs-20 fs-lg-32 ls--25 mb-5\">Sofitel Biarritz Le Miramar Thalassa sea &amp; spa<\/div>\n\t\t\t\t\t\t\t\t\t\t\t\t\t\t\t<div class=\"fs-wysiwyg\">\n\t\t\t\t\t\t<p><span data-contrast=\"auto\">Com vista para o mar, o centro de Biarritz e o casino a poucos passos de dist\u00e2ncia, um terra\u00e7o privativo, piscina panor\u00e2mica de \u00e1gua do mar, um instituto de talassoterapia, proximidade de San Sebastian e do Golf de Biarritz Le Phare\u2026 Este hotel cinco estrelas re\u00fane todas as condi\u00e7\u00f5es para uma estadia &#8211; seja em fam\u00edlia ou de neg\u00f3cios &#8211; na costa atl\u00e2ntica que ficar\u00e1 gravada na sua mem\u00f3ria.<\/span><span data-ccp-props=\"{&quot;201341983&quot;:0,&quot;335559739&quot;:160,&quot;335559740&quot;:259}\">\u00a0<\/span><\/p>\n<p><span data-contrast=\"auto\">\u00a0O <a href=\"https:\/\/myallmeeting.com\/pt-pt\/hotel\/2049-sofitel-biarritz-le-miramar-thalassa-sea-spa\/\">Sofitel Biarritz<\/a> \u00e9 o ponto de partida ideal para <strong>descobrir, aproveitar e mergulhar na atmosfera, hist\u00f3ria e cultura basca.<\/strong> Por que n\u00e3o come\u00e7ar pelo restaurante do hotel? Os chefs ter\u00e3o todo o prazer em fazer-lhe saborear as especialidades locais.<\/span><span data-ccp-props=\"{&quot;201341983&quot;:0,&quot;335559739&quot;:160,&quot;335559740&quot;:259}\">\u00a0<\/span><\/p>\n\t\t\t\t\t<\/div>\n\t\t\t\t\t\t\t\t\t<\/div>\n\t\t\t<\/div>    \n\t\t\t    \n\t\t\t<div class=\"col-lg-6 order-first order-lg-last mb-7 mb-lg-0\">\n\t\t\t\t<img decoding=\"async\" src=\"https:\/\/www.myallmeeting.com\/wp-content\/uploads\/2020\/02\/1067-39-953x600.jpg\" width=\"953\" height=\"600\" alt=\"\" loading=\"lazy\" class=\"w-100\" \/>\n\t\t\t<\/div>\n\t\t\t\t\t<\/div>\n\t<\/div>\n<\/div>\n<!-- END OF : Composant : block-periscope-theme-section-composant-33-texte-image.php -->\n\n\n<!-- START OF : Composant : block-periscope-theme-section-composant-33-texte-image.php -->\n<div class=\"text-image fs-wysiwyg mb-8 mb-lg-12\" data-component=\"33-texte-image\">\n\t<div class=\"container-fluid\" style=\"--bs-gutter-x: 0\">\n\t\t<div class=\"row\" style=\"--bs-gutter-x: 0\">\n\t\t\t\t\t\t<div class=\"col-lg-6 mb-7 mb-lg-0\">\n\t\t\t\t<img decoding=\"async\" src=\"https:\/\/www.myallmeeting.com\/wp-content\/uploads\/2020\/02\/7194-77-953x600.jpg\" width=\"953\" height=\"600\" alt=\"\" loading=\"lazy\" class=\"w-100\" \/>\n\t\t\t<\/div>\n\t\t\t\t\t\t<div class=\"col-lg-6\">\n\t\t\t\t<div class=\"text-image__content\">\n\t\t\t\t\t\t\t\t\t\t<div class=\"fw-semibold lh-xs fs-20 fs-lg-32 ls--25 mb-5\">Jo &amp; Joe Hossegor<\/div>\n\t\t\t\t\t\t\t\t\t\t\t\t\t\t\t<div class=\"fs-wysiwyg\">\n\t\t\t\t\t\t<p><span data-contrast=\"auto\">H\u00e1 dois anos, os hot\u00e9is Jo &amp; Joe introduziram um novo conceito que<strong> revolucionou a hospitalidade<\/strong>. Sente-se em casa e aqui tamb\u00e9m pode organizar semin\u00e1rios, no estilo \u201cstart-up\u201d, <strong>para trocas efervescentes e criativas\u2026<\/strong><\/span><strong>\u00a0<\/strong><\/p>\n<p><span data-contrast=\"auto\">Pode realizar reuni\u00f5es de trabalho produtivas ou at\u00e9 sess\u00f5es de team building, talvez em torno da <strong>cozinha<\/strong>, que pode ser <strong>colaborativa<\/strong>! <strong>A 30 minutos a norte de Bayonne<\/strong>, o <a href=\"https:\/\/myallmeeting.com\/pt-pt\/hotel\/b0r3-jojoe-hossegor\/\">Jo &amp; Joe Hossegor,<\/a> um amplo conjunto de estilo basco-land\u00eas, oferece <strong>uma sala de reuni\u00e3o de 40 m\u00b2<\/strong>. Localizado a dois passos da praia, possui tamb\u00e9m <strong>um jardim de 1.000 m\u00b2<\/strong> onde pode descansar longe das ondas agitadas do Atl\u00e2ntico.<\/span><span data-ccp-props=\"{&quot;201341983&quot;:0,&quot;335559739&quot;:160,&quot;335559740&quot;:259}\">\u00a0<\/span><\/p>\n\t\t\t\t\t<\/div>\n\t\t\t\t\t\t\t\t\t<\/div>\n\t\t\t<\/div>        \n\t\t<\/div>\n\t<\/div>\n<\/div>\n<!-- END OF : Composant : block-periscope-theme-section-composant-33-texte-image.php -->\n","protected":false},"excerpt":{"rendered":"","protected":false},"featured_media":16034094,"menu_order":0,"template":"","periscope_categorie_tax":[3515],"class_list":["post-16037570","article","type-article","status-publish","has-post-thumbnail","hentry","periscope_categorie_tax-tous-nos-tops-selections-pt-pt"],"acf":[],"yoast_head":"<title>Um semin\u00e1rio em frente \u00e0s ondas no Pa\u00eds Basco\u00a0 - Accor MyAllMeeting.com<\/title>\n<meta name=\"robots\" content=\"index, follow, max-snippet:-1, max-image-preview:large, max-video-preview:-1\" \/>\n<link rel=\"canonical\" href=\"https:\/\/www.myallmeeting.com\/pt-pt\/wp-json\/wp\/v2\/article\/16037570\" \/>\n<meta property=\"og:locale\" content=\"pt_PT\" \/>\n<meta property=\"og:type\" content=\"article\" \/>\n<meta property=\"og:title\" content=\"Um semin\u00e1rio em frente \u00e0s ondas no Pa\u00eds Basco\u00a0 - Accor MyAllMeeting.com\" \/>\n<meta property=\"og:url\" content=\"https:\/\/www.myallmeeting.com\/pt-pt\/article\/um-seminario-em-frente-as-ondas-no-pais-basco\/\" \/>\n<meta property=\"og:site_name\" content=\"Accor MyAllMeeting.com\" \/>\n<meta property=\"article:modified_time\" content=\"2024-07-16T15:54:20+00:00\" \/>\n<meta property=\"og:image\" content=\"http:\/\/myallmeeting.com\/wp-content\/uploads\/2020\/02\/Biarritz.png\" \/>\n\t<meta property=\"og:image:width\" content=\"1920\" \/>\n\t<meta property=\"og:image:height\" content=\"570\" \/>\n\t<meta property=\"og:image:type\" content=\"image\/png\" \/>\n<meta name=\"twitter:card\" content=\"summary_large_image\" \/>\n<meta name=\"twitter:label1\" content=\"Est. reading time\" \/>\n\t<meta name=\"twitter:data1\" content=\"5 minutes\" \/>\n<script type=\"application\/ld+json\" class=\"yoast-schema-graph\">{\"@context\":\"https:\/\/schema.org\",\"@graph\":[{\"@type\":\"WebPage\",\"@id\":\"https:\/\/www.myallmeeting.com\/pt-pt\/article\/um-seminario-em-frente-as-ondas-no-pais-basco\/\",\"url\":\"https:\/\/www.myallmeeting.com\/pt-pt\/article\/um-seminario-em-frente-as-ondas-no-pais-basco\/\",\"name\":\"Um semin\u00e1rio em frente \u00e0s ondas no Pa\u00eds Basco\u00a0 - Accor MyAllMeeting.com\",\"isPartOf\":{\"@id\":\"https:\/\/www.myallmeeting.com\/pt-pt\/#website\"},\"primaryImageOfPage\":{\"@id\":\"https:\/\/www.myallmeeting.com\/pt-pt\/article\/um-seminario-em-frente-as-ondas-no-pais-basco\/#primaryimage\"},\"image\":{\"@id\":\"https:\/\/www.myallmeeting.com\/pt-pt\/article\/um-seminario-em-frente-as-ondas-no-pais-basco\/#primaryimage\"},\"thumbnailUrl\":\"https:\/\/www.myallmeeting.com\/wp-content\/uploads\/2020\/02\/Biarritz.png\",\"datePublished\":\"2020-02-26T13:06:18+00:00\",\"dateModified\":\"2024-07-16T15:54:20+00:00\",\"breadcrumb\":{\"@id\":\"https:\/\/www.myallmeeting.com\/pt-pt\/article\/um-seminario-em-frente-as-ondas-no-pais-basco\/#breadcrumb\"},\"inLanguage\":\"pt-PT\",\"potentialAction\":[{\"@type\":\"ReadAction\",\"target\":[\"https:\/\/www.myallmeeting.com\/pt-pt\/article\/um-seminario-em-frente-as-ondas-no-pais-basco\/\"]}]},{\"@type\":\"ImageObject\",\"inLanguage\":\"pt-PT\",\"@id\":\"https:\/\/www.myallmeeting.com\/pt-pt\/article\/um-seminario-em-frente-as-ondas-no-pais-basco\/#primaryimage\",\"url\":\"https:\/\/www.myallmeeting.com\/wp-content\/uploads\/2020\/02\/Biarritz.png\",\"contentUrl\":\"https:\/\/www.myallmeeting.com\/wp-content\/uploads\/2020\/02\/Biarritz.png\",\"width\":1920,\"height\":570},{\"@type\":\"BreadcrumbList\",\"@id\":\"https:\/\/www.myallmeeting.com\/pt-pt\/article\/um-seminario-em-frente-as-ondas-no-pais-basco\/#breadcrumb\",\"itemListElement\":[{\"@type\":\"ListItem\",\"position\":1,\"name\":\"P\u00e1gina inicial\",\"item\":\"https:\/\/myallmeeting.com\/pt-pt\/\"},{\"@type\":\"ListItem\",\"position\":2,\"name\":\"Not\u00edcias\",\"item\":\"https:\/\/www.myallmeeting.com\/pt-pt\/noticias\/\"},{\"@type\":\"ListItem\",\"position\":3,\"name\":\"Um semin\u00e1rio em frente \u00e0s ondas no Pa\u00eds Basco\u00a0\"}]},{\"@type\":\"WebSite\",\"@id\":\"https:\/\/www.myallmeeting.com\/pt-pt\/#website\",\"url\":\"https:\/\/www.myallmeeting.com\/pt-pt\/\",\"name\":\"Accor MyAllMeeting.com\",\"description\":\"Les Meilleurs lieux pour vos Ev\u00e9nements Professionnels\",\"publisher\":{\"@id\":\"https:\/\/www.myallmeeting.com\/pt-pt\/#organization\"},\"potentialAction\":[{\"@type\":\"SearchAction\",\"target\":{\"@type\":\"EntryPoint\",\"urlTemplate\":\"https:\/\/www.myallmeeting.com\/pt-pt\/?s={search_term_string}\"},\"query-input\":{\"@type\":\"PropertyValueSpecification\",\"valueRequired\":true,\"valueName\":\"search_term_string\"}}],\"inLanguage\":\"pt-PT\"},{\"@type\":\"Organization\",\"@id\":\"https:\/\/www.myallmeeting.com\/pt-pt\/#organization\",\"name\":\"ACCOR\",\"url\":\"https:\/\/www.myallmeeting.com\/pt-pt\/\",\"logo\":{\"@type\":\"ImageObject\",\"inLanguage\":\"pt-PT\",\"@id\":\"https:\/\/www.myallmeeting.com\/pt-pt\/#\/schema\/logo\/image\/\",\"url\":\"\",\"contentUrl\":\"\",\"caption\":\"ACCOR\"},\"image\":{\"@id\":\"https:\/\/www.myallmeeting.com\/pt-pt\/#\/schema\/logo\/image\/\"}}]}<\/script>","yoast_head_json":{"title":"Um semin\u00e1rio em frente \u00e0s ondas no Pa\u00eds Basco\u00a0 - Accor MyAllMeeting.com","robots":{"index":"index","follow":"follow","max-snippet":"max-snippet:-1","max-image-preview":"max-image-preview:large","max-video-preview":"max-video-preview:-1"},"canonical":"https:\/\/www.myallmeeting.com\/pt-pt\/wp-json\/wp\/v2\/article\/16037570","og_locale":"pt_PT","og_type":"article","og_title":"Um semin\u00e1rio em frente \u00e0s ondas no Pa\u00eds Basco\u00a0 - Accor MyAllMeeting.com","og_url":"https:\/\/www.myallmeeting.com\/pt-pt\/article\/um-seminario-em-frente-as-ondas-no-pais-basco\/","og_site_name":"Accor MyAllMeeting.com","article_modified_time":"2024-07-16T15:54:20+00:00","og_image":[{"width":1920,"height":570,"url":"http:\/\/myallmeeting.com\/wp-content\/uploads\/2020\/02\/Biarritz.png","type":"image\/png"}],"twitter_card":"summary_large_image","twitter_misc":{"Est. reading time":"5 minutes"},"schema":{"@context":"https:\/\/schema.org","@graph":[{"@type":"WebPage","@id":"https:\/\/www.myallmeeting.com\/pt-pt\/article\/um-seminario-em-frente-as-ondas-no-pais-basco\/","url":"https:\/\/www.myallmeeting.com\/pt-pt\/article\/um-seminario-em-frente-as-ondas-no-pais-basco\/","name":"Um semin\u00e1rio em frente \u00e0s ondas no Pa\u00eds Basco\u00a0 - Accor MyAllMeeting.com","isPartOf":{"@id":"https:\/\/www.myallmeeting.com\/pt-pt\/#website"},"primaryImageOfPage":{"@id":"https:\/\/www.myallmeeting.com\/pt-pt\/article\/um-seminario-em-frente-as-ondas-no-pais-basco\/#primaryimage"},"image":{"@id":"https:\/\/www.myallmeeting.com\/pt-pt\/article\/um-seminario-em-frente-as-ondas-no-pais-basco\/#primaryimage"},"thumbnailUrl":"https:\/\/www.myallmeeting.com\/wp-content\/uploads\/2020\/02\/Biarritz.png","datePublished":"2020-02-26T13:06:18+00:00","dateModified":"2024-07-16T15:54:20+00:00","breadcrumb":{"@id":"https:\/\/www.myallmeeting.com\/pt-pt\/article\/um-seminario-em-frente-as-ondas-no-pais-basco\/#breadcrumb"},"inLanguage":"pt-PT","potentialAction":[{"@type":"ReadAction","target":["https:\/\/www.myallmeeting.com\/pt-pt\/article\/um-seminario-em-frente-as-ondas-no-pais-basco\/"]}]},{"@type":"ImageObject","inLanguage":"pt-PT","@id":"https:\/\/www.myallmeeting.com\/pt-pt\/article\/um-seminario-em-frente-as-ondas-no-pais-basco\/#primaryimage","url":"https:\/\/www.myallmeeting.com\/wp-content\/uploads\/2020\/02\/Biarritz.png","contentUrl":"https:\/\/www.myallmeeting.com\/wp-content\/uploads\/2020\/02\/Biarritz.png","width":1920,"height":570},{"@type":"BreadcrumbList","@id":"https:\/\/www.myallmeeting.com\/pt-pt\/article\/um-seminario-em-frente-as-ondas-no-pais-basco\/#breadcrumb","itemListElement":[{"@type":"ListItem","position":1,"name":"P\u00e1gina inicial","item":"https:\/\/myallmeeting.com\/pt-pt\/"},{"@type":"ListItem","position":2,"name":"Not\u00edcias","item":"https:\/\/www.myallmeeting.com\/pt-pt\/noticias\/"},{"@type":"ListItem","position":3,"name":"Um semin\u00e1rio em frente \u00e0s ondas no Pa\u00eds Basco\u00a0"}]},{"@type":"WebSite","@id":"https:\/\/www.myallmeeting.com\/pt-pt\/#website","url":"https:\/\/www.myallmeeting.com\/pt-pt\/","name":"Accor MyAllMeeting.com","description":"Les Meilleurs lieux pour vos Ev\u00e9nements Professionnels","publisher":{"@id":"https:\/\/www.myallmeeting.com\/pt-pt\/#organization"},"potentialAction":[{"@type":"SearchAction","target":{"@type":"EntryPoint","urlTemplate":"https:\/\/www.myallmeeting.com\/pt-pt\/?s={search_term_string}"},"query-input":{"@type":"PropertyValueSpecification","valueRequired":true,"valueName":"search_term_string"}}],"inLanguage":"pt-PT"},{"@type":"Organization","@id":"https:\/\/www.myallmeeting.com\/pt-pt\/#organization","name":"ACCOR","url":"https:\/\/www.myallmeeting.com\/pt-pt\/","logo":{"@type":"ImageObject","inLanguage":"pt-PT","@id":"https:\/\/www.myallmeeting.com\/pt-pt\/#\/schema\/logo\/image\/","url":"","contentUrl":"","caption":"ACCOR"},"image":{"@id":"https:\/\/www.myallmeeting.com\/pt-pt\/#\/schema\/logo\/image\/"}}]}},"_links":{"self":[{"href":"https:\/\/www.myallmeeting.com\/pt-pt\/wp-json\/wp\/v2\/article\/16037570","targetHints":{"allow":["GET"]}}],"collection":[{"href":"https:\/\/www.myallmeeting.com\/pt-pt\/wp-json\/wp\/v2\/article"}],"about":[{"href":"https:\/\/www.myallmeeting.com\/pt-pt\/wp-json\/wp\/v2\/types\/article"}],"wp:featuredmedia":[{"embeddable":true,"href":"https:\/\/www.myallmeeting.com\/pt-pt\/wp-json\/wp\/v2\/media\/16034094"}],"wp:attachment":[{"href":"https:\/\/www.myallmeeting.com\/pt-pt\/wp-json\/wp\/v2\/media?parent=16037570"}],"wp:term":[{"taxonomy":"periscope_categorie_tax","embeddable":true,"href":"https:\/\/www.myallmeeting.com\/pt-pt\/wp-json\/wp\/v2\/periscope_categorie_tax?post=16037570"}],"curies":[{"name":"wp","href":"https:\/\/api.w.org\/{rel}","templated":true}]}}