{"id":16037565,"date":"2023-02-08T16:31:52","date_gmt":"2023-02-08T15:31:52","guid":{"rendered":"https:\/\/myallmeeting.com\/article\/un-seminaire-en-montagne-visitez-le-top-8-de-nos-adresses-accor\/"},"modified":"2024-07-16T17:48:40","modified_gmt":"2024-07-16T15:48:40","slug":"um-seminario-nas-montanhas-explore-os-8-principais-destinos-accor","status":"publish","type":"article","link":"https:\/\/www.myallmeeting.com\/pt-pt\/article\/um-seminario-nas-montanhas-explore-os-8-principais-destinos-accor\/","title":{"rendered":"Um semin\u00e1rio nas montanhas: explore os 8 principais destinos Accor"},"content":{"rendered":"<!-- START OF : Composant : block-periscope-theme-section-composant-25-texte-cta-2-images.php -->\n<div class=\"tcta2ia bg-white fs-wysiwyg mb-lg-12\" data-component=\"25-texte-cta-2-images\">\n\t<div class=\"tcta2ia__top\">\n\t\t<div class=\"container-fluid\" style=\"--bs-gutter-x: 0\">\n\t\t\t<div class=\"row\" style=\"--bs-gutter-x: 0\">\n\t\t\t\t<div class=\"col-lg-8\">\n\t\t\t\t\t\t\t\t\t\t<div class=\"bloc-mise-en-avant__top__left\">\n\t\t\t\t\t\t<img decoding=\"async\" src=\"https:\/\/www.myallmeeting.com\/wp-content\/uploads\/2023\/02\/4429-04-1268x846.jpg\" class=\"pe-2 pe-lg-0\" width=\"1268\" height=\"846\" alt=\"\" loading=\"lazy\" \/>\n\t\t\t\t\t<\/div>\n\t\t\t\t\t\t\t\t\t\t<div class=\"tcta2ia__bottom d-none d-lg-block pb-12 pt-lg-9 pb-lg-0 pe-lg-10\">\n\t\t\t\t\t\t\t\t\t\t\t\t<h2 class=\"fs-20 fs-lg-32 fw-semibold\">Tarcin Forest Resort and Spa Sarajevo \u2013 MGallery<\/h2>\n\t\t\t\t\t\t\t\t\t\t\t\t\t\t\t\t\t\t<div class=\"fs-wysiwyg\"><p><span data-contrast=\"auto\" xml:lang=\"PT-PT\" lang=\"PT-PT\" class=\"TextRun SCXW148661638 BCX0\"><span class=\"NormalTextRun SCXW148661638 BCX0\">As montanhas ol\u00edmpicas de Sarajevo est\u00e3o nas proximidades<\/span><\/span><span class=\"EOP SCXW148661638 BCX0\" data-ccp-props=\"{&quot;201341983&quot;:0,&quot;335551550&quot;:2,&quot;335551620&quot;:2,&quot;335559739&quot;:160,&quot;335559740&quot;:259}\">\u00a0<\/span><\/p>\n<p><span data-contrast=\"auto\">Montanhas, lagos e rios combinam-se para formar o cen\u00e1rio do <a href=\"https:\/\/myallmeeting.com\/pt-pt\/hotel\/b0l6-tarcin-forest-resort-and-spa-sarajevo-mgallery\/\"><strong>MGallery Tarcin Forest Resort and Spa<\/strong>!<\/a> Localizado no <strong>vale de Tarcin<\/strong>, entre as montanhas que hospedaram os Jogos Ol\u00edmpicos de inverno de 1984, este hotel de 5 estrelas fica a 25 km de <strong>Sarajevo<\/strong> (e o seu aeroporto internacional), a capital da <strong>B\u00f3snia-Herzegovina<\/strong>. Esta cidade cosmopolita, com uma hist\u00f3ria tumultuada, merece uma visita!<\/span><span data-ccp-props=\"{&quot;201341983&quot;:0,&quot;335559739&quot;:160,&quot;335559740&quot;:259}\">\u00a0<\/span><\/p>\n<p><span data-contrast=\"auto\">Antes de desfrutar da <strong>piscina<\/strong> &#8211;<strong> com vista para as montanhas!<\/strong> &#8211; ou do <strong>centro de fitness<\/strong> e <strong>spa<\/strong> do hotel, <strong>duas salas de reuni\u00e3o,<\/strong> uma delas com capacidade para <strong>120 pessoas<\/strong>, est\u00e3o dispon\u00edveis para os seus eventos. Elas est\u00e3o ao lado do terra\u00e7o, garantindo ar fresco e uma vista relaxante, mesmo durante reuni\u00f5es de trabalho!<\/span><span data-ccp-props=\"{&quot;201341983&quot;:0,&quot;335559739&quot;:160,&quot;335559740&quot;:259}\">\u00a0<\/span><\/p>\n<\/div>\n\t\t\t\t\t\t\t\t\t\t\t\t<div class=\"d-flex flex-column flex-lg-row align-items-center gap-5 gap-lg-8 justify-content-between\">\n\t\t\t\t\t\t\t<div class=\"fs-20 fs-lg-26 fw-semibold lh-xs\"><\/div>\n\t\t\t\t\t\t\t\t\t\t\t\t\t<\/div>\n\t\t\t\t\t<\/div>\n\t\t\t\t<\/div>\n\t\t\t\t<div class=\"col-lg-4\">\n\t\t\t\t\t<div class=\"tcta2ia__top__right t-0 r-0 bg-primary text-white pt-4 pb-4 px-2 pt-lg-8 pb-lg-16 px-lg-11 pb-xl-30\">\n\t\t\t\t\t\t\t\t\t\t\t\t\t\t\t\t\t\t<h2 class=\"unna fs-36 fs-lg-51 fs-xl-75 fs-italic fw-normal text-secondary\">Um semin\u00e1rio nas montanhas: explore os 8 principais destinos Accor <\/h2>\n\t\t\t\t\t\t\t\t\t\t\t\t\t\t\t\t\t\t<h3 class=\"text-white fs-18 fs-lg-20 fs-xl-28 text-original-case\">Os Piren\u00e9us, os Alpes b\u00e1varos, as Montanhas dos Gigantes poloneses, os vulc\u00f5es de Auvergne\u2026 A Europa est\u00e1 repleta de relevos! <\/h3>\n\t\t\t\t\t\t\t\t\t\t\t\t\t\t\t\t\t\t<div class=\"fs-wysiwyg mb-4 fs-lg-16 fs-xl-20\"><p><em><span data-contrast=\"auto\" xml:lang=\"PT-PT\" lang=\"PT-PT\" class=\"TextRun SCXW191497579 BCX0\"><span class=\"NormalTextRun SCXW191497579 BCX0\">D\u00ea ar fresco e paisagens encantadoras \u00e0s suas conven\u00e7\u00f5es e eventos com estes 8 destinos nas montanhas.<\/span><\/span><span class=\"EOP SCXW191497579 BCX0\" data-ccp-props=\"{&quot;201341983&quot;:0,&quot;335559739&quot;:160,&quot;335559740&quot;:259}\">\u00a0<\/span><\/em><\/p>\n<\/div>\n\t\t\t\t\t\t\t\t\t\t\t\t\t\t\t\t\t\t\t\t\t\t\t\t<p class=\"m-0\"><img decoding=\"async\" src=\"https:\/\/www.myallmeeting.com\/wp-content\/uploads\/2023\/02\/4639-27-633x398.jpg\" class=\"position-relative l-0\" width=\"633\" height=\"398\" alt=\"\" loading=\"lazy\" \/><\/p>\n\t\t\t\t\t\t\t\t\t\t\t<\/div>\n\t\t\t\t<\/div>\n\t\t\t<\/div>\n\t\t<\/div>\n\t<\/div>\n\t<div class=\"tcta2ia__bottom d-lg-none pb-12 py-lg-9 pe-lg-10\">\n\t\t\t\t<div class=\"h2 fs-20 fs-lg-32 fw-semibold\">Tarcin Forest Resort and Spa Sarajevo \u2013 MGallery<\/div>\n\t\t\t\t\t\t<div class=\"fs-wysiwyg\"><p><span data-contrast=\"auto\" xml:lang=\"PT-PT\" lang=\"PT-PT\" class=\"TextRun SCXW148661638 BCX0\"><span class=\"NormalTextRun SCXW148661638 BCX0\">As montanhas ol\u00edmpicas de Sarajevo est\u00e3o nas proximidades<\/span><\/span><span class=\"EOP SCXW148661638 BCX0\" data-ccp-props=\"{&quot;201341983&quot;:0,&quot;335551550&quot;:2,&quot;335551620&quot;:2,&quot;335559739&quot;:160,&quot;335559740&quot;:259}\">\u00a0<\/span><\/p>\n<p><span data-contrast=\"auto\">Montanhas, lagos e rios combinam-se para formar o cen\u00e1rio do <a href=\"https:\/\/myallmeeting.com\/pt-pt\/hotel\/b0l6-tarcin-forest-resort-and-spa-sarajevo-mgallery\/\"><strong>MGallery Tarcin Forest Resort and Spa<\/strong>!<\/a> Localizado no <strong>vale de Tarcin<\/strong>, entre as montanhas que hospedaram os Jogos Ol\u00edmpicos de inverno de 1984, este hotel de 5 estrelas fica a 25 km de <strong>Sarajevo<\/strong> (e o seu aeroporto internacional), a capital da <strong>B\u00f3snia-Herzegovina<\/strong>. Esta cidade cosmopolita, com uma hist\u00f3ria tumultuada, merece uma visita!<\/span><span data-ccp-props=\"{&quot;201341983&quot;:0,&quot;335559739&quot;:160,&quot;335559740&quot;:259}\">\u00a0<\/span><\/p>\n<p><span data-contrast=\"auto\">Antes de desfrutar da <strong>piscina<\/strong> &#8211;<strong> com vista para as montanhas!<\/strong> &#8211; ou do <strong>centro de fitness<\/strong> e <strong>spa<\/strong> do hotel, <strong>duas salas de reuni\u00e3o,<\/strong> uma delas com capacidade para <strong>120 pessoas<\/strong>, est\u00e3o dispon\u00edveis para os seus eventos. Elas est\u00e3o ao lado do terra\u00e7o, garantindo ar fresco e uma vista relaxante, mesmo durante reuni\u00f5es de trabalho!<\/span><span data-ccp-props=\"{&quot;201341983&quot;:0,&quot;335559739&quot;:160,&quot;335559740&quot;:259}\">\u00a0<\/span><\/p>\n<\/div>\n\t\t\t\t<div class=\"d-flex flex-column flex-lg-row align-items-center gap-5 gap-lg-8 justify-content-between\">\n\t\t\t<div class=\"fs-20 fs-lg-26 fw-semibold lh-xs\"><\/div>\n\t\t\t\t\t<\/div>\n\t<\/div>\n<\/div>\n<!-- END OF : Composant : block-periscope-theme-section-composant-25-texte-cta-2-images.php -->\n\n\n<!-- START OF : Composant : block-periscope-theme-section-composant-33-texte-image.php -->\n<div class=\"text-image fs-wysiwyg mb-8 mb-lg-12\" data-component=\"33-texte-image\">\n\t<div class=\"container-fluid\" style=\"--bs-gutter-x: 0\">\n\t\t<div class=\"row\" style=\"--bs-gutter-x: 0\">\n\t\t\t\t\t\t<div class=\"col-lg-6 mb-7 mb-lg-0\">\n\t\t\t\t<img decoding=\"async\" src=\"https:\/\/www.myallmeeting.com\/wp-content\/uploads\/2023\/02\/6870-19-953x600.jpg\" width=\"953\" height=\"600\" alt=\"\" loading=\"lazy\" class=\"w-100\" \/>\n\t\t\t<\/div>\n\t\t\t\t\t\t<div class=\"col-lg-6\">\n\t\t\t\t<div class=\"text-image__content\">\n\t\t\t\t\t\t\t\t\t\t<div class=\"fw-semibold lh-xs fs-20 fs-lg-32 ls--25 mb-5\">Fairmont Le Montreux Palace<\/div>\n\t\t\t\t\t\t\t\t\t\t\t\t\t\t\t<div class=\"fs-wysiwyg\">\n\t\t\t\t\t\t<p><span data-contrast=\"auto\" xml:lang=\"PT-PT\" lang=\"PT-PT\" class=\"TextRun SCXW100556332 BCX0\"><span class=\"NormalTextRun SCXW100556332 BCX0\">Luxo, tranquilidade\u2026 e jazz em <\/span><span class=\"NormalTextRun SpellingErrorV2Themed SCXW100556332 BCX0\">Montreux<\/span><span class=\"NormalTextRun SCXW100556332 BCX0\">!<\/span><\/span><span class=\"EOP SCXW100556332 BCX0\" data-ccp-props=\"{&quot;201341983&quot;:0,&quot;335551550&quot;:2,&quot;335551620&quot;:2,&quot;335559739&quot;:160,&quot;335559740&quot;:259}\">\u00a0<\/span><\/p>\n<p><span data-contrast=\"auto\">O <strong>Lago Genebra<\/strong>, do lado <strong>su\u00ed\u00e7o<\/strong>, estende-se aos p\u00e9s do <strong><a href=\"https:\/\/myallmeeting.com\/pt-pt\/hotel\/a5a4-fairmont-le-montreux-palace\/\">Fairmont Le Montreux Palace<\/a><\/strong>, um magn\u00edfico hotel 5 estrelas cuja fachada da Belle \u00c9poque o transporta imediatamente para a atmosfera distinta do in\u00edcio do s\u00e9culo XX.<\/span><span data-ccp-props=\"{&quot;201341983&quot;:0,&quot;335559739&quot;:160,&quot;335559740&quot;:259}\">\u00a0<\/span><\/p>\n<p><span data-contrast=\"auto\">Localizado a cerca de cem quil\u00f3metros do Aeroporto Internacional de Genebra, este <strong>pal\u00e1cio<\/strong> re\u00fane todos os elementos para proporcionar uma conven\u00e7\u00e3o excecional: <strong>20 salas de reuni\u00e3o<\/strong>, totalizando <strong>3800 m\u00b2, duas piscinas<\/strong>, um <strong>centro de fitness com spa<\/strong>, tudo com uma vista deslumbrante para as montanhas e o lago.<\/span><span data-ccp-props=\"{&quot;201341983&quot;:0,&quot;335559739&quot;:160,&quot;335559740&quot;:259}\">\u00a0<\/span><\/p>\n<p><span data-contrast=\"auto\">Entre esqui no inverno e praia no ver\u00e3o, o ambiente \u00e9 rico em atividades ao ar livre, mas n\u00e3o s\u00f3! Castelos antigos nos arredores s\u00e3o visit\u00e1veis e, todos os ver\u00f5es desde 1967, a cidade acolhe um <strong>festival de jazz<\/strong> que se tornou imperd\u00edvel.<\/span><span data-ccp-props=\"{&quot;201341983&quot;:0,&quot;335559739&quot;:160,&quot;335559740&quot;:259}\">\u00a0<\/span><\/p>\n\t\t\t\t\t<\/div>\n\t\t\t\t\t\t\t\t\t<\/div>\n\t\t\t<\/div>        \n\t\t<\/div>\n\t<\/div>\n<\/div>\n<!-- END OF : Composant : block-periscope-theme-section-composant-33-texte-image.php -->\n\n\n<!-- START OF : Composant : block-periscope-theme-section-composant-33-texte-image.php -->\n<!-- INVERSE -->\n<div class=\"text-image fs-wysiwyg mb-8 mb-lg-12\" data-component=\"33-texte-image\" data-reverse=\"oui\">\n\t<div class=\"container-fluid\" style=\"--bs-gutter-x: 0\">\n\t\t<div class=\"row\" style=\"--bs-gutter-x: 0\">\n\t\t\t<div class=\"col-lg-6\">\n\t\t\t\t<div class=\"text-image__content\">\n\t\t\t\t\t\t\t\t\t\t<div class=\"fw-semibold lh-xs fs-20 fs-lg-32 ls--25 mb-5\">Mercure Saint-Nectaire \u2013 Spa &amp; Bem-Estar<\/div>\n\t\t\t\t\t\t\t\t\t\t\t\t\t\t\t<div class=\"fs-wysiwyg\">\n\t\t\t\t\t\t<p><span data-contrast=\"auto\" xml:lang=\"PT-PT\" lang=\"PT-PT\" class=\"TextRun SCXW113324885 BCX0\"><span class=\"NormalTextRun SCXW113324885 BCX0\">No cora\u00e7\u00e3o dos vulc\u00f5es de Auvergne<\/span><\/span><span class=\"EOP SCXW113324885 BCX0\" data-ccp-props=\"{&quot;201341983&quot;:0,&quot;335551550&quot;:2,&quot;335551620&quot;:2,&quot;335559739&quot;:160,&quot;335559740&quot;:259}\">\u00a0<\/span><\/p>\n<p><span data-contrast=\"auto\">Famoso pelo seu <strong>queijo<\/strong>, <strong>Saint-Nectaire <\/strong>\u00e9 uma encantadora vila na regi\u00e3o de <strong>Auvergne<\/strong>, no centro de <strong>Fran\u00e7a<\/strong>, cuja igreja do s\u00e9culo XII \u00e9 uma j\u00f3ia do <strong>estilo rom\u00e2nico<\/strong>. Com o seu belo edif\u00edcio do final do s\u00e9culo XIX e o seu parque arborizado, o <a href=\"https:\/\/myallmeeting.com\/pt-pt\/hotel\/1814-hotel-mercure-saint-nectaire-spa-bien-etre\/\"><strong>Mercure Saint-Nectaire<\/strong><\/a> de 4 estrelas enquadra-se neste patrim\u00f3nio preservado, no magn\u00edfico cen\u00e1rio do <strong>maci\u00e7o de Sancy.<\/strong><\/span><span data-ccp-props=\"{&quot;201341983&quot;:0,&quot;335559739&quot;:160,&quot;335559740&quot;:259}\">\u00a0<\/span><\/p>\n<p><span data-contrast=\"auto\">A 40 km de <strong>Clermont-Ferrand<\/strong> (esta\u00e7\u00e3o ferrovi\u00e1ria e aeroporto internacional), o hotel faz tudo para tornar o seu semin\u00e1rio um ref\u00fagio <strong>acolhedor<\/strong> e produtivo: <strong>5 salas de reuni\u00e3o<\/strong>, uma delas com capacidade para <strong>50 pessoas<\/strong>, est\u00e3o \u00e0 sua disposi\u00e7\u00e3o, assim como<strong> duas piscinas<\/strong> (interior e exterior), um spa com <strong>banho turco<\/strong>, <strong>jacuzzi<\/strong> e <strong>sauna<\/strong>\u2026<\/span><span data-ccp-props=\"{&quot;201341983&quot;:0,&quot;335559739&quot;:160,&quot;335559740&quot;:259}\">\u00a0<\/span><\/p>\n<p><span data-contrast=\"auto\">Se mesmo assim desejar sair, os <strong>vulc\u00f5es<\/strong> de Auvergne est\u00e3o \u00e0 sua espera!<\/span><span data-ccp-props=\"{&quot;201341983&quot;:0,&quot;335559739&quot;:160,&quot;335559740&quot;:259}\">\u00a0<\/span><\/p>\n\t\t\t\t\t<\/div>\n\t\t\t\t\t\t\t\t\t<\/div>\n\t\t\t<\/div>    \n\t\t\t    \n\t\t\t<div class=\"col-lg-6 order-first order-lg-last mb-7 mb-lg-0\">\n\t\t\t\t<img decoding=\"async\" src=\"https:\/\/www.myallmeeting.com\/wp-content\/uploads\/2023\/02\/3446-30-953x600.jpg\" width=\"953\" height=\"600\" alt=\"\" loading=\"lazy\" class=\"w-100\" \/>\n\t\t\t<\/div>\n\t\t\t\t\t<\/div>\n\t<\/div>\n<\/div>\n<!-- END OF : Composant : block-periscope-theme-section-composant-33-texte-image.php -->\n\n\n<!-- START OF : Composant : block-periscope-theme-section-composant-33-texte-image.php -->\n<div class=\"text-image fs-wysiwyg mb-8 mb-lg-12\" data-component=\"33-texte-image\">\n\t<div class=\"container-fluid\" style=\"--bs-gutter-x: 0\">\n\t\t<div class=\"row\" style=\"--bs-gutter-x: 0\">\n\t\t\t\t\t\t<div class=\"col-lg-6 mb-7 mb-lg-0\">\n\t\t\t\t<img decoding=\"async\" src=\"https:\/\/www.myallmeeting.com\/wp-content\/uploads\/2023\/02\/6488-50-953x600.jpg\" width=\"953\" height=\"600\" alt=\"\" loading=\"lazy\" class=\"w-100\" \/>\n\t\t\t<\/div>\n\t\t\t\t\t\t<div class=\"col-lg-6\">\n\t\t\t\t<div class=\"text-image__content\">\n\t\t\t\t\t\t\t\t\t\t<div class=\"fw-semibold lh-xs fs-20 fs-lg-32 ls--25 mb-5\">Le Saint Gervais Hotel &amp; Spa &#8211; Handwritten Collection<\/div>\n\t\t\t\t\t\t\t\t\t\t\t\t\t\t\t<div class=\"fs-wysiwyg\">\n\t\t\t\t\t\t<p><span data-contrast=\"auto\" xml:lang=\"PT-PT\" lang=\"PT-PT\" class=\"TextRun SCXW100242021 BCX0\"><span class=\"NormalTextRun SCXW100242021 BCX0\">Aproveite ar puro aos p\u00e9s do <\/span><span class=\"NormalTextRun SpellingErrorV2Themed SCXW100242021 BCX0\">Mont-Blanc<\/span><\/span><span class=\"EOP SCXW100242021 BCX0\" data-ccp-props=\"{&quot;201341983&quot;:0,&quot;335551550&quot;:2,&quot;335551620&quot;:2,&quot;335559739&quot;:160,&quot;335559740&quot;:259}\">\u00a0<\/span><\/p>\n<p><span data-contrast=\"auto\">Nada como o ar dos Alpes para se revitalizar. Aqui, num <strong>ambiente t\u00edpico, acolhedor e caloroso, entre montanhas e termalismo, situado numa das mais belas vilas da Alta Saboia.<\/strong><\/span><strong>\u00a0<\/strong><\/p>\n<p><span data-contrast=\"auto\">\u00c9 apaixonado pela montanha? Encontrar\u00e1 a sua felicidade nos numerosos caminhos pedestres ao redor. \u00c9 apreciador de boa gastronomia? O <strong>bar Le Marie Paradis<\/strong> e o <strong>Restaurante Avanti <\/strong>est\u00e3o aqui para deliciar o seu paladar. Pretende melhorar o seu bem-estar? As atividades do spa v\u00e3o aumentar o seu \u00e2nimo e sa\u00fade.<\/span><span data-ccp-props=\"{&quot;201341983&quot;:0,&quot;335559739&quot;:160,&quot;335559740&quot;:259}\">\u00a0<\/span><\/p>\n<p><span data-contrast=\"auto\">O <a href=\"https:\/\/myallmeeting.com\/pt-pt\/hotel\/b9f3-le-saint-gervais-hotel-spa\/\">estabelecimento<\/a> disp\u00f5e de <strong>75 quartos e su\u00edtes com varanda e vista para a montanha<\/strong>. Para os seus eventos profissionais, est\u00e3o dispon\u00edveis <strong>salas de reuni\u00e3o<\/strong>. Um ambiente ideal para uma reuni\u00e3o produtiva.<\/span><span data-ccp-props=\"{&quot;201341983&quot;:0,&quot;335559739&quot;:160,&quot;335559740&quot;:259}\">\u00a0<\/span><\/p>\n<p><span data-contrast=\"auto\">E, por \u00faltimo, mas n\u00e3o menos importante, <strong>por cada quarto reservado, tem direito a uma viagem de ida e volta no Tramway du Mont-Blanc.<\/strong><\/span><strong>\u00a0<\/strong><\/p>\n\t\t\t\t\t<\/div>\n\t\t\t\t\t\t\t\t\t<\/div>\n\t\t\t<\/div>        \n\t\t<\/div>\n\t<\/div>\n<\/div>\n<!-- END OF : Composant : block-periscope-theme-section-composant-33-texte-image.php -->\n\n\n<!-- START OF : Composant : block-periscope-theme-section-composant-33-texte-image.php -->\n<!-- INVERSE -->\n<div class=\"text-image fs-wysiwyg mb-8 mb-lg-12\" data-component=\"33-texte-image\" data-reverse=\"oui\">\n\t<div class=\"container-fluid\" style=\"--bs-gutter-x: 0\">\n\t\t<div class=\"row\" style=\"--bs-gutter-x: 0\">\n\t\t\t<div class=\"col-lg-6\">\n\t\t\t\t<div class=\"text-image__content\">\n\t\t\t\t\t\t\t\t\t\t<div class=\"fw-semibold lh-xs fs-20 fs-lg-32 ls--25 mb-5\">Novotel Meg\u00e8ve Mont-Blanc<\/div>\n\t\t\t\t\t\t\t\t\t\t\t\t\t\t\t<div class=\"fs-wysiwyg\">\n\t\t\t\t\t\t<p><span data-contrast=\"auto\" xml:lang=\"PT-PT\" lang=\"PT-PT\" class=\"TextRun SCXW231594269 BCX0\"><span class=\"NormalTextRun SCXW231594269 BCX0\">No centro de todas as atividades de montanha<\/span><\/span><span class=\"EOP SCXW231594269 BCX0\" data-ccp-props=\"{&quot;201341983&quot;:0,&quot;335551550&quot;:2,&quot;335551620&quot;:2,&quot;335559739&quot;:160,&quot;335559740&quot;:259}\">\u00a0<\/span><\/p>\n<p><span data-contrast=\"auto\">O hotel 4 estrelas<a href=\"https:\/\/myallmeeting.com\/pt-pt\/hotel\/b5i0-novotel-megeve-mont-blanc\/\"> Novotel Meg\u00e8ve Mont-Blanc <\/a>espera por si num cen\u00e1rio aut\u00eantico: um <strong>chal\u00e9 moderno no cora\u00e7\u00e3o das montanhas, numa das mais prestigiadas est\u00e2ncias da Alta Saboia<\/strong>.<\/span><span data-ccp-props=\"{&quot;201341983&quot;:0,&quot;335559739&quot;:160,&quot;335559740&quot;:259}\">\u00a0<\/span><\/p>\n<p><span data-contrast=\"auto\">Seja para uma estadia em fam\u00edlia ou para neg\u00f3cios, em quartos grandes ou su\u00edtes para quatro pessoas, encontrar\u00e1 o que procura. O estabelecimento est\u00e1 centralmente localizado no Domaine de Metziva &#8211; pr\u00f3ximo ao Pal\u00e1cio de Meg\u00e8ve e \u00e0s lojas, bares e restaurantes &#8211; que inclui uma sala polidesportiva com piscina ol\u00edmpica, piscina infantil, spa e \u00e1rea de talassoterapia. Prefere esquiar? Sem problemas, o acesso \u00e0s pistas de esqui \u00e9 r\u00e1pido: 7 minutos de carro ou 15 minutos a p\u00e9. Um guarda-esquis seguro est\u00e1 dispon\u00edvel no hotel e beneficia de descontos em equipamentos de esqui atrav\u00e9s do nosso parceiro.<\/span><span data-ccp-props=\"{&quot;201341983&quot;:0,&quot;335559739&quot;:160,&quot;335559740&quot;:259}\">\u00a0<\/span><\/p>\n<p><span data-contrast=\"auto\"><strong>Este ambiente encantador tamb\u00e9m \u00e9 prop\u00edcio ao trabalho.<\/strong> Sal\u00f5es est\u00e3o dispon\u00edveis para a organiza\u00e7\u00e3o de eventos profissionais,<strong> promovendo o bem-estar e a produtividade dos seus colaboradores.<\/strong><\/span><strong>\u00a0<\/strong><\/p>\n\t\t\t\t\t<\/div>\n\t\t\t\t\t\t\t\t\t<\/div>\n\t\t\t<\/div>    \n\t\t\t    \n\t\t\t<div class=\"col-lg-6 order-first order-lg-last mb-7 mb-lg-0\">\n\t\t\t\t<img decoding=\"async\" src=\"https:\/\/www.myallmeeting.com\/wp-content\/uploads\/2023\/02\/5662-46-953x600.jpg\" width=\"953\" height=\"600\" alt=\"\" loading=\"lazy\" class=\"w-100\" \/>\n\t\t\t<\/div>\n\t\t\t\t\t<\/div>\n\t<\/div>\n<\/div>\n<!-- END OF : Composant : block-periscope-theme-section-composant-33-texte-image.php -->\n\n\n<!-- START OF : Composant : block-periscope-theme-section-composant-33-texte-image.php -->\n<div class=\"text-image fs-wysiwyg mb-8 mb-lg-12\" data-component=\"33-texte-image\">\n\t<div class=\"container-fluid\" style=\"--bs-gutter-x: 0\">\n\t\t<div class=\"row\" style=\"--bs-gutter-x: 0\">\n\t\t\t\t\t\t<div class=\"col-lg-6 mb-7 mb-lg-0\">\n\t\t\t\t<img decoding=\"async\" src=\"https:\/\/www.myallmeeting.com\/wp-content\/uploads\/2023\/02\/2927-02-953x600.jpg\" width=\"953\" height=\"600\" alt=\"\" loading=\"lazy\" class=\"w-100\" \/>\n\t\t\t<\/div>\n\t\t\t\t\t\t<div class=\"col-lg-6\">\n\t\t\t\t<div class=\"text-image__content\">\n\t\t\t\t\t\t\t\t\t\t<div class=\"fw-semibold lh-xs fs-20 fs-lg-32 ls--25 mb-5\">Mercure Garmisch-Parternkirchen<\/div>\n\t\t\t\t\t\t\t\t\t\t\t\t\t\t\t<div class=\"fs-wysiwyg\">\n\t\t\t\t\t\t<p><span data-contrast=\"auto\" xml:lang=\"PT-PT\" lang=\"PT-PT\" class=\"TextRun SCXW75042511 BCX0\"><span class=\"NormalTextRun SCXW75042511 BCX0\">Os Alpes da Baviera em panorama<\/span><\/span><span class=\"EOP SCXW75042511 BCX0\" data-ccp-props=\"{&quot;201341983&quot;:0,&quot;335551550&quot;:2,&quot;335551620&quot;:2,&quot;335559739&quot;:160,&quot;335559740&quot;:259}\">\u00a0<\/span><\/p>\n<p><span data-contrast=\"auto\">No sudeste da <strong>Alemanha<\/strong>, a <strong>Baviera<\/strong> aguarda-o com paisagens deslumbrantes, entre grandes lagos e picos nevados, e uma gastronomia generosa, incluindo os famosos kn\u00f6dels!<\/span><span data-ccp-props=\"{&quot;201341983&quot;:0,&quot;335559739&quot;:160,&quot;335559740&quot;:259}\">\u00a0<\/span><\/p>\n<p><span data-contrast=\"auto\">O hotel 4 estrelas <a href=\"https:\/\/myallmeeting.com\/pt-pt\/hotel\/2940-mercure-hotel-garmisch-partenkirchen\/\"><strong>Mercure Garmisch-Partenkirchen<\/strong><\/a> est\u00e1 situado no cora\u00e7\u00e3o desta regi\u00e3o generosa: a 5 km do Lago Eisbee &#8211; considerado por alguns como o mais bonito da Baviera &#8211; e aos p\u00e9s do <strong>Zugspitze<\/strong>, o pico mais alto da Alemanha (2.962 m), e da sua est\u00e2ncia de esqui.<\/span><span data-ccp-props=\"{&quot;201341983&quot;:0,&quot;335559739&quot;:160,&quot;335559740&quot;:259}\">\u00a0<\/span><\/p>\n<p><span data-contrast=\"auto\">Com acesso pelo Aeroporto Internacional de Innsbruck (\u00c1ustria), a 60 km, o hotel oferece <strong>9 salas de reuni\u00e3o modulares<\/strong> para a organiza\u00e7\u00e3o de eventos.<\/span><span data-ccp-props=\"{&quot;201341983&quot;:0,&quot;335559739&quot;:160,&quot;335559740&quot;:259}\">\u00a0<\/span><\/p>\n<p><span data-contrast=\"auto\">Uma <strong>piscina<\/strong> e um <strong>centro de fitness<\/strong> complementam os servi\u00e7os deste hotel com uma atmosfera aut\u00eantica, ideal para conferir um ambiente acolhedor ao seu semin\u00e1rio.<\/span><span data-ccp-props=\"{&quot;201341983&quot;:0,&quot;335559739&quot;:160,&quot;335559740&quot;:259}\">\u00a0<\/span><\/p>\n\t\t\t\t\t<\/div>\n\t\t\t\t\t\t\t\t\t<\/div>\n\t\t\t<\/div>        \n\t\t<\/div>\n\t<\/div>\n<\/div>\n<!-- END OF : Composant : block-periscope-theme-section-composant-33-texte-image.php -->\n\n\n<!-- START OF : Composant : block-periscope-theme-section-composant-33-texte-image.php -->\n<!-- INVERSE -->\n<div class=\"text-image fs-wysiwyg mb-8 mb-lg-12\" data-component=\"33-texte-image\" data-reverse=\"oui\">\n\t<div class=\"container-fluid\" style=\"--bs-gutter-x: 0\">\n\t\t<div class=\"row\" style=\"--bs-gutter-x: 0\">\n\t\t\t<div class=\"col-lg-6\">\n\t\t\t\t<div class=\"text-image__content\">\n\t\t\t\t\t\t\t\t\t\t<div class=\"fw-semibold lh-xs fs-20 fs-lg-32 ls--25 mb-5\">Mercure Krynica Zdroj Resort &amp; Spa<\/div>\n\t\t\t\t\t\t\t\t\t\t\t\t\t\t\t<div class=\"fs-wysiwyg\">\n\t\t\t\t\t\t<p><span data-contrast=\"auto\" xml:lang=\"PT-PT\" lang=\"PT-PT\" class=\"TextRun SCXW211204129 BCX0\"><span class=\"NormalTextRun SCXW211204129 BCX0\">A maior esta\u00e7\u00e3o termal da Pol\u00f3nia<\/span><\/span><span class=\"EOP SCXW211204129 BCX0\" data-ccp-props=\"{&quot;201341983&quot;:0,&quot;335551550&quot;:2,&quot;335551620&quot;:2,&quot;335559739&quot;:160,&quot;335559740&quot;:259}\">\u00a0<\/span><\/p>\n<p><span data-contrast=\"auto\">Perto da fronteira com a Eslov\u00e1quia, ao sul da <strong>Pol\u00f3nia<\/strong>, a pequena cidade de <strong>Krynica Zdr\u00f3j<\/strong> abriga a maior esta\u00e7\u00e3o termal do pa\u00eds. Uma \u00f3tima raz\u00e3o para organizar um semin\u00e1rio no <a href=\"https:\/\/myallmeeting.com\/pt-pt\/hotel\/9076-hotel-mercure-krynica-zdroj-resort-spa\/\">Mercure Krynica Zdroj Resort &amp; Spa<\/a> e oferecer \u00e0s suas equipas um ref\u00fagio revitalizante e relaxante.<\/span><span data-ccp-props=\"{&quot;201341983&quot;:0,&quot;335559739&quot;:160,&quot;335559740&quot;:259}\">\u00a0<\/span><\/p>\n<p><span data-contrast=\"auto\">Acesso pelo Aeroporto Internacional de Poprad-Tatry, a cerca de cem quil\u00f3metros na Eslov\u00e1quia, ou pelo Aeroporto de Crac\u00f3via (150 km), este hotel 4 estrelas oferece <strong>5 salas de reuni\u00e3o<\/strong>, sendo a maior delas com <strong>300 m\u00b2<\/strong>, al\u00e9m de um <strong>spa<\/strong> de \u00faltima gera\u00e7\u00e3o, com <strong>piscina<\/strong> e <strong>saunas<\/strong>.<\/span><span data-ccp-props=\"{&quot;201341983&quot;:0,&quot;335559739&quot;:160,&quot;335559740&quot;:259}\">\u00a0<\/span><\/p>\n<p><span data-contrast=\"auto\">L\u00e1 fora, belas caminhadas &#8211; dependendo da esta\u00e7\u00e3o, esqui ou a p\u00e9 &#8211; e um belo parque esperam por si para enriquecer um evento onde o bem-estar est\u00e1 no centro do seu programa!<\/span><span data-ccp-props=\"{&quot;201341983&quot;:0,&quot;335559739&quot;:160,&quot;335559740&quot;:259}\">\u00a0<\/span><\/p>\n\t\t\t\t\t<\/div>\n\t\t\t\t\t\t\t\t\t<\/div>\n\t\t\t<\/div>    \n\t\t\t    \n\t\t\t<div class=\"col-lg-6 order-first order-lg-last mb-7 mb-lg-0\">\n\t\t\t\t<img decoding=\"async\" src=\"https:\/\/www.myallmeeting.com\/wp-content\/uploads\/2023\/02\/5493-09-953x600.jpg\" width=\"953\" height=\"600\" alt=\"\" loading=\"lazy\" class=\"w-100\" \/>\n\t\t\t<\/div>\n\t\t\t\t\t<\/div>\n\t<\/div>\n<\/div>\n<!-- END OF : Composant : block-periscope-theme-section-composant-33-texte-image.php -->\n\n\n<!-- START OF : Composant : block-periscope-theme-section-composant-33-texte-image.php -->\n<div class=\"text-image fs-wysiwyg mb-8 mb-lg-12\" data-component=\"33-texte-image\">\n\t<div class=\"container-fluid\" style=\"--bs-gutter-x: 0\">\n\t\t<div class=\"row\" style=\"--bs-gutter-x: 0\">\n\t\t\t\t\t\t<div class=\"col-lg-6 mb-7 mb-lg-0\">\n\t\t\t\t<img decoding=\"async\" src=\"https:\/\/www.myallmeeting.com\/wp-content\/uploads\/2023\/02\/1886-25-953x600.jpg\" width=\"953\" height=\"600\" alt=\"\" loading=\"lazy\" class=\"w-100\" \/>\n\t\t\t<\/div>\n\t\t\t\t\t\t<div class=\"col-lg-6\">\n\t\t\t\t<div class=\"text-image__content\">\n\t\t\t\t\t\t\t\t\t\t<div class=\"fw-semibold lh-xs fs-20 fs-lg-32 ls--25 mb-5\">Novotel Andorra<\/div>\n\t\t\t\t\t\t\t\t\t\t\t\t\t\t\t<div class=\"fs-wysiwyg\">\n\t\t\t\t\t\t<p><span data-contrast=\"auto\" xml:lang=\"PT-PT\" lang=\"PT-PT\" class=\"TextRun SCXW74279893 BCX0\"><span class=\"NormalTextRun SCXW74279893 BCX0\">Nos Piren\u00e9us, entre Fran\u00e7a e Espanha<\/span><\/span><span class=\"EOP SCXW74279893 BCX0\" data-ccp-props=\"{&quot;201341983&quot;:0,&quot;335551550&quot;:2,&quot;335551620&quot;:2,&quot;335559739&quot;:160,&quot;335559740&quot;:259}\">\u00a0<\/span><\/p>\n<p><span data-contrast=\"auto\">Bem-vindo a <strong>Andorra-a-Velha<\/strong>, a capital &#8211; a mais alta da Europa, a 1.023 m de altitude! &#8211; do principado de Andorra. O acesso pelo Aeroporto Internacional de Barcelona e pelas suas conex\u00f5es de autocarro ainda \u00e9 o mais f\u00e1cil.<\/span><span data-ccp-props=\"{&quot;201341983&quot;:0,&quot;335559739&quot;:160,&quot;335559740&quot;:259}\">\u00a0<\/span><\/p>\n<p><span data-contrast=\"auto\">O <strong>hotel 4 estrelas<\/strong> <a href=\"https:\/\/myallmeeting.com\/pt-pt\/hotel\/1113-novotel-andorra\/\"><strong>Novotel Andorra<\/strong><\/a> est\u00e1 situado no centro desta encantadora cidade, um <strong>para\u00edso para compras,<\/strong> que tamb\u00e9m alberga um rico patrim\u00f3nio de<strong> igrejas rom\u00e2nicas e pontes medievais.<\/strong><\/span><strong>\u00a0<\/strong><\/p>\n<p><span data-contrast=\"auto\">As tr\u00eas salas de reuni\u00e3o do hotel podem receber at\u00e9 30 pessoas cada uma, que gostam de<strong> relaxar no final do dia na piscina<\/strong> e no centro de fitness\/spa do Mercure vizinho.<\/span><span data-ccp-props=\"{&quot;201341983&quot;:0,&quot;335559739&quot;:160,&quot;335559740&quot;:259}\">\u00a0<\/span><\/p>\n<p><span data-contrast=\"auto\">Os mais desportivos v\u00e3o apreciar a proximidade das \u00e1reas de esqui de Vallnord (6 km) e <strong>Grandvalira<\/strong>, a maior esta\u00e7\u00e3o dos Piren\u00e9us, apenas a 12 km; os outros deixar-se-\u00e3o seduzir pela beleza do ambiente.<\/span><span data-ccp-props=\"{&quot;201341983&quot;:0,&quot;335559739&quot;:160,&quot;335559740&quot;:259}\">\u00a0<\/span><\/p>\n\t\t\t\t\t<\/div>\n\t\t\t\t\t\t\t\t\t<\/div>\n\t\t\t<\/div>        \n\t\t<\/div>\n\t<\/div>\n<\/div>\n<!-- END OF : Composant : block-periscope-theme-section-composant-33-texte-image.php -->\n","protected":false},"excerpt":{"rendered":"","protected":false},"featured_media":16010674,"menu_order":0,"template":"","periscope_categorie_tax":[3515],"class_list":["post-16037565","article","type-article","status-publish","has-post-thumbnail","hentry","periscope_categorie_tax-tous-nos-tops-selections-pt-pt"],"acf":[],"yoast_head":"<title>Um semin\u00e1rio nas montanhas: explore os 8 principais destinos Accor - Accor MyAllMeeting.com<\/title>\n<meta name=\"robots\" content=\"index, follow, max-snippet:-1, max-image-preview:large, max-video-preview:-1\" \/>\n<link rel=\"canonical\" href=\"https:\/\/www.myallmeeting.com\/pt-pt\/wp-json\/wp\/v2\/article\/16037565\" \/>\n<meta property=\"og:locale\" content=\"pt_PT\" \/>\n<meta property=\"og:type\" content=\"article\" \/>\n<meta property=\"og:title\" content=\"Um semin\u00e1rio nas montanhas: explore os 8 principais destinos Accor - Accor MyAllMeeting.com\" \/>\n<meta property=\"og:url\" content=\"https:\/\/www.myallmeeting.com\/pt-pt\/article\/um-seminario-nas-montanhas-explore-os-8-principais-destinos-accor\/\" \/>\n<meta property=\"og:site_name\" content=\"Accor MyAllMeeting.com\" \/>\n<meta property=\"article:modified_time\" content=\"2024-07-16T15:48:40+00:00\" \/>\n<meta property=\"og:image\" content=\"http:\/\/myallmeeting.com\/wp-content\/uploads\/2023\/02\/Montagne-1024x304.png\" \/>\n\t<meta property=\"og:image:width\" content=\"1024\" \/>\n\t<meta property=\"og:image:height\" content=\"304\" \/>\n\t<meta property=\"og:image:type\" content=\"image\/png\" \/>\n<meta name=\"twitter:card\" content=\"summary_large_image\" \/>\n<meta name=\"twitter:label1\" content=\"Est. reading time\" \/>\n\t<meta name=\"twitter:data1\" content=\"9 minutes\" \/>\n<script type=\"application\/ld+json\" class=\"yoast-schema-graph\">{\"@context\":\"https:\/\/schema.org\",\"@graph\":[{\"@type\":\"WebPage\",\"@id\":\"https:\/\/www.myallmeeting.com\/pt-pt\/article\/um-seminario-nas-montanhas-explore-os-8-principais-destinos-accor\/\",\"url\":\"https:\/\/www.myallmeeting.com\/pt-pt\/article\/um-seminario-nas-montanhas-explore-os-8-principais-destinos-accor\/\",\"name\":\"Um semin\u00e1rio nas montanhas: explore os 8 principais destinos Accor - Accor MyAllMeeting.com\",\"isPartOf\":{\"@id\":\"https:\/\/www.myallmeeting.com\/pt-pt\/#website\"},\"primaryImageOfPage\":{\"@id\":\"https:\/\/www.myallmeeting.com\/pt-pt\/article\/um-seminario-nas-montanhas-explore-os-8-principais-destinos-accor\/#primaryimage\"},\"image\":{\"@id\":\"https:\/\/www.myallmeeting.com\/pt-pt\/article\/um-seminario-nas-montanhas-explore-os-8-principais-destinos-accor\/#primaryimage\"},\"thumbnailUrl\":\"https:\/\/www.myallmeeting.com\/wp-content\/uploads\/2023\/02\/Montagne.png\",\"datePublished\":\"2023-02-08T15:31:52+00:00\",\"dateModified\":\"2024-07-16T15:48:40+00:00\",\"breadcrumb\":{\"@id\":\"https:\/\/www.myallmeeting.com\/pt-pt\/article\/um-seminario-nas-montanhas-explore-os-8-principais-destinos-accor\/#breadcrumb\"},\"inLanguage\":\"pt-PT\",\"potentialAction\":[{\"@type\":\"ReadAction\",\"target\":[\"https:\/\/www.myallmeeting.com\/pt-pt\/article\/um-seminario-nas-montanhas-explore-os-8-principais-destinos-accor\/\"]}]},{\"@type\":\"ImageObject\",\"inLanguage\":\"pt-PT\",\"@id\":\"https:\/\/www.myallmeeting.com\/pt-pt\/article\/um-seminario-nas-montanhas-explore-os-8-principais-destinos-accor\/#primaryimage\",\"url\":\"https:\/\/www.myallmeeting.com\/wp-content\/uploads\/2023\/02\/Montagne.png\",\"contentUrl\":\"https:\/\/www.myallmeeting.com\/wp-content\/uploads\/2023\/02\/Montagne.png\",\"width\":1920,\"height\":570},{\"@type\":\"BreadcrumbList\",\"@id\":\"https:\/\/www.myallmeeting.com\/pt-pt\/article\/um-seminario-nas-montanhas-explore-os-8-principais-destinos-accor\/#breadcrumb\",\"itemListElement\":[{\"@type\":\"ListItem\",\"position\":1,\"name\":\"P\u00e1gina inicial\",\"item\":\"https:\/\/myallmeeting.com\/pt-pt\/\"},{\"@type\":\"ListItem\",\"position\":2,\"name\":\"Not\u00edcias\",\"item\":\"https:\/\/www.myallmeeting.com\/pt-pt\/noticias\/\"},{\"@type\":\"ListItem\",\"position\":3,\"name\":\"Um semin\u00e1rio nas montanhas: explore os 8 principais destinos Accor\"}]},{\"@type\":\"WebSite\",\"@id\":\"https:\/\/www.myallmeeting.com\/pt-pt\/#website\",\"url\":\"https:\/\/www.myallmeeting.com\/pt-pt\/\",\"name\":\"Accor MyAllMeeting.com\",\"description\":\"Les Meilleurs lieux pour vos Ev\u00e9nements Professionnels\",\"publisher\":{\"@id\":\"https:\/\/www.myallmeeting.com\/pt-pt\/#organization\"},\"potentialAction\":[{\"@type\":\"SearchAction\",\"target\":{\"@type\":\"EntryPoint\",\"urlTemplate\":\"https:\/\/www.myallmeeting.com\/pt-pt\/?s={search_term_string}\"},\"query-input\":{\"@type\":\"PropertyValueSpecification\",\"valueRequired\":true,\"valueName\":\"search_term_string\"}}],\"inLanguage\":\"pt-PT\"},{\"@type\":\"Organization\",\"@id\":\"https:\/\/www.myallmeeting.com\/pt-pt\/#organization\",\"name\":\"ACCOR\",\"url\":\"https:\/\/www.myallmeeting.com\/pt-pt\/\",\"logo\":{\"@type\":\"ImageObject\",\"inLanguage\":\"pt-PT\",\"@id\":\"https:\/\/www.myallmeeting.com\/pt-pt\/#\/schema\/logo\/image\/\",\"url\":\"\",\"contentUrl\":\"\",\"caption\":\"ACCOR\"},\"image\":{\"@id\":\"https:\/\/www.myallmeeting.com\/pt-pt\/#\/schema\/logo\/image\/\"}}]}<\/script>","yoast_head_json":{"title":"Um semin\u00e1rio nas montanhas: explore os 8 principais destinos Accor - Accor MyAllMeeting.com","robots":{"index":"index","follow":"follow","max-snippet":"max-snippet:-1","max-image-preview":"max-image-preview:large","max-video-preview":"max-video-preview:-1"},"canonical":"https:\/\/www.myallmeeting.com\/pt-pt\/wp-json\/wp\/v2\/article\/16037565","og_locale":"pt_PT","og_type":"article","og_title":"Um semin\u00e1rio nas montanhas: explore os 8 principais destinos Accor - Accor MyAllMeeting.com","og_url":"https:\/\/www.myallmeeting.com\/pt-pt\/article\/um-seminario-nas-montanhas-explore-os-8-principais-destinos-accor\/","og_site_name":"Accor MyAllMeeting.com","article_modified_time":"2024-07-16T15:48:40+00:00","og_image":[{"width":1024,"height":304,"url":"http:\/\/myallmeeting.com\/wp-content\/uploads\/2023\/02\/Montagne-1024x304.png","type":"image\/png"}],"twitter_card":"summary_large_image","twitter_misc":{"Est. reading time":"9 minutes"},"schema":{"@context":"https:\/\/schema.org","@graph":[{"@type":"WebPage","@id":"https:\/\/www.myallmeeting.com\/pt-pt\/article\/um-seminario-nas-montanhas-explore-os-8-principais-destinos-accor\/","url":"https:\/\/www.myallmeeting.com\/pt-pt\/article\/um-seminario-nas-montanhas-explore-os-8-principais-destinos-accor\/","name":"Um semin\u00e1rio nas montanhas: explore os 8 principais destinos Accor - Accor MyAllMeeting.com","isPartOf":{"@id":"https:\/\/www.myallmeeting.com\/pt-pt\/#website"},"primaryImageOfPage":{"@id":"https:\/\/www.myallmeeting.com\/pt-pt\/article\/um-seminario-nas-montanhas-explore-os-8-principais-destinos-accor\/#primaryimage"},"image":{"@id":"https:\/\/www.myallmeeting.com\/pt-pt\/article\/um-seminario-nas-montanhas-explore-os-8-principais-destinos-accor\/#primaryimage"},"thumbnailUrl":"https:\/\/www.myallmeeting.com\/wp-content\/uploads\/2023\/02\/Montagne.png","datePublished":"2023-02-08T15:31:52+00:00","dateModified":"2024-07-16T15:48:40+00:00","breadcrumb":{"@id":"https:\/\/www.myallmeeting.com\/pt-pt\/article\/um-seminario-nas-montanhas-explore-os-8-principais-destinos-accor\/#breadcrumb"},"inLanguage":"pt-PT","potentialAction":[{"@type":"ReadAction","target":["https:\/\/www.myallmeeting.com\/pt-pt\/article\/um-seminario-nas-montanhas-explore-os-8-principais-destinos-accor\/"]}]},{"@type":"ImageObject","inLanguage":"pt-PT","@id":"https:\/\/www.myallmeeting.com\/pt-pt\/article\/um-seminario-nas-montanhas-explore-os-8-principais-destinos-accor\/#primaryimage","url":"https:\/\/www.myallmeeting.com\/wp-content\/uploads\/2023\/02\/Montagne.png","contentUrl":"https:\/\/www.myallmeeting.com\/wp-content\/uploads\/2023\/02\/Montagne.png","width":1920,"height":570},{"@type":"BreadcrumbList","@id":"https:\/\/www.myallmeeting.com\/pt-pt\/article\/um-seminario-nas-montanhas-explore-os-8-principais-destinos-accor\/#breadcrumb","itemListElement":[{"@type":"ListItem","position":1,"name":"P\u00e1gina inicial","item":"https:\/\/myallmeeting.com\/pt-pt\/"},{"@type":"ListItem","position":2,"name":"Not\u00edcias","item":"https:\/\/www.myallmeeting.com\/pt-pt\/noticias\/"},{"@type":"ListItem","position":3,"name":"Um semin\u00e1rio nas montanhas: explore os 8 principais destinos Accor"}]},{"@type":"WebSite","@id":"https:\/\/www.myallmeeting.com\/pt-pt\/#website","url":"https:\/\/www.myallmeeting.com\/pt-pt\/","name":"Accor MyAllMeeting.com","description":"Les Meilleurs lieux pour vos Ev\u00e9nements Professionnels","publisher":{"@id":"https:\/\/www.myallmeeting.com\/pt-pt\/#organization"},"potentialAction":[{"@type":"SearchAction","target":{"@type":"EntryPoint","urlTemplate":"https:\/\/www.myallmeeting.com\/pt-pt\/?s={search_term_string}"},"query-input":{"@type":"PropertyValueSpecification","valueRequired":true,"valueName":"search_term_string"}}],"inLanguage":"pt-PT"},{"@type":"Organization","@id":"https:\/\/www.myallmeeting.com\/pt-pt\/#organization","name":"ACCOR","url":"https:\/\/www.myallmeeting.com\/pt-pt\/","logo":{"@type":"ImageObject","inLanguage":"pt-PT","@id":"https:\/\/www.myallmeeting.com\/pt-pt\/#\/schema\/logo\/image\/","url":"","contentUrl":"","caption":"ACCOR"},"image":{"@id":"https:\/\/www.myallmeeting.com\/pt-pt\/#\/schema\/logo\/image\/"}}]}},"_links":{"self":[{"href":"https:\/\/www.myallmeeting.com\/pt-pt\/wp-json\/wp\/v2\/article\/16037565","targetHints":{"allow":["GET"]}}],"collection":[{"href":"https:\/\/www.myallmeeting.com\/pt-pt\/wp-json\/wp\/v2\/article"}],"about":[{"href":"https:\/\/www.myallmeeting.com\/pt-pt\/wp-json\/wp\/v2\/types\/article"}],"wp:featuredmedia":[{"embeddable":true,"href":"https:\/\/www.myallmeeting.com\/pt-pt\/wp-json\/wp\/v2\/media\/16010674"}],"wp:attachment":[{"href":"https:\/\/www.myallmeeting.com\/pt-pt\/wp-json\/wp\/v2\/media?parent=16037565"}],"wp:term":[{"taxonomy":"periscope_categorie_tax","embeddable":true,"href":"https:\/\/www.myallmeeting.com\/pt-pt\/wp-json\/wp\/v2\/periscope_categorie_tax?post=16037565"}],"curies":[{"name":"wp","href":"https:\/\/api.w.org\/{rel}","templated":true}]}}