{"id":16037562,"date":"2020-02-13T15:39:37","date_gmt":"2020-02-13T14:39:37","guid":{"rendered":"https:\/\/myallmeeting.com\/article\/un-seminaire-avec-vue-sur-la-mediterranee\/"},"modified":"2024-07-22T17:27:42","modified_gmt":"2024-07-22T15:27:42","slug":"um-seminario-com-vista-para-o-mediterraneo","status":"publish","type":"article","link":"https:\/\/www.myallmeeting.com\/pt-pt\/article\/um-seminario-com-vista-para-o-mediterraneo\/","title":{"rendered":"Um semin\u00e1rio com vista para o Mediterr\u00e2neo\u00a0"},"content":{"rendered":"<!-- START OF : Composant : block-periscope-theme-section-composant-25-texte-cta-2-images.php -->\n<div class=\"tcta2ia bg-white fs-wysiwyg mb-lg-12\" data-component=\"25-texte-cta-2-images\">\n\t<div class=\"tcta2ia__top\">\n\t\t<div class=\"container-fluid\" style=\"--bs-gutter-x: 0\">\n\t\t\t<div class=\"row\" style=\"--bs-gutter-x: 0\">\n\t\t\t\t<div class=\"col-lg-8\">\n\t\t\t\t\t\t\t\t\t\t<div class=\"bloc-mise-en-avant__top__left\">\n\t\t\t\t\t\t<img decoding=\"async\" src=\"https:\/\/www.myallmeeting.com\/wp-content\/uploads\/2020\/02\/6901-16-1-1268x846.jpg\" class=\"pe-2 pe-lg-0\" width=\"1268\" height=\"846\" alt=\"\" loading=\"lazy\" \/>\n\t\t\t\t\t<\/div>\n\t\t\t\t\t\t\t\t\t\t<div class=\"tcta2ia__bottom d-none d-lg-block pb-12 pt-lg-9 pb-lg-0 pe-lg-10\">\n\t\t\t\t\t\t\t\t\t\t\t\t<h2 class=\"fs-20 fs-lg-32 fw-semibold\">Mercure Toulon La Seyne-sur-Mer<\/h2>\n\t\t\t\t\t\t\t\t\t\t\t\t\t\t\t\t\t\t<div class=\"fs-wysiwyg\"><p><span data-contrast=\"auto\">N\u00e3o h\u00e1 nada como o alegre tilintar dos barcos ancorados para sentir que est\u00e1 prestes a embarcar! <a href=\"https:\/\/myallmeeting.com\/pt-pt\/hotel\/b3f9-hotel-mercure-toulon-la-seyne-sur-mer-opening-juillet-2019\/\"><strong>Este hotel de 4 estrelas<\/strong><\/a> est\u00e1 situado no porto de lazer de La Seyne-sur-Mer.<\/span><span data-ccp-props=\"{&quot;201341983&quot;:0,&quot;335559739&quot;:160,&quot;335559740&quot;:259}\">\u00a0<\/span><\/p>\n<p><span data-contrast=\"auto\">Cada um dos seus <strong>96 quartos, com uma decora\u00e7\u00e3o elegante<\/strong>, oferece vista para o mar! Ap\u00f3s um dia produtivo \u2013 as suas 3 salas de reuni\u00e3o podem acomodar at\u00e9 70 pessoas &#8211; pode relaxar na piscina exterior aquecida, na \u00e1rea de bem-estar ou no restaurante de \u201cbistronomia\u201d italiana. A localiza\u00e7\u00e3o \u00e9 facilmente acess\u00edvel, pois a esta\u00e7\u00e3o de TGV de Toulon est\u00e1 a apenas alguns quil\u00f3metros de dist\u00e2ncia.<\/span><span data-ccp-props=\"{&quot;201341983&quot;:0,&quot;335559739&quot;:160,&quot;335559740&quot;:259}\">\u00a0<\/span><\/p>\n<\/div>\n\t\t\t\t\t\t\t\t\t\t\t\t<div class=\"d-flex flex-column flex-lg-row align-items-center gap-5 gap-lg-8 justify-content-between\">\n\t\t\t\t\t\t\t<div class=\"fs-20 fs-lg-26 fw-semibold lh-xs\"><\/div>\n\t\t\t\t\t\t\t\t\t\t\t\t\t<\/div>\n\t\t\t\t\t<\/div>\n\t\t\t\t<\/div>\n\t\t\t\t<div class=\"col-lg-4\">\n\t\t\t\t\t<div class=\"tcta2ia__top__right t-0 r-0 bg-primary text-white pt-4 pb-4 px-2 pt-lg-8 pb-lg-16 px-lg-11 pb-xl-30\">\n\t\t\t\t\t\t\t\t\t\t\t\t\t\t\t\t\t\t<h2 class=\"unna fs-36 fs-lg-51 fs-xl-75 fs-italic fw-normal text-secondary\">Um semin\u00e1rio com vista para o Mediterr\u00e2neo <\/h2>\n\t\t\t\t\t\t\t\t\t\t\t\t\t\t\t\t\t\t<h3 class=\"text-white fs-18 fs-lg-20 fs-xl-28 text-original-case\">Deseja proporcionar aos seus colaboradores uma pausa entre trabalho e glamour em locais deslumbrantes?<\/h3>\n\t\t\t\t\t\t\t\t\t\t\t\t\t\t\t\t\t\t<div class=\"fs-wysiwyg mb-4 fs-lg-16 fs-xl-20\"><p><span data-contrast=\"auto\" xml:lang=\"PT-PT\" lang=\"PT-PT\" class=\"TextRun SCXW117027446 BCX0\"><span class=\"NormalTextRun SCXW117027446 BCX0\">Com grandes doses de ar ensolarado e salgado, ent\u00e3o visite a Riviera Francesa, com a sua costa recortada pelo Mediterr\u00e2neo e a sua cozinha perfumada. Seja para<strong> uma reuni\u00e3o \u00edntima ou um semin\u00e1rio corporativo<\/strong>, encontrar\u00e1 a<strong> solu\u00e7\u00e3o sob medida<\/strong>. Aqui est\u00e3o quatro op\u00e7\u00f5es para si.<\/span><\/span><\/p>\n<\/div>\n\t\t\t\t\t\t\t\t\t\t\t\t\t\t\t\t\t\t\t\t\t\t\t\t<p class=\"m-0\"><img decoding=\"async\" src=\"https:\/\/www.myallmeeting.com\/wp-content\/uploads\/2020\/02\/5064-24-633x398.jpg\" class=\"position-relative l-0\" width=\"633\" height=\"398\" alt=\"\" loading=\"lazy\" \/><\/p>\n\t\t\t\t\t\t\t\t\t\t\t<\/div>\n\t\t\t\t<\/div>\n\t\t\t<\/div>\n\t\t<\/div>\n\t<\/div>\n\t<div class=\"tcta2ia__bottom d-lg-none pb-12 py-lg-9 pe-lg-10\">\n\t\t\t\t<div class=\"h2 fs-20 fs-lg-32 fw-semibold\">Mercure Toulon La Seyne-sur-Mer<\/div>\n\t\t\t\t\t\t<div class=\"fs-wysiwyg\"><p><span data-contrast=\"auto\">N\u00e3o h\u00e1 nada como o alegre tilintar dos barcos ancorados para sentir que est\u00e1 prestes a embarcar! <a href=\"https:\/\/myallmeeting.com\/pt-pt\/hotel\/b3f9-hotel-mercure-toulon-la-seyne-sur-mer-opening-juillet-2019\/\"><strong>Este hotel de 4 estrelas<\/strong><\/a> est\u00e1 situado no porto de lazer de La Seyne-sur-Mer.<\/span><span data-ccp-props=\"{&quot;201341983&quot;:0,&quot;335559739&quot;:160,&quot;335559740&quot;:259}\">\u00a0<\/span><\/p>\n<p><span data-contrast=\"auto\">Cada um dos seus <strong>96 quartos, com uma decora\u00e7\u00e3o elegante<\/strong>, oferece vista para o mar! Ap\u00f3s um dia produtivo \u2013 as suas 3 salas de reuni\u00e3o podem acomodar at\u00e9 70 pessoas &#8211; pode relaxar na piscina exterior aquecida, na \u00e1rea de bem-estar ou no restaurante de \u201cbistronomia\u201d italiana. A localiza\u00e7\u00e3o \u00e9 facilmente acess\u00edvel, pois a esta\u00e7\u00e3o de TGV de Toulon est\u00e1 a apenas alguns quil\u00f3metros de dist\u00e2ncia.<\/span><span data-ccp-props=\"{&quot;201341983&quot;:0,&quot;335559739&quot;:160,&quot;335559740&quot;:259}\">\u00a0<\/span><\/p>\n<\/div>\n\t\t\t\t<div class=\"d-flex flex-column flex-lg-row align-items-center gap-5 gap-lg-8 justify-content-between\">\n\t\t\t<div class=\"fs-20 fs-lg-26 fw-semibold lh-xs\"><\/div>\n\t\t\t\t\t<\/div>\n\t<\/div>\n<\/div>\n<!-- END OF : Composant : block-periscope-theme-section-composant-25-texte-cta-2-images.php -->\n\n\n<!-- START OF : Composant : block-periscope-theme-section-composant-33-texte-image.php -->\n<div class=\"text-image fs-wysiwyg mb-8 mb-lg-12\" data-component=\"33-texte-image\">\n\t<div class=\"container-fluid\" style=\"--bs-gutter-x: 0\">\n\t\t<div class=\"row\" style=\"--bs-gutter-x: 0\">\n\t\t\t\t\t\t<div class=\"col-lg-6 mb-7 mb-lg-0\">\n\t\t\t\t<img decoding=\"async\" src=\"https:\/\/www.myallmeeting.com\/wp-content\/uploads\/2020\/02\/3911-10-953x600.jpg\" width=\"953\" height=\"600\" alt=\"\" loading=\"lazy\" class=\"w-100\" \/>\n\t\t\t<\/div>\n\t\t\t\t\t\t<div class=\"col-lg-6\">\n\t\t\t\t<div class=\"text-image__content\">\n\t\t\t\t\t\t\t\t\t\t<div class=\"fw-semibold lh-xs fs-20 fs-lg-32 ls--25 mb-5\">Ibis Styles Hy\u00e8res Rooftop &amp; Spa<\/div>\n\t\t\t\t\t\t\t\t\t\t\t\t\t\t\t<div class=\"fs-wysiwyg\">\n\t\t\t\t\t\t<p><span data-contrast=\"auto\">Pr\u00f3ximo \u00e0 esta\u00e7\u00e3o de comboio (a cerca de cinquenta metros),<a href=\"https:\/\/myallmeeting.com\/pt-pt\/hotel\/a0a9-ibis-styles-hyeres-rooftop-spa\/\"><strong> este Ibis Styles<\/strong> <\/a>\u00e9 o<strong> local ideal para a sua estadia em Hy\u00e8res.<\/strong> Tranquilo e confort\u00e1vel, o hotel possui <strong>41 quartos com ar condicionado, decorados com o tema da viagem.<\/strong> O seu bar, terra\u00e7o panor\u00e2mico, sala de reuni\u00f5es, spa com jacuzzi e sauna s\u00e3o atributos que tornar\u00e3o a sua estadia inesquec\u00edvel.<\/span><span data-ccp-props=\"{&quot;201341983&quot;:0,&quot;335559739&quot;:160,&quot;335559740&quot;:259}\">\u00a0<\/span><\/p>\n<p><span data-contrast=\"auto\">Prefere passeios? Aproveite o mar, as palmeiras e os 300 dias de sol por ano. Que tal visitar o Museu da Moeda ou a Praia de l&#8217;Almanarre, um para\u00edso para os entusiastas dos desportos n\u00e1uticos? Em qualquer caso, relaxamento garantido!<\/span><span data-ccp-props=\"{&quot;201341983&quot;:0,&quot;335559739&quot;:160,&quot;335559740&quot;:259}\">\u00a0<\/span><\/p>\n\t\t\t\t\t<\/div>\n\t\t\t\t\t\t\t\t\t<\/div>\n\t\t\t<\/div>        \n\t\t<\/div>\n\t<\/div>\n<\/div>\n<!-- END OF : Composant : block-periscope-theme-section-composant-33-texte-image.php -->\n\n\n<!-- START OF : Composant : block-periscope-theme-section-composant-33-texte-image.php -->\n<!-- INVERSE -->\n<div class=\"text-image fs-wysiwyg mb-8 mb-lg-12\" data-component=\"33-texte-image\" data-reverse=\"oui\">\n\t<div class=\"container-fluid\" style=\"--bs-gutter-x: 0\">\n\t\t<div class=\"row\" style=\"--bs-gutter-x: 0\">\n\t\t\t<div class=\"col-lg-6\">\n\t\t\t\t<div class=\"text-image__content\">\n\t\t\t\t\t\t\t\t\t\t<div class=\"fw-semibold lh-xs fs-20 fs-lg-32 ls--25 mb-5\">Pullman Cannes Mandelieu Royal Casino<\/div>\n\t\t\t\t\t\t\t\t\t\t\t\t\t\t\t<div class=\"fs-wysiwyg\">\n\t\t\t\t\t\t<p><span data-contrast=\"auto\">Croisette e brilho, desportos e gastronomia refinada s\u00e3o as promessas <a href=\"https:\/\/myallmeeting.com\/pt-pt\/hotel\/1168-pullman-cannes-mandelieu-royal-casino\/\">deste hotel de 4 estrelas,<\/a> a apenas 20 km do Aeroporto Nice-C\u00f4te d&#8217;Azur. Situado de frente para a ba\u00eda de <strong>Cannes, os seus 213 quartos oferecem uma vista deslumbrante.<\/strong><\/span><strong>\u00a0<\/strong><\/p>\n<p><span data-contrast=\"auto\">Piscina exterior, campo de t\u00e9nis, restaurante, bares, casino, discoteca, terra\u00e7o com vista para o mar&#8230; Al\u00e9m das 19 salas de reuni\u00e3o que podem acomodar mais de 600 pessoas, com o apoio de um gestor de eventos e um gestor de solu\u00e7\u00f5es de TI: o local ideal para um <strong>evento de grande porte.<\/strong><\/span><strong>\u00a0<\/strong><\/p>\n\t\t\t\t\t<\/div>\n\t\t\t\t\t\t\t\t\t<\/div>\n\t\t\t<\/div>    \n\t\t\t    \n\t\t\t<div class=\"col-lg-6 order-first order-lg-last mb-7 mb-lg-0\">\n\t\t\t\t<img decoding=\"async\" src=\"https:\/\/www.myallmeeting.com\/wp-content\/uploads\/2020\/02\/6883-48-953x600.jpg\" width=\"953\" height=\"600\" alt=\"\" loading=\"lazy\" class=\"w-100\" \/>\n\t\t\t<\/div>\n\t\t\t\t\t<\/div>\n\t<\/div>\n<\/div>\n<!-- END OF : Composant : block-periscope-theme-section-composant-33-texte-image.php -->\n\n\n<!-- START OF : Composant : block-periscope-theme-section-composant-33-texte-image.php -->\n<div class=\"text-image fs-wysiwyg mb-8 mb-lg-12\" data-component=\"33-texte-image\">\n\t<div class=\"container-fluid\" style=\"--bs-gutter-x: 0\">\n\t\t<div class=\"row\" style=\"--bs-gutter-x: 0\">\n\t\t\t\t\t\t<div class=\"col-lg-6 mb-7 mb-lg-0\">\n\t\t\t\t<img decoding=\"async\" src=\"https:\/\/www.myallmeeting.com\/wp-content\/uploads\/2020\/02\/6751-33-953x600.jpg\" width=\"953\" height=\"600\" alt=\"\" loading=\"lazy\" class=\"w-100\" \/>\n\t\t\t<\/div>\n\t\t\t\t\t\t<div class=\"col-lg-6\">\n\t\t\t\t<div class=\"text-image__content\">\n\t\t\t\t\t\t\t\t\t\t<div class=\"fw-semibold lh-xs fs-20 fs-lg-32 ls--25 mb-5\">Novotel Antibes Sophia Antipolis<\/div>\n\t\t\t\t\t\t\t\t\t\t\t\t\t\t\t<div class=\"fs-wysiwyg\">\n\t\t\t\t\t\t<p><span data-contrast=\"auto\">Neste <a href=\"https:\/\/myallmeeting.com\/pt-pt\/hotel\/0398-novotel-antibes-sophia-antipolis\/\">hotel de 4 estrelas<\/a>, pode reunir <strong>at\u00e9 230 pessoas<\/strong>, aproveitando as m\u00faltiplas configura\u00e7\u00f5es oferecidas pelas <strong>9 salas de reuni\u00e3o<\/strong>, todas iluminadas pela luz natural. Localizado na tranquilidade de um o\u00e1sis verde, <strong>no cora\u00e7\u00e3o da technopole Sophia Antipolis<\/strong>, a apenas 20 km do Aeroporto Nice-C\u00f4te d&#8217;Azur.<\/span><span data-ccp-props=\"{&quot;201341983&quot;:0,&quot;335559739&quot;:160,&quot;335559740&quot;:259}\">\u00a0<\/span><\/p>\n<p><span data-contrast=\"auto\">Espa\u00e7osas e decoradas num estilo contempor\u00e2neo s\u00f3brio e chique, os <strong>97 quartos oferecem um ambiente discreto e refinado,<\/strong> completado por uma piscina exterior, al\u00e9m de restaurante e bar.<\/span><span data-ccp-props=\"{&quot;201341983&quot;:0,&quot;335559739&quot;:160,&quot;335559740&quot;:259}\">\u00a0<\/span><\/p>\n\t\t\t\t\t<\/div>\n\t\t\t\t\t\t\t\t\t<\/div>\n\t\t\t<\/div>        \n\t\t<\/div>\n\t<\/div>\n<\/div>\n<!-- END OF : Composant : block-periscope-theme-section-composant-33-texte-image.php -->\n","protected":false},"excerpt":{"rendered":"","protected":false},"featured_media":16004694,"menu_order":0,"template":"","periscope_categorie_tax":[3515],"class_list":["post-16037562","article","type-article","status-publish","has-post-thumbnail","hentry","periscope_categorie_tax-tous-nos-tops-selections-pt-pt"],"acf":[],"yoast_head":"<title>Um semin\u00e1rio com vista para o Mediterr\u00e2neo\u00a0 - Accor MyAllMeeting.com<\/title>\n<meta name=\"robots\" content=\"index, follow, max-snippet:-1, max-image-preview:large, max-video-preview:-1\" \/>\n<link rel=\"canonical\" href=\"https:\/\/www.myallmeeting.com\/pt-pt\/wp-json\/wp\/v2\/article\/16037562\" \/>\n<meta property=\"og:locale\" content=\"pt_PT\" \/>\n<meta property=\"og:type\" content=\"article\" \/>\n<meta property=\"og:title\" content=\"Um semin\u00e1rio com vista para o Mediterr\u00e2neo\u00a0 - Accor MyAllMeeting.com\" \/>\n<meta property=\"og:url\" content=\"https:\/\/www.myallmeeting.com\/pt-pt\/article\/um-seminario-com-vista-para-o-mediterraneo\/\" \/>\n<meta property=\"og:site_name\" content=\"Accor MyAllMeeting.com\" \/>\n<meta property=\"article:modified_time\" content=\"2024-07-22T15:27:42+00:00\" \/>\n<meta property=\"og:image\" content=\"http:\/\/myallmeeting.com\/wp-content\/uploads\/2020\/02\/Antibes-1024x304.png\" \/>\n\t<meta property=\"og:image:width\" content=\"1024\" \/>\n\t<meta property=\"og:image:height\" content=\"304\" \/>\n\t<meta property=\"og:image:type\" content=\"image\/png\" \/>\n<meta name=\"twitter:card\" content=\"summary_large_image\" \/>\n<meta name=\"twitter:label1\" content=\"Est. reading time\" \/>\n\t<meta name=\"twitter:data1\" content=\"4 minutes\" \/>\n<script type=\"application\/ld+json\" class=\"yoast-schema-graph\">{\"@context\":\"https:\/\/schema.org\",\"@graph\":[{\"@type\":\"WebPage\",\"@id\":\"https:\/\/www.myallmeeting.com\/pt-pt\/article\/um-seminario-com-vista-para-o-mediterraneo\/\",\"url\":\"https:\/\/www.myallmeeting.com\/pt-pt\/article\/um-seminario-com-vista-para-o-mediterraneo\/\",\"name\":\"Um semin\u00e1rio com vista para o Mediterr\u00e2neo\u00a0 - Accor MyAllMeeting.com\",\"isPartOf\":{\"@id\":\"https:\/\/www.myallmeeting.com\/pt-pt\/#website\"},\"primaryImageOfPage\":{\"@id\":\"https:\/\/www.myallmeeting.com\/pt-pt\/article\/um-seminario-com-vista-para-o-mediterraneo\/#primaryimage\"},\"image\":{\"@id\":\"https:\/\/www.myallmeeting.com\/pt-pt\/article\/um-seminario-com-vista-para-o-mediterraneo\/#primaryimage\"},\"thumbnailUrl\":\"https:\/\/www.myallmeeting.com\/wp-content\/uploads\/2020\/02\/Antibes.png\",\"datePublished\":\"2020-02-13T14:39:37+00:00\",\"dateModified\":\"2024-07-22T15:27:42+00:00\",\"breadcrumb\":{\"@id\":\"https:\/\/www.myallmeeting.com\/pt-pt\/article\/um-seminario-com-vista-para-o-mediterraneo\/#breadcrumb\"},\"inLanguage\":\"pt-PT\",\"potentialAction\":[{\"@type\":\"ReadAction\",\"target\":[\"https:\/\/www.myallmeeting.com\/pt-pt\/article\/um-seminario-com-vista-para-o-mediterraneo\/\"]}]},{\"@type\":\"ImageObject\",\"inLanguage\":\"pt-PT\",\"@id\":\"https:\/\/www.myallmeeting.com\/pt-pt\/article\/um-seminario-com-vista-para-o-mediterraneo\/#primaryimage\",\"url\":\"https:\/\/www.myallmeeting.com\/wp-content\/uploads\/2020\/02\/Antibes.png\",\"contentUrl\":\"https:\/\/www.myallmeeting.com\/wp-content\/uploads\/2020\/02\/Antibes.png\",\"width\":1920,\"height\":570},{\"@type\":\"BreadcrumbList\",\"@id\":\"https:\/\/www.myallmeeting.com\/pt-pt\/article\/um-seminario-com-vista-para-o-mediterraneo\/#breadcrumb\",\"itemListElement\":[{\"@type\":\"ListItem\",\"position\":1,\"name\":\"P\u00e1gina inicial\",\"item\":\"https:\/\/myallmeeting.com\/pt-pt\/\"},{\"@type\":\"ListItem\",\"position\":2,\"name\":\"Not\u00edcias\",\"item\":\"https:\/\/www.myallmeeting.com\/pt-pt\/noticias\/\"},{\"@type\":\"ListItem\",\"position\":3,\"name\":\"Um semin\u00e1rio com vista para o Mediterr\u00e2neo\u00a0\"}]},{\"@type\":\"WebSite\",\"@id\":\"https:\/\/www.myallmeeting.com\/pt-pt\/#website\",\"url\":\"https:\/\/www.myallmeeting.com\/pt-pt\/\",\"name\":\"Accor MyAllMeeting.com\",\"description\":\"Les Meilleurs lieux pour vos Ev\u00e9nements Professionnels\",\"publisher\":{\"@id\":\"https:\/\/www.myallmeeting.com\/pt-pt\/#organization\"},\"potentialAction\":[{\"@type\":\"SearchAction\",\"target\":{\"@type\":\"EntryPoint\",\"urlTemplate\":\"https:\/\/www.myallmeeting.com\/pt-pt\/?s={search_term_string}\"},\"query-input\":{\"@type\":\"PropertyValueSpecification\",\"valueRequired\":true,\"valueName\":\"search_term_string\"}}],\"inLanguage\":\"pt-PT\"},{\"@type\":\"Organization\",\"@id\":\"https:\/\/www.myallmeeting.com\/pt-pt\/#organization\",\"name\":\"ACCOR\",\"url\":\"https:\/\/www.myallmeeting.com\/pt-pt\/\",\"logo\":{\"@type\":\"ImageObject\",\"inLanguage\":\"pt-PT\",\"@id\":\"https:\/\/www.myallmeeting.com\/pt-pt\/#\/schema\/logo\/image\/\",\"url\":\"\",\"contentUrl\":\"\",\"caption\":\"ACCOR\"},\"image\":{\"@id\":\"https:\/\/www.myallmeeting.com\/pt-pt\/#\/schema\/logo\/image\/\"}}]}<\/script>","yoast_head_json":{"title":"Um semin\u00e1rio com vista para o Mediterr\u00e2neo\u00a0 - Accor MyAllMeeting.com","robots":{"index":"index","follow":"follow","max-snippet":"max-snippet:-1","max-image-preview":"max-image-preview:large","max-video-preview":"max-video-preview:-1"},"canonical":"https:\/\/www.myallmeeting.com\/pt-pt\/wp-json\/wp\/v2\/article\/16037562","og_locale":"pt_PT","og_type":"article","og_title":"Um semin\u00e1rio com vista para o Mediterr\u00e2neo\u00a0 - Accor MyAllMeeting.com","og_url":"https:\/\/www.myallmeeting.com\/pt-pt\/article\/um-seminario-com-vista-para-o-mediterraneo\/","og_site_name":"Accor MyAllMeeting.com","article_modified_time":"2024-07-22T15:27:42+00:00","og_image":[{"width":1024,"height":304,"url":"http:\/\/myallmeeting.com\/wp-content\/uploads\/2020\/02\/Antibes-1024x304.png","type":"image\/png"}],"twitter_card":"summary_large_image","twitter_misc":{"Est. reading time":"4 minutes"},"schema":{"@context":"https:\/\/schema.org","@graph":[{"@type":"WebPage","@id":"https:\/\/www.myallmeeting.com\/pt-pt\/article\/um-seminario-com-vista-para-o-mediterraneo\/","url":"https:\/\/www.myallmeeting.com\/pt-pt\/article\/um-seminario-com-vista-para-o-mediterraneo\/","name":"Um semin\u00e1rio com vista para o Mediterr\u00e2neo\u00a0 - Accor MyAllMeeting.com","isPartOf":{"@id":"https:\/\/www.myallmeeting.com\/pt-pt\/#website"},"primaryImageOfPage":{"@id":"https:\/\/www.myallmeeting.com\/pt-pt\/article\/um-seminario-com-vista-para-o-mediterraneo\/#primaryimage"},"image":{"@id":"https:\/\/www.myallmeeting.com\/pt-pt\/article\/um-seminario-com-vista-para-o-mediterraneo\/#primaryimage"},"thumbnailUrl":"https:\/\/www.myallmeeting.com\/wp-content\/uploads\/2020\/02\/Antibes.png","datePublished":"2020-02-13T14:39:37+00:00","dateModified":"2024-07-22T15:27:42+00:00","breadcrumb":{"@id":"https:\/\/www.myallmeeting.com\/pt-pt\/article\/um-seminario-com-vista-para-o-mediterraneo\/#breadcrumb"},"inLanguage":"pt-PT","potentialAction":[{"@type":"ReadAction","target":["https:\/\/www.myallmeeting.com\/pt-pt\/article\/um-seminario-com-vista-para-o-mediterraneo\/"]}]},{"@type":"ImageObject","inLanguage":"pt-PT","@id":"https:\/\/www.myallmeeting.com\/pt-pt\/article\/um-seminario-com-vista-para-o-mediterraneo\/#primaryimage","url":"https:\/\/www.myallmeeting.com\/wp-content\/uploads\/2020\/02\/Antibes.png","contentUrl":"https:\/\/www.myallmeeting.com\/wp-content\/uploads\/2020\/02\/Antibes.png","width":1920,"height":570},{"@type":"BreadcrumbList","@id":"https:\/\/www.myallmeeting.com\/pt-pt\/article\/um-seminario-com-vista-para-o-mediterraneo\/#breadcrumb","itemListElement":[{"@type":"ListItem","position":1,"name":"P\u00e1gina inicial","item":"https:\/\/myallmeeting.com\/pt-pt\/"},{"@type":"ListItem","position":2,"name":"Not\u00edcias","item":"https:\/\/www.myallmeeting.com\/pt-pt\/noticias\/"},{"@type":"ListItem","position":3,"name":"Um semin\u00e1rio com vista para o Mediterr\u00e2neo\u00a0"}]},{"@type":"WebSite","@id":"https:\/\/www.myallmeeting.com\/pt-pt\/#website","url":"https:\/\/www.myallmeeting.com\/pt-pt\/","name":"Accor MyAllMeeting.com","description":"Les Meilleurs lieux pour vos Ev\u00e9nements Professionnels","publisher":{"@id":"https:\/\/www.myallmeeting.com\/pt-pt\/#organization"},"potentialAction":[{"@type":"SearchAction","target":{"@type":"EntryPoint","urlTemplate":"https:\/\/www.myallmeeting.com\/pt-pt\/?s={search_term_string}"},"query-input":{"@type":"PropertyValueSpecification","valueRequired":true,"valueName":"search_term_string"}}],"inLanguage":"pt-PT"},{"@type":"Organization","@id":"https:\/\/www.myallmeeting.com\/pt-pt\/#organization","name":"ACCOR","url":"https:\/\/www.myallmeeting.com\/pt-pt\/","logo":{"@type":"ImageObject","inLanguage":"pt-PT","@id":"https:\/\/www.myallmeeting.com\/pt-pt\/#\/schema\/logo\/image\/","url":"","contentUrl":"","caption":"ACCOR"},"image":{"@id":"https:\/\/www.myallmeeting.com\/pt-pt\/#\/schema\/logo\/image\/"}}]}},"_links":{"self":[{"href":"https:\/\/www.myallmeeting.com\/pt-pt\/wp-json\/wp\/v2\/article\/16037562","targetHints":{"allow":["GET"]}}],"collection":[{"href":"https:\/\/www.myallmeeting.com\/pt-pt\/wp-json\/wp\/v2\/article"}],"about":[{"href":"https:\/\/www.myallmeeting.com\/pt-pt\/wp-json\/wp\/v2\/types\/article"}],"wp:featuredmedia":[{"embeddable":true,"href":"https:\/\/www.myallmeeting.com\/pt-pt\/wp-json\/wp\/v2\/media\/16004694"}],"wp:attachment":[{"href":"https:\/\/www.myallmeeting.com\/pt-pt\/wp-json\/wp\/v2\/media?parent=16037562"}],"wp:term":[{"taxonomy":"periscope_categorie_tax","embeddable":true,"href":"https:\/\/www.myallmeeting.com\/pt-pt\/wp-json\/wp\/v2\/periscope_categorie_tax?post=16037562"}],"curies":[{"name":"wp","href":"https:\/\/api.w.org\/{rel}","templated":true}]}}