{"id":16037534,"date":"2020-04-14T10:15:30","date_gmt":"2020-04-14T08:15:30","guid":{"rendered":"https:\/\/myallmeeting.com\/article\/un-seminaire-au-pays-des-cigales\/"},"modified":"2024-07-16T17:34:36","modified_gmt":"2024-07-16T15:34:36","slug":"um-seminario-no-sul-da-franca","status":"publish","type":"article","link":"https:\/\/www.myallmeeting.com\/pt-pt\/article\/um-seminario-no-sul-da-franca\/","title":{"rendered":"Um semin\u00e1rio no sul da Fran\u00e7a\u00a0"},"content":{"rendered":"<!-- START OF : Composant : block-periscope-theme-section-composant-25-texte-cta-2-images.php -->\n<div class=\"tcta2ia bg-white fs-wysiwyg mb-lg-12\" data-component=\"25-texte-cta-2-images\">\n\t<div class=\"tcta2ia__top\">\n\t\t<div class=\"container-fluid\" style=\"--bs-gutter-x: 0\">\n\t\t\t<div class=\"row\" style=\"--bs-gutter-x: 0\">\n\t\t\t\t<div class=\"col-lg-8\">\n\t\t\t\t\t\t\t\t\t\t<div class=\"bloc-mise-en-avant__top__left\">\n\t\t\t\t\t\t<img decoding=\"async\" src=\"https:\/\/www.myallmeeting.com\/wp-content\/uploads\/2020\/04\/5790-47-1268x846.jpg\" class=\"pe-2 pe-lg-0\" width=\"1268\" height=\"846\" alt=\"\" loading=\"lazy\" \/>\n\t\t\t\t\t<\/div>\n\t\t\t\t\t\t\t\t\t\t<div class=\"tcta2ia__bottom d-none d-lg-block pb-12 pt-lg-9 pb-lg-0 pe-lg-10\">\n\t\t\t\t\t\t\t\t\t\t\t\t<h2 class=\"fs-20 fs-lg-32 fw-semibold\">Grand H\u00f4tel Roi Ren\u00e9 Aix-en-Provence Centre \u2013 MGallery<\/h2>\n\t\t\t\t\t\t\t\t\t\t\t\t\t\t\t\t\t\t<div class=\"fs-wysiwyg\"><p><span data-contrast=\"none\">Com a sua pedra dourada, mans\u00f5es e fontes\u2026 <strong>Aix-en-Provence<\/strong> \u00e9 uma cidade para deambular com gosto. A antiga capital da Proven\u00e7a exala uma <strong>opul\u00eancia discreta, sendo o cen\u00e1rio ideal para um semin\u00e1rio de alto n\u00edvel.<\/strong><\/span><strong>\u00a0<\/strong><\/p>\n<p><span data-contrast=\"none\">No cora\u00e7\u00e3o da cidade, perto do Cours Mirabeau, o <a href=\"https:\/\/myallmeeting.com\/pt-pt\/hotel\/1169-gh-roi-rene-mgallery\/\">hotel de 4 estrelas MGallery<\/a>, nomeado em homenagem ao famoso rei Ren\u00e9 (de Anjou!), tem todas as vantagens para a sua organiza\u00e7\u00e3o. Primeiro, <strong>nove salas de reuni\u00e3o<\/strong>, a maior delas capazes de receber at\u00e9 80 pessoas, al\u00e9m de <strong>134 quartos luminosos e confort\u00e1veis<\/strong>, uma piscina exterior aquecida, uma sala de fitness e, finalmente, La Table du Roi, o restaurante onde pode saborear especialidades proven\u00e7ais no seu p\u00e1tio ou jardim de inverno, dependendo da esta\u00e7\u00e3o.<\/span><span data-ccp-props=\"{&quot;201341983&quot;:0,&quot;335551550&quot;:6,&quot;335551620&quot;:6,&quot;335557856&quot;:16119028,&quot;335559739&quot;:165,&quot;335559740&quot;:240}\">\u00a0<\/span><\/p>\n<\/div>\n\t\t\t\t\t\t\t\t\t\t\t\t<div class=\"d-flex flex-column flex-lg-row align-items-center gap-5 gap-lg-8 justify-content-between\">\n\t\t\t\t\t\t\t<div class=\"fs-20 fs-lg-26 fw-semibold lh-xs\"><\/div>\n\t\t\t\t\t\t\t\t\t\t\t\t\t<\/div>\n\t\t\t\t\t<\/div>\n\t\t\t\t<\/div>\n\t\t\t\t<div class=\"col-lg-4\">\n\t\t\t\t\t<div class=\"tcta2ia__top__right t-0 r-0 bg-primary text-white pt-4 pb-4 px-2 pt-lg-8 pb-lg-16 px-lg-11 pb-xl-30\">\n\t\t\t\t\t\t\t\t\t\t\t\t\t\t\t\t\t\t<h2 class=\"unna fs-36 fs-lg-51 fs-xl-75 fs-italic fw-normal text-secondary\">Um semin\u00e1rio no sul da Fran\u00e7a <\/h2>\n\t\t\t\t\t\t\t\t\t\t\t\t\t\t\t\t\t\t<h3 class=\"text-white fs-18 fs-lg-20 fs-xl-28 text-original-case\">Quando se pensa na Proven\u00e7a, v\u00eam \u00e0 mente o mar, o sol, a lavanda, o pastis e o canto das cigarras\u2026<\/h3>\n\t\t\t\t\t\t\t\t\t\t\t\t\t\t\t\t\t\t<div class=\"fs-wysiwyg mb-4 fs-lg-16 fs-xl-20\"><p><span data-contrast=\"none\" xml:lang=\"PT-PT\" lang=\"PT-PT\" class=\"TextRun SCXW260716969 BCX0\"><span class=\"NormalTextRun SCXW260716969 BCX0\">Al\u00e9m dos estere\u00f3tipos, esta regi\u00e3o, <strong>facilmente acess\u00edvel atrav\u00e9s do seu aeroporto e das linhas de TGV<\/strong>, oferece <strong>uma intensa vida econ\u00f3mica e cultural,<\/strong> sendo um centro de organiza\u00e7\u00e3o de muitos eventos internacionais. Aqui est\u00e1 a sele\u00e7\u00e3o de 4 destinos onde pode instalar os seus computadores:<\/span><\/span><\/p>\n<\/div>\n\t\t\t\t\t\t\t\t\t\t\t\t\t\t\t\t\t\t\t\t\t\t\t\t<p class=\"m-0\"><img decoding=\"async\" src=\"https:\/\/www.myallmeeting.com\/wp-content\/uploads\/2020\/04\/3221-43-633x398.jpg\" class=\"position-relative l-0\" width=\"633\" height=\"398\" alt=\"\" loading=\"lazy\" \/><\/p>\n\t\t\t\t\t\t\t\t\t\t\t<\/div>\n\t\t\t\t<\/div>\n\t\t\t<\/div>\n\t\t<\/div>\n\t<\/div>\n\t<div class=\"tcta2ia__bottom d-lg-none pb-12 py-lg-9 pe-lg-10\">\n\t\t\t\t<div class=\"h2 fs-20 fs-lg-32 fw-semibold\">Grand H\u00f4tel Roi Ren\u00e9 Aix-en-Provence Centre \u2013 MGallery<\/div>\n\t\t\t\t\t\t<div class=\"fs-wysiwyg\"><p><span data-contrast=\"none\">Com a sua pedra dourada, mans\u00f5es e fontes\u2026 <strong>Aix-en-Provence<\/strong> \u00e9 uma cidade para deambular com gosto. A antiga capital da Proven\u00e7a exala uma <strong>opul\u00eancia discreta, sendo o cen\u00e1rio ideal para um semin\u00e1rio de alto n\u00edvel.<\/strong><\/span><strong>\u00a0<\/strong><\/p>\n<p><span data-contrast=\"none\">No cora\u00e7\u00e3o da cidade, perto do Cours Mirabeau, o <a href=\"https:\/\/myallmeeting.com\/pt-pt\/hotel\/1169-gh-roi-rene-mgallery\/\">hotel de 4 estrelas MGallery<\/a>, nomeado em homenagem ao famoso rei Ren\u00e9 (de Anjou!), tem todas as vantagens para a sua organiza\u00e7\u00e3o. Primeiro, <strong>nove salas de reuni\u00e3o<\/strong>, a maior delas capazes de receber at\u00e9 80 pessoas, al\u00e9m de <strong>134 quartos luminosos e confort\u00e1veis<\/strong>, uma piscina exterior aquecida, uma sala de fitness e, finalmente, La Table du Roi, o restaurante onde pode saborear especialidades proven\u00e7ais no seu p\u00e1tio ou jardim de inverno, dependendo da esta\u00e7\u00e3o.<\/span><span data-ccp-props=\"{&quot;201341983&quot;:0,&quot;335551550&quot;:6,&quot;335551620&quot;:6,&quot;335557856&quot;:16119028,&quot;335559739&quot;:165,&quot;335559740&quot;:240}\">\u00a0<\/span><\/p>\n<\/div>\n\t\t\t\t<div class=\"d-flex flex-column flex-lg-row align-items-center gap-5 gap-lg-8 justify-content-between\">\n\t\t\t<div class=\"fs-20 fs-lg-26 fw-semibold lh-xs\"><\/div>\n\t\t\t\t\t<\/div>\n\t<\/div>\n<\/div>\n<!-- END OF : Composant : block-periscope-theme-section-composant-25-texte-cta-2-images.php -->\n\n\n<!-- START OF : Composant : block-periscope-theme-section-composant-33-texte-image.php -->\n<div class=\"text-image fs-wysiwyg mb-8 mb-lg-12\" data-component=\"33-texte-image\">\n\t<div class=\"container-fluid\" style=\"--bs-gutter-x: 0\">\n\t\t<div class=\"row\" style=\"--bs-gutter-x: 0\">\n\t\t\t\t\t\t<div class=\"col-lg-6 mb-7 mb-lg-0\">\n\t\t\t\t<img decoding=\"async\" src=\"https:\/\/www.myallmeeting.com\/wp-content\/uploads\/2020\/04\/6096-09-953x600.jpg\" width=\"953\" height=\"600\" alt=\"\" loading=\"lazy\" class=\"w-100\" \/>\n\t\t\t<\/div>\n\t\t\t\t\t\t<div class=\"col-lg-6\">\n\t\t\t\t<div class=\"text-image__content\">\n\t\t\t\t\t\t\t\t\t\t<div class=\"fw-semibold lh-xs fs-20 fs-lg-32 ls--25 mb-5\">Sofitel Marseille Vieux-Port<\/div>\n\t\t\t\t\t\t\t\t\t\t\t\t\t\t\t<div class=\"fs-wysiwyg\">\n\t\t\t\t\t\t<p><span data-contrast=\"none\">Com muitos centros de congressos e uma vida cultural vibrante, <strong>Marselha<\/strong> exibe um dinamismo not\u00e1vel. A sua silhueta recortada sobre o Mediterr\u00e2neo pode ser admirada do alto da cidade, no local de Notre-Dame-de-la-Garde. Quanto \u00e0 vista, o hotel de <strong>5 estrelas<\/strong> <a href=\"https:\/\/myallmeeting.com\/pt-pt\/hotel\/0542-sofitel-marseille-vieux-port\/\"><strong>Sofitel Marseille Vieux-Port <\/strong><\/a>n\u00e3o fica para tr\u00e1s! O hotel, que domina o antigo porto, possui um<strong> terra\u00e7o de 100 m\u00b2<\/strong>; o seu bar abre-se para um terra\u00e7o de 150 m\u00b2 e dos seus <strong>134 quartos<\/strong>, 24 tamb\u00e9m t\u00eam um terra\u00e7o!<\/span><span data-ccp-props=\"{&quot;201341983&quot;:0,&quot;335551550&quot;:6,&quot;335551620&quot;:6,&quot;335557856&quot;:16119028,&quot;335559739&quot;:165,&quot;335559740&quot;:240}\">\u00a0<\/span><\/p>\n<p><span data-contrast=\"none\">O<strong> restaurante gastron\u00f3mico Les Trois Forts <\/strong>\u00e9 liderado por um mestre cozinheiro da Fran\u00e7a. O local perfeito para um semin\u00e1rio executivo, por exemplo, com<strong> sete salas de reuni\u00e3o que podem acomodar at\u00e9 220 pessoas<\/strong>, e um <strong>interlocutor privilegiado<\/strong> para organizar tudo.<\/span><span data-ccp-props=\"{&quot;201341983&quot;:0,&quot;335551550&quot;:6,&quot;335551620&quot;:6,&quot;335557856&quot;:16119028,&quot;335559739&quot;:165,&quot;335559740&quot;:240}\">\u00a0<\/span><\/p>\n\t\t\t\t\t<\/div>\n\t\t\t\t\t\t\t\t\t<\/div>\n\t\t\t<\/div>        \n\t\t<\/div>\n\t<\/div>\n<\/div>\n<!-- END OF : Composant : block-periscope-theme-section-composant-33-texte-image.php -->\n\n\n<!-- START OF : Composant : block-periscope-theme-section-composant-33-texte-image.php -->\n<!-- INVERSE -->\n<div class=\"text-image fs-wysiwyg mb-8 mb-lg-12\" data-component=\"33-texte-image\" data-reverse=\"oui\">\n\t<div class=\"container-fluid\" style=\"--bs-gutter-x: 0\">\n\t\t<div class=\"row\" style=\"--bs-gutter-x: 0\">\n\t\t\t<div class=\"col-lg-6\">\n\t\t\t\t<div class=\"text-image__content\">\n\t\t\t\t\t\t\t\t\t\t<div class=\"fw-semibold lh-xs fs-20 fs-lg-32 ls--25 mb-5\">Mercure Brignoles Golf de Barbaroux &amp; Spa<\/div>\n\t\t\t\t\t\t\t\t\t\t\t\t\t\t\t<div class=\"fs-wysiwyg\">\n\t\t\t\t\t\t<p><span data-contrast=\"none\">Imagina um <strong>semin\u00e1rio desportivo e natural<\/strong>? Ent\u00e3o v\u00e1 para o <a href=\"https:\/\/myallmeeting.com\/pt-pt\/hotel\/8770-mercure-brignoles-golf-de-barbaroux-spa\/\">Mercure Brignoles Golf de Barbaroux &amp; Spa<\/a>. Localizado \u00e0s portas do Parque Natural Regional de Sainte-Baume, no cora\u00e7\u00e3o da floresta, este hotel de 4 estrelas com <strong>52 quartos<\/strong> oferece uma piscina, campo de t\u00e9nis, campo de <a href=\"https:\/\/myallmeeting.com\/pt-pt\/article\/top-8-des-hotels-sur-golf-chez-accor\/\">golfe<\/a>, spa\u2026 e claro, um restaurante e um bar!<\/span><span data-ccp-props=\"{&quot;201341983&quot;:0,&quot;335551550&quot;:6,&quot;335551620&quot;:6,&quot;335557856&quot;:16119028,&quot;335559739&quot;:165,&quot;335559740&quot;:240}\">\u00a0<\/span><\/p>\n<p><span data-contrast=\"none\">Condi\u00e7\u00f5es ideais para <strong>aumentar a efici\u00eancia das suas reuni\u00f5es<\/strong>, que podem ser realizadas em<strong> duas salas com capacidade m\u00e1xima para 200 pessoas.<\/strong> Para encerrar a sua estadia, n\u00e3o perca a visita \u00e0<strong> abadia de Thoronet<\/strong>, a apenas 20 minutos de carro. Este edif\u00edcio rom\u00e2nico, conclu\u00eddo no s\u00e9culo XIII, \u00e9 uma obra-prima de pureza e simplicidade que inspirou muitos arquitetos famosos, como Le Corbusier.<\/span><span data-ccp-props=\"{&quot;201341983&quot;:0,&quot;335551550&quot;:6,&quot;335551620&quot;:6,&quot;335557856&quot;:16119028,&quot;335559739&quot;:165,&quot;335559740&quot;:240}\">\u00a0<\/span><\/p>\n\t\t\t\t\t<\/div>\n\t\t\t\t\t\t\t\t\t<\/div>\n\t\t\t<\/div>    \n\t\t\t    \n\t\t\t<div class=\"col-lg-6 order-first order-lg-last mb-7 mb-lg-0\">\n\t\t\t\t<img decoding=\"async\" src=\"https:\/\/www.myallmeeting.com\/wp-content\/uploads\/2018\/08\/4787-65-953x600.jpg\" width=\"953\" height=\"600\" alt=\"hotels golf en france\" loading=\"lazy\" class=\"w-100\" \/>\n\t\t\t<\/div>\n\t\t\t\t\t<\/div>\n\t<\/div>\n<\/div>\n<!-- END OF : Composant : block-periscope-theme-section-composant-33-texte-image.php -->\n\n\n<!-- START OF : Composant : block-periscope-theme-section-composant-33-texte-image.php -->\n<div class=\"text-image fs-wysiwyg mb-8 mb-lg-12\" data-component=\"33-texte-image\">\n\t<div class=\"container-fluid\" style=\"--bs-gutter-x: 0\">\n\t\t<div class=\"row\" style=\"--bs-gutter-x: 0\">\n\t\t\t\t\t\t<div class=\"col-lg-6 mb-7 mb-lg-0\">\n\t\t\t\t<img decoding=\"async\" src=\"https:\/\/www.myallmeeting.com\/wp-content\/uploads\/2020\/04\/4174-71-953x600.jpg\" width=\"953\" height=\"600\" alt=\"\" loading=\"lazy\" class=\"w-100\" \/>\n\t\t\t<\/div>\n\t\t\t\t\t\t<div class=\"col-lg-6\">\n\t\t\t\t<div class=\"text-image__content\">\n\t\t\t\t\t\t\t\t\t\t<div class=\"fw-semibold lh-xs fs-20 fs-lg-32 ls--25 mb-5\">Ibis La Ciotat<\/div>\n\t\t\t\t\t\t\t\t\t\t\t\t\t\t\t<div class=\"fs-wysiwyg\">\n\t\t\t\t\t\t<p><span data-contrast=\"none\">O <a href=\"https:\/\/myallmeeting.com\/pt-pt\/hotel\/5484-ibis-la-ciotat\/\">Ibis La Ciotat<\/a> recebe-o no<strong> cora\u00e7\u00e3o do centro de neg\u00f3cios Ath\u00e9lia<\/strong> e a suas 300 empresas. Uma proximidade que pode ser essencial para organizar reuni\u00f5es de trabalho e expandir os seus neg\u00f3cios na regi\u00e3o.<\/span><span data-ccp-props=\"{&quot;201341983&quot;:0,&quot;335551550&quot;:6,&quot;335551620&quot;:6,&quot;335557856&quot;:16119028,&quot;335559739&quot;:165,&quot;335559740&quot;:240}\">\u00a0<\/span><\/p>\n<p><span data-contrast=\"none\">O hotel, com <strong>86 quartos,<\/strong> oferece <strong>quatro salas de reuni\u00e3o<\/strong>, das quais tr\u00eas podem ser combinadas para acomodar at\u00e9 140 pessoas, al\u00e9m de um restaurante, bar\u2026 e uma piscina aquecida!<\/span><span data-ccp-props=\"{&quot;201341983&quot;:0,&quot;335551550&quot;:6,&quot;335551620&quot;:6,&quot;335557856&quot;:16119028,&quot;335559739&quot;:165,&quot;335559740&quot;:240}\">\u00a0<\/span><\/p>\n<p><span data-contrast=\"none\">Porque depois de um dia de trabalho intenso, \u00e9 hora de relaxar! Ir\u00e1 apreciar a <strong>proximidade das praias, especialmente as Calanques,<\/strong> que esculpem as margens do Mediterr\u00e2neo, um para\u00edso para os caminhantes. Como se sabe, nada melhor do que uma boa caminhada para esticar as pernas!<\/span><span data-ccp-props=\"{&quot;201341983&quot;:0,&quot;335551550&quot;:6,&quot;335551620&quot;:6,&quot;335557856&quot;:16119028,&quot;335559739&quot;:165,&quot;335559740&quot;:240}\">\u00a0<\/span><\/p>\n\t\t\t\t\t<\/div>\n\t\t\t\t\t\t\t\t\t<\/div>\n\t\t\t<\/div>        \n\t\t<\/div>\n\t<\/div>\n<\/div>\n<!-- END OF : Composant : block-periscope-theme-section-composant-33-texte-image.php -->\n","protected":false},"excerpt":{"rendered":"","protected":false},"featured_media":16003304,"menu_order":0,"template":"","periscope_categorie_tax":[3515],"class_list":["post-16037534","article","type-article","status-publish","has-post-thumbnail","hentry","periscope_categorie_tax-tous-nos-tops-selections-pt-pt"],"acf":[],"yoast_head":"<title>Um semin\u00e1rio no sul da Fran\u00e7a\u00a0 - Accor MyAllMeeting.com<\/title>\n<meta name=\"robots\" content=\"index, follow, max-snippet:-1, max-image-preview:large, max-video-preview:-1\" \/>\n<link rel=\"canonical\" href=\"https:\/\/www.myallmeeting.com\/pt-pt\/wp-json\/wp\/v2\/article\/16037534\" \/>\n<meta property=\"og:locale\" content=\"pt_PT\" \/>\n<meta property=\"og:type\" content=\"article\" \/>\n<meta property=\"og:title\" content=\"Um semin\u00e1rio no sul da Fran\u00e7a\u00a0 - Accor MyAllMeeting.com\" \/>\n<meta property=\"og:url\" content=\"https:\/\/www.myallmeeting.com\/pt-pt\/article\/um-seminario-no-sul-da-franca\/\" \/>\n<meta property=\"og:site_name\" content=\"Accor MyAllMeeting.com\" \/>\n<meta property=\"article:modified_time\" content=\"2024-07-16T15:34:36+00:00\" \/>\n<meta property=\"og:image\" content=\"http:\/\/myallmeeting.com\/wp-content\/uploads\/2020\/04\/Provence-1024x304.png\" \/>\n\t<meta property=\"og:image:width\" content=\"1024\" \/>\n\t<meta property=\"og:image:height\" content=\"304\" \/>\n\t<meta property=\"og:image:type\" content=\"image\/png\" \/>\n<meta name=\"twitter:card\" content=\"summary_large_image\" \/>\n<meta name=\"twitter:label1\" content=\"Est. reading time\" \/>\n\t<meta name=\"twitter:data1\" content=\"5 minutes\" \/>\n<script type=\"application\/ld+json\" class=\"yoast-schema-graph\">{\"@context\":\"https:\/\/schema.org\",\"@graph\":[{\"@type\":\"WebPage\",\"@id\":\"https:\/\/www.myallmeeting.com\/pt-pt\/article\/um-seminario-no-sul-da-franca\/\",\"url\":\"https:\/\/www.myallmeeting.com\/pt-pt\/article\/um-seminario-no-sul-da-franca\/\",\"name\":\"Um semin\u00e1rio no sul da Fran\u00e7a\u00a0 - Accor MyAllMeeting.com\",\"isPartOf\":{\"@id\":\"https:\/\/www.myallmeeting.com\/pt-pt\/#website\"},\"primaryImageOfPage\":{\"@id\":\"https:\/\/www.myallmeeting.com\/pt-pt\/article\/um-seminario-no-sul-da-franca\/#primaryimage\"},\"image\":{\"@id\":\"https:\/\/www.myallmeeting.com\/pt-pt\/article\/um-seminario-no-sul-da-franca\/#primaryimage\"},\"thumbnailUrl\":\"https:\/\/www.myallmeeting.com\/wp-content\/uploads\/2020\/04\/Provence.png\",\"datePublished\":\"2020-04-14T08:15:30+00:00\",\"dateModified\":\"2024-07-16T15:34:36+00:00\",\"breadcrumb\":{\"@id\":\"https:\/\/www.myallmeeting.com\/pt-pt\/article\/um-seminario-no-sul-da-franca\/#breadcrumb\"},\"inLanguage\":\"pt-PT\",\"potentialAction\":[{\"@type\":\"ReadAction\",\"target\":[\"https:\/\/www.myallmeeting.com\/pt-pt\/article\/um-seminario-no-sul-da-franca\/\"]}]},{\"@type\":\"ImageObject\",\"inLanguage\":\"pt-PT\",\"@id\":\"https:\/\/www.myallmeeting.com\/pt-pt\/article\/um-seminario-no-sul-da-franca\/#primaryimage\",\"url\":\"https:\/\/www.myallmeeting.com\/wp-content\/uploads\/2020\/04\/Provence.png\",\"contentUrl\":\"https:\/\/www.myallmeeting.com\/wp-content\/uploads\/2020\/04\/Provence.png\",\"width\":1920,\"height\":570},{\"@type\":\"BreadcrumbList\",\"@id\":\"https:\/\/www.myallmeeting.com\/pt-pt\/article\/um-seminario-no-sul-da-franca\/#breadcrumb\",\"itemListElement\":[{\"@type\":\"ListItem\",\"position\":1,\"name\":\"P\u00e1gina inicial\",\"item\":\"https:\/\/myallmeeting.com\/pt-pt\/\"},{\"@type\":\"ListItem\",\"position\":2,\"name\":\"Not\u00edcias\",\"item\":\"https:\/\/www.myallmeeting.com\/pt-pt\/noticias\/\"},{\"@type\":\"ListItem\",\"position\":3,\"name\":\"Um semin\u00e1rio no sul da Fran\u00e7a\u00a0\"}]},{\"@type\":\"WebSite\",\"@id\":\"https:\/\/www.myallmeeting.com\/pt-pt\/#website\",\"url\":\"https:\/\/www.myallmeeting.com\/pt-pt\/\",\"name\":\"Accor MyAllMeeting.com\",\"description\":\"Les Meilleurs lieux pour vos Ev\u00e9nements Professionnels\",\"publisher\":{\"@id\":\"https:\/\/www.myallmeeting.com\/pt-pt\/#organization\"},\"potentialAction\":[{\"@type\":\"SearchAction\",\"target\":{\"@type\":\"EntryPoint\",\"urlTemplate\":\"https:\/\/www.myallmeeting.com\/pt-pt\/?s={search_term_string}\"},\"query-input\":{\"@type\":\"PropertyValueSpecification\",\"valueRequired\":true,\"valueName\":\"search_term_string\"}}],\"inLanguage\":\"pt-PT\"},{\"@type\":\"Organization\",\"@id\":\"https:\/\/www.myallmeeting.com\/pt-pt\/#organization\",\"name\":\"ACCOR\",\"url\":\"https:\/\/www.myallmeeting.com\/pt-pt\/\",\"logo\":{\"@type\":\"ImageObject\",\"inLanguage\":\"pt-PT\",\"@id\":\"https:\/\/www.myallmeeting.com\/pt-pt\/#\/schema\/logo\/image\/\",\"url\":\"\",\"contentUrl\":\"\",\"caption\":\"ACCOR\"},\"image\":{\"@id\":\"https:\/\/www.myallmeeting.com\/pt-pt\/#\/schema\/logo\/image\/\"}}]}<\/script>","yoast_head_json":{"title":"Um semin\u00e1rio no sul da Fran\u00e7a\u00a0 - Accor MyAllMeeting.com","robots":{"index":"index","follow":"follow","max-snippet":"max-snippet:-1","max-image-preview":"max-image-preview:large","max-video-preview":"max-video-preview:-1"},"canonical":"https:\/\/www.myallmeeting.com\/pt-pt\/wp-json\/wp\/v2\/article\/16037534","og_locale":"pt_PT","og_type":"article","og_title":"Um semin\u00e1rio no sul da Fran\u00e7a\u00a0 - Accor MyAllMeeting.com","og_url":"https:\/\/www.myallmeeting.com\/pt-pt\/article\/um-seminario-no-sul-da-franca\/","og_site_name":"Accor MyAllMeeting.com","article_modified_time":"2024-07-16T15:34:36+00:00","og_image":[{"width":1024,"height":304,"url":"http:\/\/myallmeeting.com\/wp-content\/uploads\/2020\/04\/Provence-1024x304.png","type":"image\/png"}],"twitter_card":"summary_large_image","twitter_misc":{"Est. reading time":"5 minutes"},"schema":{"@context":"https:\/\/schema.org","@graph":[{"@type":"WebPage","@id":"https:\/\/www.myallmeeting.com\/pt-pt\/article\/um-seminario-no-sul-da-franca\/","url":"https:\/\/www.myallmeeting.com\/pt-pt\/article\/um-seminario-no-sul-da-franca\/","name":"Um semin\u00e1rio no sul da Fran\u00e7a\u00a0 - Accor MyAllMeeting.com","isPartOf":{"@id":"https:\/\/www.myallmeeting.com\/pt-pt\/#website"},"primaryImageOfPage":{"@id":"https:\/\/www.myallmeeting.com\/pt-pt\/article\/um-seminario-no-sul-da-franca\/#primaryimage"},"image":{"@id":"https:\/\/www.myallmeeting.com\/pt-pt\/article\/um-seminario-no-sul-da-franca\/#primaryimage"},"thumbnailUrl":"https:\/\/www.myallmeeting.com\/wp-content\/uploads\/2020\/04\/Provence.png","datePublished":"2020-04-14T08:15:30+00:00","dateModified":"2024-07-16T15:34:36+00:00","breadcrumb":{"@id":"https:\/\/www.myallmeeting.com\/pt-pt\/article\/um-seminario-no-sul-da-franca\/#breadcrumb"},"inLanguage":"pt-PT","potentialAction":[{"@type":"ReadAction","target":["https:\/\/www.myallmeeting.com\/pt-pt\/article\/um-seminario-no-sul-da-franca\/"]}]},{"@type":"ImageObject","inLanguage":"pt-PT","@id":"https:\/\/www.myallmeeting.com\/pt-pt\/article\/um-seminario-no-sul-da-franca\/#primaryimage","url":"https:\/\/www.myallmeeting.com\/wp-content\/uploads\/2020\/04\/Provence.png","contentUrl":"https:\/\/www.myallmeeting.com\/wp-content\/uploads\/2020\/04\/Provence.png","width":1920,"height":570},{"@type":"BreadcrumbList","@id":"https:\/\/www.myallmeeting.com\/pt-pt\/article\/um-seminario-no-sul-da-franca\/#breadcrumb","itemListElement":[{"@type":"ListItem","position":1,"name":"P\u00e1gina inicial","item":"https:\/\/myallmeeting.com\/pt-pt\/"},{"@type":"ListItem","position":2,"name":"Not\u00edcias","item":"https:\/\/www.myallmeeting.com\/pt-pt\/noticias\/"},{"@type":"ListItem","position":3,"name":"Um semin\u00e1rio no sul da Fran\u00e7a\u00a0"}]},{"@type":"WebSite","@id":"https:\/\/www.myallmeeting.com\/pt-pt\/#website","url":"https:\/\/www.myallmeeting.com\/pt-pt\/","name":"Accor MyAllMeeting.com","description":"Les Meilleurs lieux pour vos Ev\u00e9nements Professionnels","publisher":{"@id":"https:\/\/www.myallmeeting.com\/pt-pt\/#organization"},"potentialAction":[{"@type":"SearchAction","target":{"@type":"EntryPoint","urlTemplate":"https:\/\/www.myallmeeting.com\/pt-pt\/?s={search_term_string}"},"query-input":{"@type":"PropertyValueSpecification","valueRequired":true,"valueName":"search_term_string"}}],"inLanguage":"pt-PT"},{"@type":"Organization","@id":"https:\/\/www.myallmeeting.com\/pt-pt\/#organization","name":"ACCOR","url":"https:\/\/www.myallmeeting.com\/pt-pt\/","logo":{"@type":"ImageObject","inLanguage":"pt-PT","@id":"https:\/\/www.myallmeeting.com\/pt-pt\/#\/schema\/logo\/image\/","url":"","contentUrl":"","caption":"ACCOR"},"image":{"@id":"https:\/\/www.myallmeeting.com\/pt-pt\/#\/schema\/logo\/image\/"}}]}},"_links":{"self":[{"href":"https:\/\/www.myallmeeting.com\/pt-pt\/wp-json\/wp\/v2\/article\/16037534","targetHints":{"allow":["GET"]}}],"collection":[{"href":"https:\/\/www.myallmeeting.com\/pt-pt\/wp-json\/wp\/v2\/article"}],"about":[{"href":"https:\/\/www.myallmeeting.com\/pt-pt\/wp-json\/wp\/v2\/types\/article"}],"wp:featuredmedia":[{"embeddable":true,"href":"https:\/\/www.myallmeeting.com\/pt-pt\/wp-json\/wp\/v2\/media\/16003304"}],"wp:attachment":[{"href":"https:\/\/www.myallmeeting.com\/pt-pt\/wp-json\/wp\/v2\/media?parent=16037534"}],"wp:term":[{"taxonomy":"periscope_categorie_tax","embeddable":true,"href":"https:\/\/www.myallmeeting.com\/pt-pt\/wp-json\/wp\/v2\/periscope_categorie_tax?post=16037534"}],"curies":[{"name":"wp","href":"https:\/\/api.w.org\/{rel}","templated":true}]}}