{"id":16036977,"date":"2018-10-30T15:51:57","date_gmt":"2018-10-30T14:51:57","guid":{"rendered":"https:\/\/myallmeeting.com\/article\/top-10-de-nos-adresses-accor-au-coeur-des-plus-belles-montagnes-francaises\/"},"modified":"2024-07-16T16:58:16","modified_gmt":"2024-07-16T14:58:16","slug":"top-10-dos-nossos-enderecos-accor-no-coracao-das-mais-belas-montanhas-francesas","status":"publish","type":"article","link":"https:\/\/www.myallmeeting.com\/pt-pt\/article\/top-10-dos-nossos-enderecos-accor-no-coracao-das-mais-belas-montanhas-francesas\/","title":{"rendered":"Top 10 dos nossos endere\u00e7os Accor no cora\u00e7\u00e3o das mais belas montanhas francesas\u00a0\u00a0"},"content":{"rendered":"<!-- START OF : Composant : block-periscope-theme-section-composant-25-texte-cta-2-images.php -->\n<div class=\"tcta2ia bg-white fs-wysiwyg mb-lg-12\" data-component=\"25-texte-cta-2-images\">\n\t<div class=\"tcta2ia__top\">\n\t\t<div class=\"container-fluid\" style=\"--bs-gutter-x: 0\">\n\t\t\t<div class=\"row\" style=\"--bs-gutter-x: 0\">\n\t\t\t\t<div class=\"col-lg-8\">\n\t\t\t\t\t\t\t\t\t\t<div class=\"bloc-mise-en-avant__top__left\">\n\t\t\t\t\t\t<img decoding=\"async\" src=\"https:\/\/www.myallmeeting.com\/wp-content\/uploads\/2018\/10\/6488-50-1268x846.jpg\" class=\"pe-2 pe-lg-0\" width=\"1268\" height=\"846\" alt=\"s\u00e9minaire original\" loading=\"lazy\" \/>\n\t\t\t\t\t<\/div>\n\t\t\t\t\t\t\t\t\t\t<div class=\"tcta2ia__bottom d-none d-lg-block pb-12 pt-lg-9 pb-lg-0 pe-lg-10\">\n\t\t\t\t\t\t\t\t\t\t\t\t<h2 class=\"fs-20 fs-lg-32 fw-semibold\">Mercure Saint-Lary Sensoria<\/h2>\n\t\t\t\t\t\t\t\t\t\t\t\t\t\t\t\t\t\t<div class=\"fs-wysiwyg\"><p style=\"text-align: center;\"><em><span data-contrast=\"auto\" xml:lang=\"PT-PT\" lang=\"PT-PT\" class=\"TextRun SCXW224368282 BCX0\"><span class=\"NormalTextRun SCXW224368282 BCX0\" data-ccp-parastyle=\"Normal (Web)\">Uma localidade dos <\/span><span class=\"NormalTextRun SCXW224368282 BCX0\" data-ccp-parastyle=\"Normal (Web)\">Piren\u00e9us<\/span><span class=\"NormalTextRun SCXW224368282 BCX0\" data-ccp-parastyle=\"Normal (Web)\"> aberta para o Sudoeste franc\u00eas e Espanha<\/span><\/span><span class=\"EOP SCXW224368282 BCX0\" data-ccp-props=\"{&quot;134233117&quot;:true,&quot;134233118&quot;:true,&quot;201341983&quot;:0,&quot;335551550&quot;:2,&quot;335551620&quot;:2,&quot;335559739&quot;:160,&quot;335559740&quot;:240}\">\u00a0<\/span><\/em><\/p>\n<p><span data-contrast=\"auto\"><strong>No cora\u00e7\u00e3o dos Piren\u00e9us<\/strong>, n\u00e3o muito longe de Lourdes e acess\u00edvel a partir da esta\u00e7\u00e3o de Lannemezan e dos aeroportos de Tarbes, Toulouse e Pau, Saint-Lary tamb\u00e9m est\u00e1 pr\u00f3ximo da Espanha, atrav\u00e9s do t\u00fanel de Bielsa.<\/span><span data-ccp-props=\"{&quot;134233117&quot;:true,&quot;134233118&quot;:true,&quot;201341983&quot;:0,&quot;335559739&quot;:160,&quot;335559740&quot;:240}\">\u00a0<\/span><\/p>\n<p><span data-contrast=\"auto\"><a href=\"https:\/\/myallmeeting.com\/pt-pt\/hotel\/2904-hotel-mercure-de-saint-lary\/\">Este hotel<\/a> de <strong>65 quartos com varanda<\/strong> coloca os seus <strong>eventos profissionais<\/strong> num ambiente excecional, de frente para os majestosos<strong> maci\u00e7os dos Piren\u00e9us.<\/strong> As suas <strong>5 salas de reuni\u00e3o,<\/strong> com capacidade de <strong>7 a 120 pessoas<\/strong>, s\u00e3o ajust\u00e1veis e t\u00eam <strong>vista panor\u00e2mica<\/strong> para as montanhas. Um ambiente ideal para um <strong>semin\u00e1rio original da Accor.<\/strong><\/span><strong>\u00a0<\/strong><\/p>\n<p><span data-contrast=\"auto\">Para prolongar a experi\u00eancia profissional com momentos de <strong>relaxamento<\/strong>, o hotel disp\u00f5e de um <strong>espa\u00e7o termal e Spa Nuxe.<\/strong> E l\u00e1 fora, uma ampla gama de atividades espera por si: esqui de fundo ou alpino &#8211; o hotel fica a 50 metros dos telef\u00e9ricos mais pr\u00f3ximos -, aquagym e fitness. Mini-golfe, rafting ou at\u00e9 mesmo patinagem est\u00e3o tamb\u00e9m nas proximidades!<\/span><span data-ccp-props=\"{&quot;134233117&quot;:true,&quot;134233118&quot;:true,&quot;201341983&quot;:0,&quot;335559739&quot;:160,&quot;335559740&quot;:240}\">\u00a0<\/span><\/p>\n<\/div>\n\t\t\t\t\t\t\t\t\t\t\t\t<div class=\"d-flex flex-column flex-lg-row align-items-center gap-5 gap-lg-8 justify-content-between\">\n\t\t\t\t\t\t\t<div class=\"fs-20 fs-lg-26 fw-semibold lh-xs\"><\/div>\n\t\t\t\t\t\t\t\t\t\t\t\t\t<\/div>\n\t\t\t\t\t<\/div>\n\t\t\t\t<\/div>\n\t\t\t\t<div class=\"col-lg-4\">\n\t\t\t\t\t<div class=\"tcta2ia__top__right t-0 r-0 bg-primary text-white pt-4 pb-4 px-2 pt-lg-8 pb-lg-16 px-lg-11 pb-xl-30\">\n\t\t\t\t\t\t\t\t\t\t\t\t\t\t\t\t\t\t<h2 class=\"unna fs-36 fs-lg-51 fs-xl-75 fs-italic fw-normal text-secondary\">Top 10 dos nossos endere\u00e7os Accor no cora\u00e7\u00e3o das mais belas montanhas francesas  <\/h2>\n\t\t\t\t\t\t\t\t\t\t\t\t\t\t\t\t\t\t\t\t\t\t\t\t<div class=\"fs-wysiwyg mb-4 fs-lg-16 fs-xl-20\"><p><span data-contrast=\"auto\" xml:lang=\"PT-PT\" lang=\"PT-PT\" class=\"TextRun SCXW119616250 BCX0\"><span class=\"NormalTextRun SCXW119616250 BCX0\" data-ccp-parastyle=\"Normal (Web)\">Nos Alpes ou nos <\/span><span class=\"NormalTextRun SCXW119616250 BCX0\" data-ccp-parastyle=\"Normal (Web)\">Piren\u00e9us<\/span><span class=\"NormalTextRun SCXW119616250 BCX0\" data-ccp-parastyle=\"Normal (Web)\">, a Accor abre as portas de 10 locais excecionais para a organiza\u00e7\u00e3o dos seus semin\u00e1rios, reuni\u00f5es ou conven\u00e7\u00f5es num cen\u00e1rio deslumbrante.<\/span><\/span><span class=\"EOP SCXW119616250 BCX0\" data-ccp-props=\"{&quot;134233117&quot;:true,&quot;134233118&quot;:true,&quot;201341983&quot;:0,&quot;335559739&quot;:160,&quot;335559740&quot;:240}\">\u00a0<\/span><\/p>\n<\/div>\n\t\t\t\t\t\t\t\t\t\t\t\t\t\t\t\t\t\t\t\t\t\t\t\t<p class=\"m-0\"><img decoding=\"async\" src=\"https:\/\/www.myallmeeting.com\/wp-content\/uploads\/2018\/10\/2167-38-633x398.jpg\" class=\"position-relative l-0\" width=\"633\" height=\"398\" alt=\"s\u00e9minaire original salle\" loading=\"lazy\" \/><\/p>\n\t\t\t\t\t\t\t\t\t\t\t<\/div>\n\t\t\t\t<\/div>\n\t\t\t<\/div>\n\t\t<\/div>\n\t<\/div>\n\t<div class=\"tcta2ia__bottom d-lg-none pb-12 py-lg-9 pe-lg-10\">\n\t\t\t\t<div class=\"h2 fs-20 fs-lg-32 fw-semibold\">Mercure Saint-Lary Sensoria<\/div>\n\t\t\t\t\t\t<div class=\"fs-wysiwyg\"><p style=\"text-align: center;\"><em><span data-contrast=\"auto\" xml:lang=\"PT-PT\" lang=\"PT-PT\" class=\"TextRun SCXW224368282 BCX0\"><span class=\"NormalTextRun SCXW224368282 BCX0\" data-ccp-parastyle=\"Normal (Web)\">Uma localidade dos <\/span><span class=\"NormalTextRun SCXW224368282 BCX0\" data-ccp-parastyle=\"Normal (Web)\">Piren\u00e9us<\/span><span class=\"NormalTextRun SCXW224368282 BCX0\" data-ccp-parastyle=\"Normal (Web)\"> aberta para o Sudoeste franc\u00eas e Espanha<\/span><\/span><span class=\"EOP SCXW224368282 BCX0\" data-ccp-props=\"{&quot;134233117&quot;:true,&quot;134233118&quot;:true,&quot;201341983&quot;:0,&quot;335551550&quot;:2,&quot;335551620&quot;:2,&quot;335559739&quot;:160,&quot;335559740&quot;:240}\">\u00a0<\/span><\/em><\/p>\n<p><span data-contrast=\"auto\"><strong>No cora\u00e7\u00e3o dos Piren\u00e9us<\/strong>, n\u00e3o muito longe de Lourdes e acess\u00edvel a partir da esta\u00e7\u00e3o de Lannemezan e dos aeroportos de Tarbes, Toulouse e Pau, Saint-Lary tamb\u00e9m est\u00e1 pr\u00f3ximo da Espanha, atrav\u00e9s do t\u00fanel de Bielsa.<\/span><span data-ccp-props=\"{&quot;134233117&quot;:true,&quot;134233118&quot;:true,&quot;201341983&quot;:0,&quot;335559739&quot;:160,&quot;335559740&quot;:240}\">\u00a0<\/span><\/p>\n<p><span data-contrast=\"auto\"><a href=\"https:\/\/myallmeeting.com\/pt-pt\/hotel\/2904-hotel-mercure-de-saint-lary\/\">Este hotel<\/a> de <strong>65 quartos com varanda<\/strong> coloca os seus <strong>eventos profissionais<\/strong> num ambiente excecional, de frente para os majestosos<strong> maci\u00e7os dos Piren\u00e9us.<\/strong> As suas <strong>5 salas de reuni\u00e3o,<\/strong> com capacidade de <strong>7 a 120 pessoas<\/strong>, s\u00e3o ajust\u00e1veis e t\u00eam <strong>vista panor\u00e2mica<\/strong> para as montanhas. Um ambiente ideal para um <strong>semin\u00e1rio original da Accor.<\/strong><\/span><strong>\u00a0<\/strong><\/p>\n<p><span data-contrast=\"auto\">Para prolongar a experi\u00eancia profissional com momentos de <strong>relaxamento<\/strong>, o hotel disp\u00f5e de um <strong>espa\u00e7o termal e Spa Nuxe.<\/strong> E l\u00e1 fora, uma ampla gama de atividades espera por si: esqui de fundo ou alpino &#8211; o hotel fica a 50 metros dos telef\u00e9ricos mais pr\u00f3ximos -, aquagym e fitness. Mini-golfe, rafting ou at\u00e9 mesmo patinagem est\u00e3o tamb\u00e9m nas proximidades!<\/span><span data-ccp-props=\"{&quot;134233117&quot;:true,&quot;134233118&quot;:true,&quot;201341983&quot;:0,&quot;335559739&quot;:160,&quot;335559740&quot;:240}\">\u00a0<\/span><\/p>\n<\/div>\n\t\t\t\t<div class=\"d-flex flex-column flex-lg-row align-items-center gap-5 gap-lg-8 justify-content-between\">\n\t\t\t<div class=\"fs-20 fs-lg-26 fw-semibold lh-xs\"><\/div>\n\t\t\t\t\t<\/div>\n\t<\/div>\n<\/div>\n<!-- END OF : Composant : block-periscope-theme-section-composant-25-texte-cta-2-images.php -->\n\n\n<!-- START OF : Composant : block-periscope-theme-section-composant-33-texte-image.php -->\n<div class=\"text-image fs-wysiwyg mb-8 mb-lg-12\" data-component=\"33-texte-image\">\n\t<div class=\"container-fluid\" style=\"--bs-gutter-x: 0\">\n\t\t<div class=\"row\" style=\"--bs-gutter-x: 0\">\n\t\t\t\t\t\t<div class=\"col-lg-6 mb-7 mb-lg-0\">\n\t\t\t\t<img decoding=\"async\" src=\"https:\/\/www.myallmeeting.com\/wp-content\/uploads\/2018\/10\/Mercure-Loudenvielle-Pyrenees-Peyragudes-4-953x600.jpg\" width=\"953\" height=\"600\" alt=\"s\u00e9minaire original\" loading=\"lazy\" class=\"w-100\" \/>\n\t\t\t<\/div>\n\t\t\t\t\t\t<div class=\"col-lg-6\">\n\t\t\t\t<div class=\"text-image__content\">\n\t\t\t\t\t\t\t\t\t\t<div class=\"fw-semibold lh-xs fs-20 fs-lg-32 ls--25 mb-5\">Mercure Peyragudes Loudenvielle Pyr\u00e9n\u00e9es <\/div>\n\t\t\t\t\t\t\t\t\t\t\t\t\t\t\t<div class=\"fs-wysiwyg\">\n\t\t\t\t\t\t<p style=\"text-align: center;\"><em><span data-contrast=\"auto\" xml:lang=\"PT-PT\" lang=\"PT-PT\" class=\"TextRun SCXW258096273 BCX0\"><span class=\"NormalTextRun SCXW258096273 BCX0\" data-ccp-parastyle=\"Normal (Web)\">O encanto dos lagos e montanhas dos <\/span><span class=\"NormalTextRun SCXW258096273 BCX0\" data-ccp-parastyle=\"Normal (Web)\">Piren\u00e9us<\/span><\/span><span class=\"EOP SCXW258096273 BCX0\" data-ccp-props=\"{&quot;134233117&quot;:true,&quot;134233118&quot;:true,&quot;201341983&quot;:0,&quot;335551550&quot;:2,&quot;335551620&quot;:2,&quot;335559739&quot;:160,&quot;335559740&quot;:240}\">\u00a0<\/span><\/em><\/p>\n<p><span data-contrast=\"auto\">A bela vila de Loudenvielle fica a 900 metros de altitude, no cora\u00e7\u00e3o do vale de Louron. Pode chegar l\u00e1 pelos aeroportos de Pau (1 hora) ou Toulouse (1 hora e meia).<\/span><span data-ccp-props=\"{&quot;134233117&quot;:true,&quot;134233118&quot;:true,&quot;201341983&quot;:0,&quot;335559739&quot;:160,&quot;335559740&quot;:240}\">\u00a0<\/span><\/p>\n<p><span data-contrast=\"auto\">No seu cora\u00e7\u00e3o, o <a href=\"https:\/\/myallmeeting.com\/pt-pt\/hotel\/b803-mercure-peyragudes-loudenvielle-pyrenees\/\">hotel<\/a> de <strong>62 quartos<\/strong> est\u00e1 instalado numa bela constru\u00e7\u00e3o, uma mistura de pedra da regi\u00e3o, madeira e ard\u00f3sia, no estilo dos <strong>chal\u00e9s dos Piren\u00e9us<\/strong>. \u00c9 a base ideal para um <strong>semin\u00e1rio residencial original,<\/strong> com <strong>4 salas de reuni\u00e3o<\/strong> com capacidade para <strong>at\u00e9 85 participantes<\/strong> e o centro de conven\u00e7\u00f5es <strong>Valgora <\/strong>nas proximidades, com capacidade para at\u00e9 500 pessoas.<\/span><span data-ccp-props=\"{&quot;134233117&quot;:true,&quot;134233118&quot;:true,&quot;201341983&quot;:0,&quot;335559739&quot;:160,&quot;335559740&quot;:240}\">\u00a0<\/span><\/p>\n<p><span data-contrast=\"auto\">O <strong>spa Nuxe<\/strong> do hotel ou o <strong>espa\u00e7o Balneoterapia<\/strong> <strong>(sauna, banhos de bolha)<\/strong> proporcionar\u00e3o bem-estar e relaxamento \u00e0s suas equipas, especialmente ap\u00f3s terem esquiado nas pistas da<strong> esta\u00e7\u00e3o de Peyragudes<\/strong>, acess\u00edvel pelo telef\u00e9rico Skyvall, em frente ao hotel.<\/span><span data-ccp-props=\"{&quot;134233117&quot;:true,&quot;134233118&quot;:true,&quot;201341983&quot;:0,&quot;335559739&quot;:160,&quot;335559740&quot;:240}\">\u00a0<\/span><\/p>\n\t\t\t\t\t<\/div>\n\t\t\t\t\t\t\t\t\t<\/div>\n\t\t\t<\/div>        \n\t\t<\/div>\n\t<\/div>\n<\/div>\n<!-- END OF : Composant : block-periscope-theme-section-composant-33-texte-image.php -->\n\n\n<!-- START OF : Composant : block-periscope-theme-section-composant-33-texte-image.php -->\n<!-- INVERSE -->\n<div class=\"text-image fs-wysiwyg mb-8 mb-lg-12\" data-component=\"33-texte-image\" data-reverse=\"oui\">\n\t<div class=\"container-fluid\" style=\"--bs-gutter-x: 0\">\n\t\t<div class=\"row\" style=\"--bs-gutter-x: 0\">\n\t\t\t<div class=\"col-lg-6\">\n\t\t\t\t<div class=\"text-image__content\">\n\t\t\t\t\t\t\t\t\t\t<div class=\"fw-semibold lh-xs fs-20 fs-lg-32 ls--25 mb-5\">Novotel Meg\u00e8ve Mont-Blanc <\/div>\n\t\t\t\t\t\t\t\t\t\t\t\t\t\t\t<div class=\"fs-wysiwyg\">\n\t\t\t\t\t\t<p style=\"text-align: center;\"><em><span data-contrast=\"auto\" xml:lang=\"PT-PT\" lang=\"PT-PT\" class=\"TextRun SCXW212411182 BCX0\"><span class=\"NormalTextRun SCXW212411182 BCX0\" data-ccp-parastyle=\"Normal (Web)\">Desfrute da grandiosa paisagem da <\/span><span class=\"NormalTextRun SpellingErrorV2Themed SCXW212411182 BCX0\" data-ccp-parastyle=\"Normal (Web)\">Mer<\/span><span class=\"NormalTextRun SCXW212411182 BCX0\" data-ccp-parastyle=\"Normal (Web)\"> de Glace e da <\/span><span class=\"NormalTextRun SpellingErrorV2Themed SCXW212411182 BCX0\" data-ccp-parastyle=\"Normal (Web)\">Aiguille<\/span><span class=\"NormalTextRun SCXW212411182 BCX0\" data-ccp-parastyle=\"Normal (Web)\"> <\/span><span class=\"NormalTextRun SpellingErrorV2Themed SCXW212411182 BCX0\" data-ccp-parastyle=\"Normal (Web)\">du<\/span><span class=\"NormalTextRun SCXW212411182 BCX0\" data-ccp-parastyle=\"Normal (Web)\"> Midi.<\/span><\/span><span class=\"EOP SCXW212411182 BCX0\" data-ccp-props=\"{&quot;134233117&quot;:true,&quot;134233118&quot;:true,&quot;201341983&quot;:0,&quot;335551550&quot;:2,&quot;335551620&quot;:2,&quot;335559739&quot;:160,&quot;335559740&quot;:240}\">\u00a0<\/span><\/em><\/p>\n<p><span data-contrast=\"auto\"><a href=\"https:\/\/myallmeeting.com\/pt-pt\/hotel\/b5i0-novotel-megeve-mont-blanc\/\">Belo chal\u00e9<\/a> no cora\u00e7\u00e3o da elegante Meg\u00e8ve, uma das esta\u00e7\u00f5es mais prestigiadas da <strong>Alta Saboia,<\/strong> aos p\u00e9s do <strong>Mont-Blanc<\/strong>. O hotel, com <strong>92 quartos,<\/strong> \u00e9 acess\u00edvel pelos aeroportos de Genebra e Lyon-Saint-Exup\u00e9ry ou pela esta\u00e7\u00e3o de Sallanches.<\/span><span data-ccp-props=\"{&quot;134233117&quot;:true,&quot;134233118&quot;:true,&quot;201341983&quot;:0,&quot;335559739&quot;:160,&quot;335559740&quot;:240}\">\u00a0<\/span><\/p>\n<p><span data-contrast=\"auto\">As suas <strong>4 salas de reuni\u00e3o<\/strong>, a maior com <strong>200 m\u00b2<\/strong>, beneficiam de luz natural e acesso a um belo terra\u00e7o, onde pode contemplar o magn\u00edfico cen\u00e1rio circundante.<\/span><span data-ccp-props=\"{&quot;134233117&quot;:true,&quot;134233118&quot;:true,&quot;201341983&quot;:0,&quot;335559739&quot;:160,&quot;335559740&quot;:240}\">\u00a0<\/span><\/p>\n<p><span data-contrast=\"auto\">Entre duas sess\u00f5es de trabalho, o <strong>servi\u00e7o de transporte<\/strong> gratuito para os h\u00f3spedes do hotel leva-o em menos de 3 minutos at\u00e9 ao <strong>dom\u00ednio esqui\u00e1vel (400 km de pista!)<\/strong>. E para recuperar desses dias intensos, visite o <strong>Palais Meg\u00e8ve (acesso gratuito para os h\u00f3spedes do hotel)<\/strong>, nas proximidades, onde poder\u00e1 desfrutar de <strong>talassoterapia, sauna, banho turco, fitness.<\/strong>.. e outros momentos de bem-estar.<\/span><span data-ccp-props=\"{&quot;134233117&quot;:true,&quot;134233118&quot;:true,&quot;201341983&quot;:0,&quot;335559739&quot;:160,&quot;335559740&quot;:240}\">\u00a0<\/span><\/p>\n\t\t\t\t\t<\/div>\n\t\t\t\t\t\t\t\t\t<\/div>\n\t\t\t<\/div>    \n\t\t\t    \n\t\t\t<div class=\"col-lg-6 order-first order-lg-last mb-7 mb-lg-0\">\n\t\t\t\t<img decoding=\"async\" src=\"https:\/\/www.myallmeeting.com\/wp-content\/uploads\/2018\/10\/Novotel-Megeve-Mont-Blanc-2-953x600.jpg\" width=\"953\" height=\"600\" alt=\"s\u00e9minaire original\" loading=\"lazy\" class=\"w-100\" \/>\n\t\t\t<\/div>\n\t\t\t\t\t<\/div>\n\t<\/div>\n<\/div>\n<!-- END OF : Composant : block-periscope-theme-section-composant-33-texte-image.php -->\n\n\n<!-- START OF : Composant : block-periscope-theme-section-composant-33-texte-image.php -->\n<div class=\"text-image fs-wysiwyg mb-8 mb-lg-12\" data-component=\"33-texte-image\">\n\t<div class=\"container-fluid\" style=\"--bs-gutter-x: 0\">\n\t\t<div class=\"row\" style=\"--bs-gutter-x: 0\">\n\t\t\t\t\t\t<div class=\"col-lg-6 mb-7 mb-lg-0\">\n\t\t\t\t<img decoding=\"async\" src=\"https:\/\/www.myallmeeting.com\/wp-content\/uploads\/2018\/10\/Ibis-Styles-Les-Houches-Chamonix-1-953x600.jpg\" width=\"953\" height=\"600\" alt=\"s\u00e9minaire original\" loading=\"lazy\" class=\"w-100\" \/>\n\t\t\t<\/div>\n\t\t\t\t\t\t<div class=\"col-lg-6\">\n\t\t\t\t<div class=\"text-image__content\">\n\t\t\t\t\t\t\t\t\t\t<div class=\"fw-semibold lh-xs fs-20 fs-lg-32 ls--25 mb-5\">Ibis styles Les Houches Chamonix<\/div>\n\t\t\t\t\t\t\t\t\t\t\t\t\t\t\t<div class=\"fs-wysiwyg\">\n\t\t\t\t\t\t<p style=\"text-align: center;\"><em><span data-contrast=\"auto\" xml:lang=\"PT-PT\" lang=\"PT-PT\" class=\"TextRun SCXW177328539 BCX0\"><span class=\"NormalTextRun SCXW177328539 BCX0\" data-ccp-parastyle=\"Normal (Web)\">A convivialidade no cora\u00e7\u00e3o do vale do <\/span><span class=\"NormalTextRun SpellingErrorV2Themed SCXW177328539 BCX0\" data-ccp-parastyle=\"Normal (Web)\">Mont-Blanc<\/span><\/span><span class=\"EOP SCXW177328539 BCX0\" data-ccp-props=\"{&quot;134233117&quot;:true,&quot;134233118&quot;:true,&quot;201341983&quot;:0,&quot;335551550&quot;:2,&quot;335551620&quot;:2,&quot;335559739&quot;:160,&quot;335559740&quot;:240}\">\u00a0<\/span><\/em><\/p>\n<p><span data-contrast=\"auto\">A dois passos de <strong>Chamonix<\/strong> e da <strong>Aiguille du Midi,<\/strong> pode chegar a este hotel de <strong>48 quartos<\/strong> pelo aeroporto de Genebra ou pela esta\u00e7\u00e3o de Saint-Gervais-les-Bains &#8211; Le Fayet.<\/span><span data-ccp-props=\"{&quot;134233117&quot;:true,&quot;134233118&quot;:true,&quot;201341983&quot;:0,&quot;335559739&quot;:160,&quot;335559740&quot;:240}\">\u00a0<\/span><\/p>\n<p><span data-contrast=\"auto\">Num ambiente acolhedor e moderno, o hotel oferece uma <strong>sala de reuni\u00e3o de 40 m\u00b2<\/strong> para semin\u00e1rios ou atividades de team building em pequenos grupos, com um custo acess\u00edvel.<\/span><span data-ccp-props=\"{&quot;134233117&quot;:true,&quot;134233118&quot;:true,&quot;201341983&quot;:0,&quot;335559739&quot;:160,&quot;335559740&quot;:240}\">\u00a0<\/span><\/p>\n<p><span data-contrast=\"auto\">N\u00e3o esquecendo o apelo do ar fresco e das possibilidades ao redor: esqui no inverno, com a proximidade do <strong>telef\u00e9rico de Bellevue (300 m)<\/strong> para aceder \u00e0s pistas de Les Houches, e no ver\u00e3o, as m\u00faltiplas atra\u00e7\u00f5es da montanha, como caminhadas, rafting&#8230; ou at\u00e9 mesmo o<strong> Tramway du Mont-Blanc,<\/strong> o pequeno comboio de cremalheira mais alto de Fran\u00e7a, que liga Saint-Gervais ao glaciar de Bionnassay, proporcionando um passeio num cen\u00e1rio deslumbrante.<\/span><span data-ccp-props=\"{&quot;134233117&quot;:true,&quot;134233118&quot;:true,&quot;201341983&quot;:0,&quot;335559739&quot;:160,&quot;335559740&quot;:240}\">\u00a0<\/span><\/p>\n\t\t\t\t\t<\/div>\n\t\t\t\t\t\t\t\t\t<\/div>\n\t\t\t<\/div>        \n\t\t<\/div>\n\t<\/div>\n<\/div>\n<!-- END OF : Composant : block-periscope-theme-section-composant-33-texte-image.php -->\n\n\n<!-- START OF : Composant : block-periscope-theme-section-composant-33-texte-image.php -->\n<!-- INVERSE -->\n<div class=\"text-image fs-wysiwyg mb-8 mb-lg-12\" data-component=\"33-texte-image\" data-reverse=\"oui\">\n\t<div class=\"container-fluid\" style=\"--bs-gutter-x: 0\">\n\t\t<div class=\"row\" style=\"--bs-gutter-x: 0\">\n\t\t\t<div class=\"col-lg-6\">\n\t\t\t\t<div class=\"text-image__content\">\n\t\t\t\t\t\t\t\t\t\t<div class=\"fw-semibold lh-xs fs-20 fs-lg-32 ls--25 mb-5\">Le Saint-Gervais H\u00f4tel &amp; Spa \u2013 Handwritten Collection<\/div>\n\t\t\t\t\t\t\t\t\t\t\t\t\t\t\t<div class=\"fs-wysiwyg\">\n\t\t\t\t\t\t<p style=\"text-align: center;\"><em><span data-contrast=\"auto\" xml:lang=\"PT-PT\" lang=\"PT-PT\" class=\"TextRun SCXW61466646 BCX0\"><span class=\"NormalTextRun SCXW61466646 BCX0\" data-ccp-parastyle=\"Normal (Web)\">A eleg\u00e2ncia aos p\u00e9s do <\/span><span class=\"NormalTextRun SpellingErrorV2Themed SCXW61466646 BCX0\" data-ccp-parastyle=\"Normal (Web)\">Mont-Blanc<\/span><\/span><span class=\"EOP SCXW61466646 BCX0\" data-ccp-props=\"{&quot;134233117&quot;:true,&quot;134233118&quot;:true,&quot;201341983&quot;:0,&quot;335551550&quot;:2,&quot;335551620&quot;:2,&quot;335559739&quot;:160,&quot;335559740&quot;:240}\">\u00a0<\/span><\/em><\/p>\n<p><span data-contrast=\"auto\">Em Saint-Gervais-les-Bains,<strong> uma localidade termal<\/strong>, tem um encontro marcado com o <strong>Mont-Blanc, a montanha mais alta da Europa,<\/strong> depois de chegar de comboio \u00e0 esta\u00e7\u00e3o de Saint-Gervais-les-Bains &#8211; Le Fayet ou atrav\u00e9s do aeroporto de Genebra (1 hora).<\/span><span data-ccp-props=\"{&quot;134233117&quot;:true,&quot;134233118&quot;:true,&quot;201341983&quot;:0,&quot;335559739&quot;:160,&quot;335559740&quot;:240}\">\u00a0<\/span><\/p>\n<p><span data-contrast=\"auto\"><a href=\"https:\/\/myallmeeting.com\/pt-pt\/hotel\/b9f3-le-saint-gervais-hotel-spa\/\">O primeiro hotel da cole\u00e7\u00e3o Handwritten <\/a>aguarda por si, na sua j\u00f3ia do in\u00edcio do s\u00e9culo XX. Este hotel de <strong>75 quartos e suites,<\/strong> com varanda, irradia uma personalidade singular. Possui <strong>2 piscinas (interior e exterior)<\/strong> e uma <strong>\u00e1rea de bem-estar<\/strong> (sauna, jacuzzi). O seu semin\u00e1rio pode realizar-se gra\u00e7as \u00e0s <strong>5 salas de reuni\u00e3o<\/strong>, modulares, com capacidade para <strong>at\u00e9 110 pessoas.\u00a0<\/strong><\/span><strong>\u00a0<\/strong><\/p>\n<p><span data-contrast=\"auto\">Ver\u00e3o ou inverno, o local oferece uma variedade de atividades, entre esqui (ou caminhadas!) e todos os desportos ao ar livre, incluindo um passeio de tren\u00f3 puxado por c\u00e3es\u2026 <strong>Tudo isto num cen\u00e1rio excecional!<\/strong><\/span><strong>\u00a0<\/strong><\/p>\n\t\t\t\t\t<\/div>\n\t\t\t\t\t\t\t\t\t<\/div>\n\t\t\t<\/div>    \n\t\t\t    \n\t\t\t<div class=\"col-lg-6 order-first order-lg-last mb-7 mb-lg-0\">\n\t\t\t\t<img decoding=\"async\" src=\"https:\/\/www.myallmeeting.com\/wp-content\/uploads\/2018\/10\/Saint-Gervais-Hotel-Spa-Handwritten-Collection-3-953x600.jpg\" width=\"953\" height=\"600\" alt=\"s\u00e9minaire original\" loading=\"lazy\" class=\"w-100\" \/>\n\t\t\t<\/div>\n\t\t\t\t\t<\/div>\n\t<\/div>\n<\/div>\n<!-- END OF : Composant : block-periscope-theme-section-composant-33-texte-image.php -->\n\n\n<!-- START OF : Composant : block-periscope-theme-section-composant-33-texte-image.php -->\n<div class=\"text-image fs-wysiwyg mb-8 mb-lg-12\" data-component=\"33-texte-image\">\n\t<div class=\"container-fluid\" style=\"--bs-gutter-x: 0\">\n\t\t<div class=\"row\" style=\"--bs-gutter-x: 0\">\n\t\t\t\t\t\t<div class=\"col-lg-6 mb-7 mb-lg-0\">\n\t\t\t\t<img decoding=\"async\" src=\"https:\/\/www.myallmeeting.com\/wp-content\/uploads\/2018\/10\/6641-08-953x600.jpg\" width=\"953\" height=\"600\" alt=\"s\u00e9minaire original\" loading=\"lazy\" class=\"w-100\" \/>\n\t\t\t<\/div>\n\t\t\t\t\t\t<div class=\"col-lg-6\">\n\t\t\t\t<div class=\"text-image__content\">\n\t\t\t\t\t\t\t\t\t\t<div class=\"fw-semibold lh-xs fs-20 fs-lg-32 ls--25 mb-5\">Ibis Styles Albertville<\/div>\n\t\t\t\t\t\t\t\t\t\t\t\t\t\t\t<div class=\"fs-wysiwyg\">\n\t\t\t\t\t\t<p style=\"text-align: center;\"><em><span data-contrast=\"auto\" xml:lang=\"PT-PT\" lang=\"PT-PT\" class=\"TextRun SCXW97463409 BCX0\"><span class=\"NormalTextRun SCXW97463409 BCX0\" data-ccp-parastyle=\"Normal (Web)\">No cruzamento de dois vales dos Alpes<\/span><\/span><span class=\"EOP SCXW97463409 BCX0\" data-ccp-props=\"{&quot;134233117&quot;:true,&quot;134233118&quot;:true,&quot;201341983&quot;:0,&quot;335551550&quot;:2,&quot;335551620&quot;:2,&quot;335559739&quot;:160,&quot;335559740&quot;:240}\">\u00a0<\/span><\/em><\/p>\n<p><span data-contrast=\"auto\"><a href=\"https:\/\/myallmeeting.com\/pt-pt\/hotel\/b808-ibis-styles-albertville-opening-july-2021\/\">Este hotel<\/a> de <strong>68 quartos<\/strong> est\u00e1 no cruzamento <strong>dos vales de Tarentaise e Beaufortain<\/strong>, a menos de 2 km da esta\u00e7\u00e3o de Albertville, e perto do ponto de partida de <strong>muitas esta\u00e7\u00f5es alpinas.<\/strong><\/span><strong>\u00a0<\/strong><\/p>\n<p><span data-contrast=\"auto\">Uma <strong>sala de reuni\u00f5es de 47 m\u00b2<\/strong>, com capacidade para at\u00e9 20 pessoas e perfeitamente equipada, vai estimular os momentos de estudo das suas equipas.<\/span><span data-ccp-props=\"{&quot;134233117&quot;:true,&quot;134233118&quot;:true,&quot;201341983&quot;:0,&quot;335559739&quot;:160,&quot;335559740&quot;:240}\">\u00a0<\/span><\/p>\n<p><span data-contrast=\"auto\">Para relaxar, pode desfrutar das atividades culturais na<strong> Halle Olympique de Albertville,<\/strong> bem pr\u00f3xima, organizar uma degusta\u00e7\u00e3o de <strong>Beaufort<\/strong>, o delicioso <strong>queijo local<\/strong>, ou explorar as m\u00faltiplas atividades oferecidas pelas montanhas circundantes. Esqui (de todas as formas!), patinagem no gelo, caminhadas, visita \u00e0<strong> cidade medieval de Conflans<\/strong>&#8230; A escolha \u00e9 sua&#8230;<\/span><span data-ccp-props=\"{&quot;134233117&quot;:true,&quot;134233118&quot;:true,&quot;201341983&quot;:0,&quot;335559739&quot;:160,&quot;335559740&quot;:240}\">\u00a0<\/span><\/p>\n\t\t\t\t\t<\/div>\n\t\t\t\t\t\t\t\t\t<\/div>\n\t\t\t<\/div>        \n\t\t<\/div>\n\t<\/div>\n<\/div>\n<!-- END OF : Composant : block-periscope-theme-section-composant-33-texte-image.php -->\n\n\n<!-- START OF : Composant : block-periscope-theme-section-composant-33-texte-image.php -->\n<!-- INVERSE -->\n<div class=\"text-image fs-wysiwyg mb-8 mb-lg-12\" data-component=\"33-texte-image\" data-reverse=\"oui\">\n\t<div class=\"container-fluid\" style=\"--bs-gutter-x: 0\">\n\t\t<div class=\"row\" style=\"--bs-gutter-x: 0\">\n\t\t\t<div class=\"col-lg-6\">\n\t\t\t\t<div class=\"text-image__content\">\n\t\t\t\t\t\t\t\t\t\t<div class=\"fw-semibold lh-xs fs-20 fs-lg-32 ls--25 mb-5\">Mercure Domaine de Marlioz-Aix-les-Bains &#8211; h\u00f4tel &amp; spa<\/div>\n\t\t\t\t\t\t\t\t\t\t\t\t\t\t\t<div class=\"fs-wysiwyg\">\n\t\t\t\t\t\t<p style=\"text-align: center;\"><em><span data-contrast=\"auto\" xml:lang=\"PT-PT\" lang=\"PT-PT\" class=\"TextRun SCXW159985214 BCX0\"><span class=\"NormalTextRun SCXW159985214 BCX0\" data-ccp-parastyle=\"Normal (Web)\">Entre cultura e natureza<\/span><\/span><span class=\"EOP SCXW159985214 BCX0\" data-ccp-props=\"{&quot;134233117&quot;:true,&quot;134233118&quot;:true,&quot;201341983&quot;:0,&quot;335551550&quot;:2,&quot;335551620&quot;:2,&quot;335559739&quot;:160,&quot;335559740&quot;:240}\">\u00a0<\/span><\/em><\/p>\n<p><span data-contrast=\"auto\">Entre o lago, a verdura e a montanha, <strong>nada melhor do que a natureza para animar e estimular um viveiro de ideias.<\/strong> Este <a href=\"https:\/\/myallmeeting.com\/pt-pt\/hotel\/2945-mercure-aix-les-bains-domaine-de-marlioz-hotel-spa\/\">estabelecimento<\/a> oferece um cen\u00e1rio soberbo, ideal para os seus eventos profissionais, como semin\u00e1rios. S\u00e3o disponibilizadas nada menos que <strong>15 salas de diferentes tamanhos.<\/strong> Desde um espa\u00e7o de 330 m\u00b2 para at\u00e9 320 pessoas (modul\u00e1vel em 6 salas de 32 m\u00b2 a 65 m\u00b2) at\u00e9 outras mais pequenas (at\u00e9 16, 20 ou 25 colaboradores), <strong>encontrar\u00e1 uma sala adequada \u00e0s suas necessidades.<\/strong><\/span><strong>\u00a0<\/strong><\/p>\n<p><span data-contrast=\"auto\"><strong>Este hotel &amp; spa tamb\u00e9m constitui o local perfeito para uma estadia revitalizante e relaxante.<\/strong> Atividades tur\u00edsticas, culturais (Abadia de Hautecombe, casino de Aix-les-Bains\u2026) e desportivas (o grande parque do hotel, atividades n\u00e1uticas do Lago Bourget, esta\u00e7\u00f5es de esqui do Grand Revard\u2026) est\u00e3o \u00e0 sua disposi\u00e7\u00e3o durante todo o ano.<\/span><span data-ccp-props=\"{&quot;134233117&quot;:true,&quot;134233118&quot;:true,&quot;201341983&quot;:0,&quot;335559739&quot;:160,&quot;335559740&quot;:240}\">\u00a0<\/span><\/p>\n\t\t\t\t\t<\/div>\n\t\t\t\t\t\t\t\t\t<\/div>\n\t\t\t<\/div>    \n\t\t\t    \n\t\t\t<div class=\"col-lg-6 order-first order-lg-last mb-7 mb-lg-0\">\n\t\t\t\t<img decoding=\"async\" src=\"https:\/\/www.myallmeeting.com\/wp-content\/uploads\/2018\/10\/Mercure-Aix-les-Bains-Domaine-de-Marlioz-1-953x600.jpg\" width=\"953\" height=\"600\" alt=\"s\u00e9minaire original\" loading=\"lazy\" class=\"w-100\" \/>\n\t\t\t<\/div>\n\t\t\t\t\t<\/div>\n\t<\/div>\n<\/div>\n<!-- END OF : Composant : block-periscope-theme-section-composant-33-texte-image.php -->\n\n\n<!-- START OF : Composant : block-periscope-theme-section-composant-33-texte-image.php -->\n<div class=\"text-image fs-wysiwyg mb-8 mb-lg-12\" data-component=\"33-texte-image\">\n\t<div class=\"container-fluid\" style=\"--bs-gutter-x: 0\">\n\t\t<div class=\"row\" style=\"--bs-gutter-x: 0\">\n\t\t\t\t\t\t<div class=\"col-lg-6 mb-7 mb-lg-0\">\n\t\t\t\t<img decoding=\"async\" src=\"https:\/\/www.myallmeeting.com\/wp-content\/uploads\/2018\/10\/Mercure-Annemasse-Porte-de-Geneve-2-953x600.jpg\" width=\"953\" height=\"600\" alt=\"s\u00e9minaire original\" loading=\"lazy\" class=\"w-100\" \/>\n\t\t\t<\/div>\n\t\t\t\t\t\t<div class=\"col-lg-6\">\n\t\t\t\t<div class=\"text-image__content\">\n\t\t\t\t\t\t\t\t\t\t<div class=\"fw-semibold lh-xs fs-20 fs-lg-32 ls--25 mb-5\"> H\u00f4tel Mercure Annemasse Porte de Gen\u00e8ve <\/div>\n\t\t\t\t\t\t\t\t\t\t\t\t\t\t\t<div class=\"fs-wysiwyg\">\n\t\t\t\t\t\t<p style=\"text-align: center;\"><em><span data-contrast=\"auto\" xml:lang=\"PT-PT\" lang=\"PT-PT\" class=\"TextRun SCXW92108671 BCX0\"><span class=\"NormalTextRun SCXW92108671 BCX0\">Recarregue energias perto do Lago Genebra<\/span><\/span><span class=\"EOP SCXW92108671 BCX0\" data-ccp-props=\"{&quot;201341983&quot;:0,&quot;335551550&quot;:2,&quot;335551620&quot;:2,&quot;335559739&quot;:160,&quot;335559740&quot;:259}\">\u00a0<\/span><\/em><\/p>\n<p><span data-contrast=\"auto\">Num ambiente cercado pela natureza, o<strong> <a href=\"https:\/\/myallmeeting.com\/pt-pt\/hotel\/0343-hotel-mercure-annemasse-porte-de-geneve\/\">hotel<\/a> e os seus 79 quartos recebem-no com o seu estilo escandinavo<\/strong>. Est\u00e1 a organizar um semin\u00e1rio profissional? <strong>Este estabelecimento oferece quatro salas de reuni\u00f5es e um amplo estacionamento.<\/strong><\/span><strong>\u00a0<\/strong><\/p>\n<p><span data-contrast=\"auto\">Para os seus momentos de relaxamento, este hotel Mercure tamb\u00e9m n\u00e3o fica atr\u00e1s: piscina exterior, terra\u00e7o, brasserie que serve vinhos locais\u2026 outras atividades s\u00e3o poss\u00edveis, com o pr\u00f3ximo Lago Genebra e as cidades de Chamonix, Annecy ou locais termais como Thonon ou \u00c9vian.<\/span><span data-ccp-props=\"{&quot;201341983&quot;:0,&quot;335559739&quot;:160,&quot;335559740&quot;:259}\">\u00a0<\/span><\/p>\n\t\t\t\t\t<\/div>\n\t\t\t\t\t\t\t\t\t<\/div>\n\t\t\t<\/div>        \n\t\t<\/div>\n\t<\/div>\n<\/div>\n<!-- END OF : Composant : block-periscope-theme-section-composant-33-texte-image.php -->\n\n\n<!-- START OF : Composant : block-periscope-theme-section-composant-33-texte-image.php -->\n<!-- INVERSE -->\n<div class=\"text-image fs-wysiwyg mb-8 mb-lg-12\" data-component=\"33-texte-image\" data-reverse=\"oui\">\n\t<div class=\"container-fluid\" style=\"--bs-gutter-x: 0\">\n\t\t<div class=\"row\" style=\"--bs-gutter-x: 0\">\n\t\t\t<div class=\"col-lg-6\">\n\t\t\t\t<div class=\"text-image__content\">\n\t\t\t\t\t\t\t\t\t\t<div class=\"fw-semibold lh-xs fs-20 fs-lg-32 ls--25 mb-5\">H\u00f4tel Mercure Grenoble Centre Alpotel <\/div>\n\t\t\t\t\t\t\t\t\t\t\t\t\t\t\t<div class=\"fs-wysiwyg\">\n\t\t\t\t\t\t<p style=\"text-align: center;\"><em><span data-contrast=\"auto\" xml:lang=\"PT-PT\" lang=\"PT-PT\" class=\"TextRun SCXW38426752 BCX0\"><span class=\"NormalTextRun SCXW38426752 BCX0\">No cora\u00e7\u00e3o da capital dos Alpes<\/span><\/span><span class=\"EOP SCXW38426752 BCX0\" data-ccp-props=\"{&quot;201341983&quot;:0,&quot;335551550&quot;:2,&quot;335551620&quot;:2,&quot;335559739&quot;:160,&quot;335559740&quot;:259}\">\u00a0<\/span><\/em><\/p>\n<p><span data-contrast=\"auto\" xml:lang=\"PT-PT\" lang=\"PT-PT\" class=\"TextRun SCXW101491679 BCX0\"><span class=\"NormalTextRun SCXW101491679 BCX0\">Com o seu estilo elegante e <\/span><span class=\"NormalTextRun SpellingErrorV2Themed SCXW101491679 BCX0\">art<\/span><span class=\"NormalTextRun SCXW101491679 BCX0\"> <\/span><span class=\"NormalTextRun SpellingErrorV2Themed SCXW101491679 BCX0\">d\u00e9co<\/span><span class=\"NormalTextRun SCXW101491679 BCX0\">, <a href=\"https:\/\/myallmeeting.com\/pt-pt\/hotel\/0652-hotel-mercure-grenoble-centre-alpotel\/\"><strong>este estabelecimento<\/strong> <\/a><strong>e a sua equipa est\u00e3o \u00e0 sua disposi\u00e7\u00e3o com tr\u00eas salas de reuni\u00f5es e apoio personalizado para a organiza\u00e7\u00e3o dos seus eventos profissionais<\/strong>: semin\u00e1rios, comit\u00e9s de gest\u00e3o, forma\u00e7\u00e3o, etc. Outros servi\u00e7os s\u00e3o oferecidos: biblioteca, sala de cinema, estacionamento privado, etc. <\/span><\/span><\/p>\n<p><span data-contrast=\"auto\" xml:lang=\"PT-PT\" lang=\"PT-PT\" class=\"TextRun SCXW101491679 BCX0\"><span class=\"NormalTextRun SCXW101491679 BCX0\">Um cen\u00e1rio ideal, no cora\u00e7\u00e3o da \u201ccapital dos Alpes\u201d, <strong>para partilhar e gerar ideias,<\/strong> localizado no centro da cidade, a poucos metros da C\u00e2mara Municipal de Grenoble, do <\/span><span class=\"NormalTextRun SpellingErrorV2Themed SCXW101491679 BCX0\">Palais<\/span><span class=\"NormalTextRun SCXW101491679 BCX0\"> <\/span><span class=\"NormalTextRun SpellingErrorV2Themed SCXW101491679 BCX0\">des<\/span><span class=\"NormalTextRun SCXW101491679 BCX0\"> Sports, do <\/span><span class=\"NormalTextRun SpellingErrorV2Themed SCXW101491679 BCX0\">Stade<\/span><span class=\"NormalTextRun SCXW101491679 BCX0\"> <\/span><span class=\"NormalTextRun SpellingErrorV2Themed SCXW101491679 BCX0\">des<\/span><span class=\"NormalTextRun SCXW101491679 BCX0\"> Alpes, do centro de conven\u00e7\u00f5es e das esta\u00e7\u00f5es de esqui.<\/span><\/span><span class=\"EOP SCXW101491679 BCX0\" data-ccp-props=\"{&quot;201341983&quot;:0,&quot;335559739&quot;:160,&quot;335559740&quot;:259}\">\u00a0<\/span><\/p>\n\t\t\t\t\t<\/div>\n\t\t\t\t\t\t\t\t\t<\/div>\n\t\t\t<\/div>    \n\t\t\t    \n\t\t\t<div class=\"col-lg-6 order-first order-lg-last mb-7 mb-lg-0\">\n\t\t\t\t<img decoding=\"async\" src=\"https:\/\/www.myallmeeting.com\/wp-content\/uploads\/2018\/10\/Mercure-Grenoble-Centre-Alpotel-953x600.jpg\" width=\"953\" height=\"600\" alt=\"s\u00e9minaire original\" loading=\"lazy\" class=\"w-100\" \/>\n\t\t\t<\/div>\n\t\t\t\t\t<\/div>\n\t<\/div>\n<\/div>\n<!-- END OF : Composant : block-periscope-theme-section-composant-33-texte-image.php -->\n\n\n<!-- START OF : Composant : block-periscope-theme-section-composant-33-texte-image.php -->\n<div class=\"text-image fs-wysiwyg mb-8 mb-lg-12\" data-component=\"33-texte-image\">\n\t<div class=\"container-fluid\" style=\"--bs-gutter-x: 0\">\n\t\t<div class=\"row\" style=\"--bs-gutter-x: 0\">\n\t\t\t\t\t\t<div class=\"col-lg-6 mb-7 mb-lg-0\">\n\t\t\t\t<img decoding=\"async\" src=\"https:\/\/www.myallmeeting.com\/wp-content\/uploads\/2018\/10\/2047-28-953x600.jpg\" width=\"953\" height=\"600\" alt=\"s\u00e9minaire original\" loading=\"lazy\" class=\"w-100\" \/>\n\t\t\t<\/div>\n\t\t\t\t\t\t<div class=\"col-lg-6\">\n\t\t\t\t<div class=\"text-image__content\">\n\t\t\t\t\t\t\t\t\t\t<div class=\"fw-semibold lh-xs fs-20 fs-lg-32 ls--25 mb-5\">Novotel Grenoble Nord Voreppe<\/div>\n\t\t\t\t\t\t\t\t\t\t\t\t\t\t\t<div class=\"fs-wysiwyg\">\n\t\t\t\t\t\t<p style=\"text-align: center;\"><em><span data-contrast=\"auto\" xml:lang=\"PT-PT\" lang=\"PT-PT\" class=\"TextRun SCXW190796213 BCX0\"><span class=\"NormalTextRun SCXW190796213 BCX0\">Desfrutar de ar fresco<\/span><\/span><span class=\"EOP SCXW190796213 BCX0\" data-ccp-props=\"{&quot;201341983&quot;:0,&quot;335551550&quot;:2,&quot;335551620&quot;:2,&quot;335559739&quot;:160,&quot;335559740&quot;:259}\">\u00a0<\/span><\/em><\/p>\n<p><span data-contrast=\"auto\"><a href=\"https:\/\/myallmeeting.com\/pt-pt\/hotel\/0423-novotel-grenoble-nord-voreppe\/\"><strong>Este hotel de 4 estrelas<\/strong><\/a>, <strong>com a certifica\u00e7\u00e3o Green Key &#8211; pelo seu compromisso com a Responsabilidade Social Empresarial &#8211; \u00e9 o local perfeito para uma estadia revitalizante em fam\u00edlia ou neg\u00f3cios<\/strong>. Situado numa vasta \u00e1rea verdejante perto das montanhas, o Novotel oferece <strong>sete salas de reuni\u00f5es para hospedar os seus semin\u00e1rios, forma\u00e7\u00f5es e outros eventos profissionais.<\/strong><\/span><strong>\u00a0<\/strong><\/p>\n<p><span data-contrast=\"auto\">Precisa de relaxar entre duas reuni\u00f5es ou ap\u00f3s um dia de semin\u00e1rio? Deixe-se seduzir pelas in\u00fameras atividades oferecidas (piscina exterior, petanca, ping-pong, etc.) ou por um passeio pelas montanhas.<\/span><span data-ccp-props=\"{&quot;201341983&quot;:0,&quot;335559739&quot;:160,&quot;335559740&quot;:259}\">\u00a0<\/span><\/p>\n\t\t\t\t\t<\/div>\n\t\t\t\t\t\t\t\t\t<\/div>\n\t\t\t<\/div>        \n\t\t<\/div>\n\t<\/div>\n<\/div>\n<!-- END OF : Composant : block-periscope-theme-section-composant-33-texte-image.php -->\n","protected":false},"excerpt":{"rendered":"","protected":false},"featured_media":16021654,"menu_order":0,"template":"","periscope_categorie_tax":[3515],"class_list":["post-16036977","article","type-article","status-publish","has-post-thumbnail","hentry","periscope_categorie_tax-tous-nos-tops-selections-pt-pt"],"acf":[],"yoast_head":"<title>Top 10 dos nossos endere\u00e7os Accor no cora\u00e7\u00e3o das mais belas montanhas francesas\u00a0\u00a0 - Accor MyAllMeeting.com<\/title>\n<meta name=\"robots\" content=\"index, follow, max-snippet:-1, max-image-preview:large, max-video-preview:-1\" \/>\n<link rel=\"canonical\" href=\"https:\/\/www.myallmeeting.com\/pt-pt\/wp-json\/wp\/v2\/article\/16036977\" \/>\n<meta property=\"og:locale\" content=\"pt_PT\" \/>\n<meta property=\"og:type\" content=\"article\" \/>\n<meta property=\"og:title\" content=\"Top 10 dos nossos endere\u00e7os Accor no cora\u00e7\u00e3o das mais belas montanhas francesas\u00a0\u00a0 - Accor MyAllMeeting.com\" \/>\n<meta property=\"og:url\" content=\"https:\/\/www.myallmeeting.com\/pt-pt\/article\/top-10-dos-nossos-enderecos-accor-no-coracao-das-mais-belas-montanhas-francesas\/\" \/>\n<meta property=\"og:site_name\" content=\"Accor MyAllMeeting.com\" \/>\n<meta property=\"article:modified_time\" content=\"2024-07-16T14:58:16+00:00\" \/>\n<meta property=\"og:image\" content=\"http:\/\/myallmeeting.com\/wp-content\/uploads\/2018\/10\/Destination-montagne-1024x304.png\" \/>\n\t<meta property=\"og:image:width\" content=\"1024\" \/>\n\t<meta property=\"og:image:height\" content=\"304\" \/>\n\t<meta property=\"og:image:type\" content=\"image\/png\" \/>\n<meta name=\"twitter:card\" content=\"summary_large_image\" \/>\n<meta name=\"twitter:label1\" content=\"Est. reading time\" \/>\n\t<meta name=\"twitter:data1\" content=\"10 minutes\" \/>\n<script type=\"application\/ld+json\" class=\"yoast-schema-graph\">{\"@context\":\"https:\/\/schema.org\",\"@graph\":[{\"@type\":\"WebPage\",\"@id\":\"https:\/\/www.myallmeeting.com\/pt-pt\/article\/top-10-dos-nossos-enderecos-accor-no-coracao-das-mais-belas-montanhas-francesas\/\",\"url\":\"https:\/\/www.myallmeeting.com\/pt-pt\/article\/top-10-dos-nossos-enderecos-accor-no-coracao-das-mais-belas-montanhas-francesas\/\",\"name\":\"Top 10 dos nossos endere\u00e7os Accor no cora\u00e7\u00e3o das mais belas montanhas francesas\u00a0\u00a0 - Accor MyAllMeeting.com\",\"isPartOf\":{\"@id\":\"https:\/\/www.myallmeeting.com\/pt-pt\/#website\"},\"primaryImageOfPage\":{\"@id\":\"https:\/\/www.myallmeeting.com\/pt-pt\/article\/top-10-dos-nossos-enderecos-accor-no-coracao-das-mais-belas-montanhas-francesas\/#primaryimage\"},\"image\":{\"@id\":\"https:\/\/www.myallmeeting.com\/pt-pt\/article\/top-10-dos-nossos-enderecos-accor-no-coracao-das-mais-belas-montanhas-francesas\/#primaryimage\"},\"thumbnailUrl\":\"https:\/\/www.myallmeeting.com\/wp-content\/uploads\/2018\/10\/Destination-montagne.png\",\"datePublished\":\"2018-10-30T14:51:57+00:00\",\"dateModified\":\"2024-07-16T14:58:16+00:00\",\"breadcrumb\":{\"@id\":\"https:\/\/www.myallmeeting.com\/pt-pt\/article\/top-10-dos-nossos-enderecos-accor-no-coracao-das-mais-belas-montanhas-francesas\/#breadcrumb\"},\"inLanguage\":\"pt-PT\",\"potentialAction\":[{\"@type\":\"ReadAction\",\"target\":[\"https:\/\/www.myallmeeting.com\/pt-pt\/article\/top-10-dos-nossos-enderecos-accor-no-coracao-das-mais-belas-montanhas-francesas\/\"]}]},{\"@type\":\"ImageObject\",\"inLanguage\":\"pt-PT\",\"@id\":\"https:\/\/www.myallmeeting.com\/pt-pt\/article\/top-10-dos-nossos-enderecos-accor-no-coracao-das-mais-belas-montanhas-francesas\/#primaryimage\",\"url\":\"https:\/\/www.myallmeeting.com\/wp-content\/uploads\/2018\/10\/Destination-montagne.png\",\"contentUrl\":\"https:\/\/www.myallmeeting.com\/wp-content\/uploads\/2018\/10\/Destination-montagne.png\",\"width\":1920,\"height\":570},{\"@type\":\"BreadcrumbList\",\"@id\":\"https:\/\/www.myallmeeting.com\/pt-pt\/article\/top-10-dos-nossos-enderecos-accor-no-coracao-das-mais-belas-montanhas-francesas\/#breadcrumb\",\"itemListElement\":[{\"@type\":\"ListItem\",\"position\":1,\"name\":\"P\u00e1gina inicial\",\"item\":\"https:\/\/myallmeeting.com\/pt-pt\/\"},{\"@type\":\"ListItem\",\"position\":2,\"name\":\"Not\u00edcias\",\"item\":\"https:\/\/www.myallmeeting.com\/pt-pt\/noticias\/\"},{\"@type\":\"ListItem\",\"position\":3,\"name\":\"Top 10 dos nossos endere\u00e7os Accor no cora\u00e7\u00e3o das mais belas montanhas francesas\u00a0\u00a0\"}]},{\"@type\":\"WebSite\",\"@id\":\"https:\/\/www.myallmeeting.com\/pt-pt\/#website\",\"url\":\"https:\/\/www.myallmeeting.com\/pt-pt\/\",\"name\":\"Accor MyAllMeeting.com\",\"description\":\"Les Meilleurs lieux pour vos Ev\u00e9nements Professionnels\",\"publisher\":{\"@id\":\"https:\/\/www.myallmeeting.com\/pt-pt\/#organization\"},\"potentialAction\":[{\"@type\":\"SearchAction\",\"target\":{\"@type\":\"EntryPoint\",\"urlTemplate\":\"https:\/\/www.myallmeeting.com\/pt-pt\/?s={search_term_string}\"},\"query-input\":{\"@type\":\"PropertyValueSpecification\",\"valueRequired\":true,\"valueName\":\"search_term_string\"}}],\"inLanguage\":\"pt-PT\"},{\"@type\":\"Organization\",\"@id\":\"https:\/\/www.myallmeeting.com\/pt-pt\/#organization\",\"name\":\"ACCOR\",\"url\":\"https:\/\/www.myallmeeting.com\/pt-pt\/\",\"logo\":{\"@type\":\"ImageObject\",\"inLanguage\":\"pt-PT\",\"@id\":\"https:\/\/www.myallmeeting.com\/pt-pt\/#\/schema\/logo\/image\/\",\"url\":\"\",\"contentUrl\":\"\",\"caption\":\"ACCOR\"},\"image\":{\"@id\":\"https:\/\/www.myallmeeting.com\/pt-pt\/#\/schema\/logo\/image\/\"}}]}<\/script>","yoast_head_json":{"title":"Top 10 dos nossos endere\u00e7os Accor no cora\u00e7\u00e3o das mais belas montanhas francesas\u00a0\u00a0 - Accor MyAllMeeting.com","robots":{"index":"index","follow":"follow","max-snippet":"max-snippet:-1","max-image-preview":"max-image-preview:large","max-video-preview":"max-video-preview:-1"},"canonical":"https:\/\/www.myallmeeting.com\/pt-pt\/wp-json\/wp\/v2\/article\/16036977","og_locale":"pt_PT","og_type":"article","og_title":"Top 10 dos nossos endere\u00e7os Accor no cora\u00e7\u00e3o das mais belas montanhas francesas\u00a0\u00a0 - Accor MyAllMeeting.com","og_url":"https:\/\/www.myallmeeting.com\/pt-pt\/article\/top-10-dos-nossos-enderecos-accor-no-coracao-das-mais-belas-montanhas-francesas\/","og_site_name":"Accor MyAllMeeting.com","article_modified_time":"2024-07-16T14:58:16+00:00","og_image":[{"width":1024,"height":304,"url":"http:\/\/myallmeeting.com\/wp-content\/uploads\/2018\/10\/Destination-montagne-1024x304.png","type":"image\/png"}],"twitter_card":"summary_large_image","twitter_misc":{"Est. reading time":"10 minutes"},"schema":{"@context":"https:\/\/schema.org","@graph":[{"@type":"WebPage","@id":"https:\/\/www.myallmeeting.com\/pt-pt\/article\/top-10-dos-nossos-enderecos-accor-no-coracao-das-mais-belas-montanhas-francesas\/","url":"https:\/\/www.myallmeeting.com\/pt-pt\/article\/top-10-dos-nossos-enderecos-accor-no-coracao-das-mais-belas-montanhas-francesas\/","name":"Top 10 dos nossos endere\u00e7os Accor no cora\u00e7\u00e3o das mais belas montanhas francesas\u00a0\u00a0 - Accor MyAllMeeting.com","isPartOf":{"@id":"https:\/\/www.myallmeeting.com\/pt-pt\/#website"},"primaryImageOfPage":{"@id":"https:\/\/www.myallmeeting.com\/pt-pt\/article\/top-10-dos-nossos-enderecos-accor-no-coracao-das-mais-belas-montanhas-francesas\/#primaryimage"},"image":{"@id":"https:\/\/www.myallmeeting.com\/pt-pt\/article\/top-10-dos-nossos-enderecos-accor-no-coracao-das-mais-belas-montanhas-francesas\/#primaryimage"},"thumbnailUrl":"https:\/\/www.myallmeeting.com\/wp-content\/uploads\/2018\/10\/Destination-montagne.png","datePublished":"2018-10-30T14:51:57+00:00","dateModified":"2024-07-16T14:58:16+00:00","breadcrumb":{"@id":"https:\/\/www.myallmeeting.com\/pt-pt\/article\/top-10-dos-nossos-enderecos-accor-no-coracao-das-mais-belas-montanhas-francesas\/#breadcrumb"},"inLanguage":"pt-PT","potentialAction":[{"@type":"ReadAction","target":["https:\/\/www.myallmeeting.com\/pt-pt\/article\/top-10-dos-nossos-enderecos-accor-no-coracao-das-mais-belas-montanhas-francesas\/"]}]},{"@type":"ImageObject","inLanguage":"pt-PT","@id":"https:\/\/www.myallmeeting.com\/pt-pt\/article\/top-10-dos-nossos-enderecos-accor-no-coracao-das-mais-belas-montanhas-francesas\/#primaryimage","url":"https:\/\/www.myallmeeting.com\/wp-content\/uploads\/2018\/10\/Destination-montagne.png","contentUrl":"https:\/\/www.myallmeeting.com\/wp-content\/uploads\/2018\/10\/Destination-montagne.png","width":1920,"height":570},{"@type":"BreadcrumbList","@id":"https:\/\/www.myallmeeting.com\/pt-pt\/article\/top-10-dos-nossos-enderecos-accor-no-coracao-das-mais-belas-montanhas-francesas\/#breadcrumb","itemListElement":[{"@type":"ListItem","position":1,"name":"P\u00e1gina inicial","item":"https:\/\/myallmeeting.com\/pt-pt\/"},{"@type":"ListItem","position":2,"name":"Not\u00edcias","item":"https:\/\/www.myallmeeting.com\/pt-pt\/noticias\/"},{"@type":"ListItem","position":3,"name":"Top 10 dos nossos endere\u00e7os Accor no cora\u00e7\u00e3o das mais belas montanhas francesas\u00a0\u00a0"}]},{"@type":"WebSite","@id":"https:\/\/www.myallmeeting.com\/pt-pt\/#website","url":"https:\/\/www.myallmeeting.com\/pt-pt\/","name":"Accor MyAllMeeting.com","description":"Les Meilleurs lieux pour vos Ev\u00e9nements Professionnels","publisher":{"@id":"https:\/\/www.myallmeeting.com\/pt-pt\/#organization"},"potentialAction":[{"@type":"SearchAction","target":{"@type":"EntryPoint","urlTemplate":"https:\/\/www.myallmeeting.com\/pt-pt\/?s={search_term_string}"},"query-input":{"@type":"PropertyValueSpecification","valueRequired":true,"valueName":"search_term_string"}}],"inLanguage":"pt-PT"},{"@type":"Organization","@id":"https:\/\/www.myallmeeting.com\/pt-pt\/#organization","name":"ACCOR","url":"https:\/\/www.myallmeeting.com\/pt-pt\/","logo":{"@type":"ImageObject","inLanguage":"pt-PT","@id":"https:\/\/www.myallmeeting.com\/pt-pt\/#\/schema\/logo\/image\/","url":"","contentUrl":"","caption":"ACCOR"},"image":{"@id":"https:\/\/www.myallmeeting.com\/pt-pt\/#\/schema\/logo\/image\/"}}]}},"_links":{"self":[{"href":"https:\/\/www.myallmeeting.com\/pt-pt\/wp-json\/wp\/v2\/article\/16036977","targetHints":{"allow":["GET"]}}],"collection":[{"href":"https:\/\/www.myallmeeting.com\/pt-pt\/wp-json\/wp\/v2\/article"}],"about":[{"href":"https:\/\/www.myallmeeting.com\/pt-pt\/wp-json\/wp\/v2\/types\/article"}],"wp:featuredmedia":[{"embeddable":true,"href":"https:\/\/www.myallmeeting.com\/pt-pt\/wp-json\/wp\/v2\/media\/16021654"}],"wp:attachment":[{"href":"https:\/\/www.myallmeeting.com\/pt-pt\/wp-json\/wp\/v2\/media?parent=16036977"}],"wp:term":[{"taxonomy":"periscope_categorie_tax","embeddable":true,"href":"https:\/\/www.myallmeeting.com\/pt-pt\/wp-json\/wp\/v2\/periscope_categorie_tax?post=16036977"}],"curies":[{"name":"wp","href":"https:\/\/api.w.org\/{rel}","templated":true}]}}