{"id":16036965,"date":"2019-11-25T12:11:02","date_gmt":"2019-11-25T11:11:02","guid":{"rendered":"https:\/\/myallmeeting.com\/article\/prenez-un-bol-dair-frais-lors-de-votre-seminaire-en-charente-maritime\/"},"modified":"2024-07-16T15:58:20","modified_gmt":"2024-07-16T13:58:20","slug":"respire-ar-fresco-durante-o-seu-seminario-na-charente-maritima","status":"publish","type":"article","link":"https:\/\/www.myallmeeting.com\/pt-pt\/article\/respire-ar-fresco-durante-o-seu-seminario-na-charente-maritima\/","title":{"rendered":"Respire ar fresco durante o seu semin\u00e1rio na Charente-Mar\u00edtima!\u00a0"},"content":{"rendered":"<!-- START OF : Composant : block-periscope-theme-section-composant-25-texte-cta-2-images.php -->\n<div class=\"tcta2ia bg-white fs-wysiwyg mb-lg-12\" data-component=\"25-texte-cta-2-images\">\n\t<div class=\"tcta2ia__top\">\n\t\t<div class=\"container-fluid\" style=\"--bs-gutter-x: 0\">\n\t\t\t<div class=\"row\" style=\"--bs-gutter-x: 0\">\n\t\t\t\t<div class=\"col-lg-8\">\n\t\t\t\t\t\t\t\t\t\t<div class=\"bloc-mise-en-avant__top__left\">\n\t\t\t\t\t\t<img decoding=\"async\" src=\"https:\/\/www.myallmeeting.com\/wp-content\/uploads\/2019\/11\/4677-41-2-1268x846.jpg\" class=\"pe-2 pe-lg-0\" width=\"1268\" height=\"846\" alt=\"\" loading=\"lazy\" \/>\n\t\t\t\t\t<\/div>\n\t\t\t\t\t\t\t\t\t\t<div class=\"tcta2ia__bottom d-none d-lg-block pb-12 pt-lg-9 pb-lg-0 pe-lg-10\">\n\t\t\t\t\t\t\t\t\t\t\t\t<h2 class=\"fs-20 fs-lg-32 fw-semibold\">La Grande Terrasse H\u00f4tel &amp; Spa La Rochelle \u2013 MGallery<\/h2>\n\t\t\t\t\t\t\t\t\t\t\t\t\t\t\t\t\t\t<div class=\"fs-wysiwyg\"><p aria-level=\"4\"><span data-contrast=\"none\">Se prefere a majestade do mar \u00e0 agita\u00e7\u00e3o da cidade, dirija-se ao <strong><a href=\"https:\/\/myallmeeting.com\/pt-pt\/hotel\/7479-la-grande-terrasse-hotel-spa-la-rochelle-mgallery\/\">MGallery La Terrasse La Rochelle<\/a><\/strong>. Spa de \u00faltima gera\u00e7\u00e3o, terra\u00e7o natural e cozinha saborosa\u2026. Encontrar\u00e1 neste hotel-boutique <strong>um oceano de tranquilidade e bem-estar!<\/strong><\/span><strong>\u00a0<\/strong><\/p>\n<p aria-level=\"4\"><span data-contrast=\"none\">Uma experi\u00eancia relaxante que poder\u00e1 prolongar durante as suas sess\u00f5es de trabalho. Capaz de receber <strong>at\u00e9 120 pessoas<\/strong>, as seis salas modulares beneficiam todas de luz natural e algumas oferecem at\u00e9 uma vista deslumbrante sobre as ilhas de Aix e Ol\u00e9ron.<\/span><span data-ccp-props=\"{&quot;134233117&quot;:true,&quot;134233118&quot;:true,&quot;201341983&quot;:0,&quot;335551550&quot;:6,&quot;335551620&quot;:6,&quot;335557856&quot;:16119028,&quot;335559738&quot;:165,&quot;335559739&quot;:165,&quot;335559740&quot;:240}\">\u00a0<\/span><\/p>\n<p aria-level=\"4\"><span data-contrast=\"none\">A prop\u00f3sito, n\u00e3o perca a oportunidade de se aventurar fora do continente. Para descobrir estas joias da natureza, opte, conforme os seus gostos, por uma excurs\u00e3o a p\u00e9, de bicicleta ou de barco!<\/span><span data-ccp-props=\"{&quot;134233117&quot;:true,&quot;134233118&quot;:true,&quot;201341983&quot;:0,&quot;335551550&quot;:6,&quot;335551620&quot;:6,&quot;335557856&quot;:16119028,&quot;335559738&quot;:165,&quot;335559739&quot;:165,&quot;335559740&quot;:240}\">\u00a0<\/span><\/p>\n<\/div>\n\t\t\t\t\t\t\t\t\t\t\t\t<div class=\"d-flex flex-column flex-lg-row align-items-center gap-5 gap-lg-8 justify-content-between\">\n\t\t\t\t\t\t\t<div class=\"fs-20 fs-lg-26 fw-semibold lh-xs\"><\/div>\n\t\t\t\t\t\t\t\t\t\t\t\t\t<\/div>\n\t\t\t\t\t<\/div>\n\t\t\t\t<\/div>\n\t\t\t\t<div class=\"col-lg-4\">\n\t\t\t\t\t<div class=\"tcta2ia__top__right t-0 r-0 bg-primary text-white pt-4 pb-4 px-2 pt-lg-8 pb-lg-16 px-lg-11 pb-xl-30\">\n\t\t\t\t\t\t\t\t\t\t\t\t\t\t\t\t\t\t<h2 class=\"unna fs-36 fs-lg-51 fs-xl-75 fs-italic fw-normal text-secondary\">Respire ar fresco durante o seu semin\u00e1rio na Charente-Mar\u00edtima! <\/h2>\n\t\t\t\t\t\t\t\t\t\t\t\t\t\t\t\t\t\t<h3 class=\"text-white fs-18 fs-lg-20 fs-xl-28 text-original-case\">Aqui est\u00e3o quatro destinos excecionais! <\/h3>\n\t\t\t\t\t\t\t\t\t\t\t\t\t\t\t\t\t\t<div class=\"fs-wysiwyg mb-4 fs-lg-16 fs-xl-20\"><p>Para a sua pr\u00f3xima estadia profissional, sugerimos que se instale num dos nossos mais belos departamentos\u2026<\/p>\n<p>Com as suas ilhas ic\u00f3nicas, os seus carrelets elevados e os seus impressionantes salinas, a Charente-Maritime oferece aos seus visitantes um espet\u00e1culo inesquec\u00edvel.<\/p>\n<\/div>\n\t\t\t\t\t\t\t\t\t\t\t\t\t\t\t\t\t\t\t\t\t\t\t\t<p class=\"m-0\"><img decoding=\"async\" src=\"https:\/\/www.myallmeeting.com\/wp-content\/uploads\/2019\/11\/4576-44-633x398.jpg\" class=\"position-relative l-0\" width=\"633\" height=\"398\" alt=\"\" loading=\"lazy\" \/><\/p>\n\t\t\t\t\t\t\t\t\t\t\t<\/div>\n\t\t\t\t<\/div>\n\t\t\t<\/div>\n\t\t<\/div>\n\t<\/div>\n\t<div class=\"tcta2ia__bottom d-lg-none pb-12 py-lg-9 pe-lg-10\">\n\t\t\t\t<div class=\"h2 fs-20 fs-lg-32 fw-semibold\">La Grande Terrasse H\u00f4tel &amp; Spa La Rochelle \u2013 MGallery<\/div>\n\t\t\t\t\t\t<div class=\"fs-wysiwyg\"><p aria-level=\"4\"><span data-contrast=\"none\">Se prefere a majestade do mar \u00e0 agita\u00e7\u00e3o da cidade, dirija-se ao <strong><a href=\"https:\/\/myallmeeting.com\/pt-pt\/hotel\/7479-la-grande-terrasse-hotel-spa-la-rochelle-mgallery\/\">MGallery La Terrasse La Rochelle<\/a><\/strong>. Spa de \u00faltima gera\u00e7\u00e3o, terra\u00e7o natural e cozinha saborosa\u2026. Encontrar\u00e1 neste hotel-boutique <strong>um oceano de tranquilidade e bem-estar!<\/strong><\/span><strong>\u00a0<\/strong><\/p>\n<p aria-level=\"4\"><span data-contrast=\"none\">Uma experi\u00eancia relaxante que poder\u00e1 prolongar durante as suas sess\u00f5es de trabalho. Capaz de receber <strong>at\u00e9 120 pessoas<\/strong>, as seis salas modulares beneficiam todas de luz natural e algumas oferecem at\u00e9 uma vista deslumbrante sobre as ilhas de Aix e Ol\u00e9ron.<\/span><span data-ccp-props=\"{&quot;134233117&quot;:true,&quot;134233118&quot;:true,&quot;201341983&quot;:0,&quot;335551550&quot;:6,&quot;335551620&quot;:6,&quot;335557856&quot;:16119028,&quot;335559738&quot;:165,&quot;335559739&quot;:165,&quot;335559740&quot;:240}\">\u00a0<\/span><\/p>\n<p aria-level=\"4\"><span data-contrast=\"none\">A prop\u00f3sito, n\u00e3o perca a oportunidade de se aventurar fora do continente. Para descobrir estas joias da natureza, opte, conforme os seus gostos, por uma excurs\u00e3o a p\u00e9, de bicicleta ou de barco!<\/span><span data-ccp-props=\"{&quot;134233117&quot;:true,&quot;134233118&quot;:true,&quot;201341983&quot;:0,&quot;335551550&quot;:6,&quot;335551620&quot;:6,&quot;335557856&quot;:16119028,&quot;335559738&quot;:165,&quot;335559739&quot;:165,&quot;335559740&quot;:240}\">\u00a0<\/span><\/p>\n<\/div>\n\t\t\t\t<div class=\"d-flex flex-column flex-lg-row align-items-center gap-5 gap-lg-8 justify-content-between\">\n\t\t\t<div class=\"fs-20 fs-lg-26 fw-semibold lh-xs\"><\/div>\n\t\t\t\t\t<\/div>\n\t<\/div>\n<\/div>\n<!-- END OF : Composant : block-periscope-theme-section-composant-25-texte-cta-2-images.php -->\n\n\n<!-- START OF : Composant : block-periscope-theme-section-composant-33-texte-image.php -->\n<div class=\"text-image fs-wysiwyg mb-8 mb-lg-12\" data-component=\"33-texte-image\">\n\t<div class=\"container-fluid\" style=\"--bs-gutter-x: 0\">\n\t\t<div class=\"row\" style=\"--bs-gutter-x: 0\">\n\t\t\t\t\t\t<div class=\"col-lg-6 mb-7 mb-lg-0\">\n\t\t\t\t<img decoding=\"async\" src=\"https:\/\/www.myallmeeting.com\/wp-content\/uploads\/2019\/11\/4686-37-953x600.jpg\" width=\"953\" height=\"600\" alt=\"\" loading=\"lazy\" class=\"w-100\" \/>\n\t\t\t<\/div>\n\t\t\t\t\t\t<div class=\"col-lg-6\">\n\t\t\t\t<div class=\"text-image__content\">\n\t\t\t\t\t\t\t\t\t\t<div class=\"fw-semibold lh-xs fs-20 fs-lg-32 ls--25 mb-5\">Novotel Thalassa Ol\u00e9ron Saint-Trojan<\/div>\n\t\t\t\t\t\t\t\t\t\t\t\t\t\t\t<div class=\"fs-wysiwyg\">\n\t\t\t\t\t\t<p aria-level=\"4\"><span data-contrast=\"none\">Para se revitalizar na magn\u00edfica ilha de Ol\u00e9ron, v\u00e1 ao <strong><a href=\"https:\/\/myallmeeting.com\/pt-pt\/hotel\/0417-novotel-thalassa-oleron-saint-trojan\/\">Novotel<\/a> Thalassa Ol\u00e9ron Saint-Trojan<\/strong>. <strong>Aqui, a prioridade \u00e9 o relaxamento!<\/strong><\/span><strong>\u00a0<\/strong><\/p>\n<p aria-level=\"4\"><span data-contrast=\"none\">Este hotel 4 estrelas disp\u00f5e de acesso direto \u00e0 praia, de uma piscina coberta com vista para o oceano, de um restaurante especializado em produtos do mar e, sobretudo, de um excecional instituto de talassoterapia. <strong>Tr\u00eas salas de reuni\u00e3o de aproximadamente 50 m\u00b2<\/strong> tamb\u00e9m lhe permitir\u00e3o trabalhar em total tranquilidade. <strong>Perfeitamente equipadas, contribuir\u00e3o para o sucesso do seu evento e para o bem-estar dos seus participantes.<\/strong><\/span><strong>\u00a0<\/strong><\/p>\n<p aria-level=\"4\"><span data-contrast=\"none\">Portanto, se a ilha de Ol\u00e9ron, com a sua rota das ostras, as suas casas coloridas e o seu magn\u00edfico castelo lhe despertam interesse, n\u00e3o hesite! J\u00e1 sabe onde ficar. Estamos \u00e0 sua espera!<\/span><span data-ccp-props=\"{&quot;134233117&quot;:true,&quot;134233118&quot;:true,&quot;201341983&quot;:0,&quot;335551550&quot;:6,&quot;335551620&quot;:6,&quot;335557856&quot;:16119028,&quot;335559738&quot;:165,&quot;335559739&quot;:165,&quot;335559740&quot;:240}\">\u00a0<\/span><\/p>\n\t\t\t\t\t<\/div>\n\t\t\t\t\t\t\t\t\t<\/div>\n\t\t\t<\/div>        \n\t\t<\/div>\n\t<\/div>\n<\/div>\n<!-- END OF : Composant : block-periscope-theme-section-composant-33-texte-image.php -->\n\n\n<!-- START OF : Composant : block-periscope-theme-section-composant-33-texte-image.php -->\n<!-- INVERSE -->\n<div class=\"text-image fs-wysiwyg mb-8 mb-lg-12\" data-component=\"33-texte-image\" data-reverse=\"oui\">\n\t<div class=\"container-fluid\" style=\"--bs-gutter-x: 0\">\n\t\t<div class=\"row\" style=\"--bs-gutter-x: 0\">\n\t\t\t<div class=\"col-lg-6\">\n\t\t\t\t<div class=\"text-image__content\">\n\t\t\t\t\t\t\t\t\t\t<div class=\"fw-semibold lh-xs fs-20 fs-lg-32 ls--25 mb-5\">Mercure Rochefort La Corderie Royale<\/div>\n\t\t\t\t\t\t\t\t\t\t\t\t\t\t\t<div class=\"fs-wysiwyg\">\n\t\t\t\t\t\t<p aria-level=\"4\"><span data-contrast=\"none\">Testemunha de uma era dourada da Charente-Maritime, a <a href=\"https:\/\/myallmeeting.com\/pt-pt\/hotel\/b2q7-hotel-mercure-rochefort-la-corderie-royale-opening-april-2018\/\">Corderie Royale,<\/a> em Rochefort, \u00e9 uma institui\u00e7\u00e3o. At\u00e9 ao s\u00e9culo XIX, fabricavam-se aqui as cordas dos navios da marinha de guerra. Hoje, esta grande manufatura tornou-se um museu. Mas tamb\u00e9m \u00e9 poss\u00edvel hospedar-se aqui!<\/span><span data-ccp-props=\"{&quot;134233117&quot;:true,&quot;134233118&quot;:true,&quot;201341983&quot;:0,&quot;335551550&quot;:6,&quot;335551620&quot;:6,&quot;335557856&quot;:16119028,&quot;335559738&quot;:165,&quot;335559739&quot;:165,&quot;335559740&quot;:240}\">\u00a0<\/span><\/p>\n<p aria-level=\"4\"><span data-contrast=\"none\">O hotel respeita o esp\u00edrito do lugar. <strong>Com 370 m\u00b2 de \u00e1rea, 5 salas luminosas, um jardim interior arborizado e, claro, os seus quartos modernos e espa\u00e7osos,<\/strong> este prestigioso local \u00e9 muito agrad\u00e1vel para trabalhar, especialmente para conven\u00e7\u00f5es e outros eventos importantes.<\/span><span data-ccp-props=\"{&quot;134233117&quot;:true,&quot;134233118&quot;:true,&quot;201341983&quot;:0,&quot;335551550&quot;:6,&quot;335551620&quot;:6,&quot;335557856&quot;:16119028,&quot;335559738&quot;:165,&quot;335559739&quot;:165,&quot;335559740&quot;:240}\">\u00a0<\/span><\/p>\n\t\t\t\t\t<\/div>\n\t\t\t\t\t\t\t\t\t<\/div>\n\t\t\t<\/div>    \n\t\t\t    \n\t\t\t<div class=\"col-lg-6 order-first order-lg-last mb-7 mb-lg-0\">\n\t\t\t\t<img decoding=\"async\" src=\"https:\/\/www.myallmeeting.com\/wp-content\/uploads\/2019\/11\/5332-93-953x600.jpg\" width=\"953\" height=\"600\" alt=\"\" loading=\"lazy\" class=\"w-100\" \/>\n\t\t\t<\/div>\n\t\t\t\t\t<\/div>\n\t<\/div>\n<\/div>\n<!-- END OF : Composant : block-periscope-theme-section-composant-33-texte-image.php -->\n\n\n<!-- START OF : Composant : block-periscope-theme-section-composant-33-texte-image.php -->\n<div class=\"text-image fs-wysiwyg mb-8 mb-lg-12\" data-component=\"33-texte-image\">\n\t<div class=\"container-fluid\" style=\"--bs-gutter-x: 0\">\n\t\t<div class=\"row\" style=\"--bs-gutter-x: 0\">\n\t\t\t\t\t\t<div class=\"col-lg-6 mb-7 mb-lg-0\">\n\t\t\t\t<img decoding=\"async\" src=\"https:\/\/www.myallmeeting.com\/wp-content\/uploads\/2019\/11\/3598-69-953x600.jpg\" width=\"953\" height=\"600\" alt=\"\" loading=\"lazy\" class=\"w-100\" \/>\n\t\t\t<\/div>\n\t\t\t\t\t\t<div class=\"col-lg-6\">\n\t\t\t\t<div class=\"text-image__content\">\n\t\t\t\t\t\t\t\t\t\t<div class=\"fw-semibold lh-xs fs-20 fs-lg-32 ls--25 mb-5\">Ibis Styles La Rochelle Centre<\/div>\n\t\t\t\t\t\t\t\t\t\t\t\t\t\t\t<div class=\"fs-wysiwyg\">\n\t\t\t\t\t\t<p aria-level=\"4\"><span data-contrast=\"none\">A poucos passos da deslumbrante torre do Rel\u00f3gio e dos cais, o <a href=\"https:\/\/myallmeeting.com\/pt-pt\/hotel\/0914-ibis-styles-la-rochelle-centre\/\">Ibis Styles La Rochelle<\/a> n\u00e3o poderia estar melhor localizado. Poder\u00e1 passear \u00e0 vontade no charmoso porto de recreio e desfrutar do estilo de vida da Charente.<\/span><span data-ccp-props=\"{&quot;134233117&quot;:true,&quot;134233118&quot;:true,&quot;201341983&quot;:0,&quot;335551550&quot;:6,&quot;335551620&quot;:6,&quot;335557856&quot;:16119028,&quot;335559738&quot;:165,&quot;335559739&quot;:165,&quot;335559740&quot;:240}\">\u00a0<\/span><\/p>\n<p aria-level=\"4\"><span data-contrast=\"none\">No que toca ao trabalho, este hotel calmo e acolhedor n\u00e3o o desiludir\u00e1. Disponibiliza <strong>uma sala MICE de 30 m\u00b2, capaz de acolher 25 pessoas sentadas ou 40 em estilo teatro.<\/strong> Com o seu futebol de mesa e espa\u00e7o de descanso integrado, este local elegantemente decorado \u00e9 um convite ao jogo. Porque est\u00e1 provado\u2026 para trabalhar bem, \u00e9 preciso tamb\u00e9m estimular a criatividade!<\/span><span data-ccp-props=\"{&quot;134233117&quot;:true,&quot;134233118&quot;:true,&quot;201341983&quot;:0,&quot;335551550&quot;:6,&quot;335551620&quot;:6,&quot;335557856&quot;:16119028,&quot;335559738&quot;:165,&quot;335559739&quot;:165,&quot;335559740&quot;:240}\">\u00a0<\/span><\/p>\n\t\t\t\t\t<\/div>\n\t\t\t\t\t\t\t\t\t<\/div>\n\t\t\t<\/div>        \n\t\t<\/div>\n\t<\/div>\n<\/div>\n<!-- END OF : Composant : block-periscope-theme-section-composant-33-texte-image.php -->\n","protected":false},"excerpt":{"rendered":"","protected":false},"featured_media":16036966,"menu_order":0,"template":"","periscope_categorie_tax":[3515],"class_list":["post-16036965","article","type-article","status-publish","has-post-thumbnail","hentry","periscope_categorie_tax-tous-nos-tops-selections-pt-pt"],"acf":[],"yoast_head":"<title>Respire ar fresco durante o seu semin\u00e1rio na Charente-Mar\u00edtima!\u00a0 - Accor MyAllMeeting.com<\/title>\n<meta name=\"robots\" content=\"index, follow, max-snippet:-1, max-image-preview:large, max-video-preview:-1\" \/>\n<link rel=\"canonical\" href=\"https:\/\/www.myallmeeting.com\/pt-pt\/wp-json\/wp\/v2\/article\/16036965\" \/>\n<meta property=\"og:locale\" content=\"pt_PT\" \/>\n<meta property=\"og:type\" content=\"article\" \/>\n<meta property=\"og:title\" content=\"Respire ar fresco durante o seu semin\u00e1rio na Charente-Mar\u00edtima!\u00a0 - Accor MyAllMeeting.com\" \/>\n<meta property=\"og:url\" content=\"https:\/\/www.myallmeeting.com\/pt-pt\/article\/respire-ar-fresco-durante-o-seu-seminario-na-charente-maritima\/\" \/>\n<meta property=\"og:site_name\" content=\"Accor MyAllMeeting.com\" \/>\n<meta property=\"article:modified_time\" content=\"2024-07-16T13:58:20+00:00\" \/>\n<meta property=\"og:image\" content=\"http:\/\/myallmeeting.com\/wp-content\/uploads\/2019\/11\/4671-26.jpg\" \/>\n\t<meta property=\"og:image:width\" content=\"1024\" \/>\n\t<meta property=\"og:image:height\" content=\"683\" \/>\n\t<meta property=\"og:image:type\" content=\"image\/jpeg\" \/>\n<meta name=\"twitter:card\" content=\"summary_large_image\" \/>\n<meta name=\"twitter:label1\" content=\"Est. reading time\" \/>\n\t<meta name=\"twitter:data1\" content=\"4 minutes\" \/>\n<script type=\"application\/ld+json\" class=\"yoast-schema-graph\">{\"@context\":\"https:\/\/schema.org\",\"@graph\":[{\"@type\":\"WebPage\",\"@id\":\"https:\/\/www.myallmeeting.com\/pt-pt\/article\/respire-ar-fresco-durante-o-seu-seminario-na-charente-maritima\/\",\"url\":\"https:\/\/www.myallmeeting.com\/pt-pt\/article\/respire-ar-fresco-durante-o-seu-seminario-na-charente-maritima\/\",\"name\":\"Respire ar fresco durante o seu semin\u00e1rio na Charente-Mar\u00edtima!\u00a0 - Accor MyAllMeeting.com\",\"isPartOf\":{\"@id\":\"https:\/\/www.myallmeeting.com\/pt-pt\/#website\"},\"primaryImageOfPage\":{\"@id\":\"https:\/\/www.myallmeeting.com\/pt-pt\/article\/respire-ar-fresco-durante-o-seu-seminario-na-charente-maritima\/#primaryimage\"},\"image\":{\"@id\":\"https:\/\/www.myallmeeting.com\/pt-pt\/article\/respire-ar-fresco-durante-o-seu-seminario-na-charente-maritima\/#primaryimage\"},\"thumbnailUrl\":\"https:\/\/www.myallmeeting.com\/wp-content\/uploads\/2019\/11\/4671-26.jpg\",\"datePublished\":\"2019-11-25T11:11:02+00:00\",\"dateModified\":\"2024-07-16T13:58:20+00:00\",\"breadcrumb\":{\"@id\":\"https:\/\/www.myallmeeting.com\/pt-pt\/article\/respire-ar-fresco-durante-o-seu-seminario-na-charente-maritima\/#breadcrumb\"},\"inLanguage\":\"pt-PT\",\"potentialAction\":[{\"@type\":\"ReadAction\",\"target\":[\"https:\/\/www.myallmeeting.com\/pt-pt\/article\/respire-ar-fresco-durante-o-seu-seminario-na-charente-maritima\/\"]}]},{\"@type\":\"ImageObject\",\"inLanguage\":\"pt-PT\",\"@id\":\"https:\/\/www.myallmeeting.com\/pt-pt\/article\/respire-ar-fresco-durante-o-seu-seminario-na-charente-maritima\/#primaryimage\",\"url\":\"https:\/\/www.myallmeeting.com\/wp-content\/uploads\/2019\/11\/4671-26.jpg\",\"contentUrl\":\"https:\/\/www.myallmeeting.com\/wp-content\/uploads\/2019\/11\/4671-26.jpg\",\"width\":1024,\"height\":683,\"caption\":\"Longe-c\u00f4te\"},{\"@type\":\"BreadcrumbList\",\"@id\":\"https:\/\/www.myallmeeting.com\/pt-pt\/article\/respire-ar-fresco-durante-o-seu-seminario-na-charente-maritima\/#breadcrumb\",\"itemListElement\":[{\"@type\":\"ListItem\",\"position\":1,\"name\":\"P\u00e1gina inicial\",\"item\":\"https:\/\/myallmeeting.com\/pt-pt\/\"},{\"@type\":\"ListItem\",\"position\":2,\"name\":\"Not\u00edcias\",\"item\":\"https:\/\/www.myallmeeting.com\/pt-pt\/noticias\/\"},{\"@type\":\"ListItem\",\"position\":3,\"name\":\"Respire ar fresco durante o seu semin\u00e1rio na Charente-Mar\u00edtima!\u00a0\"}]},{\"@type\":\"WebSite\",\"@id\":\"https:\/\/www.myallmeeting.com\/pt-pt\/#website\",\"url\":\"https:\/\/www.myallmeeting.com\/pt-pt\/\",\"name\":\"Accor MyAllMeeting.com\",\"description\":\"Les Meilleurs lieux pour vos Ev\u00e9nements Professionnels\",\"publisher\":{\"@id\":\"https:\/\/www.myallmeeting.com\/pt-pt\/#organization\"},\"potentialAction\":[{\"@type\":\"SearchAction\",\"target\":{\"@type\":\"EntryPoint\",\"urlTemplate\":\"https:\/\/www.myallmeeting.com\/pt-pt\/?s={search_term_string}\"},\"query-input\":{\"@type\":\"PropertyValueSpecification\",\"valueRequired\":true,\"valueName\":\"search_term_string\"}}],\"inLanguage\":\"pt-PT\"},{\"@type\":\"Organization\",\"@id\":\"https:\/\/www.myallmeeting.com\/pt-pt\/#organization\",\"name\":\"ACCOR\",\"url\":\"https:\/\/www.myallmeeting.com\/pt-pt\/\",\"logo\":{\"@type\":\"ImageObject\",\"inLanguage\":\"pt-PT\",\"@id\":\"https:\/\/www.myallmeeting.com\/pt-pt\/#\/schema\/logo\/image\/\",\"url\":\"\",\"contentUrl\":\"\",\"caption\":\"ACCOR\"},\"image\":{\"@id\":\"https:\/\/www.myallmeeting.com\/pt-pt\/#\/schema\/logo\/image\/\"}}]}<\/script>","yoast_head_json":{"title":"Respire ar fresco durante o seu semin\u00e1rio na Charente-Mar\u00edtima!\u00a0 - Accor MyAllMeeting.com","robots":{"index":"index","follow":"follow","max-snippet":"max-snippet:-1","max-image-preview":"max-image-preview:large","max-video-preview":"max-video-preview:-1"},"canonical":"https:\/\/www.myallmeeting.com\/pt-pt\/wp-json\/wp\/v2\/article\/16036965","og_locale":"pt_PT","og_type":"article","og_title":"Respire ar fresco durante o seu semin\u00e1rio na Charente-Mar\u00edtima!\u00a0 - Accor MyAllMeeting.com","og_url":"https:\/\/www.myallmeeting.com\/pt-pt\/article\/respire-ar-fresco-durante-o-seu-seminario-na-charente-maritima\/","og_site_name":"Accor MyAllMeeting.com","article_modified_time":"2024-07-16T13:58:20+00:00","og_image":[{"width":1024,"height":683,"url":"http:\/\/myallmeeting.com\/wp-content\/uploads\/2019\/11\/4671-26.jpg","type":"image\/jpeg"}],"twitter_card":"summary_large_image","twitter_misc":{"Est. reading time":"4 minutes"},"schema":{"@context":"https:\/\/schema.org","@graph":[{"@type":"WebPage","@id":"https:\/\/www.myallmeeting.com\/pt-pt\/article\/respire-ar-fresco-durante-o-seu-seminario-na-charente-maritima\/","url":"https:\/\/www.myallmeeting.com\/pt-pt\/article\/respire-ar-fresco-durante-o-seu-seminario-na-charente-maritima\/","name":"Respire ar fresco durante o seu semin\u00e1rio na Charente-Mar\u00edtima!\u00a0 - Accor MyAllMeeting.com","isPartOf":{"@id":"https:\/\/www.myallmeeting.com\/pt-pt\/#website"},"primaryImageOfPage":{"@id":"https:\/\/www.myallmeeting.com\/pt-pt\/article\/respire-ar-fresco-durante-o-seu-seminario-na-charente-maritima\/#primaryimage"},"image":{"@id":"https:\/\/www.myallmeeting.com\/pt-pt\/article\/respire-ar-fresco-durante-o-seu-seminario-na-charente-maritima\/#primaryimage"},"thumbnailUrl":"https:\/\/www.myallmeeting.com\/wp-content\/uploads\/2019\/11\/4671-26.jpg","datePublished":"2019-11-25T11:11:02+00:00","dateModified":"2024-07-16T13:58:20+00:00","breadcrumb":{"@id":"https:\/\/www.myallmeeting.com\/pt-pt\/article\/respire-ar-fresco-durante-o-seu-seminario-na-charente-maritima\/#breadcrumb"},"inLanguage":"pt-PT","potentialAction":[{"@type":"ReadAction","target":["https:\/\/www.myallmeeting.com\/pt-pt\/article\/respire-ar-fresco-durante-o-seu-seminario-na-charente-maritima\/"]}]},{"@type":"ImageObject","inLanguage":"pt-PT","@id":"https:\/\/www.myallmeeting.com\/pt-pt\/article\/respire-ar-fresco-durante-o-seu-seminario-na-charente-maritima\/#primaryimage","url":"https:\/\/www.myallmeeting.com\/wp-content\/uploads\/2019\/11\/4671-26.jpg","contentUrl":"https:\/\/www.myallmeeting.com\/wp-content\/uploads\/2019\/11\/4671-26.jpg","width":1024,"height":683,"caption":"Longe-c\u00f4te"},{"@type":"BreadcrumbList","@id":"https:\/\/www.myallmeeting.com\/pt-pt\/article\/respire-ar-fresco-durante-o-seu-seminario-na-charente-maritima\/#breadcrumb","itemListElement":[{"@type":"ListItem","position":1,"name":"P\u00e1gina inicial","item":"https:\/\/myallmeeting.com\/pt-pt\/"},{"@type":"ListItem","position":2,"name":"Not\u00edcias","item":"https:\/\/www.myallmeeting.com\/pt-pt\/noticias\/"},{"@type":"ListItem","position":3,"name":"Respire ar fresco durante o seu semin\u00e1rio na Charente-Mar\u00edtima!\u00a0"}]},{"@type":"WebSite","@id":"https:\/\/www.myallmeeting.com\/pt-pt\/#website","url":"https:\/\/www.myallmeeting.com\/pt-pt\/","name":"Accor MyAllMeeting.com","description":"Les Meilleurs lieux pour vos Ev\u00e9nements Professionnels","publisher":{"@id":"https:\/\/www.myallmeeting.com\/pt-pt\/#organization"},"potentialAction":[{"@type":"SearchAction","target":{"@type":"EntryPoint","urlTemplate":"https:\/\/www.myallmeeting.com\/pt-pt\/?s={search_term_string}"},"query-input":{"@type":"PropertyValueSpecification","valueRequired":true,"valueName":"search_term_string"}}],"inLanguage":"pt-PT"},{"@type":"Organization","@id":"https:\/\/www.myallmeeting.com\/pt-pt\/#organization","name":"ACCOR","url":"https:\/\/www.myallmeeting.com\/pt-pt\/","logo":{"@type":"ImageObject","inLanguage":"pt-PT","@id":"https:\/\/www.myallmeeting.com\/pt-pt\/#\/schema\/logo\/image\/","url":"","contentUrl":"","caption":"ACCOR"},"image":{"@id":"https:\/\/www.myallmeeting.com\/pt-pt\/#\/schema\/logo\/image\/"}}]}},"_links":{"self":[{"href":"https:\/\/www.myallmeeting.com\/pt-pt\/wp-json\/wp\/v2\/article\/16036965","targetHints":{"allow":["GET"]}}],"collection":[{"href":"https:\/\/www.myallmeeting.com\/pt-pt\/wp-json\/wp\/v2\/article"}],"about":[{"href":"https:\/\/www.myallmeeting.com\/pt-pt\/wp-json\/wp\/v2\/types\/article"}],"wp:featuredmedia":[{"embeddable":true,"href":"https:\/\/www.myallmeeting.com\/pt-pt\/wp-json\/wp\/v2\/media\/16036966"}],"wp:attachment":[{"href":"https:\/\/www.myallmeeting.com\/pt-pt\/wp-json\/wp\/v2\/media?parent=16036965"}],"wp:term":[{"taxonomy":"periscope_categorie_tax","embeddable":true,"href":"https:\/\/www.myallmeeting.com\/pt-pt\/wp-json\/wp\/v2\/periscope_categorie_tax?post=16036965"}],"curies":[{"name":"wp","href":"https:\/\/api.w.org\/{rel}","templated":true}]}}