{"id":16036924,"date":"2021-05-18T11:23:22","date_gmt":"2021-05-18T09:23:22","guid":{"rendered":"https:\/\/myallmeeting.com\/article\/nos-adresses-avec-rooftop-a-paris\/"},"modified":"2024-07-16T14:50:45","modified_gmt":"2024-07-16T12:50:45","slug":"as-nossas-moradas-com-rooftop-em-paris","status":"publish","type":"article","link":"https:\/\/www.myallmeeting.com\/pt-pt\/article\/as-nossas-moradas-com-rooftop-em-paris\/","title":{"rendered":"As nossas moradas com rooftop em Paris!\u00a0\u00a0"},"content":{"rendered":"<!-- START OF : Composant : block-periscope-theme-section-composant-25-texte-cta-2-images.php -->\n<div class=\"tcta2ia bg-white fs-wysiwyg mb-lg-12\" data-component=\"25-texte-cta-2-images\">\n\t<div class=\"tcta2ia__top\">\n\t\t<div class=\"container-fluid\" style=\"--bs-gutter-x: 0\">\n\t\t\t<div class=\"row\" style=\"--bs-gutter-x: 0\">\n\t\t\t\t<div class=\"col-lg-8\">\n\t\t\t\t\t\t\t\t\t\t<div class=\"bloc-mise-en-avant__top__left\">\n\t\t\t\t\t\t<img decoding=\"async\" src=\"https:\/\/www.myallmeeting.com\/wp-content\/uploads\/2021\/05\/5806-50-1268x846.jpg\" class=\"pe-2 pe-lg-0\" width=\"1268\" height=\"846\" alt=\"rooftop privatisable paris\" loading=\"lazy\" \/>\n\t\t\t\t\t<\/div>\n\t\t\t\t\t\t\t\t\t\t<div class=\"tcta2ia__bottom d-none d-lg-block pb-12 pt-lg-9 pb-lg-0 pe-lg-10\">\n\t\t\t\t\t\t\t\t\t\t\t\t<h2 class=\"fs-20 fs-lg-32 fw-semibold\">Novotel Paris Porte de Versailles<\/h2>\n\t\t\t\t\t\t\t\t\t\t\t\t\t\t\t\t\t\t<div class=\"fs-wysiwyg\"><p><strong>Vista completa da Torre Eiffel\u00a0<\/strong><\/p>\n<p><span data-contrast=\"none\">O <a href=\"https:\/\/myallmeeting.com\/pt-pt\/hotel\/a7l6-novotel-paris-porte-de-versailles-opening-in-january-2020\/\">Novotel Paris Porte de Versailles<\/a> \u00e9 um hotel situado no bairro da Porte de Versailles. Situado \u00e0 entrada do parque Paris Expo, junto \u00e0 entrada B, disp\u00f5e de um acesso a partir do Pavilh\u00e3o 6. <strong>Com arquitetura contempor\u00e2nea e elegante<\/strong>, o estabelecimento tamb\u00e9m surpreende: espa\u00e7os de conviv\u00eancia incomuns, salas de reuni\u00e3o de \u00faltima gera\u00e7\u00e3o e restaura\u00e7\u00e3o original com sabores da Proven\u00e7a. <strong>O destaque: o Pedzouille, a sua \u201cquinta rooftop\u201d<\/strong>\u2026 O melhor para <strong>uma restaura\u00e7\u00e3o convivial e aut\u00eantica<\/strong> este ver\u00e3o com vista para a Torre Eiffel!\u00a0<\/span><span data-ccp-props=\"{&quot;201341983&quot;:0,&quot;335551550&quot;:6,&quot;335551620&quot;:6,&quot;335557856&quot;:16119028,&quot;335559738&quot;:165,&quot;335559739&quot;:165,&quot;335559740&quot;:240}\">\u00a0<\/span><\/p>\n<\/div>\n\t\t\t\t\t\t\t\t\t\t\t\t<div class=\"d-flex flex-column flex-lg-row align-items-center gap-5 gap-lg-8 justify-content-between\">\n\t\t\t\t\t\t\t<div class=\"fs-20 fs-lg-26 fw-semibold lh-xs\"><\/div>\n\t\t\t\t\t\t\t\t\t\t\t\t\t<\/div>\n\t\t\t\t\t<\/div>\n\t\t\t\t<\/div>\n\t\t\t\t<div class=\"col-lg-4\">\n\t\t\t\t\t<div class=\"tcta2ia__top__right t-0 r-0 bg-primary text-white pt-4 pb-4 px-2 pt-lg-8 pb-lg-16 px-lg-11 pb-xl-30\">\n\t\t\t\t\t\t\t\t\t\t\t\t\t\t\t\t\t\t<h2 class=\"unna fs-36 fs-lg-51 fs-xl-75 fs-italic fw-normal text-secondary\">As nossas moradas com rooftop em Paris!<\/h2>\n\t\t\t\t\t\t\t\t\t\t\t\t\t\t\t\t\t\t<h3 class=\"text-white fs-18 fs-lg-20 fs-xl-28 text-original-case\">Essenciais para partilhar momentos de descontra\u00e7\u00e3o e conv\u00edvio entre colaboradores, os rooftops (terra\u00e7os nos telhados) permitem unir o \u00fatil ao agrad\u00e1vel.<\/h3>\n\t\t\t\t\t\t\t\t\t\t\t\t\t\t\t\t\t\t<div class=\"fs-wysiwyg mb-4 fs-lg-16 fs-xl-20\"><p><strong><em><span data-contrast=\"none\" xml:lang=\"PT-PT\" lang=\"PT-PT\" class=\"TextRun SCXW224520133 BCX0\"><span class=\"NormalTextRun SCXW224520133 BCX0\">A Accor prop\u00f5e uma sele\u00e7\u00e3o de 6 locais inspiradores para tomar um caf\u00e9, um cocktail ou almo\u00e7ar ao ar livre, com a panor\u00e2mica de Paris aos seus p\u00e9s! Para os seus eventos, estes <\/span><span class=\"NormalTextRun SpellingErrorV2Themed SCXW224520133 BCX0\">rooftops<\/span><span class=\"NormalTextRun SCXW224520133 BCX0\"> em Paris s\u00e3o privatiz\u00e1veis.<\/span><\/span><span class=\"EOP SCXW224520133 BCX0\" data-ccp-props=\"{&quot;201341983&quot;:0,&quot;335551550&quot;:6,&quot;335551620&quot;:6,&quot;335557856&quot;:16119028,&quot;335559739&quot;:165,&quot;335559740&quot;:240}\">\u00a0<\/span><\/em><\/strong><\/p>\n<\/div>\n\t\t\t\t\t\t\t\t\t\t\t\t\t\t\t\t\t\t\t\t\t\t\t\t<p class=\"m-0\"><img decoding=\"async\" src=\"https:\/\/www.myallmeeting.com\/wp-content\/uploads\/2021\/05\/5806-51-633x398.jpg\" class=\"position-relative l-0\" width=\"633\" height=\"398\" alt=\"rooftop privatisable paris\" loading=\"lazy\" \/><\/p>\n\t\t\t\t\t\t\t\t\t\t\t<\/div>\n\t\t\t\t<\/div>\n\t\t\t<\/div>\n\t\t<\/div>\n\t<\/div>\n\t<div class=\"tcta2ia__bottom d-lg-none pb-12 py-lg-9 pe-lg-10\">\n\t\t\t\t<div class=\"h2 fs-20 fs-lg-32 fw-semibold\">Novotel Paris Porte de Versailles<\/div>\n\t\t\t\t\t\t<div class=\"fs-wysiwyg\"><p><strong>Vista completa da Torre Eiffel\u00a0<\/strong><\/p>\n<p><span data-contrast=\"none\">O <a href=\"https:\/\/myallmeeting.com\/pt-pt\/hotel\/a7l6-novotel-paris-porte-de-versailles-opening-in-january-2020\/\">Novotel Paris Porte de Versailles<\/a> \u00e9 um hotel situado no bairro da Porte de Versailles. Situado \u00e0 entrada do parque Paris Expo, junto \u00e0 entrada B, disp\u00f5e de um acesso a partir do Pavilh\u00e3o 6. <strong>Com arquitetura contempor\u00e2nea e elegante<\/strong>, o estabelecimento tamb\u00e9m surpreende: espa\u00e7os de conviv\u00eancia incomuns, salas de reuni\u00e3o de \u00faltima gera\u00e7\u00e3o e restaura\u00e7\u00e3o original com sabores da Proven\u00e7a. <strong>O destaque: o Pedzouille, a sua \u201cquinta rooftop\u201d<\/strong>\u2026 O melhor para <strong>uma restaura\u00e7\u00e3o convivial e aut\u00eantica<\/strong> este ver\u00e3o com vista para a Torre Eiffel!\u00a0<\/span><span data-ccp-props=\"{&quot;201341983&quot;:0,&quot;335551550&quot;:6,&quot;335551620&quot;:6,&quot;335557856&quot;:16119028,&quot;335559738&quot;:165,&quot;335559739&quot;:165,&quot;335559740&quot;:240}\">\u00a0<\/span><\/p>\n<\/div>\n\t\t\t\t<div class=\"d-flex flex-column flex-lg-row align-items-center gap-5 gap-lg-8 justify-content-between\">\n\t\t\t<div class=\"fs-20 fs-lg-26 fw-semibold lh-xs\"><\/div>\n\t\t\t\t\t<\/div>\n\t<\/div>\n<\/div>\n<!-- END OF : Composant : block-periscope-theme-section-composant-25-texte-cta-2-images.php -->\n\n\n<!-- START OF : Composant : block-periscope-theme-section-composant-33-texte-image.php -->\n<div class=\"text-image fs-wysiwyg mb-8 mb-lg-12\" data-component=\"33-texte-image\">\n\t<div class=\"container-fluid\" style=\"--bs-gutter-x: 0\">\n\t\t<div class=\"row\" style=\"--bs-gutter-x: 0\">\n\t\t\t\t\t\t<div class=\"col-lg-6 mb-7 mb-lg-0\">\n\t\t\t\t<img decoding=\"async\" src=\"https:\/\/www.myallmeeting.com\/wp-content\/uploads\/2021\/05\/Ibis-Styles-Paris-Bercy-3-953x600.jpg\" width=\"953\" height=\"600\" alt=\"rooftop privatisable paris\" loading=\"lazy\" class=\"w-100\" \/>\n\t\t\t<\/div>\n\t\t\t\t\t\t<div class=\"col-lg-6\">\n\t\t\t\t<div class=\"text-image__content\">\n\t\t\t\t\t\t\t\t\t\t<div class=\"fw-semibold lh-xs fs-20 fs-lg-32 ls--25 mb-5\">Ibis Styles Paris Bercy<\/div>\n\t\t\t\t\t\t\t\t\t\t\t\t\t\t\t<div class=\"fs-wysiwyg\">\n\t\t\t\t\t\t<p aria-level=\"4\"><strong>Um rooftop ao vento\u00a0<\/strong><\/p>\n<p aria-level=\"4\"><span data-contrast=\"none\">No hotel<a href=\"https:\/\/myallmeeting.com\/pt-pt\/hotel\/0941-ibis-styles-paris-bercy\/\"> Ibis Styles Paris Bercy<\/a>, as palavras-chave s\u00e3o <strong>convivialidade e simplicidade<\/strong>. No cora\u00e7\u00e3o do Bercy Village, a poucos passos da Accor Arena e da esta\u00e7\u00e3o Gare de Lyon, a 10 minutos de metro do centro da capital, a <strong>sua localiza\u00e7\u00e3o \u00e9 ideal.<\/strong> Destaque para o \u201cdesign\u201d, obra de v\u00e1rios artistas de street art europeus, que estimula a criatividade e inspira boa disposi\u00e7\u00e3o!\u00a0<\/span><span data-ccp-props=\"{&quot;134233117&quot;:true,&quot;134233118&quot;:true,&quot;201341983&quot;:0,&quot;335551550&quot;:6,&quot;335551620&quot;:6,&quot;335557856&quot;:16119028,&quot;335559739&quot;:160,&quot;335559740&quot;:240}\">\u00a0<\/span><\/p>\n<p aria-level=\"4\"><span data-contrast=\"none\">Em termos de descontra\u00e7\u00e3o, o rooftop do hotel \u00e9 \u00fanico: um espa\u00e7o de trabalho e lazer de 1.000 m\u00b2 com vista para o parque de Bercy. No programa, <strong>cocktails, jantar \u201cfood truck\u201d e afterwork.<\/strong> O ambiente \u00e9 descontra\u00eddo, acolhedor e moderno!<\/span><span data-ccp-props=\"{&quot;134233117&quot;:true,&quot;134233118&quot;:true,&quot;201341983&quot;:0,&quot;335551550&quot;:6,&quot;335551620&quot;:6,&quot;335557856&quot;:16119028,&quot;335559739&quot;:160,&quot;335559740&quot;:240}\">\u00a0<\/span><\/p>\n\t\t\t\t\t<\/div>\n\t\t\t\t\t\t\t\t\t<\/div>\n\t\t\t<\/div>        \n\t\t<\/div>\n\t<\/div>\n<\/div>\n<!-- END OF : Composant : block-periscope-theme-section-composant-33-texte-image.php -->\n\n\n<!-- START OF : Composant : block-periscope-theme-section-composant-33-texte-image.php -->\n<!-- INVERSE -->\n<div class=\"text-image fs-wysiwyg mb-8 mb-lg-12\" data-component=\"33-texte-image\" data-reverse=\"oui\">\n\t<div class=\"container-fluid\" style=\"--bs-gutter-x: 0\">\n\t\t<div class=\"row\" style=\"--bs-gutter-x: 0\">\n\t\t\t<div class=\"col-lg-6\">\n\t\t\t\t<div class=\"text-image__content\">\n\t\t\t\t\t\t\t\t\t\t<div class=\"fw-semibold lh-xs fs-20 fs-lg-32 ls--25 mb-5\">Mercure Paris Montmartre Sacr\u00e9-C\u0153ur<\/div>\n\t\t\t\t\t\t\t\t\t\t\t\t\t\t\t<div class=\"fs-wysiwyg\">\n\t\t\t\t\t\t<p aria-level=\"4\"><strong>Um pequeno peda\u00e7o de para\u00edso\u00a0<\/strong><\/p>\n<p aria-level=\"4\"><span data-contrast=\"none\"><strong>Situado no cora\u00e7\u00e3o da intensa vida parisiense<\/strong> (pr\u00f3ximo do Sacr\u00e9-C\u0153ur, perto dos Grands Magasins, de Pigalle e do Moulin Rouge), o hotel de 4 estrelas <a href=\"https:\/\/myallmeeting.com\/pt-pt\/hotel\/0373-hotel-mercure-paris-montmartre-sacre-coeur\/\">Mercure Paris Montmartre Sacr\u00e9-C\u0153ur<\/a> oferece desde os seus quartos <strong>uma vista deslumbrante sobre a bas\u00edlica e a Torre Eiffel!<\/strong><\/span><strong>\u00a0<\/strong><\/p>\n<p aria-level=\"4\"><span data-contrast=\"none\">Mas o seu charme secreto \u00e9 o seu <strong>terra\u00e7o no rooftop: um lugar privilegiado de descontra\u00e7\u00e3o<\/strong> para aproveitar, de dia ou de noite, o sossego e a frescura no meio do tumulto urbano. Seja para beber um copo entre colegas ou para relaxar, <strong>o verdadeiro luxo de um momento de bem-estar!<\/strong><\/span><strong>\u00a0<\/strong><\/p>\n\t\t\t\t\t<\/div>\n\t\t\t\t\t\t\t\t\t<\/div>\n\t\t\t<\/div>    \n\t\t\t    \n\t\t\t<div class=\"col-lg-6 order-first order-lg-last mb-7 mb-lg-0\">\n\t\t\t\t<img decoding=\"async\" src=\"https:\/\/www.myallmeeting.com\/wp-content\/uploads\/2021\/05\/Mercure-Paris-Montmartre-Sacre-Coeur-3-953x600.jpg\" width=\"953\" height=\"600\" alt=\"rooftop privatisable paris\" loading=\"lazy\" class=\"w-100\" \/>\n\t\t\t<\/div>\n\t\t\t\t\t<\/div>\n\t<\/div>\n<\/div>\n<!-- END OF : Composant : block-periscope-theme-section-composant-33-texte-image.php -->\n\n\n<!-- START OF : Composant : block-periscope-theme-section-composant-33-texte-image.php -->\n<div class=\"text-image fs-wysiwyg mb-8 mb-lg-12\" data-component=\"33-texte-image\">\n\t<div class=\"container-fluid\" style=\"--bs-gutter-x: 0\">\n\t\t<div class=\"row\" style=\"--bs-gutter-x: 0\">\n\t\t\t\t\t\t<div class=\"col-lg-6 mb-7 mb-lg-0\">\n\t\t\t\t<img decoding=\"async\" src=\"https:\/\/www.myallmeeting.com\/wp-content\/uploads\/2021\/05\/Mama-paris-West-953x600.jpg\" width=\"953\" height=\"600\" alt=\"rooftop privatisable paris\" loading=\"lazy\" class=\"w-100\" \/>\n\t\t\t<\/div>\n\t\t\t\t\t\t<div class=\"col-lg-6\">\n\t\t\t\t<div class=\"text-image__content\">\n\t\t\t\t\t\t\t\t\t\t<div class=\"fw-semibold lh-xs fs-20 fs-lg-32 ls--25 mb-5\">Mama Shelter Paris West <\/div>\n\t\t\t\t\t\t\t\t\t\t\t\t\t\t\t<div class=\"fs-wysiwyg\">\n\t\t\t\t\t\t<p aria-level=\"4\"><strong>Um ninho por cima dos telhados\u00a0<\/strong><\/p>\n<p aria-level=\"4\"><span data-contrast=\"none\"><strong>No Mama, vai se sentir em casa.<\/strong> No <a href=\"https:\/\/myallmeeting.com\/pt-pt\/hotel\/b1c3-mama-shelter-paris-west-ouverture-decembre-2019\/\">seu hotel na Porte de Versailles<\/a>, encontrar\u00e1 quartos contempor\u00e2neos e ultraconfort\u00e1veis decorados por Dion &amp; Arles (os c\u00e9lebres decoradores de interiores), uma cama de 5 estrelas, produtos de cuidado biol\u00f3gicos, uma restaura\u00e7\u00e3o caseira e um pessoal atencioso.<\/span><span data-ccp-props=\"{&quot;134233117&quot;:true,&quot;134233118&quot;:true,&quot;201341983&quot;:0,&quot;335551550&quot;:6,&quot;335551620&quot;:6,&quot;335557856&quot;:16119028,&quot;335559739&quot;:160,&quot;335559740&quot;:240}\">\u00a0<\/span><\/p>\n<p aria-level=\"4\"><span data-contrast=\"none\">A cereja no topo do bolo \u00e9 este <strong>ref\u00fagio urbano<\/strong> que tamb\u00e9m tem um rooftop com vista panor\u00e2mica sobre os telhados da capital. V\u00e1rios espa\u00e7os exteriores e interiores foram pensados para desfrutar do momento independentemente do tempo. <strong>No menu: pizza, pequeno-almo\u00e7o, cocktails e, se lhe apetecer, ping-pong!\u00a0<\/strong><\/span><strong>\u00a0<\/strong><\/p>\n\t\t\t\t\t<\/div>\n\t\t\t\t\t\t\t\t\t<\/div>\n\t\t\t<\/div>        \n\t\t<\/div>\n\t<\/div>\n<\/div>\n<!-- END OF : Composant : block-periscope-theme-section-composant-33-texte-image.php -->\n\n\n<!-- START OF : Composant : block-periscope-theme-section-composant-33-texte-image.php -->\n<!-- INVERSE -->\n<div class=\"text-image fs-wysiwyg mb-8 mb-lg-12\" data-component=\"33-texte-image\" data-reverse=\"oui\">\n\t<div class=\"container-fluid\" style=\"--bs-gutter-x: 0\">\n\t\t<div class=\"row\" style=\"--bs-gutter-x: 0\">\n\t\t\t<div class=\"col-lg-6\">\n\t\t\t\t<div class=\"text-image__content\">\n\t\t\t\t\t\t\t\t\t\t<div class=\"fw-semibold lh-xs fs-20 fs-lg-32 ls--25 mb-5\">Pullman Paris Montparnasse<\/div>\n\t\t\t\t\t\t\t\t\t\t\t\t\t\t\t<div class=\"fs-wysiwyg\">\n\t\t\t\t\t\t<p aria-level=\"4\"><strong>Uma experi\u00eancia panor\u00e2mica\u00a0<\/strong><\/p>\n<p aria-level=\"4\"><span data-contrast=\"none\">No <strong>cora\u00e7\u00e3o de um bairro em completa moderniza\u00e7\u00e3o,<\/strong> <a href=\"https:\/\/myallmeeting.com\/pt-pt\/hotel\/8189-pullman-paris-montparnasse\/\">este famoso hotel<\/a> de neg\u00f3cios oferece, por detr\u00e1s da sua fachada envidra\u00e7ada, o luxo de 957 quartos renovados. <strong>5.000 m\u00b2 de espa\u00e7os s\u00e3o dedicados a eventos e reuni\u00f5es<\/strong>, incluindo v\u00e1rias de grande capacidade (uma sala plen\u00e1ria de <strong>742 m\u00b2<\/strong>, com um p\u00e9-direito de 7 metros).<\/span><span data-ccp-props=\"{&quot;134233117&quot;:true,&quot;134233118&quot;:true,&quot;201341983&quot;:0,&quot;335551550&quot;:6,&quot;335551620&quot;:6,&quot;335557856&quot;:16119028,&quot;335559739&quot;:160,&quot;335559740&quot;:240}\">\u00a0<\/span><\/p>\n<p aria-level=\"4\"><span data-contrast=\"none\"><strong>O rooftop, que domina Paris do alto do seu 32.\u00ba e \u00faltimo andar<\/strong>, est\u00e1 \u00e0 altura deste imenso hotel: vistas espetaculares sobre toda a Cidade-Luz! Para almo\u00e7os ou jantares de neg\u00f3cios inspiradores\u2026<\/span><span data-ccp-props=\"{&quot;134233117&quot;:true,&quot;134233118&quot;:true,&quot;201341983&quot;:0,&quot;335551550&quot;:6,&quot;335551620&quot;:6,&quot;335557856&quot;:16119028,&quot;335559739&quot;:160,&quot;335559740&quot;:240}\">\u00a0<\/span><\/p>\n\t\t\t\t\t<\/div>\n\t\t\t\t\t\t\t\t\t<\/div>\n\t\t\t<\/div>    \n\t\t\t    \n\t\t\t<div class=\"col-lg-6 order-first order-lg-last mb-7 mb-lg-0\">\n\t\t\t\t<img decoding=\"async\" src=\"https:\/\/www.myallmeeting.com\/wp-content\/uploads\/2021\/05\/6409-72-953x600.jpg\" width=\"953\" height=\"600\" alt=\"rooftop privatisable paris\" loading=\"lazy\" class=\"w-100\" \/>\n\t\t\t<\/div>\n\t\t\t\t\t<\/div>\n\t<\/div>\n<\/div>\n<!-- END OF : Composant : block-periscope-theme-section-composant-33-texte-image.php -->\n\n\n<!-- START OF : Composant : block-periscope-theme-section-composant-33-texte-image.php -->\n<div class=\"text-image fs-wysiwyg mb-8 mb-lg-12\" data-component=\"33-texte-image\">\n\t<div class=\"container-fluid\" style=\"--bs-gutter-x: 0\">\n\t\t<div class=\"row\" style=\"--bs-gutter-x: 0\">\n\t\t\t\t\t\t<div class=\"col-lg-6 mb-7 mb-lg-0\">\n\t\t\t\t<img decoding=\"async\" src=\"https:\/\/www.myallmeeting.com\/wp-content\/uploads\/2021\/05\/Hotel-Molitor-Paris-MGallery-8-953x600.jpg\" width=\"953\" height=\"600\" alt=\"rooftop privatisable paris\" loading=\"lazy\" class=\"w-100\" \/>\n\t\t\t<\/div>\n\t\t\t\t\t\t<div class=\"col-lg-6\">\n\t\t\t\t<div class=\"text-image__content\">\n\t\t\t\t\t\t\t\t\t\t<div class=\"fw-semibold lh-xs fs-20 fs-lg-32 ls--25 mb-5\">H\u00f4tel Molitor Paris MGallery<\/div>\n\t\t\t\t\t\t\t\t\t\t\t\t\t\t\t<div class=\"fs-wysiwyg\">\n\t\t\t\t\t\t<p aria-level=\"4\"><strong>Ponto de vista excecional\u00a0<\/strong><\/p>\n<p aria-level=\"4\"><span data-contrast=\"none\">Hotel de 5 estrelas no 16.\u00ba arrondissement de Paris, o <a href=\"https:\/\/myallmeeting.com\/pt-pt\/hotel\/7326-molitor-hotel-spa-paris-mgallery-collection\/\">Molitor MGallery<\/a> \u00e9, antes de mais, <strong>um local parisiense excecional,<\/strong> a famosa piscina dos anos 1920, classificada como Monumento Hist\u00f3rico.<strong> \u00c9 tamb\u00e9m todo o requinte e luxo \u00e0 francesa<\/strong>. O estabelecimento, implantado em torno das duas piscinas, oferece 117 quartos e 7 su\u00edtes de \u201cdesign\u201d s\u00f3brio e elegante, acesso \u00e0s duas piscinas aquecidas a 28\u00b0 durante todo o ano, um spa e dois restaurantes.<\/span><span data-ccp-props=\"{&quot;134233117&quot;:true,&quot;134233118&quot;:true,&quot;201341983&quot;:0,&quot;335551550&quot;:6,&quot;335551620&quot;:6,&quot;335557856&quot;:16119028,&quot;335559739&quot;:160,&quot;335559740&quot;:240}\">\u00a0<\/span><\/p>\n<p aria-level=\"4\"><span data-contrast=\"none\">Se deseja apanhar ar, sol\u2026 e ganhar altitude, <strong>dirija-se ao rooftop privatiz\u00e1vel<\/strong>, que pode acolher at\u00e9 120 pessoas. <strong>A vista sobre as piscinas, a Torre Eiffel e os telhados de Paris \u00e9 m\u00e1gica!<\/strong><\/span><strong>\u00a0<\/strong><\/p>\n\t\t\t\t\t<\/div>\n\t\t\t\t\t\t\t\t\t<\/div>\n\t\t\t<\/div>        \n\t\t<\/div>\n\t<\/div>\n<\/div>\n<!-- END OF : Composant : block-periscope-theme-section-composant-33-texte-image.php -->\n","protected":false},"excerpt":{"rendered":"","protected":false},"featured_media":15964833,"menu_order":0,"template":"","periscope_categorie_tax":[3515],"class_list":["post-16036924","article","type-article","status-publish","has-post-thumbnail","hentry","periscope_categorie_tax-tous-nos-tops-selections-pt-pt"],"acf":[],"yoast_head":"<title>As nossas moradas com rooftop em Paris!\u00a0\u00a0 - Accor MyAllMeeting.com<\/title>\n<meta name=\"robots\" content=\"index, follow, max-snippet:-1, max-image-preview:large, max-video-preview:-1\" \/>\n<link rel=\"canonical\" href=\"https:\/\/www.myallmeeting.com\/pt-pt\/wp-json\/wp\/v2\/article\/16036924\" \/>\n<meta property=\"og:locale\" content=\"pt_PT\" \/>\n<meta property=\"og:type\" content=\"article\" \/>\n<meta property=\"og:title\" content=\"As nossas moradas com rooftop em Paris!\u00a0\u00a0 - Accor MyAllMeeting.com\" \/>\n<meta property=\"og:url\" content=\"https:\/\/www.myallmeeting.com\/pt-pt\/article\/as-nossas-moradas-com-rooftop-em-paris\/\" \/>\n<meta property=\"og:site_name\" content=\"Accor MyAllMeeting.com\" \/>\n<meta property=\"article:modified_time\" content=\"2024-07-16T12:50:45+00:00\" \/>\n<meta property=\"og:image\" content=\"http:\/\/myallmeeting.com\/wp-content\/uploads\/2021\/05\/Paris-aerial-view.png\" \/>\n\t<meta property=\"og:image:width\" content=\"1920\" \/>\n\t<meta property=\"og:image:height\" content=\"570\" \/>\n\t<meta property=\"og:image:type\" content=\"image\/png\" \/>\n<meta name=\"twitter:card\" content=\"summary_large_image\" \/>\n<meta name=\"twitter:label1\" content=\"Est. reading time\" \/>\n\t<meta name=\"twitter:data1\" content=\"6 minutes\" \/>\n<script type=\"application\/ld+json\" class=\"yoast-schema-graph\">{\"@context\":\"https:\/\/schema.org\",\"@graph\":[{\"@type\":\"WebPage\",\"@id\":\"https:\/\/www.myallmeeting.com\/pt-pt\/article\/as-nossas-moradas-com-rooftop-em-paris\/\",\"url\":\"https:\/\/www.myallmeeting.com\/pt-pt\/article\/as-nossas-moradas-com-rooftop-em-paris\/\",\"name\":\"As nossas moradas com rooftop em Paris!\u00a0\u00a0 - Accor MyAllMeeting.com\",\"isPartOf\":{\"@id\":\"https:\/\/www.myallmeeting.com\/pt-pt\/#website\"},\"primaryImageOfPage\":{\"@id\":\"https:\/\/www.myallmeeting.com\/pt-pt\/article\/as-nossas-moradas-com-rooftop-em-paris\/#primaryimage\"},\"image\":{\"@id\":\"https:\/\/www.myallmeeting.com\/pt-pt\/article\/as-nossas-moradas-com-rooftop-em-paris\/#primaryimage\"},\"thumbnailUrl\":\"https:\/\/www.myallmeeting.com\/wp-content\/uploads\/2021\/05\/Paris-aerial-view.png\",\"datePublished\":\"2021-05-18T09:23:22+00:00\",\"dateModified\":\"2024-07-16T12:50:45+00:00\",\"breadcrumb\":{\"@id\":\"https:\/\/www.myallmeeting.com\/pt-pt\/article\/as-nossas-moradas-com-rooftop-em-paris\/#breadcrumb\"},\"inLanguage\":\"pt-PT\",\"potentialAction\":[{\"@type\":\"ReadAction\",\"target\":[\"https:\/\/www.myallmeeting.com\/pt-pt\/article\/as-nossas-moradas-com-rooftop-em-paris\/\"]}]},{\"@type\":\"ImageObject\",\"inLanguage\":\"pt-PT\",\"@id\":\"https:\/\/www.myallmeeting.com\/pt-pt\/article\/as-nossas-moradas-com-rooftop-em-paris\/#primaryimage\",\"url\":\"https:\/\/www.myallmeeting.com\/wp-content\/uploads\/2021\/05\/Paris-aerial-view.png\",\"contentUrl\":\"https:\/\/www.myallmeeting.com\/wp-content\/uploads\/2021\/05\/Paris-aerial-view.png\",\"width\":1920,\"height\":570},{\"@type\":\"BreadcrumbList\",\"@id\":\"https:\/\/www.myallmeeting.com\/pt-pt\/article\/as-nossas-moradas-com-rooftop-em-paris\/#breadcrumb\",\"itemListElement\":[{\"@type\":\"ListItem\",\"position\":1,\"name\":\"P\u00e1gina inicial\",\"item\":\"https:\/\/myallmeeting.com\/pt-pt\/\"},{\"@type\":\"ListItem\",\"position\":2,\"name\":\"Not\u00edcias\",\"item\":\"https:\/\/www.myallmeeting.com\/pt-pt\/noticias\/\"},{\"@type\":\"ListItem\",\"position\":3,\"name\":\"As nossas moradas com rooftop em Paris!\u00a0\u00a0\"}]},{\"@type\":\"WebSite\",\"@id\":\"https:\/\/www.myallmeeting.com\/pt-pt\/#website\",\"url\":\"https:\/\/www.myallmeeting.com\/pt-pt\/\",\"name\":\"Accor MyAllMeeting.com\",\"description\":\"Les Meilleurs lieux pour vos Ev\u00e9nements Professionnels\",\"publisher\":{\"@id\":\"https:\/\/www.myallmeeting.com\/pt-pt\/#organization\"},\"potentialAction\":[{\"@type\":\"SearchAction\",\"target\":{\"@type\":\"EntryPoint\",\"urlTemplate\":\"https:\/\/www.myallmeeting.com\/pt-pt\/?s={search_term_string}\"},\"query-input\":{\"@type\":\"PropertyValueSpecification\",\"valueRequired\":true,\"valueName\":\"search_term_string\"}}],\"inLanguage\":\"pt-PT\"},{\"@type\":\"Organization\",\"@id\":\"https:\/\/www.myallmeeting.com\/pt-pt\/#organization\",\"name\":\"ACCOR\",\"url\":\"https:\/\/www.myallmeeting.com\/pt-pt\/\",\"logo\":{\"@type\":\"ImageObject\",\"inLanguage\":\"pt-PT\",\"@id\":\"https:\/\/www.myallmeeting.com\/pt-pt\/#\/schema\/logo\/image\/\",\"url\":\"\",\"contentUrl\":\"\",\"caption\":\"ACCOR\"},\"image\":{\"@id\":\"https:\/\/www.myallmeeting.com\/pt-pt\/#\/schema\/logo\/image\/\"}}]}<\/script>","yoast_head_json":{"title":"As nossas moradas com rooftop em Paris!\u00a0\u00a0 - Accor MyAllMeeting.com","robots":{"index":"index","follow":"follow","max-snippet":"max-snippet:-1","max-image-preview":"max-image-preview:large","max-video-preview":"max-video-preview:-1"},"canonical":"https:\/\/www.myallmeeting.com\/pt-pt\/wp-json\/wp\/v2\/article\/16036924","og_locale":"pt_PT","og_type":"article","og_title":"As nossas moradas com rooftop em Paris!\u00a0\u00a0 - Accor MyAllMeeting.com","og_url":"https:\/\/www.myallmeeting.com\/pt-pt\/article\/as-nossas-moradas-com-rooftop-em-paris\/","og_site_name":"Accor MyAllMeeting.com","article_modified_time":"2024-07-16T12:50:45+00:00","og_image":[{"width":1920,"height":570,"url":"http:\/\/myallmeeting.com\/wp-content\/uploads\/2021\/05\/Paris-aerial-view.png","type":"image\/png"}],"twitter_card":"summary_large_image","twitter_misc":{"Est. reading time":"6 minutes"},"schema":{"@context":"https:\/\/schema.org","@graph":[{"@type":"WebPage","@id":"https:\/\/www.myallmeeting.com\/pt-pt\/article\/as-nossas-moradas-com-rooftop-em-paris\/","url":"https:\/\/www.myallmeeting.com\/pt-pt\/article\/as-nossas-moradas-com-rooftop-em-paris\/","name":"As nossas moradas com rooftop em Paris!\u00a0\u00a0 - Accor MyAllMeeting.com","isPartOf":{"@id":"https:\/\/www.myallmeeting.com\/pt-pt\/#website"},"primaryImageOfPage":{"@id":"https:\/\/www.myallmeeting.com\/pt-pt\/article\/as-nossas-moradas-com-rooftop-em-paris\/#primaryimage"},"image":{"@id":"https:\/\/www.myallmeeting.com\/pt-pt\/article\/as-nossas-moradas-com-rooftop-em-paris\/#primaryimage"},"thumbnailUrl":"https:\/\/www.myallmeeting.com\/wp-content\/uploads\/2021\/05\/Paris-aerial-view.png","datePublished":"2021-05-18T09:23:22+00:00","dateModified":"2024-07-16T12:50:45+00:00","breadcrumb":{"@id":"https:\/\/www.myallmeeting.com\/pt-pt\/article\/as-nossas-moradas-com-rooftop-em-paris\/#breadcrumb"},"inLanguage":"pt-PT","potentialAction":[{"@type":"ReadAction","target":["https:\/\/www.myallmeeting.com\/pt-pt\/article\/as-nossas-moradas-com-rooftop-em-paris\/"]}]},{"@type":"ImageObject","inLanguage":"pt-PT","@id":"https:\/\/www.myallmeeting.com\/pt-pt\/article\/as-nossas-moradas-com-rooftop-em-paris\/#primaryimage","url":"https:\/\/www.myallmeeting.com\/wp-content\/uploads\/2021\/05\/Paris-aerial-view.png","contentUrl":"https:\/\/www.myallmeeting.com\/wp-content\/uploads\/2021\/05\/Paris-aerial-view.png","width":1920,"height":570},{"@type":"BreadcrumbList","@id":"https:\/\/www.myallmeeting.com\/pt-pt\/article\/as-nossas-moradas-com-rooftop-em-paris\/#breadcrumb","itemListElement":[{"@type":"ListItem","position":1,"name":"P\u00e1gina inicial","item":"https:\/\/myallmeeting.com\/pt-pt\/"},{"@type":"ListItem","position":2,"name":"Not\u00edcias","item":"https:\/\/www.myallmeeting.com\/pt-pt\/noticias\/"},{"@type":"ListItem","position":3,"name":"As nossas moradas com rooftop em Paris!\u00a0\u00a0"}]},{"@type":"WebSite","@id":"https:\/\/www.myallmeeting.com\/pt-pt\/#website","url":"https:\/\/www.myallmeeting.com\/pt-pt\/","name":"Accor MyAllMeeting.com","description":"Les Meilleurs lieux pour vos Ev\u00e9nements Professionnels","publisher":{"@id":"https:\/\/www.myallmeeting.com\/pt-pt\/#organization"},"potentialAction":[{"@type":"SearchAction","target":{"@type":"EntryPoint","urlTemplate":"https:\/\/www.myallmeeting.com\/pt-pt\/?s={search_term_string}"},"query-input":{"@type":"PropertyValueSpecification","valueRequired":true,"valueName":"search_term_string"}}],"inLanguage":"pt-PT"},{"@type":"Organization","@id":"https:\/\/www.myallmeeting.com\/pt-pt\/#organization","name":"ACCOR","url":"https:\/\/www.myallmeeting.com\/pt-pt\/","logo":{"@type":"ImageObject","inLanguage":"pt-PT","@id":"https:\/\/www.myallmeeting.com\/pt-pt\/#\/schema\/logo\/image\/","url":"","contentUrl":"","caption":"ACCOR"},"image":{"@id":"https:\/\/www.myallmeeting.com\/pt-pt\/#\/schema\/logo\/image\/"}}]}},"_links":{"self":[{"href":"https:\/\/www.myallmeeting.com\/pt-pt\/wp-json\/wp\/v2\/article\/16036924","targetHints":{"allow":["GET"]}}],"collection":[{"href":"https:\/\/www.myallmeeting.com\/pt-pt\/wp-json\/wp\/v2\/article"}],"about":[{"href":"https:\/\/www.myallmeeting.com\/pt-pt\/wp-json\/wp\/v2\/types\/article"}],"wp:featuredmedia":[{"embeddable":true,"href":"https:\/\/www.myallmeeting.com\/pt-pt\/wp-json\/wp\/v2\/media\/15964833"}],"wp:attachment":[{"href":"https:\/\/www.myallmeeting.com\/pt-pt\/wp-json\/wp\/v2\/media?parent=16036924"}],"wp:term":[{"taxonomy":"periscope_categorie_tax","embeddable":true,"href":"https:\/\/www.myallmeeting.com\/pt-pt\/wp-json\/wp\/v2\/periscope_categorie_tax?post=16036924"}],"curies":[{"name":"wp","href":"https:\/\/api.w.org\/{rel}","templated":true}]}}