{"id":16036917,"date":"2021-11-12T10:27:57","date_gmt":"2021-11-12T09:27:57","guid":{"rendered":"https:\/\/myallmeeting.com\/article\/loisirs-et-affaires-sur-nos-terrasses-avec-les-plus-belles-vues-en-europe-du-sud\/"},"modified":"2024-07-16T14:44:46","modified_gmt":"2024-07-16T12:44:46","slug":"loisirs-et-affaires-sur-nos-terrasses-avec-les-plus-belles-vues-en-europe-du-sud","status":"publish","type":"article","link":"https:\/\/www.myallmeeting.com\/pt-pt\/article\/loisirs-et-affaires-sur-nos-terrasses-avec-les-plus-belles-vues-en-europe-du-sud\/","title":{"rendered":"Lazer e neg\u00f3cios nas nossas esplanadas com as mais belas vistas do Sul da Europa\u00a0"},"content":{"rendered":"<!-- START OF : Composant : block-periscope-theme-section-composant-25-texte-cta-2-images.php -->\n<div class=\"tcta2ia bg-white fs-wysiwyg mb-lg-12\" data-component=\"25-texte-cta-2-images\">\n\t<div class=\"tcta2ia__top\">\n\t\t<div class=\"container-fluid\" style=\"--bs-gutter-x: 0\">\n\t\t\t<div class=\"row\" style=\"--bs-gutter-x: 0\">\n\t\t\t\t<div class=\"col-lg-8\">\n\t\t\t\t\t\t\t\t\t\t<div class=\"bloc-mise-en-avant__top__left\">\n\t\t\t\t\t\t<img decoding=\"async\" src=\"https:\/\/www.myallmeeting.com\/wp-content\/uploads\/2021\/11\/6579-07-1268x846.jpg\" class=\"pe-2 pe-lg-0\" width=\"1268\" height=\"846\" alt=\"\" loading=\"lazy\" \/>\n\t\t\t\t\t<\/div>\n\t\t\t\t\t\t\t\t\t\t<div class=\"tcta2ia__bottom d-none d-lg-block pb-12 pt-lg-9 pb-lg-0 pe-lg-10\">\n\t\t\t\t\t\t\t\t\t\t\t\t<h2 class=\"fs-20 fs-lg-32 fw-semibold\">Novotel Madrid City Las Ventas <\/h2>\n\t\t\t\t\t\t\t\t\t\t\t\t\t\t\t\t\t\t<div class=\"fs-wysiwyg\"><h3><\/h3>\n<h3><strong>Uma varanda sobre Madrid\u00a0<\/strong><\/h3>\n<p><span data-contrast=\"none\">Al\u00e9m das suas 8 salas de reuni\u00e3o modulares, que podem acolher cerca de 150 pessoas, o <strong><a href=\"https:\/\/myallmeeting.com\/pt-pt\/hotel\/0843-novotel-madrid-city-las-ventas\/\">Novotel Madrid City Las Ventas<\/a><\/strong> disp\u00f5e tamb\u00e9m de uma esplanada com jardim e piscina. \u00c9 o local ideal para reuni\u00f5es ou sess\u00f5es de networking. Pode desfrutar da <strong>magn\u00edfica vista sobre a capital<\/strong>, assim como da gastronomia do restaurante Insolito*, de inspira\u00e7\u00e3o mediterr\u00e2nica, que <strong>oferece pratos equilibrados e \u00e9 especializado em cozinha na brasa.<\/strong> O restaurante \u00e9 dirigido pelo chef Tyto Blanco.<\/span><span data-ccp-props=\"{&quot;201341983&quot;:0,&quot;335551550&quot;:6,&quot;335551620&quot;:6,&quot;335557856&quot;:16119028,&quot;335559738&quot;:165,&quot;335559739&quot;:165,&quot;335559740&quot;:240}\">\u00a0<\/span><\/p>\n<p><span data-ccp-props=\"{&quot;201341983&quot;:0,&quot;335559739&quot;:160,&quot;335559740&quot;:259}\">\u00a0<\/span><\/p>\n<\/div>\n\t\t\t\t\t\t\t\t\t\t\t\t<div class=\"d-flex flex-column flex-lg-row align-items-center gap-5 gap-lg-8 justify-content-between\">\n\t\t\t\t\t\t\t<div class=\"fs-20 fs-lg-26 fw-semibold lh-xs\"><\/div>\n\t\t\t\t\t\t\t\t\t\t\t\t\t<\/div>\n\t\t\t\t\t<\/div>\n\t\t\t\t<\/div>\n\t\t\t\t<div class=\"col-lg-4\">\n\t\t\t\t\t<div class=\"tcta2ia__top__right t-0 r-0 bg-primary text-white pt-4 pb-4 px-2 pt-lg-8 pb-lg-16 px-lg-11 pb-xl-30\">\n\t\t\t\t\t\t\t\t\t\t\t\t\t\t\t\t\t\t<h2 class=\"unna fs-36 fs-lg-51 fs-xl-75 fs-italic fw-normal text-secondary\">Lazer e neg\u00f3cios nas nossas esplanadas com as mais belas vistas do Sul da Europa <\/h2>\n\t\t\t\t\t\t\t\t\t\t\t\t\t\t\t\t\t\t<h3 class=\"text-white fs-18 fs-lg-20 fs-xl-28 text-original-case\">Combinar prazer e neg\u00f3cios \u00e9 poss\u00edvel nestas 6 esplanadas com vistas excecionais, zonas de relaxamento, uma variada oferta gastron\u00f3mica, bares de cocktails e momentos passados num ambiente muito agrad\u00e1vel com m\u00fasica ao vivo. <\/h3>\n\t\t\t\t\t\t\t\t\t\t\t\t\t\t\t\t\t\t<div class=\"fs-wysiwyg mb-4 fs-lg-16 fs-xl-20\"><p><span data-contrast=\"none\" xml:lang=\"PT-PT\" lang=\"PT-PT\" class=\"TextRun SCXW129207993 BCX0\"><span class=\"NormalTextRun SCXW129207993 BCX0\">O que pode ser mais agrad\u00e1vel do que ter <strong>Madrid, Barcelona, S\u00e3o Sebasti\u00e3o ou Roma aos seus p\u00e9s<\/strong> enquanto assiste ao p\u00f4r do sol e desfruta do ar fresco durante uma reuni\u00e3o, uma sess\u00e3o de <\/span><span class=\"NormalTextRun SpellingErrorV2Themed SCXW129207993 BCX0\">afterwork<\/span><span class=\"NormalTextRun SCXW129207993 BCX0\"> ou de <\/span><span class=\"NormalTextRun SpellingErrorV2Themed SCXW129207993 BCX0\">networking<\/span><span class=\"NormalTextRun SCXW129207993 BCX0\"> que est\u00e1 a preparar? <strong>Com uma vista assim, fazer neg\u00f3cios torna-se f\u00e1cil!\u00a0<\/strong><\/span><\/span><strong><span class=\"EOP SCXW129207993 BCX0\" data-ccp-props=\"{&quot;201341983&quot;:0,&quot;335551550&quot;:6,&quot;335551620&quot;:6,&quot;335557856&quot;:16119028,&quot;335559739&quot;:165,&quot;335559740&quot;:240}\">\u00a0<\/span><\/strong><\/p>\n<\/div>\n\t\t\t\t\t\t\t\t\t\t\t\t\t\t\t\t\t\t\t\t\t\t\t\t<p class=\"m-0\"><img decoding=\"async\" src=\"https:\/\/www.myallmeeting.com\/wp-content\/uploads\/2021\/11\/5978-52-633x398.jpg\" class=\"position-relative l-0\" width=\"633\" height=\"398\" alt=\"\" loading=\"lazy\" \/><\/p>\n\t\t\t\t\t\t\t\t\t\t\t<\/div>\n\t\t\t\t<\/div>\n\t\t\t<\/div>\n\t\t<\/div>\n\t<\/div>\n\t<div class=\"tcta2ia__bottom d-lg-none pb-12 py-lg-9 pe-lg-10\">\n\t\t\t\t<div class=\"h2 fs-20 fs-lg-32 fw-semibold\">Novotel Madrid City Las Ventas <\/div>\n\t\t\t\t\t\t<div class=\"fs-wysiwyg\"><h3><\/h3>\n<h3><strong>Uma varanda sobre Madrid\u00a0<\/strong><\/h3>\n<p><span data-contrast=\"none\">Al\u00e9m das suas 8 salas de reuni\u00e3o modulares, que podem acolher cerca de 150 pessoas, o <strong><a href=\"https:\/\/myallmeeting.com\/pt-pt\/hotel\/0843-novotel-madrid-city-las-ventas\/\">Novotel Madrid City Las Ventas<\/a><\/strong> disp\u00f5e tamb\u00e9m de uma esplanada com jardim e piscina. \u00c9 o local ideal para reuni\u00f5es ou sess\u00f5es de networking. Pode desfrutar da <strong>magn\u00edfica vista sobre a capital<\/strong>, assim como da gastronomia do restaurante Insolito*, de inspira\u00e7\u00e3o mediterr\u00e2nica, que <strong>oferece pratos equilibrados e \u00e9 especializado em cozinha na brasa.<\/strong> O restaurante \u00e9 dirigido pelo chef Tyto Blanco.<\/span><span data-ccp-props=\"{&quot;201341983&quot;:0,&quot;335551550&quot;:6,&quot;335551620&quot;:6,&quot;335557856&quot;:16119028,&quot;335559738&quot;:165,&quot;335559739&quot;:165,&quot;335559740&quot;:240}\">\u00a0<\/span><\/p>\n<p><span data-ccp-props=\"{&quot;201341983&quot;:0,&quot;335559739&quot;:160,&quot;335559740&quot;:259}\">\u00a0<\/span><\/p>\n<\/div>\n\t\t\t\t<div class=\"d-flex flex-column flex-lg-row align-items-center gap-5 gap-lg-8 justify-content-between\">\n\t\t\t<div class=\"fs-20 fs-lg-26 fw-semibold lh-xs\"><\/div>\n\t\t\t\t\t<\/div>\n\t<\/div>\n<\/div>\n<!-- END OF : Composant : block-periscope-theme-section-composant-25-texte-cta-2-images.php -->\n\n\n<!-- START OF : Composant : block-periscope-theme-section-composant-33-texte-image.php -->\n<div class=\"text-image fs-wysiwyg mb-8 mb-lg-12\" data-component=\"33-texte-image\">\n\t<div class=\"container-fluid\" style=\"--bs-gutter-x: 0\">\n\t\t<div class=\"row\" style=\"--bs-gutter-x: 0\">\n\t\t\t\t\t\t<div class=\"col-lg-6 mb-7 mb-lg-0\">\n\t\t\t\t<img decoding=\"async\" src=\"https:\/\/www.myallmeeting.com\/wp-content\/uploads\/2021\/11\/sotogrande-7-953x600.jpg\" width=\"953\" height=\"600\" alt=\"\" loading=\"lazy\" class=\"w-100\" \/>\n\t\t\t<\/div>\n\t\t\t\t\t\t<div class=\"col-lg-6\">\n\t\t\t\t<div class=\"text-image__content\">\n\t\t\t\t\t\t\t\t\t\t<div class=\"fw-semibold lh-xs fs-20 fs-lg-32 ls--25 mb-5\">SO\/ Sotogrande<\/div>\n\t\t\t\t\t\t\t\t\t\t\t\t\t\t\t<div class=\"fs-wysiwyg\">\n\t\t\t\t\t\t<h3 aria-level=\"4\"><\/h3>\n<h3 aria-level=\"4\"><strong>Ref\u00fagio discreto em Sotogrande\u00a0<\/strong><\/h3>\n<p aria-level=\"4\"><span data-contrast=\"none\">Conhece as 3 esplanadas com piscina do novo <a href=\"https:\/\/myallmeeting.com\/pt-pt\/hotel\/b6v6-so-sotogrande-ouverture-juillet-2021\/\"><strong>SO\/Sotogrande<\/strong><\/a>, com vistas panor\u00e2micas sobre o Mediterr\u00e2neo e os 70.000 metros quadrados de espa\u00e7os verdes que as rodeiam? <strong>Os espet\u00e1culos aqu\u00e1ticos de luz e som dos artistas<\/strong> trar\u00e3o um efeito surpresa ao seu evento, enquanto os participantes desfrutam de um cocktail ou jantar nos sof\u00e1s.\u00a0<\/span><span data-ccp-props=\"{&quot;134233117&quot;:true,&quot;134233118&quot;:true,&quot;201341983&quot;:0,&quot;335551550&quot;:6,&quot;335551620&quot;:6,&quot;335557856&quot;:16119028,&quot;335559739&quot;:160,&quot;335559740&quot;:240}\">\u00a0<\/span><\/p>\n<p aria-level=\"4\"><span data-contrast=\"none\">\u00c9 poss\u00edvel organizar uma pool party ao ar livre, utilizando o mobili\u00e1rio e as montagens,<strong> para um desfile<\/strong> ou uma apresenta\u00e7\u00e3o de produto inesquec\u00edvel. A sala de confer\u00eancias tamb\u00e9m disp\u00f5e de uma esplanada e.\u2026 quer mais uma surpresa? Os participantes sentir-se-\u00e3o em casa <strong>gra\u00e7as aos tr\u00eas andares de suites privadas reservadas para eventos chill out<\/strong>, combinando espa\u00e7o interior e exterior, e com a presen\u00e7a de um DJ para animar a noite.\u00a0<\/span><span data-ccp-props=\"{&quot;134233117&quot;:true,&quot;134233118&quot;:true,&quot;201341983&quot;:0,&quot;335551550&quot;:6,&quot;335551620&quot;:6,&quot;335557856&quot;:16119028,&quot;335559739&quot;:160,&quot;335559740&quot;:240}\">\u00a0<\/span><\/p>\n\t\t\t\t\t<\/div>\n\t\t\t\t\t\t\t\t\t<\/div>\n\t\t\t<\/div>        \n\t\t<\/div>\n\t<\/div>\n<\/div>\n<!-- END OF : Composant : block-periscope-theme-section-composant-33-texte-image.php -->\n\n\n<!-- START OF : Composant : block-periscope-theme-section-composant-33-texte-image.php -->\n<!-- INVERSE -->\n<div class=\"text-image fs-wysiwyg mb-8 mb-lg-12\" data-component=\"33-texte-image\" data-reverse=\"oui\">\n\t<div class=\"container-fluid\" style=\"--bs-gutter-x: 0\">\n\t\t<div class=\"row\" style=\"--bs-gutter-x: 0\">\n\t\t\t<div class=\"col-lg-6\">\n\t\t\t\t<div class=\"text-image__content\">\n\t\t\t\t\t\t\t\t\t\t<div class=\"fw-semibold lh-xs fs-20 fs-lg-32 ls--25 mb-5\">Sofitel Roma Villa Borghese<\/div>\n\t\t\t\t\t\t\t\t\t\t\t\t\t\t\t<div class=\"fs-wysiwyg\">\n\t\t\t\t\t\t<h3 aria-level=\"4\"><\/h3>\n<h3 aria-level=\"4\"><strong>Sobrevoar Roma\u00a0<\/strong><\/h3>\n<p aria-level=\"4\"><span data-contrast=\"none\">Situada acima dos pal\u00e1cios romanos, a varanda do <a href=\"https:\/\/myallmeeting.com\/pt-pt\/hotel\/1312-sofitel-roma-villa-borghese\/\"><strong>Sofitel Roma Villa Borghese<\/strong><\/a> d\u00e1 a <strong>sensa\u00e7\u00e3o de sobrevoar Roma<\/strong> com uma vista deslumbrante at\u00e9 \u00e0 bas\u00edlica de S\u00e3o Pedro. Recebe-nos num <strong>ambiente cheio de vegeta\u00e7\u00e3o, cores e numa atmosfera sofisticada<\/strong>, gra\u00e7as ao \u201cdesigner\u201d franc\u00eas Jean-Philippe Nuel, que renovou o hotel.<\/span><span data-ccp-props=\"{&quot;134233117&quot;:true,&quot;134233118&quot;:true,&quot;201341983&quot;:0,&quot;335551550&quot;:6,&quot;335551620&quot;:6,&quot;335557856&quot;:16119028,&quot;335559739&quot;:160,&quot;335559740&quot;:240}\">\u00a0<\/span><\/p>\n<p aria-level=\"4\"><span data-contrast=\"none\">Os cocktails s\u00e3o incr\u00edveis, e o menu do restaurante Settimo, dirigido pelo chef Giuseppe D\u2019Alessio, encantar\u00e1 os seus participantes com<strong> os sabores da melhor tradi\u00e7\u00e3o italiana combinados com t\u00e9cnicas modernas.<\/strong> D\u00e1 realmente vontade, n\u00e3o d\u00e1?\u00a0<\/span><span data-ccp-props=\"{&quot;134233117&quot;:true,&quot;134233118&quot;:true,&quot;201341983&quot;:0,&quot;335551550&quot;:6,&quot;335551620&quot;:6,&quot;335557856&quot;:16119028,&quot;335559739&quot;:160,&quot;335559740&quot;:240}\">\u00a0<\/span><\/p>\n\t\t\t\t\t<\/div>\n\t\t\t\t\t\t\t\t\t<\/div>\n\t\t\t<\/div>    \n\t\t\t    \n\t\t\t<div class=\"col-lg-6 order-first order-lg-last mb-7 mb-lg-0\">\n\t\t\t\t<img decoding=\"async\" src=\"https:\/\/www.myallmeeting.com\/wp-content\/uploads\/2021\/11\/Sofitel-Roma-Villa-Borghese-2-953x600.jpg\" width=\"953\" height=\"600\" alt=\"\" loading=\"lazy\" class=\"w-100\" \/>\n\t\t\t<\/div>\n\t\t\t\t\t<\/div>\n\t<\/div>\n<\/div>\n<!-- END OF : Composant : block-periscope-theme-section-composant-33-texte-image.php -->\n\n\n<!-- START OF : Composant : block-periscope-theme-section-composant-33-texte-image.php -->\n<div class=\"text-image fs-wysiwyg mb-8 mb-lg-12\" data-component=\"33-texte-image\">\n\t<div class=\"container-fluid\" style=\"--bs-gutter-x: 0\">\n\t\t<div class=\"row\" style=\"--bs-gutter-x: 0\">\n\t\t\t\t\t\t<div class=\"col-lg-6 mb-7 mb-lg-0\">\n\t\t\t\t<img decoding=\"async\" src=\"https:\/\/www.myallmeeting.com\/wp-content\/uploads\/2021\/11\/Romacolosseo2.jpg\" width=\"953\" height=\"600\" alt=\"\" loading=\"lazy\" class=\"w-100\" \/>\n\t\t\t<\/div>\n\t\t\t\t\t\t<div class=\"col-lg-6\">\n\t\t\t\t<div class=\"text-image__content\">\n\t\t\t\t\t\t\t\t\t\t<div class=\"fw-semibold lh-xs fs-20 fs-lg-32 ls--25 mb-5\">Mercure Rome Centro Coliseu<\/div>\n\t\t\t\t\t\t\t\t\t\t\t\t\t\t\t<div class=\"fs-wysiwyg\">\n\t\t\t\t\t\t<h3 aria-level=\"4\"><\/h3>\n<h3 aria-level=\"4\"><strong>Quase dentro do Coliseu\u00a0<\/strong><\/h3>\n<p aria-level=\"4\"><span data-contrast=\"none\">O epicentro da eleg\u00e2ncia em Roma est\u00e1 situado na esplanada, tamb\u00e9m equipada com uma piscina panor\u00e2mica, do hotel <a href=\"https:\/\/myallmeeting.com\/pt-pt\/hotel\/2909-mercure-rome-centre-colisee\/\"><strong>Mercure Roma Centro Colosseo<\/strong><\/a>. <strong>\u00c9 extraordin\u00e1ria e oferece a melhor vista sobre os principais s\u00edtios arqueol\u00f3gicos da cidade, com o majestoso Coliseu<\/strong> mesmo em frente, um local \u00fanico para fotos m\u00e1gicas. O estabelecimento, no centro da cidade, est\u00e1 tamb\u00e9m pr\u00f3ximo de outros locais hist\u00f3ricos: o F\u00f3rum Romano, a Bas\u00edlica de S\u00e3o Jo\u00e3o de Latr\u00e3o e os Mercados de Trajano.<\/span><span data-ccp-props=\"{&quot;134233117&quot;:true,&quot;134233118&quot;:true,&quot;201341983&quot;:0,&quot;335551550&quot;:6,&quot;335551620&quot;:6,&quot;335557856&quot;:16119028,&quot;335559739&quot;:160,&quot;335559740&quot;:240}\">\u00a0<\/span><\/p>\n<p aria-level=\"4\"><span data-contrast=\"none\">O hotel, com o seu estilo moderno e \u201cdesign\u201d contempor\u00e2neo, oferece conforto aos seus clientes. Posicionada estrategicamente, a sua <strong>esplanada adapta-se perfeitamente a qualquer evento<\/strong>, e o seu pool bar \u00e9 um dos mais frequentados nos fins de semana. O local ideal para uma estadia de neg\u00f3cios.\u00a0<\/span><span data-ccp-props=\"{&quot;134233117&quot;:true,&quot;134233118&quot;:true,&quot;201341983&quot;:0,&quot;335551550&quot;:6,&quot;335551620&quot;:6,&quot;335557856&quot;:16119028,&quot;335559739&quot;:160,&quot;335559740&quot;:240}\">\u00a0<\/span><\/p>\n\t\t\t\t\t<\/div>\n\t\t\t\t\t\t\t\t\t<\/div>\n\t\t\t<\/div>        \n\t\t<\/div>\n\t<\/div>\n<\/div>\n<!-- END OF : Composant : block-periscope-theme-section-composant-33-texte-image.php -->\n\n\n<!-- START OF : Composant : block-periscope-theme-section-composant-33-texte-image.php -->\n<!-- INVERSE -->\n<div class=\"text-image fs-wysiwyg mb-8 mb-lg-12\" data-component=\"33-texte-image\" data-reverse=\"oui\">\n\t<div class=\"container-fluid\" style=\"--bs-gutter-x: 0\">\n\t\t<div class=\"row\" style=\"--bs-gutter-x: 0\">\n\t\t\t<div class=\"col-lg-6\">\n\t\t\t\t<div class=\"text-image__content\">\n\t\t\t\t\t\t\t\t\t\t<div class=\"fw-semibold lh-xs fs-20 fs-lg-32 ls--25 mb-5\">Mercure San Sebasti\u00e1n Monte Igueldo<\/div>\n\t\t\t\t\t\t\t\t\t\t\t\t\t\t\t<div class=\"fs-wysiwyg\">\n\t\t\t\t\t\t<h3 aria-level=\"4\"><\/h3>\n<h3 aria-level=\"4\"><strong>Na Ba\u00eda de La Concha\u00a0<\/strong><\/h3>\n<p aria-level=\"4\"><span data-contrast=\"none\">Nas alturas do monte que d\u00e1 nome ao estabelecimento, e com a ba\u00eda de La Concha a seus p\u00e9s, a esplanada com piscina do <a href=\"https:\/\/myallmeeting.com\/pt-pt\/hotel\/1987-mercure-san-sebastian-monte-igueldo\/\"><strong>Hotel Mercure San Sebasti\u00e1n Monte Igueldo<\/strong><\/a> \u00e9 um s\u00edmbolo de S\u00e3o Sebasti\u00e3o. <strong>Est\u00e1 ligada \u00e0 cidade por um telef\u00e9rico centen\u00e1rio,<\/strong> uma das atra\u00e7\u00f5es tur\u00edsticas deste local.<\/span><span data-ccp-props=\"{&quot;134233117&quot;:true,&quot;134233118&quot;:true,&quot;201341983&quot;:0,&quot;335551550&quot;:6,&quot;335551620&quot;:6,&quot;335557856&quot;:16119028,&quot;335559739&quot;:160,&quot;335559740&quot;:240}\">\u00a0<\/span><\/p>\n<p aria-level=\"4\"><span data-contrast=\"none\"><strong>\u00c9 o lugar ideal para qualquer reuni\u00e3o, cocktail,<\/strong> mas tamb\u00e9m para workshops, degusta\u00e7\u00f5es, desfiles, gincanas que terminam no parque de divers\u00f5es ao lado do hotel. E, porque n\u00e3o com um grupo de jazz e um saxofonista a tocar para os colaboradores na esplanada?\u00a0<\/span><span data-ccp-props=\"{&quot;134233117&quot;:true,&quot;134233118&quot;:true,&quot;201341983&quot;:0,&quot;335551550&quot;:6,&quot;335551620&quot;:6,&quot;335557856&quot;:16119028,&quot;335559739&quot;:160,&quot;335559740&quot;:240}\">\u00a0<\/span><\/p>\n\t\t\t\t\t<\/div>\n\t\t\t\t\t\t\t\t\t<\/div>\n\t\t\t<\/div>    \n\t\t\t    \n\t\t\t<div class=\"col-lg-6 order-first order-lg-last mb-7 mb-lg-0\">\n\t\t\t\t<img decoding=\"async\" src=\"https:\/\/www.myallmeeting.com\/wp-content\/uploads\/2022\/06\/5728-43-mod.jpg\" width=\"953\" height=\"600\" alt=\"Mercure San Sebastian Monte Igueldo -Accor Group - My ALL Meeting\" loading=\"lazy\" class=\"w-100\" \/>\n\t\t\t<\/div>\n\t\t\t\t\t<\/div>\n\t<\/div>\n<\/div>\n<!-- END OF : Composant : block-periscope-theme-section-composant-33-texte-image.php -->\n\n\n<!-- START OF : Composant : block-periscope-theme-section-composant-33-texte-image.php -->\n<div class=\"text-image fs-wysiwyg mb-8 mb-lg-12\" data-component=\"33-texte-image\">\n\t<div class=\"container-fluid\" style=\"--bs-gutter-x: 0\">\n\t\t<div class=\"row\" style=\"--bs-gutter-x: 0\">\n\t\t\t\t\t\t<div class=\"col-lg-6 mb-7 mb-lg-0\">\n\t\t\t\t<img decoding=\"async\" src=\"https:\/\/www.myallmeeting.com\/wp-content\/uploads\/2022\/04\/3261-55.jpg\" width=\"953\" height=\"600\" alt=\"\" loading=\"lazy\" class=\"w-100\" \/>\n\t\t\t<\/div>\n\t\t\t\t\t\t<div class=\"col-lg-6\">\n\t\t\t\t<div class=\"text-image__content\">\n\t\t\t\t\t\t\t\t\t\t<div class=\"fw-semibold lh-xs fs-20 fs-lg-32 ls--25 mb-5\">Novotel Barcelona City<\/div>\n\t\t\t\t\t\t\t\t\t\t\t\t\t\t\t<div class=\"fs-wysiwyg\">\n\t\t\t\t\t\t<h3 aria-level=\"4\"><\/h3>\n<h3 aria-level=\"4\"><strong>Vista a 360 graus de Barcelona\u00a0<\/strong><\/h3>\n<p aria-level=\"4\"><span data-contrast=\"none\">No d\u00e9cimo nono andar do<a href=\"https:\/\/myallmeeting.com\/pt-pt\/hotel\/5560-novotel-barcelona-city\/\"> <strong>Novotel Barcelona City<\/strong><\/a>, ter\u00e1 a sensa\u00e7\u00e3o de poder tocar na igreja da Sagrada Fam\u00edlia com a ponta dos dedos. Este <strong>local excecional<\/strong> permite contemplar a cidade de Barcelona como em nenhum outro lugar, <strong>gra\u00e7as a uma vista de 360 graus<\/strong>. \u00c9 um sucesso garantido a qualquer hora do dia. \u00c9 f\u00e1cil beber um cocktail atr\u00e1s do outro, relaxando nos sof\u00e1s do lounge e refrescando-se na piscina.<\/span><span data-ccp-props=\"{&quot;134233117&quot;:true,&quot;134233118&quot;:true,&quot;201341983&quot;:0,&quot;335551550&quot;:6,&quot;335551620&quot;:6,&quot;335557856&quot;:16119028,&quot;335559739&quot;:160,&quot;335559740&quot;:240}\">\u00a0<\/span><\/p>\n<p aria-level=\"4\"><span data-contrast=\"none\">N\u00e3o se esque\u00e7a tamb\u00e9m de provar as tapas tradicionais,<strong> sempre confecionadas com os melhores produtos!<\/strong> N\u00e3o perca tamb\u00e9m as sess\u00f5es programadas de m\u00fasica ao vivo ou as aulas de ioga para um <strong>pouco de relaxamento no \u00e2mbito do seu evento ou reuni\u00e3o.\u00a0<\/strong><\/span><strong>\u00a0<\/strong><\/p>\n\t\t\t\t\t<\/div>\n\t\t\t\t\t\t\t\t\t<\/div>\n\t\t\t<\/div>        \n\t\t<\/div>\n\t<\/div>\n<\/div>\n<!-- END OF : Composant : block-periscope-theme-section-composant-33-texte-image.php -->\n","protected":false},"excerpt":{"rendered":"","protected":false},"featured_media":15964827,"menu_order":0,"template":"","periscope_categorie_tax":[3515],"class_list":["post-16036917","article","type-article","status-publish","has-post-thumbnail","hentry","periscope_categorie_tax-tous-nos-tops-selections-pt-pt"],"acf":[],"yoast_head":"<title>Lazer e neg\u00f3cios nas nossas esplanadas com as mais belas vistas do Sul da Europa\u00a0 - Accor MyAllMeeting.com<\/title>\n<meta name=\"robots\" content=\"index, follow, max-snippet:-1, max-image-preview:large, max-video-preview:-1\" \/>\n<link rel=\"canonical\" href=\"https:\/\/www.myallmeeting.com\/pt-pt\/wp-json\/wp\/v2\/article\/16036917\" \/>\n<meta property=\"og:locale\" content=\"pt_PT\" \/>\n<meta property=\"og:type\" content=\"article\" \/>\n<meta property=\"og:title\" content=\"Lazer e neg\u00f3cios nas nossas esplanadas com as mais belas vistas do Sul da Europa\u00a0 - Accor MyAllMeeting.com\" \/>\n<meta property=\"og:url\" content=\"https:\/\/www.myallmeeting.com\/pt-pt\/article\/loisirs-et-affaires-sur-nos-terrasses-avec-les-plus-belles-vues-en-europe-du-sud\/\" \/>\n<meta property=\"og:site_name\" content=\"Accor MyAllMeeting.com\" \/>\n<meta property=\"article:modified_time\" content=\"2024-07-16T12:44:46+00:00\" \/>\n<meta property=\"og:image\" content=\"https:\/\/myallmeeting.com\/wp-content\/uploads\/2021\/11\/MAM-imagery-1920-x-570-px-2.png\" \/>\n\t<meta property=\"og:image:width\" content=\"1920\" \/>\n\t<meta property=\"og:image:height\" content=\"570\" \/>\n\t<meta property=\"og:image:type\" content=\"image\/png\" \/>\n<meta name=\"twitter:card\" content=\"summary_large_image\" \/>\n<meta name=\"twitter:label1\" content=\"Est. reading time\" \/>\n\t<meta name=\"twitter:data1\" content=\"6 minutes\" \/>\n<script type=\"application\/ld+json\" class=\"yoast-schema-graph\">{\"@context\":\"https:\/\/schema.org\",\"@graph\":[{\"@type\":\"WebPage\",\"@id\":\"https:\/\/www.myallmeeting.com\/pt-pt\/article\/loisirs-et-affaires-sur-nos-terrasses-avec-les-plus-belles-vues-en-europe-du-sud\/\",\"url\":\"https:\/\/www.myallmeeting.com\/pt-pt\/article\/loisirs-et-affaires-sur-nos-terrasses-avec-les-plus-belles-vues-en-europe-du-sud\/\",\"name\":\"Lazer e neg\u00f3cios nas nossas esplanadas com as mais belas vistas do Sul da Europa\u00a0 - Accor MyAllMeeting.com\",\"isPartOf\":{\"@id\":\"https:\/\/www.myallmeeting.com\/pt-pt\/#website\"},\"primaryImageOfPage\":{\"@id\":\"https:\/\/www.myallmeeting.com\/pt-pt\/article\/loisirs-et-affaires-sur-nos-terrasses-avec-les-plus-belles-vues-en-europe-du-sud\/#primaryimage\"},\"image\":{\"@id\":\"https:\/\/www.myallmeeting.com\/pt-pt\/article\/loisirs-et-affaires-sur-nos-terrasses-avec-les-plus-belles-vues-en-europe-du-sud\/#primaryimage\"},\"thumbnailUrl\":\"https:\/\/www.myallmeeting.com\/wp-content\/uploads\/2021\/11\/MAM-imagery-1920-x-570-px-2.png\",\"datePublished\":\"2021-11-12T09:27:57+00:00\",\"dateModified\":\"2024-07-16T12:44:46+00:00\",\"breadcrumb\":{\"@id\":\"https:\/\/www.myallmeeting.com\/pt-pt\/article\/loisirs-et-affaires-sur-nos-terrasses-avec-les-plus-belles-vues-en-europe-du-sud\/#breadcrumb\"},\"inLanguage\":\"pt-PT\",\"potentialAction\":[{\"@type\":\"ReadAction\",\"target\":[\"https:\/\/www.myallmeeting.com\/pt-pt\/article\/loisirs-et-affaires-sur-nos-terrasses-avec-les-plus-belles-vues-en-europe-du-sud\/\"]}]},{\"@type\":\"ImageObject\",\"inLanguage\":\"pt-PT\",\"@id\":\"https:\/\/www.myallmeeting.com\/pt-pt\/article\/loisirs-et-affaires-sur-nos-terrasses-avec-les-plus-belles-vues-en-europe-du-sud\/#primaryimage\",\"url\":\"https:\/\/www.myallmeeting.com\/wp-content\/uploads\/2021\/11\/MAM-imagery-1920-x-570-px-2.png\",\"contentUrl\":\"https:\/\/www.myallmeeting.com\/wp-content\/uploads\/2021\/11\/MAM-imagery-1920-x-570-px-2.png\",\"width\":1920,\"height\":570},{\"@type\":\"BreadcrumbList\",\"@id\":\"https:\/\/www.myallmeeting.com\/pt-pt\/article\/loisirs-et-affaires-sur-nos-terrasses-avec-les-plus-belles-vues-en-europe-du-sud\/#breadcrumb\",\"itemListElement\":[{\"@type\":\"ListItem\",\"position\":1,\"name\":\"P\u00e1gina inicial\",\"item\":\"https:\/\/myallmeeting.com\/pt-pt\/\"},{\"@type\":\"ListItem\",\"position\":2,\"name\":\"Not\u00edcias\",\"item\":\"https:\/\/www.myallmeeting.com\/pt-pt\/noticias\/\"},{\"@type\":\"ListItem\",\"position\":3,\"name\":\"Lazer e neg\u00f3cios nas nossas esplanadas com as mais belas vistas do Sul da Europa\u00a0\"}]},{\"@type\":\"WebSite\",\"@id\":\"https:\/\/www.myallmeeting.com\/pt-pt\/#website\",\"url\":\"https:\/\/www.myallmeeting.com\/pt-pt\/\",\"name\":\"Accor MyAllMeeting.com\",\"description\":\"Les Meilleurs lieux pour vos Ev\u00e9nements Professionnels\",\"publisher\":{\"@id\":\"https:\/\/www.myallmeeting.com\/pt-pt\/#organization\"},\"potentialAction\":[{\"@type\":\"SearchAction\",\"target\":{\"@type\":\"EntryPoint\",\"urlTemplate\":\"https:\/\/www.myallmeeting.com\/pt-pt\/?s={search_term_string}\"},\"query-input\":{\"@type\":\"PropertyValueSpecification\",\"valueRequired\":true,\"valueName\":\"search_term_string\"}}],\"inLanguage\":\"pt-PT\"},{\"@type\":\"Organization\",\"@id\":\"https:\/\/www.myallmeeting.com\/pt-pt\/#organization\",\"name\":\"ACCOR\",\"url\":\"https:\/\/www.myallmeeting.com\/pt-pt\/\",\"logo\":{\"@type\":\"ImageObject\",\"inLanguage\":\"pt-PT\",\"@id\":\"https:\/\/www.myallmeeting.com\/pt-pt\/#\/schema\/logo\/image\/\",\"url\":\"\",\"contentUrl\":\"\",\"caption\":\"ACCOR\"},\"image\":{\"@id\":\"https:\/\/www.myallmeeting.com\/pt-pt\/#\/schema\/logo\/image\/\"}}]}<\/script>","yoast_head_json":{"title":"Lazer e neg\u00f3cios nas nossas esplanadas com as mais belas vistas do Sul da Europa\u00a0 - Accor MyAllMeeting.com","robots":{"index":"index","follow":"follow","max-snippet":"max-snippet:-1","max-image-preview":"max-image-preview:large","max-video-preview":"max-video-preview:-1"},"canonical":"https:\/\/www.myallmeeting.com\/pt-pt\/wp-json\/wp\/v2\/article\/16036917","og_locale":"pt_PT","og_type":"article","og_title":"Lazer e neg\u00f3cios nas nossas esplanadas com as mais belas vistas do Sul da Europa\u00a0 - Accor MyAllMeeting.com","og_url":"https:\/\/www.myallmeeting.com\/pt-pt\/article\/loisirs-et-affaires-sur-nos-terrasses-avec-les-plus-belles-vues-en-europe-du-sud\/","og_site_name":"Accor MyAllMeeting.com","article_modified_time":"2024-07-16T12:44:46+00:00","og_image":[{"width":1920,"height":570,"url":"https:\/\/myallmeeting.com\/wp-content\/uploads\/2021\/11\/MAM-imagery-1920-x-570-px-2.png","type":"image\/png"}],"twitter_card":"summary_large_image","twitter_misc":{"Est. reading time":"6 minutes"},"schema":{"@context":"https:\/\/schema.org","@graph":[{"@type":"WebPage","@id":"https:\/\/www.myallmeeting.com\/pt-pt\/article\/loisirs-et-affaires-sur-nos-terrasses-avec-les-plus-belles-vues-en-europe-du-sud\/","url":"https:\/\/www.myallmeeting.com\/pt-pt\/article\/loisirs-et-affaires-sur-nos-terrasses-avec-les-plus-belles-vues-en-europe-du-sud\/","name":"Lazer e neg\u00f3cios nas nossas esplanadas com as mais belas vistas do Sul da Europa\u00a0 - Accor MyAllMeeting.com","isPartOf":{"@id":"https:\/\/www.myallmeeting.com\/pt-pt\/#website"},"primaryImageOfPage":{"@id":"https:\/\/www.myallmeeting.com\/pt-pt\/article\/loisirs-et-affaires-sur-nos-terrasses-avec-les-plus-belles-vues-en-europe-du-sud\/#primaryimage"},"image":{"@id":"https:\/\/www.myallmeeting.com\/pt-pt\/article\/loisirs-et-affaires-sur-nos-terrasses-avec-les-plus-belles-vues-en-europe-du-sud\/#primaryimage"},"thumbnailUrl":"https:\/\/www.myallmeeting.com\/wp-content\/uploads\/2021\/11\/MAM-imagery-1920-x-570-px-2.png","datePublished":"2021-11-12T09:27:57+00:00","dateModified":"2024-07-16T12:44:46+00:00","breadcrumb":{"@id":"https:\/\/www.myallmeeting.com\/pt-pt\/article\/loisirs-et-affaires-sur-nos-terrasses-avec-les-plus-belles-vues-en-europe-du-sud\/#breadcrumb"},"inLanguage":"pt-PT","potentialAction":[{"@type":"ReadAction","target":["https:\/\/www.myallmeeting.com\/pt-pt\/article\/loisirs-et-affaires-sur-nos-terrasses-avec-les-plus-belles-vues-en-europe-du-sud\/"]}]},{"@type":"ImageObject","inLanguage":"pt-PT","@id":"https:\/\/www.myallmeeting.com\/pt-pt\/article\/loisirs-et-affaires-sur-nos-terrasses-avec-les-plus-belles-vues-en-europe-du-sud\/#primaryimage","url":"https:\/\/www.myallmeeting.com\/wp-content\/uploads\/2021\/11\/MAM-imagery-1920-x-570-px-2.png","contentUrl":"https:\/\/www.myallmeeting.com\/wp-content\/uploads\/2021\/11\/MAM-imagery-1920-x-570-px-2.png","width":1920,"height":570},{"@type":"BreadcrumbList","@id":"https:\/\/www.myallmeeting.com\/pt-pt\/article\/loisirs-et-affaires-sur-nos-terrasses-avec-les-plus-belles-vues-en-europe-du-sud\/#breadcrumb","itemListElement":[{"@type":"ListItem","position":1,"name":"P\u00e1gina inicial","item":"https:\/\/myallmeeting.com\/pt-pt\/"},{"@type":"ListItem","position":2,"name":"Not\u00edcias","item":"https:\/\/www.myallmeeting.com\/pt-pt\/noticias\/"},{"@type":"ListItem","position":3,"name":"Lazer e neg\u00f3cios nas nossas esplanadas com as mais belas vistas do Sul da Europa\u00a0"}]},{"@type":"WebSite","@id":"https:\/\/www.myallmeeting.com\/pt-pt\/#website","url":"https:\/\/www.myallmeeting.com\/pt-pt\/","name":"Accor MyAllMeeting.com","description":"Les Meilleurs lieux pour vos Ev\u00e9nements Professionnels","publisher":{"@id":"https:\/\/www.myallmeeting.com\/pt-pt\/#organization"},"potentialAction":[{"@type":"SearchAction","target":{"@type":"EntryPoint","urlTemplate":"https:\/\/www.myallmeeting.com\/pt-pt\/?s={search_term_string}"},"query-input":{"@type":"PropertyValueSpecification","valueRequired":true,"valueName":"search_term_string"}}],"inLanguage":"pt-PT"},{"@type":"Organization","@id":"https:\/\/www.myallmeeting.com\/pt-pt\/#organization","name":"ACCOR","url":"https:\/\/www.myallmeeting.com\/pt-pt\/","logo":{"@type":"ImageObject","inLanguage":"pt-PT","@id":"https:\/\/www.myallmeeting.com\/pt-pt\/#\/schema\/logo\/image\/","url":"","contentUrl":"","caption":"ACCOR"},"image":{"@id":"https:\/\/www.myallmeeting.com\/pt-pt\/#\/schema\/logo\/image\/"}}]}},"_links":{"self":[{"href":"https:\/\/www.myallmeeting.com\/pt-pt\/wp-json\/wp\/v2\/article\/16036917","targetHints":{"allow":["GET"]}}],"collection":[{"href":"https:\/\/www.myallmeeting.com\/pt-pt\/wp-json\/wp\/v2\/article"}],"about":[{"href":"https:\/\/www.myallmeeting.com\/pt-pt\/wp-json\/wp\/v2\/types\/article"}],"wp:featuredmedia":[{"embeddable":true,"href":"https:\/\/www.myallmeeting.com\/pt-pt\/wp-json\/wp\/v2\/media\/15964827"}],"wp:attachment":[{"href":"https:\/\/www.myallmeeting.com\/pt-pt\/wp-json\/wp\/v2\/media?parent=16036917"}],"wp:term":[{"taxonomy":"periscope_categorie_tax","embeddable":true,"href":"https:\/\/www.myallmeeting.com\/pt-pt\/wp-json\/wp\/v2\/periscope_categorie_tax?post=16036917"}],"curies":[{"name":"wp","href":"https:\/\/api.w.org\/{rel}","templated":true}]}}