{"id":16036445,"date":"2022-02-24T15:36:11","date_gmt":"2022-02-24T14:36:11","guid":{"rendered":"https:\/\/myallmeeting.com\/article\/la-tete-dans-les-nuages-au-pullman-paris-montparnasse\/"},"modified":"2024-07-16T13:09:27","modified_gmt":"2024-07-16T11:09:27","slug":"com-a-cabeca-nas-nuvens-no-pullman-paris-montparnasse","status":"publish","type":"article","link":"https:\/\/www.myallmeeting.com\/pt-pt\/article\/com-a-cabeca-nas-nuvens-no-pullman-paris-montparnasse\/","title":{"rendered":"Com a cabe\u00e7a nas nuvens no Pullman Paris Montparnasse\u00a0"},"content":{"rendered":"<!-- START OF : Composant : block-periscope-theme-section-composant-25-texte-cta-2-images.php -->\n<div class=\"tcta2ia bg-white fs-wysiwyg mb-lg-12\" data-component=\"25-texte-cta-2-images\">\n\t<div class=\"tcta2ia__top\">\n\t\t<div class=\"container-fluid\" style=\"--bs-gutter-x: 0\">\n\t\t\t<div class=\"row\" style=\"--bs-gutter-x: 0\">\n\t\t\t\t<div class=\"col-lg-8\">\n\t\t\t\t\t\t\t\t\t\t<div class=\"bloc-mise-en-avant__top__left\">\n\t\t\t\t\t\t<img decoding=\"async\" src=\"https:\/\/www.myallmeeting.com\/wp-content\/uploads\/2022\/02\/6409-72-1268x846.jpg\" class=\"pe-2 pe-lg-0\" width=\"1268\" height=\"846\" alt=\"\" loading=\"lazy\" \/>\n\t\t\t\t\t<\/div>\n\t\t\t\t\t\t\t\t\t\t<div class=\"tcta2ia__bottom d-none d-lg-block pb-12 pt-lg-9 pb-lg-0 pe-lg-10\">\n\t\t\t\t\t\t\t\t\t\t\t\t<h2 class=\"fs-20 fs-lg-32 fw-semibold\">Arquitetura inovadora e design de ponta <\/h2>\n\t\t\t\t\t\t\t\t\t\t\t\t\t\t\t\t\t\t<div class=\"fs-wysiwyg\"><p><span data-contrast=\"none\">Cora\u00e7\u00e3o pulsante deste conjunto, o Pullman Paris Montparnasse n\u00e3o deixar\u00e1 de surpreender os seus clientes habituais. Se reconhecerem facilmente o exterior do edif\u00edcio \u2013\u202f<\/span><b><span data-contrast=\"none\">um verdadeiro farol do bairro, com 115 m de altura<\/span><\/b><span data-contrast=\"none\">\u202f\u2013,<\/span> <span data-contrast=\"none\">ficar\u00e3o surpreendidos com o interior.<\/span><span data-ccp-props=\"{&quot;201341983&quot;:0,&quot;335551550&quot;:6,&quot;335551620&quot;:6,&quot;335557856&quot;:16119028,&quot;335559738&quot;:165,&quot;335559739&quot;:165,&quot;335559740&quot;:240}\">\u00a0<\/span><\/p>\n<p><span data-contrast=\"none\">Ao entrar no lobby, n\u00e3o podemos deixar de ficar impressionados com <\/span><b><span data-contrast=\"none\">a est\u00e9tica vanguardista que reina neste espa\u00e7o moderno e urbano, focado na inova\u00e7\u00e3o<\/span><\/b><span data-contrast=\"none\">.\u00a0<\/span><span data-ccp-props=\"{&quot;201341983&quot;:0,&quot;335551550&quot;:6,&quot;335551620&quot;:6,&quot;335557856&quot;:16119028,&quot;335559738&quot;:165,&quot;335559739&quot;:165,&quot;335559740&quot;:240}\">\u00a0<\/span><\/p>\n<p><span data-contrast=\"none\">Foi a dupla de designers Benjamin Clarens e Yann Martin, fundadores da CUT Architectures, que imaginou estes espa\u00e7os abertos, que se alternam <\/span><b><span data-contrast=\"none\">zonas de conex\u00e3o e respira\u00e7\u00e3o<\/span><\/b><span data-contrast=\"none\">. Linhas conc\u00eantricas acompanham de forma inteligente a dire\u00e7\u00e3o do movimento dos visitantes e apesar dos espa\u00e7os<\/span> <span data-contrast=\"none\">invulgares, \u00e9 dif\u00edcil se perder: <\/span><b><span data-contrast=\"none\">tudo est\u00e1 claro, perfeitamente indicado<\/span><\/b><span data-contrast=\"none\"> e \u00e9 bastante natural que o viajante se dirija em dire\u00e7\u00e3o ao seu <\/span><b><span data-contrast=\"none\">\u00e1rea espec\u00edfica de check-in<\/span><\/b><span data-contrast=\"none\">\u202f(turismo, neg\u00f3cios, VIP).\u00a0<\/span><span data-ccp-props=\"{&quot;201341983&quot;:0,&quot;335551550&quot;:6,&quot;335551620&quot;:6,&quot;335557856&quot;:16119028,&quot;335559738&quot;:165,&quot;335559739&quot;:165,&quot;335559740&quot;:240}\">\u00a0<\/span><\/p>\n<p><span data-contrast=\"none\">Sem contar que se houver a menor d\u00favida as equipes do hotel est\u00e3o l\u00e1 e sempre muito atentas aos clientes.<\/span><span data-ccp-props=\"{&quot;201341983&quot;:0,&quot;335551550&quot;:6,&quot;335551620&quot;:6,&quot;335557856&quot;:16119028,&quot;335559738&quot;:165,&quot;335559739&quot;:165,&quot;335559740&quot;:240}\">\u00a0<\/span><\/p>\n<\/div>\n\t\t\t\t\t\t\t\t\t\t\t\t<div class=\"d-flex flex-column flex-lg-row align-items-center gap-5 gap-lg-8 justify-content-between\">\n\t\t\t\t\t\t\t<div class=\"fs-20 fs-lg-26 fw-semibold lh-xs\"><\/div>\n\t\t\t\t\t\t\t\t\t\t\t\t\t<\/div>\n\t\t\t\t\t<\/div>\n\t\t\t\t<\/div>\n\t\t\t\t<div class=\"col-lg-4\">\n\t\t\t\t\t<div class=\"tcta2ia__top__right t-0 r-0 bg-primary text-white pt-4 pb-4 px-2 pt-lg-8 pb-lg-16 px-lg-11 pb-xl-30\">\n\t\t\t\t\t\t\t\t\t\t\t\t\t\t\t\t\t\t<h2 class=\"unna fs-36 fs-lg-51 fs-xl-75 fs-italic fw-normal text-secondary\">Com a cabe\u00e7a nas nuvens no Pullman Paris Montparnasse <\/h2>\n\t\t\t\t\t\t\t\t\t\t\t\t\t\t\t\t\t\t<h3 class=\"text-white fs-18 fs-lg-20 fs-xl-28 text-original-case\">Ap\u00f3s um ambicioso programa de transforma\u00e7\u00e3o, o maior hotel Pullman da Europa, o Pullman Paris Montparnasse abriu suas portas em 2021. Este extraordin\u00e1rio hotel de quatro estrelas com 957 quartos foi totalmente remodelado e redesenhado. \u201cFlagship\u201d da marca Pullman e equipado com excepcional capacidade MICE, o Pullman Paris Montparnasse ir\u00e1 deslumbr\u00e1-lo. <\/h3>\n\t\t\t\t\t\t\t\t\t\t\t\t\t\t\t\t\t\t<div class=\"fs-wysiwyg mb-4 fs-lg-16 fs-xl-20\"><p><i><span data-contrast=\"none\">Desde os loucos anos 20 e a sua agita\u00e7\u00e3o festiva e cultural, o bairro de Montparnasse nunca deixou de vibrar! Ainda hoje, pulsa ao ritmo da sua\u202f<\/span><\/i><b><i><span data-contrast=\"none\">clubes de jazz<\/span><\/i><\/b><i><span data-contrast=\"none\">, dele\u202f<\/span><\/i><b><i><span data-contrast=\"none\">oferta cultural fornecida<\/span><\/i><\/b><i><span data-contrast=\"none\">\u202fou mesmo\u202f<\/span><\/i><b><i><span data-contrast=\"none\">seus caf\u00e9s lend\u00e1rios<\/span><\/i><\/b><i><span data-contrast=\"none\">. Com o surgimento de\u202f<\/span><\/i><b><i><span data-contrast=\"none\">Oficinas de Ga\u00eet\u00e9<\/span><\/i><\/b><i><span data-contrast=\"none\">, este bairro ic\u00f3nico da capital ganhou nova vida.\u00a0<\/span><\/i><span data-ccp-props=\"{&quot;201341983&quot;:0,&quot;335551550&quot;:6,&quot;335551620&quot;:6,&quot;335557856&quot;:16119028,&quot;335559738&quot;:165,&quot;335559739&quot;:165,&quot;335559740&quot;:240}\">\u00a0<\/span><\/p>\n<p><i><span data-contrast=\"none\">A ideia: <\/span><\/i><b><i><span data-contrast=\"none\">reunindo em um \u00fanico bloco um centro comercial, resid\u00eancias, escrit\u00f3rios, um gin\u00e1sio, uma biblioteca&#8230; e o Pullman Paris Montparnasse<\/span><\/i><\/b><i><span data-contrast=\"none\">. Ainda mais turismo, viagens de neg\u00f3cios e uma vida de bairro revitalizada: este \u00e9 o ambicioso programa dos Ateliers Ga\u00eet\u00e9.<\/span><\/i><span data-ccp-props=\"{&quot;201341983&quot;:0,&quot;335551550&quot;:6,&quot;335551620&quot;:6,&quot;335557856&quot;:16119028,&quot;335559738&quot;:165,&quot;335559739&quot;:165,&quot;335559740&quot;:240}\">\u00a0<\/span><\/p>\n<p><a href=\"https:\/\/myallmeeting.com\/pt-pt\/hotel\/8189-pullman-paris-montparnasse\/\"><b>Para organizar seu pr\u00f3ximo semin\u00e1rio no Pullman Paris Montparnasse\u202f<\/b><\/a><\/p>\n<\/div>\n\t\t\t\t\t\t\t\t\t\t\t\t\t\t\t\t\t\t\t\t\t\t\t\t<p class=\"m-0\"><img decoding=\"async\" src=\"https:\/\/www.myallmeeting.com\/wp-content\/uploads\/2022\/02\/6965-63-633x398.jpg\" class=\"position-relative l-0\" width=\"633\" height=\"398\" alt=\"\" loading=\"lazy\" \/><\/p>\n\t\t\t\t\t\t\t\t\t\t\t<\/div>\n\t\t\t\t<\/div>\n\t\t\t<\/div>\n\t\t<\/div>\n\t<\/div>\n\t<div class=\"tcta2ia__bottom d-lg-none pb-12 py-lg-9 pe-lg-10\">\n\t\t\t\t<div class=\"h2 fs-20 fs-lg-32 fw-semibold\">Arquitetura inovadora e design de ponta <\/div>\n\t\t\t\t\t\t<div class=\"fs-wysiwyg\"><p><span data-contrast=\"none\">Cora\u00e7\u00e3o pulsante deste conjunto, o Pullman Paris Montparnasse n\u00e3o deixar\u00e1 de surpreender os seus clientes habituais. Se reconhecerem facilmente o exterior do edif\u00edcio \u2013\u202f<\/span><b><span data-contrast=\"none\">um verdadeiro farol do bairro, com 115 m de altura<\/span><\/b><span data-contrast=\"none\">\u202f\u2013,<\/span> <span data-contrast=\"none\">ficar\u00e3o surpreendidos com o interior.<\/span><span data-ccp-props=\"{&quot;201341983&quot;:0,&quot;335551550&quot;:6,&quot;335551620&quot;:6,&quot;335557856&quot;:16119028,&quot;335559738&quot;:165,&quot;335559739&quot;:165,&quot;335559740&quot;:240}\">\u00a0<\/span><\/p>\n<p><span data-contrast=\"none\">Ao entrar no lobby, n\u00e3o podemos deixar de ficar impressionados com <\/span><b><span data-contrast=\"none\">a est\u00e9tica vanguardista que reina neste espa\u00e7o moderno e urbano, focado na inova\u00e7\u00e3o<\/span><\/b><span data-contrast=\"none\">.\u00a0<\/span><span data-ccp-props=\"{&quot;201341983&quot;:0,&quot;335551550&quot;:6,&quot;335551620&quot;:6,&quot;335557856&quot;:16119028,&quot;335559738&quot;:165,&quot;335559739&quot;:165,&quot;335559740&quot;:240}\">\u00a0<\/span><\/p>\n<p><span data-contrast=\"none\">Foi a dupla de designers Benjamin Clarens e Yann Martin, fundadores da CUT Architectures, que imaginou estes espa\u00e7os abertos, que se alternam <\/span><b><span data-contrast=\"none\">zonas de conex\u00e3o e respira\u00e7\u00e3o<\/span><\/b><span data-contrast=\"none\">. Linhas conc\u00eantricas acompanham de forma inteligente a dire\u00e7\u00e3o do movimento dos visitantes e apesar dos espa\u00e7os<\/span> <span data-contrast=\"none\">invulgares, \u00e9 dif\u00edcil se perder: <\/span><b><span data-contrast=\"none\">tudo est\u00e1 claro, perfeitamente indicado<\/span><\/b><span data-contrast=\"none\"> e \u00e9 bastante natural que o viajante se dirija em dire\u00e7\u00e3o ao seu <\/span><b><span data-contrast=\"none\">\u00e1rea espec\u00edfica de check-in<\/span><\/b><span data-contrast=\"none\">\u202f(turismo, neg\u00f3cios, VIP).\u00a0<\/span><span data-ccp-props=\"{&quot;201341983&quot;:0,&quot;335551550&quot;:6,&quot;335551620&quot;:6,&quot;335557856&quot;:16119028,&quot;335559738&quot;:165,&quot;335559739&quot;:165,&quot;335559740&quot;:240}\">\u00a0<\/span><\/p>\n<p><span data-contrast=\"none\">Sem contar que se houver a menor d\u00favida as equipes do hotel est\u00e3o l\u00e1 e sempre muito atentas aos clientes.<\/span><span data-ccp-props=\"{&quot;201341983&quot;:0,&quot;335551550&quot;:6,&quot;335551620&quot;:6,&quot;335557856&quot;:16119028,&quot;335559738&quot;:165,&quot;335559739&quot;:165,&quot;335559740&quot;:240}\">\u00a0<\/span><\/p>\n<\/div>\n\t\t\t\t<div class=\"d-flex flex-column flex-lg-row align-items-center gap-5 gap-lg-8 justify-content-between\">\n\t\t\t<div class=\"fs-20 fs-lg-26 fw-semibold lh-xs\"><\/div>\n\t\t\t\t\t<\/div>\n\t<\/div>\n<\/div>\n<!-- END OF : Composant : block-periscope-theme-section-composant-25-texte-cta-2-images.php -->\n\n\n<!-- START OF : Composant : block-periscope-theme-section-composant-33-texte-image.php -->\n<div class=\"text-image fs-wysiwyg mb-8 mb-lg-12\" data-component=\"33-texte-image\">\n\t<div class=\"container-fluid\" style=\"--bs-gutter-x: 0\">\n\t\t<div class=\"row\" style=\"--bs-gutter-x: 0\">\n\t\t\t\t\t\t<div class=\"col-lg-6 mb-7 mb-lg-0\">\n\t\t\t\t<img decoding=\"async\" src=\"https:\/\/www.myallmeeting.com\/wp-content\/uploads\/2022\/02\/6130-50-953x600.jpg\" width=\"953\" height=\"600\" alt=\"\" loading=\"lazy\" class=\"w-100\" \/>\n\t\t\t<\/div>\n\t\t\t\t\t\t<div class=\"col-lg-6\">\n\t\t\t\t<div class=\"text-image__content\">\n\t\t\t\t\t\t\t\t\t\t<div class=\"fw-semibold lh-xs fs-20 fs-lg-32 ls--25 mb-5\">Excelentes capacidades MICE\u2026 <\/div>\n\t\t\t\t\t\t\t\t\t\t\t\t\t\t\t<div class=\"fs-wysiwyg\">\n\t\t\t\t\t\t<p><span data-contrast=\"none\">Tr\u00eas andares dedicados, 6.000 m<\/span><span data-contrast=\"none\">2<\/span><span data-contrast=\"none\">,\u202f<\/span><b><span data-contrast=\"none\">cerca de cinquenta salas de reuni\u00f5es<\/span><\/b><span data-contrast=\"none\">\u202ftotalmente iluminadas por <\/span><b><span data-contrast=\"none\">luz natural<\/span><\/b><span data-contrast=\"none\"> \u2026 O centro de eventos Pullman Paris Montparnasse \u00e9 excecional. Come\u00e7ando com seu <\/span><b><i><span data-contrast=\"none\">Grand<\/span><\/i><\/b><i><span data-contrast=\"none\">\u202f<\/span><\/i><b><i><span data-contrast=\"none\">Ballroom<\/span><\/i><\/b><span data-contrast=\"none\"> de estilo inimit\u00e1vel, dimens\u00f5es impressionantes e banhado de luz natural. Na verdade, pode acomodar at\u00e9 700<\/span><b><span data-contrast=\"none\"> pessoas em seus 742 m<\/span><\/b><b><span data-contrast=\"none\">2<\/span><\/b><span data-contrast=\"none\">. Divis\u00edvel em quatro partes, adapta-se perfeitamente ao tamanho do seu evento. Refei\u00e7\u00f5es de gala, confer\u00eancias de imprensa, desfiles, concertos, lan\u00e7amentos de produtos&#8230; As possibilidades de utiliza\u00e7\u00e3o s\u00e3o infinitas!<\/span><span data-ccp-props=\"{&quot;201341983&quot;:0,&quot;335551550&quot;:6,&quot;335551620&quot;:6,&quot;335557856&quot;:16119028,&quot;335559738&quot;:165,&quot;335559739&quot;:165,&quot;335559740&quot;:240}\">\u00a0<\/span><\/p>\n<p><span data-contrast=\"none\">O Ballroom \u00e9 adequado para m\u00faltiplos usos! Gra\u00e7as aos seus c\u00edrculos luminosos e control\u00e1veis, \u00e0 ac\u00fastica precisa e ao ecr\u00e3 de 4 x 8 metros, podemos imaginar um verdadeiro\u202f<\/span><b><span data-contrast=\"none\">cenografia<\/span><\/b><span data-contrast=\"none\">\u202fe fa\u00e7a um\u202f<\/span><b><i><span data-contrast=\"none\">evento<\/span><\/i><\/b><b><span data-contrast=\"none\">\u202fna sua imagem<\/span><\/b><span data-contrast=\"none\">. Um detalhe que n\u00e3o \u00e9 s\u00f3: foi fornecido um elevador de carga para transportar produtos pesados, como autom\u00f3veis.<\/span><span data-ccp-props=\"{&quot;201341983&quot;:0,&quot;335551550&quot;:6,&quot;335551620&quot;:6,&quot;335557856&quot;:16119028,&quot;335559738&quot;:165,&quot;335559739&quot;:165,&quot;335559740&quot;:240}\">\u00a0<\/span><\/p>\n\t\t\t\t\t<\/div>\n\t\t\t\t\t\t\t\t\t<\/div>\n\t\t\t<\/div>        \n\t\t<\/div>\n\t<\/div>\n<\/div>\n<!-- END OF : Composant : block-periscope-theme-section-composant-33-texte-image.php -->\n\n\n<!-- START OF : Composant : block-periscope-theme-section-composant-33-texte-image.php -->\n<!-- INVERSE -->\n<div class=\"text-image fs-wysiwyg mb-8 mb-lg-12\" data-component=\"33-texte-image\" data-reverse=\"oui\">\n\t<div class=\"container-fluid\" style=\"--bs-gutter-x: 0\">\n\t\t<div class=\"row\" style=\"--bs-gutter-x: 0\">\n\t\t\t<div class=\"col-lg-6\">\n\t\t\t\t<div class=\"text-image__content\">\n\t\t\t\t\t\t\t\t\t\t<div class=\"fw-semibold lh-xs fs-20 fs-lg-32 ls--25 mb-5\">\u2026 Adaptado a todos os tipos de eventos!\u202f <\/div>\n\t\t\t\t\t\t\t\t\t\t\t\t\t\t\t<div class=\"fs-wysiwyg\">\n\t\t\t\t\t\t<p><span data-contrast=\"none\">Ao redor do Grande Sal\u00e3o de Baile, encontramos\u202f<\/span><b><span data-contrast=\"none\">a casa<\/span><\/b><span data-contrast=\"none\">\u202fe a\u202f<\/span><b><span data-contrast=\"none\">Grandes est\u00fadios<\/span><\/b><span data-contrast=\"none\">\u202fonde tamb\u00e9m podemos organizar eventos de grande formato, como\u202f<\/span><b><span data-contrast=\"none\">coquet\u00e9is<\/span><\/b><span data-contrast=\"none\">\u202fpor exemplo. Modulares, os Grands Studios tamb\u00e9m ser\u00e3o adequados para reuni\u00f5es mais intimistas, como workshops ou forma\u00e7\u00f5es.<\/span><span data-ccp-props=\"{&quot;201341983&quot;:0,&quot;335551550&quot;:6,&quot;335551620&quot;:6,&quot;335557856&quot;:16119028,&quot;335559738&quot;:165,&quot;335559739&quot;:165,&quot;335559740&quot;:240}\">\u00a0<\/span><\/p>\n<p><span data-contrast=\"none\">Dirigimo-nos agora para<\/span><b><i><span data-contrast=\"none\"> o Green Floor<\/span><\/i><\/b><i><span data-contrast=\"none\">: <\/span><\/i><b><i><span data-contrast=\"none\">13 sal\u00f5es<\/span><\/i><\/b><b><span data-contrast=\"none\">,<\/span><\/b><span data-contrast=\"none\">\u202fmuito perto de um\u202f<\/span><b><span data-contrast=\"none\">Terra\u00e7o verde de 800 m<\/span><\/b><b><span data-contrast=\"none\">2<\/span><\/b><span data-contrast=\"none\">. Na Pullman Paris Montparnasse a pol\u00edtica de RSE \u00e9 um pilar fundamental e este piso \u00e9 a ilustra\u00e7\u00e3o disso, com destaque para\u202fa <\/span><b><span data-contrast=\"none\">Green<\/span><\/b> <b><span data-contrast=\"none\">Su\u00edte<\/span><\/b> <span data-contrast=\"none\">um lounge executivo excecional com sala de jantar e\u202f<\/span><b><span data-contrast=\"none\">terra\u00e7o privado<\/span><\/b><span data-contrast=\"none\">. Neste mesmo esp\u00edrito \u201ccasulo\u201d, conv\u00e9m referir que\u202f<\/span><b><span data-contrast=\"none\">19 salas podem ser convertidas em salas de reuni\u00f5es<\/span><\/b><span data-contrast=\"none\">.<\/span><span data-ccp-props=\"{&quot;201341983&quot;:0,&quot;335551550&quot;:6,&quot;335551620&quot;:6,&quot;335557856&quot;:16119028,&quot;335559738&quot;:165,&quot;335559739&quot;:165,&quot;335559740&quot;:240}\">\u00a0<\/span><\/p>\n<p><span data-contrast=\"none\">E se desejar<\/span> <b><span data-contrast=\"none\">quebrar os c\u00f3digos das reuni\u00f5es tradicionais<\/span><\/b><span data-contrast=\"none\">\u202fe beneficiar de um\u202f<\/span><b><span data-contrast=\"none\">quadro interativo<\/span><\/b><span data-contrast=\"none\">\u202fpara criar um\u202f<\/span><i><span data-contrast=\"none\">evento<\/span><\/i><span data-contrast=\"none\">\u202fque deixa uma impress\u00e3o duradoura,<\/span> <span data-contrast=\"none\">dirija-se para\u202f<\/span><b><span data-contrast=\"none\">o espa\u00e7o imersivo C2<\/span><\/b><span data-contrast=\"none\">, um incr\u00edvel playground de\u202f<\/span><b><span data-contrast=\"none\">1500m<\/span><\/b><b><span data-contrast=\"none\">2<\/span><\/b><span data-contrast=\"none\">\u202fpensado para eventos empresariais de vanguarda, onde a criatividade encontra express\u00e3o. Neste lugar exc\u00eantrico, encontramos\u202f<\/span><b><span data-contrast=\"none\">O Garden <\/span><\/b><span data-contrast=\"none\">para relaxar,\u202f<\/span><b><span data-contrast=\"none\">o Hangar <\/span><\/b><span data-contrast=\"none\">para criar, um\u202f<\/span><b><span data-contrast=\"none\">F\u00f3rum<\/span><\/b><span data-contrast=\"none\">\u202fpara se divertir\u2026 Mergulhamos<\/span> <span data-contrast=\"none\">no esp\u00edrito <\/span><b><span data-contrast=\"none\">&#8220;playground<\/span><\/b><b><i><span data-contrast=\"none\">&#8220;<\/span><\/i><\/b><b><span data-contrast=\"none\">,<\/span><\/b><span data-contrast=\"none\">\u202fquerido \u00e0 marca Pullman!<\/span><span data-ccp-props=\"{&quot;201341983&quot;:0,&quot;335551550&quot;:6,&quot;335551620&quot;:6,&quot;335557856&quot;:16119028,&quot;335559738&quot;:165,&quot;335559739&quot;:165,&quot;335559740&quot;:240}\">\u00a0<\/span><\/p>\n\t\t\t\t\t<\/div>\n\t\t\t\t\t\t\t\t\t<\/div>\n\t\t\t<\/div>    \n\t\t\t    \n\t\t\t<div class=\"col-lg-6 order-first order-lg-last mb-7 mb-lg-0\">\n\t\t\t\t<img decoding=\"async\" src=\"https:\/\/www.myallmeeting.com\/wp-content\/uploads\/2022\/02\/6130-52-953x600.jpg\" width=\"953\" height=\"600\" alt=\"\" loading=\"lazy\" class=\"w-100\" \/>\n\t\t\t<\/div>\n\t\t\t\t\t<\/div>\n\t<\/div>\n<\/div>\n<!-- END OF : Composant : block-periscope-theme-section-composant-33-texte-image.php -->\n\n\n<!-- START OF : Composant : block-periscope-theme-section-composant-33-texte-image.php -->\n<div class=\"text-image fs-wysiwyg mb-8 mb-lg-12\" data-component=\"33-texte-image\">\n\t<div class=\"container-fluid\" style=\"--bs-gutter-x: 0\">\n\t\t<div class=\"row\" style=\"--bs-gutter-x: 0\">\n\t\t\t\t\t\t<div class=\"col-lg-6 mb-7 mb-lg-0\">\n\t\t\t\t<img decoding=\"async\" src=\"https:\/\/www.myallmeeting.com\/wp-content\/uploads\/2022\/02\/6239-80-953x600.jpg\" width=\"953\" height=\"600\" alt=\"\" loading=\"lazy\" class=\"w-100\" \/>\n\t\t\t<\/div>\n\t\t\t\t\t\t<div class=\"col-lg-6\">\n\t\t\t\t<div class=\"text-image__content\">\n\t\t\t\t\t\t\t\t\t\t<div class=\"fw-semibold lh-xs fs-20 fs-lg-32 ls--25 mb-5\">A arte de viver no seu auge!\u202f <\/div>\n\t\t\t\t\t\t\t\t\t\t\t\t\t\t\t<div class=\"fs-wysiwyg\">\n\t\t\t\t\t\t<p><span data-contrast=\"none\">Para terminar em grande estilo, dirija-se at\u00e9 ao topo, naquela que \u00e9 uma das joias do hotel: o\u202f<\/span><b><span data-contrast=\"none\">SkyBar Paris<\/span><\/b><span data-contrast=\"none\">. O segundo bar ao ar livre mais alto de Paris, oferece\u202f<\/span><b><span data-contrast=\"none\">vista deslumbrante da capital<\/span><\/b><span data-contrast=\"none\">.\u202f<\/span><b><span data-contrast=\"none\">Filial<\/span><\/b><span data-contrast=\"none\">\u202fE\u202f<\/span><b><span data-contrast=\"none\">\u00edntimo<\/span><\/b><span data-contrast=\"none\">, este lugar ser\u00e1 sem d\u00favida um dos destaques da sua viagem. Principalmente porque poder\u00e1 desfrutar de excelentes pratos com sabores de inspira\u00e7\u00e3o asi\u00e1tica, que poder\u00e1 acompanhar com cocktails de autor com ou sem \u00e1lcool. Este local, a n\u00e3o perder em hip\u00f3tese alguma, pode ser\u202f<\/span><b><span data-contrast=\"none\">privatizado para grupos<\/span><\/b><span data-contrast=\"none\">.<\/span><span data-ccp-props=\"{&quot;201341983&quot;:0,&quot;335551550&quot;:6,&quot;335551620&quot;:6,&quot;335557856&quot;:16119028,&quot;335559738&quot;:165,&quot;335559739&quot;:165,&quot;335559740&quot;:240}\">\u00a0<\/span><\/p>\n<p><span data-contrast=\"none\">Quando se trata de jantar, o Pullman Paris Montparnasse \u00e9 o novo destino dos gourmets! O hotel concentrou-se numa variedade de cozinhas internacionais, que oferecem uma alternativa rica e gourmet aos bistr\u00f4s do bairro. al\u00e9m da\u202f<\/span><b><span data-contrast=\"none\">room service<\/span><\/b><span data-contrast=\"none\">, voc\u00ea encontrar\u00e1 um\u202f<\/span><b><span data-contrast=\"none\">Hamb\u00farguer Umami<\/span><\/b><span data-contrast=\"none\">, primeiro endere\u00e7o na Europa da marca americana de hamb\u00fargueres gourmet e saborosos, de Los Angeles. Quer um bom restaurante italiano? <\/span><b><span data-contrast=\"none\">Fi\u2019lia\u202f<\/span><\/b><span data-contrast=\"none\">est\u00e1 l\u00e1 para voc\u00ea, com sua culin\u00e1ria aut\u00eantica com um belo toque contempor\u00e2neo. Finalmente, para aqueles que est\u00e3o com fome antes de uma reuni\u00e3o ou de um\u202f<\/span><b><i><span data-contrast=\"none\">incentivo<\/span><\/i><\/b><span data-contrast=\"none\">, O\u202f<\/span><b><span data-contrast=\"none\">Grab &amp; Go<\/span><\/b><span data-contrast=\"none\">\u202f\u00e9 exatamente o que \u00e9 necess\u00e1rio.<\/span><span data-ccp-props=\"{&quot;201341983&quot;:0,&quot;335551550&quot;:6,&quot;335551620&quot;:6,&quot;335557856&quot;:16119028,&quot;335559738&quot;:165,&quot;335559739&quot;:165,&quot;335559740&quot;:240}\">\u00a0<\/span><\/p>\n\t\t\t\t\t<\/div>\n\t\t\t\t\t\t\t\t\t<\/div>\n\t\t\t<\/div>        \n\t\t<\/div>\n\t<\/div>\n<\/div>\n<!-- END OF : Composant : block-periscope-theme-section-composant-33-texte-image.php -->\n\n\n<!-- START OF : Composant : block-periscope-theme-section-composant-33-texte-image.php -->\n<!-- INVERSE -->\n<div class=\"text-image fs-wysiwyg mb-8 mb-lg-12\" data-component=\"33-texte-image\" data-reverse=\"oui\">\n\t<div class=\"container-fluid\" style=\"--bs-gutter-x: 0\">\n\t\t<div class=\"row\" style=\"--bs-gutter-x: 0\">\n\t\t\t<div class=\"col-lg-6\">\n\t\t\t\t<div class=\"text-image__content\">\n\t\t\t\t\t\t\t\t\t\t<div class=\"fw-semibold lh-xs fs-20 fs-lg-32 ls--25 mb-5\">Paris \u00e9 sua!  <\/div>\n\t\t\t\t\t\t\t\t\t\t\t\t\t\t\t<div class=\"fs-wysiwyg\">\n\t\t\t\t\t\t<p><span data-contrast=\"none\">Localizado\u202f<\/span><b><span data-contrast=\"none\">ao p\u00e9 da esta\u00e7\u00e3o Montparnasse<\/span><\/b><span data-contrast=\"none\">, o Pullman Paris Montparnasse beneficia de uma localiza\u00e7\u00e3o<\/span><b><span data-contrast=\"none\"> excecional<\/span><\/b><span data-contrast=\"none\">. A esta\u00e7\u00e3o de metr\u00f4 \u00e9 uma das<\/span><b><span data-contrast=\"none\">\u202fmelhor servido<\/span><\/b><span data-contrast=\"none\">\u202fda capital e sua equipe poder\u00e1 viajar pela cidade e arredores sem preocupa\u00e7\u00f5es.\u00a0<\/span><span data-ccp-props=\"{&quot;201341983&quot;:0,&quot;335551550&quot;:6,&quot;335551620&quot;:6,&quot;335557856&quot;:16119028,&quot;335559738&quot;:165,&quot;335559739&quot;:165,&quot;335559740&quot;:240}\">\u00a0<\/span><\/p>\n<p><span data-contrast=\"none\">Para os amantes de caminhadas e passeios, o bairro \u00e9 ideal. Revela suas atra\u00e7\u00f5es escondidas ao longo de pequenas ruas e becos sem sa\u00edda, cada um mais charmoso que o anterior. <\/span><span data-contrast=\"auto\">Pode tamb\u00e9m <\/span><span data-contrast=\"none\">descobrir ou redescobrir Saint-Germain-des-Pr\u00e9s ou o Quartier Latin, tamb\u00e9m localizado a poucos passos do Pullman Paris Montparnasse, que, gra\u00e7as \u00e0s suas raras qualidades, \u00e9 imediatamente um dos principais destinos parisienses.<\/span><span data-ccp-props=\"{&quot;201341983&quot;:0,&quot;335551550&quot;:6,&quot;335551620&quot;:6,&quot;335557856&quot;:16119028,&quot;335559738&quot;:165,&quot;335559739&quot;:165,&quot;335559740&quot;:240}\">\u00a0<\/span><\/p>\n\t\t\t\t\t<\/div>\n\t\t\t\t\t\t\t\t\t<\/div>\n\t\t\t<\/div>    \n\t\t\t    \n\t\t\t<div class=\"col-lg-6 order-first order-lg-last mb-7 mb-lg-0\">\n\t\t\t\t<img decoding=\"async\" src=\"https:\/\/www.myallmeeting.com\/wp-content\/uploads\/2022\/02\/6286-84-953x600.jpg\" width=\"953\" height=\"600\" alt=\"\" loading=\"lazy\" class=\"w-100\" \/>\n\t\t\t<\/div>\n\t\t\t\t\t<\/div>\n\t<\/div>\n<\/div>\n<!-- END OF : Composant : block-periscope-theme-section-composant-33-texte-image.php -->\n","protected":false},"excerpt":{"rendered":"","protected":false},"featured_media":15962874,"menu_order":0,"template":"","periscope_categorie_tax":[3647],"class_list":["post-16036445","article","type-article","status-publish","has-post-thumbnail","hentry","periscope_categorie_tax-reportage-du-mois-pt-pt"],"acf":[],"yoast_head":"<title>Com a cabe\u00e7a nas nuvens no Pullman Paris Montparnasse\u00a0 - Accor MyAllMeeting.com<\/title>\n<meta name=\"robots\" content=\"index, follow, max-snippet:-1, max-image-preview:large, max-video-preview:-1\" \/>\n<link rel=\"canonical\" href=\"https:\/\/www.myallmeeting.com\/pt-pt\/wp-json\/wp\/v2\/article\/16036445\" \/>\n<meta property=\"og:locale\" content=\"pt_PT\" \/>\n<meta property=\"og:type\" content=\"article\" \/>\n<meta property=\"og:title\" content=\"Com a cabe\u00e7a nas nuvens no Pullman Paris Montparnasse\u00a0 - Accor MyAllMeeting.com\" \/>\n<meta property=\"og:url\" content=\"https:\/\/www.myallmeeting.com\/pt-pt\/article\/com-a-cabeca-nas-nuvens-no-pullman-paris-montparnasse\/\" \/>\n<meta property=\"og:site_name\" content=\"Accor MyAllMeeting.com\" \/>\n<meta property=\"article:modified_time\" content=\"2024-07-16T11:09:27+00:00\" \/>\n<meta property=\"og:image\" content=\"http:\/\/myallmeeting.com\/wp-content\/uploads\/2022\/02\/Paris-aerial-view.png\" \/>\n\t<meta property=\"og:image:width\" content=\"1920\" \/>\n\t<meta property=\"og:image:height\" content=\"570\" \/>\n\t<meta property=\"og:image:type\" content=\"image\/png\" \/>\n<meta name=\"twitter:card\" content=\"summary_large_image\" \/>\n<meta name=\"twitter:label1\" content=\"Est. reading time\" \/>\n\t<meta name=\"twitter:data1\" content=\"7 minutes\" \/>\n<script type=\"application\/ld+json\" class=\"yoast-schema-graph\">{\"@context\":\"https:\/\/schema.org\",\"@graph\":[{\"@type\":\"WebPage\",\"@id\":\"https:\/\/www.myallmeeting.com\/pt-pt\/article\/com-a-cabeca-nas-nuvens-no-pullman-paris-montparnasse\/\",\"url\":\"https:\/\/www.myallmeeting.com\/pt-pt\/article\/com-a-cabeca-nas-nuvens-no-pullman-paris-montparnasse\/\",\"name\":\"Com a cabe\u00e7a nas nuvens no Pullman Paris Montparnasse\u00a0 - Accor MyAllMeeting.com\",\"isPartOf\":{\"@id\":\"https:\/\/www.myallmeeting.com\/pt-pt\/#website\"},\"primaryImageOfPage\":{\"@id\":\"https:\/\/www.myallmeeting.com\/pt-pt\/article\/com-a-cabeca-nas-nuvens-no-pullman-paris-montparnasse\/#primaryimage\"},\"image\":{\"@id\":\"https:\/\/www.myallmeeting.com\/pt-pt\/article\/com-a-cabeca-nas-nuvens-no-pullman-paris-montparnasse\/#primaryimage\"},\"thumbnailUrl\":\"https:\/\/www.myallmeeting.com\/wp-content\/uploads\/2022\/02\/Paris-aerial-view.png\",\"datePublished\":\"2022-02-24T14:36:11+00:00\",\"dateModified\":\"2024-07-16T11:09:27+00:00\",\"breadcrumb\":{\"@id\":\"https:\/\/www.myallmeeting.com\/pt-pt\/article\/com-a-cabeca-nas-nuvens-no-pullman-paris-montparnasse\/#breadcrumb\"},\"inLanguage\":\"pt-PT\",\"potentialAction\":[{\"@type\":\"ReadAction\",\"target\":[\"https:\/\/www.myallmeeting.com\/pt-pt\/article\/com-a-cabeca-nas-nuvens-no-pullman-paris-montparnasse\/\"]}]},{\"@type\":\"ImageObject\",\"inLanguage\":\"pt-PT\",\"@id\":\"https:\/\/www.myallmeeting.com\/pt-pt\/article\/com-a-cabeca-nas-nuvens-no-pullman-paris-montparnasse\/#primaryimage\",\"url\":\"https:\/\/www.myallmeeting.com\/wp-content\/uploads\/2022\/02\/Paris-aerial-view.png\",\"contentUrl\":\"https:\/\/www.myallmeeting.com\/wp-content\/uploads\/2022\/02\/Paris-aerial-view.png\",\"width\":1920,\"height\":570},{\"@type\":\"BreadcrumbList\",\"@id\":\"https:\/\/www.myallmeeting.com\/pt-pt\/article\/com-a-cabeca-nas-nuvens-no-pullman-paris-montparnasse\/#breadcrumb\",\"itemListElement\":[{\"@type\":\"ListItem\",\"position\":1,\"name\":\"P\u00e1gina inicial\",\"item\":\"https:\/\/myallmeeting.com\/pt-pt\/\"},{\"@type\":\"ListItem\",\"position\":2,\"name\":\"Not\u00edcias\",\"item\":\"https:\/\/www.myallmeeting.com\/pt-pt\/noticias\/\"},{\"@type\":\"ListItem\",\"position\":3,\"name\":\"Com a cabe\u00e7a nas nuvens no Pullman Paris Montparnasse\u00a0\"}]},{\"@type\":\"WebSite\",\"@id\":\"https:\/\/www.myallmeeting.com\/pt-pt\/#website\",\"url\":\"https:\/\/www.myallmeeting.com\/pt-pt\/\",\"name\":\"Accor MyAllMeeting.com\",\"description\":\"Les Meilleurs lieux pour vos Ev\u00e9nements Professionnels\",\"publisher\":{\"@id\":\"https:\/\/www.myallmeeting.com\/pt-pt\/#organization\"},\"potentialAction\":[{\"@type\":\"SearchAction\",\"target\":{\"@type\":\"EntryPoint\",\"urlTemplate\":\"https:\/\/www.myallmeeting.com\/pt-pt\/?s={search_term_string}\"},\"query-input\":{\"@type\":\"PropertyValueSpecification\",\"valueRequired\":true,\"valueName\":\"search_term_string\"}}],\"inLanguage\":\"pt-PT\"},{\"@type\":\"Organization\",\"@id\":\"https:\/\/www.myallmeeting.com\/pt-pt\/#organization\",\"name\":\"ACCOR\",\"url\":\"https:\/\/www.myallmeeting.com\/pt-pt\/\",\"logo\":{\"@type\":\"ImageObject\",\"inLanguage\":\"pt-PT\",\"@id\":\"https:\/\/www.myallmeeting.com\/pt-pt\/#\/schema\/logo\/image\/\",\"url\":\"\",\"contentUrl\":\"\",\"caption\":\"ACCOR\"},\"image\":{\"@id\":\"https:\/\/www.myallmeeting.com\/pt-pt\/#\/schema\/logo\/image\/\"}}]}<\/script>","yoast_head_json":{"title":"Com a cabe\u00e7a nas nuvens no Pullman Paris Montparnasse\u00a0 - Accor MyAllMeeting.com","robots":{"index":"index","follow":"follow","max-snippet":"max-snippet:-1","max-image-preview":"max-image-preview:large","max-video-preview":"max-video-preview:-1"},"canonical":"https:\/\/www.myallmeeting.com\/pt-pt\/wp-json\/wp\/v2\/article\/16036445","og_locale":"pt_PT","og_type":"article","og_title":"Com a cabe\u00e7a nas nuvens no Pullman Paris Montparnasse\u00a0 - Accor MyAllMeeting.com","og_url":"https:\/\/www.myallmeeting.com\/pt-pt\/article\/com-a-cabeca-nas-nuvens-no-pullman-paris-montparnasse\/","og_site_name":"Accor MyAllMeeting.com","article_modified_time":"2024-07-16T11:09:27+00:00","og_image":[{"width":1920,"height":570,"url":"http:\/\/myallmeeting.com\/wp-content\/uploads\/2022\/02\/Paris-aerial-view.png","type":"image\/png"}],"twitter_card":"summary_large_image","twitter_misc":{"Est. reading time":"7 minutes"},"schema":{"@context":"https:\/\/schema.org","@graph":[{"@type":"WebPage","@id":"https:\/\/www.myallmeeting.com\/pt-pt\/article\/com-a-cabeca-nas-nuvens-no-pullman-paris-montparnasse\/","url":"https:\/\/www.myallmeeting.com\/pt-pt\/article\/com-a-cabeca-nas-nuvens-no-pullman-paris-montparnasse\/","name":"Com a cabe\u00e7a nas nuvens no Pullman Paris Montparnasse\u00a0 - Accor MyAllMeeting.com","isPartOf":{"@id":"https:\/\/www.myallmeeting.com\/pt-pt\/#website"},"primaryImageOfPage":{"@id":"https:\/\/www.myallmeeting.com\/pt-pt\/article\/com-a-cabeca-nas-nuvens-no-pullman-paris-montparnasse\/#primaryimage"},"image":{"@id":"https:\/\/www.myallmeeting.com\/pt-pt\/article\/com-a-cabeca-nas-nuvens-no-pullman-paris-montparnasse\/#primaryimage"},"thumbnailUrl":"https:\/\/www.myallmeeting.com\/wp-content\/uploads\/2022\/02\/Paris-aerial-view.png","datePublished":"2022-02-24T14:36:11+00:00","dateModified":"2024-07-16T11:09:27+00:00","breadcrumb":{"@id":"https:\/\/www.myallmeeting.com\/pt-pt\/article\/com-a-cabeca-nas-nuvens-no-pullman-paris-montparnasse\/#breadcrumb"},"inLanguage":"pt-PT","potentialAction":[{"@type":"ReadAction","target":["https:\/\/www.myallmeeting.com\/pt-pt\/article\/com-a-cabeca-nas-nuvens-no-pullman-paris-montparnasse\/"]}]},{"@type":"ImageObject","inLanguage":"pt-PT","@id":"https:\/\/www.myallmeeting.com\/pt-pt\/article\/com-a-cabeca-nas-nuvens-no-pullman-paris-montparnasse\/#primaryimage","url":"https:\/\/www.myallmeeting.com\/wp-content\/uploads\/2022\/02\/Paris-aerial-view.png","contentUrl":"https:\/\/www.myallmeeting.com\/wp-content\/uploads\/2022\/02\/Paris-aerial-view.png","width":1920,"height":570},{"@type":"BreadcrumbList","@id":"https:\/\/www.myallmeeting.com\/pt-pt\/article\/com-a-cabeca-nas-nuvens-no-pullman-paris-montparnasse\/#breadcrumb","itemListElement":[{"@type":"ListItem","position":1,"name":"P\u00e1gina inicial","item":"https:\/\/myallmeeting.com\/pt-pt\/"},{"@type":"ListItem","position":2,"name":"Not\u00edcias","item":"https:\/\/www.myallmeeting.com\/pt-pt\/noticias\/"},{"@type":"ListItem","position":3,"name":"Com a cabe\u00e7a nas nuvens no Pullman Paris Montparnasse\u00a0"}]},{"@type":"WebSite","@id":"https:\/\/www.myallmeeting.com\/pt-pt\/#website","url":"https:\/\/www.myallmeeting.com\/pt-pt\/","name":"Accor MyAllMeeting.com","description":"Les Meilleurs lieux pour vos Ev\u00e9nements Professionnels","publisher":{"@id":"https:\/\/www.myallmeeting.com\/pt-pt\/#organization"},"potentialAction":[{"@type":"SearchAction","target":{"@type":"EntryPoint","urlTemplate":"https:\/\/www.myallmeeting.com\/pt-pt\/?s={search_term_string}"},"query-input":{"@type":"PropertyValueSpecification","valueRequired":true,"valueName":"search_term_string"}}],"inLanguage":"pt-PT"},{"@type":"Organization","@id":"https:\/\/www.myallmeeting.com\/pt-pt\/#organization","name":"ACCOR","url":"https:\/\/www.myallmeeting.com\/pt-pt\/","logo":{"@type":"ImageObject","inLanguage":"pt-PT","@id":"https:\/\/www.myallmeeting.com\/pt-pt\/#\/schema\/logo\/image\/","url":"","contentUrl":"","caption":"ACCOR"},"image":{"@id":"https:\/\/www.myallmeeting.com\/pt-pt\/#\/schema\/logo\/image\/"}}]}},"_links":{"self":[{"href":"https:\/\/www.myallmeeting.com\/pt-pt\/wp-json\/wp\/v2\/article\/16036445","targetHints":{"allow":["GET"]}}],"collection":[{"href":"https:\/\/www.myallmeeting.com\/pt-pt\/wp-json\/wp\/v2\/article"}],"about":[{"href":"https:\/\/www.myallmeeting.com\/pt-pt\/wp-json\/wp\/v2\/types\/article"}],"wp:featuredmedia":[{"embeddable":true,"href":"https:\/\/www.myallmeeting.com\/pt-pt\/wp-json\/wp\/v2\/media\/15962874"}],"wp:attachment":[{"href":"https:\/\/www.myallmeeting.com\/pt-pt\/wp-json\/wp\/v2\/media?parent=16036445"}],"wp:term":[{"taxonomy":"periscope_categorie_tax","embeddable":true,"href":"https:\/\/www.myallmeeting.com\/pt-pt\/wp-json\/wp\/v2\/periscope_categorie_tax?post=16036445"}],"curies":[{"name":"wp","href":"https:\/\/api.w.org\/{rel}","templated":true}]}}