{"id":16036440,"date":"2017-05-02T18:13:08","date_gmt":"2017-05-02T16:13:08","guid":{"rendered":"https:\/\/myallmeeting.com\/article\/ibis-styles-paris-bercy-un-esprit-street-art-et-start-up-pour-vos-meetings\/"},"modified":"2024-07-16T13:05:24","modified_gmt":"2024-07-16T11:05:24","slug":"ibis-styles-paris-bercy-um-espirito-arte-de-rua-e-start-ups-para-as-suas-reunioes","status":"publish","type":"article","link":"https:\/\/www.myallmeeting.com\/pt-pt\/article\/ibis-styles-paris-bercy-um-espirito-arte-de-rua-e-start-ups-para-as-suas-reunioes\/","title":{"rendered":"Ibis Styles Paris Bercy: um esp\u00edrito arte de rua e start-ups para as suas reuni\u00f5es\u00a0"},"content":{"rendered":"<!-- START OF : Composant : block-periscope-theme-section-composant-25-texte-cta-2-images.php -->\n<div class=\"tcta2ia bg-white fs-wysiwyg mb-lg-12\" data-component=\"25-texte-cta-2-images\">\n\t<div class=\"tcta2ia__top\">\n\t\t<div class=\"container-fluid\" style=\"--bs-gutter-x: 0\">\n\t\t\t<div class=\"row\" style=\"--bs-gutter-x: 0\">\n\t\t\t\t<div class=\"col-lg-8\">\n\t\t\t\t\t\t\t\t\t\t<div class=\"bloc-mise-en-avant__top__left\">\n\t\t\t\t\t\t<img decoding=\"async\" src=\"https:\/\/www.myallmeeting.com\/wp-content\/uploads\/2017\/05\/6982-21-1268x846.jpg\" class=\"pe-2 pe-lg-0\" width=\"1268\" height=\"846\" alt=\"r\u00e9union cr\u00e9ative salle\" loading=\"lazy\" \/>\n\t\t\t\t\t<\/div>\n\t\t\t\t\t\t\t\t\t\t<div class=\"tcta2ia__bottom d-none d-lg-block pb-12 pt-lg-9 pb-lg-0 pe-lg-10\">\n\t\t\t\t\t\t\t\t\t\t\t\t\t\t\t\t\t\t<div class=\"fs-wysiwyg\"><p aria-level=\"4\"><span data-contrast=\"none\">Localizado aos p\u00e9s do imponente\u202f<\/span><b><span data-contrast=\"none\">Arena Accor<\/span><\/b><span data-contrast=\"none\">,\u202f<\/span><a href=\"https:\/\/myallmeeting.com\/pt-pt\/hotel\/0941-ibis-styles-paris-bercy\/\"><b><span data-contrast=\"none\">Ibis Styles Paris Bercy<\/span><\/b><\/a><span data-contrast=\"none\"> fica a apenas 10 minutos de metro do cora\u00e7\u00e3o de Paris e a poucos passos do bairro Bercy Village e das suas muitas <\/span><span data-contrast=\"none\">atividades<\/span><span data-contrast=\"none\"> &#8211; restaurantes, cinema, bares, caf\u00e9s&#8230; \u00c9 acess\u00edvel muito rapidamente a partir da Gare de Lyon, a apenas uma esta\u00e7\u00e3o de metro de dist\u00e2ncia gra\u00e7as \u00e0 linha 14 e tamb\u00e9m \u00e0 linha 6. A sua localiza\u00e7\u00e3o <\/span><span data-contrast=\"none\">\u00e9 ideal<\/span><span data-contrast=\"none\"> para uma estadia de neg\u00f3cios ou lazer.<\/span><span data-ccp-props=\"{&quot;134245418&quot;:true,&quot;134245529&quot;:true,&quot;201341983&quot;:0,&quot;335551550&quot;:6,&quot;335551620&quot;:6,&quot;335557856&quot;:16119028,&quot;335559738&quot;:165,&quot;335559739&quot;:165,&quot;335559740&quot;:259}\">\u00a0<\/span><\/p>\n<p aria-level=\"4\"><span data-contrast=\"auto\">O<\/span> <b><span data-contrast=\"none\">Ibis Styles Paris Bercy\u202f<\/span><\/b><span data-contrast=\"none\">\u00e9 um reflexo do seu bairro: din\u00e2mico, moderno, inspirado na m\u00fasica que ressoa na arena adjacente e no <\/span><i><span data-contrast=\"none\">arte de rua<\/span><\/i><span data-contrast=\"none\"> do vizinho 13\u00ba arrondissement.\u00a0<\/span><span data-ccp-props=\"{&quot;134245418&quot;:true,&quot;134245529&quot;:true,&quot;201341983&quot;:0,&quot;335551550&quot;:6,&quot;335551620&quot;:6,&quot;335557856&quot;:16119028,&quot;335559738&quot;:165,&quot;335559739&quot;:165,&quot;335559740&quot;:259}\">\u00a0<\/span><\/p>\n<p aria-level=\"4\"><span data-contrast=\"none\">Do sal\u00e3o de <\/span><span data-contrast=\"none\">rece\u00e7\u00e3o<\/span><span data-contrast=\"none\"> aos andares, a cultura de <\/span><i><span data-contrast=\"none\">arte de rua<\/span><\/i><span data-contrast=\"none\"> \u00e9 destaque em todo o hotel. Para tornar a representa\u00e7\u00e3o o mais aut\u00eantica poss\u00edvel, <\/span><span data-contrast=\"none\">o <\/span><b><span data-contrast=\"none\">Ibis<\/span><\/b><b><span data-contrast=\"none\"> Styles Paris Bercy\u202f<\/span><\/b><span data-contrast=\"none\">at\u00e9 colaborou com a galeria de arte Itinerrance para trazer <\/span><i><span data-contrast=\"none\">artistas de rua<\/span><\/i> <span data-contrast=\"none\">europeus<\/span><span data-contrast=\"none\">.\u00a0<\/span><span data-ccp-props=\"{&quot;134245418&quot;:true,&quot;134245529&quot;:true,&quot;201341983&quot;:0,&quot;335551550&quot;:6,&quot;335551620&quot;:6,&quot;335557856&quot;:16119028,&quot;335559738&quot;:165,&quot;335559739&quot;:165,&quot;335559740&quot;:259}\">\u00a0<\/span><\/p>\n<p aria-level=\"4\"><span data-contrast=\"none\">Cada um dos 8 grafiteiros selecionados teve carta branca em cada andar. A \u00fanica palavra de ordem: combinar o <\/span><i><span data-contrast=\"none\">arte de rua<\/span><\/i><span data-contrast=\"none\"> e a m\u00fasica! Dos corredores aos quartos do hotel, cada andar tem uma identidade pr\u00f3pria. <\/span><span data-contrast=\"none\">No 4\u00ba andar<\/span> <span data-contrast=\"auto\">h\u00e1 <\/span><span data-contrast=\"none\">pop com graffiti<\/span><span data-contrast=\"none\"> do artista barcelon\u00eas B<\/span><i><span data-contrast=\"none\">-TOY<\/span><\/i> <span data-contrast=\"none\">que reproduziu fotos de Nina Simone;<\/span> <span data-contrast=\"none\">e no 2\u00ba andar, hip-hop e jazz<\/span><span data-contrast=\"none\"> com DAN 23, artista de Estrasburgo. <\/span><span data-contrast=\"none\">Um<\/span> <i><span data-contrast=\"none\">mash-up<\/span><\/i> <span data-contrast=\"none\">Pict\u00f3rico muito interessante e raramente visto em hot\u00e9is desta categoria. Tudo completamente renovado este ano.<\/span><span data-ccp-props=\"{&quot;134245418&quot;:true,&quot;134245529&quot;:true,&quot;201341983&quot;:0,&quot;335551550&quot;:6,&quot;335551620&quot;:6,&quot;335557856&quot;:16119028,&quot;335559738&quot;:165,&quot;335559739&quot;:165,&quot;335559740&quot;:259}\">\u00a0<\/span><\/p>\n<\/div>\n\t\t\t\t\t\t\t\t\t\t\t\t<div class=\"d-flex flex-column flex-lg-row align-items-center gap-5 gap-lg-8 justify-content-between\">\n\t\t\t\t\t\t\t<div class=\"fs-20 fs-lg-26 fw-semibold lh-xs\"><\/div>\n\t\t\t\t\t\t\t\t\t\t\t\t\t<\/div>\n\t\t\t\t\t<\/div>\n\t\t\t\t<\/div>\n\t\t\t\t<div class=\"col-lg-4\">\n\t\t\t\t\t<div class=\"tcta2ia__top__right t-0 r-0 bg-primary text-white pt-4 pb-4 px-2 pt-lg-8 pb-lg-16 px-lg-11 pb-xl-30\">\n\t\t\t\t\t\t\t\t\t\t\t\t\t\t\t\t\t\t<h2 class=\"unna fs-36 fs-lg-51 fs-xl-75 fs-italic fw-normal text-secondary\">Ibis Styles Paris Bercy: um esp\u00edrito arte de rua e start-ups para as suas reuni\u00f5es <\/h2>\n\t\t\t\t\t\t\t\t\t\t\t\t\t\t\t\t\t\t<h3 class=\"text-white fs-18 fs-lg-20 fs-xl-28 text-original-case\">Espa\u00e7os modulares e esp\u00edrito arte de rua destinado a jovens empreendedores.\u202f<\/h3>\n\t\t\t\t\t\t\t\t\t\t\t\t\t\t\t\t\t\t<div class=\"fs-wysiwyg mb-4 fs-lg-16 fs-xl-20\"><p><span data-contrast=\"none\" xml:lang=\"PT-PT\" lang=\"PT-PT\" class=\"TextRun SCXW43402342 BCX0\"><span class=\"NormalTextRun SCXW43402342 BCX0\" data-ccp-parastyle=\"heading 4\"> Ibis Styles Paris <\/span><span class=\"NormalTextRun SpellingErrorV2Themed SCXW43402342 BCX0\" data-ccp-parastyle=\"heading 4\">Bercy<\/span><span class=\"NormalTextRun SCXW43402342 BCX0\" data-ccp-parastyle=\"heading 4\"> \u00e9 um hotel moderno e de design que\u202f<\/span><\/span><span data-contrast=\"none\" xml:lang=\"PT-PT\" lang=\"PT-PT\" class=\"TextRun SCXW43402342 BCX0\"><span class=\"NormalTextRun SCXW43402342 BCX0\" data-ccp-parastyle=\"heading 4\">especialmente dirigido a start-ups<\/span><\/span><span data-contrast=\"none\" xml:lang=\"PT-PT\" lang=\"PT-PT\" class=\"TextRun SCXW43402342 BCX0\"><span class=\"NormalTextRun SCXW43402342 BCX0\" data-ccp-parastyle=\"heading 4\">. <\/span><\/span><span data-contrast=\"none\" xml:lang=\"PT-PT\" lang=\"PT-PT\" class=\"TextRun Highlight SCXW43402342 BCX0\"><span class=\"NormalTextRun SCXW43402342 BCX0\" data-ccp-parastyle=\"heading 4\">O s<\/span><span class=\"NormalTextRun SCXW43402342 BCX0\" data-ccp-parastyle=\"heading 4\">eu<\/span><\/span><span data-contrast=\"none\" xml:lang=\"PT-PT\" lang=\"PT-PT\" class=\"TextRun SCXW43402342 BCX0\"><span class=\"NormalTextRun SCXW43402342 BCX0\" data-ccp-parastyle=\"heading 4\"> estilo <\/span><\/span><span data-contrast=\"none\" xml:lang=\"PT-PT\" lang=\"PT-PT\" class=\"TextRun SCXW43402342 BCX0\"><span class=\"NormalTextRun SCXW43402342 BCX0\" data-ccp-parastyle=\"heading 4\">arte de rua<\/span><\/span><span data-contrast=\"none\" xml:lang=\"PT-PT\" lang=\"PT-PT\" class=\"TextRun SCXW43402342 BCX0\"><span class=\"NormalTextRun SCXW43402342 BCX0\" data-ccp-parastyle=\"heading 4\">, os seus espa\u00e7os de <\/span><span class=\"NormalTextRun SpellingErrorV2Themed SCXW43402342 BCX0\" data-ccp-parastyle=\"heading 4\">coworking<\/span><span class=\"NormalTextRun SCXW43402342 BCX0\" data-ccp-parastyle=\"heading 4\"> e a sua imensa esplanada dever\u00e3o apelar a esta gera\u00e7\u00e3o digital que procura um ambiente de trabalho funcional, descontra\u00eddo e econ\u00f3mico.<\/span><\/span><span class=\"EOP SCXW43402342 BCX0\" data-ccp-props=\"{&quot;134245418&quot;:true,&quot;134245529&quot;:true,&quot;201341983&quot;:0,&quot;335551550&quot;:6,&quot;335551620&quot;:6,&quot;335557856&quot;:16119028,&quot;335559738&quot;:165,&quot;335559739&quot;:165,&quot;335559740&quot;:259}\">\u00a0<\/span><\/p>\n<\/div>\n\t\t\t\t\t\t\t\t\t\t\t\t\t\t\t\t\t\t\t\t\t\t\t\t<p class=\"m-0\"><img decoding=\"async\" src=\"https:\/\/www.myallmeeting.com\/wp-content\/uploads\/2017\/05\/3050-12-633x398.jpg\" class=\"position-relative l-0\" width=\"633\" height=\"398\" alt=\"r\u00e9union cr\u00e9ative\" loading=\"lazy\" \/><\/p>\n\t\t\t\t\t\t\t\t\t\t\t<\/div>\n\t\t\t\t<\/div>\n\t\t\t<\/div>\n\t\t<\/div>\n\t<\/div>\n\t<div class=\"tcta2ia__bottom d-lg-none pb-12 py-lg-9 pe-lg-10\">\n\t\t\t\t\t\t<div class=\"fs-wysiwyg\"><p aria-level=\"4\"><span data-contrast=\"none\">Localizado aos p\u00e9s do imponente\u202f<\/span><b><span data-contrast=\"none\">Arena Accor<\/span><\/b><span data-contrast=\"none\">,\u202f<\/span><a href=\"https:\/\/myallmeeting.com\/pt-pt\/hotel\/0941-ibis-styles-paris-bercy\/\"><b><span data-contrast=\"none\">Ibis Styles Paris Bercy<\/span><\/b><\/a><span data-contrast=\"none\"> fica a apenas 10 minutos de metro do cora\u00e7\u00e3o de Paris e a poucos passos do bairro Bercy Village e das suas muitas <\/span><span data-contrast=\"none\">atividades<\/span><span data-contrast=\"none\"> &#8211; restaurantes, cinema, bares, caf\u00e9s&#8230; \u00c9 acess\u00edvel muito rapidamente a partir da Gare de Lyon, a apenas uma esta\u00e7\u00e3o de metro de dist\u00e2ncia gra\u00e7as \u00e0 linha 14 e tamb\u00e9m \u00e0 linha 6. A sua localiza\u00e7\u00e3o <\/span><span data-contrast=\"none\">\u00e9 ideal<\/span><span data-contrast=\"none\"> para uma estadia de neg\u00f3cios ou lazer.<\/span><span data-ccp-props=\"{&quot;134245418&quot;:true,&quot;134245529&quot;:true,&quot;201341983&quot;:0,&quot;335551550&quot;:6,&quot;335551620&quot;:6,&quot;335557856&quot;:16119028,&quot;335559738&quot;:165,&quot;335559739&quot;:165,&quot;335559740&quot;:259}\">\u00a0<\/span><\/p>\n<p aria-level=\"4\"><span data-contrast=\"auto\">O<\/span> <b><span data-contrast=\"none\">Ibis Styles Paris Bercy\u202f<\/span><\/b><span data-contrast=\"none\">\u00e9 um reflexo do seu bairro: din\u00e2mico, moderno, inspirado na m\u00fasica que ressoa na arena adjacente e no <\/span><i><span data-contrast=\"none\">arte de rua<\/span><\/i><span data-contrast=\"none\"> do vizinho 13\u00ba arrondissement.\u00a0<\/span><span data-ccp-props=\"{&quot;134245418&quot;:true,&quot;134245529&quot;:true,&quot;201341983&quot;:0,&quot;335551550&quot;:6,&quot;335551620&quot;:6,&quot;335557856&quot;:16119028,&quot;335559738&quot;:165,&quot;335559739&quot;:165,&quot;335559740&quot;:259}\">\u00a0<\/span><\/p>\n<p aria-level=\"4\"><span data-contrast=\"none\">Do sal\u00e3o de <\/span><span data-contrast=\"none\">rece\u00e7\u00e3o<\/span><span data-contrast=\"none\"> aos andares, a cultura de <\/span><i><span data-contrast=\"none\">arte de rua<\/span><\/i><span data-contrast=\"none\"> \u00e9 destaque em todo o hotel. Para tornar a representa\u00e7\u00e3o o mais aut\u00eantica poss\u00edvel, <\/span><span data-contrast=\"none\">o <\/span><b><span data-contrast=\"none\">Ibis<\/span><\/b><b><span data-contrast=\"none\"> Styles Paris Bercy\u202f<\/span><\/b><span data-contrast=\"none\">at\u00e9 colaborou com a galeria de arte Itinerrance para trazer <\/span><i><span data-contrast=\"none\">artistas de rua<\/span><\/i> <span data-contrast=\"none\">europeus<\/span><span data-contrast=\"none\">.\u00a0<\/span><span data-ccp-props=\"{&quot;134245418&quot;:true,&quot;134245529&quot;:true,&quot;201341983&quot;:0,&quot;335551550&quot;:6,&quot;335551620&quot;:6,&quot;335557856&quot;:16119028,&quot;335559738&quot;:165,&quot;335559739&quot;:165,&quot;335559740&quot;:259}\">\u00a0<\/span><\/p>\n<p aria-level=\"4\"><span data-contrast=\"none\">Cada um dos 8 grafiteiros selecionados teve carta branca em cada andar. A \u00fanica palavra de ordem: combinar o <\/span><i><span data-contrast=\"none\">arte de rua<\/span><\/i><span data-contrast=\"none\"> e a m\u00fasica! Dos corredores aos quartos do hotel, cada andar tem uma identidade pr\u00f3pria. <\/span><span data-contrast=\"none\">No 4\u00ba andar<\/span> <span data-contrast=\"auto\">h\u00e1 <\/span><span data-contrast=\"none\">pop com graffiti<\/span><span data-contrast=\"none\"> do artista barcelon\u00eas B<\/span><i><span data-contrast=\"none\">-TOY<\/span><\/i> <span data-contrast=\"none\">que reproduziu fotos de Nina Simone;<\/span> <span data-contrast=\"none\">e no 2\u00ba andar, hip-hop e jazz<\/span><span data-contrast=\"none\"> com DAN 23, artista de Estrasburgo. <\/span><span data-contrast=\"none\">Um<\/span> <i><span data-contrast=\"none\">mash-up<\/span><\/i> <span data-contrast=\"none\">Pict\u00f3rico muito interessante e raramente visto em hot\u00e9is desta categoria. Tudo completamente renovado este ano.<\/span><span data-ccp-props=\"{&quot;134245418&quot;:true,&quot;134245529&quot;:true,&quot;201341983&quot;:0,&quot;335551550&quot;:6,&quot;335551620&quot;:6,&quot;335557856&quot;:16119028,&quot;335559738&quot;:165,&quot;335559739&quot;:165,&quot;335559740&quot;:259}\">\u00a0<\/span><\/p>\n<\/div>\n\t\t\t\t<div class=\"d-flex flex-column flex-lg-row align-items-center gap-5 gap-lg-8 justify-content-between\">\n\t\t\t<div class=\"fs-20 fs-lg-26 fw-semibold lh-xs\"><\/div>\n\t\t\t\t\t<\/div>\n\t<\/div>\n<\/div>\n<!-- END OF : Composant : block-periscope-theme-section-composant-25-texte-cta-2-images.php -->\n\n\n<!-- START OF : Composant : block-periscope-theme-section-composant-33-texte-image.php -->\n<div class=\"text-image fs-wysiwyg mb-8 mb-lg-12\" data-component=\"33-texte-image\">\n\t<div class=\"container-fluid\" style=\"--bs-gutter-x: 0\">\n\t\t<div class=\"row\" style=\"--bs-gutter-x: 0\">\n\t\t\t\t\t\t<div class=\"col-lg-6 mb-7 mb-lg-0\">\n\t\t\t\t<img decoding=\"async\" src=\"https:\/\/www.myallmeeting.com\/wp-content\/uploads\/2017\/05\/6982-46-953x600.jpg\" width=\"953\" height=\"600\" alt=\"r\u00e9union cr\u00e9ative salle\" loading=\"lazy\" class=\"w-100\" \/>\n\t\t\t<\/div>\n\t\t\t\t\t\t<div class=\"col-lg-6\">\n\t\t\t\t<div class=\"text-image__content\">\n\t\t\t\t\t\t\t\t\t\t<div class=\"fw-semibold lh-xs fs-20 fs-lg-32 ls--25 mb-5\">Para a organiza\u00e7\u00e3o das suas reuni\u00f5es, seis quartos est\u00e3o \u00e0 sua disposi\u00e7\u00e3o: <\/div>\n\t\t\t\t\t\t\t\t\t\t\t\t\t\t\t<div class=\"fs-wysiwyg\">\n\t\t\t\t\t\t<ul style=\"list-style-type: disc;\">\n<li><span data-contrast=\"none\">A <\/span><b><span data-contrast=\"none\">grande sala modular que pode acomodar at\u00e9 80 pessoas<\/span><\/b><span data-contrast=\"none\"> para <\/span><span data-contrast=\"none\">forma\u00e7\u00f5es<\/span><span data-contrast=\"none\"> ou reuni\u00f5es mais tradicionais.<\/span><span data-ccp-props=\"{&quot;134245418&quot;:true,&quot;134245529&quot;:true,&quot;201341983&quot;:0,&quot;335551550&quot;:6,&quot;335551620&quot;:6,&quot;335557856&quot;:16119028,&quot;335559738&quot;:165,&quot;335559739&quot;:165,&quot;335559740&quot;:259}\">\u00a0<\/span><\/li>\n<\/ul>\n<ul><\/ul>\n<ul><\/ul>\n<ul>\n<li data-leveltext=\"-\" data-font=\"Lato\" data-listid=\"1\" data-list-defn-props=\"{&quot;335551671&quot;:0,&quot;335552541&quot;:1,&quot;335559685&quot;:720,&quot;335559991&quot;:360,&quot;469769226&quot;:&quot;Lato&quot;,&quot;469769242&quot;:[8226],&quot;469777803&quot;:&quot;left&quot;,&quot;469777804&quot;:&quot;-&quot;,&quot;469777815&quot;:&quot;multilevel&quot;}\" aria-setsize=\"-1\" data-aria-posinset=\"1\" data-aria-level=\"1\"><span data-contrast=\"none\">E <\/span><b><span data-contrast=\"none\">outras cinco salas para 5 a 30 pessoas com mais esp\u00edrito <\/span><\/b><b><i><span data-contrast=\"none\">start-up<\/span><\/i><\/b> <b><span data-contrast=\"none\">sob<\/span><\/b><b><span data-contrast=\"none\"> demanda<\/span><\/b><span data-contrast=\"none\">, com sof\u00e1s, mesas de pingue-pongue e bares. Um ambiente descontra\u00eddo e exc\u00eantrico, ideal para reuni\u00f5es criativas ou <\/span><i><span data-contrast=\"none\">brainstormings<\/span><\/i> <span data-contrast=\"auto\">em equipa<\/span><span data-contrast=\"auto\">.<\/span><span data-ccp-props=\"{&quot;134245418&quot;:true,&quot;134245529&quot;:true,&quot;201341983&quot;:0,&quot;335551550&quot;:6,&quot;335551620&quot;:6,&quot;335557856&quot;:16119028,&quot;335559738&quot;:165,&quot;335559739&quot;:165,&quot;335559740&quot;:259}\">\u00a0<\/span><\/li>\n<\/ul>\n<p aria-level=\"4\"><span data-contrast=\"none\">Sempre neste esp\u00edrito de inova\u00e7\u00e3o, como o maior campus de start-ups do mundo (o<\/span> <b><span data-contrast=\"none\">Station F<\/span><\/b><span data-contrast=\"none\">)<\/span> <span data-contrast=\"none\">localizado a poucos passos do hotel, o I<\/span><b><span data-contrast=\"none\">bis Styles Paris Bercy\u202f<\/span><\/b><span data-contrast=\"none\">tamb\u00e9m criou um espa\u00e7o para\u202f<\/span><b><span data-contrast=\"none\">coworking<\/span><\/b><span data-contrast=\"none\">\u202fpara jovens empreendedores com or\u00e7amentos pequenos.<\/span><span data-ccp-props=\"{&quot;134245418&quot;:true,&quot;134245529&quot;:true,&quot;201341983&quot;:0,&quot;335551550&quot;:6,&quot;335551620&quot;:6,&quot;335557856&quot;:16119028,&quot;335559738&quot;:165,&quot;335559739&quot;:165,&quot;335559740&quot;:259}\">\u00a0<\/span><\/p>\n<p aria-level=\"4\"><span data-contrast=\"none\">Isso pode ser estendido para <\/span><span data-contrast=\"none\">o<\/span><span data-contrast=\"none\"> \u201c<\/span><b><span data-contrast=\"none\">Backstage<\/span><\/b><span data-contrast=\"none\">\u201d, o bar do hotel, tamb\u00e9m pensado para acolher este p\u00fablico-alvo dos amantes da tecnologia francesa, com uma ampla esplanada equipada com\u202f<\/span><b><span data-contrast=\"none\">Wi-Fi ilimitado e gratuito<\/span><\/b><span data-contrast=\"none\">.<\/span><span data-ccp-props=\"{&quot;134245418&quot;:true,&quot;134245529&quot;:true,&quot;201341983&quot;:0,&quot;335551550&quot;:6,&quot;335551620&quot;:6,&quot;335557856&quot;:16119028,&quot;335559738&quot;:165,&quot;335559739&quot;:165,&quot;335559740&quot;:259}\">\u00a0<\/span><\/p>\n<p>&nbsp;<\/p>\n\t\t\t\t\t<\/div>\n\t\t\t\t\t\t\t\t\t<\/div>\n\t\t\t<\/div>        \n\t\t<\/div>\n\t<\/div>\n<\/div>\n<!-- END OF : Composant : block-periscope-theme-section-composant-33-texte-image.php -->\n\n\n<!-- START OF : Composant : block-periscope-theme-section-composant-33-texte-image.php -->\n<!-- INVERSE -->\n<div class=\"text-image fs-wysiwyg mb-8 mb-lg-12\" data-component=\"33-texte-image\" data-reverse=\"oui\">\n\t<div class=\"container-fluid\" style=\"--bs-gutter-x: 0\">\n\t\t<div class=\"row\" style=\"--bs-gutter-x: 0\">\n\t\t\t<div class=\"col-lg-6\">\n\t\t\t\t<div class=\"text-image__content\">\n\t\t\t\t\t\t\t\t\t\t<div class=\"fw-semibold lh-xs fs-20 fs-lg-32 ls--25 mb-5\">Um enorme espa\u00e7o exterior:<\/div>\n\t\t\t\t\t\t\t\t\t\t\t\t\t\t\t<div class=\"fs-wysiwyg\">\n\t\t\t\t\t\t<p aria-level=\"4\"><span data-contrast=\"none\">O imenso<\/span><b><span data-contrast=\"none\">\u202f<\/span><\/b><b><span data-contrast=\"none\">terra\u00e7o<\/span><\/b><b><span data-contrast=\"none\"> de 1000 m<\/span><\/b><b><span data-contrast=\"none\">2<\/span><\/b><span data-contrast=\"none\">\u202fvoltado para sudoeste, tem vista para o parque Bercy e\u202f<\/span><b><span data-contrast=\"none\">a Accor Arena<\/span><\/b><span data-contrast=\"none\">.<\/span><span data-ccp-props=\"{&quot;134245418&quot;:true,&quot;134245529&quot;:true,&quot;201341983&quot;:0,&quot;335551550&quot;:6,&quot;335551620&quot;:6,&quot;335557856&quot;:16119028,&quot;335559738&quot;:165,&quot;335559739&quot;:165,&quot;335559740&quot;:259}\">\u00a0<\/span><\/p>\n<p aria-level=\"4\"><span data-contrast=\"none\">Tamb\u00e9m \u00e9 totalmente privatiz\u00e1vel para seus eventos, dos menores aos maiores. Coquetel, jantar <\/span><i><span data-contrast=\"none\">food truck<\/span><\/i><span data-contrast=\"none\"> ou jantar aperitivo, tudo \u00e9 poss\u00edvel para encontros profissionais mais informais e descontra\u00eddos&#8230; ao ar livre!<\/span><span data-ccp-props=\"{&quot;134245418&quot;:true,&quot;134245529&quot;:true,&quot;201341983&quot;:0,&quot;335551550&quot;:6,&quot;335551620&quot;:6,&quot;335557856&quot;:16119028,&quot;335559738&quot;:165,&quot;335559739&quot;:165,&quot;335559740&quot;:259}\">\u00a0<\/span><\/p>\n<p aria-level=\"4\"><span data-contrast=\"none\">Caso contr\u00e1rio, se <\/span><span data-contrast=\"none\">estiver \u00e0 procura<\/span> <span data-contrast=\"none\">de um <\/span><b><span data-contrast=\"none\">afterwork<\/span><\/b><b><span data-contrast=\"none\">\u202f<\/span><\/b><span data-contrast=\"none\">na capital, a esplanada do hotel torna-se, de <\/span><span data-contrast=\"none\">maio<\/span><span data-contrast=\"none\"> a <\/span><span data-contrast=\"none\">setembro<\/span><span data-contrast=\"none\">, <\/span><span data-contrast=\"none\">a <\/span><b><span data-contrast=\"none\">Papa Cabane<\/span><\/b><span data-contrast=\"none\">.<\/span><span data-ccp-props=\"{&quot;134245418&quot;:true,&quot;134245529&quot;:true,&quot;201341983&quot;:0,&quot;335551550&quot;:6,&quot;335551620&quot;:6,&quot;335557856&quot;:16119028,&quot;335559738&quot;:165,&quot;335559739&quot;:165,&quot;335559740&quot;:259}\">\u00a0<\/span><\/p>\n<p aria-level=\"4\"><span data-contrast=\"none\">A oportunidade <\/span><span data-contrast=\"none\">para desfrutar de<\/span><span data-contrast=\"none\"> uma bebida numa espregui\u00e7adeira ao sol enquanto ouve boa m\u00fasica ou <\/span><span data-contrast=\"none\">para<\/span><span data-contrast=\"none\"> comer em qualquer lugar gra\u00e7as ao <\/span><i><span data-contrast=\"none\">food truck<\/span><\/i><span data-contrast=\"none\">\u00a0 \u201cThe Fresh Connection\u201d, antes de embarcar numa partida de petanca ou pingue-pongue para relaxar no final do dia.<\/span><span data-ccp-props=\"{&quot;134245418&quot;:true,&quot;134245529&quot;:true,&quot;201341983&quot;:0,&quot;335551550&quot;:6,&quot;335551620&quot;:6,&quot;335557856&quot;:16119028,&quot;335559738&quot;:165,&quot;335559739&quot;:165,&quot;335559740&quot;:259}\">\u00a0<\/span><\/p>\n\t\t\t\t\t<\/div>\n\t\t\t\t\t\t\t\t\t<\/div>\n\t\t\t<\/div>    \n\t\t\t    \n\t\t\t<div class=\"col-lg-6 order-first order-lg-last mb-7 mb-lg-0\">\n\t\t\t\t<img decoding=\"async\" src=\"https:\/\/www.myallmeeting.com\/wp-content\/uploads\/2017\/05\/6982-39-953x600.jpg\" width=\"953\" height=\"600\" alt=\"r\u00e9union cr\u00e9ative\" loading=\"lazy\" class=\"w-100\" \/>\n\t\t\t<\/div>\n\t\t\t\t\t<\/div>\n\t<\/div>\n<\/div>\n<!-- END OF : Composant : block-periscope-theme-section-composant-33-texte-image.php -->\n","protected":false},"excerpt":{"rendered":"","protected":false},"featured_media":15964716,"menu_order":0,"template":"","periscope_categorie_tax":[3639],"class_list":["post-16036440","article","type-article","status-publish","has-post-thumbnail","hentry","periscope_categorie_tax-decouvrez-nos-adresses-pt-pt"],"acf":[],"yoast_head":"<title>Ibis Styles Paris Bercy: um esp\u00edrito arte de rua e start-ups para as suas reuni\u00f5es\u00a0 - Accor MyAllMeeting.com<\/title>\n<meta name=\"robots\" content=\"index, follow, max-snippet:-1, max-image-preview:large, max-video-preview:-1\" \/>\n<link rel=\"canonical\" href=\"https:\/\/www.myallmeeting.com\/pt-pt\/wp-json\/wp\/v2\/article\/16036440\" \/>\n<meta property=\"og:locale\" content=\"pt_PT\" \/>\n<meta property=\"og:type\" content=\"article\" \/>\n<meta property=\"og:title\" content=\"Ibis Styles Paris Bercy: um esp\u00edrito arte de rua e start-ups para as suas reuni\u00f5es\u00a0 - Accor MyAllMeeting.com\" \/>\n<meta property=\"og:url\" content=\"https:\/\/www.myallmeeting.com\/pt-pt\/article\/ibis-styles-paris-bercy-um-espirito-arte-de-rua-e-start-ups-para-as-suas-reunioes\/\" \/>\n<meta property=\"og:site_name\" content=\"Accor MyAllMeeting.com\" \/>\n<meta property=\"article:modified_time\" content=\"2024-07-16T11:05:24+00:00\" \/>\n<meta property=\"og:image\" content=\"http:\/\/myallmeeting.com\/wp-content\/uploads\/2017\/05\/MAM-imagery-1920-x-570-px-2.png\" \/>\n\t<meta property=\"og:image:width\" content=\"1920\" \/>\n\t<meta property=\"og:image:height\" content=\"570\" \/>\n\t<meta property=\"og:image:type\" content=\"image\/png\" \/>\n<meta name=\"twitter:card\" content=\"summary_large_image\" \/>\n<meta name=\"twitter:label1\" content=\"Est. reading time\" \/>\n\t<meta name=\"twitter:data1\" content=\"5 minutes\" \/>\n<script type=\"application\/ld+json\" class=\"yoast-schema-graph\">{\"@context\":\"https:\/\/schema.org\",\"@graph\":[{\"@type\":\"WebPage\",\"@id\":\"https:\/\/www.myallmeeting.com\/pt-pt\/article\/ibis-styles-paris-bercy-um-espirito-arte-de-rua-e-start-ups-para-as-suas-reunioes\/\",\"url\":\"https:\/\/www.myallmeeting.com\/pt-pt\/article\/ibis-styles-paris-bercy-um-espirito-arte-de-rua-e-start-ups-para-as-suas-reunioes\/\",\"name\":\"Ibis Styles Paris Bercy: um esp\u00edrito arte de rua e start-ups para as suas reuni\u00f5es\u00a0 - Accor MyAllMeeting.com\",\"isPartOf\":{\"@id\":\"https:\/\/www.myallmeeting.com\/pt-pt\/#website\"},\"primaryImageOfPage\":{\"@id\":\"https:\/\/www.myallmeeting.com\/pt-pt\/article\/ibis-styles-paris-bercy-um-espirito-arte-de-rua-e-start-ups-para-as-suas-reunioes\/#primaryimage\"},\"image\":{\"@id\":\"https:\/\/www.myallmeeting.com\/pt-pt\/article\/ibis-styles-paris-bercy-um-espirito-arte-de-rua-e-start-ups-para-as-suas-reunioes\/#primaryimage\"},\"thumbnailUrl\":\"https:\/\/www.myallmeeting.com\/wp-content\/uploads\/2017\/05\/MAM-imagery-1920-x-570-px-2.png\",\"datePublished\":\"2017-05-02T16:13:08+00:00\",\"dateModified\":\"2024-07-16T11:05:24+00:00\",\"breadcrumb\":{\"@id\":\"https:\/\/www.myallmeeting.com\/pt-pt\/article\/ibis-styles-paris-bercy-um-espirito-arte-de-rua-e-start-ups-para-as-suas-reunioes\/#breadcrumb\"},\"inLanguage\":\"pt-PT\",\"potentialAction\":[{\"@type\":\"ReadAction\",\"target\":[\"https:\/\/www.myallmeeting.com\/pt-pt\/article\/ibis-styles-paris-bercy-um-espirito-arte-de-rua-e-start-ups-para-as-suas-reunioes\/\"]}]},{\"@type\":\"ImageObject\",\"inLanguage\":\"pt-PT\",\"@id\":\"https:\/\/www.myallmeeting.com\/pt-pt\/article\/ibis-styles-paris-bercy-um-espirito-arte-de-rua-e-start-ups-para-as-suas-reunioes\/#primaryimage\",\"url\":\"https:\/\/www.myallmeeting.com\/wp-content\/uploads\/2017\/05\/MAM-imagery-1920-x-570-px-2.png\",\"contentUrl\":\"https:\/\/www.myallmeeting.com\/wp-content\/uploads\/2017\/05\/MAM-imagery-1920-x-570-px-2.png\",\"width\":1920,\"height\":570},{\"@type\":\"BreadcrumbList\",\"@id\":\"https:\/\/www.myallmeeting.com\/pt-pt\/article\/ibis-styles-paris-bercy-um-espirito-arte-de-rua-e-start-ups-para-as-suas-reunioes\/#breadcrumb\",\"itemListElement\":[{\"@type\":\"ListItem\",\"position\":1,\"name\":\"P\u00e1gina inicial\",\"item\":\"https:\/\/myallmeeting.com\/pt-pt\/\"},{\"@type\":\"ListItem\",\"position\":2,\"name\":\"Not\u00edcias\",\"item\":\"https:\/\/www.myallmeeting.com\/pt-pt\/noticias\/\"},{\"@type\":\"ListItem\",\"position\":3,\"name\":\"Ibis Styles Paris Bercy: um esp\u00edrito arte de rua e start-ups para as suas reuni\u00f5es\u00a0\"}]},{\"@type\":\"WebSite\",\"@id\":\"https:\/\/www.myallmeeting.com\/pt-pt\/#website\",\"url\":\"https:\/\/www.myallmeeting.com\/pt-pt\/\",\"name\":\"Accor MyAllMeeting.com\",\"description\":\"Les Meilleurs lieux pour vos Ev\u00e9nements Professionnels\",\"publisher\":{\"@id\":\"https:\/\/www.myallmeeting.com\/pt-pt\/#organization\"},\"potentialAction\":[{\"@type\":\"SearchAction\",\"target\":{\"@type\":\"EntryPoint\",\"urlTemplate\":\"https:\/\/www.myallmeeting.com\/pt-pt\/?s={search_term_string}\"},\"query-input\":{\"@type\":\"PropertyValueSpecification\",\"valueRequired\":true,\"valueName\":\"search_term_string\"}}],\"inLanguage\":\"pt-PT\"},{\"@type\":\"Organization\",\"@id\":\"https:\/\/www.myallmeeting.com\/pt-pt\/#organization\",\"name\":\"ACCOR\",\"url\":\"https:\/\/www.myallmeeting.com\/pt-pt\/\",\"logo\":{\"@type\":\"ImageObject\",\"inLanguage\":\"pt-PT\",\"@id\":\"https:\/\/www.myallmeeting.com\/pt-pt\/#\/schema\/logo\/image\/\",\"url\":\"\",\"contentUrl\":\"\",\"caption\":\"ACCOR\"},\"image\":{\"@id\":\"https:\/\/www.myallmeeting.com\/pt-pt\/#\/schema\/logo\/image\/\"}}]}<\/script>","yoast_head_json":{"title":"Ibis Styles Paris Bercy: um esp\u00edrito arte de rua e start-ups para as suas reuni\u00f5es\u00a0 - Accor MyAllMeeting.com","robots":{"index":"index","follow":"follow","max-snippet":"max-snippet:-1","max-image-preview":"max-image-preview:large","max-video-preview":"max-video-preview:-1"},"canonical":"https:\/\/www.myallmeeting.com\/pt-pt\/wp-json\/wp\/v2\/article\/16036440","og_locale":"pt_PT","og_type":"article","og_title":"Ibis Styles Paris Bercy: um esp\u00edrito arte de rua e start-ups para as suas reuni\u00f5es\u00a0 - Accor MyAllMeeting.com","og_url":"https:\/\/www.myallmeeting.com\/pt-pt\/article\/ibis-styles-paris-bercy-um-espirito-arte-de-rua-e-start-ups-para-as-suas-reunioes\/","og_site_name":"Accor MyAllMeeting.com","article_modified_time":"2024-07-16T11:05:24+00:00","og_image":[{"width":1920,"height":570,"url":"http:\/\/myallmeeting.com\/wp-content\/uploads\/2017\/05\/MAM-imagery-1920-x-570-px-2.png","type":"image\/png"}],"twitter_card":"summary_large_image","twitter_misc":{"Est. reading time":"5 minutes"},"schema":{"@context":"https:\/\/schema.org","@graph":[{"@type":"WebPage","@id":"https:\/\/www.myallmeeting.com\/pt-pt\/article\/ibis-styles-paris-bercy-um-espirito-arte-de-rua-e-start-ups-para-as-suas-reunioes\/","url":"https:\/\/www.myallmeeting.com\/pt-pt\/article\/ibis-styles-paris-bercy-um-espirito-arte-de-rua-e-start-ups-para-as-suas-reunioes\/","name":"Ibis Styles Paris Bercy: um esp\u00edrito arte de rua e start-ups para as suas reuni\u00f5es\u00a0 - Accor MyAllMeeting.com","isPartOf":{"@id":"https:\/\/www.myallmeeting.com\/pt-pt\/#website"},"primaryImageOfPage":{"@id":"https:\/\/www.myallmeeting.com\/pt-pt\/article\/ibis-styles-paris-bercy-um-espirito-arte-de-rua-e-start-ups-para-as-suas-reunioes\/#primaryimage"},"image":{"@id":"https:\/\/www.myallmeeting.com\/pt-pt\/article\/ibis-styles-paris-bercy-um-espirito-arte-de-rua-e-start-ups-para-as-suas-reunioes\/#primaryimage"},"thumbnailUrl":"https:\/\/www.myallmeeting.com\/wp-content\/uploads\/2017\/05\/MAM-imagery-1920-x-570-px-2.png","datePublished":"2017-05-02T16:13:08+00:00","dateModified":"2024-07-16T11:05:24+00:00","breadcrumb":{"@id":"https:\/\/www.myallmeeting.com\/pt-pt\/article\/ibis-styles-paris-bercy-um-espirito-arte-de-rua-e-start-ups-para-as-suas-reunioes\/#breadcrumb"},"inLanguage":"pt-PT","potentialAction":[{"@type":"ReadAction","target":["https:\/\/www.myallmeeting.com\/pt-pt\/article\/ibis-styles-paris-bercy-um-espirito-arte-de-rua-e-start-ups-para-as-suas-reunioes\/"]}]},{"@type":"ImageObject","inLanguage":"pt-PT","@id":"https:\/\/www.myallmeeting.com\/pt-pt\/article\/ibis-styles-paris-bercy-um-espirito-arte-de-rua-e-start-ups-para-as-suas-reunioes\/#primaryimage","url":"https:\/\/www.myallmeeting.com\/wp-content\/uploads\/2017\/05\/MAM-imagery-1920-x-570-px-2.png","contentUrl":"https:\/\/www.myallmeeting.com\/wp-content\/uploads\/2017\/05\/MAM-imagery-1920-x-570-px-2.png","width":1920,"height":570},{"@type":"BreadcrumbList","@id":"https:\/\/www.myallmeeting.com\/pt-pt\/article\/ibis-styles-paris-bercy-um-espirito-arte-de-rua-e-start-ups-para-as-suas-reunioes\/#breadcrumb","itemListElement":[{"@type":"ListItem","position":1,"name":"P\u00e1gina inicial","item":"https:\/\/myallmeeting.com\/pt-pt\/"},{"@type":"ListItem","position":2,"name":"Not\u00edcias","item":"https:\/\/www.myallmeeting.com\/pt-pt\/noticias\/"},{"@type":"ListItem","position":3,"name":"Ibis Styles Paris Bercy: um esp\u00edrito arte de rua e start-ups para as suas reuni\u00f5es\u00a0"}]},{"@type":"WebSite","@id":"https:\/\/www.myallmeeting.com\/pt-pt\/#website","url":"https:\/\/www.myallmeeting.com\/pt-pt\/","name":"Accor MyAllMeeting.com","description":"Les Meilleurs lieux pour vos Ev\u00e9nements Professionnels","publisher":{"@id":"https:\/\/www.myallmeeting.com\/pt-pt\/#organization"},"potentialAction":[{"@type":"SearchAction","target":{"@type":"EntryPoint","urlTemplate":"https:\/\/www.myallmeeting.com\/pt-pt\/?s={search_term_string}"},"query-input":{"@type":"PropertyValueSpecification","valueRequired":true,"valueName":"search_term_string"}}],"inLanguage":"pt-PT"},{"@type":"Organization","@id":"https:\/\/www.myallmeeting.com\/pt-pt\/#organization","name":"ACCOR","url":"https:\/\/www.myallmeeting.com\/pt-pt\/","logo":{"@type":"ImageObject","inLanguage":"pt-PT","@id":"https:\/\/www.myallmeeting.com\/pt-pt\/#\/schema\/logo\/image\/","url":"","contentUrl":"","caption":"ACCOR"},"image":{"@id":"https:\/\/www.myallmeeting.com\/pt-pt\/#\/schema\/logo\/image\/"}}]}},"_links":{"self":[{"href":"https:\/\/www.myallmeeting.com\/pt-pt\/wp-json\/wp\/v2\/article\/16036440","targetHints":{"allow":["GET"]}}],"collection":[{"href":"https:\/\/www.myallmeeting.com\/pt-pt\/wp-json\/wp\/v2\/article"}],"about":[{"href":"https:\/\/www.myallmeeting.com\/pt-pt\/wp-json\/wp\/v2\/types\/article"}],"wp:featuredmedia":[{"embeddable":true,"href":"https:\/\/www.myallmeeting.com\/pt-pt\/wp-json\/wp\/v2\/media\/15964716"}],"wp:attachment":[{"href":"https:\/\/www.myallmeeting.com\/pt-pt\/wp-json\/wp\/v2\/media?parent=16036440"}],"wp:term":[{"taxonomy":"periscope_categorie_tax","embeddable":true,"href":"https:\/\/www.myallmeeting.com\/pt-pt\/wp-json\/wp\/v2\/periscope_categorie_tax?post=16036440"}],"curies":[{"name":"wp","href":"https:\/\/api.w.org\/{rel}","templated":true}]}}