{"id":16036426,"date":"2022-02-03T11:25:56","date_gmt":"2022-02-03T10:25:56","guid":{"rendered":"https:\/\/myallmeeting.com\/article\/des-hotels-pour-organiser-vos-evenements-face-a-la-mer\/"},"modified":"2024-07-16T12:53:27","modified_gmt":"2024-07-16T10:53:27","slug":"hoteis-para-organizar-os-seus-eventos-com-vista-para-o-mar","status":"publish","type":"article","link":"https:\/\/www.myallmeeting.com\/pt-pt\/article\/hoteis-para-organizar-os-seus-eventos-com-vista-para-o-mar\/","title":{"rendered":"Hot\u00e9is para organizar os seus eventos com vista para o mar\u00a0"},"content":{"rendered":"<!-- START OF : Composant : block-periscope-theme-section-composant-25-texte-cta-2-images.php -->\n<div class=\"tcta2ia bg-white fs-wysiwyg mb-lg-12\" data-component=\"25-texte-cta-2-images\">\n\t<div class=\"tcta2ia__top\">\n\t\t<div class=\"container-fluid\" style=\"--bs-gutter-x: 0\">\n\t\t\t<div class=\"row\" style=\"--bs-gutter-x: 0\">\n\t\t\t\t<div class=\"col-lg-8\">\n\t\t\t\t\t\t\t\t\t\t<div class=\"bloc-mise-en-avant__top__left\">\n\t\t\t\t\t\t<img decoding=\"async\" src=\"https:\/\/www.myallmeeting.com\/wp-content\/uploads\/2022\/02\/6830-79-1-1268x846.jpg\" class=\"pe-2 pe-lg-0\" width=\"1268\" height=\"846\" alt=\"\" loading=\"lazy\" \/>\n\t\t\t\t\t<\/div>\n\t\t\t\t\t\t\t\t\t\t<div class=\"tcta2ia__bottom d-none d-lg-block pb-12 pt-lg-9 pb-lg-0 pe-lg-10\">\n\t\t\t\t\t\t\t\t\t\t\t\t<h2 class=\"fs-20 fs-lg-32 fw-semibold\">Um evento de bem-estar nas ilhas J\u00f3nicas<\/h2>\n\t\t\t\t\t\t\t\t\t\t\t\t\t\t\t\t\t\t<div class=\"fs-wysiwyg\"><p aria-level=\"4\"><a href=\"https:\/\/myallmeeting.com\/pt-pt\/hotel\/b692-angsana-corfu-ouverture-en-2019\/\"><b><span data-contrast=\"none\">Angsana Corfu<\/span><\/b><\/a><span data-contrast=\"none\">\u202f\u00e9 o hotel ideal se <\/span><span data-contrast=\"none\">planear<\/span><span data-contrast=\"none\"> organizar um evento relacionado \u00e0 vida saud\u00e1vel e ao bem-estar. E se n\u00e3o bastasse o seu cen\u00e1rio id\u00edlico de \u00e1guas azuis e colinas verdes, <\/span><b><span data-contrast=\"none\">oferece 37 vilas luxuosas e spa pr\u00f3prio com 11 salas de tratamento, piscinas internas ou externas e sala de fitness<\/span><\/b><span data-contrast=\"none\">. Uma aula de grupo escolhida entre uma ampla gama de atividades f\u00edsicas ou mesmo uma sess\u00e3o de yoga ou medita\u00e7\u00e3o far\u00e3o a diferen\u00e7a durante o seu evento e demonstrar\u00e3o a aten\u00e7\u00e3o dispensada aos seus participantes.<\/span><span data-ccp-props=\"{&quot;134233117&quot;:true,&quot;134233118&quot;:true,&quot;201341983&quot;:0,&quot;335551550&quot;:6,&quot;335551620&quot;:6,&quot;335557856&quot;:16119028,&quot;335559738&quot;:165,&quot;335559739&quot;:165,&quot;335559740&quot;:240}\">\u00a0<\/span><\/p>\n<p><span data-ccp-props=\"{&quot;201341983&quot;:0,&quot;335559739&quot;:160,&quot;335559740&quot;:259}\">\u00a0<\/span><\/p>\n<p aria-level=\"4\"><span data-contrast=\"none\">Tamb\u00e9m<\/span><span data-contrast=\"none\"> pode deliciar suas papilas gustativas! Os seus sete restaurantes com pitorescas esplanadas esperam-no para provar os sabores do mundo, um espa\u00e7o ideal para terminar o seu evento organizado numa das salas \u00e0 sua disposi\u00e7\u00e3o, que v\u00e3o desde <\/span><b><span data-contrast=\"none\">32 a 285 metros<\/span><\/b><b><span data-contrast=\"none\">2<\/span><\/b><span data-contrast=\"none\">.<\/span><span data-ccp-props=\"{&quot;134233117&quot;:true,&quot;134233118&quot;:true,&quot;201341983&quot;:0,&quot;335551550&quot;:6,&quot;335551620&quot;:6,&quot;335557856&quot;:16119028,&quot;335559738&quot;:165,&quot;335559739&quot;:165,&quot;335559740&quot;:240}\">\u00a0<\/span><\/p>\n<\/div>\n\t\t\t\t\t\t\t\t\t\t\t\t<div class=\"d-flex flex-column flex-lg-row align-items-center gap-5 gap-lg-8 justify-content-between\">\n\t\t\t\t\t\t\t<div class=\"fs-20 fs-lg-26 fw-semibold lh-xs\"><\/div>\n\t\t\t\t\t\t\t\t\t\t\t\t\t<\/div>\n\t\t\t\t\t<\/div>\n\t\t\t\t<\/div>\n\t\t\t\t<div class=\"col-lg-4\">\n\t\t\t\t\t<div class=\"tcta2ia__top__right t-0 r-0 bg-primary text-white pt-4 pb-4 px-2 pt-lg-8 pb-lg-16 px-lg-11 pb-xl-30\">\n\t\t\t\t\t\t\t\t\t\t\t\t\t\t\t\t\t\t<h2 class=\"unna fs-36 fs-lg-51 fs-xl-75 fs-italic fw-normal text-secondary\">Hot\u00e9is para organizar os seus eventos com vista para o mar <\/h2>\n\t\t\t\t\t\t\t\t\t\t\t\t\t\t\t\t\t\t<h3 class=\"text-white fs-18 fs-lg-20 fs-xl-28 text-original-case\">Est\u00e1 \u00e0 procura de um hotel perto do mar? Na verdade, o que poderia ser mais relaxante e inspirador do que descansar ouvindo o som das ondas. Nada melhor para clarear sua mente.  <\/h3>\n\t\t\t\t\t\t\t\t\t\t\t\t\t\t\t\t\t\t<div class=\"fs-wysiwyg mb-4 fs-lg-16 fs-xl-20\"><p><span data-contrast=\"none\">Este cen\u00e1rio id\u00edlico tamb\u00e9m \u00e9 perfeito para um semin\u00e1rio. Permite aliar trabalho e relaxamento, incentivando o bem-estar e a partilha de ideias.<\/span><span data-ccp-props=\"{&quot;201341983&quot;:0,&quot;335551550&quot;:6,&quot;335551620&quot;:6,&quot;335557856&quot;:16119028,&quot;335559739&quot;:165,&quot;335559740&quot;:240}\">\u00a0<\/span><\/p>\n<p><span data-contrast=\"none\">Os especialistas da Accor oferecem-lhe uma sele\u00e7\u00e3o de hot\u00e9is localizados \u00e0 beira-mar, perfeitos para aumentar a concentra\u00e7\u00e3o e as ideias dos seus colaboradores enquanto recarregam as energias.\u00a0<\/span><span data-ccp-props=\"{&quot;201341983&quot;:0,&quot;335551550&quot;:6,&quot;335551620&quot;:6,&quot;335557856&quot;:16119028,&quot;335559739&quot;:165,&quot;335559740&quot;:240}\">\u00a0<\/span><\/p>\n<\/div>\n\t\t\t\t\t\t\t\t\t\t\t\t\t\t\t\t\t\t\t\t\t\t\t\t<p class=\"m-0\"><img decoding=\"async\" src=\"https:\/\/www.myallmeeting.com\/wp-content\/uploads\/2022\/02\/7104-09-633x398.jpg\" class=\"position-relative l-0\" width=\"633\" height=\"398\" alt=\"\" loading=\"lazy\" \/><\/p>\n\t\t\t\t\t\t\t\t\t\t\t<\/div>\n\t\t\t\t<\/div>\n\t\t\t<\/div>\n\t\t<\/div>\n\t<\/div>\n\t<div class=\"tcta2ia__bottom d-lg-none pb-12 py-lg-9 pe-lg-10\">\n\t\t\t\t<div class=\"h2 fs-20 fs-lg-32 fw-semibold\">Um evento de bem-estar nas ilhas J\u00f3nicas<\/div>\n\t\t\t\t\t\t<div class=\"fs-wysiwyg\"><p aria-level=\"4\"><a href=\"https:\/\/myallmeeting.com\/pt-pt\/hotel\/b692-angsana-corfu-ouverture-en-2019\/\"><b><span data-contrast=\"none\">Angsana Corfu<\/span><\/b><\/a><span data-contrast=\"none\">\u202f\u00e9 o hotel ideal se <\/span><span data-contrast=\"none\">planear<\/span><span data-contrast=\"none\"> organizar um evento relacionado \u00e0 vida saud\u00e1vel e ao bem-estar. E se n\u00e3o bastasse o seu cen\u00e1rio id\u00edlico de \u00e1guas azuis e colinas verdes, <\/span><b><span data-contrast=\"none\">oferece 37 vilas luxuosas e spa pr\u00f3prio com 11 salas de tratamento, piscinas internas ou externas e sala de fitness<\/span><\/b><span data-contrast=\"none\">. Uma aula de grupo escolhida entre uma ampla gama de atividades f\u00edsicas ou mesmo uma sess\u00e3o de yoga ou medita\u00e7\u00e3o far\u00e3o a diferen\u00e7a durante o seu evento e demonstrar\u00e3o a aten\u00e7\u00e3o dispensada aos seus participantes.<\/span><span data-ccp-props=\"{&quot;134233117&quot;:true,&quot;134233118&quot;:true,&quot;201341983&quot;:0,&quot;335551550&quot;:6,&quot;335551620&quot;:6,&quot;335557856&quot;:16119028,&quot;335559738&quot;:165,&quot;335559739&quot;:165,&quot;335559740&quot;:240}\">\u00a0<\/span><\/p>\n<p><span data-ccp-props=\"{&quot;201341983&quot;:0,&quot;335559739&quot;:160,&quot;335559740&quot;:259}\">\u00a0<\/span><\/p>\n<p aria-level=\"4\"><span data-contrast=\"none\">Tamb\u00e9m<\/span><span data-contrast=\"none\"> pode deliciar suas papilas gustativas! Os seus sete restaurantes com pitorescas esplanadas esperam-no para provar os sabores do mundo, um espa\u00e7o ideal para terminar o seu evento organizado numa das salas \u00e0 sua disposi\u00e7\u00e3o, que v\u00e3o desde <\/span><b><span data-contrast=\"none\">32 a 285 metros<\/span><\/b><b><span data-contrast=\"none\">2<\/span><\/b><span data-contrast=\"none\">.<\/span><span data-ccp-props=\"{&quot;134233117&quot;:true,&quot;134233118&quot;:true,&quot;201341983&quot;:0,&quot;335551550&quot;:6,&quot;335551620&quot;:6,&quot;335557856&quot;:16119028,&quot;335559738&quot;:165,&quot;335559739&quot;:165,&quot;335559740&quot;:240}\">\u00a0<\/span><\/p>\n<\/div>\n\t\t\t\t<div class=\"d-flex flex-column flex-lg-row align-items-center gap-5 gap-lg-8 justify-content-between\">\n\t\t\t<div class=\"fs-20 fs-lg-26 fw-semibold lh-xs\"><\/div>\n\t\t\t\t\t<\/div>\n\t<\/div>\n<\/div>\n<!-- END OF : Composant : block-periscope-theme-section-composant-25-texte-cta-2-images.php -->\n\n\n<!-- START OF : Composant : block-periscope-theme-section-composant-33-texte-image.php -->\n<div class=\"text-image fs-wysiwyg mb-8 mb-lg-12\" data-component=\"33-texte-image\">\n\t<div class=\"container-fluid\" style=\"--bs-gutter-x: 0\">\n\t\t<div class=\"row\" style=\"--bs-gutter-x: 0\">\n\t\t\t\t\t\t<div class=\"col-lg-6 mb-7 mb-lg-0\">\n\t\t\t\t<img decoding=\"async\" src=\"https:\/\/www.myallmeeting.com\/wp-content\/uploads\/2022\/02\/Novotel-Deauville-Plage-4-953x600.jpg\" width=\"953\" height=\"600\" alt=\"\" loading=\"lazy\" class=\"w-100\" \/>\n\t\t\t<\/div>\n\t\t\t\t\t\t<div class=\"col-lg-6\">\n\t\t\t\t<div class=\"text-image__content\">\n\t\t\t\t\t\t\t\t\t\t<div class=\"fw-semibold lh-xs fs-20 fs-lg-32 ls--25 mb-5\">Em pequenos grupos com vista para o mar <\/div>\n\t\t\t\t\t\t\t\t\t\t\t\t\t\t\t<div class=\"fs-wysiwyg\">\n\t\t\t\t\t\t<p aria-level=\"4\"><span data-contrast=\"none\">Na Normandia, no cora\u00e7\u00e3o da cidade velha de Deauville, famosa pelo seu festival de cinema, o\u202f<\/span><a href=\"https:\/\/myallmeeting.com\/pt-pt\/hotel\/b4q8-novotel-deauville-plage-opening-august-2019\/\"><b><span data-contrast=\"none\">Novotel Deauville-Plage<\/span><\/b><\/a><span data-contrast=\"none\">\u202fest\u00e1 realmente \u00e0 beira da \u00e1gua. E n\u00e3o em qualquer praia! A Promenade des Planches (que se estende por 700 m, com nomes de atores e diretores gravados \u00e0 imagem de Hollywood) dar\u00e1 ao seu evento um toque \u00fanico, elegante e charmoso. As reuni\u00f5es de pequenos grupos est\u00e3o na moda e para eventos de 10 a 50 pessoas, o estabelecimento conta com <\/span><b><span data-contrast=\"none\">tr\u00eas quartos (dois de 30 m<\/span><\/b><b><span data-contrast=\"none\">2<\/span><\/b><b><span data-contrast=\"none\">\u202fe um de 40 m<\/span><\/b><b><span data-contrast=\"none\">2<\/span><\/b><b><span data-contrast=\"none\">)<\/span><\/b><span data-contrast=\"none\"> e um restaurante panor\u00e2mico que oferece um ambiente luminoso e energ\u00e9tico durante o dia e um ambiente intimista \u00e0 noite, sob ilumina\u00e7\u00e3o suave.<\/span><span data-ccp-props=\"{&quot;134233117&quot;:true,&quot;134233118&quot;:true,&quot;201341983&quot;:0,&quot;335551550&quot;:6,&quot;335551620&quot;:6,&quot;335557856&quot;:16119028,&quot;335559738&quot;:165,&quot;335559739&quot;:165,&quot;335559740&quot;:240}\">\u00a0<\/span><\/p>\n<p aria-level=\"4\"><span data-contrast=\"none\">Com a sua piscina interior, hammam, bem como o casino e o campo de golfe a 5 minutos, os participantes nunca mais v\u00e3o querer voltar para casa.<\/span><span data-ccp-props=\"{&quot;134233117&quot;:true,&quot;134233118&quot;:true,&quot;201341983&quot;:0,&quot;335551550&quot;:6,&quot;335551620&quot;:6,&quot;335557856&quot;:16119028,&quot;335559738&quot;:165,&quot;335559739&quot;:165,&quot;335559740&quot;:240}\">\u00a0<\/span><\/p>\n<p>&nbsp;<\/p>\n\t\t\t\t\t<\/div>\n\t\t\t\t\t\t\t\t\t<\/div>\n\t\t\t<\/div>        \n\t\t<\/div>\n\t<\/div>\n<\/div>\n<!-- END OF : Composant : block-periscope-theme-section-composant-33-texte-image.php -->\n\n\n<!-- START OF : Composant : block-periscope-theme-section-composant-33-texte-image.php -->\n<!-- INVERSE -->\n<div class=\"text-image fs-wysiwyg mb-8 mb-lg-12\" data-component=\"33-texte-image\" data-reverse=\"oui\">\n\t<div class=\"container-fluid\" style=\"--bs-gutter-x: 0\">\n\t\t<div class=\"row\" style=\"--bs-gutter-x: 0\">\n\t\t\t<div class=\"col-lg-6\">\n\t\t\t\t<div class=\"text-image__content\">\n\t\t\t\t\t\t\t\t\t\t<div class=\"fw-semibold lh-xs fs-20 fs-lg-32 ls--25 mb-5\">Na Riviera Romagna<\/div>\n\t\t\t\t\t\t\t\t\t\t\t\t\t\t\t<div class=\"fs-wysiwyg\">\n\t\t\t\t\t\t<p><span data-contrast=\"auto\">Imagine um hotel perto de TUDO. Este \u00e9 o caso <\/span><a href=\"https:\/\/myallmeeting.com\/pt-pt\/hotel\/8017-mercure-rimini-lungomare\/\"><b><span data-contrast=\"auto\">Merc\u00fario RImini Lungomare<\/span><\/b><\/a><span data-contrast=\"auto\">, estabelecimento 4 estrelas localizado em RImini. Zona animada perto do mar, praias, restaurantes, lojas e bares nas proximidades, esta\u00e7\u00e3o ferrovi\u00e1ria de Rimini e centro hist\u00f3rico a 1,3 km, centro de exposi\u00e7\u00f5es a 5 km\u2026 <\/span><b><span data-contrast=\"auto\">Tudo est\u00e1 l\u00e1 para uma estadia familiar ou profissional de sucesso<\/span><\/b><span data-contrast=\"auto\">.<\/span><span data-ccp-props=\"{&quot;201341983&quot;:0,&quot;335559739&quot;:160,&quot;335559740&quot;:259}\">\u00a0<\/span><\/p>\n<p><b><span data-contrast=\"auto\">Quarenta e oito quartos est\u00e3o dispon\u00edveis<\/span><\/b><span data-contrast=\"auto\">, com a sua decora\u00e7\u00e3o moderna e cuidada e a sua varanda com vista <\/span><span data-contrast=\"auto\">para o<\/span><span data-contrast=\"auto\"> mar. <\/span><b><span data-contrast=\"auto\">H\u00e1 uma<\/span><\/b><b><span data-contrast=\"auto\"> sala de reuni\u00f5es para eventos profissionais<\/span><\/b><span data-contrast=\"auto\">, bem como estacionamento, incluindo esta\u00e7\u00f5es de carregamento. Por favor, note que de <\/span><span data-contrast=\"auto\">abril<\/span><span data-contrast=\"auto\"> a <\/span><span data-contrast=\"auto\">outubro<\/span><span data-contrast=\"auto\"> est\u00e1 dispon\u00edvel uma piscina exterior aquecida a <\/span><span data-contrast=\"auto\">32\u00b0C.<\/span><span data-contrast=\"auto\">\u00a0<\/span><span data-ccp-props=\"{&quot;201341983&quot;:0,&quot;335559739&quot;:160,&quot;335559740&quot;:259}\">\u00a0<\/span><\/p>\n\t\t\t\t\t<\/div>\n\t\t\t\t\t\t\t\t\t<\/div>\n\t\t\t<\/div>    \n\t\t\t    \n\t\t\t<div class=\"col-lg-6 order-first order-lg-last mb-7 mb-lg-0\">\n\t\t\t\t<img decoding=\"async\" src=\"https:\/\/www.myallmeeting.com\/wp-content\/uploads\/2022\/02\/Mercure-RImini-Lungomare-7-953x600.jpg\" width=\"953\" height=\"600\" alt=\"\" loading=\"lazy\" class=\"w-100\" \/>\n\t\t\t<\/div>\n\t\t\t\t\t<\/div>\n\t<\/div>\n<\/div>\n<!-- END OF : Composant : block-periscope-theme-section-composant-33-texte-image.php -->\n\n\n<!-- START OF : Composant : block-periscope-theme-section-composant-33-texte-image.php -->\n<div class=\"text-image fs-wysiwyg mb-8 mb-lg-12\" data-component=\"33-texte-image\">\n\t<div class=\"container-fluid\" style=\"--bs-gutter-x: 0\">\n\t\t<div class=\"row\" style=\"--bs-gutter-x: 0\">\n\t\t\t\t\t\t<div class=\"col-lg-6 mb-7 mb-lg-0\">\n\t\t\t\t<img decoding=\"async\" src=\"https:\/\/www.myallmeeting.com\/wp-content\/uploads\/2022\/02\/6026-61-953x600.jpg\" width=\"953\" height=\"600\" alt=\"\" loading=\"lazy\" class=\"w-100\" \/>\n\t\t\t<\/div>\n\t\t\t\t\t\t<div class=\"col-lg-6\">\n\t\t\t\t<div class=\"text-image__content\">\n\t\t\t\t\t\t\t\t\t\t<div class=\"fw-semibold lh-xs fs-20 fs-lg-32 ls--25 mb-5\">Praia privada e in\u00fameras atividades <\/div>\n\t\t\t\t\t\t\t\t\t\t\t\t\t\t\t<div class=\"fs-wysiwyg\">\n\t\t\t\t\t\t<p aria-level=\"4\"><span data-contrast=\"none\">Ao entrar no\u202f<\/span><a href=\"https:\/\/myallmeeting.com\/pt-pt\/hotel\/3040-pullman-timi-ama-sardegna\/\"><b><span data-contrast=\"none\">Pullman Timi Ama Sardenha<\/span><\/b><\/a><span data-contrast=\"none\">, voc\u00ea pisa no para\u00edso da reserva natural de Capo Carbonara, com in\u00fameras atividades para seus participantes: t\u00eanis, golfe, v\u00f4lei, paddle, ioga, passeios a cavalo\u2026 Personalize o programa do evento e deixe-os escolher! Um passeio pela ilha de veleiro ou jipe?\u202f Uma visita guiada \u00e0 Torre Porto Giunco ou um tratamento sensorial \u00fanico no spa marinho?<\/span><span data-ccp-props=\"{&quot;134233117&quot;:true,&quot;134233118&quot;:true,&quot;201341983&quot;:0,&quot;335551550&quot;:6,&quot;335551620&quot;:6,&quot;335557856&quot;:16119028,&quot;335559738&quot;:165,&quot;335559739&quot;:165,&quot;335559740&quot;:240}\">\u00a0<\/span><\/p>\n<p aria-level=\"4\"><span data-contrast=\"none\">O mar est\u00e1 sempre por perto, mesmo <\/span><span data-contrast=\"none\">nas<\/span> <b><span data-contrast=\"none\">salas de reuni\u00f5es (50 m\u00b2, 80 m\u00b2, 150 m\u00b2, 210 m\u00b2 e 360 m\u00b2)<\/span><\/b><span data-contrast=\"none\"> que t\u00eam vista para a ba\u00eda e s\u00e3o <\/span><span data-contrast=\"none\">iluminadas<\/span><span data-contrast=\"none\"> por luz natural. O networking decorrer\u00e1 de forma fluida no seu restaurante, na sua esplanada, na sua piscina, nos seus jardins&#8230; ou na sua praia privada, um local sem d\u00favida surpreendente para exposi\u00e7\u00f5es de produtos, confer\u00eancias ou\u202f<\/span><i><span data-contrast=\"none\">beach parties<\/span><\/i><span data-contrast=\"none\">\u202f<\/span><span data-contrast=\"none\">tem\u00e1ticas<\/span><span data-contrast=\"none\"> com o som das ondas ao fundo.<\/span><span data-ccp-props=\"{&quot;134233117&quot;:true,&quot;134233118&quot;:true,&quot;201341983&quot;:0,&quot;335551550&quot;:6,&quot;335551620&quot;:6,&quot;335557856&quot;:16119028,&quot;335559738&quot;:165,&quot;335559739&quot;:165,&quot;335559740&quot;:240}\">\u00a0<\/span><\/p>\n\t\t\t\t\t<\/div>\n\t\t\t\t\t\t\t\t\t<\/div>\n\t\t\t<\/div>        \n\t\t<\/div>\n\t<\/div>\n<\/div>\n<!-- END OF : Composant : block-periscope-theme-section-composant-33-texte-image.php -->\n","protected":false},"excerpt":{"rendered":"","protected":false},"featured_media":15964643,"menu_order":0,"template":"","periscope_categorie_tax":[3515],"class_list":["post-16036426","article","type-article","status-publish","has-post-thumbnail","hentry","periscope_categorie_tax-tous-nos-tops-selections-pt-pt"],"acf":[],"yoast_head":"<title>Hot\u00e9is para organizar os seus eventos com vista para o mar\u00a0 - Accor MyAllMeeting.com<\/title>\n<meta name=\"robots\" content=\"index, follow, max-snippet:-1, max-image-preview:large, max-video-preview:-1\" \/>\n<link rel=\"canonical\" href=\"https:\/\/www.myallmeeting.com\/pt-pt\/wp-json\/wp\/v2\/article\/16036426\" \/>\n<meta property=\"og:locale\" content=\"pt_PT\" \/>\n<meta property=\"og:type\" content=\"article\" \/>\n<meta property=\"og:title\" content=\"Hot\u00e9is para organizar os seus eventos com vista para o mar\u00a0 - Accor MyAllMeeting.com\" \/>\n<meta property=\"og:url\" content=\"https:\/\/www.myallmeeting.com\/pt-pt\/article\/hoteis-para-organizar-os-seus-eventos-com-vista-para-o-mar\/\" \/>\n<meta property=\"og:site_name\" content=\"Accor MyAllMeeting.com\" \/>\n<meta property=\"article:modified_time\" content=\"2024-07-16T10:53:27+00:00\" \/>\n<meta property=\"og:image\" content=\"http:\/\/myallmeeting.com\/wp-content\/uploads\/2022\/02\/6838-28-1024x682.jpg\" \/>\n\t<meta property=\"og:image:width\" content=\"1024\" \/>\n\t<meta property=\"og:image:height\" content=\"682\" \/>\n\t<meta property=\"og:image:type\" content=\"image\/jpeg\" \/>\n<meta name=\"twitter:card\" content=\"summary_large_image\" \/>\n<meta name=\"twitter:label1\" content=\"Est. reading time\" \/>\n\t<meta name=\"twitter:data1\" content=\"5 minutes\" \/>\n<script type=\"application\/ld+json\" class=\"yoast-schema-graph\">{\"@context\":\"https:\/\/schema.org\",\"@graph\":[{\"@type\":\"WebPage\",\"@id\":\"https:\/\/www.myallmeeting.com\/pt-pt\/article\/hoteis-para-organizar-os-seus-eventos-com-vista-para-o-mar\/\",\"url\":\"https:\/\/www.myallmeeting.com\/pt-pt\/article\/hoteis-para-organizar-os-seus-eventos-com-vista-para-o-mar\/\",\"name\":\"Hot\u00e9is para organizar os seus eventos com vista para o mar\u00a0 - Accor MyAllMeeting.com\",\"isPartOf\":{\"@id\":\"https:\/\/www.myallmeeting.com\/pt-pt\/#website\"},\"primaryImageOfPage\":{\"@id\":\"https:\/\/www.myallmeeting.com\/pt-pt\/article\/hoteis-para-organizar-os-seus-eventos-com-vista-para-o-mar\/#primaryimage\"},\"image\":{\"@id\":\"https:\/\/www.myallmeeting.com\/pt-pt\/article\/hoteis-para-organizar-os-seus-eventos-com-vista-para-o-mar\/#primaryimage\"},\"thumbnailUrl\":\"https:\/\/www.myallmeeting.com\/wp-content\/uploads\/2022\/02\/6838-28.jpg\",\"datePublished\":\"2022-02-03T10:25:56+00:00\",\"dateModified\":\"2024-07-16T10:53:27+00:00\",\"breadcrumb\":{\"@id\":\"https:\/\/www.myallmeeting.com\/pt-pt\/article\/hoteis-para-organizar-os-seus-eventos-com-vista-para-o-mar\/#breadcrumb\"},\"inLanguage\":\"pt-PT\",\"potentialAction\":[{\"@type\":\"ReadAction\",\"target\":[\"https:\/\/www.myallmeeting.com\/pt-pt\/article\/hoteis-para-organizar-os-seus-eventos-com-vista-para-o-mar\/\"]}]},{\"@type\":\"ImageObject\",\"inLanguage\":\"pt-PT\",\"@id\":\"https:\/\/www.myallmeeting.com\/pt-pt\/article\/hoteis-para-organizar-os-seus-eventos-com-vista-para-o-mar\/#primaryimage\",\"url\":\"https:\/\/www.myallmeeting.com\/wp-content\/uploads\/2022\/02\/6838-28.jpg\",\"contentUrl\":\"https:\/\/www.myallmeeting.com\/wp-content\/uploads\/2022\/02\/6838-28.jpg\",\"width\":2048,\"height\":1364},{\"@type\":\"BreadcrumbList\",\"@id\":\"https:\/\/www.myallmeeting.com\/pt-pt\/article\/hoteis-para-organizar-os-seus-eventos-com-vista-para-o-mar\/#breadcrumb\",\"itemListElement\":[{\"@type\":\"ListItem\",\"position\":1,\"name\":\"P\u00e1gina inicial\",\"item\":\"https:\/\/myallmeeting.com\/pt-pt\/\"},{\"@type\":\"ListItem\",\"position\":2,\"name\":\"Not\u00edcias\",\"item\":\"https:\/\/www.myallmeeting.com\/pt-pt\/noticias\/\"},{\"@type\":\"ListItem\",\"position\":3,\"name\":\"Hot\u00e9is para organizar os seus eventos com vista para o mar\u00a0\"}]},{\"@type\":\"WebSite\",\"@id\":\"https:\/\/www.myallmeeting.com\/pt-pt\/#website\",\"url\":\"https:\/\/www.myallmeeting.com\/pt-pt\/\",\"name\":\"Accor MyAllMeeting.com\",\"description\":\"Les Meilleurs lieux pour vos Ev\u00e9nements Professionnels\",\"publisher\":{\"@id\":\"https:\/\/www.myallmeeting.com\/pt-pt\/#organization\"},\"potentialAction\":[{\"@type\":\"SearchAction\",\"target\":{\"@type\":\"EntryPoint\",\"urlTemplate\":\"https:\/\/www.myallmeeting.com\/pt-pt\/?s={search_term_string}\"},\"query-input\":{\"@type\":\"PropertyValueSpecification\",\"valueRequired\":true,\"valueName\":\"search_term_string\"}}],\"inLanguage\":\"pt-PT\"},{\"@type\":\"Organization\",\"@id\":\"https:\/\/www.myallmeeting.com\/pt-pt\/#organization\",\"name\":\"ACCOR\",\"url\":\"https:\/\/www.myallmeeting.com\/pt-pt\/\",\"logo\":{\"@type\":\"ImageObject\",\"inLanguage\":\"pt-PT\",\"@id\":\"https:\/\/www.myallmeeting.com\/pt-pt\/#\/schema\/logo\/image\/\",\"url\":\"\",\"contentUrl\":\"\",\"caption\":\"ACCOR\"},\"image\":{\"@id\":\"https:\/\/www.myallmeeting.com\/pt-pt\/#\/schema\/logo\/image\/\"}}]}<\/script>","yoast_head_json":{"title":"Hot\u00e9is para organizar os seus eventos com vista para o mar\u00a0 - Accor MyAllMeeting.com","robots":{"index":"index","follow":"follow","max-snippet":"max-snippet:-1","max-image-preview":"max-image-preview:large","max-video-preview":"max-video-preview:-1"},"canonical":"https:\/\/www.myallmeeting.com\/pt-pt\/wp-json\/wp\/v2\/article\/16036426","og_locale":"pt_PT","og_type":"article","og_title":"Hot\u00e9is para organizar os seus eventos com vista para o mar\u00a0 - Accor MyAllMeeting.com","og_url":"https:\/\/www.myallmeeting.com\/pt-pt\/article\/hoteis-para-organizar-os-seus-eventos-com-vista-para-o-mar\/","og_site_name":"Accor MyAllMeeting.com","article_modified_time":"2024-07-16T10:53:27+00:00","og_image":[{"width":1024,"height":682,"url":"http:\/\/myallmeeting.com\/wp-content\/uploads\/2022\/02\/6838-28-1024x682.jpg","type":"image\/jpeg"}],"twitter_card":"summary_large_image","twitter_misc":{"Est. reading time":"5 minutes"},"schema":{"@context":"https:\/\/schema.org","@graph":[{"@type":"WebPage","@id":"https:\/\/www.myallmeeting.com\/pt-pt\/article\/hoteis-para-organizar-os-seus-eventos-com-vista-para-o-mar\/","url":"https:\/\/www.myallmeeting.com\/pt-pt\/article\/hoteis-para-organizar-os-seus-eventos-com-vista-para-o-mar\/","name":"Hot\u00e9is para organizar os seus eventos com vista para o mar\u00a0 - Accor MyAllMeeting.com","isPartOf":{"@id":"https:\/\/www.myallmeeting.com\/pt-pt\/#website"},"primaryImageOfPage":{"@id":"https:\/\/www.myallmeeting.com\/pt-pt\/article\/hoteis-para-organizar-os-seus-eventos-com-vista-para-o-mar\/#primaryimage"},"image":{"@id":"https:\/\/www.myallmeeting.com\/pt-pt\/article\/hoteis-para-organizar-os-seus-eventos-com-vista-para-o-mar\/#primaryimage"},"thumbnailUrl":"https:\/\/www.myallmeeting.com\/wp-content\/uploads\/2022\/02\/6838-28.jpg","datePublished":"2022-02-03T10:25:56+00:00","dateModified":"2024-07-16T10:53:27+00:00","breadcrumb":{"@id":"https:\/\/www.myallmeeting.com\/pt-pt\/article\/hoteis-para-organizar-os-seus-eventos-com-vista-para-o-mar\/#breadcrumb"},"inLanguage":"pt-PT","potentialAction":[{"@type":"ReadAction","target":["https:\/\/www.myallmeeting.com\/pt-pt\/article\/hoteis-para-organizar-os-seus-eventos-com-vista-para-o-mar\/"]}]},{"@type":"ImageObject","inLanguage":"pt-PT","@id":"https:\/\/www.myallmeeting.com\/pt-pt\/article\/hoteis-para-organizar-os-seus-eventos-com-vista-para-o-mar\/#primaryimage","url":"https:\/\/www.myallmeeting.com\/wp-content\/uploads\/2022\/02\/6838-28.jpg","contentUrl":"https:\/\/www.myallmeeting.com\/wp-content\/uploads\/2022\/02\/6838-28.jpg","width":2048,"height":1364},{"@type":"BreadcrumbList","@id":"https:\/\/www.myallmeeting.com\/pt-pt\/article\/hoteis-para-organizar-os-seus-eventos-com-vista-para-o-mar\/#breadcrumb","itemListElement":[{"@type":"ListItem","position":1,"name":"P\u00e1gina inicial","item":"https:\/\/myallmeeting.com\/pt-pt\/"},{"@type":"ListItem","position":2,"name":"Not\u00edcias","item":"https:\/\/www.myallmeeting.com\/pt-pt\/noticias\/"},{"@type":"ListItem","position":3,"name":"Hot\u00e9is para organizar os seus eventos com vista para o mar\u00a0"}]},{"@type":"WebSite","@id":"https:\/\/www.myallmeeting.com\/pt-pt\/#website","url":"https:\/\/www.myallmeeting.com\/pt-pt\/","name":"Accor MyAllMeeting.com","description":"Les Meilleurs lieux pour vos Ev\u00e9nements Professionnels","publisher":{"@id":"https:\/\/www.myallmeeting.com\/pt-pt\/#organization"},"potentialAction":[{"@type":"SearchAction","target":{"@type":"EntryPoint","urlTemplate":"https:\/\/www.myallmeeting.com\/pt-pt\/?s={search_term_string}"},"query-input":{"@type":"PropertyValueSpecification","valueRequired":true,"valueName":"search_term_string"}}],"inLanguage":"pt-PT"},{"@type":"Organization","@id":"https:\/\/www.myallmeeting.com\/pt-pt\/#organization","name":"ACCOR","url":"https:\/\/www.myallmeeting.com\/pt-pt\/","logo":{"@type":"ImageObject","inLanguage":"pt-PT","@id":"https:\/\/www.myallmeeting.com\/pt-pt\/#\/schema\/logo\/image\/","url":"","contentUrl":"","caption":"ACCOR"},"image":{"@id":"https:\/\/www.myallmeeting.com\/pt-pt\/#\/schema\/logo\/image\/"}}]}},"_links":{"self":[{"href":"https:\/\/www.myallmeeting.com\/pt-pt\/wp-json\/wp\/v2\/article\/16036426","targetHints":{"allow":["GET"]}}],"collection":[{"href":"https:\/\/www.myallmeeting.com\/pt-pt\/wp-json\/wp\/v2\/article"}],"about":[{"href":"https:\/\/www.myallmeeting.com\/pt-pt\/wp-json\/wp\/v2\/types\/article"}],"wp:featuredmedia":[{"embeddable":true,"href":"https:\/\/www.myallmeeting.com\/pt-pt\/wp-json\/wp\/v2\/media\/15964643"}],"wp:attachment":[{"href":"https:\/\/www.myallmeeting.com\/pt-pt\/wp-json\/wp\/v2\/media?parent=16036426"}],"wp:term":[{"taxonomy":"periscope_categorie_tax","embeddable":true,"href":"https:\/\/www.myallmeeting.com\/pt-pt\/wp-json\/wp\/v2\/periscope_categorie_tax?post=16036426"}],"curies":[{"name":"wp","href":"https:\/\/api.w.org\/{rel}","templated":true}]}}