{"id":16035811,"date":"2019-10-23T17:51:36","date_gmt":"2019-10-23T15:51:36","guid":{"rendered":"https:\/\/myallmeeting.com\/article\/choisissez-les-hauts-de-france-pour-un-evenement-memorable\/"},"modified":"2024-07-16T11:49:09","modified_gmt":"2024-07-16T09:49:09","slug":"escolha-os-hauts-de-france-para-um-evento-memoravel","status":"publish","type":"article","link":"https:\/\/www.myallmeeting.com\/pt-pt\/article\/escolha-os-hauts-de-france-para-um-evento-memoravel\/","title":{"rendered":"Escolha os Hauts-de-France para um evento memor\u00e1vel\u00a0"},"content":{"rendered":"<!-- START OF : Composant : block-periscope-theme-section-composant-25-texte-cta-2-images.php -->\n<div class=\"tcta2ia bg-white fs-wysiwyg mb-lg-12\" data-component=\"25-texte-cta-2-images\">\n\t<div class=\"tcta2ia__top\">\n\t\t<div class=\"container-fluid\" style=\"--bs-gutter-x: 0\">\n\t\t\t<div class=\"row\" style=\"--bs-gutter-x: 0\">\n\t\t\t\t<div class=\"col-lg-8\">\n\t\t\t\t\t\t\t\t\t\t<div class=\"bloc-mise-en-avant__top__left\">\n\t\t\t\t\t\t<img decoding=\"async\" src=\"https:\/\/www.myallmeeting.com\/wp-content\/uploads\/2019\/10\/3086-49-1268x846.jpg\" class=\"pe-2 pe-lg-0\" width=\"1268\" height=\"846\" alt=\"\" loading=\"lazy\" \/>\n\t\t\t\t\t<\/div>\n\t\t\t\t\t\t\t\t\t\t<div class=\"tcta2ia__bottom d-none d-lg-block pb-12 pt-lg-9 pb-lg-0 pe-lg-10\">\n\t\t\t\t\t\t\t\t\t\t\t\t<h2 class=\"fs-20 fs-lg-32 fw-semibold\">Mercure Arras Centre Gare<\/h2>\n\t\t\t\t\t\t\t\t\t\t\t\t\t\t\t\t\t\t<div class=\"fs-wysiwyg\"><p aria-level=\"4\"><span data-contrast=\"none\">Famosa por suas pra\u00e7as <\/span><b><span data-contrast=\"none\">incr\u00edvel riqueza <\/span><\/b><b><span data-contrast=\"none\">arquitet\u00f3nica<\/span><\/b><span data-contrast=\"none\">, a cidade surpreende com <\/span><b><span data-contrast=\"none\">sua do\u00e7ura de vida<\/span><\/b><span data-contrast=\"none\">. De frente para a esta\u00e7\u00e3o de TGV e a poucos passos do centro hist\u00f3rico, o <a href=\"https:\/\/myallmeeting.com\/pt-pt\/hotel\/1560-mercure-arras-centre-gare\/\">hotel Mercure Arras Centre Gare <\/a><\/span><span data-contrast=\"none\">recebe-o<\/span> <span data-contrast=\"none\">numa<\/span> <b><span data-contrast=\"none\">decora\u00e7\u00e3o moderna em tons quentes<\/span><\/b><span data-contrast=\"none\">.<\/span><span data-ccp-props=\"{&quot;134233117&quot;:true,&quot;134233118&quot;:true,&quot;201341983&quot;:0,&quot;335551550&quot;:6,&quot;335551620&quot;:6,&quot;335557856&quot;:16119028,&quot;335559738&quot;:165,&quot;335559739&quot;:165,&quot;335559740&quot;:240}\">\u00a0<\/span><\/p>\n<p aria-level=\"4\"><span data-contrast=\"none\">Seu restaurante, <\/span><span data-contrast=\"none\">o<\/span><span data-contrast=\"none\"> 58, oferece <\/span><span data-contrast=\"none\">uma<\/span><span data-contrast=\"none\"> cozinha tradicional gourmet e generosa. A 55 minutos de Paris, este hotel de 4 estrelas \u00e9 o local ideal para organizar um evento de qualquer dimens\u00e3o.<\/span><span data-ccp-props=\"{&quot;134233117&quot;:true,&quot;134233118&quot;:true,&quot;201341983&quot;:0,&quot;335551550&quot;:6,&quot;335551620&quot;:6,&quot;335557856&quot;:16119028,&quot;335559738&quot;:165,&quot;335559739&quot;:165,&quot;335559740&quot;:240}\">\u00a0<\/span><\/p>\n<p aria-level=\"4\"><span data-contrast=\"none\">Com o seu <\/span><b><span data-contrast=\"none\">Audit\u00f3rio com 300 lugares<\/span><\/b><span data-contrast=\"none\">, seu sal\u00e3o de exposi\u00e7\u00f5es de 1.200 <\/span><span data-contrast=\"none\">m\u00b2, pode<\/span><span data-contrast=\"none\"> facilmente organizar uma conven\u00e7\u00e3o ou <\/span><span data-contrast=\"none\">congresso<\/span><span data-contrast=\"none\">. E, nas suas 13 salas de reuni\u00f5es, encontrar\u00e1 certamente aquela que mais se adequa \u00e0 organiza\u00e7\u00e3o do seu semin\u00e1rio.<\/span><span data-ccp-props=\"{&quot;134233117&quot;:true,&quot;134233118&quot;:true,&quot;201341983&quot;:0,&quot;335551550&quot;:6,&quot;335551620&quot;:6,&quot;335557856&quot;:16119028,&quot;335559738&quot;:165,&quot;335559739&quot;:165,&quot;335559740&quot;:240}\">\u00a0<\/span><\/p>\n<\/div>\n\t\t\t\t\t\t\t\t\t\t\t\t<div class=\"d-flex flex-column flex-lg-row align-items-center gap-5 gap-lg-8 justify-content-between\">\n\t\t\t\t\t\t\t<div class=\"fs-20 fs-lg-26 fw-semibold lh-xs\"><\/div>\n\t\t\t\t\t\t\t\t\t\t\t\t\t<\/div>\n\t\t\t\t\t<\/div>\n\t\t\t\t<\/div>\n\t\t\t\t<div class=\"col-lg-4\">\n\t\t\t\t\t<div class=\"tcta2ia__top__right t-0 r-0 bg-primary text-white pt-4 pb-4 px-2 pt-lg-8 pb-lg-16 px-lg-11 pb-xl-30\">\n\t\t\t\t\t\t\t\t\t\t\t\t\t\t\t\t\t\t<h2 class=\"unna fs-36 fs-lg-51 fs-xl-75 fs-italic fw-normal text-secondary\">Escolha os Hauts-de-France para um evento memor\u00e1vel <\/h2>\n\t\t\t\t\t\t\t\t\t\t\t\t\t\t\t\t\t\t<h3 class=\"text-white fs-18 fs-lg-20 fs-xl-28 text-original-case\">Rumo a quatro destinos para descobrir com urg\u00eancia! <\/h3>\n\t\t\t\t\t\t\t\t\t\t\t\t\t\t\t\t\t\t<div class=\"fs-wysiwyg mb-4 fs-lg-16 fs-xl-20\"><p>Com as suas imaculadas fal\u00e9sias calc\u00e1rias, as suas imensas praias de areia fina carregadas de maresia, a Costa Opala nunca deixar\u00e1 de o surpreender e de despertar os seus sentidos.<\/p>\n<p>Assim que sair da costa, o Norte, a Picardia e o Pas-de-Calais revelam uma terra de arte e de hist\u00f3ria com os seus campan\u00e1rios, os seus castelos, as suas catedrais e as suas numerosas aldeias pitorescas e aut\u00eanticas onde saborear\u00e1 o calor de umas boas-vindas incompar\u00e1veis.<\/p>\n<\/div>\n\t\t\t\t\t\t\t\t\t\t\t\t\t\t\t\t\t\t\t\t\t\t\t\t<p class=\"m-0\"><img decoding=\"async\" src=\"https:\/\/www.myallmeeting.com\/wp-content\/uploads\/2019\/10\/Mercure-Arras-Centre-Gare-633x398.jpg\" class=\"position-relative l-0\" width=\"633\" height=\"398\" alt=\"\" loading=\"lazy\" \/><\/p>\n\t\t\t\t\t\t\t\t\t\t\t<\/div>\n\t\t\t\t<\/div>\n\t\t\t<\/div>\n\t\t<\/div>\n\t<\/div>\n\t<div class=\"tcta2ia__bottom d-lg-none pb-12 py-lg-9 pe-lg-10\">\n\t\t\t\t<div class=\"h2 fs-20 fs-lg-32 fw-semibold\">Mercure Arras Centre Gare<\/div>\n\t\t\t\t\t\t<div class=\"fs-wysiwyg\"><p aria-level=\"4\"><span data-contrast=\"none\">Famosa por suas pra\u00e7as <\/span><b><span data-contrast=\"none\">incr\u00edvel riqueza <\/span><\/b><b><span data-contrast=\"none\">arquitet\u00f3nica<\/span><\/b><span data-contrast=\"none\">, a cidade surpreende com <\/span><b><span data-contrast=\"none\">sua do\u00e7ura de vida<\/span><\/b><span data-contrast=\"none\">. De frente para a esta\u00e7\u00e3o de TGV e a poucos passos do centro hist\u00f3rico, o <a href=\"https:\/\/myallmeeting.com\/pt-pt\/hotel\/1560-mercure-arras-centre-gare\/\">hotel Mercure Arras Centre Gare <\/a><\/span><span data-contrast=\"none\">recebe-o<\/span> <span data-contrast=\"none\">numa<\/span> <b><span data-contrast=\"none\">decora\u00e7\u00e3o moderna em tons quentes<\/span><\/b><span data-contrast=\"none\">.<\/span><span data-ccp-props=\"{&quot;134233117&quot;:true,&quot;134233118&quot;:true,&quot;201341983&quot;:0,&quot;335551550&quot;:6,&quot;335551620&quot;:6,&quot;335557856&quot;:16119028,&quot;335559738&quot;:165,&quot;335559739&quot;:165,&quot;335559740&quot;:240}\">\u00a0<\/span><\/p>\n<p aria-level=\"4\"><span data-contrast=\"none\">Seu restaurante, <\/span><span data-contrast=\"none\">o<\/span><span data-contrast=\"none\"> 58, oferece <\/span><span data-contrast=\"none\">uma<\/span><span data-contrast=\"none\"> cozinha tradicional gourmet e generosa. A 55 minutos de Paris, este hotel de 4 estrelas \u00e9 o local ideal para organizar um evento de qualquer dimens\u00e3o.<\/span><span data-ccp-props=\"{&quot;134233117&quot;:true,&quot;134233118&quot;:true,&quot;201341983&quot;:0,&quot;335551550&quot;:6,&quot;335551620&quot;:6,&quot;335557856&quot;:16119028,&quot;335559738&quot;:165,&quot;335559739&quot;:165,&quot;335559740&quot;:240}\">\u00a0<\/span><\/p>\n<p aria-level=\"4\"><span data-contrast=\"none\">Com o seu <\/span><b><span data-contrast=\"none\">Audit\u00f3rio com 300 lugares<\/span><\/b><span data-contrast=\"none\">, seu sal\u00e3o de exposi\u00e7\u00f5es de 1.200 <\/span><span data-contrast=\"none\">m\u00b2, pode<\/span><span data-contrast=\"none\"> facilmente organizar uma conven\u00e7\u00e3o ou <\/span><span data-contrast=\"none\">congresso<\/span><span data-contrast=\"none\">. E, nas suas 13 salas de reuni\u00f5es, encontrar\u00e1 certamente aquela que mais se adequa \u00e0 organiza\u00e7\u00e3o do seu semin\u00e1rio.<\/span><span data-ccp-props=\"{&quot;134233117&quot;:true,&quot;134233118&quot;:true,&quot;201341983&quot;:0,&quot;335551550&quot;:6,&quot;335551620&quot;:6,&quot;335557856&quot;:16119028,&quot;335559738&quot;:165,&quot;335559739&quot;:165,&quot;335559740&quot;:240}\">\u00a0<\/span><\/p>\n<\/div>\n\t\t\t\t<div class=\"d-flex flex-column flex-lg-row align-items-center gap-5 gap-lg-8 justify-content-between\">\n\t\t\t<div class=\"fs-20 fs-lg-26 fw-semibold lh-xs\"><\/div>\n\t\t\t\t\t<\/div>\n\t<\/div>\n<\/div>\n<!-- END OF : Composant : block-periscope-theme-section-composant-25-texte-cta-2-images.php -->\n\n\n<!-- START OF : Composant : block-periscope-theme-section-composant-33-texte-image.php -->\n<div class=\"text-image fs-wysiwyg mb-8 mb-lg-12\" data-component=\"33-texte-image\">\n\t<div class=\"container-fluid\" style=\"--bs-gutter-x: 0\">\n\t\t<div class=\"row\" style=\"--bs-gutter-x: 0\">\n\t\t\t\t\t\t<div class=\"col-lg-6 mb-7 mb-lg-0\">\n\t\t\t\t<img decoding=\"async\" src=\"https:\/\/www.myallmeeting.com\/wp-content\/uploads\/2019\/10\/Novotel-Lens-Noyelles-953x600.jpg\" width=\"953\" height=\"600\" alt=\"\" loading=\"lazy\" class=\"w-100\" \/>\n\t\t\t<\/div>\n\t\t\t\t\t\t<div class=\"col-lg-6\">\n\t\t\t\t<div class=\"text-image__content\">\n\t\t\t\t\t\t\t\t\t\t<div class=\"fw-semibold lh-xs fs-20 fs-lg-32 ls--25 mb-5\">Novotel Lens Noyelles<\/div>\n\t\t\t\t\t\t\t\t\t\t\t\t\t\t\t<div class=\"fs-wysiwyg\">\n\t\t\t\t\t\t<p aria-level=\"4\"><span data-contrast=\"none\">No cora\u00e7\u00e3o de um magn\u00edfico parque, o <a href=\"https:\/\/myallmeeting.com\/pt-pt\/hotel\/0426-novotel-lens-noyelles\/\">Novotel Lens Noyelles<\/a> est\u00e1 localizado no centro do tri\u00e2ngulo Lens-Arras-Douai, com f\u00e1cil acesso \u00e0 autoestrada, a cerca de 20 minutos do centro hist\u00f3rico de Lille. Este 4 estrelas oferece <\/span><b><span data-contrast=\"none\">um design cl\u00e1ssico e contempor\u00e2neo<\/span><\/b><span data-contrast=\"none\">.<\/span><span data-ccp-props=\"{&quot;134233117&quot;:true,&quot;134233118&quot;:true,&quot;201341983&quot;:0,&quot;335551550&quot;:6,&quot;335551620&quot;:6,&quot;335557856&quot;:16119028,&quot;335559738&quot;:165,&quot;335559739&quot;:165,&quot;335559740&quot;:240}\">\u00a0<\/span><\/p>\n<p aria-level=\"4\"><span data-contrast=\"none\">Com <\/span><b><span data-contrast=\"none\">200 m\u00b2 de espa\u00e7os para reuni\u00f5es<\/span><\/b><span data-contrast=\"none\">, oferece uma gama de salas, todas modulares e abertas ao exterior para beneficiarem da luz natural. <\/span><b><span data-contrast=\"none\">Perfeitamente equipados, oferecem um verdadeiro conforto de trabalho<\/span><\/b><span data-contrast=\"none\">.<\/span><span data-ccp-props=\"{&quot;134233117&quot;:true,&quot;134233118&quot;:true,&quot;201341983&quot;:0,&quot;335551550&quot;:6,&quot;335551620&quot;:6,&quot;335557856&quot;:16119028,&quot;335559738&quot;:165,&quot;335559739&quot;:165,&quot;335559740&quot;:240}\">\u00a0<\/span><\/p>\n<p aria-level=\"4\"><span data-contrast=\"none\">O afterwork tamb\u00e9m tem a sua quota-parte de festividades reservada para si: um bar acolhedor onde pode relaxar enquanto joga matraquilhos, a menos que prefira uma excurs\u00e3o para descobrir os museus e tesouros arquitet\u00f3nicos da regi\u00e3o de Lens.<\/span><span data-ccp-props=\"{&quot;134233117&quot;:true,&quot;134233118&quot;:true,&quot;201341983&quot;:0,&quot;335551550&quot;:6,&quot;335551620&quot;:6,&quot;335557856&quot;:16119028,&quot;335559738&quot;:165,&quot;335559739&quot;:165,&quot;335559740&quot;:240}\">\u00a0<\/span><\/p>\n<p>&nbsp;<\/p>\n\t\t\t\t\t<\/div>\n\t\t\t\t\t\t\t\t\t<\/div>\n\t\t\t<\/div>        \n\t\t<\/div>\n\t<\/div>\n<\/div>\n<!-- END OF : Composant : block-periscope-theme-section-composant-33-texte-image.php -->\n\n\n<!-- START OF : Composant : block-periscope-theme-section-composant-33-texte-image.php -->\n<!-- INVERSE -->\n<div class=\"text-image fs-wysiwyg mb-8 mb-lg-12\" data-component=\"33-texte-image\" data-reverse=\"oui\">\n\t<div class=\"container-fluid\" style=\"--bs-gutter-x: 0\">\n\t\t<div class=\"row\" style=\"--bs-gutter-x: 0\">\n\t\t\t<div class=\"col-lg-6\">\n\t\t\t\t<div class=\"text-image__content\">\n\t\t\t\t\t\t\t\t\t\t<div class=\"fw-semibold lh-xs fs-20 fs-lg-32 ls--25 mb-5\">Ibis Styles Amiens Centre<\/div>\n\t\t\t\t\t\t\t\t\t\t\t\t\t\t\t<div class=\"fs-wysiwyg\">\n\t\t\t\t\t\t<p aria-level=\"4\"><span data-contrast=\"none\"><a href=\"https:\/\/myallmeeting.com\/pt-pt\/hotel\/a3p0-ibis-budget-amiens-centre-gare\/\">O Ibis Style<\/a>s r<\/span><span data-contrast=\"none\">ecebe-o<\/span><span data-contrast=\"none\"> no centro hist\u00f3rico de Amiens, pr\u00f3ximo \u00e0 esta\u00e7\u00e3o ferrovi\u00e1ria! Com <\/span><b><span data-contrast=\"none\">um espa\u00e7o criativo e duas salas de reuni\u00f5es que podem acomodar 14 pessoas cada uma<\/span><\/b><span data-contrast=\"none\">, \u00e9 o lugar perfeito para um semin\u00e1rio em pequenos grupos.<\/span><span data-ccp-props=\"{&quot;134233117&quot;:true,&quot;134233118&quot;:true,&quot;201341983&quot;:0,&quot;335551550&quot;:6,&quot;335551620&quot;:6,&quot;335557856&quot;:16119028,&quot;335559738&quot;:165,&quot;335559739&quot;:165,&quot;335559740&quot;:240}\">\u00a0<\/span><\/p>\n<p aria-level=\"4\"><span data-contrast=\"none\">Para relaxar das sess\u00f5es de trabalho, voc\u00ea pode mergulhar no cora\u00e7\u00e3o da cidade e perder-se nas ruas estreitas e nos famosos canais que circundam a majestosa catedral g\u00f3tica.<\/span><span data-ccp-props=\"{&quot;134233117&quot;:true,&quot;134233118&quot;:true,&quot;201341983&quot;:0,&quot;335551550&quot;:6,&quot;335551620&quot;:6,&quot;335557856&quot;:16119028,&quot;335559738&quot;:165,&quot;335559739&quot;:165,&quot;335559740&quot;:240}\">\u00a0<\/span><\/p>\n<p aria-level=\"4\"><span data-contrast=\"none\">Depois deste passeio pela Veneza do Norte, poder\u00e1 saborear as del\u00edcias da It\u00e1lia no restaurante do hotel que oferece uma saborosa cozinha, ou terminar a noite com um <\/span><span data-contrast=\"none\">cocktail<\/span> <span data-contrast=\"none\">no bar.<\/span><span data-ccp-props=\"{&quot;134233117&quot;:true,&quot;134233118&quot;:true,&quot;201341983&quot;:0,&quot;335551550&quot;:6,&quot;335551620&quot;:6,&quot;335557856&quot;:16119028,&quot;335559738&quot;:165,&quot;335559739&quot;:165,&quot;335559740&quot;:240}\">\u00a0<\/span><\/p>\n<p>&nbsp;<\/p>\n\t\t\t\t\t<\/div>\n\t\t\t\t\t\t\t\t\t<\/div>\n\t\t\t<\/div>    \n\t\t\t    \n\t\t\t<div class=\"col-lg-6 order-first order-lg-last mb-7 mb-lg-0\">\n\t\t\t\t<img decoding=\"async\" src=\"https:\/\/www.myallmeeting.com\/wp-content\/uploads\/2019\/10\/Ibis-Styles-Amiens-Centre-4-953x600.jpg\" width=\"953\" height=\"600\" alt=\"\" loading=\"lazy\" class=\"w-100\" \/>\n\t\t\t<\/div>\n\t\t\t\t\t<\/div>\n\t<\/div>\n<\/div>\n<!-- END OF : Composant : block-periscope-theme-section-composant-33-texte-image.php -->\n\n\n<!-- START OF : Composant : block-periscope-theme-section-composant-33-texte-image.php -->\n<div class=\"text-image fs-wysiwyg mb-8 mb-lg-12\" data-component=\"33-texte-image\">\n\t<div class=\"container-fluid\" style=\"--bs-gutter-x: 0\">\n\t\t<div class=\"row\" style=\"--bs-gutter-x: 0\">\n\t\t\t\t\t\t<div class=\"col-lg-6 mb-7 mb-lg-0\">\n\t\t\t\t<img decoding=\"async\" src=\"https:\/\/www.myallmeeting.com\/wp-content\/uploads\/2019\/10\/Ibis-Styles-Boulogne-sur-Mer-Centre-Cathedrale-953x600.jpg\" width=\"953\" height=\"600\" alt=\"\" loading=\"lazy\" class=\"w-100\" \/>\n\t\t\t<\/div>\n\t\t\t\t\t\t<div class=\"col-lg-6\">\n\t\t\t\t<div class=\"text-image__content\">\n\t\t\t\t\t\t\t\t\t\t<div class=\"fw-semibold lh-xs fs-20 fs-lg-32 ls--25 mb-5\">Ibis Styles Boulogne-sur-Mer Centre Cath\u00e9drale<\/div>\n\t\t\t\t\t\t\t\t\t\t\t\t\t\t\t<div class=\"fs-wysiwyg\">\n\t\t\t\t\t\t<p aria-level=\"4\"><span data-contrast=\"none\">Aqui, tudo foi pensado para tornar a sua estadia <\/span><i><span data-contrast=\"none\">incentivo<\/span><\/i> <span data-contrast=\"none\">das<\/span><span data-contrast=\"none\"> suas <\/span><span data-contrast=\"none\">equipas<\/span> <b><span data-contrast=\"none\">inesquec\u00edvel e <\/span><\/b><b><span data-contrast=\"auto\">unificadora<\/span><\/b><span data-contrast=\"none\">! Localizado em frente \u00e0s antigas muralhas da cidade e \u00e0 catedral, <a href=\"https:\/\/myallmeeting.com\/pt-pt\/hotel\/1367-ibis-boulogne-sur-mer\/\">este hotel <\/a><\/span><b><span data-contrast=\"none\">51 quartos acolhedores e modernos<\/span><\/b><span data-contrast=\"none\">, \u00e9 a base perfeita para explorar a Costa Opala, as suas imensas praias e os tesouros que esconde\u2026<\/span><span data-ccp-props=\"{&quot;134233117&quot;:true,&quot;134233118&quot;:true,&quot;201341983&quot;:0,&quot;335551550&quot;:6,&quot;335551620&quot;:6,&quot;335557856&quot;:16119028,&quot;335559738&quot;:165,&quot;335559739&quot;:165,&quot;335559740&quot;:240}\">\u00a0<\/span><\/p>\n<p aria-level=\"4\"><span data-contrast=\"none\">Mergulhar no maior aqu\u00e1rio da Europa, o Nausicaa, localizado a apenas 10 minutos do hotel? Correr a bordo de um iate de areia? Passear pela cidade velha com suas ruas de pedestres? Basta escolher&#8230; De resto, os servi\u00e7os do hotel &#8211; estacionamento exterior gratuito, wifi, bar que serve snacks 24 horas por dia&#8230; &#8211; d\u00e3o-lhe toda a flexibilidade necess\u00e1ria a uma organiza\u00e7\u00e3o \u201c<\/span><span data-contrast=\"none\">na perfei\u00e7\u00e3o<\/span><span data-contrast=\"none\">\u201d!<\/span><span data-ccp-props=\"{&quot;134233117&quot;:true,&quot;134233118&quot;:true,&quot;201341983&quot;:0,&quot;335551550&quot;:6,&quot;335551620&quot;:6,&quot;335557856&quot;:16119028,&quot;335559738&quot;:165,&quot;335559739&quot;:165,&quot;335559740&quot;:240}\">\u00a0<\/span><\/p>\n<p><span data-ccp-props=\"{&quot;201341983&quot;:0,&quot;335559739&quot;:160,&quot;335559740&quot;:259}\">\u00a0<\/span><\/p>\n\t\t\t\t\t<\/div>\n\t\t\t\t\t\t\t\t\t<\/div>\n\t\t\t<\/div>        \n\t\t<\/div>\n\t<\/div>\n<\/div>\n<!-- END OF : Composant : block-periscope-theme-section-composant-33-texte-image.php -->\n","protected":false},"excerpt":{"rendered":"","protected":false},"featured_media":16028885,"menu_order":0,"template":"","periscope_categorie_tax":[3515],"class_list":["post-16035811","article","type-article","status-publish","has-post-thumbnail","hentry","periscope_categorie_tax-tous-nos-tops-selections-pt-pt"],"acf":[],"yoast_head":"<title>Escolha os Hauts-de-France para um evento memor\u00e1vel\u00a0 - Accor MyAllMeeting.com<\/title>\n<meta name=\"robots\" content=\"index, follow, max-snippet:-1, max-image-preview:large, max-video-preview:-1\" \/>\n<link rel=\"canonical\" href=\"https:\/\/www.myallmeeting.com\/pt-pt\/wp-json\/wp\/v2\/article\/16035811\" \/>\n<meta property=\"og:locale\" content=\"pt_PT\" \/>\n<meta property=\"og:type\" content=\"article\" \/>\n<meta property=\"og:title\" content=\"Escolha os Hauts-de-France para um evento memor\u00e1vel\u00a0 - Accor MyAllMeeting.com\" \/>\n<meta property=\"og:url\" content=\"https:\/\/www.myallmeeting.com\/pt-pt\/article\/escolha-os-hauts-de-france-para-um-evento-memoravel\/\" \/>\n<meta property=\"og:site_name\" content=\"Accor MyAllMeeting.com\" \/>\n<meta property=\"article:modified_time\" content=\"2024-07-16T09:49:09+00:00\" \/>\n<meta property=\"og:image\" content=\"https:\/\/www.myallmeeting.com\/wp-content\/uploads\/2019\/10\/MAM-imagery-portrait.png\" \/>\n\t<meta property=\"og:image:width\" content=\"1920\" \/>\n\t<meta property=\"og:image:height\" content=\"570\" \/>\n\t<meta property=\"og:image:type\" content=\"image\/png\" \/>\n<meta name=\"twitter:card\" content=\"summary_large_image\" \/>\n<meta name=\"twitter:label1\" content=\"Est. reading time\" \/>\n\t<meta name=\"twitter:data1\" content=\"5 minutes\" \/>\n<script type=\"application\/ld+json\" class=\"yoast-schema-graph\">{\"@context\":\"https:\/\/schema.org\",\"@graph\":[{\"@type\":\"WebPage\",\"@id\":\"https:\/\/www.myallmeeting.com\/pt-pt\/article\/escolha-os-hauts-de-france-para-um-evento-memoravel\/\",\"url\":\"https:\/\/www.myallmeeting.com\/pt-pt\/article\/escolha-os-hauts-de-france-para-um-evento-memoravel\/\",\"name\":\"Escolha os Hauts-de-France para um evento memor\u00e1vel\u00a0 - Accor MyAllMeeting.com\",\"isPartOf\":{\"@id\":\"https:\/\/www.myallmeeting.com\/pt-pt\/#website\"},\"primaryImageOfPage\":{\"@id\":\"https:\/\/www.myallmeeting.com\/pt-pt\/article\/escolha-os-hauts-de-france-para-um-evento-memoravel\/#primaryimage\"},\"image\":{\"@id\":\"https:\/\/www.myallmeeting.com\/pt-pt\/article\/escolha-os-hauts-de-france-para-um-evento-memoravel\/#primaryimage\"},\"thumbnailUrl\":\"https:\/\/www.myallmeeting.com\/wp-content\/uploads\/2019\/10\/MAM-imagery-portrait.png\",\"datePublished\":\"2019-10-23T15:51:36+00:00\",\"dateModified\":\"2024-07-16T09:49:09+00:00\",\"breadcrumb\":{\"@id\":\"https:\/\/www.myallmeeting.com\/pt-pt\/article\/escolha-os-hauts-de-france-para-um-evento-memoravel\/#breadcrumb\"},\"inLanguage\":\"pt-PT\",\"potentialAction\":[{\"@type\":\"ReadAction\",\"target\":[\"https:\/\/www.myallmeeting.com\/pt-pt\/article\/escolha-os-hauts-de-france-para-um-evento-memoravel\/\"]}]},{\"@type\":\"ImageObject\",\"inLanguage\":\"pt-PT\",\"@id\":\"https:\/\/www.myallmeeting.com\/pt-pt\/article\/escolha-os-hauts-de-france-para-um-evento-memoravel\/#primaryimage\",\"url\":\"https:\/\/www.myallmeeting.com\/wp-content\/uploads\/2019\/10\/MAM-imagery-portrait.png\",\"contentUrl\":\"https:\/\/www.myallmeeting.com\/wp-content\/uploads\/2019\/10\/MAM-imagery-portrait.png\",\"width\":1920,\"height\":570},{\"@type\":\"BreadcrumbList\",\"@id\":\"https:\/\/www.myallmeeting.com\/pt-pt\/article\/escolha-os-hauts-de-france-para-um-evento-memoravel\/#breadcrumb\",\"itemListElement\":[{\"@type\":\"ListItem\",\"position\":1,\"name\":\"P\u00e1gina inicial\",\"item\":\"https:\/\/myallmeeting.com\/pt-pt\/\"},{\"@type\":\"ListItem\",\"position\":2,\"name\":\"Not\u00edcias\",\"item\":\"https:\/\/www.myallmeeting.com\/pt-pt\/noticias\/\"},{\"@type\":\"ListItem\",\"position\":3,\"name\":\"Escolha os Hauts-de-France para um evento memor\u00e1vel\u00a0\"}]},{\"@type\":\"WebSite\",\"@id\":\"https:\/\/www.myallmeeting.com\/pt-pt\/#website\",\"url\":\"https:\/\/www.myallmeeting.com\/pt-pt\/\",\"name\":\"Accor MyAllMeeting.com\",\"description\":\"Les Meilleurs lieux pour vos Ev\u00e9nements Professionnels\",\"publisher\":{\"@id\":\"https:\/\/www.myallmeeting.com\/pt-pt\/#organization\"},\"potentialAction\":[{\"@type\":\"SearchAction\",\"target\":{\"@type\":\"EntryPoint\",\"urlTemplate\":\"https:\/\/www.myallmeeting.com\/pt-pt\/?s={search_term_string}\"},\"query-input\":{\"@type\":\"PropertyValueSpecification\",\"valueRequired\":true,\"valueName\":\"search_term_string\"}}],\"inLanguage\":\"pt-PT\"},{\"@type\":\"Organization\",\"@id\":\"https:\/\/www.myallmeeting.com\/pt-pt\/#organization\",\"name\":\"ACCOR\",\"url\":\"https:\/\/www.myallmeeting.com\/pt-pt\/\",\"logo\":{\"@type\":\"ImageObject\",\"inLanguage\":\"pt-PT\",\"@id\":\"https:\/\/www.myallmeeting.com\/pt-pt\/#\/schema\/logo\/image\/\",\"url\":\"\",\"contentUrl\":\"\",\"caption\":\"ACCOR\"},\"image\":{\"@id\":\"https:\/\/www.myallmeeting.com\/pt-pt\/#\/schema\/logo\/image\/\"}}]}<\/script>","yoast_head_json":{"title":"Escolha os Hauts-de-France para um evento memor\u00e1vel\u00a0 - Accor MyAllMeeting.com","robots":{"index":"index","follow":"follow","max-snippet":"max-snippet:-1","max-image-preview":"max-image-preview:large","max-video-preview":"max-video-preview:-1"},"canonical":"https:\/\/www.myallmeeting.com\/pt-pt\/wp-json\/wp\/v2\/article\/16035811","og_locale":"pt_PT","og_type":"article","og_title":"Escolha os Hauts-de-France para um evento memor\u00e1vel\u00a0 - Accor MyAllMeeting.com","og_url":"https:\/\/www.myallmeeting.com\/pt-pt\/article\/escolha-os-hauts-de-france-para-um-evento-memoravel\/","og_site_name":"Accor MyAllMeeting.com","article_modified_time":"2024-07-16T09:49:09+00:00","og_image":[{"width":1920,"height":570,"url":"https:\/\/www.myallmeeting.com\/wp-content\/uploads\/2019\/10\/MAM-imagery-portrait.png","type":"image\/png"}],"twitter_card":"summary_large_image","twitter_misc":{"Est. reading time":"5 minutes"},"schema":{"@context":"https:\/\/schema.org","@graph":[{"@type":"WebPage","@id":"https:\/\/www.myallmeeting.com\/pt-pt\/article\/escolha-os-hauts-de-france-para-um-evento-memoravel\/","url":"https:\/\/www.myallmeeting.com\/pt-pt\/article\/escolha-os-hauts-de-france-para-um-evento-memoravel\/","name":"Escolha os Hauts-de-France para um evento memor\u00e1vel\u00a0 - Accor MyAllMeeting.com","isPartOf":{"@id":"https:\/\/www.myallmeeting.com\/pt-pt\/#website"},"primaryImageOfPage":{"@id":"https:\/\/www.myallmeeting.com\/pt-pt\/article\/escolha-os-hauts-de-france-para-um-evento-memoravel\/#primaryimage"},"image":{"@id":"https:\/\/www.myallmeeting.com\/pt-pt\/article\/escolha-os-hauts-de-france-para-um-evento-memoravel\/#primaryimage"},"thumbnailUrl":"https:\/\/www.myallmeeting.com\/wp-content\/uploads\/2019\/10\/MAM-imagery-portrait.png","datePublished":"2019-10-23T15:51:36+00:00","dateModified":"2024-07-16T09:49:09+00:00","breadcrumb":{"@id":"https:\/\/www.myallmeeting.com\/pt-pt\/article\/escolha-os-hauts-de-france-para-um-evento-memoravel\/#breadcrumb"},"inLanguage":"pt-PT","potentialAction":[{"@type":"ReadAction","target":["https:\/\/www.myallmeeting.com\/pt-pt\/article\/escolha-os-hauts-de-france-para-um-evento-memoravel\/"]}]},{"@type":"ImageObject","inLanguage":"pt-PT","@id":"https:\/\/www.myallmeeting.com\/pt-pt\/article\/escolha-os-hauts-de-france-para-um-evento-memoravel\/#primaryimage","url":"https:\/\/www.myallmeeting.com\/wp-content\/uploads\/2019\/10\/MAM-imagery-portrait.png","contentUrl":"https:\/\/www.myallmeeting.com\/wp-content\/uploads\/2019\/10\/MAM-imagery-portrait.png","width":1920,"height":570},{"@type":"BreadcrumbList","@id":"https:\/\/www.myallmeeting.com\/pt-pt\/article\/escolha-os-hauts-de-france-para-um-evento-memoravel\/#breadcrumb","itemListElement":[{"@type":"ListItem","position":1,"name":"P\u00e1gina inicial","item":"https:\/\/myallmeeting.com\/pt-pt\/"},{"@type":"ListItem","position":2,"name":"Not\u00edcias","item":"https:\/\/www.myallmeeting.com\/pt-pt\/noticias\/"},{"@type":"ListItem","position":3,"name":"Escolha os Hauts-de-France para um evento memor\u00e1vel\u00a0"}]},{"@type":"WebSite","@id":"https:\/\/www.myallmeeting.com\/pt-pt\/#website","url":"https:\/\/www.myallmeeting.com\/pt-pt\/","name":"Accor MyAllMeeting.com","description":"Les Meilleurs lieux pour vos Ev\u00e9nements Professionnels","publisher":{"@id":"https:\/\/www.myallmeeting.com\/pt-pt\/#organization"},"potentialAction":[{"@type":"SearchAction","target":{"@type":"EntryPoint","urlTemplate":"https:\/\/www.myallmeeting.com\/pt-pt\/?s={search_term_string}"},"query-input":{"@type":"PropertyValueSpecification","valueRequired":true,"valueName":"search_term_string"}}],"inLanguage":"pt-PT"},{"@type":"Organization","@id":"https:\/\/www.myallmeeting.com\/pt-pt\/#organization","name":"ACCOR","url":"https:\/\/www.myallmeeting.com\/pt-pt\/","logo":{"@type":"ImageObject","inLanguage":"pt-PT","@id":"https:\/\/www.myallmeeting.com\/pt-pt\/#\/schema\/logo\/image\/","url":"","contentUrl":"","caption":"ACCOR"},"image":{"@id":"https:\/\/www.myallmeeting.com\/pt-pt\/#\/schema\/logo\/image\/"}}]}},"_links":{"self":[{"href":"https:\/\/www.myallmeeting.com\/pt-pt\/wp-json\/wp\/v2\/article\/16035811","targetHints":{"allow":["GET"]}}],"collection":[{"href":"https:\/\/www.myallmeeting.com\/pt-pt\/wp-json\/wp\/v2\/article"}],"about":[{"href":"https:\/\/www.myallmeeting.com\/pt-pt\/wp-json\/wp\/v2\/types\/article"}],"wp:featuredmedia":[{"embeddable":true,"href":"https:\/\/www.myallmeeting.com\/pt-pt\/wp-json\/wp\/v2\/media\/16028885"}],"wp:attachment":[{"href":"https:\/\/www.myallmeeting.com\/pt-pt\/wp-json\/wp\/v2\/media?parent=16035811"}],"wp:term":[{"taxonomy":"periscope_categorie_tax","embeddable":true,"href":"https:\/\/www.myallmeeting.com\/pt-pt\/wp-json\/wp\/v2\/periscope_categorie_tax?post=16035811"}],"curies":[{"name":"wp","href":"https:\/\/api.w.org\/{rel}","templated":true}]}}