{"id":18645356,"date":"2025-03-21T12:48:23","date_gmt":"2025-03-21T11:48:23","guid":{"rendered":"https:\/\/myallmeeting.com\/?post_type=article&#038;p=18645356"},"modified":"2025-03-21T17:24:16","modified_gmt":"2025-03-21T16:24:16","slug":"novotel-czy-swissotel-jaki-styl-wybrac-na-eventy-b2b-nowoczesny-czy-wyrafinowany","status":"publish","type":"article","link":"https:\/\/www.myallmeeting.com\/pl\/article\/novotel-czy-swissotel-jaki-styl-wybrac-na-eventy-b2b-nowoczesny-czy-wyrafinowany\/","title":{"rendered":"Novotel czy Swiss\u00f4tel? Jaki styl wybra\u0107 na eventy B2B\u00a0\u2013\u00a0nowoczesny czy wyrafinowany?"},"content":{"rendered":"<!-- START OF : Composant : block-periscope-theme-section-composant-25-texte-cta-2-images.php -->\n<div class=\"tcta2ia bg-white fs-wysiwyg mb-lg-12\" data-component=\"25-texte-cta-2-images\">\n\t<div class=\"tcta2ia__top\">\n\t\t<div class=\"container-fluid\" style=\"--bs-gutter-x: 0\">\n\t\t\t<div class=\"row\" style=\"--bs-gutter-x: 0\">\n\t\t\t\t<div class=\"col-lg-8\">\n\t\t\t\t\t\t\t\t\t\t<div class=\"bloc-mise-en-avant__top__left\">\n\t\t\t\t\t\t<img decoding=\"async\" src=\"https:\/\/www.myallmeeting.com\/wp-content\/uploads\/2025\/01\/novotel6-1-1268x846.jpeg\" class=\"pe-2 pe-lg-0\" width=\"1268\" height=\"846\" alt=\"Salle de r\u00e9union avec lumi\u00e8re naturelle\" loading=\"lazy\" \/>\n\t\t\t\t\t<\/div>\n\t\t\t\t\t\t\t\t\t\t<div class=\"tcta2ia__bottom d-none d-lg-block pb-12 pt-lg-9 pb-lg-0 pe-lg-10\">\n\t\t\t\t\t\t\t\t\t\t\t\t<h2 class=\"fs-20 fs-lg-32 fw-semibold\">Doskona\u0142e do\u015bwiadczenie B2B&#8230; NOVOTEL otwiera przed Tob\u0105 podwoje.<\/h2>\n\t\t\t\t\t\t\t\t\t\t\t\t\t\t\t\t\t\t<div class=\"fs-wysiwyg\"><p>Czas Twoich pracownik\u00f3w jest cenny! Dlatego w\u00a0Novotelu stawiamy na komfort i\u00a0ofert\u0119 profesjonalnych spotka\u0144 dostosowanych do Twoich potrzeb. Popro\u015b nas o\u00a0gwiazdk\u0119 z\u00a0nieba, a\u00a0nasi business ambassadors uchyl\u0105 Ci nieba. Nasze specjalne zespo\u0142y do\u0142o\u017c\u0105 wszelkich stara\u0144, by Twoje spotkania biznesowe zako\u0144czy\u0142y si\u0119 sukcesem. Smart meetings* (*inteligentne spotkania), najnowocze\u015bniejsze wyposa\u017cenie&#8230; w\u00a0Novotelu masz gwarancj\u0119 <strong>najlepszego otoczenia do robienia interes\u00f3w<\/strong>. Je\u015bli szukasz przestrzeni na wydajne sesje robocze, by jak najlepiej wykorzysta\u0107 potencja\u0142 swoich wsp\u00f3\u0142pracownik\u00f3w, jeste\u015b we w\u0142a\u015bciwym miejscu.<\/p>\n<\/div>\n\t\t\t\t\t\t\t\t\t\t\t\t<div class=\"d-flex flex-column flex-lg-row align-items-center gap-5 gap-lg-8 justify-content-between\">\n\t\t\t\t\t\t\t<div class=\"fs-20 fs-lg-26 fw-semibold lh-xs\"><\/div>\n\t\t\t\t\t\t\t\t\t\t\t\t\t<\/div>\n\t\t\t\t\t<\/div>\n\t\t\t\t<\/div>\n\t\t\t\t<div class=\"col-lg-4\">\n\t\t\t\t\t<div class=\"tcta2ia__top__right t-0 r-0 bg-primary text-white pt-4 pb-4 px-2 pt-lg-8 pb-lg-16 px-lg-11 pb-xl-30\">\n\t\t\t\t\t\t\t\t\t\t\t\t\t\t\t\t\t\t<h2 class=\"unna fs-36 fs-lg-51 fs-xl-75 fs-italic fw-normal text-secondary\">Novotel czy Swiss\u00f4tel? Pomi\u0119dzy nowoczesno\u015bci\u0105 a wyrafinowaniem, kt\u00f3ry styl wybra\u0107 na wydarzenia B2B? <\/h2>\n\t\t\t\t\t\t\t\t\t\t\t\t\t\t\t\t\t\t<h3 class=\"text-white fs-18 fs-lg-20 fs-xl-28 text-original-case\">Niezale\u017cnie od tego, czy szukasz nowoczesnej i przyjaznej oprawy, czy ponadczasowej elegancji, marki Novotel i Swiss\u00f4tel posiadaj\u0105 wszystko, czego potrzebujesz na wydarzenia B2B.<\/h3>\n\t\t\t\t\t\t\t\t\t\t\t\t\t\t\t\t\t\t<div class=\"fs-wysiwyg mb-4 fs-lg-16 fs-xl-20\"><p>W\u00a0<strong>ALL\u00a0<\/strong><strong>\u2013\u00a0<\/strong><strong>Accor Live Limitless <\/strong>dok\u0142adamy wszelkich stara\u0144, by organizowa\u0107 dostosowane do Twoich potrzeb spotkania biznesowe i\u00a0seminaria. Oto przewodnik po naszych markach\u00a0\u2013\u00a0dw\u00f3ch klasy \u015bredniej i\u00a0jednej klasy premium\u00a0\u2013\u00a0w kt\u00f3rych Twoi wsp\u00f3\u0142pracownicy, klienci i\u00a0partnerzy do\u015bwiadcz\u0105 naszych niepowtarzalnych, spersonalizowanych us\u0142ug go\u015bcinno\u015bci B2B.<\/p>\n<\/div>\n\t\t\t\t\t\t\t\t\t\t\t\t\t\t\t\t\t\t\t\t\t\t\t\t<p class=\"m-0\"><img decoding=\"async\" src=\"https:\/\/www.myallmeeting.com\/wp-content\/uploads\/2025\/01\/aja_p_6951-98__3by2-633x398.jpeg\" class=\"position-relative l-0\" width=\"633\" height=\"398\" alt=\"Salle de r\u00e9union avec lumi\u00e8re naturelle\" loading=\"lazy\" \/><\/p>\n\t\t\t\t\t\t\t\t\t\t\t<\/div>\n\t\t\t\t<\/div>\n\t\t\t<\/div>\n\t\t<\/div>\n\t<\/div>\n\t<div class=\"tcta2ia__bottom d-lg-none pb-12 py-lg-9 pe-lg-10\">\n\t\t\t\t<div class=\"h2 fs-20 fs-lg-32 fw-semibold\">Doskona\u0142e do\u015bwiadczenie B2B&#8230; NOVOTEL otwiera przed Tob\u0105 podwoje.<\/div>\n\t\t\t\t\t\t<div class=\"fs-wysiwyg\"><p>Czas Twoich pracownik\u00f3w jest cenny! Dlatego w\u00a0Novotelu stawiamy na komfort i\u00a0ofert\u0119 profesjonalnych spotka\u0144 dostosowanych do Twoich potrzeb. Popro\u015b nas o\u00a0gwiazdk\u0119 z\u00a0nieba, a\u00a0nasi business ambassadors uchyl\u0105 Ci nieba. Nasze specjalne zespo\u0142y do\u0142o\u017c\u0105 wszelkich stara\u0144, by Twoje spotkania biznesowe zako\u0144czy\u0142y si\u0119 sukcesem. Smart meetings* (*inteligentne spotkania), najnowocze\u015bniejsze wyposa\u017cenie&#8230; w\u00a0Novotelu masz gwarancj\u0119 <strong>najlepszego otoczenia do robienia interes\u00f3w<\/strong>. Je\u015bli szukasz przestrzeni na wydajne sesje robocze, by jak najlepiej wykorzysta\u0107 potencja\u0142 swoich wsp\u00f3\u0142pracownik\u00f3w, jeste\u015b we w\u0142a\u015bciwym miejscu.<\/p>\n<\/div>\n\t\t\t\t<div class=\"d-flex flex-column flex-lg-row align-items-center gap-5 gap-lg-8 justify-content-between\">\n\t\t\t<div class=\"fs-20 fs-lg-26 fw-semibold lh-xs\"><\/div>\n\t\t\t\t\t<\/div>\n\t<\/div>\n<\/div>\n<!-- END OF : Composant : block-periscope-theme-section-composant-25-texte-cta-2-images.php -->\n\n\n<!-- START OF : Composant : block-periscope-theme-section-composant-26-textes-slider-cta.php -->\n<div class=\"t3icta bg-white pb-12 mb-9 fs-wysiwyg\" data-component=\"26-textes-3-images-cta\">\n\t<div class=\"t3icta__top position-relative\">\n\t\t<div class=\"container-fluid\" style=\"--bs-gutter-x: 0\">\n\t\t\t<div class=\"row\" style=\"--bs-gutter-x: 0\">\n\t\t\t\t\t\t\t\t<div class=\"col-lg-6\">\n\t\t\t\t\t<div class=\"t3icta__slider\">\n\t\t\t\t\t\t<div class=\"splide\">\n\t\t\t\t\t\t\t<div class=\"splide__track\">\n\t\t\t\t\t\t\t\t<div class=\"splide__list\">\n\t\t\t\t\t\t\t\t\t\t\t\t\t\t\t\t\t\t\t<div class=\"splide__slide\">\n\t\t\t\t\t\t\t\t\t\t\t<img decoding=\"async\" src=\"https:\/\/www.myallmeeting.com\/wp-content\/uploads\/2025\/01\/aja_p_6753-29__original-953x600.jpeg\" width=\"953\" height=\"600\" alt=\"Salle de r\u00e9union novotel\" loading=\"lazy\" \/>\n\t\t\t\t\t\t\t\t\t\t<\/div>\n\t\t\t\t\t\t\t\t\t\t\t\t\t\t\t\t\t\n\t\t\t\t\t\t\t\t<\/div>\n\t\t\t\t\t\t\t<\/div>\n\t\t\t\t\t\t\t<div class=\"splide__arrows d-none d-lg-block\">\n\t\t\t\t\t\t\t\t<button class=\"splide__arrow splide__arrow--prev px-lg-3 py-lg-4 px-xl-4 py-xl-5 px-xxl-5 py-xxl-7 position-absolute l-0 bg-white border-0\">\n\t\t\t\t\t\t\t\t\t<svg width=\"14\" height=\"27\" aria-hidden=\"true\">\n\t\t\t\t\t\t\t\t\t\t<use xlink:href=\"https:\/\/www.myallmeeting.com\/wp-content\/themes\/accor\/assets\/images\/sprite.svg#slider-prev\"><\/use>\n\t\t\t\t\t\t\t\t\t<\/svg>\n\t\t\t\t\t\t\t\t<\/button>\n\t\t\t\t\t\t\t\t<button class=\"splide__arrow splide__arrow--next px-lg-3 py-lg-4 px-xl-4 py-xl-5 px-xxl-5 py-xxl-7 position-absolute r-0 bg-white border-0\">\n\t\t\t\t\t\t\t\t\t<svg width=\"14\" height=\"27\" aria-hidden=\"true\">\n\t\t\t\t\t\t\t\t\t\t<use xlink:href=\"https:\/\/www.myallmeeting.com\/wp-content\/themes\/accor\/assets\/images\/sprite.svg#slider-prev\"><\/use>\n\t\t\t\t\t\t\t\t\t<\/svg>\n\t\t\t\t\t\t\t\t<\/button>\n\t\t\t\t\t\t\t<\/div>\n\t\t\t\t\t\t<\/div>\n\t\t\t\t\t<\/div>\n\t\t\t\t<\/div>\n\t\t\t\t\t\t\t\t<div class=\"col-lg-6\">\n\t\t\t\t\t<div class=\"t3icta__top_right mb-lg-14 px-2 py-9 px-lg-11 py-lg-0\">\n\t\t\t\t\t\t\t\n\t\t\t\t\t\t<h2 class=\"fs-20 fs-lg-23 fs-xl-27 fs-xxl-30 fw-semibold\">NOVETEL \u2013 plusy<\/h2>\n\t\t\t\t\t\t\t\t\t\t\t\t\t\n\t\t\t\t\t\t<div class=\"fs-wysiwyg\">\n\t\t\t\t\t\t\t<p><strong>Nasze hotele i\u00a0wyposa\u017cenie<\/strong><\/p>\n<ul>\n<li><strong>Strategiczna lokalizacja:<\/strong> centrum miasta, w\u00a0pobli\u017cu dworc\u00f3w i\u00a0lotnisk<\/li>\n<li><strong>Modyfikowalne sale konferencyjne:<\/strong> \u0142atwe do dostosowania przestrzenie o\u00a0powierzchni co najmniej 50\u00a0m2<\/li>\n<li><strong>Zaawansowana technologia:<\/strong> ekrany LCD, rzutniki i\u00a0systemy nag\u0142o\u015bnienia najwy\u017cszej jako\u015bci<\/li>\n<\/ul>\n\t\t\t\t\t\t<\/div>\n\t\t\t\t\t\t\t\t\t\t\t<\/div>\n\t\t\t\t<\/div>\n\t\t\t<\/div>\n\t\t<\/div>\n\t<\/div>\n\t<div class=\"t3icta__bottom bg-beige\">\n\t\t<div class=\"container-fluid\" style=\"--bs-gutter-x: 0\">\n\t\t\t<div class=\"row\" style=\"--bs-gutter-x: 0\">\n\t\t\t\t<div class=\"col-lg-5 offset-lg-1\">\n\t\t\t\t\t<div class=\"t3icta__bottom__left\">\n\t\t\t\t\t\t\t\t\t\t\t\t<img decoding=\"async\" src=\"https:\/\/www.myallmeeting.com\/wp-content\/uploads\/2025\/01\/novotel2-633x398.jpeg\" class=\"w-100 d-lg-none\" width=\"633\" height=\"398\" alt=\"\" loading=\"lazy\" \/> <!-- Ce sont les 2 m\u00eames images : ID 0 -->\n\t\t\t\t\t\t\t\t\t\t\t\t<div class=\"px-2 py-9 px-lg-0 py-lg-0\">\n\t\t\t\t\t\t\t\t\n\t\t\t\t\t\t\t<h2 class=\"fs-20 fs-lg-23 fs-xl-27 fs-xxl-30 fw-semibold\">Nasze us\u0142ugi<\/h2>\n\t\t\t\t\t\t\t\t\t\t\t\t\t\t\t\n\t\t\t\t\t\t\t<div class=\"fs-wysiwyg mb-lg-15\">\n\t\t\t\t\t\t\t\t<ul>\n<li><strong>Spersonalizowana oferta cateringowa:<\/strong> deski z\u00a0jedzeniem do dzielenia si\u0119 lub pe\u0142ne zestawy obiadowe<\/li>\n<li><strong>Zaanga\u017cowanie na rzecz ekologii<\/strong>: mniej plastiku w\u00a0salach konferencyjnych, flipcharty z\u00a0papieru pochodz\u0105cego z\u00a0recyklingu<\/li>\n<li><strong>Oferta relaksacyjna:<\/strong> social hubs, aplikacja Calm do relaksu przed zebraniami<\/li>\n<\/ul>\n\t\t\t\t\t\t\t<\/div>\n\t\t\t\t\t\t\t\t\t\t\t\t\t<\/div>\n\t\t\t\t\t\t\t\t\t\t\t\t<div class=\"t3icta__bottom__img1 d-none d-lg-block text-end ms-lg-auto\">\n\t\t\t\t\t\t\t<img decoding=\"async\" src=\"https:\/\/www.myallmeeting.com\/wp-content\/uploads\/2025\/01\/novotel2-633x398.jpeg\" width=\"633\" height=\"398\" alt=\"\" loading=\"lazy\" \/> <!-- Ce sont les 2 m\u00eames images : ID 1 -->\n\t\t\t\t\t\t<\/div>\n\t\t\t\t\t\t\t\t\t\t\t<\/div>\n\t\t\t\t<\/div>\n\t\t\t\t<div class=\"col-lg-5\">\n\t\t\t\t\t<div class=\"ps-lg-10\">\n\t\t\t\t\t\t\t\t\t\t\t\t<img decoding=\"async\" src=\"https:\/\/www.myallmeeting.com\/wp-content\/uploads\/2025\/01\/novotel1-633x398.jpeg\" class=\"t3icta__bottom__img0 position-relative d-none d-lg-block mb-15\" width=\"633\" height=\"398\" alt=\"\" loading=\"lazy\" \/> <!-- Ce sont les 2 m\u00eames images : ID 0 -->\n\t\t\t\t\t\t\t\t\t\t\t\t<div class=\"px-2 px-lg-0 mb-9\">\n\t\t\t\t\t\t\t\t\n\t\t\t\t\t\t\t<h2 class=\"fs-20 fs-lg-23 fs-xl-27 fs-xxl-30 fw-semibold\">Czego nie znajdziesz nigdzie indziej?<\/h2>\n\t\t\t\t\t\t\t\t\t\t\t\t\t\t\t\t\t\t\t\t\t<div class=\"fs-wysiwyg\">\n\t\t\t\t\t\t\t\t<ul>\n<li><strong>Business ambassadors Novotel<\/strong> zajm\u0105 si\u0119 wszystkim, ka\u017cdym najmniejszym szczeg\u00f3\u0142em. Jest to dostosowana do potrzeb us\u0142uga all-in-one, kt\u00f3ra pozwoli Ci skoncentrowa\u0107 si\u0119 na tym, co najwa\u017cniejsze\u00a0\u2013\u00a0na sukcesie i\u00a0produktywno\u015bci spotka\u0144 biznesowych.<\/li>\n<li><strong>Gdzie jeste<\/strong><strong>\u015bmy<\/strong><strong>?<\/strong> 538\u00a0hoteli z\u00a0salami do zebra\u0144 na ca\u0142ym \u015bwiecie<\/li>\n<\/ul>\n\t\t\t\t\t\t\t<\/div>\n\t\t\t\t\t\t\t\t\t\t\t\t\t<\/div>\n\t\t\t\t\t\t\t\t\t\t\t\t<div class=\"t3icta__bottom__img1 d-lg-none mx-auto\">\n\t\t\t\t\t\t\t<img decoding=\"async\" src=\"https:\/\/www.myallmeeting.com\/wp-content\/uploads\/2025\/01\/novotel1-633x398.jpeg\" width=\"633\" height=\"398\" alt=\"\" loading=\"lazy\" \/> <!-- Ce sont les 2 m\u00eames images : ID 1 -->\n\t\t\t\t\t\t<\/div>\n\t\t\t\t\t\t\t\t\t\t\t<\/div>\n\t\t\t\t<\/div>\n\t\t\t<\/div>\n\t\t<\/div>\n\t<\/div>\n\t<\/div>\n<!-- END OF : Composant : block-periscope-theme-section-composant-26-textes-slider-cta.php -->\n\n\n<!-- START OF : Composant : block-periscope-theme-section-composant-26-textes-slider-cta.php -->\n<div class=\"t3icta bg-white pb-12 mb-9 fs-wysiwyg\" data-component=\"26-textes-3-images-cta\">\n\t<div class=\"t3icta__top position-relative\">\n\t\t<div class=\"container-fluid\" style=\"--bs-gutter-x: 0\">\n\t\t\t<div class=\"row\" style=\"--bs-gutter-x: 0\">\n\t\t\t\t\t\t\t\t<div class=\"col-lg-6\">\n\t\t\t\t\t<div class=\"t3icta__slider\">\n\t\t\t\t\t\t<div class=\"splide\">\n\t\t\t\t\t\t\t<div class=\"splide__track\">\n\t\t\t\t\t\t\t\t<div class=\"splide__list\">\n\t\t\t\t\t\t\t\t\t\t\t\t\t\t\t\t\t\t\t<div class=\"splide__slide\">\n\t\t\t\t\t\t\t\t\t\t\t<img decoding=\"async\" src=\"https:\/\/www.myallmeeting.com\/wp-content\/uploads\/2025\/01\/eiffel1-953x600.jpeg\" width=\"953\" height=\"600\" alt=\"\" loading=\"lazy\" \/>\n\t\t\t\t\t\t\t\t\t\t<\/div>\n\t\t\t\t\t\t\t\t\t\t\t\t\t\t\t\t\t\n\t\t\t\t\t\t\t\t<\/div>\n\t\t\t\t\t\t\t<\/div>\n\t\t\t\t\t\t\t<div class=\"splide__arrows d-none d-lg-block\">\n\t\t\t\t\t\t\t\t<button class=\"splide__arrow splide__arrow--prev px-lg-3 py-lg-4 px-xl-4 py-xl-5 px-xxl-5 py-xxl-7 position-absolute l-0 bg-white border-0\">\n\t\t\t\t\t\t\t\t\t<svg width=\"14\" height=\"27\" aria-hidden=\"true\">\n\t\t\t\t\t\t\t\t\t\t<use xlink:href=\"https:\/\/www.myallmeeting.com\/wp-content\/themes\/accor\/assets\/images\/sprite.svg#slider-prev\"><\/use>\n\t\t\t\t\t\t\t\t\t<\/svg>\n\t\t\t\t\t\t\t\t<\/button>\n\t\t\t\t\t\t\t\t<button class=\"splide__arrow splide__arrow--next px-lg-3 py-lg-4 px-xl-4 py-xl-5 px-xxl-5 py-xxl-7 position-absolute r-0 bg-white border-0\">\n\t\t\t\t\t\t\t\t\t<svg width=\"14\" height=\"27\" aria-hidden=\"true\">\n\t\t\t\t\t\t\t\t\t\t<use xlink:href=\"https:\/\/www.myallmeeting.com\/wp-content\/themes\/accor\/assets\/images\/sprite.svg#slider-prev\"><\/use>\n\t\t\t\t\t\t\t\t\t<\/svg>\n\t\t\t\t\t\t\t\t<\/button>\n\t\t\t\t\t\t\t<\/div>\n\t\t\t\t\t\t<\/div>\n\t\t\t\t\t<\/div>\n\t\t\t\t<\/div>\n\t\t\t\t\t\t\t\t<div class=\"col-lg-6\">\n\t\t\t\t\t<div class=\"t3icta__top_right mb-lg-14 px-2 py-9 px-lg-11 py-lg-0\">\n\t\t\t\t\t\t\t\n\t\t\t\t\t\t<h2 class=\"fs-20 fs-lg-23 fs-xl-27 fs-xxl-30 fw-semibold\">Odkryj nasz flagowy hotel w samym centrum Pary\u017ca: Novotel Paris Tour Eiffel<\/h2>\n\t\t\t\t\t\t\t\t\t\t\t\t\t\n\t\t\t\t\t\t<div class=\"fs-wysiwyg\">\n\t\t\t\t\t\t\t<p><a href=\"https:\/\/myallmeeting.com\/pl\/hotel\/3546-novotel-paris-centre-tour-eiffel\/\" target=\"_blank\" rel=\"noopener\">Novotel Paris Centre Tour Eiffel<\/a>, znajduj\u0105cy si\u0119 w\u00a0pobli\u017cu Wie\u017cy Eiffla, w\u00a0samym sercu dynamicznej dzielnicy Beaugrenelle, jest strategicznie zlokalizowany nad brzegiem Sekwany. Idealny na eventy zawodowe i\u00a0na pobyty biznesowe w\u00a0Pary\u017cu.<\/p>\n\t\t\t\t\t\t<\/div>\n\t\t\t\t\t\t\t\t\t\t\t<\/div>\n\t\t\t\t<\/div>\n\t\t\t<\/div>\n\t\t<\/div>\n\t<\/div>\n\t<div class=\"t3icta__bottom bg-beige\">\n\t\t<div class=\"container-fluid\" style=\"--bs-gutter-x: 0\">\n\t\t\t<div class=\"row\" style=\"--bs-gutter-x: 0\">\n\t\t\t\t<div class=\"col-lg-5 offset-lg-1\">\n\t\t\t\t\t<div class=\"t3icta__bottom__left\">\n\t\t\t\t\t\t\t\t\t\t\t\t<img decoding=\"async\" src=\"https:\/\/www.myallmeeting.com\/wp-content\/uploads\/2025\/01\/eiffel3-633x398.jpeg\" class=\"w-100 d-lg-none\" width=\"633\" height=\"398\" alt=\"\" loading=\"lazy\" \/> <!-- Ce sont les 2 m\u00eames images : ID 0 -->\n\t\t\t\t\t\t\t\t\t\t\t\t<div class=\"px-2 py-9 px-lg-0 py-lg-0\">\n\t\t\t\t\t\t\t\t\t\t\t\t\t\t\t\n\t\t\t\t\t\t\t<div class=\"fs-wysiwyg mb-lg-15\">\n\t\t\t\t\t\t\t\t<ul>\n<li><strong>Infrastruktury stworzone do zebra\u0144 biznesowych, zjazd\u00f3w i\u00a0konferencji.<\/strong><\/li>\n<\/ul>\n<p>Dzi\u0119ki \u0142atwym do modyfikowania przestrzeniom oraz amfiteatrowi mog\u0105cemu pomie\u015bci\u0107 nawet 600\u00a0uczestnik\u00f3w <strong>Novotel Paris Tour Eiffel<\/strong> to idealne miejsce do ugoszczenia Twoich wsp\u00f3\u0142pracownik\u00f3w, klient\u00f3w i\u00a0partner\u00f3w w\u00a0stymuluj\u0105cym i\u00a0presti\u017cowym otoczeniu.<\/p>\n<ul>\n<li><strong>Oprawa \u0142\u0105cz\u0105ca relaks i wydajno\u015b\u0107<\/strong><\/li>\n<\/ul>\n<p>Zapewnij swoim pracownikom wyj\u0105tkowe \u015brodowisko pracy za spraw\u0105 jasnych i\u00a0nowoczesnych przestrzeni. Podaruj im r\u00f3wnie\u017c chwile relaksu w\u00a0salach treningowych z\u00a0widokiem na Sekwan\u0119 i\u00a0basenie pod otwieranym dachem, by mogli na\u0142adowa\u0107 akumulatory po intensywnym dniu pracy.<\/p>\n<ul>\n<li><strong>Katering i\u00a0zacie<\/strong><strong>\u015bnianie wi\u0119zi<\/strong><\/li>\n<\/ul>\n<p>Zapro\u015b go\u015bci na zaskakuj\u0105ce kulinarne do\u015bwiadczenie w\u00a0naszej japo\u0144skiej restauracji Benkay, w\u00a0kt\u00f3rej szefowie kuchni przygotowuj\u0105 posi\u0142ki na oczach klient\u00f3w, wed\u0142ug techniki teppan-yaki.<\/p>\n<ul>\n<li><strong>Wygodny dojazd<\/strong><br \/>\nDo hotelu mo\u017cna \u0142atwo dojecha\u0107 samochodem\u00a0\u2013\u00a0dysponujemy (p\u0142atnym) krytym parkingiem\u00a0\u2013\u00a0oraz komunikacj\u0105 publiczn\u0105. W\u00a0pobli\u017cu znajduj\u0105 si\u0119 stacje metra Charles Michels (linia 10) i\u00a0Bir-Hakeim (linia 6) oraz stacja kolejki RER\u00a0C Gare de Javel.<\/li>\n<\/ul>\n\t\t\t\t\t\t\t<\/div>\n\t\t\t\t\t\t\t\t\t\t\t\t\t<\/div>\n\t\t\t\t\t\t\t\t\t\t\t\t<div class=\"t3icta__bottom__img1 d-none d-lg-block text-end ms-lg-auto\">\n\t\t\t\t\t\t\t<img decoding=\"async\" src=\"https:\/\/www.myallmeeting.com\/wp-content\/uploads\/2025\/01\/eiffel3-633x398.jpeg\" width=\"633\" height=\"398\" alt=\"\" loading=\"lazy\" \/> <!-- Ce sont les 2 m\u00eames images : ID 1 -->\n\t\t\t\t\t\t<\/div>\n\t\t\t\t\t\t\t\t\t\t\t<\/div>\n\t\t\t\t<\/div>\n\t\t\t\t<div class=\"col-lg-5\">\n\t\t\t\t\t<div class=\"ps-lg-10\">\n\t\t\t\t\t\t\t\t\t\t\t\t<img decoding=\"async\" src=\"https:\/\/www.myallmeeting.com\/wp-content\/uploads\/2025\/01\/eiffel2-633x398.jpeg\" class=\"t3icta__bottom__img0 position-relative d-none d-lg-block mb-15\" width=\"633\" height=\"398\" alt=\"\" loading=\"lazy\" \/> <!-- Ce sont les 2 m\u00eames images : ID 0 -->\n\t\t\t\t\t\t\t\t\t\t\t\t<div class=\"px-2 px-lg-0 mb-9\">\n\t\t\t\t\t\t\t\t\n\t\t\t\t\t\t\t<h2 class=\"fs-20 fs-lg-23 fs-xl-27 fs-xxl-30 fw-semibold\">Novotel Paris Tour Eiffel \u2013 plusy dla B2B<\/h2>\n\t\t\t\t\t\t\t\t\t\t\t\t\t\t\t\t\t\t\t\t\t<div class=\"fs-wysiwyg\">\n\t\t\t\t\t\t\t\t<ul>\n<li><strong>Centrum konferencyjne<\/strong>: 3000\u00a0m\u00b2 na ka\u017cdy rodzaj imprezy, od 10\u00a0do 600\u00a0uczestnik\u00f3w<\/li>\n<li><strong>Amfiteatr<\/strong>: 600\u00a0m\u00b2 na wyk\u0142ady dla du\u017cej publiczno\u015bci<\/li>\n<li><strong>Widok na Sekwan\u0119<\/strong>: przyjemne i\u00a0inspiruj\u0105ce przestrzenie jadalne<\/li>\n<li><strong>Spotkania hybrydowe<\/strong>: rozwi\u0105zanie ALL CONNECT umo\u017cliwiaj\u0105ce optymalne po\u0142\u0105czenie<\/li>\n<\/ul>\n\t\t\t\t\t\t\t<\/div>\n\t\t\t\t\t\t\t\t\t\t\t\t\t<\/div>\n\t\t\t\t\t\t\t\t\t\t\t\t<div class=\"t3icta__bottom__img1 d-lg-none mx-auto\">\n\t\t\t\t\t\t\t<img decoding=\"async\" src=\"https:\/\/www.myallmeeting.com\/wp-content\/uploads\/2025\/01\/eiffel2-633x398.jpeg\" width=\"633\" height=\"398\" alt=\"\" loading=\"lazy\" \/> <!-- Ce sont les 2 m\u00eames images : ID 1 -->\n\t\t\t\t\t\t<\/div>\n\t\t\t\t\t\t\t\t\t\t\t<\/div>\n\t\t\t\t<\/div>\n\t\t\t<\/div>\n\t\t<\/div>\n\t<\/div>\n\t<\/div>\n<!-- END OF : Composant : block-periscope-theme-section-composant-26-textes-slider-cta.php -->\n\n\n<!-- START OF : Composant : block-periscope-theme-section-composant-33-texte-image.php -->\n<!-- INVERSE -->\n<div class=\"text-image fs-wysiwyg mb-8 mb-lg-12\" data-component=\"33-texte-image\" data-reverse=\"oui\">\n\t<div class=\"container-fluid\" style=\"--bs-gutter-x: 0\">\n\t\t<div class=\"row\" style=\"--bs-gutter-x: 0\">\n\t\t\t<div class=\"col-lg-6\">\n\t\t\t\t<div class=\"text-image__content\">\n\t\t\t\t\t\t\t\t\t\t<div class=\"fw-semibold lh-xs fs-20 fs-lg-32 ls--25 mb-5\">W Swiss\u00f4tel Twoje wydarzenia B2B osi\u0105gaj\u0105 szczyty elegancji<\/div>\n\t\t\t\t\t\t\t\t\t\t\t\t\t\t\t<div class=\"fs-wysiwyg\">\n\t\t\t\t\t\t<p>Mark\u0119 Swiss\u00f4tel, czerpi\u0105c\u0105 ze swej szwajcarskiej spu\u015bcizny, opisa\u0107 mo\u017cna nast\u0119puj\u0105cymi okre\u015bleniami: wyrafinowanie, stawianie na dobre samopoczucie i\u00a0wytworno\u015b\u0107, bior\u0105c przy tym pod uwag\u0119 zr\u00f3wnowa\u017cony rozw\u00f3j. Ukazuj\u0105c przywi\u0105zanie do tradycji, proponujemy nowoczesne \u015brodowisko pracy inspirowane natur\u0105. Jest to idealna przestrze\u0144 na wydarzenia klasy premium, podczas kt\u00f3rych kultura i\u00a0wymiar artystyczny znajd\u0105 si\u0119 na honorowym miejscu.<\/p>\n\t\t\t\t\t<\/div>\n\t\t\t\t\t\t\t\t\t<\/div>\n\t\t\t<\/div>    \n\t\t\t    \n\t\t\t<div class=\"col-lg-6 order-first order-lg-last mb-7 mb-lg-0\">\n\t\t\t\t<img decoding=\"async\" src=\"https:\/\/www.myallmeeting.com\/wp-content\/uploads\/2025\/01\/swissotel1-953x600.jpeg\" width=\"953\" height=\"600\" alt=\"\" loading=\"lazy\" class=\"w-100\" \/>\n\t\t\t<\/div>\n\t\t\t\t\t<\/div>\n\t<\/div>\n<\/div>\n<!-- END OF : Composant : block-periscope-theme-section-composant-33-texte-image.php -->\n\n\n<!-- START OF : Composant : block-periscope-theme-section-composant-26-textes-slider-cta.php -->\n<div class=\"t3icta bg-white pb-12 mb-9 fs-wysiwyg\" data-component=\"26-textes-3-images-cta\">\n\t<div class=\"t3icta__top position-relative\">\n\t\t<div class=\"container-fluid\" style=\"--bs-gutter-x: 0\">\n\t\t\t<div class=\"row\" style=\"--bs-gutter-x: 0\">\n\t\t\t\t\t\t\t\t<div class=\"col-lg-6\">\n\t\t\t\t\t<div class=\"t3icta__slider\">\n\t\t\t\t\t\t<div class=\"splide\">\n\t\t\t\t\t\t\t<div class=\"splide__track\">\n\t\t\t\t\t\t\t\t<div class=\"splide__list\">\n\t\t\t\t\t\t\t\t\t\t\t\t\t\t\t\t\t\t\t<div class=\"splide__slide\">\n\t\t\t\t\t\t\t\t\t\t\t<img decoding=\"async\" src=\"https:\/\/www.myallmeeting.com\/wp-content\/uploads\/2025\/01\/b967_sm_00_p_2048x1536-953x600.jpg\" width=\"953\" height=\"600\" alt=\"\" loading=\"lazy\" \/>\n\t\t\t\t\t\t\t\t\t\t<\/div>\n\t\t\t\t\t\t\t\t\t\t\t\t\t\t\t\t\t\n\t\t\t\t\t\t\t\t<\/div>\n\t\t\t\t\t\t\t<\/div>\n\t\t\t\t\t\t\t<div class=\"splide__arrows d-none d-lg-block\">\n\t\t\t\t\t\t\t\t<button class=\"splide__arrow splide__arrow--prev px-lg-3 py-lg-4 px-xl-4 py-xl-5 px-xxl-5 py-xxl-7 position-absolute l-0 bg-white border-0\">\n\t\t\t\t\t\t\t\t\t<svg width=\"14\" height=\"27\" aria-hidden=\"true\">\n\t\t\t\t\t\t\t\t\t\t<use xlink:href=\"https:\/\/www.myallmeeting.com\/wp-content\/themes\/accor\/assets\/images\/sprite.svg#slider-prev\"><\/use>\n\t\t\t\t\t\t\t\t\t<\/svg>\n\t\t\t\t\t\t\t\t<\/button>\n\t\t\t\t\t\t\t\t<button class=\"splide__arrow splide__arrow--next px-lg-3 py-lg-4 px-xl-4 py-xl-5 px-xxl-5 py-xxl-7 position-absolute r-0 bg-white border-0\">\n\t\t\t\t\t\t\t\t\t<svg width=\"14\" height=\"27\" aria-hidden=\"true\">\n\t\t\t\t\t\t\t\t\t\t<use xlink:href=\"https:\/\/www.myallmeeting.com\/wp-content\/themes\/accor\/assets\/images\/sprite.svg#slider-prev\"><\/use>\n\t\t\t\t\t\t\t\t\t<\/svg>\n\t\t\t\t\t\t\t\t<\/button>\n\t\t\t\t\t\t\t<\/div>\n\t\t\t\t\t\t<\/div>\n\t\t\t\t\t<\/div>\n\t\t\t\t<\/div>\n\t\t\t\t\t\t\t\t<div class=\"col-lg-6\">\n\t\t\t\t\t<div class=\"t3icta__top_right mb-lg-14 px-2 py-9 px-lg-11 py-lg-0\">\n\t\t\t\t\t\t\t\n\t\t\t\t\t\t<h2 class=\"fs-20 fs-lg-23 fs-xl-27 fs-xxl-30 fw-semibold\">SWISS\u00d4TEL \u2013 plusy<\/h2>\n\t\t\t\t\t\t\t\t\t\t\t\t\t\n\t\t\t\t\t\t<div class=\"fs-wysiwyg\">\n\t\t\t\t\t\t\t<p><strong>Nasze hotele i\u00a0wyposa\u017cenie:<\/strong><\/p>\n<ul>\n<li><strong>Lider w\u00a0zakresie CSR: <\/strong>wszystkie hotele posiadaj\u0105 certyfikaty eko<\/li>\n<li><strong>Strategiczna lokalizacja:<\/strong> centrum miasta, w\u00a0pobli\u017cu dworc\u00f3w i\u00a0lotnisk<\/li>\n<li><strong>Jasne i\u00a0modyfikowalne sale:<\/strong> przestrzenie dostosowane do wszystkich rodzaj\u00f3w wydarze\u0144<\/li>\n<\/ul>\n\t\t\t\t\t\t<\/div>\n\t\t\t\t\t\t\t\t\t\t\t<\/div>\n\t\t\t\t<\/div>\n\t\t\t<\/div>\n\t\t<\/div>\n\t<\/div>\n\t<div class=\"t3icta__bottom bg-beige\">\n\t\t<div class=\"container-fluid\" style=\"--bs-gutter-x: 0\">\n\t\t\t<div class=\"row\" style=\"--bs-gutter-x: 0\">\n\t\t\t\t<div class=\"col-lg-5 offset-lg-1\">\n\t\t\t\t\t<div class=\"t3icta__bottom__left\">\n\t\t\t\t\t\t\t\t\t\t\t\t<img decoding=\"async\" src=\"https:\/\/www.myallmeeting.com\/wp-content\/uploads\/2025\/01\/swissotel2-633x398.jpeg\" class=\"w-100 d-lg-none\" width=\"633\" height=\"398\" alt=\"\" loading=\"lazy\" \/> <!-- Ce sont les 2 m\u00eames images : ID 0 -->\n\t\t\t\t\t\t\t\t\t\t\t\t<div class=\"px-2 py-9 px-lg-0 py-lg-0\">\n\t\t\t\t\t\t\t\t\n\t\t\t\t\t\t\t<h2 class=\"fs-20 fs-lg-23 fs-xl-27 fs-xxl-30 fw-semibold\">Nasze us\u0142ugi:<\/h2>\n\t\t\t\t\t\t\t\t\t\t\t\t\t\t\t\n\t\t\t\t\t\t\t<div class=\"fs-wysiwyg mb-lg-15\">\n\t\t\t\t\t\t\t\t<ul>\n<li><strong>Spersonalizowane przyj\u0119cie:<\/strong> dostosowane do potrzeb us\u0142ugi concierge i\u00a0wsparcia<\/li>\n<li><strong>Zr\u00f3\u017cnicowana kuchnia:<\/strong> od lokalnej po wyrafinowan\u0105<\/li>\n<li><strong>Przerwa na kaw\u0119 Vitality:<\/strong> daj\u0105ce zastrzyk energii przerwy, by zwi\u0119kszy\u0107 produktywno\u015b\u0107<\/li>\n<\/ul>\n\t\t\t\t\t\t\t<\/div>\n\t\t\t\t\t\t\t\t\t\t\t\t\t<\/div>\n\t\t\t\t\t\t\t\t\t\t\t\t<div class=\"t3icta__bottom__img1 d-none d-lg-block text-end ms-lg-auto\">\n\t\t\t\t\t\t\t<img decoding=\"async\" src=\"https:\/\/www.myallmeeting.com\/wp-content\/uploads\/2025\/01\/swissotel2-633x398.jpeg\" width=\"633\" height=\"398\" alt=\"\" loading=\"lazy\" \/> <!-- Ce sont les 2 m\u00eames images : ID 1 -->\n\t\t\t\t\t\t<\/div>\n\t\t\t\t\t\t\t\t\t\t\t<\/div>\n\t\t\t\t<\/div>\n\t\t\t\t<div class=\"col-lg-5\">\n\t\t\t\t\t<div class=\"ps-lg-10\">\n\t\t\t\t\t\t\t\t\t\t\t\t<img decoding=\"async\" src=\"https:\/\/www.myallmeeting.com\/wp-content\/uploads\/2025\/01\/b4s4_sm_00_p_2048x1536-633x398.jpg\" class=\"t3icta__bottom__img0 position-relative d-none d-lg-block mb-15\" width=\"633\" height=\"398\" alt=\"\" loading=\"lazy\" \/> <!-- Ce sont les 2 m\u00eames images : ID 0 -->\n\t\t\t\t\t\t\t\t\t\t\t\t<div class=\"px-2 px-lg-0 mb-9\">\n\t\t\t\t\t\t\t\t\n\t\t\t\t\t\t\t<h2 class=\"fs-20 fs-lg-23 fs-xl-27 fs-xxl-30 fw-semibold\">Czego nie znajdziesz nigdzie indziej?<\/h2>\n\t\t\t\t\t\t\t\t\t\t\t\t\t\t\t\t\t\t\t\t\t<div class=\"fs-wysiwyg\">\n\t\t\t\t\t\t\t\t<ul>\n<li><strong>Inspirowane natur\u0105 miejsca pracy,<\/strong> kt\u00f3re sprawi\u0105, \u017ce spotkania biznesowe b\u0119d\u0105 harmonijne i\u00a0uspokajaj\u0105ce.<\/li>\n<\/ul>\n\t\t\t\t\t\t\t<\/div>\n\t\t\t\t\t\t\t\t\t\t\t\t\t<\/div>\n\t\t\t\t\t\t\t\t\t\t\t\t<div class=\"t3icta__bottom__img1 d-lg-none mx-auto\">\n\t\t\t\t\t\t\t<img decoding=\"async\" src=\"https:\/\/www.myallmeeting.com\/wp-content\/uploads\/2025\/01\/b4s4_sm_00_p_2048x1536-633x398.jpg\" width=\"633\" height=\"398\" alt=\"\" loading=\"lazy\" \/> <!-- Ce sont les 2 m\u00eames images : ID 1 -->\n\t\t\t\t\t\t<\/div>\n\t\t\t\t\t\t\t\t\t\t\t<\/div>\n\t\t\t\t<\/div>\n\t\t\t<\/div>\n\t\t<\/div>\n\t<\/div>\n\t<\/div>\n<!-- END OF : Composant : block-periscope-theme-section-composant-26-textes-slider-cta.php -->\n\n\n<!-- START OF : Composant : block-periscope-theme-section-composant-26-textes-slider-cta.php -->\n<div class=\"t3icta bg-white pb-12 mb-9 fs-wysiwyg\" data-component=\"26-textes-3-images-cta\">\n\t<div class=\"t3icta__top position-relative\">\n\t\t<div class=\"container-fluid\" style=\"--bs-gutter-x: 0\">\n\t\t\t<div class=\"row\" style=\"--bs-gutter-x: 0\">\n\t\t\t\t\t\t\t\t<div class=\"col-lg-6\">\n\t\t\t\t\t<div class=\"t3icta__slider\">\n\t\t\t\t\t\t<div class=\"splide\">\n\t\t\t\t\t\t\t<div class=\"splide__track\">\n\t\t\t\t\t\t\t\t<div class=\"splide__list\">\n\t\t\t\t\t\t\t\t\t\t\t\t\t\t\t\t\t\t\t<div class=\"splide__slide\">\n\t\t\t\t\t\t\t\t\t\t\t<img decoding=\"async\" src=\"https:\/\/www.myallmeeting.com\/wp-content\/uploads\/2025\/01\/aja_p_6017-48__original-953x600.jpeg\" width=\"953\" height=\"600\" alt=\"\" loading=\"lazy\" \/>\n\t\t\t\t\t\t\t\t\t\t<\/div>\n\t\t\t\t\t\t\t\t\t\t\t\t\t\t\t\t\t\n\t\t\t\t\t\t\t\t<\/div>\n\t\t\t\t\t\t\t<\/div>\n\t\t\t\t\t\t\t<div class=\"splide__arrows d-none d-lg-block\">\n\t\t\t\t\t\t\t\t<button class=\"splide__arrow splide__arrow--prev px-lg-3 py-lg-4 px-xl-4 py-xl-5 px-xxl-5 py-xxl-7 position-absolute l-0 bg-white border-0\">\n\t\t\t\t\t\t\t\t\t<svg width=\"14\" height=\"27\" aria-hidden=\"true\">\n\t\t\t\t\t\t\t\t\t\t<use xlink:href=\"https:\/\/www.myallmeeting.com\/wp-content\/themes\/accor\/assets\/images\/sprite.svg#slider-prev\"><\/use>\n\t\t\t\t\t\t\t\t\t<\/svg>\n\t\t\t\t\t\t\t\t<\/button>\n\t\t\t\t\t\t\t\t<button class=\"splide__arrow splide__arrow--next px-lg-3 py-lg-4 px-xl-4 py-xl-5 px-xxl-5 py-xxl-7 position-absolute r-0 bg-white border-0\">\n\t\t\t\t\t\t\t\t\t<svg width=\"14\" height=\"27\" aria-hidden=\"true\">\n\t\t\t\t\t\t\t\t\t\t<use xlink:href=\"https:\/\/www.myallmeeting.com\/wp-content\/themes\/accor\/assets\/images\/sprite.svg#slider-prev\"><\/use>\n\t\t\t\t\t\t\t\t\t<\/svg>\n\t\t\t\t\t\t\t\t<\/button>\n\t\t\t\t\t\t\t<\/div>\n\t\t\t\t\t\t<\/div>\n\t\t\t\t\t<\/div>\n\t\t\t\t<\/div>\n\t\t\t\t\t\t\t\t<div class=\"col-lg-6\">\n\t\t\t\t\t<div class=\"t3icta__top_right mb-lg-14 px-2 py-9 px-lg-11 py-lg-0\">\n\t\t\t\t\t\t\t\n\t\t\t\t\t\t<h2 class=\"fs-20 fs-lg-23 fs-xl-27 fs-xxl-30 fw-semibold\">Odkryj nasz flagowy hotel: Swiss\u00f4tel Tallinn<\/h2>\n\t\t\t\t\t\t\t\t\t\t\t\t\t\n\t\t\t\t\t\t<div class=\"fs-wysiwyg\">\n\t\t\t\t\t\t\t<p>Witamy w\u00a0<a href=\"https:\/\/myallmeeting.com\/pl\/hotel\/a5d1-swissotel-tallinn\/\" target=\"_blank\" rel=\"noopener\">Swiss\u00f4tel w\u00a0Tallinie<\/a>, stolicy Estonii, gdzie luksus \u0142\u0105czy si\u0119 z\u00a0rygorystyczn\u0105 polityk\u0105 dba\u0142o\u015bci o\u00a0\u015brodowisko. Z\u00a0naszego hotelu, zlokalizowanego w\u00a0najwy\u017cszym budynku miasta, rozci\u0105ga si\u0119 cudowny widok. Je\u015bli pragniesz zorganizowa\u0107 wydarzenie B2B na skal\u0119 mi\u0119dzynarodow\u0105, u\u00a0nas znajdziesz us\u0142ugi premium.<\/p>\n<ul>\n<li><strong>Witamy na konferencjach XXL<\/strong><\/li>\n<\/ul>\n<p>Nasza sala balowa o\u00a0powierzchni 481\u00a0m\u00b2 mo\u017ce pomie\u015bci\u0107 nawet 500\u00a0os\u00f3b. Jest wyposa\u017cona w\u00a0<strong>7 kabin t\u0142umaczeniowych,<\/strong> co jest sporym atutem w\u00a0przypadku du\u017cych konferencji mi\u0119dzynarodowych.<\/p>\n<ul>\n<li><strong>7 modyfikowalnych sal konferencyjnych<\/strong><br \/>\nW\u00a0naszych salach konferencyjnych mamy praktyczne przepierzenia, dzi\u0119ki kt\u00f3rym dostosujesz konfiguracj\u0119 do swoich potrzeb. Z\u00a0\u0142atwo\u015bci\u0105 stworzysz wi\u0119ksze przestrzenie lub podzielisz sal\u0119 na warsztaty lub podgrupy.<\/li>\n<\/ul>\n<ul><\/ul>\n\t\t\t\t\t\t<\/div>\n\t\t\t\t\t\t\t\t\t\t\t<\/div>\n\t\t\t\t<\/div>\n\t\t\t<\/div>\n\t\t<\/div>\n\t<\/div>\n\t<div class=\"t3icta__bottom bg-beige\">\n\t\t<div class=\"container-fluid\" style=\"--bs-gutter-x: 0\">\n\t\t\t<div class=\"row\" style=\"--bs-gutter-x: 0\">\n\t\t\t\t<div class=\"col-lg-5 offset-lg-1\">\n\t\t\t\t\t<div class=\"t3icta__bottom__left\">\n\t\t\t\t\t\t\t\t\t\t\t\t<img decoding=\"async\" src=\"https:\/\/www.myallmeeting.com\/wp-content\/uploads\/2025\/01\/a5d1_ho_02_p_2048x1536-633x398.jpg\" class=\"w-100 d-lg-none\" width=\"633\" height=\"398\" alt=\"\" loading=\"lazy\" \/> <!-- Ce sont les 2 m\u00eames images : ID 0 -->\n\t\t\t\t\t\t\t\t\t\t\t\t<div class=\"px-2 py-9 px-lg-0 py-lg-0\">\n\t\t\t\t\t\t\t\t\t\t\t\t\t\t\t\n\t\t\t\t\t\t\t<div class=\"fs-wysiwyg mb-lg-15\">\n\t\t\t\t\t\t\t\t<ul>\n<li><strong>Pi\u0119tro zarezerwowane na najbardziej wra\u017cliwe wydarzenia<\/strong><\/li>\n<\/ul>\n<p>Nasze pi\u0119tro konferencyjne, znajduj\u0105ce si\u0119 na g\u00f3rze hotelu i\u00a0do kt\u00f3rego dosta\u0107 si\u0119 mo\u017cna wy\u0142\u0105cznie wind\u0105, gwarantuje <strong>bezpiecze\u0144stwo i\u00a0poufno\u015b\u0107<\/strong> podczas spotka\u0144 delegacji rz\u0105dowych lub zebra\u0144 firm potrzebuj\u0105cych dyskrecji.<\/p>\n<ul>\n<li><strong>Wyj<\/strong><strong>\u0105tkowy<\/strong><strong> taras<\/strong><\/li>\n<\/ul>\n<p>Zach\u0119camy do odkrycia tarasu znajduj\u0105cego si\u0119 na 6 pi\u0119trze, na kt\u00f3rym sp\u0119dzisz odpr\u0119\u017caj\u0105ce chwile lub odb\u0119dziesz spotkanie na \u015bwie\u017cym powietrzu. Jest idealny na zorganizowanie koktajlu, gdy pogoda temu sprzyja.<\/p>\n<ul>\n<li><strong>Eleganckie lobby na przyj\u0119cia<\/strong><\/li>\n<\/ul>\n<p>Nasze lobby o\u00a0wyrafinowanym designie jest \u015bwietnym miejscem na Twoje seminaria lub przyj\u0119cia. Dzi\u0119ki jego starannie pomy\u015blanej koncepcji dodatkowe dekoracje nie s\u0105 potrzebne.<\/p>\n<ul>\n<li><strong>Opcje kateringowe dostosowane do potrzeb<\/strong><\/li>\n<\/ul>\n<p>Nasza ekipa szef\u00f3w kuchni wyspecjalizowanych w\u00a0obs\u0142udze konferencji i\u00a0przygotowywaniu bankiet\u00f3w jest <strong>bardzo elastyczna<\/strong> i\u00a0mo\u017ce stworzy\u0107 spersonalizowane menu w\u00a0zale\u017cno\u015bci od specyficznych potrzeb. Zach\u0119camy r\u00f3wnie\u017c do zdegustowania wyrafinowanej kuchni w\u00a0Horisont Restaurant\u00a0&amp;\u00a0bar, posiadaj\u0105cym gwiazdk\u0119 Michelin.<\/p>\n\t\t\t\t\t\t\t<\/div>\n\t\t\t\t\t\t\t\t\t\t\t\t\t<\/div>\n\t\t\t\t\t\t\t\t\t\t\t\t<div class=\"t3icta__bottom__img1 d-none d-lg-block text-end ms-lg-auto\">\n\t\t\t\t\t\t\t<img decoding=\"async\" src=\"https:\/\/www.myallmeeting.com\/wp-content\/uploads\/2025\/01\/a5d1_ho_02_p_2048x1536-633x398.jpg\" width=\"633\" height=\"398\" alt=\"\" loading=\"lazy\" \/> <!-- Ce sont les 2 m\u00eames images : ID 1 -->\n\t\t\t\t\t\t<\/div>\n\t\t\t\t\t\t\t\t\t\t\t<\/div>\n\t\t\t\t<\/div>\n\t\t\t\t<div class=\"col-lg-5\">\n\t\t\t\t\t<div class=\"ps-lg-10\">\n\t\t\t\t\t\t\t\t\t\t\t\t<img decoding=\"async\" src=\"https:\/\/www.myallmeeting.com\/wp-content\/uploads\/2025\/01\/a5d1_sm_03_p_2048x1536-633x398.jpg\" class=\"t3icta__bottom__img0 position-relative d-none d-lg-block mb-15\" width=\"633\" height=\"398\" alt=\"\" loading=\"lazy\" \/> <!-- Ce sont les 2 m\u00eames images : ID 0 -->\n\t\t\t\t\t\t\t\t\t\t\t\t<div class=\"px-2 px-lg-0 mb-9\">\n\t\t\t\t\t\t\t\t\n\t\t\t\t\t\t\t<h2 class=\"fs-20 fs-lg-23 fs-xl-27 fs-xxl-30 fw-semibold\">Swiss\u00f4tel Tallin \u2013 plusy B2B<\/h2>\n\t\t\t\t\t\t\t\t\t\t\t\t\t\t\t\t\t\t\t\t\t<div class=\"fs-wysiwyg\">\n\t\t\t\t\t\t\t\t<ul>\n<li><strong>Modyfikowalne sale konferencyjne<\/strong>: idealne na spersonalizowane wydarzenia<\/li>\n<li><strong>Gwarantowana poufno\u015b\u0107<\/strong>: pi\u0119tro premium i\u00a0polityka wy\u0142\u0105czno\u015bci<\/li>\n<li><strong>Spersonalizowany katering<\/strong>: menu dostosowane do specyficznych potrzeb<\/li>\n<li><strong>Lobby konferencyjne premium:<\/strong> doskona\u0142e na przyj\u0119cia<\/li>\n<\/ul>\n\t\t\t\t\t\t\t<\/div>\n\t\t\t\t\t\t\t\t\t\t\t\t\t<\/div>\n\t\t\t\t\t\t\t\t\t\t\t\t<div class=\"t3icta__bottom__img1 d-lg-none mx-auto\">\n\t\t\t\t\t\t\t<img decoding=\"async\" src=\"https:\/\/www.myallmeeting.com\/wp-content\/uploads\/2025\/01\/a5d1_sm_03_p_2048x1536-633x398.jpg\" width=\"633\" height=\"398\" alt=\"\" loading=\"lazy\" \/> <!-- Ce sont les 2 m\u00eames images : ID 1 -->\n\t\t\t\t\t\t<\/div>\n\t\t\t\t\t\t\t\t\t\t\t<\/div>\n\t\t\t\t<\/div>\n\t\t\t<\/div>\n\t\t<\/div>\n\t<\/div>\n\t<\/div>\n<!-- END OF : Composant : block-periscope-theme-section-composant-26-textes-slider-cta.php -->\n\n\n<!-- START OF : Composant : block-periscope-theme-section-composant-33-texte-image.php -->\n<!-- INVERSE -->\n<div class=\"text-image fs-wysiwyg mb-8 mb-lg-12\" data-component=\"33-texte-image\" data-reverse=\"oui\">\n\t<div class=\"container-fluid\" style=\"--bs-gutter-x: 0\">\n\t\t<div class=\"row\" style=\"--bs-gutter-x: 0\">\n\t\t\t<div class=\"col-lg-6\">\n\t\t\t\t<div class=\"text-image__content\">\n\t\t\t\t\t\t\t\t\t\t\t\t\t\t\t<div class=\"fs-wysiwyg\">\n\t\t\t\t\t\t<p>Je\u015bli planujesz wydarzenia biznesowe, <strong>ALL \u2013 Accor Live Limitless<\/strong> w\u00a0swoich hotelach Novotel i\u00a0Swiss\u00f4tel proponuje Ci wyb\u00f3r mi\u0119dzy <strong>nowoczesno\u015bci\u0105 i\u00a0produktywno\u015bci\u0105<\/strong> a\u00a0<strong>wyrafinowaniem i\u00a0dba\u0142o<\/strong><strong>\u015bci\u0105 o\u00a0dobre samopoczucie<\/strong>. Ka\u017cda z\u00a0marek wniesie sw\u0105 specyficzn\u0105 i\u00a0niepowtarzaln\u0105 esencj\u0119, by zaspokoi\u0107 Twoje potrzeby B2B. Prosimy o\u00a0kontakt z\u00a0naszym zespo\u0142em, by zaplanowa\u0107 event. Gwarantujemy, \u017ce wraz z\u00a0klientami, partnerami i\u00a0wsp\u00f3\u0142pracownikami prze\u017cyjesz niezapomniane do\u015bwiadczenie.<\/p>\n\t\t\t\t\t<\/div>\n\t\t\t\t\t\t\t\t\t<\/div>\n\t\t\t<\/div>    \n\t\t\t    \n\t\t\t<div class=\"col-lg-6 order-first order-lg-last mb-7 mb-lg-0\">\n\t\t\t\t<img decoding=\"async\" src=\"https:\/\/www.myallmeeting.com\/wp-content\/uploads\/2025\/01\/aja_p_7139-42__original-953x600.jpeg\" width=\"953\" height=\"600\" alt=\"swiss\u00f4tel\" loading=\"lazy\" class=\"w-100\" \/>\n\t\t\t<\/div>\n\t\t\t\t\t<\/div>\n\t<\/div>\n<\/div>\n<!-- END OF : Composant : block-periscope-theme-section-composant-33-texte-image.php -->\n","protected":false},"excerpt":{"rendered":"<p>Niezale\u017cnie od tego, czy szukasz nowoczesnej i przyjaznej oprawy, czy ponadczasowej elegancji, marki Novotel i Swiss\u00f4tel posiadaj\u0105 wszystko, czego potrzebujesz na wydarzenia B2B.<\/p>\n","protected":false},"featured_media":17835155,"menu_order":0,"template":"","periscope_categorie_tax":[],"class_list":["post-18645356","article","type-article","status-publish","has-post-thumbnail","hentry"],"acf":[],"yoast_head":"<title>Novotel czy Swiss\u00f4tel? Jaki styl wybra\u0107 na eventy B2B\u00a0\u2013\u00a0nowoczesny czy wyrafinowany? - Accor MyAllMeeting.com<\/title>\n<meta name=\"description\" content=\"Odkryj marki Novotel i Swiss\u00f4tel do organizacji profesjonalnych wydarze\u0144, od prostych spotka\u0144 po konwencje.\" \/>\n<meta name=\"robots\" content=\"index, follow, max-snippet:-1, max-image-preview:large, max-video-preview:-1\" \/>\n<link rel=\"canonical\" href=\"https:\/\/www.myallmeeting.com\/pl\/wp-json\/wp\/v2\/article\/18645356\" \/>\n<meta property=\"og:locale\" content=\"pl_PL\" \/>\n<meta property=\"og:type\" content=\"article\" \/>\n<meta property=\"og:title\" content=\"Novotel czy Swiss\u00f4tel? Jaki styl wybra\u0107 na eventy B2B\u00a0\u2013\u00a0nowoczesny czy wyrafinowany? - Accor MyAllMeeting.com\" \/>\n<meta property=\"og:description\" content=\"Odkryj marki Novotel i Swiss\u00f4tel do organizacji profesjonalnych wydarze\u0144, od prostych spotka\u0144 po konwencje.\" \/>\n<meta property=\"og:url\" content=\"https:\/\/www.myallmeeting.com\/pl\/article\/novotel-czy-swissotel-jaki-styl-wybrac-na-eventy-b2b-nowoczesny-czy-wyrafinowany\/\" \/>\n<meta property=\"og:site_name\" content=\"Accor MyAllMeeting.com\" \/>\n<meta property=\"article:modified_time\" content=\"2025-03-21T16:24:16+00:00\" \/>\n<meta property=\"og:image\" content=\"http:\/\/myallmeeting.com\/wp-content\/uploads\/2025\/01\/MAM-baner-1920x570-2025-01-10T164627.151-1024x304.png\" \/>\n\t<meta property=\"og:image:width\" content=\"1024\" \/>\n\t<meta property=\"og:image:height\" content=\"304\" \/>\n\t<meta property=\"og:image:type\" content=\"image\/png\" \/>\n<meta name=\"twitter:card\" content=\"summary_large_image\" \/>\n<meta name=\"twitter:label1\" content=\"Est. reading time\" \/>\n\t<meta name=\"twitter:data1\" content=\"9 minutes\" \/>\n<script type=\"application\/ld+json\" class=\"yoast-schema-graph\">{\"@context\":\"https:\/\/schema.org\",\"@graph\":[{\"@type\":\"WebPage\",\"@id\":\"https:\/\/www.myallmeeting.com\/pl\/article\/novotel-czy-swissotel-jaki-styl-wybrac-na-eventy-b2b-nowoczesny-czy-wyrafinowany\/\",\"url\":\"https:\/\/www.myallmeeting.com\/pl\/article\/novotel-czy-swissotel-jaki-styl-wybrac-na-eventy-b2b-nowoczesny-czy-wyrafinowany\/\",\"name\":\"Novotel czy Swiss\u00f4tel? Jaki styl wybra\u0107 na eventy B2B\u00a0\u2013\u00a0nowoczesny czy wyrafinowany? - Accor MyAllMeeting.com\",\"isPartOf\":{\"@id\":\"https:\/\/www.myallmeeting.com\/pl\/#website\"},\"primaryImageOfPage\":{\"@id\":\"https:\/\/www.myallmeeting.com\/pl\/article\/novotel-czy-swissotel-jaki-styl-wybrac-na-eventy-b2b-nowoczesny-czy-wyrafinowany\/#primaryimage\"},\"image\":{\"@id\":\"https:\/\/www.myallmeeting.com\/pl\/article\/novotel-czy-swissotel-jaki-styl-wybrac-na-eventy-b2b-nowoczesny-czy-wyrafinowany\/#primaryimage\"},\"thumbnailUrl\":\"https:\/\/www.myallmeeting.com\/wp-content\/uploads\/2025\/01\/MAM-baner-1920x570-2025-01-10T164627.151.png\",\"datePublished\":\"2025-03-21T11:48:23+00:00\",\"dateModified\":\"2025-03-21T16:24:16+00:00\",\"description\":\"Odkryj marki Novotel i Swiss\u00f4tel do organizacji profesjonalnych wydarze\u0144, od prostych spotka\u0144 po konwencje.\",\"breadcrumb\":{\"@id\":\"https:\/\/www.myallmeeting.com\/pl\/article\/novotel-czy-swissotel-jaki-styl-wybrac-na-eventy-b2b-nowoczesny-czy-wyrafinowany\/#breadcrumb\"},\"inLanguage\":\"pl-PL\",\"potentialAction\":[{\"@type\":\"ReadAction\",\"target\":[\"https:\/\/www.myallmeeting.com\/pl\/article\/novotel-czy-swissotel-jaki-styl-wybrac-na-eventy-b2b-nowoczesny-czy-wyrafinowany\/\"]}]},{\"@type\":\"ImageObject\",\"inLanguage\":\"pl-PL\",\"@id\":\"https:\/\/www.myallmeeting.com\/pl\/article\/novotel-czy-swissotel-jaki-styl-wybrac-na-eventy-b2b-nowoczesny-czy-wyrafinowany\/#primaryimage\",\"url\":\"https:\/\/www.myallmeeting.com\/wp-content\/uploads\/2025\/01\/MAM-baner-1920x570-2025-01-10T164627.151.png\",\"contentUrl\":\"https:\/\/www.myallmeeting.com\/wp-content\/uploads\/2025\/01\/MAM-baner-1920x570-2025-01-10T164627.151.png\",\"width\":1920,\"height\":570},{\"@type\":\"BreadcrumbList\",\"@id\":\"https:\/\/www.myallmeeting.com\/pl\/article\/novotel-czy-swissotel-jaki-styl-wybrac-na-eventy-b2b-nowoczesny-czy-wyrafinowany\/#breadcrumb\",\"itemListElement\":[{\"@type\":\"ListItem\",\"position\":1,\"name\":\"Accueil\",\"item\":\"https:\/\/myallmeeting.com\/pl\/\"},{\"@type\":\"ListItem\",\"position\":2,\"name\":\"Article\",\"item\":\"https:\/\/www.myallmeeting.com\/pl\/article\/\"},{\"@type\":\"ListItem\",\"position\":3,\"name\":\"Novotel czy Swiss\u00f4tel? Jaki styl wybra\u0107 na eventy B2B\u00a0\u2013\u00a0nowoczesny czy wyrafinowany?\"}]},{\"@type\":\"WebSite\",\"@id\":\"https:\/\/www.myallmeeting.com\/pl\/#website\",\"url\":\"https:\/\/www.myallmeeting.com\/pl\/\",\"name\":\"Accor MyAllMeeting.com\",\"description\":\"Les Meilleurs lieux pour vos Ev\u00e9nements Professionnels\",\"publisher\":{\"@id\":\"https:\/\/www.myallmeeting.com\/pl\/#organization\"},\"potentialAction\":[{\"@type\":\"SearchAction\",\"target\":{\"@type\":\"EntryPoint\",\"urlTemplate\":\"https:\/\/www.myallmeeting.com\/pl\/?s={search_term_string}\"},\"query-input\":{\"@type\":\"PropertyValueSpecification\",\"valueRequired\":true,\"valueName\":\"search_term_string\"}}],\"inLanguage\":\"pl-PL\"},{\"@type\":\"Organization\",\"@id\":\"https:\/\/www.myallmeeting.com\/pl\/#organization\",\"name\":\"ACCOR\",\"url\":\"https:\/\/www.myallmeeting.com\/pl\/\",\"logo\":{\"@type\":\"ImageObject\",\"inLanguage\":\"pl-PL\",\"@id\":\"https:\/\/www.myallmeeting.com\/pl\/#\/schema\/logo\/image\/\",\"url\":\"\",\"contentUrl\":\"\",\"caption\":\"ACCOR\"},\"image\":{\"@id\":\"https:\/\/www.myallmeeting.com\/pl\/#\/schema\/logo\/image\/\"}}]}<\/script>","yoast_head_json":{"title":"Novotel czy Swiss\u00f4tel? Jaki styl wybra\u0107 na eventy B2B\u00a0\u2013\u00a0nowoczesny czy wyrafinowany? - Accor MyAllMeeting.com","description":"Odkryj marki Novotel i Swiss\u00f4tel do organizacji profesjonalnych wydarze\u0144, od prostych spotka\u0144 po konwencje.","robots":{"index":"index","follow":"follow","max-snippet":"max-snippet:-1","max-image-preview":"max-image-preview:large","max-video-preview":"max-video-preview:-1"},"canonical":"https:\/\/www.myallmeeting.com\/pl\/wp-json\/wp\/v2\/article\/18645356","og_locale":"pl_PL","og_type":"article","og_title":"Novotel czy Swiss\u00f4tel? Jaki styl wybra\u0107 na eventy B2B\u00a0\u2013\u00a0nowoczesny czy wyrafinowany? - Accor MyAllMeeting.com","og_description":"Odkryj marki Novotel i Swiss\u00f4tel do organizacji profesjonalnych wydarze\u0144, od prostych spotka\u0144 po konwencje.","og_url":"https:\/\/www.myallmeeting.com\/pl\/article\/novotel-czy-swissotel-jaki-styl-wybrac-na-eventy-b2b-nowoczesny-czy-wyrafinowany\/","og_site_name":"Accor MyAllMeeting.com","article_modified_time":"2025-03-21T16:24:16+00:00","og_image":[{"width":1024,"height":304,"url":"http:\/\/myallmeeting.com\/wp-content\/uploads\/2025\/01\/MAM-baner-1920x570-2025-01-10T164627.151-1024x304.png","type":"image\/png"}],"twitter_card":"summary_large_image","twitter_misc":{"Est. reading time":"9 minutes"},"schema":{"@context":"https:\/\/schema.org","@graph":[{"@type":"WebPage","@id":"https:\/\/www.myallmeeting.com\/pl\/article\/novotel-czy-swissotel-jaki-styl-wybrac-na-eventy-b2b-nowoczesny-czy-wyrafinowany\/","url":"https:\/\/www.myallmeeting.com\/pl\/article\/novotel-czy-swissotel-jaki-styl-wybrac-na-eventy-b2b-nowoczesny-czy-wyrafinowany\/","name":"Novotel czy Swiss\u00f4tel? Jaki styl wybra\u0107 na eventy B2B\u00a0\u2013\u00a0nowoczesny czy wyrafinowany? - Accor MyAllMeeting.com","isPartOf":{"@id":"https:\/\/www.myallmeeting.com\/pl\/#website"},"primaryImageOfPage":{"@id":"https:\/\/www.myallmeeting.com\/pl\/article\/novotel-czy-swissotel-jaki-styl-wybrac-na-eventy-b2b-nowoczesny-czy-wyrafinowany\/#primaryimage"},"image":{"@id":"https:\/\/www.myallmeeting.com\/pl\/article\/novotel-czy-swissotel-jaki-styl-wybrac-na-eventy-b2b-nowoczesny-czy-wyrafinowany\/#primaryimage"},"thumbnailUrl":"https:\/\/www.myallmeeting.com\/wp-content\/uploads\/2025\/01\/MAM-baner-1920x570-2025-01-10T164627.151.png","datePublished":"2025-03-21T11:48:23+00:00","dateModified":"2025-03-21T16:24:16+00:00","description":"Odkryj marki Novotel i Swiss\u00f4tel do organizacji profesjonalnych wydarze\u0144, od prostych spotka\u0144 po konwencje.","breadcrumb":{"@id":"https:\/\/www.myallmeeting.com\/pl\/article\/novotel-czy-swissotel-jaki-styl-wybrac-na-eventy-b2b-nowoczesny-czy-wyrafinowany\/#breadcrumb"},"inLanguage":"pl-PL","potentialAction":[{"@type":"ReadAction","target":["https:\/\/www.myallmeeting.com\/pl\/article\/novotel-czy-swissotel-jaki-styl-wybrac-na-eventy-b2b-nowoczesny-czy-wyrafinowany\/"]}]},{"@type":"ImageObject","inLanguage":"pl-PL","@id":"https:\/\/www.myallmeeting.com\/pl\/article\/novotel-czy-swissotel-jaki-styl-wybrac-na-eventy-b2b-nowoczesny-czy-wyrafinowany\/#primaryimage","url":"https:\/\/www.myallmeeting.com\/wp-content\/uploads\/2025\/01\/MAM-baner-1920x570-2025-01-10T164627.151.png","contentUrl":"https:\/\/www.myallmeeting.com\/wp-content\/uploads\/2025\/01\/MAM-baner-1920x570-2025-01-10T164627.151.png","width":1920,"height":570},{"@type":"BreadcrumbList","@id":"https:\/\/www.myallmeeting.com\/pl\/article\/novotel-czy-swissotel-jaki-styl-wybrac-na-eventy-b2b-nowoczesny-czy-wyrafinowany\/#breadcrumb","itemListElement":[{"@type":"ListItem","position":1,"name":"Accueil","item":"https:\/\/myallmeeting.com\/pl\/"},{"@type":"ListItem","position":2,"name":"Article","item":"https:\/\/www.myallmeeting.com\/pl\/article\/"},{"@type":"ListItem","position":3,"name":"Novotel czy Swiss\u00f4tel? Jaki styl wybra\u0107 na eventy B2B\u00a0\u2013\u00a0nowoczesny czy wyrafinowany?"}]},{"@type":"WebSite","@id":"https:\/\/www.myallmeeting.com\/pl\/#website","url":"https:\/\/www.myallmeeting.com\/pl\/","name":"Accor MyAllMeeting.com","description":"Les Meilleurs lieux pour vos Ev\u00e9nements Professionnels","publisher":{"@id":"https:\/\/www.myallmeeting.com\/pl\/#organization"},"potentialAction":[{"@type":"SearchAction","target":{"@type":"EntryPoint","urlTemplate":"https:\/\/www.myallmeeting.com\/pl\/?s={search_term_string}"},"query-input":{"@type":"PropertyValueSpecification","valueRequired":true,"valueName":"search_term_string"}}],"inLanguage":"pl-PL"},{"@type":"Organization","@id":"https:\/\/www.myallmeeting.com\/pl\/#organization","name":"ACCOR","url":"https:\/\/www.myallmeeting.com\/pl\/","logo":{"@type":"ImageObject","inLanguage":"pl-PL","@id":"https:\/\/www.myallmeeting.com\/pl\/#\/schema\/logo\/image\/","url":"","contentUrl":"","caption":"ACCOR"},"image":{"@id":"https:\/\/www.myallmeeting.com\/pl\/#\/schema\/logo\/image\/"}}]}},"_links":{"self":[{"href":"https:\/\/www.myallmeeting.com\/pl\/wp-json\/wp\/v2\/article\/18645356","targetHints":{"allow":["GET"]}}],"collection":[{"href":"https:\/\/www.myallmeeting.com\/pl\/wp-json\/wp\/v2\/article"}],"about":[{"href":"https:\/\/www.myallmeeting.com\/pl\/wp-json\/wp\/v2\/types\/article"}],"wp:featuredmedia":[{"embeddable":true,"href":"https:\/\/www.myallmeeting.com\/pl\/wp-json\/wp\/v2\/media\/17835155"}],"wp:attachment":[{"href":"https:\/\/www.myallmeeting.com\/pl\/wp-json\/wp\/v2\/media?parent=18645356"}],"wp:term":[{"taxonomy":"periscope_categorie_tax","embeddable":true,"href":"https:\/\/www.myallmeeting.com\/pl\/wp-json\/wp\/v2\/periscope_categorie_tax?post=18645356"}],"curies":[{"name":"wp","href":"https:\/\/api.w.org\/{rel}","templated":true}]}}