{"id":18553620,"date":"2025-03-06T22:56:49","date_gmt":"2025-03-06T21:56:49","guid":{"rendered":"https:\/\/myallmeeting.com\/?post_type=article&#038;p=18553620"},"modified":"2025-07-23T10:17:36","modified_gmt":"2025-07-23T08:17:36","slug":"destinations-mice-tendances-et-bien-connectees-en-europe-centrale","status":"publish","type":"article","link":"https:\/\/www.myallmeeting.com\/pl\/article\/destinations-mice-tendances-et-bien-connectees-en-europe-centrale\/","title":{"rendered":"Modne i dobrze skomunikowane destynacje MICE w Europie \u015arodkowej"},"content":{"rendered":"<!-- START OF : Composant : block-periscope-theme-section-composant-25-texte-cta-2-images.php -->\n<div class=\"tcta2ia bg-white fs-wysiwyg mb-lg-12\" data-component=\"25-texte-cta-2-images\">\n\t<div class=\"tcta2ia__top\">\n\t\t<div class=\"container-fluid\" style=\"--bs-gutter-x: 0\">\n\t\t\t<div class=\"row\" style=\"--bs-gutter-x: 0\">\n\t\t\t\t<div class=\"col-lg-8\">\n\t\t\t\t\t\t\t\t\t\t<div class=\"bloc-mise-en-avant__top__left\">\n\t\t\t\t\t\t<img decoding=\"async\" src=\"https:\/\/www.myallmeeting.com\/wp-content\/uploads\/2025\/03\/MAM-imagery-1268-x-846-px.png\" class=\"pe-2 pe-lg-0\" width=\"1268\" height=\"846\" alt=\"Frankfurt view\" loading=\"lazy\" \/>\n\t\t\t\t\t<\/div>\n\t\t\t\t\t\t\t\t\t\t<div class=\"tcta2ia__bottom d-none d-lg-block pb-12 pt-lg-9 pb-lg-0 pe-lg-10\">\n\t\t\t\t\t\t\t\t\t\t\t\t<h2 class=\"fs-20 fs-lg-32 fw-semibold\">Niemcy: biznesowa pot\u0119ga z niezr\u00f3wnan\u0105 \u0142\u0105czno\u015bci\u0105<\/h2>\n\t\t\t\t\t\t\t\t\t\t\t\t\t\t\t\t\t\t<div class=\"fs-wysiwyg\"><h4 style=\"text-align: center;\"><strong>Berlin &#8211; innowacja \u0142\u0105czy si\u0119 z histori\u0105<\/strong><\/h4>\n<p><span>Stolica Niemiec jest wiod\u0105c\u0105 destynacj\u0105 MICE, znan\u0105 z t\u0119tni\u0105cej \u017cyciem sceny biznesowej i rozbudowanych po\u0142\u0105cze\u0144 transportowych. Mi\u0119dzynarodowe lotnisko i szybkie po\u0142\u0105czenia kolejowe sprawiaj\u0105, \u017ce jest to centrum mi\u0119dzynarodowych konferencji.<\/span><\/p>\n<\/div>\n\t\t\t\t\t\t\t\t\t\t\t\t<div class=\"d-flex flex-column flex-lg-row align-items-center gap-5 gap-lg-8 justify-content-between\">\n\t\t\t\t\t\t\t<div class=\"fs-20 fs-lg-26 fw-semibold lh-xs\"><\/div>\n\t\t\t\t\t\t\t\t\t\t\t\t\t<\/div>\n\t\t\t\t\t<\/div>\n\t\t\t\t<\/div>\n\t\t\t\t<div class=\"col-lg-4\">\n\t\t\t\t\t<div class=\"tcta2ia__top__right t-0 r-0 bg-primary text-white pt-4 pb-4 px-2 pt-lg-8 pb-lg-16 px-lg-11 pb-xl-30\">\n\t\t\t\t\t\t\t\t\t\t\t\t\t\t\t\t\t\t<h2 class=\"unna fs-36 fs-lg-51 fs-xl-75 fs-italic fw-normal text-secondary\">Modne i dobrze skomunikowane destynacje MICE w Europie \u015arodkowej<\/h2>\n\t\t\t\t\t\t\t\t\t\t\t\t\t\t\t\t\t\t<h3 class=\"text-white fs-18 fs-lg-20 fs-xl-28 text-original-case\">Dla organizator\u00f3w spotka\u0144 i wydarze\u0144, \u0142\u0105czno\u015b\u0107 i trendy s\u0105 kluczowymi czynnikami przy wyborze destynacji MICE. <\/h3>\n\t\t\t\t\t\t\t\t\t\t\t\t\t\t\t\t\t\t<div class=\"fs-wysiwyg mb-4 fs-lg-16 fs-xl-20\"><p>Europa \u015arodkowa, ze swoj\u0105 mieszank\u0105 historycznego uroku i nowoczesnej infrastruktury, oferuje mn\u00f3stwo miast, kt\u00f3re s\u0105 zar\u00f3wno dost\u0119pne, jak i ekscytuj\u0105ce. W Niemczech, Austrii i Szwajcarii znajduj\u0105 si\u0119 dynamiczne centra biznesowe z doskona\u0142ymi po\u0142\u0105czeniami transportowymi, najnowocze\u015bniejszymi obiektami konferencyjnymi oraz inspiruj\u0105cymi mo\u017cliwo\u015bciami kulturalnymi i integracyjnymi. Rozleg\u0142a sie\u0107 hoteli Accor zapewnia bezproblemowe do\u015bwiadczenia dla os\u00f3b podr\u00f3\u017cuj\u0105cych s\u0142u\u017cbowo, oferuj\u0105c dobrze wyposa\u017cone obiekty i us\u0142ugi na najwy\u017cszym poziomie. Zapoznajmy si\u0119 z kilkoma wartymi odwiedzenia destynacjami MICE w tych trzech krajach.<\/p>\n<\/div>\n\t\t\t\t\t\t\t\t\t\t\t\t\t\t\t\t\t\t\t\t\t\t\t\t<p class=\"m-0\"><img decoding=\"async\" src=\"https:\/\/www.myallmeeting.com\/wp-content\/uploads\/2025\/03\/MAM-imagery-633-x-398-px.png\" class=\"position-relative l-0\" width=\"633\" height=\"398\" alt=\"Berlin view\" loading=\"lazy\" \/><\/p>\n\t\t\t\t\t\t\t\t\t\t\t<\/div>\n\t\t\t\t<\/div>\n\t\t\t<\/div>\n\t\t<\/div>\n\t<\/div>\n\t<div class=\"tcta2ia__bottom d-lg-none pb-12 py-lg-9 pe-lg-10\">\n\t\t\t\t<div class=\"h2 fs-20 fs-lg-32 fw-semibold\">Niemcy: biznesowa pot\u0119ga z niezr\u00f3wnan\u0105 \u0142\u0105czno\u015bci\u0105<\/div>\n\t\t\t\t\t\t<div class=\"fs-wysiwyg\"><h4 style=\"text-align: center;\"><strong>Berlin &#8211; innowacja \u0142\u0105czy si\u0119 z histori\u0105<\/strong><\/h4>\n<p><span>Stolica Niemiec jest wiod\u0105c\u0105 destynacj\u0105 MICE, znan\u0105 z t\u0119tni\u0105cej \u017cyciem sceny biznesowej i rozbudowanych po\u0142\u0105cze\u0144 transportowych. Mi\u0119dzynarodowe lotnisko i szybkie po\u0142\u0105czenia kolejowe sprawiaj\u0105, \u017ce jest to centrum mi\u0119dzynarodowych konferencji.<\/span><\/p>\n<\/div>\n\t\t\t\t<div class=\"d-flex flex-column flex-lg-row align-items-center gap-5 gap-lg-8 justify-content-between\">\n\t\t\t<div class=\"fs-20 fs-lg-26 fw-semibold lh-xs\"><\/div>\n\t\t\t\t\t<\/div>\n\t<\/div>\n<\/div>\n<!-- END OF : Composant : block-periscope-theme-section-composant-25-texte-cta-2-images.php -->\n\n\n<!-- START OF : Composant : block-periscope-theme-section-composant-34-texte-image-slider.php -->\n<div class=\"text-image-slider fs-wysiwyg mb-8 mb-lg-12\" data-component=\"34-texte-image-slider\">\n\t<div class=\"container-fluid\" style=\"--bs-gutter-x: 0\">\n\t\t<div class=\"row\" style=\"--bs-gutter-x: 0\">\n\t\t\t<div class=\"col-lg-6\">\n\t\t\t\t<div class=\"text-image-slider__slider mb-7 mb-lg-12\">\n\t\t\t\t\t\t\t\t\t\t<div class=\"splide\">\n\t\t\t\t\t\t<div class=\"splide__track\">\n\t\t\t\t\t\t\t<div class=\"splide__list\">\n\t\t\t\t\t\t\t\t\t\t\t\t\t\t\t\t<div class=\"splide__slide\">\n\t\t\t\t\t\t\t\t\t<img decoding=\"async\" src=\"https:\/\/www.myallmeeting.com\/wp-content\/uploads\/2025\/03\/5347_H1-953x600.jpg\" width=\"953\" height=\"600\" alt=\"\" loading=\"lazy\">\n\t\t\t\t\t\t\t\t<\/div>\n\t\t\t\t\t\t\t\t\t\t\t\t\t\t\t\t\t\t\t\t\t\t\t\t\t<div class=\"splide__slide\">\n\t\t\t\t\t\t\t\t\t<img decoding=\"async\" src=\"https:\/\/www.myallmeeting.com\/wp-content\/uploads\/2025\/03\/5347_H2-953x600.jpg\" width=\"953\" height=\"600\" alt=\"\" loading=\"lazy\">\n\t\t\t\t\t\t\t\t<\/div>\n\t\t\t\t\t\t\t\t\t\t\t\t\t\t\t\t\t\t\t\t\t\t\t\t\t<div class=\"splide__slide\">\n\t\t\t\t\t\t\t\t\t<img decoding=\"async\" src=\"https:\/\/www.myallmeeting.com\/wp-content\/uploads\/2025\/03\/53BAA51-953x600.jpg\" width=\"953\" height=\"600\" alt=\"\" loading=\"lazy\">\n\t\t\t\t\t\t\t\t<\/div>\n\t\t\t\t\t\t\t\t\t\t\t\t\t\t\t\t\t\t\t\t\t\t\t\t\t<div class=\"splide__slide\">\n\t\t\t\t\t\t\t\t\t<img decoding=\"async\" src=\"https:\/\/www.myallmeeting.com\/wp-content\/uploads\/2025\/03\/A0F7_H1-953x600.jpg\" width=\"953\" height=\"600\" alt=\"\" loading=\"lazy\">\n\t\t\t\t\t\t\t\t<\/div>\n\t\t\t\t\t\t\t\t\t\t\t\t\t\t\t\t\t\t\t\t\t\t\t\t\t<div class=\"splide__slide\">\n\t\t\t\t\t\t\t\t\t<img decoding=\"async\" src=\"https:\/\/www.myallmeeting.com\/wp-content\/uploads\/2025\/03\/A0F7_S1-953x600.jpg\" width=\"953\" height=\"600\" alt=\"\" loading=\"lazy\">\n\t\t\t\t\t\t\t\t<\/div>\n\t\t\t\t\t\t\t\t\t\t\t\t\t\t\t\t\t\t\t\t\t\t\t\t<\/div>\n\t\t\t\t\t\t<\/div>\n\t\t\t\t\t\t<div class=\"splide__arrows d-none d-lg-block\">\n\t\t\t\t\t\t\t<button class=\"splide__arrow splide__arrow--prev px-lg-3 py-lg-4 px-xl-4 py-xl-5 px-xxl-5 py-xxl-7 position-absolute l-0 bg-white border-0\">\n\t\t\t\t\t\t\t\t<svg width=\"14\" height=\"27\" aria-hidden=\"true\">\n\t\t\t\t\t\t\t\t\t<use xlink:href=\"https:\/\/www.myallmeeting.com\/wp-content\/themes\/accor\/assets\/images\/sprite.svg#slider-prev\"><\/use>\n\t\t\t\t\t\t\t\t<\/svg>\n\t\t\t\t\t\t\t<\/button>\n\t\t\t\t\t\t\t<button class=\"splide__arrow splide__arrow--next px-lg-3 py-lg-4 px-xl-4 py-xl-5 px-xxl-5 py-xxl-7 position-absolute r-0 bg-white border-0\">\n\t\t\t\t\t\t\t\t<svg width=\"14\" height=\"27\" aria-hidden=\"true\">\n\t\t\t\t\t\t\t\t\t<use xlink:href=\"https:\/\/www.myallmeeting.com\/wp-content\/themes\/accor\/assets\/images\/sprite.svg#slider-prev\"><\/use>\n\t\t\t\t\t\t\t\t<\/svg>\n\t\t\t\t\t\t\t<\/button>\n\t\t\t\t\t\t<\/div>\n\t\t\t\t\t<\/div>\n\t\t\t\t\t\t\t\t\t<\/div>\n\t\t\t\t\t\t\t<\/div>\n\t\t\t<div class=\"col-lg-6\">\n\t\t\t\t<div class=\"text-image-slider__content mb-7 mb-lg-0\">\n\t\t\t\t\t\t\t\t\t\t\t\t\t\t\t<div class=\"fs-wysiwyg\">\n\t\t\t\t\t\t<p><em>Gdzie si\u0119 zatrzyma\u0107: <\/em><a href=\"https:\/\/myallmeeting.com\/pl\/hotel\/5347-pullman-berlin-schweizerhof\/\" target=\"_blank\" rel=\"noopener\"><strong>Pullman Berlin Schweizerhof<\/strong>,<\/a> centralnie po\u0142o\u017cony w pobli\u017cu Ku&#8217;damm i berli\u0144skiego zoo, oferuje 18 elastycznych sal konferencyjnych z naturalnym \u015bwiat\u0142em, szybkie Wi-Fi i salon Fit&amp;SPA do relaksu. <a href=\"https:\/\/myallmeeting.com\/pl\/hotel\/a0f7-mercure-hotel-moa-berlin\/\" target=\"_blank\" rel=\"noopener\"><strong>Mercure Hotel MOA Berlin<\/strong>,<\/a> po\u0142o\u017cony zaledwie 8 minut jazdy samochodem lub 20 minut tramwajem od g\u0142\u00f3wnego dworca kolejowego<span>\u00a0<\/span> , jest idealnym miejscem na du\u017ce wydarzenia z 40 salami konferencyjnymi, w tym du\u017c\u0105 przestrzeni\u0105 o powierzchni 2 400 m\u00b2.<\/p>\n<p><em>Dzia\u0142ania motywacyjne: <\/em>Uczestnicy mog\u0105 zwiedzi\u0107 historyczny Reichstag, wybra\u0107 si\u0119 na wycieczk\u0119 z przewodnikiem po sztuce ulicznej lub zrelaksowa\u0107 si\u0119 w jednym z wielu bar\u00f3w na dachu z widokiem na panoram\u0119 Berlina, takich jak Klunkerkranich.<\/p>\n\t\t\t\t\t<\/div>\n\t\t\t\t\t\t\t\t\t<\/div>\n\t\t\t\t\t\t\t<\/div>        \n\t\t<\/div>\n\t<\/div>\n<\/div>\n<!-- END OF : Composant : block-periscope-theme-section-composant-34-texte-image-slider.php -->\n\n\n<!-- START OF : Composant : block-periscope-theme-section-composant-34-texte-image-slider.php -->\n<!-- INVERSE -->\n<div class=\"text-image-slider fs-wysiwyg mb-8 mb-lg-12\" data-component=\"34-texte-image-slider\" data-reverse=\"oui\">\n<div class=\"container-fluid\" style=\"--bs-gutter-x: 0\">\n\t\t<div class=\"row\" style=\"--bs-gutter-x: 0\">\n\t\t\t<div class=\"col-lg-6\">\n\t\t\t\t<div class=\"text-image-slider__content mb-7 mb-lg-0\">\n\t\t\t\t\t\t\t\t\t\t\t\t\t\t\t<div class=\"fs-wysiwyg\">\n\t\t\t\t\t\t<p style=\"text-align: center;\"><strong><span>Hanower &#8211; niedoceniany klejnot bran\u017cy MICE<\/span><\/strong><\/p>\n<p>Cz\u0119sto pomijany, Hanower zapewnia silne po\u0142\u0105czenia transportowe, w tym mi\u0119dzynarodowe lotnisko i szybkie po\u0142\u0105czenia kolejowe. Od 2014 roku Hanower jest dumnie uznawany za Miasto Muzyki UNESCO, \u015bwi\u0119tuj\u0105c swoj\u0105 dynamiczn\u0105 lokaln\u0105 scen\u0119 muzyczn\u0105 i bogate tradycje kulturowe. Hanower jest r\u00f3wnie\u017c znany z organizacji jednych z najwi\u0119kszych targ\u00f3w na \u015bwiecie, co czyni go kluczowym miejscem biznesowym w Niemczech. Doskona\u0142e po\u0142\u0105czenia tramwajowe i autobusowe u\u0142atwiaj\u0105 poruszanie si\u0119 po mie\u015bcie, a bezpo\u015brednie po\u0142\u0105czenia komunikacyjne z terenami wystawowymi Hannover Messe i lotniskiem zapewniaj\u0105 p\u0142ynn\u0105 podr\u00f3\u017c dla os\u00f3b podr\u00f3\u017cuj\u0105cych s\u0142u\u017cbowo.<\/p>\n<p><em>Gdzie si\u0119 zatrzyma\u0107: <\/em><a href=\"https:\/\/myallmeeting.com\/pl\/hotel\/5390-novotel-hannover\/\" target=\"_blank\" rel=\"noopener\"><strong>Novotel Hannover<\/strong>,<\/a> po\u0142o\u017cony w pobli\u017cu centrum kongresowego, oferuje nowoczesne sale konferencyjne i stref\u0119 wellness. Dzi\u0119ki blisko\u015bci ogrod\u00f3w Herrenhausen i jeziora Maschsee, hotel idealnie nadaje si\u0119 do \u0142\u0105czenia biznesu z wypoczynkiem.<\/p>\n<p><em>Dzia\u0142ania motywacyjne:<\/em> Wizyta w zabytkowej hali maszyn parowych Bahlsen lub wiecz\u00f3r w operze zapewniaj\u0105 wyj\u0105tkowe mo\u017cliwo\u015bci budowania zespo\u0142u. Alternatywnie, zespo\u0142y mog\u0105 odkrywa\u0107 t\u0119tni\u0105c\u0105 \u017cyciem dzielnic\u0119 Linden, znan\u0105 z eklektycznej mieszanki kawiarni, sztuki ulicznej i kulturalnych hotspot\u00f3w.<\/p>\n<p style=\"text-align: center;\"><strong>Frankfurt &#8211; centrum finansowe\u00a0<\/strong><\/p>\n<p>Frankfurt jest sercem europejskich finans\u00f3w i najlepszym wyborem na spotkania biznesowe. Dzi\u0119ki jednemu z najbardziej ruchliwych lotnisk na \u015bwiecie i doskona\u0142emu transportowi publicznemu jest to doskona\u0142a lokalizacja na mi\u0119dzynarodowe wydarzenia.<\/p>\n<p><em>Gdzie si\u0119 zatrzyma\u0107: <\/em><a href=\"https:\/\/myallmeeting.com\/pl\/hotel\/5390-novotel-hannover\/\" target=\"_blank\" rel=\"noopener\"><strong>M\u00f6venpick Hotel Frankfurt City <\/strong><\/a>po\u0142o\u017cony jest bezpo\u015brednio na terenach wystawowych, z centrum konferencyjnym Kap Europa i rozleg\u0142ym centrum kongresowym Festhalle tu\u017c za progiem. G\u0142\u00f3wny dworzec kolejowy i dzielnica finansowa znajduj\u0105 si\u0119 10 minut spacerem od hotelu, a do centrum miasta mo\u017cna dojecha\u0107 \u015brodkami transportu publicznego w zaledwie 15 minut. Hotel oferuje 12 nowoczesnych sal konferencyjnych z najnowocze\u015bniejsz\u0105 technologi\u0105, panoramiczny taras na dachu i si\u0142owni\u0119 o powierzchni 130 m\u00b2, kt\u00f3ra zapewnia relaks po ca\u0142ym dniu spotka\u0144.<\/p>\n<p><em>Dzia\u0142ania motywacyjne:<\/em> Odwied\u017a zabytki Frankfurtu, takie jak Palmengarten, Dom Goethego, historyczn\u0105 dzielnic\u0119 R\u00f6mer lub wybierz si\u0119 na rejs po rzece Men.<\/p>\n\t\t\t\t\t<\/div>\n\t\t\t\t\t\t\t\t\t<\/div>\n\t\t\t\t\t\t\t\t<div class=\"text-center d-lg-none px-8\">\n\t\t\t\t\t<!-- M\u00eame image -->\n\t\t\t\t\t<img decoding=\"async\" src=\"https:\/\/www.myallmeeting.com\/wp-content\/uploads\/2025\/03\/JOSHUA1-633x398.jpg\" width=\"633\" height=\"398\" alt=\"\" loading=\"lazy\">\n\t\t\t\t<\/div>\n\t\t\t\t\t\t\t<\/div>        \n\t\t\t<div class=\"col-lg-6 order-first order-lg-last\">\n\t\t\t\t<div class=\"text-image-slider__slider mb-7 mb-lg-12\">\n\t\t\t\t\t\t\t\t\t\t<div class=\"splide\">\n\t\t\t\t\t\t<div class=\"splide__track\">\n\t\t\t\t\t\t\t<div class=\"splide__list\">\n\t\t\t\t\t\t\t\t\t\t\t\t\t\t\t\t<div class=\"splide__slide\">\n\t\t\t\t\t\t\t\t\t<img decoding=\"async\" src=\"https:\/\/www.myallmeeting.com\/wp-content\/uploads\/2025\/03\/5390_S2-953x600.jpg\" width=\"953\" height=\"600\" alt=\"\" loading=\"lazy\">\n\t\t\t\t\t\t\t\t<\/div>\n\t\t\t\t\t\t\t\t\t\t\t\t\t\t\t\t\t\t\t\t\t\t\t\t\t<div class=\"splide__slide\">\n\t\t\t\t\t\t\t\t\t<img decoding=\"async\" src=\"https:\/\/www.myallmeeting.com\/wp-content\/uploads\/2025\/03\/B4I3_S2-953x600.jpg\" width=\"953\" height=\"600\" alt=\"\" loading=\"lazy\">\n\t\t\t\t\t\t\t\t<\/div>\n\t\t\t\t\t\t\t\t\t\t\t\t\t\t\t\t\t\t\t\t\t\t\t\t<\/div>\n\t\t\t\t\t\t<\/div>\n\t\t\t\t\t\t<div class=\"splide__arrows d-none d-lg-block\">\n\t\t\t\t\t\t\t<button class=\"splide__arrow splide__arrow--prev px-lg-3 py-lg-4 px-xl-4 py-xl-5 px-xxl-5 py-xxl-7 position-absolute l-0 bg-white border-0\">\n\t\t\t\t\t\t\t\t<svg width=\"14\" height=\"27\" aria-hidden=\"true\">\n\t\t\t\t\t\t\t\t\t<use xlink:href=\"https:\/\/www.myallmeeting.com\/wp-content\/themes\/accor\/assets\/images\/sprite.svg#slider-prev\"><\/use>\n\t\t\t\t\t\t\t\t<\/svg>\n\t\t\t\t\t\t\t<\/button>\n\t\t\t\t\t\t\t<button class=\"splide__arrow splide__arrow--next px-lg-3 py-lg-4 px-xl-4 py-xl-5 px-xxl-5 py-xxl-7 position-absolute r-0 bg-white border-0\">\n\t\t\t\t\t\t\t\t<svg width=\"14\" height=\"27\" aria-hidden=\"true\">\n\t\t\t\t\t\t\t\t\t<use xlink:href=\"https:\/\/www.myallmeeting.com\/wp-content\/themes\/accor\/assets\/images\/sprite.svg#slider-prev\"><\/use>\n\t\t\t\t\t\t\t\t<\/svg>\n\t\t\t\t\t\t\t<\/button>\n\t\t\t\t\t\t<\/div>\n\t\t\t\t\t<\/div>\n\t\t\t\t\t\t\t\t\t<\/div>\n\t\t\t\t\t\t\t\t\t<div class=\"text-image-slider__content d-none d-lg-block\">\n\t\t\t\t\t<!-- M\u00eame image -->\n\t\t\t\t\t<img decoding=\"async\" src=\"https:\/\/www.myallmeeting.com\/wp-content\/uploads\/2025\/03\/JOSHUA1-633x398.jpg\" width=\"633\" height=\"398\" alt=\"\" loading=\"lazy\">\n\t\t\t\t<\/div>\n\t\t\t\t\t\t\t<\/div>\n\t\t<\/div>\n\t<\/div>\n<\/div>\n<!-- END OF : Composant : block-periscope-theme-section-composant-34-texte-image-slider.php -->\n\n\n<!-- START OF : Composant : block-periscope-theme-section-composant-34-texte-image-slider.php -->\n<div class=\"text-image-slider fs-wysiwyg mb-8 mb-lg-12\" data-component=\"34-texte-image-slider\">\n\t<div class=\"container-fluid\" style=\"--bs-gutter-x: 0\">\n\t\t<div class=\"row\" style=\"--bs-gutter-x: 0\">\n\t\t\t<div class=\"col-lg-6\">\n\t\t\t\t<div class=\"text-image-slider__slider mb-7 mb-lg-12\">\n\t\t\t\t\t\t\t\t\t\t<div class=\"splide\">\n\t\t\t\t\t\t<div class=\"splide__track\">\n\t\t\t\t\t\t\t<div class=\"splide__list\">\n\t\t\t\t\t\t\t\t\t\t\t\t\t\t\t\t<div class=\"splide__slide\">\n\t\t\t\t\t\t\t\t\t<img decoding=\"async\" src=\"https:\/\/www.myallmeeting.com\/wp-content\/uploads\/2025\/03\/5563_S1-953x600.jpg\" width=\"953\" height=\"600\" alt=\"\" loading=\"lazy\">\n\t\t\t\t\t\t\t\t<\/div>\n\t\t\t\t\t\t\t\t\t\t\t\t\t\t\t\t\t\t\t\t\t\t\t\t\t<div class=\"splide__slide\">\n\t\t\t\t\t\t\t\t\t<img decoding=\"async\" src=\"https:\/\/www.myallmeeting.com\/wp-content\/uploads\/2025\/03\/5563_S2-953x600.jpg\" width=\"953\" height=\"600\" alt=\"\" loading=\"lazy\">\n\t\t\t\t\t\t\t\t<\/div>\n\t\t\t\t\t\t\t\t\t\t\t\t\t\t\t\t\t\t\t\t\t\t\t\t\t<div class=\"splide__slide\">\n\t\t\t\t\t\t\t\t\t<img decoding=\"async\" src=\"https:\/\/www.myallmeeting.com\/wp-content\/uploads\/2025\/03\/B414D31-953x600.jpg\" width=\"953\" height=\"600\" alt=\"\" loading=\"lazy\">\n\t\t\t\t\t\t\t\t<\/div>\n\t\t\t\t\t\t\t\t\t\t\t\t\t\t\t\t\t\t\t\t\t\t\t\t<\/div>\n\t\t\t\t\t\t<\/div>\n\t\t\t\t\t\t<div class=\"splide__arrows d-none d-lg-block\">\n\t\t\t\t\t\t\t<button class=\"splide__arrow splide__arrow--prev px-lg-3 py-lg-4 px-xl-4 py-xl-5 px-xxl-5 py-xxl-7 position-absolute l-0 bg-white border-0\">\n\t\t\t\t\t\t\t\t<svg width=\"14\" height=\"27\" aria-hidden=\"true\">\n\t\t\t\t\t\t\t\t\t<use xlink:href=\"https:\/\/www.myallmeeting.com\/wp-content\/themes\/accor\/assets\/images\/sprite.svg#slider-prev\"><\/use>\n\t\t\t\t\t\t\t\t<\/svg>\n\t\t\t\t\t\t\t<\/button>\n\t\t\t\t\t\t\t<button class=\"splide__arrow splide__arrow--next px-lg-3 py-lg-4 px-xl-4 py-xl-5 px-xxl-5 py-xxl-7 position-absolute r-0 bg-white border-0\">\n\t\t\t\t\t\t\t\t<svg width=\"14\" height=\"27\" aria-hidden=\"true\">\n\t\t\t\t\t\t\t\t\t<use xlink:href=\"https:\/\/www.myallmeeting.com\/wp-content\/themes\/accor\/assets\/images\/sprite.svg#slider-prev\"><\/use>\n\t\t\t\t\t\t\t\t<\/svg>\n\t\t\t\t\t\t\t<\/button>\n\t\t\t\t\t\t<\/div>\n\t\t\t\t\t<\/div>\n\t\t\t\t\t\t\t\t\t<\/div>\n\t\t\t\t\t\t\t\t<div class=\"text-image-slider__content d-none d-lg-block\">\n\t\t\t\t\t<!-- M\u00eame image -->\n\t\t\t\t\t<img decoding=\"async\" src=\"https:\/\/www.myallmeeting.com\/wp-content\/uploads\/2025\/03\/B4C5_H2-633x398.jpg\" width=\"633\" height=\"398\" alt=\"\" loading=\"lazy\">\n\t\t\t\t<\/div>\n\t\t\t\t\t\t\t<\/div>\n\t\t\t<div class=\"col-lg-6\">\n\t\t\t\t<div class=\"text-image-slider__content mb-7 mb-lg-0\">\n\t\t\t\t\t\t\t\t\t\t\t\t\t\t\t<div class=\"fs-wysiwyg\">\n\t\t\t\t\t\t<p style=\"text-align: center;\"><strong><span>Monachium &#8211; centrum biznesowe i kulturalne<\/span><\/strong><\/p>\n<p>Monachium \u0142\u0105czy w sobie silne \u015brodowisko biznesowe z bogatym dziedzictwem kulturowym, dzi\u0119ki czemu jest doskona\u0142ym celem podr\u00f3\u017cy MICE. Lotnisko w Monachium oferuje rozleg\u0142e po\u0142\u0105czenia mi\u0119dzynarodowe, a wydajna sie\u0107 kolei miejskiej U-Bahn i S-Bahn zapewnia szybki dost\u0119p do centrum wystawowego Messe M\u00fcnchen, dzielnic biznesowych i kluczowych atrakcji.<\/p>\n<p><em>Gdzie si\u0119 zatrzyma\u0107: <\/em><a href=\"https:\/\/myallmeeting.com\/pl\/hotel\/5563-novotel-munich-messe\/\" target=\"_blank\" rel=\"noopener\"><strong>Novotel M\u00fcnchen Messe <\/strong><\/a>to najlepszy wyb\u00f3r dla os\u00f3b podr\u00f3\u017cuj\u0105cych s\u0142u\u017cbowo, po\u0142o\u017cony bezpo\u015brednio obok centrum wystawowego Messe M\u00fcnchen. Hotel oferuje dziewi\u0119\u0107 nowoczesnych sal konferencyjnych z naturalnym o\u015bwietleniem, bar z tarasem i stref\u0119 fitness dla relaksu. Z centrum handlowym obok i metrem zaledwie kilka krok\u00f3w od hotelu, zapewnia \u0142atwy dost\u0119p do centrum Monachium i kluczowych lokalizacji biznesowych.<\/p>\n<p><em>Dzia\u0142ania motywacyjne:<\/em> Uczestnicy mog\u0105 zwiedzi\u0107 historyczny Marienplatz, wybra\u0107 si\u0119 na wycieczk\u0119 po browarze z przewodnikiem, aby pozna\u0107 s\u0142ynn\u0105 monachijsk\u0105 kultur\u0119 piwn\u0105 lub odwiedzi\u0107 Deutsches Museum, aby uzyska\u0107 inspiruj\u0105ce spojrzenie na nauk\u0119 i innowacje. Dla entuzjast\u00f3w sp\u0119dzania czasu na \u015bwie\u017cym powietrzu, spacer po Ogrodzie Angielskim lub jogging po Bugaparku zapewni od\u015bwie\u017caj\u0105c\u0105 przerw\u0119 od spotka\u0144.<\/p>\n<p style=\"text-align: center;\"><strong>Hamburg &#8211; morskie centrum biznesowe<\/strong><\/p>\n<p>Hamburg, drugie co do wielko\u015bci miasto w Niemczech, oferuje wyj\u0105tkowe po\u0142\u0105czenie biznesu i wypoczynku. Dzi\u0119ki doskona\u0142ym po\u0142\u0105czeniom lotniczym i kolejowym jest to idealna lokalizacja dla bran\u017cy MICE. Jako g\u0142\u00f3wne miasto portowe, Hamburg jest tak\u017ce centrum handlu, innowacji i kultury, oferuj\u0105c r\u00f3\u017cnorodne miejsca i mo\u017cliwo\u015bci nawi\u0105zywania kontakt\u00f3w dla profesjonalist\u00f3w z r\u00f3\u017cnych bran\u017c.<\/p>\n<p><em>Gdzie si\u0119 zatrzyma\u0107: <\/em><a href=\"https:\/\/myallmeeting.com\/pl\/hotel\/b4c5-novotel-hamburg-central-station\/\" target=\"_blank\" rel=\"noopener\"><strong>Novotel Hamburg Central Station<\/strong>,<\/a> po\u0142o\u017cony w centrum miasta, jest idealny na imprezy firmowe z pi\u0119cioma zaawansowanymi technologicznie salami konferencyjnymi i ca\u0142odobow\u0105 stref\u0105 fitness. Blisko\u015b\u0107 Speicherstadt i Elbphilharmonie sprawia, \u017ce wycieczki po spotkaniu nie wymagaj\u0105 wysi\u0142ku.<\/p>\n<p><em>Dzia\u0142ania motywacyjne: <\/em>Uczestnicy mog\u0105 wybra\u0107 si\u0119 na wycieczk\u0119 \u0142odzi\u0105 po malowniczym porcie, skosztowa\u0107 \u015bwie\u017cych owoc\u00f3w morza na s\u0142ynnym Fischmarkt, zwiedzi\u0107 historyczne Speicherstadt lub podziwia\u0107 panoram\u0119 miasta z Elbphilharmonie Plaza.<\/p>\n\t\t\t\t\t<\/div>\n\t\t\t\t\t\t\t\t\t<\/div>\n\t\t\t\t\t\t\t\t<div class=\"text-center d-lg-none px-8\">\n\t\t\t\t\t<!-- M\u00eame image -->\n\t\t\t\t\t<img decoding=\"async\" src=\"https:\/\/www.myallmeeting.com\/wp-content\/uploads\/2025\/03\/B4C5_H2-633x398.jpg\" width=\"633\" height=\"398\" alt=\"\" loading=\"lazy\">\n\t\t\t\t<\/div>\n\t\t\t\t\t\t\t<\/div>        \n\t\t<\/div>\n\t<\/div>\n<\/div>\n<!-- END OF : Composant : block-periscope-theme-section-composant-34-texte-image-slider.php -->\n\n\n<!-- START OF : Composant : block-periscope-theme-section-composant-34-texte-image-slider.php -->\n<!-- INVERSE -->\n<div class=\"text-image-slider fs-wysiwyg mb-8 mb-lg-12\" data-component=\"34-texte-image-slider\" data-reverse=\"oui\">\n<div class=\"container-fluid\" style=\"--bs-gutter-x: 0\">\n\t\t<div class=\"row\" style=\"--bs-gutter-x: 0\">\n\t\t\t<div class=\"col-lg-6\">\n\t\t\t\t<div class=\"text-image-slider__content mb-7 mb-lg-0\">\n\t\t\t\t\t\t\t\t\t\t<div class=\"fw-semibold lh-xs fs-20 fs-lg-32 ls--25 mb-5\">Austria: Idealne po\u0142\u0105czenie dziedzictwa i nowoczesno\u015bci<\/div>\n\t\t\t\t\t\t\t\t\t\t\t\t\t\t\t<div class=\"fs-wysiwyg\">\n\t\t\t\t\t\t<h4 style=\"text-align: center;\"><strong>Wiede\u0144 &#8211; imperialna wspania\u0142o\u015b\u0107 \u0142\u0105czy si\u0119 z doskona\u0142o\u015bci\u0105 MICE<\/strong><strong><\/strong><\/h4>\n<p>Jako jedno z najbardziej presti\u017cowych miast kongresowych w Europie, Wiede\u0144 mo\u017ce pochwali\u0107 si\u0119 \u015bwiatowej klasy obiektami eventowymi i doskona\u0142\u0105 komunikacj\u0105 z mi\u0119dzynarodowym lotniskiem w Wiedniu. Dobrze zintegrowany system transportu publicznego w mie\u015bcie, w tym rozleg\u0142a sie\u0107 metra, tramwaj\u00f3w i autobus\u00f3w, zapewnia szybki i sprawny dost\u0119p do kluczowych dzielnic biznesowych, centr\u00f3w wystawowych i zabytk\u00f3w kultury.<\/p>\n<p><em>Gdzie si\u0119 zatrzyma\u0107<\/em>:<strong><a href=\"https:\/\/myallmeeting.com\/fr\/hotel\/b2g8\/\" target=\"_blank\" rel=\"noopener\">SO\/ Vienna <\/a><\/strong>oferuje osiem stylowych sal konferencyjnych z panoramicznym widokiem na miasto i luksusowe spa do relaksu po wydarzeniu, podczas gdy <a href=\"https:\/\/myallmeeting.com\/fr\/hotel\/b0e4\/\" target=\"_blank\" rel=\"noopener\"><strong>Novotel Wien Hauptbahnhof<\/strong>,<\/a> dogodnie zlokalizowany w pobli\u017cu dworca g\u0142\u00f3wnego, zapewnia elastyczne przestrzenie eventowe dla maksymalnie 450 os\u00f3b oraz stref\u0119 fitness na dachu z przepi\u0119knym widokiem na miasto. <strong><a href=\"https:\/\/myallmeeting.com\/pl\/hotel\/5358-hotel-mercure-wien-westbahnhof\/\" target=\"_blank\" rel=\"noopener\">Hotel Mercure Wien Westbahnhof<\/a> <\/strong>oferuje sze\u015b\u0107 dobrze wyposa\u017conych sal konferencyjnych w doskona\u0142ej lokalizacji, a tak\u017ce restauracj\u0119 serwuj\u0105c\u0105 nowoczesne dania kuchni wiede\u0144skiej.<\/p>\n<p><em><span>Dzia\u0142ania motywacyjne:<\/span><\/em><span> Uczestnicy mog\u0105 wzi\u0105\u0107 udzia\u0142 w klasycznym koncercie w pa\u0142acu Sch\u00f6nbrunn, degustacji wina w dolinie Wachau, rejsie po Dunaju lub zwiedzi\u0107 historyczne wiede\u0144skie kawiarnie, aby poczu\u0107 autentyczny smak kawiarnianej kultury miasta.<\/span><\/p>\n<p style=\"text-align: center;\"><strong><span>Salzburg &#8211; malownicza destynacja biznesowa<\/span><\/strong><\/p>\n<p><span>Salzburg, miejsce narodzin Mozarta, oferuje malownicz\u0105 sceneri\u0119 dla spotka\u0144 firmowych, \u0142\u0105cz\u0105c historyczny urok z nowoczesn\u0105 infrastruktur\u0105. Dzi\u0119ki doskona\u0142ym po\u0142\u0105czeniom komunikacyjnym, w tym lotnisku w Salzburgu i dobrze skomunikowanej sieci kolejowej, miasto jest \u0142atwo dost\u0119pne dla mi\u0119dzynarodowych wydarze\u0144.<\/span><\/p>\n<p><em><span>Gdzie si\u0119 zatrzyma\u0107: <\/span><\/em><a href=\"https:\/\/myallmeeting.com\/pl\/hotel\/0984\/\" target=\"_blank\" rel=\"noopener\"><strong><span>Hotel Mercure Salzburg City <\/span><\/strong><\/a><span>to doskona\u0142y wyb\u00f3r, oferuj\u0105cy nowoczesne zaplecze konferencyjne i elastyczne przestrzenie konferencyjne. Jego centralna lokalizacja, w odleg\u0142o\u015bci kr\u00f3tkiego spaceru od zabytkowego Starego Miasta, zapewnia \u0142atwy dost\u0119p do zabytk\u00f3w kultury, restauracji i sklep\u00f3w, co czyni go idealnym miejscem zar\u00f3wno dla biznesu, jak i wypoczynku.<\/span><\/p>\n<p><em>Dzia\u0142ania motywacyjne: <\/em>Uczestnicy mog\u0105 zwiedzi\u0107 twierdz\u0119 Hohensalzburg, aby podziwia\u0107 wspania\u0142e widoki na miasto, wzi\u0105\u0107 udzia\u0142 w wycieczce z przewodnikiem Sound of Music lub wybra\u0107 si\u0119 na wycieczk\u0119 alpejsk\u0105 do pobliskiego regionu Salzkammergut, znanego z zapieraj\u0105cych dech w piersiach jezior i g\u00f3r.<\/p>\n\t\t\t\t\t<\/div>\n\t\t\t\t\t\t\t\t\t<\/div>\n\t\t\t\t\t\t\t\t<div class=\"text-center d-lg-none px-8\">\n\t\t\t\t\t<!-- M\u00eame image -->\n\t\t\t\t\t<img decoding=\"async\" src=\"https:\/\/www.myallmeeting.com\/wp-content\/uploads\/2025\/03\/6599_de_00_p_2048x1536-633x398.jpg\" width=\"633\" height=\"398\" alt=\"aerial view\" loading=\"lazy\">\n\t\t\t\t<\/div>\n\t\t\t\t\t\t\t<\/div>        \n\t\t\t<div class=\"col-lg-6 order-first order-lg-last\">\n\t\t\t\t<div class=\"text-image-slider__slider mb-7 mb-lg-12\">\n\t\t\t\t\t\t\t\t\t\t<div class=\"splide\">\n\t\t\t\t\t\t<div class=\"splide__track\">\n\t\t\t\t\t\t\t<div class=\"splide__list\">\n\t\t\t\t\t\t\t\t\t\t\t\t\t\t\t\t<div class=\"splide__slide\">\n\t\t\t\t\t\t\t\t\t<img decoding=\"async\" src=\"https:\/\/www.myallmeeting.com\/wp-content\/uploads\/2025\/03\/6599_H1-953x600.jpg\" width=\"953\" height=\"600\" alt=\"\" loading=\"lazy\">\n\t\t\t\t\t\t\t\t<\/div>\n\t\t\t\t\t\t\t\t\t\t\t\t\t\t\t\t\t\t\t\t\t\t\t\t\t<div class=\"splide__slide\">\n\t\t\t\t\t\t\t\t\t<img decoding=\"async\" src=\"https:\/\/www.myallmeeting.com\/wp-content\/uploads\/2025\/03\/6599_S1-953x600.jpg\" width=\"953\" height=\"600\" alt=\"\" loading=\"lazy\">\n\t\t\t\t\t\t\t\t<\/div>\n\t\t\t\t\t\t\t\t\t\t\t\t\t\t\t\t\t\t\t\t\t\t\t\t\t<div class=\"splide__slide\">\n\t\t\t\t\t\t\t\t\t<img decoding=\"async\" src=\"https:\/\/www.myallmeeting.com\/wp-content\/uploads\/2025\/03\/8565_S3-953x600.jpg\" width=\"953\" height=\"600\" alt=\"\" loading=\"lazy\">\n\t\t\t\t\t\t\t\t<\/div>\n\t\t\t\t\t\t\t\t\t\t\t\t\t\t\t\t\t\t\t\t\t\t\t\t\t<div class=\"splide__slide\">\n\t\t\t\t\t\t\t\t\t<img decoding=\"async\" src=\"https:\/\/www.myallmeeting.com\/wp-content\/uploads\/2025\/03\/5358_B1-953x600.jpg\" width=\"953\" height=\"600\" alt=\"\" loading=\"lazy\">\n\t\t\t\t\t\t\t\t<\/div>\n\t\t\t\t\t\t\t\t\t\t\t\t\t\t\t\t\t\t\t\t\t\t\t\t\t<div class=\"splide__slide\">\n\t\t\t\t\t\t\t\t\t<img decoding=\"async\" src=\"https:\/\/www.myallmeeting.com\/wp-content\/uploads\/2025\/03\/0984_H1-953x600.jpg\" width=\"953\" height=\"600\" alt=\"\" loading=\"lazy\">\n\t\t\t\t\t\t\t\t<\/div>\n\t\t\t\t\t\t\t\t\t\t\t\t\t\t\t\t\t\t\t\t\t\t\t\t<\/div>\n\t\t\t\t\t\t<\/div>\n\t\t\t\t\t\t<div class=\"splide__arrows d-none d-lg-block\">\n\t\t\t\t\t\t\t<button class=\"splide__arrow splide__arrow--prev px-lg-3 py-lg-4 px-xl-4 py-xl-5 px-xxl-5 py-xxl-7 position-absolute l-0 bg-white border-0\">\n\t\t\t\t\t\t\t\t<svg width=\"14\" height=\"27\" aria-hidden=\"true\">\n\t\t\t\t\t\t\t\t\t<use xlink:href=\"https:\/\/www.myallmeeting.com\/wp-content\/themes\/accor\/assets\/images\/sprite.svg#slider-prev\"><\/use>\n\t\t\t\t\t\t\t\t<\/svg>\n\t\t\t\t\t\t\t<\/button>\n\t\t\t\t\t\t\t<button class=\"splide__arrow splide__arrow--next px-lg-3 py-lg-4 px-xl-4 py-xl-5 px-xxl-5 py-xxl-7 position-absolute r-0 bg-white border-0\">\n\t\t\t\t\t\t\t\t<svg width=\"14\" height=\"27\" aria-hidden=\"true\">\n\t\t\t\t\t\t\t\t\t<use xlink:href=\"https:\/\/www.myallmeeting.com\/wp-content\/themes\/accor\/assets\/images\/sprite.svg#slider-prev\"><\/use>\n\t\t\t\t\t\t\t\t<\/svg>\n\t\t\t\t\t\t\t<\/button>\n\t\t\t\t\t\t<\/div>\n\t\t\t\t\t<\/div>\n\t\t\t\t\t\t\t\t\t<\/div>\n\t\t\t\t\t\t\t\t\t<div class=\"text-image-slider__content d-none d-lg-block\">\n\t\t\t\t\t<!-- M\u00eame image -->\n\t\t\t\t\t<img decoding=\"async\" src=\"https:\/\/www.myallmeeting.com\/wp-content\/uploads\/2025\/03\/6599_de_00_p_2048x1536-633x398.jpg\" width=\"633\" height=\"398\" alt=\"\" loading=\"lazy\">\n\t\t\t\t<\/div>\n\t\t\t\t\t\t\t<\/div>\n\t\t<\/div>\n\t<\/div>\n<\/div>\n<!-- END OF : Composant : block-periscope-theme-section-composant-34-texte-image-slider.php -->\n\n\n<!-- START OF : Composant : block-periscope-theme-section-composant-33-texte-image.php -->\n<div class=\"text-image fs-wysiwyg mb-8 mb-lg-12\" data-component=\"33-texte-image\">\n\t<div class=\"container-fluid\" style=\"--bs-gutter-x: 0\">\n\t\t<div class=\"row\" style=\"--bs-gutter-x: 0\">\n\t\t\t\t\t\t<div class=\"col-lg-6 mb-7 mb-lg-0\">\n\t\t\t\t<img decoding=\"async\" src=\"https:\/\/www.myallmeeting.com\/wp-content\/uploads\/2025\/03\/5742_sl_02_p_2048x1536-953x600.jpg\" width=\"953\" height=\"600\" alt=\"\" loading=\"lazy\" class=\"w-100\" \/>\n\t\t\t<\/div>\n\t\t\t\t\t\t<div class=\"col-lg-6\">\n\t\t\t\t<div class=\"text-image__content\">\n\t\t\t\t\t\t\t\t\t\t\t\t\t\t\t<div class=\"fs-wysiwyg\">\n\t\t\t\t\t\t<h4 style=\"text-align: center;\"><strong>Graz &#8211; austriacka stolica kreatywno\u015bci<\/strong><\/h4>\n<p>Graz, wpisane na list\u0119 UNESCO miasto designu, jest wschodz\u0105c\u0105 gwiazd\u0105 w sektorze MICE z silnymi po\u0142\u0105czeniami kolejowymi i lotniczymi. Miasto bez trudu \u0142\u0105czy historyczny urok z najnowocze\u015bniejsz\u0105 kreatywno\u015bci\u0105, dzi\u0119ki czemu jest idealnym miejscem na innowacyjne wydarzenia biznesowe. Jego kompaktowy rozmiar zapewnia \u0142atwy dost\u0119p do g\u0142\u00f3wnych obiekt\u00f3w, hoteli i miejsc kultury.<\/p>\n<p><em>Gdzie si\u0119 zatrzyma\u0107: <\/em><a href=\"https:\/\/myallmeeting.com\/pl\/hotel\/5742-hotel-mercure-graz-city\/\" target=\"_blank\" rel=\"noopener\"><strong>Hotel Mercure Graz City<\/strong>,<\/a> po\u0142o\u017cony w modnej dzielnicy Lend, oferuje stylowe przestrzenie konferencyjne z nowoczesnymi udogodnieniami, co czyni go doskona\u0142ym wyborem na spotkania firmowe. Blisko\u015b\u0107 hotelu do Schlossberg i rzeki Mur pozwala uczestnikom do\u015bwiadczy\u0107 malowniczego pi\u0119kna miasta podczas pobytu.<\/p>\n<p><em><span>Dzia\u0142ania motywacyjne:<\/span><\/em><span> Wycieczka kulinarna z przewodnikiem po targu rolniczym zapozna uczestnik\u00f3w z regionalnymi specja\u0142ami i lokalnymi smakami. Aby uzyska\u0107 bardziej wci\u0105gaj\u0105ce wra\u017cenia, uczestnicy mog\u0105 wybra\u0107 si\u0119 na wycieczk\u0119 z przewodnikiem po historycznym pa\u0142acu Eggenberg, wpisanym na List\u0119 \u015awiatowego Dziedzictwa UNESCO, lub wybra\u0107 si\u0119 na malowniczy spacer po Schlossberg, oferuj\u0105cy panoramiczne widoki na miasto.<\/span><\/p>\n\t\t\t\t\t<\/div>\n\t\t\t\t\t\t\t\t\t<\/div>\n\t\t\t<\/div>        \n\t\t<\/div>\n\t<\/div>\n<\/div>\n<!-- END OF : Composant : block-periscope-theme-section-composant-33-texte-image.php -->\n\n\n<!-- START OF : Composant : block-periscope-theme-section-composant-34-texte-image-slider.php -->\n<!-- INVERSE -->\n<div class=\"text-image-slider fs-wysiwyg mb-8 mb-lg-12\" data-component=\"34-texte-image-slider\" data-reverse=\"oui\">\n<div class=\"container-fluid\" style=\"--bs-gutter-x: 0\">\n\t\t<div class=\"row\" style=\"--bs-gutter-x: 0\">\n\t\t\t<div class=\"col-lg-6\">\n\t\t\t\t<div class=\"text-image-slider__content mb-7 mb-lg-0\">\n\t\t\t\t\t\t\t\t\t\t<div class=\"fw-semibold lh-xs fs-20 fs-lg-32 ls--25 mb-5\">Szwajcaria: wyrafinowanie i wydajno\u015b\u0107<\/div>\n\t\t\t\t\t\t\t\t\t\t\t\t\t\t\t<div class=\"fs-wysiwyg\">\n\t\t\t\t\t\t<p style=\"text-align: center;\"><strong><span>Zurych &#8211; pot\u0119ga finansowa<\/span><\/strong><\/p>\n<p><span>Najwi\u0119ksze miasto Szwajcarii jest g\u0142\u00f3wnym celem podr\u00f3\u017cy MICE, oferuj\u0105c \u015bwiatowej klasy infrastruktur\u0119 i doskona\u0142\u0105 \u0142\u0105czno\u015b\u0107. Lotnisko w Zurychu zapewnia bezpo\u015brednie loty do globalnych w\u0119z\u0142\u00f3w komunikacyjnych, a wydajna sie\u0107 transportu publicznego zapewnia \u0142atwy dost\u0119p do dzielnic biznesowych i miejsc wydarze\u0144.<\/span><\/p>\n<p><em>Gdzie si\u0119 zatrzyma\u0107: <\/em><a href=\"https:\/\/myallmeeting.com\/pl\/hotel\/2731-novotel-zurich-city-west\/\" target=\"_blank\" rel=\"noopener\"><strong>Novotel Zurich City-West<\/strong>,<\/a> w pobli\u017cu Technoparku, oferuje dziewi\u0119\u0107 nowoczesnych sal konferencyjnych i basen do relaksu po konferencji. <a href=\"https:\/\/myallmeeting.com\/pl\/hotel\/0884-novotel-zurich-airport-messe\/\" target=\"_blank\" rel=\"noopener\"><strong>Novotel Zurich Airport Messe<\/strong>,<\/a> z bezpo\u015brednim po\u0142\u0105czeniem tramwajowym z lotniskiem i centrum miasta, oferuje nowoczesne sale konferencyjne i dobrze wyposa\u017con\u0105 stref\u0119 fitness.<\/p>\n<p><em>Atrakcje: <\/em>Uczestnicy mog\u0105 wybra\u0107 si\u0119 na malownicz\u0105 wycieczk\u0119 \u0142odzi\u0105 po Jeziorze Zuryskim, odwiedzi\u0107 Muzeum FIFA, zwiedzi\u0107 zabytkowe Stare Miasto lub do\u015bwiadczy\u0107 wci\u0105gaj\u0105cego wyzwania w escape roomie.<\/p>\n<p style=\"text-align: center;\"><strong><span>Genewa &#8211; globalne centrum dyplomatyczne<\/span><\/strong><\/p>\n<p>Genewa, b\u0119d\u0105ca siedzib\u0105 mi\u0119dzynarodowych organizacji i wa\u017cnych szczyt\u00f3w, jest idealn\u0105 lokalizacj\u0105 dla g\u0142o\u015bnych wydarze\u0144 korporacyjnych. Lotnisko w Genewie oferuje rozleg\u0142e po\u0142\u0105czenia mi\u0119dzynarodowe, a wydajna sie\u0107 tramwajowa i autobusowa zapewnia szybki dost\u0119p do kluczowych miejsc.<\/p>\n<p><em><span>Gdzie si\u0119 zatrzyma\u0107: <\/span><\/em><a href=\"https:\/\/myallmeeting.com\/pl\/hotel\/3133-novotel-geneve-centre\/\" target=\"_blank\" rel=\"noopener\"><strong><span>Novotel Gen\u00e8ve Centre <\/span><\/strong><\/a><span>oferuje pi\u0119\u0107 wszechstronnych sal konferencyjnych, stref\u0119 wellness i \u0142atwy dost\u0119p do Jeziora Genewskiego. Lokalizacja w pobli\u017cu dworca kolejowego Cornavin zapewnia sprawn\u0105 podr\u00f3\u017c do innych szwajcarskich miast.<\/span><\/p>\n<p><em><span>Dzia\u0142ania motywacyjne:<\/span><\/em><span> Uczestnicy mog\u0105 zwiedzi\u0107 siedzib\u0119 Organizacji Narod\u00f3w Zjednoczonych, delektowa\u0107 si\u0119 wy\u015bmienit\u0105 kuchni\u0105 nad jeziorem, zwiedzi\u0107 historyczne Stare Miasto w Genewie lub wybra\u0107 si\u0119 w malowniczy rejs statkiem po Jeziorze Genewskim.<\/span><\/p>\n\t\t\t\t\t<\/div>\n\t\t\t\t\t\t\t\t\t<\/div>\n\t\t\t\t\t\t\t\t<div class=\"text-center d-lg-none px-8\">\n\t\t\t\t\t<!-- M\u00eame image -->\n\t\t\t\t\t<img decoding=\"async\" src=\"https:\/\/www.myallmeeting.com\/wp-content\/uploads\/2025\/03\/0530_H1-633x398.jpg\" width=\"633\" height=\"398\" alt=\"\" loading=\"lazy\">\n\t\t\t\t<\/div>\n\t\t\t\t\t\t\t<\/div>        \n\t\t\t<div class=\"col-lg-6 order-first order-lg-last\">\n\t\t\t\t<div class=\"text-image-slider__slider mb-7 mb-lg-12\">\n\t\t\t\t\t\t\t\t\t\t<div class=\"splide\">\n\t\t\t\t\t\t<div class=\"splide__track\">\n\t\t\t\t\t\t\t<div class=\"splide__list\">\n\t\t\t\t\t\t\t\t\t\t\t\t\t\t\t\t<div class=\"splide__slide\">\n\t\t\t\t\t\t\t\t\t<img decoding=\"async\" src=\"https:\/\/www.myallmeeting.com\/wp-content\/uploads\/2025\/03\/HENRIQ1-953x600.jpg\" width=\"953\" height=\"600\" alt=\"\" loading=\"lazy\">\n\t\t\t\t\t\t\t\t<\/div>\n\t\t\t\t\t\t\t\t\t\t\t\t\t\t\t\t\t\t\t\t\t\t\t\t\t<div class=\"splide__slide\">\n\t\t\t\t\t\t\t\t\t<img decoding=\"async\" src=\"https:\/\/www.myallmeeting.com\/wp-content\/uploads\/2025\/03\/2731_S2-953x600.jpg\" width=\"953\" height=\"600\" alt=\"\" loading=\"lazy\">\n\t\t\t\t\t\t\t\t<\/div>\n\t\t\t\t\t\t\t\t\t\t\t\t\t\t\t\t\t\t\t\t\t\t\t\t\t<div class=\"splide__slide\">\n\t\t\t\t\t\t\t\t\t<img decoding=\"async\" src=\"https:\/\/www.myallmeeting.com\/wp-content\/uploads\/2025\/03\/0884_S1-953x600.jpg\" width=\"953\" height=\"600\" alt=\"\" loading=\"lazy\">\n\t\t\t\t\t\t\t\t<\/div>\n\t\t\t\t\t\t\t\t\t\t\t\t\t\t\t\t\t\t\t\t\t\t\t\t\t<div class=\"splide__slide\">\n\t\t\t\t\t\t\t\t\t<img decoding=\"async\" src=\"https:\/\/www.myallmeeting.com\/wp-content\/uploads\/2025\/03\/DEVAM-1-953x600.jpg\" width=\"953\" height=\"600\" alt=\"\" loading=\"lazy\">\n\t\t\t\t\t\t\t\t<\/div>\n\t\t\t\t\t\t\t\t\t\t\t\t\t\t\t\t\t\t\t\t\t\t\t\t<\/div>\n\t\t\t\t\t\t<\/div>\n\t\t\t\t\t\t<div class=\"splide__arrows d-none d-lg-block\">\n\t\t\t\t\t\t\t<button class=\"splide__arrow splide__arrow--prev px-lg-3 py-lg-4 px-xl-4 py-xl-5 px-xxl-5 py-xxl-7 position-absolute l-0 bg-white border-0\">\n\t\t\t\t\t\t\t\t<svg width=\"14\" height=\"27\" aria-hidden=\"true\">\n\t\t\t\t\t\t\t\t\t<use xlink:href=\"https:\/\/www.myallmeeting.com\/wp-content\/themes\/accor\/assets\/images\/sprite.svg#slider-prev\"><\/use>\n\t\t\t\t\t\t\t\t<\/svg>\n\t\t\t\t\t\t\t<\/button>\n\t\t\t\t\t\t\t<button class=\"splide__arrow splide__arrow--next px-lg-3 py-lg-4 px-xl-4 py-xl-5 px-xxl-5 py-xxl-7 position-absolute r-0 bg-white border-0\">\n\t\t\t\t\t\t\t\t<svg width=\"14\" height=\"27\" aria-hidden=\"true\">\n\t\t\t\t\t\t\t\t\t<use xlink:href=\"https:\/\/www.myallmeeting.com\/wp-content\/themes\/accor\/assets\/images\/sprite.svg#slider-prev\"><\/use>\n\t\t\t\t\t\t\t\t<\/svg>\n\t\t\t\t\t\t\t<\/button>\n\t\t\t\t\t\t<\/div>\n\t\t\t\t\t<\/div>\n\t\t\t\t\t\t\t\t\t<\/div>\n\t\t\t\t\t\t\t\t\t<div class=\"text-image-slider__content d-none d-lg-block\">\n\t\t\t\t\t<!-- M\u00eame image -->\n\t\t\t\t\t<img decoding=\"async\" src=\"https:\/\/www.myallmeeting.com\/wp-content\/uploads\/2025\/03\/0530_H1-633x398.jpg\" width=\"633\" height=\"398\" alt=\"\" loading=\"lazy\">\n\t\t\t\t<\/div>\n\t\t\t\t\t\t\t<\/div>\n\t\t<\/div>\n\t<\/div>\n<\/div>\n<!-- END OF : Composant : block-periscope-theme-section-composant-34-texte-image-slider.php -->\n\n\n<!-- START OF : Composant : block-periscope-theme-section-composant-33-texte-image.php -->\n<div class=\"text-image fs-wysiwyg mb-8 mb-lg-12\" data-component=\"33-texte-image\">\n\t<div class=\"container-fluid\" style=\"--bs-gutter-x: 0\">\n\t\t<div class=\"row\" style=\"--bs-gutter-x: 0\">\n\t\t\t\t\t\t<div class=\"col-lg-6 mb-7 mb-lg-0\">\n\t\t\t\t<img decoding=\"async\" src=\"https:\/\/www.myallmeeting.com\/wp-content\/uploads\/2025\/03\/A5A4_S1-953x600.jpg\" width=\"953\" height=\"600\" alt=\"\" loading=\"lazy\" class=\"w-100\" \/>\n\t\t\t<\/div>\n\t\t\t\t\t\t<div class=\"col-lg-6\">\n\t\t\t\t<div class=\"text-image__content\">\n\t\t\t\t\t\t\t\t\t\t\t\t\t\t\t<div class=\"fs-wysiwyg\">\n\t\t\t\t\t\t<p style=\"text-align: center;\"><strong><span>Montreux &#8211; najlepsze miejsce na wyjazd motywacyjny<\/span><\/strong><\/p>\n<p><span>Po\u0142o\u017cone mi\u0119dzy Jeziorem Genewskim a Alpami Montreux to wspania\u0142e miejsce na firmowe rekolekcje. Dobrze skomunikowane kolej\u0105 z lotniskiem w Genewie, oferuje inspiruj\u0105ce po\u0142\u0105czenie mo\u017cliwo\u015bci biznesowych i rekreacyjnych.<\/span><\/p>\n<p><em><span>Gdzie si\u0119 zatrzyma\u0107: <\/span><\/em><a href=\"https:\/\/myallmeeting.com\/pl\/hotel\/a5a4-fairmont-le-montreux-palace\/\" target=\"_blank\" rel=\"noopener\"><strong><span>Fairmont Le Montreux Palace<\/span><\/strong><\/a><span>, punkt orientacyjny Belle \u00c9poque, oferuje 20 wyrafinowanych sal konferencyjnych i luksusowe spa, zapewniaj\u0105c eleganckie otoczenie dla spotka\u0144 kadry kierowniczej. Hotel posiada r\u00f3wnie\u017c zapieraj\u0105ce dech w piersiach tarasy nad jeziorem, idealne na ekskluzywne imprezy networkingowe i prywatne przyj\u0119cia.<\/span><\/p>\n<p><em>Dzia\u0142ania motywacyjne: <\/em>Wizyta w zamku Chillon, malownicza przeja\u017cd\u017cka poci\u0105giem do Glacier 3000, udzia\u0142 w Montreux Jazz Festival lub degustacja wina w pobliskich winnicach Lavaux stworz\u0105 niezapomniane wspomnienia dla uczestnik\u00f3w.<\/p>\n\t\t\t\t\t<\/div>\n\t\t\t\t\t\t\t\t\t<\/div>\n\t\t\t<\/div>        \n\t\t<\/div>\n\t<\/div>\n<\/div>\n<!-- END OF : Composant : block-periscope-theme-section-composant-33-texte-image.php -->\n\n\n<div class=\"container fs-wysiwyg mb-5\">\n<p class=\"has-text-align-center\"><strong>Podsumowanie<\/strong><\/p>\n<\/div>\n\n<div class=\"container fs-wysiwyg mb-5\">\n<p class=\"has-text-align-center\">Europa \u015arodkowa oferuje bogactwo mo\u017cliwo\u015bci dla wydarze\u0144 MICE, \u0142\u0105cz\u0105c najwy\u017cszej klasy \u0142\u0105czno\u015b\u0107 z modnymi i inspiruj\u0105cymi sceneriami. Niezale\u017cnie od tego, czy chodzi o du\u017c\u0105 konferencj\u0119 we Frankfurcie, wyjazd motywacyjny do Montreux czy ekskluzywne spotkanie zarz\u0105du w Wiedniu, zr\u00f3\u017cnicowane portfolio hoteli Accor zapewnia idealne dopasowanie do ka\u017cdego wydarzenia. Wybieraj\u0105c jedno z tych t\u0119tni\u0105cych \u017cyciem miejsc, organizatorzy spotka\u0144 mog\u0105 stworzy\u0107 niezapomniane i produktywne do\u015bwiadczenia, jednocze\u015bnie ciesz\u0105c si\u0119 \u0142atwo\u015bci\u0105 \u0142\u0105czno\u015bci i \u015bwiatowej klasy go\u015bcinno\u015bci\u0105.<\/p>\n<\/div>","protected":false},"excerpt":{"rendered":"<p>Dla organizator\u00f3w spotka\u0144 i wydarze\u0144, \u0142\u0105czno\u015b\u0107 i trendy s\u0105 kluczowymi czynnikami przy wyborze destynacji. <\/p>\n","protected":false},"featured_media":18552683,"menu_order":0,"template":"","periscope_categorie_tax":[],"class_list":["post-18553620","article","type-article","status-publish","has-post-thumbnail","hentry"],"acf":[],"yoast_head":"<title>Modne i dobrze skomunikowane destynacje MICE w Europie \u015arodkowej - Accor MyAllMeeting.com<\/title>\n<meta name=\"description\" content=\"D\u00e9couvrez les destinations MICE les plus tendances et connect\u00e9es en Europe Centrale, avec l&#039;Allemagne, l&#039;Autriche et la Suisse.\" \/>\n<meta name=\"robots\" content=\"index, follow, max-snippet:-1, max-image-preview:large, max-video-preview:-1\" \/>\n<link rel=\"canonical\" href=\"https:\/\/www.myallmeeting.com\/pl\/wp-json\/wp\/v2\/article\/18553620\" \/>\n<meta property=\"og:locale\" content=\"pl_PL\" \/>\n<meta property=\"og:type\" content=\"article\" \/>\n<meta property=\"og:title\" content=\"Modne i dobrze skomunikowane destynacje MICE w Europie \u015arodkowej - Accor MyAllMeeting.com\" \/>\n<meta property=\"og:description\" content=\"D\u00e9couvrez les destinations MICE les plus tendances et connect\u00e9es en Europe Centrale, avec l&#039;Allemagne, l&#039;Autriche et la Suisse.\" \/>\n<meta property=\"og:url\" content=\"https:\/\/www.myallmeeting.com\/pl\/article\/destinations-mice-tendances-et-bien-connectees-en-europe-centrale\/\" \/>\n<meta property=\"og:site_name\" content=\"Accor MyAllMeeting.com\" \/>\n<meta property=\"article:modified_time\" content=\"2025-07-23T08:17:36+00:00\" \/>\n<meta property=\"og:image\" content=\"http:\/\/myallmeeting.com\/wp-content\/uploads\/2025\/03\/MAM-imagery-1920-x-570-px-Baniere-1.png\" \/>\n\t<meta property=\"og:image:width\" content=\"1920\" \/>\n\t<meta property=\"og:image:height\" content=\"570\" \/>\n\t<meta property=\"og:image:type\" content=\"image\/png\" \/>\n<meta name=\"twitter:card\" content=\"summary_large_image\" \/>\n<meta name=\"twitter:label1\" content=\"Est. reading time\" \/>\n\t<meta name=\"twitter:data1\" content=\"15 minutes\" \/>\n<script type=\"application\/ld+json\" class=\"yoast-schema-graph\">{\"@context\":\"https:\/\/schema.org\",\"@graph\":[{\"@type\":\"WebPage\",\"@id\":\"https:\/\/www.myallmeeting.com\/pl\/article\/destinations-mice-tendances-et-bien-connectees-en-europe-centrale\/\",\"url\":\"https:\/\/www.myallmeeting.com\/pl\/article\/destinations-mice-tendances-et-bien-connectees-en-europe-centrale\/\",\"name\":\"Modne i dobrze skomunikowane destynacje MICE w Europie \u015arodkowej - Accor MyAllMeeting.com\",\"isPartOf\":{\"@id\":\"https:\/\/www.myallmeeting.com\/pl\/#website\"},\"primaryImageOfPage\":{\"@id\":\"https:\/\/www.myallmeeting.com\/pl\/article\/destinations-mice-tendances-et-bien-connectees-en-europe-centrale\/#primaryimage\"},\"image\":{\"@id\":\"https:\/\/www.myallmeeting.com\/pl\/article\/destinations-mice-tendances-et-bien-connectees-en-europe-centrale\/#primaryimage\"},\"thumbnailUrl\":\"https:\/\/www.myallmeeting.com\/wp-content\/uploads\/2025\/03\/MAM-imagery-1920-x-570-px-Baniere-1.png\",\"datePublished\":\"2025-03-06T21:56:49+00:00\",\"dateModified\":\"2025-07-23T08:17:36+00:00\",\"description\":\"D\u00e9couvrez les destinations MICE les plus tendances et connect\u00e9es en Europe Centrale, avec l'Allemagne, l'Autriche et la Suisse.\",\"breadcrumb\":{\"@id\":\"https:\/\/www.myallmeeting.com\/pl\/article\/destinations-mice-tendances-et-bien-connectees-en-europe-centrale\/#breadcrumb\"},\"inLanguage\":\"pl-PL\",\"potentialAction\":[{\"@type\":\"ReadAction\",\"target\":[\"https:\/\/www.myallmeeting.com\/pl\/article\/destinations-mice-tendances-et-bien-connectees-en-europe-centrale\/\"]}]},{\"@type\":\"ImageObject\",\"inLanguage\":\"pl-PL\",\"@id\":\"https:\/\/www.myallmeeting.com\/pl\/article\/destinations-mice-tendances-et-bien-connectees-en-europe-centrale\/#primaryimage\",\"url\":\"https:\/\/www.myallmeeting.com\/wp-content\/uploads\/2025\/03\/MAM-imagery-1920-x-570-px-Baniere-1.png\",\"contentUrl\":\"https:\/\/www.myallmeeting.com\/wp-content\/uploads\/2025\/03\/MAM-imagery-1920-x-570-px-Baniere-1.png\",\"width\":1920,\"height\":570,\"caption\":\"montreux lake hotel\"},{\"@type\":\"BreadcrumbList\",\"@id\":\"https:\/\/www.myallmeeting.com\/pl\/article\/destinations-mice-tendances-et-bien-connectees-en-europe-centrale\/#breadcrumb\",\"itemListElement\":[{\"@type\":\"ListItem\",\"position\":1,\"name\":\"Accueil\",\"item\":\"https:\/\/myallmeeting.com\/pl\/\"},{\"@type\":\"ListItem\",\"position\":2,\"name\":\"Article\",\"item\":\"https:\/\/www.myallmeeting.com\/pl\/article\/\"},{\"@type\":\"ListItem\",\"position\":3,\"name\":\"Modne i dobrze skomunikowane destynacje MICE w Europie \u015arodkowej\"}]},{\"@type\":\"WebSite\",\"@id\":\"https:\/\/www.myallmeeting.com\/pl\/#website\",\"url\":\"https:\/\/www.myallmeeting.com\/pl\/\",\"name\":\"Accor MyAllMeeting.com\",\"description\":\"Les Meilleurs lieux pour vos Ev\u00e9nements Professionnels\",\"publisher\":{\"@id\":\"https:\/\/www.myallmeeting.com\/pl\/#organization\"},\"potentialAction\":[{\"@type\":\"SearchAction\",\"target\":{\"@type\":\"EntryPoint\",\"urlTemplate\":\"https:\/\/www.myallmeeting.com\/pl\/?s={search_term_string}\"},\"query-input\":{\"@type\":\"PropertyValueSpecification\",\"valueRequired\":true,\"valueName\":\"search_term_string\"}}],\"inLanguage\":\"pl-PL\"},{\"@type\":\"Organization\",\"@id\":\"https:\/\/www.myallmeeting.com\/pl\/#organization\",\"name\":\"ACCOR\",\"url\":\"https:\/\/www.myallmeeting.com\/pl\/\",\"logo\":{\"@type\":\"ImageObject\",\"inLanguage\":\"pl-PL\",\"@id\":\"https:\/\/www.myallmeeting.com\/pl\/#\/schema\/logo\/image\/\",\"url\":\"\",\"contentUrl\":\"\",\"caption\":\"ACCOR\"},\"image\":{\"@id\":\"https:\/\/www.myallmeeting.com\/pl\/#\/schema\/logo\/image\/\"}}]}<\/script>","yoast_head_json":{"title":"Modne i dobrze skomunikowane destynacje MICE w Europie \u015arodkowej - Accor MyAllMeeting.com","description":"D\u00e9couvrez les destinations MICE les plus tendances et connect\u00e9es en Europe Centrale, avec l'Allemagne, l'Autriche et la Suisse.","robots":{"index":"index","follow":"follow","max-snippet":"max-snippet:-1","max-image-preview":"max-image-preview:large","max-video-preview":"max-video-preview:-1"},"canonical":"https:\/\/www.myallmeeting.com\/pl\/wp-json\/wp\/v2\/article\/18553620","og_locale":"pl_PL","og_type":"article","og_title":"Modne i dobrze skomunikowane destynacje MICE w Europie \u015arodkowej - Accor MyAllMeeting.com","og_description":"D\u00e9couvrez les destinations MICE les plus tendances et connect\u00e9es en Europe Centrale, avec l'Allemagne, l'Autriche et la Suisse.","og_url":"https:\/\/www.myallmeeting.com\/pl\/article\/destinations-mice-tendances-et-bien-connectees-en-europe-centrale\/","og_site_name":"Accor MyAllMeeting.com","article_modified_time":"2025-07-23T08:17:36+00:00","og_image":[{"width":1920,"height":570,"url":"http:\/\/myallmeeting.com\/wp-content\/uploads\/2025\/03\/MAM-imagery-1920-x-570-px-Baniere-1.png","type":"image\/png"}],"twitter_card":"summary_large_image","twitter_misc":{"Est. reading time":"15 minutes"},"schema":{"@context":"https:\/\/schema.org","@graph":[{"@type":"WebPage","@id":"https:\/\/www.myallmeeting.com\/pl\/article\/destinations-mice-tendances-et-bien-connectees-en-europe-centrale\/","url":"https:\/\/www.myallmeeting.com\/pl\/article\/destinations-mice-tendances-et-bien-connectees-en-europe-centrale\/","name":"Modne i dobrze skomunikowane destynacje MICE w Europie \u015arodkowej - Accor MyAllMeeting.com","isPartOf":{"@id":"https:\/\/www.myallmeeting.com\/pl\/#website"},"primaryImageOfPage":{"@id":"https:\/\/www.myallmeeting.com\/pl\/article\/destinations-mice-tendances-et-bien-connectees-en-europe-centrale\/#primaryimage"},"image":{"@id":"https:\/\/www.myallmeeting.com\/pl\/article\/destinations-mice-tendances-et-bien-connectees-en-europe-centrale\/#primaryimage"},"thumbnailUrl":"https:\/\/www.myallmeeting.com\/wp-content\/uploads\/2025\/03\/MAM-imagery-1920-x-570-px-Baniere-1.png","datePublished":"2025-03-06T21:56:49+00:00","dateModified":"2025-07-23T08:17:36+00:00","description":"D\u00e9couvrez les destinations MICE les plus tendances et connect\u00e9es en Europe Centrale, avec l'Allemagne, l'Autriche et la Suisse.","breadcrumb":{"@id":"https:\/\/www.myallmeeting.com\/pl\/article\/destinations-mice-tendances-et-bien-connectees-en-europe-centrale\/#breadcrumb"},"inLanguage":"pl-PL","potentialAction":[{"@type":"ReadAction","target":["https:\/\/www.myallmeeting.com\/pl\/article\/destinations-mice-tendances-et-bien-connectees-en-europe-centrale\/"]}]},{"@type":"ImageObject","inLanguage":"pl-PL","@id":"https:\/\/www.myallmeeting.com\/pl\/article\/destinations-mice-tendances-et-bien-connectees-en-europe-centrale\/#primaryimage","url":"https:\/\/www.myallmeeting.com\/wp-content\/uploads\/2025\/03\/MAM-imagery-1920-x-570-px-Baniere-1.png","contentUrl":"https:\/\/www.myallmeeting.com\/wp-content\/uploads\/2025\/03\/MAM-imagery-1920-x-570-px-Baniere-1.png","width":1920,"height":570,"caption":"montreux lake hotel"},{"@type":"BreadcrumbList","@id":"https:\/\/www.myallmeeting.com\/pl\/article\/destinations-mice-tendances-et-bien-connectees-en-europe-centrale\/#breadcrumb","itemListElement":[{"@type":"ListItem","position":1,"name":"Accueil","item":"https:\/\/myallmeeting.com\/pl\/"},{"@type":"ListItem","position":2,"name":"Article","item":"https:\/\/www.myallmeeting.com\/pl\/article\/"},{"@type":"ListItem","position":3,"name":"Modne i dobrze skomunikowane destynacje MICE w Europie \u015arodkowej"}]},{"@type":"WebSite","@id":"https:\/\/www.myallmeeting.com\/pl\/#website","url":"https:\/\/www.myallmeeting.com\/pl\/","name":"Accor MyAllMeeting.com","description":"Les Meilleurs lieux pour vos Ev\u00e9nements Professionnels","publisher":{"@id":"https:\/\/www.myallmeeting.com\/pl\/#organization"},"potentialAction":[{"@type":"SearchAction","target":{"@type":"EntryPoint","urlTemplate":"https:\/\/www.myallmeeting.com\/pl\/?s={search_term_string}"},"query-input":{"@type":"PropertyValueSpecification","valueRequired":true,"valueName":"search_term_string"}}],"inLanguage":"pl-PL"},{"@type":"Organization","@id":"https:\/\/www.myallmeeting.com\/pl\/#organization","name":"ACCOR","url":"https:\/\/www.myallmeeting.com\/pl\/","logo":{"@type":"ImageObject","inLanguage":"pl-PL","@id":"https:\/\/www.myallmeeting.com\/pl\/#\/schema\/logo\/image\/","url":"","contentUrl":"","caption":"ACCOR"},"image":{"@id":"https:\/\/www.myallmeeting.com\/pl\/#\/schema\/logo\/image\/"}}]}},"_links":{"self":[{"href":"https:\/\/www.myallmeeting.com\/pl\/wp-json\/wp\/v2\/article\/18553620","targetHints":{"allow":["GET"]}}],"collection":[{"href":"https:\/\/www.myallmeeting.com\/pl\/wp-json\/wp\/v2\/article"}],"about":[{"href":"https:\/\/www.myallmeeting.com\/pl\/wp-json\/wp\/v2\/types\/article"}],"wp:featuredmedia":[{"embeddable":true,"href":"https:\/\/www.myallmeeting.com\/pl\/wp-json\/wp\/v2\/media\/18552683"}],"wp:attachment":[{"href":"https:\/\/www.myallmeeting.com\/pl\/wp-json\/wp\/v2\/media?parent=18553620"}],"wp:term":[{"taxonomy":"periscope_categorie_tax","embeddable":true,"href":"https:\/\/www.myallmeeting.com\/pl\/wp-json\/wp\/v2\/periscope_categorie_tax?post=18553620"}],"curies":[{"name":"wp","href":"https:\/\/api.w.org\/{rel}","templated":true}]}}