{"id":16557451,"date":"2024-08-06T12:28:50","date_gmt":"2024-08-06T10:28:50","guid":{"rendered":"https:\/\/myallmeeting.com\/article\/vue-mer-ou-montagne-pour-votre-evenement-estival\/"},"modified":"2024-11-20T14:10:28","modified_gmt":"2024-11-20T13:10:28","slug":"vue-mer-ou-montagne-pour-votre-evenement-estival","status":"publish","type":"article","link":"https:\/\/www.myallmeeting.com\/pl\/article\/vue-mer-ou-montagne-pour-votre-evenement-estival\/","title":{"rendered":"Organizujesz wydarzenie latem i chcesz mie\u0107 widok na morze lub g\u00f3ry?"},"content":{"rendered":"<!-- START OF : Composant : block-periscope-theme-section-composant-25-texte-cta-2-images.php -->\n<div class=\"tcta2ia bg-white fs-wysiwyg mb-lg-12\" data-component=\"25-texte-cta-2-images\">\n\t<div class=\"tcta2ia__top\">\n\t\t<div class=\"container-fluid\" style=\"--bs-gutter-x: 0\">\n\t\t\t<div class=\"row\" style=\"--bs-gutter-x: 0\">\n\t\t\t\t<div class=\"col-lg-8\">\n\t\t\t\t\t\t\t\t\t\t<div class=\"bloc-mise-en-avant__top__left\">\n\t\t\t\t\t\t<img decoding=\"async\" src=\"https:\/\/www.myallmeeting.com\/wp-content\/uploads\/2024\/07\/mountain-1268x846.jpg\" class=\"pe-2 pe-lg-0\" width=\"1268\" height=\"846\" alt=\"\" loading=\"lazy\" \/>\n\t\t\t\t\t<\/div>\n\t\t\t\t\t\t\t\t\t\t<div class=\"tcta2ia__bottom d-none d-lg-block pb-12 pt-lg-9 pb-lg-0 pe-lg-10\">\n\t\t\t\t\t\t\t\t\t\t\t\t<h2 class=\"fs-20 fs-lg-32 fw-semibold\">G\u00f3ry kontra morze: Dylemat wyboru miejsca na wydarzenie<\/h2>\n\t\t\t\t\t\t\t\t\t\t\t\t\t\t\t\t\t\t<div class=\"fs-wysiwyg\"><p><span>Wydarzenia organizowane w regionach g\u00f3rskich i nadmorskich oferuj\u0105 wyj\u0105tkowe korzy\u015bci dostosowane do r\u00f3\u017cnych cel\u00f3w i oczekiwa\u0144. Zrozumienie tych kontrastuj\u0105cych \u015brodowisk pomo\u017ce wybra\u0107 idealne t\u0142o, kt\u00f3re najlepiej b\u0119dzie odpowiada\u0107 celom Twojego wydarzenia.<\/span><\/p>\n<\/div>\n\t\t\t\t\t\t\t\t\t\t\t\t<div class=\"d-flex flex-column flex-lg-row align-items-center gap-5 gap-lg-8 justify-content-between\">\n\t\t\t\t\t\t\t<div class=\"fs-20 fs-lg-26 fw-semibold lh-xs\"><\/div>\n\t\t\t\t\t\t\t\t\t\t\t\t\t<\/div>\n\t\t\t\t\t<\/div>\n\t\t\t\t<\/div>\n\t\t\t\t<div class=\"col-lg-4\">\n\t\t\t\t\t<div class=\"tcta2ia__top__right t-0 r-0 bg-primary text-white pt-4 pb-4 px-2 pt-lg-8 pb-lg-16 px-lg-11 pb-xl-30\">\n\t\t\t\t\t\t\t\t\t\t\t\t\t\t\t\t\t\t<h2 class=\"unna fs-36 fs-lg-51 fs-xl-75 fs-italic fw-normal text-secondary\">Organizujesz wydarzenie latem i chcesz mie\u0107 widok na morze lub g\u00f3ry?<\/h2>\n\t\t\t\t\t\t\t\t\t\t\t\t\t\t\t\t\t\t<h3 class=\"text-white fs-18 fs-lg-20 fs-xl-28 text-original-case\">Nadchodzi sezon letni &#8211; a to oznacza dost\u0119pno\u015b\u0107 niesamowitych miejsc na Twoje nast\u0119pne wydarzenie<\/h3>\n\t\t\t\t\t\t\t\t\t\t\t\t\t\t\t\t\t\t<div class=\"fs-wysiwyg mb-4 fs-lg-16 fs-xl-20\"><p><span>Wraz z nadchodz\u0105cym sezonem letnim osoby zajmuj\u0105ce si\u0119 zarz\u0105dzaniem i organizacj\u0105 imprez staj\u0105 przed trudnym zadaniem zdecydowania, gdzie zorganizowa\u0107 nadchodz\u0105ce wydarzenia i spotkania. Accor dysponuje szerok\u0105 ofert\u0105 w Europie i Afryce P\u00f3\u0142nocnej, z wachlarzem zapieraj\u0105cych dech w piersiach lokalizacji. Nie wie, czy bardziej przyci\u0105gaj\u0105 Ci\u0119 spokojne szczyty Alp, czy z\u0142ote brzegi Morza \u015ar\u00f3dziemnego? Przyjrzyjmy si\u0119 zaletom obu opcji.<\/span><\/p>\n<\/div>\n\t\t\t\t\t\t\t\t\t\t\t\t\t\t\t\t\t\t\t\t\t\t\t\t<p class=\"m-0\"><img decoding=\"async\" src=\"https:\/\/www.myallmeeting.com\/wp-content\/uploads\/2024\/07\/Mercure-Monte-Igueldo-2-633x398.jpg\" class=\"position-relative l-0\" width=\"633\" height=\"398\" alt=\"\" loading=\"lazy\" \/><\/p>\n\t\t\t\t\t\t\t\t\t\t\t<\/div>\n\t\t\t\t<\/div>\n\t\t\t<\/div>\n\t\t<\/div>\n\t<\/div>\n\t<div class=\"tcta2ia__bottom d-lg-none pb-12 py-lg-9 pe-lg-10\">\n\t\t\t\t<div class=\"h2 fs-20 fs-lg-32 fw-semibold\">G\u00f3ry kontra morze: Dylemat wyboru miejsca na wydarzenie<\/div>\n\t\t\t\t\t\t<div class=\"fs-wysiwyg\"><p><span>Wydarzenia organizowane w regionach g\u00f3rskich i nadmorskich oferuj\u0105 wyj\u0105tkowe korzy\u015bci dostosowane do r\u00f3\u017cnych cel\u00f3w i oczekiwa\u0144. Zrozumienie tych kontrastuj\u0105cych \u015brodowisk pomo\u017ce wybra\u0107 idealne t\u0142o, kt\u00f3re najlepiej b\u0119dzie odpowiada\u0107 celom Twojego wydarzenia.<\/span><\/p>\n<\/div>\n\t\t\t\t<div class=\"d-flex flex-column flex-lg-row align-items-center gap-5 gap-lg-8 justify-content-between\">\n\t\t\t<div class=\"fs-20 fs-lg-26 fw-semibold lh-xs\"><\/div>\n\t\t\t\t\t<\/div>\n\t<\/div>\n<\/div>\n<!-- END OF : Composant : block-periscope-theme-section-composant-25-texte-cta-2-images.php -->\n\n\n<!-- START OF : Composant : block-periscope-theme-section-composant-33-texte-image.php -->\n<div class=\"text-image fs-wysiwyg mb-8 mb-lg-12\" data-component=\"33-texte-image\">\n\t<div class=\"container-fluid\" style=\"--bs-gutter-x: 0\">\n\t\t<div class=\"row\" style=\"--bs-gutter-x: 0\">\n\t\t\t\t\t\t<div class=\"col-lg-6 mb-7 mb-lg-0\">\n\t\t\t\t<img decoding=\"async\" src=\"https:\/\/www.myallmeeting.com\/wp-content\/uploads\/2024\/07\/mountain-2-953x600.jpg\" width=\"953\" height=\"600\" alt=\"\" loading=\"lazy\" class=\"w-100\" \/>\n\t\t\t<\/div>\n\t\t\t\t\t\t<div class=\"col-lg-6\">\n\t\t\t\t<div class=\"text-image__content\">\n\t\t\t\t\t\t\t\t\t\t<div class=\"fw-semibold lh-xs fs-20 fs-lg-32 ls--25 mb-5\">Inspiracja w szczytach<\/div>\n\t\t\t\t\t\t\t\t\t\t\t\t\t\t\t<div class=\"fs-wysiwyg\">\n\t\t\t\t\t\t<p><span>Odetchnij \u015bwie\u017cym powietrzem i nabierz energii, podziwiaj\u0105c wyj\u0105tkowe krajobrazy. Oto trzy g\u0142\u00f3wne korzy\u015bci wyboru lokalizacji w g\u00f3rach:<\/span><\/p>\n<ol>\n<li><strong><span>Spok\u00f3j i koncentracja<\/span><\/strong><span>: G\u00f3rskie tereny zapewniaj\u0105 spokojne, wolne od rozprosze\u0144 otoczenie, idealne do g\u0142\u0119bokiego skupienia i produktywno\u015bci. Naturalne pi\u0119kno otoczenia pobudza kreatywno\u015b\u0107 i inspiracj\u0119. Dzi\u0119ki temu jest to idealne miejsce do strategicznych spotka\u0144 i burzy m\u00f3zg\u00f3w.<\/span><\/li>\n<li><strong><span>Przygoda i budowanie zespo\u0142u:<\/span><\/strong><span> G\u00f3rski teren daje mo\u017cliwo\u015bci aktywno\u015bci na \u015bwie\u017cym powietrzu, na przyk\u0142ad w ramach w\u0119dr\u00f3wek, na nartach czy na rowerze. W\u0142\u0105czenie tych aktywno\u015bci do programu wydarzenia mo\u017ce by\u0107 \u015bwietn\u0105 zabaw\u0105, kt\u00f3ra zacie\u015bni wi\u0119\u017a w zespole i podniesie morale.<\/span><\/li>\n<li><strong><span>Zapieraj\u0105ce dech w piersiach widoki<\/span><\/strong><span>: Dzi\u0119ki panoramicznym widokom miejsca w g\u00f3rach stanowi\u0105 spektakularne t\u0142o dla ka\u017cdego wydarzenia i s\u0105 doskona\u0142\u0105 okazj\u0105 do zrobienia imponuj\u0105cych zdj\u0119\u0107 zespo\u0142owych.<\/span><\/li>\n<\/ol>\n\t\t\t\t\t<\/div>\n\t\t\t\t\t\t\t\t\t<\/div>\n\t\t\t<\/div>        \n\t\t<\/div>\n\t<\/div>\n<\/div>\n<!-- END OF : Composant : block-periscope-theme-section-composant-33-texte-image.php -->\n\n\n<!-- START OF : Composant : block-periscope-theme-section-composant-34-texte-image-slider.php -->\n<!-- INVERSE -->\n<div class=\"text-image-slider fs-wysiwyg mb-8 mb-lg-12\" data-component=\"34-texte-image-slider\" data-reverse=\"oui\">\n<div class=\"container-fluid\" style=\"--bs-gutter-x: 0\">\n\t\t<div class=\"row\" style=\"--bs-gutter-x: 0\">\n\t\t\t<div class=\"col-lg-6\">\n\t\t\t\t<div class=\"text-image-slider__content mb-7 mb-lg-0\">\n\t\t\t\t\t\t\t\t\t\t<div class=\"fw-semibold lh-xs fs-20 fs-lg-32 ls--25 mb-5\">Hotele Accor z widokiem na g\u00f3ry i przestrzeniami konferencyjnymi:<\/div>\n\t\t\t\t\t\t\t\t\t\t\t\t\t\t\t<div class=\"fs-wysiwyg\">\n\t\t\t\t\t\t<p id=\"hotel-name\" class=\"hotel__title\"><a href=\"https:\/\/myallmeeting.com\/pl\/hotel\/b803-mercure-peyragudes-loudenvielle-pyrenees\/\" target=\"_blank\" rel=\"noopener\"><strong><span class=\"hotel--name\">Mercure Peyragudes Loudenvielle Pyrenees <\/span><\/strong><\/a><strong>(Francja<\/strong>)<\/p>\n<ul>\n<li><strong><span>Oaza w Pirenejach<\/span><\/strong><span>: Nasz 4-gwiazdkowy hotel le\u017cy w idealnej lokalizacji w wiosce Loudenvielle \u0142\u0105cz\u0105cej rustykalny urok z nowoczesnymi udogodnieniami. Skorzystaj z podgrzewanego basenu z widokiem na g\u00f3ry, przytulnego kominka i restauracji serwuj\u0105cej \u015bwie\u017ce, sezonowe produkty. Hotel oferuje wspania\u0142e widoki na g\u00f3ry, bezpo\u015bredni dost\u0119p do wypo\u017cyczalni sprz\u0119tu Intersport i kolejki linowej SKYVALL. Dzi\u0119ki licznym salom konferencyjnym ze wspania\u0142ymi widokami na g\u00f3ry ta lokalizacja z pewno\u015bci\u0105 zrobi dobre wra\u017cenie.<\/span><\/li>\n<\/ul>\n<p><strong><a href=\"https:\/\/myallmeeting.com\/pl\/hotel\/0371-hotel-mercure-andorra\/\" target=\"_blank\" rel=\"noopener\">Mercure Andorra Hotel<\/a> (Andorre<\/strong>)<\/p>\n<ul>\n<li><strong>Le c\u0153ur de l&#8217;Andorre : <\/strong>situ\u00e9 au c\u0153ur des Pyr\u00e9n\u00e9es, ce complexe h\u00f4telier 4 \u00e9toiles d&#8217;Andorre-la-Vieille est id\u00e9al pour le ski, la randonn\u00e9e, le cyclisme et les activit\u00e9s culturelles, qui sont autant d&#8217;occasions de resserrer les liens au sein de l&#8217;\u00e9quipe. Il y a \u00e9galement deux piscines, un hammam, un sauna et un bain \u00e0 remous pour se d\u00e9tendre apr\u00e8s une longue journ\u00e9e. Trois salles de r\u00e9unions spacieuses sont \u00e9galement disponibles pour r\u00e9pondre \u00e0 vos besoins professionnels.<\/li>\n<\/ul>\n<p><span><a href=\"https:\/\/myallmeeting.com\/pl\/hotel\/9076-hotel-mercure-krynica-zdroj-resort-spa\/\" target=\"_blank\" rel=\"noopener\"><strong>Hotel Mercure Krynica Zdroj Resort &amp; Spa<\/strong><\/a><strong>\u00a0(Polska)<\/strong><\/span><\/p>\n<ul>\n<li><strong><span>Polska Oaza<\/span><\/strong><span>: Poznaj prawdziw\u0105 polsk\u0105 go\u015bcinno\u015b\u0107 w 4-gwiazdkowym hotelu po\u0142o\u017conym w malowniczej Krynicy-Zdroju, zaledwie 500 metr\u00f3w od centrum miasta, blisko szlak\u00f3w turystycznych, tras rowerowych i stok\u00f3w narciarskich. To idealne miejsce zar\u00f3wno dla os\u00f3b podr\u00f3\u017cuj\u0105cych s\u0142u\u017cbowo, jak i rekreacyjnie. Hotel oferuje wygodne, przestronne pokoje, wyposa\u017cone sale konferencyjne, idealne na spotkania w g\u00f3rach, oraz wykwintn\u0105 restauracj\u0119, w kt\u00f3rej mo\u017cesz delektowa\u0107 si\u0119 posi\u0142kiem ze wsp\u00f3\u0142pracownikami po ca\u0142ym dniu.<\/span><\/li>\n<\/ul>\n<p><span><a href=\"https:\/\/myallmeeting.com\/pl\/hotel\/b5i0-novotel-megeve-mont-blanc\/\" target=\"_blank\" rel=\"noopener\"><strong>Novotel Meg\u00e8ve Mont-Blanc Hotel<\/strong><\/a><strong>\u00a0(Francja)<\/strong><\/span><\/p>\n<ul>\n<li><strong><span>Urokliwy g\u00f3rskie domek<\/span><\/strong><span>: 4-gwiazdkowy, nowoczesny domek blisko stok\u00f3w narciarskich Mont Blanc i centrum Meg\u00e8ve, z \u0142atwym dost\u0119pem do sklep\u00f3w, restauracji i atrakcji. Skorzystaj ze zni\u017cek na sprz\u0119t narciarski i us\u0142ugi transferu na stoki. Mamy cztery sale konferencyjne, a po dniu pe\u0142nym spotka\u0144 zrelaksuj si\u0119 w spokojnym spa i strefie balneoterapii.<\/span><\/li>\n<\/ul>\n<p><span><a href=\"https:\/\/myallmeeting.com\/pl\/hotel\/2940-mercure-hotel-garmisch-partenkirchen\/\" target=\"_blank\" rel=\"noopener\"><strong>Mercure Hotel Garmisch-Partenkirchen<\/strong><\/a><strong>\u00a0(Niemcy)<\/strong><\/span><\/p>\n<ul>\n<li><strong><span>Panoramiczne widoki na Bawari\u0119<\/span><\/strong><span>: Po\u0142o\u017cony u podn\u00f3\u017ca Zugspitze w\u015br\u00f3d malowniczych jezior 4-gwiazdkowy hotel oferuje siedem sal konferencyjnych oraz stref\u0119 rekreacyjn\u0105 z basenem, si\u0142owni\u0105 i saun\u0105. Skorzystaj z pobliskich szlak\u00f3w turystycznych, teren\u00f3w narciarskich i w\u0105wozu Partnach. W hotelu jest tak\u017ce ogr\u00f3dek piwny z widokiem na Alpy oraz klasyczna bawarska restauracja piwna ze swoim ogr\u00f3dkiem, w kt\u00f3rej mi\u0142o sp\u0119dzisz czas razem ze wsp\u00f3\u0142pracownikami.<\/span><\/li>\n<\/ul>\n\t\t\t\t\t<\/div>\n\t\t\t\t\t\t\t\t\t<\/div>\n\t\t\t\t\t\t\t\t<div class=\"text-center d-lg-none px-8\">\n\t\t\t\t\t<!-- M\u00eame image -->\n\t\t\t\t\t<img decoding=\"async\" src=\"https:\/\/www.myallmeeting.com\/wp-content\/uploads\/2024\/08\/Mercure-Loudenvielle-Pyrenees-Peyragudes-1-633x398.jpg\" width=\"633\" height=\"398\" alt=\"\" loading=\"lazy\">\n\t\t\t\t<\/div>\n\t\t\t\t\t\t\t<\/div>        \n\t\t\t<div class=\"col-lg-6 order-first order-lg-last\">\n\t\t\t\t<div class=\"text-image-slider__slider mb-7 mb-lg-12\">\n\t\t\t\t\t\t\t\t\t\t<div class=\"splide\">\n\t\t\t\t\t\t<div class=\"splide__track\">\n\t\t\t\t\t\t\t<div class=\"splide__list\">\n\t\t\t\t\t\t\t\t\t\t\t\t\t\t\t\t<div class=\"splide__slide\">\n\t\t\t\t\t\t\t\t\t<img decoding=\"async\" src=\"https:\/\/www.myallmeeting.com\/wp-content\/uploads\/2024\/07\/MAM-imagery-slider-952x600-14.png\" width=\"953\" height=\"600\" alt=\"\" loading=\"lazy\">\n\t\t\t\t\t\t\t\t<\/div>\n\t\t\t\t\t\t\t\t\t\t\t\t\t\t\t\t\t\t\t\t\t\t\t\t\t<div class=\"splide__slide\">\n\t\t\t\t\t\t\t\t\t<img decoding=\"async\" src=\"https:\/\/www.myallmeeting.com\/wp-content\/uploads\/2024\/07\/MAM-imagery-slider-952x600-15.png\" width=\"953\" height=\"600\" alt=\"\" loading=\"lazy\">\n\t\t\t\t\t\t\t\t<\/div>\n\t\t\t\t\t\t\t\t\t\t\t\t\t\t\t\t\t\t\t\t\t\t\t\t\t<div class=\"splide__slide\">\n\t\t\t\t\t\t\t\t\t<img decoding=\"async\" src=\"https:\/\/www.myallmeeting.com\/wp-content\/uploads\/2024\/07\/MAM-imagery-slider-952x600-16.png\" width=\"953\" height=\"600\" alt=\"\" loading=\"lazy\">\n\t\t\t\t\t\t\t\t<\/div>\n\t\t\t\t\t\t\t\t\t\t\t\t\t\t\t\t\t\t\t\t\t\t\t\t\t<div class=\"splide__slide\">\n\t\t\t\t\t\t\t\t\t<img decoding=\"async\" src=\"https:\/\/www.myallmeeting.com\/wp-content\/uploads\/2024\/07\/MAM-imagery-slider-952x600-17.png\" width=\"953\" height=\"600\" alt=\"\" loading=\"lazy\">\n\t\t\t\t\t\t\t\t<\/div>\n\t\t\t\t\t\t\t\t\t\t\t\t\t\t\t\t\t\t\t\t\t\t\t\t\t<div class=\"splide__slide\">\n\t\t\t\t\t\t\t\t\t<img decoding=\"async\" src=\"https:\/\/www.myallmeeting.com\/wp-content\/uploads\/2024\/07\/MAM-imagery-slider-952x600-18.png\" width=\"953\" height=\"600\" alt=\"\" loading=\"lazy\">\n\t\t\t\t\t\t\t\t<\/div>\n\t\t\t\t\t\t\t\t\t\t\t\t\t\t\t\t\t\t\t\t\t\t\t\t<\/div>\n\t\t\t\t\t\t<\/div>\n\t\t\t\t\t\t<div class=\"splide__arrows d-none d-lg-block\">\n\t\t\t\t\t\t\t<button class=\"splide__arrow splide__arrow--prev px-lg-3 py-lg-4 px-xl-4 py-xl-5 px-xxl-5 py-xxl-7 position-absolute l-0 bg-white border-0\">\n\t\t\t\t\t\t\t\t<svg width=\"14\" height=\"27\" aria-hidden=\"true\">\n\t\t\t\t\t\t\t\t\t<use xlink:href=\"https:\/\/www.myallmeeting.com\/wp-content\/themes\/accor\/assets\/images\/sprite.svg#slider-prev\"><\/use>\n\t\t\t\t\t\t\t\t<\/svg>\n\t\t\t\t\t\t\t<\/button>\n\t\t\t\t\t\t\t<button class=\"splide__arrow splide__arrow--next px-lg-3 py-lg-4 px-xl-4 py-xl-5 px-xxl-5 py-xxl-7 position-absolute r-0 bg-white border-0\">\n\t\t\t\t\t\t\t\t<svg width=\"14\" height=\"27\" aria-hidden=\"true\">\n\t\t\t\t\t\t\t\t\t<use xlink:href=\"https:\/\/www.myallmeeting.com\/wp-content\/themes\/accor\/assets\/images\/sprite.svg#slider-prev\"><\/use>\n\t\t\t\t\t\t\t\t<\/svg>\n\t\t\t\t\t\t\t<\/button>\n\t\t\t\t\t\t<\/div>\n\t\t\t\t\t<\/div>\n\t\t\t\t\t\t\t\t\t<\/div>\n\t\t\t\t\t\t\t\t\t<div class=\"text-image-slider__content d-none d-lg-block\">\n\t\t\t\t\t<!-- M\u00eame image -->\n\t\t\t\t\t<img decoding=\"async\" src=\"https:\/\/www.myallmeeting.com\/wp-content\/uploads\/2024\/08\/Mercure-Loudenvielle-Pyrenees-Peyragudes-1-633x398.jpg\" width=\"633\" height=\"398\" alt=\"\" loading=\"lazy\">\n\t\t\t\t<\/div>\n\t\t\t\t\t\t\t<\/div>\n\t\t<\/div>\n\t<\/div>\n<\/div>\n<!-- END OF : Composant : block-periscope-theme-section-composant-34-texte-image-slider.php -->\n\n\n<!-- START OF : Composant : block-periscope-theme-section-composant-33-texte-image.php -->\n<div class=\"text-image fs-wysiwyg mb-8 mb-lg-12\" data-component=\"33-texte-image\">\n\t<div class=\"container-fluid\" style=\"--bs-gutter-x: 0\">\n\t\t<div class=\"row\" style=\"--bs-gutter-x: 0\">\n\t\t\t\t\t\t<div class=\"col-lg-6 mb-7 mb-lg-0\">\n\t\t\t\t<img decoding=\"async\" src=\"https:\/\/www.myallmeeting.com\/wp-content\/uploads\/2024\/07\/Novotel-Thalassa-Le-Touquet-1-953x600.jpg\" width=\"953\" height=\"600\" alt=\"\" loading=\"lazy\" class=\"w-100\" \/>\n\t\t\t<\/div>\n\t\t\t\t\t\t<div class=\"col-lg-6\">\n\t\t\t\t<div class=\"text-image__content\">\n\t\t\t\t\t\t\t\t\t\t<div class=\"fw-semibold lh-xs fs-20 fs-lg-32 ls--25 mb-5\">Spok\u00f3j linii brzegowej<\/div>\n\t\t\t\t\t\t\t\t\t\t\t\t\t\t\t<div class=\"fs-wysiwyg\">\n\t\t\t\t\t\t<p><span>Odetchnijmy s\u0142onym morskim powietrzem i przyjrzyjmy si\u0119 trzem kluczowym zaletom wyboru lokalizacji nadmorskich:<\/span><\/p>\n<ol>\n<li><strong><span>Relaks i odnowa<\/span><\/strong><span>: Miejsca nad morzem s\u0105 z natury relaksuj\u0105ce. Uspokajaj\u0105cy szum fal i delikatna morska bryza tworz\u0105 idealne warunki do relaksu i odpr\u0119\u017cenia. Dzi\u0119ki temu jest to idealne miejsce na wyjazdy i wydarzenia o charakterze prozdrowotnym.<\/span><\/li>\n<li><strong><span>\u017bywa atmosfera<\/span><\/strong><span>: Miejscowo\u015bci nadmorskie na Lazurowym Wybrze\u017cu czy w Maroku cz\u0119sto t\u0119tni\u0105 energi\u0105. Bogata kultura, pyszna kuchnia i \u017cycie nocne mog\u0105 doda\u0107 odrobin\u0119 pikanterii Twojemu wydarzeniu, a uczestnicy b\u0119d\u0105 mieli co robi\u0107 w czasie wolnym.<\/span><\/li>\n<li><strong><span>Aktywno\u015bci i rekreacja w wodzie<\/span><\/strong><span>: W\u0142\u0105czenie do planu podr\u00f3\u017cy aktywno\u015bci zwi\u0105zanych z wod\u0105, takich jak \u017ceglarstwo, snorkeling czy gry pla\u017cowe, mo\u017ce by\u0107 \u015bwietnym sposobem na zacie\u015bnienie wi\u0119zi zespo\u0142owych i zbudowanie trwa\u0142ych wspomnie\u0144.<\/span><\/li>\n<\/ol>\n\t\t\t\t\t<\/div>\n\t\t\t\t\t\t\t\t\t<\/div>\n\t\t\t<\/div>        \n\t\t<\/div>\n\t<\/div>\n<\/div>\n<!-- END OF : Composant : block-periscope-theme-section-composant-33-texte-image.php -->\n\n\n<!-- START OF : Composant : block-periscope-theme-section-composant-34-texte-image-slider.php -->\n<!-- INVERSE -->\n<div class=\"text-image-slider fs-wysiwyg mb-8 mb-lg-12\" data-component=\"34-texte-image-slider\" data-reverse=\"oui\">\n<div class=\"container-fluid\" style=\"--bs-gutter-x: 0\">\n\t\t<div class=\"row\" style=\"--bs-gutter-x: 0\">\n\t\t\t<div class=\"col-lg-6\">\n\t\t\t\t<div class=\"text-image-slider__content mb-7 mb-lg-0\">\n\t\t\t\t\t\t\t\t\t\t<div class=\"fw-semibold lh-xs fs-20 fs-lg-32 ls--25 mb-5\">Hotele Accor z widokiem na morze i salami konferencyjnymi:<\/div>\n\t\t\t\t\t\t\t\t\t\t\t\t\t\t\t<div class=\"fs-wysiwyg\">\n\t\t\t\t\t\t<p><span><a href=\"https:\/\/myallmeeting.com\/pl\/hotel\/1987-mercure-san-sebastian-monte-igueldo\/\" target=\"_blank\" rel=\"noopener\"><strong>Mercure San Sebasti\u00e1n Monte Igueldo<\/strong><\/a><strong>\u00a0(Hiszpania)<\/strong><\/span><\/p>\n<ul>\n<li><strong><span>Basque Bliss<\/span><\/strong><span>: Hotel na g\u00f3rze Igueldo, z zachwycaj\u0105cym widokiem na morze i zatok\u0119 La Concha, idealnym na zdj\u0119cia nadmorskiego krajobrazu. Oferuje odkryty basen, kilka sal konferencyjnych i restauracj\u0119 serwuj\u0105c\u0105 dania kuchni baskijskiej. Po dniu pracy \u0142atwo dotrzesz do centrum miasta zabytkow\u0105 kolej\u0105 i zwiedzisz pi\u0119kne pla\u017ce San Sebasti\u00e1n oraz s\u0142ynn\u0105 kuchni\u0119 pintxo.<\/span><\/li>\n<\/ul>\n<p><span><a href=\"https:\/\/myallmeeting.com\/pl\/hotel\/1971-mercure-villa-romanazzi-carducci-bari\/\" target=\"_blank\" rel=\"noopener\"><strong>Mercure Villa Romanazzi Carducci Bari<\/strong><\/a><strong>\u00a0(W\u0142ochy)<\/strong><\/span><\/p>\n<ul>\n<li><strong><span>Pi\u0119kne Bari<\/span><\/strong><span>: Nasz hotel le\u017cy zaledwie 500 metr\u00f3w od centrum miasta, a zarazem oferuje wspania\u0142e widoki na wybrze\u017ce. Mamy a\u017c 20 sal konferencyjnych odpowiednich na ka\u017cd\u0105 okazj\u0119, si\u0142owni\u0119, spa i restauracj\u0119 Ristorante Carducci, w kt\u00f3rych mo\u017cna delektowa\u0107 si\u0119 z kolegami na koniec dnia. \u0141atwy dojazd z lotniska i blisko\u015b\u0107 zabytk\u00f3w sprawiaj\u0105, \u017ce jest to doskona\u0142y wyb\u00f3r na podr\u00f3\u017c s\u0142u\u017cbow\u0105 nad morze.<\/span><\/li>\n<\/ul>\n<p><span><a href=\"https:\/\/myallmeeting.com\/pl\/hotel\/b4t5-movenpick-hotel-the-hague\/\" target=\"_blank\" rel=\"noopener\"><strong>M\u00f6venpick Hotel The Hague<\/strong><\/a><strong>\u00a0(Holandia)<\/strong><\/span><\/p>\n<ul>\n<li><strong><span>Holenderski przysmak:\u00a0<\/span><\/strong><span>Nasz hotel z certyfikatem Green Globe po\u0142o\u017cony jest w doskona\u0142ej lokalizacji, blisko g\u0142\u00f3wnych atrakcji i relaksuj\u0105cych pla\u017c. Oferuje 72 nowoczesne pokoje, przestronne \u0142azienki z kabinami prysznicowymi i deszczownic\u0105, studio fitness oraz trzy wielofunkcyjne sale konferencyjne, idealne do spotka\u0144 biznesowych i wypoczynku.<\/span><\/li>\n<\/ul>\n<p><span><a href=\"https:\/\/myallmeeting.com\/pl\/hotel\/3040-pullman-timi-ama-sardegna\/\" target=\"_blank\" rel=\"noopener\"><strong>Pullman Almar Timi Ama Resort &amp; Spa<\/strong><\/a><strong>\u00a0(W\u0142ochy)<\/strong><\/span><\/p>\n<ul>\n<li><strong><span>Urzekaj\u0105cy wypoczynek nad Morzem Tyrre\u0144skim<\/span><\/strong><span>: 5-gwiazdkowy hotel po\u0142o\u017cony w po\u0142udniowo-wschodniej Sardynii, z widokiem na zatok\u0119 Porto Giunco. Obiekt oferuje doskona\u0142e mo\u017cliwo\u015bci zrobienia zdj\u0119\u0107 grupowych. Do dyspozycji go\u015bci s\u0105 cztery pi\u0119kne sale konferencyjne, kt\u00f3re mo\u017cna dobra\u0107 do liczby os\u00f3b bior\u0105cych udzia\u0142 w spotkaniu, morskie spa, pole golfowe. Oferujemy tak\u017ce wiele atrakcji na \u015bwie\u017cym powietrzu i okazji do udzia\u0142u w sportach wodnych. Daje to mn\u00f3stwo mo\u017cliwo\u015bci na zacie\u015bnianie wi\u0119zi zespo\u0142u.<\/span><\/li>\n<\/ul>\n<p><span><a href=\"https:\/\/myallmeeting.com\/pl\/hotel\/0449-novotel-thalassa-le-touquet\/\" target=\"_blank\" rel=\"noopener\"><strong>Novotel Thalassa Le Touquet<\/strong><\/a><strong>\u00a0(Francja)<\/strong><\/span><\/p>\n<ul>\n<li><strong><span>Per\u0142a Wybrze\u017ca Opalowego<\/span><\/strong><span>: Podziwiaj rozci\u0105gaj\u0105ce si\u0119 a\u017c po horyzont widoki na morze. Dzi\u0119ki dziewi\u0119ciu salom konferencyjnym, podgrzewanemu basenowi z wod\u0105 morsk\u0105, si\u0142owni, spa i zabiegom talasoterapii wod\u0105 morsk\u0105 jest to jedno z najbardziej wymarzonych miejsc na podr\u00f3\u017c s\u0142u\u017cbow\u0105. Po spotkaniach zesp\u00f3\u0142 mo\u017ce odpocz\u0105\u0107 przy szerokiej gamie zaj\u0119\u0107 prozdrowotnych lub wybra\u0107 si\u0119 na d\u0142ugi spacer po pi\u0119knej pla\u017cy, kt\u00f3ra jest zaledwie kilka krok\u00f3w obok.<\/span><\/li>\n<\/ul>\n\t\t\t\t\t<\/div>\n\t\t\t\t\t\t\t\t\t<\/div>\n\t\t\t\t\t\t\t\t<div class=\"text-center d-lg-none px-8\">\n\t\t\t\t\t<!-- M\u00eame image -->\n\t\t\t\t\t<img decoding=\"async\" src=\"https:\/\/www.myallmeeting.com\/wp-content\/uploads\/2024\/08\/Movenpick-The-Hague-2-633x398.jpg\" width=\"633\" height=\"398\" alt=\"\" loading=\"lazy\">\n\t\t\t\t<\/div>\n\t\t\t\t\t\t\t<\/div>        \n\t\t\t<div class=\"col-lg-6 order-first order-lg-last\">\n\t\t\t\t<div class=\"text-image-slider__slider mb-7 mb-lg-12\">\n\t\t\t\t\t\t\t\t\t\t<div class=\"splide\">\n\t\t\t\t\t\t<div class=\"splide__track\">\n\t\t\t\t\t\t\t<div class=\"splide__list\">\n\t\t\t\t\t\t\t\t\t\t\t\t\t\t\t\t<div class=\"splide__slide\">\n\t\t\t\t\t\t\t\t\t<img decoding=\"async\" src=\"https:\/\/www.myallmeeting.com\/wp-content\/uploads\/2024\/07\/MAM-imagery-slider-952x600-19.png\" width=\"953\" height=\"600\" alt=\"\" loading=\"lazy\">\n\t\t\t\t\t\t\t\t<\/div>\n\t\t\t\t\t\t\t\t\t\t\t\t\t\t\t\t\t\t\t\t\t\t\t\t\t<div class=\"splide__slide\">\n\t\t\t\t\t\t\t\t\t<img decoding=\"async\" src=\"https:\/\/www.myallmeeting.com\/wp-content\/uploads\/2024\/07\/MAM-imagery-slider-952x600-20.png\" width=\"953\" height=\"600\" alt=\"\" loading=\"lazy\">\n\t\t\t\t\t\t\t\t<\/div>\n\t\t\t\t\t\t\t\t\t\t\t\t\t\t\t\t\t\t\t\t\t\t\t\t\t<div class=\"splide__slide\">\n\t\t\t\t\t\t\t\t\t<img decoding=\"async\" src=\"https:\/\/www.myallmeeting.com\/wp-content\/uploads\/2024\/07\/MAM-imagery-slider-952x600-21.png\" width=\"953\" height=\"600\" alt=\"\" loading=\"lazy\">\n\t\t\t\t\t\t\t\t<\/div>\n\t\t\t\t\t\t\t\t\t\t\t\t\t\t\t\t\t\t\t\t\t\t\t\t\t<div class=\"splide__slide\">\n\t\t\t\t\t\t\t\t\t<img decoding=\"async\" src=\"https:\/\/www.myallmeeting.com\/wp-content\/uploads\/2024\/07\/MAM-imagery-slider-952x600-22.png\" width=\"953\" height=\"600\" alt=\"\" loading=\"lazy\">\n\t\t\t\t\t\t\t\t<\/div>\n\t\t\t\t\t\t\t\t\t\t\t\t\t\t\t\t\t\t\t\t\t\t\t\t\t<div class=\"splide__slide\">\n\t\t\t\t\t\t\t\t\t<img decoding=\"async\" src=\"https:\/\/www.myallmeeting.com\/wp-content\/uploads\/2024\/07\/MAM-imagery-slider-952x600-23.png\" width=\"953\" height=\"600\" alt=\"\" loading=\"lazy\">\n\t\t\t\t\t\t\t\t<\/div>\n\t\t\t\t\t\t\t\t\t\t\t\t\t\t\t\t\t\t\t\t\t\t\t\t<\/div>\n\t\t\t\t\t\t<\/div>\n\t\t\t\t\t\t<div class=\"splide__arrows d-none d-lg-block\">\n\t\t\t\t\t\t\t<button class=\"splide__arrow splide__arrow--prev px-lg-3 py-lg-4 px-xl-4 py-xl-5 px-xxl-5 py-xxl-7 position-absolute l-0 bg-white border-0\">\n\t\t\t\t\t\t\t\t<svg width=\"14\" height=\"27\" aria-hidden=\"true\">\n\t\t\t\t\t\t\t\t\t<use xlink:href=\"https:\/\/www.myallmeeting.com\/wp-content\/themes\/accor\/assets\/images\/sprite.svg#slider-prev\"><\/use>\n\t\t\t\t\t\t\t\t<\/svg>\n\t\t\t\t\t\t\t<\/button>\n\t\t\t\t\t\t\t<button class=\"splide__arrow splide__arrow--next px-lg-3 py-lg-4 px-xl-4 py-xl-5 px-xxl-5 py-xxl-7 position-absolute r-0 bg-white border-0\">\n\t\t\t\t\t\t\t\t<svg width=\"14\" height=\"27\" aria-hidden=\"true\">\n\t\t\t\t\t\t\t\t\t<use xlink:href=\"https:\/\/www.myallmeeting.com\/wp-content\/themes\/accor\/assets\/images\/sprite.svg#slider-prev\"><\/use>\n\t\t\t\t\t\t\t\t<\/svg>\n\t\t\t\t\t\t\t<\/button>\n\t\t\t\t\t\t<\/div>\n\t\t\t\t\t<\/div>\n\t\t\t\t\t\t\t\t\t<\/div>\n\t\t\t\t\t\t\t\t\t<div class=\"text-image-slider__content d-none d-lg-block\">\n\t\t\t\t\t<!-- M\u00eame image -->\n\t\t\t\t\t<img decoding=\"async\" src=\"https:\/\/www.myallmeeting.com\/wp-content\/uploads\/2024\/08\/Movenpick-The-Hague-2-633x398.jpg\" width=\"633\" height=\"398\" alt=\"\" loading=\"lazy\">\n\t\t\t\t<\/div>\n\t\t\t\t\t\t\t<\/div>\n\t\t<\/div>\n\t<\/div>\n<\/div>\n<!-- END OF : Composant : block-periscope-theme-section-composant-34-texte-image-slider.php -->\n\n\n<!-- START OF : Composant : block-periscope-theme-section-composant-33-texte-image.php -->\n<div class=\"text-image fs-wysiwyg mb-8 mb-lg-12\" data-component=\"33-texte-image\">\n\t<div class=\"container-fluid\" style=\"--bs-gutter-x: 0\">\n\t\t<div class=\"row\" style=\"--bs-gutter-x: 0\">\n\t\t\t\t\t\t<div class=\"col-lg-6 mb-7 mb-lg-0\">\n\t\t\t\t<img decoding=\"async\" src=\"https:\/\/www.myallmeeting.com\/wp-content\/uploads\/2024\/07\/Mountain-team-building-953x555.jpg\" width=\"953\" height=\"600\" alt=\"\" loading=\"lazy\" class=\"w-100\" \/>\n\t\t\t<\/div>\n\t\t\t\t\t\t<div class=\"col-lg-6\">\n\t\t\t\t<div class=\"text-image__content\">\n\t\t\t\t\t\t\t\t\t\t<div class=\"fw-semibold lh-xs fs-20 fs-lg-32 ls--25 mb-5\">Tworzenie niezapomnianych wra\u017ce\u0144 dla uczestnik\u00f3w<\/div>\n\t\t\t\t\t\t\t\t\t\t\t\t\t\t\t<div class=\"fs-wysiwyg\">\n\t\t\t\t\t\t<p><strong><span>Aktywno\u015bci sezonowe<\/span><\/strong><span>: Zaplanuj wydarzenia odpowiednio do pogody i lokalnych wydarze\u0144. Letnie wydarzenia w g\u00f3rach mog\u0105 obejmowa\u0107 w\u0119dr\u00f3wki piesze, wspinaczk\u0119 ska\u0142kow\u0105 i kolarstwo g\u00f3rskie. Nad morzem natomiast mo\u017cna uprawia\u0107 siatk\u00f3wk\u0119 pla\u017cow\u0105, sporty wodne i rejsy \u0142odzi\u0105. Latem nadmorskie miejscowo\u015bci cz\u0119sto organizuj\u0105 wiele lokalnych wydarze\u0144, w kt\u00f3rych uczestnicy mog\u0105 mi\u0142o sp\u0119dzi\u0107 czas wolny.<\/span><\/p>\n<p><strong><span>Integracja kulturowa:<\/span><\/strong><span>\u00a0Uatrakcyjnij wydarzenie poprzez integracj\u0119 lokalnej kultury i tradycji. Niezale\u017cnie od tego, czy b\u0119dzie to tradycyjny szwajcarski wiecz\u00f3r fondue w Alpach, czy wiecz\u00f3r muzyki maroka\u0144skiej nad morzem, kulturowe akcenty tego typu sprawi\u0105, \u017ce Twoje wydarzenie b\u0119dzie jeszcze bardziej wyj\u0105tkowe.<\/span><\/p>\n\t\t\t\t\t<\/div>\n\t\t\t\t\t\t\t\t\t<\/div>\n\t\t\t<\/div>        \n\t\t<\/div>\n\t<\/div>\n<\/div>\n<!-- END OF : Composant : block-periscope-theme-section-composant-33-texte-image.php -->\n\n\n<!-- START OF : Composant : block-periscope-theme-section-composant-33-texte-image.php -->\n<!-- INVERSE -->\n<div class=\"text-image fs-wysiwyg mb-8 mb-lg-12\" data-component=\"33-texte-image\" data-reverse=\"oui\">\n\t<div class=\"container-fluid\" style=\"--bs-gutter-x: 0\">\n\t\t<div class=\"row\" style=\"--bs-gutter-x: 0\">\n\t\t\t<div class=\"col-lg-6\">\n\t\t\t\t<div class=\"text-image__content\">\n\t\t\t\t\t\t\t\t\t\t<div class=\"fw-semibold lh-xs fs-20 fs-lg-32 ls--25 mb-5\">Jak Accor mo\u017ce pom\u00f3c<\/div>\n\t\t\t\t\t\t\t\t\t\t\t\t\t\t\t<div class=\"fs-wysiwyg\">\n\t\t\t\t\t\t<p><span>Accor to nie tylko dostawca obiekt\u00f3w konferencyjnych. Jeste\u015bmy ekspertami w dziedzinie rozszerzonej go\u015bcinno\u015bci &#8211; oferujemy kompleksowe wsparcie i konsultacje na rzecz os\u00f3b organizuj\u0105cych wydarzenia. Nasz zesp\u00f3\u0142 dok\u0142ada wszelkich stara\u0144, aby ka\u017cde wydarzenie, niezale\u017cnie od rozmiaru i bud\u017cetu, przebieg\u0142o perfekcyjnie. Rozumiemy unikatowe potrzeby zwi\u0105zane z r\u00f3\u017cnymi formatami wydarze\u0144. Jeste\u015bmy w stanie zapewni\u0107 dostosowane rozwi\u0105zania gwarantuj\u0105ce sukces.<\/span><\/p>\n<p><span>Nasze zaanga\u017cowanie na rzecz doskona\u0142o\u015bci wykracza poza zapewnianie pi\u0119knych lokalizacji. Oferujemy pe\u0142en zakres us\u0142ug obejmuj\u0105cy planowanie wydarze\u0144, koordynacj\u0119 na miejscu oraz opiek\u0119 po wydarzeniu. Zapewniamy w ten sam spos\u00f3b bezproblemow\u0105 realizacj\u0119 zdarzenia od pocz\u0105tku do ko\u0144ca. Dzi\u0119ki Accor mo\u017cesz mie\u0107 pewno\u015b\u0107, \u017ce ka\u017cdy szczeg\u00f3\u0142 zostanie dopracowany z najwy\u017csz\u0105 staranno\u015bci\u0105 i profesjonalizmem.<\/span><\/p>\n<p><strong><span>Podsumowanie<\/span><\/strong><\/p>\n<p><span>Wyb\u00f3r pomi\u0119dzy miejscem na letni\u0105 imprez\u0119 w g\u00f3rach a nad morzem nie musi by\u0107 decyzj\u0105 typu \u201calbo-albo\u201d. Dzi\u0119ki bogatemu portfolio Accor mo\u017cesz elastycznie tworzy\u0107 spersonalizowane wydarzenia, kt\u00f3re najlepiej odpowiedz\u0105 na Twoje potrzeby. Wykorzystywanie wyj\u0105tkowych atuty ka\u017cdej lokalizacji daje pewno\u015b\u0107, \u017ce wydarzenie b\u0119dzie nie tylko udane, ale i niezapomniane. Niezale\u017cnie od tego, czy szukasz spokojnego otoczenia g\u00f3r, czy ol\u015bniewaj\u0105cej energii wybrze\u017ca, obiekty Accor zapewniaj\u0105 idealne warunki na inspiracj\u0119 i zachwyt.<\/span><\/p>\n\t\t\t\t\t<\/div>\n\t\t\t\t\t\t\t\t\t<\/div>\n\t\t\t<\/div>    \n\t\t\t    \n\t\t\t<div class=\"col-lg-6 order-first order-lg-last mb-7 mb-lg-0\">\n\t\t\t\t<img decoding=\"async\" src=\"https:\/\/www.myallmeeting.com\/wp-content\/uploads\/2024\/07\/6568-72-1-953x600.jpg\" width=\"953\" height=\"600\" alt=\"\" loading=\"lazy\" class=\"w-100\" \/>\n\t\t\t<\/div>\n\t\t\t\t\t<\/div>\n\t<\/div>\n<\/div>\n<!-- END OF : Composant : block-periscope-theme-section-composant-33-texte-image.php -->\n","protected":false},"excerpt":{"rendered":"","protected":false},"featured_media":16557453,"menu_order":0,"template":"","periscope_categorie_tax":[],"class_list":["post-16557451","article","type-article","status-publish","has-post-thumbnail","hentry"],"acf":[],"yoast_head":"<title>Organizujesz wydarzenie latem i chcesz mie\u0107 widok na morze lub g\u00f3ry? - Accor MyAllMeeting.com<\/title>\n<meta name=\"robots\" content=\"index, follow, max-snippet:-1, max-image-preview:large, max-video-preview:-1\" \/>\n<link rel=\"canonical\" href=\"https:\/\/www.myallmeeting.com\/pl\/wp-json\/wp\/v2\/article\/16557451\" \/>\n<meta property=\"og:locale\" content=\"pl_PL\" \/>\n<meta property=\"og:type\" content=\"article\" \/>\n<meta property=\"og:title\" content=\"Organizujesz wydarzenie latem i chcesz mie\u0107 widok na morze lub g\u00f3ry? - Accor MyAllMeeting.com\" \/>\n<meta property=\"og:url\" content=\"https:\/\/www.myallmeeting.com\/pl\/article\/vue-mer-ou-montagne-pour-votre-evenement-estival\/\" \/>\n<meta property=\"og:site_name\" content=\"Accor MyAllMeeting.com\" \/>\n<meta property=\"article:modified_time\" content=\"2024-11-20T13:10:28+00:00\" \/>\n<meta property=\"og:image\" content=\"https:\/\/myallmeeting.com\/wp-content\/uploads\/2024\/08\/MAM-imagery-1920-x-570-px-Baniere-3.png\" \/>\n\t<meta property=\"og:image:width\" content=\"1920\" \/>\n\t<meta property=\"og:image:height\" content=\"570\" \/>\n\t<meta property=\"og:image:type\" content=\"image\/png\" \/>\n<meta name=\"twitter:card\" content=\"summary_large_image\" \/>\n<meta name=\"twitter:label1\" content=\"Est. reading time\" \/>\n\t<meta name=\"twitter:data1\" content=\"8 minutes\" \/>\n<script type=\"application\/ld+json\" class=\"yoast-schema-graph\">{\"@context\":\"https:\/\/schema.org\",\"@graph\":[{\"@type\":\"WebPage\",\"@id\":\"https:\/\/www.myallmeeting.com\/pl\/article\/vue-mer-ou-montagne-pour-votre-evenement-estival\/\",\"url\":\"https:\/\/www.myallmeeting.com\/pl\/article\/vue-mer-ou-montagne-pour-votre-evenement-estival\/\",\"name\":\"Organizujesz wydarzenie latem i chcesz mie\u0107 widok na morze lub g\u00f3ry? - Accor MyAllMeeting.com\",\"isPartOf\":{\"@id\":\"https:\/\/www.myallmeeting.com\/pl\/#website\"},\"primaryImageOfPage\":{\"@id\":\"https:\/\/www.myallmeeting.com\/pl\/article\/vue-mer-ou-montagne-pour-votre-evenement-estival\/#primaryimage\"},\"image\":{\"@id\":\"https:\/\/www.myallmeeting.com\/pl\/article\/vue-mer-ou-montagne-pour-votre-evenement-estival\/#primaryimage\"},\"thumbnailUrl\":\"https:\/\/www.myallmeeting.com\/wp-content\/uploads\/2024\/08\/MAM-imagery-1920-x-570-px-Baniere-3.png\",\"datePublished\":\"2024-08-06T10:28:50+00:00\",\"dateModified\":\"2024-11-20T13:10:28+00:00\",\"breadcrumb\":{\"@id\":\"https:\/\/www.myallmeeting.com\/pl\/article\/vue-mer-ou-montagne-pour-votre-evenement-estival\/#breadcrumb\"},\"inLanguage\":\"pl-PL\",\"potentialAction\":[{\"@type\":\"ReadAction\",\"target\":[\"https:\/\/www.myallmeeting.com\/pl\/article\/vue-mer-ou-montagne-pour-votre-evenement-estival\/\"]}]},{\"@type\":\"ImageObject\",\"inLanguage\":\"pl-PL\",\"@id\":\"https:\/\/www.myallmeeting.com\/pl\/article\/vue-mer-ou-montagne-pour-votre-evenement-estival\/#primaryimage\",\"url\":\"https:\/\/www.myallmeeting.com\/wp-content\/uploads\/2024\/08\/MAM-imagery-1920-x-570-px-Baniere-3.png\",\"contentUrl\":\"https:\/\/www.myallmeeting.com\/wp-content\/uploads\/2024\/08\/MAM-imagery-1920-x-570-px-Baniere-3.png\",\"width\":1920,\"height\":570},{\"@type\":\"BreadcrumbList\",\"@id\":\"https:\/\/www.myallmeeting.com\/pl\/article\/vue-mer-ou-montagne-pour-votre-evenement-estival\/#breadcrumb\",\"itemListElement\":[{\"@type\":\"ListItem\",\"position\":1,\"name\":\"Accueil\",\"item\":\"https:\/\/myallmeeting.com\/pl\/\"},{\"@type\":\"ListItem\",\"position\":2,\"name\":\"Article\",\"item\":\"https:\/\/www.myallmeeting.com\/pl\/article\/\"},{\"@type\":\"ListItem\",\"position\":3,\"name\":\"Organizujesz wydarzenie latem i chcesz mie\u0107 widok na morze lub g\u00f3ry?\"}]},{\"@type\":\"WebSite\",\"@id\":\"https:\/\/www.myallmeeting.com\/pl\/#website\",\"url\":\"https:\/\/www.myallmeeting.com\/pl\/\",\"name\":\"Accor MyAllMeeting.com\",\"description\":\"Les Meilleurs lieux pour vos Ev\u00e9nements Professionnels\",\"publisher\":{\"@id\":\"https:\/\/www.myallmeeting.com\/pl\/#organization\"},\"potentialAction\":[{\"@type\":\"SearchAction\",\"target\":{\"@type\":\"EntryPoint\",\"urlTemplate\":\"https:\/\/www.myallmeeting.com\/pl\/?s={search_term_string}\"},\"query-input\":{\"@type\":\"PropertyValueSpecification\",\"valueRequired\":true,\"valueName\":\"search_term_string\"}}],\"inLanguage\":\"pl-PL\"},{\"@type\":\"Organization\",\"@id\":\"https:\/\/www.myallmeeting.com\/pl\/#organization\",\"name\":\"ACCOR\",\"url\":\"https:\/\/www.myallmeeting.com\/pl\/\",\"logo\":{\"@type\":\"ImageObject\",\"inLanguage\":\"pl-PL\",\"@id\":\"https:\/\/www.myallmeeting.com\/pl\/#\/schema\/logo\/image\/\",\"url\":\"\",\"contentUrl\":\"\",\"caption\":\"ACCOR\"},\"image\":{\"@id\":\"https:\/\/www.myallmeeting.com\/pl\/#\/schema\/logo\/image\/\"}}]}<\/script>","yoast_head_json":{"title":"Organizujesz wydarzenie latem i chcesz mie\u0107 widok na morze lub g\u00f3ry? - Accor MyAllMeeting.com","robots":{"index":"index","follow":"follow","max-snippet":"max-snippet:-1","max-image-preview":"max-image-preview:large","max-video-preview":"max-video-preview:-1"},"canonical":"https:\/\/www.myallmeeting.com\/pl\/wp-json\/wp\/v2\/article\/16557451","og_locale":"pl_PL","og_type":"article","og_title":"Organizujesz wydarzenie latem i chcesz mie\u0107 widok na morze lub g\u00f3ry? - Accor MyAllMeeting.com","og_url":"https:\/\/www.myallmeeting.com\/pl\/article\/vue-mer-ou-montagne-pour-votre-evenement-estival\/","og_site_name":"Accor MyAllMeeting.com","article_modified_time":"2024-11-20T13:10:28+00:00","og_image":[{"width":1920,"height":570,"url":"https:\/\/myallmeeting.com\/wp-content\/uploads\/2024\/08\/MAM-imagery-1920-x-570-px-Baniere-3.png","type":"image\/png"}],"twitter_card":"summary_large_image","twitter_misc":{"Est. reading time":"8 minutes"},"schema":{"@context":"https:\/\/schema.org","@graph":[{"@type":"WebPage","@id":"https:\/\/www.myallmeeting.com\/pl\/article\/vue-mer-ou-montagne-pour-votre-evenement-estival\/","url":"https:\/\/www.myallmeeting.com\/pl\/article\/vue-mer-ou-montagne-pour-votre-evenement-estival\/","name":"Organizujesz wydarzenie latem i chcesz mie\u0107 widok na morze lub g\u00f3ry? - Accor MyAllMeeting.com","isPartOf":{"@id":"https:\/\/www.myallmeeting.com\/pl\/#website"},"primaryImageOfPage":{"@id":"https:\/\/www.myallmeeting.com\/pl\/article\/vue-mer-ou-montagne-pour-votre-evenement-estival\/#primaryimage"},"image":{"@id":"https:\/\/www.myallmeeting.com\/pl\/article\/vue-mer-ou-montagne-pour-votre-evenement-estival\/#primaryimage"},"thumbnailUrl":"https:\/\/www.myallmeeting.com\/wp-content\/uploads\/2024\/08\/MAM-imagery-1920-x-570-px-Baniere-3.png","datePublished":"2024-08-06T10:28:50+00:00","dateModified":"2024-11-20T13:10:28+00:00","breadcrumb":{"@id":"https:\/\/www.myallmeeting.com\/pl\/article\/vue-mer-ou-montagne-pour-votre-evenement-estival\/#breadcrumb"},"inLanguage":"pl-PL","potentialAction":[{"@type":"ReadAction","target":["https:\/\/www.myallmeeting.com\/pl\/article\/vue-mer-ou-montagne-pour-votre-evenement-estival\/"]}]},{"@type":"ImageObject","inLanguage":"pl-PL","@id":"https:\/\/www.myallmeeting.com\/pl\/article\/vue-mer-ou-montagne-pour-votre-evenement-estival\/#primaryimage","url":"https:\/\/www.myallmeeting.com\/wp-content\/uploads\/2024\/08\/MAM-imagery-1920-x-570-px-Baniere-3.png","contentUrl":"https:\/\/www.myallmeeting.com\/wp-content\/uploads\/2024\/08\/MAM-imagery-1920-x-570-px-Baniere-3.png","width":1920,"height":570},{"@type":"BreadcrumbList","@id":"https:\/\/www.myallmeeting.com\/pl\/article\/vue-mer-ou-montagne-pour-votre-evenement-estival\/#breadcrumb","itemListElement":[{"@type":"ListItem","position":1,"name":"Accueil","item":"https:\/\/myallmeeting.com\/pl\/"},{"@type":"ListItem","position":2,"name":"Article","item":"https:\/\/www.myallmeeting.com\/pl\/article\/"},{"@type":"ListItem","position":3,"name":"Organizujesz wydarzenie latem i chcesz mie\u0107 widok na morze lub g\u00f3ry?"}]},{"@type":"WebSite","@id":"https:\/\/www.myallmeeting.com\/pl\/#website","url":"https:\/\/www.myallmeeting.com\/pl\/","name":"Accor MyAllMeeting.com","description":"Les Meilleurs lieux pour vos Ev\u00e9nements Professionnels","publisher":{"@id":"https:\/\/www.myallmeeting.com\/pl\/#organization"},"potentialAction":[{"@type":"SearchAction","target":{"@type":"EntryPoint","urlTemplate":"https:\/\/www.myallmeeting.com\/pl\/?s={search_term_string}"},"query-input":{"@type":"PropertyValueSpecification","valueRequired":true,"valueName":"search_term_string"}}],"inLanguage":"pl-PL"},{"@type":"Organization","@id":"https:\/\/www.myallmeeting.com\/pl\/#organization","name":"ACCOR","url":"https:\/\/www.myallmeeting.com\/pl\/","logo":{"@type":"ImageObject","inLanguage":"pl-PL","@id":"https:\/\/www.myallmeeting.com\/pl\/#\/schema\/logo\/image\/","url":"","contentUrl":"","caption":"ACCOR"},"image":{"@id":"https:\/\/www.myallmeeting.com\/pl\/#\/schema\/logo\/image\/"}}]}},"_links":{"self":[{"href":"https:\/\/www.myallmeeting.com\/pl\/wp-json\/wp\/v2\/article\/16557451","targetHints":{"allow":["GET"]}}],"collection":[{"href":"https:\/\/www.myallmeeting.com\/pl\/wp-json\/wp\/v2\/article"}],"about":[{"href":"https:\/\/www.myallmeeting.com\/pl\/wp-json\/wp\/v2\/types\/article"}],"wp:featuredmedia":[{"embeddable":true,"href":"https:\/\/www.myallmeeting.com\/pl\/wp-json\/wp\/v2\/media\/16557453"}],"wp:attachment":[{"href":"https:\/\/www.myallmeeting.com\/pl\/wp-json\/wp\/v2\/media?parent=16557451"}],"wp:term":[{"taxonomy":"periscope_categorie_tax","embeddable":true,"href":"https:\/\/www.myallmeeting.com\/pl\/wp-json\/wp\/v2\/periscope_categorie_tax?post=16557451"}],"curies":[{"name":"wp","href":"https:\/\/api.w.org\/{rel}","templated":true}]}}