{"id":18645355,"date":"2025-03-21T12:48:23","date_gmt":"2025-03-21T11:48:23","guid":{"rendered":"https:\/\/myallmeeting.com\/?post_type=article&#038;p=18645355"},"modified":"2025-03-21T14:10:13","modified_gmt":"2025-03-21T13:10:13","slug":"novotel-o-swissotel-tra-modernita-e-raffinatezza-quale-stile-scegliere-per-i-vostri-eventi-b2b","status":"publish","type":"article","link":"https:\/\/www.myallmeeting.com\/it\/article\/novotel-o-swissotel-tra-modernita-e-raffinatezza-quale-stile-scegliere-per-i-vostri-eventi-b2b\/","title":{"rendered":"Novotel o Swiss\u00f4tel? Tra modernit\u00e0 e raffinatezza, quale stile scegliere per i vostri eventi B2B?"},"content":{"rendered":"<!-- START OF : Composant : block-periscope-theme-section-composant-25-texte-cta-2-images.php -->\n<div class=\"tcta2ia bg-white fs-wysiwyg mb-lg-12\" data-component=\"25-texte-cta-2-images\">\n\t<div class=\"tcta2ia__top\">\n\t\t<div class=\"container-fluid\" style=\"--bs-gutter-x: 0\">\n\t\t\t<div class=\"row\" style=\"--bs-gutter-x: 0\">\n\t\t\t\t<div class=\"col-lg-8\">\n\t\t\t\t\t\t\t\t\t\t<div class=\"bloc-mise-en-avant__top__left\">\n\t\t\t\t\t\t<img decoding=\"async\" src=\"https:\/\/www.myallmeeting.com\/wp-content\/uploads\/2025\/01\/novotel6-1-1268x846.jpeg\" class=\"pe-2 pe-lg-0\" width=\"1268\" height=\"846\" alt=\"Salle de r\u00e9union avec lumi\u00e8re naturelle\" loading=\"lazy\" \/>\n\t\t\t\t\t<\/div>\n\t\t\t\t\t\t\t\t\t\t<div class=\"tcta2ia__bottom d-none d-lg-block pb-12 pt-lg-9 pb-lg-0 pe-lg-10\">\n\t\t\t\t\t\t\t\t\t\t\t\t<h2 class=\"fs-20 fs-lg-32 fw-semibold\">Da NOVOTEL, la competenza B2B vi apre le sue porte.<\/h2>\n\t\t\t\t\t\t\t\t\t\t\t\t\t\t\t\t\t\t<div class=\"fs-wysiwyg\"><p>Il tempo dei vostri dipendenti \u00e8 prezioso! Ecco perch\u00e9 da Novotel puntiamo sul comfort e su un&#8217;offerta per riunioni professionali adatta alle vostre esigenze. Chiedeteci la luna, i nostri Business Ambassador sono qui per procurarvi le stelle. Team dedicati che garantiranno il successo dei vostri meeting professionali. Smart meeting* (riunioni intelligenti\u00b0), apparecchiature all&#8217;avanguardia, da Novotel avete la garanzia di avere accesso al <strong>miglior ambiente aziendale<\/strong>. Se state cercando sessioni di lavoro produttive per potenziare i vostri dipendenti, siete nel posto giusto.<\/p>\n<\/div>\n\t\t\t\t\t\t\t\t\t\t\t\t<div class=\"d-flex flex-column flex-lg-row align-items-center gap-5 gap-lg-8 justify-content-between\">\n\t\t\t\t\t\t\t<div class=\"fs-20 fs-lg-26 fw-semibold lh-xs\"><\/div>\n\t\t\t\t\t\t\t\t\t\t\t\t\t<\/div>\n\t\t\t\t\t<\/div>\n\t\t\t\t<\/div>\n\t\t\t\t<div class=\"col-lg-4\">\n\t\t\t\t\t<div class=\"tcta2ia__top__right t-0 r-0 bg-primary text-white pt-4 pb-4 px-2 pt-lg-8 pb-lg-16 px-lg-11 pb-xl-30\">\n\t\t\t\t\t\t\t\t\t\t\t\t\t\t\t\t\t\t<h2 class=\"unna fs-36 fs-lg-51 fs-xl-75 fs-italic fw-normal text-secondary\">Novotel o Swiss\u00f4tel?  Tra modernit\u00e0 e raffinatezza, quale stile scegliere per i vostri eventi B2B? <\/h2>\n\t\t\t\t\t\t\t\t\t\t\t\t\t\t\t\t\t\t<h3 class=\"text-white fs-18 fs-lg-20 fs-xl-28 text-original-case\">Che stiate cercando un ambiente moderno e accogliente o un&#039;eleganza senza tempo, i marchi Novotel e Swiss\u00f4tel sono riferimenti essenziali per i vostri eventi B2B.<\/h3>\n\t\t\t\t\t\t\t\t\t\t\t\t\t\t\t\t\t\t<div class=\"fs-wysiwyg mb-4 fs-lg-16 fs-xl-20\"><p>Noi di <strong>ALL \u2013 Accor Live Limitless<\/strong> facciamo tutto il possibile per organizzare riunioni di lavoro e seminari su misura. Lasciatevi guidare tra i nostri due brand di fascia media o premium, per offrire ai vostri dipendenti, clienti o partner un&#8217;esperienza di ospitalit\u00e0 B2B unica e personalizzata.<\/p>\n<\/div>\n\t\t\t\t\t\t\t\t\t\t\t\t\t\t\t\t\t\t\t\t\t\t\t\t<p class=\"m-0\"><img decoding=\"async\" src=\"https:\/\/www.myallmeeting.com\/wp-content\/uploads\/2025\/01\/aja_p_6951-98__3by2-633x398.jpeg\" class=\"position-relative l-0\" width=\"633\" height=\"398\" alt=\"Salle de r\u00e9union avec lumi\u00e8re naturelle\" loading=\"lazy\" \/><\/p>\n\t\t\t\t\t\t\t\t\t\t\t<\/div>\n\t\t\t\t<\/div>\n\t\t\t<\/div>\n\t\t<\/div>\n\t<\/div>\n\t<div class=\"tcta2ia__bottom d-lg-none pb-12 py-lg-9 pe-lg-10\">\n\t\t\t\t<div class=\"h2 fs-20 fs-lg-32 fw-semibold\">Da NOVOTEL, la competenza B2B vi apre le sue porte.<\/div>\n\t\t\t\t\t\t<div class=\"fs-wysiwyg\"><p>Il tempo dei vostri dipendenti \u00e8 prezioso! Ecco perch\u00e9 da Novotel puntiamo sul comfort e su un&#8217;offerta per riunioni professionali adatta alle vostre esigenze. Chiedeteci la luna, i nostri Business Ambassador sono qui per procurarvi le stelle. Team dedicati che garantiranno il successo dei vostri meeting professionali. Smart meeting* (riunioni intelligenti\u00b0), apparecchiature all&#8217;avanguardia, da Novotel avete la garanzia di avere accesso al <strong>miglior ambiente aziendale<\/strong>. Se state cercando sessioni di lavoro produttive per potenziare i vostri dipendenti, siete nel posto giusto.<\/p>\n<\/div>\n\t\t\t\t<div class=\"d-flex flex-column flex-lg-row align-items-center gap-5 gap-lg-8 justify-content-between\">\n\t\t\t<div class=\"fs-20 fs-lg-26 fw-semibold lh-xs\"><\/div>\n\t\t\t\t\t<\/div>\n\t<\/div>\n<\/div>\n<!-- END OF : Composant : block-periscope-theme-section-composant-25-texte-cta-2-images.php -->\n\n\n<!-- START OF : Composant : block-periscope-theme-section-composant-26-textes-slider-cta.php -->\n<div class=\"t3icta bg-white pb-12 mb-9 fs-wysiwyg\" data-component=\"26-textes-3-images-cta\">\n\t<div class=\"t3icta__top position-relative\">\n\t\t<div class=\"container-fluid\" style=\"--bs-gutter-x: 0\">\n\t\t\t<div class=\"row\" style=\"--bs-gutter-x: 0\">\n\t\t\t\t\t\t\t\t<div class=\"col-lg-6\">\n\t\t\t\t\t<div class=\"t3icta__slider\">\n\t\t\t\t\t\t<div class=\"splide\">\n\t\t\t\t\t\t\t<div class=\"splide__track\">\n\t\t\t\t\t\t\t\t<div class=\"splide__list\">\n\t\t\t\t\t\t\t\t\t\t\t\t\t\t\t\t\t\t\t<div class=\"splide__slide\">\n\t\t\t\t\t\t\t\t\t\t\t<img decoding=\"async\" src=\"https:\/\/www.myallmeeting.com\/wp-content\/uploads\/2025\/01\/aja_p_6753-29__original-953x600.jpeg\" width=\"953\" height=\"600\" alt=\"Salle de r\u00e9union novotel\" loading=\"lazy\" \/>\n\t\t\t\t\t\t\t\t\t\t<\/div>\n\t\t\t\t\t\t\t\t\t\t\t\t\t\t\t\t\t\n\t\t\t\t\t\t\t\t<\/div>\n\t\t\t\t\t\t\t<\/div>\n\t\t\t\t\t\t\t<div class=\"splide__arrows d-none d-lg-block\">\n\t\t\t\t\t\t\t\t<button class=\"splide__arrow splide__arrow--prev px-lg-3 py-lg-4 px-xl-4 py-xl-5 px-xxl-5 py-xxl-7 position-absolute l-0 bg-white border-0\">\n\t\t\t\t\t\t\t\t\t<svg width=\"14\" height=\"27\" aria-hidden=\"true\">\n\t\t\t\t\t\t\t\t\t\t<use xlink:href=\"https:\/\/www.myallmeeting.com\/wp-content\/themes\/accor\/assets\/images\/sprite.svg#slider-prev\"><\/use>\n\t\t\t\t\t\t\t\t\t<\/svg>\n\t\t\t\t\t\t\t\t<\/button>\n\t\t\t\t\t\t\t\t<button class=\"splide__arrow splide__arrow--next px-lg-3 py-lg-4 px-xl-4 py-xl-5 px-xxl-5 py-xxl-7 position-absolute r-0 bg-white border-0\">\n\t\t\t\t\t\t\t\t\t<svg width=\"14\" height=\"27\" aria-hidden=\"true\">\n\t\t\t\t\t\t\t\t\t\t<use xlink:href=\"https:\/\/www.myallmeeting.com\/wp-content\/themes\/accor\/assets\/images\/sprite.svg#slider-prev\"><\/use>\n\t\t\t\t\t\t\t\t\t<\/svg>\n\t\t\t\t\t\t\t\t<\/button>\n\t\t\t\t\t\t\t<\/div>\n\t\t\t\t\t\t<\/div>\n\t\t\t\t\t<\/div>\n\t\t\t\t<\/div>\n\t\t\t\t\t\t\t\t<div class=\"col-lg-6\">\n\t\t\t\t\t<div class=\"t3icta__top_right mb-lg-14 px-2 py-9 px-lg-11 py-lg-0\">\n\t\t\t\t\t\t\t\n\t\t\t\t\t\t<h2 class=\"fs-20 fs-lg-23 fs-xl-27 fs-xxl-30 fw-semibold\">I vantaggi di NOVOTEL<\/h2>\n\t\t\t\t\t\t\t\t\t\t\t\t\t\n\t\t\t\t\t\t<div class=\"fs-wysiwyg\">\n\t\t\t\t\t\t\t<p><strong>I nostri hotel e le nostre strutture<\/strong><\/p>\n<ul>\n<li><strong>Posizione strategica:<\/strong> centro citt\u00e0, vicinanza a stazioni ferroviarie e aeroporti.<\/li>\n<li><strong>Sale riunioni modulari:<\/strong> spazi adeguati, a partire da 50 mq.<\/li>\n<li><strong>Tecnologia avanzata:<\/strong> schermi LCD, proiettori e sistemi audio di alta qualit\u00e0.<\/li>\n<\/ul>\n\t\t\t\t\t\t<\/div>\n\t\t\t\t\t\t\t\t\t\t\t<\/div>\n\t\t\t\t<\/div>\n\t\t\t<\/div>\n\t\t<\/div>\n\t<\/div>\n\t<div class=\"t3icta__bottom bg-beige\">\n\t\t<div class=\"container-fluid\" style=\"--bs-gutter-x: 0\">\n\t\t\t<div class=\"row\" style=\"--bs-gutter-x: 0\">\n\t\t\t\t<div class=\"col-lg-5 offset-lg-1\">\n\t\t\t\t\t<div class=\"t3icta__bottom__left\">\n\t\t\t\t\t\t\t\t\t\t\t\t<img decoding=\"async\" src=\"https:\/\/www.myallmeeting.com\/wp-content\/uploads\/2025\/01\/novotel2-633x398.jpeg\" class=\"w-100 d-lg-none\" width=\"633\" height=\"398\" alt=\"\" loading=\"lazy\" \/> <!-- Ce sont les 2 m\u00eames images : ID 0 -->\n\t\t\t\t\t\t\t\t\t\t\t\t<div class=\"px-2 py-9 px-lg-0 py-lg-0\">\n\t\t\t\t\t\t\t\t\n\t\t\t\t\t\t\t<h2 class=\"fs-20 fs-lg-23 fs-xl-27 fs-xxl-30 fw-semibold\">I nostri servizi<\/h2>\n\t\t\t\t\t\t\t\t\t\t\t\t\t\t\t\n\t\t\t\t\t\t\t<div class=\"fs-wysiwyg mb-lg-15\">\n\t\t\t\t\t\t\t\t<ul>\n<li><strong>Ristorazione su misura<\/strong>: piatti da condividere o men\u00f9 completi.<\/li>\n<li><strong>Impegno eco-responsabile<\/strong>: riduzione della plastica, lavagne a fogli mobili in carta riciclata<\/li>\n<li><strong>Offerta relax<\/strong>: hub social, applicazione Calm per rilassarsi prima delle riunioni.<\/li>\n<\/ul>\n\t\t\t\t\t\t\t<\/div>\n\t\t\t\t\t\t\t\t\t\t\t\t\t<\/div>\n\t\t\t\t\t\t\t\t\t\t\t\t<div class=\"t3icta__bottom__img1 d-none d-lg-block text-end ms-lg-auto\">\n\t\t\t\t\t\t\t<img decoding=\"async\" src=\"https:\/\/www.myallmeeting.com\/wp-content\/uploads\/2025\/01\/novotel2-633x398.jpeg\" width=\"633\" height=\"398\" alt=\"\" loading=\"lazy\" \/> <!-- Ce sont les 2 m\u00eames images : ID 1 -->\n\t\t\t\t\t\t<\/div>\n\t\t\t\t\t\t\t\t\t\t\t<\/div>\n\t\t\t\t<\/div>\n\t\t\t\t<div class=\"col-lg-5\">\n\t\t\t\t\t<div class=\"ps-lg-10\">\n\t\t\t\t\t\t\t\t\t\t\t\t<img decoding=\"async\" src=\"https:\/\/www.myallmeeting.com\/wp-content\/uploads\/2025\/01\/novotel1-633x398.jpeg\" class=\"t3icta__bottom__img0 position-relative d-none d-lg-block mb-15\" width=\"633\" height=\"398\" alt=\"\" loading=\"lazy\" \/> <!-- Ce sont les 2 m\u00eames images : ID 0 -->\n\t\t\t\t\t\t\t\t\t\t\t\t<div class=\"px-2 px-lg-0 mb-9\">\n\t\t\t\t\t\t\t\t\n\t\t\t\t\t\t\t<h2 class=\"fs-20 fs-lg-23 fs-xl-27 fs-xxl-30 fw-semibold\">Quello che non troverete da nessun&#039;altra parte.<\/h2>\n\t\t\t\t\t\t\t\t\t\t\t\t\t\t\t\t\t\t\t\t\t<div class=\"fs-wysiwyg\">\n\t\t\t\t\t\t\t\t<ul>\n<li><strong>I Novotel Business Ambassador<\/strong> si prendono cura di tutto fin nei minimi dettagli. Un servizio personalizzato all-in-one che vi consente di rimanere concentrato su ci\u00f2 che conta di pi\u00f9: il successo e la produttivit\u00e0 del vostro incontro di lavoro. \u00b7<\/li>\n<li><strong>La nostra presenza: <\/strong>538 hotel con sale riunioni in tutto il mondo.<\/li>\n<\/ul>\n\t\t\t\t\t\t\t<\/div>\n\t\t\t\t\t\t\t\t\t\t\t\t\t<\/div>\n\t\t\t\t\t\t\t\t\t\t\t\t<div class=\"t3icta__bottom__img1 d-lg-none mx-auto\">\n\t\t\t\t\t\t\t<img decoding=\"async\" src=\"https:\/\/www.myallmeeting.com\/wp-content\/uploads\/2025\/01\/novotel1-633x398.jpeg\" width=\"633\" height=\"398\" alt=\"\" loading=\"lazy\" \/> <!-- Ce sont les 2 m\u00eames images : ID 1 -->\n\t\t\t\t\t\t<\/div>\n\t\t\t\t\t\t\t\t\t\t\t<\/div>\n\t\t\t\t<\/div>\n\t\t\t<\/div>\n\t\t<\/div>\n\t<\/div>\n\t<\/div>\n<!-- END OF : Composant : block-periscope-theme-section-composant-26-textes-slider-cta.php -->\n\n\n<!-- START OF : Composant : block-periscope-theme-section-composant-26-textes-slider-cta.php -->\n<div class=\"t3icta bg-white pb-12 mb-9 fs-wysiwyg\" data-component=\"26-textes-3-images-cta\">\n\t<div class=\"t3icta__top position-relative\">\n\t\t<div class=\"container-fluid\" style=\"--bs-gutter-x: 0\">\n\t\t\t<div class=\"row\" style=\"--bs-gutter-x: 0\">\n\t\t\t\t\t\t\t\t<div class=\"col-lg-6\">\n\t\t\t\t\t<div class=\"t3icta__slider\">\n\t\t\t\t\t\t<div class=\"splide\">\n\t\t\t\t\t\t\t<div class=\"splide__track\">\n\t\t\t\t\t\t\t\t<div class=\"splide__list\">\n\t\t\t\t\t\t\t\t\t\t\t\t\t\t\t\t\t\t\t<div class=\"splide__slide\">\n\t\t\t\t\t\t\t\t\t\t\t<img decoding=\"async\" src=\"https:\/\/www.myallmeeting.com\/wp-content\/uploads\/2025\/01\/eiffel1-953x600.jpeg\" width=\"953\" height=\"600\" alt=\"\" loading=\"lazy\" \/>\n\t\t\t\t\t\t\t\t\t\t<\/div>\n\t\t\t\t\t\t\t\t\t\t\t\t\t\t\t\t\t\n\t\t\t\t\t\t\t\t<\/div>\n\t\t\t\t\t\t\t<\/div>\n\t\t\t\t\t\t\t<div class=\"splide__arrows d-none d-lg-block\">\n\t\t\t\t\t\t\t\t<button class=\"splide__arrow splide__arrow--prev px-lg-3 py-lg-4 px-xl-4 py-xl-5 px-xxl-5 py-xxl-7 position-absolute l-0 bg-white border-0\">\n\t\t\t\t\t\t\t\t\t<svg width=\"14\" height=\"27\" aria-hidden=\"true\">\n\t\t\t\t\t\t\t\t\t\t<use xlink:href=\"https:\/\/www.myallmeeting.com\/wp-content\/themes\/accor\/assets\/images\/sprite.svg#slider-prev\"><\/use>\n\t\t\t\t\t\t\t\t\t<\/svg>\n\t\t\t\t\t\t\t\t<\/button>\n\t\t\t\t\t\t\t\t<button class=\"splide__arrow splide__arrow--next px-lg-3 py-lg-4 px-xl-4 py-xl-5 px-xxl-5 py-xxl-7 position-absolute r-0 bg-white border-0\">\n\t\t\t\t\t\t\t\t\t<svg width=\"14\" height=\"27\" aria-hidden=\"true\">\n\t\t\t\t\t\t\t\t\t\t<use xlink:href=\"https:\/\/www.myallmeeting.com\/wp-content\/themes\/accor\/assets\/images\/sprite.svg#slider-prev\"><\/use>\n\t\t\t\t\t\t\t\t\t<\/svg>\n\t\t\t\t\t\t\t\t<\/button>\n\t\t\t\t\t\t\t<\/div>\n\t\t\t\t\t\t<\/div>\n\t\t\t\t\t<\/div>\n\t\t\t\t<\/div>\n\t\t\t\t\t\t\t\t<div class=\"col-lg-6\">\n\t\t\t\t\t<div class=\"t3icta__top_right mb-lg-14 px-2 py-9 px-lg-11 py-lg-0\">\n\t\t\t\t\t\t\t\n\t\t\t\t\t\t<h2 class=\"fs-20 fs-lg-23 fs-xl-27 fs-xxl-30 fw-semibold\">Scoprite il nostro fiore all&#039;occhiello nel cuore di PARIGI: Novotel Parigi Torre Eiffel<\/h2>\n\t\t\t\t\t\t\t\t\t\t\t\t\t\n\t\t\t\t\t\t<div class=\"fs-wysiwyg\">\n\t\t\t\t\t\t\t<p>Vicino alla Torre Eiffel e nel cuore del dinamico quartiere Beaugrenelle, il <a href=\"https:\/\/myallmeeting.com\/it\/hotel\/3546-novotel-paris-centre-tour-eiffel\/\" target=\"_blank\" rel=\"noopener\">Novotel Paris Centre Tour Eiffel<\/a> ha una posizione strategica di fronte alla Senna. Ideale per i vostri eventi professionali e soggiorni d&#8217;affari a Parigi<\/p>\n\t\t\t\t\t\t<\/div>\n\t\t\t\t\t\t\t\t\t\t\t<\/div>\n\t\t\t\t<\/div>\n\t\t\t<\/div>\n\t\t<\/div>\n\t<\/div>\n\t<div class=\"t3icta__bottom bg-beige\">\n\t\t<div class=\"container-fluid\" style=\"--bs-gutter-x: 0\">\n\t\t\t<div class=\"row\" style=\"--bs-gutter-x: 0\">\n\t\t\t\t<div class=\"col-lg-5 offset-lg-1\">\n\t\t\t\t\t<div class=\"t3icta__bottom__left\">\n\t\t\t\t\t\t\t\t\t\t\t\t<img decoding=\"async\" src=\"https:\/\/www.myallmeeting.com\/wp-content\/uploads\/2025\/01\/eiffel3-633x398.jpeg\" class=\"w-100 d-lg-none\" width=\"633\" height=\"398\" alt=\"\" loading=\"lazy\" \/> <!-- Ce sont les 2 m\u00eames images : ID 0 -->\n\t\t\t\t\t\t\t\t\t\t\t\t<div class=\"px-2 py-9 px-lg-0 py-lg-0\">\n\t\t\t\t\t\t\t\t\t\t\t\t\t\t\t\n\t\t\t\t\t\t\t<div class=\"fs-wysiwyg mb-lg-15\">\n\t\t\t\t\t\t\t\t<ul>\n<li><strong>Infrastrutture pensate per i vostri incontri d&#8217;affari, convegni o seminari.<\/strong><\/li>\n<\/ul>\n<p>Con i suoi spazi completamente modulari e un anfiteatro che pu\u00f2 ospitare fino a 600 partecipanti, il <strong>Novotel Paris Tour Eiffel<\/strong> \u00e8 perfetto per accogliere i vostri dipendenti, clienti o partner in un ambiente stimolante e prestigioso.<\/p>\n<ul>\n<li><strong>Un ambiente che unisce relax e performance<\/strong><\/li>\n<\/ul>\n<p>Offrite ai vostri team un ambiente di lavoro unico grazie a spazi luminosi e moderni, ma anche momenti di benessere: un centro fitness con vista sulla Senna e una piscina sotto il tetto apribile per ricaricare le batterie dopo un&#8217;intensa giornata di lavoro.<\/p>\n<ul>\n<li><strong>Ristorazione e convivialit\u00e0<\/strong><\/li>\n<\/ul>\n<p>Sorprendete i vostri ospiti con un&#8217;esperienza culinaria al Benkay, il nostro ristorante di gastronomia giapponese dove gli chef preparano le loro creazioni davanti ai vostri occhi al Teppan Yaki.<\/p>\n<ul>\n<li><strong>Accessibilit\u00e0 ottimale<\/strong><\/li>\n<\/ul>\n<p>L&#8217;hotel \u00e8 facilmente raggiungibile, sia in auto grazie al nostro parcheggio coperto in loco (a pagamento) che con i mezzi pubblici: metropolitana Charles Michel (linea 10), metropolitana Bir Hakeim (linea 6) o RER C Gare de Javel.<\/p>\n\t\t\t\t\t\t\t<\/div>\n\t\t\t\t\t\t\t\t\t\t\t\t\t<\/div>\n\t\t\t\t\t\t\t\t\t\t\t\t<div class=\"t3icta__bottom__img1 d-none d-lg-block text-end ms-lg-auto\">\n\t\t\t\t\t\t\t<img decoding=\"async\" src=\"https:\/\/www.myallmeeting.com\/wp-content\/uploads\/2025\/01\/eiffel3-633x398.jpeg\" width=\"633\" height=\"398\" alt=\"\" loading=\"lazy\" \/> <!-- Ce sont les 2 m\u00eames images : ID 1 -->\n\t\t\t\t\t\t<\/div>\n\t\t\t\t\t\t\t\t\t\t\t<\/div>\n\t\t\t\t<\/div>\n\t\t\t\t<div class=\"col-lg-5\">\n\t\t\t\t\t<div class=\"ps-lg-10\">\n\t\t\t\t\t\t\t\t\t\t\t\t<img decoding=\"async\" src=\"https:\/\/www.myallmeeting.com\/wp-content\/uploads\/2025\/01\/eiffel2-633x398.jpeg\" class=\"t3icta__bottom__img0 position-relative d-none d-lg-block mb-15\" width=\"633\" height=\"398\" alt=\"\" loading=\"lazy\" \/> <!-- Ce sont les 2 m\u00eames images : ID 0 -->\n\t\t\t\t\t\t\t\t\t\t\t\t<div class=\"px-2 px-lg-0 mb-9\">\n\t\t\t\t\t\t\t\t\n\t\t\t\t\t\t\t<h2 class=\"fs-20 fs-lg-23 fs-xl-27 fs-xxl-30 fw-semibold\">I vantaggi B2B del Novotel Paris Tour Eiffel<\/h2>\n\t\t\t\t\t\t\t\t\t\t\t\t\t\t\t\t\t\t\t\t\t<div class=\"fs-wysiwyg\">\n\t\t\t\t\t\t\t\t<ul>\n<li><strong>Centro congressi<\/strong>: 3.000 mq per ogni tipo di evento, da 10 a 600 partecipanti.<\/li>\n<li><strong>Anfiteatro<\/strong>: 600 m\u00b2 per presentazioni di ampie dimensioni.<\/li>\n<li><strong>Vista sulla Senna:<\/strong> spazi per il pranzo piacevoli e stimolanti.<\/li>\n<li><strong>Riunioni ibride:<\/strong> accesso alla soluzione ALL CONNECT per una connettivit\u00e0 ottimale.<\/li>\n<\/ul>\n\t\t\t\t\t\t\t<\/div>\n\t\t\t\t\t\t\t\t\t\t\t\t\t<\/div>\n\t\t\t\t\t\t\t\t\t\t\t\t<div class=\"t3icta__bottom__img1 d-lg-none mx-auto\">\n\t\t\t\t\t\t\t<img decoding=\"async\" src=\"https:\/\/www.myallmeeting.com\/wp-content\/uploads\/2025\/01\/eiffel2-633x398.jpeg\" width=\"633\" height=\"398\" alt=\"\" loading=\"lazy\" \/> <!-- Ce sont les 2 m\u00eames images : ID 1 -->\n\t\t\t\t\t\t<\/div>\n\t\t\t\t\t\t\t\t\t\t\t<\/div>\n\t\t\t\t<\/div>\n\t\t\t<\/div>\n\t\t<\/div>\n\t<\/div>\n\t<\/div>\n<!-- END OF : Composant : block-periscope-theme-section-composant-26-textes-slider-cta.php -->\n\n\n<!-- START OF : Composant : block-periscope-theme-section-composant-33-texte-image.php -->\n<!-- INVERSE -->\n<div class=\"text-image fs-wysiwyg mb-8 mb-lg-12\" data-component=\"33-texte-image\" data-reverse=\"oui\">\n\t<div class=\"container-fluid\" style=\"--bs-gutter-x: 0\">\n\t\t<div class=\"row\" style=\"--bs-gutter-x: 0\">\n\t\t\t<div class=\"col-lg-6\">\n\t\t\t\t<div class=\"text-image__content\">\n\t\t\t\t\t\t\t\t\t\t<div class=\"fw-semibold lh-xs fs-20 fs-lg-32 ls--25 mb-5\">Con Swiss\u00f4tel, i vostri eventi B2B raggiungono il massimo dell&#039;eleganza<\/div>\n\t\t\t\t\t\t\t\t\t\t\t\t\t\t\t<div class=\"fs-wysiwyg\">\n\t\t\t\t\t\t<p>Fedele alla sua eredit\u00e0 svizzera, Swiss\u00f4tel si distingue per la sua raffinatezza, la sua attenzione al benessere e una raffinatezza incentrata sulla sostenibilit\u00e0. Nel rispetto delle tradizioni, questo marchio offre un ambiente di lavoro moderno, ispirato alla natura. Perfetto per vivere esperienze premium, dove cultura e dimensione artistica saranno al centro dell&#8217;attenzione.<\/p>\n\t\t\t\t\t<\/div>\n\t\t\t\t\t\t\t\t\t<\/div>\n\t\t\t<\/div>    \n\t\t\t    \n\t\t\t<div class=\"col-lg-6 order-first order-lg-last mb-7 mb-lg-0\">\n\t\t\t\t<img decoding=\"async\" src=\"https:\/\/www.myallmeeting.com\/wp-content\/uploads\/2025\/01\/swissotel1-953x600.jpeg\" width=\"953\" height=\"600\" alt=\"\" loading=\"lazy\" class=\"w-100\" \/>\n\t\t\t<\/div>\n\t\t\t\t\t<\/div>\n\t<\/div>\n<\/div>\n<!-- END OF : Composant : block-periscope-theme-section-composant-33-texte-image.php -->\n\n\n<!-- START OF : Composant : block-periscope-theme-section-composant-26-textes-slider-cta.php -->\n<div class=\"t3icta bg-white pb-12 mb-9 fs-wysiwyg\" data-component=\"26-textes-3-images-cta\">\n\t<div class=\"t3icta__top position-relative\">\n\t\t<div class=\"container-fluid\" style=\"--bs-gutter-x: 0\">\n\t\t\t<div class=\"row\" style=\"--bs-gutter-x: 0\">\n\t\t\t\t\t\t\t\t<div class=\"col-lg-6\">\n\t\t\t\t\t<div class=\"t3icta__slider\">\n\t\t\t\t\t\t<div class=\"splide\">\n\t\t\t\t\t\t\t<div class=\"splide__track\">\n\t\t\t\t\t\t\t\t<div class=\"splide__list\">\n\t\t\t\t\t\t\t\t\t\t\t\t\t\t\t\t\t\t\t<div class=\"splide__slide\">\n\t\t\t\t\t\t\t\t\t\t\t<img decoding=\"async\" src=\"https:\/\/www.myallmeeting.com\/wp-content\/uploads\/2025\/01\/b967_sm_00_p_2048x1536-953x600.jpg\" width=\"953\" height=\"600\" alt=\"\" loading=\"lazy\" \/>\n\t\t\t\t\t\t\t\t\t\t<\/div>\n\t\t\t\t\t\t\t\t\t\t\t\t\t\t\t\t\t\n\t\t\t\t\t\t\t\t<\/div>\n\t\t\t\t\t\t\t<\/div>\n\t\t\t\t\t\t\t<div class=\"splide__arrows d-none d-lg-block\">\n\t\t\t\t\t\t\t\t<button class=\"splide__arrow splide__arrow--prev px-lg-3 py-lg-4 px-xl-4 py-xl-5 px-xxl-5 py-xxl-7 position-absolute l-0 bg-white border-0\">\n\t\t\t\t\t\t\t\t\t<svg width=\"14\" height=\"27\" aria-hidden=\"true\">\n\t\t\t\t\t\t\t\t\t\t<use xlink:href=\"https:\/\/www.myallmeeting.com\/wp-content\/themes\/accor\/assets\/images\/sprite.svg#slider-prev\"><\/use>\n\t\t\t\t\t\t\t\t\t<\/svg>\n\t\t\t\t\t\t\t\t<\/button>\n\t\t\t\t\t\t\t\t<button class=\"splide__arrow splide__arrow--next px-lg-3 py-lg-4 px-xl-4 py-xl-5 px-xxl-5 py-xxl-7 position-absolute r-0 bg-white border-0\">\n\t\t\t\t\t\t\t\t\t<svg width=\"14\" height=\"27\" aria-hidden=\"true\">\n\t\t\t\t\t\t\t\t\t\t<use xlink:href=\"https:\/\/www.myallmeeting.com\/wp-content\/themes\/accor\/assets\/images\/sprite.svg#slider-prev\"><\/use>\n\t\t\t\t\t\t\t\t\t<\/svg>\n\t\t\t\t\t\t\t\t<\/button>\n\t\t\t\t\t\t\t<\/div>\n\t\t\t\t\t\t<\/div>\n\t\t\t\t\t<\/div>\n\t\t\t\t<\/div>\n\t\t\t\t\t\t\t\t<div class=\"col-lg-6\">\n\t\t\t\t\t<div class=\"t3icta__top_right mb-lg-14 px-2 py-9 px-lg-11 py-lg-0\">\n\t\t\t\t\t\t\t\n\t\t\t\t\t\t<h2 class=\"fs-20 fs-lg-23 fs-xl-27 fs-xxl-30 fw-semibold\">I vantaggi di SWISS\u00d4TEL<\/h2>\n\t\t\t\t\t\t\t\t\t\t\t\t\t\n\t\t\t\t\t\t<div class=\"fs-wysiwyg\">\n\t\t\t\t\t\t\t<p><strong>I nostri hotel e le nostre strutture:<\/strong><\/p>\n<ul>\n<li><strong>Leader in RSI: <\/strong>Il 100% degli hotel certificati ecologici.<\/li>\n<li><strong>Posizione strategica:<\/strong> centro citt\u00e0, vicinanza a stazioni ferroviarie e aeroporti.<\/li>\n<li><strong>Sale modulari e luminose:<\/strong> spazi adatti a ogni tipo di evento.<\/li>\n<\/ul>\n\t\t\t\t\t\t<\/div>\n\t\t\t\t\t\t\t\t\t\t\t<\/div>\n\t\t\t\t<\/div>\n\t\t\t<\/div>\n\t\t<\/div>\n\t<\/div>\n\t<div class=\"t3icta__bottom bg-beige\">\n\t\t<div class=\"container-fluid\" style=\"--bs-gutter-x: 0\">\n\t\t\t<div class=\"row\" style=\"--bs-gutter-x: 0\">\n\t\t\t\t<div class=\"col-lg-5 offset-lg-1\">\n\t\t\t\t\t<div class=\"t3icta__bottom__left\">\n\t\t\t\t\t\t\t\t\t\t\t\t<img decoding=\"async\" src=\"https:\/\/www.myallmeeting.com\/wp-content\/uploads\/2025\/01\/swissotel2-633x398.jpeg\" class=\"w-100 d-lg-none\" width=\"633\" height=\"398\" alt=\"\" loading=\"lazy\" \/> <!-- Ce sont les 2 m\u00eames images : ID 0 -->\n\t\t\t\t\t\t\t\t\t\t\t\t<div class=\"px-2 py-9 px-lg-0 py-lg-0\">\n\t\t\t\t\t\t\t\t\n\t\t\t\t\t\t\t<h2 class=\"fs-20 fs-lg-23 fs-xl-27 fs-xxl-30 fw-semibold\">I nostri servizi:<\/h2>\n\t\t\t\t\t\t\t\t\t\t\t\t\t\t\t\n\t\t\t\t\t\t\t<div class=\"fs-wysiwyg mb-lg-15\">\n\t\t\t\t\t\t\t\t<ul>\n<li><strong>Accoglienza personalizzata:<\/strong> servizio concierge e supporto su misura.<\/li>\n<li><strong>Cucina varia:<\/strong> dal locale al gourmet.<\/li>\n<li><strong>Pausa caff\u00e8 Vitality:<\/strong> pause energetiche per aumentare la produttivit\u00e0.<\/li>\n<\/ul>\n\t\t\t\t\t\t\t<\/div>\n\t\t\t\t\t\t\t\t\t\t\t\t\t<\/div>\n\t\t\t\t\t\t\t\t\t\t\t\t<div class=\"t3icta__bottom__img1 d-none d-lg-block text-end ms-lg-auto\">\n\t\t\t\t\t\t\t<img decoding=\"async\" src=\"https:\/\/www.myallmeeting.com\/wp-content\/uploads\/2025\/01\/swissotel2-633x398.jpeg\" width=\"633\" height=\"398\" alt=\"\" loading=\"lazy\" \/> <!-- Ce sont les 2 m\u00eames images : ID 1 -->\n\t\t\t\t\t\t<\/div>\n\t\t\t\t\t\t\t\t\t\t\t<\/div>\n\t\t\t\t<\/div>\n\t\t\t\t<div class=\"col-lg-5\">\n\t\t\t\t\t<div class=\"ps-lg-10\">\n\t\t\t\t\t\t\t\t\t\t\t\t<img decoding=\"async\" src=\"https:\/\/www.myallmeeting.com\/wp-content\/uploads\/2025\/01\/b4s4_sm_00_p_2048x1536-633x398.jpg\" class=\"t3icta__bottom__img0 position-relative d-none d-lg-block mb-15\" width=\"633\" height=\"398\" alt=\"\" loading=\"lazy\" \/> <!-- Ce sont les 2 m\u00eames images : ID 0 -->\n\t\t\t\t\t\t\t\t\t\t\t\t<div class=\"px-2 px-lg-0 mb-9\">\n\t\t\t\t\t\t\t\t\n\t\t\t\t\t\t\t<h2 class=\"fs-20 fs-lg-23 fs-xl-27 fs-xxl-30 fw-semibold\">Ci\u00f2 che non troverete da nessun&#039;altra parte:<\/h2>\n\t\t\t\t\t\t\t\t\t\t\t\t\t\t\t\t\t\t\t\t\t<div class=\"fs-wysiwyg\">\n\t\t\t\t\t\t\t\t<ul>\n<li><strong>Spazi di lavoro ispirati alla natura<\/strong> per rilassanti riunioni di lavoro.<\/li>\n<\/ul>\n\t\t\t\t\t\t\t<\/div>\n\t\t\t\t\t\t\t\t\t\t\t\t\t<\/div>\n\t\t\t\t\t\t\t\t\t\t\t\t<div class=\"t3icta__bottom__img1 d-lg-none mx-auto\">\n\t\t\t\t\t\t\t<img decoding=\"async\" src=\"https:\/\/www.myallmeeting.com\/wp-content\/uploads\/2025\/01\/b4s4_sm_00_p_2048x1536-633x398.jpg\" width=\"633\" height=\"398\" alt=\"\" loading=\"lazy\" \/> <!-- Ce sont les 2 m\u00eames images : ID 1 -->\n\t\t\t\t\t\t<\/div>\n\t\t\t\t\t\t\t\t\t\t\t<\/div>\n\t\t\t\t<\/div>\n\t\t\t<\/div>\n\t\t<\/div>\n\t<\/div>\n\t<\/div>\n<!-- END OF : Composant : block-periscope-theme-section-composant-26-textes-slider-cta.php -->\n\n\n<!-- START OF : Composant : block-periscope-theme-section-composant-26-textes-slider-cta.php -->\n<div class=\"t3icta bg-white pb-12 mb-9 fs-wysiwyg\" data-component=\"26-textes-3-images-cta\">\n\t<div class=\"t3icta__top position-relative\">\n\t\t<div class=\"container-fluid\" style=\"--bs-gutter-x: 0\">\n\t\t\t<div class=\"row\" style=\"--bs-gutter-x: 0\">\n\t\t\t\t\t\t\t\t<div class=\"col-lg-6\">\n\t\t\t\t\t<div class=\"t3icta__slider\">\n\t\t\t\t\t\t<div class=\"splide\">\n\t\t\t\t\t\t\t<div class=\"splide__track\">\n\t\t\t\t\t\t\t\t<div class=\"splide__list\">\n\t\t\t\t\t\t\t\t\t\t\t\t\t\t\t\t\t\t\t<div class=\"splide__slide\">\n\t\t\t\t\t\t\t\t\t\t\t<img decoding=\"async\" src=\"https:\/\/www.myallmeeting.com\/wp-content\/uploads\/2025\/01\/aja_p_6017-48__original-953x600.jpeg\" width=\"953\" height=\"600\" alt=\"\" loading=\"lazy\" \/>\n\t\t\t\t\t\t\t\t\t\t<\/div>\n\t\t\t\t\t\t\t\t\t\t\t\t\t\t\t\t\t\n\t\t\t\t\t\t\t\t<\/div>\n\t\t\t\t\t\t\t<\/div>\n\t\t\t\t\t\t\t<div class=\"splide__arrows d-none d-lg-block\">\n\t\t\t\t\t\t\t\t<button class=\"splide__arrow splide__arrow--prev px-lg-3 py-lg-4 px-xl-4 py-xl-5 px-xxl-5 py-xxl-7 position-absolute l-0 bg-white border-0\">\n\t\t\t\t\t\t\t\t\t<svg width=\"14\" height=\"27\" aria-hidden=\"true\">\n\t\t\t\t\t\t\t\t\t\t<use xlink:href=\"https:\/\/www.myallmeeting.com\/wp-content\/themes\/accor\/assets\/images\/sprite.svg#slider-prev\"><\/use>\n\t\t\t\t\t\t\t\t\t<\/svg>\n\t\t\t\t\t\t\t\t<\/button>\n\t\t\t\t\t\t\t\t<button class=\"splide__arrow splide__arrow--next px-lg-3 py-lg-4 px-xl-4 py-xl-5 px-xxl-5 py-xxl-7 position-absolute r-0 bg-white border-0\">\n\t\t\t\t\t\t\t\t\t<svg width=\"14\" height=\"27\" aria-hidden=\"true\">\n\t\t\t\t\t\t\t\t\t\t<use xlink:href=\"https:\/\/www.myallmeeting.com\/wp-content\/themes\/accor\/assets\/images\/sprite.svg#slider-prev\"><\/use>\n\t\t\t\t\t\t\t\t\t<\/svg>\n\t\t\t\t\t\t\t\t<\/button>\n\t\t\t\t\t\t\t<\/div>\n\t\t\t\t\t\t<\/div>\n\t\t\t\t\t<\/div>\n\t\t\t\t<\/div>\n\t\t\t\t\t\t\t\t<div class=\"col-lg-6\">\n\t\t\t\t\t<div class=\"t3icta__top_right mb-lg-14 px-2 py-9 px-lg-11 py-lg-0\">\n\t\t\t\t\t\t\t\n\t\t\t\t\t\t<h2 class=\"fs-20 fs-lg-23 fs-xl-27 fs-xxl-30 fw-semibold\">Scoprite il nostro flagship: Swiss\u00f4tel Tallinn<\/h2>\n\t\t\t\t\t\t\t\t\t\t\t\t\t\n\t\t\t\t\t\t<div class=\"fs-wysiwyg\">\n\t\t\t\t\t\t\t<p>Benvenuti allo <a href=\"https:\/\/myallmeeting.com\/it\/hotel\/a5d1-swissotel-tallinn\/\" target=\"_blank\" rel=\"noopener\">Swiss\u00f4tel Tallinn<\/a>, nella capitale estone dove il lusso si unisce a un&#8217;esigente politica eco-responsabile. Situato nell&#8217;edificio pi\u00f9 grande della citt\u00e0, questo hotel offre viste mozzafiato e servizi premium per eventi B2B internazionali.<\/p>\n<ul>\n<li><strong>Benvenuti alle vostre conferenze XXL.<\/strong><\/li>\n<\/ul>\n<p>Con una superficie di 481 m\u00b2, la nostra sala da ballo pu\u00f2 ospitare fino a 500 persone. Dotata di <strong>7 cabine di traduzione integrate<\/strong>, offre un vantaggio decisivo per le grandi conferenze internazionali.<\/p>\n<ul>\n<li><strong>7 sale congressi modulari<\/strong><\/li>\n<\/ul>\n<p>I nostri spazi per riunioni sono dotati di partizioni flessibili che consentono di adattare la configurazione in base alle vostre esigenze: creare spazi pi\u00f9 ampi o dividere le stanze per workshop o sottogruppi.<\/p>\n<ul><\/ul>\n\t\t\t\t\t\t<\/div>\n\t\t\t\t\t\t\t\t\t\t\t<\/div>\n\t\t\t\t<\/div>\n\t\t\t<\/div>\n\t\t<\/div>\n\t<\/div>\n\t<div class=\"t3icta__bottom bg-beige\">\n\t\t<div class=\"container-fluid\" style=\"--bs-gutter-x: 0\">\n\t\t\t<div class=\"row\" style=\"--bs-gutter-x: 0\">\n\t\t\t\t<div class=\"col-lg-5 offset-lg-1\">\n\t\t\t\t\t<div class=\"t3icta__bottom__left\">\n\t\t\t\t\t\t\t\t\t\t\t\t<img decoding=\"async\" src=\"https:\/\/www.myallmeeting.com\/wp-content\/uploads\/2025\/01\/a5d1_ho_02_p_2048x1536-633x398.jpg\" class=\"w-100 d-lg-none\" width=\"633\" height=\"398\" alt=\"\" loading=\"lazy\" \/> <!-- Ce sont les 2 m\u00eames images : ID 0 -->\n\t\t\t\t\t\t\t\t\t\t\t\t<div class=\"px-2 py-9 px-lg-0 py-lg-0\">\n\t\t\t\t\t\t\t\t\t\t\t\t\t\t\t\n\t\t\t\t\t\t\t<div class=\"fs-wysiwyg mb-lg-15\">\n\t\t\t\t\t\t\t\t<ul>\n<li><strong>Un piano dedicato ai vostri eventi pi\u00f9 delicati.<\/strong><\/li>\n<\/ul>\n<p>Situato all&#8217;ultimo piano dell&#8217;hotel, il nostro piano conferenze \u00e8 accessibile solo tramite ascensore, garantendo <strong>sicurezza e riservatezza<\/strong> per le delegazioni governative o le aziende sensibili alla discrezione.<\/p>\n<ul>\n<li><strong>Una terrazza esterna eccezionale.<\/strong><\/li>\n<\/ul>\n<p>Al 6\u00b0 piano, scoprite la terrazza per momenti di relax o ricevimenti all&#8217;aperto. Perfetto per i cocktail, \u00e8 accessibile durante le giornate soleggiate.<\/p>\n<ul>\n<li><strong>Un elegante foyer per i vostri ricevimenti<\/strong><\/li>\n<\/ul>\n<p>Il nostro foyer, dal design raffinato, ospiter\u00e0 i vostri seminari o ricevimenti. Il suo design accurato riduce al minimo la necessit\u00e0 di decorazioni aggiuntive.<\/p>\n<ul>\n<li><strong>Opzioni di ristorazione su misura<\/strong><\/li>\n<\/ul>\n<p>Il nostro team di chef specializzati in conferenze e banchetti \u00e8 <strong>altamente flessibile<\/strong>, pronto a creare menu personalizzati in base alle vostre esigenze specifiche. Potrete inoltre gustare la cucina dell&#8217;Horisont Restaurant &amp; Bar, stellato Michelin.<\/p>\n\t\t\t\t\t\t\t<\/div>\n\t\t\t\t\t\t\t\t\t\t\t\t\t<\/div>\n\t\t\t\t\t\t\t\t\t\t\t\t<div class=\"t3icta__bottom__img1 d-none d-lg-block text-end ms-lg-auto\">\n\t\t\t\t\t\t\t<img decoding=\"async\" src=\"https:\/\/www.myallmeeting.com\/wp-content\/uploads\/2025\/01\/a5d1_ho_02_p_2048x1536-633x398.jpg\" width=\"633\" height=\"398\" alt=\"\" loading=\"lazy\" \/> <!-- Ce sont les 2 m\u00eames images : ID 1 -->\n\t\t\t\t\t\t<\/div>\n\t\t\t\t\t\t\t\t\t\t\t<\/div>\n\t\t\t\t<\/div>\n\t\t\t\t<div class=\"col-lg-5\">\n\t\t\t\t\t<div class=\"ps-lg-10\">\n\t\t\t\t\t\t\t\t\t\t\t\t<img decoding=\"async\" src=\"https:\/\/www.myallmeeting.com\/wp-content\/uploads\/2025\/01\/a5d1_sm_03_p_2048x1536-633x398.jpg\" class=\"t3icta__bottom__img0 position-relative d-none d-lg-block mb-15\" width=\"633\" height=\"398\" alt=\"\" loading=\"lazy\" \/> <!-- Ce sont les 2 m\u00eames images : ID 0 -->\n\t\t\t\t\t\t\t\t\t\t\t\t<div class=\"px-2 px-lg-0 mb-9\">\n\t\t\t\t\t\t\t\t\n\t\t\t\t\t\t\t<h2 class=\"fs-20 fs-lg-23 fs-xl-27 fs-xxl-30 fw-semibold\">I vantaggi B2B di Swiss\u00f4tel Tallinn<\/h2>\n\t\t\t\t\t\t\t\t\t\t\t\t\t\t\t\t\t\t\t\t\t<div class=\"fs-wysiwyg\">\n\t\t\t\t\t\t\t\t<ul>\n<li><strong>Sale conferenze modulari:<\/strong> perfette per eventi su misura.<\/li>\n<li><strong>Riservatezza garantita:<\/strong> premium floor e politica di esclusivit\u00e0.<\/li>\n<li><strong>Ristorazione personalizzata:<\/strong> men\u00f9 adeguati alle vostre esigenze specifiche.<\/li>\n<li><strong>Foyer per conferenze premium:<\/strong> ideale per ospitare i vostri ricevimenti.<\/li>\n<\/ul>\n\t\t\t\t\t\t\t<\/div>\n\t\t\t\t\t\t\t\t\t\t\t\t\t<\/div>\n\t\t\t\t\t\t\t\t\t\t\t\t<div class=\"t3icta__bottom__img1 d-lg-none mx-auto\">\n\t\t\t\t\t\t\t<img decoding=\"async\" src=\"https:\/\/www.myallmeeting.com\/wp-content\/uploads\/2025\/01\/a5d1_sm_03_p_2048x1536-633x398.jpg\" width=\"633\" height=\"398\" alt=\"\" loading=\"lazy\" \/> <!-- Ce sont les 2 m\u00eames images : ID 1 -->\n\t\t\t\t\t\t<\/div>\n\t\t\t\t\t\t\t\t\t\t\t<\/div>\n\t\t\t\t<\/div>\n\t\t\t<\/div>\n\t\t<\/div>\n\t<\/div>\n\t<\/div>\n<!-- END OF : Composant : block-periscope-theme-section-composant-26-textes-slider-cta.php -->\n\n\n<!-- START OF : Composant : block-periscope-theme-section-composant-33-texte-image.php -->\n<!-- INVERSE -->\n<div class=\"text-image fs-wysiwyg mb-8 mb-lg-12\" data-component=\"33-texte-image\" data-reverse=\"oui\">\n\t<div class=\"container-fluid\" style=\"--bs-gutter-x: 0\">\n\t\t<div class=\"row\" style=\"--bs-gutter-x: 0\">\n\t\t\t<div class=\"col-lg-6\">\n\t\t\t\t<div class=\"text-image__content\">\n\t\t\t\t\t\t\t\t\t\t\t\t\t\t\t<div class=\"fs-wysiwyg\">\n\t\t\t\t\t\t<p>Con Novotel e Swiss\u00f4tel, <strong>ALL \u2013 Accor Live Limitless<\/strong> ti offre la scelta per i vostri eventi professionali tra <strong>modernit\u00e0 e produttivit\u00e0<\/strong> da un lato o <strong>raffinatezza e benessere<\/strong> dall&#8217;altro, ogni marchio porta la sua firma unica per soddisfare le tue esigenze B2B. Contattate i nostri team per pianificare il vostro prossimo evento e vivere un&#8217;esperienza di ospitalit\u00e0 indimenticabile con i vostri clienti, partner o collaboratori.<\/p>\n\t\t\t\t\t<\/div>\n\t\t\t\t\t\t\t\t\t<\/div>\n\t\t\t<\/div>    \n\t\t\t    \n\t\t\t<div class=\"col-lg-6 order-first order-lg-last mb-7 mb-lg-0\">\n\t\t\t\t<img decoding=\"async\" src=\"https:\/\/www.myallmeeting.com\/wp-content\/uploads\/2025\/01\/aja_p_7139-42__original-953x600.jpeg\" width=\"953\" height=\"600\" alt=\"swiss\u00f4tel\" loading=\"lazy\" class=\"w-100\" \/>\n\t\t\t<\/div>\n\t\t\t\t\t<\/div>\n\t<\/div>\n<\/div>\n<!-- END OF : Composant : block-periscope-theme-section-composant-33-texte-image.php -->\n","protected":false},"excerpt":{"rendered":"<p>Che stiate cercando un ambiente moderno e accogliente o un&#8217;eleganza senza tempo, i marchi Novotel e Swiss\u00f4tel sono riferimenti essenziali per i vostri eventi B2B.<\/p>\n","protected":false},"featured_media":17835154,"menu_order":0,"template":"","periscope_categorie_tax":[],"class_list":["post-18645355","article","type-article","status-publish","has-post-thumbnail","hentry"],"acf":[],"yoast_head":"<title>Novotel o Swiss\u00f4tel? Tra modernit\u00e0 e raffinatezza, quale stile scegliere per i vostri eventi B2B? - Accor MyAllMeeting.com<\/title>\n<meta name=\"description\" content=\"Scoprite i marchi Novotel e Swiss\u00f4tel per l&#039;organizzazione di eventi professionali, dalle semplici riunioni alle convention.\" \/>\n<meta name=\"robots\" content=\"index, follow, max-snippet:-1, max-image-preview:large, max-video-preview:-1\" \/>\n<link rel=\"canonical\" href=\"https:\/\/www.myallmeeting.com\/it\/wp-json\/wp\/v2\/article\/18645355\" \/>\n<meta property=\"og:locale\" content=\"it_IT\" \/>\n<meta property=\"og:type\" content=\"article\" \/>\n<meta property=\"og:title\" content=\"Novotel o Swiss\u00f4tel? Tra modernit\u00e0 e raffinatezza, quale stile scegliere per i vostri eventi B2B? - Accor MyAllMeeting.com\" \/>\n<meta property=\"og:description\" content=\"Scoprite i marchi Novotel e Swiss\u00f4tel per l&#039;organizzazione di eventi professionali, dalle semplici riunioni alle convention.\" \/>\n<meta property=\"og:url\" content=\"https:\/\/www.myallmeeting.com\/it\/article\/novotel-o-swissotel-tra-modernita-e-raffinatezza-quale-stile-scegliere-per-i-vostri-eventi-b2b\/\" \/>\n<meta property=\"og:site_name\" content=\"Accor MyAllMeeting.com\" \/>\n<meta property=\"article:modified_time\" content=\"2025-03-21T13:10:13+00:00\" \/>\n<meta property=\"og:image\" content=\"https:\/\/myallmeeting.com\/wp-content\/uploads\/2025\/01\/MAM-baner-1920x570-2025-01-10T164627.151-1024x304.png\" \/>\n\t<meta property=\"og:image:width\" content=\"1024\" \/>\n\t<meta property=\"og:image:height\" content=\"304\" \/>\n\t<meta property=\"og:image:type\" content=\"image\/png\" \/>\n<meta name=\"twitter:card\" content=\"summary_large_image\" \/>\n<meta name=\"twitter:label1\" content=\"Est. reading time\" \/>\n\t<meta name=\"twitter:data1\" content=\"10 minutes\" \/>\n<script type=\"application\/ld+json\" class=\"yoast-schema-graph\">{\"@context\":\"https:\/\/schema.org\",\"@graph\":[{\"@type\":\"WebPage\",\"@id\":\"https:\/\/www.myallmeeting.com\/it\/article\/novotel-o-swissotel-tra-modernita-e-raffinatezza-quale-stile-scegliere-per-i-vostri-eventi-b2b\/\",\"url\":\"https:\/\/www.myallmeeting.com\/it\/article\/novotel-o-swissotel-tra-modernita-e-raffinatezza-quale-stile-scegliere-per-i-vostri-eventi-b2b\/\",\"name\":\"Novotel o Swiss\u00f4tel? Tra modernit\u00e0 e raffinatezza, quale stile scegliere per i vostri eventi B2B? - Accor MyAllMeeting.com\",\"isPartOf\":{\"@id\":\"https:\/\/www.myallmeeting.com\/it\/#website\"},\"primaryImageOfPage\":{\"@id\":\"https:\/\/www.myallmeeting.com\/it\/article\/novotel-o-swissotel-tra-modernita-e-raffinatezza-quale-stile-scegliere-per-i-vostri-eventi-b2b\/#primaryimage\"},\"image\":{\"@id\":\"https:\/\/www.myallmeeting.com\/it\/article\/novotel-o-swissotel-tra-modernita-e-raffinatezza-quale-stile-scegliere-per-i-vostri-eventi-b2b\/#primaryimage\"},\"thumbnailUrl\":\"https:\/\/www.myallmeeting.com\/wp-content\/uploads\/2025\/01\/MAM-baner-1920x570-2025-01-10T164627.151.png\",\"datePublished\":\"2025-03-21T11:48:23+00:00\",\"dateModified\":\"2025-03-21T13:10:13+00:00\",\"description\":\"Scoprite i marchi Novotel e Swiss\u00f4tel per l'organizzazione di eventi professionali, dalle semplici riunioni alle convention.\",\"breadcrumb\":{\"@id\":\"https:\/\/www.myallmeeting.com\/it\/article\/novotel-o-swissotel-tra-modernita-e-raffinatezza-quale-stile-scegliere-per-i-vostri-eventi-b2b\/#breadcrumb\"},\"inLanguage\":\"it-IT\",\"potentialAction\":[{\"@type\":\"ReadAction\",\"target\":[\"https:\/\/www.myallmeeting.com\/it\/article\/novotel-o-swissotel-tra-modernita-e-raffinatezza-quale-stile-scegliere-per-i-vostri-eventi-b2b\/\"]}]},{\"@type\":\"ImageObject\",\"inLanguage\":\"it-IT\",\"@id\":\"https:\/\/www.myallmeeting.com\/it\/article\/novotel-o-swissotel-tra-modernita-e-raffinatezza-quale-stile-scegliere-per-i-vostri-eventi-b2b\/#primaryimage\",\"url\":\"https:\/\/www.myallmeeting.com\/wp-content\/uploads\/2025\/01\/MAM-baner-1920x570-2025-01-10T164627.151.png\",\"contentUrl\":\"https:\/\/www.myallmeeting.com\/wp-content\/uploads\/2025\/01\/MAM-baner-1920x570-2025-01-10T164627.151.png\",\"width\":1920,\"height\":570},{\"@type\":\"BreadcrumbList\",\"@id\":\"https:\/\/www.myallmeeting.com\/it\/article\/novotel-o-swissotel-tra-modernita-e-raffinatezza-quale-stile-scegliere-per-i-vostri-eventi-b2b\/#breadcrumb\",\"itemListElement\":[{\"@type\":\"ListItem\",\"position\":1,\"name\":\"Pagina iniziale\",\"item\":\"https:\/\/myallmeeting.com\/it\/\"},{\"@type\":\"ListItem\",\"position\":2,\"name\":\"Notizie\",\"item\":\"https:\/\/www.myallmeeting.com\/it\/notizie\/\"},{\"@type\":\"ListItem\",\"position\":3,\"name\":\"Novotel o Swiss\u00f4tel? Tra modernit\u00e0 e raffinatezza, quale stile scegliere per i vostri eventi B2B?\"}]},{\"@type\":\"WebSite\",\"@id\":\"https:\/\/www.myallmeeting.com\/it\/#website\",\"url\":\"https:\/\/www.myallmeeting.com\/it\/\",\"name\":\"Accor MyAllMeeting.com\",\"description\":\"Les Meilleurs lieux pour vos Ev\u00e9nements Professionnels\",\"publisher\":{\"@id\":\"https:\/\/www.myallmeeting.com\/it\/#organization\"},\"potentialAction\":[{\"@type\":\"SearchAction\",\"target\":{\"@type\":\"EntryPoint\",\"urlTemplate\":\"https:\/\/www.myallmeeting.com\/it\/?s={search_term_string}\"},\"query-input\":{\"@type\":\"PropertyValueSpecification\",\"valueRequired\":true,\"valueName\":\"search_term_string\"}}],\"inLanguage\":\"it-IT\"},{\"@type\":\"Organization\",\"@id\":\"https:\/\/www.myallmeeting.com\/it\/#organization\",\"name\":\"ACCOR\",\"url\":\"https:\/\/www.myallmeeting.com\/it\/\",\"logo\":{\"@type\":\"ImageObject\",\"inLanguage\":\"it-IT\",\"@id\":\"https:\/\/www.myallmeeting.com\/it\/#\/schema\/logo\/image\/\",\"url\":\"\",\"contentUrl\":\"\",\"caption\":\"ACCOR\"},\"image\":{\"@id\":\"https:\/\/www.myallmeeting.com\/it\/#\/schema\/logo\/image\/\"}}]}<\/script>","yoast_head_json":{"title":"Novotel o Swiss\u00f4tel? Tra modernit\u00e0 e raffinatezza, quale stile scegliere per i vostri eventi B2B? - Accor MyAllMeeting.com","description":"Scoprite i marchi Novotel e Swiss\u00f4tel per l'organizzazione di eventi professionali, dalle semplici riunioni alle convention.","robots":{"index":"index","follow":"follow","max-snippet":"max-snippet:-1","max-image-preview":"max-image-preview:large","max-video-preview":"max-video-preview:-1"},"canonical":"https:\/\/www.myallmeeting.com\/it\/wp-json\/wp\/v2\/article\/18645355","og_locale":"it_IT","og_type":"article","og_title":"Novotel o Swiss\u00f4tel? Tra modernit\u00e0 e raffinatezza, quale stile scegliere per i vostri eventi B2B? - Accor MyAllMeeting.com","og_description":"Scoprite i marchi Novotel e Swiss\u00f4tel per l'organizzazione di eventi professionali, dalle semplici riunioni alle convention.","og_url":"https:\/\/www.myallmeeting.com\/it\/article\/novotel-o-swissotel-tra-modernita-e-raffinatezza-quale-stile-scegliere-per-i-vostri-eventi-b2b\/","og_site_name":"Accor MyAllMeeting.com","article_modified_time":"2025-03-21T13:10:13+00:00","og_image":[{"width":1024,"height":304,"url":"https:\/\/myallmeeting.com\/wp-content\/uploads\/2025\/01\/MAM-baner-1920x570-2025-01-10T164627.151-1024x304.png","type":"image\/png"}],"twitter_card":"summary_large_image","twitter_misc":{"Est. reading time":"10 minutes"},"schema":{"@context":"https:\/\/schema.org","@graph":[{"@type":"WebPage","@id":"https:\/\/www.myallmeeting.com\/it\/article\/novotel-o-swissotel-tra-modernita-e-raffinatezza-quale-stile-scegliere-per-i-vostri-eventi-b2b\/","url":"https:\/\/www.myallmeeting.com\/it\/article\/novotel-o-swissotel-tra-modernita-e-raffinatezza-quale-stile-scegliere-per-i-vostri-eventi-b2b\/","name":"Novotel o Swiss\u00f4tel? Tra modernit\u00e0 e raffinatezza, quale stile scegliere per i vostri eventi B2B? - Accor MyAllMeeting.com","isPartOf":{"@id":"https:\/\/www.myallmeeting.com\/it\/#website"},"primaryImageOfPage":{"@id":"https:\/\/www.myallmeeting.com\/it\/article\/novotel-o-swissotel-tra-modernita-e-raffinatezza-quale-stile-scegliere-per-i-vostri-eventi-b2b\/#primaryimage"},"image":{"@id":"https:\/\/www.myallmeeting.com\/it\/article\/novotel-o-swissotel-tra-modernita-e-raffinatezza-quale-stile-scegliere-per-i-vostri-eventi-b2b\/#primaryimage"},"thumbnailUrl":"https:\/\/www.myallmeeting.com\/wp-content\/uploads\/2025\/01\/MAM-baner-1920x570-2025-01-10T164627.151.png","datePublished":"2025-03-21T11:48:23+00:00","dateModified":"2025-03-21T13:10:13+00:00","description":"Scoprite i marchi Novotel e Swiss\u00f4tel per l'organizzazione di eventi professionali, dalle semplici riunioni alle convention.","breadcrumb":{"@id":"https:\/\/www.myallmeeting.com\/it\/article\/novotel-o-swissotel-tra-modernita-e-raffinatezza-quale-stile-scegliere-per-i-vostri-eventi-b2b\/#breadcrumb"},"inLanguage":"it-IT","potentialAction":[{"@type":"ReadAction","target":["https:\/\/www.myallmeeting.com\/it\/article\/novotel-o-swissotel-tra-modernita-e-raffinatezza-quale-stile-scegliere-per-i-vostri-eventi-b2b\/"]}]},{"@type":"ImageObject","inLanguage":"it-IT","@id":"https:\/\/www.myallmeeting.com\/it\/article\/novotel-o-swissotel-tra-modernita-e-raffinatezza-quale-stile-scegliere-per-i-vostri-eventi-b2b\/#primaryimage","url":"https:\/\/www.myallmeeting.com\/wp-content\/uploads\/2025\/01\/MAM-baner-1920x570-2025-01-10T164627.151.png","contentUrl":"https:\/\/www.myallmeeting.com\/wp-content\/uploads\/2025\/01\/MAM-baner-1920x570-2025-01-10T164627.151.png","width":1920,"height":570},{"@type":"BreadcrumbList","@id":"https:\/\/www.myallmeeting.com\/it\/article\/novotel-o-swissotel-tra-modernita-e-raffinatezza-quale-stile-scegliere-per-i-vostri-eventi-b2b\/#breadcrumb","itemListElement":[{"@type":"ListItem","position":1,"name":"Pagina iniziale","item":"https:\/\/myallmeeting.com\/it\/"},{"@type":"ListItem","position":2,"name":"Notizie","item":"https:\/\/www.myallmeeting.com\/it\/notizie\/"},{"@type":"ListItem","position":3,"name":"Novotel o Swiss\u00f4tel? Tra modernit\u00e0 e raffinatezza, quale stile scegliere per i vostri eventi B2B?"}]},{"@type":"WebSite","@id":"https:\/\/www.myallmeeting.com\/it\/#website","url":"https:\/\/www.myallmeeting.com\/it\/","name":"Accor MyAllMeeting.com","description":"Les Meilleurs lieux pour vos Ev\u00e9nements Professionnels","publisher":{"@id":"https:\/\/www.myallmeeting.com\/it\/#organization"},"potentialAction":[{"@type":"SearchAction","target":{"@type":"EntryPoint","urlTemplate":"https:\/\/www.myallmeeting.com\/it\/?s={search_term_string}"},"query-input":{"@type":"PropertyValueSpecification","valueRequired":true,"valueName":"search_term_string"}}],"inLanguage":"it-IT"},{"@type":"Organization","@id":"https:\/\/www.myallmeeting.com\/it\/#organization","name":"ACCOR","url":"https:\/\/www.myallmeeting.com\/it\/","logo":{"@type":"ImageObject","inLanguage":"it-IT","@id":"https:\/\/www.myallmeeting.com\/it\/#\/schema\/logo\/image\/","url":"","contentUrl":"","caption":"ACCOR"},"image":{"@id":"https:\/\/www.myallmeeting.com\/it\/#\/schema\/logo\/image\/"}}]}},"_links":{"self":[{"href":"https:\/\/www.myallmeeting.com\/it\/wp-json\/wp\/v2\/article\/18645355","targetHints":{"allow":["GET"]}}],"collection":[{"href":"https:\/\/www.myallmeeting.com\/it\/wp-json\/wp\/v2\/article"}],"about":[{"href":"https:\/\/www.myallmeeting.com\/it\/wp-json\/wp\/v2\/types\/article"}],"wp:featuredmedia":[{"embeddable":true,"href":"https:\/\/www.myallmeeting.com\/it\/wp-json\/wp\/v2\/media\/17835154"}],"wp:attachment":[{"href":"https:\/\/www.myallmeeting.com\/it\/wp-json\/wp\/v2\/media?parent=18645355"}],"wp:term":[{"taxonomy":"periscope_categorie_tax","embeddable":true,"href":"https:\/\/www.myallmeeting.com\/it\/wp-json\/wp\/v2\/periscope_categorie_tax?post=18645355"}],"curies":[{"name":"wp","href":"https:\/\/api.w.org\/{rel}","templated":true}]}}