{"id":18553619,"date":"2025-03-06T22:56:49","date_gmt":"2025-03-06T21:56:49","guid":{"rendered":"https:\/\/myallmeeting.com\/?post_type=article&#038;p=18553619"},"modified":"2025-07-23T10:10:14","modified_gmt":"2025-07-23T08:10:14","slug":"destinations-mice-tendances-et-bien-connectees-en-europe-centrale","status":"publish","type":"article","link":"https:\/\/www.myallmeeting.com\/it\/article\/destinations-mice-tendances-et-bien-connectees-en-europe-centrale\/","title":{"rendered":"Destinazioni MICE di tendenza e ben collegate nell&#8217;Europa centrale"},"content":{"rendered":"<!-- START OF : Composant : block-periscope-theme-section-composant-25-texte-cta-2-images.php -->\n<div class=\"tcta2ia bg-white fs-wysiwyg mb-lg-12\" data-component=\"25-texte-cta-2-images\">\n\t<div class=\"tcta2ia__top\">\n\t\t<div class=\"container-fluid\" style=\"--bs-gutter-x: 0\">\n\t\t\t<div class=\"row\" style=\"--bs-gutter-x: 0\">\n\t\t\t\t<div class=\"col-lg-8\">\n\t\t\t\t\t\t\t\t\t\t<div class=\"bloc-mise-en-avant__top__left\">\n\t\t\t\t\t\t<img decoding=\"async\" src=\"https:\/\/www.myallmeeting.com\/wp-content\/uploads\/2025\/03\/MAM-imagery-1268-x-846-px.png\" class=\"pe-2 pe-lg-0\" width=\"1268\" height=\"846\" alt=\"Frankfurt view\" loading=\"lazy\" \/>\n\t\t\t\t\t<\/div>\n\t\t\t\t\t\t\t\t\t\t<div class=\"tcta2ia__bottom d-none d-lg-block pb-12 pt-lg-9 pb-lg-0 pe-lg-10\">\n\t\t\t\t\t\t\t\t\t\t\t\t<h2 class=\"fs-20 fs-lg-32 fw-semibold\">Germania: centro economico con una connettivit\u00e0 senza pari<\/h2>\n\t\t\t\t\t\t\t\t\t\t\t\t\t\t\t\t\t\t<div class=\"fs-wysiwyg\"><h4 style=\"text-align: center;\"><strong>Berlino &#8211; l&#8217;innovazione incontra la storia<\/strong><\/h4>\n<p>La capitale della Germania \u00e8 una delle principali destinazioni MICE, nota per la sua vivace scena imprenditoriale e per gli ampi collegamenti di trasporto. L&#8217;aeroporto internazionale della citt\u00e0 e i collegamenti ferroviari ad alta velocit\u00e0 la rendono un punto di riferimento per i congressi internazionali.<\/p>\n<p>&nbsp;<\/p>\n<\/div>\n\t\t\t\t\t\t\t\t\t\t\t\t<div class=\"d-flex flex-column flex-lg-row align-items-center gap-5 gap-lg-8 justify-content-between\">\n\t\t\t\t\t\t\t<div class=\"fs-20 fs-lg-26 fw-semibold lh-xs\"><\/div>\n\t\t\t\t\t\t\t\t\t\t\t\t\t<\/div>\n\t\t\t\t\t<\/div>\n\t\t\t\t<\/div>\n\t\t\t\t<div class=\"col-lg-4\">\n\t\t\t\t\t<div class=\"tcta2ia__top__right t-0 r-0 bg-primary text-white pt-4 pb-4 px-2 pt-lg-8 pb-lg-16 px-lg-11 pb-xl-30\">\n\t\t\t\t\t\t\t\t\t\t\t\t\t\t\t\t\t\t<h2 class=\"unna fs-36 fs-lg-51 fs-xl-75 fs-italic fw-normal text-secondary\">Destinazioni MICE di tendenza e ben collegate nell&#039;Europa centrale<\/h2>\n\t\t\t\t\t\t\t\t\t\t\t\t\t\t\t\t\t\t<h3 class=\"text-white fs-18 fs-lg-20 fs-xl-28 text-original-case\">Per i pianificatori di meeting ed eventi, la connettivit\u00e0 e la tendenza sono fattori chiave nella scelta di una destinazione MICE. <\/h3>\n\t\t\t\t\t\t\t\t\t\t\t\t\t\t\t\t\t\t<div class=\"fs-wysiwyg mb-4 fs-lg-16 fs-xl-20\"><p>L&#8217;Europa centrale, con il suo mix di fascino storico e infrastrutture moderne, offre una pletora di citt\u00e0 accessibili e stimolanti. Germania, Austria e Svizzera ospitano dinamici centri d&#8217;affari con eccellenti collegamenti, strutture per riunioni all&#8217;avanguardia e stimolanti opportunit\u00e0 culturali e di team-building. L&#8217;ampia rete alberghiera di Accor garantisce un&#8217;esperienza perfetta per i viaggiatori d&#8217;affari, offrendo sedi ben attrezzate e servizi di alto livello. Esploriamo alcune imperdibili destinazioni MICE in questi tre Paesi.<\/p>\n<\/div>\n\t\t\t\t\t\t\t\t\t\t\t\t\t\t\t\t\t\t\t\t\t\t\t\t<p class=\"m-0\"><img decoding=\"async\" src=\"https:\/\/www.myallmeeting.com\/wp-content\/uploads\/2025\/03\/MAM-imagery-633-x-398-px.png\" class=\"position-relative l-0\" width=\"633\" height=\"398\" alt=\"Berlin view\" loading=\"lazy\" \/><\/p>\n\t\t\t\t\t\t\t\t\t\t\t<\/div>\n\t\t\t\t<\/div>\n\t\t\t<\/div>\n\t\t<\/div>\n\t<\/div>\n\t<div class=\"tcta2ia__bottom d-lg-none pb-12 py-lg-9 pe-lg-10\">\n\t\t\t\t<div class=\"h2 fs-20 fs-lg-32 fw-semibold\">Germania: centro economico con una connettivit\u00e0 senza pari<\/div>\n\t\t\t\t\t\t<div class=\"fs-wysiwyg\"><h4 style=\"text-align: center;\"><strong>Berlino &#8211; l&#8217;innovazione incontra la storia<\/strong><\/h4>\n<p>La capitale della Germania \u00e8 una delle principali destinazioni MICE, nota per la sua vivace scena imprenditoriale e per gli ampi collegamenti di trasporto. L&#8217;aeroporto internazionale della citt\u00e0 e i collegamenti ferroviari ad alta velocit\u00e0 la rendono un punto di riferimento per i congressi internazionali.<\/p>\n<p>&nbsp;<\/p>\n<\/div>\n\t\t\t\t<div class=\"d-flex flex-column flex-lg-row align-items-center gap-5 gap-lg-8 justify-content-between\">\n\t\t\t<div class=\"fs-20 fs-lg-26 fw-semibold lh-xs\"><\/div>\n\t\t\t\t\t<\/div>\n\t<\/div>\n<\/div>\n<!-- END OF : Composant : block-periscope-theme-section-composant-25-texte-cta-2-images.php -->\n\n\n<!-- START OF : Composant : block-periscope-theme-section-composant-34-texte-image-slider.php -->\n<div class=\"text-image-slider fs-wysiwyg mb-8 mb-lg-12\" data-component=\"34-texte-image-slider\">\n\t<div class=\"container-fluid\" style=\"--bs-gutter-x: 0\">\n\t\t<div class=\"row\" style=\"--bs-gutter-x: 0\">\n\t\t\t<div class=\"col-lg-6\">\n\t\t\t\t<div class=\"text-image-slider__slider mb-7 mb-lg-12\">\n\t\t\t\t\t\t\t\t\t\t<div class=\"splide\">\n\t\t\t\t\t\t<div class=\"splide__track\">\n\t\t\t\t\t\t\t<div class=\"splide__list\">\n\t\t\t\t\t\t\t\t\t\t\t\t\t\t\t\t<div class=\"splide__slide\">\n\t\t\t\t\t\t\t\t\t<img decoding=\"async\" src=\"https:\/\/www.myallmeeting.com\/wp-content\/uploads\/2025\/03\/5347_H1-953x600.jpg\" width=\"953\" height=\"600\" alt=\"\" loading=\"lazy\">\n\t\t\t\t\t\t\t\t<\/div>\n\t\t\t\t\t\t\t\t\t\t\t\t\t\t\t\t\t\t\t\t\t\t\t\t\t<div class=\"splide__slide\">\n\t\t\t\t\t\t\t\t\t<img decoding=\"async\" src=\"https:\/\/www.myallmeeting.com\/wp-content\/uploads\/2025\/03\/5347_H2-953x600.jpg\" width=\"953\" height=\"600\" alt=\"\" loading=\"lazy\">\n\t\t\t\t\t\t\t\t<\/div>\n\t\t\t\t\t\t\t\t\t\t\t\t\t\t\t\t\t\t\t\t\t\t\t\t\t<div class=\"splide__slide\">\n\t\t\t\t\t\t\t\t\t<img decoding=\"async\" src=\"https:\/\/www.myallmeeting.com\/wp-content\/uploads\/2025\/03\/53BAA51-953x600.jpg\" width=\"953\" height=\"600\" alt=\"\" loading=\"lazy\">\n\t\t\t\t\t\t\t\t<\/div>\n\t\t\t\t\t\t\t\t\t\t\t\t\t\t\t\t\t\t\t\t\t\t\t\t\t<div class=\"splide__slide\">\n\t\t\t\t\t\t\t\t\t<img decoding=\"async\" src=\"https:\/\/www.myallmeeting.com\/wp-content\/uploads\/2025\/03\/A0F7_H1-953x600.jpg\" width=\"953\" height=\"600\" alt=\"\" loading=\"lazy\">\n\t\t\t\t\t\t\t\t<\/div>\n\t\t\t\t\t\t\t\t\t\t\t\t\t\t\t\t\t\t\t\t\t\t\t\t\t<div class=\"splide__slide\">\n\t\t\t\t\t\t\t\t\t<img decoding=\"async\" src=\"https:\/\/www.myallmeeting.com\/wp-content\/uploads\/2025\/03\/A0F7_S1-953x600.jpg\" width=\"953\" height=\"600\" alt=\"\" loading=\"lazy\">\n\t\t\t\t\t\t\t\t<\/div>\n\t\t\t\t\t\t\t\t\t\t\t\t\t\t\t\t\t\t\t\t\t\t\t\t<\/div>\n\t\t\t\t\t\t<\/div>\n\t\t\t\t\t\t<div class=\"splide__arrows d-none d-lg-block\">\n\t\t\t\t\t\t\t<button class=\"splide__arrow splide__arrow--prev px-lg-3 py-lg-4 px-xl-4 py-xl-5 px-xxl-5 py-xxl-7 position-absolute l-0 bg-white border-0\">\n\t\t\t\t\t\t\t\t<svg width=\"14\" height=\"27\" aria-hidden=\"true\">\n\t\t\t\t\t\t\t\t\t<use xlink:href=\"https:\/\/www.myallmeeting.com\/wp-content\/themes\/accor\/assets\/images\/sprite.svg#slider-prev\"><\/use>\n\t\t\t\t\t\t\t\t<\/svg>\n\t\t\t\t\t\t\t<\/button>\n\t\t\t\t\t\t\t<button class=\"splide__arrow splide__arrow--next px-lg-3 py-lg-4 px-xl-4 py-xl-5 px-xxl-5 py-xxl-7 position-absolute r-0 bg-white border-0\">\n\t\t\t\t\t\t\t\t<svg width=\"14\" height=\"27\" aria-hidden=\"true\">\n\t\t\t\t\t\t\t\t\t<use xlink:href=\"https:\/\/www.myallmeeting.com\/wp-content\/themes\/accor\/assets\/images\/sprite.svg#slider-prev\"><\/use>\n\t\t\t\t\t\t\t\t<\/svg>\n\t\t\t\t\t\t\t<\/button>\n\t\t\t\t\t\t<\/div>\n\t\t\t\t\t<\/div>\n\t\t\t\t\t\t\t\t\t<\/div>\n\t\t\t\t\t\t\t<\/div>\n\t\t\t<div class=\"col-lg-6\">\n\t\t\t\t<div class=\"text-image-slider__content mb-7 mb-lg-0\">\n\t\t\t\t\t\t\t\t\t\t\t\t\t\t\t<div class=\"fs-wysiwyg\">\n\t\t\t\t\t\t<p><em>Dove alloggiare:<\/em> II <a href=\"https:\/\/myallmeeting.com\/it\/hotel\/5347-pullman-berlin-schweizerhof\/\" target=\"_blank\" rel=\"noopener\"><strong>Pullman Berlin Schweizerhof<\/strong>,<\/a> situato in posizione centrale vicino a Ku&#8217;damm e allo Zoo di Berlino, offre 18 sale riunioni flessibili con luce naturale, Wi-Fi ad alta velocit\u00e0 e una lounge Fit&amp;SPA per il relax. II <a href=\"https:\/\/myallmeeting.com\/it\/hotel\/a0f7-mercure-hotel-moa-berlin\/\" target=\"_blank\" rel=\"noopener\"><strong>Mercure Hotel MOA Berlin<\/strong>,<\/a> situato a soli 8 minuti di auto o 20 minuti di tram dalla stazione ferroviaria principale<span>\u00a0<\/span> , \u00e8 ideale per eventi su larga scala con 40 sale riunioni, tra cui un grande spazio di 2.400 m\u00b2.<\/p>\n<p><em>Attivit\u00e0 incentive: <\/em>I partecipanti possono esplorare lo storico Reichstag, fare un tour guidato dell&#8217;arte di strada o rilassarsi in uno dei tanti bar sul tetto che si affacciano sullo skyline di Berlino, come il Klunkerkranich.<\/p>\n\t\t\t\t\t<\/div>\n\t\t\t\t\t\t\t\t\t<\/div>\n\t\t\t\t\t\t\t<\/div>        \n\t\t<\/div>\n\t<\/div>\n<\/div>\n<!-- END OF : Composant : block-periscope-theme-section-composant-34-texte-image-slider.php -->\n\n\n<!-- START OF : Composant : block-periscope-theme-section-composant-34-texte-image-slider.php -->\n<!-- INVERSE -->\n<div class=\"text-image-slider fs-wysiwyg mb-8 mb-lg-12\" data-component=\"34-texte-image-slider\" data-reverse=\"oui\">\n<div class=\"container-fluid\" style=\"--bs-gutter-x: 0\">\n\t\t<div class=\"row\" style=\"--bs-gutter-x: 0\">\n\t\t\t<div class=\"col-lg-6\">\n\t\t\t\t<div class=\"text-image-slider__content mb-7 mb-lg-0\">\n\t\t\t\t\t\t\t\t\t\t\t\t\t\t\t<div class=\"fs-wysiwyg\">\n\t\t\t\t\t\t<p style=\"text-align: center;\"><strong>Hannover &#8211; la gemma MICE sottovalutata<\/strong><\/p>\n<p>Spesso trascurata, Hannover offre ottimi collegamenti di trasporto, tra cui un aeroporto internazionale e collegamenti ferroviari ad alta velocit\u00e0. Dal 2014 Hannover \u00e8 stata orgogliosamente riconosciuta come Citt\u00e0 della Musica dell&#8217;UNESCO, per celebrare la sua dinamica scena musicale locale e le sue ricche tradizioni culturali. \u00c8 anche nota per ospitare alcune delle pi\u00f9 grandi fiere del mondo, il che la rende una destinazione chiave per gli affari in Germania. Gli eccellenti collegamenti con tram e autobus rendono facile la navigazione in citt\u00e0, mentre i collegamenti diretti con il polo fieristico di Hannover Messe e con l&#8217;aeroporto assicurano un viaggio senza interruzioni per i viaggiatori d&#8217;affari.<\/p>\n<p><em>Dove alloggiare:<\/em> Il<a href=\"https:\/\/myallmeeting.com\/it\/hotel\/5390-novotel-hannover\/\" target=\"_blank\" rel=\"noopener\"> <\/a><strong><a href=\"https:\/\/myallmeeting.com\/it\/hotel\/5390-novotel-hannover\/\" target=\"_blank\" rel=\"noopener\">Novotel Hannover<\/a><\/strong>, situato vicino al centro congressi, dispone di spazi per riunioni moderni e di un&#8217;area benessere. L&#8217;hotel \u00e8 ideale per combinare gli affari con il tempo libero, grazie alla sua vicinanza ai Giardini di Herrenhausen e al lago Maschsee.<\/p>\n<p><em>Attivit\u00e0 incentive:<\/em> Una visita alla storica sala delle macchine a vapore Bahlsen o una serata all&#8217;opera offrono opportunit\u00e0 uniche di team building. In alternativa, i team possono esplorare il vivace quartiere Linden, noto per il suo eclettico mix di caff\u00e8, arte di strada e punti di interesse culturale.<\/p>\n<h4 style=\"text-align: center;\"><strong>Francoforte &#8211; il centro finanziario<\/strong><\/h4>\n<p>Francoforte \u00e8 il cuore della finanza europea e una delle mete preferite per gli incontri d&#8217;affari. Con uno degli aeroporti pi\u00f9 trafficati al mondo e un eccellente trasporto pubblico, \u00e8 una location privilegiata per eventi internazionali.<\/p>\n<p><em>Dove alloggiare:<\/em> Il <strong><a href=\"https:\/\/myallmeeting.com\/it\/hotel\/b4i3-movenpick-hotel-frankfurt-city\/\" target=\"_blank\" rel=\"noopener\">M\u00f6venpick Hotel Frankfurt City <\/a><\/strong>si trova direttamente nel quartiere fieristico, con il centro congressi Kap Europa e l&#8217;ampio centro congressi Festhalle proprio a portata di mano. La stazione ferroviaria principale e il quartiere finanziario si trovano a 10 minuti a piedi dall&#8217;hotel e il centro citt\u00e0 \u00e8 raggiungibile con i mezzi pubblici in soli 15 minuti. L&#8217;hotel dispone di 12 moderne sale riunioni con tecnologia all&#8217;avanguardia, una terrazza panoramica sul tetto e una palestra di 130 m\u00b2 per rilassarsi dopo una giornata di riunioni.<\/p>\n<p><em>Attivit\u00e0 incentive:<\/em> Visitate le attrazioni di Francoforte, come il Palmengarten, la Casa di Goethe, lo storico quartiere R\u00f6mer o fate una crociera sul fiume Meno.<\/p>\n\t\t\t\t\t<\/div>\n\t\t\t\t\t\t\t\t\t<\/div>\n\t\t\t\t\t\t\t\t<div class=\"text-center d-lg-none px-8\">\n\t\t\t\t\t<!-- M\u00eame image -->\n\t\t\t\t\t<img decoding=\"async\" src=\"https:\/\/www.myallmeeting.com\/wp-content\/uploads\/2025\/03\/JOSHUA1-633x398.jpg\" width=\"633\" height=\"398\" alt=\"\" loading=\"lazy\">\n\t\t\t\t<\/div>\n\t\t\t\t\t\t\t<\/div>        \n\t\t\t<div class=\"col-lg-6 order-first order-lg-last\">\n\t\t\t\t<div class=\"text-image-slider__slider mb-7 mb-lg-12\">\n\t\t\t\t\t\t\t\t\t\t<div class=\"splide\">\n\t\t\t\t\t\t<div class=\"splide__track\">\n\t\t\t\t\t\t\t<div class=\"splide__list\">\n\t\t\t\t\t\t\t\t\t\t\t\t\t\t\t\t<div class=\"splide__slide\">\n\t\t\t\t\t\t\t\t\t<img decoding=\"async\" src=\"https:\/\/www.myallmeeting.com\/wp-content\/uploads\/2025\/03\/5390_S2-953x600.jpg\" width=\"953\" height=\"600\" alt=\"\" loading=\"lazy\">\n\t\t\t\t\t\t\t\t<\/div>\n\t\t\t\t\t\t\t\t\t\t\t\t\t\t\t\t\t\t\t\t\t\t\t\t\t<div class=\"splide__slide\">\n\t\t\t\t\t\t\t\t\t<img decoding=\"async\" src=\"https:\/\/www.myallmeeting.com\/wp-content\/uploads\/2025\/03\/B4I3_S2-953x600.jpg\" width=\"953\" height=\"600\" alt=\"\" loading=\"lazy\">\n\t\t\t\t\t\t\t\t<\/div>\n\t\t\t\t\t\t\t\t\t\t\t\t\t\t\t\t\t\t\t\t\t\t\t\t<\/div>\n\t\t\t\t\t\t<\/div>\n\t\t\t\t\t\t<div class=\"splide__arrows d-none d-lg-block\">\n\t\t\t\t\t\t\t<button class=\"splide__arrow splide__arrow--prev px-lg-3 py-lg-4 px-xl-4 py-xl-5 px-xxl-5 py-xxl-7 position-absolute l-0 bg-white border-0\">\n\t\t\t\t\t\t\t\t<svg width=\"14\" height=\"27\" aria-hidden=\"true\">\n\t\t\t\t\t\t\t\t\t<use xlink:href=\"https:\/\/www.myallmeeting.com\/wp-content\/themes\/accor\/assets\/images\/sprite.svg#slider-prev\"><\/use>\n\t\t\t\t\t\t\t\t<\/svg>\n\t\t\t\t\t\t\t<\/button>\n\t\t\t\t\t\t\t<button class=\"splide__arrow splide__arrow--next px-lg-3 py-lg-4 px-xl-4 py-xl-5 px-xxl-5 py-xxl-7 position-absolute r-0 bg-white border-0\">\n\t\t\t\t\t\t\t\t<svg width=\"14\" height=\"27\" aria-hidden=\"true\">\n\t\t\t\t\t\t\t\t\t<use xlink:href=\"https:\/\/www.myallmeeting.com\/wp-content\/themes\/accor\/assets\/images\/sprite.svg#slider-prev\"><\/use>\n\t\t\t\t\t\t\t\t<\/svg>\n\t\t\t\t\t\t\t<\/button>\n\t\t\t\t\t\t<\/div>\n\t\t\t\t\t<\/div>\n\t\t\t\t\t\t\t\t\t<\/div>\n\t\t\t\t\t\t\t\t\t<div class=\"text-image-slider__content d-none d-lg-block\">\n\t\t\t\t\t<!-- M\u00eame image -->\n\t\t\t\t\t<img decoding=\"async\" src=\"https:\/\/www.myallmeeting.com\/wp-content\/uploads\/2025\/03\/JOSHUA1-633x398.jpg\" width=\"633\" height=\"398\" alt=\"\" loading=\"lazy\">\n\t\t\t\t<\/div>\n\t\t\t\t\t\t\t<\/div>\n\t\t<\/div>\n\t<\/div>\n<\/div>\n<!-- END OF : Composant : block-periscope-theme-section-composant-34-texte-image-slider.php -->\n\n\n<!-- START OF : Composant : block-periscope-theme-section-composant-34-texte-image-slider.php -->\n<div class=\"text-image-slider fs-wysiwyg mb-8 mb-lg-12\" data-component=\"34-texte-image-slider\">\n\t<div class=\"container-fluid\" style=\"--bs-gutter-x: 0\">\n\t\t<div class=\"row\" style=\"--bs-gutter-x: 0\">\n\t\t\t<div class=\"col-lg-6\">\n\t\t\t\t<div class=\"text-image-slider__slider mb-7 mb-lg-12\">\n\t\t\t\t\t\t\t\t\t\t<div class=\"splide\">\n\t\t\t\t\t\t<div class=\"splide__track\">\n\t\t\t\t\t\t\t<div class=\"splide__list\">\n\t\t\t\t\t\t\t\t\t\t\t\t\t\t\t\t<div class=\"splide__slide\">\n\t\t\t\t\t\t\t\t\t<img decoding=\"async\" src=\"https:\/\/www.myallmeeting.com\/wp-content\/uploads\/2025\/03\/5563_S1-953x600.jpg\" width=\"953\" height=\"600\" alt=\"\" loading=\"lazy\">\n\t\t\t\t\t\t\t\t<\/div>\n\t\t\t\t\t\t\t\t\t\t\t\t\t\t\t\t\t\t\t\t\t\t\t\t\t<div class=\"splide__slide\">\n\t\t\t\t\t\t\t\t\t<img decoding=\"async\" src=\"https:\/\/www.myallmeeting.com\/wp-content\/uploads\/2025\/03\/5563_S2-953x600.jpg\" width=\"953\" height=\"600\" alt=\"\" loading=\"lazy\">\n\t\t\t\t\t\t\t\t<\/div>\n\t\t\t\t\t\t\t\t\t\t\t\t\t\t\t\t\t\t\t\t\t\t\t\t\t<div class=\"splide__slide\">\n\t\t\t\t\t\t\t\t\t<img decoding=\"async\" src=\"https:\/\/www.myallmeeting.com\/wp-content\/uploads\/2025\/03\/B414D31-953x600.jpg\" width=\"953\" height=\"600\" alt=\"\" loading=\"lazy\">\n\t\t\t\t\t\t\t\t<\/div>\n\t\t\t\t\t\t\t\t\t\t\t\t\t\t\t\t\t\t\t\t\t\t\t\t<\/div>\n\t\t\t\t\t\t<\/div>\n\t\t\t\t\t\t<div class=\"splide__arrows d-none d-lg-block\">\n\t\t\t\t\t\t\t<button class=\"splide__arrow splide__arrow--prev px-lg-3 py-lg-4 px-xl-4 py-xl-5 px-xxl-5 py-xxl-7 position-absolute l-0 bg-white border-0\">\n\t\t\t\t\t\t\t\t<svg width=\"14\" height=\"27\" aria-hidden=\"true\">\n\t\t\t\t\t\t\t\t\t<use xlink:href=\"https:\/\/www.myallmeeting.com\/wp-content\/themes\/accor\/assets\/images\/sprite.svg#slider-prev\"><\/use>\n\t\t\t\t\t\t\t\t<\/svg>\n\t\t\t\t\t\t\t<\/button>\n\t\t\t\t\t\t\t<button class=\"splide__arrow splide__arrow--next px-lg-3 py-lg-4 px-xl-4 py-xl-5 px-xxl-5 py-xxl-7 position-absolute r-0 bg-white border-0\">\n\t\t\t\t\t\t\t\t<svg width=\"14\" height=\"27\" aria-hidden=\"true\">\n\t\t\t\t\t\t\t\t\t<use xlink:href=\"https:\/\/www.myallmeeting.com\/wp-content\/themes\/accor\/assets\/images\/sprite.svg#slider-prev\"><\/use>\n\t\t\t\t\t\t\t\t<\/svg>\n\t\t\t\t\t\t\t<\/button>\n\t\t\t\t\t\t<\/div>\n\t\t\t\t\t<\/div>\n\t\t\t\t\t\t\t\t\t<\/div>\n\t\t\t\t\t\t\t\t<div class=\"text-image-slider__content d-none d-lg-block\">\n\t\t\t\t\t<!-- M\u00eame image -->\n\t\t\t\t\t<img decoding=\"async\" src=\"https:\/\/www.myallmeeting.com\/wp-content\/uploads\/2025\/03\/B4C5_H2-633x398.jpg\" width=\"633\" height=\"398\" alt=\"\" loading=\"lazy\">\n\t\t\t\t<\/div>\n\t\t\t\t\t\t\t<\/div>\n\t\t\t<div class=\"col-lg-6\">\n\t\t\t\t<div class=\"text-image-slider__content mb-7 mb-lg-0\">\n\t\t\t\t\t\t\t\t\t\t\t\t\t\t\t<div class=\"fs-wysiwyg\">\n\t\t\t\t\t\t<p style=\"text-align: center;\"><strong>Monaco di Baviera &#8211; il centro degli affari e della cultura<\/strong><\/p>\n<p>Monaco di Baviera unisce un forte ambiente commerciale a un ricco patrimonio culturale, rendendola un&#8217;eccellente destinazione MICE. L&#8217;aeroporto di Monaco offre ampi collegamenti internazionali, mentre l&#8217;efficiente rete U-Bahn e S-Bahn della citt\u00e0 garantisce un rapido accesso al centro espositivo Messe M\u00fcnchen, ai quartieri degli affari e alle principali attrazioni.<\/p>\n<p><em>Dove alloggiare: <\/em>Il<strong><a href=\"https:\/\/myallmeeting.com\/es\/hotel\/5563-novotel-munich-messe\/\" target=\"_blank\" rel=\"noopener\"> Novotel M\u00fcnchen Messe <\/a><\/strong>\u00e8 la scelta migliore per i viaggiatori d&#8217;affari, in quanto si trova proprio accanto al centro espositivo Messe M\u00fcnchen. L&#8217;hotel dispone di nove moderne sale riunioni con luce naturale, un lounge bar con terrazza e un&#8217;area fitness per il relax. Con un centro commerciale accanto e la metropolitana a pochi passi, l&#8217;hotel offre un facile accesso al centro di Monaco e ai principali luoghi di lavoro.<\/p>\n<p><em>Attivit\u00e0 Incentive:<\/em> I partecipanti possono esplorare la storica Marienplatz, partecipare a un tour guidato delle birrerie per sperimentare la famosa cultura della birra di Monaco o visitare il Deutsches Museum per uno sguardo stimolante alla scienza e all&#8217;innovazione. Per gli amanti dell&#8217;aria aperta, una passeggiata nel Giardino Inglese o una corsetta nel Bugapark rappresentano una pausa rinfrescante dalle riunioni.<\/p>\n<p style=\"text-align: center;\"><strong>Amburgo &#8211; Un centro d&#8217;affari marittimo<\/strong><\/p>\n<p>Amburgo, la seconda citt\u00e0 pi\u00f9 grande della Germania, offre un mix unico di affari e tempo libero. Grazie agli eccellenti collegamenti aerei e ferroviari, \u00e8 una location ideale per i MICE. Essendo un&#8217;importante citt\u00e0 portuale, Amburgo \u00e8 anche un centro per il commercio, l&#8217;innovazione e la cultura, che offre diverse sedi e opportunit\u00e0 di networking per i professionisti di vari settori.<\/p>\n<p><em>Dove alloggiare: <\/em>Il<strong><a href=\"https:\/\/myallmeeting.com\/it\/hotel\/b4c5-novotel-hamburg-central-station\/\" target=\"_blank\" rel=\"noopener\">Novotel Hamburg Central Station<\/a><\/strong>, situato nel centro della citt\u00e0, \u00e8 perfetto per gli eventi aziendali grazie a cinque sale riunioni ad alta tecnologia e a un&#8217;area fitness aperta 24 ore su 24, 7 giorni su 7. La sua vicinanza alla Speicherstadt e alla Elbphilharmonie rende agevoli le escursioni post meeting.<\/p>\n<p><em>Attivit\u00e0 incentive: <\/em>I partecipanti possono fare un giro in barca nel pittoresco porto, gustare frutti di mare freschi al famoso Fischmarkt, esplorare la storica Speicherstadt o godere di una vista panoramica della citt\u00e0 dalla Elbphilharmonie Plaza.<\/p>\n\t\t\t\t\t<\/div>\n\t\t\t\t\t\t\t\t\t<\/div>\n\t\t\t\t\t\t\t\t<div class=\"text-center d-lg-none px-8\">\n\t\t\t\t\t<!-- M\u00eame image -->\n\t\t\t\t\t<img decoding=\"async\" src=\"https:\/\/www.myallmeeting.com\/wp-content\/uploads\/2025\/03\/B4C5_H2-633x398.jpg\" width=\"633\" height=\"398\" alt=\"\" loading=\"lazy\">\n\t\t\t\t<\/div>\n\t\t\t\t\t\t\t<\/div>        \n\t\t<\/div>\n\t<\/div>\n<\/div>\n<!-- END OF : Composant : block-periscope-theme-section-composant-34-texte-image-slider.php -->\n\n\n<!-- START OF : Composant : block-periscope-theme-section-composant-34-texte-image-slider.php -->\n<!-- INVERSE -->\n<div class=\"text-image-slider fs-wysiwyg mb-8 mb-lg-12\" data-component=\"34-texte-image-slider\" data-reverse=\"oui\">\n<div class=\"container-fluid\" style=\"--bs-gutter-x: 0\">\n\t\t<div class=\"row\" style=\"--bs-gutter-x: 0\">\n\t\t\t<div class=\"col-lg-6\">\n\t\t\t\t<div class=\"text-image-slider__content mb-7 mb-lg-0\">\n\t\t\t\t\t\t\t\t\t\t<div class=\"fw-semibold lh-xs fs-20 fs-lg-32 ls--25 mb-5\">Austria: Un mix perfetto di patrimonio e modernit\u00e0<\/div>\n\t\t\t\t\t\t\t\t\t\t\t\t\t\t\t<div class=\"fs-wysiwyg\">\n\t\t\t\t\t\t<h4 style=\"text-align: center;\"><strong>Vienna: la grandezza imperiale incontra l&#8217;eccellenza MICE<\/strong><\/h4>\n<p>Vienna, una delle citt\u00e0 congressuali pi\u00f9 prestigiose d&#8217;Europa, vanta sedi per eventi di livello mondiale e un&#8217;ottima connessione con i trasporti grazie all&#8217;Aeroporto Internazionale di Vienna. Il sistema di trasporto pubblico ben integrato della citt\u00e0, che comprende un&#8217;ampia rete di metropolitana, tram e autobus, garantisce un accesso rapido ed efficiente ai principali distretti commerciali, ai centri espositivi e ai luoghi di interesse culturale.<\/p>\n<p><em>Dove alloggiare<\/em>: <strong><a href=\"https:\/\/myallmeeting.com\/it\/hotel\/6599-so-vienna\/\" target=\"_blank\" rel=\"noopener\">SO\/ Vienna <\/a><\/strong>offre otto eleganti sale riunioni con vista panoramica sulla citt\u00e0 e un lussuoso centro benessere per il relax post-evento, mentre il <a href=\"https:\/\/myallmeeting.com\/it\/hotel\/8565-novotel-wien-hauptbahnhof\/\" target=\"_blank\" rel=\"noopener\"><strong>Novotel Wien Hauptbahnhof<\/strong>,<\/a> comodamente situato vicino alla stazione principale, offre spazi flessibili per eventi fino a 450 persone e un&#8217;area fitness sul tetto con una splendida vista sulla citt\u00e0. <strong><a href=\"https:\/\/myallmeeting.com\/it\/hotel\/5358-hotel-mercure-wien-westbahnhof\/\" target=\"_blank\" rel=\"noopener\">L&#8217;Hotel Mercure Wien Westbahnhof<\/a> <\/strong>offre sei sale riunioni ben attrezzate in una posizione privilegiata, oltre a un ristorante in loco che serve una moderna cucina viennese.<\/p>\n<p><em>Attivit\u00e0 incentive:<\/em> I partecipanti possono assistere a un concerto di musica classica al Castello di Sch\u00f6nbrunn, a una degustazione di vini nella Valle della Wachau, a una crociera sul Danubio o a esplorare le storiche caffetterie di Vienna per un assaggio autentico della cultura dei caff\u00e8 della citt\u00e0.<\/p>\n<p style=\"text-align: center;\"><strong>Salisburgo &#8211; Una destinazione d&#8217;affari panoramica<\/strong><\/p>\n<p>Salisburgo, la citt\u00e0 natale di Mozart, offre un ambiente pittoresco per le riunioni aziendali, combinando il fascino storico con le infrastrutture moderne. Grazie agli eccellenti collegamenti di trasporto, tra cui l&#8217;aeroporto di Salisburgo e una rete ferroviaria ben collegata, la citt\u00e0 \u00e8 facilmente accessibile per gli eventi internazionali.<\/p>\n<p><em>Dove alloggiare: <\/em><a href=\"https:\/\/myallmeeting.com\/it\/hotel\/0984\/\" target=\"_blank\" rel=\"noopener\"><strong>L&#8217;Hotel Mercure Salzburg City <\/strong><\/a>\u00e8 una scelta privilegiata, con strutture congressuali moderne e spazi flessibili per le riunioni. La sua posizione centrale, a pochi passi dal centro storico, garantisce un facile accesso ai luoghi di interesse culturale, ai ristoranti e alle aree commerciali, rendendolo ideale sia per gli affari che per il tempo libero.<\/p>\n<p><em>Attivit\u00e0 incentive: <\/em>I partecipanti possono esplorare la Fortezza di Hohensalzburg per godere di una vista mozzafiato sulla citt\u00e0, partecipare a un tour guidato di Sound of Music o fare un&#8217;escursione alpina nella vicina regione del Salzkammergut, nota per i suoi laghi e montagne mozzafiato.<\/p>\n\t\t\t\t\t<\/div>\n\t\t\t\t\t\t\t\t\t<\/div>\n\t\t\t\t\t\t\t\t<div class=\"text-center d-lg-none px-8\">\n\t\t\t\t\t<!-- M\u00eame image -->\n\t\t\t\t\t<img decoding=\"async\" src=\"https:\/\/www.myallmeeting.com\/wp-content\/uploads\/2025\/03\/6599_de_00_p_2048x1536-633x398.jpg\" width=\"633\" height=\"398\" alt=\"aerial view\" loading=\"lazy\">\n\t\t\t\t<\/div>\n\t\t\t\t\t\t\t<\/div>        \n\t\t\t<div class=\"col-lg-6 order-first order-lg-last\">\n\t\t\t\t<div class=\"text-image-slider__slider mb-7 mb-lg-12\">\n\t\t\t\t\t\t\t\t\t\t<div class=\"splide\">\n\t\t\t\t\t\t<div class=\"splide__track\">\n\t\t\t\t\t\t\t<div class=\"splide__list\">\n\t\t\t\t\t\t\t\t\t\t\t\t\t\t\t\t<div class=\"splide__slide\">\n\t\t\t\t\t\t\t\t\t<img decoding=\"async\" src=\"https:\/\/www.myallmeeting.com\/wp-content\/uploads\/2025\/03\/6599_H1-953x600.jpg\" width=\"953\" height=\"600\" alt=\"\" loading=\"lazy\">\n\t\t\t\t\t\t\t\t<\/div>\n\t\t\t\t\t\t\t\t\t\t\t\t\t\t\t\t\t\t\t\t\t\t\t\t\t<div class=\"splide__slide\">\n\t\t\t\t\t\t\t\t\t<img decoding=\"async\" src=\"https:\/\/www.myallmeeting.com\/wp-content\/uploads\/2025\/03\/6599_S1-953x600.jpg\" width=\"953\" height=\"600\" alt=\"\" loading=\"lazy\">\n\t\t\t\t\t\t\t\t<\/div>\n\t\t\t\t\t\t\t\t\t\t\t\t\t\t\t\t\t\t\t\t\t\t\t\t\t<div class=\"splide__slide\">\n\t\t\t\t\t\t\t\t\t<img decoding=\"async\" src=\"https:\/\/www.myallmeeting.com\/wp-content\/uploads\/2025\/03\/8565_S3-953x600.jpg\" width=\"953\" height=\"600\" alt=\"\" loading=\"lazy\">\n\t\t\t\t\t\t\t\t<\/div>\n\t\t\t\t\t\t\t\t\t\t\t\t\t\t\t\t\t\t\t\t\t\t\t\t\t<div class=\"splide__slide\">\n\t\t\t\t\t\t\t\t\t<img decoding=\"async\" src=\"https:\/\/www.myallmeeting.com\/wp-content\/uploads\/2025\/03\/5358_B1-953x600.jpg\" width=\"953\" height=\"600\" alt=\"\" loading=\"lazy\">\n\t\t\t\t\t\t\t\t<\/div>\n\t\t\t\t\t\t\t\t\t\t\t\t\t\t\t\t\t\t\t\t\t\t\t\t\t<div class=\"splide__slide\">\n\t\t\t\t\t\t\t\t\t<img decoding=\"async\" src=\"https:\/\/www.myallmeeting.com\/wp-content\/uploads\/2025\/03\/0984_H1-953x600.jpg\" width=\"953\" height=\"600\" alt=\"\" loading=\"lazy\">\n\t\t\t\t\t\t\t\t<\/div>\n\t\t\t\t\t\t\t\t\t\t\t\t\t\t\t\t\t\t\t\t\t\t\t\t<\/div>\n\t\t\t\t\t\t<\/div>\n\t\t\t\t\t\t<div class=\"splide__arrows d-none d-lg-block\">\n\t\t\t\t\t\t\t<button class=\"splide__arrow splide__arrow--prev px-lg-3 py-lg-4 px-xl-4 py-xl-5 px-xxl-5 py-xxl-7 position-absolute l-0 bg-white border-0\">\n\t\t\t\t\t\t\t\t<svg width=\"14\" height=\"27\" aria-hidden=\"true\">\n\t\t\t\t\t\t\t\t\t<use xlink:href=\"https:\/\/www.myallmeeting.com\/wp-content\/themes\/accor\/assets\/images\/sprite.svg#slider-prev\"><\/use>\n\t\t\t\t\t\t\t\t<\/svg>\n\t\t\t\t\t\t\t<\/button>\n\t\t\t\t\t\t\t<button class=\"splide__arrow splide__arrow--next px-lg-3 py-lg-4 px-xl-4 py-xl-5 px-xxl-5 py-xxl-7 position-absolute r-0 bg-white border-0\">\n\t\t\t\t\t\t\t\t<svg width=\"14\" height=\"27\" aria-hidden=\"true\">\n\t\t\t\t\t\t\t\t\t<use xlink:href=\"https:\/\/www.myallmeeting.com\/wp-content\/themes\/accor\/assets\/images\/sprite.svg#slider-prev\"><\/use>\n\t\t\t\t\t\t\t\t<\/svg>\n\t\t\t\t\t\t\t<\/button>\n\t\t\t\t\t\t<\/div>\n\t\t\t\t\t<\/div>\n\t\t\t\t\t\t\t\t\t<\/div>\n\t\t\t\t\t\t\t\t\t<div class=\"text-image-slider__content d-none d-lg-block\">\n\t\t\t\t\t<!-- M\u00eame image -->\n\t\t\t\t\t<img decoding=\"async\" src=\"https:\/\/www.myallmeeting.com\/wp-content\/uploads\/2025\/03\/6599_de_00_p_2048x1536-633x398.jpg\" width=\"633\" height=\"398\" alt=\"\" loading=\"lazy\">\n\t\t\t\t<\/div>\n\t\t\t\t\t\t\t<\/div>\n\t\t<\/div>\n\t<\/div>\n<\/div>\n<!-- END OF : Composant : block-periscope-theme-section-composant-34-texte-image-slider.php -->\n\n\n<!-- START OF : Composant : block-periscope-theme-section-composant-33-texte-image.php -->\n<div class=\"text-image fs-wysiwyg mb-8 mb-lg-12\" data-component=\"33-texte-image\">\n\t<div class=\"container-fluid\" style=\"--bs-gutter-x: 0\">\n\t\t<div class=\"row\" style=\"--bs-gutter-x: 0\">\n\t\t\t\t\t\t<div class=\"col-lg-6 mb-7 mb-lg-0\">\n\t\t\t\t<img decoding=\"async\" src=\"https:\/\/www.myallmeeting.com\/wp-content\/uploads\/2025\/03\/5742_sl_02_p_2048x1536-953x600.jpg\" width=\"953\" height=\"600\" alt=\"\" loading=\"lazy\" class=\"w-100\" \/>\n\t\t\t<\/div>\n\t\t\t\t\t\t<div class=\"col-lg-6\">\n\t\t\t\t<div class=\"text-image__content\">\n\t\t\t\t\t\t\t\t\t\t\t\t\t\t\t<div class=\"fs-wysiwyg\">\n\t\t\t\t\t\t<h4 style=\"text-align: center;\"><strong>Graz &#8211; la capitale creativa dell&#8217;austria<\/strong><\/h4>\n<p>Graz, citt\u00e0 del design UNESCO, \u00e8 una stella nascente del settore MICE, grazie ai suoi ottimi collegamenti ferroviari e aerei. La citt\u00e0 fonde senza sforzo il fascino storico con la creativit\u00e0 all&#8217;avanguardia, rendendola una destinazione ideale per eventi aziendali innovativi. Le sue dimensioni compatte fanno s\u00ec che le principali sedi, gli hotel e i siti culturali siano tutti facilmente accessibili.<\/p>\n<p><em>Dove alloggiare: <\/em><a href=\"https:\/\/myallmeeting.com\/it\/hotel\/5742-hotel-mercure-graz-city\/\" target=\"_blank\" rel=\"noopener\"><strong>L&#8217;Hotel Mercure Graz City<\/strong>,<\/a> situato nel quartiere alla moda di Lend, offre spazi per riunioni eleganti con servizi moderni, che lo rendono una scelta eccellente per gli incontri aziendali. La vicinanza dell&#8217;hotel allo Schlossberg e al fiume Mur permette ai partecipanti di sperimentare la bellezza paesaggistica della citt\u00e0 durante il loro soggiorno.<\/p>\n<p><em>Attivit\u00e0 incentive:<\/em> Un tour culinario guidato attraverso il mercato contadino introduce i partecipanti alle specialit\u00e0 regionali e ai sapori locali. Per un&#8217;esperienza pi\u00f9 coinvolgente, i partecipanti possono partecipare a una visita guidata dello storico Palazzo Eggenberg, patrimonio mondiale dell&#8217;UNESCO, o godersi una passeggiata panoramica attraverso lo Schlossberg, che offre una vista panoramica della citt\u00e0.<\/p>\n\t\t\t\t\t<\/div>\n\t\t\t\t\t\t\t\t\t<\/div>\n\t\t\t<\/div>        \n\t\t<\/div>\n\t<\/div>\n<\/div>\n<!-- END OF : Composant : block-periscope-theme-section-composant-33-texte-image.php -->\n\n\n<!-- START OF : Composant : block-periscope-theme-section-composant-34-texte-image-slider.php -->\n<!-- INVERSE -->\n<div class=\"text-image-slider fs-wysiwyg mb-8 mb-lg-12\" data-component=\"34-texte-image-slider\" data-reverse=\"oui\">\n<div class=\"container-fluid\" style=\"--bs-gutter-x: 0\">\n\t\t<div class=\"row\" style=\"--bs-gutter-x: 0\">\n\t\t\t<div class=\"col-lg-6\">\n\t\t\t\t<div class=\"text-image-slider__content mb-7 mb-lg-0\">\n\t\t\t\t\t\t\t\t\t\t<div class=\"fw-semibold lh-xs fs-20 fs-lg-32 ls--25 mb-5\">Svizzera: raffinatezza ed efficienza<\/div>\n\t\t\t\t\t\t\t\t\t\t\t\t\t\t\t<div class=\"fs-wysiwyg\">\n\t\t\t\t\t\t<p style=\"text-align: center;\"><strong>Zurigo &#8211; la centrale finanziaria<\/strong><\/p>\n<p>La citt\u00e0 pi\u00f9 grande della Svizzera \u00e8 una destinazione MICE di primo piano, che offre infrastrutture di livello mondiale e un&#8217;eccellente connettivit\u00e0. L&#8217;aeroporto di Zurigo offre voli diretti verso gli hub mondiali, mentre l&#8217;efficiente rete di trasporti pubblici della citt\u00e0 garantisce un facile accesso ai quartieri degli affari e alle sedi degli eventi.<\/p>\n<p><em>Dove soggiornare: <\/em>Il <strong><a href=\"https:\/\/myallmeeting.com\/it\/hotel\/2731-novotel-zurich-city-west\/\" target=\"_blank\" rel=\"noopener\">Novotel Zurich City-West<\/a><\/strong>, vicino al Technopark, dispone di nove sale riunioni high-tech e di una piscina per il relax post-congressuale. Il <strong><a href=\"https:\/\/myallmeeting.com\/it\/hotel\/0884-novotel-zurich-airport-messe\/\" target=\"_blank\" rel=\"noopener\">Novotel Zurich Airport Messe<\/a><\/strong>, con collegamenti diretti in tram con l&#8217;aeroporto e il centro citt\u00e0, offre moderni spazi per riunioni e un&#8217;area fitness ben attrezzata.<\/p>\n<p><em>Attivit\u00e0 incentive: <\/em>I partecipanti possono fare un giro panoramico in barca sul lago di Zurigo, visitare il Museo FIFA, esplorare il centro storico o cimentarsi in una coinvolgente sfida di escape room.<\/p>\n<p style=\"text-align: center;\"><strong>Ginevra &#8211; il centro diplomatico mondiale<\/strong><\/p>\n<p>Sede di organizzazioni internazionali e di importanti vertici, Ginevra \u00e8 un luogo ideale per eventi aziendali di alto profilo. L&#8217;aeroporto di Ginevra offre ampi collegamenti internazionali, mentre un&#8217;efficiente rete di tram e autobus consente un rapido accesso alle sedi principali.<\/p>\n<p><em>Dove alloggiare: <\/em>Il <strong><a href=\"https:\/\/myallmeeting.com\/it\/hotel\/3133-novotel-geneve-centre\/\" target=\"_blank\" rel=\"noopener\">Novotel Gen\u00e8ve Centre <\/a><\/strong>offre cinque sale riunioni versatili, un&#8217;area benessere e un facile accesso al Lago di Ginevra. La sua posizione vicino alla stazione ferroviaria di Cornavin garantisce spostamenti agevoli verso altre citt\u00e0 svizzere.<\/p>\n<p><em>Attivit\u00e0 incentive:<\/em> I partecipanti possono visitare la sede delle Nazioni Unite, gustare una cucina raffinata in riva al lago, esplorare il centro storico di Ginevra o fare una crociera panoramica sul lago di Ginevra.<\/p>\n\t\t\t\t\t<\/div>\n\t\t\t\t\t\t\t\t\t<\/div>\n\t\t\t\t\t\t\t\t<div class=\"text-center d-lg-none px-8\">\n\t\t\t\t\t<!-- M\u00eame image -->\n\t\t\t\t\t<img decoding=\"async\" src=\"https:\/\/www.myallmeeting.com\/wp-content\/uploads\/2025\/03\/0530_H1-633x398.jpg\" width=\"633\" height=\"398\" alt=\"\" loading=\"lazy\">\n\t\t\t\t<\/div>\n\t\t\t\t\t\t\t<\/div>        \n\t\t\t<div class=\"col-lg-6 order-first order-lg-last\">\n\t\t\t\t<div class=\"text-image-slider__slider mb-7 mb-lg-12\">\n\t\t\t\t\t\t\t\t\t\t<div class=\"splide\">\n\t\t\t\t\t\t<div class=\"splide__track\">\n\t\t\t\t\t\t\t<div class=\"splide__list\">\n\t\t\t\t\t\t\t\t\t\t\t\t\t\t\t\t<div class=\"splide__slide\">\n\t\t\t\t\t\t\t\t\t<img decoding=\"async\" src=\"https:\/\/www.myallmeeting.com\/wp-content\/uploads\/2025\/03\/HENRIQ1-953x600.jpg\" width=\"953\" height=\"600\" alt=\"\" loading=\"lazy\">\n\t\t\t\t\t\t\t\t<\/div>\n\t\t\t\t\t\t\t\t\t\t\t\t\t\t\t\t\t\t\t\t\t\t\t\t\t<div class=\"splide__slide\">\n\t\t\t\t\t\t\t\t\t<img decoding=\"async\" src=\"https:\/\/www.myallmeeting.com\/wp-content\/uploads\/2025\/03\/2731_S2-953x600.jpg\" width=\"953\" height=\"600\" alt=\"\" loading=\"lazy\">\n\t\t\t\t\t\t\t\t<\/div>\n\t\t\t\t\t\t\t\t\t\t\t\t\t\t\t\t\t\t\t\t\t\t\t\t\t<div class=\"splide__slide\">\n\t\t\t\t\t\t\t\t\t<img decoding=\"async\" src=\"https:\/\/www.myallmeeting.com\/wp-content\/uploads\/2025\/03\/0884_S1-953x600.jpg\" width=\"953\" height=\"600\" alt=\"\" loading=\"lazy\">\n\t\t\t\t\t\t\t\t<\/div>\n\t\t\t\t\t\t\t\t\t\t\t\t\t\t\t\t\t\t\t\t\t\t\t\t\t<div class=\"splide__slide\">\n\t\t\t\t\t\t\t\t\t<img decoding=\"async\" src=\"https:\/\/www.myallmeeting.com\/wp-content\/uploads\/2025\/03\/DEVAM-1-953x600.jpg\" width=\"953\" height=\"600\" alt=\"\" loading=\"lazy\">\n\t\t\t\t\t\t\t\t<\/div>\n\t\t\t\t\t\t\t\t\t\t\t\t\t\t\t\t\t\t\t\t\t\t\t\t<\/div>\n\t\t\t\t\t\t<\/div>\n\t\t\t\t\t\t<div class=\"splide__arrows d-none d-lg-block\">\n\t\t\t\t\t\t\t<button class=\"splide__arrow splide__arrow--prev px-lg-3 py-lg-4 px-xl-4 py-xl-5 px-xxl-5 py-xxl-7 position-absolute l-0 bg-white border-0\">\n\t\t\t\t\t\t\t\t<svg width=\"14\" height=\"27\" aria-hidden=\"true\">\n\t\t\t\t\t\t\t\t\t<use xlink:href=\"https:\/\/www.myallmeeting.com\/wp-content\/themes\/accor\/assets\/images\/sprite.svg#slider-prev\"><\/use>\n\t\t\t\t\t\t\t\t<\/svg>\n\t\t\t\t\t\t\t<\/button>\n\t\t\t\t\t\t\t<button class=\"splide__arrow splide__arrow--next px-lg-3 py-lg-4 px-xl-4 py-xl-5 px-xxl-5 py-xxl-7 position-absolute r-0 bg-white border-0\">\n\t\t\t\t\t\t\t\t<svg width=\"14\" height=\"27\" aria-hidden=\"true\">\n\t\t\t\t\t\t\t\t\t<use xlink:href=\"https:\/\/www.myallmeeting.com\/wp-content\/themes\/accor\/assets\/images\/sprite.svg#slider-prev\"><\/use>\n\t\t\t\t\t\t\t\t<\/svg>\n\t\t\t\t\t\t\t<\/button>\n\t\t\t\t\t\t<\/div>\n\t\t\t\t\t<\/div>\n\t\t\t\t\t\t\t\t\t<\/div>\n\t\t\t\t\t\t\t\t\t<div class=\"text-image-slider__content d-none d-lg-block\">\n\t\t\t\t\t<!-- M\u00eame image -->\n\t\t\t\t\t<img decoding=\"async\" src=\"https:\/\/www.myallmeeting.com\/wp-content\/uploads\/2025\/03\/0530_H1-633x398.jpg\" width=\"633\" height=\"398\" alt=\"\" loading=\"lazy\">\n\t\t\t\t<\/div>\n\t\t\t\t\t\t\t<\/div>\n\t\t<\/div>\n\t<\/div>\n<\/div>\n<!-- END OF : Composant : block-periscope-theme-section-composant-34-texte-image-slider.php -->\n\n\n<!-- START OF : Composant : block-periscope-theme-section-composant-33-texte-image.php -->\n<div class=\"text-image fs-wysiwyg mb-8 mb-lg-12\" data-component=\"33-texte-image\">\n\t<div class=\"container-fluid\" style=\"--bs-gutter-x: 0\">\n\t\t<div class=\"row\" style=\"--bs-gutter-x: 0\">\n\t\t\t\t\t\t<div class=\"col-lg-6 mb-7 mb-lg-0\">\n\t\t\t\t<img decoding=\"async\" src=\"https:\/\/www.myallmeeting.com\/wp-content\/uploads\/2025\/03\/A5A4_S1-953x600.jpg\" width=\"953\" height=\"600\" alt=\"\" loading=\"lazy\" class=\"w-100\" \/>\n\t\t\t<\/div>\n\t\t\t\t\t\t<div class=\"col-lg-6\">\n\t\t\t\t<div class=\"text-image__content\">\n\t\t\t\t\t\t\t\t\t\t\t\t\t\t\t<div class=\"fs-wysiwyg\">\n\t\t\t\t\t\t<p style=\"text-align: center;\"><strong>Montreux &#8211; il rifugio incentive per eccellenza<\/strong><\/p>\n<p>Incastonata tra il Lago di Ginevra e le Alpi, Montreux \u00e8 una localit\u00e0 straordinaria per i ritiri aziendali. Ben collegata in treno con l&#8217;aeroporto di Ginevra, offre un mix stimolante di opportunit\u00e0 di lavoro e di svago.<\/p>\n<p><em>Dove soggiornare: <\/em>Il <strong><a href=\"https:\/\/myallmeeting.com\/it\/hotel\/a5a4-fairmont-le-montreux-palace\/\" target=\"_blank\" rel=\"noopener\">Fairmont Le Montreux Palace<\/a><\/strong>, un simbolo della Belle Epoque, dispone di 20 sofisticate sale riunioni e di un lussuoso centro benessere, offrendo un ambiente elegante per le riunioni dei dirigenti. Questo hotel dispone anche di terrazze mozzafiato sul lago, perfette per eventi esclusivi di networking e ricevimenti privati.<\/p>\n<p><em>Attivit\u00e0 incentive: <\/em>Una visita al Castello di Chillon, un giro panoramico in treno fino a Glacier 3000, la partecipazione al Montreux Jazz Festival o una degustazione di vini nei vicini vigneti di Lavaux creeranno ricordi indimenticabili per i partecipanti.<\/p>\n\t\t\t\t\t<\/div>\n\t\t\t\t\t\t\t\t\t<\/div>\n\t\t\t<\/div>        \n\t\t<\/div>\n\t<\/div>\n<\/div>\n<!-- END OF : Composant : block-periscope-theme-section-composant-33-texte-image.php -->\n\n\n<div class=\"container fs-wysiwyg mb-5\">\n<p class=\"has-text-align-center\"><strong>Conclusione<\/strong><\/p>\n<\/div>\n\n<div class=\"container fs-wysiwyg mb-5\">\n<p class=\"has-text-align-center\">L&#8217;Europa centrale offre un&#8217;ampia gamma di opportunit\u00e0 per gli eventi MICE, combinando una connettivit\u00e0 di alto livello con ambienti alla moda e stimolanti. Che si tratti di una conferenza su larga scala a Francoforte, di un viaggio incentive a Montreux o di un&#8217;esclusiva riunione del consiglio di amministrazione a Vienna, il variegato portafoglio alberghiero di Accor garantisce l&#8217;abbinamento perfetto per ogni evento. Scegliendo una di queste vivaci destinazioni, i meeting planner possono creare esperienze memorabili e produttive, godendo della facilit\u00e0 di connessione e di un&#8217;ospitalit\u00e0 di livello mondiale.<\/p>\n<\/div>","protected":false},"excerpt":{"rendered":"<p>Per i pianificatori di meeting ed eventi, la connettivit\u00e0 e la tendenza sono fattori chiave nella scelta di una destinazione MICE. <\/p>\n","protected":false},"featured_media":18552682,"menu_order":0,"template":"","periscope_categorie_tax":[],"class_list":["post-18553619","article","type-article","status-publish","has-post-thumbnail","hentry"],"acf":[],"yoast_head":"<title>Destinazioni MICE di tendenza e ben collegate nell&#039;Europa centrale - Accor MyAllMeeting.com<\/title>\n<meta name=\"description\" content=\"Scoprite le destinazioni MICE pi\u00f9 trendy e collegate dell&#039;Europa centrale, tra cui Germania, Austria e Svizzera.\" \/>\n<meta name=\"robots\" content=\"index, follow, max-snippet:-1, max-image-preview:large, max-video-preview:-1\" \/>\n<link rel=\"canonical\" href=\"https:\/\/www.myallmeeting.com\/it\/wp-json\/wp\/v2\/article\/18553619\" \/>\n<meta property=\"og:locale\" content=\"it_IT\" \/>\n<meta property=\"og:type\" content=\"article\" \/>\n<meta property=\"og:title\" content=\"Destinazioni MICE di tendenza e ben collegate nell&#039;Europa centrale - Accor MyAllMeeting.com\" \/>\n<meta property=\"og:description\" content=\"Scoprite le destinazioni MICE pi\u00f9 trendy e collegate dell&#039;Europa centrale, tra cui Germania, Austria e Svizzera.\" \/>\n<meta property=\"og:url\" content=\"https:\/\/www.myallmeeting.com\/it\/article\/destinations-mice-tendances-et-bien-connectees-en-europe-centrale\/\" \/>\n<meta property=\"og:site_name\" content=\"Accor MyAllMeeting.com\" \/>\n<meta property=\"article:modified_time\" content=\"2025-07-23T08:10:14+00:00\" \/>\n<meta property=\"og:image\" content=\"http:\/\/myallmeeting.com\/wp-content\/uploads\/2025\/03\/MAM-imagery-1920-x-570-px-Baniere-1.png\" \/>\n\t<meta property=\"og:image:width\" content=\"1920\" \/>\n\t<meta property=\"og:image:height\" content=\"570\" \/>\n\t<meta property=\"og:image:type\" content=\"image\/png\" \/>\n<meta name=\"twitter:card\" content=\"summary_large_image\" \/>\n<meta name=\"twitter:label1\" content=\"Est. reading time\" \/>\n\t<meta name=\"twitter:data1\" content=\"17 minutes\" \/>\n<script type=\"application\/ld+json\" class=\"yoast-schema-graph\">{\"@context\":\"https:\/\/schema.org\",\"@graph\":[{\"@type\":\"WebPage\",\"@id\":\"https:\/\/www.myallmeeting.com\/it\/article\/destinations-mice-tendances-et-bien-connectees-en-europe-centrale\/\",\"url\":\"https:\/\/www.myallmeeting.com\/it\/article\/destinations-mice-tendances-et-bien-connectees-en-europe-centrale\/\",\"name\":\"Destinazioni MICE di tendenza e ben collegate nell'Europa centrale - Accor MyAllMeeting.com\",\"isPartOf\":{\"@id\":\"https:\/\/www.myallmeeting.com\/it\/#website\"},\"primaryImageOfPage\":{\"@id\":\"https:\/\/www.myallmeeting.com\/it\/article\/destinations-mice-tendances-et-bien-connectees-en-europe-centrale\/#primaryimage\"},\"image\":{\"@id\":\"https:\/\/www.myallmeeting.com\/it\/article\/destinations-mice-tendances-et-bien-connectees-en-europe-centrale\/#primaryimage\"},\"thumbnailUrl\":\"https:\/\/www.myallmeeting.com\/wp-content\/uploads\/2025\/03\/MAM-imagery-1920-x-570-px-Baniere-1.png\",\"datePublished\":\"2025-03-06T21:56:49+00:00\",\"dateModified\":\"2025-07-23T08:10:14+00:00\",\"description\":\"Scoprite le destinazioni MICE pi\u00f9 trendy e collegate dell'Europa centrale, tra cui Germania, Austria e Svizzera.\",\"breadcrumb\":{\"@id\":\"https:\/\/www.myallmeeting.com\/it\/article\/destinations-mice-tendances-et-bien-connectees-en-europe-centrale\/#breadcrumb\"},\"inLanguage\":\"it-IT\",\"potentialAction\":[{\"@type\":\"ReadAction\",\"target\":[\"https:\/\/www.myallmeeting.com\/it\/article\/destinations-mice-tendances-et-bien-connectees-en-europe-centrale\/\"]}]},{\"@type\":\"ImageObject\",\"inLanguage\":\"it-IT\",\"@id\":\"https:\/\/www.myallmeeting.com\/it\/article\/destinations-mice-tendances-et-bien-connectees-en-europe-centrale\/#primaryimage\",\"url\":\"https:\/\/www.myallmeeting.com\/wp-content\/uploads\/2025\/03\/MAM-imagery-1920-x-570-px-Baniere-1.png\",\"contentUrl\":\"https:\/\/www.myallmeeting.com\/wp-content\/uploads\/2025\/03\/MAM-imagery-1920-x-570-px-Baniere-1.png\",\"width\":1920,\"height\":570,\"caption\":\"montreux lake hotel\"},{\"@type\":\"BreadcrumbList\",\"@id\":\"https:\/\/www.myallmeeting.com\/it\/article\/destinations-mice-tendances-et-bien-connectees-en-europe-centrale\/#breadcrumb\",\"itemListElement\":[{\"@type\":\"ListItem\",\"position\":1,\"name\":\"Pagina iniziale\",\"item\":\"https:\/\/myallmeeting.com\/it\/\"},{\"@type\":\"ListItem\",\"position\":2,\"name\":\"Notizie\",\"item\":\"https:\/\/www.myallmeeting.com\/it\/notizie\/\"},{\"@type\":\"ListItem\",\"position\":3,\"name\":\"Destinazioni MICE di tendenza e ben collegate nell&rsquo;Europa centrale\"}]},{\"@type\":\"WebSite\",\"@id\":\"https:\/\/www.myallmeeting.com\/it\/#website\",\"url\":\"https:\/\/www.myallmeeting.com\/it\/\",\"name\":\"Accor MyAllMeeting.com\",\"description\":\"Les Meilleurs lieux pour vos Ev\u00e9nements Professionnels\",\"publisher\":{\"@id\":\"https:\/\/www.myallmeeting.com\/it\/#organization\"},\"potentialAction\":[{\"@type\":\"SearchAction\",\"target\":{\"@type\":\"EntryPoint\",\"urlTemplate\":\"https:\/\/www.myallmeeting.com\/it\/?s={search_term_string}\"},\"query-input\":{\"@type\":\"PropertyValueSpecification\",\"valueRequired\":true,\"valueName\":\"search_term_string\"}}],\"inLanguage\":\"it-IT\"},{\"@type\":\"Organization\",\"@id\":\"https:\/\/www.myallmeeting.com\/it\/#organization\",\"name\":\"ACCOR\",\"url\":\"https:\/\/www.myallmeeting.com\/it\/\",\"logo\":{\"@type\":\"ImageObject\",\"inLanguage\":\"it-IT\",\"@id\":\"https:\/\/www.myallmeeting.com\/it\/#\/schema\/logo\/image\/\",\"url\":\"\",\"contentUrl\":\"\",\"caption\":\"ACCOR\"},\"image\":{\"@id\":\"https:\/\/www.myallmeeting.com\/it\/#\/schema\/logo\/image\/\"}}]}<\/script>","yoast_head_json":{"title":"Destinazioni MICE di tendenza e ben collegate nell'Europa centrale - Accor MyAllMeeting.com","description":"Scoprite le destinazioni MICE pi\u00f9 trendy e collegate dell'Europa centrale, tra cui Germania, Austria e Svizzera.","robots":{"index":"index","follow":"follow","max-snippet":"max-snippet:-1","max-image-preview":"max-image-preview:large","max-video-preview":"max-video-preview:-1"},"canonical":"https:\/\/www.myallmeeting.com\/it\/wp-json\/wp\/v2\/article\/18553619","og_locale":"it_IT","og_type":"article","og_title":"Destinazioni MICE di tendenza e ben collegate nell'Europa centrale - Accor MyAllMeeting.com","og_description":"Scoprite le destinazioni MICE pi\u00f9 trendy e collegate dell'Europa centrale, tra cui Germania, Austria e Svizzera.","og_url":"https:\/\/www.myallmeeting.com\/it\/article\/destinations-mice-tendances-et-bien-connectees-en-europe-centrale\/","og_site_name":"Accor MyAllMeeting.com","article_modified_time":"2025-07-23T08:10:14+00:00","og_image":[{"width":1920,"height":570,"url":"http:\/\/myallmeeting.com\/wp-content\/uploads\/2025\/03\/MAM-imagery-1920-x-570-px-Baniere-1.png","type":"image\/png"}],"twitter_card":"summary_large_image","twitter_misc":{"Est. reading time":"17 minutes"},"schema":{"@context":"https:\/\/schema.org","@graph":[{"@type":"WebPage","@id":"https:\/\/www.myallmeeting.com\/it\/article\/destinations-mice-tendances-et-bien-connectees-en-europe-centrale\/","url":"https:\/\/www.myallmeeting.com\/it\/article\/destinations-mice-tendances-et-bien-connectees-en-europe-centrale\/","name":"Destinazioni MICE di tendenza e ben collegate nell'Europa centrale - Accor MyAllMeeting.com","isPartOf":{"@id":"https:\/\/www.myallmeeting.com\/it\/#website"},"primaryImageOfPage":{"@id":"https:\/\/www.myallmeeting.com\/it\/article\/destinations-mice-tendances-et-bien-connectees-en-europe-centrale\/#primaryimage"},"image":{"@id":"https:\/\/www.myallmeeting.com\/it\/article\/destinations-mice-tendances-et-bien-connectees-en-europe-centrale\/#primaryimage"},"thumbnailUrl":"https:\/\/www.myallmeeting.com\/wp-content\/uploads\/2025\/03\/MAM-imagery-1920-x-570-px-Baniere-1.png","datePublished":"2025-03-06T21:56:49+00:00","dateModified":"2025-07-23T08:10:14+00:00","description":"Scoprite le destinazioni MICE pi\u00f9 trendy e collegate dell'Europa centrale, tra cui Germania, Austria e Svizzera.","breadcrumb":{"@id":"https:\/\/www.myallmeeting.com\/it\/article\/destinations-mice-tendances-et-bien-connectees-en-europe-centrale\/#breadcrumb"},"inLanguage":"it-IT","potentialAction":[{"@type":"ReadAction","target":["https:\/\/www.myallmeeting.com\/it\/article\/destinations-mice-tendances-et-bien-connectees-en-europe-centrale\/"]}]},{"@type":"ImageObject","inLanguage":"it-IT","@id":"https:\/\/www.myallmeeting.com\/it\/article\/destinations-mice-tendances-et-bien-connectees-en-europe-centrale\/#primaryimage","url":"https:\/\/www.myallmeeting.com\/wp-content\/uploads\/2025\/03\/MAM-imagery-1920-x-570-px-Baniere-1.png","contentUrl":"https:\/\/www.myallmeeting.com\/wp-content\/uploads\/2025\/03\/MAM-imagery-1920-x-570-px-Baniere-1.png","width":1920,"height":570,"caption":"montreux lake hotel"},{"@type":"BreadcrumbList","@id":"https:\/\/www.myallmeeting.com\/it\/article\/destinations-mice-tendances-et-bien-connectees-en-europe-centrale\/#breadcrumb","itemListElement":[{"@type":"ListItem","position":1,"name":"Pagina iniziale","item":"https:\/\/myallmeeting.com\/it\/"},{"@type":"ListItem","position":2,"name":"Notizie","item":"https:\/\/www.myallmeeting.com\/it\/notizie\/"},{"@type":"ListItem","position":3,"name":"Destinazioni MICE di tendenza e ben collegate nell&rsquo;Europa centrale"}]},{"@type":"WebSite","@id":"https:\/\/www.myallmeeting.com\/it\/#website","url":"https:\/\/www.myallmeeting.com\/it\/","name":"Accor MyAllMeeting.com","description":"Les Meilleurs lieux pour vos Ev\u00e9nements Professionnels","publisher":{"@id":"https:\/\/www.myallmeeting.com\/it\/#organization"},"potentialAction":[{"@type":"SearchAction","target":{"@type":"EntryPoint","urlTemplate":"https:\/\/www.myallmeeting.com\/it\/?s={search_term_string}"},"query-input":{"@type":"PropertyValueSpecification","valueRequired":true,"valueName":"search_term_string"}}],"inLanguage":"it-IT"},{"@type":"Organization","@id":"https:\/\/www.myallmeeting.com\/it\/#organization","name":"ACCOR","url":"https:\/\/www.myallmeeting.com\/it\/","logo":{"@type":"ImageObject","inLanguage":"it-IT","@id":"https:\/\/www.myallmeeting.com\/it\/#\/schema\/logo\/image\/","url":"","contentUrl":"","caption":"ACCOR"},"image":{"@id":"https:\/\/www.myallmeeting.com\/it\/#\/schema\/logo\/image\/"}}]}},"_links":{"self":[{"href":"https:\/\/www.myallmeeting.com\/it\/wp-json\/wp\/v2\/article\/18553619","targetHints":{"allow":["GET"]}}],"collection":[{"href":"https:\/\/www.myallmeeting.com\/it\/wp-json\/wp\/v2\/article"}],"about":[{"href":"https:\/\/www.myallmeeting.com\/it\/wp-json\/wp\/v2\/types\/article"}],"wp:featuredmedia":[{"embeddable":true,"href":"https:\/\/www.myallmeeting.com\/it\/wp-json\/wp\/v2\/media\/18552682"}],"wp:attachment":[{"href":"https:\/\/www.myallmeeting.com\/it\/wp-json\/wp\/v2\/media?parent=18553619"}],"wp:term":[{"taxonomy":"periscope_categorie_tax","embeddable":true,"href":"https:\/\/www.myallmeeting.com\/it\/wp-json\/wp\/v2\/periscope_categorie_tax?post=18553619"}],"curies":[{"name":"wp","href":"https:\/\/api.w.org\/{rel}","templated":true}]}}