{"id":16229990,"date":"2024-08-06T12:29:09","date_gmt":"2024-08-06T10:29:09","guid":{"rendered":"https:\/\/myallmeeting.com\/?post_type=article&#038;p=16229990"},"modified":"2024-08-07T17:34:02","modified_gmt":"2024-08-07T15:34:02","slug":"vue-mer-ou-montagne-pour-votre-evenement-estival","status":"publish","type":"article","link":"https:\/\/www.myallmeeting.com\/it\/article\/vue-mer-ou-montagne-pour-votre-evenement-estival\/","title":{"rendered":"Vista sul mare o sulle montagne per il vostro evento estivo?"},"content":{"rendered":"<!-- START OF : Composant : block-periscope-theme-section-composant-25-texte-cta-2-images.php -->\n<div class=\"tcta2ia bg-white fs-wysiwyg mb-lg-12\" data-component=\"25-texte-cta-2-images\">\n\t<div class=\"tcta2ia__top\">\n\t\t<div class=\"container-fluid\" style=\"--bs-gutter-x: 0\">\n\t\t\t<div class=\"row\" style=\"--bs-gutter-x: 0\">\n\t\t\t\t<div class=\"col-lg-8\">\n\t\t\t\t\t\t\t\t\t\t<div class=\"bloc-mise-en-avant__top__left\">\n\t\t\t\t\t\t<img decoding=\"async\" src=\"https:\/\/www.myallmeeting.com\/wp-content\/uploads\/2024\/07\/mountain-1268x846.jpg\" class=\"pe-2 pe-lg-0\" width=\"1268\" height=\"846\" alt=\"\" loading=\"lazy\" \/>\n\t\t\t\t\t<\/div>\n\t\t\t\t\t\t\t\t\t\t<div class=\"tcta2ia__bottom d-none d-lg-block pb-12 pt-lg-9 pb-lg-0 pe-lg-10\">\n\t\t\t\t\t\t\t\t\t\t\t\t<h2 class=\"fs-20 fs-lg-32 fw-semibold\">Montagne o mare : un piacevole dilemma nel pianificare un evento<\/h2>\n\t\t\t\t\t\t\t\t\t\t\t\t\t\t\t\t\t\t<div class=\"fs-wysiwyg\"><p>Gli eventi tenuti in regioni montuose e in localit\u00e0 balneari offrono rispettivamente vantaggi unici che soddisfano differenti obiettivi e aspettative dei partecipanti. Comprendere tali contesti contrastanti ti aiuter\u00e0 a scegliere lo scenario ideale, quello maggiormente in linea con gli obiettivi del tuo evento.<\/p>\n<\/div>\n\t\t\t\t\t\t\t\t\t\t\t\t<div class=\"d-flex flex-column flex-lg-row align-items-center gap-5 gap-lg-8 justify-content-between\">\n\t\t\t\t\t\t\t<div class=\"fs-20 fs-lg-26 fw-semibold lh-xs\"><\/div>\n\t\t\t\t\t\t\t\t\t\t\t\t\t<\/div>\n\t\t\t\t\t<\/div>\n\t\t\t\t<\/div>\n\t\t\t\t<div class=\"col-lg-4\">\n\t\t\t\t\t<div class=\"tcta2ia__top__right t-0 r-0 bg-primary text-white pt-4 pb-4 px-2 pt-lg-8 pb-lg-16 px-lg-11 pb-xl-30\">\n\t\t\t\t\t\t\t\t\t\t\t\t\t\t\t\t\t\t<h2 class=\"unna fs-36 fs-lg-51 fs-xl-75 fs-italic fw-normal text-secondary\">Vista sul mare o sulle montagne per il vostro evento estivo?<\/h2>\n\t\t\t\t\t\t\t\t\t\t\t\t\t\t\t\t\t\t<h3 class=\"text-white fs-18 fs-lg-20 fs-xl-28 text-original-case\">Sta arrivando la stagione estiva: una scelta di scenari mozzafiato per il tuo prossimo evento<\/h3>\n\t\t\t\t\t\t\t\t\t\t\t\t\t\t\t\t\t\t<div class=\"fs-wysiwyg mb-4 fs-lg-16 fs-xl-20\"><p>Con l&#8217;avvicinarsi della stagione estiva, i professionisti della gestione e dell\u2019organizzazione di eventi affrontano l&#8217;emozionante compito di decidere dove tenere i loro prossimi eventi e riunioni. Accor offre un ampio portafoglio in Europa e in Nord Africa con una vasta gamma di location mozzafiato tra cui scegliere. Ti attraggono le tranquille alture delle Alpi o le rive dorate del Mediterraneo? Esploriamo i vantaggi di entrambe le opzioni per aiutarti a decidere.<\/p>\n<\/div>\n\t\t\t\t\t\t\t\t\t\t\t\t\t\t\t\t\t\t\t\t\t\t\t\t<p class=\"m-0\"><img decoding=\"async\" src=\"https:\/\/www.myallmeeting.com\/wp-content\/uploads\/2024\/07\/Mercure-Monte-Igueldo-2-633x398.jpg\" class=\"position-relative l-0\" width=\"633\" height=\"398\" alt=\"\" loading=\"lazy\" \/><\/p>\n\t\t\t\t\t\t\t\t\t\t\t<\/div>\n\t\t\t\t<\/div>\n\t\t\t<\/div>\n\t\t<\/div>\n\t<\/div>\n\t<div class=\"tcta2ia__bottom d-lg-none pb-12 py-lg-9 pe-lg-10\">\n\t\t\t\t<div class=\"h2 fs-20 fs-lg-32 fw-semibold\">Montagne o mare : un piacevole dilemma nel pianificare un evento<\/div>\n\t\t\t\t\t\t<div class=\"fs-wysiwyg\"><p>Gli eventi tenuti in regioni montuose e in localit\u00e0 balneari offrono rispettivamente vantaggi unici che soddisfano differenti obiettivi e aspettative dei partecipanti. Comprendere tali contesti contrastanti ti aiuter\u00e0 a scegliere lo scenario ideale, quello maggiormente in linea con gli obiettivi del tuo evento.<\/p>\n<\/div>\n\t\t\t\t<div class=\"d-flex flex-column flex-lg-row align-items-center gap-5 gap-lg-8 justify-content-between\">\n\t\t\t<div class=\"fs-20 fs-lg-26 fw-semibold lh-xs\"><\/div>\n\t\t\t\t\t<\/div>\n\t<\/div>\n<\/div>\n<!-- END OF : Composant : block-periscope-theme-section-composant-25-texte-cta-2-images.php -->\n\n\n<!-- START OF : Composant : block-periscope-theme-section-composant-33-texte-image.php -->\n<div class=\"text-image fs-wysiwyg mb-8 mb-lg-12\" data-component=\"33-texte-image\">\n\t<div class=\"container-fluid\" style=\"--bs-gutter-x: 0\">\n\t\t<div class=\"row\" style=\"--bs-gutter-x: 0\">\n\t\t\t\t\t\t<div class=\"col-lg-6 mb-7 mb-lg-0\">\n\t\t\t\t<img decoding=\"async\" src=\"https:\/\/www.myallmeeting.com\/wp-content\/uploads\/2024\/07\/mountain-2-953x600.jpg\" width=\"953\" height=\"600\" alt=\"\" loading=\"lazy\" class=\"w-100\" \/>\n\t\t\t<\/div>\n\t\t\t\t\t\t<div class=\"col-lg-6\">\n\t\t\t\t<div class=\"text-image__content\">\n\t\t\t\t\t\t\t\t\t\t<div class=\"fw-semibold lh-xs fs-20 fs-lg-32 ls--25 mb-5\">Ispirazione sulle vette<\/div>\n\t\t\t\t\t\t\t\t\t\t\t\t\t\t\t<div class=\"fs-wysiwyg\">\n\t\t\t\t\t\t<p>Respira l&#8217;aria fresca e aumenta l\u2019energia ammirando paesaggi eccezionali. Ecco tre vantaggi fondamentali della scelta di localit\u00e0 montuose:<\/p>\n<ol>\n<li><strong>Tranquillit\u00e0 e concentrazione:<\/strong> i luoghi di montagna offrono un ambiente sereno e privo di distrazioni, ideale per una concentrazione profonda e per un\u2019alta produttivit\u00e0. La bellezza naturale dei dintorni aumenta la creativit\u00e0 e l&#8217;ispirazione, rendendoli perfetti per riunioni strategiche e sessioni di brainstorming.<\/li>\n<li><strong>Avventura e team building:<\/strong> il terreno montano offre opportunit\u00e0 per attivit\u00e0 all&#8217;aria aperta quali l&#8217;escursionismo, lo sci e andare in mountain bike. L&#8217;integrazione di queste attivit\u00e0 nel programma dell&#8217;evento pu\u00f2 fornire divertenti esperienze di team bonding ed elevare il morale.<\/li>\n<li><strong>Viste mozzafiato:<\/strong> con le loro viste panoramiche, i luoghi di montagna offrono uno scenario spettacolare per qualsiasi evento e grandi opportunit\u00e0 di fare qualche foto di gruppo stupefacente.<\/li>\n<\/ol>\n\t\t\t\t\t<\/div>\n\t\t\t\t\t\t\t\t\t<\/div>\n\t\t\t<\/div>        \n\t\t<\/div>\n\t<\/div>\n<\/div>\n<!-- END OF : Composant : block-periscope-theme-section-composant-33-texte-image.php -->\n\n\n<!-- START OF : Composant : block-periscope-theme-section-composant-34-texte-image-slider.php -->\n<!-- INVERSE -->\n<div class=\"text-image-slider fs-wysiwyg mb-8 mb-lg-12\" data-component=\"34-texte-image-slider\" data-reverse=\"oui\">\n<div class=\"container-fluid\" style=\"--bs-gutter-x: 0\">\n\t\t<div class=\"row\" style=\"--bs-gutter-x: 0\">\n\t\t\t<div class=\"col-lg-6\">\n\t\t\t\t<div class=\"text-image-slider__content mb-7 mb-lg-0\">\n\t\t\t\t\t\t\t\t\t\t<div class=\"fw-semibold lh-xs fs-20 fs-lg-32 ls--25 mb-5\">Hotel Accor con vista sulle montagne e spazi per riunioni:<\/div>\n\t\t\t\t\t\t\t\t\t\t\t\t\t\t\t<div class=\"fs-wysiwyg\">\n\t\t\t\t\t\t<p><strong><a href=\"https:\/\/myallmeeting.com\/it\/hotel\/b803-mercure-peyragudes-loudenvielle-pyrenees\/\">Mercure Peyragudes Loudenvielle Pyrenees<\/a> (Francia)<\/strong><\/p>\n<ul>\n<li><strong>Un&#8217;oasi nei Pirenei:<\/strong> situato in una posizione ideale nel paesino di Loudenvielle, questo hotel a 4 stelle combina un fascino rustico con comfort moderni. Qui troverai una piscina riscaldata rivolta verso le montagne, un accogliente caminetto e un ristorante con prodotti freschi e di stagione. L&#8217;hotel offre una stupenda vista sui monti, l&#8217;accesso diretto ai noleggi Intersport e la funivia SKYVALL. Con diverse sale riunioni dotate di una magnifica vista sulle montagne, questa location non mancher\u00e0 di stupire.<\/li>\n<\/ul>\n<p><strong><a href=\"https:\/\/myallmeeting.com\/it\/hotel\/0371-hotel-mercure-andorra\/\">Hotel Mercure Andorra<\/a> (Andorra)<\/strong><\/p>\n<ul>\n<li><strong>Il cuore di Andorra:<\/strong> adagiato tra i Pirenei, questo resort a 4 stelle ad Andorra la Vella \u00e8 perfetto per sciare, fare escursionismo, andare in bicicletta e partecipare ad attivit\u00e0 culturali, tutte ottime opzioni di team bonding. Ci sono anche due piscine, un hammam, una sauna e una vasca idromassaggio per rilassarsi dopo una lunga giornata. Dotato anche di tre spaziose sale riunioni per soddisfare qualsiasi esigenza aziendale.<\/li>\n<\/ul>\n<p><strong><a href=\"https:\/\/myallmeeting.com\/it\/hotel\/9076-hotel-mercure-krynica-zdroj-resort-spa\/\">Hotel Mercure Krynica Zdroj Resort &amp; Spa<\/a> (Polonia)<\/strong><\/p>\n<ul>\n<li><strong>Un\u2019oasi polacca:<\/strong> scopri l&#8217;autentica ospitalit\u00e0 polacca in questo hotel a 4 stelle, situato nel pittoresco ambiente di montagna di Krynica-Zdr\u00f3j, a soli 500 metri dal centro della citt\u00e0, con sentieri escursionistici, piste ciclabili e piste da sci nelle vicinanze, perfetto sia per chi viaggia per lavoro sia per chi viaggia per piacere. Questo hotel offre camere confortevoli e spaziose, sale riunioni interamente attrezzate per un meeting perfetto tra le montagne e un raffinato ristorante dove cenare con i colleghi a fine giornata.<\/li>\n<\/ul>\n<p><strong><a href=\"https:\/\/myallmeeting.com\/it\/hotel\/b5i0-novotel-megeve-mont-blanc\/\">Hotel Novotel Meg\u00e8ve Mont-Blanc<\/a> (Francia)<\/strong><\/p>\n<ul>\n<li><strong>Un soggiorno in uno chalet incantevole:<\/strong> questo moderno chalet a 4 stelle vicino alle piste da sci del Monte Bianco e al centro di Meg\u00e8ve offre un facile accesso a negozi, ristoranti e attivit\u00e0. Include sconti sull&#8217;attrezzatura da sci e un servizio navetta per le piste. Ci sono quattro sale riunioni tra cui scegliere e, dopo una giornata di lavoro, ci si pu\u00f2 rilassare nella tranquilla spa dello chalet con balneoterapia.<\/li>\n<\/ul>\n<p><strong><a href=\"https:\/\/myallmeeting.com\/it\/hotel\/2940-mercure-hotel-garmisch-partenkirchen\/\">Mercure Hotel Garmisch-Partenkirchen<\/a> (Germania)<\/strong><\/p>\n<p><strong>Viste panoramiche bavaresi:<\/strong> situato ai piedi dello Zugspitze e tra pittoreschi laghi, questo hotel a 4 stelle offre sette sale riunioni, un rhetoric studio e un&#8217;area ricreativa con piscina, sala fitness e sauna. Nelle vicinanze ci sono sentieri escursionistici, aree sciistiche e la gola di Partnach. L&#8217;hotel ha anche un rilassante giardino della birra con vista sulle Alpi e un classico ristorante all&#8217;aperto bavarese per brindare con i colleghi a un meeting ben riuscito.<\/p>\n\t\t\t\t\t<\/div>\n\t\t\t\t\t\t\t\t\t<\/div>\n\t\t\t\t\t\t\t\t<div class=\"text-center d-lg-none px-8\">\n\t\t\t\t\t<!-- M\u00eame image -->\n\t\t\t\t\t<img decoding=\"async\" src=\"https:\/\/www.myallmeeting.com\/wp-content\/uploads\/2024\/08\/Mercure-Loudenvielle-Pyrenees-Peyragudes-1-633x398.jpg\" width=\"633\" height=\"398\" alt=\"\" loading=\"lazy\">\n\t\t\t\t<\/div>\n\t\t\t\t\t\t\t<\/div>        \n\t\t\t<div class=\"col-lg-6 order-first order-lg-last\">\n\t\t\t\t<div class=\"text-image-slider__slider mb-7 mb-lg-12\">\n\t\t\t\t\t\t\t\t\t\t<div class=\"splide\">\n\t\t\t\t\t\t<div class=\"splide__track\">\n\t\t\t\t\t\t\t<div class=\"splide__list\">\n\t\t\t\t\t\t\t\t\t\t\t\t\t\t\t\t<div class=\"splide__slide\">\n\t\t\t\t\t\t\t\t\t<img decoding=\"async\" src=\"https:\/\/www.myallmeeting.com\/wp-content\/uploads\/2024\/07\/MAM-imagery-slider-952x600-14.png\" width=\"953\" height=\"600\" alt=\"\" loading=\"lazy\">\n\t\t\t\t\t\t\t\t<\/div>\n\t\t\t\t\t\t\t\t\t\t\t\t\t\t\t\t\t\t\t\t\t\t\t\t\t<div class=\"splide__slide\">\n\t\t\t\t\t\t\t\t\t<img decoding=\"async\" src=\"https:\/\/www.myallmeeting.com\/wp-content\/uploads\/2024\/07\/MAM-imagery-slider-952x600-15.png\" width=\"953\" height=\"600\" alt=\"\" loading=\"lazy\">\n\t\t\t\t\t\t\t\t<\/div>\n\t\t\t\t\t\t\t\t\t\t\t\t\t\t\t\t\t\t\t\t\t\t\t\t\t<div class=\"splide__slide\">\n\t\t\t\t\t\t\t\t\t<img decoding=\"async\" src=\"https:\/\/www.myallmeeting.com\/wp-content\/uploads\/2024\/07\/MAM-imagery-slider-952x600-16.png\" width=\"953\" height=\"600\" alt=\"\" loading=\"lazy\">\n\t\t\t\t\t\t\t\t<\/div>\n\t\t\t\t\t\t\t\t\t\t\t\t\t\t\t\t\t\t\t\t\t\t\t\t\t<div class=\"splide__slide\">\n\t\t\t\t\t\t\t\t\t<img decoding=\"async\" src=\"https:\/\/www.myallmeeting.com\/wp-content\/uploads\/2024\/07\/MAM-imagery-slider-952x600-17.png\" width=\"953\" height=\"600\" alt=\"\" loading=\"lazy\">\n\t\t\t\t\t\t\t\t<\/div>\n\t\t\t\t\t\t\t\t\t\t\t\t\t\t\t\t\t\t\t\t\t\t\t\t\t<div class=\"splide__slide\">\n\t\t\t\t\t\t\t\t\t<img decoding=\"async\" src=\"https:\/\/www.myallmeeting.com\/wp-content\/uploads\/2024\/07\/MAM-imagery-slider-952x600-18.png\" width=\"953\" height=\"600\" alt=\"\" loading=\"lazy\">\n\t\t\t\t\t\t\t\t<\/div>\n\t\t\t\t\t\t\t\t\t\t\t\t\t\t\t\t\t\t\t\t\t\t\t\t<\/div>\n\t\t\t\t\t\t<\/div>\n\t\t\t\t\t\t<div class=\"splide__arrows d-none d-lg-block\">\n\t\t\t\t\t\t\t<button class=\"splide__arrow splide__arrow--prev px-lg-3 py-lg-4 px-xl-4 py-xl-5 px-xxl-5 py-xxl-7 position-absolute l-0 bg-white border-0\">\n\t\t\t\t\t\t\t\t<svg width=\"14\" height=\"27\" aria-hidden=\"true\">\n\t\t\t\t\t\t\t\t\t<use xlink:href=\"https:\/\/www.myallmeeting.com\/wp-content\/themes\/accor\/assets\/images\/sprite.svg#slider-prev\"><\/use>\n\t\t\t\t\t\t\t\t<\/svg>\n\t\t\t\t\t\t\t<\/button>\n\t\t\t\t\t\t\t<button class=\"splide__arrow splide__arrow--next px-lg-3 py-lg-4 px-xl-4 py-xl-5 px-xxl-5 py-xxl-7 position-absolute r-0 bg-white border-0\">\n\t\t\t\t\t\t\t\t<svg width=\"14\" height=\"27\" aria-hidden=\"true\">\n\t\t\t\t\t\t\t\t\t<use xlink:href=\"https:\/\/www.myallmeeting.com\/wp-content\/themes\/accor\/assets\/images\/sprite.svg#slider-prev\"><\/use>\n\t\t\t\t\t\t\t\t<\/svg>\n\t\t\t\t\t\t\t<\/button>\n\t\t\t\t\t\t<\/div>\n\t\t\t\t\t<\/div>\n\t\t\t\t\t\t\t\t\t<\/div>\n\t\t\t\t\t\t\t\t\t<div class=\"text-image-slider__content d-none d-lg-block\">\n\t\t\t\t\t<!-- M\u00eame image -->\n\t\t\t\t\t<img decoding=\"async\" src=\"https:\/\/www.myallmeeting.com\/wp-content\/uploads\/2024\/08\/Mercure-Loudenvielle-Pyrenees-Peyragudes-1-633x398.jpg\" width=\"633\" height=\"398\" alt=\"\" loading=\"lazy\">\n\t\t\t\t<\/div>\n\t\t\t\t\t\t\t<\/div>\n\t\t<\/div>\n\t<\/div>\n<\/div>\n<!-- END OF : Composant : block-periscope-theme-section-composant-34-texte-image-slider.php -->\n\n\n<!-- START OF : Composant : block-periscope-theme-section-composant-33-texte-image.php -->\n<div class=\"text-image fs-wysiwyg mb-8 mb-lg-12\" data-component=\"33-texte-image\">\n\t<div class=\"container-fluid\" style=\"--bs-gutter-x: 0\">\n\t\t<div class=\"row\" style=\"--bs-gutter-x: 0\">\n\t\t\t\t\t\t<div class=\"col-lg-6 mb-7 mb-lg-0\">\n\t\t\t\t<img decoding=\"async\" src=\"https:\/\/www.myallmeeting.com\/wp-content\/uploads\/2024\/07\/Novotel-Thalassa-Le-Touquet-1-953x600.jpg\" width=\"953\" height=\"600\" alt=\"\" loading=\"lazy\" class=\"w-100\" \/>\n\t\t\t<\/div>\n\t\t\t\t\t\t<div class=\"col-lg-6\">\n\t\t\t\t<div class=\"text-image__content\">\n\t\t\t\t\t\t\t\t\t\t<div class=\"fw-semibold lh-xs fs-20 fs-lg-32 ls--25 mb-5\">Serenit\u00e0 lungo il mare<\/div>\n\t\t\t\t\t\t\t\t\t\t\t\t\t\t\t<div class=\"fs-wysiwyg\">\n\t\t\t\t\t\t<p>Senti l&#8217;aria salmastra mentre vediamo insieme i tre vantaggi fondamentali della scelta di una localit\u00e0 balneare:<\/p>\n<ol>\n<li><strong>Relax e rigenerazione:<\/strong> i luoghi costieri sono per loro natura rilassanti. Il piacevole rumore delle onde e la leggera brezza marina creano un ambiente perfetto per distendersi e ridurre lo stress, rendendolo ideale per ritiri ed eventi incentrati sul benessere.<\/li>\n<li><strong>Un\u2019atmosfera vibrante:<\/strong> le localit\u00e0 costiere, come quelle della Costa Azzurra o della costa marocchina, sono spesso piene di vita. La loro ricca cultura, la deliziosa cucina e la vivace vita notturna possono aggiungere brio al tuo evento, con tanto da esplorare per i partecipanti durante il loro tempo libero.<\/li>\n<li><strong>Attivit\u00e0 acquatiche ricreative:<\/strong> includere attivit\u00e0 acquatiche come la vela, lo snorkeling o i giochi in spiaggia nel programma pu\u00f2 fornire grandi esperienze di team bonding e creare ricordi indelebili.<\/li>\n<\/ol>\n\t\t\t\t\t<\/div>\n\t\t\t\t\t\t\t\t\t<\/div>\n\t\t\t<\/div>        \n\t\t<\/div>\n\t<\/div>\n<\/div>\n<!-- END OF : Composant : block-periscope-theme-section-composant-33-texte-image.php -->\n\n\n<!-- START OF : Composant : block-periscope-theme-section-composant-34-texte-image-slider.php -->\n<!-- INVERSE -->\n<div class=\"text-image-slider fs-wysiwyg mb-8 mb-lg-12\" data-component=\"34-texte-image-slider\" data-reverse=\"oui\">\n<div class=\"container-fluid\" style=\"--bs-gutter-x: 0\">\n\t\t<div class=\"row\" style=\"--bs-gutter-x: 0\">\n\t\t\t<div class=\"col-lg-6\">\n\t\t\t\t<div class=\"text-image-slider__content mb-7 mb-lg-0\">\n\t\t\t\t\t\t\t\t\t\t<div class=\"fw-semibold lh-xs fs-20 fs-lg-32 ls--25 mb-5\">Hotel Accor con vista sul mare e sale riunioni :<\/div>\n\t\t\t\t\t\t\t\t\t\t\t\t\t\t\t<div class=\"fs-wysiwyg\">\n\t\t\t\t\t\t<p><strong><a href=\"https:\/\/myallmeeting.com\/it\/hotel\/1987-mercure-san-sebastian-monte-igueldo\/\">Mercure San Sebasti\u00e1n Monte Igueldo<\/a> (Spagna)<\/strong><\/p>\n<ul>\n<li><strong>Un paradiso basco:<\/strong> situato sul Monte Igueldo con una vista panoramica mozzafiato sul mare e sulla baia di La Concha, perfetta come sfondo per una foto, questo hotel vanta una piscina all&#8217;aperto, diverse sale riunioni e un ristorante con cucina basca. Al termine della giornata lavorativa, si pu\u00f2 facilmente raggiungere il centro della citt\u00e0 tramite una ferrovia storica per esplorare le splendide spiagge di San Sebasti\u00e1n e la rinomata cucina pintxo.<\/li>\n<\/ul>\n<p><strong><a href=\"https:\/\/myallmeeting.com\/it\/hotel\/1971-mercure-villa-romanazzi-carducci-bari\/\">Mercure Villa Romanazzi Carducci Bari<\/a> (Italia)<\/strong><\/p>\n<ul>\n<li><strong>La splendida Bari:<\/strong> situato a soli 500 metri dal centro della citt\u00e0 e con una stupenda vista sulla costa, questo hotel ha ben 20 sale per eventi adatte a ogni occasione, una palestra, una spa e il delizioso ristorante Carducci dove cenare con i colleghi alla fine della giornata. Facilmente raggiungibile dall&#8217;aeroporto e vicino ad attrazioni storiche, \u00e8 una scelta facile per un viaggio d&#8217;affari al mare.<\/li>\n<\/ul>\n<p><strong><a href=\"https:\/\/myallmeeting.com\/it\/hotel\/b4t5-movenpick-hotel-the-hague\/\">M\u00f6venpick Hotel The Hague<\/a> (Paesi Bassi)<\/strong><\/p>\n<ul>\n<li><strong>Delizie olandesi: <\/strong>situato in una posizione privilegiata vicino alle principali attrazioni e a spiagge rilassanti, questo hotel certificato Green Globe offre 72 camere moderne, bagni spaziosi con cabina doccia a pioggia, una sala fitness e tre sale riunioni polifunzionali, perfetto per qualsiasi esigenza di lavoro e di svago.<span>\n<p><\/span><\/li>\n<\/ul>\n<p><strong><a href=\"https:\/\/myallmeeting.com\/it\/hotel\/3040-pullman-timi-ama-sardegna\/\">Pullman Almar Timi Ama Resort &amp; Spa<\/a> (Italia)<\/strong><\/p>\n<ul>\n<li><strong>Un\u2019incantevole possibilit\u00e0 di evasione lungo il mar Tirreno:<\/strong> nella Sardegna sudorientale, questo hotel a 5 stelle si affaccia sulla baia di Porto Giunco e offre opportunit\u00e0 per scattare magnifiche foto di gruppo. Ci sono quattro splendide sale riunioni tra cui scegliere a seconda del numero di partecipanti, una spa marina, un campo da golf, varie attivit\u00e0 all&#8217;aperto e sport acquatici nelle vicinanze che costituiscono tante opzioni di team bonding.<\/li>\n<\/ul>\n<p><strong><a href=\"https:\/\/myallmeeting.com\/it\/hotel\/0449-novotel-thalassa-le-touquet\/\">Novotel Thalassa Le Touquet<\/a> (Francia)<\/strong><\/p>\n<p><strong>La perla della C\u00f4te d&#8217;Opale:<\/strong> una vista sul mare che si estende a perdita d&#8217;occhio. Con nove sale riunioni, una piscina con acqua di mare riscaldata, una palestra, una spa e trattamenti di talassoterapia con acqua di mare, \u00e8 una location da sogno dove fare il tuo prossimo viaggio di lavoro. Il tuo team potr\u00e0 distendersi dopo le riunioni con una vasta gamma di attivit\u00e0 benessere o fare una lunga passeggiata lungo la fantastica spiaggia a pochi passi di distanza.<\/p>\n\t\t\t\t\t<\/div>\n\t\t\t\t\t\t\t\t\t<\/div>\n\t\t\t\t\t\t\t\t<div class=\"text-center d-lg-none px-8\">\n\t\t\t\t\t<!-- M\u00eame image -->\n\t\t\t\t\t<img decoding=\"async\" src=\"https:\/\/www.myallmeeting.com\/wp-content\/uploads\/2024\/08\/Movenpick-The-Hague-2-633x398.jpg\" width=\"633\" height=\"398\" alt=\"\" loading=\"lazy\">\n\t\t\t\t<\/div>\n\t\t\t\t\t\t\t<\/div>        \n\t\t\t<div class=\"col-lg-6 order-first order-lg-last\">\n\t\t\t\t<div class=\"text-image-slider__slider mb-7 mb-lg-12\">\n\t\t\t\t\t\t\t\t\t\t<div class=\"splide\">\n\t\t\t\t\t\t<div class=\"splide__track\">\n\t\t\t\t\t\t\t<div class=\"splide__list\">\n\t\t\t\t\t\t\t\t\t\t\t\t\t\t\t\t<div class=\"splide__slide\">\n\t\t\t\t\t\t\t\t\t<img decoding=\"async\" src=\"https:\/\/www.myallmeeting.com\/wp-content\/uploads\/2024\/07\/MAM-imagery-slider-952x600-19.png\" width=\"953\" height=\"600\" alt=\"\" loading=\"lazy\">\n\t\t\t\t\t\t\t\t<\/div>\n\t\t\t\t\t\t\t\t\t\t\t\t\t\t\t\t\t\t\t\t\t\t\t\t\t<div class=\"splide__slide\">\n\t\t\t\t\t\t\t\t\t<img decoding=\"async\" src=\"https:\/\/www.myallmeeting.com\/wp-content\/uploads\/2024\/07\/MAM-imagery-slider-952x600-20.png\" width=\"953\" height=\"600\" alt=\"\" loading=\"lazy\">\n\t\t\t\t\t\t\t\t<\/div>\n\t\t\t\t\t\t\t\t\t\t\t\t\t\t\t\t\t\t\t\t\t\t\t\t\t<div class=\"splide__slide\">\n\t\t\t\t\t\t\t\t\t<img decoding=\"async\" src=\"https:\/\/www.myallmeeting.com\/wp-content\/uploads\/2024\/07\/MAM-imagery-slider-952x600-21.png\" width=\"953\" height=\"600\" alt=\"\" loading=\"lazy\">\n\t\t\t\t\t\t\t\t<\/div>\n\t\t\t\t\t\t\t\t\t\t\t\t\t\t\t\t\t\t\t\t\t\t\t\t\t<div class=\"splide__slide\">\n\t\t\t\t\t\t\t\t\t<img decoding=\"async\" src=\"https:\/\/www.myallmeeting.com\/wp-content\/uploads\/2024\/07\/MAM-imagery-slider-952x600-22.png\" width=\"953\" height=\"600\" alt=\"\" loading=\"lazy\">\n\t\t\t\t\t\t\t\t<\/div>\n\t\t\t\t\t\t\t\t\t\t\t\t\t\t\t\t\t\t\t\t\t\t\t\t\t<div class=\"splide__slide\">\n\t\t\t\t\t\t\t\t\t<img decoding=\"async\" src=\"https:\/\/www.myallmeeting.com\/wp-content\/uploads\/2024\/07\/MAM-imagery-slider-952x600-23.png\" width=\"953\" height=\"600\" alt=\"\" loading=\"lazy\">\n\t\t\t\t\t\t\t\t<\/div>\n\t\t\t\t\t\t\t\t\t\t\t\t\t\t\t\t\t\t\t\t\t\t\t\t<\/div>\n\t\t\t\t\t\t<\/div>\n\t\t\t\t\t\t<div class=\"splide__arrows d-none d-lg-block\">\n\t\t\t\t\t\t\t<button class=\"splide__arrow splide__arrow--prev px-lg-3 py-lg-4 px-xl-4 py-xl-5 px-xxl-5 py-xxl-7 position-absolute l-0 bg-white border-0\">\n\t\t\t\t\t\t\t\t<svg width=\"14\" height=\"27\" aria-hidden=\"true\">\n\t\t\t\t\t\t\t\t\t<use xlink:href=\"https:\/\/www.myallmeeting.com\/wp-content\/themes\/accor\/assets\/images\/sprite.svg#slider-prev\"><\/use>\n\t\t\t\t\t\t\t\t<\/svg>\n\t\t\t\t\t\t\t<\/button>\n\t\t\t\t\t\t\t<button class=\"splide__arrow splide__arrow--next px-lg-3 py-lg-4 px-xl-4 py-xl-5 px-xxl-5 py-xxl-7 position-absolute r-0 bg-white border-0\">\n\t\t\t\t\t\t\t\t<svg width=\"14\" height=\"27\" aria-hidden=\"true\">\n\t\t\t\t\t\t\t\t\t<use xlink:href=\"https:\/\/www.myallmeeting.com\/wp-content\/themes\/accor\/assets\/images\/sprite.svg#slider-prev\"><\/use>\n\t\t\t\t\t\t\t\t<\/svg>\n\t\t\t\t\t\t\t<\/button>\n\t\t\t\t\t\t<\/div>\n\t\t\t\t\t<\/div>\n\t\t\t\t\t\t\t\t\t<\/div>\n\t\t\t\t\t\t\t\t\t<div class=\"text-image-slider__content d-none d-lg-block\">\n\t\t\t\t\t<!-- M\u00eame image -->\n\t\t\t\t\t<img decoding=\"async\" src=\"https:\/\/www.myallmeeting.com\/wp-content\/uploads\/2024\/08\/Movenpick-The-Hague-2-633x398.jpg\" width=\"633\" height=\"398\" alt=\"\" loading=\"lazy\">\n\t\t\t\t<\/div>\n\t\t\t\t\t\t\t<\/div>\n\t\t<\/div>\n\t<\/div>\n<\/div>\n<!-- END OF : Composant : block-periscope-theme-section-composant-34-texte-image-slider.php -->\n\n\n<!-- START OF : Composant : block-periscope-theme-section-composant-33-texte-image.php -->\n<div class=\"text-image fs-wysiwyg mb-8 mb-lg-12\" data-component=\"33-texte-image\">\n\t<div class=\"container-fluid\" style=\"--bs-gutter-x: 0\">\n\t\t<div class=\"row\" style=\"--bs-gutter-x: 0\">\n\t\t\t\t\t\t<div class=\"col-lg-6 mb-7 mb-lg-0\">\n\t\t\t\t<img decoding=\"async\" src=\"https:\/\/www.myallmeeting.com\/wp-content\/uploads\/2024\/07\/Mountain-team-building-953x555.jpg\" width=\"953\" height=\"600\" alt=\"\" loading=\"lazy\" class=\"w-100\" \/>\n\t\t\t<\/div>\n\t\t\t\t\t\t<div class=\"col-lg-6\">\n\t\t\t\t<div class=\"text-image__content\">\n\t\t\t\t\t\t\t\t\t\t<div class=\"fw-semibold lh-xs fs-20 fs-lg-32 ls--25 mb-5\">Creare esperienze memorabili per i partecipanti<\/div>\n\t\t\t\t\t\t\t\t\t\t\t\t\t\t\t<div class=\"fs-wysiwyg\">\n\t\t\t\t\t\t<p><strong>Attivit\u00e0 stagionali:<\/strong> organizza il tuo evento in base al tempo e agli eventi locali. Gli eventi estivi in montagna possono includere escursioni a piedi, arrampicate su roccia e mountain bike, mentre le localit\u00e0 balneari offrono beach volley, sport acquatici e gite in barca. Durante l\u2019estate, le localit\u00e0 balneari spesso ospitano molti eventi locali, qualcosa che pu\u00f2 essere divertente per i partecipanti nel loro tempo libero.<\/p>\n<p><strong>Integrazione culturale:<\/strong> rendi migliore l&#8217;esperienza dell&#8217;evento incorporando cultura e tradizioni locali. Che si tratti di una tradizionale serata con fonduta svizzera nelle Alpi o di una serata con musica marocchina in una localit\u00e0 marittima, questi tocchi culturali possono rendere il tuo evento ancora pi\u00f9 speciale.<\/p>\n\t\t\t\t\t<\/div>\n\t\t\t\t\t\t\t\t\t<\/div>\n\t\t\t<\/div>        \n\t\t<\/div>\n\t<\/div>\n<\/div>\n<!-- END OF : Composant : block-periscope-theme-section-composant-33-texte-image.php -->\n\n\n<!-- START OF : Composant : block-periscope-theme-section-composant-33-texte-image.php -->\n<!-- INVERSE -->\n<div class=\"text-image fs-wysiwyg mb-8 mb-lg-12\" data-component=\"33-texte-image\" data-reverse=\"oui\">\n\t<div class=\"container-fluid\" style=\"--bs-gutter-x: 0\">\n\t\t<div class=\"row\" style=\"--bs-gutter-x: 0\">\n\t\t\t<div class=\"col-lg-6\">\n\t\t\t\t<div class=\"text-image__content\">\n\t\t\t\t\t\t\t\t\t\t<div class=\"fw-semibold lh-xs fs-20 fs-lg-32 ls--25 mb-5\">In che modo Accor pu\u00f2 essere d&#039;aiuto<\/div>\n\t\t\t\t\t\t\t\t\t\t\t\t\t\t\t<div class=\"fs-wysiwyg\">\n\t\t\t\t\t\t<p>Accor \u00e8 pi\u00f9 di un semplice fornitore di sedi per meeting: siamo esperti di ospitalit\u00e0 \u201caumentata\u201d, offriamo un supporto e una consulenza completi agli organizzatori di eventi. Il nostro staff di professionisti \u00e8 dedicato a fare in modo che ogni evento, indipendentemente dalle dimensioni o dal budget, si svolga in modo impeccabile. Comprendiamo le esigenze specifiche dei vari formati di eventi e siamo attrezzati per fornire soluzioni su misura che ne garantiscano il successo.<\/p>\n<p>Il nostro impegno per l&#8217;eccellenza si estende oltre l\u2019offerta di splendide location. Offriamo ogni genere di servizi, comprendenti la pianificazione dell\u2019evento, il coordinamento in loco e il follow-up post-evento, garantendo un&#8217;esperienza gradevole dall&#8217;inizio alla fine. Con Accor puoi avere la certezza che ogni dettaglio sar\u00e0 curato con la massima attenzione e professionalit\u00e0.<\/p>\n<p><strong>In sintesi<\/strong><\/p>\n<p>La scelta tra una location in montagna e una al mare per il tuo evento estivo non deve necessariamente essere una decisione drastica. L&#8217;ampio portafoglio di Accor consente la flessibilit\u00e0 di creare un evento su misura in base a ci\u00f2 che si adatta meglio alle proprie esigenze. Sfruttando i punti di forza unici di ogni location, puoi fare in modo che il tuo evento non sia solo un successo, ma anche indimenticabile. Che tu cerchi la tranquillit\u00e0 delle montagne o l&#8217;inebriante energia della costa, le sedi Accor offrono l&#8217;ambiente perfetto per stimolare e deliziare i tuoi partecipanti.<\/p>\n\t\t\t\t\t<\/div>\n\t\t\t\t\t\t\t\t\t<\/div>\n\t\t\t<\/div>    \n\t\t\t    \n\t\t\t<div class=\"col-lg-6 order-first order-lg-last mb-7 mb-lg-0\">\n\t\t\t\t<img decoding=\"async\" src=\"https:\/\/www.myallmeeting.com\/wp-content\/uploads\/2024\/07\/6568-72-1-953x600.jpg\" width=\"953\" height=\"600\" alt=\"\" loading=\"lazy\" class=\"w-100\" \/>\n\t\t\t<\/div>\n\t\t\t\t\t<\/div>\n\t<\/div>\n<\/div>\n<!-- END OF : Composant : block-periscope-theme-section-composant-33-texte-image.php -->\n","protected":false},"excerpt":{"rendered":"<p>Decidete tra mare e montagna per il vostro prossimo evento con Accor.<\/p>\n","protected":false},"featured_media":16226660,"menu_order":0,"template":"","periscope_categorie_tax":[],"class_list":["post-16229990","article","type-article","status-publish","has-post-thumbnail","hentry"],"acf":[],"yoast_head":"<title>Vista sul mare o sulle montagne per il vostro evento estivo? - Accor MyAllMeeting.com<\/title>\n<meta name=\"robots\" content=\"index, follow, max-snippet:-1, max-image-preview:large, max-video-preview:-1\" \/>\n<link rel=\"canonical\" href=\"https:\/\/www.myallmeeting.com\/it\/wp-json\/wp\/v2\/article\/16229990\" \/>\n<meta property=\"og:locale\" content=\"it_IT\" \/>\n<meta property=\"og:type\" content=\"article\" \/>\n<meta property=\"og:title\" content=\"Vista sul mare o sulle montagne per il vostro evento estivo? - Accor MyAllMeeting.com\" \/>\n<meta property=\"og:description\" content=\"Decidete tra mare e montagna per il vostro prossimo evento con Accor.\" \/>\n<meta property=\"og:url\" content=\"https:\/\/www.myallmeeting.com\/it\/article\/vue-mer-ou-montagne-pour-votre-evenement-estival\/\" \/>\n<meta property=\"og:site_name\" content=\"Accor MyAllMeeting.com\" \/>\n<meta property=\"article:modified_time\" content=\"2024-08-07T15:34:02+00:00\" \/>\n<meta property=\"og:image\" content=\"http:\/\/myallmeeting.com\/wp-content\/uploads\/2024\/08\/MAM-imagery-1920-x-570-px-Baniere-3.png\" \/>\n\t<meta property=\"og:image:width\" content=\"1920\" \/>\n\t<meta property=\"og:image:height\" content=\"570\" \/>\n\t<meta property=\"og:image:type\" content=\"image\/png\" \/>\n<meta name=\"twitter:card\" content=\"summary_large_image\" \/>\n<meta name=\"twitter:label1\" content=\"Est. reading time\" \/>\n\t<meta name=\"twitter:data1\" content=\"13 minutes\" \/>\n<script type=\"application\/ld+json\" class=\"yoast-schema-graph\">{\"@context\":\"https:\/\/schema.org\",\"@graph\":[{\"@type\":\"WebPage\",\"@id\":\"https:\/\/www.myallmeeting.com\/it\/article\/vue-mer-ou-montagne-pour-votre-evenement-estival\/\",\"url\":\"https:\/\/www.myallmeeting.com\/it\/article\/vue-mer-ou-montagne-pour-votre-evenement-estival\/\",\"name\":\"Vista sul mare o sulle montagne per il vostro evento estivo? - Accor MyAllMeeting.com\",\"isPartOf\":{\"@id\":\"https:\/\/www.myallmeeting.com\/it\/#website\"},\"primaryImageOfPage\":{\"@id\":\"https:\/\/www.myallmeeting.com\/it\/article\/vue-mer-ou-montagne-pour-votre-evenement-estival\/#primaryimage\"},\"image\":{\"@id\":\"https:\/\/www.myallmeeting.com\/it\/article\/vue-mer-ou-montagne-pour-votre-evenement-estival\/#primaryimage\"},\"thumbnailUrl\":\"https:\/\/www.myallmeeting.com\/wp-content\/uploads\/2024\/08\/MAM-imagery-1920-x-570-px-Baniere-3.png\",\"datePublished\":\"2024-08-06T10:29:09+00:00\",\"dateModified\":\"2024-08-07T15:34:02+00:00\",\"breadcrumb\":{\"@id\":\"https:\/\/www.myallmeeting.com\/it\/article\/vue-mer-ou-montagne-pour-votre-evenement-estival\/#breadcrumb\"},\"inLanguage\":\"it-IT\",\"potentialAction\":[{\"@type\":\"ReadAction\",\"target\":[\"https:\/\/www.myallmeeting.com\/it\/article\/vue-mer-ou-montagne-pour-votre-evenement-estival\/\"]}]},{\"@type\":\"ImageObject\",\"inLanguage\":\"it-IT\",\"@id\":\"https:\/\/www.myallmeeting.com\/it\/article\/vue-mer-ou-montagne-pour-votre-evenement-estival\/#primaryimage\",\"url\":\"https:\/\/www.myallmeeting.com\/wp-content\/uploads\/2024\/08\/MAM-imagery-1920-x-570-px-Baniere-3.png\",\"contentUrl\":\"https:\/\/www.myallmeeting.com\/wp-content\/uploads\/2024\/08\/MAM-imagery-1920-x-570-px-Baniere-3.png\",\"width\":1920,\"height\":570},{\"@type\":\"BreadcrumbList\",\"@id\":\"https:\/\/www.myallmeeting.com\/it\/article\/vue-mer-ou-montagne-pour-votre-evenement-estival\/#breadcrumb\",\"itemListElement\":[{\"@type\":\"ListItem\",\"position\":1,\"name\":\"Pagina iniziale\",\"item\":\"https:\/\/myallmeeting.com\/it\/\"},{\"@type\":\"ListItem\",\"position\":2,\"name\":\"Notizie\",\"item\":\"https:\/\/www.myallmeeting.com\/it\/notizie\/\"},{\"@type\":\"ListItem\",\"position\":3,\"name\":\"Vista sul mare o sulle montagne per il vostro evento estivo?\"}]},{\"@type\":\"WebSite\",\"@id\":\"https:\/\/www.myallmeeting.com\/it\/#website\",\"url\":\"https:\/\/www.myallmeeting.com\/it\/\",\"name\":\"Accor MyAllMeeting.com\",\"description\":\"Les Meilleurs lieux pour vos Ev\u00e9nements Professionnels\",\"publisher\":{\"@id\":\"https:\/\/www.myallmeeting.com\/it\/#organization\"},\"potentialAction\":[{\"@type\":\"SearchAction\",\"target\":{\"@type\":\"EntryPoint\",\"urlTemplate\":\"https:\/\/www.myallmeeting.com\/it\/?s={search_term_string}\"},\"query-input\":{\"@type\":\"PropertyValueSpecification\",\"valueRequired\":true,\"valueName\":\"search_term_string\"}}],\"inLanguage\":\"it-IT\"},{\"@type\":\"Organization\",\"@id\":\"https:\/\/www.myallmeeting.com\/it\/#organization\",\"name\":\"ACCOR\",\"url\":\"https:\/\/www.myallmeeting.com\/it\/\",\"logo\":{\"@type\":\"ImageObject\",\"inLanguage\":\"it-IT\",\"@id\":\"https:\/\/www.myallmeeting.com\/it\/#\/schema\/logo\/image\/\",\"url\":\"\",\"contentUrl\":\"\",\"caption\":\"ACCOR\"},\"image\":{\"@id\":\"https:\/\/www.myallmeeting.com\/it\/#\/schema\/logo\/image\/\"}}]}<\/script>","yoast_head_json":{"title":"Vista sul mare o sulle montagne per il vostro evento estivo? - Accor MyAllMeeting.com","robots":{"index":"index","follow":"follow","max-snippet":"max-snippet:-1","max-image-preview":"max-image-preview:large","max-video-preview":"max-video-preview:-1"},"canonical":"https:\/\/www.myallmeeting.com\/it\/wp-json\/wp\/v2\/article\/16229990","og_locale":"it_IT","og_type":"article","og_title":"Vista sul mare o sulle montagne per il vostro evento estivo? - Accor MyAllMeeting.com","og_description":"Decidete tra mare e montagna per il vostro prossimo evento con Accor.","og_url":"https:\/\/www.myallmeeting.com\/it\/article\/vue-mer-ou-montagne-pour-votre-evenement-estival\/","og_site_name":"Accor MyAllMeeting.com","article_modified_time":"2024-08-07T15:34:02+00:00","og_image":[{"width":1920,"height":570,"url":"http:\/\/myallmeeting.com\/wp-content\/uploads\/2024\/08\/MAM-imagery-1920-x-570-px-Baniere-3.png","type":"image\/png"}],"twitter_card":"summary_large_image","twitter_misc":{"Est. reading time":"13 minutes"},"schema":{"@context":"https:\/\/schema.org","@graph":[{"@type":"WebPage","@id":"https:\/\/www.myallmeeting.com\/it\/article\/vue-mer-ou-montagne-pour-votre-evenement-estival\/","url":"https:\/\/www.myallmeeting.com\/it\/article\/vue-mer-ou-montagne-pour-votre-evenement-estival\/","name":"Vista sul mare o sulle montagne per il vostro evento estivo? - Accor MyAllMeeting.com","isPartOf":{"@id":"https:\/\/www.myallmeeting.com\/it\/#website"},"primaryImageOfPage":{"@id":"https:\/\/www.myallmeeting.com\/it\/article\/vue-mer-ou-montagne-pour-votre-evenement-estival\/#primaryimage"},"image":{"@id":"https:\/\/www.myallmeeting.com\/it\/article\/vue-mer-ou-montagne-pour-votre-evenement-estival\/#primaryimage"},"thumbnailUrl":"https:\/\/www.myallmeeting.com\/wp-content\/uploads\/2024\/08\/MAM-imagery-1920-x-570-px-Baniere-3.png","datePublished":"2024-08-06T10:29:09+00:00","dateModified":"2024-08-07T15:34:02+00:00","breadcrumb":{"@id":"https:\/\/www.myallmeeting.com\/it\/article\/vue-mer-ou-montagne-pour-votre-evenement-estival\/#breadcrumb"},"inLanguage":"it-IT","potentialAction":[{"@type":"ReadAction","target":["https:\/\/www.myallmeeting.com\/it\/article\/vue-mer-ou-montagne-pour-votre-evenement-estival\/"]}]},{"@type":"ImageObject","inLanguage":"it-IT","@id":"https:\/\/www.myallmeeting.com\/it\/article\/vue-mer-ou-montagne-pour-votre-evenement-estival\/#primaryimage","url":"https:\/\/www.myallmeeting.com\/wp-content\/uploads\/2024\/08\/MAM-imagery-1920-x-570-px-Baniere-3.png","contentUrl":"https:\/\/www.myallmeeting.com\/wp-content\/uploads\/2024\/08\/MAM-imagery-1920-x-570-px-Baniere-3.png","width":1920,"height":570},{"@type":"BreadcrumbList","@id":"https:\/\/www.myallmeeting.com\/it\/article\/vue-mer-ou-montagne-pour-votre-evenement-estival\/#breadcrumb","itemListElement":[{"@type":"ListItem","position":1,"name":"Pagina iniziale","item":"https:\/\/myallmeeting.com\/it\/"},{"@type":"ListItem","position":2,"name":"Notizie","item":"https:\/\/www.myallmeeting.com\/it\/notizie\/"},{"@type":"ListItem","position":3,"name":"Vista sul mare o sulle montagne per il vostro evento estivo?"}]},{"@type":"WebSite","@id":"https:\/\/www.myallmeeting.com\/it\/#website","url":"https:\/\/www.myallmeeting.com\/it\/","name":"Accor MyAllMeeting.com","description":"Les Meilleurs lieux pour vos Ev\u00e9nements Professionnels","publisher":{"@id":"https:\/\/www.myallmeeting.com\/it\/#organization"},"potentialAction":[{"@type":"SearchAction","target":{"@type":"EntryPoint","urlTemplate":"https:\/\/www.myallmeeting.com\/it\/?s={search_term_string}"},"query-input":{"@type":"PropertyValueSpecification","valueRequired":true,"valueName":"search_term_string"}}],"inLanguage":"it-IT"},{"@type":"Organization","@id":"https:\/\/www.myallmeeting.com\/it\/#organization","name":"ACCOR","url":"https:\/\/www.myallmeeting.com\/it\/","logo":{"@type":"ImageObject","inLanguage":"it-IT","@id":"https:\/\/www.myallmeeting.com\/it\/#\/schema\/logo\/image\/","url":"","contentUrl":"","caption":"ACCOR"},"image":{"@id":"https:\/\/www.myallmeeting.com\/it\/#\/schema\/logo\/image\/"}}]}},"_links":{"self":[{"href":"https:\/\/www.myallmeeting.com\/it\/wp-json\/wp\/v2\/article\/16229990","targetHints":{"allow":["GET"]}}],"collection":[{"href":"https:\/\/www.myallmeeting.com\/it\/wp-json\/wp\/v2\/article"}],"about":[{"href":"https:\/\/www.myallmeeting.com\/it\/wp-json\/wp\/v2\/types\/article"}],"wp:featuredmedia":[{"embeddable":true,"href":"https:\/\/www.myallmeeting.com\/it\/wp-json\/wp\/v2\/media\/16226660"}],"wp:attachment":[{"href":"https:\/\/www.myallmeeting.com\/it\/wp-json\/wp\/v2\/media?parent=16229990"}],"wp:term":[{"taxonomy":"periscope_categorie_tax","embeddable":true,"href":"https:\/\/www.myallmeeting.com\/it\/wp-json\/wp\/v2\/periscope_categorie_tax?post=16229990"}],"curies":[{"name":"wp","href":"https:\/\/api.w.org\/{rel}","templated":true}]}}