{"id":16223796,"date":"2023-07-02T17:59:16","date_gmt":"2023-07-02T15:59:16","guid":{"rendered":"https:\/\/myallmeeting.com\/article\/les-8-hotels-en-europe-ou-organiser-votre-seminaire-en-bord-de-mer\/"},"modified":"2024-07-19T16:33:29","modified_gmt":"2024-07-19T14:33:29","slug":"les-8-hotels-en-europe-ou-organiser-votre-seminaire-en-bord-de-mer","status":"publish","type":"article","link":"https:\/\/www.myallmeeting.com\/it\/article\/les-8-hotels-en-europe-ou-organiser-votre-seminaire-en-bord-de-mer\/","title":{"rendered":"Gli 8 hotel in Europa dove tenere un seminario in riva al mare\u2026"},"content":{"rendered":"<!-- START OF : Composant : block-periscope-theme-section-composant-25-texte-cta-2-images.php -->\n<div class=\"tcta2ia bg-white fs-wysiwyg mb-lg-12\" data-component=\"25-texte-cta-2-images\">\n\t<div class=\"tcta2ia__top\">\n\t\t<div class=\"container-fluid\" style=\"--bs-gutter-x: 0\">\n\t\t\t<div class=\"row\" style=\"--bs-gutter-x: 0\">\n\t\t\t\t<div class=\"col-lg-8\">\n\t\t\t\t\t\t\t\t\t\t<div class=\"bloc-mise-en-avant__top__left\">\n\t\t\t\t\t\t<img decoding=\"async\" src=\"https:\/\/www.myallmeeting.com\/wp-content\/uploads\/2023\/07\/4886-64-1-1268x846.jpg\" class=\"pe-2 pe-lg-0\" width=\"1268\" height=\"846\" alt=\"\" loading=\"lazy\" \/>\n\t\t\t\t\t<\/div>\n\t\t\t\t\t\t\t\t\t\t<div class=\"tcta2ia__bottom d-none d-lg-block pb-12 pt-lg-9 pb-lg-0 pe-lg-10\">\n\t\t\t\t\t\t\t\t\t\t\t\t<h2 class=\"fs-20 fs-lg-32 fw-semibold\">Sofitel Grand Sopot<\/h2>\n\t\t\t\t\t\t\t\t\t\t\t\t\t\t\t\t\t\t<div class=\"fs-wysiwyg\"><h3>La Belle-\u00c9poque sul Mar Baltico<\/h3>\n<p>Le <strong>126 camere e suite<\/strong> di questo hotel a 5 stelle vi aspettano nel cuore di un magnifico edificio risalente al periodo tra le due guerre. Il lusso discreto emana dal <a href=\"https:\/\/myallmeeting.com\/it\/hotel\/3419-sofitel-grand-sopot\/\"><strong>Sofitel Grand Sopot,<\/strong><\/a> dove un centro <strong>fitness\/spa<\/strong> attende le vostre squadre. La sua spiaggia privata confina con il pi\u00f9 grande molo in legno d&#8217;Europa!<\/p>\n<p>Sabbia soffice e fine, bagnata dal <strong>Mar Baltico,<\/strong> nella <strong>baia di Danzica<\/strong>. Tra due uscite, <strong>5 sale riunioni<\/strong> ospiteranno i vostri convegni, tra cui la <strong>Ball Room,<\/strong> una magnifica sala conferenze di 250 m2 arredata con gusto.<\/p>\n<\/div>\n\t\t\t\t\t\t\t\t\t\t\t\t<div class=\"d-flex flex-column flex-lg-row align-items-center gap-5 gap-lg-8 justify-content-between\">\n\t\t\t\t\t\t\t<div class=\"fs-20 fs-lg-26 fw-semibold lh-xs\"><\/div>\n\t\t\t\t\t\t\t\t\t\t\t\t\t<\/div>\n\t\t\t\t\t<\/div>\n\t\t\t\t<\/div>\n\t\t\t\t<div class=\"col-lg-4\">\n\t\t\t\t\t<div class=\"tcta2ia__top__right t-0 r-0 bg-primary text-white pt-4 pb-4 px-2 pt-lg-8 pb-lg-16 px-lg-11 pb-xl-30\">\n\t\t\t\t\t\t\t\t\t\t\t\t\t\t\t\t\t\t<h2 class=\"unna fs-36 fs-lg-51 fs-xl-75 fs-italic fw-normal text-secondary\">Gli 8 hotel in Europa dove tenere un seminario in riva al mare&#8230;<\/h2>\n\t\t\t\t\t\t\t\t\t\t\t\t\t\t\t\t\t\t\t\t\t\t\t\t<div class=\"fs-wysiwyg mb-4 fs-lg-16 fs-xl-20\"><p>Preferite lo sciabordio del Baltico, l&#8217;infrangersi dell&#8217;Atlantico o il blu infinito del Mediterraneo? Se siete ancora indecisi, Accor e le sue numerose sedi vi permetteranno di esplorare l&#8217;immensa distesa delle coste europee per organizzare i vostri incentivi! Scopritelo voi stessi in 8 hotel in 8 localit\u00e0 da sogno!<\/p>\n<\/div>\n\t\t\t\t\t\t\t\t\t\t\t\t\t\t\t\t\t\t\t\t\t\t\t\t<p class=\"m-0\"><img decoding=\"async\" src=\"https:\/\/www.myallmeeting.com\/wp-content\/uploads\/2023\/07\/4071-37-633x398.jpg\" class=\"position-relative l-0\" width=\"633\" height=\"398\" alt=\"\" loading=\"lazy\" \/><\/p>\n\t\t\t\t\t\t\t\t\t\t\t<\/div>\n\t\t\t\t<\/div>\n\t\t\t<\/div>\n\t\t<\/div>\n\t<\/div>\n\t<div class=\"tcta2ia__bottom d-lg-none pb-12 py-lg-9 pe-lg-10\">\n\t\t\t\t<div class=\"h2 fs-20 fs-lg-32 fw-semibold\">Sofitel Grand Sopot<\/div>\n\t\t\t\t\t\t<div class=\"fs-wysiwyg\"><h3>La Belle-\u00c9poque sul Mar Baltico<\/h3>\n<p>Le <strong>126 camere e suite<\/strong> di questo hotel a 5 stelle vi aspettano nel cuore di un magnifico edificio risalente al periodo tra le due guerre. Il lusso discreto emana dal <a href=\"https:\/\/myallmeeting.com\/it\/hotel\/3419-sofitel-grand-sopot\/\"><strong>Sofitel Grand Sopot,<\/strong><\/a> dove un centro <strong>fitness\/spa<\/strong> attende le vostre squadre. La sua spiaggia privata confina con il pi\u00f9 grande molo in legno d&#8217;Europa!<\/p>\n<p>Sabbia soffice e fine, bagnata dal <strong>Mar Baltico,<\/strong> nella <strong>baia di Danzica<\/strong>. Tra due uscite, <strong>5 sale riunioni<\/strong> ospiteranno i vostri convegni, tra cui la <strong>Ball Room,<\/strong> una magnifica sala conferenze di 250 m2 arredata con gusto.<\/p>\n<\/div>\n\t\t\t\t<div class=\"d-flex flex-column flex-lg-row align-items-center gap-5 gap-lg-8 justify-content-between\">\n\t\t\t<div class=\"fs-20 fs-lg-26 fw-semibold lh-xs\"><\/div>\n\t\t\t\t\t<\/div>\n\t<\/div>\n<\/div>\n<!-- END OF : Composant : block-periscope-theme-section-composant-25-texte-cta-2-images.php -->\n\n\n<!-- START OF : Composant : block-periscope-theme-section-composant-33-texte-image.php -->\n<div class=\"text-image fs-wysiwyg mb-8 mb-lg-12\" data-component=\"33-texte-image\">\n\t<div class=\"container-fluid\" style=\"--bs-gutter-x: 0\">\n\t\t<div class=\"row\" style=\"--bs-gutter-x: 0\">\n\t\t\t\t\t\t<div class=\"col-lg-6 mb-7 mb-lg-0\">\n\t\t\t\t<img decoding=\"async\" src=\"https:\/\/www.myallmeeting.com\/wp-content\/uploads\/2023\/07\/2567-03-953x600.jpg\" width=\"953\" height=\"600\" alt=\"\" loading=\"lazy\" class=\"w-100\" \/>\n\t\t\t<\/div>\n\t\t\t\t\t\t<div class=\"col-lg-6\">\n\t\t\t\t<div class=\"text-image__content\">\n\t\t\t\t\t\t\t\t\t\t<div class=\"fw-semibold lh-xs fs-20 fs-lg-32 ls--25 mb-5\">Mercure Brighton Seafront<\/div>\n\t\t\t\t\t\t\t\t\t\t\t\t\t\t\t<div class=\"fs-wysiwyg\">\n\t\t\t\t\t\t<h3>Il Canale della Manica ai vostri piedi<\/h3>\n<p>Le stradine e i pub tradizionali di <strong>The Lanes<\/strong>, l&#8217;antico quartiere dei pescatori di <strong>Brighton<\/strong>, si snodano a pochi passi dal <a href=\"https:\/\/myallmeeting.com\/it\/hotel\/8335-mercure-brighton-seafront-hotel\/\"><strong>Mercure Brighton Seafront<\/strong> <\/a>4 stelle. Una posizione privilegiata, soprattutto perch\u00e9 questo hotel da <strong>116 camere,<\/strong> con il suo arredamento di ispirazione vittoriana, vi accoglie proprio sul <strong>lungomare<\/strong>.<\/p>\n<p>Ai suoi piedi, la bella passeggiata lungo il Canale della Manica \u00e8 punteggiata da elaborati moli in legno. <strong>8 sale riunioni,<\/strong> in grado di ospitare fino a 150 persone, facilitano il brainstorming in <strong>sottocomitati<\/strong>.<\/p>\n\t\t\t\t\t<\/div>\n\t\t\t\t\t\t\t\t\t<\/div>\n\t\t\t<\/div>        \n\t\t<\/div>\n\t<\/div>\n<\/div>\n<!-- END OF : Composant : block-periscope-theme-section-composant-33-texte-image.php -->\n\n\n<!-- START OF : Composant : block-periscope-theme-section-composant-33-texte-image.php -->\n<!-- INVERSE -->\n<div class=\"text-image fs-wysiwyg mb-8 mb-lg-12\" data-component=\"33-texte-image\" data-reverse=\"oui\">\n\t<div class=\"container-fluid\" style=\"--bs-gutter-x: 0\">\n\t\t<div class=\"row\" style=\"--bs-gutter-x: 0\">\n\t\t\t<div class=\"col-lg-6\">\n\t\t\t\t<div class=\"text-image__content\">\n\t\t\t\t\t\t\t\t\t\t<div class=\"fw-semibold lh-xs fs-20 fs-lg-32 ls--25 mb-5\">Mercure Benidorm<\/div>\n\t\t\t\t\t\t\t\t\t\t\t\t\t\t\t<div class=\"fs-wysiwyg\">\n\t\t\t\t\t\t<h3>Gastronomia in Costa Blanca<\/h3>\n<p>Paella, tapas e altri must della gastronomia spagnola! Il <strong>Malaspina<\/strong>, il ristorante del <a href=\"https:\/\/myallmeeting.com\/it\/hotel\/b6i8-mercure-benidorm-ouverture-juin-2022\/\"><strong>Mercure Benidorm<\/strong><\/a>, li rende sublimi: una promessa di momenti conviviali, un fattore di unione per i vostri team.<\/p>\n<p>L&#8217;hotel (186 camere) si trova a pochi passi dalle spiagge <strong>Poniente<\/strong> e <strong>Levante<\/strong> di <strong>Beniborm<\/strong> e dal <strong>Balcon de Mediterraneo<\/strong>, un grazioso balcone a mosaico che si affaccia sulla baia di questa famosa localit\u00e0 in provincia di <strong>Alicante<\/strong>.<\/p>\n<p>La sala riunioni di 50 m2 \u00e8 il luogo ideale per attivit\u00e0 di team building.<\/p>\n\t\t\t\t\t<\/div>\n\t\t\t\t\t\t\t\t\t<\/div>\n\t\t\t<\/div>    \n\t\t\t    \n\t\t\t<div class=\"col-lg-6 order-first order-lg-last mb-7 mb-lg-0\">\n\t\t\t\t<img decoding=\"async\" src=\"https:\/\/www.myallmeeting.com\/wp-content\/uploads\/2023\/07\/6306-58-953x600.jpg\" width=\"953\" height=\"600\" alt=\"\" loading=\"lazy\" class=\"w-100\" \/>\n\t\t\t<\/div>\n\t\t\t\t\t<\/div>\n\t<\/div>\n<\/div>\n<!-- END OF : Composant : block-periscope-theme-section-composant-33-texte-image.php -->\n\n\n<!-- START OF : Composant : block-periscope-theme-section-composant-33-texte-image.php -->\n<div class=\"text-image fs-wysiwyg mb-8 mb-lg-12\" data-component=\"33-texte-image\">\n\t<div class=\"container-fluid\" style=\"--bs-gutter-x: 0\">\n\t\t<div class=\"row\" style=\"--bs-gutter-x: 0\">\n\t\t\t\t\t\t<div class=\"col-lg-6 mb-7 mb-lg-0\">\n\t\t\t\t<img decoding=\"async\" src=\"https:\/\/www.myallmeeting.com\/wp-content\/uploads\/2023\/07\/4670-77-953x600.jpg\" width=\"953\" height=\"600\" alt=\"\" loading=\"lazy\" class=\"w-100\" \/>\n\t\t\t<\/div>\n\t\t\t\t\t\t<div class=\"col-lg-6\">\n\t\t\t\t<div class=\"text-image__content\">\n\t\t\t\t\t\t\t\t\t\t<div class=\"fw-semibold lh-xs fs-20 fs-lg-32 ls--25 mb-5\">Ibis Styles Nieuwpoort<\/div>\n\t\t\t\t\t\t\t\t\t\t\t\t\t\t\t<div class=\"fs-wysiwyg\">\n\t\t\t\t\t\t<h3>Mare del Nord, dune e sabbia bianca!<\/h3>\n<p>Lunghe spiagge sabbiose e piccole dune costeggiano il litorale del \u201cpaese piatto\u201d. Un paesaggio seducente, la promessa di un seminario all&#8217;aria aperta, che potrete offrire ai vostri colleghi nella citt\u00e0 costiera di Nieuwpoort (o Nieuport).<\/p>\n<p>Incontratevi all&#8217;<a href=\"https:\/\/myallmeeting.com\/it\/hotel\/9716-ibis-styles-nieuwpoort\/\"><strong>ibis Styles Nieuwpoort<\/strong><\/a>, in un&#8217;atmosfera moderna e di design, dove <strong>2 sale riunioni<\/strong> da 55 e 40 m2 ospiteranno la vostra convention.<\/p>\n<p>Questo hotel a 3 stelle di 97 camere dispone di una <strong>piscina coperta<\/strong> e di una <strong>sauna<\/strong>, perfette per riscaldarsi dopo una lunga passeggiata!<\/p>\n\t\t\t\t\t<\/div>\n\t\t\t\t\t\t\t\t\t<\/div>\n\t\t\t<\/div>        \n\t\t<\/div>\n\t<\/div>\n<\/div>\n<!-- END OF : Composant : block-periscope-theme-section-composant-33-texte-image.php -->\n\n\n<!-- START OF : Composant : block-periscope-theme-section-composant-33-texte-image.php -->\n<!-- INVERSE -->\n<div class=\"text-image fs-wysiwyg mb-8 mb-lg-12\" data-component=\"33-texte-image\" data-reverse=\"oui\">\n\t<div class=\"container-fluid\" style=\"--bs-gutter-x: 0\">\n\t\t<div class=\"row\" style=\"--bs-gutter-x: 0\">\n\t\t\t<div class=\"col-lg-6\">\n\t\t\t\t<div class=\"text-image__content\">\n\t\t\t\t\t\t\t\t\t\t<div class=\"fw-semibold lh-xs fs-20 fs-lg-32 ls--25 mb-5\">Novotel Thalassa Le Touquet<\/div>\n\t\t\t\t\t\t\t\t\t\t\t\t\t\t\t<div class=\"fs-wysiwyg\">\n\t\t\t\t\t\t<h3>Benessere sulla Costa d&#8217;Opale<\/h3>\n<p>Da un lato il mare a perdita d&#8217;occhio, dall&#8217;altro le dune&#8230; Ecco quanto \u00e8 ben posizionato il <a href=\"https:\/\/myallmeeting.com\/it\/hotel\/0449-novotel-thalassa-le-touquet\/\"><strong>Novotel Thalassa Le Touquet!<\/strong><\/a><\/p>\n<p>Questo hotel 4 stelle con 145 camere, che sar\u00e0 completamente rinnovato nel 2019, \u00e8 anche vicino al centro di questa tipica localit\u00e0 balneare ottocentesca di ville anglo-normanne.<\/p>\n<p>Con la sua <strong>piscina riscaldata con acqua di mare<\/strong>, il centro <strong>fitness e la spa<\/strong> e i trattamenti di <strong>talassoterapia<\/strong> a base di acqua di mare, le <strong>9 sale riunioni<\/strong> dell&#8217;hotel <strong>faranno sentire i vostri team a casa.<\/strong><\/p>\n\t\t\t\t\t<\/div>\n\t\t\t\t\t\t\t\t\t<\/div>\n\t\t\t<\/div>    \n\t\t\t    \n\t\t\t<div class=\"col-lg-6 order-first order-lg-last mb-7 mb-lg-0\">\n\t\t\t\t<img decoding=\"async\" src=\"https:\/\/www.myallmeeting.com\/wp-content\/uploads\/2023\/07\/5155-03-953x600.jpg\" width=\"953\" height=\"600\" alt=\"\" loading=\"lazy\" class=\"w-100\" \/>\n\t\t\t<\/div>\n\t\t\t\t\t<\/div>\n\t<\/div>\n<\/div>\n<!-- END OF : Composant : block-periscope-theme-section-composant-33-texte-image.php -->\n\n\n<!-- START OF : Composant : block-periscope-theme-section-composant-33-texte-image.php -->\n<div class=\"text-image fs-wysiwyg mb-8 mb-lg-12\" data-component=\"33-texte-image\">\n\t<div class=\"container-fluid\" style=\"--bs-gutter-x: 0\">\n\t\t<div class=\"row\" style=\"--bs-gutter-x: 0\">\n\t\t\t\t\t\t<div class=\"col-lg-6 mb-7 mb-lg-0\">\n\t\t\t\t<img decoding=\"async\" src=\"https:\/\/www.myallmeeting.com\/wp-content\/uploads\/2023\/07\/timi-ama-953x600.jpg\" width=\"953\" height=\"600\" alt=\"\" loading=\"lazy\" class=\"w-100\" \/>\n\t\t\t<\/div>\n\t\t\t\t\t\t<div class=\"col-lg-6\">\n\t\t\t\t<div class=\"text-image__content\">\n\t\t\t\t\t\t\t\t\t\t<div class=\"fw-semibold lh-xs fs-20 fs-lg-32 ls--25 mb-5\">Pullman Almar Timi Ama Resort &amp; Spa<\/div>\n\t\t\t\t\t\t\t\t\t\t\t\t\t\t\t<div class=\"fs-wysiwyg\">\n\t\t\t\t\t\t<h3>Una parentesi incantata nel mar Tirreno<\/h3>\n<p>Dirigetevi verso il sud-est della <strong>Sardegna<\/strong>, dove lusso, calma e volutt\u00e0 vi attendono al <a href=\"https:\/\/myallmeeting.com\/it\/hotel\/3040-pullman-timi-ama-sardegna\/\"><strong>Pullman Almar Timi.<\/strong><\/a>..<\/p>\n<p>Questo hotel a 5 stelle con 275 camere si trova nel cuore della riserva naturale di <strong>Capo Carbonara<\/strong> e si affaccia sulla <strong>baia di Porto Giunco,<\/strong> promettendo una vista mozzafiato!<\/p>\n<p>Naturalmente, le <strong>4 splendide sale conferenze,<\/strong> la pi\u00f9 grande delle quali misura 210 m2, faciliteranno le riflessioni dei vostri team, ma non c&#8217;\u00e8 dubbio che i vostri collaboratori saranno tentati dalla piscina, dal centro fitness, da uno dei <strong>4 ristoranti<\/strong> di questo magnifico complesso o dal vicino <strong>campo da golf.<\/strong><\/p>\n\t\t\t\t\t<\/div>\n\t\t\t\t\t\t\t\t\t<\/div>\n\t\t\t<\/div>        \n\t\t<\/div>\n\t<\/div>\n<\/div>\n<!-- END OF : Composant : block-periscope-theme-section-composant-33-texte-image.php -->\n\n\n<!-- START OF : Composant : block-periscope-theme-section-composant-33-texte-image.php -->\n<!-- INVERSE -->\n<div class=\"text-image fs-wysiwyg mb-8 mb-lg-12\" data-component=\"33-texte-image\" data-reverse=\"oui\">\n\t<div class=\"container-fluid\" style=\"--bs-gutter-x: 0\">\n\t\t<div class=\"row\" style=\"--bs-gutter-x: 0\">\n\t\t\t<div class=\"col-lg-6\">\n\t\t\t\t<div class=\"text-image__content\">\n\t\t\t\t\t\t\t\t\t\t<div class=\"fw-semibold lh-xs fs-20 fs-lg-32 ls--25 mb-5\">Rixos Premium Dubrovnik<\/div>\n\t\t\t\t\t\t\t\t\t\t\t\t\t\t\t<div class=\"fs-wysiwyg\">\n\t\t\t\t\t\t<h3>Nel cuore della perla dell&#8217;Adriatico<\/h3>\n<p>Dubrovnik, patrimonio mondiale dell&#8217;UNESCO e soprannominata la \u201cPerla dell&#8217;Adriatico\u201d! Queste sono solo alcune delle attrattive che attireranno i vostri collaboratori durante un seminario residenziale al <strong><a href=\"https:\/\/myallmeeting.com\/it\/hotel\/b1h9-rixos-premium-dubrovnik\/\">Rixos Premium Dubrovnik.<\/a><\/strong><\/p>\n<p>La maggior parte delle 310 camere di questo hotel a 5 stelle si affaccia sul mare blu profondo.<\/p>\n<p>Dopo le sessioni di studio nelle <strong>5 sale riunioni<\/strong> (con una capacit\u00e0 totale di 900 persone!), recatevi nel centro storico medievale, a pochi passi di distanza, dove \u00e8 stata girata la famosa serie Game of Thrones. I luoghi delle riprese possono essere visitati: un&#8217;ottima idea di incentivo!<\/p>\n\t\t\t\t\t<\/div>\n\t\t\t\t\t\t\t\t\t<\/div>\n\t\t\t<\/div>    \n\t\t\t    \n\t\t\t<div class=\"col-lg-6 order-first order-lg-last mb-7 mb-lg-0\">\n\t\t\t\t<img decoding=\"async\" src=\"https:\/\/www.myallmeeting.com\/wp-content\/uploads\/2023\/07\/rixos-953x600.jpg\" width=\"953\" height=\"600\" alt=\"\" loading=\"lazy\" class=\"w-100\" \/>\n\t\t\t<\/div>\n\t\t\t\t\t<\/div>\n\t<\/div>\n<\/div>\n<!-- END OF : Composant : block-periscope-theme-section-composant-33-texte-image.php -->\n\n\n<!-- START OF : Composant : block-periscope-theme-section-composant-33-texte-image.php -->\n<div class=\"text-image fs-wysiwyg mb-8 mb-lg-12\" data-component=\"33-texte-image\">\n\t<div class=\"container-fluid\" style=\"--bs-gutter-x: 0\">\n\t\t<div class=\"row\" style=\"--bs-gutter-x: 0\">\n\t\t\t\t\t\t<div class=\"col-lg-6 mb-7 mb-lg-0\">\n\t\t\t\t<img decoding=\"async\" src=\"https:\/\/www.myallmeeting.com\/wp-content\/uploads\/2023\/07\/monte-carlo-953x600.jpg\" width=\"953\" height=\"600\" alt=\"\" loading=\"lazy\" class=\"w-100\" \/>\n\t\t\t<\/div>\n\t\t\t\t\t\t<div class=\"col-lg-6\">\n\t\t\t\t<div class=\"text-image__content\">\n\t\t\t\t\t\t\t\t\t\t<div class=\"fw-semibold lh-xs fs-20 fs-lg-32 ls--25 mb-5\">Fairmont Monte Carlo<\/div>\n\t\t\t\t\t\t\t\t\t\t\t\t\t\t\t<div class=\"fs-wysiwyg\">\n\t\t\t\t\t\t<h3>Un hotel \u201creale&#8221;<\/h3>\n<p>Il <a href=\"https:\/\/myallmeeting.com\/it\/hotel\/a598-fairmont-monte-carlo\/\"><strong>Fairmont Monte Carlo<\/strong><\/a>, costruito tra il Mar Mediterraneo e il leggendario Casin\u00f2 di Monte-Carlo, si distingue come hotel di lusso a Monaco, un hotel-resort emblematico nel cuore del Principato.<\/p>\n<p>Questo hotel a 4 stelle con 596 camere dispone di 17 sale riunioni per ospitare i vostri eventi.<\/p>\n\t\t\t\t\t<\/div>\n\t\t\t\t\t\t\t\t\t<\/div>\n\t\t\t<\/div>        \n\t\t<\/div>\n\t<\/div>\n<\/div>\n<!-- END OF : Composant : block-periscope-theme-section-composant-33-texte-image.php -->\n","protected":false},"excerpt":{"rendered":"<p>Scoprite gli 8 hotel esotici per un seminario in riva al mare.<\/p>\n","protected":false},"featured_media":16223740,"menu_order":0,"template":"","periscope_categorie_tax":[3497],"class_list":["post-16223796","article","type-article","status-publish","has-post-thumbnail","hentry","periscope_categorie_tax-tous-nos-tops-selections-it"],"acf":[],"yoast_head":"<title>Gli 8 hotel in Europa dove tenere un seminario in riva al mare\u2026 - Accor MyAllMeeting.com<\/title>\n<meta name=\"robots\" content=\"index, follow, max-snippet:-1, max-image-preview:large, max-video-preview:-1\" \/>\n<link rel=\"canonical\" href=\"https:\/\/www.myallmeeting.com\/it\/wp-json\/wp\/v2\/article\/16223796\" \/>\n<meta property=\"og:locale\" content=\"it_IT\" \/>\n<meta property=\"og:type\" content=\"article\" \/>\n<meta property=\"og:title\" content=\"Gli 8 hotel in Europa dove tenere un seminario in riva al mare\u2026 - Accor MyAllMeeting.com\" \/>\n<meta property=\"og:description\" content=\"Scoprite gli 8 hotel esotici per un seminario in riva al mare.\" \/>\n<meta property=\"og:url\" content=\"https:\/\/www.myallmeeting.com\/it\/article\/les-8-hotels-en-europe-ou-organiser-votre-seminaire-en-bord-de-mer\/\" \/>\n<meta property=\"og:site_name\" content=\"Accor MyAllMeeting.com\" \/>\n<meta property=\"article:modified_time\" content=\"2024-07-19T14:33:29+00:00\" \/>\n<meta property=\"og:image\" content=\"http:\/\/myallmeeting.com\/wp-content\/uploads\/2023\/07\/MAM-imagery-1920-x-570-px-Baniere-3-1024x304.png\" \/>\n\t<meta property=\"og:image:width\" content=\"1024\" \/>\n\t<meta property=\"og:image:height\" content=\"304\" \/>\n\t<meta property=\"og:image:type\" content=\"image\/png\" \/>\n<meta name=\"twitter:card\" content=\"summary_large_image\" \/>\n<meta name=\"twitter:label1\" content=\"Est. reading time\" \/>\n\t<meta name=\"twitter:data1\" content=\"7 minutes\" \/>\n<script type=\"application\/ld+json\" class=\"yoast-schema-graph\">{\"@context\":\"https:\/\/schema.org\",\"@graph\":[{\"@type\":\"WebPage\",\"@id\":\"https:\/\/www.myallmeeting.com\/it\/article\/les-8-hotels-en-europe-ou-organiser-votre-seminaire-en-bord-de-mer\/\",\"url\":\"https:\/\/www.myallmeeting.com\/it\/article\/les-8-hotels-en-europe-ou-organiser-votre-seminaire-en-bord-de-mer\/\",\"name\":\"Gli 8 hotel in Europa dove tenere un seminario in riva al mare\u2026 - Accor MyAllMeeting.com\",\"isPartOf\":{\"@id\":\"https:\/\/www.myallmeeting.com\/it\/#website\"},\"primaryImageOfPage\":{\"@id\":\"https:\/\/www.myallmeeting.com\/it\/article\/les-8-hotels-en-europe-ou-organiser-votre-seminaire-en-bord-de-mer\/#primaryimage\"},\"image\":{\"@id\":\"https:\/\/www.myallmeeting.com\/it\/article\/les-8-hotels-en-europe-ou-organiser-votre-seminaire-en-bord-de-mer\/#primaryimage\"},\"thumbnailUrl\":\"https:\/\/www.myallmeeting.com\/wp-content\/uploads\/2023\/07\/MAM-imagery-1920-x-570-px-Baniere-3.png\",\"datePublished\":\"2023-07-02T15:59:16+00:00\",\"dateModified\":\"2024-07-19T14:33:29+00:00\",\"breadcrumb\":{\"@id\":\"https:\/\/www.myallmeeting.com\/it\/article\/les-8-hotels-en-europe-ou-organiser-votre-seminaire-en-bord-de-mer\/#breadcrumb\"},\"inLanguage\":\"it-IT\",\"potentialAction\":[{\"@type\":\"ReadAction\",\"target\":[\"https:\/\/www.myallmeeting.com\/it\/article\/les-8-hotels-en-europe-ou-organiser-votre-seminaire-en-bord-de-mer\/\"]}]},{\"@type\":\"ImageObject\",\"inLanguage\":\"it-IT\",\"@id\":\"https:\/\/www.myallmeeting.com\/it\/article\/les-8-hotels-en-europe-ou-organiser-votre-seminaire-en-bord-de-mer\/#primaryimage\",\"url\":\"https:\/\/www.myallmeeting.com\/wp-content\/uploads\/2023\/07\/MAM-imagery-1920-x-570-px-Baniere-3.png\",\"contentUrl\":\"https:\/\/www.myallmeeting.com\/wp-content\/uploads\/2023\/07\/MAM-imagery-1920-x-570-px-Baniere-3.png\",\"width\":1920,\"height\":570},{\"@type\":\"BreadcrumbList\",\"@id\":\"https:\/\/www.myallmeeting.com\/it\/article\/les-8-hotels-en-europe-ou-organiser-votre-seminaire-en-bord-de-mer\/#breadcrumb\",\"itemListElement\":[{\"@type\":\"ListItem\",\"position\":1,\"name\":\"Pagina iniziale\",\"item\":\"https:\/\/myallmeeting.com\/it\/\"},{\"@type\":\"ListItem\",\"position\":2,\"name\":\"Notizie\",\"item\":\"https:\/\/www.myallmeeting.com\/it\/notizie\/\"},{\"@type\":\"ListItem\",\"position\":3,\"name\":\"Gli 8 hotel in Europa dove tenere un seminario in riva al mare\u2026\"}]},{\"@type\":\"WebSite\",\"@id\":\"https:\/\/www.myallmeeting.com\/it\/#website\",\"url\":\"https:\/\/www.myallmeeting.com\/it\/\",\"name\":\"Accor MyAllMeeting.com\",\"description\":\"Les Meilleurs lieux pour vos Ev\u00e9nements Professionnels\",\"publisher\":{\"@id\":\"https:\/\/www.myallmeeting.com\/it\/#organization\"},\"potentialAction\":[{\"@type\":\"SearchAction\",\"target\":{\"@type\":\"EntryPoint\",\"urlTemplate\":\"https:\/\/www.myallmeeting.com\/it\/?s={search_term_string}\"},\"query-input\":{\"@type\":\"PropertyValueSpecification\",\"valueRequired\":true,\"valueName\":\"search_term_string\"}}],\"inLanguage\":\"it-IT\"},{\"@type\":\"Organization\",\"@id\":\"https:\/\/www.myallmeeting.com\/it\/#organization\",\"name\":\"ACCOR\",\"url\":\"https:\/\/www.myallmeeting.com\/it\/\",\"logo\":{\"@type\":\"ImageObject\",\"inLanguage\":\"it-IT\",\"@id\":\"https:\/\/www.myallmeeting.com\/it\/#\/schema\/logo\/image\/\",\"url\":\"\",\"contentUrl\":\"\",\"caption\":\"ACCOR\"},\"image\":{\"@id\":\"https:\/\/www.myallmeeting.com\/it\/#\/schema\/logo\/image\/\"}}]}<\/script>","yoast_head_json":{"title":"Gli 8 hotel in Europa dove tenere un seminario in riva al mare\u2026 - Accor MyAllMeeting.com","robots":{"index":"index","follow":"follow","max-snippet":"max-snippet:-1","max-image-preview":"max-image-preview:large","max-video-preview":"max-video-preview:-1"},"canonical":"https:\/\/www.myallmeeting.com\/it\/wp-json\/wp\/v2\/article\/16223796","og_locale":"it_IT","og_type":"article","og_title":"Gli 8 hotel in Europa dove tenere un seminario in riva al mare\u2026 - Accor MyAllMeeting.com","og_description":"Scoprite gli 8 hotel esotici per un seminario in riva al mare.","og_url":"https:\/\/www.myallmeeting.com\/it\/article\/les-8-hotels-en-europe-ou-organiser-votre-seminaire-en-bord-de-mer\/","og_site_name":"Accor MyAllMeeting.com","article_modified_time":"2024-07-19T14:33:29+00:00","og_image":[{"width":1024,"height":304,"url":"http:\/\/myallmeeting.com\/wp-content\/uploads\/2023\/07\/MAM-imagery-1920-x-570-px-Baniere-3-1024x304.png","type":"image\/png"}],"twitter_card":"summary_large_image","twitter_misc":{"Est. reading time":"7 minutes"},"schema":{"@context":"https:\/\/schema.org","@graph":[{"@type":"WebPage","@id":"https:\/\/www.myallmeeting.com\/it\/article\/les-8-hotels-en-europe-ou-organiser-votre-seminaire-en-bord-de-mer\/","url":"https:\/\/www.myallmeeting.com\/it\/article\/les-8-hotels-en-europe-ou-organiser-votre-seminaire-en-bord-de-mer\/","name":"Gli 8 hotel in Europa dove tenere un seminario in riva al mare\u2026 - Accor MyAllMeeting.com","isPartOf":{"@id":"https:\/\/www.myallmeeting.com\/it\/#website"},"primaryImageOfPage":{"@id":"https:\/\/www.myallmeeting.com\/it\/article\/les-8-hotels-en-europe-ou-organiser-votre-seminaire-en-bord-de-mer\/#primaryimage"},"image":{"@id":"https:\/\/www.myallmeeting.com\/it\/article\/les-8-hotels-en-europe-ou-organiser-votre-seminaire-en-bord-de-mer\/#primaryimage"},"thumbnailUrl":"https:\/\/www.myallmeeting.com\/wp-content\/uploads\/2023\/07\/MAM-imagery-1920-x-570-px-Baniere-3.png","datePublished":"2023-07-02T15:59:16+00:00","dateModified":"2024-07-19T14:33:29+00:00","breadcrumb":{"@id":"https:\/\/www.myallmeeting.com\/it\/article\/les-8-hotels-en-europe-ou-organiser-votre-seminaire-en-bord-de-mer\/#breadcrumb"},"inLanguage":"it-IT","potentialAction":[{"@type":"ReadAction","target":["https:\/\/www.myallmeeting.com\/it\/article\/les-8-hotels-en-europe-ou-organiser-votre-seminaire-en-bord-de-mer\/"]}]},{"@type":"ImageObject","inLanguage":"it-IT","@id":"https:\/\/www.myallmeeting.com\/it\/article\/les-8-hotels-en-europe-ou-organiser-votre-seminaire-en-bord-de-mer\/#primaryimage","url":"https:\/\/www.myallmeeting.com\/wp-content\/uploads\/2023\/07\/MAM-imagery-1920-x-570-px-Baniere-3.png","contentUrl":"https:\/\/www.myallmeeting.com\/wp-content\/uploads\/2023\/07\/MAM-imagery-1920-x-570-px-Baniere-3.png","width":1920,"height":570},{"@type":"BreadcrumbList","@id":"https:\/\/www.myallmeeting.com\/it\/article\/les-8-hotels-en-europe-ou-organiser-votre-seminaire-en-bord-de-mer\/#breadcrumb","itemListElement":[{"@type":"ListItem","position":1,"name":"Pagina iniziale","item":"https:\/\/myallmeeting.com\/it\/"},{"@type":"ListItem","position":2,"name":"Notizie","item":"https:\/\/www.myallmeeting.com\/it\/notizie\/"},{"@type":"ListItem","position":3,"name":"Gli 8 hotel in Europa dove tenere un seminario in riva al mare\u2026"}]},{"@type":"WebSite","@id":"https:\/\/www.myallmeeting.com\/it\/#website","url":"https:\/\/www.myallmeeting.com\/it\/","name":"Accor MyAllMeeting.com","description":"Les Meilleurs lieux pour vos Ev\u00e9nements Professionnels","publisher":{"@id":"https:\/\/www.myallmeeting.com\/it\/#organization"},"potentialAction":[{"@type":"SearchAction","target":{"@type":"EntryPoint","urlTemplate":"https:\/\/www.myallmeeting.com\/it\/?s={search_term_string}"},"query-input":{"@type":"PropertyValueSpecification","valueRequired":true,"valueName":"search_term_string"}}],"inLanguage":"it-IT"},{"@type":"Organization","@id":"https:\/\/www.myallmeeting.com\/it\/#organization","name":"ACCOR","url":"https:\/\/www.myallmeeting.com\/it\/","logo":{"@type":"ImageObject","inLanguage":"it-IT","@id":"https:\/\/www.myallmeeting.com\/it\/#\/schema\/logo\/image\/","url":"","contentUrl":"","caption":"ACCOR"},"image":{"@id":"https:\/\/www.myallmeeting.com\/it\/#\/schema\/logo\/image\/"}}]}},"_links":{"self":[{"href":"https:\/\/www.myallmeeting.com\/it\/wp-json\/wp\/v2\/article\/16223796","targetHints":{"allow":["GET"]}}],"collection":[{"href":"https:\/\/www.myallmeeting.com\/it\/wp-json\/wp\/v2\/article"}],"about":[{"href":"https:\/\/www.myallmeeting.com\/it\/wp-json\/wp\/v2\/types\/article"}],"wp:featuredmedia":[{"embeddable":true,"href":"https:\/\/www.myallmeeting.com\/it\/wp-json\/wp\/v2\/media\/16223740"}],"wp:attachment":[{"href":"https:\/\/www.myallmeeting.com\/it\/wp-json\/wp\/v2\/media?parent=16223796"}],"wp:term":[{"taxonomy":"periscope_categorie_tax","embeddable":true,"href":"https:\/\/www.myallmeeting.com\/it\/wp-json\/wp\/v2\/periscope_categorie_tax?post=16223796"}],"curies":[{"name":"wp","href":"https:\/\/api.w.org\/{rel}","templated":true}]}}