{"id":16037568,"date":"2020-02-26T14:06:18","date_gmt":"2020-02-26T13:06:18","guid":{"rendered":"https:\/\/myallmeeting.com\/article\/un-seminaire-face-aux-embruns-au-pays-basque\/"},"modified":"2024-07-16T17:53:37","modified_gmt":"2024-07-16T15:53:37","slug":"un-seminario-sui-riflessi-del-mare-nei-paesi-baschi","status":"publish","type":"article","link":"https:\/\/www.myallmeeting.com\/it\/article\/un-seminario-sui-riflessi-del-mare-nei-paesi-baschi\/","title":{"rendered":"Un seminario sui riflessi del mare nei Paesi Baschi"},"content":{"rendered":"<!-- START OF : Composant : block-periscope-theme-section-composant-25-texte-cta-2-images.php -->\n<div class=\"tcta2ia bg-white fs-wysiwyg mb-lg-12\" data-component=\"25-texte-cta-2-images\">\n\t<div class=\"tcta2ia__top\">\n\t\t<div class=\"container-fluid\" style=\"--bs-gutter-x: 0\">\n\t\t\t<div class=\"row\" style=\"--bs-gutter-x: 0\">\n\t\t\t\t<div class=\"col-lg-8\">\n\t\t\t\t\t\t\t\t\t\t<div class=\"bloc-mise-en-avant__top__left\">\n\t\t\t\t\t\t<img decoding=\"async\" src=\"https:\/\/www.myallmeeting.com\/wp-content\/uploads\/2020\/02\/5541-34-1268x846.jpg\" class=\"pe-2 pe-lg-0\" width=\"1268\" height=\"846\" alt=\"\" loading=\"lazy\" \/>\n\t\t\t\t\t<\/div>\n\t\t\t\t\t\t\t\t\t\t<div class=\"tcta2ia__bottom d-none d-lg-block pb-12 pt-lg-9 pb-lg-0 pe-lg-10\">\n\t\t\t\t\t\t\t\t\t\t\t\t<h2 class=\"fs-20 fs-lg-32 fw-semibold\">Novotel Resort &amp; Spa Biarritz Anglet<\/h2>\n\t\t\t\t\t\t\t\t\t\t\t\t\t\t\t\t\t\t<div class=\"fs-wysiwyg\"><p aria-level=\"4\"><span data-contrast=\"none\"><a href=\"https:\/\/myallmeeting.com\/it\/hotel\/0994-novotel-resort-spa-biarritz-anglet\/\">Questo hotel<\/a> a 4 stelle da\u202f<\/span><b><span data-contrast=\"none\">104 stanze<\/span><\/b><span data-contrast=\"none\">, con ristorante, si trova in una piccola e apprezzata localit\u00e0 balneare, adiacente a Biarritz. Fra\u202f<\/span><b><span data-contrast=\"none\">la sauna, la palestra, le cabine per trattamenti e la piscina riscaldata da aprile a ottobre<\/span><\/b><span data-contrast=\"none\">, avrete la certezza di scandire le vostre giornate lavorative con momenti di benessere e relax, se l&#8217;Oceano Atlantico e i suoi spot di surf non vi hanno attirato prima!\u00a0<\/span><span data-ccp-props=\"{&quot;134245418&quot;:true,&quot;134245529&quot;:true,&quot;201341983&quot;:0,&quot;335551550&quot;:6,&quot;335551620&quot;:6,&quot;335557856&quot;:16119028,&quot;335559738&quot;:165,&quot;335559739&quot;:165,&quot;335559740&quot;:259}\">\u00a0<\/span><\/p>\n<p aria-level=\"4\"><span data-contrast=\"none\">Soprattutto considerando che con <\/span><b><span data-contrast=\"none\">le sue sei sale riunioni<\/span><\/b><span data-contrast=\"none\">, completamente immerse nella luce naturale, con <\/span><b><span data-contrast=\"none\">una superficie massima di 250 mq che pu\u00f2 ospitare fino a 230 persone<\/span><\/b><span data-contrast=\"none\">, a seconda della configurazione scelta, l&#8217;hotel \u00e8 il luogo ideale per l&#8217;organizzazione di un seminario su larga scala.<\/span><span data-ccp-props=\"{&quot;134245418&quot;:true,&quot;134245529&quot;:true,&quot;201341983&quot;:0,&quot;335551550&quot;:6,&quot;335551620&quot;:6,&quot;335557856&quot;:16119028,&quot;335559738&quot;:165,&quot;335559739&quot;:165,&quot;335559740&quot;:259}\">\u00a0<\/span><\/p>\n<\/div>\n\t\t\t\t\t\t\t\t\t\t\t\t<div class=\"d-flex flex-column flex-lg-row align-items-center gap-5 gap-lg-8 justify-content-between\">\n\t\t\t\t\t\t\t<div class=\"fs-20 fs-lg-26 fw-semibold lh-xs\"><\/div>\n\t\t\t\t\t\t\t\t\t\t\t\t\t<\/div>\n\t\t\t\t\t<\/div>\n\t\t\t\t<\/div>\n\t\t\t\t<div class=\"col-lg-4\">\n\t\t\t\t\t<div class=\"tcta2ia__top__right t-0 r-0 bg-primary text-white pt-4 pb-4 px-2 pt-lg-8 pb-lg-16 px-lg-11 pb-xl-30\">\n\t\t\t\t\t\t\t\t\t\t\t\t\t\t\t\t\t\t<h2 class=\"unna fs-36 fs-lg-51 fs-xl-75 fs-italic fw-normal text-secondary\">Un seminario sui riflessi del mare nei Paesi Baschi<\/h2>\n\t\t\t\t\t\t\t\t\t\t\t\t\t\t\t\t\t\t<h3 class=\"text-white fs-18 fs-lg-20 fs-xl-28 text-original-case\">Ecco la nostra selezione di hotel dove sia l&#039;accoglienza che i servizi offerti faciliteranno la vostra organizzazione. <\/h3>\n\t\t\t\t\t\t\t\t\t\t\t\t\t\t\t\t\t\t<div class=\"fs-wysiwyg mb-4 fs-lg-16 fs-xl-20\"><p><span data-contrast=\"none\" xml:lang=\"IT-IT\" lang=\"IT-IT\" class=\"TextRun SCXW90217479 BCX0\"><span class=\"NormalTextRun SCXW90217479 BCX0\" data-ccp-parastyle=\"heading 4\">Con le sue immense spiagge di sabbia fine, la costa atlantica \u00e8 maestosa! Poco prima della Spagna, <\/span><span class=\"NormalTextRun SCXW90217479 BCX0\" data-ccp-parastyle=\"heading 4\">si passa per i<\/span><span class=\"NormalTextRun SCXW90217479 BCX0\" data-ccp-parastyle=\"heading 4\">\u202f<\/span><\/span><span data-contrast=\"none\" xml:lang=\"IT-IT\" lang=\"IT-IT\" class=\"TextRun Underlined SCXW90217479 BCX0\"><span class=\"NormalTextRun SCXW90217479 BCX0\" data-ccp-parastyle=\"heading 4\">P<\/span><span class=\"NormalTextRun SCXW90217479 BCX0\" data-ccp-parastyle=\"heading 4\">aesi Baschi<\/span><\/span><span data-contrast=\"none\" xml:lang=\"IT-IT\" lang=\"IT-IT\" class=\"TextRun SCXW90217479 BCX0\"><span class=\"NormalTextRun SCXW90217479 BCX0\" data-ccp-parastyle=\"heading 4\">, una regione dal carattere forte, orgogliosa della sua storia e della sua bellezza.\u202f<\/span><\/span><strong><span data-contrast=\"none\" xml:lang=\"IT-IT\" lang=\"IT-IT\" class=\"TextRun SCXW90217479 BCX0\"><span class=\"NormalTextRun SCXW90217479 BCX0\" data-ccp-parastyle=\"heading 4\">Facilmente raggiungibile grazie all&#8217;aeroporto di Biarritz e alle stazioni ferroviarie di Biarritz e Bayonne<\/span><\/span><\/strong><span data-contrast=\"none\" xml:lang=\"IT-IT\" lang=\"IT-IT\" class=\"TextRun SCXW90217479 BCX0\"><span class=\"NormalTextRun SCXW90217479 BCX0\" data-ccp-parastyle=\"heading 4\">, \u00e8 il posto ideale in cui vivere\u202f<\/span><\/span><strong><span data-contrast=\"none\" xml:lang=\"IT-IT\" lang=\"IT-IT\" class=\"TextRun SCXW90217479 BCX0\"><span class=\"NormalTextRun SCXW90217479 BCX0\" data-ccp-parastyle=\"heading 4\">seminari dinamici<\/span><\/span><\/strong><span data-contrast=\"none\" xml:lang=\"IT-IT\" lang=\"IT-IT\" class=\"TextRun SCXW90217479 BCX0\"><span class=\"NormalTextRun SCXW90217479 BCX0\" data-ccp-parastyle=\"heading 4\"> e <\/span><span class=\"NormalTextRun SCXW90217479 BCX0\" data-ccp-parastyle=\"heading 4\">piccant<\/span><span class=\"NormalTextRun SCXW90217479 BCX0\" data-ccp-parastyle=\"heading 4\">i<\/span><span class=\"NormalTextRun SCXW90217479 BCX0\" data-ccp-parastyle=\"heading 4\"> come il pepe di <\/span><span class=\"NormalTextRun SpellingErrorV2Themed SCXW90217479 BCX0\" data-ccp-parastyle=\"heading 4\">Espelette<\/span><span class=\"NormalTextRun SCXW90217479 BCX0\" data-ccp-parastyle=\"heading 4\">!<\/span><\/span><span class=\"EOP SCXW90217479 BCX0\" data-ccp-props=\"{&quot;134245418&quot;:true,&quot;134245529&quot;:true,&quot;201341983&quot;:0,&quot;335551550&quot;:6,&quot;335551620&quot;:6,&quot;335557856&quot;:16119028,&quot;335559738&quot;:165,&quot;335559739&quot;:165,&quot;335559740&quot;:259}\">\u00a0<\/span><\/p>\n<\/div>\n\t\t\t\t\t\t\t\t\t\t\t\t\t\t\t\t\t\t\t\t\t\t\t\t<p class=\"m-0\"><img decoding=\"async\" src=\"https:\/\/www.myallmeeting.com\/wp-content\/uploads\/2020\/02\/4158-73-633x398.jpg\" class=\"position-relative l-0\" width=\"633\" height=\"398\" alt=\"\" loading=\"lazy\" \/><\/p>\n\t\t\t\t\t\t\t\t\t\t\t<\/div>\n\t\t\t\t<\/div>\n\t\t\t<\/div>\n\t\t<\/div>\n\t<\/div>\n\t<div class=\"tcta2ia__bottom d-lg-none pb-12 py-lg-9 pe-lg-10\">\n\t\t\t\t<div class=\"h2 fs-20 fs-lg-32 fw-semibold\">Novotel Resort &amp; Spa Biarritz Anglet<\/div>\n\t\t\t\t\t\t<div class=\"fs-wysiwyg\"><p aria-level=\"4\"><span data-contrast=\"none\"><a href=\"https:\/\/myallmeeting.com\/it\/hotel\/0994-novotel-resort-spa-biarritz-anglet\/\">Questo hotel<\/a> a 4 stelle da\u202f<\/span><b><span data-contrast=\"none\">104 stanze<\/span><\/b><span data-contrast=\"none\">, con ristorante, si trova in una piccola e apprezzata localit\u00e0 balneare, adiacente a Biarritz. Fra\u202f<\/span><b><span data-contrast=\"none\">la sauna, la palestra, le cabine per trattamenti e la piscina riscaldata da aprile a ottobre<\/span><\/b><span data-contrast=\"none\">, avrete la certezza di scandire le vostre giornate lavorative con momenti di benessere e relax, se l&#8217;Oceano Atlantico e i suoi spot di surf non vi hanno attirato prima!\u00a0<\/span><span data-ccp-props=\"{&quot;134245418&quot;:true,&quot;134245529&quot;:true,&quot;201341983&quot;:0,&quot;335551550&quot;:6,&quot;335551620&quot;:6,&quot;335557856&quot;:16119028,&quot;335559738&quot;:165,&quot;335559739&quot;:165,&quot;335559740&quot;:259}\">\u00a0<\/span><\/p>\n<p aria-level=\"4\"><span data-contrast=\"none\">Soprattutto considerando che con <\/span><b><span data-contrast=\"none\">le sue sei sale riunioni<\/span><\/b><span data-contrast=\"none\">, completamente immerse nella luce naturale, con <\/span><b><span data-contrast=\"none\">una superficie massima di 250 mq che pu\u00f2 ospitare fino a 230 persone<\/span><\/b><span data-contrast=\"none\">, a seconda della configurazione scelta, l&#8217;hotel \u00e8 il luogo ideale per l&#8217;organizzazione di un seminario su larga scala.<\/span><span data-ccp-props=\"{&quot;134245418&quot;:true,&quot;134245529&quot;:true,&quot;201341983&quot;:0,&quot;335551550&quot;:6,&quot;335551620&quot;:6,&quot;335557856&quot;:16119028,&quot;335559738&quot;:165,&quot;335559739&quot;:165,&quot;335559740&quot;:259}\">\u00a0<\/span><\/p>\n<\/div>\n\t\t\t\t<div class=\"d-flex flex-column flex-lg-row align-items-center gap-5 gap-lg-8 justify-content-between\">\n\t\t\t<div class=\"fs-20 fs-lg-26 fw-semibold lh-xs\"><\/div>\n\t\t\t\t\t<\/div>\n\t<\/div>\n<\/div>\n<!-- END OF : Composant : block-periscope-theme-section-composant-25-texte-cta-2-images.php -->\n\n\n<!-- START OF : Composant : block-periscope-theme-section-composant-33-texte-image.php -->\n<div class=\"text-image fs-wysiwyg mb-8 mb-lg-12\" data-component=\"33-texte-image\">\n\t<div class=\"container-fluid\" style=\"--bs-gutter-x: 0\">\n\t\t<div class=\"row\" style=\"--bs-gutter-x: 0\">\n\t\t\t\t\t\t<div class=\"col-lg-6 mb-7 mb-lg-0\">\n\t\t\t\t<img decoding=\"async\" src=\"https:\/\/www.myallmeeting.com\/wp-content\/uploads\/2020\/02\/3118-22-953x600.jpg\" width=\"953\" height=\"600\" alt=\"\" loading=\"lazy\" class=\"w-100\" \/>\n\t\t\t<\/div>\n\t\t\t\t\t\t<div class=\"col-lg-6\">\n\t\t\t\t<div class=\"text-image__content\">\n\t\t\t\t\t\t\t\t\t\t<div class=\"fw-semibold lh-xs fs-20 fs-lg-32 ls--25 mb-5\">Ibis Bayonne Centre<\/div>\n\t\t\t\t\t\t\t\t\t\t\t\t\t\t\t<div class=\"fs-wysiwyg\">\n\t\t\t\t\t\t<p aria-level=\"4\"><span data-contrast=\"none\">Bayonne \u00e8 una citt\u00e0 ricca di storia, in cui passeggiare \u00e8 un piacere per gli occhi: girando per le strade, si scoprono i bastioni, costruiti da Vauban nel XVII secolo, una cattedrale del XIV secolo, le famose arene, l&#8217;Adour&#8230; Con le sue <\/span><b><span data-contrast=\"none\">87 camere, <\/span><\/b><span data-contrast=\"none\">l&#8217;<a href=\"https:\/\/myallmeeting.com\/it\/hotel\/1639-ibis-bayonne-centre\/\">Ibis Bayonne Centre<\/a> vi accoglier\u00e0 direttamente nel cuore della citt\u00e0.\u00a0<\/span><span data-ccp-props=\"{&quot;134245418&quot;:true,&quot;134245529&quot;:true,&quot;201341983&quot;:0,&quot;335551550&quot;:6,&quot;335551620&quot;:6,&quot;335557856&quot;:16119028,&quot;335559738&quot;:165,&quot;335559739&quot;:165,&quot;335559740&quot;:259}\">\u00a0<\/span><\/p>\n<p aria-level=\"4\"><span data-contrast=\"none\">Una struttura di supporto per l&#8217;organizzazione\u202f<\/span><b><span data-contrast=\"none\">un soggiorno <\/span><\/b><b><i><span data-contrast=\"none\">incentivo<\/span><\/i><\/b><b><span data-contrast=\"none\"> a misura d&#8217;uomo<\/span><\/b><span data-contrast=\"none\">, tra lavoro e scoperta.\u202f<\/span><b><span data-contrast=\"none\">Due sale riunioni, ciascuna di 55 mq<\/span><\/b><span data-contrast=\"none\">, sono a tua disposizione e potrai ricaricare le batterie, con un cocktail in mano,\u202f<\/span><b><span data-contrast=\"none\">sulla terrazza panoramica<\/span><\/b><span data-contrast=\"none\">, o al ristorante dell&#8217;hotel, prima di fare un giro in citt\u00e0.<\/span><span data-ccp-props=\"{&quot;134245418&quot;:true,&quot;134245529&quot;:true,&quot;201341983&quot;:0,&quot;335551550&quot;:6,&quot;335551620&quot;:6,&quot;335557856&quot;:16119028,&quot;335559738&quot;:165,&quot;335559739&quot;:165,&quot;335559740&quot;:259}\">\u00a0<\/span><\/p>\n\t\t\t\t\t<\/div>\n\t\t\t\t\t\t\t\t\t<\/div>\n\t\t\t<\/div>        \n\t\t<\/div>\n\t<\/div>\n<\/div>\n<!-- END OF : Composant : block-periscope-theme-section-composant-33-texte-image.php -->\n\n\n<!-- START OF : Composant : block-periscope-theme-section-composant-33-texte-image.php -->\n<!-- INVERSE -->\n<div class=\"text-image fs-wysiwyg mb-8 mb-lg-12\" data-component=\"33-texte-image\" data-reverse=\"oui\">\n\t<div class=\"container-fluid\" style=\"--bs-gutter-x: 0\">\n\t\t<div class=\"row\" style=\"--bs-gutter-x: 0\">\n\t\t\t<div class=\"col-lg-6\">\n\t\t\t\t<div class=\"text-image__content\">\n\t\t\t\t\t\t\t\t\t\t<div class=\"fw-semibold lh-xs fs-20 fs-lg-32 ls--25 mb-5\">Sofitel Biarritz Le Miramar Thalassa sea &amp; spa<\/div>\n\t\t\t\t\t\t\t\t\t\t\t\t\t\t\t<div class=\"fs-wysiwyg\">\n\t\t\t\t\t\t<p aria-level=\"4\"><span data-contrast=\"none\">Vista sul mare, centro di Biarritz e casin\u00f2 a pochi passi, terrazza privata, piscina panoramica all&#8217;aperto con acqua di mare, istituto di talassoterapia, vicinanza a San Sebastian e al Golf di Biarritz Le Phare&#8230; Questo hotel a cinque stelle riunisce tutte le condizioni per un soggiorno &#8211; in famiglia o d&#8217;affari &#8211; sulla costa atlantica che rimarr\u00e0 impresso nella vostra memoria.\u00a0<\/span><span data-ccp-props=\"{&quot;134245418&quot;:true,&quot;134245529&quot;:true,&quot;201341983&quot;:0,&quot;335551550&quot;:6,&quot;335551620&quot;:6,&quot;335557856&quot;:16119028,&quot;335559738&quot;:165,&quot;335559739&quot;:165,&quot;335559740&quot;:259}\">\u00a0<\/span><\/p>\n<p aria-level=\"4\"><span data-contrast=\"none\">Il <a href=\"https:\/\/myallmeeting.com\/it\/hotel\/2049-sofitel-biarritz-le-miramar-thalassa-sea-spa\/\">Sofitel Biarritz<\/a> \u00e8 il punto di partenza ideale per <\/span><b><span data-contrast=\"none\">scoprire, divertirsi, immergersi nell&#8217;atmosfera, nella storia e nella cultura basca<\/span><\/b><span data-contrast=\"none\">. Perch\u00e9 non iniziare dal ristorante dell&#8217;hotel? I suoi chef saranno felici di aiutarvi a degustare le specialit\u00e0 locali.<\/span><span data-ccp-props=\"{&quot;134245418&quot;:true,&quot;134245529&quot;:true,&quot;201341983&quot;:0,&quot;335551550&quot;:6,&quot;335551620&quot;:6,&quot;335557856&quot;:16119028,&quot;335559738&quot;:165,&quot;335559739&quot;:165,&quot;335559740&quot;:259}\">\u00a0<\/span><\/p>\n\t\t\t\t\t<\/div>\n\t\t\t\t\t\t\t\t\t<\/div>\n\t\t\t<\/div>    \n\t\t\t    \n\t\t\t<div class=\"col-lg-6 order-first order-lg-last mb-7 mb-lg-0\">\n\t\t\t\t<img decoding=\"async\" src=\"https:\/\/www.myallmeeting.com\/wp-content\/uploads\/2020\/02\/1067-39-953x600.jpg\" width=\"953\" height=\"600\" alt=\"\" loading=\"lazy\" class=\"w-100\" \/>\n\t\t\t<\/div>\n\t\t\t\t\t<\/div>\n\t<\/div>\n<\/div>\n<!-- END OF : Composant : block-periscope-theme-section-composant-33-texte-image.php -->\n\n\n<!-- START OF : Composant : block-periscope-theme-section-composant-33-texte-image.php -->\n<div class=\"text-image fs-wysiwyg mb-8 mb-lg-12\" data-component=\"33-texte-image\">\n\t<div class=\"container-fluid\" style=\"--bs-gutter-x: 0\">\n\t\t<div class=\"row\" style=\"--bs-gutter-x: 0\">\n\t\t\t\t\t\t<div class=\"col-lg-6 mb-7 mb-lg-0\">\n\t\t\t\t<img decoding=\"async\" src=\"https:\/\/www.myallmeeting.com\/wp-content\/uploads\/2020\/02\/7194-77-953x600.jpg\" width=\"953\" height=\"600\" alt=\"\" loading=\"lazy\" class=\"w-100\" \/>\n\t\t\t<\/div>\n\t\t\t\t\t\t<div class=\"col-lg-6\">\n\t\t\t\t<div class=\"text-image__content\">\n\t\t\t\t\t\t\t\t\t\t<div class=\"fw-semibold lh-xs fs-20 fs-lg-32 ls--25 mb-5\">Jo &amp; Joe Hossegor<\/div>\n\t\t\t\t\t\t\t\t\t\t\t\t\t\t\t<div class=\"fs-wysiwyg\">\n\t\t\t\t\t\t<p aria-level=\"4\"><span data-contrast=\"none\">Per due anni, l\u2019<\/span><a href=\"https:\/\/myallmeeting.com\/mes-conseils\/accorhotels-revolutionne-lhospitalite-jojoe\/\"><span data-contrast=\"none\">Hotel Jo &amp; Joe<\/span><\/a><span data-contrast=\"none\">\u202fha proposto un nuovo concetto che\u202f<\/span><b><span data-contrast=\"none\">rivoluziona l&#8217;ospitalit\u00e0<\/span><\/b><span data-contrast=\"none\">. Ci si sente come a casa, e anche qui si possono organizzare seminari in \u201cmodalit\u00e0 start-up\u201d per degli\u202f<\/span><b><span data-contrast=\"none\">scambi effervescenti, ribollenti, creativi<\/span><\/b><span data-contrast=\"none\">\u2026\u00a0<\/span><span data-ccp-props=\"{&quot;134245418&quot;:true,&quot;134245529&quot;:true,&quot;201341983&quot;:0,&quot;335551550&quot;:6,&quot;335551620&quot;:6,&quot;335557856&quot;:16119028,&quot;335559738&quot;:165,&quot;335559739&quot;:165,&quot;335559740&quot;:259}\">\u00a0<\/span><\/p>\n<p aria-level=\"4\"><span data-contrast=\"none\">Puoi sperimentare riunioni di lavoro costruttive o addirittura sessioni di <\/span><i><span data-contrast=\"none\">team building<\/span><\/i><span data-contrast=\"none\">, e perch\u00e9 no, anche mentre si \u00e8 in<\/span><b><span data-contrast=\"none\"> cucina, <\/span><\/b><span data-contrast=\"none\">considerando che anche questa pu\u00f2 essere un luogo di <\/span><b><span data-contrast=\"none\">collaborazione<\/span><\/b><span data-contrast=\"none\">! A soli\u202f<\/span><b><span data-contrast=\"none\">30 minuti a nord di Bayonne<\/span><\/b><span data-contrast=\"none\">, il\u202f<\/span><a href=\"https:\/\/myallmeeting.com\/it\/hotel\/b0r3-jojoe-hossegor\/\"><span data-contrast=\"none\">Jo &amp; Joe Hossegor<\/span><\/a><span data-contrast=\"none\">, un vasto insieme di stile basco-landese, mette a vostra disposizione\u202f<\/span><b><span data-contrast=\"none\">una sala riunioni di 40 mq<\/span><\/b><span data-contrast=\"none\">.\u202fSituato a due passi dalla spiaggia, dispone anche di un<\/span><b><span data-contrast=\"none\"> giardino di 1.000 mq<\/span><\/b><span data-contrast=\"none\">\u202fdove riposarsi lontano dalle onde tumultuose dell&#8217;Atlantico.<\/span><span data-ccp-props=\"{&quot;134245418&quot;:true,&quot;134245529&quot;:true,&quot;201341983&quot;:0,&quot;335551550&quot;:6,&quot;335551620&quot;:6,&quot;335557856&quot;:16119028,&quot;335559738&quot;:165,&quot;335559739&quot;:165,&quot;335559740&quot;:259}\">\u00a0<\/span><\/p>\n\t\t\t\t\t<\/div>\n\t\t\t\t\t\t\t\t\t<\/div>\n\t\t\t<\/div>        \n\t\t<\/div>\n\t<\/div>\n<\/div>\n<!-- END OF : Composant : block-periscope-theme-section-composant-33-texte-image.php -->\n","protected":false},"excerpt":{"rendered":"","protected":false},"featured_media":16034093,"menu_order":0,"template":"","periscope_categorie_tax":[3497],"class_list":["post-16037568","article","type-article","status-publish","has-post-thumbnail","hentry","periscope_categorie_tax-tous-nos-tops-selections-it"],"acf":[],"yoast_head":"<title>Un seminario sui riflessi del mare nei Paesi Baschi - Accor MyAllMeeting.com<\/title>\n<meta name=\"robots\" content=\"index, follow, max-snippet:-1, max-image-preview:large, max-video-preview:-1\" \/>\n<link rel=\"canonical\" href=\"https:\/\/www.myallmeeting.com\/it\/wp-json\/wp\/v2\/article\/16037568\" \/>\n<meta property=\"og:locale\" content=\"it_IT\" \/>\n<meta property=\"og:type\" content=\"article\" \/>\n<meta property=\"og:title\" content=\"Un seminario sui riflessi del mare nei Paesi Baschi - Accor MyAllMeeting.com\" \/>\n<meta property=\"og:url\" content=\"https:\/\/www.myallmeeting.com\/it\/article\/un-seminario-sui-riflessi-del-mare-nei-paesi-baschi\/\" \/>\n<meta property=\"og:site_name\" content=\"Accor MyAllMeeting.com\" \/>\n<meta property=\"article:modified_time\" content=\"2024-07-16T15:53:37+00:00\" \/>\n<meta property=\"og:image\" content=\"https:\/\/www.myallmeeting.com\/wp-content\/uploads\/2020\/02\/Biarritz.png\" \/>\n\t<meta property=\"og:image:width\" content=\"1920\" \/>\n\t<meta property=\"og:image:height\" content=\"570\" \/>\n\t<meta property=\"og:image:type\" content=\"image\/png\" \/>\n<meta name=\"twitter:card\" content=\"summary_large_image\" \/>\n<meta name=\"twitter:label1\" content=\"Est. reading time\" \/>\n\t<meta name=\"twitter:data1\" content=\"5 minutes\" \/>\n<script type=\"application\/ld+json\" class=\"yoast-schema-graph\">{\"@context\":\"https:\/\/schema.org\",\"@graph\":[{\"@type\":\"WebPage\",\"@id\":\"https:\/\/www.myallmeeting.com\/it\/article\/un-seminario-sui-riflessi-del-mare-nei-paesi-baschi\/\",\"url\":\"https:\/\/www.myallmeeting.com\/it\/article\/un-seminario-sui-riflessi-del-mare-nei-paesi-baschi\/\",\"name\":\"Un seminario sui riflessi del mare nei Paesi Baschi - Accor MyAllMeeting.com\",\"isPartOf\":{\"@id\":\"https:\/\/www.myallmeeting.com\/it\/#website\"},\"primaryImageOfPage\":{\"@id\":\"https:\/\/www.myallmeeting.com\/it\/article\/un-seminario-sui-riflessi-del-mare-nei-paesi-baschi\/#primaryimage\"},\"image\":{\"@id\":\"https:\/\/www.myallmeeting.com\/it\/article\/un-seminario-sui-riflessi-del-mare-nei-paesi-baschi\/#primaryimage\"},\"thumbnailUrl\":\"https:\/\/www.myallmeeting.com\/wp-content\/uploads\/2020\/02\/Biarritz.png\",\"datePublished\":\"2020-02-26T13:06:18+00:00\",\"dateModified\":\"2024-07-16T15:53:37+00:00\",\"breadcrumb\":{\"@id\":\"https:\/\/www.myallmeeting.com\/it\/article\/un-seminario-sui-riflessi-del-mare-nei-paesi-baschi\/#breadcrumb\"},\"inLanguage\":\"it-IT\",\"potentialAction\":[{\"@type\":\"ReadAction\",\"target\":[\"https:\/\/www.myallmeeting.com\/it\/article\/un-seminario-sui-riflessi-del-mare-nei-paesi-baschi\/\"]}]},{\"@type\":\"ImageObject\",\"inLanguage\":\"it-IT\",\"@id\":\"https:\/\/www.myallmeeting.com\/it\/article\/un-seminario-sui-riflessi-del-mare-nei-paesi-baschi\/#primaryimage\",\"url\":\"https:\/\/www.myallmeeting.com\/wp-content\/uploads\/2020\/02\/Biarritz.png\",\"contentUrl\":\"https:\/\/www.myallmeeting.com\/wp-content\/uploads\/2020\/02\/Biarritz.png\",\"width\":1920,\"height\":570},{\"@type\":\"BreadcrumbList\",\"@id\":\"https:\/\/www.myallmeeting.com\/it\/article\/un-seminario-sui-riflessi-del-mare-nei-paesi-baschi\/#breadcrumb\",\"itemListElement\":[{\"@type\":\"ListItem\",\"position\":1,\"name\":\"Pagina iniziale\",\"item\":\"https:\/\/myallmeeting.com\/it\/\"},{\"@type\":\"ListItem\",\"position\":2,\"name\":\"Notizie\",\"item\":\"https:\/\/www.myallmeeting.com\/it\/notizie\/\"},{\"@type\":\"ListItem\",\"position\":3,\"name\":\"Un seminario sui riflessi del mare nei Paesi Baschi\"}]},{\"@type\":\"WebSite\",\"@id\":\"https:\/\/www.myallmeeting.com\/it\/#website\",\"url\":\"https:\/\/www.myallmeeting.com\/it\/\",\"name\":\"Accor MyAllMeeting.com\",\"description\":\"Les Meilleurs lieux pour vos Ev\u00e9nements Professionnels\",\"publisher\":{\"@id\":\"https:\/\/www.myallmeeting.com\/it\/#organization\"},\"potentialAction\":[{\"@type\":\"SearchAction\",\"target\":{\"@type\":\"EntryPoint\",\"urlTemplate\":\"https:\/\/www.myallmeeting.com\/it\/?s={search_term_string}\"},\"query-input\":{\"@type\":\"PropertyValueSpecification\",\"valueRequired\":true,\"valueName\":\"search_term_string\"}}],\"inLanguage\":\"it-IT\"},{\"@type\":\"Organization\",\"@id\":\"https:\/\/www.myallmeeting.com\/it\/#organization\",\"name\":\"ACCOR\",\"url\":\"https:\/\/www.myallmeeting.com\/it\/\",\"logo\":{\"@type\":\"ImageObject\",\"inLanguage\":\"it-IT\",\"@id\":\"https:\/\/www.myallmeeting.com\/it\/#\/schema\/logo\/image\/\",\"url\":\"\",\"contentUrl\":\"\",\"caption\":\"ACCOR\"},\"image\":{\"@id\":\"https:\/\/www.myallmeeting.com\/it\/#\/schema\/logo\/image\/\"}}]}<\/script>","yoast_head_json":{"title":"Un seminario sui riflessi del mare nei Paesi Baschi - Accor MyAllMeeting.com","robots":{"index":"index","follow":"follow","max-snippet":"max-snippet:-1","max-image-preview":"max-image-preview:large","max-video-preview":"max-video-preview:-1"},"canonical":"https:\/\/www.myallmeeting.com\/it\/wp-json\/wp\/v2\/article\/16037568","og_locale":"it_IT","og_type":"article","og_title":"Un seminario sui riflessi del mare nei Paesi Baschi - Accor MyAllMeeting.com","og_url":"https:\/\/www.myallmeeting.com\/it\/article\/un-seminario-sui-riflessi-del-mare-nei-paesi-baschi\/","og_site_name":"Accor MyAllMeeting.com","article_modified_time":"2024-07-16T15:53:37+00:00","og_image":[{"width":1920,"height":570,"url":"https:\/\/www.myallmeeting.com\/wp-content\/uploads\/2020\/02\/Biarritz.png","type":"image\/png"}],"twitter_card":"summary_large_image","twitter_misc":{"Est. reading time":"5 minutes"},"schema":{"@context":"https:\/\/schema.org","@graph":[{"@type":"WebPage","@id":"https:\/\/www.myallmeeting.com\/it\/article\/un-seminario-sui-riflessi-del-mare-nei-paesi-baschi\/","url":"https:\/\/www.myallmeeting.com\/it\/article\/un-seminario-sui-riflessi-del-mare-nei-paesi-baschi\/","name":"Un seminario sui riflessi del mare nei Paesi Baschi - Accor MyAllMeeting.com","isPartOf":{"@id":"https:\/\/www.myallmeeting.com\/it\/#website"},"primaryImageOfPage":{"@id":"https:\/\/www.myallmeeting.com\/it\/article\/un-seminario-sui-riflessi-del-mare-nei-paesi-baschi\/#primaryimage"},"image":{"@id":"https:\/\/www.myallmeeting.com\/it\/article\/un-seminario-sui-riflessi-del-mare-nei-paesi-baschi\/#primaryimage"},"thumbnailUrl":"https:\/\/www.myallmeeting.com\/wp-content\/uploads\/2020\/02\/Biarritz.png","datePublished":"2020-02-26T13:06:18+00:00","dateModified":"2024-07-16T15:53:37+00:00","breadcrumb":{"@id":"https:\/\/www.myallmeeting.com\/it\/article\/un-seminario-sui-riflessi-del-mare-nei-paesi-baschi\/#breadcrumb"},"inLanguage":"it-IT","potentialAction":[{"@type":"ReadAction","target":["https:\/\/www.myallmeeting.com\/it\/article\/un-seminario-sui-riflessi-del-mare-nei-paesi-baschi\/"]}]},{"@type":"ImageObject","inLanguage":"it-IT","@id":"https:\/\/www.myallmeeting.com\/it\/article\/un-seminario-sui-riflessi-del-mare-nei-paesi-baschi\/#primaryimage","url":"https:\/\/www.myallmeeting.com\/wp-content\/uploads\/2020\/02\/Biarritz.png","contentUrl":"https:\/\/www.myallmeeting.com\/wp-content\/uploads\/2020\/02\/Biarritz.png","width":1920,"height":570},{"@type":"BreadcrumbList","@id":"https:\/\/www.myallmeeting.com\/it\/article\/un-seminario-sui-riflessi-del-mare-nei-paesi-baschi\/#breadcrumb","itemListElement":[{"@type":"ListItem","position":1,"name":"Pagina iniziale","item":"https:\/\/myallmeeting.com\/it\/"},{"@type":"ListItem","position":2,"name":"Notizie","item":"https:\/\/www.myallmeeting.com\/it\/notizie\/"},{"@type":"ListItem","position":3,"name":"Un seminario sui riflessi del mare nei Paesi Baschi"}]},{"@type":"WebSite","@id":"https:\/\/www.myallmeeting.com\/it\/#website","url":"https:\/\/www.myallmeeting.com\/it\/","name":"Accor MyAllMeeting.com","description":"Les Meilleurs lieux pour vos Ev\u00e9nements Professionnels","publisher":{"@id":"https:\/\/www.myallmeeting.com\/it\/#organization"},"potentialAction":[{"@type":"SearchAction","target":{"@type":"EntryPoint","urlTemplate":"https:\/\/www.myallmeeting.com\/it\/?s={search_term_string}"},"query-input":{"@type":"PropertyValueSpecification","valueRequired":true,"valueName":"search_term_string"}}],"inLanguage":"it-IT"},{"@type":"Organization","@id":"https:\/\/www.myallmeeting.com\/it\/#organization","name":"ACCOR","url":"https:\/\/www.myallmeeting.com\/it\/","logo":{"@type":"ImageObject","inLanguage":"it-IT","@id":"https:\/\/www.myallmeeting.com\/it\/#\/schema\/logo\/image\/","url":"","contentUrl":"","caption":"ACCOR"},"image":{"@id":"https:\/\/www.myallmeeting.com\/it\/#\/schema\/logo\/image\/"}}]}},"_links":{"self":[{"href":"https:\/\/www.myallmeeting.com\/it\/wp-json\/wp\/v2\/article\/16037568","targetHints":{"allow":["GET"]}}],"collection":[{"href":"https:\/\/www.myallmeeting.com\/it\/wp-json\/wp\/v2\/article"}],"about":[{"href":"https:\/\/www.myallmeeting.com\/it\/wp-json\/wp\/v2\/types\/article"}],"wp:featuredmedia":[{"embeddable":true,"href":"https:\/\/www.myallmeeting.com\/it\/wp-json\/wp\/v2\/media\/16034093"}],"wp:attachment":[{"href":"https:\/\/www.myallmeeting.com\/it\/wp-json\/wp\/v2\/media?parent=16037568"}],"wp:term":[{"taxonomy":"periscope_categorie_tax","embeddable":true,"href":"https:\/\/www.myallmeeting.com\/it\/wp-json\/wp\/v2\/periscope_categorie_tax?post=16037568"}],"curies":[{"name":"wp","href":"https:\/\/api.w.org\/{rel}","templated":true}]}}