{"id":16036976,"date":"2018-10-30T15:51:57","date_gmt":"2018-10-30T14:51:57","guid":{"rendered":"https:\/\/myallmeeting.com\/article\/top-10-de-nos-adresses-accor-au-coeur-des-plus-belles-montagnes-francaises\/"},"modified":"2024-07-16T16:57:26","modified_gmt":"2024-07-16T14:57:26","slug":"la-top-10-degli-indirizzi-di-accor-nel-cuore-delle-piu-belle-montagne-francesi","status":"publish","type":"article","link":"https:\/\/www.myallmeeting.com\/it\/article\/la-top-10-degli-indirizzi-di-accor-nel-cuore-delle-piu-belle-montagne-francesi\/","title":{"rendered":"La top 10 degli indirizzi di Accor nel cuore delle pi\u00f9 belle montagne francesi\u00a0"},"content":{"rendered":"<!-- START OF : Composant : block-periscope-theme-section-composant-25-texte-cta-2-images.php -->\n<div class=\"tcta2ia bg-white fs-wysiwyg mb-lg-12\" data-component=\"25-texte-cta-2-images\">\n\t<div class=\"tcta2ia__top\">\n\t\t<div class=\"container-fluid\" style=\"--bs-gutter-x: 0\">\n\t\t\t<div class=\"row\" style=\"--bs-gutter-x: 0\">\n\t\t\t\t<div class=\"col-lg-8\">\n\t\t\t\t\t\t\t\t\t\t<div class=\"bloc-mise-en-avant__top__left\">\n\t\t\t\t\t\t<img decoding=\"async\" src=\"https:\/\/www.myallmeeting.com\/wp-content\/uploads\/2018\/10\/6488-50-1268x846.jpg\" class=\"pe-2 pe-lg-0\" width=\"1268\" height=\"846\" alt=\"s\u00e9minaire original\" loading=\"lazy\" \/>\n\t\t\t\t\t<\/div>\n\t\t\t\t\t\t\t\t\t\t<div class=\"tcta2ia__bottom d-none d-lg-block pb-12 pt-lg-9 pb-lg-0 pe-lg-10\">\n\t\t\t\t\t\t\t\t\t\t\t\t<h2 class=\"fs-20 fs-lg-32 fw-semibold\">Mercure Saint-Lary Sensoria<\/h2>\n\t\t\t\t\t\t\t\t\t\t\t\t\t\t\t\t\t\t<div class=\"fs-wysiwyg\"><p style=\"text-align: center;\"><em><span data-contrast=\"none\" xml:lang=\"IT-IT\" lang=\"IT-IT\" class=\"TextRun SCXW201283674 BCX0\"><span class=\"NormalTextRun SCXW201283674 BCX0\" data-ccp-parastyle=\"heading 4\">Un villaggio dei Pirenei <\/span><span class=\"NormalTextRun SCXW201283674 BCX0\" data-ccp-parastyle=\"heading 4\">che si apre su<\/span><span class=\"NormalTextRun SCXW201283674 BCX0\" data-ccp-parastyle=\"heading 4\">l sud-ovest francese e <\/span><span class=\"NormalTextRun SCXW201283674 BCX0\" data-ccp-parastyle=\"heading 4\">verso la<\/span><span class=\"NormalTextRun SCXW201283674 BCX0\" data-ccp-parastyle=\"heading 4\"> Spagna<\/span><\/span><span class=\"EOP SCXW201283674 BCX0\" data-ccp-props=\"{&quot;134245418&quot;:true,&quot;134245529&quot;:true,&quot;201341983&quot;:0,&quot;335551550&quot;:2,&quot;335551620&quot;:2,&quot;335557856&quot;:16119028,&quot;335559738&quot;:165,&quot;335559739&quot;:165,&quot;335559740&quot;:259}\">\u00a0<\/span><\/em><\/p>\n<p aria-level=\"4\"><span data-contrast=\"none\">Nel\u202f<\/span><b><span data-contrast=\"none\">cuore dei Pirenei,<\/span><\/b><span data-contrast=\"none\">\u202fnon lontano da Lourdes e raggiungibile dalla stazione di Lannemezan e dagli aeroporti di Tarbes, Tolosa e Pau, Saint-Lary \u00e8 anche vicino alla Spagna, grazie al tunnel di Bielsa.<\/span><span data-ccp-props=\"{&quot;134245418&quot;:true,&quot;134245529&quot;:true,&quot;201341983&quot;:0,&quot;335551550&quot;:6,&quot;335551620&quot;:6,&quot;335557856&quot;:16119028,&quot;335559738&quot;:165,&quot;335559739&quot;:165,&quot;335559740&quot;:259}\">\u00a0<\/span><\/p>\n<p aria-level=\"4\"><span data-contrast=\"none\"><a href=\"https:\/\/myallmeeting.com\/it\/hotel\/2904-hotel-mercure-de-saint-lary\/\">Questo hotel<\/a> con\u202f<\/span><b><span data-contrast=\"none\">65 camere con balcone<\/span><\/b><span data-contrast=\"none\">\u202fpermette di organizzare\u202f<\/span><b><span data-contrast=\"none\">eventi professionali<\/span><\/b><span data-contrast=\"none\">\u202fin un ambiente eccezionale, di fronte ai maestosi\u202f<\/span><b><span data-contrast=\"none\">Massicci dei Pirenei<\/span><\/b><span data-contrast=\"none\">.\u202fLe sue\u202f<\/span><b><span data-contrast=\"none\">5 sale riunioni<\/span><\/b><span data-contrast=\"none\">, con una capacit\u00e0 che va <\/span><b><span data-contrast=\"none\">da 7 a 120 persone,<\/span><\/b><span data-contrast=\"none\">\u202fsono modulari e beneficiano di una\u202f<\/span><b><span data-contrast=\"none\">vista panoramica<\/span><\/b><span data-contrast=\"none\">\u202fsulle montagne. Un ambiente ideale per un <\/span><b><span data-contrast=\"none\">seminario originale firmato Accor<\/span><\/b><span data-contrast=\"none\">.<\/span><span data-ccp-props=\"{&quot;134245418&quot;:true,&quot;134245529&quot;:true,&quot;201341983&quot;:0,&quot;335551550&quot;:6,&quot;335551620&quot;:6,&quot;335557856&quot;:16119028,&quot;335559738&quot;:165,&quot;335559739&quot;:165,&quot;335559740&quot;:259}\">\u00a0<\/span><\/p>\n<p aria-level=\"4\"><span data-contrast=\"none\">Per migliorare l&#8217;esperienza professionale oltre gli orari di lavoro approfittando del <\/span><b><span data-contrast=\"none\">massimo\u202frelax<\/span><\/b><span data-contrast=\"none\">, l&#8217;hotel offre una\u202f<\/span><b><span data-contrast=\"none\">Zona termale e la Spa Nuxe<\/span><\/b><span data-contrast=\"none\">. All&#8217;esterno, un&#8217;ampia scelta di attivit\u00e0 sono a vostra disposizione: sci di fondo o sci alpino \u2013 l&#8217;hotel si trova a 50 metri dagli impianti di risalita pi\u00f9 vicini, da strutture per acquagym e fitness. Nelle vicinanze si trovano anche minigolf, rafting e persino una pista di pattinaggio!<\/span><span data-ccp-props=\"{&quot;134245418&quot;:true,&quot;134245529&quot;:true,&quot;201341983&quot;:0,&quot;335551550&quot;:6,&quot;335551620&quot;:6,&quot;335557856&quot;:16119028,&quot;335559738&quot;:165,&quot;335559739&quot;:165,&quot;335559740&quot;:259}\">\u00a0<\/span><b><\/b><span style=\"font-weight: 400;\"><\/span><\/p>\n<\/div>\n\t\t\t\t\t\t\t\t\t\t\t\t<div class=\"d-flex flex-column flex-lg-row align-items-center gap-5 gap-lg-8 justify-content-between\">\n\t\t\t\t\t\t\t<div class=\"fs-20 fs-lg-26 fw-semibold lh-xs\"><\/div>\n\t\t\t\t\t\t\t\t\t\t\t\t\t<\/div>\n\t\t\t\t\t<\/div>\n\t\t\t\t<\/div>\n\t\t\t\t<div class=\"col-lg-4\">\n\t\t\t\t\t<div class=\"tcta2ia__top__right t-0 r-0 bg-primary text-white pt-4 pb-4 px-2 pt-lg-8 pb-lg-16 px-lg-11 pb-xl-30\">\n\t\t\t\t\t\t\t\t\t\t\t\t\t\t\t\t\t\t<h2 class=\"unna fs-36 fs-lg-51 fs-xl-75 fs-italic fw-normal text-secondary\">La top 10 degli indirizzi di Accor nel cuore delle pi\u00f9 belle montagne francesi <\/h2>\n\t\t\t\t\t\t\t\t\t\t\t\t\t\t\t\t\t\t\t\t\t\t\t\t<div class=\"fs-wysiwyg mb-4 fs-lg-16 fs-xl-20\"><p><span data-contrast=\"none\" xml:lang=\"IT-IT\" lang=\"IT-IT\" class=\"TextRun SCXW109366643 BCX0\"><span class=\"NormalTextRun SCXW109366643 BCX0\" data-ccp-parastyle=\"heading 4\">Nel<\/span><span class=\"NormalTextRun SCXW109366643 BCX0\" data-ccp-parastyle=\"heading 4\">le <\/span><\/span><span data-contrast=\"none\" xml:lang=\"IT-IT\" lang=\"IT-IT\" class=\"TextRun SCXW109366643 BCX0\"><span class=\"NormalTextRun SCXW109366643 BCX0\" data-ccp-parastyle=\"heading 4\">Alpi<\/span><span class=\"NormalTextRun SCXW109366643 BCX0\" data-ccp-parastyle=\"heading 4\"> <\/span><\/span><span data-contrast=\"none\" xml:lang=\"IT-IT\" lang=\"IT-IT\" class=\"TextRun SCXW109366643 BCX0\"><span class=\"NormalTextRun SCXW109366643 BCX0\" data-ccp-parastyle=\"heading 4\">o nei <\/span><\/span><span data-contrast=\"none\" xml:lang=\"IT-IT\" lang=\"IT-IT\" class=\"TextRun SCXW109366643 BCX0\"><span class=\"NormalTextRun SCXW109366643 BCX0\" data-ccp-parastyle=\"heading 4\">Pirenei<\/span><\/span><span data-contrast=\"none\" xml:lang=\"IT-IT\" lang=\"IT-IT\" class=\"TextRun SCXW109366643 BCX0\"><span class=\"NormalTextRun SCXW109366643 BCX0\" data-ccp-parastyle=\"heading 4\">,<\/span><span class=\"NormalTextRun SCXW109366643 BCX0\" data-ccp-parastyle=\"heading 4\"> <\/span><\/span><span data-contrast=\"none\" xml:lang=\"IT-IT\" lang=\"IT-IT\" class=\"TextRun SCXW109366643 BCX0\"><span class=\"NormalTextRun SCXW109366643 BCX0\" data-ccp-parastyle=\"heading 4\">Accor<\/span><span class=\"NormalTextRun SCXW109366643 BCX0\" data-ccp-parastyle=\"heading 4\"> <\/span><\/span><span data-contrast=\"none\" xml:lang=\"IT-IT\" lang=\"IT-IT\" class=\"TextRun SCXW109366643 BCX0\"><span class=\"NormalTextRun SCXW109366643 BCX0\" data-ccp-parastyle=\"heading 4\">apre le porte<\/span><span class=\"NormalTextRun SCXW109366643 BCX0\" data-ccp-parastyle=\"heading 4\"> di <\/span><\/span><span data-contrast=\"none\" xml:lang=\"IT-IT\" lang=\"IT-IT\" class=\"TextRun SCXW109366643 BCX0\"><span class=\"NormalTextRun AdvancedProofingIssueV2Themed SCXW109366643 BCX0\" data-ccp-parastyle=\"heading 4\">10<\/span><span class=\"NormalTextRun SCXW109366643 BCX0\" data-ccp-parastyle=\"heading 4\"> <\/span><span class=\"NormalTextRun SCXW109366643 BCX0\" data-ccp-parastyle=\"heading 4\">luoghi<\/span><span class=\"NormalTextRun SCXW109366643 BCX0\" data-ccp-parastyle=\"heading 4\"> eccezionali<\/span><\/span><span data-contrast=\"none\" xml:lang=\"IT-IT\" lang=\"IT-IT\" class=\"TextRun SCXW109366643 BCX0\"><span class=\"NormalTextRun SCXW109366643 BCX0\" data-ccp-parastyle=\"heading 4\">\u202f<\/span><span class=\"NormalTextRun SCXW109366643 BCX0\" data-ccp-parastyle=\"heading 4\">in cui <\/span><span class=\"NormalTextRun SCXW109366643 BCX0\" data-ccp-parastyle=\"heading 4\">organizzare i<\/span><span class=\"NormalTextRun SCXW109366643 BCX0\" data-ccp-parastyle=\"heading 4\"> vostri<\/span><span class=\"NormalTextRun SCXW109366643 BCX0\" data-ccp-parastyle=\"heading 4\">\u202f<\/span><\/span><span data-contrast=\"none\" xml:lang=\"IT-IT\" lang=\"IT-IT\" class=\"TextRun SCXW109366643 BCX0\"><span class=\"NormalTextRun SCXW109366643 BCX0\" data-ccp-parastyle=\"heading 4\">seminari<\/span><\/span><span data-contrast=\"none\" xml:lang=\"IT-IT\" lang=\"IT-IT\" class=\"TextRun SCXW109366643 BCX0\"><span class=\"NormalTextRun SCXW109366643 BCX0\" data-ccp-parastyle=\"heading 4\">,<\/span><span class=\"NormalTextRun SCXW109366643 BCX0\" data-ccp-parastyle=\"heading 4\"> le<\/span><span class=\"NormalTextRun SCXW109366643 BCX0\" data-ccp-parastyle=\"heading 4\">\u202f<\/span><\/span><span data-contrast=\"none\" xml:lang=\"IT-IT\" lang=\"IT-IT\" class=\"TextRun SCXW109366643 BCX0\"><span class=\"NormalTextRun SCXW109366643 BCX0\" data-ccp-parastyle=\"heading 4\">riunioni<\/span><\/span><span data-contrast=\"none\" xml:lang=\"IT-IT\" lang=\"IT-IT\" class=\"TextRun SCXW109366643 BCX0\"><span class=\"NormalTextRun SCXW109366643 BCX0\" data-ccp-parastyle=\"heading 4\">\u202f<\/span><span class=\"NormalTextRun SCXW109366643 BCX0\" data-ccp-parastyle=\"heading 4\">o i<\/span><span class=\"NormalTextRun SCXW109366643 BCX0\" data-ccp-parastyle=\"heading 4\">\u202f<\/span><\/span><span data-contrast=\"none\" xml:lang=\"IT-IT\" lang=\"IT-IT\" class=\"TextRun SCXW109366643 BCX0\"><span class=\"NormalTextRun SCXW109366643 BCX0\" data-ccp-parastyle=\"heading 4\">convegni<\/span><\/span><span data-contrast=\"none\" xml:lang=\"IT-IT\" lang=\"IT-IT\" class=\"TextRun SCXW109366643 BCX0\"><span class=\"NormalTextRun SCXW109366643 BCX0\" data-ccp-parastyle=\"heading 4\">\u202fin <\/span><span class=\"NormalTextRun ContextualSpellingAndGrammarErrorV2Themed SCXW109366643 BCX0\" data-ccp-parastyle=\"heading 4\">un\u202f<\/span><\/span><span data-contrast=\"none\" xml:lang=\"IT-IT\" lang=\"IT-IT\" class=\"TextRun SCXW109366643 BCX0\"><span class=\"NormalTextRun ContextualSpellingAndGrammarErrorV2Themed SCXW109366643 BCX0\" data-ccp-parastyle=\"heading 4\">ambientazione<\/span><span class=\"NormalTextRun SCXW109366643 BCX0\" data-ccp-parastyle=\"heading 4\"> mozzafiato<\/span><\/span><span data-contrast=\"none\" xml:lang=\"IT-IT\" lang=\"IT-IT\" class=\"TextRun SCXW109366643 BCX0\"><span class=\"NormalTextRun SCXW109366643 BCX0\" data-ccp-parastyle=\"heading 4\">.<\/span><\/span><span class=\"EOP SCXW109366643 BCX0\" data-ccp-props=\"{&quot;134245418&quot;:true,&quot;134245529&quot;:true,&quot;201341983&quot;:0,&quot;335551550&quot;:6,&quot;335551620&quot;:6,&quot;335557856&quot;:16119028,&quot;335559738&quot;:165,&quot;335559739&quot;:165,&quot;335559740&quot;:259}\">\u00a0<\/span><\/p>\n<\/div>\n\t\t\t\t\t\t\t\t\t\t\t\t\t\t\t\t\t\t\t\t\t\t\t\t<p class=\"m-0\"><img decoding=\"async\" src=\"https:\/\/www.myallmeeting.com\/wp-content\/uploads\/2018\/10\/2167-38-633x398.jpg\" class=\"position-relative l-0\" width=\"633\" height=\"398\" alt=\"s\u00e9minaire original salle\" loading=\"lazy\" \/><\/p>\n\t\t\t\t\t\t\t\t\t\t\t<\/div>\n\t\t\t\t<\/div>\n\t\t\t<\/div>\n\t\t<\/div>\n\t<\/div>\n\t<div class=\"tcta2ia__bottom d-lg-none pb-12 py-lg-9 pe-lg-10\">\n\t\t\t\t<div class=\"h2 fs-20 fs-lg-32 fw-semibold\">Mercure Saint-Lary Sensoria<\/div>\n\t\t\t\t\t\t<div class=\"fs-wysiwyg\"><p style=\"text-align: center;\"><em><span data-contrast=\"none\" xml:lang=\"IT-IT\" lang=\"IT-IT\" class=\"TextRun SCXW201283674 BCX0\"><span class=\"NormalTextRun SCXW201283674 BCX0\" data-ccp-parastyle=\"heading 4\">Un villaggio dei Pirenei <\/span><span class=\"NormalTextRun SCXW201283674 BCX0\" data-ccp-parastyle=\"heading 4\">che si apre su<\/span><span class=\"NormalTextRun SCXW201283674 BCX0\" data-ccp-parastyle=\"heading 4\">l sud-ovest francese e <\/span><span class=\"NormalTextRun SCXW201283674 BCX0\" data-ccp-parastyle=\"heading 4\">verso la<\/span><span class=\"NormalTextRun SCXW201283674 BCX0\" data-ccp-parastyle=\"heading 4\"> Spagna<\/span><\/span><span class=\"EOP SCXW201283674 BCX0\" data-ccp-props=\"{&quot;134245418&quot;:true,&quot;134245529&quot;:true,&quot;201341983&quot;:0,&quot;335551550&quot;:2,&quot;335551620&quot;:2,&quot;335557856&quot;:16119028,&quot;335559738&quot;:165,&quot;335559739&quot;:165,&quot;335559740&quot;:259}\">\u00a0<\/span><\/em><\/p>\n<p aria-level=\"4\"><span data-contrast=\"none\">Nel\u202f<\/span><b><span data-contrast=\"none\">cuore dei Pirenei,<\/span><\/b><span data-contrast=\"none\">\u202fnon lontano da Lourdes e raggiungibile dalla stazione di Lannemezan e dagli aeroporti di Tarbes, Tolosa e Pau, Saint-Lary \u00e8 anche vicino alla Spagna, grazie al tunnel di Bielsa.<\/span><span data-ccp-props=\"{&quot;134245418&quot;:true,&quot;134245529&quot;:true,&quot;201341983&quot;:0,&quot;335551550&quot;:6,&quot;335551620&quot;:6,&quot;335557856&quot;:16119028,&quot;335559738&quot;:165,&quot;335559739&quot;:165,&quot;335559740&quot;:259}\">\u00a0<\/span><\/p>\n<p aria-level=\"4\"><span data-contrast=\"none\"><a href=\"https:\/\/myallmeeting.com\/it\/hotel\/2904-hotel-mercure-de-saint-lary\/\">Questo hotel<\/a> con\u202f<\/span><b><span data-contrast=\"none\">65 camere con balcone<\/span><\/b><span data-contrast=\"none\">\u202fpermette di organizzare\u202f<\/span><b><span data-contrast=\"none\">eventi professionali<\/span><\/b><span data-contrast=\"none\">\u202fin un ambiente eccezionale, di fronte ai maestosi\u202f<\/span><b><span data-contrast=\"none\">Massicci dei Pirenei<\/span><\/b><span data-contrast=\"none\">.\u202fLe sue\u202f<\/span><b><span data-contrast=\"none\">5 sale riunioni<\/span><\/b><span data-contrast=\"none\">, con una capacit\u00e0 che va <\/span><b><span data-contrast=\"none\">da 7 a 120 persone,<\/span><\/b><span data-contrast=\"none\">\u202fsono modulari e beneficiano di una\u202f<\/span><b><span data-contrast=\"none\">vista panoramica<\/span><\/b><span data-contrast=\"none\">\u202fsulle montagne. Un ambiente ideale per un <\/span><b><span data-contrast=\"none\">seminario originale firmato Accor<\/span><\/b><span data-contrast=\"none\">.<\/span><span data-ccp-props=\"{&quot;134245418&quot;:true,&quot;134245529&quot;:true,&quot;201341983&quot;:0,&quot;335551550&quot;:6,&quot;335551620&quot;:6,&quot;335557856&quot;:16119028,&quot;335559738&quot;:165,&quot;335559739&quot;:165,&quot;335559740&quot;:259}\">\u00a0<\/span><\/p>\n<p aria-level=\"4\"><span data-contrast=\"none\">Per migliorare l&#8217;esperienza professionale oltre gli orari di lavoro approfittando del <\/span><b><span data-contrast=\"none\">massimo\u202frelax<\/span><\/b><span data-contrast=\"none\">, l&#8217;hotel offre una\u202f<\/span><b><span data-contrast=\"none\">Zona termale e la Spa Nuxe<\/span><\/b><span data-contrast=\"none\">. All&#8217;esterno, un&#8217;ampia scelta di attivit\u00e0 sono a vostra disposizione: sci di fondo o sci alpino \u2013 l&#8217;hotel si trova a 50 metri dagli impianti di risalita pi\u00f9 vicini, da strutture per acquagym e fitness. Nelle vicinanze si trovano anche minigolf, rafting e persino una pista di pattinaggio!<\/span><span data-ccp-props=\"{&quot;134245418&quot;:true,&quot;134245529&quot;:true,&quot;201341983&quot;:0,&quot;335551550&quot;:6,&quot;335551620&quot;:6,&quot;335557856&quot;:16119028,&quot;335559738&quot;:165,&quot;335559739&quot;:165,&quot;335559740&quot;:259}\">\u00a0<\/span><b><\/b><span style=\"font-weight: 400;\"><\/span><\/p>\n<\/div>\n\t\t\t\t<div class=\"d-flex flex-column flex-lg-row align-items-center gap-5 gap-lg-8 justify-content-between\">\n\t\t\t<div class=\"fs-20 fs-lg-26 fw-semibold lh-xs\"><\/div>\n\t\t\t\t\t<\/div>\n\t<\/div>\n<\/div>\n<!-- END OF : Composant : block-periscope-theme-section-composant-25-texte-cta-2-images.php -->\n\n\n<!-- START OF : Composant : block-periscope-theme-section-composant-33-texte-image.php -->\n<div class=\"text-image fs-wysiwyg mb-8 mb-lg-12\" data-component=\"33-texte-image\">\n\t<div class=\"container-fluid\" style=\"--bs-gutter-x: 0\">\n\t\t<div class=\"row\" style=\"--bs-gutter-x: 0\">\n\t\t\t\t\t\t<div class=\"col-lg-6 mb-7 mb-lg-0\">\n\t\t\t\t<img decoding=\"async\" src=\"https:\/\/www.myallmeeting.com\/wp-content\/uploads\/2018\/10\/Mercure-Loudenvielle-Pyrenees-Peyragudes-4-953x600.jpg\" width=\"953\" height=\"600\" alt=\"s\u00e9minaire original\" loading=\"lazy\" class=\"w-100\" \/>\n\t\t\t<\/div>\n\t\t\t\t\t\t<div class=\"col-lg-6\">\n\t\t\t\t<div class=\"text-image__content\">\n\t\t\t\t\t\t\t\t\t\t<div class=\"fw-semibold lh-xs fs-20 fs-lg-32 ls--25 mb-5\">Mercure Peyragudes Loudenvielle Pyr\u00e9n\u00e9es <\/div>\n\t\t\t\t\t\t\t\t\t\t\t\t\t\t\t<div class=\"fs-wysiwyg\">\n\t\t\t\t\t\t<p style=\"text-align: center;\"><em><span data-contrast=\"none\" xml:lang=\"IT-IT\" lang=\"IT-IT\" class=\"TextRun SCXW157890114 BCX0\"><span class=\"NormalTextRun SCXW157890114 BCX0\" data-ccp-parastyle=\"heading 4\">Il fascino dei laghi e delle montagne dei Pirenei<\/span><\/span><span class=\"EOP SCXW157890114 BCX0\" data-ccp-props=\"{&quot;134245418&quot;:true,&quot;134245529&quot;:true,&quot;201341983&quot;:0,&quot;335551550&quot;:2,&quot;335551620&quot;:2,&quot;335557856&quot;:16119028,&quot;335559738&quot;:165,&quot;335559739&quot;:165,&quot;335559740&quot;:259}\">\u00a0<\/span><\/em><\/p>\n<p aria-level=\"4\"><span data-contrast=\"none\">Il grazioso villaggio di Loudenvielle \u00e8 appollaiato a 900m di altitudine, nel cuore della valle del Louron. Lo raggiungerete tramite gli aeroporti di Pau (1 ora) o Tolosa (1 ora e 30 minuti).<\/span><span data-ccp-props=\"{&quot;134245418&quot;:true,&quot;134245529&quot;:true,&quot;201341983&quot;:0,&quot;335551550&quot;:6,&quot;335551620&quot;:6,&quot;335557856&quot;:16119028,&quot;335559738&quot;:165,&quot;335559739&quot;:165,&quot;335559740&quot;:259}\">\u00a0<\/span><\/p>\n<p aria-level=\"4\"><span data-contrast=\"none\">Al centro, <a href=\"https:\/\/myallmeeting.com\/it\/hotel\/b803-mercure-peyragudes-loudenvielle-pyrenees\/\">l&#8217;hotel\u202f <\/a>da <\/span><b><span data-contrast=\"none\">62 camere<\/span><\/b><span data-contrast=\"none\">\u202fsi trova in un bellissimo edificio, un mix di pietre locali, legno e ardesia, nello spirito <\/span><b><span data-contrast=\"none\">degli chalet classici dei Pirenei.<\/span><\/b><span data-contrast=\"none\">\u202f\u00c8 il luogo ideale per un\u202f<\/span><b><span data-contrast=\"none\">seminario originale con residenze,<\/span><\/b><span data-contrast=\"none\">\u202fgrazie alle\u202f<\/span><b><span data-contrast=\"none\">4 sale riunioni<\/span><\/b><span data-contrast=\"none\">\u202fpu\u00f2 ospitare\u202f<\/span><b><span data-contrast=\"none\">fino a 85 partecipanti<\/span><\/b><span data-contrast=\"none\">\u202fe il centro congressi\u202f<\/span><b><span data-contrast=\"none\">Valgor\u00e0<\/span><\/b><span data-contrast=\"none\">\u202fnelle vicinanze, pu\u00f2 ospitare fino a 500 persone.<\/span><span data-ccp-props=\"{&quot;134245418&quot;:true,&quot;134245529&quot;:true,&quot;201341983&quot;:0,&quot;335551550&quot;:6,&quot;335551620&quot;:6,&quot;335557856&quot;:16119028,&quot;335559738&quot;:165,&quot;335559739&quot;:165,&quot;335559740&quot;:259}\">\u00a0<\/span><\/p>\n<p aria-level=\"4\"><span data-contrast=\"none\">Le\u202f<\/span><b><span data-contrast=\"none\">Terme Nux\u00e9<\/span><\/b><span data-contrast=\"none\">\u202fdell&#8217;hotel o\u202f<\/span><b><span data-contrast=\"none\">l&#8217;area Baln\u00e9o (sauna, idromassaggio con schiuma)<\/span><\/b><span data-contrast=\"none\">\u202foffrir\u00e0 benessere e relax ai vostri team, soprattutto dopo che sono scesi dalle piste della <\/span><b><span data-contrast=\"none\">stazione di Peyragudes,<\/span><\/b><span data-contrast=\"none\">\u202fraggiungibile con la cabinovia Skyvall, di fronte all&#8217;hotel.<\/span><span data-ccp-props=\"{&quot;134245418&quot;:true,&quot;134245529&quot;:true,&quot;201341983&quot;:0,&quot;335551550&quot;:6,&quot;335551620&quot;:6,&quot;335557856&quot;:16119028,&quot;335559738&quot;:165,&quot;335559739&quot;:165,&quot;335559740&quot;:259}\">\u00a0<\/span><\/p>\n\t\t\t\t\t<\/div>\n\t\t\t\t\t\t\t\t\t<\/div>\n\t\t\t<\/div>        \n\t\t<\/div>\n\t<\/div>\n<\/div>\n<!-- END OF : Composant : block-periscope-theme-section-composant-33-texte-image.php -->\n\n\n<!-- START OF : Composant : block-periscope-theme-section-composant-33-texte-image.php -->\n<!-- INVERSE -->\n<div class=\"text-image fs-wysiwyg mb-8 mb-lg-12\" data-component=\"33-texte-image\" data-reverse=\"oui\">\n\t<div class=\"container-fluid\" style=\"--bs-gutter-x: 0\">\n\t\t<div class=\"row\" style=\"--bs-gutter-x: 0\">\n\t\t\t<div class=\"col-lg-6\">\n\t\t\t\t<div class=\"text-image__content\">\n\t\t\t\t\t\t\t\t\t\t<div class=\"fw-semibold lh-xs fs-20 fs-lg-32 ls--25 mb-5\">Novotel Meg\u00e8ve Mont-Blanc <\/div>\n\t\t\t\t\t\t\t\t\t\t\t\t\t\t\t<div class=\"fs-wysiwyg\">\n\t\t\t\t\t\t<p style=\"text-align: center;\"><em><span class=\"NormalTextRun SCXW81806637 BCX0\" data-ccp-parastyle=\"heading 4\">Assaporate la grandiosa cornice della <\/span><span class=\"NormalTextRun SpellingErrorV2Themed SCXW81806637 BCX0\" data-ccp-parastyle=\"heading 4\">Mer<\/span><span class=\"NormalTextRun SCXW81806637 BCX0\" data-ccp-parastyle=\"heading 4\"> de <\/span><span class=\"NormalTextRun SpellingErrorV2Themed SCXW81806637 BCX0\" data-ccp-parastyle=\"heading 4\">Glace<\/span><span class=\"NormalTextRun SCXW81806637 BCX0\" data-ccp-parastyle=\"heading 4\"> e dell&#8217;Aiguille <\/span><span class=\"NormalTextRun SpellingErrorV2Themed SCXW81806637 BCX0\" data-ccp-parastyle=\"heading 4\">du<\/span><span class=\"NormalTextRun SCXW81806637 BCX0\" data-ccp-parastyle=\"heading 4\"> Midi<\/span><\/em><\/p>\n<p data-ccp-border-between=\"0px none #000000\" data-ccp-padding-between=\"0px\"><span data-contrast=\"none\">Carino\u202f<\/span><a href=\"https:\/\/myallmeeting.com\/it\/hotel\/b5i0-novotel-megeve-mont-blanc\/\"><b><span data-contrast=\"none\">chalet<\/span><\/b><\/a><span data-contrast=\"none\">\u202fnel cuore dell&#8217;elegante Meg\u00e8ve, una delle localit\u00e0 pi\u00f9 prestigiose <\/span><b><span data-contrast=\"none\">dell&#8217;Alta Savoia,<\/span><\/b><span data-contrast=\"none\">\u202fai piedi del\u202f<\/span><b><span data-contrast=\"none\">Monte Bianco<\/span><\/b><span data-contrast=\"none\">, l&#8217;albergo con le sue\u202f<\/span><b><span data-contrast=\"none\">92 camere<\/span><\/b><span data-contrast=\"none\">, \u00e8 accessibile tramite gli aeroporti di Ginevra e Lione-Saint-Exup\u00e9ry o la stazione ferroviaria di Sallanches.<\/span><span data-ccp-props=\"{&quot;201341983&quot;:0,&quot;335557856&quot;:16119028,&quot;335559739&quot;:165,&quot;335559740&quot;:240,&quot;335572071&quot;:0,&quot;335572072&quot;:0,&quot;335572073&quot;:0,&quot;335572075&quot;:0,&quot;335572076&quot;:0,&quot;335572077&quot;:0,&quot;335572079&quot;:0,&quot;335572080&quot;:0,&quot;335572081&quot;:0,&quot;335572083&quot;:0,&quot;335572084&quot;:0,&quot;335572085&quot;:0,&quot;335572087&quot;:0,&quot;335572088&quot;:0,&quot;335572089&quot;:0,&quot;469789798&quot;:&quot;nil&quot;,&quot;469789802&quot;:&quot;nil&quot;,&quot;469789806&quot;:&quot;nil&quot;,&quot;469789810&quot;:&quot;nil&quot;,&quot;469789814&quot;:&quot;nil&quot;}\">\u00a0<\/span><\/p>\n<p aria-level=\"4\"><span data-contrast=\"none\">Le sue <\/span><b><span data-contrast=\"none\">4 sale riunioni<\/span><\/b><span data-contrast=\"none\">, di cui la pi\u00f9 grande \u00e8 di\u202f<\/span><b><span data-contrast=\"none\">200 mq<\/span><\/b><span data-contrast=\"none\">, beneficiano della luce naturale e dell&#8217;accesso ad una bellissima terrazza, da cui si pu\u00f2 contemplare il magnifico circondario.<\/span><span data-ccp-props=\"{&quot;134245418&quot;:true,&quot;134245529&quot;:true,&quot;201341983&quot;:0,&quot;335551550&quot;:6,&quot;335551620&quot;:6,&quot;335557856&quot;:16119028,&quot;335559738&quot;:165,&quot;335559739&quot;:165,&quot;335559740&quot;:259}\">\u00a0<\/span><\/p>\n<p aria-level=\"4\"><span data-contrast=\"none\">Tra due sessioni di lavoro,\u202fla <\/span><b><span data-contrast=\"none\">navetta<\/span><\/b><span data-contrast=\"none\">, gratuita per gli ospiti dell&#8217;hotel, ti porta in meno di 3 minuti a divertirti\u202f<\/span><b><span data-contrast=\"none\">dal comprensorio sciistico (400km di piste!)<\/span><\/b><span data-contrast=\"none\">. E per riprendersi da giornate cos\u00ec impegnative, potrete andare\u202f<\/span><b><span data-contrast=\"none\">al Palais Meg\u00e8ve (ingresso gratuito per gli ospiti dell&#8217;hotel)<\/span><\/b><span data-contrast=\"none\">, molto vicino, dove vi aspettano <\/span><b><span data-contrast=\"none\">balneoterapia, sauna, hammam, fitness<\/span><\/b><span data-contrast=\"none\">\u2026e altri momenti di benessere.<\/span><span data-ccp-props=\"{&quot;134245418&quot;:true,&quot;134245529&quot;:true,&quot;201341983&quot;:0,&quot;335551550&quot;:6,&quot;335551620&quot;:6,&quot;335557856&quot;:16119028,&quot;335559738&quot;:165,&quot;335559739&quot;:165,&quot;335559740&quot;:259}\">\u00a0<\/span><\/p>\n\t\t\t\t\t<\/div>\n\t\t\t\t\t\t\t\t\t<\/div>\n\t\t\t<\/div>    \n\t\t\t    \n\t\t\t<div class=\"col-lg-6 order-first order-lg-last mb-7 mb-lg-0\">\n\t\t\t\t<img decoding=\"async\" src=\"https:\/\/www.myallmeeting.com\/wp-content\/uploads\/2018\/10\/Novotel-Megeve-Mont-Blanc-2-953x600.jpg\" width=\"953\" height=\"600\" alt=\"s\u00e9minaire original\" loading=\"lazy\" class=\"w-100\" \/>\n\t\t\t<\/div>\n\t\t\t\t\t<\/div>\n\t<\/div>\n<\/div>\n<!-- END OF : Composant : block-periscope-theme-section-composant-33-texte-image.php -->\n\n\n<!-- START OF : Composant : block-periscope-theme-section-composant-33-texte-image.php -->\n<div class=\"text-image fs-wysiwyg mb-8 mb-lg-12\" data-component=\"33-texte-image\">\n\t<div class=\"container-fluid\" style=\"--bs-gutter-x: 0\">\n\t\t<div class=\"row\" style=\"--bs-gutter-x: 0\">\n\t\t\t\t\t\t<div class=\"col-lg-6 mb-7 mb-lg-0\">\n\t\t\t\t<img decoding=\"async\" src=\"https:\/\/www.myallmeeting.com\/wp-content\/uploads\/2018\/10\/Ibis-Styles-Les-Houches-Chamonix-1-953x600.jpg\" width=\"953\" height=\"600\" alt=\"s\u00e9minaire original\" loading=\"lazy\" class=\"w-100\" \/>\n\t\t\t<\/div>\n\t\t\t\t\t\t<div class=\"col-lg-6\">\n\t\t\t\t<div class=\"text-image__content\">\n\t\t\t\t\t\t\t\t\t\t<div class=\"fw-semibold lh-xs fs-20 fs-lg-32 ls--25 mb-5\">Ibis styles Les Houches Chamonix<\/div>\n\t\t\t\t\t\t\t\t\t\t\t\t\t\t\t<div class=\"fs-wysiwyg\">\n\t\t\t\t\t\t<p style=\"text-align: center;\"><em><span data-contrast=\"none\" xml:lang=\"IT-IT\" lang=\"IT-IT\" class=\"TextRun SCXW28345176 BCX0\"><span class=\"NormalTextRun SCXW28345176 BCX0\" data-ccp-parastyle=\"heading 4\">Convivialit\u00e0 nel cuore della valle del Monte Bianco<\/span><\/span><\/em><\/p>\n<p aria-level=\"4\"><span data-contrast=\"none\">Vicino a\u202f<\/span><b><span data-contrast=\"none\">Chamonix<\/span><\/b><span data-contrast=\"none\">\u202fe di\u202f<\/span><b><span data-contrast=\"none\">l&#8217;Aiguille du Midi<\/span><\/b><span data-contrast=\"none\">, puoi andare in questo hotel da\u202f<\/span><b><span data-contrast=\"none\">48 camere<\/span><\/b><span data-contrast=\"none\">\u202ftramite l&#8217;aeroporto di Ginevra o la stazione Saint-Gervais-les-Bains \u2013 Le Fayet.<\/span><span data-ccp-props=\"{&quot;134245418&quot;:true,&quot;134245529&quot;:true,&quot;201341983&quot;:0,&quot;335551550&quot;:6,&quot;335551620&quot;:6,&quot;335557856&quot;:16119028,&quot;335559738&quot;:165,&quot;335559739&quot;:165,&quot;335559740&quot;:259}\">\u00a0<\/span><\/p>\n<p aria-level=\"4\"><span data-contrast=\"none\">Con un arredamento accogliente e di design, <a href=\"https:\/\/myallmeeting.com\/it\/hotel\/b9p8-ibis-styles-les-houches-chamonix\/\">l&#8217;hotel<\/a> offre 1<\/span><b><span data-contrast=\"none\">\u202fSala riunioni di 40 mq<\/span><\/b><span data-contrast=\"none\">\u202fper seminari o team building in piccoli gruppi, con un budget economico.<\/span><span data-ccp-props=\"{&quot;134245418&quot;:true,&quot;134245529&quot;:true,&quot;201341983&quot;:0,&quot;335551550&quot;:6,&quot;335551620&quot;:6,&quot;335557856&quot;:16119028,&quot;335559738&quot;:165,&quot;335559739&quot;:165,&quot;335559740&quot;:259}\">\u00a0<\/span><\/p>\n<p aria-level=\"4\"><span data-contrast=\"none\">Senza dimenticare il fascino di una boccata d&#8217;aria fresca con tutte le possibilit\u00e0 che offrono i dintorni: sciare in inverno, grazie alla vicinanza della\u202f<\/span><b><span data-contrast=\"none\">Funivia del Bellevue (300 m)<\/span><\/b><span data-contrast=\"none\">\u202fper raggiungere le piste di Les Houches e, in estate, le numerose attrazioni della montagna, come l&#8217;escursionismo, il rafting&#8230; o anche\u202f<\/span><b><span data-contrast=\"none\">il tram del Monte Bianco<\/span><\/b><span data-contrast=\"none\">, questo trenino a cremagliera, il pi\u00f9 alto di Francia, che collega Saint-Gervais al ghiacciaio di Bionnassay: un viaggio in uno scenario mozzafiato.<\/span><span data-ccp-props=\"{&quot;134245418&quot;:true,&quot;134245529&quot;:true,&quot;201341983&quot;:0,&quot;335551550&quot;:6,&quot;335551620&quot;:6,&quot;335557856&quot;:16119028,&quot;335559738&quot;:165,&quot;335559739&quot;:165,&quot;335559740&quot;:259}\">\u00a0<\/span><\/p>\n\t\t\t\t\t<\/div>\n\t\t\t\t\t\t\t\t\t<\/div>\n\t\t\t<\/div>        \n\t\t<\/div>\n\t<\/div>\n<\/div>\n<!-- END OF : Composant : block-periscope-theme-section-composant-33-texte-image.php -->\n\n\n<!-- START OF : Composant : block-periscope-theme-section-composant-33-texte-image.php -->\n<!-- INVERSE -->\n<div class=\"text-image fs-wysiwyg mb-8 mb-lg-12\" data-component=\"33-texte-image\" data-reverse=\"oui\">\n\t<div class=\"container-fluid\" style=\"--bs-gutter-x: 0\">\n\t\t<div class=\"row\" style=\"--bs-gutter-x: 0\">\n\t\t\t<div class=\"col-lg-6\">\n\t\t\t\t<div class=\"text-image__content\">\n\t\t\t\t\t\t\t\t\t\t<div class=\"fw-semibold lh-xs fs-20 fs-lg-32 ls--25 mb-5\">Le Saint-Gervais H\u00f4tel &amp; Spa \u2013 Handwritten Collection <\/div>\n\t\t\t\t\t\t\t\t\t\t\t\t\t\t\t<div class=\"fs-wysiwyg\">\n\t\t\t\t\t\t<p style=\"text-align: center;\"><em><span data-contrast=\"none\" xml:lang=\"IT-IT\" lang=\"IT-IT\" class=\"TextRun SCXW172959820 BCX0\"><span class=\"NormalTextRun SCXW172959820 BCX0\" data-ccp-parastyle=\"heading 4\">Eleganza ai piedi del Monte Bianco<\/span><\/span><\/em><\/p>\n<p aria-level=\"4\"><span data-contrast=\"none\">A Saint-Gervais-les-Bains,\u202fun <\/span><b><span data-contrast=\"none\">villaggio termale,<\/span><\/b><span data-contrast=\"none\">\u202favete un appuntamento con il<\/span><b><span data-contrast=\"none\"> Monte Bianco<\/span><\/b><span data-contrast=\"none\">,<\/span><b><span data-contrast=\"none\">\u202fla montagna pi\u00f9 alta d&#8217;Europa<\/span><\/b><span data-contrast=\"none\">, dopo essere arrivati in treno alla stazione di Saint-Gervais-les-Bains \u2013 Le Fayet o tramite l&#8217;aeroporto di Ginevra (1 ora).<\/span><span data-ccp-props=\"{&quot;134245418&quot;:true,&quot;134245529&quot;:true,&quot;201341983&quot;:0,&quot;335551550&quot;:6,&quot;335551620&quot;:6,&quot;335557856&quot;:16119028,&quot;335559738&quot;:165,&quot;335559739&quot;:165,&quot;335559740&quot;:259}\">\u00a0<\/span><\/p>\n<p aria-level=\"4\"><span data-contrast=\"none\">L\u00ec, nella sua cornice di inizio Novecento, vi aspetta <a href=\"https:\/\/myallmeeting.com\/it\/hotel\/b9f3-le-saint-gervais-hotel-spa\/\">il primo hotel della catena Handwrtitten<\/a>. Questo hotel da\u202f<\/span><b><span data-contrast=\"none\">75 camere e suite<\/span><\/b><span data-contrast=\"none\">, con balconi, emana una personalit\u00e0 unica. VI sono <\/span><b><span data-contrast=\"none\">2 piscine (interna ed esterna)<\/span><\/b><span data-contrast=\"none\">\u202fe una\u202f<\/span><b><span data-contrast=\"none\">zona benessere<\/span><\/b><span data-contrast=\"none\">\u202f(sauna, vasca idromassaggio). Il tuo seminario pu\u00f2 svolgersi grazie\u202f<\/span><b><span data-contrast=\"none\">nelle 5 sale riunioni<\/span><\/b><span data-contrast=\"none\">, modulari, in grado di ospitare\u202f<\/span><b><span data-contrast=\"none\">fino a 110 persone.<\/span><\/b><span data-ccp-props=\"{&quot;134245418&quot;:true,&quot;134245529&quot;:true,&quot;201341983&quot;:0,&quot;335551550&quot;:6,&quot;335551620&quot;:6,&quot;335557856&quot;:16119028,&quot;335559738&quot;:165,&quot;335559739&quot;:165,&quot;335559740&quot;:259}\">\u00a0<\/span><\/p>\n<p aria-level=\"4\"><span data-contrast=\"none\">Sia d&#8217;estate che d&#8217;inverno, il luogo \u00e8 ricco di attivit\u00e0, tra escursioni (con gli sci o a piedi!) e qualsiasi sport praticato <\/span><i><span data-contrast=\"none\">all&#8217;aperto<\/span><\/i><span data-contrast=\"none\">, incluso un giro con i cani da slitta&#8230;\u202f<\/span><b><span data-contrast=\"none\">Il tutto in una cornice eccezionale!<\/span><\/b><span data-ccp-props=\"{&quot;134245418&quot;:true,&quot;134245529&quot;:true,&quot;201341983&quot;:0,&quot;335551550&quot;:6,&quot;335551620&quot;:6,&quot;335557856&quot;:16119028,&quot;335559738&quot;:165,&quot;335559739&quot;:165,&quot;335559740&quot;:259}\">\u00a0<\/span><\/p>\n\t\t\t\t\t<\/div>\n\t\t\t\t\t\t\t\t\t<\/div>\n\t\t\t<\/div>    \n\t\t\t    \n\t\t\t<div class=\"col-lg-6 order-first order-lg-last mb-7 mb-lg-0\">\n\t\t\t\t<img decoding=\"async\" src=\"https:\/\/www.myallmeeting.com\/wp-content\/uploads\/2018\/10\/Saint-Gervais-Hotel-Spa-Handwritten-Collection-3-953x600.jpg\" width=\"953\" height=\"600\" alt=\"s\u00e9minaire original\" loading=\"lazy\" class=\"w-100\" \/>\n\t\t\t<\/div>\n\t\t\t\t\t<\/div>\n\t<\/div>\n<\/div>\n<!-- END OF : Composant : block-periscope-theme-section-composant-33-texte-image.php -->\n\n\n<!-- START OF : Composant : block-periscope-theme-section-composant-33-texte-image.php -->\n<div class=\"text-image fs-wysiwyg mb-8 mb-lg-12\" data-component=\"33-texte-image\">\n\t<div class=\"container-fluid\" style=\"--bs-gutter-x: 0\">\n\t\t<div class=\"row\" style=\"--bs-gutter-x: 0\">\n\t\t\t\t\t\t<div class=\"col-lg-6 mb-7 mb-lg-0\">\n\t\t\t\t<img decoding=\"async\" src=\"https:\/\/www.myallmeeting.com\/wp-content\/uploads\/2018\/10\/6641-08-953x600.jpg\" width=\"953\" height=\"600\" alt=\"s\u00e9minaire original\" loading=\"lazy\" class=\"w-100\" \/>\n\t\t\t<\/div>\n\t\t\t\t\t\t<div class=\"col-lg-6\">\n\t\t\t\t<div class=\"text-image__content\">\n\t\t\t\t\t\t\t\t\t\t<div class=\"fw-semibold lh-xs fs-20 fs-lg-32 ls--25 mb-5\">Ibis Styles Albertville<\/div>\n\t\t\t\t\t\t\t\t\t\t\t\t\t\t\t<div class=\"fs-wysiwyg\">\n\t\t\t\t\t\t<p style=\"text-align: center;\"><em><span data-contrast=\"none\" xml:lang=\"IT-IT\" lang=\"IT-IT\" class=\"TextRun SCXW219220340 BCX0\"><span class=\"NormalTextRun SCXW219220340 BCX0\" data-ccp-parastyle=\"heading 4\">All&#8217;incrocio di due valli delle Alpi<\/span><\/span><\/em><\/p>\n<p aria-level=\"4\"><span data-contrast=\"none\"><a href=\"https:\/\/myallmeeting.com\/it\/hotel\/b808-ibis-styles-albertville-opening-july-2021\/\">Questo hotel\u202f<\/a>con <\/span><b><span data-contrast=\"none\">68 camere<\/span><\/b><b><i><span data-contrast=\"none\">\u202f<\/span><\/i><\/b><span data-contrast=\"none\">\u00e8 all\u2019incrocio\u202f<\/span><b><span data-contrast=\"none\">delle valli Tarentaise e Beaufortain<\/span><\/b><b><i><span data-contrast=\"none\">, <\/span><\/i><\/b><span data-contrast=\"none\">a meno di 2 km dalla stazione di Albertville e vicino al punto di inizio di\u202f<\/span><b><span data-contrast=\"none\">numerose localit\u00e0 alpine<\/span><\/b><i><span data-contrast=\"none\">.<\/span><\/i><span data-ccp-props=\"{&quot;134245418&quot;:true,&quot;134245529&quot;:true,&quot;201341983&quot;:0,&quot;335551550&quot;:6,&quot;335551620&quot;:6,&quot;335557856&quot;:16119028,&quot;335559738&quot;:165,&quot;335559739&quot;:165,&quot;335559740&quot;:259}\">\u00a0<\/span><\/p>\n<p aria-level=\"4\"><i><span data-contrast=\"none\">Una <\/span><\/i><b><span data-contrast=\"none\">Sala riunioni di 47 mq<\/span><\/b><i><span data-contrast=\"none\">,<\/span><\/i><span data-contrast=\"none\">\u202fche pu\u00f2 ospitare fino a 20 persone, perfettamente attrezzato, stimoler\u00e0 i momenti di studio dei vostri team.<\/span><span data-ccp-props=\"{&quot;134245418&quot;:true,&quot;134245529&quot;:true,&quot;201341983&quot;:0,&quot;335551550&quot;:6,&quot;335551620&quot;:6,&quot;335557856&quot;:16119028,&quot;335559738&quot;:165,&quot;335559739&quot;:165,&quot;335559740&quot;:259}\">\u00a0<\/span><\/p>\n<p aria-level=\"4\"><span data-contrast=\"none\">Per il relax, potrete godervi le attivit\u00e0 culturali previste nella<\/span><b><span data-contrast=\"none\"> Sala Olimpica di Albertville<\/span><\/b><b><i><span data-contrast=\"none\">, <\/span><\/i><\/b><span data-contrast=\"none\">nelle vicinanze, potrete organizzare una degustazione di\u202f<\/span><b><span data-contrast=\"none\">Beaufort<\/span><\/b><b><i><span data-contrast=\"none\">, <\/span><\/i><\/b><span data-contrast=\"none\">il delizioso<\/span><b><i><span data-contrast=\"none\">\u202f<\/span><\/i><\/b><b><span data-contrast=\"none\">formaggio locale<\/span><\/b><b><i><span data-contrast=\"none\">, <\/span><\/i><\/b><span data-contrast=\"none\">oppure esplorare le numerose attivit\u00e0 offerte dalle montagne circostanti. Sci (in tutte le sue forme!)? Piste di pattinaggio? Passeggiate? Visitare\u202f<\/span><b><span data-contrast=\"none\">la citt\u00e0 medievale di Conflans<\/span><\/b><span data-contrast=\"none\">\u202f?<\/span> <span data-contrast=\"none\">Avete solo l\u2019imbarazzo della scelta\u2026<\/span><span data-ccp-props=\"{&quot;134245418&quot;:true,&quot;134245529&quot;:true,&quot;201341983&quot;:0,&quot;335551550&quot;:6,&quot;335551620&quot;:6,&quot;335557856&quot;:16119028,&quot;335559738&quot;:165,&quot;335559739&quot;:165,&quot;335559740&quot;:259}\">\u00a0<\/span><\/p>\n\t\t\t\t\t<\/div>\n\t\t\t\t\t\t\t\t\t<\/div>\n\t\t\t<\/div>        \n\t\t<\/div>\n\t<\/div>\n<\/div>\n<!-- END OF : Composant : block-periscope-theme-section-composant-33-texte-image.php -->\n\n\n<!-- START OF : Composant : block-periscope-theme-section-composant-33-texte-image.php -->\n<!-- INVERSE -->\n<div class=\"text-image fs-wysiwyg mb-8 mb-lg-12\" data-component=\"33-texte-image\" data-reverse=\"oui\">\n\t<div class=\"container-fluid\" style=\"--bs-gutter-x: 0\">\n\t\t<div class=\"row\" style=\"--bs-gutter-x: 0\">\n\t\t\t<div class=\"col-lg-6\">\n\t\t\t\t<div class=\"text-image__content\">\n\t\t\t\t\t\t\t\t\t\t<div class=\"fw-semibold lh-xs fs-20 fs-lg-32 ls--25 mb-5\">Mercure Domaine de Marlioz-Aix-les-Bains &#8211; hotel e spa<\/div>\n\t\t\t\t\t\t\t\t\t\t\t\t\t\t\t<div class=\"fs-wysiwyg\">\n\t\t\t\t\t\t<p style=\"text-align: center;\"><em><span data-contrast=\"none\" xml:lang=\"IT-IT\" lang=\"IT-IT\" class=\"TextRun SCXW68655811 BCX0\"><span class=\"NormalTextRun SCXW68655811 BCX0\">Tra cultura e natura\u00a0<\/span><\/span><span class=\"EOP SCXW68655811 BCX0\" data-ccp-props=\"{&quot;201341983&quot;:0,&quot;335551550&quot;:2,&quot;335551620&quot;:2,&quot;335559739&quot;:160,&quot;335559740&quot;:259}\">\u00a0<\/span><\/em><\/p>\n<p data-ccp-border-bottom=\"0px none #000000\" data-ccp-padding-bottom=\"0px\" data-ccp-border-between=\"0px none #000000\" data-ccp-padding-between=\"0px\" aria-level=\"4\"><span data-contrast=\"none\">Tra lago, verde e montagne, <\/span><b><span data-contrast=\"none\">cosa c&#8217;\u00e8 di meglio della natura per animare e stimolare un pozzo di idee<\/span><\/b><span data-contrast=\"none\"> ?\u00a0 <a href=\"https:\/\/myallmeeting.com\/it\/hotel\/2945-mercure-aix-les-bains-domaine-de-marlioz-hotel-spa\/\">Questa struttura<\/a> offre un ambiente superbo, ideale per i vostri eventi professionali come i seminari.\u00a0 Ci sono <\/span><b><span data-contrast=\"none\">a tua disposizione ben 15 lounge di varie dimensioni<\/span><\/b><span data-contrast=\"none\">. Da uno spazio di 330mq che pu\u00f2 ospitare fino a 320 persone (adattabili in 6 sale da 32mq a 65mq) ad altri pi\u00f9 piccoli (per 16, 20 o 25 dipendenti), <\/span><b><span data-contrast=\"none\">troverai una camera adatta alle tue esigenze<\/span><\/b><span data-contrast=\"none\">.\u00a0<\/span><span data-ccp-props=\"{&quot;134245418&quot;:true,&quot;134245529&quot;:true,&quot;201341983&quot;:0,&quot;335551550&quot;:6,&quot;335551620&quot;:6,&quot;335557856&quot;:16119028,&quot;335559738&quot;:165,&quot;335559739&quot;:165,&quot;335559740&quot;:259,&quot;335572071&quot;:0,&quot;335572072&quot;:0,&quot;335572073&quot;:0,&quot;335572075&quot;:0,&quot;335572076&quot;:0,&quot;335572077&quot;:0,&quot;335572079&quot;:0,&quot;335572080&quot;:0,&quot;335572081&quot;:0,&quot;335572083&quot;:0,&quot;335572084&quot;:0,&quot;335572085&quot;:0,&quot;335572087&quot;:0,&quot;335572088&quot;:0,&quot;335572089&quot;:0,&quot;469789798&quot;:&quot;nil&quot;,&quot;469789802&quot;:&quot;nil&quot;,&quot;469789806&quot;:&quot;nil&quot;,&quot;469789810&quot;:&quot;nil&quot;,&quot;469789814&quot;:&quot;nil&quot;}\">\u00a0<\/span><\/p>\n<p data-ccp-border-between=\"0px none #000000\" data-ccp-padding-between=\"0px\" aria-level=\"4\"><b><span data-contrast=\"none\">Questo hotel e spa \u00e8 anche il luogo perfetto per un soggiorno rigenerante e rilassante<\/span><\/b><span data-contrast=\"none\">. Sono a vostra disposizione attivit\u00e0 turistiche, culturali (l&#8217;Abbazia di Hautecombe, il casin\u00f2 di Aix-les-Bains, ecc.) e sportive (il grande parco dell&#8217;hotel, le attivit\u00e0 nautiche del Lago del Bourget, le stazioni sciistiche del Grand Revard, ecc.) per tutto l&#8217;anno.<\/span><span data-ccp-props=\"{&quot;134245418&quot;:true,&quot;134245529&quot;:true,&quot;201341983&quot;:0,&quot;335551550&quot;:6,&quot;335551620&quot;:6,&quot;335557856&quot;:16119028,&quot;335559738&quot;:165,&quot;335559739&quot;:165,&quot;335559740&quot;:259,&quot;335572071&quot;:0,&quot;335572072&quot;:0,&quot;335572073&quot;:0,&quot;335572075&quot;:0,&quot;335572076&quot;:0,&quot;335572077&quot;:0,&quot;335572079&quot;:0,&quot;335572080&quot;:0,&quot;335572081&quot;:0,&quot;335572083&quot;:0,&quot;335572084&quot;:0,&quot;335572085&quot;:0,&quot;335572087&quot;:0,&quot;335572088&quot;:0,&quot;335572089&quot;:0,&quot;469789798&quot;:&quot;nil&quot;,&quot;469789802&quot;:&quot;nil&quot;,&quot;469789806&quot;:&quot;nil&quot;,&quot;469789810&quot;:&quot;nil&quot;,&quot;469789814&quot;:&quot;nil&quot;}\">\u00a0<\/span><\/p>\n\t\t\t\t\t<\/div>\n\t\t\t\t\t\t\t\t\t<\/div>\n\t\t\t<\/div>    \n\t\t\t    \n\t\t\t<div class=\"col-lg-6 order-first order-lg-last mb-7 mb-lg-0\">\n\t\t\t\t<img decoding=\"async\" src=\"https:\/\/www.myallmeeting.com\/wp-content\/uploads\/2018\/10\/Mercure-Aix-les-Bains-Domaine-de-Marlioz-1-953x600.jpg\" width=\"953\" height=\"600\" alt=\"s\u00e9minaire original\" loading=\"lazy\" class=\"w-100\" \/>\n\t\t\t<\/div>\n\t\t\t\t\t<\/div>\n\t<\/div>\n<\/div>\n<!-- END OF : Composant : block-periscope-theme-section-composant-33-texte-image.php -->\n\n\n<!-- START OF : Composant : block-periscope-theme-section-composant-33-texte-image.php -->\n<div class=\"text-image fs-wysiwyg mb-8 mb-lg-12\" data-component=\"33-texte-image\">\n\t<div class=\"container-fluid\" style=\"--bs-gutter-x: 0\">\n\t\t<div class=\"row\" style=\"--bs-gutter-x: 0\">\n\t\t\t\t\t\t<div class=\"col-lg-6 mb-7 mb-lg-0\">\n\t\t\t\t<img decoding=\"async\" src=\"https:\/\/www.myallmeeting.com\/wp-content\/uploads\/2018\/10\/Mercure-Annemasse-Porte-de-Geneve-2-953x600.jpg\" width=\"953\" height=\"600\" alt=\"s\u00e9minaire original\" loading=\"lazy\" class=\"w-100\" \/>\n\t\t\t<\/div>\n\t\t\t\t\t\t<div class=\"col-lg-6\">\n\t\t\t\t<div class=\"text-image__content\">\n\t\t\t\t\t\t\t\t\t\t<div class=\"fw-semibold lh-xs fs-20 fs-lg-32 ls--25 mb-5\"> H\u00f4tel Mercure Annemasse Porte de Gen\u00e8ve <\/div>\n\t\t\t\t\t\t\t\t\t\t\t\t\t\t\t<div class=\"fs-wysiwyg\">\n\t\t\t\t\t\t<p style=\"text-align: center;\"><em><span data-contrast=\"none\" xml:lang=\"IT-IT\" lang=\"IT-IT\" class=\"TextRun SCXW121817774 BCX0\"><span class=\"NormalTextRun SCXW121817774 BCX0\">Ricaricate le vostre batterie vicino al Lago di Ginevra<\/span><\/span><span class=\"EOP SCXW121817774 BCX0\" data-ccp-props=\"{&quot;201341983&quot;:0,&quot;335551550&quot;:2,&quot;335551620&quot;:2,&quot;335559739&quot;:160,&quot;335559740&quot;:259}\">\u00a0<\/span><\/em><\/p>\n<p><span data-contrast=\"none\">In un contesto immerso nella natura, <\/span><b><span data-contrast=\"none\"><a href=\"https:\/\/myallmeeting.com\/it\/hotel\/0343-hotel-mercure-annemasse-porte-de-geneve\/\">l&#8217;hotel<\/a> e le sue 79 camere vi accolgono con il loro stile scandinavo<\/span><\/b><span data-contrast=\"none\">. State organizzando un seminario professionale? <\/span><b><span data-contrast=\"none\">Questa struttura offre quattro sale riunioni e un ampio parcheggio.<\/span><\/b><span data-contrast=\"none\">\u00a0<\/span><span data-ccp-props=\"{&quot;201341983&quot;:0,&quot;335559739&quot;:160,&quot;335559740&quot;:259}\">\u00a0<\/span><\/p>\n<p><span data-contrast=\"none\">Per i vostri momenti di relax, l\u2019hotel Mercure non \u00e8 da meno: piscina esterna, terrazza, brasserie interna che offre vini locali&#8230; Altre attivit\u00e0 sono possibili, grazie alla vicinanza del Lago di Ginevra e delle citt\u00e0 di Chamonix, Annecy o localit\u00e0 termali come come Thonon o \u00c9vian.<\/span><span data-ccp-props=\"{&quot;201341983&quot;:0,&quot;335559739&quot;:160,&quot;335559740&quot;:259}\">\u00a0<\/span><\/p>\n\t\t\t\t\t<\/div>\n\t\t\t\t\t\t\t\t\t<\/div>\n\t\t\t<\/div>        \n\t\t<\/div>\n\t<\/div>\n<\/div>\n<!-- END OF : Composant : block-periscope-theme-section-composant-33-texte-image.php -->\n\n\n<!-- START OF : Composant : block-periscope-theme-section-composant-33-texte-image.php -->\n<!-- INVERSE -->\n<div class=\"text-image fs-wysiwyg mb-8 mb-lg-12\" data-component=\"33-texte-image\" data-reverse=\"oui\">\n\t<div class=\"container-fluid\" style=\"--bs-gutter-x: 0\">\n\t\t<div class=\"row\" style=\"--bs-gutter-x: 0\">\n\t\t\t<div class=\"col-lg-6\">\n\t\t\t\t<div class=\"text-image__content\">\n\t\t\t\t\t\t\t\t\t\t<div class=\"fw-semibold lh-xs fs-20 fs-lg-32 ls--25 mb-5\">H\u00f4tel Mercure Grenoble Centro Alpotel <\/div>\n\t\t\t\t\t\t\t\t\t\t\t\t\t\t\t<div class=\"fs-wysiwyg\">\n\t\t\t\t\t\t<p style=\"text-align: center;\"><em><span data-contrast=\"none\" xml:lang=\"IT-IT\" lang=\"IT-IT\" class=\"TextRun SCXW121878749 BCX0\"><span class=\"NormalTextRun SCXW121878749 BCX0\">Nel cuore della capitale delle Alpi<\/span><\/span><span class=\"EOP SCXW121878749 BCX0\" data-ccp-props=\"{&quot;201341983&quot;:0,&quot;335551550&quot;:2,&quot;335551620&quot;:2,&quot;335559739&quot;:160,&quot;335559740&quot;:259}\">\u00a0<\/span><\/em><\/p>\n<p><span data-contrast=\"none\">Con il suo stile elegante e art d\u00e9co, <\/span><b><span data-contrast=\"none\"><a href=\"https:\/\/myallmeeting.com\/it\/hotel\/0652-hotel-mercure-grenoble-centre-alpotel\/\">questa struttura<\/a> e i suoi team vi mettono a disposizione tre sale riunioni e un supporto su misura per l&#8217;organizzazione dei vostri eventi professionali<\/span><\/b><span data-contrast=\"none\">: seminari, comitati di gestione, formazione, ecc. Altri servizi sono offerti: biblioteca, sala cinema, parcheggio privato, ecc.<\/span><span data-ccp-props=\"{&quot;201341983&quot;:0,&quot;335559739&quot;:160,&quot;335559740&quot;:259}\">\u00a0<\/span><\/p>\n<p><span data-contrast=\"none\">Una cornice ideale all\u2019interno della \u201ccapitale delle Alpi\u201d,\u00a0 <\/span><b><span data-contrast=\"none\">per condividere e far emergere idee<\/span><\/b><span data-contrast=\"none\">, situato nel centro della citt\u00e0, a pochi metri dal municipio di Grenoble, dal Palais des Sports, dallo Stade des Alpes, dal centro congressi e dalle stazioni sciistiche.<\/span><span data-ccp-props=\"{&quot;201341983&quot;:0,&quot;335559739&quot;:160,&quot;335559740&quot;:259}\">\u00a0<\/span><\/p>\n\t\t\t\t\t<\/div>\n\t\t\t\t\t\t\t\t\t<\/div>\n\t\t\t<\/div>    \n\t\t\t    \n\t\t\t<div class=\"col-lg-6 order-first order-lg-last mb-7 mb-lg-0\">\n\t\t\t\t<img decoding=\"async\" src=\"https:\/\/www.myallmeeting.com\/wp-content\/uploads\/2018\/10\/Mercure-Grenoble-Centre-Alpotel-953x600.jpg\" width=\"953\" height=\"600\" alt=\"s\u00e9minaire original\" loading=\"lazy\" class=\"w-100\" \/>\n\t\t\t<\/div>\n\t\t\t\t\t<\/div>\n\t<\/div>\n<\/div>\n<!-- END OF : Composant : block-periscope-theme-section-composant-33-texte-image.php -->\n\n\n<!-- START OF : Composant : block-periscope-theme-section-composant-33-texte-image.php -->\n<div class=\"text-image fs-wysiwyg mb-8 mb-lg-12\" data-component=\"33-texte-image\">\n\t<div class=\"container-fluid\" style=\"--bs-gutter-x: 0\">\n\t\t<div class=\"row\" style=\"--bs-gutter-x: 0\">\n\t\t\t\t\t\t<div class=\"col-lg-6 mb-7 mb-lg-0\">\n\t\t\t\t<img decoding=\"async\" src=\"https:\/\/www.myallmeeting.com\/wp-content\/uploads\/2018\/10\/2047-28-953x600.jpg\" width=\"953\" height=\"600\" alt=\"s\u00e9minaire original\" loading=\"lazy\" class=\"w-100\" \/>\n\t\t\t<\/div>\n\t\t\t\t\t\t<div class=\"col-lg-6\">\n\t\t\t\t<div class=\"text-image__content\">\n\t\t\t\t\t\t\t\t\t\t<div class=\"fw-semibold lh-xs fs-20 fs-lg-32 ls--25 mb-5\">Novotel Grenoble Nord Voreppe<\/div>\n\t\t\t\t\t\t\t\t\t\t\t\t\t\t\t<div class=\"fs-wysiwyg\">\n\t\t\t\t\t\t<p style=\"text-align: center;\"><em><span data-contrast=\"none\" xml:lang=\"IT-IT\" lang=\"IT-IT\" class=\"TextRun SCXW41670823 BCX0\"><span class=\"NormalTextRun SCXW41670823 BCX0\">Respira una grande boccata d&#8217;aria fresca<\/span><\/span><span class=\"EOP SCXW41670823 BCX0\" data-ccp-props=\"{&quot;201341983&quot;:0,&quot;335551550&quot;:2,&quot;335551620&quot;:2,&quot;335559739&quot;:160,&quot;335559740&quot;:259,&quot;335572071&quot;:0,&quot;335572072&quot;:0,&quot;335572073&quot;:0,&quot;335572075&quot;:0,&quot;335572076&quot;:0,&quot;335572077&quot;:0,&quot;335572079&quot;:0,&quot;335572080&quot;:0,&quot;335572081&quot;:0,&quot;335572083&quot;:0,&quot;335572084&quot;:0,&quot;335572085&quot;:0,&quot;335572087&quot;:0,&quot;335572088&quot;:0,&quot;335572089&quot;:0,&quot;469789798&quot;:&quot;nil&quot;,&quot;469789802&quot;:&quot;nil&quot;,&quot;469789806&quot;:&quot;nil&quot;,&quot;469789810&quot;:&quot;nil&quot;,&quot;469789814&quot;:&quot;nil&quot;}\">\u00a0<\/span><\/em><\/p>\n<p data-ccp-border-bottom=\"0px none #000000\" data-ccp-padding-bottom=\"0px\" data-ccp-border-between=\"0px none #000000\" data-ccp-padding-between=\"0px\"><b><span data-contrast=\"none\"><a href=\"https:\/\/myallmeeting.com\/it\/hotel\/0423-novotel-grenoble-nord-voreppe\/\">Questa struttura a 4 stelle <\/a>certificata Green Key per il suo impegno CSR &#8211; \u00e8 il luogo perfetto per un tonificante soggiorno in famiglia o d&#8217;affari<\/span><\/b><span data-contrast=\"none\">. Situato in una vasta area verde vicino alle montagne, il Novotel offre<\/span><b><span data-contrast=\"none\"> sette sale riunioni per ospitare seminari, corsi di formazione e altri eventi professionali<\/span><\/b><span data-contrast=\"none\">.<\/span><span data-ccp-props=\"{&quot;201341983&quot;:0,&quot;335559739&quot;:160,&quot;335559740&quot;:259,&quot;335572071&quot;:0,&quot;335572072&quot;:0,&quot;335572073&quot;:0,&quot;335572075&quot;:0,&quot;335572076&quot;:0,&quot;335572077&quot;:0,&quot;335572079&quot;:0,&quot;335572080&quot;:0,&quot;335572081&quot;:0,&quot;335572083&quot;:0,&quot;335572084&quot;:0,&quot;335572085&quot;:0,&quot;335572087&quot;:0,&quot;335572088&quot;:0,&quot;335572089&quot;:0,&quot;469789798&quot;:&quot;nil&quot;,&quot;469789802&quot;:&quot;nil&quot;,&quot;469789806&quot;:&quot;nil&quot;,&quot;469789810&quot;:&quot;nil&quot;,&quot;469789814&quot;:&quot;nil&quot;}\">\u00a0<\/span><\/p>\n<p data-ccp-border-between=\"0px none #000000\" data-ccp-padding-between=\"0px\"><span data-contrast=\"none\">Hai bisogno di rilassarti tra due incontri o dopo una giornata di seminario? Lasciatevi tentare dalle numerose attivit\u00e0 proposte (piscina all&#8217;aperto, bocce, ping-pong, ecc.) o da una passeggiata in montagna.<\/span><\/p>\n<p><span style=\"font-weight: 400;\">\u00a0<\/span><\/p>\n\t\t\t\t\t<\/div>\n\t\t\t\t\t\t\t\t\t<\/div>\n\t\t\t<\/div>        \n\t\t<\/div>\n\t<\/div>\n<\/div>\n<!-- END OF : Composant : block-periscope-theme-section-composant-33-texte-image.php -->\n","protected":false},"excerpt":{"rendered":"","protected":false},"featured_media":16021653,"menu_order":0,"template":"","periscope_categorie_tax":[3497],"class_list":["post-16036976","article","type-article","status-publish","has-post-thumbnail","hentry","periscope_categorie_tax-tous-nos-tops-selections-it"],"acf":[],"yoast_head":"<title>La top 10 degli indirizzi di Accor nel cuore delle pi\u00f9 belle montagne francesi\u00a0 - Accor MyAllMeeting.com<\/title>\n<meta name=\"robots\" content=\"index, follow, max-snippet:-1, max-image-preview:large, max-video-preview:-1\" \/>\n<link rel=\"canonical\" href=\"https:\/\/www.myallmeeting.com\/it\/wp-json\/wp\/v2\/article\/16036976\" \/>\n<meta property=\"og:locale\" content=\"it_IT\" \/>\n<meta property=\"og:type\" content=\"article\" \/>\n<meta property=\"og:title\" content=\"La top 10 degli indirizzi di Accor nel cuore delle pi\u00f9 belle montagne francesi\u00a0 - Accor MyAllMeeting.com\" \/>\n<meta property=\"og:url\" content=\"https:\/\/www.myallmeeting.com\/it\/article\/la-top-10-degli-indirizzi-di-accor-nel-cuore-delle-piu-belle-montagne-francesi\/\" \/>\n<meta property=\"og:site_name\" content=\"Accor MyAllMeeting.com\" \/>\n<meta property=\"article:modified_time\" content=\"2024-07-16T14:57:26+00:00\" \/>\n<meta property=\"og:image\" content=\"http:\/\/myallmeeting.com\/wp-content\/uploads\/2018\/10\/Destination-montagne-1024x304.png\" \/>\n\t<meta property=\"og:image:width\" content=\"1024\" \/>\n\t<meta property=\"og:image:height\" content=\"304\" \/>\n\t<meta property=\"og:image:type\" content=\"image\/png\" \/>\n<meta name=\"twitter:card\" content=\"summary_large_image\" \/>\n<meta name=\"twitter:label1\" content=\"Est. reading time\" \/>\n\t<meta name=\"twitter:data1\" content=\"10 minutes\" \/>\n<script type=\"application\/ld+json\" class=\"yoast-schema-graph\">{\"@context\":\"https:\/\/schema.org\",\"@graph\":[{\"@type\":\"WebPage\",\"@id\":\"https:\/\/www.myallmeeting.com\/it\/article\/la-top-10-degli-indirizzi-di-accor-nel-cuore-delle-piu-belle-montagne-francesi\/\",\"url\":\"https:\/\/www.myallmeeting.com\/it\/article\/la-top-10-degli-indirizzi-di-accor-nel-cuore-delle-piu-belle-montagne-francesi\/\",\"name\":\"La top 10 degli indirizzi di Accor nel cuore delle pi\u00f9 belle montagne francesi\u00a0 - Accor MyAllMeeting.com\",\"isPartOf\":{\"@id\":\"https:\/\/www.myallmeeting.com\/it\/#website\"},\"primaryImageOfPage\":{\"@id\":\"https:\/\/www.myallmeeting.com\/it\/article\/la-top-10-degli-indirizzi-di-accor-nel-cuore-delle-piu-belle-montagne-francesi\/#primaryimage\"},\"image\":{\"@id\":\"https:\/\/www.myallmeeting.com\/it\/article\/la-top-10-degli-indirizzi-di-accor-nel-cuore-delle-piu-belle-montagne-francesi\/#primaryimage\"},\"thumbnailUrl\":\"https:\/\/www.myallmeeting.com\/wp-content\/uploads\/2018\/10\/Destination-montagne.png\",\"datePublished\":\"2018-10-30T14:51:57+00:00\",\"dateModified\":\"2024-07-16T14:57:26+00:00\",\"breadcrumb\":{\"@id\":\"https:\/\/www.myallmeeting.com\/it\/article\/la-top-10-degli-indirizzi-di-accor-nel-cuore-delle-piu-belle-montagne-francesi\/#breadcrumb\"},\"inLanguage\":\"it-IT\",\"potentialAction\":[{\"@type\":\"ReadAction\",\"target\":[\"https:\/\/www.myallmeeting.com\/it\/article\/la-top-10-degli-indirizzi-di-accor-nel-cuore-delle-piu-belle-montagne-francesi\/\"]}]},{\"@type\":\"ImageObject\",\"inLanguage\":\"it-IT\",\"@id\":\"https:\/\/www.myallmeeting.com\/it\/article\/la-top-10-degli-indirizzi-di-accor-nel-cuore-delle-piu-belle-montagne-francesi\/#primaryimage\",\"url\":\"https:\/\/www.myallmeeting.com\/wp-content\/uploads\/2018\/10\/Destination-montagne.png\",\"contentUrl\":\"https:\/\/www.myallmeeting.com\/wp-content\/uploads\/2018\/10\/Destination-montagne.png\",\"width\":1920,\"height\":570},{\"@type\":\"BreadcrumbList\",\"@id\":\"https:\/\/www.myallmeeting.com\/it\/article\/la-top-10-degli-indirizzi-di-accor-nel-cuore-delle-piu-belle-montagne-francesi\/#breadcrumb\",\"itemListElement\":[{\"@type\":\"ListItem\",\"position\":1,\"name\":\"Pagina iniziale\",\"item\":\"https:\/\/myallmeeting.com\/it\/\"},{\"@type\":\"ListItem\",\"position\":2,\"name\":\"Notizie\",\"item\":\"https:\/\/www.myallmeeting.com\/it\/notizie\/\"},{\"@type\":\"ListItem\",\"position\":3,\"name\":\"La top 10 degli indirizzi di Accor nel cuore delle pi\u00f9 belle montagne francesi\u00a0\"}]},{\"@type\":\"WebSite\",\"@id\":\"https:\/\/www.myallmeeting.com\/it\/#website\",\"url\":\"https:\/\/www.myallmeeting.com\/it\/\",\"name\":\"Accor MyAllMeeting.com\",\"description\":\"Les Meilleurs lieux pour vos Ev\u00e9nements Professionnels\",\"publisher\":{\"@id\":\"https:\/\/www.myallmeeting.com\/it\/#organization\"},\"potentialAction\":[{\"@type\":\"SearchAction\",\"target\":{\"@type\":\"EntryPoint\",\"urlTemplate\":\"https:\/\/www.myallmeeting.com\/it\/?s={search_term_string}\"},\"query-input\":{\"@type\":\"PropertyValueSpecification\",\"valueRequired\":true,\"valueName\":\"search_term_string\"}}],\"inLanguage\":\"it-IT\"},{\"@type\":\"Organization\",\"@id\":\"https:\/\/www.myallmeeting.com\/it\/#organization\",\"name\":\"ACCOR\",\"url\":\"https:\/\/www.myallmeeting.com\/it\/\",\"logo\":{\"@type\":\"ImageObject\",\"inLanguage\":\"it-IT\",\"@id\":\"https:\/\/www.myallmeeting.com\/it\/#\/schema\/logo\/image\/\",\"url\":\"\",\"contentUrl\":\"\",\"caption\":\"ACCOR\"},\"image\":{\"@id\":\"https:\/\/www.myallmeeting.com\/it\/#\/schema\/logo\/image\/\"}}]}<\/script>","yoast_head_json":{"title":"La top 10 degli indirizzi di Accor nel cuore delle pi\u00f9 belle montagne francesi\u00a0 - Accor MyAllMeeting.com","robots":{"index":"index","follow":"follow","max-snippet":"max-snippet:-1","max-image-preview":"max-image-preview:large","max-video-preview":"max-video-preview:-1"},"canonical":"https:\/\/www.myallmeeting.com\/it\/wp-json\/wp\/v2\/article\/16036976","og_locale":"it_IT","og_type":"article","og_title":"La top 10 degli indirizzi di Accor nel cuore delle pi\u00f9 belle montagne francesi\u00a0 - Accor MyAllMeeting.com","og_url":"https:\/\/www.myallmeeting.com\/it\/article\/la-top-10-degli-indirizzi-di-accor-nel-cuore-delle-piu-belle-montagne-francesi\/","og_site_name":"Accor MyAllMeeting.com","article_modified_time":"2024-07-16T14:57:26+00:00","og_image":[{"width":1024,"height":304,"url":"http:\/\/myallmeeting.com\/wp-content\/uploads\/2018\/10\/Destination-montagne-1024x304.png","type":"image\/png"}],"twitter_card":"summary_large_image","twitter_misc":{"Est. reading time":"10 minutes"},"schema":{"@context":"https:\/\/schema.org","@graph":[{"@type":"WebPage","@id":"https:\/\/www.myallmeeting.com\/it\/article\/la-top-10-degli-indirizzi-di-accor-nel-cuore-delle-piu-belle-montagne-francesi\/","url":"https:\/\/www.myallmeeting.com\/it\/article\/la-top-10-degli-indirizzi-di-accor-nel-cuore-delle-piu-belle-montagne-francesi\/","name":"La top 10 degli indirizzi di Accor nel cuore delle pi\u00f9 belle montagne francesi\u00a0 - Accor MyAllMeeting.com","isPartOf":{"@id":"https:\/\/www.myallmeeting.com\/it\/#website"},"primaryImageOfPage":{"@id":"https:\/\/www.myallmeeting.com\/it\/article\/la-top-10-degli-indirizzi-di-accor-nel-cuore-delle-piu-belle-montagne-francesi\/#primaryimage"},"image":{"@id":"https:\/\/www.myallmeeting.com\/it\/article\/la-top-10-degli-indirizzi-di-accor-nel-cuore-delle-piu-belle-montagne-francesi\/#primaryimage"},"thumbnailUrl":"https:\/\/www.myallmeeting.com\/wp-content\/uploads\/2018\/10\/Destination-montagne.png","datePublished":"2018-10-30T14:51:57+00:00","dateModified":"2024-07-16T14:57:26+00:00","breadcrumb":{"@id":"https:\/\/www.myallmeeting.com\/it\/article\/la-top-10-degli-indirizzi-di-accor-nel-cuore-delle-piu-belle-montagne-francesi\/#breadcrumb"},"inLanguage":"it-IT","potentialAction":[{"@type":"ReadAction","target":["https:\/\/www.myallmeeting.com\/it\/article\/la-top-10-degli-indirizzi-di-accor-nel-cuore-delle-piu-belle-montagne-francesi\/"]}]},{"@type":"ImageObject","inLanguage":"it-IT","@id":"https:\/\/www.myallmeeting.com\/it\/article\/la-top-10-degli-indirizzi-di-accor-nel-cuore-delle-piu-belle-montagne-francesi\/#primaryimage","url":"https:\/\/www.myallmeeting.com\/wp-content\/uploads\/2018\/10\/Destination-montagne.png","contentUrl":"https:\/\/www.myallmeeting.com\/wp-content\/uploads\/2018\/10\/Destination-montagne.png","width":1920,"height":570},{"@type":"BreadcrumbList","@id":"https:\/\/www.myallmeeting.com\/it\/article\/la-top-10-degli-indirizzi-di-accor-nel-cuore-delle-piu-belle-montagne-francesi\/#breadcrumb","itemListElement":[{"@type":"ListItem","position":1,"name":"Pagina iniziale","item":"https:\/\/myallmeeting.com\/it\/"},{"@type":"ListItem","position":2,"name":"Notizie","item":"https:\/\/www.myallmeeting.com\/it\/notizie\/"},{"@type":"ListItem","position":3,"name":"La top 10 degli indirizzi di Accor nel cuore delle pi\u00f9 belle montagne francesi\u00a0"}]},{"@type":"WebSite","@id":"https:\/\/www.myallmeeting.com\/it\/#website","url":"https:\/\/www.myallmeeting.com\/it\/","name":"Accor MyAllMeeting.com","description":"Les Meilleurs lieux pour vos Ev\u00e9nements Professionnels","publisher":{"@id":"https:\/\/www.myallmeeting.com\/it\/#organization"},"potentialAction":[{"@type":"SearchAction","target":{"@type":"EntryPoint","urlTemplate":"https:\/\/www.myallmeeting.com\/it\/?s={search_term_string}"},"query-input":{"@type":"PropertyValueSpecification","valueRequired":true,"valueName":"search_term_string"}}],"inLanguage":"it-IT"},{"@type":"Organization","@id":"https:\/\/www.myallmeeting.com\/it\/#organization","name":"ACCOR","url":"https:\/\/www.myallmeeting.com\/it\/","logo":{"@type":"ImageObject","inLanguage":"it-IT","@id":"https:\/\/www.myallmeeting.com\/it\/#\/schema\/logo\/image\/","url":"","contentUrl":"","caption":"ACCOR"},"image":{"@id":"https:\/\/www.myallmeeting.com\/it\/#\/schema\/logo\/image\/"}}]}},"_links":{"self":[{"href":"https:\/\/www.myallmeeting.com\/it\/wp-json\/wp\/v2\/article\/16036976","targetHints":{"allow":["GET"]}}],"collection":[{"href":"https:\/\/www.myallmeeting.com\/it\/wp-json\/wp\/v2\/article"}],"about":[{"href":"https:\/\/www.myallmeeting.com\/it\/wp-json\/wp\/v2\/types\/article"}],"wp:featuredmedia":[{"embeddable":true,"href":"https:\/\/www.myallmeeting.com\/it\/wp-json\/wp\/v2\/media\/16021653"}],"wp:attachment":[{"href":"https:\/\/www.myallmeeting.com\/it\/wp-json\/wp\/v2\/media?parent=16036976"}],"wp:term":[{"taxonomy":"periscope_categorie_tax","embeddable":true,"href":"https:\/\/www.myallmeeting.com\/it\/wp-json\/wp\/v2\/periscope_categorie_tax?post=16036976"}],"curies":[{"name":"wp","href":"https:\/\/api.w.org\/{rel}","templated":true}]}}