{"id":16036963,"date":"2019-11-25T12:11:02","date_gmt":"2019-11-25T11:11:02","guid":{"rendered":"https:\/\/myallmeeting.com\/article\/prenez-un-bol-dair-frais-lors-de-votre-seminaire-en-charente-maritime\/"},"modified":"2024-07-16T15:57:36","modified_gmt":"2024-07-16T13:57:36","slug":"prendete-una-boccata-daria-fresca-durante-il-vostro-seminario-a-charente-maritime","status":"publish","type":"article","link":"https:\/\/www.myallmeeting.com\/it\/article\/prendete-una-boccata-daria-fresca-durante-il-vostro-seminario-a-charente-maritime\/","title":{"rendered":"Prendete una boccata d&#8217;aria fresca durante il vostro seminario a Charente-Maritime!\u00a0"},"content":{"rendered":"<!-- START OF : Composant : block-periscope-theme-section-composant-25-texte-cta-2-images.php -->\n<div class=\"tcta2ia bg-white fs-wysiwyg mb-lg-12\" data-component=\"25-texte-cta-2-images\">\n\t<div class=\"tcta2ia__top\">\n\t\t<div class=\"container-fluid\" style=\"--bs-gutter-x: 0\">\n\t\t\t<div class=\"row\" style=\"--bs-gutter-x: 0\">\n\t\t\t\t<div class=\"col-lg-8\">\n\t\t\t\t\t\t\t\t\t\t<div class=\"bloc-mise-en-avant__top__left\">\n\t\t\t\t\t\t<img decoding=\"async\" src=\"https:\/\/www.myallmeeting.com\/wp-content\/uploads\/2019\/11\/4677-41-2-1268x846.jpg\" class=\"pe-2 pe-lg-0\" width=\"1268\" height=\"846\" alt=\"\" loading=\"lazy\" \/>\n\t\t\t\t\t<\/div>\n\t\t\t\t\t\t\t\t\t\t<div class=\"tcta2ia__bottom d-none d-lg-block pb-12 pt-lg-9 pb-lg-0 pe-lg-10\">\n\t\t\t\t\t\t\t\t\t\t\t\t<h2 class=\"fs-20 fs-lg-32 fw-semibold\">La Grande Terrasse H\u00f4tel &amp; Spa La Rochelle \u2013 MGallery<\/h2>\n\t\t\t\t\t\t\t\t\t\t\t\t\t\t\t\t\t\t<div class=\"fs-wysiwyg\"><p aria-level=\"4\"><span data-contrast=\"none\">Se preferisci la maestosit\u00e0 del mare al trambusto della citt\u00e0, dirigiti verso la <\/span><a href=\"https:\/\/myallmeeting.com\/it\/hotel\/7479-la-grande-terrasse-hotel-spa-la-rochelle-mgallery\/\"><b><span data-contrast=\"none\">MGallery La Terrasse La Rochelle<\/span><\/b><\/a><span data-contrast=\"none\">. Spa all&#8217;avanguardia, terrazza naturale ed anche una cucina gustosa\u2026 In questo boutique hotel scoprirete un vero e proprio <\/span><b><span data-contrast=\"none\">oceano di tranquillit\u00e0 e benessere<\/span><\/b><span data-contrast=\"none\">!<\/span><span data-ccp-props=\"{&quot;134233117&quot;:true,&quot;134233118&quot;:true,&quot;201341983&quot;:0,&quot;335551550&quot;:6,&quot;335551620&quot;:6,&quot;335557856&quot;:16119028,&quot;335559738&quot;:165,&quot;335559739&quot;:165,&quot;335559740&quot;:240}\">\u00a0<\/span><\/p>\n<p aria-level=\"4\"><span data-contrast=\"none\">Un&#8217;esperienza rilassante che potrai prolungare per tutte le tue sessioni di lavoro. In grado di ricevere <\/span><b><span data-contrast=\"none\">fino a 120 persone<\/span><\/b><span data-contrast=\"none\">, le sei sale modulari beneficiano tutte di luce naturale e alcune offrono anche una vista mozzafiato sulle isole di Aix e Ol\u00e9ron.<\/span><span data-ccp-props=\"{&quot;134233117&quot;:true,&quot;134233118&quot;:true,&quot;201341983&quot;:0,&quot;335551550&quot;:6,&quot;335551620&quot;:6,&quot;335557856&quot;:16119028,&quot;335559738&quot;:165,&quot;335559739&quot;:165,&quot;335559740&quot;:240}\">\u00a0<\/span><\/p>\n<p aria-level=\"4\"><span data-contrast=\"none\">A questo proposito, non dovresti assolutamente rinunciare ad avventurarti fuori dalla regione. Per scoprire questi gioielli della natura optate, in base ai vostri gusti, per un&#8217;escursione a piedi, in bicicletta o in barca!<\/span><span data-ccp-props=\"{&quot;134233117&quot;:true,&quot;134233118&quot;:true,&quot;201341983&quot;:0,&quot;335551550&quot;:6,&quot;335551620&quot;:6,&quot;335557856&quot;:16119028,&quot;335559738&quot;:165,&quot;335559739&quot;:165,&quot;335559740&quot;:240}\">\u00a0<\/span><\/p>\n<\/div>\n\t\t\t\t\t\t\t\t\t\t\t\t<div class=\"d-flex flex-column flex-lg-row align-items-center gap-5 gap-lg-8 justify-content-between\">\n\t\t\t\t\t\t\t<div class=\"fs-20 fs-lg-26 fw-semibold lh-xs\"><\/div>\n\t\t\t\t\t\t\t\t\t\t\t\t\t<\/div>\n\t\t\t\t\t<\/div>\n\t\t\t\t<\/div>\n\t\t\t\t<div class=\"col-lg-4\">\n\t\t\t\t\t<div class=\"tcta2ia__top__right t-0 r-0 bg-primary text-white pt-4 pb-4 px-2 pt-lg-8 pb-lg-16 px-lg-11 pb-xl-30\">\n\t\t\t\t\t\t\t\t\t\t\t\t\t\t\t\t\t\t<h2 class=\"unna fs-36 fs-lg-51 fs-xl-75 fs-italic fw-normal text-secondary\">Prendete una boccata d&#039;aria fresca durante il vostro seminario a Charente-Maritime! <\/h2>\n\t\t\t\t\t\t\t\t\t\t\t\t\t\t\t\t\t\t<h3 class=\"text-white fs-18 fs-lg-20 fs-xl-28 text-original-case\">Ecco quattro destinazioni eccezionali per cui mettersi in prima fila! <\/h3>\n\t\t\t\t\t\t\t\t\t\t\t\t\t\t\t\t\t\t<div class=\"fs-wysiwyg mb-4 fs-lg-16 fs-xl-20\"><p>Per il tuo prossimo soggiorno professionale, ti suggeriamo di stabilirti in una delle nostre regioni pi\u00f9 belle&#8230;<\/p>\n<p>Con le sue isole iconiche, le sue piazze arroccate e le sue impressionanti saline, la Charente-Maritime offre ai suoi visitatori uno spettacolo indimenticabile.<\/p>\n<\/div>\n\t\t\t\t\t\t\t\t\t\t\t\t\t\t\t\t\t\t\t\t\t\t\t\t<p class=\"m-0\"><img decoding=\"async\" src=\"https:\/\/www.myallmeeting.com\/wp-content\/uploads\/2019\/11\/4576-44-633x398.jpg\" class=\"position-relative l-0\" width=\"633\" height=\"398\" alt=\"\" loading=\"lazy\" \/><\/p>\n\t\t\t\t\t\t\t\t\t\t\t<\/div>\n\t\t\t\t<\/div>\n\t\t\t<\/div>\n\t\t<\/div>\n\t<\/div>\n\t<div class=\"tcta2ia__bottom d-lg-none pb-12 py-lg-9 pe-lg-10\">\n\t\t\t\t<div class=\"h2 fs-20 fs-lg-32 fw-semibold\">La Grande Terrasse H\u00f4tel &amp; Spa La Rochelle \u2013 MGallery<\/div>\n\t\t\t\t\t\t<div class=\"fs-wysiwyg\"><p aria-level=\"4\"><span data-contrast=\"none\">Se preferisci la maestosit\u00e0 del mare al trambusto della citt\u00e0, dirigiti verso la <\/span><a href=\"https:\/\/myallmeeting.com\/it\/hotel\/7479-la-grande-terrasse-hotel-spa-la-rochelle-mgallery\/\"><b><span data-contrast=\"none\">MGallery La Terrasse La Rochelle<\/span><\/b><\/a><span data-contrast=\"none\">. Spa all&#8217;avanguardia, terrazza naturale ed anche una cucina gustosa\u2026 In questo boutique hotel scoprirete un vero e proprio <\/span><b><span data-contrast=\"none\">oceano di tranquillit\u00e0 e benessere<\/span><\/b><span data-contrast=\"none\">!<\/span><span data-ccp-props=\"{&quot;134233117&quot;:true,&quot;134233118&quot;:true,&quot;201341983&quot;:0,&quot;335551550&quot;:6,&quot;335551620&quot;:6,&quot;335557856&quot;:16119028,&quot;335559738&quot;:165,&quot;335559739&quot;:165,&quot;335559740&quot;:240}\">\u00a0<\/span><\/p>\n<p aria-level=\"4\"><span data-contrast=\"none\">Un&#8217;esperienza rilassante che potrai prolungare per tutte le tue sessioni di lavoro. In grado di ricevere <\/span><b><span data-contrast=\"none\">fino a 120 persone<\/span><\/b><span data-contrast=\"none\">, le sei sale modulari beneficiano tutte di luce naturale e alcune offrono anche una vista mozzafiato sulle isole di Aix e Ol\u00e9ron.<\/span><span data-ccp-props=\"{&quot;134233117&quot;:true,&quot;134233118&quot;:true,&quot;201341983&quot;:0,&quot;335551550&quot;:6,&quot;335551620&quot;:6,&quot;335557856&quot;:16119028,&quot;335559738&quot;:165,&quot;335559739&quot;:165,&quot;335559740&quot;:240}\">\u00a0<\/span><\/p>\n<p aria-level=\"4\"><span data-contrast=\"none\">A questo proposito, non dovresti assolutamente rinunciare ad avventurarti fuori dalla regione. Per scoprire questi gioielli della natura optate, in base ai vostri gusti, per un&#8217;escursione a piedi, in bicicletta o in barca!<\/span><span data-ccp-props=\"{&quot;134233117&quot;:true,&quot;134233118&quot;:true,&quot;201341983&quot;:0,&quot;335551550&quot;:6,&quot;335551620&quot;:6,&quot;335557856&quot;:16119028,&quot;335559738&quot;:165,&quot;335559739&quot;:165,&quot;335559740&quot;:240}\">\u00a0<\/span><\/p>\n<\/div>\n\t\t\t\t<div class=\"d-flex flex-column flex-lg-row align-items-center gap-5 gap-lg-8 justify-content-between\">\n\t\t\t<div class=\"fs-20 fs-lg-26 fw-semibold lh-xs\"><\/div>\n\t\t\t\t\t<\/div>\n\t<\/div>\n<\/div>\n<!-- END OF : Composant : block-periscope-theme-section-composant-25-texte-cta-2-images.php -->\n\n\n<!-- START OF : Composant : block-periscope-theme-section-composant-33-texte-image.php -->\n<div class=\"text-image fs-wysiwyg mb-8 mb-lg-12\" data-component=\"33-texte-image\">\n\t<div class=\"container-fluid\" style=\"--bs-gutter-x: 0\">\n\t\t<div class=\"row\" style=\"--bs-gutter-x: 0\">\n\t\t\t\t\t\t<div class=\"col-lg-6 mb-7 mb-lg-0\">\n\t\t\t\t<img decoding=\"async\" src=\"https:\/\/www.myallmeeting.com\/wp-content\/uploads\/2019\/11\/4686-37-953x600.jpg\" width=\"953\" height=\"600\" alt=\"\" loading=\"lazy\" class=\"w-100\" \/>\n\t\t\t<\/div>\n\t\t\t\t\t\t<div class=\"col-lg-6\">\n\t\t\t\t<div class=\"text-image__content\">\n\t\t\t\t\t\t\t\t\t\t<div class=\"fw-semibold lh-xs fs-20 fs-lg-32 ls--25 mb-5\">Novotel Thalassa Ol\u00e9ron Saint-Trojan<\/div>\n\t\t\t\t\t\t\t\t\t\t\t\t\t\t\t<div class=\"fs-wysiwyg\">\n\t\t\t\t\t\t<p aria-level=\"4\"><span data-contrast=\"none\">Per ricaricare le batterie sulla magnifica isola di Ol\u00e9ron, vai al <\/span><a href=\"https:\/\/myallmeeting.com\/it\/hotel\/0417-novotel-thalassa-oleron-saint-trojan\/\"><b><span data-contrast=\"none\">Novotel Thalassa Ol\u00e9ron Saint-Trojan<\/span><\/b><\/a><span data-contrast=\"none\">. <\/span><b><span data-contrast=\"none\">Qui il relax \u00e8 la priorit\u00e0 assoluta!<\/span><\/b><span data-ccp-props=\"{&quot;134233117&quot;:true,&quot;134233118&quot;:true,&quot;201341983&quot;:0,&quot;335551550&quot;:6,&quot;335551620&quot;:6,&quot;335557856&quot;:16119028,&quot;335559738&quot;:165,&quot;335559739&quot;:165,&quot;335559740&quot;:240}\">\u00a0<\/span><\/p>\n<p aria-level=\"4\"><span data-contrast=\"none\">Questo hotel a 4 stelle dispone di accesso diretto alla spiaggia, di una piscina coperta con vista sull&#8217;oceano, di un ristorante specializzato in frutti di mare e, soprattutto, di un eccezionale istituto di talassoterapia.\u202f<\/span><b><span data-contrast=\"none\">Le sue tre sale conferenze di circa 50 mq<\/span><\/b><span data-contrast=\"none\"> ti permetteranno inoltre di lavorare in tutta tranquillit\u00e0. <\/span><b><span data-contrast=\"none\">Perfettamente attrezzate, contribuiranno al successo del vostro evento e al benessere di tutti i partecipanti.<\/span><\/b><span data-ccp-props=\"{&quot;134233117&quot;:true,&quot;134233118&quot;:true,&quot;201341983&quot;:0,&quot;335551550&quot;:6,&quot;335551620&quot;:6,&quot;335557856&quot;:16119028,&quot;335559738&quot;:165,&quot;335559739&quot;:165,&quot;335559740&quot;:240}\">\u00a0<\/span><\/p>\n<p aria-level=\"4\"><span data-contrast=\"none\">E quindi, se l&#8217;isola di Ol\u00e9ron, la sua strada con le ostriche, le sue case colorate e il suo magnifico castello vi tentano, non esitate! Ora sai dove alloggiare. Ti stiamo aspettando!<\/span><span data-ccp-props=\"{&quot;134233117&quot;:true,&quot;134233118&quot;:true,&quot;201341983&quot;:0,&quot;335551550&quot;:6,&quot;335551620&quot;:6,&quot;335557856&quot;:16119028,&quot;335559738&quot;:165,&quot;335559739&quot;:165,&quot;335559740&quot;:240}\">\u00a0<\/span><\/p>\n\t\t\t\t\t<\/div>\n\t\t\t\t\t\t\t\t\t<\/div>\n\t\t\t<\/div>        \n\t\t<\/div>\n\t<\/div>\n<\/div>\n<!-- END OF : Composant : block-periscope-theme-section-composant-33-texte-image.php -->\n\n\n<!-- START OF : Composant : block-periscope-theme-section-composant-33-texte-image.php -->\n<!-- INVERSE -->\n<div class=\"text-image fs-wysiwyg mb-8 mb-lg-12\" data-component=\"33-texte-image\" data-reverse=\"oui\">\n\t<div class=\"container-fluid\" style=\"--bs-gutter-x: 0\">\n\t\t<div class=\"row\" style=\"--bs-gutter-x: 0\">\n\t\t\t<div class=\"col-lg-6\">\n\t\t\t\t<div class=\"text-image__content\">\n\t\t\t\t\t\t\t\t\t\t<div class=\"fw-semibold lh-xs fs-20 fs-lg-32 ls--25 mb-5\">Mercure Rochefort La Corderie Royale<\/div>\n\t\t\t\t\t\t\t\t\t\t\t\t\t\t\t<div class=\"fs-wysiwyg\">\n\t\t\t\t\t\t<p aria-level=\"4\"><span data-contrast=\"none\">Testimone di un&#8217;epoca d&#8217;oro della Charente-Maritime, la <a href=\"https:\/\/myallmeeting.com\/it\/hotel\/b2q7-hotel-mercure-rochefort-la-corderie-royale-opening-april-2018\/\">Corderie Royale<\/a>, a Rochefort, \u00e8 una vera e propria istituzione. Fino al XIX\u202fsecolo vi si fabbricavano corde per le imbarcazioni navali. Oggi questa grande fabbrica \u00e8 diventata un museo. Ma \u00e8 anche possibile alloggiarvi!<\/span><span data-ccp-props=\"{&quot;134233117&quot;:true,&quot;134233118&quot;:true,&quot;201341983&quot;:0,&quot;335551550&quot;:6,&quot;335551620&quot;:6,&quot;335557856&quot;:16119028,&quot;335559738&quot;:165,&quot;335559739&quot;:165,&quot;335559740&quot;:240}\">\u00a0<\/span><\/p>\n<p aria-level=\"4\"><span data-contrast=\"none\">L&#8217;hotel rispetta lo spirito del luogo. <\/span><b><span data-contrast=\"none\">Grazie ai suoi 370mq di superficie, alle 5 camere luminose, al giardino interno alberato, e senza dimenticare le sue camere moderne e spaziose<\/span><\/b><span data-contrast=\"none\">, risulta molto piacevole lavorare in questo contesto prestigioso, soprattutto in occasione di convention ed altri eventi importanti.<\/span><span data-ccp-props=\"{&quot;134233117&quot;:true,&quot;134233118&quot;:true,&quot;201341983&quot;:0,&quot;335551550&quot;:6,&quot;335551620&quot;:6,&quot;335557856&quot;:16119028,&quot;335559738&quot;:165,&quot;335559739&quot;:165,&quot;335559740&quot;:240}\">\u00a0<\/span><\/p>\n\t\t\t\t\t<\/div>\n\t\t\t\t\t\t\t\t\t<\/div>\n\t\t\t<\/div>    \n\t\t\t    \n\t\t\t<div class=\"col-lg-6 order-first order-lg-last mb-7 mb-lg-0\">\n\t\t\t\t<img decoding=\"async\" src=\"https:\/\/www.myallmeeting.com\/wp-content\/uploads\/2019\/11\/5332-93-953x600.jpg\" width=\"953\" height=\"600\" alt=\"\" loading=\"lazy\" class=\"w-100\" \/>\n\t\t\t<\/div>\n\t\t\t\t\t<\/div>\n\t<\/div>\n<\/div>\n<!-- END OF : Composant : block-periscope-theme-section-composant-33-texte-image.php -->\n\n\n<!-- START OF : Composant : block-periscope-theme-section-composant-33-texte-image.php -->\n<div class=\"text-image fs-wysiwyg mb-8 mb-lg-12\" data-component=\"33-texte-image\">\n\t<div class=\"container-fluid\" style=\"--bs-gutter-x: 0\">\n\t\t<div class=\"row\" style=\"--bs-gutter-x: 0\">\n\t\t\t\t\t\t<div class=\"col-lg-6 mb-7 mb-lg-0\">\n\t\t\t\t<img decoding=\"async\" src=\"https:\/\/www.myallmeeting.com\/wp-content\/uploads\/2019\/11\/3598-69-953x600.jpg\" width=\"953\" height=\"600\" alt=\"\" loading=\"lazy\" class=\"w-100\" \/>\n\t\t\t<\/div>\n\t\t\t\t\t\t<div class=\"col-lg-6\">\n\t\t\t\t<div class=\"text-image__content\">\n\t\t\t\t\t\t\t\t\t\t<div class=\"fw-semibold lh-xs fs-20 fs-lg-32 ls--25 mb-5\">Ibis Styles La Rochelle Centre<\/div>\n\t\t\t\t\t\t\t\t\t\t\t\t\t\t\t<div class=\"fs-wysiwyg\">\n\t\t\t\t\t\t<p aria-level=\"4\"><span data-contrast=\"none\">A due passi dalla sontuosa Torre dell&#8217;Orologio e dai moli, l<a href=\"https:\/\/myallmeeting.com\/it\/hotel\/0914-ibis-styles-la-rochelle-centre\/\">&#8216;Ibis Styles La Rochelle<\/a> non potrebbe essere in una posizione migliore. Potrete passeggiare come desiderate nell&#8217;incantevole porto turistico e godervi l&#8217;arte di vivere di Charentais.<\/span><span data-ccp-props=\"{&quot;134233117&quot;:true,&quot;134233118&quot;:true,&quot;201341983&quot;:0,&quot;335551550&quot;:6,&quot;335551620&quot;:6,&quot;335557856&quot;:16119028,&quot;335559738&quot;:165,&quot;335559739&quot;:165,&quot;335559740&quot;:240}\">\u00a0<\/span><\/p>\n<p aria-level=\"4\"><span data-contrast=\"none\">Se invece si parla di lavoro, questo hotel tranquillo e accogliente non vi deluder\u00e0. Mette a tua disposizione <\/span><b><span data-contrast=\"none\">una sala MICE di 30mq che pu\u00f2 ospitare 25 persone sedute o 40 a platea<\/span><\/b><span data-contrast=\"none\">. Con un bellissimo calcio balilla e la zona relax annessa, questo soggiorno elegantemente arredato \u00e8 un invito al piacere. Perch\u00e9 \u00e8 dimostrato\u2026 per lavorare nel migliore dei modi, bisogna anche stimolare la propria creativit\u00e0!<\/span><span data-ccp-props=\"{&quot;134233117&quot;:true,&quot;134233118&quot;:true,&quot;201341983&quot;:0,&quot;335551550&quot;:6,&quot;335551620&quot;:6,&quot;335557856&quot;:16119028,&quot;335559738&quot;:165,&quot;335559739&quot;:165,&quot;335559740&quot;:240}\">\u00a0<\/span><\/p>\n\t\t\t\t\t<\/div>\n\t\t\t\t\t\t\t\t\t<\/div>\n\t\t\t<\/div>        \n\t\t<\/div>\n\t<\/div>\n<\/div>\n<!-- END OF : Composant : block-periscope-theme-section-composant-33-texte-image.php -->\n","protected":false},"excerpt":{"rendered":"","protected":false},"featured_media":16036964,"menu_order":0,"template":"","periscope_categorie_tax":[3497],"class_list":["post-16036963","article","type-article","status-publish","has-post-thumbnail","hentry","periscope_categorie_tax-tous-nos-tops-selections-it"],"acf":[],"yoast_head":"<title>Prendete una boccata d&#039;aria fresca durante il vostro seminario a Charente-Maritime!\u00a0 - Accor MyAllMeeting.com<\/title>\n<meta name=\"robots\" content=\"index, follow, max-snippet:-1, max-image-preview:large, max-video-preview:-1\" \/>\n<link rel=\"canonical\" href=\"https:\/\/www.myallmeeting.com\/it\/wp-json\/wp\/v2\/article\/16036963\" \/>\n<meta property=\"og:locale\" content=\"it_IT\" \/>\n<meta property=\"og:type\" content=\"article\" \/>\n<meta property=\"og:title\" content=\"Prendete una boccata d&#039;aria fresca durante il vostro seminario a Charente-Maritime!\u00a0 - Accor MyAllMeeting.com\" \/>\n<meta property=\"og:url\" content=\"https:\/\/www.myallmeeting.com\/it\/article\/prendete-una-boccata-daria-fresca-durante-il-vostro-seminario-a-charente-maritime\/\" \/>\n<meta property=\"og:site_name\" content=\"Accor MyAllMeeting.com\" \/>\n<meta property=\"article:modified_time\" content=\"2024-07-16T13:57:36+00:00\" \/>\n<meta property=\"og:image\" content=\"http:\/\/myallmeeting.com\/wp-content\/uploads\/2019\/11\/4671-26.jpg\" \/>\n\t<meta property=\"og:image:width\" content=\"1024\" \/>\n\t<meta property=\"og:image:height\" content=\"683\" \/>\n\t<meta property=\"og:image:type\" content=\"image\/jpeg\" \/>\n<meta name=\"twitter:card\" content=\"summary_large_image\" \/>\n<meta name=\"twitter:label1\" content=\"Est. reading time\" \/>\n\t<meta name=\"twitter:data1\" content=\"5 minutes\" \/>\n<script type=\"application\/ld+json\" class=\"yoast-schema-graph\">{\"@context\":\"https:\/\/schema.org\",\"@graph\":[{\"@type\":\"WebPage\",\"@id\":\"https:\/\/www.myallmeeting.com\/it\/article\/prendete-una-boccata-daria-fresca-durante-il-vostro-seminario-a-charente-maritime\/\",\"url\":\"https:\/\/www.myallmeeting.com\/it\/article\/prendete-una-boccata-daria-fresca-durante-il-vostro-seminario-a-charente-maritime\/\",\"name\":\"Prendete una boccata d'aria fresca durante il vostro seminario a Charente-Maritime!\u00a0 - Accor MyAllMeeting.com\",\"isPartOf\":{\"@id\":\"https:\/\/www.myallmeeting.com\/it\/#website\"},\"primaryImageOfPage\":{\"@id\":\"https:\/\/www.myallmeeting.com\/it\/article\/prendete-una-boccata-daria-fresca-durante-il-vostro-seminario-a-charente-maritime\/#primaryimage\"},\"image\":{\"@id\":\"https:\/\/www.myallmeeting.com\/it\/article\/prendete-una-boccata-daria-fresca-durante-il-vostro-seminario-a-charente-maritime\/#primaryimage\"},\"thumbnailUrl\":\"https:\/\/www.myallmeeting.com\/wp-content\/uploads\/2019\/11\/4671-26.jpg\",\"datePublished\":\"2019-11-25T11:11:02+00:00\",\"dateModified\":\"2024-07-16T13:57:36+00:00\",\"breadcrumb\":{\"@id\":\"https:\/\/www.myallmeeting.com\/it\/article\/prendete-una-boccata-daria-fresca-durante-il-vostro-seminario-a-charente-maritime\/#breadcrumb\"},\"inLanguage\":\"it-IT\",\"potentialAction\":[{\"@type\":\"ReadAction\",\"target\":[\"https:\/\/www.myallmeeting.com\/it\/article\/prendete-una-boccata-daria-fresca-durante-il-vostro-seminario-a-charente-maritime\/\"]}]},{\"@type\":\"ImageObject\",\"inLanguage\":\"it-IT\",\"@id\":\"https:\/\/www.myallmeeting.com\/it\/article\/prendete-una-boccata-daria-fresca-durante-il-vostro-seminario-a-charente-maritime\/#primaryimage\",\"url\":\"https:\/\/www.myallmeeting.com\/wp-content\/uploads\/2019\/11\/4671-26.jpg\",\"contentUrl\":\"https:\/\/www.myallmeeting.com\/wp-content\/uploads\/2019\/11\/4671-26.jpg\",\"width\":1024,\"height\":683,\"caption\":\"Longe-c\u00f4te\"},{\"@type\":\"BreadcrumbList\",\"@id\":\"https:\/\/www.myallmeeting.com\/it\/article\/prendete-una-boccata-daria-fresca-durante-il-vostro-seminario-a-charente-maritime\/#breadcrumb\",\"itemListElement\":[{\"@type\":\"ListItem\",\"position\":1,\"name\":\"Pagina iniziale\",\"item\":\"https:\/\/myallmeeting.com\/it\/\"},{\"@type\":\"ListItem\",\"position\":2,\"name\":\"Notizie\",\"item\":\"https:\/\/www.myallmeeting.com\/it\/notizie\/\"},{\"@type\":\"ListItem\",\"position\":3,\"name\":\"Prendete una boccata d&rsquo;aria fresca durante il vostro seminario a Charente-Maritime!\u00a0\"}]},{\"@type\":\"WebSite\",\"@id\":\"https:\/\/www.myallmeeting.com\/it\/#website\",\"url\":\"https:\/\/www.myallmeeting.com\/it\/\",\"name\":\"Accor MyAllMeeting.com\",\"description\":\"Les Meilleurs lieux pour vos Ev\u00e9nements Professionnels\",\"publisher\":{\"@id\":\"https:\/\/www.myallmeeting.com\/it\/#organization\"},\"potentialAction\":[{\"@type\":\"SearchAction\",\"target\":{\"@type\":\"EntryPoint\",\"urlTemplate\":\"https:\/\/www.myallmeeting.com\/it\/?s={search_term_string}\"},\"query-input\":{\"@type\":\"PropertyValueSpecification\",\"valueRequired\":true,\"valueName\":\"search_term_string\"}}],\"inLanguage\":\"it-IT\"},{\"@type\":\"Organization\",\"@id\":\"https:\/\/www.myallmeeting.com\/it\/#organization\",\"name\":\"ACCOR\",\"url\":\"https:\/\/www.myallmeeting.com\/it\/\",\"logo\":{\"@type\":\"ImageObject\",\"inLanguage\":\"it-IT\",\"@id\":\"https:\/\/www.myallmeeting.com\/it\/#\/schema\/logo\/image\/\",\"url\":\"\",\"contentUrl\":\"\",\"caption\":\"ACCOR\"},\"image\":{\"@id\":\"https:\/\/www.myallmeeting.com\/it\/#\/schema\/logo\/image\/\"}}]}<\/script>","yoast_head_json":{"title":"Prendete una boccata d'aria fresca durante il vostro seminario a Charente-Maritime!\u00a0 - Accor MyAllMeeting.com","robots":{"index":"index","follow":"follow","max-snippet":"max-snippet:-1","max-image-preview":"max-image-preview:large","max-video-preview":"max-video-preview:-1"},"canonical":"https:\/\/www.myallmeeting.com\/it\/wp-json\/wp\/v2\/article\/16036963","og_locale":"it_IT","og_type":"article","og_title":"Prendete una boccata d'aria fresca durante il vostro seminario a Charente-Maritime!\u00a0 - Accor MyAllMeeting.com","og_url":"https:\/\/www.myallmeeting.com\/it\/article\/prendete-una-boccata-daria-fresca-durante-il-vostro-seminario-a-charente-maritime\/","og_site_name":"Accor MyAllMeeting.com","article_modified_time":"2024-07-16T13:57:36+00:00","og_image":[{"width":1024,"height":683,"url":"http:\/\/myallmeeting.com\/wp-content\/uploads\/2019\/11\/4671-26.jpg","type":"image\/jpeg"}],"twitter_card":"summary_large_image","twitter_misc":{"Est. reading time":"5 minutes"},"schema":{"@context":"https:\/\/schema.org","@graph":[{"@type":"WebPage","@id":"https:\/\/www.myallmeeting.com\/it\/article\/prendete-una-boccata-daria-fresca-durante-il-vostro-seminario-a-charente-maritime\/","url":"https:\/\/www.myallmeeting.com\/it\/article\/prendete-una-boccata-daria-fresca-durante-il-vostro-seminario-a-charente-maritime\/","name":"Prendete una boccata d'aria fresca durante il vostro seminario a Charente-Maritime!\u00a0 - Accor MyAllMeeting.com","isPartOf":{"@id":"https:\/\/www.myallmeeting.com\/it\/#website"},"primaryImageOfPage":{"@id":"https:\/\/www.myallmeeting.com\/it\/article\/prendete-una-boccata-daria-fresca-durante-il-vostro-seminario-a-charente-maritime\/#primaryimage"},"image":{"@id":"https:\/\/www.myallmeeting.com\/it\/article\/prendete-una-boccata-daria-fresca-durante-il-vostro-seminario-a-charente-maritime\/#primaryimage"},"thumbnailUrl":"https:\/\/www.myallmeeting.com\/wp-content\/uploads\/2019\/11\/4671-26.jpg","datePublished":"2019-11-25T11:11:02+00:00","dateModified":"2024-07-16T13:57:36+00:00","breadcrumb":{"@id":"https:\/\/www.myallmeeting.com\/it\/article\/prendete-una-boccata-daria-fresca-durante-il-vostro-seminario-a-charente-maritime\/#breadcrumb"},"inLanguage":"it-IT","potentialAction":[{"@type":"ReadAction","target":["https:\/\/www.myallmeeting.com\/it\/article\/prendete-una-boccata-daria-fresca-durante-il-vostro-seminario-a-charente-maritime\/"]}]},{"@type":"ImageObject","inLanguage":"it-IT","@id":"https:\/\/www.myallmeeting.com\/it\/article\/prendete-una-boccata-daria-fresca-durante-il-vostro-seminario-a-charente-maritime\/#primaryimage","url":"https:\/\/www.myallmeeting.com\/wp-content\/uploads\/2019\/11\/4671-26.jpg","contentUrl":"https:\/\/www.myallmeeting.com\/wp-content\/uploads\/2019\/11\/4671-26.jpg","width":1024,"height":683,"caption":"Longe-c\u00f4te"},{"@type":"BreadcrumbList","@id":"https:\/\/www.myallmeeting.com\/it\/article\/prendete-una-boccata-daria-fresca-durante-il-vostro-seminario-a-charente-maritime\/#breadcrumb","itemListElement":[{"@type":"ListItem","position":1,"name":"Pagina iniziale","item":"https:\/\/myallmeeting.com\/it\/"},{"@type":"ListItem","position":2,"name":"Notizie","item":"https:\/\/www.myallmeeting.com\/it\/notizie\/"},{"@type":"ListItem","position":3,"name":"Prendete una boccata d&rsquo;aria fresca durante il vostro seminario a Charente-Maritime!\u00a0"}]},{"@type":"WebSite","@id":"https:\/\/www.myallmeeting.com\/it\/#website","url":"https:\/\/www.myallmeeting.com\/it\/","name":"Accor MyAllMeeting.com","description":"Les Meilleurs lieux pour vos Ev\u00e9nements Professionnels","publisher":{"@id":"https:\/\/www.myallmeeting.com\/it\/#organization"},"potentialAction":[{"@type":"SearchAction","target":{"@type":"EntryPoint","urlTemplate":"https:\/\/www.myallmeeting.com\/it\/?s={search_term_string}"},"query-input":{"@type":"PropertyValueSpecification","valueRequired":true,"valueName":"search_term_string"}}],"inLanguage":"it-IT"},{"@type":"Organization","@id":"https:\/\/www.myallmeeting.com\/it\/#organization","name":"ACCOR","url":"https:\/\/www.myallmeeting.com\/it\/","logo":{"@type":"ImageObject","inLanguage":"it-IT","@id":"https:\/\/www.myallmeeting.com\/it\/#\/schema\/logo\/image\/","url":"","contentUrl":"","caption":"ACCOR"},"image":{"@id":"https:\/\/www.myallmeeting.com\/it\/#\/schema\/logo\/image\/"}}]}},"_links":{"self":[{"href":"https:\/\/www.myallmeeting.com\/it\/wp-json\/wp\/v2\/article\/16036963","targetHints":{"allow":["GET"]}}],"collection":[{"href":"https:\/\/www.myallmeeting.com\/it\/wp-json\/wp\/v2\/article"}],"about":[{"href":"https:\/\/www.myallmeeting.com\/it\/wp-json\/wp\/v2\/types\/article"}],"wp:featuredmedia":[{"embeddable":true,"href":"https:\/\/www.myallmeeting.com\/it\/wp-json\/wp\/v2\/media\/16036964"}],"wp:attachment":[{"href":"https:\/\/www.myallmeeting.com\/it\/wp-json\/wp\/v2\/media?parent=16036963"}],"wp:term":[{"taxonomy":"periscope_categorie_tax","embeddable":true,"href":"https:\/\/www.myallmeeting.com\/it\/wp-json\/wp\/v2\/periscope_categorie_tax?post=16036963"}],"curies":[{"name":"wp","href":"https:\/\/api.w.org\/{rel}","templated":true}]}}