{"id":16036444,"date":"2022-02-24T15:36:11","date_gmt":"2022-02-24T14:36:11","guid":{"rendered":"https:\/\/myallmeeting.com\/article\/la-tete-dans-les-nuages-au-pullman-paris-montparnasse\/"},"modified":"2024-07-16T13:08:51","modified_gmt":"2024-07-16T11:08:51","slug":"testa-tra-le-nuvole-al-pullman-paris-montparnasse","status":"publish","type":"article","link":"https:\/\/www.myallmeeting.com\/it\/article\/testa-tra-le-nuvole-al-pullman-paris-montparnasse\/","title":{"rendered":"Testa tra le nuvole al Pullman Paris Montparnasse\u00a0"},"content":{"rendered":"<!-- START OF : Composant : block-periscope-theme-section-composant-25-texte-cta-2-images.php -->\n<div class=\"tcta2ia bg-white fs-wysiwyg mb-lg-12\" data-component=\"25-texte-cta-2-images\">\n\t<div class=\"tcta2ia__top\">\n\t\t<div class=\"container-fluid\" style=\"--bs-gutter-x: 0\">\n\t\t\t<div class=\"row\" style=\"--bs-gutter-x: 0\">\n\t\t\t\t<div class=\"col-lg-8\">\n\t\t\t\t\t\t\t\t\t\t<div class=\"bloc-mise-en-avant__top__left\">\n\t\t\t\t\t\t<img decoding=\"async\" src=\"https:\/\/www.myallmeeting.com\/wp-content\/uploads\/2022\/02\/6409-72-1268x846.jpg\" class=\"pe-2 pe-lg-0\" width=\"1268\" height=\"846\" alt=\"\" loading=\"lazy\" \/>\n\t\t\t\t\t<\/div>\n\t\t\t\t\t\t\t\t\t\t<div class=\"tcta2ia__bottom d-none d-lg-block pb-12 pt-lg-9 pb-lg-0 pe-lg-10\">\n\t\t\t\t\t\t\t\t\t\t\t\t<h2 class=\"fs-20 fs-lg-32 fw-semibold\">Architettura innovativa e design tagliente <\/h2>\n\t\t\t\t\t\t\t\t\t\t\t\t\t\t\t\t\t\t<div class=\"fs-wysiwyg\"><p><span data-contrast=\"none\">Cuore pulsante di questo insieme, il Pullman Paris Montparnasse non mancher\u00e0 di stupire i suoi clienti abituali. Se riconosceranno senza fatica l&#8217;esterno dell&#8217;edificio &#8211; <\/span><b><span data-contrast=\"none\">vero faro del quartiere di 115 m di altezza<\/span><\/b><span data-contrast=\"none\"> -, saranno sorpresi dall&#8217;interno.<\/span><span data-ccp-props=\"{&quot;201341983&quot;:0,&quot;335551550&quot;:6,&quot;335551620&quot;:6,&quot;335557856&quot;:16119028,&quot;335559738&quot;:165,&quot;335559739&quot;:165,&quot;335559740&quot;:240}\">\u00a0<\/span><\/p>\n<p><span data-contrast=\"none\">Entrando nella lobby, non si pu\u00f2 non cogliere<\/span><b><span data-contrast=\"none\"> l&#8217;estetica tagliente che regna in questo luogo di vita moderno e urbano, orientato all&#8217;innovazione.\u00a0<\/span><\/b><span data-ccp-props=\"{&quot;201341983&quot;:0,&quot;335551550&quot;:6,&quot;335551620&quot;:6,&quot;335557856&quot;:16119028,&quot;335559738&quot;:165,&quot;335559739&quot;:165,&quot;335559740&quot;:240}\">\u00a0<\/span><\/p>\n<p><span data-contrast=\"none\">Il duo di designer Benjamin Clarens e Yann Martin, fondatori di CUT Architectures, ha immaginato questi spazi, aperti, che alternano<\/span><b><span data-contrast=\"none\"> zone di connessione e di respirazione<\/span><\/b><span data-contrast=\"none\">. Linee concentriche accompagnano intelligentemente la direzione del movimento dei visitatori, e nonostante spazi fuori dal comune, \u00e8 difficile smarrirsi: <\/span><b><span data-contrast=\"none\">tutto \u00e8 chiaro, perfettamente indicato <\/span><\/b><span data-contrast=\"none\">ed \u00e8 tutto naturale che il viaggiatore si diriga verso la sua <\/span><b><span data-contrast=\"none\">zona di check-in specifica <\/span><\/b><span data-contrast=\"none\">(turismo, affari, VIP).\u00a0<\/span><span data-ccp-props=\"{&quot;201341983&quot;:0,&quot;335551550&quot;:6,&quot;335551620&quot;:6,&quot;335557856&quot;:16119028,&quot;335559738&quot;:165,&quot;335559739&quot;:165,&quot;335559740&quot;:240}\">\u00a0<\/span><\/p>\n<p><span data-contrast=\"none\">Senza contare che al minimo dubbio, i team dell&#8217;hotel sono presenti e sempre molto attenti agli ospiti.<\/span><span data-ccp-props=\"{&quot;201341983&quot;:0,&quot;335551550&quot;:6,&quot;335551620&quot;:6,&quot;335557856&quot;:16119028,&quot;335559738&quot;:165,&quot;335559739&quot;:165,&quot;335559740&quot;:240}\">\u00a0<\/span><\/p>\n<\/div>\n\t\t\t\t\t\t\t\t\t\t\t\t<div class=\"d-flex flex-column flex-lg-row align-items-center gap-5 gap-lg-8 justify-content-between\">\n\t\t\t\t\t\t\t<div class=\"fs-20 fs-lg-26 fw-semibold lh-xs\"><\/div>\n\t\t\t\t\t\t\t\t\t\t\t\t\t<\/div>\n\t\t\t\t\t<\/div>\n\t\t\t\t<\/div>\n\t\t\t\t<div class=\"col-lg-4\">\n\t\t\t\t\t<div class=\"tcta2ia__top__right t-0 r-0 bg-primary text-white pt-4 pb-4 px-2 pt-lg-8 pb-lg-16 px-lg-11 pb-xl-30\">\n\t\t\t\t\t\t\t\t\t\t\t\t\t\t\t\t\t\t<h2 class=\"unna fs-36 fs-lg-51 fs-xl-75 fs-italic fw-normal text-secondary\">Testa tra le nuvole al Pullman Paris Montparnasse <\/h2>\n\t\t\t\t\t\t\t\t\t\t\t\t\t\t\t\t\t\t<h3 class=\"text-white fs-18 fs-lg-20 fs-xl-28 text-original-case\">Dopo un ambizioso programma di trasformazione, il pi\u00f9 grande hotel Pullman d&#039;Europa, il Pullman Paris Montparnasse ha aperto le sue porte nel 2021. Questo eccezionale quattro stelle con 957 camere \u00e8 stato completamente rimodellato e riprogettato. \u00abFlagship\u00bb del marchio Pullman e dotato di una capacit\u00e0 MICE d&#039;eccezione, il Pullman Paris Montparnasse vi stupir\u00e0. <\/h3>\n\t\t\t\t\t\t\t\t\t\t\t\t\t\t\t\t\t\t<div class=\"fs-wysiwyg mb-4 fs-lg-16 fs-xl-20\"><p><i><span data-contrast=\"none\">Dopo un ambizioso programma di trasformazione, il pi\u00f9 grande hotel Pullman d&#8217;Europa, il <\/span><\/i><b><i><span data-contrast=\"none\">Pullman Paris Montparnasse<\/span><\/i><\/b><i><span data-contrast=\"none\"> ha aperto le sue porte nel 2021. Questo eccezionale quattro stelle con 957 camere \u00e8 stato completamente rimodellato e riprogettato. \u00abFlagship\u00bb del marchio Pullman e dotato di una capacit\u00e0 MICE d&#8217;eccezione, il Pullman Paris Montparnasse vi stupir\u00e0.<\/span><\/i><span data-ccp-props=\"{&quot;201341983&quot;:0,&quot;335551550&quot;:6,&quot;335551620&quot;:6,&quot;335557856&quot;:16119028,&quot;335559739&quot;:165,&quot;335559740&quot;:240}\">\u00a0<\/span><\/p>\n<p><i><span data-contrast=\"none\">Fin dagli anni Venti e dalla loro effervescenza festiva e culturale, il quartiere di Montparnasse non ha mai smesso di vibrare! Ancora oggi pulsa al ritmo dei suoi<\/span><\/i><b><i><span data-contrast=\"none\"> jazz club<\/span><\/i><\/b><i><span data-contrast=\"none\">, della sua <\/span><\/i><b><i><span data-contrast=\"none\">offerta culturale<\/span><\/i><\/b><i><span data-contrast=\"none\"> e dei <\/span><\/i><b><i><span data-contrast=\"none\">suoi caff\u00e8 leggendari.<\/span><\/i><\/b><i><span data-contrast=\"none\"> Con la nascita degli <\/span><\/i><b><i><span data-contrast=\"none\">Ateliers Ga\u00eet\u00e9<\/span><\/i><\/b><i><span data-contrast=\"none\">, questo quartiere iconico della capitale ha preso un nuovo slancio.\u00a0<\/span><\/i><span data-ccp-props=\"{&quot;201341983&quot;:0,&quot;335551550&quot;:6,&quot;335551620&quot;:6,&quot;335557856&quot;:16119028,&quot;335559738&quot;:165,&quot;335559739&quot;:165,&quot;335559740&quot;:240}\">\u00a0<\/span><\/p>\n<p><i><span data-contrast=\"none\">L&#8217;idea:<\/span><\/i><b><i><span data-contrast=\"none\"> riunire in un&#8217;unica isola un centro commerciale, delle abitazioni, degli uffici, una palestra, una biblioteca&#8230; e il Pullman Paris Montparnasse.<\/span><\/i><\/b><i><span data-contrast=\"none\"> Ancora pi\u00f9 turismo, viaggi d&#8217;affari e una vita di quartiere dinamica: ecco l&#8217;ambizioso programma degli Ateliers Ga\u00eet\u00e9.<\/span><\/i><span data-ccp-props=\"{&quot;201341983&quot;:0,&quot;335551550&quot;:6,&quot;335551620&quot;:6,&quot;335557856&quot;:16119028,&quot;335559738&quot;:165,&quot;335559739&quot;:165,&quot;335559740&quot;:240}\">\u00a0<\/span><\/p>\n<p><strong><a href=\"https:\/\/myallmeeting.com\/fr\/hotel\/8189-pullman-paris-montparnasse\/\">Per organizzare il vostro prossimo seminario al Pullman Paris Montparnasse<\/a><\/strong><\/p>\n<\/div>\n\t\t\t\t\t\t\t\t\t\t\t\t\t\t\t\t\t\t\t\t\t\t\t\t<p class=\"m-0\"><img decoding=\"async\" src=\"https:\/\/www.myallmeeting.com\/wp-content\/uploads\/2022\/02\/6965-63-633x398.jpg\" class=\"position-relative l-0\" width=\"633\" height=\"398\" alt=\"\" loading=\"lazy\" \/><\/p>\n\t\t\t\t\t\t\t\t\t\t\t<\/div>\n\t\t\t\t<\/div>\n\t\t\t<\/div>\n\t\t<\/div>\n\t<\/div>\n\t<div class=\"tcta2ia__bottom d-lg-none pb-12 py-lg-9 pe-lg-10\">\n\t\t\t\t<div class=\"h2 fs-20 fs-lg-32 fw-semibold\">Architettura innovativa e design tagliente <\/div>\n\t\t\t\t\t\t<div class=\"fs-wysiwyg\"><p><span data-contrast=\"none\">Cuore pulsante di questo insieme, il Pullman Paris Montparnasse non mancher\u00e0 di stupire i suoi clienti abituali. Se riconosceranno senza fatica l&#8217;esterno dell&#8217;edificio &#8211; <\/span><b><span data-contrast=\"none\">vero faro del quartiere di 115 m di altezza<\/span><\/b><span data-contrast=\"none\"> -, saranno sorpresi dall&#8217;interno.<\/span><span data-ccp-props=\"{&quot;201341983&quot;:0,&quot;335551550&quot;:6,&quot;335551620&quot;:6,&quot;335557856&quot;:16119028,&quot;335559738&quot;:165,&quot;335559739&quot;:165,&quot;335559740&quot;:240}\">\u00a0<\/span><\/p>\n<p><span data-contrast=\"none\">Entrando nella lobby, non si pu\u00f2 non cogliere<\/span><b><span data-contrast=\"none\"> l&#8217;estetica tagliente che regna in questo luogo di vita moderno e urbano, orientato all&#8217;innovazione.\u00a0<\/span><\/b><span data-ccp-props=\"{&quot;201341983&quot;:0,&quot;335551550&quot;:6,&quot;335551620&quot;:6,&quot;335557856&quot;:16119028,&quot;335559738&quot;:165,&quot;335559739&quot;:165,&quot;335559740&quot;:240}\">\u00a0<\/span><\/p>\n<p><span data-contrast=\"none\">Il duo di designer Benjamin Clarens e Yann Martin, fondatori di CUT Architectures, ha immaginato questi spazi, aperti, che alternano<\/span><b><span data-contrast=\"none\"> zone di connessione e di respirazione<\/span><\/b><span data-contrast=\"none\">. Linee concentriche accompagnano intelligentemente la direzione del movimento dei visitatori, e nonostante spazi fuori dal comune, \u00e8 difficile smarrirsi: <\/span><b><span data-contrast=\"none\">tutto \u00e8 chiaro, perfettamente indicato <\/span><\/b><span data-contrast=\"none\">ed \u00e8 tutto naturale che il viaggiatore si diriga verso la sua <\/span><b><span data-contrast=\"none\">zona di check-in specifica <\/span><\/b><span data-contrast=\"none\">(turismo, affari, VIP).\u00a0<\/span><span data-ccp-props=\"{&quot;201341983&quot;:0,&quot;335551550&quot;:6,&quot;335551620&quot;:6,&quot;335557856&quot;:16119028,&quot;335559738&quot;:165,&quot;335559739&quot;:165,&quot;335559740&quot;:240}\">\u00a0<\/span><\/p>\n<p><span data-contrast=\"none\">Senza contare che al minimo dubbio, i team dell&#8217;hotel sono presenti e sempre molto attenti agli ospiti.<\/span><span data-ccp-props=\"{&quot;201341983&quot;:0,&quot;335551550&quot;:6,&quot;335551620&quot;:6,&quot;335557856&quot;:16119028,&quot;335559738&quot;:165,&quot;335559739&quot;:165,&quot;335559740&quot;:240}\">\u00a0<\/span><\/p>\n<\/div>\n\t\t\t\t<div class=\"d-flex flex-column flex-lg-row align-items-center gap-5 gap-lg-8 justify-content-between\">\n\t\t\t<div class=\"fs-20 fs-lg-26 fw-semibold lh-xs\"><\/div>\n\t\t\t\t\t<\/div>\n\t<\/div>\n<\/div>\n<!-- END OF : Composant : block-periscope-theme-section-composant-25-texte-cta-2-images.php -->\n\n\n<!-- START OF : Composant : block-periscope-theme-section-composant-33-texte-image.php -->\n<div class=\"text-image fs-wysiwyg mb-8 mb-lg-12\" data-component=\"33-texte-image\">\n\t<div class=\"container-fluid\" style=\"--bs-gutter-x: 0\">\n\t\t<div class=\"row\" style=\"--bs-gutter-x: 0\">\n\t\t\t\t\t\t<div class=\"col-lg-6 mb-7 mb-lg-0\">\n\t\t\t\t<img decoding=\"async\" src=\"https:\/\/www.myallmeeting.com\/wp-content\/uploads\/2022\/02\/6130-50-953x600.jpg\" width=\"953\" height=\"600\" alt=\"\" loading=\"lazy\" class=\"w-100\" \/>\n\t\t\t<\/div>\n\t\t\t\t\t\t<div class=\"col-lg-6\">\n\t\t\t\t<div class=\"text-image__content\">\n\t\t\t\t\t\t\t\t\t\t<div class=\"fw-semibold lh-xs fs-20 fs-lg-32 ls--25 mb-5\">Capacit\u00e0 MICE straordinarie &#8230; <\/div>\n\t\t\t\t\t\t\t\t\t\t\t\t\t\t\t<div class=\"fs-wysiwyg\">\n\t\t\t\t\t\t<p><span data-contrast=\"none\">Tre piani dedicati, 6000 m<\/span><span data-contrast=\"none\">2<\/span><span data-contrast=\"none\">,<\/span><b><span data-contrast=\"none\"> una cinquantina di sale riunioni<\/span><\/b><span data-contrast=\"none\"> completamente illuminate alla<\/span><b><span data-contrast=\"none\"> luce del giorno<\/span><\/b><span data-contrast=\"none\">&#8230; Il centro eventi del Pullman Paris Montparnasse \u00e8 eccezionale. A partire dalla sua <\/span><b><i><span data-contrast=\"none\">Grand Ballroom <\/span><\/i><\/b><span data-contrast=\"none\">dallo stile inimitabile, dalle dimensioni impressionanti e inondata di luce naturale. Pu\u00f2 infatti ospitare fino a 700<\/span><b><span data-contrast=\"none\"> persone nei suoi 742 m<\/span><\/b><b><span data-contrast=\"none\">2<\/span><\/b><span data-contrast=\"none\">. Divisibile in quattro parti, si adatta perfettamente alle dimensioni del vostro evento. Cene di gala, conferenze stampa, sfilate, concerti, lancio di prodotti&#8230; Le possibilit\u00e0 di utilizzo sono infinite!<\/span><span data-ccp-props=\"{&quot;201341983&quot;:0,&quot;335551550&quot;:6,&quot;335551620&quot;:6,&quot;335557856&quot;:16119028,&quot;335559738&quot;:165,&quot;335559739&quot;:165,&quot;335559740&quot;:240}\">\u00a0<\/span><\/p>\n<p><span data-contrast=\"none\">La Ballroom \u00e8 adatta a molteplici usi! Grazie ai suoi cerchi luminosi, pilotabili, un&#8217;acustica controllata al millimetro e uno schermo di 4 metri per 8, si pu\u00f2 immaginare una vera <\/span><b><span data-contrast=\"none\">scenografia<\/span><\/b><span data-contrast=\"none\"> e realizzare un <\/span><b><i><span data-contrast=\"none\">evento<\/span><\/i><\/b><span data-contrast=\"none\"> alla <\/span><b><span data-contrast=\"none\">vostra immagine.<\/span><\/b><span data-contrast=\"none\"> Un dettaglio, che non lo \u00e8: \u00e8 stato previsto un montacarichi per trasportare prodotti pesanti, come le automobili.<\/span><span data-ccp-props=\"{&quot;201341983&quot;:0,&quot;335551550&quot;:6,&quot;335551620&quot;:6,&quot;335557856&quot;:16119028,&quot;335559738&quot;:165,&quot;335559739&quot;:165,&quot;335559740&quot;:240}\">\u00a0<\/span><\/p>\n\t\t\t\t\t<\/div>\n\t\t\t\t\t\t\t\t\t<\/div>\n\t\t\t<\/div>        \n\t\t<\/div>\n\t<\/div>\n<\/div>\n<!-- END OF : Composant : block-periscope-theme-section-composant-33-texte-image.php -->\n\n\n<!-- START OF : Composant : block-periscope-theme-section-composant-33-texte-image.php -->\n<!-- INVERSE -->\n<div class=\"text-image fs-wysiwyg mb-8 mb-lg-12\" data-component=\"33-texte-image\" data-reverse=\"oui\">\n\t<div class=\"container-fluid\" style=\"--bs-gutter-x: 0\">\n\t\t<div class=\"row\" style=\"--bs-gutter-x: 0\">\n\t\t\t<div class=\"col-lg-6\">\n\t\t\t\t<div class=\"text-image__content\">\n\t\t\t\t\t\t\t\t\t\t<div class=\"fw-semibold lh-xs fs-20 fs-lg-32 ls--25 mb-5\">&#8230; Adatte a tutti i tipi di eventi!\u202f <\/div>\n\t\t\t\t\t\t\t\t\t\t\t\t\t\t\t<div class=\"fs-wysiwyg\">\n\t\t\t\t\t\t<p><span data-contrast=\"none\">Intorno alla Grand Ballroom si trovano il <\/span><b><span data-contrast=\"none\">Foyer<\/span><\/b><span data-contrast=\"none\"> e i <\/span><b><span data-contrast=\"none\">Grand Studios<\/span><\/b><span data-contrast=\"none\"> dove si possono organizzare anche eventi di grande formato, come ad esempio <\/span><b><span data-contrast=\"none\">cocktail.<\/span><\/b><span data-contrast=\"none\"> Flessibili, i Grand Studios saranno adatti anche ad incontri pi\u00f9 intimi, come seminari o corsi di formazione.<\/span><span data-ccp-props=\"{&quot;201341983&quot;:0,&quot;335551550&quot;:6,&quot;335551620&quot;:6,&quot;335557856&quot;:16119028,&quot;335559738&quot;:165,&quot;335559739&quot;:165,&quot;335559740&quot;:240}\">\u00a0<\/span><\/p>\n<p><span data-contrast=\"none\">Ora andiamo al <\/span><b><i><span data-contrast=\"none\">Piano verde<\/span><\/i><\/b><i><span data-contrast=\"none\">: <\/span><\/i><b><i><span data-contrast=\"none\">13 saloni<\/span><\/i><\/b><b><span data-contrast=\"none\">,<\/span><\/b><span data-contrast=\"none\">\u202fmolto vicini a una\u202f<\/span><b><span data-contrast=\"none\">terrazza verde di 800 m<\/span><\/b><b><span data-contrast=\"none\">2<\/span><\/b><span data-contrast=\"none\">. Al Pullman Paris Montparnasse, la politica RSI \u00e8 un pilastro fondamentale e questo piano ne \u00e8 l&#8217;illustrazione, con in evidenza la<\/span><b><span data-contrast=\"none\"> Green Suite<\/span><\/b><span data-contrast=\"none\">, un salone esecutivo d&#8217;eccezione dotato di una sala da pranzo e di una <\/span><b><span data-contrast=\"none\">terrazza privatizzabile.<\/span><\/b><span data-contrast=\"none\"> Nello stesso spirito \u00abracchiuso\u00bb, va notato che <\/span><b><span data-contrast=\"none\">19 camere sono convertibili in sale riunioni.<\/span><\/b><span data-ccp-props=\"{&quot;201341983&quot;:0,&quot;335551550&quot;:6,&quot;335551620&quot;:6,&quot;335557856&quot;:16119028,&quot;335559738&quot;:165,&quot;335559739&quot;:165,&quot;335559740&quot;:240}\">\u00a0<\/span><\/p>\n<p><span data-contrast=\"none\">E se volete <\/span><b><span data-contrast=\"none\">distruggere i codici del meeting tradizionale<\/span><\/b><span data-contrast=\"none\"> e beneficiare di una<\/span><b><span data-contrast=\"none\"> cornice interattiva<\/span><\/b><span data-contrast=\"none\"> per creare un <\/span><i><span data-contrast=\"none\">evento<\/span><\/i><span data-contrast=\"none\"> che lasci il segno, vai nello <\/span><b><span data-contrast=\"none\">spazio immersivo C2<\/span><\/b><span data-contrast=\"none\">, un incredibile parco giochi di <\/span><b><span data-contrast=\"none\">1500 m<\/span><\/b><b><span data-contrast=\"none\"> 2<\/span><\/b><span data-contrast=\"none\"> progettato per eventi aziendali pre-evento, dove la creativit\u00e0 si esprime. In questo luogo stravagante, ritroviamo <\/span><b><span data-contrast=\"none\">Le Garden<\/span><\/b><span data-contrast=\"none\"> per rilassarsi, <\/span><b><span data-contrast=\"none\">l&#8217;Hangar<\/span><\/b><span data-contrast=\"none\"> per creare, un <\/span><b><span data-contrast=\"none\">Forum<\/span><\/b><span data-contrast=\"none\"> per divertirsi&#8230; Ci immergiamo nello <\/span><b><span data-contrast=\"none\">spirito <\/span><\/b><b><i><span data-contrast=\"none\">\u00abplayground\u00bb<\/span><\/i><\/b><span data-contrast=\"none\">, caro al marchio Pullman!<\/span><span data-ccp-props=\"{&quot;201341983&quot;:0,&quot;335551550&quot;:6,&quot;335551620&quot;:6,&quot;335557856&quot;:16119028,&quot;335559738&quot;:165,&quot;335559739&quot;:165,&quot;335559740&quot;:240}\">\u00a0<\/span><\/p>\n\t\t\t\t\t<\/div>\n\t\t\t\t\t\t\t\t\t<\/div>\n\t\t\t<\/div>    \n\t\t\t    \n\t\t\t<div class=\"col-lg-6 order-first order-lg-last mb-7 mb-lg-0\">\n\t\t\t\t<img decoding=\"async\" src=\"https:\/\/www.myallmeeting.com\/wp-content\/uploads\/2022\/02\/6130-52-953x600.jpg\" width=\"953\" height=\"600\" alt=\"\" loading=\"lazy\" class=\"w-100\" \/>\n\t\t\t<\/div>\n\t\t\t\t\t<\/div>\n\t<\/div>\n<\/div>\n<!-- END OF : Composant : block-periscope-theme-section-composant-33-texte-image.php -->\n\n\n<!-- START OF : Composant : block-periscope-theme-section-composant-33-texte-image.php -->\n<div class=\"text-image fs-wysiwyg mb-8 mb-lg-12\" data-component=\"33-texte-image\">\n\t<div class=\"container-fluid\" style=\"--bs-gutter-x: 0\">\n\t\t<div class=\"row\" style=\"--bs-gutter-x: 0\">\n\t\t\t\t\t\t<div class=\"col-lg-6 mb-7 mb-lg-0\">\n\t\t\t\t<img decoding=\"async\" src=\"https:\/\/www.myallmeeting.com\/wp-content\/uploads\/2022\/02\/6239-80-953x600.jpg\" width=\"953\" height=\"600\" alt=\"\" loading=\"lazy\" class=\"w-100\" \/>\n\t\t\t<\/div>\n\t\t\t\t\t\t<div class=\"col-lg-6\">\n\t\t\t\t<div class=\"text-image__content\">\n\t\t\t\t\t\t\t\t\t\t<div class=\"fw-semibold lh-xs fs-20 fs-lg-32 ls--25 mb-5\">L&#039;arte di vivere al suo apice!\u202f <\/div>\n\t\t\t\t\t\t\t\t\t\t\t\t\t\t\t<div class=\"fs-wysiwyg\">\n\t\t\t\t\t\t<p><span data-contrast=\"none\">Per concludere in bellezza, appuntamento in cima, in quello che \u00e8 uno dei gioielli dell&#8217;hotel: lo <\/span><b><span data-contrast=\"none\">Skybar Paris.<\/span><\/b><span data-contrast=\"none\"> Il secondo pi\u00f9 alto Rooftop bar a cielo aperto di Parigi, offre una <\/span><b><span data-contrast=\"none\">vista mozzafiato sulla capitale. Alla moda e intimo,<\/span><\/b><span data-contrast=\"none\"> questo luogo sar\u00e0 sicuramente uno dei momenti salienti del vostro viaggio. Tanto pi\u00f9 che qui si degustano ottimi piatti dai sapori asiatici, che si possono accompagnare con cocktail d&#8217;autore con o senza alcool. Questo luogo, da non perdere per nessun motivo, pu\u00f2 essere<\/span><b><span data-contrast=\"none\"> privatizzato per gruppi.<\/span><\/b><span data-ccp-props=\"{&quot;201341983&quot;:0,&quot;335551550&quot;:6,&quot;335551620&quot;:6,&quot;335557856&quot;:16119028,&quot;335559738&quot;:165,&quot;335559739&quot;:165,&quot;335559740&quot;:240}\">\u00a0<\/span><\/p>\n<p><span data-contrast=\"none\">Per quanto riguarda la ristorazione, il Pullman Paris Montparnasse \u00e8 la nuova destinazione dei foodies! L&#8217;hotel ha puntato su una gamma di cucine internazionali, che offrono un&#8217;alternativa ricca e golosa ai bistrot del quartiere. Oltre al <\/span><b><span data-contrast=\"none\">servizio in camera<\/span><\/b><span data-contrast=\"none\">, troverete un <\/span><b><span data-contrast=\"none\">Umami Burger<\/span><\/b><span data-contrast=\"none\">, il primo indirizzo in Europa del marchio americano di hamburger gourmet e gustosi, provenienti da Los Angeles. Voglia di un buon ristorante italiano? <\/span><b><span data-contrast=\"none\">Fi\u2019lia <\/span><\/b><span data-contrast=\"none\">\u00e8 qui per voi, con la sua cucina autentica con un bel twist contemporaneo. Infine, per coloro che hanno un po&#8217; di fame prima di una riunione o un <\/span><b><i><span data-contrast=\"none\">incentivo<\/span><\/i><\/b><span data-contrast=\"none\">, <\/span><b><span data-contrast=\"none\">il Grab &amp; Go<\/span><\/b><span data-contrast=\"none\"> \u00e8 esattamente quello che serve.<\/span><span data-ccp-props=\"{&quot;201341983&quot;:0,&quot;335551550&quot;:6,&quot;335551620&quot;:6,&quot;335557856&quot;:16119028,&quot;335559738&quot;:165,&quot;335559739&quot;:165,&quot;335559740&quot;:240}\">\u00a0<\/span><\/p>\n\t\t\t\t\t<\/div>\n\t\t\t\t\t\t\t\t\t<\/div>\n\t\t\t<\/div>        \n\t\t<\/div>\n\t<\/div>\n<\/div>\n<!-- END OF : Composant : block-periscope-theme-section-composant-33-texte-image.php -->\n\n\n<!-- START OF : Composant : block-periscope-theme-section-composant-33-texte-image.php -->\n<!-- INVERSE -->\n<div class=\"text-image fs-wysiwyg mb-8 mb-lg-12\" data-component=\"33-texte-image\" data-reverse=\"oui\">\n\t<div class=\"container-fluid\" style=\"--bs-gutter-x: 0\">\n\t\t<div class=\"row\" style=\"--bs-gutter-x: 0\">\n\t\t\t<div class=\"col-lg-6\">\n\t\t\t\t<div class=\"text-image__content\">\n\t\t\t\t\t\t\t\t\t\t<div class=\"fw-semibold lh-xs fs-20 fs-lg-32 ls--25 mb-5\">Ci vediamo a Parigi! <\/div>\n\t\t\t\t\t\t\t\t\t\t\t\t\t\t\t<div class=\"fs-wysiwyg\">\n\t\t\t\t\t\t<p><span data-contrast=\"none\">Situato <\/span><b><span data-contrast=\"none\">ai piedi della stazione Montparnasse<\/span><\/b><span data-contrast=\"none\">, il Pullman Paris Montparnasse gode di una <\/span><b><span data-contrast=\"none\">posizione eccezionale.<\/span><\/b><span data-contrast=\"none\"> La stazione della metropolitana \u00e8 una <\/span><b><span data-contrast=\"none\">delle pi\u00f9 servite<\/span><\/b><span data-contrast=\"none\"> della capitale e il vostro team pu\u00f2 esplorare la citt\u00e0 e i suoi dintorni senza preoccupazioni.\u00a0<\/span><span data-ccp-props=\"{&quot;201341983&quot;:0,&quot;335551550&quot;:6,&quot;335551620&quot;:6,&quot;335557856&quot;:16119028,&quot;335559738&quot;:165,&quot;335559739&quot;:165,&quot;335559740&quot;:240}\">\u00a0<\/span><\/p>\n<p><span data-contrast=\"none\">Per chi ama passeggiare, il quartiere \u00e8 l&#8217;ideale. Rivela i suoi abiti nascosti a piacere di piccole strade e vicoli ciechi pi\u00f9 affascinanti l&#8217;uno dell&#8217;altro. Potete anche scoprire o riscoprire Saint-Germain-des-Pr\u00e9s o il Quartiere Latino, situati anch&#8217;essi a due passi dal Pullman Paris Montparnasse, che, grazie alle sue rare qualit\u00e0, si inserisce subito nelle migliori destinazioni parigine.<\/span><span data-ccp-props=\"{&quot;201341983&quot;:0,&quot;335551550&quot;:6,&quot;335551620&quot;:6,&quot;335557856&quot;:16119028,&quot;335559738&quot;:165,&quot;335559739&quot;:165,&quot;335559740&quot;:240}\">\u00a0<\/span><\/p>\n\t\t\t\t\t<\/div>\n\t\t\t\t\t\t\t\t\t<\/div>\n\t\t\t<\/div>    \n\t\t\t    \n\t\t\t<div class=\"col-lg-6 order-first order-lg-last mb-7 mb-lg-0\">\n\t\t\t\t<img decoding=\"async\" src=\"https:\/\/www.myallmeeting.com\/wp-content\/uploads\/2022\/02\/6286-84-953x600.jpg\" width=\"953\" height=\"600\" alt=\"\" loading=\"lazy\" class=\"w-100\" \/>\n\t\t\t<\/div>\n\t\t\t\t\t<\/div>\n\t<\/div>\n<\/div>\n<!-- END OF : Composant : block-periscope-theme-section-composant-33-texte-image.php -->\n","protected":false},"excerpt":{"rendered":"","protected":false},"featured_media":15962873,"menu_order":0,"template":"","periscope_categorie_tax":[3646],"class_list":["post-16036444","article","type-article","status-publish","has-post-thumbnail","hentry","periscope_categorie_tax-reportage-du-mois-it"],"acf":[],"yoast_head":"<title>Testa tra le nuvole al Pullman Paris Montparnasse\u00a0 - Accor MyAllMeeting.com<\/title>\n<meta name=\"robots\" content=\"index, follow, max-snippet:-1, max-image-preview:large, max-video-preview:-1\" \/>\n<link rel=\"canonical\" href=\"https:\/\/www.myallmeeting.com\/it\/wp-json\/wp\/v2\/article\/16036444\" \/>\n<meta property=\"og:locale\" content=\"it_IT\" \/>\n<meta property=\"og:type\" content=\"article\" \/>\n<meta property=\"og:title\" content=\"Testa tra le nuvole al Pullman Paris Montparnasse\u00a0 - Accor MyAllMeeting.com\" \/>\n<meta property=\"og:url\" content=\"https:\/\/www.myallmeeting.com\/it\/article\/testa-tra-le-nuvole-al-pullman-paris-montparnasse\/\" \/>\n<meta property=\"og:site_name\" content=\"Accor MyAllMeeting.com\" \/>\n<meta property=\"article:modified_time\" content=\"2024-07-16T11:08:51+00:00\" \/>\n<meta property=\"og:image\" content=\"http:\/\/myallmeeting.com\/wp-content\/uploads\/2022\/02\/Paris-aerial-view.png\" \/>\n\t<meta property=\"og:image:width\" content=\"1920\" \/>\n\t<meta property=\"og:image:height\" content=\"570\" \/>\n\t<meta property=\"og:image:type\" content=\"image\/png\" \/>\n<meta name=\"twitter:card\" content=\"summary_large_image\" \/>\n<meta name=\"twitter:label1\" content=\"Est. reading time\" \/>\n\t<meta name=\"twitter:data1\" content=\"7 minutes\" \/>\n<script type=\"application\/ld+json\" class=\"yoast-schema-graph\">{\"@context\":\"https:\/\/schema.org\",\"@graph\":[{\"@type\":\"WebPage\",\"@id\":\"https:\/\/www.myallmeeting.com\/it\/article\/testa-tra-le-nuvole-al-pullman-paris-montparnasse\/\",\"url\":\"https:\/\/www.myallmeeting.com\/it\/article\/testa-tra-le-nuvole-al-pullman-paris-montparnasse\/\",\"name\":\"Testa tra le nuvole al Pullman Paris Montparnasse\u00a0 - Accor MyAllMeeting.com\",\"isPartOf\":{\"@id\":\"https:\/\/www.myallmeeting.com\/it\/#website\"},\"primaryImageOfPage\":{\"@id\":\"https:\/\/www.myallmeeting.com\/it\/article\/testa-tra-le-nuvole-al-pullman-paris-montparnasse\/#primaryimage\"},\"image\":{\"@id\":\"https:\/\/www.myallmeeting.com\/it\/article\/testa-tra-le-nuvole-al-pullman-paris-montparnasse\/#primaryimage\"},\"thumbnailUrl\":\"https:\/\/www.myallmeeting.com\/wp-content\/uploads\/2022\/02\/Paris-aerial-view.png\",\"datePublished\":\"2022-02-24T14:36:11+00:00\",\"dateModified\":\"2024-07-16T11:08:51+00:00\",\"breadcrumb\":{\"@id\":\"https:\/\/www.myallmeeting.com\/it\/article\/testa-tra-le-nuvole-al-pullman-paris-montparnasse\/#breadcrumb\"},\"inLanguage\":\"it-IT\",\"potentialAction\":[{\"@type\":\"ReadAction\",\"target\":[\"https:\/\/www.myallmeeting.com\/it\/article\/testa-tra-le-nuvole-al-pullman-paris-montparnasse\/\"]}]},{\"@type\":\"ImageObject\",\"inLanguage\":\"it-IT\",\"@id\":\"https:\/\/www.myallmeeting.com\/it\/article\/testa-tra-le-nuvole-al-pullman-paris-montparnasse\/#primaryimage\",\"url\":\"https:\/\/www.myallmeeting.com\/wp-content\/uploads\/2022\/02\/Paris-aerial-view.png\",\"contentUrl\":\"https:\/\/www.myallmeeting.com\/wp-content\/uploads\/2022\/02\/Paris-aerial-view.png\",\"width\":1920,\"height\":570},{\"@type\":\"BreadcrumbList\",\"@id\":\"https:\/\/www.myallmeeting.com\/it\/article\/testa-tra-le-nuvole-al-pullman-paris-montparnasse\/#breadcrumb\",\"itemListElement\":[{\"@type\":\"ListItem\",\"position\":1,\"name\":\"Pagina iniziale\",\"item\":\"https:\/\/myallmeeting.com\/it\/\"},{\"@type\":\"ListItem\",\"position\":2,\"name\":\"Notizie\",\"item\":\"https:\/\/www.myallmeeting.com\/it\/notizie\/\"},{\"@type\":\"ListItem\",\"position\":3,\"name\":\"Testa tra le nuvole al Pullman Paris Montparnasse\u00a0\"}]},{\"@type\":\"WebSite\",\"@id\":\"https:\/\/www.myallmeeting.com\/it\/#website\",\"url\":\"https:\/\/www.myallmeeting.com\/it\/\",\"name\":\"Accor MyAllMeeting.com\",\"description\":\"Les Meilleurs lieux pour vos Ev\u00e9nements Professionnels\",\"publisher\":{\"@id\":\"https:\/\/www.myallmeeting.com\/it\/#organization\"},\"potentialAction\":[{\"@type\":\"SearchAction\",\"target\":{\"@type\":\"EntryPoint\",\"urlTemplate\":\"https:\/\/www.myallmeeting.com\/it\/?s={search_term_string}\"},\"query-input\":{\"@type\":\"PropertyValueSpecification\",\"valueRequired\":true,\"valueName\":\"search_term_string\"}}],\"inLanguage\":\"it-IT\"},{\"@type\":\"Organization\",\"@id\":\"https:\/\/www.myallmeeting.com\/it\/#organization\",\"name\":\"ACCOR\",\"url\":\"https:\/\/www.myallmeeting.com\/it\/\",\"logo\":{\"@type\":\"ImageObject\",\"inLanguage\":\"it-IT\",\"@id\":\"https:\/\/www.myallmeeting.com\/it\/#\/schema\/logo\/image\/\",\"url\":\"\",\"contentUrl\":\"\",\"caption\":\"ACCOR\"},\"image\":{\"@id\":\"https:\/\/www.myallmeeting.com\/it\/#\/schema\/logo\/image\/\"}}]}<\/script>","yoast_head_json":{"title":"Testa tra le nuvole al Pullman Paris Montparnasse\u00a0 - Accor MyAllMeeting.com","robots":{"index":"index","follow":"follow","max-snippet":"max-snippet:-1","max-image-preview":"max-image-preview:large","max-video-preview":"max-video-preview:-1"},"canonical":"https:\/\/www.myallmeeting.com\/it\/wp-json\/wp\/v2\/article\/16036444","og_locale":"it_IT","og_type":"article","og_title":"Testa tra le nuvole al Pullman Paris Montparnasse\u00a0 - Accor MyAllMeeting.com","og_url":"https:\/\/www.myallmeeting.com\/it\/article\/testa-tra-le-nuvole-al-pullman-paris-montparnasse\/","og_site_name":"Accor MyAllMeeting.com","article_modified_time":"2024-07-16T11:08:51+00:00","og_image":[{"width":1920,"height":570,"url":"http:\/\/myallmeeting.com\/wp-content\/uploads\/2022\/02\/Paris-aerial-view.png","type":"image\/png"}],"twitter_card":"summary_large_image","twitter_misc":{"Est. reading time":"7 minutes"},"schema":{"@context":"https:\/\/schema.org","@graph":[{"@type":"WebPage","@id":"https:\/\/www.myallmeeting.com\/it\/article\/testa-tra-le-nuvole-al-pullman-paris-montparnasse\/","url":"https:\/\/www.myallmeeting.com\/it\/article\/testa-tra-le-nuvole-al-pullman-paris-montparnasse\/","name":"Testa tra le nuvole al Pullman Paris Montparnasse\u00a0 - Accor MyAllMeeting.com","isPartOf":{"@id":"https:\/\/www.myallmeeting.com\/it\/#website"},"primaryImageOfPage":{"@id":"https:\/\/www.myallmeeting.com\/it\/article\/testa-tra-le-nuvole-al-pullman-paris-montparnasse\/#primaryimage"},"image":{"@id":"https:\/\/www.myallmeeting.com\/it\/article\/testa-tra-le-nuvole-al-pullman-paris-montparnasse\/#primaryimage"},"thumbnailUrl":"https:\/\/www.myallmeeting.com\/wp-content\/uploads\/2022\/02\/Paris-aerial-view.png","datePublished":"2022-02-24T14:36:11+00:00","dateModified":"2024-07-16T11:08:51+00:00","breadcrumb":{"@id":"https:\/\/www.myallmeeting.com\/it\/article\/testa-tra-le-nuvole-al-pullman-paris-montparnasse\/#breadcrumb"},"inLanguage":"it-IT","potentialAction":[{"@type":"ReadAction","target":["https:\/\/www.myallmeeting.com\/it\/article\/testa-tra-le-nuvole-al-pullman-paris-montparnasse\/"]}]},{"@type":"ImageObject","inLanguage":"it-IT","@id":"https:\/\/www.myallmeeting.com\/it\/article\/testa-tra-le-nuvole-al-pullman-paris-montparnasse\/#primaryimage","url":"https:\/\/www.myallmeeting.com\/wp-content\/uploads\/2022\/02\/Paris-aerial-view.png","contentUrl":"https:\/\/www.myallmeeting.com\/wp-content\/uploads\/2022\/02\/Paris-aerial-view.png","width":1920,"height":570},{"@type":"BreadcrumbList","@id":"https:\/\/www.myallmeeting.com\/it\/article\/testa-tra-le-nuvole-al-pullman-paris-montparnasse\/#breadcrumb","itemListElement":[{"@type":"ListItem","position":1,"name":"Pagina iniziale","item":"https:\/\/myallmeeting.com\/it\/"},{"@type":"ListItem","position":2,"name":"Notizie","item":"https:\/\/www.myallmeeting.com\/it\/notizie\/"},{"@type":"ListItem","position":3,"name":"Testa tra le nuvole al Pullman Paris Montparnasse\u00a0"}]},{"@type":"WebSite","@id":"https:\/\/www.myallmeeting.com\/it\/#website","url":"https:\/\/www.myallmeeting.com\/it\/","name":"Accor MyAllMeeting.com","description":"Les Meilleurs lieux pour vos Ev\u00e9nements Professionnels","publisher":{"@id":"https:\/\/www.myallmeeting.com\/it\/#organization"},"potentialAction":[{"@type":"SearchAction","target":{"@type":"EntryPoint","urlTemplate":"https:\/\/www.myallmeeting.com\/it\/?s={search_term_string}"},"query-input":{"@type":"PropertyValueSpecification","valueRequired":true,"valueName":"search_term_string"}}],"inLanguage":"it-IT"},{"@type":"Organization","@id":"https:\/\/www.myallmeeting.com\/it\/#organization","name":"ACCOR","url":"https:\/\/www.myallmeeting.com\/it\/","logo":{"@type":"ImageObject","inLanguage":"it-IT","@id":"https:\/\/www.myallmeeting.com\/it\/#\/schema\/logo\/image\/","url":"","contentUrl":"","caption":"ACCOR"},"image":{"@id":"https:\/\/www.myallmeeting.com\/it\/#\/schema\/logo\/image\/"}}]}},"_links":{"self":[{"href":"https:\/\/www.myallmeeting.com\/it\/wp-json\/wp\/v2\/article\/16036444","targetHints":{"allow":["GET"]}}],"collection":[{"href":"https:\/\/www.myallmeeting.com\/it\/wp-json\/wp\/v2\/article"}],"about":[{"href":"https:\/\/www.myallmeeting.com\/it\/wp-json\/wp\/v2\/types\/article"}],"wp:featuredmedia":[{"embeddable":true,"href":"https:\/\/www.myallmeeting.com\/it\/wp-json\/wp\/v2\/media\/15962873"}],"wp:attachment":[{"href":"https:\/\/www.myallmeeting.com\/it\/wp-json\/wp\/v2\/media?parent=16036444"}],"wp:term":[{"taxonomy":"periscope_categorie_tax","embeddable":true,"href":"https:\/\/www.myallmeeting.com\/it\/wp-json\/wp\/v2\/periscope_categorie_tax?post=16036444"}],"curies":[{"name":"wp","href":"https:\/\/api.w.org\/{rel}","templated":true}]}}