{"id":16036439,"date":"2017-05-02T18:13:08","date_gmt":"2017-05-02T16:13:08","guid":{"rendered":"https:\/\/myallmeeting.com\/article\/ibis-styles-paris-bercy-un-esprit-street-art-et-start-up-pour-vos-meetings\/"},"modified":"2024-07-16T13:04:42","modified_gmt":"2024-07-16T11:04:42","slug":"ibis-styles-paris-bercy-street-art-e-spirito-di-start-up-per-le-vostre-riunioni","status":"publish","type":"article","link":"https:\/\/www.myallmeeting.com\/it\/article\/ibis-styles-paris-bercy-street-art-e-spirito-di-start-up-per-le-vostre-riunioni\/","title":{"rendered":"Ibis Styles Paris Bercy: street art e spirito di start-up per le vostre riunioni\u00a0"},"content":{"rendered":"<!-- START OF : Composant : block-periscope-theme-section-composant-25-texte-cta-2-images.php -->\n<div class=\"tcta2ia bg-white fs-wysiwyg mb-lg-12\" data-component=\"25-texte-cta-2-images\">\n\t<div class=\"tcta2ia__top\">\n\t\t<div class=\"container-fluid\" style=\"--bs-gutter-x: 0\">\n\t\t\t<div class=\"row\" style=\"--bs-gutter-x: 0\">\n\t\t\t\t<div class=\"col-lg-8\">\n\t\t\t\t\t\t\t\t\t\t<div class=\"bloc-mise-en-avant__top__left\">\n\t\t\t\t\t\t<img decoding=\"async\" src=\"https:\/\/www.myallmeeting.com\/wp-content\/uploads\/2017\/05\/6982-21-1268x846.jpg\" class=\"pe-2 pe-lg-0\" width=\"1268\" height=\"846\" alt=\"r\u00e9union cr\u00e9ative salle\" loading=\"lazy\" \/>\n\t\t\t\t\t<\/div>\n\t\t\t\t\t\t\t\t\t\t<div class=\"tcta2ia__bottom d-none d-lg-block pb-12 pt-lg-9 pb-lg-0 pe-lg-10\">\n\t\t\t\t\t\t\t\t\t\t\t\t\t\t\t\t\t\t<div class=\"fs-wysiwyg\"><p aria-level=\"4\"><span data-contrast=\"none\">Situato ai piedi dell&#8217;imponente <\/span><b><span data-contrast=\"none\">Accor Arena<\/span><\/b><span data-contrast=\"none\">, <\/span><b><span data-contrast=\"none\">l<a href=\"https:\/\/myallmeeting.com\/it\/hotel\/0941-ibis-styles-paris-bercy\/\">&#8216;Ibis Styles Paris Bercy<\/a><\/span><\/b><span data-contrast=\"none\"> si trova a soli 10 minuti di metropolitana dal cuore di Parigi e a due passi dal quartiere Bercy Village e dalle sue numerose attrazioni &#8211; ristoranti, cinema, bar, caffetterie, ecc. \u00c8 raggiungibile molto rapidamente dalla Gare de Lyon, ad una sola fermata di metropolitana sulla linea 14, e anche dalla linea 6. La sua posizione \u00e8 quindi ideale per un soggiorno di lavoro o di piacere.<\/span><span data-ccp-props=\"{&quot;134245418&quot;:true,&quot;134245529&quot;:true,&quot;201341983&quot;:0,&quot;335551550&quot;:6,&quot;335551620&quot;:6,&quot;335557856&quot;:16119028,&quot;335559738&quot;:165,&quot;335559739&quot;:165,&quot;335559740&quot;:259}\">\u00a0<\/span><\/p>\n<p aria-level=\"4\"><b><span data-contrast=\"none\">L&#8217;Ibis Styles Paris Bercy<\/span><\/b><span data-contrast=\"none\"> \u00e8 proprio come il suo quartiere: dinamico, moderno, ispirato dalla musica che risuona nell&#8217;arena adiacente e dalla <\/span><i><span data-contrast=\"none\">street art<\/span><\/i><span data-contrast=\"none\"> del vicino 13\u00b0 arrondissement.\u00a0<\/span><span data-ccp-props=\"{&quot;134245418&quot;:true,&quot;134245529&quot;:true,&quot;201341983&quot;:0,&quot;335551550&quot;:6,&quot;335551620&quot;:6,&quot;335557856&quot;:16119028,&quot;335559738&quot;:165,&quot;335559739&quot;:165,&quot;335559740&quot;:259}\">\u00a0<\/span><\/p>\n<p aria-level=\"4\"><span data-contrast=\"none\">Dalla hall ai piani, la<\/span><i><span data-contrast=\"none\"> street art<\/span><\/i><span data-contrast=\"none\"> \u00e8 presente in tutto l&#8217;hotel. Per garantire che il risultato sia il pi\u00f9 autentico possibile, <\/span><b><span data-contrast=\"none\">l&#8217;Ibis Styles Paris Bercy<\/span><\/b><span data-contrast=\"none\"> ha persino collaborato con la galleria d&#8217;arte Itinerrance per coinvolgere <\/span><i><span data-contrast=\"none\">artisti di strada <\/span><\/i><span data-contrast=\"none\">europei.\u00a0<\/span><span data-ccp-props=\"{&quot;134245418&quot;:true,&quot;134245529&quot;:true,&quot;201341983&quot;:0,&quot;335551550&quot;:6,&quot;335551620&quot;:6,&quot;335557856&quot;:16119028,&quot;335559738&quot;:165,&quot;335559739&quot;:165,&quot;335559740&quot;:259}\">\u00a0<\/span><\/p>\n<p aria-level=\"4\"><span data-contrast=\"none\">A ciascuno degli 8 graffitari selezionati \u00e8 stata data carta bianca su ogni piano. C&#8217;\u00e8 solo una cosa da fare: unire la<\/span><i><span data-contrast=\"none\"> street art<\/span><\/i><span data-contrast=\"none\"> alla musica! Dai corridoi alle camere d&#8217;albergo, ogni piano ha la sua identit\u00e0. Al 4<\/span><span data-contrast=\"none\">\u00b0<\/span><span data-contrast=\"none\"> piano, il pop con i graffiti dell&#8217;artista di Barcellona <\/span><i><span data-contrast=\"none\">B-TOY<\/span><\/i><span data-contrast=\"none\">, che ha riprodotto foto di Nina Simone; al 2<\/span><span data-contrast=\"none\">\u00b0<\/span><span data-contrast=\"none\"> piano, hip-hop e jazz con DAN 23, artista di Strasburgo. Un<\/span><i><span data-contrast=\"none\"> mash-up<\/span><\/i><span data-contrast=\"none\"> pittorico molto interessante, raramente visto in hotel di questa categoria. Tutto completamente rinnovato quest&#8217;anno.<\/span><span data-ccp-props=\"{&quot;134245418&quot;:true,&quot;134245529&quot;:true,&quot;201341983&quot;:0,&quot;335551550&quot;:6,&quot;335551620&quot;:6,&quot;335557856&quot;:16119028,&quot;335559738&quot;:165,&quot;335559739&quot;:165,&quot;335559740&quot;:259}\">\u00a0<\/span><\/p>\n<p>&nbsp;<\/p>\n<\/div>\n\t\t\t\t\t\t\t\t\t\t\t\t<div class=\"d-flex flex-column flex-lg-row align-items-center gap-5 gap-lg-8 justify-content-between\">\n\t\t\t\t\t\t\t<div class=\"fs-20 fs-lg-26 fw-semibold lh-xs\"><\/div>\n\t\t\t\t\t\t\t\t\t\t\t\t\t<\/div>\n\t\t\t\t\t<\/div>\n\t\t\t\t<\/div>\n\t\t\t\t<div class=\"col-lg-4\">\n\t\t\t\t\t<div class=\"tcta2ia__top__right t-0 r-0 bg-primary text-white pt-4 pb-4 px-2 pt-lg-8 pb-lg-16 px-lg-11 pb-xl-30\">\n\t\t\t\t\t\t\t\t\t\t\t\t\t\t\t\t\t\t<h2 class=\"unna fs-36 fs-lg-51 fs-xl-75 fs-italic fw-normal text-secondary\">Ibis Styles Paris Bercy: street art e spirito di start-up per le vostre riunioni <\/h2>\n\t\t\t\t\t\t\t\t\t\t\t\t\t\t\t\t\t\t<h3 class=\"text-white fs-18 fs-lg-20 fs-xl-28 text-original-case\">Spazi flessibili e spirito street art per giovani imprenditori. <\/h3>\n\t\t\t\t\t\t\t\t\t\t\t\t\t\t\t\t\t\t<div class=\"fs-wysiwyg mb-4 fs-lg-16 fs-xl-20\"><p><span data-contrast=\"none\" xml:lang=\"IT\" lang=\"IT\" class=\"TextRun SCXW245176501 BCX0\"><span class=\"NormalTextRun SCXW245176501 BCX0\" data-ccp-parastyle=\"heading 4\">L&#8217;Ibis Styles Paris Bercy \u00e8 un hotel moderno e di design <\/span><\/span><span data-contrast=\"none\" xml:lang=\"IT\" lang=\"IT\" class=\"TextRun SCXW245176501 BCX0\"><span class=\"NormalTextRun SCXW245176501 BCX0\" data-ccp-parastyle=\"heading 4\">rivolto in particolare alle start-up.<\/span><\/span><span data-contrast=\"none\" xml:lang=\"IT\" lang=\"IT\" class=\"TextRun SCXW245176501 BCX0\"><span class=\"NormalTextRun SCXW245176501 BCX0\" data-ccp-parastyle=\"heading 4\"> Il suo stile <\/span><\/span><span data-contrast=\"none\" xml:lang=\"IT\" lang=\"IT\" class=\"TextRun SCXW245176501 BCX0\"><span class=\"NormalTextRun SCXW245176501 BCX0\" data-ccp-parastyle=\"heading 4\">street art<\/span><\/span><span data-contrast=\"none\" xml:lang=\"IT\" lang=\"IT\" class=\"TextRun SCXW245176501 BCX0\"><span class=\"NormalTextRun SCXW245176501 BCX0\" data-ccp-parastyle=\"heading 4\">, gli spazi di coworking e l&#8217;enorme terrazza dovrebbero attirare la generazione digitale alla ricerca di un luogo di lavoro funzionale, rilassato ed economico.<\/span><\/span><\/p>\n<\/div>\n\t\t\t\t\t\t\t\t\t\t\t\t\t\t\t\t\t\t\t\t\t\t\t\t<p class=\"m-0\"><img decoding=\"async\" src=\"https:\/\/www.myallmeeting.com\/wp-content\/uploads\/2017\/05\/3050-12-633x398.jpg\" class=\"position-relative l-0\" width=\"633\" height=\"398\" alt=\"r\u00e9union cr\u00e9ative\" loading=\"lazy\" \/><\/p>\n\t\t\t\t\t\t\t\t\t\t\t<\/div>\n\t\t\t\t<\/div>\n\t\t\t<\/div>\n\t\t<\/div>\n\t<\/div>\n\t<div class=\"tcta2ia__bottom d-lg-none pb-12 py-lg-9 pe-lg-10\">\n\t\t\t\t\t\t<div class=\"fs-wysiwyg\"><p aria-level=\"4\"><span data-contrast=\"none\">Situato ai piedi dell&#8217;imponente <\/span><b><span data-contrast=\"none\">Accor Arena<\/span><\/b><span data-contrast=\"none\">, <\/span><b><span data-contrast=\"none\">l<a href=\"https:\/\/myallmeeting.com\/it\/hotel\/0941-ibis-styles-paris-bercy\/\">&#8216;Ibis Styles Paris Bercy<\/a><\/span><\/b><span data-contrast=\"none\"> si trova a soli 10 minuti di metropolitana dal cuore di Parigi e a due passi dal quartiere Bercy Village e dalle sue numerose attrazioni &#8211; ristoranti, cinema, bar, caffetterie, ecc. \u00c8 raggiungibile molto rapidamente dalla Gare de Lyon, ad una sola fermata di metropolitana sulla linea 14, e anche dalla linea 6. La sua posizione \u00e8 quindi ideale per un soggiorno di lavoro o di piacere.<\/span><span data-ccp-props=\"{&quot;134245418&quot;:true,&quot;134245529&quot;:true,&quot;201341983&quot;:0,&quot;335551550&quot;:6,&quot;335551620&quot;:6,&quot;335557856&quot;:16119028,&quot;335559738&quot;:165,&quot;335559739&quot;:165,&quot;335559740&quot;:259}\">\u00a0<\/span><\/p>\n<p aria-level=\"4\"><b><span data-contrast=\"none\">L&#8217;Ibis Styles Paris Bercy<\/span><\/b><span data-contrast=\"none\"> \u00e8 proprio come il suo quartiere: dinamico, moderno, ispirato dalla musica che risuona nell&#8217;arena adiacente e dalla <\/span><i><span data-contrast=\"none\">street art<\/span><\/i><span data-contrast=\"none\"> del vicino 13\u00b0 arrondissement.\u00a0<\/span><span data-ccp-props=\"{&quot;134245418&quot;:true,&quot;134245529&quot;:true,&quot;201341983&quot;:0,&quot;335551550&quot;:6,&quot;335551620&quot;:6,&quot;335557856&quot;:16119028,&quot;335559738&quot;:165,&quot;335559739&quot;:165,&quot;335559740&quot;:259}\">\u00a0<\/span><\/p>\n<p aria-level=\"4\"><span data-contrast=\"none\">Dalla hall ai piani, la<\/span><i><span data-contrast=\"none\"> street art<\/span><\/i><span data-contrast=\"none\"> \u00e8 presente in tutto l&#8217;hotel. Per garantire che il risultato sia il pi\u00f9 autentico possibile, <\/span><b><span data-contrast=\"none\">l&#8217;Ibis Styles Paris Bercy<\/span><\/b><span data-contrast=\"none\"> ha persino collaborato con la galleria d&#8217;arte Itinerrance per coinvolgere <\/span><i><span data-contrast=\"none\">artisti di strada <\/span><\/i><span data-contrast=\"none\">europei.\u00a0<\/span><span data-ccp-props=\"{&quot;134245418&quot;:true,&quot;134245529&quot;:true,&quot;201341983&quot;:0,&quot;335551550&quot;:6,&quot;335551620&quot;:6,&quot;335557856&quot;:16119028,&quot;335559738&quot;:165,&quot;335559739&quot;:165,&quot;335559740&quot;:259}\">\u00a0<\/span><\/p>\n<p aria-level=\"4\"><span data-contrast=\"none\">A ciascuno degli 8 graffitari selezionati \u00e8 stata data carta bianca su ogni piano. C&#8217;\u00e8 solo una cosa da fare: unire la<\/span><i><span data-contrast=\"none\"> street art<\/span><\/i><span data-contrast=\"none\"> alla musica! Dai corridoi alle camere d&#8217;albergo, ogni piano ha la sua identit\u00e0. Al 4<\/span><span data-contrast=\"none\">\u00b0<\/span><span data-contrast=\"none\"> piano, il pop con i graffiti dell&#8217;artista di Barcellona <\/span><i><span data-contrast=\"none\">B-TOY<\/span><\/i><span data-contrast=\"none\">, che ha riprodotto foto di Nina Simone; al 2<\/span><span data-contrast=\"none\">\u00b0<\/span><span data-contrast=\"none\"> piano, hip-hop e jazz con DAN 23, artista di Strasburgo. Un<\/span><i><span data-contrast=\"none\"> mash-up<\/span><\/i><span data-contrast=\"none\"> pittorico molto interessante, raramente visto in hotel di questa categoria. Tutto completamente rinnovato quest&#8217;anno.<\/span><span data-ccp-props=\"{&quot;134245418&quot;:true,&quot;134245529&quot;:true,&quot;201341983&quot;:0,&quot;335551550&quot;:6,&quot;335551620&quot;:6,&quot;335557856&quot;:16119028,&quot;335559738&quot;:165,&quot;335559739&quot;:165,&quot;335559740&quot;:259}\">\u00a0<\/span><\/p>\n<p>&nbsp;<\/p>\n<\/div>\n\t\t\t\t<div class=\"d-flex flex-column flex-lg-row align-items-center gap-5 gap-lg-8 justify-content-between\">\n\t\t\t<div class=\"fs-20 fs-lg-26 fw-semibold lh-xs\"><\/div>\n\t\t\t\t\t<\/div>\n\t<\/div>\n<\/div>\n<!-- END OF : Composant : block-periscope-theme-section-composant-25-texte-cta-2-images.php -->\n\n\n<!-- START OF : Composant : block-periscope-theme-section-composant-33-texte-image.php -->\n<div class=\"text-image fs-wysiwyg mb-8 mb-lg-12\" data-component=\"33-texte-image\">\n\t<div class=\"container-fluid\" style=\"--bs-gutter-x: 0\">\n\t\t<div class=\"row\" style=\"--bs-gutter-x: 0\">\n\t\t\t\t\t\t<div class=\"col-lg-6 mb-7 mb-lg-0\">\n\t\t\t\t<img decoding=\"async\" src=\"https:\/\/www.myallmeeting.com\/wp-content\/uploads\/2017\/05\/6982-46-953x600.jpg\" width=\"953\" height=\"600\" alt=\"r\u00e9union cr\u00e9ative salle\" loading=\"lazy\" class=\"w-100\" \/>\n\t\t\t<\/div>\n\t\t\t\t\t\t<div class=\"col-lg-6\">\n\t\t\t\t<div class=\"text-image__content\">\n\t\t\t\t\t\t\t\t\t\t<div class=\"fw-semibold lh-xs fs-20 fs-lg-32 ls--25 mb-5\">Sono disponibili sei sale per le vostre riunioni: <\/div>\n\t\t\t\t\t\t\t\t\t\t\t\t\t\t\t<div class=\"fs-wysiwyg\">\n\t\t\t\t\t\t<ul>\n<li><b><span data-contrast=\"none\">Un&#8217;ampia sala modulare che pu\u00f2 ospitare fino a 80 persone <\/span><\/b><span data-contrast=\"none\">per corsi di formazione o riunioni pi\u00f9 tradizionali.<\/span><span data-ccp-props=\"{&quot;134245418&quot;:true,&quot;134245529&quot;:true,&quot;201341983&quot;:0,&quot;335551550&quot;:6,&quot;335551620&quot;:6,&quot;335557856&quot;:16119028,&quot;335559738&quot;:165,&quot;335559739&quot;:165,&quot;335559740&quot;:259}\">\u00a0<\/span><\/li>\n<li>E altre <b><span data-contrast=\"none\">cinque sale da 5 a 30 persone in uno spirito pi\u00f9 <\/span><\/b><b><i><span data-contrast=\"none\">start-up<\/span><\/i><\/b><b><span data-contrast=\"none\"> su richiesta<\/span><\/b><span data-contrast=\"none\">, con divani, tavoli da ping-pong e bar.\n<p>Un&#8217;atmosfera rilassata e fuori dagli schemi, ideale per riunioni creative o <\/span><i><span data-contrast=\"none\">brainstorming <\/span><\/i><span data-contrast=\"none\">di gruppo.<\/span><span data-ccp-props=\"{&quot;134245418&quot;:true,&quot;134245529&quot;:true,&quot;201341983&quot;:0,&quot;335551550&quot;:6,&quot;335551620&quot;:6,&quot;335557856&quot;:16119028,&quot;335559738&quot;:165,&quot;335559739&quot;:165,&quot;335559740&quot;:259}\">\u00a0<\/span><\/p>\n<p aria-level=\"4\"><span data-contrast=\"none\">Sempre in questo spirito di innovazione, come il pi\u00f9 grande campus di start-up del mondo (la <\/span><b><span data-contrast=\"none\">Station F<\/span><\/b><span data-contrast=\"none\">) situato a pochi passi dall&#8217;hotel, <\/span><b><span data-contrast=\"none\">l&#8217;Ibis Styles Paris Bercy<\/span><\/b><span data-contrast=\"none\"> ha creato anche uno spazio di <\/span><b><span data-contrast=\"none\">coworking<\/span><\/b><span data-contrast=\"none\"> per giovani imprenditori a basso budget.<\/span><span data-ccp-props=\"{&quot;134245418&quot;:true,&quot;134245529&quot;:true,&quot;201341983&quot;:0,&quot;335551550&quot;:6,&quot;335551620&quot;:6,&quot;335557856&quot;:16119028,&quot;335559738&quot;:165,&quot;335559739&quot;:165,&quot;335559740&quot;:259}\">\u00a0<\/span><\/p>\n<p aria-level=\"4\"><span data-contrast=\"none\">Questo pu\u00f2 essere esteso al \u00ab<\/span><b><span data-contrast=\"none\">Backstage<\/span><\/b><span data-contrast=\"none\">\u00bb, il bar dell&#8217;hotel, pensato anche per accogliere gli amanti della French Tech con una grande terrazza dotata di <\/span><b><span data-contrast=\"none\">wifi illimitato e gratuito.<\/span><\/b><span data-ccp-props=\"{&quot;134245418&quot;:true,&quot;134245529&quot;:true,&quot;201341983&quot;:0,&quot;335551550&quot;:6,&quot;335551620&quot;:6,&quot;335557856&quot;:16119028,&quot;335559738&quot;:165,&quot;335559739&quot;:165,&quot;335559740&quot;:259}\">\u00a0<\/span><\/p>\n<\/li>\n<\/ul>\n\t\t\t\t\t<\/div>\n\t\t\t\t\t\t\t\t\t<\/div>\n\t\t\t<\/div>        \n\t\t<\/div>\n\t<\/div>\n<\/div>\n<!-- END OF : Composant : block-periscope-theme-section-composant-33-texte-image.php -->\n\n\n<!-- START OF : Composant : block-periscope-theme-section-composant-33-texte-image.php -->\n<!-- INVERSE -->\n<div class=\"text-image fs-wysiwyg mb-8 mb-lg-12\" data-component=\"33-texte-image\" data-reverse=\"oui\">\n\t<div class=\"container-fluid\" style=\"--bs-gutter-x: 0\">\n\t\t<div class=\"row\" style=\"--bs-gutter-x: 0\">\n\t\t\t<div class=\"col-lg-6\">\n\t\t\t\t<div class=\"text-image__content\">\n\t\t\t\t\t\t\t\t\t\t<div class=\"fw-semibold lh-xs fs-20 fs-lg-32 ls--25 mb-5\">Un enorme spazio esterno:<\/div>\n\t\t\t\t\t\t\t\t\t\t\t\t\t\t\t<div class=\"fs-wysiwyg\">\n\t\t\t\t\t\t<p aria-level=\"4\"><span data-contrast=\"none\">L&#8217;enorme terrazza<\/span><b><span data-contrast=\"none\"> di 1000 m<\/span><\/b><b><span data-contrast=\"none\"> 2<\/span><\/b><span data-contrast=\"none\"> esposta a sud-ovest si affaccia sul parco di Bercy e<\/span><b><span data-contrast=\"none\"> l&#8217;Accor Arena.<\/span><\/b><span data-ccp-props=\"{&quot;134245418&quot;:true,&quot;134245529&quot;:true,&quot;201341983&quot;:0,&quot;335551550&quot;:6,&quot;335551620&quot;:6,&quot;335557856&quot;:16119028,&quot;335559738&quot;:165,&quot;335559739&quot;:165,&quot;335559740&quot;:259}\">\u00a0<\/span><\/p>\n<p aria-level=\"4\"><span data-contrast=\"none\">\u00c8 anche interamente privatizzabile per i vostri eventi, dal pi\u00f9 piccolo al pi\u00f9 grande. Cocktail, cena <\/span><i><span data-contrast=\"none\">food truck<\/span><\/i><span data-contrast=\"none\"> o aperitivo, tutto \u00e8 possibile per incontri professionali pi\u00f9 informali e rilassati&#8230; all&#8217;aperto!<\/span><span data-ccp-props=\"{&quot;134245418&quot;:true,&quot;134245529&quot;:true,&quot;201341983&quot;:0,&quot;335551550&quot;:6,&quot;335551620&quot;:6,&quot;335557856&quot;:16119028,&quot;335559738&quot;:165,&quot;335559739&quot;:165,&quot;335559740&quot;:259}\">\u00a0<\/span><\/p>\n<p aria-level=\"4\"><span data-contrast=\"none\">In alternativa, se siete alla ricerca di un <\/span><b><span data-contrast=\"none\">afterwork<\/span><\/b><span data-contrast=\"none\"> nella capitale, la terrazza dell&#8217;hotel diventa, da maggio a settembre, il <\/span><b><span data-contrast=\"none\">Papa Cabane<\/span><\/b><span data-contrast=\"none\">.<\/span><span data-ccp-props=\"{&quot;134245418&quot;:true,&quot;134245529&quot;:true,&quot;201341983&quot;:0,&quot;335551550&quot;:6,&quot;335551620&quot;:6,&quot;335557856&quot;:16119028,&quot;335559738&quot;:165,&quot;335559739&quot;:165,&quot;335559740&quot;:259}\">\u00a0<\/span><\/p>\n<p aria-level=\"4\"><span data-contrast=\"none\">L&#8217;occasione di venire a bere un drink su un lettino al sole ascoltando della buona musica o di mangiare in volo grazie al <\/span><i><span data-contrast=\"none\">food truck<\/span><\/i><span data-contrast=\"none\"> \u00abThe Fresh Connection\u00bb, prima di lanciarsi in una partita di bocce o di ping pong per rilassarsi alla fine della giornata.<\/span><span data-ccp-props=\"{&quot;134245418&quot;:true,&quot;134245529&quot;:true,&quot;201341983&quot;:0,&quot;335551550&quot;:6,&quot;335551620&quot;:6,&quot;335557856&quot;:16119028,&quot;335559738&quot;:165,&quot;335559739&quot;:165,&quot;335559740&quot;:259}\">\u00a0<\/span><\/p>\n\t\t\t\t\t<\/div>\n\t\t\t\t\t\t\t\t\t<\/div>\n\t\t\t<\/div>    \n\t\t\t    \n\t\t\t<div class=\"col-lg-6 order-first order-lg-last mb-7 mb-lg-0\">\n\t\t\t\t<img decoding=\"async\" src=\"https:\/\/www.myallmeeting.com\/wp-content\/uploads\/2017\/05\/6982-39-953x600.jpg\" width=\"953\" height=\"600\" alt=\"r\u00e9union cr\u00e9ative\" loading=\"lazy\" class=\"w-100\" \/>\n\t\t\t<\/div>\n\t\t\t\t\t<\/div>\n\t<\/div>\n<\/div>\n<!-- END OF : Composant : block-periscope-theme-section-composant-33-texte-image.php -->\n","protected":false},"excerpt":{"rendered":"","protected":false},"featured_media":15964715,"menu_order":0,"template":"","periscope_categorie_tax":[3638],"class_list":["post-16036439","article","type-article","status-publish","has-post-thumbnail","hentry","periscope_categorie_tax-decouvrez-nos-adresses-it"],"acf":[],"yoast_head":"<title>Ibis Styles Paris Bercy: street art e spirito di start-up per le vostre riunioni\u00a0 - Accor MyAllMeeting.com<\/title>\n<meta name=\"robots\" content=\"index, follow, max-snippet:-1, max-image-preview:large, max-video-preview:-1\" \/>\n<link rel=\"canonical\" href=\"https:\/\/www.myallmeeting.com\/it\/wp-json\/wp\/v2\/article\/16036439\" \/>\n<meta property=\"og:locale\" content=\"it_IT\" \/>\n<meta property=\"og:type\" content=\"article\" \/>\n<meta property=\"og:title\" content=\"Ibis Styles Paris Bercy: street art e spirito di start-up per le vostre riunioni\u00a0 - Accor MyAllMeeting.com\" \/>\n<meta property=\"og:url\" content=\"https:\/\/www.myallmeeting.com\/it\/article\/ibis-styles-paris-bercy-street-art-e-spirito-di-start-up-per-le-vostre-riunioni\/\" \/>\n<meta property=\"og:site_name\" content=\"Accor MyAllMeeting.com\" \/>\n<meta property=\"article:modified_time\" content=\"2024-07-16T11:04:42+00:00\" \/>\n<meta property=\"og:image\" content=\"http:\/\/myallmeeting.com\/wp-content\/uploads\/2017\/05\/MAM-imagery-1920-x-570-px-2.png\" \/>\n\t<meta property=\"og:image:width\" content=\"1920\" \/>\n\t<meta property=\"og:image:height\" content=\"570\" \/>\n\t<meta property=\"og:image:type\" content=\"image\/png\" \/>\n<meta name=\"twitter:card\" content=\"summary_large_image\" \/>\n<meta name=\"twitter:label1\" content=\"Est. reading time\" \/>\n\t<meta name=\"twitter:data1\" content=\"5 minutes\" \/>\n<script type=\"application\/ld+json\" class=\"yoast-schema-graph\">{\"@context\":\"https:\/\/schema.org\",\"@graph\":[{\"@type\":\"WebPage\",\"@id\":\"https:\/\/www.myallmeeting.com\/it\/article\/ibis-styles-paris-bercy-street-art-e-spirito-di-start-up-per-le-vostre-riunioni\/\",\"url\":\"https:\/\/www.myallmeeting.com\/it\/article\/ibis-styles-paris-bercy-street-art-e-spirito-di-start-up-per-le-vostre-riunioni\/\",\"name\":\"Ibis Styles Paris Bercy: street art e spirito di start-up per le vostre riunioni\u00a0 - Accor MyAllMeeting.com\",\"isPartOf\":{\"@id\":\"https:\/\/www.myallmeeting.com\/it\/#website\"},\"primaryImageOfPage\":{\"@id\":\"https:\/\/www.myallmeeting.com\/it\/article\/ibis-styles-paris-bercy-street-art-e-spirito-di-start-up-per-le-vostre-riunioni\/#primaryimage\"},\"image\":{\"@id\":\"https:\/\/www.myallmeeting.com\/it\/article\/ibis-styles-paris-bercy-street-art-e-spirito-di-start-up-per-le-vostre-riunioni\/#primaryimage\"},\"thumbnailUrl\":\"https:\/\/www.myallmeeting.com\/wp-content\/uploads\/2017\/05\/MAM-imagery-1920-x-570-px-2.png\",\"datePublished\":\"2017-05-02T16:13:08+00:00\",\"dateModified\":\"2024-07-16T11:04:42+00:00\",\"breadcrumb\":{\"@id\":\"https:\/\/www.myallmeeting.com\/it\/article\/ibis-styles-paris-bercy-street-art-e-spirito-di-start-up-per-le-vostre-riunioni\/#breadcrumb\"},\"inLanguage\":\"it-IT\",\"potentialAction\":[{\"@type\":\"ReadAction\",\"target\":[\"https:\/\/www.myallmeeting.com\/it\/article\/ibis-styles-paris-bercy-street-art-e-spirito-di-start-up-per-le-vostre-riunioni\/\"]}]},{\"@type\":\"ImageObject\",\"inLanguage\":\"it-IT\",\"@id\":\"https:\/\/www.myallmeeting.com\/it\/article\/ibis-styles-paris-bercy-street-art-e-spirito-di-start-up-per-le-vostre-riunioni\/#primaryimage\",\"url\":\"https:\/\/www.myallmeeting.com\/wp-content\/uploads\/2017\/05\/MAM-imagery-1920-x-570-px-2.png\",\"contentUrl\":\"https:\/\/www.myallmeeting.com\/wp-content\/uploads\/2017\/05\/MAM-imagery-1920-x-570-px-2.png\",\"width\":1920,\"height\":570},{\"@type\":\"BreadcrumbList\",\"@id\":\"https:\/\/www.myallmeeting.com\/it\/article\/ibis-styles-paris-bercy-street-art-e-spirito-di-start-up-per-le-vostre-riunioni\/#breadcrumb\",\"itemListElement\":[{\"@type\":\"ListItem\",\"position\":1,\"name\":\"Pagina iniziale\",\"item\":\"https:\/\/myallmeeting.com\/it\/\"},{\"@type\":\"ListItem\",\"position\":2,\"name\":\"Notizie\",\"item\":\"https:\/\/www.myallmeeting.com\/it\/notizie\/\"},{\"@type\":\"ListItem\",\"position\":3,\"name\":\"Ibis Styles Paris Bercy: street art e spirito di start-up per le vostre riunioni\u00a0\"}]},{\"@type\":\"WebSite\",\"@id\":\"https:\/\/www.myallmeeting.com\/it\/#website\",\"url\":\"https:\/\/www.myallmeeting.com\/it\/\",\"name\":\"Accor MyAllMeeting.com\",\"description\":\"Les Meilleurs lieux pour vos Ev\u00e9nements Professionnels\",\"publisher\":{\"@id\":\"https:\/\/www.myallmeeting.com\/it\/#organization\"},\"potentialAction\":[{\"@type\":\"SearchAction\",\"target\":{\"@type\":\"EntryPoint\",\"urlTemplate\":\"https:\/\/www.myallmeeting.com\/it\/?s={search_term_string}\"},\"query-input\":{\"@type\":\"PropertyValueSpecification\",\"valueRequired\":true,\"valueName\":\"search_term_string\"}}],\"inLanguage\":\"it-IT\"},{\"@type\":\"Organization\",\"@id\":\"https:\/\/www.myallmeeting.com\/it\/#organization\",\"name\":\"ACCOR\",\"url\":\"https:\/\/www.myallmeeting.com\/it\/\",\"logo\":{\"@type\":\"ImageObject\",\"inLanguage\":\"it-IT\",\"@id\":\"https:\/\/www.myallmeeting.com\/it\/#\/schema\/logo\/image\/\",\"url\":\"\",\"contentUrl\":\"\",\"caption\":\"ACCOR\"},\"image\":{\"@id\":\"https:\/\/www.myallmeeting.com\/it\/#\/schema\/logo\/image\/\"}}]}<\/script>","yoast_head_json":{"title":"Ibis Styles Paris Bercy: street art e spirito di start-up per le vostre riunioni\u00a0 - Accor MyAllMeeting.com","robots":{"index":"index","follow":"follow","max-snippet":"max-snippet:-1","max-image-preview":"max-image-preview:large","max-video-preview":"max-video-preview:-1"},"canonical":"https:\/\/www.myallmeeting.com\/it\/wp-json\/wp\/v2\/article\/16036439","og_locale":"it_IT","og_type":"article","og_title":"Ibis Styles Paris Bercy: street art e spirito di start-up per le vostre riunioni\u00a0 - Accor MyAllMeeting.com","og_url":"https:\/\/www.myallmeeting.com\/it\/article\/ibis-styles-paris-bercy-street-art-e-spirito-di-start-up-per-le-vostre-riunioni\/","og_site_name":"Accor MyAllMeeting.com","article_modified_time":"2024-07-16T11:04:42+00:00","og_image":[{"width":1920,"height":570,"url":"http:\/\/myallmeeting.com\/wp-content\/uploads\/2017\/05\/MAM-imagery-1920-x-570-px-2.png","type":"image\/png"}],"twitter_card":"summary_large_image","twitter_misc":{"Est. reading time":"5 minutes"},"schema":{"@context":"https:\/\/schema.org","@graph":[{"@type":"WebPage","@id":"https:\/\/www.myallmeeting.com\/it\/article\/ibis-styles-paris-bercy-street-art-e-spirito-di-start-up-per-le-vostre-riunioni\/","url":"https:\/\/www.myallmeeting.com\/it\/article\/ibis-styles-paris-bercy-street-art-e-spirito-di-start-up-per-le-vostre-riunioni\/","name":"Ibis Styles Paris Bercy: street art e spirito di start-up per le vostre riunioni\u00a0 - Accor MyAllMeeting.com","isPartOf":{"@id":"https:\/\/www.myallmeeting.com\/it\/#website"},"primaryImageOfPage":{"@id":"https:\/\/www.myallmeeting.com\/it\/article\/ibis-styles-paris-bercy-street-art-e-spirito-di-start-up-per-le-vostre-riunioni\/#primaryimage"},"image":{"@id":"https:\/\/www.myallmeeting.com\/it\/article\/ibis-styles-paris-bercy-street-art-e-spirito-di-start-up-per-le-vostre-riunioni\/#primaryimage"},"thumbnailUrl":"https:\/\/www.myallmeeting.com\/wp-content\/uploads\/2017\/05\/MAM-imagery-1920-x-570-px-2.png","datePublished":"2017-05-02T16:13:08+00:00","dateModified":"2024-07-16T11:04:42+00:00","breadcrumb":{"@id":"https:\/\/www.myallmeeting.com\/it\/article\/ibis-styles-paris-bercy-street-art-e-spirito-di-start-up-per-le-vostre-riunioni\/#breadcrumb"},"inLanguage":"it-IT","potentialAction":[{"@type":"ReadAction","target":["https:\/\/www.myallmeeting.com\/it\/article\/ibis-styles-paris-bercy-street-art-e-spirito-di-start-up-per-le-vostre-riunioni\/"]}]},{"@type":"ImageObject","inLanguage":"it-IT","@id":"https:\/\/www.myallmeeting.com\/it\/article\/ibis-styles-paris-bercy-street-art-e-spirito-di-start-up-per-le-vostre-riunioni\/#primaryimage","url":"https:\/\/www.myallmeeting.com\/wp-content\/uploads\/2017\/05\/MAM-imagery-1920-x-570-px-2.png","contentUrl":"https:\/\/www.myallmeeting.com\/wp-content\/uploads\/2017\/05\/MAM-imagery-1920-x-570-px-2.png","width":1920,"height":570},{"@type":"BreadcrumbList","@id":"https:\/\/www.myallmeeting.com\/it\/article\/ibis-styles-paris-bercy-street-art-e-spirito-di-start-up-per-le-vostre-riunioni\/#breadcrumb","itemListElement":[{"@type":"ListItem","position":1,"name":"Pagina iniziale","item":"https:\/\/myallmeeting.com\/it\/"},{"@type":"ListItem","position":2,"name":"Notizie","item":"https:\/\/www.myallmeeting.com\/it\/notizie\/"},{"@type":"ListItem","position":3,"name":"Ibis Styles Paris Bercy: street art e spirito di start-up per le vostre riunioni\u00a0"}]},{"@type":"WebSite","@id":"https:\/\/www.myallmeeting.com\/it\/#website","url":"https:\/\/www.myallmeeting.com\/it\/","name":"Accor MyAllMeeting.com","description":"Les Meilleurs lieux pour vos Ev\u00e9nements Professionnels","publisher":{"@id":"https:\/\/www.myallmeeting.com\/it\/#organization"},"potentialAction":[{"@type":"SearchAction","target":{"@type":"EntryPoint","urlTemplate":"https:\/\/www.myallmeeting.com\/it\/?s={search_term_string}"},"query-input":{"@type":"PropertyValueSpecification","valueRequired":true,"valueName":"search_term_string"}}],"inLanguage":"it-IT"},{"@type":"Organization","@id":"https:\/\/www.myallmeeting.com\/it\/#organization","name":"ACCOR","url":"https:\/\/www.myallmeeting.com\/it\/","logo":{"@type":"ImageObject","inLanguage":"it-IT","@id":"https:\/\/www.myallmeeting.com\/it\/#\/schema\/logo\/image\/","url":"","contentUrl":"","caption":"ACCOR"},"image":{"@id":"https:\/\/www.myallmeeting.com\/it\/#\/schema\/logo\/image\/"}}]}},"_links":{"self":[{"href":"https:\/\/www.myallmeeting.com\/it\/wp-json\/wp\/v2\/article\/16036439","targetHints":{"allow":["GET"]}}],"collection":[{"href":"https:\/\/www.myallmeeting.com\/it\/wp-json\/wp\/v2\/article"}],"about":[{"href":"https:\/\/www.myallmeeting.com\/it\/wp-json\/wp\/v2\/types\/article"}],"wp:featuredmedia":[{"embeddable":true,"href":"https:\/\/www.myallmeeting.com\/it\/wp-json\/wp\/v2\/media\/15964715"}],"wp:attachment":[{"href":"https:\/\/www.myallmeeting.com\/it\/wp-json\/wp\/v2\/media?parent=16036439"}],"wp:term":[{"taxonomy":"periscope_categorie_tax","embeddable":true,"href":"https:\/\/www.myallmeeting.com\/it\/wp-json\/wp\/v2\/periscope_categorie_tax?post=16036439"}],"curies":[{"name":"wp","href":"https:\/\/api.w.org\/{rel}","templated":true}]}}