{"id":35637318,"date":"2025-12-05T15:47:55","date_gmt":"2025-12-05T14:47:55","guid":{"rendered":"https:\/\/myallmeeting.com\/?post_type=article&#038;p=35637318"},"modified":"2025-12-09T12:36:12","modified_gmt":"2025-12-09T11:36:12","slug":"sustainable-by-design-comment-accor-faconne-lavenir-des-reunions-et-evenements-responsables","status":"publish","type":"article","link":"https:\/\/www.myallmeeting.com\/fr\/article\/sustainable-by-design-comment-accor-faconne-lavenir-des-reunions-et-evenements-responsables\/","title":{"rendered":"Comment Accor fa\u00e7onne l\u2019avenir des r\u00e9unions et \u00e9v\u00e9nements responsables\u00a0"},"content":{"rendered":"<!-- START OF : Composant : block-periscope-theme-section-composant-25-texte-cta-2-images.php -->\n<div class=\"tcta2ia bg-white fs-wysiwyg mb-lg-12\" data-component=\"25-texte-cta-2-images\">\n\t<div class=\"tcta2ia__top\">\n\t\t<div class=\"container-fluid\" style=\"--bs-gutter-x: 0\">\n\t\t\t<div class=\"row\" style=\"--bs-gutter-x: 0\">\n\t\t\t\t<div class=\"col-lg-8\">\n\t\t\t\t\t\t\t\t\t\t<div class=\"bloc-mise-en-avant__top__left\">\n\t\t\t\t\t\t<img decoding=\"async\" src=\"https:\/\/www.myallmeeting.com\/wp-content\/uploads\/2025\/12\/Image-principale-11.png\" class=\"pe-2 pe-lg-0\" width=\"1268\" height=\"846\" alt=\"\" loading=\"lazy\" \/>\n\t\t\t\t\t<\/div>\n\t\t\t\t\t\t\t\t\t\t<div class=\"tcta2ia__bottom d-none d-lg-block pb-12 pt-lg-9 pb-lg-0 pe-lg-10\">\n\t\t\t\t\t\t\t\t\t\t\t\t<h2 class=\"fs-20 fs-lg-32 fw-semibold\">Du principe \u00e0 la pratique <\/h2>\n\t\t\t\t\t\t\t\t\t\t\t\t\t\t\t\t\t\t<div class=\"fs-wysiwyg\"><p><span data-contrast=\"auto\">La strat\u00e9gie RSE d\u2019Accor va bien au-del\u00e0 des <\/span><span data-contrast=\"auto\">objectifs de d\u00e9veloppement durable<\/span><span data-contrast=\"auto\">\u202f: elle guide concr\u00e8tement chaque rencontre que nous contribuons \u00e0 cr\u00e9er. Nous nous sommes engag\u00e9s \u00e0 r\u00e9duire nos \u00e9missions de CO\u2082 de 46\u202f% d\u2019ici 2030 et \u00e0 atteindre la neutralit\u00e9 carbone d\u2019ici 2050. Des objectifs ambitieux, oui, mais ancr\u00e9s dans des actions quotidiennes. D\u00e9j\u00e0, plus de 60\u202f% de nos h\u00f4tels mesurent leur empreinte carbone et plus de 1\u202f400 ont obtenu une certification \u00e9co-responsable. Pas \u00e0 pas, ces engagements transforment notre mani\u00e8re d\u2019accueillir nos clients. Des \u00e9clairages basse consommation aux syst\u00e8mes de r\u00e9gulation thermique intelligents, en passant par l&rsquo;\u00e9nergie renouvelable alimentant nos espaces de r\u00e9union, la durabilit\u00e9 fait d\u00e9sormais partie int\u00e9grante du quotidien du MICE chez Accor. <\/span><span data-contrast=\"auto\">Elle est inh\u00e9rente \u00e0 l&rsquo;exp\u00e9rience, et non plus un simple ajout.<\/span><span data-ccp-props=\"{}\">\u00a0<\/span><\/p>\n<p><span data-contrast=\"auto\">Le r\u00e9sultat est subtil, mais r\u00e9el. Des espaces plus l\u00e9gers, plus simples, plus intentionnels\u202f: la preuve qu\u2019une d\u00e9marche responsable n\u2019a pas besoin de s\u2019afficher pour \u00eatre ressentie. Pour les organisateurs, cela signifie r\u00e9server un lieu o\u00f9 l\u2019essentiel a d\u00e9j\u00e0 \u00e9t\u00e9 calcul\u00e9\u202f: chaque watt, chaque litre, chaque mat\u00e9riau est choisi avec attention, pour un \u00e9v\u00e9nement men\u00e9 en toute confiance.<\/span><span data-ccp-props=\"{}\">\u00a0<\/span><\/p>\n<\/div>\n\t\t\t\t\t\t\t\t\t\t\t\t<div class=\"d-flex flex-column flex-lg-row align-items-center gap-5 gap-lg-8 justify-content-between\">\n\t\t\t\t\t\t\t<div class=\"fs-20 fs-lg-26 fw-semibold lh-xs\"><\/div>\n\t\t\t\t\t\t\t\t\t\t\t\t\t<\/div>\n\t\t\t\t\t<\/div>\n\t\t\t\t<\/div>\n\t\t\t\t<div class=\"col-lg-4\">\n\t\t\t\t\t<div class=\"tcta2ia__top__right t-0 r-0 bg-primary text-white pt-4 pb-4 px-2 pt-lg-8 pb-lg-16 px-lg-11 pb-xl-30\">\n\t\t\t\t\t\t\t\t\t\t\t\t\t\t\t\t\t\t<h2 class=\"unna fs-36 fs-lg-51 fs-xl-75 fs-italic fw-normal text-secondary\">Comment Accor fa\u00e7onne l\u2019avenir des r\u00e9unions et \u00e9v\u00e9nements responsables\u00a0<\/h2>\n\t\t\t\t\t\t\t\t\t\t\t\t\t\t\t\t\t\t<h3 class=\"text-white fs-18 fs-lg-20 fs-xl-28 text-original-case\">Une nouvelle g\u00e9n\u00e9ration d\u2019espaces de r\u00e9union voit le jour, refl\u00e9tant un engagement et des pratiques plus r\u00e9fl\u00e9chis et responsables. C\u2019est ici que la collaboration, la connexion et la responsabilit\u00e9 se rejoignent. Le secteur des r\u00e9unions et \u00e9v\u00e9nements, autrefois d\u00e9fini par l\u2019ampleur et le spectaculaire, se red\u00e9finit aujourd\u2019hui par le sens. <\/h3>\n\t\t\t\t\t\t\t\t\t\t\t\t\t\t\t\t\t\t<div class=\"fs-wysiwyg mb-4 fs-lg-16 fs-xl-20\"><p><span data-contrast=\"auto\">Pour les entreprises d\u2019aujourd\u2019hui, la r\u00e9ussite ne se mesure plus seulement au nombre de participants ou aux applaudissements. Elle se mesure \u00e0 l\u2019impact. <\/span><span data-contrast=\"auto\">Quelle quantit\u00e9 d&rsquo;\u00e9nergie a \u00e9t\u00e9 consomm\u00e9e ? Quelle distance exacte les invit\u00e9s ont-ils parcourue ? <\/span><span data-contrast=\"auto\">M\u00eame des questions simples, comme ce qu\u2019il advient des restes, deviennent des \u00e9l\u00e9ments cl\u00e9s de la planification.<\/span><span data-ccp-props=\"{}\">\u00a0<\/span><\/p>\n<p><span data-contrast=\"auto\">De Mercure \u00e0 M\u00f6venpick, de SLS \u00e0 Banyan Tree, nous r\u00e9inventons ce que peut \u00eatre le MICE. Il ne s\u2019agit plus seulement de logistique ou d\u2019emploi du temps\u202f: c<span class=\"NormalTextRun SCXW182131720 BCX8\">haque choix est r\u00e9fl\u00e9chi, <\/span>permettant aux participants de se rassembler et de cr\u00e9er un impact durable. Et quand l\u2019on accueille chaque jour des milliers d\u2019\u00e9v\u00e9nements, ces choix individuels deviennent une force de changement r\u00e9el.<\/span><span data-ccp-props=\"{}\">\u00a0<\/span><\/p>\n<\/div>\n\t\t\t\t\t\t\t\t\t\t\t\t\t\t\t\t\t\t\t\t\t\t\t\t<p class=\"m-0\"><img decoding=\"async\" src=\"https:\/\/www.myallmeeting.com\/wp-content\/uploads\/2025\/12\/Image-2-haute-basse-53.png\" class=\"position-relative l-0\" width=\"633\" height=\"398\" alt=\"\" loading=\"lazy\" \/><\/p>\n\t\t\t\t\t\t\t\t\t\t\t<\/div>\n\t\t\t\t<\/div>\n\t\t\t<\/div>\n\t\t<\/div>\n\t<\/div>\n\t<div class=\"tcta2ia__bottom d-lg-none pb-12 py-lg-9 pe-lg-10\">\n\t\t\t\t<div class=\"h2 fs-20 fs-lg-32 fw-semibold\">Du principe \u00e0 la pratique <\/div>\n\t\t\t\t\t\t<div class=\"fs-wysiwyg\"><p><span data-contrast=\"auto\">La strat\u00e9gie RSE d\u2019Accor va bien au-del\u00e0 des <\/span><span data-contrast=\"auto\">objectifs de d\u00e9veloppement durable<\/span><span data-contrast=\"auto\">\u202f: elle guide concr\u00e8tement chaque rencontre que nous contribuons \u00e0 cr\u00e9er. Nous nous sommes engag\u00e9s \u00e0 r\u00e9duire nos \u00e9missions de CO\u2082 de 46\u202f% d\u2019ici 2030 et \u00e0 atteindre la neutralit\u00e9 carbone d\u2019ici 2050. Des objectifs ambitieux, oui, mais ancr\u00e9s dans des actions quotidiennes. D\u00e9j\u00e0, plus de 60\u202f% de nos h\u00f4tels mesurent leur empreinte carbone et plus de 1\u202f400 ont obtenu une certification \u00e9co-responsable. Pas \u00e0 pas, ces engagements transforment notre mani\u00e8re d\u2019accueillir nos clients. Des \u00e9clairages basse consommation aux syst\u00e8mes de r\u00e9gulation thermique intelligents, en passant par l&rsquo;\u00e9nergie renouvelable alimentant nos espaces de r\u00e9union, la durabilit\u00e9 fait d\u00e9sormais partie int\u00e9grante du quotidien du MICE chez Accor. <\/span><span data-contrast=\"auto\">Elle est inh\u00e9rente \u00e0 l&rsquo;exp\u00e9rience, et non plus un simple ajout.<\/span><span data-ccp-props=\"{}\">\u00a0<\/span><\/p>\n<p><span data-contrast=\"auto\">Le r\u00e9sultat est subtil, mais r\u00e9el. Des espaces plus l\u00e9gers, plus simples, plus intentionnels\u202f: la preuve qu\u2019une d\u00e9marche responsable n\u2019a pas besoin de s\u2019afficher pour \u00eatre ressentie. Pour les organisateurs, cela signifie r\u00e9server un lieu o\u00f9 l\u2019essentiel a d\u00e9j\u00e0 \u00e9t\u00e9 calcul\u00e9\u202f: chaque watt, chaque litre, chaque mat\u00e9riau est choisi avec attention, pour un \u00e9v\u00e9nement men\u00e9 en toute confiance.<\/span><span data-ccp-props=\"{}\">\u00a0<\/span><\/p>\n<\/div>\n\t\t\t\t<div class=\"d-flex flex-column flex-lg-row align-items-center gap-5 gap-lg-8 justify-content-between\">\n\t\t\t<div class=\"fs-20 fs-lg-26 fw-semibold lh-xs\"><\/div>\n\t\t\t\t\t<\/div>\n\t<\/div>\n<\/div>\n<!-- END OF : Composant : block-periscope-theme-section-composant-25-texte-cta-2-images.php -->\n\n\n<!-- START OF : Composant : block-periscope-theme-section-composant-26-textes-slider-cta.php -->\n<div class=\"t3icta bg-white pb-12 mb-9 fs-wysiwyg\" data-component=\"26-textes-3-images-cta\">\n\t<div class=\"t3icta__top position-relative\">\n\t\t<div class=\"container-fluid\" style=\"--bs-gutter-x: 0\">\n\t\t\t<div class=\"row\" style=\"--bs-gutter-x: 0\">\n\t\t\t\t\t\t\t\t<div class=\"col-lg-6\">\n\t\t\t\t\t<div class=\"t3icta__slider\">\n\t\t\t\t\t\t<div class=\"splide\">\n\t\t\t\t\t\t\t<div class=\"splide__track\">\n\t\t\t\t\t\t\t\t<div class=\"splide__list\">\n\t\t\t\t\t\t\t\t\t\t\t\t\t\t\t\t\t\t\t<div class=\"splide__slide\">\n\t\t\t\t\t\t\t\t\t\t\t<img decoding=\"async\" src=\"https:\/\/www.myallmeeting.com\/wp-content\/uploads\/2025\/12\/Image-slider-2025-12-01T191429.362.png\" width=\"953\" height=\"600\" alt=\"\" loading=\"lazy\" \/>\n\t\t\t\t\t\t\t\t\t\t<\/div>\n\t\t\t\t\t\t\t\t\t\t\t\t\t\t\t\t\t\t\t<div class=\"splide__slide\">\n\t\t\t\t\t\t\t\t\t\t\t<img decoding=\"async\" src=\"https:\/\/www.myallmeeting.com\/wp-content\/uploads\/2025\/12\/Image-slider-2025-12-01T191440.018.png\" width=\"953\" height=\"600\" alt=\"\" loading=\"lazy\" \/>\n\t\t\t\t\t\t\t\t\t\t<\/div>\n\t\t\t\t\t\t\t\t\t\t\t\t\t\t\t\t\t\t\t<div class=\"splide__slide\">\n\t\t\t\t\t\t\t\t\t\t\t<img decoding=\"async\" src=\"https:\/\/www.myallmeeting.com\/wp-content\/uploads\/2025\/12\/Image-slider-2025-12-01T191451.738.png\" width=\"953\" height=\"600\" alt=\"\" loading=\"lazy\" \/>\n\t\t\t\t\t\t\t\t\t\t<\/div>\n\t\t\t\t\t\t\t\t\t\t\t\t\t\t\t\t\t\t\t<div class=\"splide__slide\">\n\t\t\t\t\t\t\t\t\t\t\t<img decoding=\"async\" src=\"https:\/\/www.myallmeeting.com\/wp-content\/uploads\/2025\/12\/Image-slider-2025-12-01T191501.510.png\" width=\"953\" height=\"600\" alt=\"\" loading=\"lazy\" \/>\n\t\t\t\t\t\t\t\t\t\t<\/div>\n\t\t\t\t\t\t\t\t\t\t\t\t\t\t\t\t\t\t\t<div class=\"splide__slide\">\n\t\t\t\t\t\t\t\t\t\t\t<img decoding=\"async\" src=\"https:\/\/www.myallmeeting.com\/wp-content\/uploads\/2025\/12\/Image-slider-2025-12-01T191512.571.png\" width=\"953\" height=\"600\" alt=\"\" loading=\"lazy\" \/>\n\t\t\t\t\t\t\t\t\t\t<\/div>\n\t\t\t\t\t\t\t\t\t\t\t\t\t\t\t\t\t\n\t\t\t\t\t\t\t\t<\/div>\n\t\t\t\t\t\t\t<\/div>\n\t\t\t\t\t\t\t<div class=\"splide__arrows d-none d-lg-block\">\n\t\t\t\t\t\t\t\t<button class=\"splide__arrow splide__arrow--prev px-lg-3 py-lg-4 px-xl-4 py-xl-5 px-xxl-5 py-xxl-7 position-absolute l-0 bg-white border-0\">\n\t\t\t\t\t\t\t\t\t<svg width=\"14\" height=\"27\" aria-hidden=\"true\">\n\t\t\t\t\t\t\t\t\t\t<use xlink:href=\"https:\/\/www.myallmeeting.com\/wp-content\/themes\/accor\/assets\/images\/sprite.svg#slider-prev\"><\/use>\n\t\t\t\t\t\t\t\t\t<\/svg>\n\t\t\t\t\t\t\t\t<\/button>\n\t\t\t\t\t\t\t\t<button class=\"splide__arrow splide__arrow--next px-lg-3 py-lg-4 px-xl-4 py-xl-5 px-xxl-5 py-xxl-7 position-absolute r-0 bg-white border-0\">\n\t\t\t\t\t\t\t\t\t<svg width=\"14\" height=\"27\" aria-hidden=\"true\">\n\t\t\t\t\t\t\t\t\t\t<use xlink:href=\"https:\/\/www.myallmeeting.com\/wp-content\/themes\/accor\/assets\/images\/sprite.svg#slider-prev\"><\/use>\n\t\t\t\t\t\t\t\t\t<\/svg>\n\t\t\t\t\t\t\t\t<\/button>\n\t\t\t\t\t\t\t<\/div>\n\t\t\t\t\t\t<\/div>\n\t\t\t\t\t<\/div>\n\t\t\t\t<\/div>\n\t\t\t\t\t\t\t\t<div class=\"col-lg-6\">\n\t\t\t\t\t<div class=\"t3icta__top_right mb-lg-14 px-2 py-9 px-lg-11 py-lg-0\">\n\t\t\t\t\t\t\t\n\t\t\t\t\t\t<h2 class=\"fs-20 fs-lg-23 fs-xl-27 fs-xxl-30 fw-semibold\">L&#039;innovation au service de l&#039;exp\u00e9rience <\/h2>\n\t\t\t\t\t\t\t\t\t\t\t\t\t\n\t\t\t\t\t\t<div class=\"fs-wysiwyg\">\n\t\t\t\t\t\t\t<p><span data-contrast=\"auto\">La transition vers des \u00e9v\u00e9nements durables ne rime pas avec compromis\u202f: elle repose sur des syst\u00e8mes plus intelligents. L\u2019un des meilleurs exemples est notre Net Zero Carbon Calculator for Events, un outil qui permet aux organisateurs de mesurer et compenser l\u2019empreinte de leurs r\u00e9unions, de l\u2019\u00e9nergie \u00e0 la restauration en passant par les d\u00e9placements.<\/span><span data-ccp-props=\"{}\">\u00a0<\/span><\/p>\n<p><span data-contrast=\"auto\">Conna\u00eetre pr\u00e9cis\u00e9ment les \u00e9missions d\u2019un \u00e9v\u00e9nement permet de prendre des d\u00e9cisions plus rapides et plus responsables. Et c\u2019est ce que recherchent les clients aujourd\u2019hui\u202f: 54\u202f% de nos partenaires d\u2019entreprise placent la r\u00e9duction carbone en t\u00eate de leurs priorit\u00e9s RSE pour choisir un lieu.<\/span><span data-ccp-props=\"{}\">\u00a0<\/span><\/p>\n<p><span data-contrast=\"auto\">La r\u00e9ponse d\u2019Accor a \u00e9t\u00e9 de leur offrir des choix qui rendent le d\u00e9veloppement durable \u00e0 la fois simple et inspirant.<\/span><span data-ccp-props=\"{}\">\u00a0<\/span><\/p>\n\t\t\t\t\t\t<\/div>\n\t\t\t\t\t\t\t\t\t\t\t<\/div>\n\t\t\t\t<\/div>\n\t\t\t<\/div>\n\t\t<\/div>\n\t<\/div>\n\t<div class=\"t3icta__bottom bg-beige\">\n\t\t<div class=\"container-fluid\" style=\"--bs-gutter-x: 0\">\n\t\t\t<div class=\"row\" style=\"--bs-gutter-x: 0\">\n\t\t\t\t<div class=\"col-lg-5 offset-lg-1\">\n\t\t\t\t\t<div class=\"t3icta__bottom__left\">\n\t\t\t\t\t\t\t\t\t\t\t\t<img decoding=\"async\" src=\"https:\/\/www.myallmeeting.com\/wp-content\/uploads\/2025\/12\/Image-2-haute-basse-55.png\" class=\"w-100 d-lg-none\" width=\"633\" height=\"398\" alt=\"\" loading=\"lazy\" \/> <!-- Ce sont les 2 m\u00eames images : ID 0 -->\n\t\t\t\t\t\t\t\t\t\t\t\t<div class=\"px-2 py-9 px-lg-0 py-lg-0\">\n\t\t\t\t\t\t\t\t\t\t\t\t\t\t\t\n\t\t\t\t\t\t\t<div class=\"fs-wysiwyg mb-lg-15\">\n\t\t\t\t\t\t\t\t<p><span data-contrast=\"auto\">Au <strong>Sofitel London St James<\/strong>, les salons fonctionnent enti\u00e8rement \u00e0 l\u2019\u00e9nergie renouvelable, dans un h\u00f4tel certifi\u00e9 Green Key et EarthCheck Silver.<\/span><span data-ccp-props=\"{}\">\u00a0<\/span><\/p>\n<p><span data-contrast=\"auto\">\u00c0 Abou Dhabi, le <strong>Fairmont Bab Al Bahr<\/strong> est devenu le premier \u00e9tablissement du Groupe \u00e0 obtenir la certification Green Globe, <\/span><span data-contrast=\"auto\">int\u00e9grant l&rsquo;approvisionnement local et la gestion des ressources \u00e0 l&rsquo;organisation de chaque r\u00e9union qu&rsquo;il accueille.<\/span><span data-ccp-props=\"{}\">\u00a0<\/span><\/p>\n<p><span data-contrast=\"auto\">\u00c0<strong> ibis Styles Paris Meteor Avenue d\u2019Italie<\/strong>, cr\u00e9ativit\u00e9 et inclusion vont de pair\u202f: des partenariats de compostage avec <\/span><i><span data-contrast=\"auto\">Les Alchimistes <\/span><\/i><span data-contrast=\"auto\">aux collaborations avec des entreprises locales employant des personnes en situation de handicap.<\/span><span data-ccp-props=\"{}\">\u00a0<\/span><\/p>\n<p><span data-contrast=\"auto\">Chaque h\u00f4tel propose un cadre diff\u00e9rent, mais raconte la m\u00eame histoire\u202f: <\/span><span data-contrast=\"auto\">le d\u00e9veloppement durable<\/span><span data-contrast=\"auto\"> comme exp\u00e9rience v\u00e9cue, pas comme une simple mention dans une brochure.<\/span><span data-ccp-props=\"{}\">\u00a0<\/span><\/p>\n\t\t\t\t\t\t\t<\/div>\n\t\t\t\t\t\t\t\t\t\t\t\t\t<\/div>\n\t\t\t\t\t\t\t\t\t\t\t\t<div class=\"t3icta__bottom__img1 d-none d-lg-block text-end ms-lg-auto\">\n\t\t\t\t\t\t\t<img decoding=\"async\" src=\"https:\/\/www.myallmeeting.com\/wp-content\/uploads\/2025\/12\/Image-2-haute-basse-55.png\" width=\"633\" height=\"398\" alt=\"\" loading=\"lazy\" \/> <!-- Ce sont les 2 m\u00eames images : ID 1 -->\n\t\t\t\t\t\t<\/div>\n\t\t\t\t\t\t\t\t\t\t\t<\/div>\n\t\t\t\t<\/div>\n\t\t\t\t<div class=\"col-lg-5\">\n\t\t\t\t\t<div class=\"ps-lg-10\">\n\t\t\t\t\t\t\t\t\t\t\t\t<img decoding=\"async\" src=\"https:\/\/www.myallmeeting.com\/wp-content\/uploads\/2025\/12\/Image-2-haute-basse-56.png\" class=\"t3icta__bottom__img0 position-relative d-none d-lg-block mb-15\" width=\"633\" height=\"398\" alt=\"\" loading=\"lazy\" \/> <!-- Ce sont les 2 m\u00eames images : ID 0 -->\n\t\t\t\t\t\t\t\t\t\t\t\t<div class=\"px-2 px-lg-0 mb-9\">\n\t\t\t\t\t\t\t\t\n\t\t\t\t\t\t\t<h2 class=\"fs-20 fs-lg-23 fs-xl-27 fs-xxl-30 fw-semibold\">S\u2019approvisionner localement, penser globalement <\/h2>\n\t\t\t\t\t\t\t\t\t\t\t\t\t\t\t\t\t\t\t\t\t<div class=\"fs-wysiwyg\">\n\t\t\t\t\t\t\t\t<p><span data-contrast=\"auto\">En partenariat avec le WWF, nous repensons la mani\u00e8re dont les \u00e9v\u00e9nements se nourrissent. <\/span><span data-contrast=\"auto\">Les menus privil\u00e9gient de plus en plus les aliments d\u2019origine v\u00e9g\u00e9tale et respectueux des oc\u00e9ans. Ils sont \u00e9labor\u00e9s \u00e0 partir d&rsquo;ingr\u00e9dients qui c\u00e9l\u00e8brent les saveurs locales tout en minimisant l&rsquo;impact sur la plan\u00e8te. <\/span><span data-contrast=\"auto\">Et une fois le repas termin\u00e9, rien ne se perd\u202f: r\u00e9utilisation, compostage ou redistribution via Too Good To Go et les banques alimentaires locales. M\u00eame les d\u00e9tails ont \u00e9volu\u00e9\u202f: bouteilles en plastique et couverts jetables laissent place au verre, au bambou et au papier.<\/span><span data-ccp-props=\"{}\">\u00a0<\/span><\/p>\n<p><span data-contrast=\"auto\">Des gestes simples, multipli\u00e9s par des milliers d\u2019\u00e9v\u00e9nements, cr\u00e9ant un impact tangible chaque jour. Et au-del\u00e0 de la table, cette m\u00eame logique s\u2019applique \u00e0 tout\u202f: les essentiels de l\u2019\u00e9v\u00e9nement, la pr\u00e9paration de chaque espace, toujours pens\u00e9e avec moins de d\u00e9chets et plus d\u2019attention.<\/span><span data-ccp-props=\"{}\">\u00a0<\/span><\/p>\n\t\t\t\t\t\t\t<\/div>\n\t\t\t\t\t\t\t\t\t\t\t\t\t<\/div>\n\t\t\t\t\t\t\t\t\t\t\t\t<div class=\"t3icta__bottom__img1 d-lg-none mx-auto\">\n\t\t\t\t\t\t\t<img decoding=\"async\" src=\"https:\/\/www.myallmeeting.com\/wp-content\/uploads\/2025\/12\/Image-2-haute-basse-56.png\" width=\"633\" height=\"398\" alt=\"\" loading=\"lazy\" \/> <!-- Ce sont les 2 m\u00eames images : ID 1 -->\n\t\t\t\t\t\t<\/div>\n\t\t\t\t\t\t\t\t\t\t\t<\/div>\n\t\t\t\t<\/div>\n\t\t\t<\/div>\n\t\t<\/div>\n\t<\/div>\n\t<\/div>\n<!-- END OF : Composant : block-periscope-theme-section-composant-26-textes-slider-cta.php -->\n\n\n<!-- START OF : Composant : block-periscope-theme-section-composant-33-texte-image.php -->\n<!-- INVERSE -->\n<div class=\"text-image fs-wysiwyg mb-8 mb-lg-12\" data-component=\"33-texte-image\" data-reverse=\"oui\">\n\t<div class=\"container-fluid\" style=\"--bs-gutter-x: 0\">\n\t\t<div class=\"row\" style=\"--bs-gutter-x: 0\">\n\t\t\t<div class=\"col-lg-6\">\n\t\t\t\t<div class=\"text-image__content\">\n\t\t\t\t\t\t\t\t\t\t<div class=\"fw-semibold lh-xs fs-20 fs-lg-32 ls--25 mb-5\">L\u2019humain au c\u0153ur de la d\u00e9marche <\/div>\n\t\t\t\t\t\t\t\t\t\t\t\t\t\t\t<div class=\"fs-wysiwyg\">\n\t\t\t\t\t\t<p><span data-contrast=\"auto\">Au centre de tout cela\u202f: les personnes qui font vivre les \u00e9v\u00e9nements. Les 330\u202f000 Heartists\u00ae d\u2019Accor sont la force discr\u00e8te derri\u00e8re cette transformation durable. Avec des programmes comme School for Change, <\/span><span data-contrast=\"auto\">les \u00e9quipes apprennent \u00e0 int\u00e9grer les pratiques responsables au c\u0153ur de l&rsquo;organisation de chaque \u00e9v\u00e9nement. Cela va de la mise en place d&rsquo;espaces \u00e9co\u00e9nerg\u00e9tiques au conseil aupr\u00e8s des clients sur les options plus respectueuses de l&rsquo;environnement.<\/span><span data-ccp-props=\"{}\">\u00a0<\/span><\/p>\n<p><span data-contrast=\"auto\"><span class=\"NormalTextRun SCXW217718419 BCX8\">Les <\/span><span class=\"NormalTextRun SpellingErrorV2Themed SCXW217718419 BCX8\">opportunit\u00e9s<\/span><span class=\"NormalTextRun SCXW217718419 BCX8\"> de <\/span><span class=\"NormalTextRun SpellingErrorV2Themed SCXW217718419 BCX8\">d\u00e9veloppement<\/span><span class=\"NormalTextRun SCXW217718419 BCX8\"> durable d\u2019un <\/span><span class=\"NormalTextRun SpellingErrorV2Themed SCXW217718419 BCX8\">h\u00f4tel<\/span><span class=\"NormalTextRun SCXW217718419 BCX8\"> <\/span><span class=\"NormalTextRun SpellingErrorV2Themed SCXW217718419 BCX8\">sont<\/span><span class=\"NormalTextRun SCXW217718419 BCX8\"> <\/span><span class=\"NormalTextRun SpellingErrorV2Themed SCXW217718419 BCX8\">souvent<\/span><span class=\"NormalTextRun SCXW217718419 BCX8\"> \u00e0 <\/span><span class=\"NormalTextRun SpellingErrorV2Themed SCXW217718419 BCX8\">port\u00e9e<\/span><span class=\"NormalTextRun SCXW217718419 BCX8\"> de main.<\/span>\u00a0En collaborant avec des entreprises sociales locales, nous \u0153uvrons activement \u00e0 soutenir les groupes sous-repr\u00e9sent\u00e9s et \u00e0 cr\u00e9er de l&#8217;emploi inclusif. C&rsquo;est une \u00e9tape cruciale qui concr\u00e9tise l&rsquo;id\u00e9e que le d\u00e9veloppement durable signifie prendre soin des personnes, et pas seulement de l&rsquo;environnement. Et parce que le monde du MICE prosp\u00e8re gr\u00e2ce \u00e0 la collaboration, c&rsquo;est ce facteur humain \u2013 le partage des valeurs et de l&rsquo;impact \u2013 qui \u00e9l\u00e8ve un \u00e9v\u00e9nement au rang de v\u00e9ritable r\u00e9ussite collective.<\/span><span data-ccp-props=\"{}\">\u00a0<\/span><\/p>\n\t\t\t\t\t<\/div>\n\t\t\t\t\t\t\t\t\t<\/div>\n\t\t\t<\/div>    \n\t\t\t    \n\t\t\t<div class=\"col-lg-6 order-first order-lg-last mb-7 mb-lg-0\">\n\t\t\t\t<img decoding=\"async\" src=\"https:\/\/www.myallmeeting.com\/wp-content\/uploads\/2025\/12\/Image-seule-20-952x600.png\" width=\"953\" height=\"600\" alt=\"\" loading=\"lazy\" class=\"w-100\" \/>\n\t\t\t<\/div>\n\t\t\t\t\t<\/div>\n\t<\/div>\n<\/div>\n<!-- END OF : Composant : block-periscope-theme-section-composant-33-texte-image.php -->\n\n\n<!-- START OF : Composant : block-periscope-theme-section-composant-26-textes-slider-cta.php -->\n<div class=\"t3icta bg-white pb-12 mb-9 fs-wysiwyg\" data-component=\"26-textes-3-images-cta\">\n\t<div class=\"t3icta__top position-relative\">\n\t\t<div class=\"container-fluid\" style=\"--bs-gutter-x: 0\">\n\t\t\t<div class=\"row\" style=\"--bs-gutter-x: 0\">\n\t\t\t\t\t\t\t\t<div class=\"col-lg-6\">\n\t\t\t\t\t<div class=\"t3icta__slider\">\n\t\t\t\t\t\t<div class=\"splide\">\n\t\t\t\t\t\t\t<div class=\"splide__track\">\n\t\t\t\t\t\t\t\t<div class=\"splide__list\">\n\t\t\t\t\t\t\t\t\t\t\t\t\t\t\t\t\t\t\t<div class=\"splide__slide\">\n\t\t\t\t\t\t\t\t\t\t\t<img decoding=\"async\" src=\"https:\/\/www.myallmeeting.com\/wp-content\/uploads\/2025\/12\/Image-slider-2025-12-01T194257.414.png\" width=\"953\" height=\"600\" alt=\"\" loading=\"lazy\" \/>\n\t\t\t\t\t\t\t\t\t\t<\/div>\n\t\t\t\t\t\t\t\t\t\t\t\t\t\t\t\t\t\t\t<div class=\"splide__slide\">\n\t\t\t\t\t\t\t\t\t\t\t<img decoding=\"async\" src=\"https:\/\/www.myallmeeting.com\/wp-content\/uploads\/2025\/12\/Image-slider-2025-12-01T194303.857.png\" width=\"953\" height=\"600\" alt=\"\" loading=\"lazy\" \/>\n\t\t\t\t\t\t\t\t\t\t<\/div>\n\t\t\t\t\t\t\t\t\t\t\t\t\t\t\t\t\t\t\t<div class=\"splide__slide\">\n\t\t\t\t\t\t\t\t\t\t\t<img decoding=\"async\" src=\"https:\/\/www.myallmeeting.com\/wp-content\/uploads\/2025\/12\/Image-slider-2025-12-01T194320.644.png\" width=\"953\" height=\"600\" alt=\"\" loading=\"lazy\" \/>\n\t\t\t\t\t\t\t\t\t\t<\/div>\n\t\t\t\t\t\t\t\t\t\t\t\t\t\t\t\t\t\t\t<div class=\"splide__slide\">\n\t\t\t\t\t\t\t\t\t\t\t<img decoding=\"async\" src=\"https:\/\/www.myallmeeting.com\/wp-content\/uploads\/2025\/12\/Image-slider-2025-12-01T194330.692.png\" width=\"953\" height=\"600\" alt=\"\" loading=\"lazy\" \/>\n\t\t\t\t\t\t\t\t\t\t<\/div>\n\t\t\t\t\t\t\t\t\t\t\t\t\t\t\t\t\t\t\t<div class=\"splide__slide\">\n\t\t\t\t\t\t\t\t\t\t\t<img decoding=\"async\" src=\"https:\/\/www.myallmeeting.com\/wp-content\/uploads\/2025\/12\/Image-slider-2025-12-01T194340.435.png\" width=\"953\" height=\"600\" alt=\"\" loading=\"lazy\" \/>\n\t\t\t\t\t\t\t\t\t\t<\/div>\n\t\t\t\t\t\t\t\t\t\t\t\t\t\t\t\t\t\n\t\t\t\t\t\t\t\t<\/div>\n\t\t\t\t\t\t\t<\/div>\n\t\t\t\t\t\t\t<div class=\"splide__arrows d-none d-lg-block\">\n\t\t\t\t\t\t\t\t<button class=\"splide__arrow splide__arrow--prev px-lg-3 py-lg-4 px-xl-4 py-xl-5 px-xxl-5 py-xxl-7 position-absolute l-0 bg-white border-0\">\n\t\t\t\t\t\t\t\t\t<svg width=\"14\" height=\"27\" aria-hidden=\"true\">\n\t\t\t\t\t\t\t\t\t\t<use xlink:href=\"https:\/\/www.myallmeeting.com\/wp-content\/themes\/accor\/assets\/images\/sprite.svg#slider-prev\"><\/use>\n\t\t\t\t\t\t\t\t\t<\/svg>\n\t\t\t\t\t\t\t\t<\/button>\n\t\t\t\t\t\t\t\t<button class=\"splide__arrow splide__arrow--next px-lg-3 py-lg-4 px-xl-4 py-xl-5 px-xxl-5 py-xxl-7 position-absolute r-0 bg-white border-0\">\n\t\t\t\t\t\t\t\t\t<svg width=\"14\" height=\"27\" aria-hidden=\"true\">\n\t\t\t\t\t\t\t\t\t\t<use xlink:href=\"https:\/\/www.myallmeeting.com\/wp-content\/themes\/accor\/assets\/images\/sprite.svg#slider-prev\"><\/use>\n\t\t\t\t\t\t\t\t\t<\/svg>\n\t\t\t\t\t\t\t\t<\/button>\n\t\t\t\t\t\t\t<\/div>\n\t\t\t\t\t\t<\/div>\n\t\t\t\t\t<\/div>\n\t\t\t\t<\/div>\n\t\t\t\t\t\t\t\t<div class=\"col-lg-6\">\n\t\t\t\t\t<div class=\"t3icta__top_right mb-lg-14 px-2 py-9 px-lg-11 py-lg-0\">\n\t\t\t\t\t\t\t\n\t\t\t\t\t\t<h2 class=\"fs-20 fs-lg-23 fs-xl-27 fs-xxl-30 fw-semibold\">L\u2019avenir des r\u00e9unions durables <\/h2>\n\t\t\t\t\t\t\t\t\t\t\t\t\t\n\t\t\t\t\t\t<div class=\"fs-wysiwyg\">\n\t\t\t\t\t\t\t<p><span data-contrast=\"auto\">La prochaine g\u00e9n\u00e9ration d\u2019espaces de r\u00e9union est d\u00e9j\u00e0 l\u00e0. De nouveaux \u00e9tablissements, comme <strong>JO&amp;JOE<\/strong> et <strong>TRIBE Auckland<\/strong>, qui ouvrent en 2025, ont \u00e9t\u00e9 con\u00e7us d\u00e8s le d\u00e9part pour des \u00e9v\u00e9nements collaboratifs \u00e0 faible empreinte carbone. <\/span><span data-contrast=\"auto\">Ce sont des lieux pens\u00e9s pour la flexibilit\u00e9 et la connexion, aliment\u00e9s par de l&rsquo;\u00e9nergie renouvelable et guid\u00e9s par une raison d&rsquo;\u00eatre.<\/span><span data-ccp-props=\"{}\">\u00a0<\/span><\/p>\n<p><span data-contrast=\"auto\">La technologie est le moteur de la prochaine \u00e9tape. Gr\u00e2ce \u00e0 des partenariats avec des innovateurs comme Fullsoon, Accor utilise l\u2019IA pour mesurer en temps r\u00e9el l\u2019empreinte carbone des menus, donnant aux chefs le pouvoir de cr\u00e9er des plats responsables et m\u00e9morables. Et avec notre rapport annuel Accor Impact Report, <\/span><span data-contrast=\"auto\">nos clients b\u00e9n\u00e9ficient d&rsquo;une visibilit\u00e9 totale sur nos progr\u00e8s, maintenant ainsi la transparence au c\u0153ur de notre d\u00e9marche.<\/span><span data-ccp-props=\"{}\">\u00a0<\/span><\/p>\n<p><span data-contrast=\"auto\">Voici \u00e0 quoi ressemble l\u2019avenir du MICE\u202f: connect\u00e9, conscient et cr\u00e9atif dans son engagement.<\/span><span data-ccp-props=\"{}\">\u00a0<\/span><\/p>\n\t\t\t\t\t\t<\/div>\n\t\t\t\t\t\t\t\t\t\t\t<\/div>\n\t\t\t\t<\/div>\n\t\t\t<\/div>\n\t\t<\/div>\n\t<\/div>\n\t<div class=\"t3icta__bottom bg-beige\">\n\t\t<div class=\"container-fluid\" style=\"--bs-gutter-x: 0\">\n\t\t\t<div class=\"row\" style=\"--bs-gutter-x: 0\">\n\t\t\t\t<div class=\"col-lg-5 offset-lg-1\">\n\t\t\t\t\t<div class=\"t3icta__bottom__left\">\n\t\t\t\t\t\t\t\t\t\t\t\t<img decoding=\"async\" src=\"https:\/\/www.myallmeeting.com\/wp-content\/uploads\/2025\/12\/Image-2-haute-basse-57.png\" class=\"w-100 d-lg-none\" width=\"633\" height=\"398\" alt=\"\" loading=\"lazy\" \/> <!-- Ce sont les 2 m\u00eames images : ID 0 -->\n\t\t\t\t\t\t\t\t\t\t\t\t<div class=\"px-2 py-9 px-lg-0 py-lg-0\">\n\t\t\t\t\t\t\t\t\n\t\t\t\t\t\t\t<h2 class=\"fs-20 fs-lg-23 fs-xl-27 fs-xxl-30 fw-semibold\">L\u00e0 o\u00f9 chaque r\u00e9union compte <\/h2>\n\t\t\t\t\t\t\t\t\t\t\t\t\t\t\t\n\t\t\t\t\t\t\t<div class=\"fs-wysiwyg mb-lg-15\">\n\t\t\t\t\t\t\t\t<p><span data-contrast=\"auto\">Ce qui rend une r\u00e9union significative aujourd\u2019hui ne r\u00e9side pas seulement dans les id\u00e9es partag\u00e9es, mais aussi dans la mani\u00e8re dont elle est accueillie.<\/span><span data-ccp-props=\"{}\">\u00a0<\/span><\/p>\n<p><span data-contrast=\"auto\">Chez Accor, notre approche du MICE allie excellence op\u00e9rationnelle et attention sinc\u00e8re port\u00e9e au monde qui nous entoure, pour que chaque rencontre, d\u2019une conf\u00e9rence internationale \u00e0 un <\/span><span data-contrast=\"auto\">s\u00e9minaire<\/span><span data-contrast=\"auto\"> local, <\/span><span data-contrast=\"auto\">r\u00e9duise son empreinte \u00e9cologique pour un impact m\u00e9morable.<\/span><span data-ccp-props=\"{}\">\u00a0<\/span><\/p>\n\t\t\t\t\t\t\t<\/div>\n\t\t\t\t\t\t\t\t\t\t\t\t\t<\/div>\n\t\t\t\t\t\t\t\t\t\t\t\t<div class=\"t3icta__bottom__img1 d-none d-lg-block text-end ms-lg-auto\">\n\t\t\t\t\t\t\t<img decoding=\"async\" src=\"https:\/\/www.myallmeeting.com\/wp-content\/uploads\/2025\/12\/Image-2-haute-basse-57.png\" width=\"633\" height=\"398\" alt=\"\" loading=\"lazy\" \/> <!-- Ce sont les 2 m\u00eames images : ID 1 -->\n\t\t\t\t\t\t<\/div>\n\t\t\t\t\t\t\t\t\t\t\t<\/div>\n\t\t\t\t<\/div>\n\t\t\t\t<div class=\"col-lg-5\">\n\t\t\t\t\t<div class=\"ps-lg-10\">\n\t\t\t\t\t\t\t\t\t\t\t\t<img decoding=\"async\" src=\"https:\/\/www.myallmeeting.com\/wp-content\/uploads\/2025\/12\/Image-2-haute-basse-58.png\" class=\"t3icta__bottom__img0 position-relative d-none d-lg-block mb-15\" width=\"633\" height=\"398\" alt=\"\" loading=\"lazy\" \/> <!-- Ce sont les 2 m\u00eames images : ID 0 -->\n\t\t\t\t\t\t\t\t\t\t\t\t<div class=\"px-2 px-lg-0 mb-9\">\n\t\t\t\t\t\t\t\t\t\t\t\t\t\t\t\t\t\t\t\t\t<div class=\"fs-wysiwyg\">\n\t\t\t\t\t\t\t\t<p><span data-contrast=\"auto\">Accueillir de mani\u00e8re responsable n\u2019est ni une tendance ni une formalit\u00e9\u202f: c\u2019est le fondement de l\u2019hospitalit\u00e9 moderne. Quand des individus se rassemblent avec intention, les id\u00e9es circulent plus vite, les liens se renforcent et l\u2019impact s\u2019inscrit dans la dur\u00e9e.<\/span><span data-ccp-props=\"{}\">\u00a0<\/span><\/p>\n<p><span data-contrast=\"auto\">Alors, la prochaine fois que vous entrerez dans une salle de r\u00e9union Accor, prenez un moment pour observer ce qui vous entoure : la lumi\u00e8re au-dessus de vous, le repas dans votre assiette, l&rsquo;atmosph\u00e8re de la pi\u00e8ce. <\/span><span data-contrast=\"auto\">Chaque d\u00e9tail s&rsquo;inscrit dans une histoire plus vaste : celle o\u00f9 le progr\u00e8s n&rsquo;est pas simplement promis, mais activement mis en pratique.<\/span><span data-ccp-props=\"{}\">\u00a0<\/span><\/p>\n\t\t\t\t\t\t\t<\/div>\n\t\t\t\t\t\t\t\t\t\t\t\t\t<\/div>\n\t\t\t\t\t\t\t\t\t\t\t\t<div class=\"t3icta__bottom__img1 d-lg-none mx-auto\">\n\t\t\t\t\t\t\t<img decoding=\"async\" src=\"https:\/\/www.myallmeeting.com\/wp-content\/uploads\/2025\/12\/Image-2-haute-basse-58.png\" width=\"633\" height=\"398\" alt=\"\" loading=\"lazy\" \/> <!-- Ce sont les 2 m\u00eames images : ID 1 -->\n\t\t\t\t\t\t<\/div>\n\t\t\t\t\t\t\t\t\t\t\t<\/div>\n\t\t\t\t<\/div>\n\t\t\t<\/div>\n\t\t<\/div>\n\t<\/div>\n\t<\/div>\n<!-- END OF : Composant : block-periscope-theme-section-composant-26-textes-slider-cta.php -->\n","protected":false},"excerpt":{"rendered":"<p>Une nouvelle g\u00e9n\u00e9ration d&rsquo;espaces de r\u00e9union voit le jour, o\u00f9 la mani\u00e8re dont nous nous r\u00e9unissons refl\u00e8te un engagement plus large en faveur de pratiques r\u00e9fl\u00e9chies et durables.<\/p>\n","protected":false},"featured_media":35660399,"menu_order":0,"template":"","periscope_categorie_tax":[],"class_list":["post-35637318","article","type-article","status-publish","has-post-thumbnail","hentry"],"acf":[],"yoast_head":"<title>Comment Accor fa\u00e7onne l\u2019avenir des r\u00e9unions et \u00e9v\u00e9nements responsables\u00a0 - Accor MyAllMeeting.com<\/title>\n<meta name=\"description\" content=\"Des espaces de r\u00e9union durables voient le jour gr\u00e2ce \u00e0 des aux actions en faveur de l&#039;environnement et du d\u00e9veloppement durable.\" \/>\n<meta name=\"robots\" content=\"index, follow, max-snippet:-1, max-image-preview:large, max-video-preview:-1\" \/>\n<link rel=\"canonical\" href=\"https:\/\/www.myallmeeting.com\/fr\/wp-json\/wp\/v2\/article\/35637318\" \/>\n<meta property=\"og:locale\" content=\"fr_FR\" \/>\n<meta property=\"og:type\" content=\"article\" \/>\n<meta property=\"og:title\" content=\"Comment Accor fa\u00e7onne l\u2019avenir des r\u00e9unions et \u00e9v\u00e9nements responsables\u00a0 - Accor MyAllMeeting.com\" \/>\n<meta property=\"og:description\" content=\"Des espaces de r\u00e9union durables voient le jour gr\u00e2ce \u00e0 des aux actions en faveur de l&#039;environnement et du d\u00e9veloppement durable.\" \/>\n<meta property=\"og:url\" content=\"https:\/\/www.myallmeeting.com\/fr\/article\/sustainable-by-design-comment-accor-faconne-lavenir-des-reunions-et-evenements-responsables\/\" \/>\n<meta property=\"og:site_name\" content=\"Accor MyAllMeeting.com\" \/>\n<meta property=\"article:modified_time\" content=\"2025-12-09T11:36:12+00:00\" \/>\n<meta property=\"og:image\" content=\"https:\/\/myallmeeting.com\/wp-content\/uploads\/2025\/12\/Image-banniere-28.png\" \/>\n\t<meta property=\"og:image:width\" content=\"1920\" \/>\n\t<meta property=\"og:image:height\" content=\"570\" \/>\n\t<meta property=\"og:image:type\" content=\"image\/png\" \/>\n<meta name=\"twitter:card\" content=\"summary_large_image\" \/>\n<meta name=\"twitter:label1\" content=\"Dur\u00e9e de lecture estim\u00e9e\" \/>\n\t<meta name=\"twitter:data1\" content=\"11 minutes\" \/>\n<script type=\"application\/ld+json\" class=\"yoast-schema-graph\">{\"@context\":\"https:\/\/schema.org\",\"@graph\":[{\"@type\":\"WebPage\",\"@id\":\"https:\/\/www.myallmeeting.com\/fr\/article\/sustainable-by-design-comment-accor-faconne-lavenir-des-reunions-et-evenements-responsables\/\",\"url\":\"https:\/\/www.myallmeeting.com\/fr\/article\/sustainable-by-design-comment-accor-faconne-lavenir-des-reunions-et-evenements-responsables\/\",\"name\":\"Comment Accor fa\u00e7onne l\u2019avenir des r\u00e9unions et \u00e9v\u00e9nements responsables\u00a0 - Accor MyAllMeeting.com\",\"isPartOf\":{\"@id\":\"https:\/\/www.myallmeeting.com\/fr\/#website\"},\"primaryImageOfPage\":{\"@id\":\"https:\/\/www.myallmeeting.com\/fr\/article\/sustainable-by-design-comment-accor-faconne-lavenir-des-reunions-et-evenements-responsables\/#primaryimage\"},\"image\":{\"@id\":\"https:\/\/www.myallmeeting.com\/fr\/article\/sustainable-by-design-comment-accor-faconne-lavenir-des-reunions-et-evenements-responsables\/#primaryimage\"},\"thumbnailUrl\":\"https:\/\/www.myallmeeting.com\/wp-content\/uploads\/2025\/12\/Image-banniere-28.png\",\"datePublished\":\"2025-12-05T14:47:55+00:00\",\"dateModified\":\"2025-12-09T11:36:12+00:00\",\"description\":\"Des espaces de r\u00e9union durables voient le jour gr\u00e2ce \u00e0 des aux actions en faveur de l'environnement et du d\u00e9veloppement durable.\",\"breadcrumb\":{\"@id\":\"https:\/\/www.myallmeeting.com\/fr\/article\/sustainable-by-design-comment-accor-faconne-lavenir-des-reunions-et-evenements-responsables\/#breadcrumb\"},\"inLanguage\":\"fr-FR\",\"potentialAction\":[{\"@type\":\"ReadAction\",\"target\":[\"https:\/\/www.myallmeeting.com\/fr\/article\/sustainable-by-design-comment-accor-faconne-lavenir-des-reunions-et-evenements-responsables\/\"]}]},{\"@type\":\"ImageObject\",\"inLanguage\":\"fr-FR\",\"@id\":\"https:\/\/www.myallmeeting.com\/fr\/article\/sustainable-by-design-comment-accor-faconne-lavenir-des-reunions-et-evenements-responsables\/#primaryimage\",\"url\":\"https:\/\/www.myallmeeting.com\/wp-content\/uploads\/2025\/12\/Image-banniere-28.png\",\"contentUrl\":\"https:\/\/www.myallmeeting.com\/wp-content\/uploads\/2025\/12\/Image-banniere-28.png\",\"width\":1920,\"height\":570},{\"@type\":\"BreadcrumbList\",\"@id\":\"https:\/\/www.myallmeeting.com\/fr\/article\/sustainable-by-design-comment-accor-faconne-lavenir-des-reunions-et-evenements-responsables\/#breadcrumb\",\"itemListElement\":[{\"@type\":\"ListItem\",\"position\":1,\"name\":\"Accueil\",\"item\":\"https:\/\/myallmeeting.com\/fr\/\"},{\"@type\":\"ListItem\",\"position\":2,\"name\":\"Actualit\u00e9s\",\"item\":\"https:\/\/www.myallmeeting.com\/fr\/actualite\/\"},{\"@type\":\"ListItem\",\"position\":3,\"name\":\"Comment Accor fa\u00e7onne l\u2019avenir des r\u00e9unions et \u00e9v\u00e9nements responsables\u00a0\"}]},{\"@type\":\"WebSite\",\"@id\":\"https:\/\/www.myallmeeting.com\/fr\/#website\",\"url\":\"https:\/\/www.myallmeeting.com\/fr\/\",\"name\":\"Accor MyAllMeeting.com\",\"description\":\"Les Meilleurs lieux pour vos Ev\u00e9nements Professionnels\",\"publisher\":{\"@id\":\"https:\/\/www.myallmeeting.com\/fr\/#organization\"},\"potentialAction\":[{\"@type\":\"SearchAction\",\"target\":{\"@type\":\"EntryPoint\",\"urlTemplate\":\"https:\/\/www.myallmeeting.com\/fr\/?s={search_term_string}\"},\"query-input\":{\"@type\":\"PropertyValueSpecification\",\"valueRequired\":true,\"valueName\":\"search_term_string\"}}],\"inLanguage\":\"fr-FR\"},{\"@type\":\"Organization\",\"@id\":\"https:\/\/www.myallmeeting.com\/fr\/#organization\",\"name\":\"ACCOR\",\"url\":\"https:\/\/www.myallmeeting.com\/fr\/\",\"logo\":{\"@type\":\"ImageObject\",\"inLanguage\":\"fr-FR\",\"@id\":\"https:\/\/www.myallmeeting.com\/fr\/#\/schema\/logo\/image\/\",\"url\":\"\",\"contentUrl\":\"\",\"caption\":\"ACCOR\"},\"image\":{\"@id\":\"https:\/\/www.myallmeeting.com\/fr\/#\/schema\/logo\/image\/\"}}]}<\/script>","yoast_head_json":{"title":"Comment Accor fa\u00e7onne l\u2019avenir des r\u00e9unions et \u00e9v\u00e9nements responsables\u00a0 - Accor MyAllMeeting.com","description":"Des espaces de r\u00e9union durables voient le jour gr\u00e2ce \u00e0 des aux actions en faveur de l'environnement et du d\u00e9veloppement durable.","robots":{"index":"index","follow":"follow","max-snippet":"max-snippet:-1","max-image-preview":"max-image-preview:large","max-video-preview":"max-video-preview:-1"},"canonical":"https:\/\/www.myallmeeting.com\/fr\/wp-json\/wp\/v2\/article\/35637318","og_locale":"fr_FR","og_type":"article","og_title":"Comment Accor fa\u00e7onne l\u2019avenir des r\u00e9unions et \u00e9v\u00e9nements responsables\u00a0 - Accor MyAllMeeting.com","og_description":"Des espaces de r\u00e9union durables voient le jour gr\u00e2ce \u00e0 des aux actions en faveur de l'environnement et du d\u00e9veloppement durable.","og_url":"https:\/\/www.myallmeeting.com\/fr\/article\/sustainable-by-design-comment-accor-faconne-lavenir-des-reunions-et-evenements-responsables\/","og_site_name":"Accor MyAllMeeting.com","article_modified_time":"2025-12-09T11:36:12+00:00","og_image":[{"width":1920,"height":570,"url":"https:\/\/myallmeeting.com\/wp-content\/uploads\/2025\/12\/Image-banniere-28.png","type":"image\/png"}],"twitter_card":"summary_large_image","twitter_misc":{"Dur\u00e9e de lecture estim\u00e9e":"11 minutes"},"schema":{"@context":"https:\/\/schema.org","@graph":[{"@type":"WebPage","@id":"https:\/\/www.myallmeeting.com\/fr\/article\/sustainable-by-design-comment-accor-faconne-lavenir-des-reunions-et-evenements-responsables\/","url":"https:\/\/www.myallmeeting.com\/fr\/article\/sustainable-by-design-comment-accor-faconne-lavenir-des-reunions-et-evenements-responsables\/","name":"Comment Accor fa\u00e7onne l\u2019avenir des r\u00e9unions et \u00e9v\u00e9nements responsables\u00a0 - Accor MyAllMeeting.com","isPartOf":{"@id":"https:\/\/www.myallmeeting.com\/fr\/#website"},"primaryImageOfPage":{"@id":"https:\/\/www.myallmeeting.com\/fr\/article\/sustainable-by-design-comment-accor-faconne-lavenir-des-reunions-et-evenements-responsables\/#primaryimage"},"image":{"@id":"https:\/\/www.myallmeeting.com\/fr\/article\/sustainable-by-design-comment-accor-faconne-lavenir-des-reunions-et-evenements-responsables\/#primaryimage"},"thumbnailUrl":"https:\/\/www.myallmeeting.com\/wp-content\/uploads\/2025\/12\/Image-banniere-28.png","datePublished":"2025-12-05T14:47:55+00:00","dateModified":"2025-12-09T11:36:12+00:00","description":"Des espaces de r\u00e9union durables voient le jour gr\u00e2ce \u00e0 des aux actions en faveur de l'environnement et du d\u00e9veloppement durable.","breadcrumb":{"@id":"https:\/\/www.myallmeeting.com\/fr\/article\/sustainable-by-design-comment-accor-faconne-lavenir-des-reunions-et-evenements-responsables\/#breadcrumb"},"inLanguage":"fr-FR","potentialAction":[{"@type":"ReadAction","target":["https:\/\/www.myallmeeting.com\/fr\/article\/sustainable-by-design-comment-accor-faconne-lavenir-des-reunions-et-evenements-responsables\/"]}]},{"@type":"ImageObject","inLanguage":"fr-FR","@id":"https:\/\/www.myallmeeting.com\/fr\/article\/sustainable-by-design-comment-accor-faconne-lavenir-des-reunions-et-evenements-responsables\/#primaryimage","url":"https:\/\/www.myallmeeting.com\/wp-content\/uploads\/2025\/12\/Image-banniere-28.png","contentUrl":"https:\/\/www.myallmeeting.com\/wp-content\/uploads\/2025\/12\/Image-banniere-28.png","width":1920,"height":570},{"@type":"BreadcrumbList","@id":"https:\/\/www.myallmeeting.com\/fr\/article\/sustainable-by-design-comment-accor-faconne-lavenir-des-reunions-et-evenements-responsables\/#breadcrumb","itemListElement":[{"@type":"ListItem","position":1,"name":"Accueil","item":"https:\/\/myallmeeting.com\/fr\/"},{"@type":"ListItem","position":2,"name":"Actualit\u00e9s","item":"https:\/\/www.myallmeeting.com\/fr\/actualite\/"},{"@type":"ListItem","position":3,"name":"Comment Accor fa\u00e7onne l\u2019avenir des r\u00e9unions et \u00e9v\u00e9nements responsables\u00a0"}]},{"@type":"WebSite","@id":"https:\/\/www.myallmeeting.com\/fr\/#website","url":"https:\/\/www.myallmeeting.com\/fr\/","name":"Accor MyAllMeeting.com","description":"Les Meilleurs lieux pour vos Ev\u00e9nements Professionnels","publisher":{"@id":"https:\/\/www.myallmeeting.com\/fr\/#organization"},"potentialAction":[{"@type":"SearchAction","target":{"@type":"EntryPoint","urlTemplate":"https:\/\/www.myallmeeting.com\/fr\/?s={search_term_string}"},"query-input":{"@type":"PropertyValueSpecification","valueRequired":true,"valueName":"search_term_string"}}],"inLanguage":"fr-FR"},{"@type":"Organization","@id":"https:\/\/www.myallmeeting.com\/fr\/#organization","name":"ACCOR","url":"https:\/\/www.myallmeeting.com\/fr\/","logo":{"@type":"ImageObject","inLanguage":"fr-FR","@id":"https:\/\/www.myallmeeting.com\/fr\/#\/schema\/logo\/image\/","url":"","contentUrl":"","caption":"ACCOR"},"image":{"@id":"https:\/\/www.myallmeeting.com\/fr\/#\/schema\/logo\/image\/"}}]}},"_links":{"self":[{"href":"https:\/\/www.myallmeeting.com\/fr\/wp-json\/wp\/v2\/article\/35637318","targetHints":{"allow":["GET"]}}],"collection":[{"href":"https:\/\/www.myallmeeting.com\/fr\/wp-json\/wp\/v2\/article"}],"about":[{"href":"https:\/\/www.myallmeeting.com\/fr\/wp-json\/wp\/v2\/types\/article"}],"wp:featuredmedia":[{"embeddable":true,"href":"https:\/\/www.myallmeeting.com\/fr\/wp-json\/wp\/v2\/media\/35660399"}],"wp:attachment":[{"href":"https:\/\/www.myallmeeting.com\/fr\/wp-json\/wp\/v2\/media?parent=35637318"}],"wp:term":[{"taxonomy":"periscope_categorie_tax","embeddable":true,"href":"https:\/\/www.myallmeeting.com\/fr\/wp-json\/wp\/v2\/periscope_categorie_tax?post=35637318"}],"curies":[{"name":"wp","href":"https:\/\/api.w.org\/{rel}","templated":true}]}}