{"id":29872862,"date":"2025-11-25T10:09:54","date_gmt":"2025-11-25T09:09:54","guid":{"rendered":"https:\/\/myallmeeting.com\/?post_type=article&#038;p=29872862"},"modified":"2025-12-12T14:48:52","modified_gmt":"2025-12-12T13:48:52","slug":"des-rassemblements-intimistes-aux-grandes-celebrations-trouvez-le-lieu-parfait","status":"publish","type":"article","link":"https:\/\/www.myallmeeting.com\/fr\/article\/des-rassemblements-intimistes-aux-grandes-celebrations-trouvez-le-lieu-parfait\/","title":{"rendered":"Des rassemblements intimistes aux grandes c\u00e9l\u00e9brations \u2013 trouvez le lieu parfait\u00a0"},"content":{"rendered":"<!-- START OF : Composant : block-periscope-theme-section-composant-25-texte-cta-2-images.php -->\n<div class=\"tcta2ia bg-white fs-wysiwyg mb-lg-12\" data-component=\"25-texte-cta-2-images\">\n\t<div class=\"tcta2ia__top\">\n\t\t<div class=\"container-fluid\" style=\"--bs-gutter-x: 0\">\n\t\t\t<div class=\"row\" style=\"--bs-gutter-x: 0\">\n\t\t\t\t<div class=\"col-lg-8\">\n\t\t\t\t\t\t\t\t\t\t<div class=\"bloc-mise-en-avant__top__left\">\n\t\t\t\t\t\t<img decoding=\"async\" src=\"https:\/\/www.myallmeeting.com\/wp-content\/uploads\/2025\/11\/Image-principale-8.png\" class=\"pe-2 pe-lg-0\" width=\"1268\" height=\"846\" alt=\"\" loading=\"lazy\" \/>\n\t\t\t\t\t<\/div>\n\t\t\t\t\t\t\t\t\t\t<div class=\"tcta2ia__bottom d-none d-lg-block pb-12 pt-lg-9 pb-lg-0 pe-lg-10\">\n\t\t\t\t\t\t\t\t\t\t\t\t<h2 class=\"fs-20 fs-lg-32 fw-semibold\">Qu\u2019est-ce qu\u2019une grande c\u00e9l\u00e9bration ? <\/h2>\n\t\t\t\t\t\t\t\t\t\t\t\t\t\t\t\t\t\t<div class=\"fs-wysiwyg\"><p><span data-contrast=\"auto\">Les grandes c\u00e9l\u00e9brations ont une magie propre. Elles r\u00e9unissent souvent plus d\u2019une centaine d\u2019invit\u00e9s et n\u00e9cessitent donc une organisation pr\u00e9cise \u2013 une mise en sc\u00e8ne, un service traiteur, une coordination technique et logistique. Pourtant, l\u2019objectif reste le m\u00eame que pour une r\u00e9ception plus intime : cr\u00e9er des moments inoubliables tout en offrant une exp\u00e9rience fluide et sans effort pour chaque participant.<\/span><span data-ccp-props=\"{&quot;335559738&quot;:240,&quot;335559739&quot;:240}\">\u00a0<\/span><\/p>\n<p><span data-contrast=\"auto\">Exemples de c\u00e9l\u00e9brations de grande envergure :<\/span><span data-ccp-props=\"{&quot;335559738&quot;:240,&quot;335559739&quot;:240}\">\u00a0<\/span><\/p>\n<p><span data-contrast=\"auto\"><strong>C\u00f4t\u00e9 professionnel :<\/strong> assembl\u00e9es g\u00e9n\u00e9rales, anniversaires d\u2019entreprise, d\u00eeners de gala, remises de prix, lancements de produits, congr\u00e8s, salons, soir\u00e9es post-\u00e9v\u00e9nement ou galas caritatifs.<\/span><span data-ccp-props=\"{&quot;335559738&quot;:240,&quot;335559739&quot;:240}\">\u00a0<\/span><\/p>\n<p><span data-contrast=\"auto\"><strong>C\u00f4t\u00e9 personnel :<\/strong> mariages, mariages \u00e0 l\u2019\u00e9tranger, r\u00e9unions de famille, festivals culturels ou bals de saison, galas d\u2019anciens \u00e9l\u00e8ves, f\u00eates priv\u00e9es fa\u00e7on concert ou c\u00e9l\u00e9brations communautaires telles que la Saint-Sylvestre.<\/span><span data-ccp-props=\"{&quot;335559738&quot;:240,&quot;335559739&quot;:240}\">\u00a0<\/span><\/p>\n<\/div>\n\t\t\t\t\t\t\t\t\t\t\t\t<div class=\"d-flex flex-column flex-lg-row align-items-center gap-5 gap-lg-8 justify-content-between\">\n\t\t\t\t\t\t\t<div class=\"fs-20 fs-lg-26 fw-semibold lh-xs\"><\/div>\n\t\t\t\t\t\t\t\t\t\t\t\t\t<\/div>\n\t\t\t\t\t<\/div>\n\t\t\t\t<\/div>\n\t\t\t\t<div class=\"col-lg-4\">\n\t\t\t\t\t<div class=\"tcta2ia__top__right t-0 r-0 bg-primary text-white pt-4 pb-4 px-2 pt-lg-8 pb-lg-16 px-lg-11 pb-xl-30\">\n\t\t\t\t\t\t\t\t\t\t\t\t\t\t\t\t\t\t<h2 class=\"unna fs-36 fs-lg-51 fs-xl-75 fs-italic fw-normal text-secondary\">Des rassemblements intimistes aux grandes c\u00e9l\u00e9brations \u2013 trouvez le lieu parfait\u00a0<\/h2>\n\t\t\t\t\t\t\t\t\t\t\t\t\t\t\t\t\t\t<h3 class=\"text-white fs-18 fs-lg-20 fs-xl-28 text-original-case\">Les c\u00e9l\u00e9brations marquent les \u00e9tapes cl\u00e9s de nos parcours, qu\u2019ils soient personnels ou professionnels. <\/h3>\n\t\t\t\t\t\t\t\t\t\t\t\t\t\t\t\t\t\t<div class=\"fs-wysiwyg mb-4 fs-lg-16 fs-xl-20\"><p><span class=\"NormalTextRun SCXW267118820 BCX8\">Elles nous rappellent de faire une pause, de <\/span><span class=\"NormalTextRun SCXW267118820 BCX8\">r\u00e9fl\u00e9chir <\/span><span class=\"NormalTextRun SCXW267118820 BCX8\">et de savourer l\u2019instant. Certaines sont grandioses, d\u2019autres plus <\/span><span class=\"NormalTextRun SCXW267118820 BCX8\">intimes<\/span><span class=\"NormalTextRun SCXW267118820 BCX8\">, mais toutes m\u00e9ritent la m\u00eame attention et la m\u00eame <\/span><span class=\"NormalTextRun SCXW267118820 BCX8\">consid\u00e9ration.<\/span><\/p>\n<\/div>\n\t\t\t\t\t\t\t\t\t\t\t\t\t\t\t\t\t\t\t\t\t\t\t\t<p class=\"m-0\"><img decoding=\"async\" src=\"https:\/\/www.myallmeeting.com\/wp-content\/uploads\/2025\/11\/Image-2-haute-basse-37.png\" class=\"position-relative l-0\" width=\"633\" height=\"398\" alt=\"\" loading=\"lazy\" \/><\/p>\n\t\t\t\t\t\t\t\t\t\t\t<\/div>\n\t\t\t\t<\/div>\n\t\t\t<\/div>\n\t\t<\/div>\n\t<\/div>\n\t<div class=\"tcta2ia__bottom d-lg-none pb-12 py-lg-9 pe-lg-10\">\n\t\t\t\t<div class=\"h2 fs-20 fs-lg-32 fw-semibold\">Qu\u2019est-ce qu\u2019une grande c\u00e9l\u00e9bration ? <\/div>\n\t\t\t\t\t\t<div class=\"fs-wysiwyg\"><p><span data-contrast=\"auto\">Les grandes c\u00e9l\u00e9brations ont une magie propre. Elles r\u00e9unissent souvent plus d\u2019une centaine d\u2019invit\u00e9s et n\u00e9cessitent donc une organisation pr\u00e9cise \u2013 une mise en sc\u00e8ne, un service traiteur, une coordination technique et logistique. Pourtant, l\u2019objectif reste le m\u00eame que pour une r\u00e9ception plus intime : cr\u00e9er des moments inoubliables tout en offrant une exp\u00e9rience fluide et sans effort pour chaque participant.<\/span><span data-ccp-props=\"{&quot;335559738&quot;:240,&quot;335559739&quot;:240}\">\u00a0<\/span><\/p>\n<p><span data-contrast=\"auto\">Exemples de c\u00e9l\u00e9brations de grande envergure :<\/span><span data-ccp-props=\"{&quot;335559738&quot;:240,&quot;335559739&quot;:240}\">\u00a0<\/span><\/p>\n<p><span data-contrast=\"auto\"><strong>C\u00f4t\u00e9 professionnel :<\/strong> assembl\u00e9es g\u00e9n\u00e9rales, anniversaires d\u2019entreprise, d\u00eeners de gala, remises de prix, lancements de produits, congr\u00e8s, salons, soir\u00e9es post-\u00e9v\u00e9nement ou galas caritatifs.<\/span><span data-ccp-props=\"{&quot;335559738&quot;:240,&quot;335559739&quot;:240}\">\u00a0<\/span><\/p>\n<p><span data-contrast=\"auto\"><strong>C\u00f4t\u00e9 personnel :<\/strong> mariages, mariages \u00e0 l\u2019\u00e9tranger, r\u00e9unions de famille, festivals culturels ou bals de saison, galas d\u2019anciens \u00e9l\u00e8ves, f\u00eates priv\u00e9es fa\u00e7on concert ou c\u00e9l\u00e9brations communautaires telles que la Saint-Sylvestre.<\/span><span data-ccp-props=\"{&quot;335559738&quot;:240,&quot;335559739&quot;:240}\">\u00a0<\/span><\/p>\n<\/div>\n\t\t\t\t<div class=\"d-flex flex-column flex-lg-row align-items-center gap-5 gap-lg-8 justify-content-between\">\n\t\t\t<div class=\"fs-20 fs-lg-26 fw-semibold lh-xs\"><\/div>\n\t\t\t\t\t<\/div>\n\t<\/div>\n<\/div>\n<!-- END OF : Composant : block-periscope-theme-section-composant-25-texte-cta-2-images.php -->\n\n\n<!-- START OF : Composant : block-periscope-theme-section-composant-26-textes-slider-cta.php -->\n<div class=\"t3icta bg-white pb-12 mb-9 fs-wysiwyg\" data-component=\"26-textes-3-images-cta\">\n\t<div class=\"t3icta__top position-relative\">\n\t\t<div class=\"container-fluid\" style=\"--bs-gutter-x: 0\">\n\t\t\t<div class=\"row\" style=\"--bs-gutter-x: 0\">\n\t\t\t\t\t\t\t\t<div class=\"col-lg-6\">\n\t\t\t\t\t<div class=\"t3icta__slider\">\n\t\t\t\t\t\t<div class=\"splide\">\n\t\t\t\t\t\t\t<div class=\"splide__track\">\n\t\t\t\t\t\t\t\t<div class=\"splide__list\">\n\t\t\t\t\t\t\t\t\t\t\t\t\t\t\t\t\t\t\t<div class=\"splide__slide\">\n\t\t\t\t\t\t\t\t\t\t\t<img decoding=\"async\" src=\"https:\/\/www.myallmeeting.com\/wp-content\/uploads\/2025\/11\/Image-slider-98.png\" width=\"953\" height=\"600\" alt=\"\" loading=\"lazy\" \/>\n\t\t\t\t\t\t\t\t\t\t<\/div>\n\t\t\t\t\t\t\t\t\t\t\t\t\t\t\t\t\t\t\t<div class=\"splide__slide\">\n\t\t\t\t\t\t\t\t\t\t\t<img decoding=\"async\" src=\"https:\/\/www.myallmeeting.com\/wp-content\/uploads\/2025\/11\/Image-slider-99.png\" width=\"953\" height=\"600\" alt=\"\" loading=\"lazy\" \/>\n\t\t\t\t\t\t\t\t\t\t<\/div>\n\t\t\t\t\t\t\t\t\t\t\t\t\t\t\t\t\t\t\t<div class=\"splide__slide\">\n\t\t\t\t\t\t\t\t\t\t\t<img decoding=\"async\" src=\"https:\/\/www.myallmeeting.com\/wp-content\/uploads\/2025\/11\/Image-slider-100.png\" width=\"953\" height=\"600\" alt=\"\" loading=\"lazy\" \/>\n\t\t\t\t\t\t\t\t\t\t<\/div>\n\t\t\t\t\t\t\t\t\t\t\t\t\t\t\t\t\t\t\t<div class=\"splide__slide\">\n\t\t\t\t\t\t\t\t\t\t\t<img decoding=\"async\" src=\"https:\/\/www.myallmeeting.com\/wp-content\/uploads\/2025\/11\/Image-slider-2025-11-20T144741.544.png\" width=\"953\" height=\"600\" alt=\"\" loading=\"lazy\" \/>\n\t\t\t\t\t\t\t\t\t\t<\/div>\n\t\t\t\t\t\t\t\t\t\t\t\t\t\t\t\t\t\t\t<div class=\"splide__slide\">\n\t\t\t\t\t\t\t\t\t\t\t<img decoding=\"async\" src=\"https:\/\/www.myallmeeting.com\/wp-content\/uploads\/2025\/11\/Image-slider-2025-11-20T144750.208.png\" width=\"953\" height=\"600\" alt=\"\" loading=\"lazy\" \/>\n\t\t\t\t\t\t\t\t\t\t<\/div>\n\t\t\t\t\t\t\t\t\t\t\t\t\t\t\t\t\t\n\t\t\t\t\t\t\t\t<\/div>\n\t\t\t\t\t\t\t<\/div>\n\t\t\t\t\t\t\t<div class=\"splide__arrows d-none d-lg-block\">\n\t\t\t\t\t\t\t\t<button class=\"splide__arrow splide__arrow--prev px-lg-3 py-lg-4 px-xl-4 py-xl-5 px-xxl-5 py-xxl-7 position-absolute l-0 bg-white border-0\">\n\t\t\t\t\t\t\t\t\t<svg width=\"14\" height=\"27\" aria-hidden=\"true\">\n\t\t\t\t\t\t\t\t\t\t<use xlink:href=\"https:\/\/www.myallmeeting.com\/wp-content\/themes\/accor\/assets\/images\/sprite.svg#slider-prev\"><\/use>\n\t\t\t\t\t\t\t\t\t<\/svg>\n\t\t\t\t\t\t\t\t<\/button>\n\t\t\t\t\t\t\t\t<button class=\"splide__arrow splide__arrow--next px-lg-3 py-lg-4 px-xl-4 py-xl-5 px-xxl-5 py-xxl-7 position-absolute r-0 bg-white border-0\">\n\t\t\t\t\t\t\t\t\t<svg width=\"14\" height=\"27\" aria-hidden=\"true\">\n\t\t\t\t\t\t\t\t\t\t<use xlink:href=\"https:\/\/www.myallmeeting.com\/wp-content\/themes\/accor\/assets\/images\/sprite.svg#slider-prev\"><\/use>\n\t\t\t\t\t\t\t\t\t<\/svg>\n\t\t\t\t\t\t\t\t<\/button>\n\t\t\t\t\t\t\t<\/div>\n\t\t\t\t\t\t<\/div>\n\t\t\t\t\t<\/div>\n\t\t\t\t<\/div>\n\t\t\t\t\t\t\t\t<div class=\"col-lg-6\">\n\t\t\t\t\t<div class=\"t3icta__top_right mb-lg-14 px-2 py-9 px-lg-11 py-lg-0\">\n\t\t\t\t\t\t\t\n\t\t\t\t\t\t<h2 class=\"fs-20 fs-lg-23 fs-xl-27 fs-xxl-30 fw-semibold\">Et les petites c\u00e9l\u00e9brations ? <\/h2>\n\t\t\t\t\t\t\t\t\t\t\t\t\t\n\t\t\t\t\t\t<div class=\"fs-wysiwyg\">\n\t\t\t\t\t\t\t<p><span data-contrast=\"auto\">Les petites c\u00e9l\u00e9brations misent sur la proximit\u00e9 et l\u2019authenticit\u00e9. G\u00e9n\u00e9ralement compos\u00e9es de moins de cinquante invit\u00e9s, elles privil\u00e9gient les \u00e9changes humains \u00e0 la formalit\u00e9 des grands rassemblements. Ce qui compte avant tout, c\u2019est l\u2019atmosph\u00e8re \u2013 chaleur, intimit\u00e9 et souci du d\u00e9tail.<\/span><span data-ccp-props=\"{&quot;335559738&quot;:240,&quot;335559739&quot;:240}\">\u00a0<\/span><\/p>\n<p><span data-contrast=\"auto\">Exemples de c\u00e9l\u00e9brations \u00e0 plus petite \u00e9chelle :<\/span><span data-ccp-props=\"{&quot;335559738&quot;:240,&quot;335559739&quot;:240}\">\u00a0<\/span><\/p>\n<p><span data-contrast=\"auto\"><strong>C\u00f4t\u00e9 professionnel :<\/strong> d\u00eeners du comit\u00e9 de direction, \u00e9v\u00e9nements de remerciement client, s\u00e9minaires de leadership, d\u00eeners de fin d\u2019ann\u00e9e, f\u00eates de No\u00ebl, pots de d\u00e9part, pr\u00e9sentations de produits, lancements presse ou cocktails networking.<\/span><span data-ccp-props=\"{&quot;335559738&quot;:240,&quot;335559739&quot;:240}\">\u00a0<\/span><\/p>\n<p><span data-contrast=\"auto\"><strong>C\u00f4t\u00e9 personnel :<\/strong> r\u00e9unions familiales, anniversaires marquants, fian\u00e7ailles, remises de dipl\u00f4mes, baby showers ou d\u00eeners de d\u00e9part \u00e0 la retraite.<\/span><span data-ccp-props=\"{&quot;335559738&quot;:240,&quot;335559739&quot;:240}\">\u00a0<\/span><\/p>\n\t\t\t\t\t\t<\/div>\n\t\t\t\t\t\t\t\t\t\t\t<\/div>\n\t\t\t\t<\/div>\n\t\t\t<\/div>\n\t\t<\/div>\n\t<\/div>\n\t<div class=\"t3icta__bottom bg-beige\">\n\t\t<div class=\"container-fluid\" style=\"--bs-gutter-x: 0\">\n\t\t\t<div class=\"row\" style=\"--bs-gutter-x: 0\">\n\t\t\t\t<div class=\"col-lg-5 offset-lg-1\">\n\t\t\t\t\t<div class=\"t3icta__bottom__left\">\n\t\t\t\t\t\t\t\t\t\t\t\t<img decoding=\"async\" src=\"https:\/\/www.myallmeeting.com\/wp-content\/uploads\/2025\/11\/Image-2-haute-basse-39.png\" class=\"w-100 d-lg-none\" width=\"633\" height=\"398\" alt=\"\" loading=\"lazy\" \/> <!-- Ce sont les 2 m\u00eames images : ID 0 -->\n\t\t\t\t\t\t\t\t\t\t\t\t<div class=\"px-2 py-9 px-lg-0 py-lg-0\">\n\t\t\t\t\t\t\t\t\n\t\t\t\t\t\t\t<h2 class=\"fs-20 fs-lg-23 fs-xl-27 fs-xxl-30 fw-semibold\">Choisir le lieu \u2013 les crit\u00e8res essentiels <\/h2>\n\t\t\t\t\t\t\t\t\t\t\t\t\t\t\t\n\t\t\t\t\t\t\t<div class=\"fs-wysiwyg mb-lg-15\">\n\t\t\t\t\t\t\t\t<p><span data-contrast=\"auto\">Le choix d\u00e9pend bien s\u00fbr du type d\u2019\u00e9v\u00e9nement envisag\u00e9, mais plusieurs \u00e9l\u00e9ments restent d\u00e9terminants : le nombre d\u2019invit\u00e9s, le budget, l\u2019ambiance souhait\u00e9e et les objectifs de la c\u00e9l\u00e9bration.<\/span><span data-ccp-props=\"{&quot;335559738&quot;:240,&quot;335559739&quot;:240}\">\u00a0<\/span><\/p>\n<p><span data-contrast=\"auto\">Tout se r\u00e9sume finalement \u00e0 l\u2019exp\u00e9rience que vous souhaitez cr\u00e9er. Un petit \u00e9v\u00e9nement favorise les \u00e9changes directs et les liens personnels. Un grand \u00e9v\u00e9nement apporte \u00e9nergie et \u00e9motion collective, laissant aux invit\u00e9s le sentiment d\u2019avoir fait partie de quelque chose d\u2019exceptionnel. Le bon choix d\u00e9pend donc avant tout de l\u2019intention et de l\u2019atmosph\u00e8re que vous souhaitez partager.<\/span><span data-ccp-props=\"{&quot;335559738&quot;:240,&quot;335559739&quot;:240}\">\u00a0<\/span><\/p>\n\t\t\t\t\t\t\t<\/div>\n\t\t\t\t\t\t\t\t\t\t\t\t\t<\/div>\n\t\t\t\t\t\t\t\t\t\t\t\t<div class=\"t3icta__bottom__img1 d-none d-lg-block text-end ms-lg-auto\">\n\t\t\t\t\t\t\t<img decoding=\"async\" src=\"https:\/\/www.myallmeeting.com\/wp-content\/uploads\/2025\/11\/Image-2-haute-basse-39.png\" width=\"633\" height=\"398\" alt=\"\" loading=\"lazy\" \/> <!-- Ce sont les 2 m\u00eames images : ID 1 -->\n\t\t\t\t\t\t<\/div>\n\t\t\t\t\t\t\t\t\t\t\t<\/div>\n\t\t\t\t<\/div>\n\t\t\t\t<div class=\"col-lg-5\">\n\t\t\t\t\t<div class=\"ps-lg-10\">\n\t\t\t\t\t\t\t\t\t\t\t\t<img decoding=\"async\" src=\"https:\/\/www.myallmeeting.com\/wp-content\/uploads\/2025\/11\/Image-2-haute-basse-38.png\" class=\"t3icta__bottom__img0 position-relative d-none d-lg-block mb-15\" width=\"633\" height=\"398\" alt=\"\" loading=\"lazy\" \/> <!-- Ce sont les 2 m\u00eames images : ID 0 -->\n\t\t\t\t\t\t\t\t\t\t\t\t<div class=\"px-2 px-lg-0 mb-9\">\n\t\t\t\t\t\t\t\t\n\t\t\t\t\t\t\t<h2 class=\"fs-20 fs-lg-23 fs-xl-27 fs-xxl-30 fw-semibold\">Pour les c\u00e9l\u00e9brations plus intimes <\/h2>\n\t\t\t\t\t\t\t\t\t\t\t\t\t\t\t\t\t\t\t\t\t<div class=\"fs-wysiwyg\">\n\t\t\t\t\t\t\t\t<p><span data-contrast=\"auto\">\u00c0 Berlin, le <\/span><b><span data-contrast=\"auto\">Mercure Hotel MOA Berlin<\/span><\/b><span data-contrast=\"auto\"> prouve qu\u2019une petite c\u00e9l\u00e9bration peut avoir un grand impact. Ses salles modulables et ses espaces de restauration chaleureux accueillent \u00e0 merveille les d\u00eeners priv\u00e9s, ateliers ou r\u00e9unions familiales, au c\u0153ur de l\u2019effervescence de la capitale allemande.<\/span><span data-ccp-props=\"{&quot;335559738&quot;:240,&quot;335559739&quot;:240}\">\u00a0<\/span><\/p>\n<p><span data-contrast=\"auto\">\u00c0 Munich, le <\/span><b><span data-contrast=\"auto\">Pullman Munich<\/span><\/b><span data-contrast=\"auto\"> propose des espaces flexibles, adapt\u00e9s aux groupes de toutes tailles \u2013 parfaits pour des d\u00eeners d\u2019\u00e9quipe, ateliers ou c\u00e9l\u00e9brations d\u2019entreprise dans un style moderne et d\u00e9contract\u00e9. Situ\u00e9 \u00e0 proximit\u00e9 imm\u00e9diate du Jardin Anglais, il permet de profiter facilement des sites culturels, brasseries et caf\u00e9s de la ville.<\/span><span data-ccp-props=\"{&quot;335559738&quot;:240,&quot;335559739&quot;:240}\">\u00a0<\/span><\/p>\n\t\t\t\t\t\t\t<\/div>\n\t\t\t\t\t\t\t\t\t\t\t\t\t<\/div>\n\t\t\t\t\t\t\t\t\t\t\t\t<div class=\"t3icta__bottom__img1 d-lg-none mx-auto\">\n\t\t\t\t\t\t\t<img decoding=\"async\" src=\"https:\/\/www.myallmeeting.com\/wp-content\/uploads\/2025\/11\/Image-2-haute-basse-38.png\" width=\"633\" height=\"398\" alt=\"\" loading=\"lazy\" \/> <!-- Ce sont les 2 m\u00eames images : ID 1 -->\n\t\t\t\t\t\t<\/div>\n\t\t\t\t\t\t\t\t\t\t\t<\/div>\n\t\t\t\t<\/div>\n\t\t\t<\/div>\n\t\t<\/div>\n\t<\/div>\n\t<\/div>\n<!-- END OF : Composant : block-periscope-theme-section-composant-26-textes-slider-cta.php -->\n\n\n<!-- START OF : Composant : block-periscope-theme-section-composant-34-texte-image-slider.php -->\n<!-- INVERSE -->\n<div class=\"text-image-slider fs-wysiwyg mb-8 mb-lg-12\" data-component=\"34-texte-image-slider\" data-reverse=\"oui\">\n<div class=\"container-fluid\" style=\"--bs-gutter-x: 0\">\n\t\t<div class=\"row\" style=\"--bs-gutter-x: 0\">\n\t\t\t<div class=\"col-lg-6\">\n\t\t\t\t<div class=\"text-image-slider__content mb-7 mb-lg-0\">\n\t\t\t\t\t\t\t\t\t\t\t\t\t\t\t<div class=\"fs-wysiwyg\">\n\t\t\t\t\t\t<p><span data-contrast=\"auto\">\u00c0 Madrid, l<a href=\"https:\/\/myallmeeting.com\/fr\/hotel\/b4u5-ibis-styles-madrid-city-las-ventas\/\" target=\"_blank\" rel=\"noopener\">\u2019<\/a><\/span><b><span data-contrast=\"auto\">ibis Styles Madrid City Las Ventas <\/span><\/b><span data-contrast=\"auto\">ajoute une touche de gaiet\u00e9. Ses int\u00e9rieurs color\u00e9s et sa piscine sur le toit en font un lieu id\u00e9al pour les anniversaires, f\u00eates d\u2019\u00e9quipe ou \u00e9v\u00e9nements informels o\u00f9 la convivialit\u00e9 prime. L\u2019h\u00f4tel b\u00e9n\u00e9ficie d\u2019un emplacement privil\u00e9gi\u00e9, en plein c\u0153ur de la capitale espagnole.<\/span><span data-ccp-props=\"{&quot;335559738&quot;:240,&quot;335559739&quot;:240}\">\u00a0<\/span><\/p>\n<p><span data-contrast=\"auto\">Et \u00e0 Zurich, le <\/span><b><span data-contrast=\"auto\">Novotel Zurich Airport Messe<\/span><\/b><span data-contrast=\"auto\"> allie connectivit\u00e9 et caract\u00e8re. Ses salles de r\u00e9union et ses espaces de restauration conviennent parfaitement aux d\u00eeners de direction ou aux rassemblements priv\u00e9s, avec l\u2019avantage d\u2019\u00eatre proche \u00e0 la fois de l\u2019a\u00e9roport et de la vieille ville pour prolonger le plaisir avant ou apr\u00e8s l\u2019\u00e9v\u00e9nement.<\/span><span data-ccp-props=\"{&quot;335559738&quot;:240,&quot;335559739&quot;:240}\">\u00a0<\/span><\/p>\n\t\t\t\t\t<\/div>\n\t\t\t\t\t\t\t\t\t<\/div>\n\t\t\t\t\t\t\t<\/div>        \n\t\t\t<div class=\"col-lg-6 order-first order-lg-last\">\n\t\t\t\t<div class=\"text-image-slider__slider mb-7 mb-lg-12\">\n\t\t\t\t\t\t\t\t\t\t<div class=\"splide\">\n\t\t\t\t\t\t<div class=\"splide__track\">\n\t\t\t\t\t\t\t<div class=\"splide__list\">\n\t\t\t\t\t\t\t\t\t\t\t\t\t\t\t\t<div class=\"splide__slide\">\n\t\t\t\t\t\t\t\t\t<img decoding=\"async\" src=\"https:\/\/www.myallmeeting.com\/wp-content\/uploads\/2025\/11\/Image-slider-2025-11-20T145841.150.png\" width=\"953\" height=\"600\" alt=\"\" loading=\"lazy\">\n\t\t\t\t\t\t\t\t<\/div>\n\t\t\t\t\t\t\t\t\t\t\t\t\t\t\t\t\t\t\t\t\t\t\t\t\t<div class=\"splide__slide\">\n\t\t\t\t\t\t\t\t\t<img decoding=\"async\" src=\"https:\/\/www.myallmeeting.com\/wp-content\/uploads\/2025\/11\/Image-slider-2025-11-20T145853.281.png\" width=\"953\" height=\"600\" alt=\"\" loading=\"lazy\">\n\t\t\t\t\t\t\t\t<\/div>\n\t\t\t\t\t\t\t\t\t\t\t\t\t\t\t\t\t\t\t\t\t\t\t\t\t<div class=\"splide__slide\">\n\t\t\t\t\t\t\t\t\t<img decoding=\"async\" src=\"https:\/\/www.myallmeeting.com\/wp-content\/uploads\/2025\/11\/Image-slider-2025-11-20T145908.358.png\" width=\"953\" height=\"600\" alt=\"\" loading=\"lazy\">\n\t\t\t\t\t\t\t\t<\/div>\n\t\t\t\t\t\t\t\t\t\t\t\t\t\t\t\t\t\t\t\t\t\t\t\t\t<div class=\"splide__slide\">\n\t\t\t\t\t\t\t\t\t<img decoding=\"async\" src=\"https:\/\/www.myallmeeting.com\/wp-content\/uploads\/2025\/11\/Image-slider-2025-11-20T145920.786.png\" width=\"953\" height=\"600\" alt=\"\" loading=\"lazy\">\n\t\t\t\t\t\t\t\t<\/div>\n\t\t\t\t\t\t\t\t\t\t\t\t\t\t\t\t\t\t\t\t\t\t\t\t\t<div class=\"splide__slide\">\n\t\t\t\t\t\t\t\t\t<img decoding=\"async\" src=\"https:\/\/www.myallmeeting.com\/wp-content\/uploads\/2025\/11\/Image-slider-2025-11-20T145933.469.png\" width=\"953\" height=\"600\" alt=\"\" loading=\"lazy\">\n\t\t\t\t\t\t\t\t<\/div>\n\t\t\t\t\t\t\t\t\t\t\t\t\t\t\t\t\t\t\t\t\t\t\t\t<\/div>\n\t\t\t\t\t\t<\/div>\n\t\t\t\t\t\t<div class=\"splide__arrows d-none d-lg-block\">\n\t\t\t\t\t\t\t<button class=\"splide__arrow splide__arrow--prev px-lg-3 py-lg-4 px-xl-4 py-xl-5 px-xxl-5 py-xxl-7 position-absolute l-0 bg-white border-0\">\n\t\t\t\t\t\t\t\t<svg width=\"14\" height=\"27\" aria-hidden=\"true\">\n\t\t\t\t\t\t\t\t\t<use xlink:href=\"https:\/\/www.myallmeeting.com\/wp-content\/themes\/accor\/assets\/images\/sprite.svg#slider-prev\"><\/use>\n\t\t\t\t\t\t\t\t<\/svg>\n\t\t\t\t\t\t\t<\/button>\n\t\t\t\t\t\t\t<button class=\"splide__arrow splide__arrow--next px-lg-3 py-lg-4 px-xl-4 py-xl-5 px-xxl-5 py-xxl-7 position-absolute r-0 bg-white border-0\">\n\t\t\t\t\t\t\t\t<svg width=\"14\" height=\"27\" aria-hidden=\"true\">\n\t\t\t\t\t\t\t\t\t<use xlink:href=\"https:\/\/www.myallmeeting.com\/wp-content\/themes\/accor\/assets\/images\/sprite.svg#slider-prev\"><\/use>\n\t\t\t\t\t\t\t\t<\/svg>\n\t\t\t\t\t\t\t<\/button>\n\t\t\t\t\t\t<\/div>\n\t\t\t\t\t<\/div>\n\t\t\t\t\t\t\t\t\t<\/div>\n\t\t\t\t\t\t\t\t<\/div>\n\t\t<\/div>\n\t<\/div>\n<\/div>\n<!-- END OF : Composant : block-periscope-theme-section-composant-34-texte-image-slider.php -->\n\n\n<!-- START OF : Composant : block-periscope-theme-section-composant-26-textes-slider-cta.php -->\n<div class=\"t3icta bg-white pb-12 mb-9 fs-wysiwyg\" data-component=\"26-textes-3-images-cta\">\n\t<div class=\"t3icta__top position-relative\">\n\t\t<div class=\"container-fluid\" style=\"--bs-gutter-x: 0\">\n\t\t\t<div class=\"row\" style=\"--bs-gutter-x: 0\">\n\t\t\t\t\t\t\t\t<div class=\"col-lg-6\">\n\t\t\t\t\t<div class=\"t3icta__slider\">\n\t\t\t\t\t\t<div class=\"splide\">\n\t\t\t\t\t\t\t<div class=\"splide__track\">\n\t\t\t\t\t\t\t\t<div class=\"splide__list\">\n\t\t\t\t\t\t\t\t\t\t\t\t\t\t\t\t\t\t\t<div class=\"splide__slide\">\n\t\t\t\t\t\t\t\t\t\t\t<img decoding=\"async\" src=\"https:\/\/www.myallmeeting.com\/wp-content\/uploads\/2025\/11\/Image-slider-2025-11-20T150546.281.png\" width=\"953\" height=\"600\" alt=\"\" loading=\"lazy\" \/>\n\t\t\t\t\t\t\t\t\t\t<\/div>\n\t\t\t\t\t\t\t\t\t\t\t\t\t\t\t\t\t\t\t<div class=\"splide__slide\">\n\t\t\t\t\t\t\t\t\t\t\t<img decoding=\"async\" src=\"https:\/\/www.myallmeeting.com\/wp-content\/uploads\/2025\/11\/Image-slider-2025-11-20T150551.115.png\" width=\"953\" height=\"600\" alt=\"\" loading=\"lazy\" \/>\n\t\t\t\t\t\t\t\t\t\t<\/div>\n\t\t\t\t\t\t\t\t\t\t\t\t\t\t\t\t\t\t\t<div class=\"splide__slide\">\n\t\t\t\t\t\t\t\t\t\t\t<img decoding=\"async\" src=\"https:\/\/www.myallmeeting.com\/wp-content\/uploads\/2025\/11\/Image-slider-2025-11-20T150613.389.png\" width=\"953\" height=\"600\" alt=\"\" loading=\"lazy\" \/>\n\t\t\t\t\t\t\t\t\t\t<\/div>\n\t\t\t\t\t\t\t\t\t\t\t\t\t\t\t\t\t\t\t<div class=\"splide__slide\">\n\t\t\t\t\t\t\t\t\t\t\t<img decoding=\"async\" src=\"https:\/\/www.myallmeeting.com\/wp-content\/uploads\/2025\/11\/Image-slider-2025-11-20T150622.365-1.png\" width=\"953\" height=\"600\" alt=\"\" loading=\"lazy\" \/>\n\t\t\t\t\t\t\t\t\t\t<\/div>\n\t\t\t\t\t\t\t\t\t\t\t\t\t\t\t\t\t\t\t<div class=\"splide__slide\">\n\t\t\t\t\t\t\t\t\t\t\t<img decoding=\"async\" src=\"https:\/\/www.myallmeeting.com\/wp-content\/uploads\/2025\/11\/Image-slider-2025-11-20T150627.223.png\" width=\"953\" height=\"600\" alt=\"\" loading=\"lazy\" \/>\n\t\t\t\t\t\t\t\t\t\t<\/div>\n\t\t\t\t\t\t\t\t\t\t\t\t\t\t\t\t\t\n\t\t\t\t\t\t\t\t<\/div>\n\t\t\t\t\t\t\t<\/div>\n\t\t\t\t\t\t\t<div class=\"splide__arrows d-none d-lg-block\">\n\t\t\t\t\t\t\t\t<button class=\"splide__arrow splide__arrow--prev px-lg-3 py-lg-4 px-xl-4 py-xl-5 px-xxl-5 py-xxl-7 position-absolute l-0 bg-white border-0\">\n\t\t\t\t\t\t\t\t\t<svg width=\"14\" height=\"27\" aria-hidden=\"true\">\n\t\t\t\t\t\t\t\t\t\t<use xlink:href=\"https:\/\/www.myallmeeting.com\/wp-content\/themes\/accor\/assets\/images\/sprite.svg#slider-prev\"><\/use>\n\t\t\t\t\t\t\t\t\t<\/svg>\n\t\t\t\t\t\t\t\t<\/button>\n\t\t\t\t\t\t\t\t<button class=\"splide__arrow splide__arrow--next px-lg-3 py-lg-4 px-xl-4 py-xl-5 px-xxl-5 py-xxl-7 position-absolute r-0 bg-white border-0\">\n\t\t\t\t\t\t\t\t\t<svg width=\"14\" height=\"27\" aria-hidden=\"true\">\n\t\t\t\t\t\t\t\t\t\t<use xlink:href=\"https:\/\/www.myallmeeting.com\/wp-content\/themes\/accor\/assets\/images\/sprite.svg#slider-prev\"><\/use>\n\t\t\t\t\t\t\t\t\t<\/svg>\n\t\t\t\t\t\t\t\t<\/button>\n\t\t\t\t\t\t\t<\/div>\n\t\t\t\t\t\t<\/div>\n\t\t\t\t\t<\/div>\n\t\t\t\t<\/div>\n\t\t\t\t\t\t\t\t<div class=\"col-lg-6\">\n\t\t\t\t\t<div class=\"t3icta__top_right mb-lg-14 px-2 py-9 px-lg-11 py-lg-0\">\n\t\t\t\t\t\t\t\n\t\t\t\t\t\t<h2 class=\"fs-20 fs-lg-23 fs-xl-27 fs-xxl-30 fw-semibold\">Pour les c\u00e9l\u00e9brations d\u2019envergure <\/h2>\n\t\t\t\t\t\t\t\t\t\t\t\t\t\n\t\t\t\t\t\t<div class=\"fs-wysiwyg\">\n\t\t\t\t\t\t\t<p><span data-contrast=\"auto\">\u00c0 Paris, le <\/span><b><span data-contrast=\"auto\">Pullman Paris Montparnasse<\/span><\/b><span data-contrast=\"auto\"> s\u2019impose comme une adresse embl\u00e9matique pour les grands \u00e9v\u00e9nements. Avec trois \u00e9tages enti\u00e8rement d\u00e9di\u00e9s aux r\u00e9unions et r\u00e9ceptions, l\u2019h\u00f4tel offre des espaces vastes et modulables, id\u00e9aux pour les conf\u00e9rences, lancements de produits ou d\u00eeners de gala. Installations high-tech, design contemporain et le rooftop Skybar avec vue sur la capitale : tout y est r\u00e9uni pour impressionner, au c\u0153ur d\u2019un quartier vibrant.<\/span><span data-ccp-props=\"{&quot;335559738&quot;:240,&quot;335559739&quot;:240}\">\u00a0<\/span><\/p>\n<p><span data-contrast=\"auto\">\u00c0 Bordeaux, le <\/span><b><span data-contrast=\"auto\">Mercure Bordeaux Ch\u00e2teau Chartrons<\/span><\/b><span data-contrast=\"auto\"> offre un cadre polyvalent, adapt\u00e9 \u00e0 toutes les tailles de rassemblements. Ses 11 salles baign\u00e9es de lumi\u00e8re naturelle et son vaste atrium accueillent aussi bien des r\u00e9unions strat\u00e9giques que des d\u00eeners festifs. Entre deux sessions, les invit\u00e9s peuvent se d\u00e9tendre dans le jardin, savourer une cuisine locale sous verri\u00e8re, ou tester le simulateur de vol A320 \u2013 une exp\u00e9rience d\u2019\u00e9quipe originale dans le quartier historique des Chartrons.<\/span><span data-ccp-props=\"{&quot;335559738&quot;:240,&quot;335559739&quot;:240}\">\u00a0<\/span><\/p>\n\t\t\t\t\t\t<\/div>\n\t\t\t\t\t\t\t\t\t\t\t<\/div>\n\t\t\t\t<\/div>\n\t\t\t<\/div>\n\t\t<\/div>\n\t<\/div>\n\t<div class=\"t3icta__bottom bg-beige\">\n\t\t<div class=\"container-fluid\" style=\"--bs-gutter-x: 0\">\n\t\t\t<div class=\"row\" style=\"--bs-gutter-x: 0\">\n\t\t\t\t<div class=\"col-lg-5 offset-lg-1\">\n\t\t\t\t\t<div class=\"t3icta__bottom__left\">\n\t\t\t\t\t\t\t\t\t\t\t\t<img decoding=\"async\" src=\"https:\/\/www.myallmeeting.com\/wp-content\/uploads\/2025\/11\/Image-2-haute-basse-40.png\" class=\"w-100 d-lg-none\" width=\"633\" height=\"398\" alt=\"\" loading=\"lazy\" \/> <!-- Ce sont les 2 m\u00eames images : ID 0 -->\n\t\t\t\t\t\t\t\t\t\t\t\t<div class=\"px-2 py-9 px-lg-0 py-lg-0\">\n\t\t\t\t\t\t\t\t\t\t\t\t\t\t\t\n\t\t\t\t\t\t\t<div class=\"fs-wysiwyg mb-lg-15\">\n\t\t\t\t\t\t\t\t<p><span data-contrast=\"auto\">\u00c0 Monaco, le <\/span><b><span data-contrast=\"auto\">Fairmont Monte Carlo<\/span><\/b><span data-contrast=\"auto\"> insuffle une touche de glamour Riviera \u00e0 chaque occasion. Surplombant la M\u00e9diterran\u00e9e, \u00e0 deux pas du Casino, il propose des espaces \u00e9l\u00e9gants pour r\u00e9unions, d\u00eeners et c\u00e9l\u00e9brations, dont le Grand Salon \u2013 une salle de bal de 1 450 m\u00b2 pouvant accueillir jusqu\u2019\u00e0 1 500 invit\u00e9s, id\u00e9ale pour des lancements automobiles ou des \u00e9v\u00e9nements d\u2019envergure. Les participants peuvent se d\u00e9tendre au bord de la piscine sur le toit, d\u00eener au Nobu Monte Carlo ou se ressourcer au Spa entre deux temps forts.<\/span><span data-ccp-props=\"{&quot;335559738&quot;:240,&quot;335559739&quot;:240}\">\u00a0<\/span><\/p>\n<p><span data-contrast=\"auto\">Et \u00e0 Amsterdam, le <\/span><b><span data-contrast=\"auto\">Sofitel Legend The Grand Amsterdam<\/span><\/b><span data-contrast=\"auto\"> fait revivre l\u2019histoire. Ancienne r\u00e9sidence royale, il accueille aujourd\u2019hui mariages somptueux, r\u00e9ceptions diplomatiques et soir\u00e9es de gala dans ses salons raffin\u00e9s, au c\u0153ur des canaux paisibles de la ville.<\/span><span data-ccp-props=\"{&quot;335559738&quot;:240,&quot;335559739&quot;:240}\">\u00a0<\/span><\/p>\n\t\t\t\t\t\t\t<\/div>\n\t\t\t\t\t\t\t\t\t\t\t\t\t<\/div>\n\t\t\t\t\t\t\t\t\t\t\t\t<div class=\"t3icta__bottom__img1 d-none d-lg-block text-end ms-lg-auto\">\n\t\t\t\t\t\t\t<img decoding=\"async\" src=\"https:\/\/www.myallmeeting.com\/wp-content\/uploads\/2025\/11\/Image-2-haute-basse-40.png\" width=\"633\" height=\"398\" alt=\"\" loading=\"lazy\" \/> <!-- Ce sont les 2 m\u00eames images : ID 1 -->\n\t\t\t\t\t\t<\/div>\n\t\t\t\t\t\t\t\t\t\t\t<\/div>\n\t\t\t\t<\/div>\n\t\t\t\t<div class=\"col-lg-5\">\n\t\t\t\t\t<div class=\"ps-lg-10\">\n\t\t\t\t\t\t\t\t\t\t\t\t<img decoding=\"async\" src=\"https:\/\/www.myallmeeting.com\/wp-content\/uploads\/2025\/11\/Image-2-haute-basse-41.png\" class=\"t3icta__bottom__img0 position-relative d-none d-lg-block mb-15\" width=\"633\" height=\"398\" alt=\"\" loading=\"lazy\" \/> <!-- Ce sont les 2 m\u00eames images : ID 0 -->\n\t\t\t\t\t\t\t\t\t\t\t\t<div class=\"px-2 px-lg-0 mb-9\">\n\t\t\t\t\t\t\t\t\n\t\t\t\t\t\t\t<h2 class=\"fs-20 fs-lg-23 fs-xl-27 fs-xxl-30 fw-semibold\">Conseils pour bien organiser votre c\u00e9l\u00e9bration <\/h2>\n\t\t\t\t\t\t\t\t\t\t\t\t\t\t\t\t\t\t\t\t\t<div class=\"fs-wysiwyg\">\n\t\t\t\t\t\t\t\t<p><span data-contrast=\"auto\">Qu\u2019il s\u2019agisse de 20 ou de 200 invit\u00e9s, les ingr\u00e9dients d\u2019un \u00e9v\u00e9nement r\u00e9ussi restent les m\u00eames :<\/span><span data-ccp-props=\"{&quot;335559738&quot;:240,&quot;335559739&quot;:240}\">\u00a0<\/span><\/p>\n<ul>\n<li aria-setsize=\"-1\" data-leveltext=\"\uf0b7\" data-font=\"Symbol\" data-listid=\"1\" data-list-defn-props=\"{&quot;335552541&quot;:1,&quot;335559685&quot;:720,&quot;335559991&quot;:360,&quot;469769226&quot;:&quot;Symbol&quot;,&quot;469769242&quot;:[8226],&quot;469777803&quot;:&quot;left&quot;,&quot;469777804&quot;:&quot;\uf0b7&quot;,&quot;469777815&quot;:&quot;hybridMultilevel&quot;}\" data-aria-posinset=\"1\" data-aria-level=\"1\"><b><span data-contrast=\"auto\">Faites un lien entre le lieu et l\u2019ambiance<\/span><\/b><span data-contrast=\"auto\">\u202f: Une salle baign\u00e9e de lumi\u00e8re naturelle cr\u00e9e une atmosph\u00e8re chaleureuse et inspirante, tandis qu\u2019une salle de bal scintillante apporte une touche de magie. Donner le ton d\u00e8s l\u2019arriv\u00e9e des invit\u00e9s en choisissant un lieu en harmonie avec l\u2019esprit de votre \u00e9v\u00e9nement.<\/span><span data-ccp-props=\"{&quot;335559738&quot;:240,&quot;335559739&quot;:240}\">\u00a0<\/span><\/li>\n<\/ul>\n<ul>\n<li aria-setsize=\"-1\" data-leveltext=\"\uf0b7\" data-font=\"Symbol\" data-listid=\"1\" data-list-defn-props=\"{&quot;335552541&quot;:1,&quot;335559685&quot;:720,&quot;335559991&quot;:360,&quot;469769226&quot;:&quot;Symbol&quot;,&quot;469769242&quot;:[8226],&quot;469777803&quot;:&quot;left&quot;,&quot;469777804&quot;:&quot;\uf0b7&quot;,&quot;469777815&quot;:&quot;hybridMultilevel&quot;}\" data-aria-posinset=\"2\" data-aria-level=\"1\"><b><span data-contrast=\"auto\">Restez proche de l\u2019\u00e9quipe \u00e9v\u00e9nementielle de l\u2019h\u00f4tel<\/span><\/b><span data-contrast=\"auto\">\u202f: Leur accompagnement garantit la fluidit\u00e9 de chaque d\u00e9tail, du support audiovisuel \u00e0 la d\u00e9coration florale. Leur expertise peut m\u00eame inspirer de nouvelles id\u00e9es auxquelles vous n\u2019auriez pas pens\u00e9.<\/span><span data-ccp-props=\"{&quot;335559738&quot;:240,&quot;335559739&quot;:240}\">\u00a0<\/span><\/li>\n<\/ul>\n\t\t\t\t\t\t\t<\/div>\n\t\t\t\t\t\t\t\t\t\t\t\t\t<\/div>\n\t\t\t\t\t\t\t\t\t\t\t\t<div class=\"t3icta__bottom__img1 d-lg-none mx-auto\">\n\t\t\t\t\t\t\t<img decoding=\"async\" src=\"https:\/\/www.myallmeeting.com\/wp-content\/uploads\/2025\/11\/Image-2-haute-basse-41.png\" width=\"633\" height=\"398\" alt=\"\" loading=\"lazy\" \/> <!-- Ce sont les 2 m\u00eames images : ID 1 -->\n\t\t\t\t\t\t<\/div>\n\t\t\t\t\t\t\t\t\t\t\t<\/div>\n\t\t\t\t<\/div>\n\t\t\t<\/div>\n\t\t<\/div>\n\t<\/div>\n\t<\/div>\n<!-- END OF : Composant : block-periscope-theme-section-composant-26-textes-slider-cta.php -->\n\n\n<!-- START OF : Composant : block-periscope-theme-section-composant-31-bloc-image-cta.php -->\n\t<div class=\"icta position-relative fs-wysiwyg icta--reverse\" data-component=\"31-bloc-image-cta\" data-reverse=\"oui\">\n\t\t<div class=\"container-fluid\">\n\t\t\t<div class=\"row\">\n\t\t\t\t<div class=\"col-lg-5 offset-lg-1 d-lg-flex\"> \n\t\t\t\t\t<div class=\"icta__content position-relative bg-white pt-2 pb-2 px-2 pb-lg-0 pt-lg-7 pt-xl-9 px-lg-7 px-xl-10 mt-lg-9 z-1\">\n\t\t\t\t\t\t\t\t\t\t\t\t\t\t\t\t\t\t\t\t\t\t\t\t\t<div class=\"fs-lg-15 fs-xl-18 lh-sm \"><ul>\n<li aria-setsize=\"-1\" data-leveltext=\"\uf0b7\" data-font=\"Symbol\" data-listid=\"1\" data-list-defn-props=\"{&quot;335552541&quot;:1,&quot;335559685&quot;:720,&quot;335559991&quot;:360,&quot;469769226&quot;:&quot;Symbol&quot;,&quot;469769242&quot;:[8226],&quot;469777803&quot;:&quot;left&quot;,&quot;469777804&quot;:&quot;\uf0b7&quot;,&quot;469777815&quot;:&quot;hybridMultilevel&quot;}\" data-aria-posinset=\"3\" data-aria-level=\"1\"><b><span data-contrast=\"auto\">Faites du repas un moment fort<\/span><\/b><span data-contrast=\"auto\">\u202f: Un menu aux saveurs locales et saisonni\u00e8res, ou un banquet raffin\u00e9, peut transformer le d\u00eener en souvenir marquant. Une pr\u00e9sentation soign\u00e9e ou une histoire racont\u00e9e autour des plats ajoute toujours une note d\u2019\u00e9motion.<\/span><span data-ccp-props=\"{&quot;335559738&quot;:240,&quot;335559739&quot;:240}\">\u00a0<\/span><\/li>\n<\/ul>\n<ul>\n<li aria-setsize=\"-1\" data-leveltext=\"\uf0b7\" data-font=\"Symbol\" data-listid=\"1\" data-list-defn-props=\"{&quot;335552541&quot;:1,&quot;335559685&quot;:720,&quot;335559991&quot;:360,&quot;469769226&quot;:&quot;Symbol&quot;,&quot;469769242&quot;:[8226],&quot;469777803&quot;:&quot;left&quot;,&quot;469777804&quot;:&quot;\uf0b7&quot;,&quot;469777815&quot;:&quot;hybridMultilevel&quot;}\" data-aria-posinset=\"4\" data-aria-level=\"1\"><b><span data-contrast=\"auto\">Privil\u00e9giez le confort et la technologie<\/span><\/b><span data-contrast=\"auto\">\u202f: Les invit\u00e9s appr\u00e9cient quand tout fonctionne naturellement \u2013 Wi-Fi, sonorisation, \u00e9clairage, confort d\u2019assise. Ces \u00e9l\u00e9ments, lorsqu\u2019ils sont parfaitement ma\u00eetris\u00e9s, permettent \u00e0 chacun de se concentrer sur l\u2019essentiel : la c\u00e9l\u00e9bration.<\/span><span data-ccp-props=\"{&quot;335559738&quot;:240,&quot;335559739&quot;:240}\">\u00a0<\/span><\/li>\n<\/ul>\n<ul>\n<li aria-setsize=\"-1\" data-leveltext=\"\uf0b7\" data-font=\"Symbol\" data-listid=\"1\" data-list-defn-props=\"{&quot;335552541&quot;:1,&quot;335559685&quot;:720,&quot;335559991&quot;:360,&quot;469769226&quot;:&quot;Symbol&quot;,&quot;469769242&quot;:[8226],&quot;469777803&quot;:&quot;left&quot;,&quot;469777804&quot;:&quot;\uf0b7&quot;,&quot;469777815&quot;:&quot;hybridMultilevel&quot;}\" data-aria-posinset=\"5\" data-aria-level=\"1\"><b><span data-contrast=\"auto\">Pensez durabilit\u00e9<\/span><\/b><span data-contrast=\"auto\">\u202f: De nombreux h\u00f4tels Accor disposent de certifications \u00e9cologiques telles que Green Key, et s\u2019engagent \u00e0 r\u00e9duire leur impact \u00e9nerg\u00e9tique, hydrique et environnemental. La r\u00e9duction du gaspillage alimentaire, les menus v\u00e9g\u00e9tariens et les produits locaux font partie int\u00e9grante de cette d\u00e9marche responsable.<\/span><span data-ccp-props=\"{&quot;335559738&quot;:240,&quot;335559739&quot;:240}\">\u00a0<\/span><\/li>\n<\/ul>\n<\/div>\n\t\t\t\t\t\t\t\t\t\t\t\t\t\t\t\t\t<\/div>\n\t\t\t\t<\/div>\n\t\t\t\t\t\t\t\t<div class=\"col-lg-5 order-first order-lg-last\">\n\t\t\t\t\t<div class=\"icta__top__img h-100 position-relative me-2 me-lg-0\">\n\t\t\t\t\t\t<img decoding=\"async\" src=\"https:\/\/www.myallmeeting.com\/wp-content\/uploads\/2025\/11\/Image-seule-14-932x645.png\" alt=\"\" width=\"932\" height=\"562\" loading=\"lazy\" \/>\n\t\t\t\t\t\t<div class=\"position-absolute text-white z-1 text-center t-0 l-0 w-100 pt-4 pt-lg-8\">\n\t\t\t\t\t\t\t\t\t\t\t\t\t\t\t\t\t\t<\/div>\n\t\t\t\t\t<\/div>\n\t\t\t\t<\/div>\n\t\t\t\t\t\t\t<\/div>\n\t\t<\/div>\n\t<\/div>\n<!-- END OF : Composant : block-periscope-theme-section-composant-31-bloc-image-cta.php -->\n\n\n<div class=\"container fs-wysiwyg mb-5\">\n<h2 class=\"wp-block-heading has-text-align-center\">Votre c\u00e9l\u00e9bration, notre expertise <\/h2>\n<\/div>\n\n<div class=\"container fs-wysiwyg mb-5\">\n<p class=\"has-text-align-center\">Les \u00e9quipes \u00e9v\u00e9nementielles Accor sont l\u00e0 pour vous accompagner dans le choix du lieu id\u00e9al. \u00c0 l\u2019\u00e9coute de vos besoins, elles transforment vos id\u00e9es en possibilit\u00e9s concr\u00e8tes et vous orientent vers l\u2019espace le mieux adapt\u00e9 \u00e0 votre projet. Nous savons que la r\u00e9ussite d\u2019un \u00e9v\u00e9nement repose sur l\u2019accord parfait entre l\u2019ambiance et le lieu.  <\/p>\n<\/div>\n\n<div class=\"container fs-wysiwyg mb-5\">\n<p class=\"has-text-align-center\">Qu\u2019il s\u2019agisse d\u2019un d\u00eener de direction \u00e0 Londres, d\u2019un anniversaire \u00e0 Madrid ou d\u2019un lancement de produit \u00e0 Marrakech, notre portefeuille d\u2019h\u00f4tels propose des espaces con\u00e7us pour chaque occasion. Petits ou grands, tous les \u00e9v\u00e9nements b\u00e9n\u00e9ficient de la m\u00eame attention, cr\u00e9ativit\u00e9 et professionnalisme. <\/p>\n<\/div>\n\n<div class=\"container fs-wysiwyg mb-5\">\n<p class=\"has-text-align-center\">D\u00e9couvrez <strong>MyALLMeeting<\/strong> et trouvez l\u2019h\u00f4tel, l\u2019\u00e9quipe et l\u2019expertise qui donneront vie \u00e0 votre prochaine c\u00e9l\u00e9bration \u2013 pour cr\u00e9er non seulement un \u00e9v\u00e9nement, mais aussi des moments inoubliables pour vos invit\u00e9s. <\/p>\n<\/div>","protected":false},"excerpt":{"rendered":"<p>Les c\u00e9l\u00e9brations marquent les \u00e9tapes cl\u00e9s de nos parcours, qu\u2019ils soient personnels ou professionnels. <\/p>\n","protected":false},"featured_media":29873199,"menu_order":0,"template":"","periscope_categorie_tax":[],"class_list":["post-29872862","article","type-article","status-publish","has-post-thumbnail","hentry"],"acf":[],"yoast_head":"<title>Des rassemblements intimistes aux grandes c\u00e9l\u00e9brations \u2013 trouvez le lieu parfait\u00a0 - Accor MyAllMeeting.com<\/title>\n<meta name=\"description\" content=\"Les c\u00e9l\u00e9brations marquent les \u00e9tapes cl\u00e9s de nos parcours, qu\u2019ils soient personnels ou professionnels.\" \/>\n<meta name=\"robots\" content=\"index, follow, max-snippet:-1, max-image-preview:large, max-video-preview:-1\" \/>\n<link rel=\"canonical\" href=\"https:\/\/www.myallmeeting.com\/fr\/wp-json\/wp\/v2\/article\/29872862\" \/>\n<meta property=\"og:locale\" content=\"fr_FR\" \/>\n<meta property=\"og:type\" content=\"article\" \/>\n<meta property=\"og:title\" content=\"Des rassemblements intimistes aux grandes c\u00e9l\u00e9brations \u2013 trouvez le lieu parfait\u00a0 - Accor MyAllMeeting.com\" \/>\n<meta property=\"og:description\" content=\"Les c\u00e9l\u00e9brations marquent les \u00e9tapes cl\u00e9s de nos parcours, qu\u2019ils soient personnels ou professionnels.\" \/>\n<meta property=\"og:url\" content=\"https:\/\/www.myallmeeting.com\/fr\/article\/des-rassemblements-intimistes-aux-grandes-celebrations-trouvez-le-lieu-parfait\/\" \/>\n<meta property=\"og:site_name\" content=\"Accor MyAllMeeting.com\" \/>\n<meta property=\"article:modified_time\" content=\"2025-12-12T13:48:52+00:00\" \/>\n<meta property=\"og:image\" content=\"https:\/\/myallmeeting.com\/wp-content\/uploads\/2025\/11\/Image-banniere-19.png\" \/>\n\t<meta property=\"og:image:width\" content=\"1920\" \/>\n\t<meta property=\"og:image:height\" content=\"570\" \/>\n\t<meta property=\"og:image:type\" content=\"image\/png\" \/>\n<meta name=\"twitter:card\" content=\"summary_large_image\" \/>\n<meta name=\"twitter:label1\" content=\"Dur\u00e9e de lecture estim\u00e9e\" \/>\n\t<meta name=\"twitter:data1\" content=\"12 minutes\" \/>\n<script type=\"application\/ld+json\" class=\"yoast-schema-graph\">{\"@context\":\"https:\/\/schema.org\",\"@graph\":[{\"@type\":\"WebPage\",\"@id\":\"https:\/\/www.myallmeeting.com\/fr\/article\/des-rassemblements-intimistes-aux-grandes-celebrations-trouvez-le-lieu-parfait\/\",\"url\":\"https:\/\/www.myallmeeting.com\/fr\/article\/des-rassemblements-intimistes-aux-grandes-celebrations-trouvez-le-lieu-parfait\/\",\"name\":\"Des rassemblements intimistes aux grandes c\u00e9l\u00e9brations \u2013 trouvez le lieu parfait\u00a0 - Accor MyAllMeeting.com\",\"isPartOf\":{\"@id\":\"https:\/\/www.myallmeeting.com\/fr\/#website\"},\"primaryImageOfPage\":{\"@id\":\"https:\/\/www.myallmeeting.com\/fr\/article\/des-rassemblements-intimistes-aux-grandes-celebrations-trouvez-le-lieu-parfait\/#primaryimage\"},\"image\":{\"@id\":\"https:\/\/www.myallmeeting.com\/fr\/article\/des-rassemblements-intimistes-aux-grandes-celebrations-trouvez-le-lieu-parfait\/#primaryimage\"},\"thumbnailUrl\":\"https:\/\/www.myallmeeting.com\/wp-content\/uploads\/2025\/11\/Image-banniere-19.png\",\"datePublished\":\"2025-11-25T09:09:54+00:00\",\"dateModified\":\"2025-12-12T13:48:52+00:00\",\"description\":\"Les c\u00e9l\u00e9brations marquent les \u00e9tapes cl\u00e9s de nos parcours, qu\u2019ils soient personnels ou professionnels.\",\"breadcrumb\":{\"@id\":\"https:\/\/www.myallmeeting.com\/fr\/article\/des-rassemblements-intimistes-aux-grandes-celebrations-trouvez-le-lieu-parfait\/#breadcrumb\"},\"inLanguage\":\"fr-FR\",\"potentialAction\":[{\"@type\":\"ReadAction\",\"target\":[\"https:\/\/www.myallmeeting.com\/fr\/article\/des-rassemblements-intimistes-aux-grandes-celebrations-trouvez-le-lieu-parfait\/\"]}]},{\"@type\":\"ImageObject\",\"inLanguage\":\"fr-FR\",\"@id\":\"https:\/\/www.myallmeeting.com\/fr\/article\/des-rassemblements-intimistes-aux-grandes-celebrations-trouvez-le-lieu-parfait\/#primaryimage\",\"url\":\"https:\/\/www.myallmeeting.com\/wp-content\/uploads\/2025\/11\/Image-banniere-19.png\",\"contentUrl\":\"https:\/\/www.myallmeeting.com\/wp-content\/uploads\/2025\/11\/Image-banniere-19.png\",\"width\":1920,\"height\":570,\"caption\":\"Salle d'\u00e9v\u00e9nements\"},{\"@type\":\"BreadcrumbList\",\"@id\":\"https:\/\/www.myallmeeting.com\/fr\/article\/des-rassemblements-intimistes-aux-grandes-celebrations-trouvez-le-lieu-parfait\/#breadcrumb\",\"itemListElement\":[{\"@type\":\"ListItem\",\"position\":1,\"name\":\"Accueil\",\"item\":\"https:\/\/myallmeeting.com\/fr\/\"},{\"@type\":\"ListItem\",\"position\":2,\"name\":\"Actualit\u00e9s\",\"item\":\"https:\/\/www.myallmeeting.com\/fr\/actualite\/\"},{\"@type\":\"ListItem\",\"position\":3,\"name\":\"Des rassemblements intimistes aux grandes c\u00e9l\u00e9brations \u2013 trouvez le lieu parfait\u00a0\"}]},{\"@type\":\"WebSite\",\"@id\":\"https:\/\/www.myallmeeting.com\/fr\/#website\",\"url\":\"https:\/\/www.myallmeeting.com\/fr\/\",\"name\":\"Accor MyAllMeeting.com\",\"description\":\"Les Meilleurs lieux pour vos Ev\u00e9nements Professionnels\",\"publisher\":{\"@id\":\"https:\/\/www.myallmeeting.com\/fr\/#organization\"},\"potentialAction\":[{\"@type\":\"SearchAction\",\"target\":{\"@type\":\"EntryPoint\",\"urlTemplate\":\"https:\/\/www.myallmeeting.com\/fr\/?s={search_term_string}\"},\"query-input\":{\"@type\":\"PropertyValueSpecification\",\"valueRequired\":true,\"valueName\":\"search_term_string\"}}],\"inLanguage\":\"fr-FR\"},{\"@type\":\"Organization\",\"@id\":\"https:\/\/www.myallmeeting.com\/fr\/#organization\",\"name\":\"ACCOR\",\"url\":\"https:\/\/www.myallmeeting.com\/fr\/\",\"logo\":{\"@type\":\"ImageObject\",\"inLanguage\":\"fr-FR\",\"@id\":\"https:\/\/www.myallmeeting.com\/fr\/#\/schema\/logo\/image\/\",\"url\":\"\",\"contentUrl\":\"\",\"caption\":\"ACCOR\"},\"image\":{\"@id\":\"https:\/\/www.myallmeeting.com\/fr\/#\/schema\/logo\/image\/\"}}]}<\/script>","yoast_head_json":{"title":"Des rassemblements intimistes aux grandes c\u00e9l\u00e9brations \u2013 trouvez le lieu parfait\u00a0 - Accor MyAllMeeting.com","description":"Les c\u00e9l\u00e9brations marquent les \u00e9tapes cl\u00e9s de nos parcours, qu\u2019ils soient personnels ou professionnels.","robots":{"index":"index","follow":"follow","max-snippet":"max-snippet:-1","max-image-preview":"max-image-preview:large","max-video-preview":"max-video-preview:-1"},"canonical":"https:\/\/www.myallmeeting.com\/fr\/wp-json\/wp\/v2\/article\/29872862","og_locale":"fr_FR","og_type":"article","og_title":"Des rassemblements intimistes aux grandes c\u00e9l\u00e9brations \u2013 trouvez le lieu parfait\u00a0 - Accor MyAllMeeting.com","og_description":"Les c\u00e9l\u00e9brations marquent les \u00e9tapes cl\u00e9s de nos parcours, qu\u2019ils soient personnels ou professionnels.","og_url":"https:\/\/www.myallmeeting.com\/fr\/article\/des-rassemblements-intimistes-aux-grandes-celebrations-trouvez-le-lieu-parfait\/","og_site_name":"Accor MyAllMeeting.com","article_modified_time":"2025-12-12T13:48:52+00:00","og_image":[{"width":1920,"height":570,"url":"https:\/\/myallmeeting.com\/wp-content\/uploads\/2025\/11\/Image-banniere-19.png","type":"image\/png"}],"twitter_card":"summary_large_image","twitter_misc":{"Dur\u00e9e de lecture estim\u00e9e":"12 minutes"},"schema":{"@context":"https:\/\/schema.org","@graph":[{"@type":"WebPage","@id":"https:\/\/www.myallmeeting.com\/fr\/article\/des-rassemblements-intimistes-aux-grandes-celebrations-trouvez-le-lieu-parfait\/","url":"https:\/\/www.myallmeeting.com\/fr\/article\/des-rassemblements-intimistes-aux-grandes-celebrations-trouvez-le-lieu-parfait\/","name":"Des rassemblements intimistes aux grandes c\u00e9l\u00e9brations \u2013 trouvez le lieu parfait\u00a0 - Accor MyAllMeeting.com","isPartOf":{"@id":"https:\/\/www.myallmeeting.com\/fr\/#website"},"primaryImageOfPage":{"@id":"https:\/\/www.myallmeeting.com\/fr\/article\/des-rassemblements-intimistes-aux-grandes-celebrations-trouvez-le-lieu-parfait\/#primaryimage"},"image":{"@id":"https:\/\/www.myallmeeting.com\/fr\/article\/des-rassemblements-intimistes-aux-grandes-celebrations-trouvez-le-lieu-parfait\/#primaryimage"},"thumbnailUrl":"https:\/\/www.myallmeeting.com\/wp-content\/uploads\/2025\/11\/Image-banniere-19.png","datePublished":"2025-11-25T09:09:54+00:00","dateModified":"2025-12-12T13:48:52+00:00","description":"Les c\u00e9l\u00e9brations marquent les \u00e9tapes cl\u00e9s de nos parcours, qu\u2019ils soient personnels ou professionnels.","breadcrumb":{"@id":"https:\/\/www.myallmeeting.com\/fr\/article\/des-rassemblements-intimistes-aux-grandes-celebrations-trouvez-le-lieu-parfait\/#breadcrumb"},"inLanguage":"fr-FR","potentialAction":[{"@type":"ReadAction","target":["https:\/\/www.myallmeeting.com\/fr\/article\/des-rassemblements-intimistes-aux-grandes-celebrations-trouvez-le-lieu-parfait\/"]}]},{"@type":"ImageObject","inLanguage":"fr-FR","@id":"https:\/\/www.myallmeeting.com\/fr\/article\/des-rassemblements-intimistes-aux-grandes-celebrations-trouvez-le-lieu-parfait\/#primaryimage","url":"https:\/\/www.myallmeeting.com\/wp-content\/uploads\/2025\/11\/Image-banniere-19.png","contentUrl":"https:\/\/www.myallmeeting.com\/wp-content\/uploads\/2025\/11\/Image-banniere-19.png","width":1920,"height":570,"caption":"Salle d'\u00e9v\u00e9nements"},{"@type":"BreadcrumbList","@id":"https:\/\/www.myallmeeting.com\/fr\/article\/des-rassemblements-intimistes-aux-grandes-celebrations-trouvez-le-lieu-parfait\/#breadcrumb","itemListElement":[{"@type":"ListItem","position":1,"name":"Accueil","item":"https:\/\/myallmeeting.com\/fr\/"},{"@type":"ListItem","position":2,"name":"Actualit\u00e9s","item":"https:\/\/www.myallmeeting.com\/fr\/actualite\/"},{"@type":"ListItem","position":3,"name":"Des rassemblements intimistes aux grandes c\u00e9l\u00e9brations \u2013 trouvez le lieu parfait\u00a0"}]},{"@type":"WebSite","@id":"https:\/\/www.myallmeeting.com\/fr\/#website","url":"https:\/\/www.myallmeeting.com\/fr\/","name":"Accor MyAllMeeting.com","description":"Les Meilleurs lieux pour vos Ev\u00e9nements Professionnels","publisher":{"@id":"https:\/\/www.myallmeeting.com\/fr\/#organization"},"potentialAction":[{"@type":"SearchAction","target":{"@type":"EntryPoint","urlTemplate":"https:\/\/www.myallmeeting.com\/fr\/?s={search_term_string}"},"query-input":{"@type":"PropertyValueSpecification","valueRequired":true,"valueName":"search_term_string"}}],"inLanguage":"fr-FR"},{"@type":"Organization","@id":"https:\/\/www.myallmeeting.com\/fr\/#organization","name":"ACCOR","url":"https:\/\/www.myallmeeting.com\/fr\/","logo":{"@type":"ImageObject","inLanguage":"fr-FR","@id":"https:\/\/www.myallmeeting.com\/fr\/#\/schema\/logo\/image\/","url":"","contentUrl":"","caption":"ACCOR"},"image":{"@id":"https:\/\/www.myallmeeting.com\/fr\/#\/schema\/logo\/image\/"}}]}},"_links":{"self":[{"href":"https:\/\/www.myallmeeting.com\/fr\/wp-json\/wp\/v2\/article\/29872862","targetHints":{"allow":["GET"]}}],"collection":[{"href":"https:\/\/www.myallmeeting.com\/fr\/wp-json\/wp\/v2\/article"}],"about":[{"href":"https:\/\/www.myallmeeting.com\/fr\/wp-json\/wp\/v2\/types\/article"}],"wp:featuredmedia":[{"embeddable":true,"href":"https:\/\/www.myallmeeting.com\/fr\/wp-json\/wp\/v2\/media\/29873199"}],"wp:attachment":[{"href":"https:\/\/www.myallmeeting.com\/fr\/wp-json\/wp\/v2\/media?parent=29872862"}],"wp:term":[{"taxonomy":"periscope_categorie_tax","embeddable":true,"href":"https:\/\/www.myallmeeting.com\/fr\/wp-json\/wp\/v2\/periscope_categorie_tax?post=29872862"}],"curies":[{"name":"wp","href":"https:\/\/api.w.org\/{rel}","templated":true}]}}