{"id":21855029,"date":"2025-07-08T16:32:44","date_gmt":"2025-07-08T14:32:44","guid":{"rendered":"https:\/\/myallmeeting.com\/?post_type=article&#038;p=21855029"},"modified":"2025-07-08T16:32:48","modified_gmt":"2025-07-08T14:32:48","slug":"le-mice-dans-la-region-mediterraneenne","status":"publish","type":"article","link":"https:\/\/www.myallmeeting.com\/fr\/article\/le-mice-dans-la-region-mediterraneenne\/","title":{"rendered":"Le MICE dans la r\u00e9gion m\u00e9diterran\u00e9enne"},"content":{"rendered":"<!-- START OF : Composant : block-periscope-theme-section-composant-25-texte-cta-2-images.php -->\n<div class=\"tcta2ia bg-white fs-wysiwyg mb-lg-12\" data-component=\"25-texte-cta-2-images\">\n\t<div class=\"tcta2ia__top\">\n\t\t<div class=\"container-fluid\" style=\"--bs-gutter-x: 0\">\n\t\t\t<div class=\"row\" style=\"--bs-gutter-x: 0\">\n\t\t\t\t<div class=\"col-lg-8\">\n\t\t\t\t\t\t\t\t\t\t<div class=\"bloc-mise-en-avant__top__left\">\n\t\t\t\t\t\t<img decoding=\"async\" src=\"https:\/\/www.myallmeeting.com\/wp-content\/uploads\/2025\/07\/Novotel-Barcelona-rooftop-1268x846.jpg\" class=\"pe-2 pe-lg-0\" width=\"1268\" height=\"846\" alt=\"\" loading=\"lazy\" \/>\n\t\t\t\t\t<\/div>\n\t\t\t\t\t\t\t\t\t\t<div class=\"tcta2ia__bottom d-none d-lg-block pb-12 pt-lg-9 pb-lg-0 pe-lg-10\">\n\t\t\t\t\t\t\t\t\t\t\t\t<h2 class=\"fs-20 fs-lg-32 fw-semibold\">Quand culture rime avec connectivit\u00e9<\/h2>\n\t\t\t\t\t\t\t\t\t\t\t\t\t\t\t\t\t\t<div class=\"fs-wysiwyg\"><p>L\u2019un des plus grands atouts de la M\u00e9diterran\u00e9e est sans doute son accessibilit\u00e9. Depuis des villes majeures comme Barcelone, Nice, Ath\u00e8nes ou Rome, les d\u00e9l\u00e9gu\u00e9s internationaux peuvent arriver facilement gr\u00e2ce \u00e0 des a\u00e9roports bien desservis, des trains \u00e0 grande vitesse et des hubs r\u00e9gionaux. Il s\u2019agit m\u00eame de l\u2019une des r\u00e9gions les mieux connect\u00e9es au monde, avec de nombreuses options de vols courts ou longs courriers. Cela facilite l\u2019organisation d\u2019\u00e9v\u00e9nements internationaux, attire des intervenants et invit\u00e9s de haut niveau, tout en all\u00e9geant la logistique li\u00e9e aux longs d\u00e9placements.<\/p>\n<p>Une fois sur place, la forte pr\u00e9sence r\u00e9gionale d\u2019Accor garantit aux organisateurs de trouver le lieu adapt\u00e9 \u00e0 chaque type d\u2019\u00e9v\u00e9nement \u2013 des conf\u00e9rences \u00e0 grande \u00e9chelle et voyages de r\u00e9compense aux r\u00e9unions de direction plus intimistes ou ateliers cr\u00e9atifs. Avec des centaines d\u2019\u00e9tablissements r\u00e9partis entre villes c\u00f4ti\u00e8res, \u00eeles et villes historiques de l\u2019arri\u00e8re-pays, nous couvrons toute la M\u00e9diterran\u00e9e gr\u00e2ce \u00e0 un r\u00e9seau h\u00f4telier fiable, diversifi\u00e9 et exp\u00e9riment\u00e9, alliant connaissance locale et expertise MICE \u00e0 l\u2019\u00e9chelle internationale.<\/p>\n<\/div>\n\t\t\t\t\t\t\t\t\t\t\t\t<div class=\"d-flex flex-column flex-lg-row align-items-center gap-5 gap-lg-8 justify-content-between\">\n\t\t\t\t\t\t\t<div class=\"fs-20 fs-lg-26 fw-semibold lh-xs\"><\/div>\n\t\t\t\t\t\t\t\t\t\t\t\t\t<\/div>\n\t\t\t\t\t<\/div>\n\t\t\t\t<\/div>\n\t\t\t\t<div class=\"col-lg-4\">\n\t\t\t\t\t<div class=\"tcta2ia__top__right t-0 r-0 bg-primary text-white pt-4 pb-4 px-2 pt-lg-8 pb-lg-16 px-lg-11 pb-xl-30\">\n\t\t\t\t\t\t\t\t\t\t\t\t\t\t\t\t\t\t<h2 class=\"unna fs-36 fs-lg-51 fs-xl-75 fs-italic fw-normal text-secondary\">Le MICE dans la r\u00e9gion m\u00e9diterran\u00e9enne<\/h2>\n\t\t\t\t\t\t\t\t\t\t\t\t\t\t\t\t\t\t<h3 class=\"text-white fs-18 fs-lg-20 fs-xl-28 text-original-case\">La M\u00e9diterran\u00e9e fait depuis longtemps r\u00eaver les vacanciers, mais elle s\u2019impose \u00e9galement comme une destination incontournable dans le secteur du MICE (Meetings, Incentives, Conferences, Exhibitions). <\/h3>\n\t\t\t\t\t\t\t\t\t\t\t\t\t\t\t\t\t\t<div class=\"fs-wysiwyg mb-4 fs-lg-16 fs-xl-20\"><p>Avec son ensoleillement quasi permanent, sa richesse culturelle et ses excellentes connexions de transport, cette r\u00e9gion offre un parfait \u00e9quilibre entre affaires et loisirs. Pour les organisateurs en qu\u00eate d\u2019inspiration et de flexibilit\u00e9, la M\u00e9diterran\u00e9e s\u2019impose comme une \u00e9vidence.<\/p>\n<\/div>\n\t\t\t\t\t\t\t\t\t\t\t\t\t\t\t\t\t\t\t\t\t\t\t\t<p class=\"m-0\"><img decoding=\"async\" src=\"https:\/\/www.myallmeeting.com\/wp-content\/uploads\/2025\/07\/2-633x398.png\" class=\"position-relative l-0\" width=\"633\" height=\"398\" alt=\"\" loading=\"lazy\" \/><\/p>\n\t\t\t\t\t\t\t\t\t\t\t<\/div>\n\t\t\t\t<\/div>\n\t\t\t<\/div>\n\t\t<\/div>\n\t<\/div>\n\t<div class=\"tcta2ia__bottom d-lg-none pb-12 py-lg-9 pe-lg-10\">\n\t\t\t\t<div class=\"h2 fs-20 fs-lg-32 fw-semibold\">Quand culture rime avec connectivit\u00e9<\/div>\n\t\t\t\t\t\t<div class=\"fs-wysiwyg\"><p>L\u2019un des plus grands atouts de la M\u00e9diterran\u00e9e est sans doute son accessibilit\u00e9. Depuis des villes majeures comme Barcelone, Nice, Ath\u00e8nes ou Rome, les d\u00e9l\u00e9gu\u00e9s internationaux peuvent arriver facilement gr\u00e2ce \u00e0 des a\u00e9roports bien desservis, des trains \u00e0 grande vitesse et des hubs r\u00e9gionaux. Il s\u2019agit m\u00eame de l\u2019une des r\u00e9gions les mieux connect\u00e9es au monde, avec de nombreuses options de vols courts ou longs courriers. Cela facilite l\u2019organisation d\u2019\u00e9v\u00e9nements internationaux, attire des intervenants et invit\u00e9s de haut niveau, tout en all\u00e9geant la logistique li\u00e9e aux longs d\u00e9placements.<\/p>\n<p>Une fois sur place, la forte pr\u00e9sence r\u00e9gionale d\u2019Accor garantit aux organisateurs de trouver le lieu adapt\u00e9 \u00e0 chaque type d\u2019\u00e9v\u00e9nement \u2013 des conf\u00e9rences \u00e0 grande \u00e9chelle et voyages de r\u00e9compense aux r\u00e9unions de direction plus intimistes ou ateliers cr\u00e9atifs. Avec des centaines d\u2019\u00e9tablissements r\u00e9partis entre villes c\u00f4ti\u00e8res, \u00eeles et villes historiques de l\u2019arri\u00e8re-pays, nous couvrons toute la M\u00e9diterran\u00e9e gr\u00e2ce \u00e0 un r\u00e9seau h\u00f4telier fiable, diversifi\u00e9 et exp\u00e9riment\u00e9, alliant connaissance locale et expertise MICE \u00e0 l\u2019\u00e9chelle internationale.<\/p>\n<\/div>\n\t\t\t\t<div class=\"d-flex flex-column flex-lg-row align-items-center gap-5 gap-lg-8 justify-content-between\">\n\t\t\t<div class=\"fs-20 fs-lg-26 fw-semibold lh-xs\"><\/div>\n\t\t\t\t\t<\/div>\n\t<\/div>\n<\/div>\n<!-- END OF : Composant : block-periscope-theme-section-composant-25-texte-cta-2-images.php -->\n\n\n<!-- START OF : Composant : block-periscope-theme-section-composant-33-texte-image.php -->\n<div class=\"text-image fs-wysiwyg mb-8 mb-lg-12\" data-component=\"33-texte-image\">\n\t<div class=\"container-fluid\" style=\"--bs-gutter-x: 0\">\n\t\t<div class=\"row\" style=\"--bs-gutter-x: 0\">\n\t\t\t\t\t\t<div class=\"col-lg-6 mb-7 mb-lg-0\">\n\t\t\t\t<img decoding=\"async\" src=\"https:\/\/www.myallmeeting.com\/wp-content\/uploads\/2025\/07\/Novotel-Milano-Linate-Aeroporto-953x600.jpg\" width=\"953\" height=\"600\" alt=\"\" loading=\"lazy\" class=\"w-100\" \/>\n\t\t\t<\/div>\n\t\t\t\t\t\t<div class=\"col-lg-6\">\n\t\t\t\t<div class=\"text-image__content\">\n\t\t\t\t\t\t\t\t\t\t<div class=\"fw-semibold lh-xs fs-20 fs-lg-32 ls--25 mb-5\">Un climat propice \u00e0 la collaboration<\/div>\n\t\t\t\t\t\t\t\t\t\t\t\t\t\t\t<div class=\"fs-wysiwyg\">\n\t\t\t\t\t\t<p>Le climat m\u00e9diterran\u00e9en, r\u00e9put\u00e9 pour sa douceur, permet de passer ais\u00e9ment des r\u00e9unions en salle aux activit\u00e9s en plein air. S\u00e9ance de brainstorming sur la plage, d\u00e9jeuner strat\u00e9gique dans un vignoble ou cocktail de r\u00e9seautage au coucher du soleil sur un rooftop : le beau temps est souvent au rendez-vous. De quoi cr\u00e9er des moments immersifs et m\u00e9morables.<br \/>\nCet avantage naturel est renforc\u00e9 par la philosophie de design d\u2019Accor. Nombre de nos \u00e9tablissements m\u00e9diterran\u00e9ens disposent d\u2019espaces \u00e9v\u00e9nementiels en ext\u00e9rieur, de patios ombrag\u00e9s, de piscines, terrasses ou jardins pens\u00e9s pour favoriser les \u00e9changes et stimuler la cr\u00e9ativit\u00e9. Parfait pour sortir du cadre formel des salles de r\u00e9union et profiter pleinement du climat.<\/p>\n\t\t\t\t\t<\/div>\n\t\t\t\t\t\t\t\t\t<\/div>\n\t\t\t<\/div>        \n\t\t<\/div>\n\t<\/div>\n<\/div>\n<!-- END OF : Composant : block-periscope-theme-section-composant-33-texte-image.php -->\n\n\n<!-- START OF : Composant : block-periscope-theme-section-composant-33-texte-image.php -->\n<!-- INVERSE -->\n<div class=\"text-image fs-wysiwyg mb-8 mb-lg-12\" data-component=\"33-texte-image\" data-reverse=\"oui\">\n\t<div class=\"container-fluid\" style=\"--bs-gutter-x: 0\">\n\t\t<div class=\"row\" style=\"--bs-gutter-x: 0\">\n\t\t\t<div class=\"col-lg-6\">\n\t\t\t\t<div class=\"text-image__content\">\n\t\t\t\t\t\t\t\t\t\t<div class=\"fw-semibold lh-xs fs-20 fs-lg-32 ls--25 mb-5\">Une richesse culturelle et une vraie valeur exp\u00e9rientielle<\/div>\n\t\t\t\t\t\t\t\t\t\t\t\t\t\t\t<div class=\"fs-wysiwyg\">\n\t\t\t\t\t\t<p>Au-del\u00e0 des aspects pratiques, ce qui distingue v\u00e9ritablement la M\u00e9diterran\u00e9e, c\u2019est sa profondeur culturelle. De l\u2019art de Florence \u00e0 la gastronomie ni\u00e7oise, en passant par les vestiges antiques d\u2019Ath\u00e8nes, cette r\u00e9gion apporte une vraie valeur ajout\u00e9e aux programmes MICE. L\u2019immersion culturelle favorise l\u2019engagement des participants, soutient la m\u00e9morisation et transforme une simple r\u00e9union en v\u00e9ritable voyage.<br \/>\nLes voyages de r\u00e9compense deviennent des exp\u00e9riences inoubliables : atelier culinaire dans une villa toscane, visite arch\u00e9ologique en Cr\u00e8te, d\u00e9gustation de vin en Provence&#8230; Quant aux moments de networking, ils prennent des allures de d\u00e9couverte : pa\u00eblla partag\u00e9e en bord de mer ou concert de jazz sous les \u00e9toiles dans une place historique. Ces dimensions enrichissent chaque \u00e9v\u00e9nement.<\/p>\n\t\t\t\t\t<\/div>\n\t\t\t\t\t\t\t\t\t<\/div>\n\t\t\t<\/div>    \n\t\t\t    \n\t\t\t<div class=\"col-lg-6 order-first order-lg-last mb-7 mb-lg-0\">\n\t\t\t\t<img decoding=\"async\" src=\"https:\/\/www.myallmeeting.com\/wp-content\/uploads\/2025\/07\/13-940x600.png\" width=\"953\" height=\"600\" alt=\"\" loading=\"lazy\" class=\"w-100\" \/>\n\t\t\t<\/div>\n\t\t\t\t\t<\/div>\n\t<\/div>\n<\/div>\n<!-- END OF : Composant : block-periscope-theme-section-composant-33-texte-image.php -->\n\n\n<!-- START OF : Composant : block-periscope-theme-section-composant-26-textes-slider-cta.php -->\n<div class=\"t3icta bg-white pb-12 mb-9 fs-wysiwyg\" data-component=\"26-textes-3-images-cta\">\n\t<div class=\"t3icta__top position-relative\">\n\t\t<div class=\"container-fluid\" style=\"--bs-gutter-x: 0\">\n\t\t\t<div class=\"row\" style=\"--bs-gutter-x: 0\">\n\t\t\t\t\t\t\t\t<div class=\"col-lg-6\">\n\t\t\t\t\t<div class=\"t3icta__slider\">\n\t\t\t\t\t\t<div class=\"splide\">\n\t\t\t\t\t\t\t<div class=\"splide__track\">\n\t\t\t\t\t\t\t\t<div class=\"splide__list\">\n\t\t\t\t\t\t\t\t\t\t\t\t\t\t\t\t\t\t\t<div class=\"splide__slide\">\n\t\t\t\t\t\t\t\t\t\t\t<img decoding=\"async\" src=\"https:\/\/www.myallmeeting.com\/wp-content\/uploads\/2025\/07\/5560_sm_09_p_2048x1536-953x600.jpg\" width=\"953\" height=\"600\" alt=\"\" loading=\"lazy\" \/>\n\t\t\t\t\t\t\t\t\t\t<\/div>\n\t\t\t\t\t\t\t\t\t\t\t\t\t\t\t\t\t\t\t<div class=\"splide__slide\">\n\t\t\t\t\t\t\t\t\t\t\t<img decoding=\"async\" src=\"https:\/\/www.myallmeeting.com\/wp-content\/uploads\/2025\/07\/1137_sm_02_p_2048x1536-953x600.jpg\" width=\"953\" height=\"600\" alt=\"\" loading=\"lazy\" \/>\n\t\t\t\t\t\t\t\t\t\t<\/div>\n\t\t\t\t\t\t\t\t\t\t\t\t\t\t\t\t\t\t\t<div class=\"splide__slide\">\n\t\t\t\t\t\t\t\t\t\t\t<img decoding=\"async\" src=\"https:\/\/www.myallmeeting.com\/wp-content\/uploads\/2025\/07\/Mercure-Nice-Centre-Notre-Dame-953x600.jpg\" width=\"953\" height=\"600\" alt=\"\" loading=\"lazy\" \/>\n\t\t\t\t\t\t\t\t\t\t<\/div>\n\t\t\t\t\t\t\t\t\t\t\t\t\t\t\t\t\t\t\t<div class=\"splide__slide\">\n\t\t\t\t\t\t\t\t\t\t\t<img decoding=\"async\" src=\"https:\/\/www.myallmeeting.com\/wp-content\/uploads\/2025\/07\/5560_sm_02_p_2048x1536-953x600.jpg\" width=\"953\" height=\"600\" alt=\"\" loading=\"lazy\" \/>\n\t\t\t\t\t\t\t\t\t\t<\/div>\n\t\t\t\t\t\t\t\t\t\t\t\t\t\t\t\t\t\t\t<div class=\"splide__slide\">\n\t\t\t\t\t\t\t\t\t\t\t<img decoding=\"async\" src=\"https:\/\/www.myallmeeting.com\/wp-content\/uploads\/2025\/07\/Novotel-Barcelona-City-953x600.jpg\" width=\"953\" height=\"600\" alt=\"\" loading=\"lazy\" \/>\n\t\t\t\t\t\t\t\t\t\t<\/div>\n\t\t\t\t\t\t\t\t\t\t\t\t\t\t\t\t\t\n\t\t\t\t\t\t\t\t<\/div>\n\t\t\t\t\t\t\t<\/div>\n\t\t\t\t\t\t\t<div class=\"splide__arrows d-none d-lg-block\">\n\t\t\t\t\t\t\t\t<button class=\"splide__arrow splide__arrow--prev px-lg-3 py-lg-4 px-xl-4 py-xl-5 px-xxl-5 py-xxl-7 position-absolute l-0 bg-white border-0\">\n\t\t\t\t\t\t\t\t\t<svg width=\"14\" height=\"27\" aria-hidden=\"true\">\n\t\t\t\t\t\t\t\t\t\t<use xlink:href=\"https:\/\/www.myallmeeting.com\/wp-content\/themes\/accor\/assets\/images\/sprite.svg#slider-prev\"><\/use>\n\t\t\t\t\t\t\t\t\t<\/svg>\n\t\t\t\t\t\t\t\t<\/button>\n\t\t\t\t\t\t\t\t<button class=\"splide__arrow splide__arrow--next px-lg-3 py-lg-4 px-xl-4 py-xl-5 px-xxl-5 py-xxl-7 position-absolute r-0 bg-white border-0\">\n\t\t\t\t\t\t\t\t\t<svg width=\"14\" height=\"27\" aria-hidden=\"true\">\n\t\t\t\t\t\t\t\t\t\t<use xlink:href=\"https:\/\/www.myallmeeting.com\/wp-content\/themes\/accor\/assets\/images\/sprite.svg#slider-prev\"><\/use>\n\t\t\t\t\t\t\t\t\t<\/svg>\n\t\t\t\t\t\t\t\t<\/button>\n\t\t\t\t\t\t\t<\/div>\n\t\t\t\t\t\t<\/div>\n\t\t\t\t\t<\/div>\n\t\t\t\t<\/div>\n\t\t\t\t\t\t\t\t<div class=\"col-lg-6\">\n\t\t\t\t\t<div class=\"t3icta__top_right mb-lg-14 px-2 py-9 px-lg-11 py-lg-0\">\n\t\t\t\t\t\t\t\n\t\t\t\t\t\t<h2 class=\"fs-20 fs-lg-23 fs-xl-27 fs-xxl-30 fw-semibold\">Voici cinq h\u00f4tels Accor phares illustrant la diversit\u00e9 de l\u2019offre dans la r\u00e9gion :<\/h2>\n\t\t\t\t\t\t\t\t\t\t\t\t\t\n\t\t\t\t\t\t<div class=\"fs-wysiwyg\">\n\t\t\t\t\t\t\t<h3>Novotel Barcelona City (Espagne)<\/h3>\n<p>Situ\u00e9 au c\u0153ur de l\u2019une des villes les plus dynamiques d\u2019Europe, le Novotel Barcelona City propose 622 m\u00b2 d\u2019espace \u00e9v\u00e9nementiel, une terrasse sur le toit avec vue sur la Sagrada Familia et un design moderne. Une \u00e9quipe d\u00e9di\u00e9e veille au bon d\u00e9roulement des \u00e9v\u00e9nements, tandis que les installations bien-\u00eatre sur place, comme la salle de sport ou la piscine ext\u00e9rieure (ouverte selon la saison), permettent d\u2019allier travail et d\u00e9tente. Id\u00e9alement plac\u00e9 pour les affaires, l\u2019h\u00f4tel se trouve aussi \u00e0 deux pas de la plage et des \u0153uvres de Gaud\u00ed \u2013 une v\u00e9ritable immersion m\u00e9diterran\u00e9enne.<\/p>\n\t\t\t\t\t\t<\/div>\n\t\t\t\t\t\t\t\t\t\t\t<\/div>\n\t\t\t\t<\/div>\n\t\t\t<\/div>\n\t\t<\/div>\n\t<\/div>\n\t<div class=\"t3icta__bottom bg-beige\">\n\t\t<div class=\"container-fluid\" style=\"--bs-gutter-x: 0\">\n\t\t\t<div class=\"row\" style=\"--bs-gutter-x: 0\">\n\t\t\t\t<div class=\"col-lg-5 offset-lg-1\">\n\t\t\t\t\t<div class=\"t3icta__bottom__left\">\n\t\t\t\t\t\t\t\t\t\t\t\t<img decoding=\"async\" src=\"https:\/\/www.myallmeeting.com\/wp-content\/uploads\/2025\/07\/5560_sm_08_p_2048x1536-633x398.jpg\" class=\"w-100 d-lg-none\" width=\"633\" height=\"398\" alt=\"\" loading=\"lazy\" \/> <!-- Ce sont les 2 m\u00eames images : ID 0 -->\n\t\t\t\t\t\t\t\t\t\t\t\t<div class=\"px-2 py-9 px-lg-0 py-lg-0\">\n\t\t\t\t\t\t\t\t\t\t\t\t\t\t\t\n\t\t\t\t\t\t\t<div class=\"fs-wysiwyg mb-lg-15\">\n\t\t\t\t\t\t\t\t<h3>Mercure Nice Centre Notre Dame (France)<\/h3>\n<p>En plein c\u0153ur de Nice, cet h\u00f4tel allie fonctionnalit\u00e9 et charme de la Riviera. Il dispose d\u2019une piscine sur le toit et d\u2019un bar panoramique parfaits pour des cocktails post-r\u00e9union, ainsi que de salles de r\u00e9union modulables dot\u00e9es des derni\u00e8res technologies audiovisuelles. \u00c0 quelques minutes \u00e0 pied de la mer et de la vieille ville, il se pr\u00eate parfaitement \u00e0 des programmes incentive m\u00ealant d\u00e9couverte, d\u00e9tente et productivit\u00e9.<\/p>\n\t\t\t\t\t\t\t<\/div>\n\t\t\t\t\t\t\t\t\t\t\t\t\t<\/div>\n\t\t\t\t\t\t\t\t\t\t\t\t<div class=\"t3icta__bottom__img1 d-none d-lg-block text-end ms-lg-auto\">\n\t\t\t\t\t\t\t<img decoding=\"async\" src=\"https:\/\/www.myallmeeting.com\/wp-content\/uploads\/2025\/07\/5560_sm_08_p_2048x1536-633x398.jpg\" width=\"633\" height=\"398\" alt=\"\" loading=\"lazy\" \/> <!-- Ce sont les 2 m\u00eames images : ID 1 -->\n\t\t\t\t\t\t<\/div>\n\t\t\t\t\t\t\t\t\t\t\t<\/div>\n\t\t\t\t<\/div>\n\t\t\t\t<div class=\"col-lg-5\">\n\t\t\t\t\t<div class=\"ps-lg-10\">\n\t\t\t\t\t\t\t\t\t\t\t\t<img decoding=\"async\" src=\"https:\/\/www.myallmeeting.com\/wp-content\/uploads\/2025\/07\/Mercure-Nice-Centre-Notre-Dame-chambre-633x398.jpg\" class=\"t3icta__bottom__img0 position-relative d-none d-lg-block mb-15\" width=\"633\" height=\"398\" alt=\"\" loading=\"lazy\" \/> <!-- Ce sont les 2 m\u00eames images : ID 0 -->\n\t\t\t\t\t\t\t\t\t\t\t\t<div class=\"px-2 px-lg-0 mb-9\">\n\t\t\t\t\t\t\t\t\t\t\t\t\t\t\t\t\t\t\t\t\t<div class=\"fs-wysiwyg\">\n\t\t\t\t\t\t\t\t<h3>Novotel Milano Linate Aeroporto (Italie)<\/h3>\n<p>\u00c0 seulement 4 km de l\u2019a\u00e9roport de Linate et bien reli\u00e9 au centre de Milan par tram et train, cet h\u00f4tel 4 \u00e9toiles moderne est un choix strat\u00e9gique pour les organisateurs \u00e0 la recherche d\u2019accessibilit\u00e9 et de confort. Avec ses salles de r\u00e9union flexibles, ses espaces de coworking et son grand jardin pour les \u00e9v\u00e9nements ext\u00e9rieurs, il convient parfaitement aux r\u00e9unions hybrides et aux s\u00e9minaires d\u2019\u00e9quipe. Le restaurant sur place propose une cuisine m\u00e9diterran\u00e9enne, et les clients peuvent se d\u00e9tendre au bord de la piscine ext\u00e9rieure en saison. Ce lieu allie praticit\u00e9, confort et touche italienne \u2013 id\u00e9al pour un s\u00e9jour productif dans le nord de l\u2019Italie.<\/p>\n\t\t\t\t\t\t\t<\/div>\n\t\t\t\t\t\t\t\t\t\t\t\t\t<\/div>\n\t\t\t\t\t\t\t\t\t\t\t\t<div class=\"t3icta__bottom__img1 d-lg-none mx-auto\">\n\t\t\t\t\t\t\t<img decoding=\"async\" src=\"https:\/\/www.myallmeeting.com\/wp-content\/uploads\/2025\/07\/Mercure-Nice-Centre-Notre-Dame-chambre-633x398.jpg\" width=\"633\" height=\"398\" alt=\"\" loading=\"lazy\" \/> <!-- Ce sont les 2 m\u00eames images : ID 1 -->\n\t\t\t\t\t\t<\/div>\n\t\t\t\t\t\t\t\t\t\t\t<\/div>\n\t\t\t\t<\/div>\n\t\t\t<\/div>\n\t\t<\/div>\n\t<\/div>\n\t<\/div>\n<!-- END OF : Composant : block-periscope-theme-section-composant-26-textes-slider-cta.php -->\n\n\n<!-- START OF : Composant : block-periscope-theme-section-composant-34-texte-image-slider.php -->\n<div class=\"text-image-slider fs-wysiwyg mb-8 mb-lg-12\" data-component=\"34-texte-image-slider\">\n\t<div class=\"container-fluid\" style=\"--bs-gutter-x: 0\">\n\t\t<div class=\"row\" style=\"--bs-gutter-x: 0\">\n\t\t\t<div class=\"col-lg-6\">\n\t\t\t\t<div class=\"text-image-slider__slider mb-7 mb-lg-12\">\n\t\t\t\t\t\t\t\t\t\t<div class=\"splide\">\n\t\t\t\t\t\t<div class=\"splide__track\">\n\t\t\t\t\t\t\t<div class=\"splide__list\">\n\t\t\t\t\t\t\t\t\t\t\t\t\t\t\t\t<div class=\"splide__slide\">\n\t\t\t\t\t\t\t\t\t<img decoding=\"async\" src=\"https:\/\/www.myallmeeting.com\/wp-content\/uploads\/2025\/07\/aja_p_5024-11__original-953x600.jpeg\" width=\"953\" height=\"600\" alt=\"\" loading=\"lazy\">\n\t\t\t\t\t\t\t\t<\/div>\n\t\t\t\t\t\t\t\t\t\t\t\t\t\t\t\t\t\t\t\t\t\t\t\t\t<div class=\"splide__slide\">\n\t\t\t\t\t\t\t\t\t<img decoding=\"async\" src=\"https:\/\/www.myallmeeting.com\/wp-content\/uploads\/2025\/07\/ibis-Styles-Heraklion-conference-953x600.jpg\" width=\"953\" height=\"600\" alt=\"\" loading=\"lazy\">\n\t\t\t\t\t\t\t\t<\/div>\n\t\t\t\t\t\t\t\t\t\t\t\t\t\t\t\t\t\t\t\t\t\t\t\t\t<div class=\"splide__slide\">\n\t\t\t\t\t\t\t\t\t<img decoding=\"async\" src=\"https:\/\/www.myallmeeting.com\/wp-content\/uploads\/2025\/07\/Sofitel-Marseille-reunion-953x600.jpg\" width=\"953\" height=\"600\" alt=\"\" loading=\"lazy\">\n\t\t\t\t\t\t\t\t<\/div>\n\t\t\t\t\t\t\t\t\t\t\t\t\t\t\t\t\t\t\t\t\t\t\t\t\t<div class=\"splide__slide\">\n\t\t\t\t\t\t\t\t\t<img decoding=\"async\" src=\"https:\/\/www.myallmeeting.com\/wp-content\/uploads\/2025\/07\/0542_sm_03_p_2048x1536-953x600.jpg\" width=\"953\" height=\"600\" alt=\"\" loading=\"lazy\">\n\t\t\t\t\t\t\t\t<\/div>\n\t\t\t\t\t\t\t\t\t\t\t\t\t\t\t\t\t\t\t\t\t\t\t\t\t<div class=\"splide__slide\">\n\t\t\t\t\t\t\t\t\t<img decoding=\"async\" src=\"https:\/\/www.myallmeeting.com\/wp-content\/uploads\/2025\/07\/Sofitel-Marseille-conference-953x600.jpg\" width=\"953\" height=\"600\" alt=\"\" loading=\"lazy\">\n\t\t\t\t\t\t\t\t<\/div>\n\t\t\t\t\t\t\t\t\t\t\t\t\t\t\t\t\t\t\t\t\t\t\t\t<\/div>\n\t\t\t\t\t\t<\/div>\n\t\t\t\t\t\t<div class=\"splide__arrows d-none d-lg-block\">\n\t\t\t\t\t\t\t<button class=\"splide__arrow splide__arrow--prev px-lg-3 py-lg-4 px-xl-4 py-xl-5 px-xxl-5 py-xxl-7 position-absolute l-0 bg-white border-0\">\n\t\t\t\t\t\t\t\t<svg width=\"14\" height=\"27\" aria-hidden=\"true\">\n\t\t\t\t\t\t\t\t\t<use xlink:href=\"https:\/\/www.myallmeeting.com\/wp-content\/themes\/accor\/assets\/images\/sprite.svg#slider-prev\"><\/use>\n\t\t\t\t\t\t\t\t<\/svg>\n\t\t\t\t\t\t\t<\/button>\n\t\t\t\t\t\t\t<button class=\"splide__arrow splide__arrow--next px-lg-3 py-lg-4 px-xl-4 py-xl-5 px-xxl-5 py-xxl-7 position-absolute r-0 bg-white border-0\">\n\t\t\t\t\t\t\t\t<svg width=\"14\" height=\"27\" aria-hidden=\"true\">\n\t\t\t\t\t\t\t\t\t<use xlink:href=\"https:\/\/www.myallmeeting.com\/wp-content\/themes\/accor\/assets\/images\/sprite.svg#slider-prev\"><\/use>\n\t\t\t\t\t\t\t\t<\/svg>\n\t\t\t\t\t\t\t<\/button>\n\t\t\t\t\t\t<\/div>\n\t\t\t\t\t<\/div>\n\t\t\t\t\t\t\t\t\t<\/div>\n\t\t\t\t\t\t\t<\/div>\n\t\t\t<div class=\"col-lg-6\">\n\t\t\t\t<div class=\"text-image-slider__content mb-7 mb-lg-0\">\n\t\t\t\t\t\t\t\t\t\t\t\t\t\t\t<div class=\"fs-wysiwyg\">\n\t\t\t\t\t\t<h3>ibis Styles Heraklion Central (Gr\u00e8ce)<\/h3>\n<p>Convivial et styl\u00e9, cet h\u00f4tel \u00e9conomique se trouve dans le centre historique d\u2019H\u00e9raklion, en Cr\u00e8te. Il offre un espace \u00e9v\u00e9nementiel polyvalent pouvant accueillir jusqu\u2019\u00e0 100 personnes \u2013 id\u00e9al pour des r\u00e9unions \u00e0 taille humaine, des sessions de formation ou des ateliers. \u00c0 proximit\u00e9 de sites arch\u00e9ologiques comme le palais de Knossos et de nombreux restaurants locaux, il constitue un excellent point de d\u00e9part pour allier travail et culture.<\/p>\n<h3>Sofitel Marseille Vieux-Port (France)<\/h3>\n<p>V\u00e9ritable incarnation du raffinement m\u00e9diterran\u00e9en, le Sofitel Marseille domine le Vieux-Port et offre des espaces \u00e9v\u00e9nementiels haut de gamme, une restauration gastronomique et un service cinq \u00e9toiles. Les participants peuvent se d\u00e9tendre au spa ou profiter de vues panoramiques sur la mer pendant leurs pauses. Pour un sommet de direction ou un s\u00e9jour incentive de luxe, cet h\u00f4tel phare allie \u00e9l\u00e9gance \u00e0 la fran\u00e7aise et prestations de haut niveau.<\/p>\n\t\t\t\t\t<\/div>\n\t\t\t\t\t\t\t\t\t<\/div>\n\t\t\t\t\t\t\t<\/div>        \n\t\t<\/div>\n\t<\/div>\n<\/div>\n<!-- END OF : Composant : block-periscope-theme-section-composant-34-texte-image-slider.php -->\n\n\n<div class=\"container fs-wysiwyg mb-5\">\n<h2 class=\"wp-block-heading has-text-align-center\"><strong>L\u2019avantage Accor<br><\/strong><\/h2>\n<\/div>\n\n<div class=\"container fs-wysiwyg mb-5\">\n<p class=\"has-text-align-center\">Accessibilit\u00e9, richesse culturelle, service de qualit\u00e9 : la M\u00e9diterran\u00e9e r\u00e9unit tous les ingr\u00e9dients pour des \u00e9v\u00e9nements MICE marquants. Avec une offre allant de l\u2019\u00e9conomique au luxe, Accor propose l\u2019expertise et la flexibilit\u00e9 n\u00e9cessaires pour r\u00e9pondre \u00e0 tous les besoins \u00e9v\u00e9nementiels.<br>Nos \u00e9quipes locales connaissent les sp\u00e9cificit\u00e9s de l\u2019hospitalit\u00e9 m\u00e9diterran\u00e9enne et accompagnent les organisateurs pour int\u00e9grer des exp\u00e9riences authentiques \u2013 qu\u2019il s\u2019agisse de faire appel \u00e0 des artistes ou traiteurs locaux, ou d\u2019organiser des activit\u00e9s hors site. Engag\u00e9s pour un avenir durable, nos h\u00f4tels s\u2019attachent \u00e9galement \u00e0 proposer des \u00e9v\u00e9nements \u00e9coresponsables et tourn\u00e9s vers l\u2019innovation.<br>Dans cette r\u00e9gion o\u00f9 les fronti\u00e8res entre travail et plaisir s\u2019effacent naturellement, la M\u00e9diterran\u00e9e ne se contente pas d\u2019\u00eatre une destination : elle devient le moteur d\u2019\u00e9v\u00e9nements inoubliables.<\/p>\n<\/div>","protected":false},"excerpt":{"rendered":"<p>La M\u00e9diterran\u00e9e fait depuis longtemps r\u00eaver les vacanciers, mais elle s\u2019impose \u00e9galement comme une destination incontournable dans le secteur du MICE (Meetings, Incentives, Conferences, Exhibitions). <\/p>\n","protected":false},"featured_media":21870682,"menu_order":0,"template":"","periscope_categorie_tax":[],"class_list":["post-21855029","article","type-article","status-publish","has-post-thumbnail","hentry"],"acf":[],"yoast_head":"<title>Le MICE dans la r\u00e9gion m\u00e9diterran\u00e9enne - Accor MyAllMeeting.com<\/title>\n<meta name=\"description\" content=\"La M\u00e9diterran\u00e9e fait depuis longtemps r\u00eaver, mais elle s\u2019impose \u00e9galement comme une destination incontournable dans le secteur du MICE\" \/>\n<meta name=\"robots\" content=\"index, follow, max-snippet:-1, max-image-preview:large, max-video-preview:-1\" \/>\n<link rel=\"canonical\" href=\"https:\/\/www.myallmeeting.com\/fr\/wp-json\/wp\/v2\/article\/21855029\" \/>\n<meta property=\"og:locale\" content=\"fr_FR\" \/>\n<meta property=\"og:type\" content=\"article\" \/>\n<meta property=\"og:title\" content=\"Le MICE dans la r\u00e9gion m\u00e9diterran\u00e9enne - Accor MyAllMeeting.com\" \/>\n<meta property=\"og:description\" content=\"La M\u00e9diterran\u00e9e fait depuis longtemps r\u00eaver, mais elle s\u2019impose \u00e9galement comme une destination incontournable dans le secteur du MICE\" \/>\n<meta property=\"og:url\" content=\"https:\/\/www.myallmeeting.com\/fr\/article\/le-mice-dans-la-region-mediterraneenne\/\" \/>\n<meta property=\"og:site_name\" content=\"Accor MyAllMeeting.com\" \/>\n<meta property=\"article:modified_time\" content=\"2025-07-08T14:32:48+00:00\" \/>\n<meta property=\"og:image\" content=\"http:\/\/myallmeeting.com\/wp-content\/uploads\/2025\/07\/Marseille-mediterranee-banniere.png\" \/>\n\t<meta property=\"og:image:width\" content=\"1920\" \/>\n\t<meta property=\"og:image:height\" content=\"570\" \/>\n\t<meta property=\"og:image:type\" content=\"image\/png\" \/>\n<meta name=\"twitter:card\" content=\"summary_large_image\" \/>\n<meta name=\"twitter:label1\" content=\"Dur\u00e9e de lecture estim\u00e9e\" \/>\n\t<meta name=\"twitter:data1\" content=\"10 minutes\" \/>\n<script type=\"application\/ld+json\" class=\"yoast-schema-graph\">{\"@context\":\"https:\/\/schema.org\",\"@graph\":[{\"@type\":\"WebPage\",\"@id\":\"https:\/\/www.myallmeeting.com\/fr\/article\/le-mice-dans-la-region-mediterraneenne\/\",\"url\":\"https:\/\/www.myallmeeting.com\/fr\/article\/le-mice-dans-la-region-mediterraneenne\/\",\"name\":\"Le MICE dans la r\u00e9gion m\u00e9diterran\u00e9enne - Accor MyAllMeeting.com\",\"isPartOf\":{\"@id\":\"https:\/\/www.myallmeeting.com\/fr\/#website\"},\"primaryImageOfPage\":{\"@id\":\"https:\/\/www.myallmeeting.com\/fr\/article\/le-mice-dans-la-region-mediterraneenne\/#primaryimage\"},\"image\":{\"@id\":\"https:\/\/www.myallmeeting.com\/fr\/article\/le-mice-dans-la-region-mediterraneenne\/#primaryimage\"},\"thumbnailUrl\":\"https:\/\/www.myallmeeting.com\/wp-content\/uploads\/2025\/07\/Marseille-mediterranee-banniere.png\",\"datePublished\":\"2025-07-08T14:32:44+00:00\",\"dateModified\":\"2025-07-08T14:32:48+00:00\",\"description\":\"La M\u00e9diterran\u00e9e fait depuis longtemps r\u00eaver, mais elle s\u2019impose \u00e9galement comme une destination incontournable dans le secteur du MICE\",\"breadcrumb\":{\"@id\":\"https:\/\/www.myallmeeting.com\/fr\/article\/le-mice-dans-la-region-mediterraneenne\/#breadcrumb\"},\"inLanguage\":\"fr-FR\",\"potentialAction\":[{\"@type\":\"ReadAction\",\"target\":[\"https:\/\/www.myallmeeting.com\/fr\/article\/le-mice-dans-la-region-mediterraneenne\/\"]}]},{\"@type\":\"ImageObject\",\"inLanguage\":\"fr-FR\",\"@id\":\"https:\/\/www.myallmeeting.com\/fr\/article\/le-mice-dans-la-region-mediterraneenne\/#primaryimage\",\"url\":\"https:\/\/www.myallmeeting.com\/wp-content\/uploads\/2025\/07\/Marseille-mediterranee-banniere.png\",\"contentUrl\":\"https:\/\/www.myallmeeting.com\/wp-content\/uploads\/2025\/07\/Marseille-mediterranee-banniere.png\",\"width\":1920,\"height\":570,\"caption\":\"Marseille\"},{\"@type\":\"BreadcrumbList\",\"@id\":\"https:\/\/www.myallmeeting.com\/fr\/article\/le-mice-dans-la-region-mediterraneenne\/#breadcrumb\",\"itemListElement\":[{\"@type\":\"ListItem\",\"position\":1,\"name\":\"Accueil\",\"item\":\"https:\/\/myallmeeting.com\/fr\/\"},{\"@type\":\"ListItem\",\"position\":2,\"name\":\"Actualit\u00e9s\",\"item\":\"https:\/\/www.myallmeeting.com\/fr\/actualite\/\"},{\"@type\":\"ListItem\",\"position\":3,\"name\":\"Le MICE dans la r\u00e9gion m\u00e9diterran\u00e9enne\"}]},{\"@type\":\"WebSite\",\"@id\":\"https:\/\/www.myallmeeting.com\/fr\/#website\",\"url\":\"https:\/\/www.myallmeeting.com\/fr\/\",\"name\":\"Accor MyAllMeeting.com\",\"description\":\"Les Meilleurs lieux pour vos Ev\u00e9nements Professionnels\",\"publisher\":{\"@id\":\"https:\/\/www.myallmeeting.com\/fr\/#organization\"},\"potentialAction\":[{\"@type\":\"SearchAction\",\"target\":{\"@type\":\"EntryPoint\",\"urlTemplate\":\"https:\/\/www.myallmeeting.com\/fr\/?s={search_term_string}\"},\"query-input\":{\"@type\":\"PropertyValueSpecification\",\"valueRequired\":true,\"valueName\":\"search_term_string\"}}],\"inLanguage\":\"fr-FR\"},{\"@type\":\"Organization\",\"@id\":\"https:\/\/www.myallmeeting.com\/fr\/#organization\",\"name\":\"ACCOR\",\"url\":\"https:\/\/www.myallmeeting.com\/fr\/\",\"logo\":{\"@type\":\"ImageObject\",\"inLanguage\":\"fr-FR\",\"@id\":\"https:\/\/www.myallmeeting.com\/fr\/#\/schema\/logo\/image\/\",\"url\":\"\",\"contentUrl\":\"\",\"caption\":\"ACCOR\"},\"image\":{\"@id\":\"https:\/\/www.myallmeeting.com\/fr\/#\/schema\/logo\/image\/\"}}]}<\/script>","yoast_head_json":{"title":"Le MICE dans la r\u00e9gion m\u00e9diterran\u00e9enne - Accor MyAllMeeting.com","description":"La M\u00e9diterran\u00e9e fait depuis longtemps r\u00eaver, mais elle s\u2019impose \u00e9galement comme une destination incontournable dans le secteur du MICE","robots":{"index":"index","follow":"follow","max-snippet":"max-snippet:-1","max-image-preview":"max-image-preview:large","max-video-preview":"max-video-preview:-1"},"canonical":"https:\/\/www.myallmeeting.com\/fr\/wp-json\/wp\/v2\/article\/21855029","og_locale":"fr_FR","og_type":"article","og_title":"Le MICE dans la r\u00e9gion m\u00e9diterran\u00e9enne - Accor MyAllMeeting.com","og_description":"La M\u00e9diterran\u00e9e fait depuis longtemps r\u00eaver, mais elle s\u2019impose \u00e9galement comme une destination incontournable dans le secteur du MICE","og_url":"https:\/\/www.myallmeeting.com\/fr\/article\/le-mice-dans-la-region-mediterraneenne\/","og_site_name":"Accor MyAllMeeting.com","article_modified_time":"2025-07-08T14:32:48+00:00","og_image":[{"width":1920,"height":570,"url":"http:\/\/myallmeeting.com\/wp-content\/uploads\/2025\/07\/Marseille-mediterranee-banniere.png","type":"image\/png"}],"twitter_card":"summary_large_image","twitter_misc":{"Dur\u00e9e de lecture estim\u00e9e":"10 minutes"},"schema":{"@context":"https:\/\/schema.org","@graph":[{"@type":"WebPage","@id":"https:\/\/www.myallmeeting.com\/fr\/article\/le-mice-dans-la-region-mediterraneenne\/","url":"https:\/\/www.myallmeeting.com\/fr\/article\/le-mice-dans-la-region-mediterraneenne\/","name":"Le MICE dans la r\u00e9gion m\u00e9diterran\u00e9enne - Accor MyAllMeeting.com","isPartOf":{"@id":"https:\/\/www.myallmeeting.com\/fr\/#website"},"primaryImageOfPage":{"@id":"https:\/\/www.myallmeeting.com\/fr\/article\/le-mice-dans-la-region-mediterraneenne\/#primaryimage"},"image":{"@id":"https:\/\/www.myallmeeting.com\/fr\/article\/le-mice-dans-la-region-mediterraneenne\/#primaryimage"},"thumbnailUrl":"https:\/\/www.myallmeeting.com\/wp-content\/uploads\/2025\/07\/Marseille-mediterranee-banniere.png","datePublished":"2025-07-08T14:32:44+00:00","dateModified":"2025-07-08T14:32:48+00:00","description":"La M\u00e9diterran\u00e9e fait depuis longtemps r\u00eaver, mais elle s\u2019impose \u00e9galement comme une destination incontournable dans le secteur du MICE","breadcrumb":{"@id":"https:\/\/www.myallmeeting.com\/fr\/article\/le-mice-dans-la-region-mediterraneenne\/#breadcrumb"},"inLanguage":"fr-FR","potentialAction":[{"@type":"ReadAction","target":["https:\/\/www.myallmeeting.com\/fr\/article\/le-mice-dans-la-region-mediterraneenne\/"]}]},{"@type":"ImageObject","inLanguage":"fr-FR","@id":"https:\/\/www.myallmeeting.com\/fr\/article\/le-mice-dans-la-region-mediterraneenne\/#primaryimage","url":"https:\/\/www.myallmeeting.com\/wp-content\/uploads\/2025\/07\/Marseille-mediterranee-banniere.png","contentUrl":"https:\/\/www.myallmeeting.com\/wp-content\/uploads\/2025\/07\/Marseille-mediterranee-banniere.png","width":1920,"height":570,"caption":"Marseille"},{"@type":"BreadcrumbList","@id":"https:\/\/www.myallmeeting.com\/fr\/article\/le-mice-dans-la-region-mediterraneenne\/#breadcrumb","itemListElement":[{"@type":"ListItem","position":1,"name":"Accueil","item":"https:\/\/myallmeeting.com\/fr\/"},{"@type":"ListItem","position":2,"name":"Actualit\u00e9s","item":"https:\/\/www.myallmeeting.com\/fr\/actualite\/"},{"@type":"ListItem","position":3,"name":"Le MICE dans la r\u00e9gion m\u00e9diterran\u00e9enne"}]},{"@type":"WebSite","@id":"https:\/\/www.myallmeeting.com\/fr\/#website","url":"https:\/\/www.myallmeeting.com\/fr\/","name":"Accor MyAllMeeting.com","description":"Les Meilleurs lieux pour vos Ev\u00e9nements Professionnels","publisher":{"@id":"https:\/\/www.myallmeeting.com\/fr\/#organization"},"potentialAction":[{"@type":"SearchAction","target":{"@type":"EntryPoint","urlTemplate":"https:\/\/www.myallmeeting.com\/fr\/?s={search_term_string}"},"query-input":{"@type":"PropertyValueSpecification","valueRequired":true,"valueName":"search_term_string"}}],"inLanguage":"fr-FR"},{"@type":"Organization","@id":"https:\/\/www.myallmeeting.com\/fr\/#organization","name":"ACCOR","url":"https:\/\/www.myallmeeting.com\/fr\/","logo":{"@type":"ImageObject","inLanguage":"fr-FR","@id":"https:\/\/www.myallmeeting.com\/fr\/#\/schema\/logo\/image\/","url":"","contentUrl":"","caption":"ACCOR"},"image":{"@id":"https:\/\/www.myallmeeting.com\/fr\/#\/schema\/logo\/image\/"}}]}},"_links":{"self":[{"href":"https:\/\/www.myallmeeting.com\/fr\/wp-json\/wp\/v2\/article\/21855029","targetHints":{"allow":["GET"]}}],"collection":[{"href":"https:\/\/www.myallmeeting.com\/fr\/wp-json\/wp\/v2\/article"}],"about":[{"href":"https:\/\/www.myallmeeting.com\/fr\/wp-json\/wp\/v2\/types\/article"}],"wp:featuredmedia":[{"embeddable":true,"href":"https:\/\/www.myallmeeting.com\/fr\/wp-json\/wp\/v2\/media\/21870682"}],"wp:attachment":[{"href":"https:\/\/www.myallmeeting.com\/fr\/wp-json\/wp\/v2\/media?parent=21855029"}],"wp:term":[{"taxonomy":"periscope_categorie_tax","embeddable":true,"href":"https:\/\/www.myallmeeting.com\/fr\/wp-json\/wp\/v2\/periscope_categorie_tax?post=21855029"}],"curies":[{"name":"wp","href":"https:\/\/api.w.org\/{rel}","templated":true}]}}