{"id":18551205,"date":"2025-03-06T22:56:49","date_gmt":"2025-03-06T21:56:49","guid":{"rendered":"https:\/\/myallmeeting.com\/?post_type=article&#038;p=18551205"},"modified":"2025-07-21T16:24:04","modified_gmt":"2025-07-21T14:24:04","slug":"destinations-mice-tendances-et-bien-connectees-en-europe-centrale","status":"publish","type":"article","link":"https:\/\/www.myallmeeting.com\/fr\/article\/destinations-mice-tendances-et-bien-connectees-en-europe-centrale\/","title":{"rendered":"Destinations MICE tendances et bien connect\u00e9es en Europe Centrale"},"content":{"rendered":"<!-- START OF : Composant : block-periscope-theme-section-composant-25-texte-cta-2-images.php -->\n<div class=\"tcta2ia bg-white fs-wysiwyg mb-lg-12\" data-component=\"25-texte-cta-2-images\">\n\t<div class=\"tcta2ia__top\">\n\t\t<div class=\"container-fluid\" style=\"--bs-gutter-x: 0\">\n\t\t\t<div class=\"row\" style=\"--bs-gutter-x: 0\">\n\t\t\t\t<div class=\"col-lg-8\">\n\t\t\t\t\t\t\t\t\t\t<div class=\"bloc-mise-en-avant__top__left\">\n\t\t\t\t\t\t<img decoding=\"async\" src=\"https:\/\/www.myallmeeting.com\/wp-content\/uploads\/2025\/03\/MAM-imagery-1268-x-846-px.png\" class=\"pe-2 pe-lg-0\" width=\"1268\" height=\"846\" alt=\"Frankfurt view\" loading=\"lazy\" \/>\n\t\t\t\t\t<\/div>\n\t\t\t\t\t\t\t\t\t\t<div class=\"tcta2ia__bottom d-none d-lg-block pb-12 pt-lg-9 pb-lg-0 pe-lg-10\">\n\t\t\t\t\t\t\t\t\t\t\t\t<h2 class=\"fs-20 fs-lg-32 fw-semibold\">Allemagne : une puissance \u00e9conomique au r\u00e9seau de transport in\u00e9gal\u00e9 <\/h2>\n\t\t\t\t\t\t\t\t\t\t\t\t\t\t\t\t\t\t<div class=\"fs-wysiwyg\"><h3><strong><span data-contrast=\"auto\" xml:lang=\"FR-FR\" lang=\"FR-FR\" class=\"TextRun SCXW86544433 BCX8\"><span class=\"NormalTextRun SCXW86544433 BCX8\">Berlin \u2013 Innovation et Histoire<\/span><\/span><\/strong><\/h3>\n<p><span data-contrast=\"auto\">Capitale de l&rsquo;Allemagne, Berlin est une destination MICE r\u00e9put\u00e9e pour son dynamisme \u00e9conomique et son r\u00e9seau de transport. Son a\u00e9roport international et ses lignes ferroviaires \u00e0 grande vitesse en font un carrefour pour les conf\u00e9rences internationales.<\/span><span data-ccp-props=\"{&quot;335559738&quot;:240,&quot;335559739&quot;:240}\">\u00a0<\/span><\/p>\n<p>&nbsp;<\/p>\n<\/div>\n\t\t\t\t\t\t\t\t\t\t\t\t<div class=\"d-flex flex-column flex-lg-row align-items-center gap-5 gap-lg-8 justify-content-between\">\n\t\t\t\t\t\t\t<div class=\"fs-20 fs-lg-26 fw-semibold lh-xs\"><\/div>\n\t\t\t\t\t\t\t\t\t\t\t\t\t<\/div>\n\t\t\t\t\t<\/div>\n\t\t\t\t<\/div>\n\t\t\t\t<div class=\"col-lg-4\">\n\t\t\t\t\t<div class=\"tcta2ia__top__right t-0 r-0 bg-primary text-white pt-4 pb-4 px-2 pt-lg-8 pb-lg-16 px-lg-11 pb-xl-30\">\n\t\t\t\t\t\t\t\t\t\t\t\t\t\t\t\t\t\t<h2 class=\"unna fs-36 fs-lg-51 fs-xl-75 fs-italic fw-normal text-secondary\">Destinations MICE tendances et bien connect\u00e9es en Europe Centrale<\/h2>\n\t\t\t\t\t\t\t\t\t\t\t\t\t\t\t\t\t\t<h3 class=\"text-white fs-18 fs-lg-20 fs-xl-28 text-original-case\">Pour les organisateurs de rassemblements et d&#039;\u00e9v\u00e9nements, la connectivit\u00e9 et le dynamisme sont des facteurs cl\u00e9s dans le choix d&#039;une destination MICE.<\/h3>\n\t\t\t\t\t\t\t\t\t\t\t\t\t\t\t\t\t\t<div class=\"fs-wysiwyg mb-4 fs-lg-16 fs-xl-20\"><p>L&rsquo;Europe centrale, dot\u00e9e de son charme historique et de ses infrastructures modernes, comprend une multitude de villes accessibles et dynamiques. L&rsquo;Allemagne, l&rsquo;Autriche et la Suisse ont des centres d&rsquo;affaires offrant d&rsquo;excellents r\u00e9seaux de transport, des installations d\u2019\u00e9quipements de pointe facilitant l\u2019organisation et le d\u00e9roulement de r\u00e9unions et de team-building inspirants. La vaste pr\u00e9sence h\u00f4teli\u00e8re d&rsquo;Accor garantit une exp\u00e9rience fluide pour les voyageurs d&rsquo;affaires, en proposant des lieux bien \u00e9quip\u00e9s et des services haut de gamme. D\u00e9couvrons ensemble quelques destinations MICE incontournables dans ces trois pays.<\/p>\n<\/div>\n\t\t\t\t\t\t\t\t\t\t\t\t\t\t\t\t\t\t\t\t\t\t\t\t<p class=\"m-0\"><img decoding=\"async\" src=\"https:\/\/www.myallmeeting.com\/wp-content\/uploads\/2025\/03\/MAM-imagery-633-x-398-px.png\" class=\"position-relative l-0\" width=\"633\" height=\"398\" alt=\"Berlin view\" loading=\"lazy\" \/><\/p>\n\t\t\t\t\t\t\t\t\t\t\t<\/div>\n\t\t\t\t<\/div>\n\t\t\t<\/div>\n\t\t<\/div>\n\t<\/div>\n\t<div class=\"tcta2ia__bottom d-lg-none pb-12 py-lg-9 pe-lg-10\">\n\t\t\t\t<div class=\"h2 fs-20 fs-lg-32 fw-semibold\">Allemagne : une puissance \u00e9conomique au r\u00e9seau de transport in\u00e9gal\u00e9 <\/div>\n\t\t\t\t\t\t<div class=\"fs-wysiwyg\"><h3><strong><span data-contrast=\"auto\" xml:lang=\"FR-FR\" lang=\"FR-FR\" class=\"TextRun SCXW86544433 BCX8\"><span class=\"NormalTextRun SCXW86544433 BCX8\">Berlin \u2013 Innovation et Histoire<\/span><\/span><\/strong><\/h3>\n<p><span data-contrast=\"auto\">Capitale de l&rsquo;Allemagne, Berlin est une destination MICE r\u00e9put\u00e9e pour son dynamisme \u00e9conomique et son r\u00e9seau de transport. Son a\u00e9roport international et ses lignes ferroviaires \u00e0 grande vitesse en font un carrefour pour les conf\u00e9rences internationales.<\/span><span data-ccp-props=\"{&quot;335559738&quot;:240,&quot;335559739&quot;:240}\">\u00a0<\/span><\/p>\n<p>&nbsp;<\/p>\n<\/div>\n\t\t\t\t<div class=\"d-flex flex-column flex-lg-row align-items-center gap-5 gap-lg-8 justify-content-between\">\n\t\t\t<div class=\"fs-20 fs-lg-26 fw-semibold lh-xs\"><\/div>\n\t\t\t\t\t<\/div>\n\t<\/div>\n<\/div>\n<!-- END OF : Composant : block-periscope-theme-section-composant-25-texte-cta-2-images.php -->\n\n\n<!-- START OF : Composant : block-periscope-theme-section-composant-34-texte-image-slider.php -->\n<div class=\"text-image-slider fs-wysiwyg mb-8 mb-lg-12\" data-component=\"34-texte-image-slider\">\n\t<div class=\"container-fluid\" style=\"--bs-gutter-x: 0\">\n\t\t<div class=\"row\" style=\"--bs-gutter-x: 0\">\n\t\t\t<div class=\"col-lg-6\">\n\t\t\t\t<div class=\"text-image-slider__slider mb-7 mb-lg-12\">\n\t\t\t\t\t\t\t\t\t\t<div class=\"splide\">\n\t\t\t\t\t\t<div class=\"splide__track\">\n\t\t\t\t\t\t\t<div class=\"splide__list\">\n\t\t\t\t\t\t\t\t\t\t\t\t\t\t\t\t<div class=\"splide__slide\">\n\t\t\t\t\t\t\t\t\t<img decoding=\"async\" src=\"https:\/\/www.myallmeeting.com\/wp-content\/uploads\/2025\/03\/5347_H1-953x600.jpg\" width=\"953\" height=\"600\" alt=\"\" loading=\"lazy\">\n\t\t\t\t\t\t\t\t<\/div>\n\t\t\t\t\t\t\t\t\t\t\t\t\t\t\t\t\t\t\t\t\t\t\t\t\t<div class=\"splide__slide\">\n\t\t\t\t\t\t\t\t\t<img decoding=\"async\" src=\"https:\/\/www.myallmeeting.com\/wp-content\/uploads\/2025\/03\/5347_H2-953x600.jpg\" width=\"953\" height=\"600\" alt=\"\" loading=\"lazy\">\n\t\t\t\t\t\t\t\t<\/div>\n\t\t\t\t\t\t\t\t\t\t\t\t\t\t\t\t\t\t\t\t\t\t\t\t\t<div class=\"splide__slide\">\n\t\t\t\t\t\t\t\t\t<img decoding=\"async\" src=\"https:\/\/www.myallmeeting.com\/wp-content\/uploads\/2025\/03\/53BAA51-953x600.jpg\" width=\"953\" height=\"600\" alt=\"\" loading=\"lazy\">\n\t\t\t\t\t\t\t\t<\/div>\n\t\t\t\t\t\t\t\t\t\t\t\t\t\t\t\t\t\t\t\t\t\t\t\t\t<div class=\"splide__slide\">\n\t\t\t\t\t\t\t\t\t<img decoding=\"async\" src=\"https:\/\/www.myallmeeting.com\/wp-content\/uploads\/2025\/03\/A0F7_H1-953x600.jpg\" width=\"953\" height=\"600\" alt=\"\" loading=\"lazy\">\n\t\t\t\t\t\t\t\t<\/div>\n\t\t\t\t\t\t\t\t\t\t\t\t\t\t\t\t\t\t\t\t\t\t\t\t\t<div class=\"splide__slide\">\n\t\t\t\t\t\t\t\t\t<img decoding=\"async\" src=\"https:\/\/www.myallmeeting.com\/wp-content\/uploads\/2025\/03\/A0F7_S1-953x600.jpg\" width=\"953\" height=\"600\" alt=\"\" loading=\"lazy\">\n\t\t\t\t\t\t\t\t<\/div>\n\t\t\t\t\t\t\t\t\t\t\t\t\t\t\t\t\t\t\t\t\t\t\t\t<\/div>\n\t\t\t\t\t\t<\/div>\n\t\t\t\t\t\t<div class=\"splide__arrows d-none d-lg-block\">\n\t\t\t\t\t\t\t<button class=\"splide__arrow splide__arrow--prev px-lg-3 py-lg-4 px-xl-4 py-xl-5 px-xxl-5 py-xxl-7 position-absolute l-0 bg-white border-0\">\n\t\t\t\t\t\t\t\t<svg width=\"14\" height=\"27\" aria-hidden=\"true\">\n\t\t\t\t\t\t\t\t\t<use xlink:href=\"https:\/\/www.myallmeeting.com\/wp-content\/themes\/accor\/assets\/images\/sprite.svg#slider-prev\"><\/use>\n\t\t\t\t\t\t\t\t<\/svg>\n\t\t\t\t\t\t\t<\/button>\n\t\t\t\t\t\t\t<button class=\"splide__arrow splide__arrow--next px-lg-3 py-lg-4 px-xl-4 py-xl-5 px-xxl-5 py-xxl-7 position-absolute r-0 bg-white border-0\">\n\t\t\t\t\t\t\t\t<svg width=\"14\" height=\"27\" aria-hidden=\"true\">\n\t\t\t\t\t\t\t\t\t<use xlink:href=\"https:\/\/www.myallmeeting.com\/wp-content\/themes\/accor\/assets\/images\/sprite.svg#slider-prev\"><\/use>\n\t\t\t\t\t\t\t\t<\/svg>\n\t\t\t\t\t\t\t<\/button>\n\t\t\t\t\t\t<\/div>\n\t\t\t\t\t<\/div>\n\t\t\t\t\t\t\t\t\t<\/div>\n\t\t\t\t\t\t\t<\/div>\n\t\t\t<div class=\"col-lg-6\">\n\t\t\t\t<div class=\"text-image-slider__content mb-7 mb-lg-0\">\n\t\t\t\t\t\t\t\t\t\t\t\t\t\t\t<div class=\"fs-wysiwyg\">\n\t\t\t\t\t\t<p><i><span data-contrast=\"auto\">O\u00f9 s\u00e9journer :<\/span><\/i><span data-contrast=\"auto\"> Le <\/span><a href=\"https:\/\/myallmeeting.com\/fr\/hotel\/5347-pullman-berlin-schweizerhof\/\" target=\"_blank\" rel=\"noopener\"><b><span data-contrast=\"auto\">Pullman Berlin Schweizerhof<\/span><\/b><\/a><span data-contrast=\"auto\">, situ\u00e9 pr\u00e8s du Ku&rsquo;damm et du Zoo de Berlin, propose 18 salles de r\u00e9union modulables avec lumi\u00e8re naturelle, Wi-Fi haut d\u00e9bit et un lounge Fit&amp;SPA pour se d\u00e9tendre. Le <\/span><a href=\"https:\/\/myallmeeting.com\/fr\/hotel\/a0f7-mercure-hotel-moa-berlin\/\" target=\"_blank\" rel=\"noopener\"><b><span data-contrast=\"auto\">Mercure Hotel MOA Berlin<\/span><\/b><\/a><span data-contrast=\"auto\">, \u00e0 seulement 8 minutes en voiture ou 20 minutes en tram de la gare principale, est id\u00e9al pour les grands \u00e9v\u00e9nements avec ses 40 salles de r\u00e9union, dont un vaste espace de 2 400 m\u00b2.<\/span><span data-ccp-props=\"{&quot;335559738&quot;:240,&quot;335559739&quot;:240}\">\u00a0<\/span><\/p>\n<p><i><span data-contrast=\"auto\">Autres activit\u00e9s :<\/span><\/i><span data-contrast=\"auto\"> Les participants peuvent visiter le Reichstag, suivre une visite guid\u00e9e du street art ou se d\u00e9tendre dans un des nombreux bars en rooftop offrant une vue imprenable sur Berlin, comme Klunkerkranich.<\/span><span data-ccp-props=\"{&quot;335559738&quot;:240,&quot;335559739&quot;:240}\">\u00a0<\/span><\/p>\n\t\t\t\t\t<\/div>\n\t\t\t\t\t\t\t\t\t<\/div>\n\t\t\t\t\t\t\t<\/div>        \n\t\t<\/div>\n\t<\/div>\n<\/div>\n<!-- END OF : Composant : block-periscope-theme-section-composant-34-texte-image-slider.php -->\n\n\n<!-- START OF : Composant : block-periscope-theme-section-composant-34-texte-image-slider.php -->\n<!-- INVERSE -->\n<div class=\"text-image-slider fs-wysiwyg mb-8 mb-lg-12\" data-component=\"34-texte-image-slider\" data-reverse=\"oui\">\n<div class=\"container-fluid\" style=\"--bs-gutter-x: 0\">\n\t\t<div class=\"row\" style=\"--bs-gutter-x: 0\">\n\t\t\t<div class=\"col-lg-6\">\n\t\t\t\t<div class=\"text-image-slider__content mb-7 mb-lg-0\">\n\t\t\t\t\t\t\t\t\t\t\t\t\t\t\t<div class=\"fs-wysiwyg\">\n\t\t\t\t\t\t<h3><b><span data-contrast=\"auto\">Hannover \u2013 Le Joyau MICE Sous-Estim\u00e9<\/span><\/b><span data-ccp-props=\"{&quot;335559738&quot;:240,&quot;335559739&quot;:240}\">\u00a0<\/span><\/h3>\n<p><span data-contrast=\"auto\">Souvent n\u00e9glig\u00e9e, Hannover dispose pourtant d&rsquo;excellentes connexions de transport, notamment un a\u00e9roport international et des liaisons ferroviaires rapides. Hanovre est fi\u00e8re d\u2019\u00eatre reconnue comme Ville de la musique par l\u2019UNESCO depuis 2014, c\u00e9l\u00e9brant ainsi sa sc\u00e8ne musicale locale et ses riches traditions culturelles. Elle est \u00e9galement r\u00e9put\u00e9e pour accueillir certains des plus grands salons professionnels au monde, faisant d\u2019elle une destination d\u2019affaires incontournable en Allemagne. Gr\u00e2ce \u00e0 d\u2019excellentes connexions de tram et de bus, il est facile de se d\u00e9placer dans la ville, tandis que les liaisons directes vers le parc des expositions de la Hannover Messe et l\u2019a\u00e9roport assurent un voyage facile pour les voyageurs d\u2019affaires.<\/span><span data-ccp-props=\"{&quot;335559738&quot;:240,&quot;335559739&quot;:240}\">\u00a0<\/span><\/p>\n<p><i><span data-contrast=\"auto\">O\u00f9 s\u00e9journer :<\/span><\/i><span data-contrast=\"auto\"> Le <\/span><a href=\"https:\/\/myallmeeting.com\/fr\/hotel\/5390-novotel-hannover\/\" target=\"_blank\" rel=\"noopener\"><b><span data-contrast=\"auto\">Novotel Hannover<\/span><\/b><\/a><span data-contrast=\"auto\">, proche du centre des congr\u00e8s, propose des espaces de r\u00e9union contemporains et un espace bien-\u00eatre. Son emplacement est id\u00e9al pour allier affaires et loisirs, avec les jardins de Herrenhausen et le lac Maschsee \u00e0 proximit\u00e9.<\/span><span data-ccp-props=\"{&quot;335559738&quot;:240,&quot;335559739&quot;:240}\">\u00a0<\/span><\/p>\n<p><i><span data-contrast=\"auto\">Autres activit\u00e9s :<\/span><\/i><span data-contrast=\"auto\"> Une visite du hall historique de la machine \u00e0 vapeur Bahlsen ou une soir\u00e9e \u00e0 l&rsquo;op\u00e9ra, la ville offrent plusieurs opportunit\u00e9s uniques de team-building. Les \u00e9quipes peuvent \u00e9galement explorer le quartier anim\u00e9 de Linden, c\u00e9l\u00e8bre pour ses caf\u00e9s \u00e9clectiques, son street- art et ses lieux culturels.<\/span><span data-ccp-props=\"{&quot;335559738&quot;:240,&quot;335559739&quot;:240}\">\u00a0<\/span><\/p>\n<p>&nbsp;<\/p>\n<h3><b><span data-contrast=\"auto\">Francfort \u2013 Le Centre Financier<\/span><\/b><span data-ccp-props=\"{&quot;335559738&quot;:240,&quot;335559739&quot;:240}\">\u00a0<\/span><\/h3>\n<p><span data-contrast=\"auto\">Francfort est le c\u0153ur de la finance europ\u00e9enne et une destination pris\u00e9e pour les r\u00e9unions d&rsquo;affaires. Son a\u00e9roport, l&rsquo;un des plus fr\u00e9quent\u00e9s au monde, et ses transports en commun efficaces en font un lieu strat\u00e9gique pour les \u00e9v\u00e9nements internationaux.<\/span><span data-ccp-props=\"{&quot;335559738&quot;:240,&quot;335559739&quot;:240}\">\u00a0<\/span><\/p>\n<p><i><span data-contrast=\"auto\">O\u00f9 s\u00e9journer :<\/span><\/i><span data-contrast=\"auto\"> Le <\/span><a href=\"https:\/\/myallmeeting.com\/fr\/hotel\/b4i3-movenpick-hotel-frankfurt-city\/\" target=\"_blank\" rel=\"noopener\"><b><span data-contrast=\"auto\">M\u00f6venpick Hotel Frankfurt City<\/span><\/b><\/a><span data-contrast=\"auto\">, situ\u00e9 directement au pied du centre d&rsquo;exposition, offre 12 salles de r\u00e9union modernes, une terrasse panoramique et une salle de sport de 130m\u00b2 pour se d\u00e9tendre apr\u00e8s une journ\u00e9e de travail.<\/span><span data-ccp-props=\"{&quot;335559738&quot;:240,&quot;335559739&quot;:240}\">\u00a0<\/span><\/p>\n<p><i><span data-contrast=\"auto\">Autres activit\u00e9s\u202f:<\/span><\/i><span data-contrast=\"auto\"> Les participants peuvent d\u00e9couvrir les sites embl\u00e9matiques de la ville tels que le Palmengarten, la maison de Goethe, le quartier historique du R\u00f6mer ou profiter d&rsquo;une croisi\u00e8re sur le Main.<\/span><span data-ccp-props=\"{&quot;335559738&quot;:240,&quot;335559739&quot;:240}\"><\/span><\/p>\n\t\t\t\t\t<\/div>\n\t\t\t\t\t\t\t\t\t<\/div>\n\t\t\t\t\t\t\t\t<div class=\"text-center d-lg-none px-8\">\n\t\t\t\t\t<!-- M\u00eame image -->\n\t\t\t\t\t<img decoding=\"async\" src=\"https:\/\/www.myallmeeting.com\/wp-content\/uploads\/2025\/03\/JOSHUA1-633x398.jpg\" width=\"633\" height=\"398\" alt=\"\" loading=\"lazy\">\n\t\t\t\t<\/div>\n\t\t\t\t\t\t\t<\/div>        \n\t\t\t<div class=\"col-lg-6 order-first order-lg-last\">\n\t\t\t\t<div class=\"text-image-slider__slider mb-7 mb-lg-12\">\n\t\t\t\t\t\t\t\t\t\t<div class=\"splide\">\n\t\t\t\t\t\t<div class=\"splide__track\">\n\t\t\t\t\t\t\t<div class=\"splide__list\">\n\t\t\t\t\t\t\t\t\t\t\t\t\t\t\t\t<div class=\"splide__slide\">\n\t\t\t\t\t\t\t\t\t<img decoding=\"async\" src=\"https:\/\/www.myallmeeting.com\/wp-content\/uploads\/2025\/03\/5390_S2-953x600.jpg\" width=\"953\" height=\"600\" alt=\"\" loading=\"lazy\">\n\t\t\t\t\t\t\t\t<\/div>\n\t\t\t\t\t\t\t\t\t\t\t\t\t\t\t\t\t\t\t\t\t\t\t\t\t<div class=\"splide__slide\">\n\t\t\t\t\t\t\t\t\t<img decoding=\"async\" src=\"https:\/\/www.myallmeeting.com\/wp-content\/uploads\/2025\/03\/B4I3_S2-953x600.jpg\" width=\"953\" height=\"600\" alt=\"\" loading=\"lazy\">\n\t\t\t\t\t\t\t\t<\/div>\n\t\t\t\t\t\t\t\t\t\t\t\t\t\t\t\t\t\t\t\t\t\t\t\t<\/div>\n\t\t\t\t\t\t<\/div>\n\t\t\t\t\t\t<div class=\"splide__arrows d-none d-lg-block\">\n\t\t\t\t\t\t\t<button class=\"splide__arrow splide__arrow--prev px-lg-3 py-lg-4 px-xl-4 py-xl-5 px-xxl-5 py-xxl-7 position-absolute l-0 bg-white border-0\">\n\t\t\t\t\t\t\t\t<svg width=\"14\" height=\"27\" aria-hidden=\"true\">\n\t\t\t\t\t\t\t\t\t<use xlink:href=\"https:\/\/www.myallmeeting.com\/wp-content\/themes\/accor\/assets\/images\/sprite.svg#slider-prev\"><\/use>\n\t\t\t\t\t\t\t\t<\/svg>\n\t\t\t\t\t\t\t<\/button>\n\t\t\t\t\t\t\t<button class=\"splide__arrow splide__arrow--next px-lg-3 py-lg-4 px-xl-4 py-xl-5 px-xxl-5 py-xxl-7 position-absolute r-0 bg-white border-0\">\n\t\t\t\t\t\t\t\t<svg width=\"14\" height=\"27\" aria-hidden=\"true\">\n\t\t\t\t\t\t\t\t\t<use xlink:href=\"https:\/\/www.myallmeeting.com\/wp-content\/themes\/accor\/assets\/images\/sprite.svg#slider-prev\"><\/use>\n\t\t\t\t\t\t\t\t<\/svg>\n\t\t\t\t\t\t\t<\/button>\n\t\t\t\t\t\t<\/div>\n\t\t\t\t\t<\/div>\n\t\t\t\t\t\t\t\t\t<\/div>\n\t\t\t\t\t\t\t\t\t<div class=\"text-image-slider__content d-none d-lg-block\">\n\t\t\t\t\t<!-- M\u00eame image -->\n\t\t\t\t\t<img decoding=\"async\" src=\"https:\/\/www.myallmeeting.com\/wp-content\/uploads\/2025\/03\/JOSHUA1-633x398.jpg\" width=\"633\" height=\"398\" alt=\"\" loading=\"lazy\">\n\t\t\t\t<\/div>\n\t\t\t\t\t\t\t<\/div>\n\t\t<\/div>\n\t<\/div>\n<\/div>\n<!-- END OF : Composant : block-periscope-theme-section-composant-34-texte-image-slider.php -->\n\n\n<!-- START OF : Composant : block-periscope-theme-section-composant-34-texte-image-slider.php -->\n<div class=\"text-image-slider fs-wysiwyg mb-8 mb-lg-12\" data-component=\"34-texte-image-slider\">\n\t<div class=\"container-fluid\" style=\"--bs-gutter-x: 0\">\n\t\t<div class=\"row\" style=\"--bs-gutter-x: 0\">\n\t\t\t<div class=\"col-lg-6\">\n\t\t\t\t<div class=\"text-image-slider__slider mb-7 mb-lg-12\">\n\t\t\t\t\t\t\t\t\t\t<div class=\"splide\">\n\t\t\t\t\t\t<div class=\"splide__track\">\n\t\t\t\t\t\t\t<div class=\"splide__list\">\n\t\t\t\t\t\t\t\t\t\t\t\t\t\t\t\t<div class=\"splide__slide\">\n\t\t\t\t\t\t\t\t\t<img decoding=\"async\" src=\"https:\/\/www.myallmeeting.com\/wp-content\/uploads\/2025\/03\/5563_S1-953x600.jpg\" width=\"953\" height=\"600\" alt=\"\" loading=\"lazy\">\n\t\t\t\t\t\t\t\t<\/div>\n\t\t\t\t\t\t\t\t\t\t\t\t\t\t\t\t\t\t\t\t\t\t\t\t\t<div class=\"splide__slide\">\n\t\t\t\t\t\t\t\t\t<img decoding=\"async\" src=\"https:\/\/www.myallmeeting.com\/wp-content\/uploads\/2025\/03\/5563_S2-953x600.jpg\" width=\"953\" height=\"600\" alt=\"\" loading=\"lazy\">\n\t\t\t\t\t\t\t\t<\/div>\n\t\t\t\t\t\t\t\t\t\t\t\t\t\t\t\t\t\t\t\t\t\t\t\t\t<div class=\"splide__slide\">\n\t\t\t\t\t\t\t\t\t<img decoding=\"async\" src=\"https:\/\/www.myallmeeting.com\/wp-content\/uploads\/2025\/03\/B414D31-953x600.jpg\" width=\"953\" height=\"600\" alt=\"\" loading=\"lazy\">\n\t\t\t\t\t\t\t\t<\/div>\n\t\t\t\t\t\t\t\t\t\t\t\t\t\t\t\t\t\t\t\t\t\t\t\t<\/div>\n\t\t\t\t\t\t<\/div>\n\t\t\t\t\t\t<div class=\"splide__arrows d-none d-lg-block\">\n\t\t\t\t\t\t\t<button class=\"splide__arrow splide__arrow--prev px-lg-3 py-lg-4 px-xl-4 py-xl-5 px-xxl-5 py-xxl-7 position-absolute l-0 bg-white border-0\">\n\t\t\t\t\t\t\t\t<svg width=\"14\" height=\"27\" aria-hidden=\"true\">\n\t\t\t\t\t\t\t\t\t<use xlink:href=\"https:\/\/www.myallmeeting.com\/wp-content\/themes\/accor\/assets\/images\/sprite.svg#slider-prev\"><\/use>\n\t\t\t\t\t\t\t\t<\/svg>\n\t\t\t\t\t\t\t<\/button>\n\t\t\t\t\t\t\t<button class=\"splide__arrow splide__arrow--next px-lg-3 py-lg-4 px-xl-4 py-xl-5 px-xxl-5 py-xxl-7 position-absolute r-0 bg-white border-0\">\n\t\t\t\t\t\t\t\t<svg width=\"14\" height=\"27\" aria-hidden=\"true\">\n\t\t\t\t\t\t\t\t\t<use xlink:href=\"https:\/\/www.myallmeeting.com\/wp-content\/themes\/accor\/assets\/images\/sprite.svg#slider-prev\"><\/use>\n\t\t\t\t\t\t\t\t<\/svg>\n\t\t\t\t\t\t\t<\/button>\n\t\t\t\t\t\t<\/div>\n\t\t\t\t\t<\/div>\n\t\t\t\t\t\t\t\t\t<\/div>\n\t\t\t\t\t\t\t\t<div class=\"text-image-slider__content d-none d-lg-block\">\n\t\t\t\t\t<!-- M\u00eame image -->\n\t\t\t\t\t<img decoding=\"async\" src=\"https:\/\/www.myallmeeting.com\/wp-content\/uploads\/2025\/03\/B4C5_H2-633x398.jpg\" width=\"633\" height=\"398\" alt=\"\" loading=\"lazy\">\n\t\t\t\t<\/div>\n\t\t\t\t\t\t\t<\/div>\n\t\t\t<div class=\"col-lg-6\">\n\t\t\t\t<div class=\"text-image-slider__content mb-7 mb-lg-0\">\n\t\t\t\t\t\t\t\t\t\t\t\t\t\t\t<div class=\"fs-wysiwyg\">\n\t\t\t\t\t\t<h3><b><span data-contrast=\"auto\">Munich \u2013 Business et Culture<\/span><\/b><span data-ccp-props=\"{&quot;335559738&quot;:240,&quot;335559739&quot;:240}\">\u00a0<\/span><\/h3>\n<p><span data-contrast=\"auto\">La ville de Munich allie un environnement d&rsquo;affaires dynamique \u00e0 un riche patrimoine culturel, en faisant d\u2019elle une destination MICE id\u00e9ale. L\u2019a\u00e9roport de Munich propose de nombreuses connexions internationales et son r\u00e9seau de transports en commun est tr\u00e8s efficace.<\/span><span data-ccp-props=\"{&quot;335559738&quot;:240,&quot;335559739&quot;:240}\">\u00a0<\/span><\/p>\n<p><i><span data-contrast=\"auto\">O\u00f9 s\u00e9journer :<\/span><\/i><span data-contrast=\"auto\"> Le <\/span><a href=\"https:\/\/myallmeeting.com\/fr\/hotel\/5563-novotel-munich-messe\/\" target=\"_blank\" rel=\"noopener\"><b><span data-contrast=\"auto\">Novotel M\u00fcnchen Messe<\/span><\/b><\/a><span data-contrast=\"auto\"> est un excellent choix pour les voyageurs d&rsquo;affaires, situ\u00e9 \u00e0 c\u00f4t\u00e9 du centre d&rsquo;exposition Messe M\u00fcnchen. L&rsquo;h\u00f4tel dispose de neuf salles de r\u00e9union modernes avec lumi\u00e8re naturelle, d&rsquo;un bar-lounge avec terrasse et d&rsquo;une salle de fitness.<\/span><span data-ccp-props=\"{&quot;335559738&quot;:240,&quot;335559739&quot;:240}\">\u00a0<\/span><\/p>\n<p><i><span data-contrast=\"auto\">Autres activit\u00e9s :<\/span><\/i><span data-contrast=\"auto\"> Les participants peuvent explorer Marienplatz, suivre une visite guid\u00e9e d&rsquo;une brasserie d\u00e9couvrir la culture de la bi\u00e8re de Munich, ou visiter le Deutsches Museum pour en apprendre un peu plus sur la science et l&rsquo;innovation du pays. Pour les amateurs d\u2019activit\u00e9s en plein air, une balade dans l\u2019English Garden ou un jogging autour de Bugapark offre une pause rafra\u00eechissante entre les r\u00e9unions.<\/span><span data-ccp-props=\"{&quot;335559738&quot;:240,&quot;335559739&quot;:240}\">\u00a0<\/span><\/p>\n<p>&nbsp;<\/p>\n<h3><b><span data-contrast=\"auto\">Hambourg \u2013 Un Hub Maritime et d\u2019Affaires<\/span><\/b><span data-ccp-props=\"{&quot;335559738&quot;:240,&quot;335559739&quot;:240}\">\u00a0<\/span><\/h3>\n<p><span data-contrast=\"auto\">Deuxi\u00e8me plus grande ville d&rsquo;Allemagne, Hambourg allie affaires et loisirs. Avec d&rsquo;excellentes liaisons a\u00e9riennes et ferroviaires, c&rsquo;est une destination MICE id\u00e9ale. Ville portuaire majeure, Hambourg est \u00e9galement un centre de commerce, d\u2019innovation et de culture, offrant des lieux vari\u00e9s et des opportunit\u00e9s de networking pour les professionnels de divers secteurs.<\/span><span data-ccp-props=\"{&quot;335559738&quot;:240,&quot;335559739&quot;:240}\">\u00a0<\/span><\/p>\n<p><i><span data-contrast=\"auto\">O\u00f9 s\u00e9journer :<\/span><\/i><span data-contrast=\"auto\"> Le <\/span><a href=\"https:\/\/myallmeeting.com\/fr\/hotel\/b4c5-novotel-hamburg-central-station\/\" target=\"_blank\" rel=\"noopener\"><b><span data-contrast=\"auto\">Novotel Hamburg Central Station<\/span><\/b><\/a><span data-contrast=\"auto\">, situ\u00e9 en plein centre-ville, est parfait pour les \u00e9v\u00e9nements d&rsquo;entreprise, avec cinq salles de r\u00e9union haute technologie et une salle de sport ouverte 24h\/24. Sa proximit\u00e9 avec la Speicherstadt et l&rsquo;Elbphilharmonie facilite les excursions apr\u00e8s les r\u00e9unions.<\/span><span data-ccp-props=\"{&quot;335559738&quot;:240,&quot;335559739&quot;:240}\">\u00a0<\/span><\/p>\n<p><i><span data-contrast=\"auto\">Autres activit\u00e9s :<\/span><\/i><span data-contrast=\"auto\"> Les participants peuvent faire une croisi\u00e8re en bateau \u00e0 travers le port pittoresque, d\u00e9guster des fruits de mer frais au c\u00e9l\u00e8bre Fischmarkt, explorer la Speicherstadt historique ou admirer la vue panoramique depuis la Plaza de l&rsquo;Elbphilharmonie.<\/span><span data-ccp-props=\"{&quot;335559738&quot;:240,&quot;335559739&quot;:240}\">\u00a0<\/span><\/p>\n\t\t\t\t\t<\/div>\n\t\t\t\t\t\t\t\t\t<\/div>\n\t\t\t\t\t\t\t\t<div class=\"text-center d-lg-none px-8\">\n\t\t\t\t\t<!-- M\u00eame image -->\n\t\t\t\t\t<img decoding=\"async\" src=\"https:\/\/www.myallmeeting.com\/wp-content\/uploads\/2025\/03\/B4C5_H2-633x398.jpg\" width=\"633\" height=\"398\" alt=\"\" loading=\"lazy\">\n\t\t\t\t<\/div>\n\t\t\t\t\t\t\t<\/div>        \n\t\t<\/div>\n\t<\/div>\n<\/div>\n<!-- END OF : Composant : block-periscope-theme-section-composant-34-texte-image-slider.php -->\n\n\n<!-- START OF : Composant : block-periscope-theme-section-composant-34-texte-image-slider.php -->\n<!-- INVERSE -->\n<div class=\"text-image-slider fs-wysiwyg mb-8 mb-lg-12\" data-component=\"34-texte-image-slider\" data-reverse=\"oui\">\n<div class=\"container-fluid\" style=\"--bs-gutter-x: 0\">\n\t\t<div class=\"row\" style=\"--bs-gutter-x: 0\">\n\t\t\t<div class=\"col-lg-6\">\n\t\t\t\t<div class=\"text-image-slider__content mb-7 mb-lg-0\">\n\t\t\t\t\t\t\t\t\t\t<div class=\"fw-semibold lh-xs fs-20 fs-lg-32 ls--25 mb-5\">Autriche : un \u00e9quilibre parfait entre h\u00e9ritage et modernit\u00e9 <\/div>\n\t\t\t\t\t\t\t\t\t\t\t\t\t\t\t<div class=\"fs-wysiwyg\">\n\t\t\t\t\t\t<h3><b><span data-contrast=\"auto\">Vienne \u2013 la grandeur imp\u00e9riale au service des \u00e9v\u00e9nements MICE<\/span><\/b><span data-ccp-props=\"{&quot;335559738&quot;:240,&quot;335559739&quot;:240}\">\u00a0<\/span><\/h3>\n<p><span data-contrast=\"auto\">Vienne, l&rsquo;une des villes de congr\u00e8s les plus prestigieuses d&rsquo;Europe, dispose de lieux d&rsquo;\u00e9v\u00e9nements de classe mondiale et d&rsquo;une excellente connectivit\u00e9 via l&rsquo;a\u00e9roport international de Vienne. Son r\u00e9seau de transports en commun bien int\u00e9gr\u00e9, comprenant m\u00e9tro, tramways et bus, permet un acc\u00e8s rapide et efficace aux principaux quartiers d&rsquo;affaires, centres d&rsquo;exposition et sites culturels.<\/span><span data-ccp-props=\"{&quot;335559738&quot;:240,&quot;335559739&quot;:240}\">\u00a0<\/span><\/p>\n<p><i><span data-contrast=\"auto\">O\u00f9 s\u00e9journer<\/span><\/i><b><span data-contrast=\"auto\"> :<\/span><\/b> <a href=\"https:\/\/myallmeeting.com\/fr\/hotel\/6599-so-vienna\/\" target=\"_blank\" rel=\"noopener\"><b><span data-contrast=\"auto\">SO\/ Vienna<\/span><\/b><\/a><span data-contrast=\"auto\"> propose huit salles de r\u00e9union \u00e9l\u00e9gantes avec vue panoramique sur la ville et un spa luxueux pour une d\u00e9tente apr\u00e8s l&rsquo;\u00e9v\u00e9nement. Le <\/span><a href=\"https:\/\/myallmeeting.com\/fr\/hotel\/8565-novotel-wien-hauptbahnhof\/\" target=\"_blank\" rel=\"noopener\"><b><span data-contrast=\"auto\">Novotel Wien Hauptbahnhof<\/span><\/b><\/a><span data-contrast=\"auto\">, id\u00e9alement situ\u00e9 pr\u00e8s de la gare principale, offre des espaces \u00e9v\u00e9nementiels modulables pouvant accueillir jusqu&rsquo;\u00e0 450 personnes ainsi qu&rsquo;un espace fitness sur le toit avec une vue imprenable sur la ville. Le <\/span><a href=\"https:\/\/myallmeeting.com\/fr\/hotel\/5358-hotel-mercure-wien-westbahnhof\/\" target=\"_blank\" rel=\"noopener\"><b><span data-contrast=\"auto\">Mercure Wien Westbahnhof<\/span><\/b><\/a><span data-contrast=\"auto\"> propose six salles de r\u00e9union bien \u00e9quip\u00e9es dans un emplacement strat\u00e9gique, ainsi qu&rsquo;un restaurant servant une cuisine viennoise moderne.<\/span><span data-ccp-props=\"{&quot;335559738&quot;:240,&quot;335559739&quot;:240}\">\u00a0<\/span><\/p>\n<p><i><span data-contrast=\"auto\">Autres activit\u00e9s :<\/span><\/i><span data-contrast=\"auto\"> Les participants peuvent assister \u00e0 un concert de musique classique au palais de Sch\u00f6nbrunn, profiter d&rsquo;une d\u00e9gustation de vin dans la vall\u00e9e de la Wachau, faire une croisi\u00e8re sur le Danube ou m\u00eame explorer les c\u00e9l\u00e8bres caf\u00e9s historiques de Vienne.<\/span><span data-ccp-props=\"{&quot;335559738&quot;:240,&quot;335559739&quot;:240}\">\u00a0<\/span><\/p>\n<p>&nbsp;<\/p>\n<h3><b><span data-contrast=\"auto\">Salzbourg \u2013 une destination d\u2019affaires pittoresque<\/span><\/b><span data-ccp-props=\"{&quot;335559738&quot;:240,&quot;335559739&quot;:240}\">\u00a0<\/span><\/h3>\n<p><span data-contrast=\"auto\">Salzbourg, ville natale de Mozart, offre un cadre idyllique pour les r\u00e9unions d\u2019entreprise, alliant charme historique et infrastructures modernes. Gr\u00e2ce \u00e0 d&rsquo;excellentes liaisons de transport, notamment l&rsquo;a\u00e9roport de Salzbourg et un r\u00e9seau ferroviaire bien d\u00e9velopp\u00e9, la ville est facilement accessible pour les \u00e9v\u00e9nements internationaux.<\/span><span data-ccp-props=\"{&quot;335559738&quot;:240,&quot;335559739&quot;:240}\">\u00a0<\/span><\/p>\n<p><i><span data-contrast=\"auto\">O\u00f9 s\u00e9journer :<\/span><\/i><span data-contrast=\"auto\"> L\u2019h\u00f4tel <\/span><a href=\"https:\/\/myallmeeting.com\/fr\/hotel\/0984\/\" target=\"_blank\" rel=\"noopener\"><b><span data-contrast=\"auto\">Mercure Salzburg City<\/span><\/b><\/a><span data-contrast=\"auto\"> est un excellent choix, offrant des installations de conf\u00e9rence modernes et des espaces de r\u00e9union flexibles. Son emplacement central, \u00e0 quelques minutes de marche de la vieille ville historique, permet un acc\u00e8s facile aux monuments culturels, restaurants et quartiers commer\u00e7ants, ce qui en fait un lieu id\u00e9al pour les s\u00e9jours d&rsquo;affaires et de loisirs.<\/span><span data-ccp-props=\"{&quot;335559738&quot;:240,&quot;335559739&quot;:240}\">\u00a0<\/span><\/p>\n<p><i><span data-contrast=\"auto\">Autres activit\u00e9s :<\/span><\/i><span data-contrast=\"auto\"> Les participants peuvent visiter la forteresse de Hohensalzburg pour avoir une vue imprenable sur la ville, suivre une visite guid\u00e9e retra\u00e7ant <\/span><i><span data-contrast=\"auto\">The Sound of Music<\/span><\/i><span data-contrast=\"auto\"> ou partir en excursion alpine dans la r\u00e9gion voisine du Salzkammergut, r\u00e9put\u00e9e pour ses lacs et montagnes spectaculaires.<\/span><span data-ccp-props=\"{&quot;335559738&quot;:240,&quot;335559739&quot;:240}\">\u00a0<\/span><\/p>\n\t\t\t\t\t<\/div>\n\t\t\t\t\t\t\t\t\t<\/div>\n\t\t\t\t\t\t\t\t<div class=\"text-center d-lg-none px-8\">\n\t\t\t\t\t<!-- M\u00eame image -->\n\t\t\t\t\t<img decoding=\"async\" src=\"https:\/\/www.myallmeeting.com\/wp-content\/uploads\/2025\/03\/6599_de_00_p_2048x1536-633x398.jpg\" width=\"633\" height=\"398\" alt=\"aerial view\" loading=\"lazy\">\n\t\t\t\t<\/div>\n\t\t\t\t\t\t\t<\/div>        \n\t\t\t<div class=\"col-lg-6 order-first order-lg-last\">\n\t\t\t\t<div class=\"text-image-slider__slider mb-7 mb-lg-12\">\n\t\t\t\t\t\t\t\t\t\t<div class=\"splide\">\n\t\t\t\t\t\t<div class=\"splide__track\">\n\t\t\t\t\t\t\t<div class=\"splide__list\">\n\t\t\t\t\t\t\t\t\t\t\t\t\t\t\t\t<div class=\"splide__slide\">\n\t\t\t\t\t\t\t\t\t<img decoding=\"async\" src=\"https:\/\/www.myallmeeting.com\/wp-content\/uploads\/2025\/03\/6599_H1-953x600.jpg\" width=\"953\" height=\"600\" alt=\"\" loading=\"lazy\">\n\t\t\t\t\t\t\t\t<\/div>\n\t\t\t\t\t\t\t\t\t\t\t\t\t\t\t\t\t\t\t\t\t\t\t\t\t<div class=\"splide__slide\">\n\t\t\t\t\t\t\t\t\t<img decoding=\"async\" src=\"https:\/\/www.myallmeeting.com\/wp-content\/uploads\/2025\/03\/6599_S1-953x600.jpg\" width=\"953\" height=\"600\" alt=\"\" loading=\"lazy\">\n\t\t\t\t\t\t\t\t<\/div>\n\t\t\t\t\t\t\t\t\t\t\t\t\t\t\t\t\t\t\t\t\t\t\t\t\t<div class=\"splide__slide\">\n\t\t\t\t\t\t\t\t\t<img decoding=\"async\" src=\"https:\/\/www.myallmeeting.com\/wp-content\/uploads\/2025\/03\/8565_S3-953x600.jpg\" width=\"953\" height=\"600\" alt=\"\" loading=\"lazy\">\n\t\t\t\t\t\t\t\t<\/div>\n\t\t\t\t\t\t\t\t\t\t\t\t\t\t\t\t\t\t\t\t\t\t\t\t\t<div class=\"splide__slide\">\n\t\t\t\t\t\t\t\t\t<img decoding=\"async\" src=\"https:\/\/www.myallmeeting.com\/wp-content\/uploads\/2025\/03\/5358_B1-953x600.jpg\" width=\"953\" height=\"600\" alt=\"\" loading=\"lazy\">\n\t\t\t\t\t\t\t\t<\/div>\n\t\t\t\t\t\t\t\t\t\t\t\t\t\t\t\t\t\t\t\t\t\t\t\t\t<div class=\"splide__slide\">\n\t\t\t\t\t\t\t\t\t<img decoding=\"async\" src=\"https:\/\/www.myallmeeting.com\/wp-content\/uploads\/2025\/03\/0984_H1-953x600.jpg\" width=\"953\" height=\"600\" alt=\"\" loading=\"lazy\">\n\t\t\t\t\t\t\t\t<\/div>\n\t\t\t\t\t\t\t\t\t\t\t\t\t\t\t\t\t\t\t\t\t\t\t\t<\/div>\n\t\t\t\t\t\t<\/div>\n\t\t\t\t\t\t<div class=\"splide__arrows d-none d-lg-block\">\n\t\t\t\t\t\t\t<button class=\"splide__arrow splide__arrow--prev px-lg-3 py-lg-4 px-xl-4 py-xl-5 px-xxl-5 py-xxl-7 position-absolute l-0 bg-white border-0\">\n\t\t\t\t\t\t\t\t<svg width=\"14\" height=\"27\" aria-hidden=\"true\">\n\t\t\t\t\t\t\t\t\t<use xlink:href=\"https:\/\/www.myallmeeting.com\/wp-content\/themes\/accor\/assets\/images\/sprite.svg#slider-prev\"><\/use>\n\t\t\t\t\t\t\t\t<\/svg>\n\t\t\t\t\t\t\t<\/button>\n\t\t\t\t\t\t\t<button class=\"splide__arrow splide__arrow--next px-lg-3 py-lg-4 px-xl-4 py-xl-5 px-xxl-5 py-xxl-7 position-absolute r-0 bg-white border-0\">\n\t\t\t\t\t\t\t\t<svg width=\"14\" height=\"27\" aria-hidden=\"true\">\n\t\t\t\t\t\t\t\t\t<use xlink:href=\"https:\/\/www.myallmeeting.com\/wp-content\/themes\/accor\/assets\/images\/sprite.svg#slider-prev\"><\/use>\n\t\t\t\t\t\t\t\t<\/svg>\n\t\t\t\t\t\t\t<\/button>\n\t\t\t\t\t\t<\/div>\n\t\t\t\t\t<\/div>\n\t\t\t\t\t\t\t\t\t<\/div>\n\t\t\t\t\t\t\t\t\t<div class=\"text-image-slider__content d-none d-lg-block\">\n\t\t\t\t\t<!-- M\u00eame image -->\n\t\t\t\t\t<img decoding=\"async\" src=\"https:\/\/www.myallmeeting.com\/wp-content\/uploads\/2025\/03\/6599_de_00_p_2048x1536-633x398.jpg\" width=\"633\" height=\"398\" alt=\"\" loading=\"lazy\">\n\t\t\t\t<\/div>\n\t\t\t\t\t\t\t<\/div>\n\t\t<\/div>\n\t<\/div>\n<\/div>\n<!-- END OF : Composant : block-periscope-theme-section-composant-34-texte-image-slider.php -->\n\n\n<!-- START OF : Composant : block-periscope-theme-section-composant-33-texte-image.php -->\n<div class=\"text-image fs-wysiwyg mb-8 mb-lg-12\" data-component=\"33-texte-image\">\n\t<div class=\"container-fluid\" style=\"--bs-gutter-x: 0\">\n\t\t<div class=\"row\" style=\"--bs-gutter-x: 0\">\n\t\t\t\t\t\t<div class=\"col-lg-6 mb-7 mb-lg-0\">\n\t\t\t\t<img decoding=\"async\" src=\"https:\/\/www.myallmeeting.com\/wp-content\/uploads\/2025\/03\/5742_sl_02_p_2048x1536-953x600.jpg\" width=\"953\" height=\"600\" alt=\"\" loading=\"lazy\" class=\"w-100\" \/>\n\t\t\t<\/div>\n\t\t\t\t\t\t<div class=\"col-lg-6\">\n\t\t\t\t<div class=\"text-image__content\">\n\t\t\t\t\t\t\t\t\t\t\t\t\t\t\t<div class=\"fs-wysiwyg\">\n\t\t\t\t\t\t<h3><b><span data-contrast=\"auto\">Graz \u2013 la capitale cr\u00e9ative de l\u2019autriche<\/span><\/b><span data-ccp-props=\"{&quot;335559738&quot;:240,&quot;335559739&quot;:240}\">\u00a0<\/span><\/h3>\n<p><span data-contrast=\"auto\">Graz, ville d\u00e9sign\u00e9e <\/span><i><span data-contrast=\"auto\">UNESCO City of Design<\/span><\/i><span data-contrast=\"auto\">, est une \u00e9toile montante du secteur MICE gr\u00e2ce \u00e0 d\u2019excellentes connexions ferroviaires et a\u00e9riennes. La ville allie harmonieusement son charme historique et sa cr\u00e9ativit\u00e9 avant-gardiste, ce qui en fait une destination id\u00e9ale pour les \u00e9v\u00e9nements d&rsquo;affaires innovants. Sa taille raisonnable garantit un acc\u00e8s facile aux principales salles de r\u00e9union, h\u00f4tels et sites culturels.<\/span><span data-ccp-props=\"{&quot;335559738&quot;:240,&quot;335559739&quot;:240}\">\u00a0<\/span><\/p>\n<p><i><span data-contrast=\"auto\">O\u00f9 s\u00e9journer :<\/span><\/i><span data-contrast=\"auto\"> L\u2019h\u00f4tel <\/span><a href=\"https:\/\/myallmeeting.com\/fr\/hotel\/5742-hotel-mercure-graz-city\/\" target=\"_blank\" rel=\"noopener\"><b><span data-contrast=\"auto\">Mercure Graz City<\/span><\/b><\/a><span data-contrast=\"auto\">, situ\u00e9 dans le quartier branch\u00e9 de Lend, propose des espaces de r\u00e9union \u00e9l\u00e9gants dot\u00e9s d\u2019\u00e9quipements modernes, en faisant un excellent choix pour les rassemblements professionnels. Sa proximit\u00e9 avec le Schlossberg et la rivi\u00e8re Mur permet aux participants de profiter pleinement de la beaut\u00e9 de la ville pendant leur s\u00e9jour.<\/span><span data-ccp-props=\"{&quot;335559738&quot;:240,&quot;335559739&quot;:240}\">\u00a0<\/span><\/p>\n<p><i><span data-contrast=\"auto\">Autres activit\u00e9s :<\/span><\/i><span data-contrast=\"auto\"> Une visite gastronomique guid\u00e9e au march\u00e9 fermier offre aux participants une opportunit\u00e9 de go\u00fbter aux sp\u00e9cialit\u00e9s locales et aux saveurs r\u00e9gionales. Pour une exp\u00e9rience plus immersive, une visite guid\u00e9e du palais d&rsquo;Eggenberg, class\u00e9 au patrimoine mondial de l&rsquo;UNESCO, ou une promenade panoramique \u00e0 travers le Schlossberg offrent une vue imprenable sur la ville.<\/span><span data-ccp-props=\"{&quot;335559738&quot;:240,&quot;335559739&quot;:240}\">\u00a0<\/span><\/p>\n\t\t\t\t\t<\/div>\n\t\t\t\t\t\t\t\t\t<\/div>\n\t\t\t<\/div>        \n\t\t<\/div>\n\t<\/div>\n<\/div>\n<!-- END OF : Composant : block-periscope-theme-section-composant-33-texte-image.php -->\n\n\n<!-- START OF : Composant : block-periscope-theme-section-composant-34-texte-image-slider.php -->\n<!-- INVERSE -->\n<div class=\"text-image-slider fs-wysiwyg mb-8 mb-lg-12\" data-component=\"34-texte-image-slider\" data-reverse=\"oui\">\n<div class=\"container-fluid\" style=\"--bs-gutter-x: 0\">\n\t\t<div class=\"row\" style=\"--bs-gutter-x: 0\">\n\t\t\t<div class=\"col-lg-6\">\n\t\t\t\t<div class=\"text-image-slider__content mb-7 mb-lg-0\">\n\t\t\t\t\t\t\t\t\t\t<div class=\"fw-semibold lh-xs fs-20 fs-lg-32 ls--25 mb-5\">Suisse : sophistication et efficacit\u00e9 <\/div>\n\t\t\t\t\t\t\t\t\t\t\t\t\t\t\t<div class=\"fs-wysiwyg\">\n\t\t\t\t\t\t<h3><b><span data-contrast=\"auto\">Zurich \u2013 la capitale financi\u00e8re<\/span><\/b><span data-ccp-props=\"{&quot;335559738&quot;:240,&quot;335559739&quot;:240}\">\u00a0<\/span><\/h3>\n<p><span data-contrast=\"auto\">Plus grande ville de Suisse, Zurich est une destination MICE de premier choix, offrant une infrastructure de classe mondiale et une connectivit\u00e9 exceptionnelle. L\u2019a\u00e9roport de Zurich propose des vols directs vers de nombreuses m\u00e9tropoles mondiales, tandis que son r\u00e9seau de transports publics efficace permet un acc\u00e8s rapide aux quartiers d\u2019affaires et aux lieux d\u2019\u00e9v\u00e9nements.<\/span><span data-ccp-props=\"{&quot;335559738&quot;:240,&quot;335559739&quot;:240}\">\u00a0<\/span><\/p>\n<p><i><span data-contrast=\"auto\">O\u00f9 s\u00e9journer :<\/span><\/i><span data-contrast=\"auto\"> Le <\/span><a href=\"https:\/\/myallmeeting.com\/fr\/hotel\/2731-novotel-zurich-city-west\/\" target=\"_blank\" rel=\"noopener\"><b><span data-contrast=\"auto\">Novotel Zurich City-West<\/span><\/b><\/a><span data-contrast=\"auto\">, situ\u00e9 pr\u00e8s du Technopark, dispose de neuf salles de r\u00e9union high-tech et d\u2019une piscine pour se d\u00e9tendre apr\u00e8s les conf\u00e9rences. Le <\/span><a href=\"https:\/\/myallmeeting.com\/fr\/hotel\/0884-novotel-zurich-airport-messe\/\" target=\"_blank\" rel=\"noopener\"><b><span data-contrast=\"auto\">Novotel Zurich Airport Messe<\/span><\/b><\/a><span data-contrast=\"auto\">, avec des liaisons directes en tram vers l\u2019a\u00e9roport et le centre-ville, offre des espaces de r\u00e9union modernes et une salle de fitness bien \u00e9quip\u00e9e.<\/span><span data-ccp-props=\"{&quot;335559738&quot;:240,&quot;335559739&quot;:240}\">\u00a0<\/span><\/p>\n<p><i><span data-contrast=\"auto\">Autres activit\u00e9s :<\/span><\/i><span data-contrast=\"auto\"> Les participants peuvent faire une croisi\u00e8re pittoresque sur le lac de Zurich, visiter le mus\u00e9e de la FIFA, explorer la vieille ville historique ou m\u00eame s\u2019amuser dans un escape game immersif.<\/span><span data-ccp-props=\"{&quot;335559738&quot;:240,&quot;335559739&quot;:240}\">\u00a0<\/span><\/p>\n<p>&nbsp;<\/p>\n<h3><b><span data-contrast=\"auto\">Gen\u00e8ve \u2013 le hub diplomatique mondial<\/span><\/b><span data-ccp-props=\"{&quot;335559738&quot;:240,&quot;335559739&quot;:240}\">\u00a0<\/span><\/h3>\n<p><span data-contrast=\"auto\">Ville abritant de nombreuses organisations internationales et sommets majeurs, Gen\u00e8ve est une destination id\u00e9ale pour les \u00e9v\u00e9nements d&rsquo;entreprise de haut niveau. Son a\u00e9roport propose d\u2019excellentes connexions internationales, tandis que son r\u00e9seau de tramways et de bus assure un acc\u00e8s rapide aux principaux sites.<\/span><span data-ccp-props=\"{&quot;335559738&quot;:240,&quot;335559739&quot;:240}\">\u00a0<\/span><\/p>\n<p><i><span data-contrast=\"auto\">O\u00f9 s\u00e9journer :<\/span><\/i><span data-contrast=\"auto\"> Le <\/span><a href=\"https:\/\/myallmeeting.com\/fr\/hotel\/3133-novotel-geneve-centre\/\" target=\"_blank\" rel=\"noopener\"><b><span data-contrast=\"auto\">Novotel Gen\u00e8ve Centre<\/span><\/b><\/a><span data-contrast=\"auto\"> propose cinq salles de r\u00e9union polyvalentes, un espace bien-\u00eatre et un acc\u00e8s facile au lac L\u00e9man. Son emplacement proche de la gare Cornavin garantit des d\u00e9placements fluides vers d\u2019autres villes suisses.<\/span><span data-ccp-props=\"{&quot;335559738&quot;:240,&quot;335559739&quot;:240}\">\u00a0<\/span><\/p>\n<p><i><span data-contrast=\"auto\">Autres activit\u00e9s :<\/span><\/i><span data-contrast=\"auto\"> Les participants peuvent visiter le si\u00e8ge des Nations Unies, savourer un d\u00eener gastronomique au bord du lac, explorer la vieille ville historique de Gen\u00e8ve ou faire une croisi\u00e8re panoramique sur le lac L\u00e9man.<\/span><span data-ccp-props=\"{&quot;335559738&quot;:240,&quot;335559739&quot;:240}\">\u00a0<\/span><\/p>\n\t\t\t\t\t<\/div>\n\t\t\t\t\t\t\t\t\t<\/div>\n\t\t\t\t\t\t\t\t<div class=\"text-center d-lg-none px-8\">\n\t\t\t\t\t<!-- M\u00eame image -->\n\t\t\t\t\t<img decoding=\"async\" src=\"https:\/\/www.myallmeeting.com\/wp-content\/uploads\/2025\/03\/0530_H1-633x398.jpg\" width=\"633\" height=\"398\" alt=\"\" loading=\"lazy\">\n\t\t\t\t<\/div>\n\t\t\t\t\t\t\t<\/div>        \n\t\t\t<div class=\"col-lg-6 order-first order-lg-last\">\n\t\t\t\t<div class=\"text-image-slider__slider mb-7 mb-lg-12\">\n\t\t\t\t\t\t\t\t\t\t<div class=\"splide\">\n\t\t\t\t\t\t<div class=\"splide__track\">\n\t\t\t\t\t\t\t<div class=\"splide__list\">\n\t\t\t\t\t\t\t\t\t\t\t\t\t\t\t\t<div class=\"splide__slide\">\n\t\t\t\t\t\t\t\t\t<img decoding=\"async\" src=\"https:\/\/www.myallmeeting.com\/wp-content\/uploads\/2025\/03\/HENRIQ1-953x600.jpg\" width=\"953\" height=\"600\" alt=\"\" loading=\"lazy\">\n\t\t\t\t\t\t\t\t<\/div>\n\t\t\t\t\t\t\t\t\t\t\t\t\t\t\t\t\t\t\t\t\t\t\t\t\t<div class=\"splide__slide\">\n\t\t\t\t\t\t\t\t\t<img decoding=\"async\" src=\"https:\/\/www.myallmeeting.com\/wp-content\/uploads\/2025\/03\/2731_S2-953x600.jpg\" width=\"953\" height=\"600\" alt=\"\" loading=\"lazy\">\n\t\t\t\t\t\t\t\t<\/div>\n\t\t\t\t\t\t\t\t\t\t\t\t\t\t\t\t\t\t\t\t\t\t\t\t\t<div class=\"splide__slide\">\n\t\t\t\t\t\t\t\t\t<img decoding=\"async\" src=\"https:\/\/www.myallmeeting.com\/wp-content\/uploads\/2025\/03\/0884_S1-953x600.jpg\" width=\"953\" height=\"600\" alt=\"\" loading=\"lazy\">\n\t\t\t\t\t\t\t\t<\/div>\n\t\t\t\t\t\t\t\t\t\t\t\t\t\t\t\t\t\t\t\t\t\t\t\t\t<div class=\"splide__slide\">\n\t\t\t\t\t\t\t\t\t<img decoding=\"async\" src=\"https:\/\/www.myallmeeting.com\/wp-content\/uploads\/2025\/03\/DEVAM-1-953x600.jpg\" width=\"953\" height=\"600\" alt=\"\" loading=\"lazy\">\n\t\t\t\t\t\t\t\t<\/div>\n\t\t\t\t\t\t\t\t\t\t\t\t\t\t\t\t\t\t\t\t\t\t\t\t<\/div>\n\t\t\t\t\t\t<\/div>\n\t\t\t\t\t\t<div class=\"splide__arrows d-none d-lg-block\">\n\t\t\t\t\t\t\t<button class=\"splide__arrow splide__arrow--prev px-lg-3 py-lg-4 px-xl-4 py-xl-5 px-xxl-5 py-xxl-7 position-absolute l-0 bg-white border-0\">\n\t\t\t\t\t\t\t\t<svg width=\"14\" height=\"27\" aria-hidden=\"true\">\n\t\t\t\t\t\t\t\t\t<use xlink:href=\"https:\/\/www.myallmeeting.com\/wp-content\/themes\/accor\/assets\/images\/sprite.svg#slider-prev\"><\/use>\n\t\t\t\t\t\t\t\t<\/svg>\n\t\t\t\t\t\t\t<\/button>\n\t\t\t\t\t\t\t<button class=\"splide__arrow splide__arrow--next px-lg-3 py-lg-4 px-xl-4 py-xl-5 px-xxl-5 py-xxl-7 position-absolute r-0 bg-white border-0\">\n\t\t\t\t\t\t\t\t<svg width=\"14\" height=\"27\" aria-hidden=\"true\">\n\t\t\t\t\t\t\t\t\t<use xlink:href=\"https:\/\/www.myallmeeting.com\/wp-content\/themes\/accor\/assets\/images\/sprite.svg#slider-prev\"><\/use>\n\t\t\t\t\t\t\t\t<\/svg>\n\t\t\t\t\t\t\t<\/button>\n\t\t\t\t\t\t<\/div>\n\t\t\t\t\t<\/div>\n\t\t\t\t\t\t\t\t\t<\/div>\n\t\t\t\t\t\t\t\t\t<div class=\"text-image-slider__content d-none d-lg-block\">\n\t\t\t\t\t<!-- M\u00eame image -->\n\t\t\t\t\t<img decoding=\"async\" src=\"https:\/\/www.myallmeeting.com\/wp-content\/uploads\/2025\/03\/0530_H1-633x398.jpg\" width=\"633\" height=\"398\" alt=\"\" loading=\"lazy\">\n\t\t\t\t<\/div>\n\t\t\t\t\t\t\t<\/div>\n\t\t<\/div>\n\t<\/div>\n<\/div>\n<!-- END OF : Composant : block-periscope-theme-section-composant-34-texte-image-slider.php -->\n\n\n<!-- START OF : Composant : block-periscope-theme-section-composant-33-texte-image.php -->\n<div class=\"text-image fs-wysiwyg mb-8 mb-lg-12\" data-component=\"33-texte-image\">\n\t<div class=\"container-fluid\" style=\"--bs-gutter-x: 0\">\n\t\t<div class=\"row\" style=\"--bs-gutter-x: 0\">\n\t\t\t\t\t\t<div class=\"col-lg-6 mb-7 mb-lg-0\">\n\t\t\t\t<img decoding=\"async\" src=\"https:\/\/www.myallmeeting.com\/wp-content\/uploads\/2025\/03\/A5A4_S1-953x600.jpg\" width=\"953\" height=\"600\" alt=\"\" loading=\"lazy\" class=\"w-100\" \/>\n\t\t\t<\/div>\n\t\t\t\t\t\t<div class=\"col-lg-6\">\n\t\t\t\t<div class=\"text-image__content\">\n\t\t\t\t\t\t\t\t\t\t\t\t\t\t\t<div class=\"fs-wysiwyg\">\n\t\t\t\t\t\t<h3><b><span data-contrast=\"auto\">Montreux \u2013 la destination incentive ultime<\/span><\/b><span data-ccp-props=\"{&quot;335559738&quot;:240,&quot;335559739&quot;:240}\">\u00a0<\/span><\/h3>\n<p><span data-contrast=\"auto\">Nich\u00e9e entre le lac L\u00e9man et les Alpes, Montreux est un cadre exceptionnel pour des retraites d\u2019entreprise. Reli\u00e9e par train \u00e0 l\u2019a\u00e9roport de Gen\u00e8ve, elle offre un \u00e9quilibre entre affaires et loisirs.<\/span><span data-ccp-props=\"{&quot;335559738&quot;:240,&quot;335559739&quot;:240}\">\u00a0<\/span><\/p>\n<p><i><span data-contrast=\"auto\">O\u00f9 s\u00e9journer :<\/span><\/i><span data-contrast=\"auto\"> Le <\/span><a href=\"https:\/\/myallmeeting.com\/fr\/hotel\/a5a4-fairmont-le-montreux-palace\/\" target=\"_blank\" rel=\"noopener\"><b><span data-contrast=\"auto\">Fairmont Le Montreux Palace<\/span><\/b><\/a><span data-contrast=\"auto\">, un joyau de la Belle \u00c9poque, dispose de 20 salles de r\u00e9union raffin\u00e9es et d\u2019un spa luxueux, cr\u00e9ant un cadre \u00e9l\u00e9gant pour les rassemblements ex\u00e9cutifs. Cet h\u00f4tel propose \u00e9galement des terrasses avec vue imprenable sur le lac, parfaites pour des \u00e9v\u00e9nements de r\u00e9seautage exclusifs et des r\u00e9ceptions priv\u00e9es.<\/span><span data-ccp-props=\"{&quot;335559738&quot;:240,&quot;335559739&quot;:240}\">\u00a0<\/span><\/p>\n<p><i><span data-contrast=\"auto\">Autres acitivit\u00e9s :<\/span><\/i><span data-contrast=\"auto\"> Une visite du ch\u00e2teau de Chillon, une excursion en train panoramique vers Glacier 3000, une sortie au Montreux Jazz Festival ou une d\u00e9gustation de vins dans les vignobles de Lavaux offriront aux participants des souvenirs inoubliables.<\/span><\/p>\n\t\t\t\t\t<\/div>\n\t\t\t\t\t\t\t\t\t<\/div>\n\t\t\t<\/div>        \n\t\t<\/div>\n\t<\/div>\n<\/div>\n<!-- END OF : Composant : block-periscope-theme-section-composant-33-texte-image.php -->\n\n\n<div class=\"container fs-wysiwyg mb-5\">\n<p class=\"has-text-align-center\"><strong>Conclusion <\/strong><\/p>\n<\/div>\n\n<div class=\"container fs-wysiwyg mb-5\">\n<p class=\"has-text-align-center\">L&rsquo;Europe centrale offre une multitude d&rsquo;opportunit\u00e9s pour les \u00e9v\u00e9nements MICE, alliant connectivit\u00e9 et cadres inspirants. Que ce soit pour une grande conf\u00e9rence \u00e0 Francfort, un voyage d\u2019\u00e9quipe \u00e0 Montreux ou une r\u00e9union de direction exclusive \u00e0 Vienne, le portefeuille h\u00f4telier diversifi\u00e9 d&rsquo;Accor garantit un cadre adapt\u00e9 pour chaque \u00e9v\u00e9nement. En choisissant l&rsquo;une de ces destinations dynamiques, les organisateurs de r\u00e9unions cr\u00e9eront des exp\u00e9riences m\u00e9morables et productives, tout en b\u00e9n\u00e9ficiant d\u2019une accessibilit\u00e9 optimale et d\u2019un service h\u00f4telier de classe mondiale. <\/p>\n<\/div>","protected":false},"excerpt":{"rendered":"<p>Pour les organisateurs d&rsquo;\u00e9v\u00e9nements, la connectivit\u00e9 et le dynamisme sont des facteurs cl\u00e9s dans le choix d&rsquo;une destination.<\/p>\n","protected":false},"featured_media":18552679,"menu_order":0,"template":"","periscope_categorie_tax":[],"class_list":["post-18551205","article","type-article","status-publish","has-post-thumbnail","hentry"],"acf":[],"yoast_head":"<title>Destinations MICE tendances et bien connect\u00e9es en Europe Centrale - Accor MyAllMeeting.com<\/title>\n<meta name=\"description\" content=\"D\u00e9couvrez les destinations MICE les plus tendances et connect\u00e9es en Europe Centrale, avec l&#039;Allemagne, l&#039;Autriche et la Suisse.\" \/>\n<meta name=\"robots\" content=\"index, follow, max-snippet:-1, max-image-preview:large, max-video-preview:-1\" \/>\n<link rel=\"canonical\" href=\"https:\/\/www.myallmeeting.com\/fr\/wp-json\/wp\/v2\/article\/18551205\" \/>\n<meta property=\"og:locale\" content=\"fr_FR\" \/>\n<meta property=\"og:type\" content=\"article\" \/>\n<meta property=\"og:title\" content=\"Destinations MICE tendances et bien connect\u00e9es en Europe Centrale - Accor MyAllMeeting.com\" \/>\n<meta property=\"og:description\" content=\"D\u00e9couvrez les destinations MICE les plus tendances et connect\u00e9es en Europe Centrale, avec l&#039;Allemagne, l&#039;Autriche et la Suisse.\" \/>\n<meta property=\"og:url\" content=\"https:\/\/www.myallmeeting.com\/fr\/article\/destinations-mice-tendances-et-bien-connectees-en-europe-centrale\/\" \/>\n<meta property=\"og:site_name\" content=\"Accor MyAllMeeting.com\" \/>\n<meta property=\"article:modified_time\" content=\"2025-07-21T14:24:04+00:00\" \/>\n<meta property=\"og:image\" content=\"https:\/\/www.myallmeeting.com\/wp-content\/uploads\/2025\/03\/MAM-imagery-1920-x-570-px-Baniere-1.png\" \/>\n\t<meta property=\"og:image:width\" content=\"1920\" \/>\n\t<meta property=\"og:image:height\" content=\"570\" \/>\n\t<meta property=\"og:image:type\" content=\"image\/png\" \/>\n<meta name=\"twitter:card\" content=\"summary_large_image\" \/>\n<meta name=\"twitter:label1\" content=\"Dur\u00e9e de lecture estim\u00e9e\" \/>\n\t<meta name=\"twitter:data1\" content=\"16 minutes\" \/>\n<script type=\"application\/ld+json\" class=\"yoast-schema-graph\">{\"@context\":\"https:\/\/schema.org\",\"@graph\":[{\"@type\":\"WebPage\",\"@id\":\"https:\/\/www.myallmeeting.com\/fr\/article\/destinations-mice-tendances-et-bien-connectees-en-europe-centrale\/\",\"url\":\"https:\/\/www.myallmeeting.com\/fr\/article\/destinations-mice-tendances-et-bien-connectees-en-europe-centrale\/\",\"name\":\"Destinations MICE tendances et bien connect\u00e9es en Europe Centrale - Accor MyAllMeeting.com\",\"isPartOf\":{\"@id\":\"https:\/\/www.myallmeeting.com\/fr\/#website\"},\"primaryImageOfPage\":{\"@id\":\"https:\/\/www.myallmeeting.com\/fr\/article\/destinations-mice-tendances-et-bien-connectees-en-europe-centrale\/#primaryimage\"},\"image\":{\"@id\":\"https:\/\/www.myallmeeting.com\/fr\/article\/destinations-mice-tendances-et-bien-connectees-en-europe-centrale\/#primaryimage\"},\"thumbnailUrl\":\"https:\/\/www.myallmeeting.com\/wp-content\/uploads\/2025\/03\/MAM-imagery-1920-x-570-px-Baniere-1.png\",\"datePublished\":\"2025-03-06T21:56:49+00:00\",\"dateModified\":\"2025-07-21T14:24:04+00:00\",\"description\":\"D\u00e9couvrez les destinations MICE les plus tendances et connect\u00e9es en Europe Centrale, avec l'Allemagne, l'Autriche et la Suisse.\",\"breadcrumb\":{\"@id\":\"https:\/\/www.myallmeeting.com\/fr\/article\/destinations-mice-tendances-et-bien-connectees-en-europe-centrale\/#breadcrumb\"},\"inLanguage\":\"fr-FR\",\"potentialAction\":[{\"@type\":\"ReadAction\",\"target\":[\"https:\/\/www.myallmeeting.com\/fr\/article\/destinations-mice-tendances-et-bien-connectees-en-europe-centrale\/\"]}]},{\"@type\":\"ImageObject\",\"inLanguage\":\"fr-FR\",\"@id\":\"https:\/\/www.myallmeeting.com\/fr\/article\/destinations-mice-tendances-et-bien-connectees-en-europe-centrale\/#primaryimage\",\"url\":\"https:\/\/www.myallmeeting.com\/wp-content\/uploads\/2025\/03\/MAM-imagery-1920-x-570-px-Baniere-1.png\",\"contentUrl\":\"https:\/\/www.myallmeeting.com\/wp-content\/uploads\/2025\/03\/MAM-imagery-1920-x-570-px-Baniere-1.png\",\"width\":1920,\"height\":570,\"caption\":\"montreux lake hotel\"},{\"@type\":\"BreadcrumbList\",\"@id\":\"https:\/\/www.myallmeeting.com\/fr\/article\/destinations-mice-tendances-et-bien-connectees-en-europe-centrale\/#breadcrumb\",\"itemListElement\":[{\"@type\":\"ListItem\",\"position\":1,\"name\":\"Accueil\",\"item\":\"https:\/\/myallmeeting.com\/fr\/\"},{\"@type\":\"ListItem\",\"position\":2,\"name\":\"Actualit\u00e9s\",\"item\":\"https:\/\/www.myallmeeting.com\/fr\/actualite\/\"},{\"@type\":\"ListItem\",\"position\":3,\"name\":\"Destinations MICE tendances et bien connect\u00e9es en Europe Centrale\"}]},{\"@type\":\"WebSite\",\"@id\":\"https:\/\/www.myallmeeting.com\/fr\/#website\",\"url\":\"https:\/\/www.myallmeeting.com\/fr\/\",\"name\":\"Accor MyAllMeeting.com\",\"description\":\"Les Meilleurs lieux pour vos Ev\u00e9nements Professionnels\",\"publisher\":{\"@id\":\"https:\/\/www.myallmeeting.com\/fr\/#organization\"},\"potentialAction\":[{\"@type\":\"SearchAction\",\"target\":{\"@type\":\"EntryPoint\",\"urlTemplate\":\"https:\/\/www.myallmeeting.com\/fr\/?s={search_term_string}\"},\"query-input\":{\"@type\":\"PropertyValueSpecification\",\"valueRequired\":true,\"valueName\":\"search_term_string\"}}],\"inLanguage\":\"fr-FR\"},{\"@type\":\"Organization\",\"@id\":\"https:\/\/www.myallmeeting.com\/fr\/#organization\",\"name\":\"ACCOR\",\"url\":\"https:\/\/www.myallmeeting.com\/fr\/\",\"logo\":{\"@type\":\"ImageObject\",\"inLanguage\":\"fr-FR\",\"@id\":\"https:\/\/www.myallmeeting.com\/fr\/#\/schema\/logo\/image\/\",\"url\":\"\",\"contentUrl\":\"\",\"caption\":\"ACCOR\"},\"image\":{\"@id\":\"https:\/\/www.myallmeeting.com\/fr\/#\/schema\/logo\/image\/\"}}]}<\/script>","yoast_head_json":{"title":"Destinations MICE tendances et bien connect\u00e9es en Europe Centrale - Accor MyAllMeeting.com","description":"D\u00e9couvrez les destinations MICE les plus tendances et connect\u00e9es en Europe Centrale, avec l'Allemagne, l'Autriche et la Suisse.","robots":{"index":"index","follow":"follow","max-snippet":"max-snippet:-1","max-image-preview":"max-image-preview:large","max-video-preview":"max-video-preview:-1"},"canonical":"https:\/\/www.myallmeeting.com\/fr\/wp-json\/wp\/v2\/article\/18551205","og_locale":"fr_FR","og_type":"article","og_title":"Destinations MICE tendances et bien connect\u00e9es en Europe Centrale - Accor MyAllMeeting.com","og_description":"D\u00e9couvrez les destinations MICE les plus tendances et connect\u00e9es en Europe Centrale, avec l'Allemagne, l'Autriche et la Suisse.","og_url":"https:\/\/www.myallmeeting.com\/fr\/article\/destinations-mice-tendances-et-bien-connectees-en-europe-centrale\/","og_site_name":"Accor MyAllMeeting.com","article_modified_time":"2025-07-21T14:24:04+00:00","og_image":[{"width":1920,"height":570,"url":"https:\/\/www.myallmeeting.com\/wp-content\/uploads\/2025\/03\/MAM-imagery-1920-x-570-px-Baniere-1.png","type":"image\/png"}],"twitter_card":"summary_large_image","twitter_misc":{"Dur\u00e9e de lecture estim\u00e9e":"16 minutes"},"schema":{"@context":"https:\/\/schema.org","@graph":[{"@type":"WebPage","@id":"https:\/\/www.myallmeeting.com\/fr\/article\/destinations-mice-tendances-et-bien-connectees-en-europe-centrale\/","url":"https:\/\/www.myallmeeting.com\/fr\/article\/destinations-mice-tendances-et-bien-connectees-en-europe-centrale\/","name":"Destinations MICE tendances et bien connect\u00e9es en Europe Centrale - Accor MyAllMeeting.com","isPartOf":{"@id":"https:\/\/www.myallmeeting.com\/fr\/#website"},"primaryImageOfPage":{"@id":"https:\/\/www.myallmeeting.com\/fr\/article\/destinations-mice-tendances-et-bien-connectees-en-europe-centrale\/#primaryimage"},"image":{"@id":"https:\/\/www.myallmeeting.com\/fr\/article\/destinations-mice-tendances-et-bien-connectees-en-europe-centrale\/#primaryimage"},"thumbnailUrl":"https:\/\/www.myallmeeting.com\/wp-content\/uploads\/2025\/03\/MAM-imagery-1920-x-570-px-Baniere-1.png","datePublished":"2025-03-06T21:56:49+00:00","dateModified":"2025-07-21T14:24:04+00:00","description":"D\u00e9couvrez les destinations MICE les plus tendances et connect\u00e9es en Europe Centrale, avec l'Allemagne, l'Autriche et la Suisse.","breadcrumb":{"@id":"https:\/\/www.myallmeeting.com\/fr\/article\/destinations-mice-tendances-et-bien-connectees-en-europe-centrale\/#breadcrumb"},"inLanguage":"fr-FR","potentialAction":[{"@type":"ReadAction","target":["https:\/\/www.myallmeeting.com\/fr\/article\/destinations-mice-tendances-et-bien-connectees-en-europe-centrale\/"]}]},{"@type":"ImageObject","inLanguage":"fr-FR","@id":"https:\/\/www.myallmeeting.com\/fr\/article\/destinations-mice-tendances-et-bien-connectees-en-europe-centrale\/#primaryimage","url":"https:\/\/www.myallmeeting.com\/wp-content\/uploads\/2025\/03\/MAM-imagery-1920-x-570-px-Baniere-1.png","contentUrl":"https:\/\/www.myallmeeting.com\/wp-content\/uploads\/2025\/03\/MAM-imagery-1920-x-570-px-Baniere-1.png","width":1920,"height":570,"caption":"montreux lake hotel"},{"@type":"BreadcrumbList","@id":"https:\/\/www.myallmeeting.com\/fr\/article\/destinations-mice-tendances-et-bien-connectees-en-europe-centrale\/#breadcrumb","itemListElement":[{"@type":"ListItem","position":1,"name":"Accueil","item":"https:\/\/myallmeeting.com\/fr\/"},{"@type":"ListItem","position":2,"name":"Actualit\u00e9s","item":"https:\/\/www.myallmeeting.com\/fr\/actualite\/"},{"@type":"ListItem","position":3,"name":"Destinations MICE tendances et bien connect\u00e9es en Europe Centrale"}]},{"@type":"WebSite","@id":"https:\/\/www.myallmeeting.com\/fr\/#website","url":"https:\/\/www.myallmeeting.com\/fr\/","name":"Accor MyAllMeeting.com","description":"Les Meilleurs lieux pour vos Ev\u00e9nements Professionnels","publisher":{"@id":"https:\/\/www.myallmeeting.com\/fr\/#organization"},"potentialAction":[{"@type":"SearchAction","target":{"@type":"EntryPoint","urlTemplate":"https:\/\/www.myallmeeting.com\/fr\/?s={search_term_string}"},"query-input":{"@type":"PropertyValueSpecification","valueRequired":true,"valueName":"search_term_string"}}],"inLanguage":"fr-FR"},{"@type":"Organization","@id":"https:\/\/www.myallmeeting.com\/fr\/#organization","name":"ACCOR","url":"https:\/\/www.myallmeeting.com\/fr\/","logo":{"@type":"ImageObject","inLanguage":"fr-FR","@id":"https:\/\/www.myallmeeting.com\/fr\/#\/schema\/logo\/image\/","url":"","contentUrl":"","caption":"ACCOR"},"image":{"@id":"https:\/\/www.myallmeeting.com\/fr\/#\/schema\/logo\/image\/"}}]}},"_links":{"self":[{"href":"https:\/\/www.myallmeeting.com\/fr\/wp-json\/wp\/v2\/article\/18551205","targetHints":{"allow":["GET"]}}],"collection":[{"href":"https:\/\/www.myallmeeting.com\/fr\/wp-json\/wp\/v2\/article"}],"about":[{"href":"https:\/\/www.myallmeeting.com\/fr\/wp-json\/wp\/v2\/types\/article"}],"wp:featuredmedia":[{"embeddable":true,"href":"https:\/\/www.myallmeeting.com\/fr\/wp-json\/wp\/v2\/media\/18552679"}],"wp:attachment":[{"href":"https:\/\/www.myallmeeting.com\/fr\/wp-json\/wp\/v2\/media?parent=18551205"}],"wp:term":[{"taxonomy":"periscope_categorie_tax","embeddable":true,"href":"https:\/\/www.myallmeeting.com\/fr\/wp-json\/wp\/v2\/periscope_categorie_tax?post=18551205"}],"curies":[{"name":"wp","href":"https:\/\/api.w.org\/{rel}","templated":true}]}}