{"id":17801332,"date":"2025-03-21T12:48:23","date_gmt":"2025-03-21T11:48:23","guid":{"rendered":"https:\/\/myallmeeting.com\/?post_type=article&#038;p=17801332"},"modified":"2025-03-21T17:28:06","modified_gmt":"2025-03-21T16:28:06","slug":"novotel-ou-swissotel-entre-modernite-et-raffinement-quel-style-choisir-pour-vos-evenements-b2b","status":"publish","type":"article","link":"https:\/\/www.myallmeeting.com\/fr\/article\/novotel-ou-swissotel-entre-modernite-et-raffinement-quel-style-choisir-pour-vos-evenements-b2b\/","title":{"rendered":"Novotel ou Swiss\u00f4tel\u00a0?\u00a0Entre modernit\u00e9 et raffinement, quel style choisir pour vos \u00e9v\u00e9nements B2B\u00a0?"},"content":{"rendered":"<!-- START OF : Composant : block-periscope-theme-section-composant-25-texte-cta-2-images.php -->\n<div class=\"tcta2ia bg-white fs-wysiwyg mb-lg-12\" data-component=\"25-texte-cta-2-images\">\n\t<div class=\"tcta2ia__top\">\n\t\t<div class=\"container-fluid\" style=\"--bs-gutter-x: 0\">\n\t\t\t<div class=\"row\" style=\"--bs-gutter-x: 0\">\n\t\t\t\t<div class=\"col-lg-8\">\n\t\t\t\t\t\t\t\t\t\t<div class=\"bloc-mise-en-avant__top__left\">\n\t\t\t\t\t\t<img decoding=\"async\" src=\"https:\/\/www.myallmeeting.com\/wp-content\/uploads\/2025\/01\/novotel6-1-1268x846.jpeg\" class=\"pe-2 pe-lg-0\" width=\"1268\" height=\"846\" alt=\"Salle de r\u00e9union avec lumi\u00e8re naturelle\" loading=\"lazy\" \/>\n\t\t\t\t\t<\/div>\n\t\t\t\t\t\t\t\t\t\t<div class=\"tcta2ia__bottom d-none d-lg-block pb-12 pt-lg-9 pb-lg-0 pe-lg-10\">\n\t\t\t\t\t\t\t\t\t\t\t\t<h2 class=\"fs-20 fs-lg-32 fw-semibold\">Chez NOVOTEL, l\u2019expertise B2B vous ouvre ses portes.<\/h2>\n\t\t\t\t\t\t\t\t\t\t\t\t\t\t\t\t\t\t<div class=\"fs-wysiwyg\"><p>Le temps de vos collaborateurs est pr\u00e9cieux\u00a0! Voil\u00e0 pourquoi chez Novotel nous mettons l\u2019accent sur le confort et une offre de r\u00e9unions professionnelles adapt\u00e9e \u00e0 vos besoins. Demandez-nous la lune, nos Business Ambassadors sont l\u00e0 pour vous d\u00e9crocher les \u00e9toiles. Des \u00e9quipes d\u00e9di\u00e9es qui veilleront au succ\u00e8s de vos r\u00e9unions professionnelles. Smart meetings* (*r\u00e9unions connect\u00e9es), \u00e9quipements dernier cri, chez Novotel vous avez la garantie d\u2019avoir acc\u00e8s au <strong>meilleur environnement business<\/strong>. Si vous cherchez des sessions de travail productives pour booster vos collaborateurs, vous \u00eates au bon endroit.<\/p>\n<\/div>\n\t\t\t\t\t\t\t\t\t\t\t\t<div class=\"d-flex flex-column flex-lg-row align-items-center gap-5 gap-lg-8 justify-content-between\">\n\t\t\t\t\t\t\t<div class=\"fs-20 fs-lg-26 fw-semibold lh-xs\"><\/div>\n\t\t\t\t\t\t\t\t\t\t\t\t\t<\/div>\n\t\t\t\t\t<\/div>\n\t\t\t\t<\/div>\n\t\t\t\t<div class=\"col-lg-4\">\n\t\t\t\t\t<div class=\"tcta2ia__top__right t-0 r-0 bg-primary text-white pt-4 pb-4 px-2 pt-lg-8 pb-lg-16 px-lg-11 pb-xl-30\">\n\t\t\t\t\t\t\t\t\t\t\t\t\t\t\t\t\t\t<h2 class=\"unna fs-36 fs-lg-51 fs-xl-75 fs-italic fw-normal text-secondary\">Novotel ou Swiss\u00f4tel ?  Entre modernit\u00e9 et raffinement, quel style choisir pour vos \u00e9v\u00e9nements B2B ? <\/h2>\n\t\t\t\t\t\t\t\t\t\t\t\t\t\t\t\t\t\t<h3 class=\"text-white fs-18 fs-lg-20 fs-xl-28 text-original-case\">Que vous cherchiez un cadre moderne et accueillant ou une \u00e9l\u00e9gance intemporelle, les marques Novotel et Swiss\u00f4tel s&#039;imposent comme des r\u00e9f\u00e9rences incontournables pour vos \u00e9v\u00e9nements B2B.<\/h3>\n\t\t\t\t\t\t\t\t\t\t\t\t\t\t\t\t\t\t<div class=\"fs-wysiwyg mb-4 fs-lg-16 fs-xl-20\"><p>Chez <strong>ALL \u2013 Accor Live Limitless<\/strong>, nous mettons tout en \u0153uvre pour organiser des r\u00e9unions d&rsquo;affaires et des s\u00e9minaires sur-mesure. Laissez-vous guider entre nos deux marques milieu de gamme ou premium, pour offrir \u00e0 vos collaborateurs, clients ou partenaires une exp\u00e9rience unique et personnalis\u00e9e de l\u2019hospitalit\u00e9 B2B.<\/p>\n<\/div>\n\t\t\t\t\t\t\t\t\t\t\t\t\t\t\t\t\t\t\t\t\t\t\t\t<p class=\"m-0\"><img decoding=\"async\" src=\"https:\/\/www.myallmeeting.com\/wp-content\/uploads\/2025\/01\/aja_p_6951-98__3by2-633x398.jpeg\" class=\"position-relative l-0\" width=\"633\" height=\"398\" alt=\"Salle de r\u00e9union avec lumi\u00e8re naturelle\" loading=\"lazy\" \/><\/p>\n\t\t\t\t\t\t\t\t\t\t\t<\/div>\n\t\t\t\t<\/div>\n\t\t\t<\/div>\n\t\t<\/div>\n\t<\/div>\n\t<div class=\"tcta2ia__bottom d-lg-none pb-12 py-lg-9 pe-lg-10\">\n\t\t\t\t<div class=\"h2 fs-20 fs-lg-32 fw-semibold\">Chez NOVOTEL, l\u2019expertise B2B vous ouvre ses portes.<\/div>\n\t\t\t\t\t\t<div class=\"fs-wysiwyg\"><p>Le temps de vos collaborateurs est pr\u00e9cieux\u00a0! Voil\u00e0 pourquoi chez Novotel nous mettons l\u2019accent sur le confort et une offre de r\u00e9unions professionnelles adapt\u00e9e \u00e0 vos besoins. Demandez-nous la lune, nos Business Ambassadors sont l\u00e0 pour vous d\u00e9crocher les \u00e9toiles. Des \u00e9quipes d\u00e9di\u00e9es qui veilleront au succ\u00e8s de vos r\u00e9unions professionnelles. Smart meetings* (*r\u00e9unions connect\u00e9es), \u00e9quipements dernier cri, chez Novotel vous avez la garantie d\u2019avoir acc\u00e8s au <strong>meilleur environnement business<\/strong>. Si vous cherchez des sessions de travail productives pour booster vos collaborateurs, vous \u00eates au bon endroit.<\/p>\n<\/div>\n\t\t\t\t<div class=\"d-flex flex-column flex-lg-row align-items-center gap-5 gap-lg-8 justify-content-between\">\n\t\t\t<div class=\"fs-20 fs-lg-26 fw-semibold lh-xs\"><\/div>\n\t\t\t\t\t<\/div>\n\t<\/div>\n<\/div>\n<!-- END OF : Composant : block-periscope-theme-section-composant-25-texte-cta-2-images.php -->\n\n\n<!-- START OF : Composant : block-periscope-theme-section-composant-26-textes-slider-cta.php -->\n<div class=\"t3icta bg-white pb-12 mb-9 fs-wysiwyg\" data-component=\"26-textes-3-images-cta\">\n\t<div class=\"t3icta__top position-relative\">\n\t\t<div class=\"container-fluid\" style=\"--bs-gutter-x: 0\">\n\t\t\t<div class=\"row\" style=\"--bs-gutter-x: 0\">\n\t\t\t\t\t\t\t\t<div class=\"col-lg-6\">\n\t\t\t\t\t<div class=\"t3icta__slider\">\n\t\t\t\t\t\t<div class=\"splide\">\n\t\t\t\t\t\t\t<div class=\"splide__track\">\n\t\t\t\t\t\t\t\t<div class=\"splide__list\">\n\t\t\t\t\t\t\t\t\t\t\t\t\t\t\t\t\t\t\t<div class=\"splide__slide\">\n\t\t\t\t\t\t\t\t\t\t\t<img decoding=\"async\" src=\"https:\/\/www.myallmeeting.com\/wp-content\/uploads\/2025\/01\/aja_p_6753-29__original-953x600.jpeg\" width=\"953\" height=\"600\" alt=\"Salle de r\u00e9union novotel\" loading=\"lazy\" \/>\n\t\t\t\t\t\t\t\t\t\t<\/div>\n\t\t\t\t\t\t\t\t\t\t\t\t\t\t\t\t\t\n\t\t\t\t\t\t\t\t<\/div>\n\t\t\t\t\t\t\t<\/div>\n\t\t\t\t\t\t\t<div class=\"splide__arrows d-none d-lg-block\">\n\t\t\t\t\t\t\t\t<button class=\"splide__arrow splide__arrow--prev px-lg-3 py-lg-4 px-xl-4 py-xl-5 px-xxl-5 py-xxl-7 position-absolute l-0 bg-white border-0\">\n\t\t\t\t\t\t\t\t\t<svg width=\"14\" height=\"27\" aria-hidden=\"true\">\n\t\t\t\t\t\t\t\t\t\t<use xlink:href=\"https:\/\/www.myallmeeting.com\/wp-content\/themes\/accor\/assets\/images\/sprite.svg#slider-prev\"><\/use>\n\t\t\t\t\t\t\t\t\t<\/svg>\n\t\t\t\t\t\t\t\t<\/button>\n\t\t\t\t\t\t\t\t<button class=\"splide__arrow splide__arrow--next px-lg-3 py-lg-4 px-xl-4 py-xl-5 px-xxl-5 py-xxl-7 position-absolute r-0 bg-white border-0\">\n\t\t\t\t\t\t\t\t\t<svg width=\"14\" height=\"27\" aria-hidden=\"true\">\n\t\t\t\t\t\t\t\t\t\t<use xlink:href=\"https:\/\/www.myallmeeting.com\/wp-content\/themes\/accor\/assets\/images\/sprite.svg#slider-prev\"><\/use>\n\t\t\t\t\t\t\t\t\t<\/svg>\n\t\t\t\t\t\t\t\t<\/button>\n\t\t\t\t\t\t\t<\/div>\n\t\t\t\t\t\t<\/div>\n\t\t\t\t\t<\/div>\n\t\t\t\t<\/div>\n\t\t\t\t\t\t\t\t<div class=\"col-lg-6\">\n\t\t\t\t\t<div class=\"t3icta__top_right mb-lg-14 px-2 py-9 px-lg-11 py-lg-0\">\n\t\t\t\t\t\t\t\n\t\t\t\t\t\t<h2 class=\"fs-20 fs-lg-23 fs-xl-27 fs-xxl-30 fw-semibold\">Les atouts de NOVOTEL<\/h2>\n\t\t\t\t\t\t\t\t\t\t\t\t\t\n\t\t\t\t\t\t<div class=\"fs-wysiwyg\">\n\t\t\t\t\t\t\t<p><strong>Nos h\u00f4tels et \u00e9quipements<\/strong><\/p>\n<ul>\n<li><strong>Localisation strat\u00e9gique : <\/strong>centre-ville, proximit\u00e9 des gares et a\u00e9roports.<\/li>\n<li><strong>Salles de r\u00e9union modulables : <\/strong>des espaces adapt\u00e9s, \u00e0 partir de 50 m\u00b2.<\/li>\n<li><strong>Technologie avanc\u00e9e : <\/strong>\u00e9crans LCD, projecteurs et syst\u00e8mes audio haute qualit\u00e9.<\/li>\n<\/ul>\n\t\t\t\t\t\t<\/div>\n\t\t\t\t\t\t\t\t\t\t\t<\/div>\n\t\t\t\t<\/div>\n\t\t\t<\/div>\n\t\t<\/div>\n\t<\/div>\n\t<div class=\"t3icta__bottom bg-beige\">\n\t\t<div class=\"container-fluid\" style=\"--bs-gutter-x: 0\">\n\t\t\t<div class=\"row\" style=\"--bs-gutter-x: 0\">\n\t\t\t\t<div class=\"col-lg-5 offset-lg-1\">\n\t\t\t\t\t<div class=\"t3icta__bottom__left\">\n\t\t\t\t\t\t\t\t\t\t\t\t<img decoding=\"async\" src=\"https:\/\/www.myallmeeting.com\/wp-content\/uploads\/2025\/01\/novotel2-633x398.jpeg\" class=\"w-100 d-lg-none\" width=\"633\" height=\"398\" alt=\"\" loading=\"lazy\" \/> <!-- Ce sont les 2 m\u00eames images : ID 0 -->\n\t\t\t\t\t\t\t\t\t\t\t\t<div class=\"px-2 py-9 px-lg-0 py-lg-0\">\n\t\t\t\t\t\t\t\t\n\t\t\t\t\t\t\t<h2 class=\"fs-20 fs-lg-23 fs-xl-27 fs-xxl-30 fw-semibold\">Nos services<\/h2>\n\t\t\t\t\t\t\t\t\t\t\t\t\t\t\t\n\t\t\t\t\t\t\t<div class=\"fs-wysiwyg mb-lg-15\">\n\t\t\t\t\t\t\t\t<ul>\n<li><strong>Restauration sur-mesure<\/strong> : des assiettes \u00e0 partager ou des menus complets.<\/li>\n<li><strong>Engagement \u00e9co-responsable<\/strong> : r\u00e9duction des plastiques, paperboards en papiers recycl\u00e9s.<\/li>\n<li><strong>Offre d\u00e9tente<\/strong> : social hubs, application Calm pour une relaxation avant vos r\u00e9unions.<\/li>\n<\/ul>\n\t\t\t\t\t\t\t<\/div>\n\t\t\t\t\t\t\t\t\t\t\t\t\t<\/div>\n\t\t\t\t\t\t\t\t\t\t\t\t<div class=\"t3icta__bottom__img1 d-none d-lg-block text-end ms-lg-auto\">\n\t\t\t\t\t\t\t<img decoding=\"async\" src=\"https:\/\/www.myallmeeting.com\/wp-content\/uploads\/2025\/01\/novotel2-633x398.jpeg\" width=\"633\" height=\"398\" alt=\"\" loading=\"lazy\" \/> <!-- Ce sont les 2 m\u00eames images : ID 1 -->\n\t\t\t\t\t\t<\/div>\n\t\t\t\t\t\t\t\t\t\t\t<\/div>\n\t\t\t\t<\/div>\n\t\t\t\t<div class=\"col-lg-5\">\n\t\t\t\t\t<div class=\"ps-lg-10\">\n\t\t\t\t\t\t\t\t\t\t\t\t<img decoding=\"async\" src=\"https:\/\/www.myallmeeting.com\/wp-content\/uploads\/2025\/01\/novotel1-633x398.jpeg\" class=\"t3icta__bottom__img0 position-relative d-none d-lg-block mb-15\" width=\"633\" height=\"398\" alt=\"\" loading=\"lazy\" \/> <!-- Ce sont les 2 m\u00eames images : ID 0 -->\n\t\t\t\t\t\t\t\t\t\t\t\t<div class=\"px-2 px-lg-0 mb-9\">\n\t\t\t\t\t\t\t\t\n\t\t\t\t\t\t\t<h2 class=\"fs-20 fs-lg-23 fs-xl-27 fs-xxl-30 fw-semibold\">Ce que vous ne trouverez nulle part ailleurs<\/h2>\n\t\t\t\t\t\t\t\t\t\t\t\t\t\t\t\t\t\t\t\t\t<div class=\"fs-wysiwyg\">\n\t\t\t\t\t\t\t\t<p><strong>Les Business Ambassadors Novotel<\/strong> s\u2019occupent de tout dans les moindres d\u00e9tails. Un service personnalis\u00e9 tout-en-un qui vous permet de rester concentr\u00e9 sur ce qui compte le plus : le succ\u00e8s et la productivit\u00e9 de votre r\u00e9union d\u2019affaires. \u00b7<\/p>\n\t\t\t\t\t\t\t<\/div>\n\t\t\t\t\t\t\t\t\t\t\t\t\t<\/div>\n\t\t\t\t\t\t\t\t\t\t\t\t<div class=\"t3icta__bottom__img1 d-lg-none mx-auto\">\n\t\t\t\t\t\t\t<img decoding=\"async\" src=\"https:\/\/www.myallmeeting.com\/wp-content\/uploads\/2025\/01\/novotel1-633x398.jpeg\" width=\"633\" height=\"398\" alt=\"\" loading=\"lazy\" \/> <!-- Ce sont les 2 m\u00eames images : ID 1 -->\n\t\t\t\t\t\t<\/div>\n\t\t\t\t\t\t\t\t\t\t\t<\/div>\n\t\t\t\t<\/div>\n\t\t\t<\/div>\n\t\t<\/div>\n\t<\/div>\n\t<\/div>\n<!-- END OF : Composant : block-periscope-theme-section-composant-26-textes-slider-cta.php -->\n\n\n<!-- START OF : Composant : block-periscope-theme-section-composant-26-textes-slider-cta.php -->\n<div class=\"t3icta bg-white pb-12 mb-9 fs-wysiwyg\" data-component=\"26-textes-3-images-cta\">\n\t<div class=\"t3icta__top position-relative\">\n\t\t<div class=\"container-fluid\" style=\"--bs-gutter-x: 0\">\n\t\t\t<div class=\"row\" style=\"--bs-gutter-x: 0\">\n\t\t\t\t\t\t\t\t<div class=\"col-lg-6\">\n\t\t\t\t\t<div class=\"t3icta__slider\">\n\t\t\t\t\t\t<div class=\"splide\">\n\t\t\t\t\t\t\t<div class=\"splide__track\">\n\t\t\t\t\t\t\t\t<div class=\"splide__list\">\n\t\t\t\t\t\t\t\t\t\t\t\t\t\t\t\t\t\t\t<div class=\"splide__slide\">\n\t\t\t\t\t\t\t\t\t\t\t<img decoding=\"async\" src=\"https:\/\/www.myallmeeting.com\/wp-content\/uploads\/2025\/01\/eiffel1-953x600.jpeg\" width=\"953\" height=\"600\" alt=\"\" loading=\"lazy\" \/>\n\t\t\t\t\t\t\t\t\t\t<\/div>\n\t\t\t\t\t\t\t\t\t\t\t\t\t\t\t\t\t\n\t\t\t\t\t\t\t\t<\/div>\n\t\t\t\t\t\t\t<\/div>\n\t\t\t\t\t\t\t<div class=\"splide__arrows d-none d-lg-block\">\n\t\t\t\t\t\t\t\t<button class=\"splide__arrow splide__arrow--prev px-lg-3 py-lg-4 px-xl-4 py-xl-5 px-xxl-5 py-xxl-7 position-absolute l-0 bg-white border-0\">\n\t\t\t\t\t\t\t\t\t<svg width=\"14\" height=\"27\" aria-hidden=\"true\">\n\t\t\t\t\t\t\t\t\t\t<use xlink:href=\"https:\/\/www.myallmeeting.com\/wp-content\/themes\/accor\/assets\/images\/sprite.svg#slider-prev\"><\/use>\n\t\t\t\t\t\t\t\t\t<\/svg>\n\t\t\t\t\t\t\t\t<\/button>\n\t\t\t\t\t\t\t\t<button class=\"splide__arrow splide__arrow--next px-lg-3 py-lg-4 px-xl-4 py-xl-5 px-xxl-5 py-xxl-7 position-absolute r-0 bg-white border-0\">\n\t\t\t\t\t\t\t\t\t<svg width=\"14\" height=\"27\" aria-hidden=\"true\">\n\t\t\t\t\t\t\t\t\t\t<use xlink:href=\"https:\/\/www.myallmeeting.com\/wp-content\/themes\/accor\/assets\/images\/sprite.svg#slider-prev\"><\/use>\n\t\t\t\t\t\t\t\t\t<\/svg>\n\t\t\t\t\t\t\t\t<\/button>\n\t\t\t\t\t\t\t<\/div>\n\t\t\t\t\t\t<\/div>\n\t\t\t\t\t<\/div>\n\t\t\t\t<\/div>\n\t\t\t\t\t\t\t\t<div class=\"col-lg-6\">\n\t\t\t\t\t<div class=\"t3icta__top_right mb-lg-14 px-2 py-9 px-lg-11 py-lg-0\">\n\t\t\t\t\t\t\t\n\t\t\t\t\t\t<h2 class=\"fs-20 fs-lg-23 fs-xl-27 fs-xxl-30 fw-semibold\">D\u00e9couvrez notre flagship au c\u0153ur de PARIS : Novotel Paris Tour Eiffel<\/h2>\n\t\t\t\t\t\t\t\t\t\t\t\t\t\n\t\t\t\t\t\t<div class=\"fs-wysiwyg\">\n\t\t\t\t\t\t\t<p>\u00c0 proximit\u00e9 de la Tour Eiffel et en plein c\u0153ur du quartier dynamique de Beaugrenelle, le <a href=\"https:\/\/myallmeeting.com\/fr\/hotel\/3546-novotel-paris-centre-tour-eiffel\/\" target=\"_blank\" rel=\"noopener\">Novotel Paris Centre Tour Eiffel<\/a> b\u00e9n\u00e9ficie d\u2019un emplacement strat\u00e9gique face \u00e0 la Seine. Id\u00e9al pour vos \u00e9v\u00e9nements professionnels et s\u00e9jours d&rsquo;affaires \u00e0 Paris<\/p>\n\t\t\t\t\t\t<\/div>\n\t\t\t\t\t\t\t\t\t\t\t<\/div>\n\t\t\t\t<\/div>\n\t\t\t<\/div>\n\t\t<\/div>\n\t<\/div>\n\t<div class=\"t3icta__bottom bg-beige\">\n\t\t<div class=\"container-fluid\" style=\"--bs-gutter-x: 0\">\n\t\t\t<div class=\"row\" style=\"--bs-gutter-x: 0\">\n\t\t\t\t<div class=\"col-lg-5 offset-lg-1\">\n\t\t\t\t\t<div class=\"t3icta__bottom__left\">\n\t\t\t\t\t\t\t\t\t\t\t\t<img decoding=\"async\" src=\"https:\/\/www.myallmeeting.com\/wp-content\/uploads\/2025\/01\/eiffel3-633x398.jpeg\" class=\"w-100 d-lg-none\" width=\"633\" height=\"398\" alt=\"\" loading=\"lazy\" \/> <!-- Ce sont les 2 m\u00eames images : ID 0 -->\n\t\t\t\t\t\t\t\t\t\t\t\t<div class=\"px-2 py-9 px-lg-0 py-lg-0\">\n\t\t\t\t\t\t\t\t\t\t\t\t\t\t\t\n\t\t\t\t\t\t\t<div class=\"fs-wysiwyg mb-lg-15\">\n\t\t\t\t\t\t\t\t<ul>\n<li><strong>Des infrastructures pens\u00e9es pour vos r\u00e9unions d\u2019affaires, conventions ou s\u00e9minaires.<br \/>\n<\/strong>Avec ses espaces enti\u00e8rement modulables, un amphith\u00e9\u00e2tre pouvant recevoir jusqu\u2019\u00e0 600 participants, le <strong>Novotel Paris Tour Eiffel<\/strong> est parfait pour accueillir vos collaborateurs, clients ou partenaires dans un environnement stimulant et prestigieux.<\/li>\n<li><strong>Un cadre m\u00ealant d\u00e9tente et performance<br \/>\n<\/strong>Proposez \u00e0 vos \u00e9quipes un environnement de travail unique gr\u00e2ce \u00e0 des espaces lumineux et modernes, mais aussi des moments de bien-\u00eatre : un fitness avec vue sur la Seine et une piscine sous toit ouvrant pour se ressourcer apr\u00e8s une journ\u00e9e de travail intense.<\/li>\n<li><strong>Restauration et convivialit\u00e9<br \/>\n<\/strong>Surprenez vos invit\u00e9s avec une exp\u00e9rience culinaire au Benkay, notre restaurant de gastronomie japonaise o\u00f9 les chefs pr\u00e9parent leurs cr\u00e9ations sous vos yeux au Teppan Yaki.<\/li>\n<li><strong>Accessibilit\u00e9 optimale<br \/>\n<\/strong>L\u2019h\u00f4tel est facile d\u2019acc\u00e8s, que ce soit en voiture gr\u00e2ce \u00e0 notre parking couvert sur site (payant) ou par les transports en commun : m\u00e9tro Charles Michel (ligne 10), m\u00e9tro Bir Hakeim (ligne 6) ou RER C Gare de Javel.<\/li>\n<\/ul>\n\t\t\t\t\t\t\t<\/div>\n\t\t\t\t\t\t\t\t\t\t\t\t\t<\/div>\n\t\t\t\t\t\t\t\t\t\t\t\t<div class=\"t3icta__bottom__img1 d-none d-lg-block text-end ms-lg-auto\">\n\t\t\t\t\t\t\t<img decoding=\"async\" src=\"https:\/\/www.myallmeeting.com\/wp-content\/uploads\/2025\/01\/eiffel3-633x398.jpeg\" width=\"633\" height=\"398\" alt=\"\" loading=\"lazy\" \/> <!-- Ce sont les 2 m\u00eames images : ID 1 -->\n\t\t\t\t\t\t<\/div>\n\t\t\t\t\t\t\t\t\t\t\t<\/div>\n\t\t\t\t<\/div>\n\t\t\t\t<div class=\"col-lg-5\">\n\t\t\t\t\t<div class=\"ps-lg-10\">\n\t\t\t\t\t\t\t\t\t\t\t\t<img decoding=\"async\" src=\"https:\/\/www.myallmeeting.com\/wp-content\/uploads\/2025\/01\/eiffel2-633x398.jpeg\" class=\"t3icta__bottom__img0 position-relative d-none d-lg-block mb-15\" width=\"633\" height=\"398\" alt=\"\" loading=\"lazy\" \/> <!-- Ce sont les 2 m\u00eames images : ID 0 -->\n\t\t\t\t\t\t\t\t\t\t\t\t<div class=\"px-2 px-lg-0 mb-9\">\n\t\t\t\t\t\t\t\t\n\t\t\t\t\t\t\t<h2 class=\"fs-20 fs-lg-23 fs-xl-27 fs-xxl-30 fw-semibold\">Les atouts B2B du Novotel Paris Tour Eiffel<\/h2>\n\t\t\t\t\t\t\t\t\t\t\t\t\t\t\t\t\t\t\t\t\t<div class=\"fs-wysiwyg\">\n\t\t\t\t\t\t\t\t<ul>\n<li><strong>Centre de conf\u00e9rence<\/strong> : 3 000 m\u00b2 pour tout type d&rsquo;\u00e9v\u00e9nement, de 10 \u00e0 600 participants.<\/li>\n<li><strong>Amphith\u00e9\u00e2tre<\/strong> : 600 m\u00b2 pour des pr\u00e9sentations d&rsquo;envergure.<\/li>\n<li><strong>Vue sur la Seine<\/strong> : des espaces repas agr\u00e9ables et inspirants.<\/li>\n<li><strong>R\u00e9unions hybrides<\/strong> : acc\u00e8s \u00e0 la solution ALL CONNECT pour une connectivit\u00e9 optimale.<\/li>\n<\/ul>\n\t\t\t\t\t\t\t<\/div>\n\t\t\t\t\t\t\t\t\t\t\t\t\t<\/div>\n\t\t\t\t\t\t\t\t\t\t\t\t<div class=\"t3icta__bottom__img1 d-lg-none mx-auto\">\n\t\t\t\t\t\t\t<img decoding=\"async\" src=\"https:\/\/www.myallmeeting.com\/wp-content\/uploads\/2025\/01\/eiffel2-633x398.jpeg\" width=\"633\" height=\"398\" alt=\"\" loading=\"lazy\" \/> <!-- Ce sont les 2 m\u00eames images : ID 1 -->\n\t\t\t\t\t\t<\/div>\n\t\t\t\t\t\t\t\t\t\t\t<\/div>\n\t\t\t\t<\/div>\n\t\t\t<\/div>\n\t\t<\/div>\n\t<\/div>\n\t<\/div>\n<!-- END OF : Composant : block-periscope-theme-section-composant-26-textes-slider-cta.php -->\n\n\n<!-- START OF : Composant : block-periscope-theme-section-composant-33-texte-image.php -->\n<!-- INVERSE -->\n<div class=\"text-image fs-wysiwyg mb-8 mb-lg-12\" data-component=\"33-texte-image\" data-reverse=\"oui\">\n\t<div class=\"container-fluid\" style=\"--bs-gutter-x: 0\">\n\t\t<div class=\"row\" style=\"--bs-gutter-x: 0\">\n\t\t\t<div class=\"col-lg-6\">\n\t\t\t\t<div class=\"text-image__content\">\n\t\t\t\t\t\t\t\t\t\t<div class=\"fw-semibold lh-xs fs-20 fs-lg-32 ls--25 mb-5\">Avec Swiss\u00f4tel, vos \u00e9v\u00e9nements B2B atteignent des sommets d&#039;\u00e9l\u00e9gance<\/div>\n\t\t\t\t\t\t\t\t\t\t\t\t\t\t\t<div class=\"fs-wysiwyg\">\n\t\t\t\t\t\t<p>Fid\u00e8le \u00e0 son h\u00e9ritage suisse, Swiss\u00f4tel s\u2019illustre par son raffinement, son attention au bien-\u00eatre et une sophistication ax\u00e9e sur la durabilit\u00e9. Dans le respect des traditions, cette marque offre un environnement de travail moderne, inspir\u00e9 par la nature. Parfait pour vivre des exp\u00e9riences premium, ou la culture et la dimension artistique seront \u00e0 l\u2019honneur.<\/p>\n\t\t\t\t\t<\/div>\n\t\t\t\t\t\t\t\t\t<\/div>\n\t\t\t<\/div>    \n\t\t\t    \n\t\t\t<div class=\"col-lg-6 order-first order-lg-last mb-7 mb-lg-0\">\n\t\t\t\t<img decoding=\"async\" src=\"https:\/\/www.myallmeeting.com\/wp-content\/uploads\/2025\/01\/swissotel1-953x600.jpeg\" width=\"953\" height=\"600\" alt=\"\" loading=\"lazy\" class=\"w-100\" \/>\n\t\t\t<\/div>\n\t\t\t\t\t<\/div>\n\t<\/div>\n<\/div>\n<!-- END OF : Composant : block-periscope-theme-section-composant-33-texte-image.php -->\n\n\n<!-- START OF : Composant : block-periscope-theme-section-composant-26-textes-slider-cta.php -->\n<div class=\"t3icta bg-white pb-12 mb-9 fs-wysiwyg\" data-component=\"26-textes-3-images-cta\">\n\t<div class=\"t3icta__top position-relative\">\n\t\t<div class=\"container-fluid\" style=\"--bs-gutter-x: 0\">\n\t\t\t<div class=\"row\" style=\"--bs-gutter-x: 0\">\n\t\t\t\t\t\t\t\t<div class=\"col-lg-6\">\n\t\t\t\t\t<div class=\"t3icta__slider\">\n\t\t\t\t\t\t<div class=\"splide\">\n\t\t\t\t\t\t\t<div class=\"splide__track\">\n\t\t\t\t\t\t\t\t<div class=\"splide__list\">\n\t\t\t\t\t\t\t\t\t\t\t\t\t\t\t\t\t\t\t<div class=\"splide__slide\">\n\t\t\t\t\t\t\t\t\t\t\t<img decoding=\"async\" src=\"https:\/\/www.myallmeeting.com\/wp-content\/uploads\/2025\/01\/b967_sm_00_p_2048x1536-953x600.jpg\" width=\"953\" height=\"600\" alt=\"\" loading=\"lazy\" \/>\n\t\t\t\t\t\t\t\t\t\t<\/div>\n\t\t\t\t\t\t\t\t\t\t\t\t\t\t\t\t\t\n\t\t\t\t\t\t\t\t<\/div>\n\t\t\t\t\t\t\t<\/div>\n\t\t\t\t\t\t\t<div class=\"splide__arrows d-none d-lg-block\">\n\t\t\t\t\t\t\t\t<button class=\"splide__arrow splide__arrow--prev px-lg-3 py-lg-4 px-xl-4 py-xl-5 px-xxl-5 py-xxl-7 position-absolute l-0 bg-white border-0\">\n\t\t\t\t\t\t\t\t\t<svg width=\"14\" height=\"27\" aria-hidden=\"true\">\n\t\t\t\t\t\t\t\t\t\t<use xlink:href=\"https:\/\/www.myallmeeting.com\/wp-content\/themes\/accor\/assets\/images\/sprite.svg#slider-prev\"><\/use>\n\t\t\t\t\t\t\t\t\t<\/svg>\n\t\t\t\t\t\t\t\t<\/button>\n\t\t\t\t\t\t\t\t<button class=\"splide__arrow splide__arrow--next px-lg-3 py-lg-4 px-xl-4 py-xl-5 px-xxl-5 py-xxl-7 position-absolute r-0 bg-white border-0\">\n\t\t\t\t\t\t\t\t\t<svg width=\"14\" height=\"27\" aria-hidden=\"true\">\n\t\t\t\t\t\t\t\t\t\t<use xlink:href=\"https:\/\/www.myallmeeting.com\/wp-content\/themes\/accor\/assets\/images\/sprite.svg#slider-prev\"><\/use>\n\t\t\t\t\t\t\t\t\t<\/svg>\n\t\t\t\t\t\t\t\t<\/button>\n\t\t\t\t\t\t\t<\/div>\n\t\t\t\t\t\t<\/div>\n\t\t\t\t\t<\/div>\n\t\t\t\t<\/div>\n\t\t\t\t\t\t\t\t<div class=\"col-lg-6\">\n\t\t\t\t\t<div class=\"t3icta__top_right mb-lg-14 px-2 py-9 px-lg-11 py-lg-0\">\n\t\t\t\t\t\t\t\n\t\t\t\t\t\t<h2 class=\"fs-20 fs-lg-23 fs-xl-27 fs-xxl-30 fw-semibold\">Les atouts de SWISS\u00d4TEL<\/h2>\n\t\t\t\t\t\t\t\t\t\t\t\t\t\n\t\t\t\t\t\t<div class=\"fs-wysiwyg\">\n\t\t\t\t\t\t\t<p><strong>Nos h\u00f4tels et \u00e9quipements :<\/strong><\/p>\n<ul>\n<li><strong>Leader en RSE : <\/strong>100 % des h\u00f4tels certifi\u00e9s \u00e9cologiques.<\/li>\n<li><strong>Localisation strat\u00e9gique : <\/strong>centre-ville, proximit\u00e9 des gares et a\u00e9roports.<\/li>\n<li><strong>Salles modulables et lumineuses : <\/strong>des espaces adapt\u00e9s \u00e0 tous types d&rsquo;\u00e9v\u00e9nements.<\/li>\n<\/ul>\n\t\t\t\t\t\t<\/div>\n\t\t\t\t\t\t\t\t\t\t\t<\/div>\n\t\t\t\t<\/div>\n\t\t\t<\/div>\n\t\t<\/div>\n\t<\/div>\n\t<div class=\"t3icta__bottom bg-beige\">\n\t\t<div class=\"container-fluid\" style=\"--bs-gutter-x: 0\">\n\t\t\t<div class=\"row\" style=\"--bs-gutter-x: 0\">\n\t\t\t\t<div class=\"col-lg-5 offset-lg-1\">\n\t\t\t\t\t<div class=\"t3icta__bottom__left\">\n\t\t\t\t\t\t\t\t\t\t\t\t<img decoding=\"async\" src=\"https:\/\/www.myallmeeting.com\/wp-content\/uploads\/2025\/01\/swissotel2-633x398.jpeg\" class=\"w-100 d-lg-none\" width=\"633\" height=\"398\" alt=\"\" loading=\"lazy\" \/> <!-- Ce sont les 2 m\u00eames images : ID 0 -->\n\t\t\t\t\t\t\t\t\t\t\t\t<div class=\"px-2 py-9 px-lg-0 py-lg-0\">\n\t\t\t\t\t\t\t\t\n\t\t\t\t\t\t\t<h2 class=\"fs-20 fs-lg-23 fs-xl-27 fs-xxl-30 fw-semibold\">Nos services :<\/h2>\n\t\t\t\t\t\t\t\t\t\t\t\t\t\t\t\n\t\t\t\t\t\t\t<div class=\"fs-wysiwyg mb-lg-15\">\n\t\t\t\t\t\t\t\t<ul>\n<li><strong>Accueil personnalis\u00e9 : <\/strong>conciergerie et accompagnement sur mesure.<\/li>\n<li><strong>Cuisine vari\u00e9e : <\/strong>du local au gastronomique.<\/li>\n<li><strong>Pause-caf\u00e9 Vitality : <\/strong>des pauses \u00e9nerg\u00e9tiques pour booster la productivit\u00e9.<\/li>\n<\/ul>\n\t\t\t\t\t\t\t<\/div>\n\t\t\t\t\t\t\t\t\t\t\t\t\t<\/div>\n\t\t\t\t\t\t\t\t\t\t\t\t<div class=\"t3icta__bottom__img1 d-none d-lg-block text-end ms-lg-auto\">\n\t\t\t\t\t\t\t<img decoding=\"async\" src=\"https:\/\/www.myallmeeting.com\/wp-content\/uploads\/2025\/01\/swissotel2-633x398.jpeg\" width=\"633\" height=\"398\" alt=\"\" loading=\"lazy\" \/> <!-- Ce sont les 2 m\u00eames images : ID 1 -->\n\t\t\t\t\t\t<\/div>\n\t\t\t\t\t\t\t\t\t\t\t<\/div>\n\t\t\t\t<\/div>\n\t\t\t\t<div class=\"col-lg-5\">\n\t\t\t\t\t<div class=\"ps-lg-10\">\n\t\t\t\t\t\t\t\t\t\t\t\t<img decoding=\"async\" src=\"https:\/\/www.myallmeeting.com\/wp-content\/uploads\/2025\/01\/b4s4_sm_00_p_2048x1536-633x398.jpg\" class=\"t3icta__bottom__img0 position-relative d-none d-lg-block mb-15\" width=\"633\" height=\"398\" alt=\"\" loading=\"lazy\" \/> <!-- Ce sont les 2 m\u00eames images : ID 0 -->\n\t\t\t\t\t\t\t\t\t\t\t\t<div class=\"px-2 px-lg-0 mb-9\">\n\t\t\t\t\t\t\t\t\n\t\t\t\t\t\t\t<h2 class=\"fs-20 fs-lg-23 fs-xl-27 fs-xxl-30 fw-semibold\">Ce que vous ne trouverez nulle part ailleurs :<\/h2>\n\t\t\t\t\t\t\t\t\t\t\t\t\t\t\t\t\t\t\t\t\t<div class=\"fs-wysiwyg\">\n\t\t\t\t\t\t\t\t<ul>\n<li><strong>Des espaces de travail inspir\u00e9s par la nature <\/strong>pour des r\u00e9unions d&rsquo;affaires apaisantes.<\/li>\n<\/ul>\n\t\t\t\t\t\t\t<\/div>\n\t\t\t\t\t\t\t\t\t\t\t\t\t<\/div>\n\t\t\t\t\t\t\t\t\t\t\t\t<div class=\"t3icta__bottom__img1 d-lg-none mx-auto\">\n\t\t\t\t\t\t\t<img decoding=\"async\" src=\"https:\/\/www.myallmeeting.com\/wp-content\/uploads\/2025\/01\/b4s4_sm_00_p_2048x1536-633x398.jpg\" width=\"633\" height=\"398\" alt=\"\" loading=\"lazy\" \/> <!-- Ce sont les 2 m\u00eames images : ID 1 -->\n\t\t\t\t\t\t<\/div>\n\t\t\t\t\t\t\t\t\t\t\t<\/div>\n\t\t\t\t<\/div>\n\t\t\t<\/div>\n\t\t<\/div>\n\t<\/div>\n\t<\/div>\n<!-- END OF : Composant : block-periscope-theme-section-composant-26-textes-slider-cta.php -->\n\n\n<!-- START OF : Composant : block-periscope-theme-section-composant-26-textes-slider-cta.php -->\n<div class=\"t3icta bg-white pb-12 mb-9 fs-wysiwyg\" data-component=\"26-textes-3-images-cta\">\n\t<div class=\"t3icta__top position-relative\">\n\t\t<div class=\"container-fluid\" style=\"--bs-gutter-x: 0\">\n\t\t\t<div class=\"row\" style=\"--bs-gutter-x: 0\">\n\t\t\t\t\t\t\t\t<div class=\"col-lg-6\">\n\t\t\t\t\t<div class=\"t3icta__slider\">\n\t\t\t\t\t\t<div class=\"splide\">\n\t\t\t\t\t\t\t<div class=\"splide__track\">\n\t\t\t\t\t\t\t\t<div class=\"splide__list\">\n\t\t\t\t\t\t\t\t\t\t\t\t\t\t\t\t\t\t\t<div class=\"splide__slide\">\n\t\t\t\t\t\t\t\t\t\t\t<img decoding=\"async\" src=\"https:\/\/www.myallmeeting.com\/wp-content\/uploads\/2025\/01\/aja_p_6017-48__original-953x600.jpeg\" width=\"953\" height=\"600\" alt=\"\" loading=\"lazy\" \/>\n\t\t\t\t\t\t\t\t\t\t<\/div>\n\t\t\t\t\t\t\t\t\t\t\t\t\t\t\t\t\t\n\t\t\t\t\t\t\t\t<\/div>\n\t\t\t\t\t\t\t<\/div>\n\t\t\t\t\t\t\t<div class=\"splide__arrows d-none d-lg-block\">\n\t\t\t\t\t\t\t\t<button class=\"splide__arrow splide__arrow--prev px-lg-3 py-lg-4 px-xl-4 py-xl-5 px-xxl-5 py-xxl-7 position-absolute l-0 bg-white border-0\">\n\t\t\t\t\t\t\t\t\t<svg width=\"14\" height=\"27\" aria-hidden=\"true\">\n\t\t\t\t\t\t\t\t\t\t<use xlink:href=\"https:\/\/www.myallmeeting.com\/wp-content\/themes\/accor\/assets\/images\/sprite.svg#slider-prev\"><\/use>\n\t\t\t\t\t\t\t\t\t<\/svg>\n\t\t\t\t\t\t\t\t<\/button>\n\t\t\t\t\t\t\t\t<button class=\"splide__arrow splide__arrow--next px-lg-3 py-lg-4 px-xl-4 py-xl-5 px-xxl-5 py-xxl-7 position-absolute r-0 bg-white border-0\">\n\t\t\t\t\t\t\t\t\t<svg width=\"14\" height=\"27\" aria-hidden=\"true\">\n\t\t\t\t\t\t\t\t\t\t<use xlink:href=\"https:\/\/www.myallmeeting.com\/wp-content\/themes\/accor\/assets\/images\/sprite.svg#slider-prev\"><\/use>\n\t\t\t\t\t\t\t\t\t<\/svg>\n\t\t\t\t\t\t\t\t<\/button>\n\t\t\t\t\t\t\t<\/div>\n\t\t\t\t\t\t<\/div>\n\t\t\t\t\t<\/div>\n\t\t\t\t<\/div>\n\t\t\t\t\t\t\t\t<div class=\"col-lg-6\">\n\t\t\t\t\t<div class=\"t3icta__top_right mb-lg-14 px-2 py-9 px-lg-11 py-lg-0\">\n\t\t\t\t\t\t\t\n\t\t\t\t\t\t<h2 class=\"fs-20 fs-lg-23 fs-xl-27 fs-xxl-30 fw-semibold\">D\u00e9couvrez notre flagship : Le Swiss\u00f4tel Tallinn<\/h2>\n\t\t\t\t\t\t\t\t\t\t\t\t\t\n\t\t\t\t\t\t<div class=\"fs-wysiwyg\">\n\t\t\t\t\t\t\t<p>Bienvenue au <a href=\"https:\/\/myallmeeting.com\/fr\/hotel\/a5d1-swissotel-tallinn\/\" target=\"_blank\" rel=\"noopener\">Swiss\u00f4tel Tallinn<\/a>, dans la capitale estonienne o\u00f9 le luxe se marie avec une politique \u00e9co-responsable exigeante. Situ\u00e9 dans le plus haut b\u00e2timent de la ville, cet h\u00f4tel offre des vues imprenables et des prestations premium pour des \u00e9v\u00e9nements B2B \u00e0 caract\u00e8re international.<\/p>\n<ul>\n<li><strong>Bienvenue \u00e0 vos conf\u00e9rences XXL.<br \/>\n<\/strong>Avec une superficie de 481 m\u00b2, notre salle de bal peut accueillir jusqu&rsquo;\u00e0 500 personnes. \u00c9quip\u00e9e de <strong>7 cabines de traduction int\u00e9gr\u00e9es<\/strong>, elle offre un avantage d\u00e9cisif pour les grandes conf\u00e9rences internationales.<\/li>\n<li><strong>7 salles de conf\u00e9rence modulables<br \/>\n<\/strong>Nos espaces de r\u00e9union sont dot\u00e9s de cloisons flexibles permettant d&rsquo;adapter la configuration selon vos besoins : cr\u00e9er des espaces plus grands ou diviser les salles pour des ateliers ou des sous-groupes.<\/li>\n<\/ul>\n<ul><\/ul>\n\t\t\t\t\t\t<\/div>\n\t\t\t\t\t\t\t\t\t\t\t<\/div>\n\t\t\t\t<\/div>\n\t\t\t<\/div>\n\t\t<\/div>\n\t<\/div>\n\t<div class=\"t3icta__bottom bg-beige\">\n\t\t<div class=\"container-fluid\" style=\"--bs-gutter-x: 0\">\n\t\t\t<div class=\"row\" style=\"--bs-gutter-x: 0\">\n\t\t\t\t<div class=\"col-lg-5 offset-lg-1\">\n\t\t\t\t\t<div class=\"t3icta__bottom__left\">\n\t\t\t\t\t\t\t\t\t\t\t\t<img decoding=\"async\" src=\"https:\/\/www.myallmeeting.com\/wp-content\/uploads\/2025\/01\/a5d1_ho_02_p_2048x1536-633x398.jpg\" class=\"w-100 d-lg-none\" width=\"633\" height=\"398\" alt=\"\" loading=\"lazy\" \/> <!-- Ce sont les 2 m\u00eames images : ID 0 -->\n\t\t\t\t\t\t\t\t\t\t\t\t<div class=\"px-2 py-9 px-lg-0 py-lg-0\">\n\t\t\t\t\t\t\t\t\t\t\t\t\t\t\t\n\t\t\t\t\t\t\t<div class=\"fs-wysiwyg mb-lg-15\">\n\t\t\t\t\t\t\t\t<ul>\n<li><strong>Un \u00e9tage d\u00e9di\u00e9 \u00e0 vos \u00e9v\u00e9nements les plus sensibles.<br \/>\n<\/strong>Situ\u00e9 en haut de l\u2019h\u00f4tel, notre \u00e9tage conf\u00e9rence est accessible uniquement par ascenseur, garantissant <strong>s\u00e9curit\u00e9 et confidentialit\u00e9<\/strong> pour les d\u00e9l\u00e9gations gouvernementales ou les entreprises sensibles \u00e0 la discr\u00e9tion.<\/li>\n<li><strong>Une terrasse ext\u00e9rieure d\u2019exception.<br \/>\n<\/strong>Au 6\u1d49 \u00e9tage, d\u00e9couvrez la terrasse pour des moments de d\u00e9tente ou des r\u00e9ceptions en plein air. Parfaite pour les cocktails, elle est accessible pendant les beaux jours.<\/li>\n<li><strong>Un foyer \u00e9l\u00e9gant pour vos r\u00e9ceptions<br \/>\n<\/strong>Notre foyer, au design raffin\u00e9, accueillera vos s\u00e9minaires ou r\u00e9ceptions. Sa conception soign\u00e9e minimise le besoin de d\u00e9corations suppl\u00e9mentaires.<\/li>\n<li><strong>Des options de restauration sur-mesure<br \/>\n<\/strong>Notre \u00e9quipe de chefs sp\u00e9cialis\u00e9s en conf\u00e9rences et banquets est <strong>hautement flexible<\/strong>, pr\u00eate \u00e0 cr\u00e9er des menus personnalis\u00e9s en fonction de vos besoins sp\u00e9cifiques. Vous pourrez \u00e9galement savourer la cuisine du Horisont Restaurant &amp; bar \u00e9toil\u00e9 de Michelin.<\/li>\n<\/ul>\n<ul><\/ul>\n\t\t\t\t\t\t\t<\/div>\n\t\t\t\t\t\t\t\t\t\t\t\t\t<\/div>\n\t\t\t\t\t\t\t\t\t\t\t\t<div class=\"t3icta__bottom__img1 d-none d-lg-block text-end ms-lg-auto\">\n\t\t\t\t\t\t\t<img decoding=\"async\" src=\"https:\/\/www.myallmeeting.com\/wp-content\/uploads\/2025\/01\/a5d1_ho_02_p_2048x1536-633x398.jpg\" width=\"633\" height=\"398\" alt=\"\" loading=\"lazy\" \/> <!-- Ce sont les 2 m\u00eames images : ID 1 -->\n\t\t\t\t\t\t<\/div>\n\t\t\t\t\t\t\t\t\t\t\t<\/div>\n\t\t\t\t<\/div>\n\t\t\t\t<div class=\"col-lg-5\">\n\t\t\t\t\t<div class=\"ps-lg-10\">\n\t\t\t\t\t\t\t\t\t\t\t\t<img decoding=\"async\" src=\"https:\/\/www.myallmeeting.com\/wp-content\/uploads\/2025\/01\/a5d1_sm_03_p_2048x1536-633x398.jpg\" class=\"t3icta__bottom__img0 position-relative d-none d-lg-block mb-15\" width=\"633\" height=\"398\" alt=\"\" loading=\"lazy\" \/> <!-- Ce sont les 2 m\u00eames images : ID 0 -->\n\t\t\t\t\t\t\t\t\t\t\t\t<div class=\"px-2 px-lg-0 mb-9\">\n\t\t\t\t\t\t\t\t\n\t\t\t\t\t\t\t<h2 class=\"fs-20 fs-lg-23 fs-xl-27 fs-xxl-30 fw-semibold\">Les atouts B2B du Swiss\u00f4tel Tallin<\/h2>\n\t\t\t\t\t\t\t\t\t\t\t\t\t\t\t\t\t\t\t\t\t<div class=\"fs-wysiwyg\">\n\t\t\t\t\t\t\t\t<ul>\n<li><strong>Salles de conf\u00e9rence modulables<\/strong> : parfaites pour des \u00e9v\u00e9nements sur-mesure.<\/li>\n<li><strong>Confidentialit\u00e9 garantie<\/strong> : \u00e9tage premium et politique d&rsquo;exclusivit\u00e9.<\/li>\n<li><strong>Restauration personnalis\u00e9e<\/strong> : menus adapt\u00e9s \u00e0 vos besoins sp\u00e9cifiques.<\/li>\n<li><strong>Foyer de conf\u00e9rences premium<\/strong> : id\u00e9al pour accueillir vos r\u00e9ceptions.<\/li>\n<\/ul>\n\t\t\t\t\t\t\t<\/div>\n\t\t\t\t\t\t\t\t\t\t\t\t\t<\/div>\n\t\t\t\t\t\t\t\t\t\t\t\t<div class=\"t3icta__bottom__img1 d-lg-none mx-auto\">\n\t\t\t\t\t\t\t<img decoding=\"async\" src=\"https:\/\/www.myallmeeting.com\/wp-content\/uploads\/2025\/01\/a5d1_sm_03_p_2048x1536-633x398.jpg\" width=\"633\" height=\"398\" alt=\"\" loading=\"lazy\" \/> <!-- Ce sont les 2 m\u00eames images : ID 1 -->\n\t\t\t\t\t\t<\/div>\n\t\t\t\t\t\t\t\t\t\t\t<\/div>\n\t\t\t\t<\/div>\n\t\t\t<\/div>\n\t\t<\/div>\n\t<\/div>\n\t<\/div>\n<!-- END OF : Composant : block-periscope-theme-section-composant-26-textes-slider-cta.php -->\n\n\n<!-- START OF : Composant : block-periscope-theme-section-composant-33-texte-image.php -->\n<!-- INVERSE -->\n<div class=\"text-image fs-wysiwyg mb-8 mb-lg-12\" data-component=\"33-texte-image\" data-reverse=\"oui\">\n\t<div class=\"container-fluid\" style=\"--bs-gutter-x: 0\">\n\t\t<div class=\"row\" style=\"--bs-gutter-x: 0\">\n\t\t\t<div class=\"col-lg-6\">\n\t\t\t\t<div class=\"text-image__content\">\n\t\t\t\t\t\t\t\t\t\t\t\t\t\t\t<div class=\"fs-wysiwyg\">\n\t\t\t\t\t\t<p>Avec Novotel et Swiss\u00f4tel, <strong>ALL<\/strong> <strong>\u2013 Accor Live Limitless<\/strong> vous donne le choix pour vos \u00e9v\u00e9nements professionnels entre <strong>modernit\u00e9 et productivit\u00e9<\/strong> d\u2019un c\u00f4t\u00e9 ou <strong>raffinement et bien-\u00eatre <\/strong>de l\u2019autre, chaque marque apporte sa signature unique pour r\u00e9pondre \u00e0 vos besoins B2B. Contactez nos \u00e9quipes pour planifier votre prochain \u00e9v\u00e9nement et vivez avec vos clients, partenaires ou collaborateurs une exp\u00e9rience d&rsquo;hospitalit\u00e9 inoubliable.<\/p>\n\t\t\t\t\t<\/div>\n\t\t\t\t\t\t\t\t\t<\/div>\n\t\t\t<\/div>    \n\t\t\t    \n\t\t\t<div class=\"col-lg-6 order-first order-lg-last mb-7 mb-lg-0\">\n\t\t\t\t<img decoding=\"async\" src=\"https:\/\/www.myallmeeting.com\/wp-content\/uploads\/2025\/01\/aja_p_7139-42__original-953x600.jpeg\" width=\"953\" height=\"600\" alt=\"swiss\u00f4tel\" loading=\"lazy\" class=\"w-100\" \/>\n\t\t\t<\/div>\n\t\t\t\t\t<\/div>\n\t<\/div>\n<\/div>\n<!-- END OF : Composant : block-periscope-theme-section-composant-33-texte-image.php -->\n","protected":false},"excerpt":{"rendered":"<p>Que vous cherchiez un cadre moderne et accueillant ou une \u00e9l\u00e9gance intemporelle, les marques Novotel et Swiss\u00f4tel s&rsquo;imposent comme des r\u00e9f\u00e9rences incontournables pour vos \u00e9v\u00e9nements B2B.<\/p>\n","protected":false},"featured_media":17835151,"menu_order":0,"template":"","periscope_categorie_tax":[],"class_list":["post-17801332","article","type-article","status-publish","has-post-thumbnail","hentry"],"acf":[],"yoast_head":"<title>Novotel ou Swiss\u00f4tel\u00a0?\u00a0Entre modernit\u00e9 et raffinement, quel style choisir pour vos \u00e9v\u00e9nements B2B\u00a0? - Accor MyAllMeeting.com<\/title>\n<meta name=\"description\" content=\"D\u00e9couvrez les marques Novotel et Swiss\u00f4tel pour l&#039;organisation d&#039;\u00e9v\u00e8nements professionnels de la simple r\u00e9union aux conventions\" \/>\n<meta name=\"robots\" content=\"index, follow, max-snippet:-1, max-image-preview:large, max-video-preview:-1\" \/>\n<link rel=\"canonical\" href=\"https:\/\/www.myallmeeting.com\/fr\/wp-json\/wp\/v2\/article\/17801332\" \/>\n<meta property=\"og:locale\" content=\"fr_FR\" \/>\n<meta property=\"og:type\" content=\"article\" \/>\n<meta property=\"og:title\" content=\"Novotel ou Swiss\u00f4tel\u00a0?\u00a0Entre modernit\u00e9 et raffinement, quel style choisir pour vos \u00e9v\u00e9nements B2B\u00a0? - Accor MyAllMeeting.com\" \/>\n<meta property=\"og:description\" content=\"D\u00e9couvrez les marques Novotel et Swiss\u00f4tel pour l&#039;organisation d&#039;\u00e9v\u00e8nements professionnels de la simple r\u00e9union aux conventions\" \/>\n<meta property=\"og:url\" content=\"https:\/\/www.myallmeeting.com\/fr\/article\/novotel-ou-swissotel-entre-modernite-et-raffinement-quel-style-choisir-pour-vos-evenements-b2b\/\" \/>\n<meta property=\"og:site_name\" content=\"Accor MyAllMeeting.com\" \/>\n<meta property=\"article:modified_time\" content=\"2025-03-21T16:28:06+00:00\" \/>\n<meta property=\"og:image\" content=\"https:\/\/www.myallmeeting.com\/wp-content\/uploads\/2025\/01\/MAM-baner-1920x570-2025-01-10T164627.151-1024x304.png\" \/>\n\t<meta property=\"og:image:width\" content=\"1024\" \/>\n\t<meta property=\"og:image:height\" content=\"304\" \/>\n\t<meta property=\"og:image:type\" content=\"image\/png\" \/>\n<meta name=\"twitter:card\" content=\"summary_large_image\" \/>\n<meta name=\"twitter:label1\" content=\"Dur\u00e9e de lecture estim\u00e9e\" \/>\n\t<meta name=\"twitter:data1\" content=\"10 minutes\" \/>\n<script type=\"application\/ld+json\" class=\"yoast-schema-graph\">{\"@context\":\"https:\/\/schema.org\",\"@graph\":[{\"@type\":\"WebPage\",\"@id\":\"https:\/\/www.myallmeeting.com\/fr\/article\/novotel-ou-swissotel-entre-modernite-et-raffinement-quel-style-choisir-pour-vos-evenements-b2b\/\",\"url\":\"https:\/\/www.myallmeeting.com\/fr\/article\/novotel-ou-swissotel-entre-modernite-et-raffinement-quel-style-choisir-pour-vos-evenements-b2b\/\",\"name\":\"Novotel ou Swiss\u00f4tel\u00a0?\u00a0Entre modernit\u00e9 et raffinement, quel style choisir pour vos \u00e9v\u00e9nements B2B\u00a0? - Accor MyAllMeeting.com\",\"isPartOf\":{\"@id\":\"https:\/\/www.myallmeeting.com\/fr\/#website\"},\"primaryImageOfPage\":{\"@id\":\"https:\/\/www.myallmeeting.com\/fr\/article\/novotel-ou-swissotel-entre-modernite-et-raffinement-quel-style-choisir-pour-vos-evenements-b2b\/#primaryimage\"},\"image\":{\"@id\":\"https:\/\/www.myallmeeting.com\/fr\/article\/novotel-ou-swissotel-entre-modernite-et-raffinement-quel-style-choisir-pour-vos-evenements-b2b\/#primaryimage\"},\"thumbnailUrl\":\"https:\/\/www.myallmeeting.com\/wp-content\/uploads\/2025\/01\/MAM-baner-1920x570-2025-01-10T164627.151.png\",\"datePublished\":\"2025-03-21T11:48:23+00:00\",\"dateModified\":\"2025-03-21T16:28:06+00:00\",\"description\":\"D\u00e9couvrez les marques Novotel et Swiss\u00f4tel pour l'organisation d'\u00e9v\u00e8nements professionnels de la simple r\u00e9union aux conventions\",\"breadcrumb\":{\"@id\":\"https:\/\/www.myallmeeting.com\/fr\/article\/novotel-ou-swissotel-entre-modernite-et-raffinement-quel-style-choisir-pour-vos-evenements-b2b\/#breadcrumb\"},\"inLanguage\":\"fr-FR\",\"potentialAction\":[{\"@type\":\"ReadAction\",\"target\":[\"https:\/\/www.myallmeeting.com\/fr\/article\/novotel-ou-swissotel-entre-modernite-et-raffinement-quel-style-choisir-pour-vos-evenements-b2b\/\"]}]},{\"@type\":\"ImageObject\",\"inLanguage\":\"fr-FR\",\"@id\":\"https:\/\/www.myallmeeting.com\/fr\/article\/novotel-ou-swissotel-entre-modernite-et-raffinement-quel-style-choisir-pour-vos-evenements-b2b\/#primaryimage\",\"url\":\"https:\/\/www.myallmeeting.com\/wp-content\/uploads\/2025\/01\/MAM-baner-1920x570-2025-01-10T164627.151.png\",\"contentUrl\":\"https:\/\/www.myallmeeting.com\/wp-content\/uploads\/2025\/01\/MAM-baner-1920x570-2025-01-10T164627.151.png\",\"width\":1920,\"height\":570},{\"@type\":\"BreadcrumbList\",\"@id\":\"https:\/\/www.myallmeeting.com\/fr\/article\/novotel-ou-swissotel-entre-modernite-et-raffinement-quel-style-choisir-pour-vos-evenements-b2b\/#breadcrumb\",\"itemListElement\":[{\"@type\":\"ListItem\",\"position\":1,\"name\":\"Accueil\",\"item\":\"https:\/\/myallmeeting.com\/fr\/\"},{\"@type\":\"ListItem\",\"position\":2,\"name\":\"Actualit\u00e9s\",\"item\":\"https:\/\/www.myallmeeting.com\/fr\/actualite\/\"},{\"@type\":\"ListItem\",\"position\":3,\"name\":\"Novotel ou Swiss\u00f4tel\u00a0?\u00a0Entre modernit\u00e9 et raffinement, quel style choisir pour vos \u00e9v\u00e9nements B2B\u00a0?\"}]},{\"@type\":\"WebSite\",\"@id\":\"https:\/\/www.myallmeeting.com\/fr\/#website\",\"url\":\"https:\/\/www.myallmeeting.com\/fr\/\",\"name\":\"Accor MyAllMeeting.com\",\"description\":\"Les Meilleurs lieux pour vos Ev\u00e9nements Professionnels\",\"publisher\":{\"@id\":\"https:\/\/www.myallmeeting.com\/fr\/#organization\"},\"potentialAction\":[{\"@type\":\"SearchAction\",\"target\":{\"@type\":\"EntryPoint\",\"urlTemplate\":\"https:\/\/www.myallmeeting.com\/fr\/?s={search_term_string}\"},\"query-input\":{\"@type\":\"PropertyValueSpecification\",\"valueRequired\":true,\"valueName\":\"search_term_string\"}}],\"inLanguage\":\"fr-FR\"},{\"@type\":\"Organization\",\"@id\":\"https:\/\/www.myallmeeting.com\/fr\/#organization\",\"name\":\"ACCOR\",\"url\":\"https:\/\/www.myallmeeting.com\/fr\/\",\"logo\":{\"@type\":\"ImageObject\",\"inLanguage\":\"fr-FR\",\"@id\":\"https:\/\/www.myallmeeting.com\/fr\/#\/schema\/logo\/image\/\",\"url\":\"\",\"contentUrl\":\"\",\"caption\":\"ACCOR\"},\"image\":{\"@id\":\"https:\/\/www.myallmeeting.com\/fr\/#\/schema\/logo\/image\/\"}}]}<\/script>","yoast_head_json":{"title":"Novotel ou Swiss\u00f4tel\u00a0?\u00a0Entre modernit\u00e9 et raffinement, quel style choisir pour vos \u00e9v\u00e9nements B2B\u00a0? - Accor MyAllMeeting.com","description":"D\u00e9couvrez les marques Novotel et Swiss\u00f4tel pour l'organisation d'\u00e9v\u00e8nements professionnels de la simple r\u00e9union aux conventions","robots":{"index":"index","follow":"follow","max-snippet":"max-snippet:-1","max-image-preview":"max-image-preview:large","max-video-preview":"max-video-preview:-1"},"canonical":"https:\/\/www.myallmeeting.com\/fr\/wp-json\/wp\/v2\/article\/17801332","og_locale":"fr_FR","og_type":"article","og_title":"Novotel ou Swiss\u00f4tel\u00a0?\u00a0Entre modernit\u00e9 et raffinement, quel style choisir pour vos \u00e9v\u00e9nements B2B\u00a0? - Accor MyAllMeeting.com","og_description":"D\u00e9couvrez les marques Novotel et Swiss\u00f4tel pour l'organisation d'\u00e9v\u00e8nements professionnels de la simple r\u00e9union aux conventions","og_url":"https:\/\/www.myallmeeting.com\/fr\/article\/novotel-ou-swissotel-entre-modernite-et-raffinement-quel-style-choisir-pour-vos-evenements-b2b\/","og_site_name":"Accor MyAllMeeting.com","article_modified_time":"2025-03-21T16:28:06+00:00","og_image":[{"width":1024,"height":304,"url":"https:\/\/www.myallmeeting.com\/wp-content\/uploads\/2025\/01\/MAM-baner-1920x570-2025-01-10T164627.151-1024x304.png","type":"image\/png"}],"twitter_card":"summary_large_image","twitter_misc":{"Dur\u00e9e de lecture estim\u00e9e":"10 minutes"},"schema":{"@context":"https:\/\/schema.org","@graph":[{"@type":"WebPage","@id":"https:\/\/www.myallmeeting.com\/fr\/article\/novotel-ou-swissotel-entre-modernite-et-raffinement-quel-style-choisir-pour-vos-evenements-b2b\/","url":"https:\/\/www.myallmeeting.com\/fr\/article\/novotel-ou-swissotel-entre-modernite-et-raffinement-quel-style-choisir-pour-vos-evenements-b2b\/","name":"Novotel ou Swiss\u00f4tel\u00a0?\u00a0Entre modernit\u00e9 et raffinement, quel style choisir pour vos \u00e9v\u00e9nements B2B\u00a0? - Accor MyAllMeeting.com","isPartOf":{"@id":"https:\/\/www.myallmeeting.com\/fr\/#website"},"primaryImageOfPage":{"@id":"https:\/\/www.myallmeeting.com\/fr\/article\/novotel-ou-swissotel-entre-modernite-et-raffinement-quel-style-choisir-pour-vos-evenements-b2b\/#primaryimage"},"image":{"@id":"https:\/\/www.myallmeeting.com\/fr\/article\/novotel-ou-swissotel-entre-modernite-et-raffinement-quel-style-choisir-pour-vos-evenements-b2b\/#primaryimage"},"thumbnailUrl":"https:\/\/www.myallmeeting.com\/wp-content\/uploads\/2025\/01\/MAM-baner-1920x570-2025-01-10T164627.151.png","datePublished":"2025-03-21T11:48:23+00:00","dateModified":"2025-03-21T16:28:06+00:00","description":"D\u00e9couvrez les marques Novotel et Swiss\u00f4tel pour l'organisation d'\u00e9v\u00e8nements professionnels de la simple r\u00e9union aux conventions","breadcrumb":{"@id":"https:\/\/www.myallmeeting.com\/fr\/article\/novotel-ou-swissotel-entre-modernite-et-raffinement-quel-style-choisir-pour-vos-evenements-b2b\/#breadcrumb"},"inLanguage":"fr-FR","potentialAction":[{"@type":"ReadAction","target":["https:\/\/www.myallmeeting.com\/fr\/article\/novotel-ou-swissotel-entre-modernite-et-raffinement-quel-style-choisir-pour-vos-evenements-b2b\/"]}]},{"@type":"ImageObject","inLanguage":"fr-FR","@id":"https:\/\/www.myallmeeting.com\/fr\/article\/novotel-ou-swissotel-entre-modernite-et-raffinement-quel-style-choisir-pour-vos-evenements-b2b\/#primaryimage","url":"https:\/\/www.myallmeeting.com\/wp-content\/uploads\/2025\/01\/MAM-baner-1920x570-2025-01-10T164627.151.png","contentUrl":"https:\/\/www.myallmeeting.com\/wp-content\/uploads\/2025\/01\/MAM-baner-1920x570-2025-01-10T164627.151.png","width":1920,"height":570},{"@type":"BreadcrumbList","@id":"https:\/\/www.myallmeeting.com\/fr\/article\/novotel-ou-swissotel-entre-modernite-et-raffinement-quel-style-choisir-pour-vos-evenements-b2b\/#breadcrumb","itemListElement":[{"@type":"ListItem","position":1,"name":"Accueil","item":"https:\/\/myallmeeting.com\/fr\/"},{"@type":"ListItem","position":2,"name":"Actualit\u00e9s","item":"https:\/\/www.myallmeeting.com\/fr\/actualite\/"},{"@type":"ListItem","position":3,"name":"Novotel ou Swiss\u00f4tel\u00a0?\u00a0Entre modernit\u00e9 et raffinement, quel style choisir pour vos \u00e9v\u00e9nements B2B\u00a0?"}]},{"@type":"WebSite","@id":"https:\/\/www.myallmeeting.com\/fr\/#website","url":"https:\/\/www.myallmeeting.com\/fr\/","name":"Accor MyAllMeeting.com","description":"Les Meilleurs lieux pour vos Ev\u00e9nements Professionnels","publisher":{"@id":"https:\/\/www.myallmeeting.com\/fr\/#organization"},"potentialAction":[{"@type":"SearchAction","target":{"@type":"EntryPoint","urlTemplate":"https:\/\/www.myallmeeting.com\/fr\/?s={search_term_string}"},"query-input":{"@type":"PropertyValueSpecification","valueRequired":true,"valueName":"search_term_string"}}],"inLanguage":"fr-FR"},{"@type":"Organization","@id":"https:\/\/www.myallmeeting.com\/fr\/#organization","name":"ACCOR","url":"https:\/\/www.myallmeeting.com\/fr\/","logo":{"@type":"ImageObject","inLanguage":"fr-FR","@id":"https:\/\/www.myallmeeting.com\/fr\/#\/schema\/logo\/image\/","url":"","contentUrl":"","caption":"ACCOR"},"image":{"@id":"https:\/\/www.myallmeeting.com\/fr\/#\/schema\/logo\/image\/"}}]}},"_links":{"self":[{"href":"https:\/\/www.myallmeeting.com\/fr\/wp-json\/wp\/v2\/article\/17801332","targetHints":{"allow":["GET"]}}],"collection":[{"href":"https:\/\/www.myallmeeting.com\/fr\/wp-json\/wp\/v2\/article"}],"about":[{"href":"https:\/\/www.myallmeeting.com\/fr\/wp-json\/wp\/v2\/types\/article"}],"wp:featuredmedia":[{"embeddable":true,"href":"https:\/\/www.myallmeeting.com\/fr\/wp-json\/wp\/v2\/media\/17835151"}],"wp:attachment":[{"href":"https:\/\/www.myallmeeting.com\/fr\/wp-json\/wp\/v2\/media?parent=17801332"}],"wp:term":[{"taxonomy":"periscope_categorie_tax","embeddable":true,"href":"https:\/\/www.myallmeeting.com\/fr\/wp-json\/wp\/v2\/periscope_categorie_tax?post=17801332"}],"curies":[{"name":"wp","href":"https:\/\/api.w.org\/{rel}","templated":true}]}}