{"id":16552363,"date":"2024-10-28T17:14:05","date_gmt":"2024-10-28T16:14:05","guid":{"rendered":"https:\/\/myallmeeting.com\/?post_type=article&#038;p=16552363"},"modified":"2025-10-08T15:06:02","modified_gmt":"2025-10-08T13:06:02","slug":"transformez-la-gestion-des-bagages-en-un-atout-strategique-pour-vos-evenements-et-seminaires","status":"publish","type":"article","link":"https:\/\/www.myallmeeting.com\/fr\/article\/transformez-la-gestion-des-bagages-en-un-atout-strategique-pour-vos-evenements-et-seminaires\/","title":{"rendered":"Transformez la gestion des bagages en un atout strat\u00e9gique pour vos \u00e9v\u00e9nements et s\u00e9minaires"},"content":{"rendered":"<!-- START OF : Composant : block-periscope-theme-section-composant-25-texte-cta-2-images.php -->\n<div class=\"tcta2ia bg-white fs-wysiwyg mb-lg-12\" data-component=\"25-texte-cta-2-images\">\n\t<div class=\"tcta2ia__top\">\n\t\t<div class=\"container-fluid\" style=\"--bs-gutter-x: 0\">\n\t\t\t<div class=\"row\" style=\"--bs-gutter-x: 0\">\n\t\t\t\t<div class=\"col-lg-8\">\n\t\t\t\t\t\t\t\t\t\t<div class=\"bloc-mise-en-avant__top__left\">\n\t\t\t\t\t\t<img decoding=\"async\" src=\"https:\/\/www.myallmeeting.com\/wp-content\/uploads\/2024\/10\/Alltheway-image-1-1268x846-1.png\" class=\"pe-2 pe-lg-0\" width=\"1268\" height=\"846\" alt=\"\" loading=\"lazy\" \/>\n\t\t\t\t\t<\/div>\n\t\t\t\t\t\t\t\t\t\t<div class=\"tcta2ia__bottom d-none d-lg-block pb-12 pt-lg-9 pb-lg-0 pe-lg-10\">\n\t\t\t\t\t\t\t\t\t\t\t\t<h2 class=\"fs-20 fs-lg-32 fw-semibold\">Voici comment :<\/h2>\n\t\t\t\t\t\t\t\t\t\t\t\t\t\t\t\t\t\t<div class=\"fs-wysiwyg\"><ol>\n<li><strong>A l&rsquo;arriv\u00e9e, livraison des bagages depuis l&rsquo;a\u00e9roport<\/strong><\/li>\n<\/ol>\n<p><span>Vos participants arrivent de Charles de Gaulle ou Orly ? Alltheway s&rsquo;occupe de r\u00e9cup\u00e9rer leurs bagages directement depuis le tapis \u00e0 l&rsquo;a\u00e9roport et de les livrer o\u00f9 bon vous semble, que ce soit dans la r\u00e9gion parisienne ou m\u00eame au-del\u00e0 pour des groupes de plus de 40 bagages. Imaginez l\u2019effet sur vos invit\u00e9s lorsqu&rsquo;ils n&rsquo;auront plus \u00e0 s&rsquo;occuper de leurs bagages apr\u00e8s leur vol !<\/span><\/p>\n<ol start=\"2\">\n<li><strong>Le jour du d\u00e9part, enregistrement des bagages sur place<\/strong><\/li>\n<\/ol>\n<p><span>Que vous organisiez un petit s\u00e9minaire ou un grand congr\u00e8s, Alltheway permet d\u2019enregistrer les bagages de 2 \u00e0 5000 participants directement \u00e0 l\u2019h\u00f4tel ou sur le lieu de l&rsquo;\u00e9v\u00e9nement. Les guests retrouvent leurs bagages \u00e0 leur a\u00e9roport de destination ! Finie l\u2019attente au comptoir d\u2019enregistrement bagages \u00e0 l\u2019a\u00e9roport, ce service sur mesure permet d\u2019offrir \u00e0 vos invit\u00e9s un confort incomparable le jour du d\u00e9part.<\/span><\/p>\n<ol start=\"3\"><\/ol>\n<p>&nbsp;<\/p>\n<\/div>\n\t\t\t\t\t\t\t\t\t\t\t\t<div class=\"d-flex flex-column flex-lg-row align-items-center gap-5 gap-lg-8 justify-content-between\">\n\t\t\t\t\t\t\t<div class=\"fs-20 fs-lg-26 fw-semibold lh-xs\"><\/div>\n\t\t\t\t\t\t\t\t\t\t\t\t\t<\/div>\n\t\t\t\t\t<\/div>\n\t\t\t\t<\/div>\n\t\t\t\t<div class=\"col-lg-4\">\n\t\t\t\t\t<div class=\"tcta2ia__top__right t-0 r-0 bg-primary text-white pt-4 pb-4 px-2 pt-lg-8 pb-lg-16 px-lg-11 pb-xl-30\">\n\t\t\t\t\t\t\t\t\t\t\t\t\t\t\t\t\t\t<h2 class=\"unna fs-36 fs-lg-51 fs-xl-75 fs-italic fw-normal text-secondary\">Transformez la gestion des bagages en un atout strat\u00e9gique pour vos \u00e9v\u00e9nements et s\u00e9minaires<\/h2>\n\t\t\t\t\t\t\t\t\t\t\t\t\t\t\t\t\t\t<h3 class=\"text-white fs-18 fs-lg-20 fs-xl-28 text-original-case\">\u00d4ter la contrainte bagage de vos \u00e9v\u00e9nements ? La solution Alltheway allie confort et performance<\/h3>\n\t\t\t\t\t\t\t\t\t\t\t\t\t\t\t\t\t\t<div class=\"fs-wysiwyg mb-4 fs-lg-16 fs-xl-20\"><p>Organiser un s\u00e9minaire ou un \u00e9v\u00e9nement professionnel demande une logistique bien rod\u00e9e pour offrir une exp\u00e9rience impeccable \u00e0 vos participants. Parmi les nombreux d\u00e9fis \u00e0 relever, la gestion des bagages peut souvent s&rsquo;av\u00e9rer une v\u00e9ritable \u00e9pine dans le pied pour les organisateurs, d&rsquo;autant plus lorsque les participants arrivent en grand nombre ou par diff\u00e9rents modes de transport.<strong> Heureusement, Alltheway, une solution innovante et sur-mesure, vous propose une nouvelle mani\u00e8re de g\u00e9rer les bagages de vos participants tout en optimisant vos op\u00e9rations et en augmentant leur satisfaction<\/strong>.<\/p>\n<p><span><a href=\"https:\/\/www.alltheway.io\/fr\/partners\" target=\"_blank\" rel=\"noopener\"><strong>Avec Alltheway<\/strong><\/a><strong>, transformez la gestion des bagages en un atout strat\u00e9gique pour vos d\u2019\u00e9v\u00e9nements et s\u00e9minaires.<\/strong><\/span><\/p>\n<p>&nbsp;<\/p>\n<\/div>\n\t\t\t\t\t\t\t\t\t\t\t\t\t\t\t\t\t\t\t\t\t\t\t\t<p class=\"m-0\"><img decoding=\"async\" src=\"https:\/\/www.myallmeeting.com\/wp-content\/uploads\/2024\/10\/secondary-pic-MAM-633x398-1.png\" class=\"position-relative l-0\" width=\"633\" height=\"398\" alt=\"\" loading=\"lazy\" \/><\/p>\n\t\t\t\t\t\t\t\t\t\t\t<\/div>\n\t\t\t\t<\/div>\n\t\t\t<\/div>\n\t\t<\/div>\n\t<\/div>\n\t<div class=\"tcta2ia__bottom d-lg-none pb-12 py-lg-9 pe-lg-10\">\n\t\t\t\t<div class=\"h2 fs-20 fs-lg-32 fw-semibold\">Voici comment :<\/div>\n\t\t\t\t\t\t<div class=\"fs-wysiwyg\"><ol>\n<li><strong>A l&rsquo;arriv\u00e9e, livraison des bagages depuis l&rsquo;a\u00e9roport<\/strong><\/li>\n<\/ol>\n<p><span>Vos participants arrivent de Charles de Gaulle ou Orly ? Alltheway s&rsquo;occupe de r\u00e9cup\u00e9rer leurs bagages directement depuis le tapis \u00e0 l&rsquo;a\u00e9roport et de les livrer o\u00f9 bon vous semble, que ce soit dans la r\u00e9gion parisienne ou m\u00eame au-del\u00e0 pour des groupes de plus de 40 bagages. Imaginez l\u2019effet sur vos invit\u00e9s lorsqu&rsquo;ils n&rsquo;auront plus \u00e0 s&rsquo;occuper de leurs bagages apr\u00e8s leur vol !<\/span><\/p>\n<ol start=\"2\">\n<li><strong>Le jour du d\u00e9part, enregistrement des bagages sur place<\/strong><\/li>\n<\/ol>\n<p><span>Que vous organisiez un petit s\u00e9minaire ou un grand congr\u00e8s, Alltheway permet d\u2019enregistrer les bagages de 2 \u00e0 5000 participants directement \u00e0 l\u2019h\u00f4tel ou sur le lieu de l&rsquo;\u00e9v\u00e9nement. Les guests retrouvent leurs bagages \u00e0 leur a\u00e9roport de destination ! Finie l\u2019attente au comptoir d\u2019enregistrement bagages \u00e0 l\u2019a\u00e9roport, ce service sur mesure permet d\u2019offrir \u00e0 vos invit\u00e9s un confort incomparable le jour du d\u00e9part.<\/span><\/p>\n<ol start=\"3\"><\/ol>\n<p>&nbsp;<\/p>\n<\/div>\n\t\t\t\t<div class=\"d-flex flex-column flex-lg-row align-items-center gap-5 gap-lg-8 justify-content-between\">\n\t\t\t<div class=\"fs-20 fs-lg-26 fw-semibold lh-xs\"><\/div>\n\t\t\t\t\t<\/div>\n\t<\/div>\n<\/div>\n<!-- END OF : Composant : block-periscope-theme-section-composant-25-texte-cta-2-images.php -->\n\n\n<!-- START OF : Composant : block-periscope-theme-section-composant-26-textes-slider-cta.php -->\n<div class=\"t3icta bg-white pb-12 mb-9 fs-wysiwyg\" data-component=\"26-textes-3-images-cta\">\n\t<div class=\"t3icta__top position-relative\">\n\t\t<div class=\"container-fluid\" style=\"--bs-gutter-x: 0\">\n\t\t\t<div class=\"row\" style=\"--bs-gutter-x: 0\">\n\t\t\t\t\t\t\t\t<div class=\"col-lg-6\">\n\t\t\t\t\t<div class=\"t3icta__slider\">\n\t\t\t\t\t\t<div class=\"splide\">\n\t\t\t\t\t\t\t<div class=\"splide__track\">\n\t\t\t\t\t\t\t\t<div class=\"splide__list\">\n\t\t\t\t\t\t\t\t\t\t\t\t\t\t\t\t\t\t\t<div class=\"splide__slide\">\n\t\t\t\t\t\t\t\t\t\t\t<img decoding=\"async\" src=\"https:\/\/www.myallmeeting.com\/wp-content\/uploads\/2024\/10\/admin-ajax.png\" width=\"953\" height=\"600\" alt=\"\" loading=\"lazy\" \/>\n\t\t\t\t\t\t\t\t\t\t<\/div>\n\t\t\t\t\t\t\t\t\t\t\t\t\t\t\t\t\t\t\t<div class=\"splide__slide\">\n\t\t\t\t\t\t\t\t\t\t\t<img decoding=\"async\" src=\"https:\/\/www.myallmeeting.com\/wp-content\/uploads\/2024\/10\/slider-2-atw-480x332-1.png\" width=\"953\" height=\"600\" alt=\"\" loading=\"lazy\" \/>\n\t\t\t\t\t\t\t\t\t\t<\/div>\n\t\t\t\t\t\t\t\t\t\t\t\t\t\t\t\t\t\t\t<div class=\"splide__slide\">\n\t\t\t\t\t\t\t\t\t\t\t<img decoding=\"async\" src=\"https:\/\/www.myallmeeting.com\/wp-content\/uploads\/2024\/10\/slider-3-atw-480x332-1.png\" width=\"953\" height=\"600\" alt=\"\" loading=\"lazy\" \/>\n\t\t\t\t\t\t\t\t\t\t<\/div>\n\t\t\t\t\t\t\t\t\t\t\t\t\t\t\t\t\t\t\t<div class=\"splide__slide\">\n\t\t\t\t\t\t\t\t\t\t\t<img decoding=\"async\" src=\"https:\/\/www.myallmeeting.com\/wp-content\/uploads\/2024\/10\/MAM-imagery-slider-952x600-5-480x303-3.png\" width=\"953\" height=\"600\" alt=\"\" loading=\"lazy\" \/>\n\t\t\t\t\t\t\t\t\t\t<\/div>\n\t\t\t\t\t\t\t\t\t\t\t\t\t\t\t\t\t\t\t<div class=\"splide__slide\">\n\t\t\t\t\t\t\t\t\t\t\t<img decoding=\"async\" src=\"https:\/\/www.myallmeeting.com\/wp-content\/uploads\/2024\/10\/slider-5-atw-480x303-1.png\" width=\"953\" height=\"600\" alt=\"\" loading=\"lazy\" \/>\n\t\t\t\t\t\t\t\t\t\t<\/div>\n\t\t\t\t\t\t\t\t\t\t\t\t\t\t\t\t\t\n\t\t\t\t\t\t\t\t<\/div>\n\t\t\t\t\t\t\t<\/div>\n\t\t\t\t\t\t\t<div class=\"splide__arrows d-none d-lg-block\">\n\t\t\t\t\t\t\t\t<button class=\"splide__arrow splide__arrow--prev px-lg-3 py-lg-4 px-xl-4 py-xl-5 px-xxl-5 py-xxl-7 position-absolute l-0 bg-white border-0\">\n\t\t\t\t\t\t\t\t\t<svg width=\"14\" height=\"27\" aria-hidden=\"true\">\n\t\t\t\t\t\t\t\t\t\t<use xlink:href=\"https:\/\/www.myallmeeting.com\/wp-content\/themes\/accor\/assets\/images\/sprite.svg#slider-prev\"><\/use>\n\t\t\t\t\t\t\t\t\t<\/svg>\n\t\t\t\t\t\t\t\t<\/button>\n\t\t\t\t\t\t\t\t<button class=\"splide__arrow splide__arrow--next px-lg-3 py-lg-4 px-xl-4 py-xl-5 px-xxl-5 py-xxl-7 position-absolute r-0 bg-white border-0\">\n\t\t\t\t\t\t\t\t\t<svg width=\"14\" height=\"27\" aria-hidden=\"true\">\n\t\t\t\t\t\t\t\t\t\t<use xlink:href=\"https:\/\/www.myallmeeting.com\/wp-content\/themes\/accor\/assets\/images\/sprite.svg#slider-prev\"><\/use>\n\t\t\t\t\t\t\t\t\t<\/svg>\n\t\t\t\t\t\t\t\t<\/button>\n\t\t\t\t\t\t\t<\/div>\n\t\t\t\t\t\t<\/div>\n\t\t\t\t\t<\/div>\n\t\t\t\t<\/div>\n\t\t\t\t\t\t\t\t<div class=\"col-lg-6\">\n\t\t\t\t\t<div class=\"t3icta__top_right mb-lg-14 px-2 py-9 px-lg-11 py-lg-0\">\n\t\t\t\t\t\t\t\t\t\t\t\t\t\n\t\t\t\t\t\t<div class=\"fs-wysiwyg\">\n\t\t\t\t\t\t\t<ol start=\"3\">\n<li><strong>Transfert entre les gares et les h\u00f4tels<\/strong><\/li>\n<\/ol>\n<p><span>Paris est une plaque tournante du transport ferroviaire avec plusieurs gares importantes. Alltheway facilite le transfert des bagages entre les gares parisiennes et les h\u00f4tels de la capitale ainsi que la r\u00e9gion parisienne, lib\u00e9rant vos participants de ce tracas logistique.<\/span><\/p>\n<ol start=\"4\"><\/ol>\n<ol start=\"4\">\n<li><strong> Tagway : La Bagagerie Augment\u00e9e au service de vos \u00e9v\u00e9nements<\/strong><\/li>\n<\/ol>\n<p>D\u00e9couvrez Tagway, la solution de gestion de vestiaire tout-en-un qui r\u00e9invente la bagagerie pour vos \u00e9v\u00e9nements professionnels. Pens\u00e9e pour fluidifier l\u2019accueil, s\u00e9curiser les effets personnels et am\u00e9liorer l\u2019exp\u00e9rience client, Tagway s\u2019adresse aux organisateurs de salons, congr\u00e8s et s\u00e9minaires souhaitant allier technologie, efficacit\u00e9 et rentabilit\u00e9.<\/p>\n\t\t\t\t\t\t<\/div>\n\t\t\t\t\t\t\t\t\t\t\t<\/div>\n\t\t\t\t<\/div>\n\t\t\t<\/div>\n\t\t<\/div>\n\t<\/div>\n\t<div class=\"t3icta__bottom bg-beige\">\n\t\t<div class=\"container-fluid\" style=\"--bs-gutter-x: 0\">\n\t\t\t<div class=\"row\" style=\"--bs-gutter-x: 0\">\n\t\t\t\t<div class=\"col-lg-5 offset-lg-1\">\n\t\t\t\t\t<div class=\"t3icta__bottom__left\">\n\t\t\t\t\t\t\t\t\t\t\t\t<img decoding=\"async\" src=\"https:\/\/www.myallmeeting.com\/wp-content\/uploads\/2024\/10\/secondary-pic-MAM-633x398-1-1-480x302-1.png\" class=\"w-100 d-lg-none\" width=\"633\" height=\"398\" alt=\"\" loading=\"lazy\" \/> <!-- Ce sont les 2 m\u00eames images : ID 0 -->\n\t\t\t\t\t\t\t\t\t\t\t\t<div class=\"px-2 py-9 px-lg-0 py-lg-0\">\n\t\t\t\t\t\t\t\t\n\t\t\t\t\t\t\t<h2 class=\"fs-20 fs-lg-23 fs-xl-27 fs-xxl-30 fw-semibold\">L\u2019\u00e9cosyst\u00e8me Tagway comprend :<\/h2>\n\t\t\t\t\t\t\t\t\t\t\t\t\t\t\t\n\t\t\t\t\t\t\t<div class=\"fs-wysiwyg mb-lg-15\">\n\t\t\t\t\t\t\t\t<ul>\n<li>Pour vos guests : une plateforme de r\u00e9servation en ligne int\u00e9grable \u00e0 vos outils et la digitalisation du ticket vestiaire<\/li>\n<li>Pour les \u00e9quipes d&rsquo;accueil : une application intuitive, s\u00e9curis\u00e9e et un tableau de bord connect\u00e9 pour un suivi en temps r\u00e9el des objets d\u00e9pos\u00e9s<\/li>\n<\/ul>\n<p>Enfin, Tagway offre \u00e9galement la possibilit\u00e9 de transformer des m\u00e8tres carr\u00e9s souvent sous-exploit\u00e9s en un v\u00e9ritable centre de profit. Offrez plus qu\u2019un service : cr\u00e9ez de nouvelles sources de revenus tout en enrichissant l\u2019exp\u00e9rience de vos visiteurs.<\/p>\n\t\t\t\t\t\t\t<\/div>\n\t\t\t\t\t\t\t\t\t\t\t\t\t<\/div>\n\t\t\t\t\t\t\t\t\t\t\t\t<div class=\"t3icta__bottom__img1 d-none d-lg-block text-end ms-lg-auto\">\n\t\t\t\t\t\t\t<img decoding=\"async\" src=\"https:\/\/www.myallmeeting.com\/wp-content\/uploads\/2024\/10\/secondary-pic-MAM-633x398-1-1-480x302-1.png\" width=\"633\" height=\"398\" alt=\"\" loading=\"lazy\" \/> <!-- Ce sont les 2 m\u00eames images : ID 1 -->\n\t\t\t\t\t\t<\/div>\n\t\t\t\t\t\t\t\t\t\t\t<\/div>\n\t\t\t\t<\/div>\n\t\t\t\t<div class=\"col-lg-5\">\n\t\t\t\t\t<div class=\"ps-lg-10\">\n\t\t\t\t\t\t\t\t\t\t\t\t<img decoding=\"async\" src=\"https:\/\/www.myallmeeting.com\/wp-content\/uploads\/2024\/10\/secondary-pic-MAM-633x398-2-480x302-3.png\" class=\"t3icta__bottom__img0 position-relative d-none d-lg-block mb-15\" width=\"633\" height=\"398\" alt=\"\" loading=\"lazy\" \/> <!-- Ce sont les 2 m\u00eames images : ID 0 -->\n\t\t\t\t\t\t\t\t\t\t\t\t<div class=\"px-2 px-lg-0 mb-9\">\n\t\t\t\t\t\t\t\t\n\t\t\t\t\t\t\t<h2 class=\"fs-20 fs-lg-23 fs-xl-27 fs-xxl-30 fw-semibold\">Les avantages concrets pour les professionnels de l\u2019\u00e9v\u00e9nementiel<\/h2>\n\t\t\t\t\t\t\t\t\t\t\t\t\t\t\t\t\t\t\t\t\t<div class=\"fs-wysiwyg\">\n\t\t\t\t\t\t\t\t<ol>\n<li><strong>Gagner plus de 2 heures de temps pr\u00e9cieux pour vos participants<\/strong><\/li>\n<\/ol>\n<p><span>Gr\u00e2ce \u00e0 Alltheway,<strong> les voyageurs \u00e9conomisent au minimum 2 heures<\/strong>, temps qu&rsquo;ils peuvent consacrer \u00e0 explorer la ville, networker, travailler ou encore faire du shopping. Cette souplesse am\u00e9liore leur exp\u00e9rience de voyage tout en apportant une dimension de confort suppl\u00e9mentaire \u00e0 votre \u00e9v\u00e9nement.<\/span><\/p>\n<ol start=\"2\">\n<li><strong> R\u00e9duction des frais de mobilit\u00e9<\/strong><\/li>\n<\/ol>\n<p><span>En optimisant les d\u00e9placements li\u00e9s \u00e0 la gestion des bagages, Alltheway permet \u00e0 vos clients de r\u00e9aliser des \u00e9conomies notables sur leurs frais de mobilit\u00e9. Ils peuvent d\u00e9sormais utiliser les transports en commun ou faire du covoiturage. Les allers-retours inutiles entre l\u2019a\u00e9roport, l\u2019h\u00f4tel et le lieu du s\u00e9minaire sont r\u00e9duits, am\u00e9liorant ainsi l&rsquo;efficacit\u00e9 de leurs trajets.<\/span><\/p>\n<ol start=\"3\">\n<li><strong> +15 % d\u2019efficacit\u00e9 op\u00e9rationnelle<\/strong><\/li>\n<\/ol>\n<p><span>En d\u00e9chargeant vos \u00e9quipes de la gestion des bagages, Alltheway all\u00e8ge consid\u00e9rablement votre charge de travail op\u00e9rationnelle. Fini les files d&rsquo;attente \u00e0 la r\u00e9ception ou la gestion de consignes temporaires ! Vous lib\u00e9rez \u00e9galement de l\u2019espace dans vos infrastructures pour offrir un accueil encore plus fluide et agr\u00e9able.<\/span><\/p>\n\t\t\t\t\t\t\t<\/div>\n\t\t\t\t\t\t\t\t\t\t\t\t\t<\/div>\n\t\t\t\t\t\t\t\t\t\t\t\t<div class=\"t3icta__bottom__img1 d-lg-none mx-auto\">\n\t\t\t\t\t\t\t<img decoding=\"async\" src=\"https:\/\/www.myallmeeting.com\/wp-content\/uploads\/2024\/10\/secondary-pic-MAM-633x398-2-480x302-3.png\" width=\"633\" height=\"398\" alt=\"\" loading=\"lazy\" \/> <!-- Ce sont les 2 m\u00eames images : ID 1 -->\n\t\t\t\t\t\t<\/div>\n\t\t\t\t\t\t\t\t\t\t\t<\/div>\n\t\t\t\t<\/div>\n\t\t\t<\/div>\n\t\t<\/div>\n\t<\/div>\n\t<\/div>\n<!-- END OF : Composant : block-periscope-theme-section-composant-26-textes-slider-cta.php -->\n\n\n<!-- START OF : Composant : block-periscope-theme-section-composant-34-texte-image-slider.php -->\n<!-- INVERSE -->\n<div class=\"text-image-slider fs-wysiwyg mb-8 mb-lg-12\" data-component=\"34-texte-image-slider\" data-reverse=\"oui\">\n<div class=\"container-fluid\" style=\"--bs-gutter-x: 0\">\n\t\t<div class=\"row\" style=\"--bs-gutter-x: 0\">\n\t\t\t<div class=\"col-lg-6\">\n\t\t\t\t<div class=\"text-image-slider__content mb-7 mb-lg-0\">\n\t\t\t\t\t\t\t\t\t\t<div class=\"fw-semibold lh-xs fs-20 fs-lg-32 ls--25 mb-5\"> Fid\u00e9lisez vos clients gr\u00e2ce \u00e0 une exp\u00e9rience optimis\u00e9e<\/div>\n\t\t\t\t\t\t\t\t\t\t\t\t\t\t\t<div class=\"fs-wysiwyg\">\n\t\t\t\t\t\t<p><span>Alltheway ne se contente pas de simplifier la logistique, elle permet aussi de fid\u00e9liser vos participants. <strong>En offrant une exp\u00e9rience client unique et diff\u00e9renciante, vous avez 5 fois plus de chances de transformer vos participants en clients r\u00e9guliers. <\/strong>Et pour aller plus loin, il est m\u00eame possible d\u2019int\u00e9grer les services Alltheway dans un programme Premium, afin d&rsquo;offrir des avantages suppl\u00e9mentaires \u00e0 vos clients VIP.<\/span><\/p>\n\t\t\t\t\t<\/div>\n\t\t\t\t\t\t\t\t\t<\/div>\n\t\t\t\t\t\t\t\t<div class=\"text-center d-lg-none px-8\">\n\t\t\t\t\t<!-- M\u00eame image -->\n\t\t\t\t\t<img decoding=\"async\" src=\"https:\/\/www.myallmeeting.com\/wp-content\/uploads\/2024\/10\/Image-2-haute-basse-10.png\" width=\"633\" height=\"398\" alt=\"\" loading=\"lazy\">\n\t\t\t\t<\/div>\n\t\t\t\t\t\t\t<\/div>        \n\t\t\t<div class=\"col-lg-6 order-first order-lg-last\">\n\t\t\t\t<div class=\"text-image-slider__slider mb-7 mb-lg-12\">\n\t\t\t\t\t\t\t\t\t<\/div>\n\t\t\t\t\t\t\t\t\t<div class=\"text-image-slider__content d-none d-lg-block\">\n\t\t\t\t\t<!-- M\u00eame image -->\n\t\t\t\t\t<img decoding=\"async\" src=\"https:\/\/www.myallmeeting.com\/wp-content\/uploads\/2024\/10\/Image-2-haute-basse-10.png\" width=\"633\" height=\"398\" alt=\"\" loading=\"lazy\">\n\t\t\t\t<\/div>\n\t\t\t\t\t\t\t<\/div>\n\t\t<\/div>\n\t<\/div>\n<\/div>\n<!-- END OF : Composant : block-periscope-theme-section-composant-34-texte-image-slider.php -->\n\n\n<!-- START OF : Composant : block-periscope-theme-section-composant-33-texte-image.php -->\n<div class=\"text-image fs-wysiwyg mb-8 mb-lg-12\" data-component=\"33-texte-image\">\n\t<div class=\"container-fluid\" style=\"--bs-gutter-x: 0\">\n\t\t<div class=\"row\" style=\"--bs-gutter-x: 0\">\n\t\t\t\t\t\t<div class=\"col-lg-6 mb-7 mb-lg-0\">\n\t\t\t\t<img decoding=\"async\" src=\"https:\/\/www.myallmeeting.com\/wp-content\/uploads\/2024\/10\/Image-seule-1-1-952x600.png\" width=\"953\" height=\"600\" alt=\"\" loading=\"lazy\" class=\"w-100\" \/>\n\t\t\t<\/div>\n\t\t\t\t\t\t<div class=\"col-lg-6\">\n\t\t\t\t<div class=\"text-image__content\">\n\t\t\t\t\t\t\t\t\t\t<div class=\"fw-semibold lh-xs fs-20 fs-lg-32 ls--25 mb-5\">Ne laissez plus la logistique des bagages compliquer vos \u00e9v\u00e9nements, laissez Alltheway s&#039;en occuper !* <\/div>\n\t\t\t\t\t\t\t\t\t\t\t\t\t\t\t<div class=\"fs-wysiwyg\">\n\t\t\t\t\t\t<p><strong><span>Alors pr\u00eat \u00e0 adopter Alltheway pour vos prochains \u00e9v\u00e9nements ?<\/span><\/strong><\/p>\n<p><span>Les professionnels de l\u2019h\u00f4tellerie et de l\u2019\u00e9v\u00e9nementiel recherchent constamment des solutions pour se diff\u00e9rencier dans un march\u00e9 concurrentiel. Avec Alltheway, vous adoptez une approche novatrice et pratique qui facilite non seulement la vie de vos participants, mais qui contribue \u00e9galement \u00e0 am\u00e9liorer vos propres op\u00e9rations. <\/span><\/p>\n<p><span>Si vous souhaitez en savoir plus sur la fa\u00e7on d\u2019int\u00e9grer Alltheway dans vos prochains \u00e9v\u00e9nements ou s\u00e9minaires, n\u2019h\u00e9sitez pas \u00e0 contacter <a href=\"mailto:contact@alltheway.io\">contact@alltheway.io<\/a><\/span><\/p>\n\t\t\t\t\t<\/div>\n\t\t\t\t\t\t\t\t\t<\/div>\n\t\t\t<\/div>        \n\t\t<\/div>\n\t<\/div>\n<\/div>\n<!-- END OF : Composant : block-periscope-theme-section-composant-33-texte-image.php -->\n","protected":false},"excerpt":{"rendered":"<p>\u00d4ter la contrainte bagage de vos \u00e9v\u00e9nements ? La solution Alltheway allie confort et performance<\/p>\n","protected":false},"featured_media":16552344,"menu_order":0,"template":"","periscope_categorie_tax":[],"class_list":["post-16552363","article","type-article","status-publish","has-post-thumbnail","hentry"],"acf":[],"yoast_head":"<title>Transformez la gestion des bagages en un atout strat\u00e9gique pour vos \u00e9v\u00e9nements et s\u00e9minaires - Accor MyAllMeeting.com<\/title>\n<meta name=\"description\" content=\"Tranformez la gestion des bagages en un atout strat\u00e9gique pour vos \u00e9v\u00e9nements et s\u00e9minaires avec AlltheWay\" \/>\n<meta name=\"robots\" content=\"index, follow, max-snippet:-1, max-image-preview:large, max-video-preview:-1\" \/>\n<link rel=\"canonical\" href=\"https:\/\/www.myallmeeting.com\/fr\/wp-json\/wp\/v2\/article\/16552363\" \/>\n<meta property=\"og:locale\" content=\"fr_FR\" \/>\n<meta property=\"og:type\" content=\"article\" \/>\n<meta property=\"og:title\" content=\"Transformez la gestion des bagages en un atout strat\u00e9gique pour vos \u00e9v\u00e9nements et s\u00e9minaires - Accor MyAllMeeting.com\" \/>\n<meta property=\"og:description\" content=\"Tranformez la gestion des bagages en un atout strat\u00e9gique pour vos \u00e9v\u00e9nements et s\u00e9minaires avec AlltheWay\" \/>\n<meta property=\"og:url\" content=\"https:\/\/www.myallmeeting.com\/fr\/article\/transformez-la-gestion-des-bagages-en-un-atout-strategique-pour-vos-evenements-et-seminaires\/\" \/>\n<meta property=\"og:site_name\" content=\"Accor MyAllMeeting.com\" \/>\n<meta property=\"article:modified_time\" content=\"2025-10-08T13:06:02+00:00\" \/>\n<meta property=\"og:image\" content=\"http:\/\/myallmeeting.com\/wp-content\/uploads\/2024\/10\/image-1920x570-1.png\" \/>\n\t<meta property=\"og:image:width\" content=\"1920\" \/>\n\t<meta property=\"og:image:height\" content=\"570\" \/>\n\t<meta property=\"og:image:type\" content=\"image\/png\" \/>\n<meta name=\"twitter:card\" content=\"summary_large_image\" \/>\n<meta name=\"twitter:label1\" content=\"Dur\u00e9e de lecture estim\u00e9e\" \/>\n\t<meta name=\"twitter:data1\" content=\"7 minutes\" \/>\n<script type=\"application\/ld+json\" class=\"yoast-schema-graph\">{\"@context\":\"https:\/\/schema.org\",\"@graph\":[{\"@type\":\"WebPage\",\"@id\":\"https:\/\/www.myallmeeting.com\/fr\/article\/transformez-la-gestion-des-bagages-en-un-atout-strategique-pour-vos-evenements-et-seminaires\/\",\"url\":\"https:\/\/www.myallmeeting.com\/fr\/article\/transformez-la-gestion-des-bagages-en-un-atout-strategique-pour-vos-evenements-et-seminaires\/\",\"name\":\"Transformez la gestion des bagages en un atout strat\u00e9gique pour vos \u00e9v\u00e9nements et s\u00e9minaires - Accor MyAllMeeting.com\",\"isPartOf\":{\"@id\":\"https:\/\/www.myallmeeting.com\/fr\/#website\"},\"primaryImageOfPage\":{\"@id\":\"https:\/\/www.myallmeeting.com\/fr\/article\/transformez-la-gestion-des-bagages-en-un-atout-strategique-pour-vos-evenements-et-seminaires\/#primaryimage\"},\"image\":{\"@id\":\"https:\/\/www.myallmeeting.com\/fr\/article\/transformez-la-gestion-des-bagages-en-un-atout-strategique-pour-vos-evenements-et-seminaires\/#primaryimage\"},\"thumbnailUrl\":\"https:\/\/www.myallmeeting.com\/wp-content\/uploads\/2024\/10\/image-1920x570-1.png\",\"datePublished\":\"2024-10-28T16:14:05+00:00\",\"dateModified\":\"2025-10-08T13:06:02+00:00\",\"description\":\"Tranformez la gestion des bagages en un atout strat\u00e9gique pour vos \u00e9v\u00e9nements et s\u00e9minaires avec AlltheWay\",\"breadcrumb\":{\"@id\":\"https:\/\/www.myallmeeting.com\/fr\/article\/transformez-la-gestion-des-bagages-en-un-atout-strategique-pour-vos-evenements-et-seminaires\/#breadcrumb\"},\"inLanguage\":\"fr-FR\",\"potentialAction\":[{\"@type\":\"ReadAction\",\"target\":[\"https:\/\/www.myallmeeting.com\/fr\/article\/transformez-la-gestion-des-bagages-en-un-atout-strategique-pour-vos-evenements-et-seminaires\/\"]}]},{\"@type\":\"ImageObject\",\"inLanguage\":\"fr-FR\",\"@id\":\"https:\/\/www.myallmeeting.com\/fr\/article\/transformez-la-gestion-des-bagages-en-un-atout-strategique-pour-vos-evenements-et-seminaires\/#primaryimage\",\"url\":\"https:\/\/www.myallmeeting.com\/wp-content\/uploads\/2024\/10\/image-1920x570-1.png\",\"contentUrl\":\"https:\/\/www.myallmeeting.com\/wp-content\/uploads\/2024\/10\/image-1920x570-1.png\",\"width\":1920,\"height\":570},{\"@type\":\"BreadcrumbList\",\"@id\":\"https:\/\/www.myallmeeting.com\/fr\/article\/transformez-la-gestion-des-bagages-en-un-atout-strategique-pour-vos-evenements-et-seminaires\/#breadcrumb\",\"itemListElement\":[{\"@type\":\"ListItem\",\"position\":1,\"name\":\"Accueil\",\"item\":\"https:\/\/myallmeeting.com\/fr\/\"},{\"@type\":\"ListItem\",\"position\":2,\"name\":\"Actualit\u00e9s\",\"item\":\"https:\/\/www.myallmeeting.com\/fr\/actualite\/\"},{\"@type\":\"ListItem\",\"position\":3,\"name\":\"Transformez la gestion des bagages en un atout strat\u00e9gique pour vos \u00e9v\u00e9nements et s\u00e9minaires\"}]},{\"@type\":\"WebSite\",\"@id\":\"https:\/\/www.myallmeeting.com\/fr\/#website\",\"url\":\"https:\/\/www.myallmeeting.com\/fr\/\",\"name\":\"Accor MyAllMeeting.com\",\"description\":\"Les Meilleurs lieux pour vos Ev\u00e9nements Professionnels\",\"publisher\":{\"@id\":\"https:\/\/www.myallmeeting.com\/fr\/#organization\"},\"potentialAction\":[{\"@type\":\"SearchAction\",\"target\":{\"@type\":\"EntryPoint\",\"urlTemplate\":\"https:\/\/www.myallmeeting.com\/fr\/?s={search_term_string}\"},\"query-input\":{\"@type\":\"PropertyValueSpecification\",\"valueRequired\":true,\"valueName\":\"search_term_string\"}}],\"inLanguage\":\"fr-FR\"},{\"@type\":\"Organization\",\"@id\":\"https:\/\/www.myallmeeting.com\/fr\/#organization\",\"name\":\"ACCOR\",\"url\":\"https:\/\/www.myallmeeting.com\/fr\/\",\"logo\":{\"@type\":\"ImageObject\",\"inLanguage\":\"fr-FR\",\"@id\":\"https:\/\/www.myallmeeting.com\/fr\/#\/schema\/logo\/image\/\",\"url\":\"\",\"contentUrl\":\"\",\"caption\":\"ACCOR\"},\"image\":{\"@id\":\"https:\/\/www.myallmeeting.com\/fr\/#\/schema\/logo\/image\/\"}}]}<\/script>","yoast_head_json":{"title":"Transformez la gestion des bagages en un atout strat\u00e9gique pour vos \u00e9v\u00e9nements et s\u00e9minaires - Accor MyAllMeeting.com","description":"Tranformez la gestion des bagages en un atout strat\u00e9gique pour vos \u00e9v\u00e9nements et s\u00e9minaires avec AlltheWay","robots":{"index":"index","follow":"follow","max-snippet":"max-snippet:-1","max-image-preview":"max-image-preview:large","max-video-preview":"max-video-preview:-1"},"canonical":"https:\/\/www.myallmeeting.com\/fr\/wp-json\/wp\/v2\/article\/16552363","og_locale":"fr_FR","og_type":"article","og_title":"Transformez la gestion des bagages en un atout strat\u00e9gique pour vos \u00e9v\u00e9nements et s\u00e9minaires - Accor MyAllMeeting.com","og_description":"Tranformez la gestion des bagages en un atout strat\u00e9gique pour vos \u00e9v\u00e9nements et s\u00e9minaires avec AlltheWay","og_url":"https:\/\/www.myallmeeting.com\/fr\/article\/transformez-la-gestion-des-bagages-en-un-atout-strategique-pour-vos-evenements-et-seminaires\/","og_site_name":"Accor MyAllMeeting.com","article_modified_time":"2025-10-08T13:06:02+00:00","og_image":[{"width":1920,"height":570,"url":"http:\/\/myallmeeting.com\/wp-content\/uploads\/2024\/10\/image-1920x570-1.png","type":"image\/png"}],"twitter_card":"summary_large_image","twitter_misc":{"Dur\u00e9e de lecture estim\u00e9e":"7 minutes"},"schema":{"@context":"https:\/\/schema.org","@graph":[{"@type":"WebPage","@id":"https:\/\/www.myallmeeting.com\/fr\/article\/transformez-la-gestion-des-bagages-en-un-atout-strategique-pour-vos-evenements-et-seminaires\/","url":"https:\/\/www.myallmeeting.com\/fr\/article\/transformez-la-gestion-des-bagages-en-un-atout-strategique-pour-vos-evenements-et-seminaires\/","name":"Transformez la gestion des bagages en un atout strat\u00e9gique pour vos \u00e9v\u00e9nements et s\u00e9minaires - Accor MyAllMeeting.com","isPartOf":{"@id":"https:\/\/www.myallmeeting.com\/fr\/#website"},"primaryImageOfPage":{"@id":"https:\/\/www.myallmeeting.com\/fr\/article\/transformez-la-gestion-des-bagages-en-un-atout-strategique-pour-vos-evenements-et-seminaires\/#primaryimage"},"image":{"@id":"https:\/\/www.myallmeeting.com\/fr\/article\/transformez-la-gestion-des-bagages-en-un-atout-strategique-pour-vos-evenements-et-seminaires\/#primaryimage"},"thumbnailUrl":"https:\/\/www.myallmeeting.com\/wp-content\/uploads\/2024\/10\/image-1920x570-1.png","datePublished":"2024-10-28T16:14:05+00:00","dateModified":"2025-10-08T13:06:02+00:00","description":"Tranformez la gestion des bagages en un atout strat\u00e9gique pour vos \u00e9v\u00e9nements et s\u00e9minaires avec AlltheWay","breadcrumb":{"@id":"https:\/\/www.myallmeeting.com\/fr\/article\/transformez-la-gestion-des-bagages-en-un-atout-strategique-pour-vos-evenements-et-seminaires\/#breadcrumb"},"inLanguage":"fr-FR","potentialAction":[{"@type":"ReadAction","target":["https:\/\/www.myallmeeting.com\/fr\/article\/transformez-la-gestion-des-bagages-en-un-atout-strategique-pour-vos-evenements-et-seminaires\/"]}]},{"@type":"ImageObject","inLanguage":"fr-FR","@id":"https:\/\/www.myallmeeting.com\/fr\/article\/transformez-la-gestion-des-bagages-en-un-atout-strategique-pour-vos-evenements-et-seminaires\/#primaryimage","url":"https:\/\/www.myallmeeting.com\/wp-content\/uploads\/2024\/10\/image-1920x570-1.png","contentUrl":"https:\/\/www.myallmeeting.com\/wp-content\/uploads\/2024\/10\/image-1920x570-1.png","width":1920,"height":570},{"@type":"BreadcrumbList","@id":"https:\/\/www.myallmeeting.com\/fr\/article\/transformez-la-gestion-des-bagages-en-un-atout-strategique-pour-vos-evenements-et-seminaires\/#breadcrumb","itemListElement":[{"@type":"ListItem","position":1,"name":"Accueil","item":"https:\/\/myallmeeting.com\/fr\/"},{"@type":"ListItem","position":2,"name":"Actualit\u00e9s","item":"https:\/\/www.myallmeeting.com\/fr\/actualite\/"},{"@type":"ListItem","position":3,"name":"Transformez la gestion des bagages en un atout strat\u00e9gique pour vos \u00e9v\u00e9nements et s\u00e9minaires"}]},{"@type":"WebSite","@id":"https:\/\/www.myallmeeting.com\/fr\/#website","url":"https:\/\/www.myallmeeting.com\/fr\/","name":"Accor MyAllMeeting.com","description":"Les Meilleurs lieux pour vos Ev\u00e9nements Professionnels","publisher":{"@id":"https:\/\/www.myallmeeting.com\/fr\/#organization"},"potentialAction":[{"@type":"SearchAction","target":{"@type":"EntryPoint","urlTemplate":"https:\/\/www.myallmeeting.com\/fr\/?s={search_term_string}"},"query-input":{"@type":"PropertyValueSpecification","valueRequired":true,"valueName":"search_term_string"}}],"inLanguage":"fr-FR"},{"@type":"Organization","@id":"https:\/\/www.myallmeeting.com\/fr\/#organization","name":"ACCOR","url":"https:\/\/www.myallmeeting.com\/fr\/","logo":{"@type":"ImageObject","inLanguage":"fr-FR","@id":"https:\/\/www.myallmeeting.com\/fr\/#\/schema\/logo\/image\/","url":"","contentUrl":"","caption":"ACCOR"},"image":{"@id":"https:\/\/www.myallmeeting.com\/fr\/#\/schema\/logo\/image\/"}}]}},"_links":{"self":[{"href":"https:\/\/www.myallmeeting.com\/fr\/wp-json\/wp\/v2\/article\/16552363","targetHints":{"allow":["GET"]}}],"collection":[{"href":"https:\/\/www.myallmeeting.com\/fr\/wp-json\/wp\/v2\/article"}],"about":[{"href":"https:\/\/www.myallmeeting.com\/fr\/wp-json\/wp\/v2\/types\/article"}],"wp:featuredmedia":[{"embeddable":true,"href":"https:\/\/www.myallmeeting.com\/fr\/wp-json\/wp\/v2\/media\/16552344"}],"wp:attachment":[{"href":"https:\/\/www.myallmeeting.com\/fr\/wp-json\/wp\/v2\/media?parent=16552363"}],"wp:term":[{"taxonomy":"periscope_categorie_tax","embeddable":true,"href":"https:\/\/www.myallmeeting.com\/fr\/wp-json\/wp\/v2\/periscope_categorie_tax?post=16552363"}],"curies":[{"name":"wp","href":"https:\/\/api.w.org\/{rel}","templated":true}]}}