{"id":16225349,"date":"2024-08-19T17:22:20","date_gmt":"2024-08-19T15:22:20","guid":{"rendered":"https:\/\/myallmeeting.com\/?post_type=article&#038;p=16225349"},"modified":"2024-08-19T17:22:39","modified_gmt":"2024-08-19T15:22:39","slug":"decouvrez-leurope-de-lest-avec-accor","status":"publish","type":"article","link":"https:\/\/www.myallmeeting.com\/fr\/article\/decouvrez-leurope-de-lest-avec-accor\/","title":{"rendered":"D\u00e9couvrez l&rsquo;Europe de l&rsquo;Est avec Accor"},"content":{"rendered":"<!-- START OF : Composant : block-periscope-theme-section-composant-25-texte-cta-2-images.php -->\n<div class=\"tcta2ia bg-white fs-wysiwyg mb-lg-12\" data-component=\"25-texte-cta-2-images\">\n\t<div class=\"tcta2ia__top\">\n\t\t<div class=\"container-fluid\" style=\"--bs-gutter-x: 0\">\n\t\t\t<div class=\"row\" style=\"--bs-gutter-x: 0\">\n\t\t\t\t<div class=\"col-lg-8\">\n\t\t\t\t\t\t\t\t\t\t<div class=\"bloc-mise-en-avant__top__left\">\n\t\t\t\t\t\t<img decoding=\"async\" src=\"https:\/\/www.myallmeeting.com\/wp-content\/uploads\/2024\/07\/4665-21-1268x846.jpg\" class=\"pe-2 pe-lg-0\" width=\"1268\" height=\"846\" alt=\"\" loading=\"lazy\" \/>\n\t\t\t\t\t<\/div>\n\t\t\t\t\t\t\t\t\t\t<div class=\"tcta2ia__bottom d-none d-lg-block pb-12 pt-lg-9 pb-lg-0 pe-lg-10\">\n\t\t\t\t\t\t\t\t\t\t\t\t<h2 class=\"fs-20 fs-lg-32 fw-semibold\">L&#039;Europe de l&#039;Est : Une r\u00e9gion aux joyaux cach\u00e9s <\/h2>\n\t\t\t\t\t\t\t\t\t\t\t\t\t\t\t\t\t\t<div class=\"fs-wysiwyg\"><p>L&rsquo;Europe de l&rsquo;Est regorge de joyaux cach\u00e9s qui deviennent peu \u00e0 peu moins cach\u00e9s, car de plus en plus de voyageurs s&rsquo;aventurent hors des grandes villes typiques pour explorer les chemins moins fr\u00e9quent\u00e9s. Certaines grandes villes d&rsquo;Europe de l&rsquo;Est, comme Cracovie, en Pologne, sont d\u00e9j\u00e0 en plein essor avec des restaurants chics et des sc\u00e8nes cr\u00e9atives, tandis que Bucarest, en Roumanie, offre une vie nocturne anim\u00e9e qui donne vie \u00e0 la ville. La c\u00f4te adriatique de l&rsquo;Albanie, en particulier la ville de Durr\u00ebs, offre des plages tranquilles, tandis que des endroits comme Kolasin, au Mont\u00e9n\u00e9gro, sont de plus en plus populaires pour le ski et la randonn\u00e9e. Ces villes ne sont que le d\u00e9but de l&rsquo;expansion des voyageurs curieux de d\u00e9couvrir des villes moins connues d&rsquo;Europe de l&rsquo;Est et nous les accompagnons en continuant d&rsquo;\u00e9tendre notre pr\u00e9sence en Europe de l&rsquo;Est avec les ouvertures ci-dessous.<\/p>\n<\/div>\n\t\t\t\t\t\t\t\t\t\t\t\t<div class=\"d-flex flex-column flex-lg-row align-items-center gap-5 gap-lg-8 justify-content-between\">\n\t\t\t\t\t\t\t<div class=\"fs-20 fs-lg-26 fw-semibold lh-xs\"><\/div>\n\t\t\t\t\t\t\t\t\t\t\t\t\t<\/div>\n\t\t\t\t\t<\/div>\n\t\t\t\t<\/div>\n\t\t\t\t<div class=\"col-lg-4\">\n\t\t\t\t\t<div class=\"tcta2ia__top__right t-0 r-0 bg-primary text-white pt-4 pb-4 px-2 pt-lg-8 pb-lg-16 px-lg-11 pb-xl-30\">\n\t\t\t\t\t\t\t\t\t\t\t\t\t\t\t\t\t\t<h2 class=\"unna fs-36 fs-lg-51 fs-xl-75 fs-italic fw-normal text-secondary\">D\u00e9couvrez l&#039;Europe de l&#039;Est avec Accor<\/h2>\n\t\t\t\t\t\t\t\t\t\t\t\t\t\t\t\t\t\t<h3 class=\"text-white fs-18 fs-lg-20 fs-xl-28 text-original-case\">L&#039;avenir de l&#039;Europe de l&#039;Est avec Accor : Tradition et innovation en harmonie <\/h3>\n\t\t\t\t\t\t\t\t\t\t\t\t\t\t\t\t\t\t<div class=\"fs-wysiwyg mb-4 fs-lg-16 fs-xl-20\"><p>Le voyage est un cadeau pr\u00e9cieux qui permet d&rsquo;\u00e9chapper \u00e0 la routine quotidienne et d&rsquo;explorer de nouvelles cultures. Alors que les habitudes des voyageurs \u00e9voluent, l&rsquo;Europe de l&rsquo;Est appara\u00eet comme une r\u00e9gion pleine de joyaux cach\u00e9s qui ne demandent qu&rsquo;\u00e0 \u00eatre d\u00e9couverts.<\/p>\n<p>Chez Accor, nous reconnaissons le riche potentiel de cette r\u00e9gion culturellement diversifi\u00e9e et nous nous engageons \u00e0 y d\u00e9velopper notre pr\u00e9sence. Notre strat\u00e9gie allie tradition et innovation moderne, en cr\u00e9ant des espaces qui respectent et c\u00e9l\u00e8brent le patrimoine local tout en introduisant un design et des \u00e9quipements contemporains.<\/p>\n<\/div>\n\t\t\t\t\t\t\t\t\t\t\t\t\t\t\t\t\t\t\t\t\t\t\t\t<p class=\"m-0\"><img decoding=\"async\" src=\"https:\/\/www.myallmeeting.com\/wp-content\/uploads\/2024\/07\/2789-53-633x398.jpg\" class=\"position-relative l-0\" width=\"633\" height=\"398\" alt=\"\" loading=\"lazy\" \/><\/p>\n\t\t\t\t\t\t\t\t\t\t\t<\/div>\n\t\t\t\t<\/div>\n\t\t\t<\/div>\n\t\t<\/div>\n\t<\/div>\n\t<div class=\"tcta2ia__bottom d-lg-none pb-12 py-lg-9 pe-lg-10\">\n\t\t\t\t<div class=\"h2 fs-20 fs-lg-32 fw-semibold\">L&#039;Europe de l&#039;Est : Une r\u00e9gion aux joyaux cach\u00e9s <\/div>\n\t\t\t\t\t\t<div class=\"fs-wysiwyg\"><p>L&rsquo;Europe de l&rsquo;Est regorge de joyaux cach\u00e9s qui deviennent peu \u00e0 peu moins cach\u00e9s, car de plus en plus de voyageurs s&rsquo;aventurent hors des grandes villes typiques pour explorer les chemins moins fr\u00e9quent\u00e9s. Certaines grandes villes d&rsquo;Europe de l&rsquo;Est, comme Cracovie, en Pologne, sont d\u00e9j\u00e0 en plein essor avec des restaurants chics et des sc\u00e8nes cr\u00e9atives, tandis que Bucarest, en Roumanie, offre une vie nocturne anim\u00e9e qui donne vie \u00e0 la ville. La c\u00f4te adriatique de l&rsquo;Albanie, en particulier la ville de Durr\u00ebs, offre des plages tranquilles, tandis que des endroits comme Kolasin, au Mont\u00e9n\u00e9gro, sont de plus en plus populaires pour le ski et la randonn\u00e9e. Ces villes ne sont que le d\u00e9but de l&rsquo;expansion des voyageurs curieux de d\u00e9couvrir des villes moins connues d&rsquo;Europe de l&rsquo;Est et nous les accompagnons en continuant d&rsquo;\u00e9tendre notre pr\u00e9sence en Europe de l&rsquo;Est avec les ouvertures ci-dessous.<\/p>\n<\/div>\n\t\t\t\t<div class=\"d-flex flex-column flex-lg-row align-items-center gap-5 gap-lg-8 justify-content-between\">\n\t\t\t<div class=\"fs-20 fs-lg-26 fw-semibold lh-xs\"><\/div>\n\t\t\t\t\t<\/div>\n\t<\/div>\n<\/div>\n<!-- END OF : Composant : block-periscope-theme-section-composant-25-texte-cta-2-images.php -->\n\n\n<!-- START OF : Composant : block-periscope-theme-section-composant-34-texte-image-slider.php -->\n<div class=\"text-image-slider fs-wysiwyg mb-8 mb-lg-12\" data-component=\"34-texte-image-slider\">\n\t<div class=\"container-fluid\" style=\"--bs-gutter-x: 0\">\n\t\t<div class=\"row\" style=\"--bs-gutter-x: 0\">\n\t\t\t<div class=\"col-lg-6\">\n\t\t\t\t<div class=\"text-image-slider__slider mb-7 mb-lg-12\">\n\t\t\t\t\t\t\t\t\t\t<div class=\"splide\">\n\t\t\t\t\t\t<div class=\"splide__track\">\n\t\t\t\t\t\t\t<div class=\"splide__list\">\n\t\t\t\t\t\t\t\t\t\t\t\t\t\t\t\t<div class=\"splide__slide\">\n\t\t\t\t\t\t\t\t\t<img decoding=\"async\" src=\"https:\/\/www.myallmeeting.com\/wp-content\/uploads\/2024\/08\/tbilisi-953x600.jpg\" width=\"953\" height=\"600\" alt=\"\" loading=\"lazy\">\n\t\t\t\t\t\t\t\t<\/div>\n\t\t\t\t\t\t\t\t\t\t\t\t\t\t\t\t\t\t\t\t\t\t\t\t\t<div class=\"splide__slide\">\n\t\t\t\t\t\t\t\t\t<img decoding=\"async\" src=\"https:\/\/www.myallmeeting.com\/wp-content\/uploads\/2024\/08\/budapest-953x600.jpg\" width=\"953\" height=\"600\" alt=\"\" loading=\"lazy\">\n\t\t\t\t\t\t\t\t<\/div>\n\t\t\t\t\t\t\t\t\t\t\t\t\t\t\t\t\t\t\t\t\t\t\t\t\t<div class=\"splide__slide\">\n\t\t\t\t\t\t\t\t\t<img decoding=\"async\" src=\"https:\/\/www.myallmeeting.com\/wp-content\/uploads\/2024\/08\/wroclaw-953x600.jpg\" width=\"953\" height=\"600\" alt=\"\" loading=\"lazy\">\n\t\t\t\t\t\t\t\t<\/div>\n\t\t\t\t\t\t\t\t\t\t\t\t\t\t\t\t\t\t\t\t\t\t\t\t\t<div class=\"splide__slide\">\n\t\t\t\t\t\t\t\t\t<img decoding=\"async\" src=\"https:\/\/www.myallmeeting.com\/wp-content\/uploads\/2024\/08\/marianske-lazne-953x600.jpg\" width=\"953\" height=\"600\" alt=\"\" loading=\"lazy\">\n\t\t\t\t\t\t\t\t<\/div>\n\t\t\t\t\t\t\t\t\t\t\t\t\t\t\t\t\t\t\t\t\t\t\t\t\t<div class=\"splide__slide\">\n\t\t\t\t\t\t\t\t\t<img decoding=\"async\" src=\"https:\/\/www.myallmeeting.com\/wp-content\/uploads\/2024\/08\/brasov-953x600.jpg\" width=\"953\" height=\"600\" alt=\"\" loading=\"lazy\">\n\t\t\t\t\t\t\t\t<\/div>\n\t\t\t\t\t\t\t\t\t\t\t\t\t\t\t\t\t\t\t\t\t\t\t\t<\/div>\n\t\t\t\t\t\t<\/div>\n\t\t\t\t\t\t<div class=\"splide__arrows d-none d-lg-block\">\n\t\t\t\t\t\t\t<button class=\"splide__arrow splide__arrow--prev px-lg-3 py-lg-4 px-xl-4 py-xl-5 px-xxl-5 py-xxl-7 position-absolute l-0 bg-white border-0\">\n\t\t\t\t\t\t\t\t<svg width=\"14\" height=\"27\" aria-hidden=\"true\">\n\t\t\t\t\t\t\t\t\t<use xlink:href=\"https:\/\/www.myallmeeting.com\/wp-content\/themes\/accor\/assets\/images\/sprite.svg#slider-prev\"><\/use>\n\t\t\t\t\t\t\t\t<\/svg>\n\t\t\t\t\t\t\t<\/button>\n\t\t\t\t\t\t\t<button class=\"splide__arrow splide__arrow--next px-lg-3 py-lg-4 px-xl-4 py-xl-5 px-xxl-5 py-xxl-7 position-absolute r-0 bg-white border-0\">\n\t\t\t\t\t\t\t\t<svg width=\"14\" height=\"27\" aria-hidden=\"true\">\n\t\t\t\t\t\t\t\t\t<use xlink:href=\"https:\/\/www.myallmeeting.com\/wp-content\/themes\/accor\/assets\/images\/sprite.svg#slider-prev\"><\/use>\n\t\t\t\t\t\t\t\t<\/svg>\n\t\t\t\t\t\t\t<\/button>\n\t\t\t\t\t\t<\/div>\n\t\t\t\t\t<\/div>\n\t\t\t\t\t\t\t\t\t<\/div>\n\t\t\t\t\t\t\t<\/div>\n\t\t\t<div class=\"col-lg-6\">\n\t\t\t\t<div class=\"text-image-slider__content mb-7 mb-lg-0\">\n\t\t\t\t\t\t\t\t\t\t<div class=\"fw-semibold lh-xs fs-20 fs-lg-32 ls--25 mb-5\">Des postes \u00e0 pourvoir en Europe de l&#039;Est \u00e0 partir de 2024 et au-del\u00e0 <\/div>\n\t\t\t\t\t\t\t\t\t\t\t\t\t\t\t<div class=\"fs-wysiwyg\">\n\t\t\t\t\t\t<p><strong><a href=\"https:\/\/myallmeeting.com\/fr\/hotel\/b0i6-novotel-tbilisi-center-ouverture-en-avril-2024\/\">Novotel Tbilisi Center, G\u00e9orgie<\/a> : <\/strong>Le patrimoine culturel rencontre le design contemporain<\/p>\n<p>Ouvert d\u00e9but 2024, le Novotel Tbilisi Center est un h\u00f4tel r\u00e9cemment construit au c\u0153ur de la vieille ville de Tbilissi. Le design moderne et minimaliste de l&rsquo;h\u00f4tel offre une vue imprenable sur la ville, tandis que ses espaces de coexistence uniques m\u00ealent affaires et plaisir. Con\u00e7u par les s\u0153urs Sundukovy, le Novotel Tbilisi Center sera une plaque tournante pour les voyageurs et les habitants, m\u00ealant le riche h\u00e9ritage culturel de Tbilissi \u00e0 des concepts de design innovants.<\/p>\n<p><strong><a href=\"https:\/\/myallmeeting.com\/fr\/hotel\/c319-pullman-budapest\/\">Pullman Budapest, Hongrie<\/a>\u00a0: <\/strong>Un style de vie moderne dans une ville historique<\/p>\n<p>\u00c9galement ouvert d\u00e9but 2024, le Pullman Budapest est strat\u00e9giquement situ\u00e9 \u00e0 proximit\u00e9 de l&rsquo;Op\u00e9ra d&rsquo;\u00c9tat hongrois et de l&rsquo;avenue Andrassy. Cet h\u00f4tel cinq \u00e9toiles allie style de vie et design pour les voyageurs d&rsquo;affaires et de loisirs. Avec ses 136 chambres modernes, ses diff\u00e9rents points de restauration et son toit-terrasse, il offre un m\u00e9lange de confort et de sophistication. Sa situation centrale permet aux clients d&rsquo;explorer facilement les sites embl\u00e9matiques de Budapest, du fleuve Danube au centre-ville anim\u00e9, en combinant l&rsquo;\u00e9l\u00e9gance historique et les \u00e9quipements modernes.<\/p>\n<p><strong><a href=\"https:\/\/myallmeeting.com\/fr\/hotel\/b8w2-grand-hotel-movenpick-wroclaw-ouverture-en-septembre-2024\/\">M\u00f6venpick Wroclaw, Pologne<\/a> : <\/strong>L&rsquo;\u00e9l\u00e9gance historique rencontre le confort moderne<\/p>\n<p>Ouvert en septembre 2024, le M\u00f6venpick Wroclaw sera le premier \u00e9tablissement M\u00f6venpick en Pologne. Situ\u00e9 en face de la gare centrale, ce grand h\u00f4tel patrimonial, construit \u00e0 l&rsquo;origine en 1903, est en train d&rsquo;\u00eatre revitalis\u00e9 pour offrir 180 chambres et suites. Le design de l&rsquo;h\u00f4tel rend hommage \u00e0 ses racines historiques tout en incorporant le confort moderne, offrant aux clients une exp\u00e9rience unique qui c\u00e9l\u00e8bre le riche pass\u00e9 et le pr\u00e9sent dynamique de Wroclaw.<\/p>\n<p><strong><a href=\"https:\/\/myallmeeting.com\/fr\/hotel\/c1g1-mercure-sofia-festa-ouverture-septembre-2024\/\">Mercure Sofia Festa, Bulgarie<\/a> : <\/strong>la profondeur culturelle rencontre le confort contemporain<\/p>\n<p>L&rsquo;h\u00f4tel Mercure Sofia Festa, qui ouvrira \u00e9galement ses portes en septembre 2024, est situ\u00e9 pr\u00e8s de la montagne Vitosha et propose 111 chambres et suites confortables. Proche d&rsquo;attractions majeures telles que le mus\u00e9e national d&rsquo;histoire et l&rsquo;\u00e9glise Boyana, l&rsquo;h\u00f4tel offre un m\u00e9lange parfait d&rsquo;installations d&rsquo;affaires et de loisirs. Les clients peuvent d\u00e9guster une cuisine internationale inspir\u00e9e des saveurs locales et explorer le riche patrimoine culturel de Sofia, o\u00f9 la culture bulgare traditionnelle rencontre les normes d&rsquo;hospitalit\u00e9 modernes.<\/p>\n<p><strong>Swiss\u00f4tel Marianske Lazne Resort &amp; Spa, R\u00e9publique tch\u00e8que :<\/strong> La tradition du spa avec une touche de modernit\u00e9<\/p>\n<p>Le Swiss\u00f4tel Marianske Lazne Resort &amp; Spa, dont l&rsquo;ouverture est pr\u00e9vue pour la fin de l&rsquo;ann\u00e9e 2024, sera un point de rep\u00e8re dans la c\u00e9l\u00e8bre ville thermale de Marianske Lazne. Cette propri\u00e9t\u00e9 fusionne cinq b\u00e2timents monumentaux, avec une fa\u00e7ade moderne et un atrium en verre \u00e9poustouflant. Avec 130 chambres magnifiquement con\u00e7ues, les clients profiteront d&rsquo;une retraite sereine qui combine la culture thermale traditionnelle de la ville avec des installations de bien-\u00eatre contemporaines. Ce m\u00e9lange de charme ancien et de luxe moderne illustre l&rsquo;approche dualiste de Accor.<\/p>\n<p><strong>Mercure Bra\u0219ov Center, Roumanie : <\/strong>charme historique et modernit\u00e9<\/p>\n<p>En 2025, le Mercure Bra\u0219ov Center ouvrira ses portes apr\u00e8s d&rsquo;importantes r\u00e9novations. Situ\u00e9 \u00e0 l&rsquo;entr\u00e9e du vieux centre de Bra\u0219ov, l&rsquo;h\u00f4tel proposera 181 chambres spacieuses, dont 28 suites. Dot\u00e9 d&rsquo;un restaurant \u00e0 la carte, d&rsquo;un bar dans le hall et de six espaces \u00e9v\u00e9nementiels, il est con\u00e7u pour r\u00e9pondre aux besoins des voyageurs d&rsquo;affaires et de loisirs. L&rsquo;\u00e9tablissement met en valeur la dualit\u00e9 entre le charme historique de Bra\u0219ov et ses aspirations modernes, en offrant une passerelle pour explorer le riche patrimoine et l&rsquo;avenir dynamique de la ville.<\/p>\n<p><strong>Swiss\u00f4tel Lagoon Budapest, Hongrie : <\/strong>Innovation durable dans un cadre traditionnel<\/p>\n<p>Pr\u00e9vu pour 2028, le Swiss\u00f4tel Lagoon Budapest sera un projet r\u00e9volutionnaire mettant en \u0153uvre des technologies durables et un design innovant. D\u00e9velopp\u00e9 par Forty Management, cet h\u00f4tel 100% autonome comprendra des panneaux solaires, des pompes \u00e0 chaleur et un lagon artificiel avec des plages de sable. Situ\u00e9 dans le quartier de Pesterzs\u00e9bet, il repr\u00e9sente l&rsquo;avenir de l&rsquo;h\u00f4tellerie, o\u00f9 le luxe rencontre la conscience environnementale tout en respectant le paysage urbain traditionnel de Budapest.<\/p>\n\t\t\t\t\t<\/div>\n\t\t\t\t\t\t\t\t\t<\/div>\n\t\t\t\t\t\t\t<\/div>        \n\t\t<\/div>\n\t<\/div>\n<\/div>\n<!-- END OF : Composant : block-periscope-theme-section-composant-34-texte-image-slider.php -->\n\n\n<!-- START OF : Composant : block-periscope-theme-section-composant-33-texte-image.php -->\n<!-- INVERSE -->\n<div class=\"text-image fs-wysiwyg mb-8 mb-lg-12\" data-component=\"33-texte-image\" data-reverse=\"oui\">\n\t<div class=\"container-fluid\" style=\"--bs-gutter-x: 0\">\n\t\t<div class=\"row\" style=\"--bs-gutter-x: 0\">\n\t\t\t<div class=\"col-lg-6\">\n\t\t\t\t<div class=\"text-image__content\">\n\t\t\t\t\t\t\t\t\t\t<div class=\"fw-semibold lh-xs fs-20 fs-lg-32 ls--25 mb-5\">R\u00e9unions et \u00e9v\u00e9nements inspirants <\/div>\n\t\t\t\t\t\t\t\t\t\t\t\t\t\t\t<div class=\"fs-wysiwyg\">\n\t\t\t\t\t\t<p>Accor ne se contente pas d&rsquo;offrir des s\u00e9jours exceptionnels dans ces h\u00f4tels innovants ; nous sommes \u00e9galement experts dans l&rsquo;organisation de r\u00e9unions et d&rsquo;\u00e9v\u00e9nements qui inspirent. Nos h\u00f4tels en Europe de l&rsquo;Est sont dot\u00e9s d&rsquo;\u00e9quipements de pointe qui r\u00e9pondent \u00e0 tous les besoins, \u00e0 tous les budgets et \u00e0 tous les formats d&rsquo;\u00e9v\u00e9nements. Qu&rsquo;il s&rsquo;agisse d&rsquo;une conf\u00e9rence d&rsquo;affaires au c\u0153ur de Budapest, d&rsquo;une retraite de bien-\u00eatre \u00e0 Marianske Lazne ou d&rsquo;un \u00e9v\u00e9nement culturel \u00e0 Tbilissi, Accor offre un service et une expertise in\u00e9gal\u00e9s. Nous travaillons en \u00e9troite collaboration avec les organisateurs d&rsquo;\u00e9v\u00e9nements pour cr\u00e9er des exp\u00e9riences m\u00e9morables qui laisseront une impression durable.<\/p>\n\t\t\t\t\t<\/div>\n\t\t\t\t\t\t\t\t\t<\/div>\n\t\t\t<\/div>    \n\t\t\t    \n\t\t\t<div class=\"col-lg-6 order-first order-lg-last mb-7 mb-lg-0\">\n\t\t\t\t<img decoding=\"async\" src=\"https:\/\/www.myallmeeting.com\/wp-content\/uploads\/2024\/07\/7046-59-953x600.jpg\" width=\"953\" height=\"600\" alt=\"\" loading=\"lazy\" class=\"w-100\" \/>\n\t\t\t<\/div>\n\t\t\t\t\t<\/div>\n\t<\/div>\n<\/div>\n<!-- END OF : Composant : block-periscope-theme-section-composant-33-texte-image.php -->\n\n\n<!-- START OF : Composant : block-periscope-theme-section-composant-33-texte-image.php -->\n<div class=\"text-image fs-wysiwyg mb-8 mb-lg-12\" data-component=\"33-texte-image\">\n\t<div class=\"container-fluid\" style=\"--bs-gutter-x: 0\">\n\t\t<div class=\"row\" style=\"--bs-gutter-x: 0\">\n\t\t\t\t\t\t<div class=\"col-lg-6 mb-7 mb-lg-0\">\n\t\t\t\t<img decoding=\"async\" src=\"https:\/\/www.myallmeeting.com\/wp-content\/uploads\/2024\/07\/6838-33-953x600.jpg\" width=\"953\" height=\"600\" alt=\"\" loading=\"lazy\" class=\"w-100\" \/>\n\t\t\t<\/div>\n\t\t\t\t\t\t<div class=\"col-lg-6\">\n\t\t\t\t<div class=\"text-image__content\">\n\t\t\t\t\t\t\t\t\t\t<div class=\"fw-semibold lh-xs fs-20 fs-lg-32 ls--25 mb-5\">L&#039;hospitalit\u00e9 augment\u00e9e : Au-del\u00e0 de l&#039;h\u00e9bergement <\/div>\n\t\t\t\t\t\t\t\t\t\t\t\t\t\t\t<div class=\"fs-wysiwyg\">\n\t\t\t\t\t\t<p>Notre approche de l&rsquo;hospitalit\u00e9 va au-del\u00e0 de l&rsquo;h\u00e9bergement. Nous offrons une hospitalit\u00e9 augment\u00e9e qui comprend des services personnalis\u00e9s, des solutions innovantes et un engagement en faveur du d\u00e9veloppement durable. En int\u00e9grant la culture locale et les normes internationales, les h\u00f4tels Accor offrent une exp\u00e9rience unique qui trouve un \u00e9cho aupr\u00e8s des voyageurs d&rsquo;aujourd&rsquo;hui.<\/p>\n\t\t\t\t\t<\/div>\n\t\t\t\t\t\t\t\t\t<\/div>\n\t\t\t<\/div>        \n\t\t<\/div>\n\t<\/div>\n<\/div>\n<!-- END OF : Composant : block-periscope-theme-section-composant-33-texte-image.php -->\n\n\n<!-- START OF : Composant : block-periscope-theme-section-composant-33-texte-image.php -->\n<!-- INVERSE -->\n<div class=\"text-image fs-wysiwyg mb-8 mb-lg-12\" data-component=\"33-texte-image\" data-reverse=\"oui\">\n\t<div class=\"container-fluid\" style=\"--bs-gutter-x: 0\">\n\t\t<div class=\"row\" style=\"--bs-gutter-x: 0\">\n\t\t\t<div class=\"col-lg-6\">\n\t\t\t\t<div class=\"text-image__content\">\n\t\t\t\t\t\t\t\t\t\t<div class=\"fw-semibold lh-xs fs-20 fs-lg-32 ls--25 mb-5\">Conclusion <\/div>\n\t\t\t\t\t\t\t\t\t\t\t\t\t\t\t<div class=\"fs-wysiwyg\">\n\t\t\t\t\t\t<p>L&rsquo;Europe de l&rsquo;Est est en plein essor et Accor est \u00e0 l&rsquo;avant-garde de cette transformation passionnante. Nous avons d\u00e9j\u00e0 72 \u00e9tablissements r\u00e9partis dans 13 pays ( Arm\u00e9nie, Bosnie, R\u00e9publique tch\u00e8que, Estonie, G\u00e9orgie, Hongrie, Lettonie, Lituanie, Mac\u00e9doine, Pologne, Roumanie, Slovaquie et Ukraine ), dont 19 h\u00f4tels Mercure, 19 h\u00f4tels ibis, 16 h\u00f4tels ibis Styles, 12 h\u00f4tels Novotel, 2 h\u00f4tels ibis Budget, 1 h\u00f4tel Pullman, 1 h\u00f4tel TRIBE, 1 h\u00f4tel Adiago et 1 h\u00f4tel Handwritten Collection. Avec la Bulgarie qui rejoindra notre r\u00e9seau \u00e0 la fin de l&rsquo;ann\u00e9e, et toutes les ouvertures suppl\u00e9mentaires mentionn\u00e9es ci-dessus, nous sommes tr\u00e8s enthousiastes \u00e0 l&rsquo;id\u00e9e de continuer \u00e0 nous d\u00e9velopper dans cette r\u00e9gion en plein essor.<\/p>\n<p>En m\u00ealant tradition et innovation, nous cr\u00e9ons des espaces qui honorent le pass\u00e9 tout en \u00e9tant tourn\u00e9s vers l&rsquo;avenir. Nos nouvelles ouvertures en Pologne, en R\u00e9publique tch\u00e8que, en G\u00e9orgie, en Roumanie, en Hongrie et en Bulgarie t\u00e9moignent de notre engagement dans cette r\u00e9gion dynamique. Que vous voyagiez pour les affaires ou les loisirs, que vous souhaitiez accueillir un \u00e9v\u00e9nement ou simplement explorer de nouvelles destinations, les \u00e9tablissements Accor en Europe de l&rsquo;Est offrent une hospitalit\u00e9 in\u00e9gal\u00e9e et des exp\u00e9riences inoubliables.<\/p>\n\t\t\t\t\t<\/div>\n\t\t\t\t\t\t\t\t\t<\/div>\n\t\t\t<\/div>    \n\t\t\t    \n\t\t\t<div class=\"col-lg-6 order-first order-lg-last mb-7 mb-lg-0\">\n\t\t\t\t<img decoding=\"async\" src=\"https:\/\/www.myallmeeting.com\/wp-content\/uploads\/2024\/07\/530-15-953x600.jpg\" width=\"953\" height=\"600\" alt=\"\" loading=\"lazy\" class=\"w-100\" \/>\n\t\t\t<\/div>\n\t\t\t\t\t<\/div>\n\t<\/div>\n<\/div>\n<!-- END OF : Composant : block-periscope-theme-section-composant-33-texte-image.php -->\n","protected":false},"excerpt":{"rendered":"<p>D\u00e9couvrez notre s\u00e9lection d&rsquo;h\u00f4tels pour d\u00e9couvrir l&rsquo;Europe de l&rsquo;Est avec Accor.<\/p>\n","protected":false},"featured_media":16225380,"menu_order":0,"template":"","periscope_categorie_tax":[],"class_list":["post-16225349","article","type-article","status-publish","has-post-thumbnail","hentry"],"acf":[],"yoast_head":"<title>D\u00e9couvrez l&#039;Europe de l&#039;Est avec Accor - Accor MyAllMeeting.com<\/title>\n<meta name=\"robots\" content=\"index, follow, max-snippet:-1, max-image-preview:large, max-video-preview:-1\" \/>\n<link rel=\"canonical\" href=\"https:\/\/www.myallmeeting.com\/fr\/wp-json\/wp\/v2\/article\/16225349\" \/>\n<meta property=\"og:locale\" content=\"fr_FR\" \/>\n<meta property=\"og:type\" content=\"article\" \/>\n<meta property=\"og:title\" content=\"D\u00e9couvrez l&#039;Europe de l&#039;Est avec Accor - Accor MyAllMeeting.com\" \/>\n<meta property=\"og:description\" content=\"D\u00e9couvrez notre s\u00e9lection d&#039;h\u00f4tels pour d\u00e9couvrir l&#039;Europe de l&#039;Est avec Accor.\" \/>\n<meta property=\"og:url\" content=\"https:\/\/www.myallmeeting.com\/fr\/article\/decouvrez-leurope-de-lest-avec-accor\/\" \/>\n<meta property=\"og:site_name\" content=\"Accor MyAllMeeting.com\" \/>\n<meta property=\"article:modified_time\" content=\"2024-08-19T15:22:39+00:00\" \/>\n<meta property=\"og:image\" content=\"https:\/\/www.myallmeeting.com\/wp-content\/uploads\/2024\/07\/MAM-imagery-1920-x-570-px-Baniere-7.png\" \/>\n\t<meta property=\"og:image:width\" content=\"1920\" \/>\n\t<meta property=\"og:image:height\" content=\"570\" \/>\n\t<meta property=\"og:image:type\" content=\"image\/png\" \/>\n<meta name=\"twitter:card\" content=\"summary_large_image\" \/>\n<meta name=\"twitter:label1\" content=\"Dur\u00e9e de lecture estim\u00e9e\" \/>\n\t<meta name=\"twitter:data1\" content=\"9 minutes\" \/>\n<script type=\"application\/ld+json\" class=\"yoast-schema-graph\">{\"@context\":\"https:\/\/schema.org\",\"@graph\":[{\"@type\":\"WebPage\",\"@id\":\"https:\/\/www.myallmeeting.com\/fr\/article\/decouvrez-leurope-de-lest-avec-accor\/\",\"url\":\"https:\/\/www.myallmeeting.com\/fr\/article\/decouvrez-leurope-de-lest-avec-accor\/\",\"name\":\"D\u00e9couvrez l'Europe de l'Est avec Accor - Accor MyAllMeeting.com\",\"isPartOf\":{\"@id\":\"https:\/\/www.myallmeeting.com\/fr\/#website\"},\"primaryImageOfPage\":{\"@id\":\"https:\/\/www.myallmeeting.com\/fr\/article\/decouvrez-leurope-de-lest-avec-accor\/#primaryimage\"},\"image\":{\"@id\":\"https:\/\/www.myallmeeting.com\/fr\/article\/decouvrez-leurope-de-lest-avec-accor\/#primaryimage\"},\"thumbnailUrl\":\"https:\/\/www.myallmeeting.com\/wp-content\/uploads\/2024\/07\/MAM-imagery-1920-x-570-px-Baniere-7.png\",\"datePublished\":\"2024-08-19T15:22:20+00:00\",\"dateModified\":\"2024-08-19T15:22:39+00:00\",\"breadcrumb\":{\"@id\":\"https:\/\/www.myallmeeting.com\/fr\/article\/decouvrez-leurope-de-lest-avec-accor\/#breadcrumb\"},\"inLanguage\":\"fr-FR\",\"potentialAction\":[{\"@type\":\"ReadAction\",\"target\":[\"https:\/\/www.myallmeeting.com\/fr\/article\/decouvrez-leurope-de-lest-avec-accor\/\"]}]},{\"@type\":\"ImageObject\",\"inLanguage\":\"fr-FR\",\"@id\":\"https:\/\/www.myallmeeting.com\/fr\/article\/decouvrez-leurope-de-lest-avec-accor\/#primaryimage\",\"url\":\"https:\/\/www.myallmeeting.com\/wp-content\/uploads\/2024\/07\/MAM-imagery-1920-x-570-px-Baniere-7.png\",\"contentUrl\":\"https:\/\/www.myallmeeting.com\/wp-content\/uploads\/2024\/07\/MAM-imagery-1920-x-570-px-Baniere-7.png\",\"width\":1920,\"height\":570},{\"@type\":\"BreadcrumbList\",\"@id\":\"https:\/\/www.myallmeeting.com\/fr\/article\/decouvrez-leurope-de-lest-avec-accor\/#breadcrumb\",\"itemListElement\":[{\"@type\":\"ListItem\",\"position\":1,\"name\":\"Accueil\",\"item\":\"https:\/\/myallmeeting.com\/fr\/\"},{\"@type\":\"ListItem\",\"position\":2,\"name\":\"Actualit\u00e9s\",\"item\":\"https:\/\/www.myallmeeting.com\/fr\/actualite\/\"},{\"@type\":\"ListItem\",\"position\":3,\"name\":\"D\u00e9couvrez l&rsquo;Europe de l&rsquo;Est avec Accor\"}]},{\"@type\":\"WebSite\",\"@id\":\"https:\/\/www.myallmeeting.com\/fr\/#website\",\"url\":\"https:\/\/www.myallmeeting.com\/fr\/\",\"name\":\"Accor MyAllMeeting.com\",\"description\":\"Les Meilleurs lieux pour vos Ev\u00e9nements Professionnels\",\"publisher\":{\"@id\":\"https:\/\/www.myallmeeting.com\/fr\/#organization\"},\"potentialAction\":[{\"@type\":\"SearchAction\",\"target\":{\"@type\":\"EntryPoint\",\"urlTemplate\":\"https:\/\/www.myallmeeting.com\/fr\/?s={search_term_string}\"},\"query-input\":{\"@type\":\"PropertyValueSpecification\",\"valueRequired\":true,\"valueName\":\"search_term_string\"}}],\"inLanguage\":\"fr-FR\"},{\"@type\":\"Organization\",\"@id\":\"https:\/\/www.myallmeeting.com\/fr\/#organization\",\"name\":\"ACCOR\",\"url\":\"https:\/\/www.myallmeeting.com\/fr\/\",\"logo\":{\"@type\":\"ImageObject\",\"inLanguage\":\"fr-FR\",\"@id\":\"https:\/\/www.myallmeeting.com\/fr\/#\/schema\/logo\/image\/\",\"url\":\"\",\"contentUrl\":\"\",\"caption\":\"ACCOR\"},\"image\":{\"@id\":\"https:\/\/www.myallmeeting.com\/fr\/#\/schema\/logo\/image\/\"}}]}<\/script>","yoast_head_json":{"title":"D\u00e9couvrez l'Europe de l'Est avec Accor - Accor MyAllMeeting.com","robots":{"index":"index","follow":"follow","max-snippet":"max-snippet:-1","max-image-preview":"max-image-preview:large","max-video-preview":"max-video-preview:-1"},"canonical":"https:\/\/www.myallmeeting.com\/fr\/wp-json\/wp\/v2\/article\/16225349","og_locale":"fr_FR","og_type":"article","og_title":"D\u00e9couvrez l'Europe de l'Est avec Accor - Accor MyAllMeeting.com","og_description":"D\u00e9couvrez notre s\u00e9lection d'h\u00f4tels pour d\u00e9couvrir l'Europe de l'Est avec Accor.","og_url":"https:\/\/www.myallmeeting.com\/fr\/article\/decouvrez-leurope-de-lest-avec-accor\/","og_site_name":"Accor MyAllMeeting.com","article_modified_time":"2024-08-19T15:22:39+00:00","og_image":[{"width":1920,"height":570,"url":"https:\/\/www.myallmeeting.com\/wp-content\/uploads\/2024\/07\/MAM-imagery-1920-x-570-px-Baniere-7.png","type":"image\/png"}],"twitter_card":"summary_large_image","twitter_misc":{"Dur\u00e9e de lecture estim\u00e9e":"9 minutes"},"schema":{"@context":"https:\/\/schema.org","@graph":[{"@type":"WebPage","@id":"https:\/\/www.myallmeeting.com\/fr\/article\/decouvrez-leurope-de-lest-avec-accor\/","url":"https:\/\/www.myallmeeting.com\/fr\/article\/decouvrez-leurope-de-lest-avec-accor\/","name":"D\u00e9couvrez l'Europe de l'Est avec Accor - Accor MyAllMeeting.com","isPartOf":{"@id":"https:\/\/www.myallmeeting.com\/fr\/#website"},"primaryImageOfPage":{"@id":"https:\/\/www.myallmeeting.com\/fr\/article\/decouvrez-leurope-de-lest-avec-accor\/#primaryimage"},"image":{"@id":"https:\/\/www.myallmeeting.com\/fr\/article\/decouvrez-leurope-de-lest-avec-accor\/#primaryimage"},"thumbnailUrl":"https:\/\/www.myallmeeting.com\/wp-content\/uploads\/2024\/07\/MAM-imagery-1920-x-570-px-Baniere-7.png","datePublished":"2024-08-19T15:22:20+00:00","dateModified":"2024-08-19T15:22:39+00:00","breadcrumb":{"@id":"https:\/\/www.myallmeeting.com\/fr\/article\/decouvrez-leurope-de-lest-avec-accor\/#breadcrumb"},"inLanguage":"fr-FR","potentialAction":[{"@type":"ReadAction","target":["https:\/\/www.myallmeeting.com\/fr\/article\/decouvrez-leurope-de-lest-avec-accor\/"]}]},{"@type":"ImageObject","inLanguage":"fr-FR","@id":"https:\/\/www.myallmeeting.com\/fr\/article\/decouvrez-leurope-de-lest-avec-accor\/#primaryimage","url":"https:\/\/www.myallmeeting.com\/wp-content\/uploads\/2024\/07\/MAM-imagery-1920-x-570-px-Baniere-7.png","contentUrl":"https:\/\/www.myallmeeting.com\/wp-content\/uploads\/2024\/07\/MAM-imagery-1920-x-570-px-Baniere-7.png","width":1920,"height":570},{"@type":"BreadcrumbList","@id":"https:\/\/www.myallmeeting.com\/fr\/article\/decouvrez-leurope-de-lest-avec-accor\/#breadcrumb","itemListElement":[{"@type":"ListItem","position":1,"name":"Accueil","item":"https:\/\/myallmeeting.com\/fr\/"},{"@type":"ListItem","position":2,"name":"Actualit\u00e9s","item":"https:\/\/www.myallmeeting.com\/fr\/actualite\/"},{"@type":"ListItem","position":3,"name":"D\u00e9couvrez l&rsquo;Europe de l&rsquo;Est avec Accor"}]},{"@type":"WebSite","@id":"https:\/\/www.myallmeeting.com\/fr\/#website","url":"https:\/\/www.myallmeeting.com\/fr\/","name":"Accor MyAllMeeting.com","description":"Les Meilleurs lieux pour vos Ev\u00e9nements Professionnels","publisher":{"@id":"https:\/\/www.myallmeeting.com\/fr\/#organization"},"potentialAction":[{"@type":"SearchAction","target":{"@type":"EntryPoint","urlTemplate":"https:\/\/www.myallmeeting.com\/fr\/?s={search_term_string}"},"query-input":{"@type":"PropertyValueSpecification","valueRequired":true,"valueName":"search_term_string"}}],"inLanguage":"fr-FR"},{"@type":"Organization","@id":"https:\/\/www.myallmeeting.com\/fr\/#organization","name":"ACCOR","url":"https:\/\/www.myallmeeting.com\/fr\/","logo":{"@type":"ImageObject","inLanguage":"fr-FR","@id":"https:\/\/www.myallmeeting.com\/fr\/#\/schema\/logo\/image\/","url":"","contentUrl":"","caption":"ACCOR"},"image":{"@id":"https:\/\/www.myallmeeting.com\/fr\/#\/schema\/logo\/image\/"}}]}},"_links":{"self":[{"href":"https:\/\/www.myallmeeting.com\/fr\/wp-json\/wp\/v2\/article\/16225349","targetHints":{"allow":["GET"]}}],"collection":[{"href":"https:\/\/www.myallmeeting.com\/fr\/wp-json\/wp\/v2\/article"}],"about":[{"href":"https:\/\/www.myallmeeting.com\/fr\/wp-json\/wp\/v2\/types\/article"}],"wp:featuredmedia":[{"embeddable":true,"href":"https:\/\/www.myallmeeting.com\/fr\/wp-json\/wp\/v2\/media\/16225380"}],"wp:attachment":[{"href":"https:\/\/www.myallmeeting.com\/fr\/wp-json\/wp\/v2\/media?parent=16225349"}],"wp:term":[{"taxonomy":"periscope_categorie_tax","embeddable":true,"href":"https:\/\/www.myallmeeting.com\/fr\/wp-json\/wp\/v2\/periscope_categorie_tax?post=16225349"}],"curies":[{"name":"wp","href":"https:\/\/api.w.org\/{rel}","templated":true}]}}