{"id":16225108,"date":"2024-08-06T12:28:50","date_gmt":"2024-08-06T10:28:50","guid":{"rendered":"https:\/\/myallmeeting.com\/?post_type=article&#038;p=16225108"},"modified":"2024-08-07T14:07:30","modified_gmt":"2024-08-07T12:07:30","slug":"vue-mer-ou-montagne-pour-votre-evenement-estival","status":"publish","type":"article","link":"https:\/\/www.myallmeeting.com\/fr\/article\/vue-mer-ou-montagne-pour-votre-evenement-estival\/","title":{"rendered":"Vue mer ou montagne pour votre \u00e9v\u00e8nement estival ?"},"content":{"rendered":"<!-- START OF : Composant : block-periscope-theme-section-composant-25-texte-cta-2-images.php -->\n<div class=\"tcta2ia bg-white fs-wysiwyg mb-lg-12\" data-component=\"25-texte-cta-2-images\">\n\t<div class=\"tcta2ia__top\">\n\t\t<div class=\"container-fluid\" style=\"--bs-gutter-x: 0\">\n\t\t\t<div class=\"row\" style=\"--bs-gutter-x: 0\">\n\t\t\t\t<div class=\"col-lg-8\">\n\t\t\t\t\t\t\t\t\t\t<div class=\"bloc-mise-en-avant__top__left\">\n\t\t\t\t\t\t<img decoding=\"async\" src=\"https:\/\/www.myallmeeting.com\/wp-content\/uploads\/2024\/07\/mountain-1268x846.jpg\" class=\"pe-2 pe-lg-0\" width=\"1268\" height=\"846\" alt=\"\" loading=\"lazy\" \/>\n\t\t\t\t\t<\/div>\n\t\t\t\t\t\t\t\t\t\t<div class=\"tcta2ia__bottom d-none d-lg-block pb-12 pt-lg-9 pb-lg-0 pe-lg-10\">\n\t\t\t\t\t\t\t\t\t\t\t\t<h2 class=\"fs-20 fs-lg-32 fw-semibold\">Montagne ou bord de mer ? Un dilemme pour la mise en place d&#039;\u00e9v\u00e9nements agr\u00e9ables<\/h2>\n\t\t\t\t\t\t\t\t\t\t\t\t\t\t\t\t\t\t<div class=\"fs-wysiwyg\"><p><span>Les \u00e9v\u00e9nements organis\u00e9s dans des r\u00e9gions montagneuses ou en bord de mer offrent chacun des avantages uniques qui r\u00e9pondent aux diff\u00e9rents objectifs de l&rsquo;\u00e9v\u00e9nement et aux attentes des participants. Comprendre ces environnements contrast\u00e9s vous aidera \u00e0 choisir la toile de fond id\u00e9ale qui correspond le mieux aux objectifs de votre \u00e9v\u00e9nement.<\/span><\/p>\n<\/div>\n\t\t\t\t\t\t\t\t\t\t\t\t<div class=\"d-flex flex-column flex-lg-row align-items-center gap-5 gap-lg-8 justify-content-between\">\n\t\t\t\t\t\t\t<div class=\"fs-20 fs-lg-26 fw-semibold lh-xs\"><\/div>\n\t\t\t\t\t\t\t\t\t\t\t\t\t<\/div>\n\t\t\t\t\t<\/div>\n\t\t\t\t<\/div>\n\t\t\t\t<div class=\"col-lg-4\">\n\t\t\t\t\t<div class=\"tcta2ia__top__right t-0 r-0 bg-primary text-white pt-4 pb-4 px-2 pt-lg-8 pb-lg-16 px-lg-11 pb-xl-30\">\n\t\t\t\t\t\t\t\t\t\t\t\t\t\t\t\t\t\t<h2 class=\"unna fs-36 fs-lg-51 fs-xl-75 fs-italic fw-normal text-secondary\">Vue mer ou montagne pour votre \u00e9v\u00e8nement estival ?<\/h2>\n\t\t\t\t\t\t\t\t\t\t\t\t\t\t\t\t\t\t<h3 class=\"text-white fs-18 fs-lg-20 fs-xl-28 text-original-case\">La saison estivale arrive &#8211; Un choix de toiles de fond \u00e9poustouflantes pour votre prochain \u00e9v\u00e9nement<\/h3>\n\t\t\t\t\t\t\t\t\t\t\t\t\t\t\t\t\t\t<div class=\"fs-wysiwyg mb-4 fs-lg-16 fs-xl-20\"><p><span>\u00c0 l&rsquo;approche de la saison estivale, les professionnels de la gestion et les organisateurs d&rsquo;\u00e9v\u00e9nements sont confront\u00e9s \u00e0 la t\u00e2che passionnante de d\u00e9cider o\u00f9 organiser leurs prochains \u00e9v\u00e9nements et r\u00e9unions. Accor propose un vaste portefeuille en Europe et en Afrique du Nord (ENA), offrant un large \u00e9ventail de lieux \u00e0 couper le souffle. Que vous soyez attir\u00e9 par les hauteurs tranquilles des Alpes ou par les rivages dor\u00e9s de la M\u00e9diterran\u00e9e, explorons les avantages des deux options pour vous aider \u00e0 prendre votre d\u00e9cision.<\/span><\/p>\n<\/div>\n\t\t\t\t\t\t\t\t\t\t\t\t\t\t\t\t\t\t\t\t\t\t\t\t<p class=\"m-0\"><img decoding=\"async\" src=\"https:\/\/www.myallmeeting.com\/wp-content\/uploads\/2024\/07\/Mercure-Monte-Igueldo-2-633x398.jpg\" class=\"position-relative l-0\" width=\"633\" height=\"398\" alt=\"\" loading=\"lazy\" \/><\/p>\n\t\t\t\t\t\t\t\t\t\t\t<\/div>\n\t\t\t\t<\/div>\n\t\t\t<\/div>\n\t\t<\/div>\n\t<\/div>\n\t<div class=\"tcta2ia__bottom d-lg-none pb-12 py-lg-9 pe-lg-10\">\n\t\t\t\t<div class=\"h2 fs-20 fs-lg-32 fw-semibold\">Montagne ou bord de mer ? Un dilemme pour la mise en place d&#039;\u00e9v\u00e9nements agr\u00e9ables<\/div>\n\t\t\t\t\t\t<div class=\"fs-wysiwyg\"><p><span>Les \u00e9v\u00e9nements organis\u00e9s dans des r\u00e9gions montagneuses ou en bord de mer offrent chacun des avantages uniques qui r\u00e9pondent aux diff\u00e9rents objectifs de l&rsquo;\u00e9v\u00e9nement et aux attentes des participants. Comprendre ces environnements contrast\u00e9s vous aidera \u00e0 choisir la toile de fond id\u00e9ale qui correspond le mieux aux objectifs de votre \u00e9v\u00e9nement.<\/span><\/p>\n<\/div>\n\t\t\t\t<div class=\"d-flex flex-column flex-lg-row align-items-center gap-5 gap-lg-8 justify-content-between\">\n\t\t\t<div class=\"fs-20 fs-lg-26 fw-semibold lh-xs\"><\/div>\n\t\t\t\t\t<\/div>\n\t<\/div>\n<\/div>\n<!-- END OF : Composant : block-periscope-theme-section-composant-25-texte-cta-2-images.php -->\n\n\n<!-- START OF : Composant : block-periscope-theme-section-composant-33-texte-image.php -->\n<div class=\"text-image fs-wysiwyg mb-8 mb-lg-12\" data-component=\"33-texte-image\">\n\t<div class=\"container-fluid\" style=\"--bs-gutter-x: 0\">\n\t\t<div class=\"row\" style=\"--bs-gutter-x: 0\">\n\t\t\t\t\t\t<div class=\"col-lg-6 mb-7 mb-lg-0\">\n\t\t\t\t<img decoding=\"async\" src=\"https:\/\/www.myallmeeting.com\/wp-content\/uploads\/2024\/07\/mountain-2-953x600.jpg\" width=\"953\" height=\"600\" alt=\"\" loading=\"lazy\" class=\"w-100\" \/>\n\t\t\t<\/div>\n\t\t\t\t\t\t<div class=\"col-lg-6\">\n\t\t\t\t<div class=\"text-image__content\">\n\t\t\t\t\t\t\t\t\t\t<div class=\"fw-semibold lh-xs fs-20 fs-lg-32 ls--25 mb-5\">L&#039;inspiration dans les sommets <\/div>\n\t\t\t\t\t\t\t\t\t\t\t\t\t\t\t<div class=\"fs-wysiwyg\">\n\t\t\t\t\t\t<p>Respirez l&rsquo;air pur et faites le plein d&rsquo;\u00e9nergie en admirant des paysages exceptionnels. Voici trois avantages cl\u00e9s \u00e0 choisir la montagne :<\/p>\n<ol>\n<li><strong>Tranquillit\u00e9 et concentration :<\/strong> Les sites de montagne offrent un environnement serein et sans distraction, id\u00e9al pour une concentration et une productivit\u00e9 optimales. La beaut\u00e9 naturelle de l&rsquo;environnement stimule la cr\u00e9ativit\u00e9 et l&rsquo;inspiration, ce qui en fait un lieu id\u00e9al pour les r\u00e9unions strat\u00e9giques et les s\u00e9ances de remue-m\u00e9ninges.<\/li>\n<li><strong>Aventure et renforcement de l&rsquo;esprit d&rsquo;\u00e9quipe :<\/strong> Les terrains montagneux offrent des possibilit\u00e9s d&rsquo;activit\u00e9s de plein air telles que la randonn\u00e9e, le ski et le VTT. L&rsquo;int\u00e9gration de ces activit\u00e9s dans le programme de votre \u00e9v\u00e9nement peut permettre de cr\u00e9er des liens entre les membres de l&rsquo;\u00e9quipe et de remonter le moral des troupes.<\/li>\n<li><strong>Des vues \u00e0 couper le souffle :<\/strong> Avec leurs vues panoramiques, les sites de montagne offrent une toile de fond spectaculaire pour n&rsquo;importe quel \u00e9v\u00e9nement, avec de belles opportunit\u00e9s pour des photos d&rsquo;\u00e9quipe impressionnantes.<\/li>\n<\/ol>\n\t\t\t\t\t<\/div>\n\t\t\t\t\t\t\t\t\t<\/div>\n\t\t\t<\/div>        \n\t\t<\/div>\n\t<\/div>\n<\/div>\n<!-- END OF : Composant : block-periscope-theme-section-composant-33-texte-image.php -->\n\n\n<!-- START OF : Composant : block-periscope-theme-section-composant-34-texte-image-slider.php -->\n<!-- INVERSE -->\n<div class=\"text-image-slider fs-wysiwyg mb-8 mb-lg-12\" data-component=\"34-texte-image-slider\" data-reverse=\"oui\">\n<div class=\"container-fluid\" style=\"--bs-gutter-x: 0\">\n\t\t<div class=\"row\" style=\"--bs-gutter-x: 0\">\n\t\t\t<div class=\"col-lg-6\">\n\t\t\t\t<div class=\"text-image-slider__content mb-7 mb-lg-0\">\n\t\t\t\t\t\t\t\t\t\t<div class=\"fw-semibold lh-xs fs-20 fs-lg-32 ls--25 mb-5\">H\u00f4tels Accor avec vue sur la montagne et espaces de r\u00e9union :<\/div>\n\t\t\t\t\t\t\t\t\t\t\t\t\t\t\t<div class=\"fs-wysiwyg\">\n\t\t\t\t\t\t<p><strong><a href=\"https:\/\/myallmeeting.com\/fr\/hotel\/b803-mercure-peyragudes-loudenvielle-pyrenees\/\">Mercure Peyragudes Loudenvielle Pyr\u00e9n\u00e9es<\/a> (France<\/strong>)<\/p>\n<ul>\n<li><strong>Une oasis dans les Pyr\u00e9n\u00e9es :<\/strong> Id\u00e9alement situ\u00e9 dans le village de Loudenvielle, cet h\u00f4tel 4 \u00e9toiles allie charme rustique et \u00e9quipements modernes. Vous pourrez profiter d&rsquo;une piscine chauff\u00e9e face aux montagnes, d&rsquo;une chemin\u00e9e confortable et d&rsquo;un restaurant servant des produits frais et de saison. L&rsquo;h\u00f4tel offre de superbes vues sur les montagnes, un acc\u00e8s direct aux locations Intersport et au t\u00e9l\u00e9ph\u00e9rique SKYVALL. Avec plusieurs salles de r\u00e9unions offrant des vues magnifiques sur les montagnes, cet \u00e9tablissement ne manquera pas d&rsquo;impressionner.<\/li>\n<\/ul>\n<p><strong><a href=\"https:\/\/myallmeeting.com\/fr\/hotel\/0371-hotel-mercure-andorra\/\">H\u00f4tel Mercure Andorra<\/a> (Andorre<\/strong>)<\/p>\n<ul>\n<li><strong>Le c\u0153ur de l&rsquo;Andorre : <\/strong>situ\u00e9 au c\u0153ur des Pyr\u00e9n\u00e9es, ce complexe h\u00f4telier 4 \u00e9toiles d&rsquo;Andorre-la-Vieille est id\u00e9al pour le ski, la randonn\u00e9e, le cyclisme et les activit\u00e9s culturelles, qui sont autant d&rsquo;occasions de resserrer les liens au sein de l&rsquo;\u00e9quipe. Il y a \u00e9galement deux piscines, un hammam, un sauna et un bain \u00e0 remous pour se d\u00e9tendre apr\u00e8s une longue journ\u00e9e. Trois salles de r\u00e9unions spacieuses sont \u00e9galement disponibles pour r\u00e9pondre \u00e0 vos besoins professionnels.<\/li>\n<\/ul>\n<p><strong><a href=\"https:\/\/myallmeeting.com\/fr\/hotel\/9076-hotel-mercure-krynica-zdroj-resort-spa\/\">H\u00f4tel Mercure Krynica Zdroj Resort &amp; Spa<\/a> (Pologne<\/strong>)<\/p>\n<ul>\n<li><strong>Oasis polonaise :<\/strong> D\u00e9couvrez l&rsquo;authentique hospitalit\u00e9 polonaise dans cet h\u00f4tel 4 \u00e9toiles situ\u00e9 dans les montagnes pittoresques de Krynica-Zdr\u00f3j, \u00e0 seulement 500 m\u00e8tres du centre-ville, \u00e0 proximit\u00e9 des sentiers de randonn\u00e9e, des pistes cyclables et des pistes de ski, ce qui en fait un lieu id\u00e9al pour les voyageurs d&rsquo;affaires et de loisirs. Cet h\u00f4tel propose des chambres confortables et spacieuses, des salles de r\u00e9unions enti\u00e8rement \u00e9quip\u00e9es pour une r\u00e9union parfaite dans les montagnes, et un restaurant gastronomique pour se retrouver entre coll\u00e8gues apr\u00e8s la journ\u00e9e.<\/li>\n<\/ul>\n<p><strong><a href=\"https:\/\/myallmeeting.com\/fr\/hotel\/b5i0-novotel-megeve-mont-blanc\/\">H\u00f4tel Novotel Meg\u00e8ve Mont-Blanc<\/a> (France<\/strong>)<\/p>\n<ul>\n<li><strong>Chalet de charme :<\/strong> Ce chalet moderne 4 \u00e9toiles situ\u00e9 \u00e0 proximit\u00e9 des pistes de ski du Mont Blanc et du centre de Meg\u00e8ve offre un acc\u00e8s facile aux boutiques, aux restaurants et aux activit\u00e9s. Vous b\u00e9n\u00e9ficierez de r\u00e9ductions sur le mat\u00e9riel de ski et d&rsquo;un service de navette pour les pistes. Quatre salles de r\u00e9unions sont \u00e0 votre disposition et vous pourrez vous d\u00e9tendre apr\u00e8s une journ\u00e9e de r\u00e9unions dans le spa et l&rsquo;espace de baln\u00e9oth\u00e9rapie du chalet.<\/li>\n<\/ul>\n<p><strong><a href=\"https:\/\/myallmeeting.com\/fr\/hotel\/2940-mercure-hotel-garmisch-partenkirchen\/\">Mercure Hotel Garmisch-Partenkirchen<\/a> (Allemagne<\/strong>)<\/p>\n<ul>\n<li><strong>Vues panoramiques sur la Bavi\u00e8re :<\/strong> Situ\u00e9 au pied de la Zugspitze et au milieu de lacs pittoresques, cet h\u00f4tel 4 \u00e9toiles dispose de sept salles de r\u00e9unions, d&rsquo;un studio de rh\u00e9torique et d&rsquo;un espace de loisirs avec piscine, salle de remise en forme et sauna. Vous pourrez profiter des sentiers de randonn\u00e9e, des domaines skiables et des gorges de Partnach situ\u00e9s \u00e0 proximit\u00e9. L&rsquo;h\u00f4tel dispose \u00e9galement d&rsquo;un biergarten ( litt\u00e9ralement \u00ab\u00a0jardin \u00e0 bi\u00e8re\u00a0\u00bb lieu de rencontre typiquement allemand ) d\u00e9contract\u00e9 avec vue sur les Alpes et d&rsquo;un restaurant bavarois classique avec biergarten, qui vous permettra d&rsquo;organiser une r\u00e9union r\u00e9ussie avec vos coll\u00e8gues.<\/li>\n<\/ul>\n\t\t\t\t\t<\/div>\n\t\t\t\t\t\t\t\t\t<\/div>\n\t\t\t\t\t\t\t\t<div class=\"text-center d-lg-none px-8\">\n\t\t\t\t\t<!-- M\u00eame image -->\n\t\t\t\t\t<img decoding=\"async\" src=\"https:\/\/www.myallmeeting.com\/wp-content\/uploads\/2024\/08\/Mercure-Loudenvielle-Pyrenees-Peyragudes-1-633x398.jpg\" width=\"633\" height=\"398\" alt=\"\" loading=\"lazy\">\n\t\t\t\t<\/div>\n\t\t\t\t\t\t\t<\/div>        \n\t\t\t<div class=\"col-lg-6 order-first order-lg-last\">\n\t\t\t\t<div class=\"text-image-slider__slider mb-7 mb-lg-12\">\n\t\t\t\t\t\t\t\t\t\t<div class=\"splide\">\n\t\t\t\t\t\t<div class=\"splide__track\">\n\t\t\t\t\t\t\t<div class=\"splide__list\">\n\t\t\t\t\t\t\t\t\t\t\t\t\t\t\t\t<div class=\"splide__slide\">\n\t\t\t\t\t\t\t\t\t<img decoding=\"async\" src=\"https:\/\/www.myallmeeting.com\/wp-content\/uploads\/2024\/07\/MAM-imagery-slider-952x600-14.png\" width=\"953\" height=\"600\" alt=\"\" loading=\"lazy\">\n\t\t\t\t\t\t\t\t<\/div>\n\t\t\t\t\t\t\t\t\t\t\t\t\t\t\t\t\t\t\t\t\t\t\t\t\t<div class=\"splide__slide\">\n\t\t\t\t\t\t\t\t\t<img decoding=\"async\" src=\"https:\/\/www.myallmeeting.com\/wp-content\/uploads\/2024\/07\/MAM-imagery-slider-952x600-15.png\" width=\"953\" height=\"600\" alt=\"\" loading=\"lazy\">\n\t\t\t\t\t\t\t\t<\/div>\n\t\t\t\t\t\t\t\t\t\t\t\t\t\t\t\t\t\t\t\t\t\t\t\t\t<div class=\"splide__slide\">\n\t\t\t\t\t\t\t\t\t<img decoding=\"async\" src=\"https:\/\/www.myallmeeting.com\/wp-content\/uploads\/2024\/07\/MAM-imagery-slider-952x600-16.png\" width=\"953\" height=\"600\" alt=\"\" loading=\"lazy\">\n\t\t\t\t\t\t\t\t<\/div>\n\t\t\t\t\t\t\t\t\t\t\t\t\t\t\t\t\t\t\t\t\t\t\t\t\t<div class=\"splide__slide\">\n\t\t\t\t\t\t\t\t\t<img decoding=\"async\" src=\"https:\/\/www.myallmeeting.com\/wp-content\/uploads\/2024\/07\/MAM-imagery-slider-952x600-17.png\" width=\"953\" height=\"600\" alt=\"\" loading=\"lazy\">\n\t\t\t\t\t\t\t\t<\/div>\n\t\t\t\t\t\t\t\t\t\t\t\t\t\t\t\t\t\t\t\t\t\t\t\t\t<div class=\"splide__slide\">\n\t\t\t\t\t\t\t\t\t<img decoding=\"async\" src=\"https:\/\/www.myallmeeting.com\/wp-content\/uploads\/2024\/07\/MAM-imagery-slider-952x600-18.png\" width=\"953\" height=\"600\" alt=\"\" loading=\"lazy\">\n\t\t\t\t\t\t\t\t<\/div>\n\t\t\t\t\t\t\t\t\t\t\t\t\t\t\t\t\t\t\t\t\t\t\t\t<\/div>\n\t\t\t\t\t\t<\/div>\n\t\t\t\t\t\t<div class=\"splide__arrows d-none d-lg-block\">\n\t\t\t\t\t\t\t<button class=\"splide__arrow splide__arrow--prev px-lg-3 py-lg-4 px-xl-4 py-xl-5 px-xxl-5 py-xxl-7 position-absolute l-0 bg-white border-0\">\n\t\t\t\t\t\t\t\t<svg width=\"14\" height=\"27\" aria-hidden=\"true\">\n\t\t\t\t\t\t\t\t\t<use xlink:href=\"https:\/\/www.myallmeeting.com\/wp-content\/themes\/accor\/assets\/images\/sprite.svg#slider-prev\"><\/use>\n\t\t\t\t\t\t\t\t<\/svg>\n\t\t\t\t\t\t\t<\/button>\n\t\t\t\t\t\t\t<button class=\"splide__arrow splide__arrow--next px-lg-3 py-lg-4 px-xl-4 py-xl-5 px-xxl-5 py-xxl-7 position-absolute r-0 bg-white border-0\">\n\t\t\t\t\t\t\t\t<svg width=\"14\" height=\"27\" aria-hidden=\"true\">\n\t\t\t\t\t\t\t\t\t<use xlink:href=\"https:\/\/www.myallmeeting.com\/wp-content\/themes\/accor\/assets\/images\/sprite.svg#slider-prev\"><\/use>\n\t\t\t\t\t\t\t\t<\/svg>\n\t\t\t\t\t\t\t<\/button>\n\t\t\t\t\t\t<\/div>\n\t\t\t\t\t<\/div>\n\t\t\t\t\t\t\t\t\t<\/div>\n\t\t\t\t\t\t\t\t\t<div class=\"text-image-slider__content d-none d-lg-block\">\n\t\t\t\t\t<!-- M\u00eame image -->\n\t\t\t\t\t<img decoding=\"async\" src=\"https:\/\/www.myallmeeting.com\/wp-content\/uploads\/2024\/08\/Mercure-Loudenvielle-Pyrenees-Peyragudes-1-633x398.jpg\" width=\"633\" height=\"398\" alt=\"\" loading=\"lazy\">\n\t\t\t\t<\/div>\n\t\t\t\t\t\t\t<\/div>\n\t\t<\/div>\n\t<\/div>\n<\/div>\n<!-- END OF : Composant : block-periscope-theme-section-composant-34-texte-image-slider.php -->\n\n\n<!-- START OF : Composant : block-periscope-theme-section-composant-33-texte-image.php -->\n<div class=\"text-image fs-wysiwyg mb-8 mb-lg-12\" data-component=\"33-texte-image\">\n\t<div class=\"container-fluid\" style=\"--bs-gutter-x: 0\">\n\t\t<div class=\"row\" style=\"--bs-gutter-x: 0\">\n\t\t\t\t\t\t<div class=\"col-lg-6 mb-7 mb-lg-0\">\n\t\t\t\t<img decoding=\"async\" src=\"https:\/\/www.myallmeeting.com\/wp-content\/uploads\/2024\/07\/Novotel-Thalassa-Le-Touquet-1-953x600.jpg\" width=\"953\" height=\"600\" alt=\"\" loading=\"lazy\" class=\"w-100\" \/>\n\t\t\t<\/div>\n\t\t\t\t\t\t<div class=\"col-lg-6\">\n\t\t\t\t<div class=\"text-image__content\">\n\t\t\t\t\t\t\t\t\t\t<div class=\"fw-semibold lh-xs fs-20 fs-lg-32 ls--25 mb-5\">S\u00e9r\u00e9nit\u00e9 du littoral <\/div>\n\t\t\t\t\t\t\t\t\t\t\t\t\t\t\t<div class=\"fs-wysiwyg\">\n\t\t\t\t\t\t<p>Respirez l&rsquo;air sal\u00e9 de la mer et plongez dans les trois principaux avantages du choix d&rsquo;un emplacement en bord de mer :<\/p>\n<ol>\n<li><strong>D\u00e9tente et rajeunissement :<\/strong> Les sites c\u00f4tiers sont par nature relaxants. Le bruit apaisant des vagues et la douce brise marine cr\u00e9ent un cadre parfait pour se d\u00e9tendre et d\u00e9stresser, ce qui en fait un lieu id\u00e9al pour les retraites et les \u00e9v\u00e9nements ax\u00e9s sur le bien-\u00eatre.<\/li>\n<li><strong>Une atmosph\u00e8re dynamique :<\/strong> Les r\u00e9gions c\u00f4ti\u00e8res, comme la C\u00f4te d&rsquo;Azur ou la c\u00f4te marocaine, sont souvent pleines d&rsquo;\u00e9nergie. Leur culture riche, leur cuisine d\u00e9licieuse et leur vie nocturne anim\u00e9e peuvent ajouter une \u00e9tincelle suppl\u00e9mentaire \u00e0 votre \u00e9v\u00e9nement, avec beaucoup de choses \u00e0 explorer pour les participants pendant leur temps libre.<\/li>\n<li><strong>Activit\u00e9s nautiques et r\u00e9cr\u00e9atives :<\/strong> L&rsquo;int\u00e9gration d&rsquo;activit\u00e9s nautiques telles que la voile, la plong\u00e9e en apn\u00e9e ou les jeux de plage dans l&rsquo;itin\u00e9raire peut permettre de resserrer les liens au sein de l&rsquo;\u00e9quipe et de cr\u00e9er des souvenirs imp\u00e9rissables.<\/li>\n<\/ol>\n\t\t\t\t\t<\/div>\n\t\t\t\t\t\t\t\t\t<\/div>\n\t\t\t<\/div>        \n\t\t<\/div>\n\t<\/div>\n<\/div>\n<!-- END OF : Composant : block-periscope-theme-section-composant-33-texte-image.php -->\n\n\n<!-- START OF : Composant : block-periscope-theme-section-composant-34-texte-image-slider.php -->\n<!-- INVERSE -->\n<div class=\"text-image-slider fs-wysiwyg mb-8 mb-lg-12\" data-component=\"34-texte-image-slider\" data-reverse=\"oui\">\n<div class=\"container-fluid\" style=\"--bs-gutter-x: 0\">\n\t\t<div class=\"row\" style=\"--bs-gutter-x: 0\">\n\t\t\t<div class=\"col-lg-6\">\n\t\t\t\t<div class=\"text-image-slider__content mb-7 mb-lg-0\">\n\t\t\t\t\t\t\t\t\t\t<div class=\"fw-semibold lh-xs fs-20 fs-lg-32 ls--25 mb-5\">H\u00f4tels Accor avec vue sur la mer et salles de r\u00e9union : <\/div>\n\t\t\t\t\t\t\t\t\t\t\t\t\t\t\t<div class=\"fs-wysiwyg\">\n\t\t\t\t\t\t<p><strong><a href=\"https:\/\/myallmeeting.com\/fr\/hotel\/1987-mercure-san-sebastian-monte-igueldo\/\">Mercure San Sebasti\u00e1n Monte Igueldo<\/a> (Espagne<\/strong>)<\/p>\n<ul>\n<li><strong>Le bonheur basque :<\/strong> Situ\u00e9 sur le mont Igueldo et offrant des vues panoramiques sur la mer et la baie de La Concha, parfaites pour les photos de la c\u00f4te, cet h\u00f4tel dispose d&rsquo;une piscine ext\u00e9rieure, de plusieurs salles de r\u00e9union et d&rsquo;un restaurant proposant de la cuisine basque. Apr\u00e8s une journ\u00e9e de travail, acc\u00e9dez facilement au centre-ville par un chemin de fer historique pour d\u00e9couvrir les belles plages de San Sebasti\u00e1n et la cuisine pintxo r\u00e9put\u00e9e.<\/li>\n<\/ul>\n<p><strong><a href=\"https:\/\/myallmeeting.com\/fr\/hotel\/1971-mercure-villa-romanazzi-carducci-bari\/\">Mercure Villa Romanazzi Carducci Bari<\/a> (Italie<\/strong>)<\/p>\n<ul>\n<li><strong>Magnifique Bari : <\/strong>situ\u00e9 \u00e0 seulement 500 m\u00e8tres du centre-ville et offrant de superbes vues sur la c\u00f4te, cet h\u00f4tel dispose de 20 salles d&rsquo;\u00e9v\u00e9nements pour toutes les occasions, d&rsquo;une salle de sport, d&rsquo;un spa et du d\u00e9licieux Ristorante Carducci \u00e0 savourer avec les coll\u00e8gues \u00e0 la fin de la journ\u00e9e. Facilement accessible depuis l&rsquo;a\u00e9roport et proche des sites historiques, c&rsquo;est un choix facile pour un voyage d&rsquo;affaires en bord de mer.<\/li>\n<\/ul>\n<p><strong><a href=\"https:\/\/myallmeeting.com\/fr\/hotel\/b4t5-movenpick-hotel-the-hague\/\">M\u00f6venpick Hotel The Hague<\/a> (Pays-Bas<\/strong>)<\/p>\n<ul>\n<li><strong>Le plaisir hollandais : <\/strong>Id\u00e9alement situ\u00e9 \u00e0 proximit\u00e9 des principales attractions et des plages relaxantes, cet h\u00f4tel certifi\u00e9 Green Globe propose 72 chambres modernes, des salles de bains spacieuses avec douches \u00e0 l&rsquo;italienne, un studio de remise en forme et trois salles de r\u00e9union multifonctionnelles, parfaites pour tous vos besoins en mati\u00e8re d&rsquo;affaires et de loisirs.<\/li>\n<\/ul>\n<p><strong><a href=\"https:\/\/myallmeeting.com\/fr\/hotel\/3040-pullman-timi-ama-sardegna\/\">Pullman Almar Timi Ama Resort &amp; Spa<\/a> (Italie<\/strong>)<\/p>\n<ul>\n<li><strong>Escapade enchanteresse au bord de la mer Tyrrh\u00e9nienne :<\/strong> Au sud-est de la Sardaigne, cet h\u00f4tel 5 \u00e9toiles surplombe la baie de Porto Giunco, offrant de superbes possibilit\u00e9s de photos d&rsquo;\u00e9quipe. L&rsquo;h\u00f4tel dispose de quatre belles salles de conf\u00e9rence \u00e0 choisir en fonction du nombre de participants \u00e0 la r\u00e9union, d&rsquo;un spa marin, d&rsquo;un terrain de golf et de diverses activit\u00e9s de plein air et sports nautiques \u00e0 proximit\u00e9, ce qui offre de nombreuses possibilit\u00e9s pour renforcer les liens entre les membres de l&rsquo;\u00e9quipe.<\/li>\n<\/ul>\n<p><strong><a href=\"https:\/\/myallmeeting.com\/fr\/hotel\/0449-novotel-thalassa-le-touquet\/\">Novotel Thalassa Le Touquet<\/a> (France<\/strong>)<\/p>\n<ul>\n<li><strong>La perle de la C\u00f4te d&rsquo;Opale :<\/strong> Profitez d&rsquo;une vue sur la mer qui s&rsquo;\u00e9tend \u00e0 perte de vue. Avec neuf salles de r\u00e9union, une piscine d&rsquo;eau de mer chauff\u00e9e, une salle de sport, un spa et des soins de thalassoth\u00e9rapie \u00e0 l&rsquo;eau de mer, c&rsquo;est l&rsquo;un des endroits les plus r\u00eav\u00e9s pour organiser votre prochain voyage d&rsquo;affaires. Apr\u00e8s les r\u00e9unions, votre \u00e9quipe peut se d\u00e9tendre gr\u00e2ce \u00e0 un large \u00e9ventail d&rsquo;activit\u00e9s de bien-\u00eatre ou faire une longue promenade le long de la magnifique plage situ\u00e9e \u00e0 quelques pas de l&rsquo;h\u00f4tel.<\/li>\n<\/ul>\n\t\t\t\t\t<\/div>\n\t\t\t\t\t\t\t\t\t<\/div>\n\t\t\t\t\t\t\t\t<div class=\"text-center d-lg-none px-8\">\n\t\t\t\t\t<!-- M\u00eame image -->\n\t\t\t\t\t<img decoding=\"async\" src=\"https:\/\/www.myallmeeting.com\/wp-content\/uploads\/2024\/08\/Movenpick-The-Hague-2-633x398.jpg\" width=\"633\" height=\"398\" alt=\"\" loading=\"lazy\">\n\t\t\t\t<\/div>\n\t\t\t\t\t\t\t<\/div>        \n\t\t\t<div class=\"col-lg-6 order-first order-lg-last\">\n\t\t\t\t<div class=\"text-image-slider__slider mb-7 mb-lg-12\">\n\t\t\t\t\t\t\t\t\t\t<div class=\"splide\">\n\t\t\t\t\t\t<div class=\"splide__track\">\n\t\t\t\t\t\t\t<div class=\"splide__list\">\n\t\t\t\t\t\t\t\t\t\t\t\t\t\t\t\t<div class=\"splide__slide\">\n\t\t\t\t\t\t\t\t\t<img decoding=\"async\" src=\"https:\/\/www.myallmeeting.com\/wp-content\/uploads\/2024\/07\/MAM-imagery-slider-952x600-19.png\" width=\"953\" height=\"600\" alt=\"\" loading=\"lazy\">\n\t\t\t\t\t\t\t\t<\/div>\n\t\t\t\t\t\t\t\t\t\t\t\t\t\t\t\t\t\t\t\t\t\t\t\t\t<div class=\"splide__slide\">\n\t\t\t\t\t\t\t\t\t<img decoding=\"async\" src=\"https:\/\/www.myallmeeting.com\/wp-content\/uploads\/2024\/07\/MAM-imagery-slider-952x600-20.png\" width=\"953\" height=\"600\" alt=\"\" loading=\"lazy\">\n\t\t\t\t\t\t\t\t<\/div>\n\t\t\t\t\t\t\t\t\t\t\t\t\t\t\t\t\t\t\t\t\t\t\t\t\t<div class=\"splide__slide\">\n\t\t\t\t\t\t\t\t\t<img decoding=\"async\" src=\"https:\/\/www.myallmeeting.com\/wp-content\/uploads\/2024\/07\/MAM-imagery-slider-952x600-21.png\" width=\"953\" height=\"600\" alt=\"\" loading=\"lazy\">\n\t\t\t\t\t\t\t\t<\/div>\n\t\t\t\t\t\t\t\t\t\t\t\t\t\t\t\t\t\t\t\t\t\t\t\t\t<div class=\"splide__slide\">\n\t\t\t\t\t\t\t\t\t<img decoding=\"async\" src=\"https:\/\/www.myallmeeting.com\/wp-content\/uploads\/2024\/07\/MAM-imagery-slider-952x600-22.png\" width=\"953\" height=\"600\" alt=\"\" loading=\"lazy\">\n\t\t\t\t\t\t\t\t<\/div>\n\t\t\t\t\t\t\t\t\t\t\t\t\t\t\t\t\t\t\t\t\t\t\t\t\t<div class=\"splide__slide\">\n\t\t\t\t\t\t\t\t\t<img decoding=\"async\" src=\"https:\/\/www.myallmeeting.com\/wp-content\/uploads\/2024\/07\/MAM-imagery-slider-952x600-23.png\" width=\"953\" height=\"600\" alt=\"\" loading=\"lazy\">\n\t\t\t\t\t\t\t\t<\/div>\n\t\t\t\t\t\t\t\t\t\t\t\t\t\t\t\t\t\t\t\t\t\t\t\t<\/div>\n\t\t\t\t\t\t<\/div>\n\t\t\t\t\t\t<div class=\"splide__arrows d-none d-lg-block\">\n\t\t\t\t\t\t\t<button class=\"splide__arrow splide__arrow--prev px-lg-3 py-lg-4 px-xl-4 py-xl-5 px-xxl-5 py-xxl-7 position-absolute l-0 bg-white border-0\">\n\t\t\t\t\t\t\t\t<svg width=\"14\" height=\"27\" aria-hidden=\"true\">\n\t\t\t\t\t\t\t\t\t<use xlink:href=\"https:\/\/www.myallmeeting.com\/wp-content\/themes\/accor\/assets\/images\/sprite.svg#slider-prev\"><\/use>\n\t\t\t\t\t\t\t\t<\/svg>\n\t\t\t\t\t\t\t<\/button>\n\t\t\t\t\t\t\t<button class=\"splide__arrow splide__arrow--next px-lg-3 py-lg-4 px-xl-4 py-xl-5 px-xxl-5 py-xxl-7 position-absolute r-0 bg-white border-0\">\n\t\t\t\t\t\t\t\t<svg width=\"14\" height=\"27\" aria-hidden=\"true\">\n\t\t\t\t\t\t\t\t\t<use xlink:href=\"https:\/\/www.myallmeeting.com\/wp-content\/themes\/accor\/assets\/images\/sprite.svg#slider-prev\"><\/use>\n\t\t\t\t\t\t\t\t<\/svg>\n\t\t\t\t\t\t\t<\/button>\n\t\t\t\t\t\t<\/div>\n\t\t\t\t\t<\/div>\n\t\t\t\t\t\t\t\t\t<\/div>\n\t\t\t\t\t\t\t\t\t<div class=\"text-image-slider__content d-none d-lg-block\">\n\t\t\t\t\t<!-- M\u00eame image -->\n\t\t\t\t\t<img decoding=\"async\" src=\"https:\/\/www.myallmeeting.com\/wp-content\/uploads\/2024\/08\/Movenpick-The-Hague-2-633x398.jpg\" width=\"633\" height=\"398\" alt=\"\" loading=\"lazy\">\n\t\t\t\t<\/div>\n\t\t\t\t\t\t\t<\/div>\n\t\t<\/div>\n\t<\/div>\n<\/div>\n<!-- END OF : Composant : block-periscope-theme-section-composant-34-texte-image-slider.php -->\n\n\n<!-- START OF : Composant : block-periscope-theme-section-composant-33-texte-image.php -->\n<div class=\"text-image fs-wysiwyg mb-8 mb-lg-12\" data-component=\"33-texte-image\">\n\t<div class=\"container-fluid\" style=\"--bs-gutter-x: 0\">\n\t\t<div class=\"row\" style=\"--bs-gutter-x: 0\">\n\t\t\t\t\t\t<div class=\"col-lg-6 mb-7 mb-lg-0\">\n\t\t\t\t<img decoding=\"async\" src=\"https:\/\/www.myallmeeting.com\/wp-content\/uploads\/2024\/07\/Mountain-team-building-953x555.jpg\" width=\"953\" height=\"600\" alt=\"\" loading=\"lazy\" class=\"w-100\" \/>\n\t\t\t<\/div>\n\t\t\t\t\t\t<div class=\"col-lg-6\">\n\t\t\t\t<div class=\"text-image__content\">\n\t\t\t\t\t\t\t\t\t\t<div class=\"fw-semibold lh-xs fs-20 fs-lg-32 ls--25 mb-5\">Cr\u00e9er des exp\u00e9riences m\u00e9morables pour les participants <\/div>\n\t\t\t\t\t\t\t\t\t\t\t\t\t\t\t<div class=\"fs-wysiwyg\">\n\t\t\t\t\t\t<p><strong>Activit\u00e9s saisonni\u00e8res :<\/strong> Planifiez vos activit\u00e9s en fonction du temps et des \u00e9v\u00e9nements locaux. Les \u00e9v\u00e9nements estivaux en montagne peuvent inclure des randonn\u00e9es, de l&rsquo;escalade et du VTT, tandis que les sites en bord de mer proposent du volley-ball de plage, des sports nautiques et des croisi\u00e8res en bateau. Les sites littoraux accueillent souvent de nombreuses manifestations estivales, auxquelles les participants peuvent participer pendant leur temps libre.<\/p>\n<p><strong>Int\u00e9gration culturelle :<\/strong> Am\u00e9liorez l&rsquo;exp\u00e9rience de l&rsquo;\u00e9v\u00e9nement en int\u00e9grant la culture et les traditions locales. Qu&rsquo;il s&rsquo;agisse d&rsquo;une soir\u00e9e fondue suisse traditionnelle dans les Alpes ou d&rsquo;une soir\u00e9e musicale marocaine au bord de la mer, ces touches culturelles peuvent rendre votre \u00e9v\u00e9nement encore plus sp\u00e9cial.<\/p>\n\t\t\t\t\t<\/div>\n\t\t\t\t\t\t\t\t\t<\/div>\n\t\t\t<\/div>        \n\t\t<\/div>\n\t<\/div>\n<\/div>\n<!-- END OF : Composant : block-periscope-theme-section-composant-33-texte-image.php -->\n\n\n<!-- START OF : Composant : block-periscope-theme-section-composant-33-texte-image.php -->\n<!-- INVERSE -->\n<div class=\"text-image fs-wysiwyg mb-8 mb-lg-12\" data-component=\"33-texte-image\" data-reverse=\"oui\">\n\t<div class=\"container-fluid\" style=\"--bs-gutter-x: 0\">\n\t\t<div class=\"row\" style=\"--bs-gutter-x: 0\">\n\t\t\t<div class=\"col-lg-6\">\n\t\t\t\t<div class=\"text-image__content\">\n\t\t\t\t\t\t\t\t\t\t<div class=\"fw-semibold lh-xs fs-20 fs-lg-32 ls--25 mb-5\">Comment Accor peut aider<\/div>\n\t\t\t\t\t\t\t\t\t\t\t\t\t\t\t<div class=\"fs-wysiwyg\">\n\t\t\t\t\t\t<p>Accor est plus qu&rsquo;un simple fournisseur de lieux de r\u00e9union ; nous sommes des experts de l&rsquo;hospitalit\u00e9 augment\u00e9e, offrant un soutien complet et des conseils aux organisateurs d&rsquo;\u00e9v\u00e9nements. Notre \u00e9quipe de professionnels a pour mission de veiller \u00e0 ce que chaque \u00e9v\u00e9nement, quelle que soit sa taille ou son budget, soit parfaitement ex\u00e9cut\u00e9. Nous comprenons les besoins uniques des diff\u00e9rents formats d&rsquo;\u00e9v\u00e9nements et sommes \u00e9quip\u00e9s pour fournir des solutions sur mesure qui garantissent le succ\u00e8s.<\/p>\n<p>Notre engagement en faveur de l&rsquo;excellence ne se limite pas \u00e0 la mise \u00e0 disposition de lieux magnifiques. Nous offrons une gamme compl\u00e8te de services, y compris l&rsquo;organisation d&rsquo;\u00e9v\u00e9nements, la coordination sur place et le suivi apr\u00e8s l&rsquo;\u00e9v\u00e9nement, afin de garantir une exp\u00e9rience sans faille du d\u00e9but \u00e0 la fin. Avec Accor, vous pouvez \u00eatre s\u00fbr que chaque d\u00e9tail sera trait\u00e9 avec le plus grand soin et le plus grand professionnalisme.<\/p>\n<p>&nbsp;<\/p>\n<p><strong>En r\u00e9sum\u00e9 <\/strong><\/p>\n<p>Le choix d&rsquo;un site de montagne ou de bord de mer pour votre \u00e9v\u00e9nement estival n&rsquo;est pas forc\u00e9ment une question de choix. Gr\u00e2ce au vaste portefeuille d\u2019 Accor, vous avez la possibilit\u00e9 de cr\u00e9er une exp\u00e9rience \u00e9v\u00e9nementielle sur mesure, bas\u00e9e sur ce qui r\u00e9pond le mieux \u00e0 vos besoins. En tirant parti des atouts uniques de chaque lieu, vous pouvez faire en sorte que votre \u00e9v\u00e9nement soit non seulement r\u00e9ussi, mais aussi inoubliable. Que vous recherchiez la tranquillit\u00e9 des montagnes ou l&rsquo;\u00e9nergie \u00e9blouissante de la c\u00f4te, les sites Accor offrent le cadre id\u00e9al pour inspirer et ravir vos participants.<\/p>\n\t\t\t\t\t<\/div>\n\t\t\t\t\t\t\t\t\t<\/div>\n\t\t\t<\/div>    \n\t\t\t    \n\t\t\t<div class=\"col-lg-6 order-first order-lg-last mb-7 mb-lg-0\">\n\t\t\t\t<img decoding=\"async\" src=\"https:\/\/www.myallmeeting.com\/wp-content\/uploads\/2024\/07\/6568-72-1-953x600.jpg\" width=\"953\" height=\"600\" alt=\"\" loading=\"lazy\" class=\"w-100\" \/>\n\t\t\t<\/div>\n\t\t\t\t\t<\/div>\n\t<\/div>\n<\/div>\n<!-- END OF : Composant : block-periscope-theme-section-composant-33-texte-image.php -->\n","protected":false},"excerpt":{"rendered":"<p>D\u00e9cidez entre mer ou montagne pour votre prochain \u00e9v\u00e8nement avec Accor.<\/p>\n","protected":false},"featured_media":16226657,"menu_order":0,"template":"","periscope_categorie_tax":[],"class_list":["post-16225108","article","type-article","status-publish","has-post-thumbnail","hentry"],"acf":[],"yoast_head":"<title>Vue mer ou montagne pour votre \u00e9v\u00e8nement estival ? - Accor MyAllMeeting.com<\/title>\n<meta name=\"robots\" content=\"index, follow, max-snippet:-1, max-image-preview:large, max-video-preview:-1\" \/>\n<link rel=\"canonical\" href=\"https:\/\/www.myallmeeting.com\/fr\/wp-json\/wp\/v2\/article\/16225108\" \/>\n<meta property=\"og:locale\" content=\"fr_FR\" \/>\n<meta property=\"og:type\" content=\"article\" \/>\n<meta property=\"og:title\" content=\"Vue mer ou montagne pour votre \u00e9v\u00e8nement estival ? - Accor MyAllMeeting.com\" \/>\n<meta property=\"og:description\" content=\"D\u00e9cidez entre mer ou montagne pour votre prochain \u00e9v\u00e8nement avec Accor.\" \/>\n<meta property=\"og:url\" content=\"https:\/\/www.myallmeeting.com\/fr\/article\/vue-mer-ou-montagne-pour-votre-evenement-estival\/\" \/>\n<meta property=\"og:site_name\" content=\"Accor MyAllMeeting.com\" \/>\n<meta property=\"article:modified_time\" content=\"2024-08-07T12:07:30+00:00\" \/>\n<meta property=\"og:image\" content=\"https:\/\/www.myallmeeting.com\/wp-content\/uploads\/2024\/08\/MAM-imagery-1920-x-570-px-Baniere-3.png\" \/>\n\t<meta property=\"og:image:width\" content=\"1920\" \/>\n\t<meta property=\"og:image:height\" content=\"570\" \/>\n\t<meta property=\"og:image:type\" content=\"image\/png\" \/>\n<meta name=\"twitter:card\" content=\"summary_large_image\" \/>\n<meta name=\"twitter:label1\" content=\"Dur\u00e9e de lecture estim\u00e9e\" \/>\n\t<meta name=\"twitter:data1\" content=\"14 minutes\" \/>\n<script type=\"application\/ld+json\" class=\"yoast-schema-graph\">{\"@context\":\"https:\/\/schema.org\",\"@graph\":[{\"@type\":\"WebPage\",\"@id\":\"https:\/\/www.myallmeeting.com\/fr\/article\/vue-mer-ou-montagne-pour-votre-evenement-estival\/\",\"url\":\"https:\/\/www.myallmeeting.com\/fr\/article\/vue-mer-ou-montagne-pour-votre-evenement-estival\/\",\"name\":\"Vue mer ou montagne pour votre \u00e9v\u00e8nement estival ? - Accor MyAllMeeting.com\",\"isPartOf\":{\"@id\":\"https:\/\/www.myallmeeting.com\/fr\/#website\"},\"primaryImageOfPage\":{\"@id\":\"https:\/\/www.myallmeeting.com\/fr\/article\/vue-mer-ou-montagne-pour-votre-evenement-estival\/#primaryimage\"},\"image\":{\"@id\":\"https:\/\/www.myallmeeting.com\/fr\/article\/vue-mer-ou-montagne-pour-votre-evenement-estival\/#primaryimage\"},\"thumbnailUrl\":\"https:\/\/www.myallmeeting.com\/wp-content\/uploads\/2024\/08\/MAM-imagery-1920-x-570-px-Baniere-3.png\",\"datePublished\":\"2024-08-06T10:28:50+00:00\",\"dateModified\":\"2024-08-07T12:07:30+00:00\",\"breadcrumb\":{\"@id\":\"https:\/\/www.myallmeeting.com\/fr\/article\/vue-mer-ou-montagne-pour-votre-evenement-estival\/#breadcrumb\"},\"inLanguage\":\"fr-FR\",\"potentialAction\":[{\"@type\":\"ReadAction\",\"target\":[\"https:\/\/www.myallmeeting.com\/fr\/article\/vue-mer-ou-montagne-pour-votre-evenement-estival\/\"]}]},{\"@type\":\"ImageObject\",\"inLanguage\":\"fr-FR\",\"@id\":\"https:\/\/www.myallmeeting.com\/fr\/article\/vue-mer-ou-montagne-pour-votre-evenement-estival\/#primaryimage\",\"url\":\"https:\/\/www.myallmeeting.com\/wp-content\/uploads\/2024\/08\/MAM-imagery-1920-x-570-px-Baniere-3.png\",\"contentUrl\":\"https:\/\/www.myallmeeting.com\/wp-content\/uploads\/2024\/08\/MAM-imagery-1920-x-570-px-Baniere-3.png\",\"width\":1920,\"height\":570},{\"@type\":\"BreadcrumbList\",\"@id\":\"https:\/\/www.myallmeeting.com\/fr\/article\/vue-mer-ou-montagne-pour-votre-evenement-estival\/#breadcrumb\",\"itemListElement\":[{\"@type\":\"ListItem\",\"position\":1,\"name\":\"Accueil\",\"item\":\"https:\/\/myallmeeting.com\/fr\/\"},{\"@type\":\"ListItem\",\"position\":2,\"name\":\"Actualit\u00e9s\",\"item\":\"https:\/\/www.myallmeeting.com\/fr\/actualite\/\"},{\"@type\":\"ListItem\",\"position\":3,\"name\":\"Vue mer ou montagne pour votre \u00e9v\u00e8nement estival ?\"}]},{\"@type\":\"WebSite\",\"@id\":\"https:\/\/www.myallmeeting.com\/fr\/#website\",\"url\":\"https:\/\/www.myallmeeting.com\/fr\/\",\"name\":\"Accor MyAllMeeting.com\",\"description\":\"Les Meilleurs lieux pour vos Ev\u00e9nements Professionnels\",\"publisher\":{\"@id\":\"https:\/\/www.myallmeeting.com\/fr\/#organization\"},\"potentialAction\":[{\"@type\":\"SearchAction\",\"target\":{\"@type\":\"EntryPoint\",\"urlTemplate\":\"https:\/\/www.myallmeeting.com\/fr\/?s={search_term_string}\"},\"query-input\":{\"@type\":\"PropertyValueSpecification\",\"valueRequired\":true,\"valueName\":\"search_term_string\"}}],\"inLanguage\":\"fr-FR\"},{\"@type\":\"Organization\",\"@id\":\"https:\/\/www.myallmeeting.com\/fr\/#organization\",\"name\":\"ACCOR\",\"url\":\"https:\/\/www.myallmeeting.com\/fr\/\",\"logo\":{\"@type\":\"ImageObject\",\"inLanguage\":\"fr-FR\",\"@id\":\"https:\/\/www.myallmeeting.com\/fr\/#\/schema\/logo\/image\/\",\"url\":\"\",\"contentUrl\":\"\",\"caption\":\"ACCOR\"},\"image\":{\"@id\":\"https:\/\/www.myallmeeting.com\/fr\/#\/schema\/logo\/image\/\"}}]}<\/script>","yoast_head_json":{"title":"Vue mer ou montagne pour votre \u00e9v\u00e8nement estival ? - Accor MyAllMeeting.com","robots":{"index":"index","follow":"follow","max-snippet":"max-snippet:-1","max-image-preview":"max-image-preview:large","max-video-preview":"max-video-preview:-1"},"canonical":"https:\/\/www.myallmeeting.com\/fr\/wp-json\/wp\/v2\/article\/16225108","og_locale":"fr_FR","og_type":"article","og_title":"Vue mer ou montagne pour votre \u00e9v\u00e8nement estival ? - Accor MyAllMeeting.com","og_description":"D\u00e9cidez entre mer ou montagne pour votre prochain \u00e9v\u00e8nement avec Accor.","og_url":"https:\/\/www.myallmeeting.com\/fr\/article\/vue-mer-ou-montagne-pour-votre-evenement-estival\/","og_site_name":"Accor MyAllMeeting.com","article_modified_time":"2024-08-07T12:07:30+00:00","og_image":[{"width":1920,"height":570,"url":"https:\/\/www.myallmeeting.com\/wp-content\/uploads\/2024\/08\/MAM-imagery-1920-x-570-px-Baniere-3.png","type":"image\/png"}],"twitter_card":"summary_large_image","twitter_misc":{"Dur\u00e9e de lecture estim\u00e9e":"14 minutes"},"schema":{"@context":"https:\/\/schema.org","@graph":[{"@type":"WebPage","@id":"https:\/\/www.myallmeeting.com\/fr\/article\/vue-mer-ou-montagne-pour-votre-evenement-estival\/","url":"https:\/\/www.myallmeeting.com\/fr\/article\/vue-mer-ou-montagne-pour-votre-evenement-estival\/","name":"Vue mer ou montagne pour votre \u00e9v\u00e8nement estival ? - Accor MyAllMeeting.com","isPartOf":{"@id":"https:\/\/www.myallmeeting.com\/fr\/#website"},"primaryImageOfPage":{"@id":"https:\/\/www.myallmeeting.com\/fr\/article\/vue-mer-ou-montagne-pour-votre-evenement-estival\/#primaryimage"},"image":{"@id":"https:\/\/www.myallmeeting.com\/fr\/article\/vue-mer-ou-montagne-pour-votre-evenement-estival\/#primaryimage"},"thumbnailUrl":"https:\/\/www.myallmeeting.com\/wp-content\/uploads\/2024\/08\/MAM-imagery-1920-x-570-px-Baniere-3.png","datePublished":"2024-08-06T10:28:50+00:00","dateModified":"2024-08-07T12:07:30+00:00","breadcrumb":{"@id":"https:\/\/www.myallmeeting.com\/fr\/article\/vue-mer-ou-montagne-pour-votre-evenement-estival\/#breadcrumb"},"inLanguage":"fr-FR","potentialAction":[{"@type":"ReadAction","target":["https:\/\/www.myallmeeting.com\/fr\/article\/vue-mer-ou-montagne-pour-votre-evenement-estival\/"]}]},{"@type":"ImageObject","inLanguage":"fr-FR","@id":"https:\/\/www.myallmeeting.com\/fr\/article\/vue-mer-ou-montagne-pour-votre-evenement-estival\/#primaryimage","url":"https:\/\/www.myallmeeting.com\/wp-content\/uploads\/2024\/08\/MAM-imagery-1920-x-570-px-Baniere-3.png","contentUrl":"https:\/\/www.myallmeeting.com\/wp-content\/uploads\/2024\/08\/MAM-imagery-1920-x-570-px-Baniere-3.png","width":1920,"height":570},{"@type":"BreadcrumbList","@id":"https:\/\/www.myallmeeting.com\/fr\/article\/vue-mer-ou-montagne-pour-votre-evenement-estival\/#breadcrumb","itemListElement":[{"@type":"ListItem","position":1,"name":"Accueil","item":"https:\/\/myallmeeting.com\/fr\/"},{"@type":"ListItem","position":2,"name":"Actualit\u00e9s","item":"https:\/\/www.myallmeeting.com\/fr\/actualite\/"},{"@type":"ListItem","position":3,"name":"Vue mer ou montagne pour votre \u00e9v\u00e8nement estival ?"}]},{"@type":"WebSite","@id":"https:\/\/www.myallmeeting.com\/fr\/#website","url":"https:\/\/www.myallmeeting.com\/fr\/","name":"Accor MyAllMeeting.com","description":"Les Meilleurs lieux pour vos Ev\u00e9nements Professionnels","publisher":{"@id":"https:\/\/www.myallmeeting.com\/fr\/#organization"},"potentialAction":[{"@type":"SearchAction","target":{"@type":"EntryPoint","urlTemplate":"https:\/\/www.myallmeeting.com\/fr\/?s={search_term_string}"},"query-input":{"@type":"PropertyValueSpecification","valueRequired":true,"valueName":"search_term_string"}}],"inLanguage":"fr-FR"},{"@type":"Organization","@id":"https:\/\/www.myallmeeting.com\/fr\/#organization","name":"ACCOR","url":"https:\/\/www.myallmeeting.com\/fr\/","logo":{"@type":"ImageObject","inLanguage":"fr-FR","@id":"https:\/\/www.myallmeeting.com\/fr\/#\/schema\/logo\/image\/","url":"","contentUrl":"","caption":"ACCOR"},"image":{"@id":"https:\/\/www.myallmeeting.com\/fr\/#\/schema\/logo\/image\/"}}]}},"_links":{"self":[{"href":"https:\/\/www.myallmeeting.com\/fr\/wp-json\/wp\/v2\/article\/16225108","targetHints":{"allow":["GET"]}}],"collection":[{"href":"https:\/\/www.myallmeeting.com\/fr\/wp-json\/wp\/v2\/article"}],"about":[{"href":"https:\/\/www.myallmeeting.com\/fr\/wp-json\/wp\/v2\/types\/article"}],"wp:featuredmedia":[{"embeddable":true,"href":"https:\/\/www.myallmeeting.com\/fr\/wp-json\/wp\/v2\/media\/16226657"}],"wp:attachment":[{"href":"https:\/\/www.myallmeeting.com\/fr\/wp-json\/wp\/v2\/media?parent=16225108"}],"wp:term":[{"taxonomy":"periscope_categorie_tax","embeddable":true,"href":"https:\/\/www.myallmeeting.com\/fr\/wp-json\/wp\/v2\/periscope_categorie_tax?post=16225108"}],"curies":[{"name":"wp","href":"https:\/\/api.w.org\/{rel}","templated":true}]}}