{"id":15226840,"date":"2016-05-12T10:35:47","date_gmt":"2016-05-12T08:35:47","guid":{"rendered":"https:\/\/myallmeeting.com\/article\/les-destinations-tendance-en-france-pour-une-cohesion-dequipe\/"},"modified":"2024-12-02T14:17:32","modified_gmt":"2024-12-02T13:17:32","slug":"les-destinations-tendance-en-france-pour-une-cohesion-dequipe","status":"publish","type":"article","link":"https:\/\/www.myallmeeting.com\/fr\/article\/les-destinations-tendance-en-france-pour-une-cohesion-dequipe\/","title":{"rendered":"Les destinations tendance en France pour une coh\u00e9sion d&rsquo;\u00e9quipe"},"content":{"rendered":"<!-- START OF : Composant : block-periscope-theme-section-composant-25-texte-cta-2-images.php -->\n<div class=\"tcta2ia bg-white fs-wysiwyg mb-lg-12\" data-component=\"25-texte-cta-2-images\">\n\t<div class=\"tcta2ia__top\">\n\t\t<div class=\"container-fluid\" style=\"--bs-gutter-x: 0\">\n\t\t\t<div class=\"row\" style=\"--bs-gutter-x: 0\">\n\t\t\t\t<div class=\"col-lg-8\">\n\t\t\t\t\t\t\t\t\t\t<div class=\"bloc-mise-en-avant__top__left\">\n\t\t\t\t\t\t<img decoding=\"async\" src=\"https:\/\/www.myallmeeting.com\/wp-content\/uploads\/2016\/05\/HCM_P_0003339__original-1268x846.jpeg\" class=\"pe-2 pe-lg-0\" width=\"1268\" height=\"846\" alt=\"\" loading=\"lazy\" \/>\n\t\t\t\t\t<\/div>\n\t\t\t\t\t\t\t\t\t\t<div class=\"tcta2ia__bottom d-none d-lg-block pb-12 pt-lg-9 pb-lg-0 pe-lg-10\">\n\t\t\t\t\t\t\t\t\t\t\t\t<h2 class=\"fs-20 fs-lg-32 fw-semibold\">Les Alpes, un s\u00e9minaire de haut vol<\/h2>\n\t\t\t\t\t\t\t\t\t\t\t\t\t\t\t\t\t\t<div class=\"fs-wysiwyg\"><p><span style=\"font-weight: 400;\">Choisir\u00a0<\/span><span style=\"font-weight: 400;\">un s\u00e9minaire en montagne<\/span><span style=\"font-weight: 400;\">, c\u2019est opter pour\u00a0<\/span><b>un cadre original<\/b><span style=\"font-weight: 400;\">\u00a0et propice au challenge dans vos \u00e9quipes\u00a0!<\/span><\/p>\n<p><span style=\"font-weight: 400;\">Favorisez la coh\u00e9sion d\u2019\u00e9quipe au milieu de paysages \u00e0 couper le souffle, depuis un h\u00f4tel ou un centre de conventions. Les s\u00e9minaires dans les Alpes permettent en effet de programmer de nombreuses activit\u00e9s vraiment\u00a0<\/span><b>originales.<\/b><\/p>\n<p><span style=\"font-weight: 400;\">Pour renforcer l\u2019esprit d\u2019\u00e9quipe, que r\u00eaver de mieux qu\u2019une sortie \u00e0 ski ou en chien de tra\u00eeneau jusqu\u2019au coucher du soleil, avant d\u2019encha\u00eener avec un d\u00eener plein de magie dans un igloo !<\/span><\/p>\n<p><span style=\"font-weight: 400;\">Pour des sensations fortes, que diriez-vous d\u2019une session collective de plong\u00e9e sous glace, ou bien d\u2019une initiation \u00e0 la conduite sur un circuit glac\u00e9 ?\u00a0<\/span><b>La large palette d\u2019activit\u00e9s fait des Alpes une destination de s\u00e9minaire toujours \u00e0 la mode.<\/b><\/p>\n<p><span style=\"font-weight: 400;\">Et s\u2019il y a bien un \u00e9tablissement du groupe Accor qui propose une \u201clarge palette d\u2019activit\u00e9s\u201d, c\u2019est bien le <a href=\"https:\/\/myallmeeting.com\/fr\/hotel\/2945-mercure-aix-les-bains-domaine-de-marlioz-hotel-spa\/\" target=\"_blank\" rel=\"noopener\">Mercure Aix-les-Bains Domaine de Marlioz<\/a>. Situ\u00e9 au coeur d\u2019un parc de 10 ha, cet \u00e9tablissement propose un cadre id\u00e9al &#8211; entre verdure, montagne et lac &#8211; pour la relaxation et pour le travail. Ce sont 720 m\u00b2 d\u2019espace de r\u00e9union qui sont \u00e0 disposition, avec un grand parking gratuit. L\u2019espace baln\u00e9o et sa piscine, ainsi que la terrasse du bar et restaurant assureront les moments de d\u00e9tente.\u00a0<\/span><\/p>\n<\/div>\n\t\t\t\t\t\t\t\t\t\t\t\t<div class=\"d-flex flex-column flex-lg-row align-items-center gap-5 gap-lg-8 justify-content-between\">\n\t\t\t\t\t\t\t<div class=\"fs-20 fs-lg-26 fw-semibold lh-xs\"><\/div>\n\t\t\t\t\t\t\t\t\t\t\t\t\t<\/div>\n\t\t\t\t\t<\/div>\n\t\t\t\t<\/div>\n\t\t\t\t<div class=\"col-lg-4\">\n\t\t\t\t\t<div class=\"tcta2ia__top__right t-0 r-0 bg-primary text-white pt-4 pb-4 px-2 pt-lg-8 pb-lg-16 px-lg-11 pb-xl-30\">\n\t\t\t\t\t\t\t\t\t\t\t\t\t\t\t\t\t\t<h2 class=\"unna fs-36 fs-lg-51 fs-xl-75 fs-italic fw-normal text-secondary\">Les destinations tendance en France pour une coh\u00e9sion d\u2019\u00e9quipe<\/h2>\n\t\t\t\t\t\t\t\t\t\t\t\t\t\t\t\t\t\t<h3 class=\"text-white fs-18 fs-lg-20 fs-xl-28 text-original-case\">Le s\u00e9minaire est un outil particuli\u00e8rement efficace pour renforcer les connexions au sein de l\u2019entreprise. <\/h3>\n\t\t\t\t\t\t\t\t\t\t\t\t\t\t\t\t\t\t<div class=\"fs-wysiwyg mb-4 fs-lg-16 fs-xl-20\"><p><span style=\"font-weight: 400;\">Afin de\u00a0<\/span><b>cr\u00e9er une ambiance ludique et propice \u00e0 l\u2019\u00e9mulation<\/b><span style=\"font-weight: 400;\">, la qualit\u00e9 du lieu et le choix des activit\u00e9s sont primordiaux.<\/span><\/p>\n<p><span style=\"font-weight: 400;\">Sports d\u2019aventure, jeux cr\u00e9atifs et paysages \u00e0 couper le souffle : d\u00e9couvrez ici\u00a0<\/span><b>les 5 destinations fran\u00e7aises les plus demand\u00e9es<\/b><span style=\"font-weight: 400;\">\u00a0du moment, afin de faire de votre s\u00e9minaire d\u2019entreprise une vraie r\u00e9ussite !<\/span><\/p>\n<p><span style=\"font-weight: 400;\">Sur chacune des destinations, il existe des h\u00f4tels du groupe\u00a0<\/span><b>Accor<\/b><span style=\"font-weight: 400;\">\u00a0qui vous permettront d\u2019organiser un s\u00e9minaire de coh\u00e9sion d\u2019\u00e9quipe dans les meilleures conditions,\u00a0<\/span><b>avec tout le professionnalisme et le sens de l\u2019accueil que vos \u00e9quipes m\u00e9ritent.\u00a0<\/b><\/p>\n<\/div>\n\t\t\t\t\t\t\t\t\t\t\t\t\t\t\t\t\t\t\t\t\t\t\t\t<p class=\"m-0\"><img decoding=\"async\" src=\"https:\/\/www.myallmeeting.com\/wp-content\/uploads\/2016\/05\/aja_p_0095-25__original-633x398.jpeg\" class=\"position-relative l-0\" width=\"633\" height=\"398\" alt=\"\" loading=\"lazy\" \/><\/p>\n\t\t\t\t\t\t\t\t\t\t\t<\/div>\n\t\t\t\t<\/div>\n\t\t\t<\/div>\n\t\t<\/div>\n\t<\/div>\n\t<div class=\"tcta2ia__bottom d-lg-none pb-12 py-lg-9 pe-lg-10\">\n\t\t\t\t<div class=\"h2 fs-20 fs-lg-32 fw-semibold\">Les Alpes, un s\u00e9minaire de haut vol<\/div>\n\t\t\t\t\t\t<div class=\"fs-wysiwyg\"><p><span style=\"font-weight: 400;\">Choisir\u00a0<\/span><span style=\"font-weight: 400;\">un s\u00e9minaire en montagne<\/span><span style=\"font-weight: 400;\">, c\u2019est opter pour\u00a0<\/span><b>un cadre original<\/b><span style=\"font-weight: 400;\">\u00a0et propice au challenge dans vos \u00e9quipes\u00a0!<\/span><\/p>\n<p><span style=\"font-weight: 400;\">Favorisez la coh\u00e9sion d\u2019\u00e9quipe au milieu de paysages \u00e0 couper le souffle, depuis un h\u00f4tel ou un centre de conventions. Les s\u00e9minaires dans les Alpes permettent en effet de programmer de nombreuses activit\u00e9s vraiment\u00a0<\/span><b>originales.<\/b><\/p>\n<p><span style=\"font-weight: 400;\">Pour renforcer l\u2019esprit d\u2019\u00e9quipe, que r\u00eaver de mieux qu\u2019une sortie \u00e0 ski ou en chien de tra\u00eeneau jusqu\u2019au coucher du soleil, avant d\u2019encha\u00eener avec un d\u00eener plein de magie dans un igloo !<\/span><\/p>\n<p><span style=\"font-weight: 400;\">Pour des sensations fortes, que diriez-vous d\u2019une session collective de plong\u00e9e sous glace, ou bien d\u2019une initiation \u00e0 la conduite sur un circuit glac\u00e9 ?\u00a0<\/span><b>La large palette d\u2019activit\u00e9s fait des Alpes une destination de s\u00e9minaire toujours \u00e0 la mode.<\/b><\/p>\n<p><span style=\"font-weight: 400;\">Et s\u2019il y a bien un \u00e9tablissement du groupe Accor qui propose une \u201clarge palette d\u2019activit\u00e9s\u201d, c\u2019est bien le <a href=\"https:\/\/myallmeeting.com\/fr\/hotel\/2945-mercure-aix-les-bains-domaine-de-marlioz-hotel-spa\/\" target=\"_blank\" rel=\"noopener\">Mercure Aix-les-Bains Domaine de Marlioz<\/a>. Situ\u00e9 au coeur d\u2019un parc de 10 ha, cet \u00e9tablissement propose un cadre id\u00e9al &#8211; entre verdure, montagne et lac &#8211; pour la relaxation et pour le travail. Ce sont 720 m\u00b2 d\u2019espace de r\u00e9union qui sont \u00e0 disposition, avec un grand parking gratuit. L\u2019espace baln\u00e9o et sa piscine, ainsi que la terrasse du bar et restaurant assureront les moments de d\u00e9tente.\u00a0<\/span><\/p>\n<\/div>\n\t\t\t\t<div class=\"d-flex flex-column flex-lg-row align-items-center gap-5 gap-lg-8 justify-content-between\">\n\t\t\t<div class=\"fs-20 fs-lg-26 fw-semibold lh-xs\"><\/div>\n\t\t\t\t\t<\/div>\n\t<\/div>\n<\/div>\n<!-- END OF : Composant : block-periscope-theme-section-composant-25-texte-cta-2-images.php -->\n\n\n<!-- START OF : Composant : block-periscope-theme-section-composant-33-texte-image.php -->\n<div class=\"text-image fs-wysiwyg mb-8 mb-lg-12\" data-component=\"33-texte-image\">\n\t<div class=\"container-fluid\" style=\"--bs-gutter-x: 0\">\n\t\t<div class=\"row\" style=\"--bs-gutter-x: 0\">\n\t\t\t\t\t\t<div class=\"col-lg-6 mb-7 mb-lg-0\">\n\t\t\t\t<img decoding=\"async\" src=\"https:\/\/www.myallmeeting.com\/wp-content\/uploads\/2016\/05\/aja_p_7046-17__original-953x600.jpeg\" width=\"953\" height=\"600\" alt=\"\" loading=\"lazy\" class=\"w-100\" \/>\n\t\t\t<\/div>\n\t\t\t\t\t\t<div class=\"col-lg-6\">\n\t\t\t\t<div class=\"text-image__content\">\n\t\t\t\t\t\t\t\t\t\t<div class=\"fw-semibold lh-xs fs-20 fs-lg-32 ls--25 mb-5\">Corse, votre s\u00e9minaire sur l&#039;\u00eele de beaut\u00e9<\/div>\n\t\t\t\t\t\t\t\t\t\t\t\t\t\t\t<div class=\"fs-wysiwyg\">\n\t\t\t\t\t\t<p><span style=\"font-weight: 400;\">Entre mer et montagne, la Corse est\u00a0<\/span><b>un \u00e9crin de r\u00eave<\/b><span style=\"font-weight: 400;\">\u00a0pour un s\u00e9minaire dont vos coll\u00e8gues\u00a0se souviendront pendant longtemps\u2026<\/span><\/p>\n<p><span style=\"font-weight: 400;\">Avec ses solutions cl\u00e9 en main, l\u2019\u00eele de Beaut\u00e9 est id\u00e9ale pour les voyages d\u2019affaires, gr\u00e2ce notamment \u00e0\u00a0<\/span><b>des paysages incroyables.<\/b><\/p>\n<p><span style=\"font-weight: 400;\">De Bastia \u00e0 Bonifacio,\u00a0<\/span><b>des infrastructures de qualit\u00e9<\/b><span style=\"font-weight: 400;\">\u00a0accueillent les entreprises, avec notamment 4 a\u00e9roports.\u00a0Les 1 200 kilom\u00e8tres de c\u00f4tes et des pics de plus de 2 000 m\u00e8tres vous invitent \u00e0 des activit\u00e9s nautiques ou de montagne,\u00a0<\/span><b>pour le bonheur de vos \u00e9quipes !<\/b><\/p>\n<p><span style=\"font-weight: 400;\">Pour profiter des splendeurs de l\u2019\u00eele de beaut\u00e9, le <a href=\"https:\/\/myallmeeting.com\/fr\/hotel\/0587-sofitel-golfe-dajaccio-thalassa-sea-spa\/\" target=\"_blank\" rel=\"noopener\">Sofitel Golfe d\u2019Ajaccio Thalassa Sea &amp; Spa<\/a> 5 \u00e9toiles constitue le pied-\u00e0-terre id\u00e9al. Ses atouts ne manquent pas : localisation au coeur d\u2019un domaine priv\u00e9 en Corse du Sud, soins sur mesure, piscine d\u2019eau de mer chauff\u00e9e d\u2019avril \u00e0 octobre, plage priv\u00e9e\u2026 Incontournable.\u00a0<\/span><\/p>\n\t\t\t\t\t<\/div>\n\t\t\t\t\t\t\t\t\t<\/div>\n\t\t\t<\/div>        \n\t\t<\/div>\n\t<\/div>\n<\/div>\n<!-- END OF : Composant : block-periscope-theme-section-composant-33-texte-image.php -->\n\n\n<!-- START OF : Composant : block-periscope-theme-section-composant-33-texte-image.php -->\n<!-- INVERSE -->\n<div class=\"text-image fs-wysiwyg mb-8 mb-lg-12\" data-component=\"33-texte-image\" data-reverse=\"oui\">\n\t<div class=\"container-fluid\" style=\"--bs-gutter-x: 0\">\n\t\t<div class=\"row\" style=\"--bs-gutter-x: 0\">\n\t\t\t<div class=\"col-lg-6\">\n\t\t\t\t<div class=\"text-image__content\">\n\t\t\t\t\t\t\t\t\t\t<div class=\"fw-semibold lh-xs fs-20 fs-lg-32 ls--25 mb-5\">La Bretagne, cap sur l&#039;esprit d&#039;\u00e9quipe<\/div>\n\t\t\t\t\t\t\t\t\t\t\t\t\t\t\t<div class=\"fs-wysiwyg\">\n\t\t\t\t\t\t<p><span style=\"font-weight: 400;\">\u00c0 moins de 3 heures de Paris, la Bretagne dispose d\u2019infrastructures de pointe pour l\u2019organisation de s\u00e9minaires (comme \u00e0\u00a0<\/span><span style=\"font-weight: 400;\">Quiberon\u00a0<\/span><span style=\"font-weight: 400;\">par exemple !), avec\u00a0<\/span><b>une offre h\u00f4teli\u00e8re compl\u00e8te<\/b><span style=\"font-weight: 400;\">\u00a0et pas moins de 6 a\u00e9roports.<\/span><\/p>\n<p><span style=\"font-weight: 400;\">Dans cette r\u00e9gion dynamique, connue pour son esprit cr\u00e9atif,\u00a0<\/span><b>des paysages magiques<\/b><span style=\"font-weight: 400;\">\u00a0accueilleront vos collaborateurs, entre dunes, plages et falaises. La Bretagne est aussi la premi\u00e8re r\u00e9gion de France\u00a0<\/span><b>pour les espaces pr\u00e9serv\u00e9s.<\/b><\/p>\n<p><span style=\"font-weight: 400;\">Parmi les nombreuses activit\u00e9s r\u00e9alisables, en plein air, la voile est toujours une valeur s\u00fbre pour les s\u00e9minaires : le maniement d\u2019un voilier \u00e0 plusieurs est particuli\u00e8rement recommand\u00e9\u00a0<\/span><b>pour construire l\u2019esprit d\u2019\u00e9quipe et la synergie derri\u00e8re un objectif commun !<\/b><\/p>\n<p><span style=\"font-weight: 400;\">Le <a href=\"https:\/\/myallmeeting.com\/fr\/article\/un-seminaire-en-bretagne-pour-une-reunion-avec-la-mer\/\" target=\"_blank\" rel=\"noopener\">Sainte-Barbe H\u00f4tel &amp; Spa Le Conquet &#8211; MGallery<\/a> vous permet de profiter des bienfaits de la Bretagne. Cet h\u00f4tel-boutique propose une vue unique sur les \u00eeles Ouessant et Mol\u00e8ne (34 chambres disposent d\u2019une vue sur mer), ainsi qu\u2019un restaurant, un <\/span><i><span style=\"font-weight: 400;\">rooftop bar<\/span><\/i><span style=\"font-weight: 400;\">, un spa marin et une salle de r\u00e9union avec, elle aussi, vue sur mer.\u00a0<\/span><\/p>\n\t\t\t\t\t<\/div>\n\t\t\t\t\t\t\t\t\t<\/div>\n\t\t\t<\/div>    \n\t\t\t    \n\t\t\t<div class=\"col-lg-6 order-first order-lg-last mb-7 mb-lg-0\">\n\t\t\t\t<img decoding=\"async\" src=\"https:\/\/www.myallmeeting.com\/wp-content\/uploads\/2016\/05\/aja_p_7011-34__original-953x600.jpeg\" width=\"953\" height=\"600\" alt=\"\" loading=\"lazy\" class=\"w-100\" \/>\n\t\t\t<\/div>\n\t\t\t\t\t<\/div>\n\t<\/div>\n<\/div>\n<!-- END OF : Composant : block-periscope-theme-section-composant-33-texte-image.php -->\n\n\n<!-- START OF : Composant : block-periscope-theme-section-composant-33-texte-image.php -->\n<div class=\"text-image fs-wysiwyg mb-8 mb-lg-12\" data-component=\"33-texte-image\">\n\t<div class=\"container-fluid\" style=\"--bs-gutter-x: 0\">\n\t\t<div class=\"row\" style=\"--bs-gutter-x: 0\">\n\t\t\t\t\t\t<div class=\"col-lg-6 mb-7 mb-lg-0\">\n\t\t\t\t<img decoding=\"async\" src=\"https:\/\/www.myallmeeting.com\/wp-content\/uploads\/2016\/05\/aja_p_6802-25__original-953x600.jpeg\" width=\"953\" height=\"600\" alt=\"\" loading=\"lazy\" class=\"w-100\" \/>\n\t\t\t<\/div>\n\t\t\t\t\t\t<div class=\"col-lg-6\">\n\t\t\t\t<div class=\"text-image__content\">\n\t\t\t\t\t\t\t\t\t\t<div class=\"fw-semibold lh-xs fs-20 fs-lg-32 ls--25 mb-5\">Un s\u00e9minaire pas comme les autres dans l&#039;est parisien<\/div>\n\t\t\t\t\t\t\t\t\t\t\t\t\t\t\t<div class=\"fs-wysiwyg\">\n\t\t\t\t\t\t<p><span style=\"font-weight: 400;\">Les 19e, 20e et 12e arrondissements proposent des prix tr\u00e8s attractifs pour les multinationales qui souhaitent organiser un s\u00e9minaire \u00e0 Paris : ils offrent en \u00cele-de-France<\/span><b>\u00a0un rapport qualit\u00e9\/prix imbattable, <\/b><span style=\"font-weight: 400;\">et permettent d\u2019h\u00e9berger vos h\u00f4tes dans le centre de la ville, \u00e0 proximit\u00e9 de sites touristiques et culturels de renomm\u00e9e mondiale.<\/span><\/p>\n<p><span style=\"font-weight: 400;\">Un s\u00e9minaire dans l\u2019Est parisien, c\u2019est aussi la possibilit\u00e9 d\u2019utiliser des espaces uniques comme le Parc zoologique de Vincennes, la Cit\u00e9 de la Mode et du Design ou bien encore le Mus\u00e9e des Arts Forains\u2026\u00a0<\/span><b>De quoi stimuler la cr\u00e9ativit\u00e9 de vos \u00e9quipes !<\/b><\/p>\n<p><span style=\"font-weight: 400;\">Le <a href=\"https:\/\/myallmeeting.com\/fr\/hotel\/9921-mama-shelter-paris-east\/\" target=\"_blank\" rel=\"noopener\">Mama Shelter Paris East<\/a> se r\u00e9v\u00e8le le point d\u2019ancrage id\u00e9al pour profiter de toutes les activit\u00e9s de l\u2019Est parisien. Cet \u00e9tablissement allie design moderne et esprit chaleureux, le lieu parfait pour d\u00e9guster un plat, boire un verre et\/ou se reposer.\u00a0<\/span><\/p>\n\t\t\t\t\t<\/div>\n\t\t\t\t\t\t\t\t\t<\/div>\n\t\t\t<\/div>        \n\t\t<\/div>\n\t<\/div>\n<\/div>\n<!-- END OF : Composant : block-periscope-theme-section-composant-33-texte-image.php -->\n\n\n<!-- START OF : Composant : block-periscope-theme-section-composant-33-texte-image.php -->\n<!-- INVERSE -->\n<div class=\"text-image fs-wysiwyg mb-8 mb-lg-12\" data-component=\"33-texte-image\" data-reverse=\"oui\">\n\t<div class=\"container-fluid\" style=\"--bs-gutter-x: 0\">\n\t\t<div class=\"row\" style=\"--bs-gutter-x: 0\">\n\t\t\t<div class=\"col-lg-6\">\n\t\t\t\t<div class=\"text-image__content\">\n\t\t\t\t\t\t\t\t\t\t<div class=\"fw-semibold lh-xs fs-20 fs-lg-32 ls--25 mb-5\">Le pays basque, entre oc\u00e9an et montagne<\/div>\n\t\t\t\t\t\t\t\t\t\t\t\t\t\t\t<div class=\"fs-wysiwyg\">\n\t\t\t\t\t\t<p><span style=\"font-weight: 400;\">Face \u00e0 l\u2019oc\u00e9an Atlantique, le Pays basque est une r\u00e9gion de caract\u00e8re qui offre de nombreux atouts pour\u00a0<\/span><i><span style=\"font-weight: 400;\">l\u2019incentive<\/span><\/i><span style=\"font-weight: 400;\">\u00a0et\u00a0<\/span><i><span style=\"font-weight: 400;\">le teambuilding<\/span><\/i><span style=\"font-weight: 400;\">\u00a0!<\/span><\/p>\n<p><span style=\"font-weight: 400;\">Gr\u00e2ce \u00e0 l\u2019a\u00e9roport de Biarritz-Anglet-Bayonne (\u00e0 10 minutes du centre de Bayonne), la r\u00e9gion est\u00a0<\/span><b>\u00e0 seulement 1 heure d\u2019avion au d\u00e9part de Paris.<\/b><\/p>\n<p><span style=\"font-weight: 400;\">De Hendaye \u00e0 Saint-Jean-de-Luz, pourquoi ne pas s\u2019essayer \u00e0 la pelote basque en \u00e9quipe, avant de ressouder les liens de l\u2019entreprise au cours d\u2019une session de rafting sur la Nive ?<\/span><\/p>\n<p><span style=\"font-weight: 400;\">Les spas et thalassos de la r\u00e9gion fourniront\u00a0<\/span><b>une pause d\u00e9tente bienvenue entre deux r\u00e9unions.<\/b><\/p>\n<p><span style=\"font-weight: 400;\">Le Pays Basque dispose en outre\u00a0<\/span><b>d\u2019infrastructures de qualit\u00e9<\/b><span style=\"font-weight: 400;\">, avec h\u00f4tels, salles de r\u00e9unions et agences sp\u00e9cialis\u00e9es dans les s\u00e9minaires et le\u00a0<\/span><i><span style=\"font-weight: 400;\">teambuilding.<\/span><\/i><\/p>\n<p><span style=\"font-weight: 400;\">Et comme \u201cinfrastructure de qualit\u00e9\u201d, le <a href=\"https:\/\/myallmeeting.com\/fr\/hotel\/0994-novotel-resort-spa-biarritz-anglet\/\" target=\"_blank\" rel=\"noopener\">Novotel Resort &amp; Spa Biarritz Anglet<\/a> se pose l\u00e0. Avec ses 104 chambres (incluant Suites et <\/span><i><span style=\"font-weight: 400;\">Executives<\/span><\/i><span style=\"font-weight: 400;\">), son <\/span><i><span style=\"font-weight: 400;\">Wellness Center<\/span><\/i><span style=\"font-weight: 400;\"> (sauna, salle de sport, cabines de soin), sa piscine chauff\u00e9e d\u2019avril \u00e0 octobre, son cadre unique sur la c\u00f4te basque, son bar \u00e0 vin et son restaurant, vous avez l\u2019assurance que vos \u00e9quipes garderont de votre s\u00e9minaire un souvenir inoubliable.<\/span><\/p>\n\t\t\t\t\t<\/div>\n\t\t\t\t\t\t\t\t\t<\/div>\n\t\t\t<\/div>    \n\t\t\t    \n\t\t\t<div class=\"col-lg-6 order-first order-lg-last mb-7 mb-lg-0\">\n\t\t\t\t<img decoding=\"async\" src=\"https:\/\/www.myallmeeting.com\/wp-content\/uploads\/2016\/05\/aja_p_4026-32__original-953x600.jpeg\" width=\"953\" height=\"600\" alt=\"\" loading=\"lazy\" class=\"w-100\" \/>\n\t\t\t<\/div>\n\t\t\t\t\t<\/div>\n\t<\/div>\n<\/div>\n<!-- END OF : Composant : block-periscope-theme-section-composant-33-texte-image.php -->\n","protected":false},"excerpt":{"rendered":"<p>Le s\u00e9minaire est un outil particuli\u00e8rement efficace pour renforcer les connexions au sein de l\u2019entreprise. <\/p>\n","protected":false},"featured_media":27527,"menu_order":0,"template":"","periscope_categorie_tax":[1649],"class_list":["post-15226840","article","type-article","status-publish","has-post-thumbnail","hentry","periscope_categorie_tax-organiser-votre-reunion"],"acf":[],"yoast_head":"<title>Les destinations tendance en France pour une coh\u00e9sion d&rsquo;\u00e9quipe - Accor MyAllMeeting.com<\/title>\n<meta name=\"robots\" content=\"index, follow, max-snippet:-1, max-image-preview:large, max-video-preview:-1\" \/>\n<link rel=\"canonical\" href=\"https:\/\/www.myallmeeting.com\/fr\/wp-json\/wp\/v2\/article\/15226840\" \/>\n<meta property=\"og:locale\" content=\"fr_FR\" \/>\n<meta property=\"og:type\" content=\"article\" \/>\n<meta property=\"og:title\" content=\"Les destinations tendance en France pour une coh\u00e9sion d&rsquo;\u00e9quipe - Accor MyAllMeeting.com\" \/>\n<meta property=\"og:description\" content=\"Le s\u00e9minaire est un outil particuli\u00e8rement efficace pour renforcer les connexions au sein de l\u2019entreprise.\" \/>\n<meta property=\"og:url\" content=\"https:\/\/www.myallmeeting.com\/fr\/article\/les-destinations-tendance-en-france-pour-une-cohesion-dequipe\/\" \/>\n<meta property=\"og:site_name\" content=\"Accor MyAllMeeting.com\" \/>\n<meta property=\"article:modified_time\" content=\"2024-12-02T13:17:32+00:00\" \/>\n<meta property=\"og:image\" content=\"http:\/\/myallmeeting.com\/wp-content\/uploads\/2016\/05\/130_ACCOR_6814_3_LR_72dpi.jpg\" \/>\n\t<meta property=\"og:image:width\" content=\"1766\" \/>\n\t<meta property=\"og:image:height\" content=\"1179\" \/>\n\t<meta property=\"og:image:type\" content=\"image\/jpeg\" \/>\n<meta name=\"twitter:card\" content=\"summary_large_image\" \/>\n<meta name=\"twitter:label1\" content=\"Dur\u00e9e de lecture estim\u00e9e\" \/>\n\t<meta name=\"twitter:data1\" content=\"7 minutes\" \/>\n<script type=\"application\/ld+json\" class=\"yoast-schema-graph\">{\"@context\":\"https:\/\/schema.org\",\"@graph\":[{\"@type\":\"WebPage\",\"@id\":\"https:\/\/www.myallmeeting.com\/fr\/article\/les-destinations-tendance-en-france-pour-une-cohesion-dequipe\/\",\"url\":\"https:\/\/www.myallmeeting.com\/fr\/article\/les-destinations-tendance-en-france-pour-une-cohesion-dequipe\/\",\"name\":\"Les destinations tendance en France pour une coh\u00e9sion d&rsquo;\u00e9quipe - Accor MyAllMeeting.com\",\"isPartOf\":{\"@id\":\"https:\/\/www.myallmeeting.com\/fr\/#website\"},\"primaryImageOfPage\":{\"@id\":\"https:\/\/www.myallmeeting.com\/fr\/article\/les-destinations-tendance-en-france-pour-une-cohesion-dequipe\/#primaryimage\"},\"image\":{\"@id\":\"https:\/\/www.myallmeeting.com\/fr\/article\/les-destinations-tendance-en-france-pour-une-cohesion-dequipe\/#primaryimage\"},\"thumbnailUrl\":\"https:\/\/www.myallmeeting.com\/wp-content\/uploads\/2016\/05\/130_ACCOR_6814_3_LR_72dpi.jpg\",\"datePublished\":\"2016-05-12T08:35:47+00:00\",\"dateModified\":\"2024-12-02T13:17:32+00:00\",\"breadcrumb\":{\"@id\":\"https:\/\/www.myallmeeting.com\/fr\/article\/les-destinations-tendance-en-france-pour-une-cohesion-dequipe\/#breadcrumb\"},\"inLanguage\":\"fr-FR\",\"potentialAction\":[{\"@type\":\"ReadAction\",\"target\":[\"https:\/\/www.myallmeeting.com\/fr\/article\/les-destinations-tendance-en-france-pour-une-cohesion-dequipe\/\"]}]},{\"@type\":\"ImageObject\",\"inLanguage\":\"fr-FR\",\"@id\":\"https:\/\/www.myallmeeting.com\/fr\/article\/les-destinations-tendance-en-france-pour-une-cohesion-dequipe\/#primaryimage\",\"url\":\"https:\/\/www.myallmeeting.com\/wp-content\/uploads\/2016\/05\/130_ACCOR_6814_3_LR_72dpi.jpg\",\"contentUrl\":\"https:\/\/www.myallmeeting.com\/wp-content\/uploads\/2016\/05\/130_ACCOR_6814_3_LR_72dpi.jpg\",\"width\":1766,\"height\":1179,\"caption\":\"Destinations tendances pour coh\u00e9sion d'\u00e9quipe\"},{\"@type\":\"BreadcrumbList\",\"@id\":\"https:\/\/www.myallmeeting.com\/fr\/article\/les-destinations-tendance-en-france-pour-une-cohesion-dequipe\/#breadcrumb\",\"itemListElement\":[{\"@type\":\"ListItem\",\"position\":1,\"name\":\"Accueil\",\"item\":\"https:\/\/myallmeeting.com\/fr\/\"},{\"@type\":\"ListItem\",\"position\":2,\"name\":\"Actualit\u00e9s\",\"item\":\"https:\/\/www.myallmeeting.com\/fr\/actualite\/\"},{\"@type\":\"ListItem\",\"position\":3,\"name\":\"Les destinations tendance en France pour une coh\u00e9sion d&rsquo;\u00e9quipe\"}]},{\"@type\":\"WebSite\",\"@id\":\"https:\/\/www.myallmeeting.com\/fr\/#website\",\"url\":\"https:\/\/www.myallmeeting.com\/fr\/\",\"name\":\"Accor MyAllMeeting.com\",\"description\":\"Les Meilleurs lieux pour vos Ev\u00e9nements Professionnels\",\"publisher\":{\"@id\":\"https:\/\/www.myallmeeting.com\/fr\/#organization\"},\"potentialAction\":[{\"@type\":\"SearchAction\",\"target\":{\"@type\":\"EntryPoint\",\"urlTemplate\":\"https:\/\/www.myallmeeting.com\/fr\/?s={search_term_string}\"},\"query-input\":{\"@type\":\"PropertyValueSpecification\",\"valueRequired\":true,\"valueName\":\"search_term_string\"}}],\"inLanguage\":\"fr-FR\"},{\"@type\":\"Organization\",\"@id\":\"https:\/\/www.myallmeeting.com\/fr\/#organization\",\"name\":\"ACCOR\",\"url\":\"https:\/\/www.myallmeeting.com\/fr\/\",\"logo\":{\"@type\":\"ImageObject\",\"inLanguage\":\"fr-FR\",\"@id\":\"https:\/\/www.myallmeeting.com\/fr\/#\/schema\/logo\/image\/\",\"url\":\"\",\"contentUrl\":\"\",\"caption\":\"ACCOR\"},\"image\":{\"@id\":\"https:\/\/www.myallmeeting.com\/fr\/#\/schema\/logo\/image\/\"}}]}<\/script>","yoast_head_json":{"title":"Les destinations tendance en France pour une coh\u00e9sion d&rsquo;\u00e9quipe - Accor MyAllMeeting.com","robots":{"index":"index","follow":"follow","max-snippet":"max-snippet:-1","max-image-preview":"max-image-preview:large","max-video-preview":"max-video-preview:-1"},"canonical":"https:\/\/www.myallmeeting.com\/fr\/wp-json\/wp\/v2\/article\/15226840","og_locale":"fr_FR","og_type":"article","og_title":"Les destinations tendance en France pour une coh\u00e9sion d&rsquo;\u00e9quipe - Accor MyAllMeeting.com","og_description":"Le s\u00e9minaire est un outil particuli\u00e8rement efficace pour renforcer les connexions au sein de l\u2019entreprise.","og_url":"https:\/\/www.myallmeeting.com\/fr\/article\/les-destinations-tendance-en-france-pour-une-cohesion-dequipe\/","og_site_name":"Accor MyAllMeeting.com","article_modified_time":"2024-12-02T13:17:32+00:00","og_image":[{"width":1766,"height":1179,"url":"http:\/\/myallmeeting.com\/wp-content\/uploads\/2016\/05\/130_ACCOR_6814_3_LR_72dpi.jpg","type":"image\/jpeg"}],"twitter_card":"summary_large_image","twitter_misc":{"Dur\u00e9e de lecture estim\u00e9e":"7 minutes"},"schema":{"@context":"https:\/\/schema.org","@graph":[{"@type":"WebPage","@id":"https:\/\/www.myallmeeting.com\/fr\/article\/les-destinations-tendance-en-france-pour-une-cohesion-dequipe\/","url":"https:\/\/www.myallmeeting.com\/fr\/article\/les-destinations-tendance-en-france-pour-une-cohesion-dequipe\/","name":"Les destinations tendance en France pour une coh\u00e9sion d&rsquo;\u00e9quipe - Accor MyAllMeeting.com","isPartOf":{"@id":"https:\/\/www.myallmeeting.com\/fr\/#website"},"primaryImageOfPage":{"@id":"https:\/\/www.myallmeeting.com\/fr\/article\/les-destinations-tendance-en-france-pour-une-cohesion-dequipe\/#primaryimage"},"image":{"@id":"https:\/\/www.myallmeeting.com\/fr\/article\/les-destinations-tendance-en-france-pour-une-cohesion-dequipe\/#primaryimage"},"thumbnailUrl":"https:\/\/www.myallmeeting.com\/wp-content\/uploads\/2016\/05\/130_ACCOR_6814_3_LR_72dpi.jpg","datePublished":"2016-05-12T08:35:47+00:00","dateModified":"2024-12-02T13:17:32+00:00","breadcrumb":{"@id":"https:\/\/www.myallmeeting.com\/fr\/article\/les-destinations-tendance-en-france-pour-une-cohesion-dequipe\/#breadcrumb"},"inLanguage":"fr-FR","potentialAction":[{"@type":"ReadAction","target":["https:\/\/www.myallmeeting.com\/fr\/article\/les-destinations-tendance-en-france-pour-une-cohesion-dequipe\/"]}]},{"@type":"ImageObject","inLanguage":"fr-FR","@id":"https:\/\/www.myallmeeting.com\/fr\/article\/les-destinations-tendance-en-france-pour-une-cohesion-dequipe\/#primaryimage","url":"https:\/\/www.myallmeeting.com\/wp-content\/uploads\/2016\/05\/130_ACCOR_6814_3_LR_72dpi.jpg","contentUrl":"https:\/\/www.myallmeeting.com\/wp-content\/uploads\/2016\/05\/130_ACCOR_6814_3_LR_72dpi.jpg","width":1766,"height":1179,"caption":"Destinations tendances pour coh\u00e9sion d'\u00e9quipe"},{"@type":"BreadcrumbList","@id":"https:\/\/www.myallmeeting.com\/fr\/article\/les-destinations-tendance-en-france-pour-une-cohesion-dequipe\/#breadcrumb","itemListElement":[{"@type":"ListItem","position":1,"name":"Accueil","item":"https:\/\/myallmeeting.com\/fr\/"},{"@type":"ListItem","position":2,"name":"Actualit\u00e9s","item":"https:\/\/www.myallmeeting.com\/fr\/actualite\/"},{"@type":"ListItem","position":3,"name":"Les destinations tendance en France pour une coh\u00e9sion d&rsquo;\u00e9quipe"}]},{"@type":"WebSite","@id":"https:\/\/www.myallmeeting.com\/fr\/#website","url":"https:\/\/www.myallmeeting.com\/fr\/","name":"Accor MyAllMeeting.com","description":"Les Meilleurs lieux pour vos Ev\u00e9nements Professionnels","publisher":{"@id":"https:\/\/www.myallmeeting.com\/fr\/#organization"},"potentialAction":[{"@type":"SearchAction","target":{"@type":"EntryPoint","urlTemplate":"https:\/\/www.myallmeeting.com\/fr\/?s={search_term_string}"},"query-input":{"@type":"PropertyValueSpecification","valueRequired":true,"valueName":"search_term_string"}}],"inLanguage":"fr-FR"},{"@type":"Organization","@id":"https:\/\/www.myallmeeting.com\/fr\/#organization","name":"ACCOR","url":"https:\/\/www.myallmeeting.com\/fr\/","logo":{"@type":"ImageObject","inLanguage":"fr-FR","@id":"https:\/\/www.myallmeeting.com\/fr\/#\/schema\/logo\/image\/","url":"","contentUrl":"","caption":"ACCOR"},"image":{"@id":"https:\/\/www.myallmeeting.com\/fr\/#\/schema\/logo\/image\/"}}]}},"_links":{"self":[{"href":"https:\/\/www.myallmeeting.com\/fr\/wp-json\/wp\/v2\/article\/15226840","targetHints":{"allow":["GET"]}}],"collection":[{"href":"https:\/\/www.myallmeeting.com\/fr\/wp-json\/wp\/v2\/article"}],"about":[{"href":"https:\/\/www.myallmeeting.com\/fr\/wp-json\/wp\/v2\/types\/article"}],"wp:featuredmedia":[{"embeddable":true,"href":"https:\/\/www.myallmeeting.com\/fr\/wp-json\/wp\/v2\/media\/27527"}],"wp:attachment":[{"href":"https:\/\/www.myallmeeting.com\/fr\/wp-json\/wp\/v2\/media?parent=15226840"}],"wp:term":[{"taxonomy":"periscope_categorie_tax","embeddable":true,"href":"https:\/\/www.myallmeeting.com\/fr\/wp-json\/wp\/v2\/periscope_categorie_tax?post=15226840"}],"curies":[{"name":"wp","href":"https:\/\/api.w.org\/{rel}","templated":true}]}}