{"id":15226834,"date":"2016-08-05T15:02:42","date_gmt":"2016-08-05T13:02:42","guid":{"rendered":"https:\/\/myallmeeting.com\/article\/les-destinations-tendance-a-linternational-pour-un-seminaire\/"},"modified":"2024-12-02T13:02:08","modified_gmt":"2024-12-02T12:02:08","slug":"les-destinations-tendance-a-linternational-pour-un-seminaire","status":"publish","type":"article","link":"https:\/\/www.myallmeeting.com\/fr\/article\/les-destinations-tendance-a-linternational-pour-un-seminaire\/","title":{"rendered":"Les destinations tendance \u00e0 l\u2019international pour un s\u00e9minaire"},"content":{"rendered":"<!-- START OF : Composant : block-periscope-theme-section-composant-25-texte-cta-2-images.php -->\n<div class=\"tcta2ia bg-white fs-wysiwyg mb-lg-12\" data-component=\"25-texte-cta-2-images\">\n\t<div class=\"tcta2ia__top\">\n\t\t<div class=\"container-fluid\" style=\"--bs-gutter-x: 0\">\n\t\t\t<div class=\"row\" style=\"--bs-gutter-x: 0\">\n\t\t\t\t<div class=\"col-lg-8\">\n\t\t\t\t\t\t\t\t\t\t<div class=\"bloc-mise-en-avant__top__left\">\n\t\t\t\t\t\t<img decoding=\"async\" src=\"https:\/\/www.myallmeeting.com\/wp-content\/uploads\/2016\/08\/aja_p_6658-23__original-1268x846.jpeg\" class=\"pe-2 pe-lg-0\" width=\"1268\" height=\"846\" alt=\"\" loading=\"lazy\" \/>\n\t\t\t\t\t<\/div>\n\t\t\t\t\t\t\t\t\t\t<div class=\"tcta2ia__bottom d-none d-lg-block pb-12 pt-lg-9 pb-lg-0 pe-lg-10\">\n\t\t\t\t\t\t\t\t\t\t\t\t<h2 class=\"fs-20 fs-lg-32 fw-semibold\">Berlin, une capitale \u00e9clectique propice aux s\u00e9minaires originaux<\/h2>\n\t\t\t\t\t\t\t\t\t\t\t\t\t\t\t\t\t\t<div class=\"fs-wysiwyg\"><p><span style=\"font-weight: 400;\">\u00c0 seulement deux heures de vol de Paris, la capitale allemande \u00e9tonne par son dynamisme et son c\u00f4t\u00e9 branch\u00e9. La ville poss\u00e8de un \u00e9ventail d\u2019infrastructures adapt\u00e9es aux\u00a0<\/span><b>s\u00e9minaires<\/b><span style=\"font-weight: 400;\">, aux\u00a0<\/span><b>congr\u00e8s<\/b><span style=\"font-weight: 400;\">\u00a0et aux\u00a0<\/span><b>salons<\/b><span style=\"font-weight: 400;\">.<\/span><\/p>\n<p><span style=\"font-weight: 400;\">Berlin est \u00e9galement une ville pionni\u00e8re en mati\u00e8re de mode, d\u2019art et de design. Cette atmosph\u00e8re particuli\u00e8re est id\u00e9ale pour\u00a0<\/span><b>stimuler l\u2019esprit d\u2019\u00e9quipe<\/b><span style=\"font-weight: 400;\">, pour r\u00e9veiller chez vos employ\u00e9s les cr\u00e9ateurs et les\u00a0<\/span><b>preneurs de d\u00e9cision<\/b><span style=\"font-weight: 400;\">\u00a0qui sommeillent en eux.<\/span><\/p>\n<p><span style=\"font-weight: 400;\">L\u2019h\u00f4tel <a href=\"https:\/\/myallmeeting.com\/fr\/hotel\/1573-ibis-berlin-airport-tegel\/\" target=\"_blank\" rel=\"noopener\">ibis Berlin City Nord<\/a> est le parfait \u00e9crin pour vous accueillir dans la capitale allemande. Proche du centre-ville, ainsi que de la c\u00e9l\u00e8bre Alexanderplatz, l\u2019\u00e9tablissement propose pas moins de 116 chambres et 4 salles de r\u00e9union, toutes bien entendu \u00e9quip\u00e9es du wifi gratuit.\u00a0<\/span><\/p>\n<\/div>\n\t\t\t\t\t\t\t\t\t\t\t\t<div class=\"d-flex flex-column flex-lg-row align-items-center gap-5 gap-lg-8 justify-content-between\">\n\t\t\t\t\t\t\t<div class=\"fs-20 fs-lg-26 fw-semibold lh-xs\"><\/div>\n\t\t\t\t\t\t\t\t\t\t\t\t\t<\/div>\n\t\t\t\t\t<\/div>\n\t\t\t\t<\/div>\n\t\t\t\t<div class=\"col-lg-4\">\n\t\t\t\t\t<div class=\"tcta2ia__top__right t-0 r-0 bg-primary text-white pt-4 pb-4 px-2 pt-lg-8 pb-lg-16 px-lg-11 pb-xl-30\">\n\t\t\t\t\t\t\t\t\t\t\t\t\t\t\t\t\t\t<h2 class=\"unna fs-36 fs-lg-51 fs-xl-75 fs-italic fw-normal text-secondary\">Les destinations tendance \u00e0 l\u2019international pour un s\u00e9minaire<\/h2>\n\t\t\t\t\t\t\t\t\t\t\t\t\t\t\t\t\t\t<h3 class=\"text-white fs-18 fs-lg-20 fs-xl-28 text-original-case\">Le s\u00e9minaire est un outil original n\u00e9cessaire au bon fonctionnement d\u2019une entreprise<\/h3>\n\t\t\t\t\t\t\t\t\t\t\t\t\t\t\t\t\t\t<div class=\"fs-wysiwyg mb-4 fs-lg-16 fs-xl-20\"><p><span style=\"font-weight: 400;\">Il renforce la <\/span><b>coh\u00e9sion d\u2019\u00e9quipe<\/b><span style=\"font-weight: 400;\">\u00a0et favorise le\u00a0<\/span><b>tissage de liens<\/b><span style=\"font-weight: 400;\">\u00a0entre les membres d\u2019une m\u00eame firme, quelles que soient leurs fonctions, en dehors du lieu de travail habituel. En outre, la\u00a0<\/span><b>dimension ludique\u00a0<\/b><span style=\"font-weight: 400;\">du s\u00e9minaire facilite la\u00a0<\/span><b>motivation<\/b><span style=\"font-weight: 400;\">\u00a0des participants.<\/span><\/p>\n<p><span style=\"font-weight: 400;\">D\u00e9couvrez 5 destinations tendance \u00e0 l\u2019\u00e9tranger pris\u00e9es par les entreprises qui souhaitent conjuguer\u00a0<\/span><b>esprit d\u2019\u00e9quipe, \u00e9mulation\u00a0<\/b><span style=\"font-weight: 400;\">et<\/span><b>\u00a0\u00e9changes culturels<\/b><span style=\"font-weight: 400;\">. Dans chacune de ces destinations, vous trouverez des \u00e9tablissements du groupe\u00a0<\/span><b>Accor<\/b><span style=\"font-weight: 400;\">\u00a0qui vous aideront \u00e0 organiser et \u00e0 garantir le succ\u00e8s de votre s\u00e9minaire.<\/span><\/p>\n<\/div>\n\t\t\t\t\t\t\t\t\t\t\t\t\t\t\t\t\t\t\t\t\t\t\t\t<p class=\"m-0\"><img decoding=\"async\" src=\"https:\/\/www.myallmeeting.com\/wp-content\/uploads\/2016\/08\/aja_p_6838-09__original-633x398.jpeg\" class=\"position-relative l-0\" width=\"633\" height=\"398\" alt=\"\" loading=\"lazy\" \/><\/p>\n\t\t\t\t\t\t\t\t\t\t\t<\/div>\n\t\t\t\t<\/div>\n\t\t\t<\/div>\n\t\t<\/div>\n\t<\/div>\n\t<div class=\"tcta2ia__bottom d-lg-none pb-12 py-lg-9 pe-lg-10\">\n\t\t\t\t<div class=\"h2 fs-20 fs-lg-32 fw-semibold\">Berlin, une capitale \u00e9clectique propice aux s\u00e9minaires originaux<\/div>\n\t\t\t\t\t\t<div class=\"fs-wysiwyg\"><p><span style=\"font-weight: 400;\">\u00c0 seulement deux heures de vol de Paris, la capitale allemande \u00e9tonne par son dynamisme et son c\u00f4t\u00e9 branch\u00e9. La ville poss\u00e8de un \u00e9ventail d\u2019infrastructures adapt\u00e9es aux\u00a0<\/span><b>s\u00e9minaires<\/b><span style=\"font-weight: 400;\">, aux\u00a0<\/span><b>congr\u00e8s<\/b><span style=\"font-weight: 400;\">\u00a0et aux\u00a0<\/span><b>salons<\/b><span style=\"font-weight: 400;\">.<\/span><\/p>\n<p><span style=\"font-weight: 400;\">Berlin est \u00e9galement une ville pionni\u00e8re en mati\u00e8re de mode, d\u2019art et de design. Cette atmosph\u00e8re particuli\u00e8re est id\u00e9ale pour\u00a0<\/span><b>stimuler l\u2019esprit d\u2019\u00e9quipe<\/b><span style=\"font-weight: 400;\">, pour r\u00e9veiller chez vos employ\u00e9s les cr\u00e9ateurs et les\u00a0<\/span><b>preneurs de d\u00e9cision<\/b><span style=\"font-weight: 400;\">\u00a0qui sommeillent en eux.<\/span><\/p>\n<p><span style=\"font-weight: 400;\">L\u2019h\u00f4tel <a href=\"https:\/\/myallmeeting.com\/fr\/hotel\/1573-ibis-berlin-airport-tegel\/\" target=\"_blank\" rel=\"noopener\">ibis Berlin City Nord<\/a> est le parfait \u00e9crin pour vous accueillir dans la capitale allemande. Proche du centre-ville, ainsi que de la c\u00e9l\u00e8bre Alexanderplatz, l\u2019\u00e9tablissement propose pas moins de 116 chambres et 4 salles de r\u00e9union, toutes bien entendu \u00e9quip\u00e9es du wifi gratuit.\u00a0<\/span><\/p>\n<\/div>\n\t\t\t\t<div class=\"d-flex flex-column flex-lg-row align-items-center gap-5 gap-lg-8 justify-content-between\">\n\t\t\t<div class=\"fs-20 fs-lg-26 fw-semibold lh-xs\"><\/div>\n\t\t\t\t\t<\/div>\n\t<\/div>\n<\/div>\n<!-- END OF : Composant : block-periscope-theme-section-composant-25-texte-cta-2-images.php -->\n\n\n<!-- START OF : Composant : block-periscope-theme-section-composant-26-textes-slider-cta.php -->\n<div class=\"t3icta bg-white pb-12 mb-9 fs-wysiwyg\" data-component=\"26-textes-3-images-cta\">\n\t<div class=\"t3icta__top position-relative\">\n\t\t<div class=\"container-fluid\" style=\"--bs-gutter-x: 0\">\n\t\t\t<div class=\"row\" style=\"--bs-gutter-x: 0\">\n\t\t\t\t\t\t\t\t<div class=\"col-lg-6\">\n\t\t\t\t\t<div class=\"t3icta__slider\">\n\t\t\t\t\t\t<div class=\"splide\">\n\t\t\t\t\t\t\t<div class=\"splide__track\">\n\t\t\t\t\t\t\t\t<div class=\"splide__list\">\n\t\t\t\t\t\t\t\t\t\t\t\t\t\t\t\t\t\t\t<div class=\"splide__slide\">\n\t\t\t\t\t\t\t\t\t\t\t<img decoding=\"async\" src=\"https:\/\/www.myallmeeting.com\/wp-content\/uploads\/2016\/08\/aja_p_6802-73__original-953x600.jpeg\" width=\"953\" height=\"600\" alt=\"\" loading=\"lazy\" \/>\n\t\t\t\t\t\t\t\t\t\t<\/div>\n\t\t\t\t\t\t\t\t\t\t\t\t\t\t\t\t\t\n\t\t\t\t\t\t\t\t<\/div>\n\t\t\t\t\t\t\t<\/div>\n\t\t\t\t\t\t\t<div class=\"splide__arrows d-none d-lg-block\">\n\t\t\t\t\t\t\t\t<button class=\"splide__arrow splide__arrow--prev px-lg-3 py-lg-4 px-xl-4 py-xl-5 px-xxl-5 py-xxl-7 position-absolute l-0 bg-white border-0\">\n\t\t\t\t\t\t\t\t\t<svg width=\"14\" height=\"27\" aria-hidden=\"true\">\n\t\t\t\t\t\t\t\t\t\t<use xlink:href=\"https:\/\/www.myallmeeting.com\/wp-content\/themes\/accor\/assets\/images\/sprite.svg#slider-prev\"><\/use>\n\t\t\t\t\t\t\t\t\t<\/svg>\n\t\t\t\t\t\t\t\t<\/button>\n\t\t\t\t\t\t\t\t<button class=\"splide__arrow splide__arrow--next px-lg-3 py-lg-4 px-xl-4 py-xl-5 px-xxl-5 py-xxl-7 position-absolute r-0 bg-white border-0\">\n\t\t\t\t\t\t\t\t\t<svg width=\"14\" height=\"27\" aria-hidden=\"true\">\n\t\t\t\t\t\t\t\t\t\t<use xlink:href=\"https:\/\/www.myallmeeting.com\/wp-content\/themes\/accor\/assets\/images\/sprite.svg#slider-prev\"><\/use>\n\t\t\t\t\t\t\t\t\t<\/svg>\n\t\t\t\t\t\t\t\t<\/button>\n\t\t\t\t\t\t\t<\/div>\n\t\t\t\t\t\t<\/div>\n\t\t\t\t\t<\/div>\n\t\t\t\t<\/div>\n\t\t\t\t\t\t\t\t<div class=\"col-lg-6\">\n\t\t\t\t\t<div class=\"t3icta__top_right mb-lg-14 px-2 py-9 px-lg-11 py-lg-0\">\n\t\t\t\t\t\t\t\n\t\t\t\t\t\t<h2 class=\"fs-20 fs-lg-23 fs-xl-27 fs-xxl-30 fw-semibold\">Londres, une valeur s\u00fbre pour un s\u00e9minaire \u00e0 l\u2019international r\u00e9ussi<\/h2>\n\t\t\t\t\t\t\t\t\t\t\t\t\t\n\t\t\t\t\t\t<div class=\"fs-wysiwyg\">\n\t\t\t\t\t\t\t<p><span style=\"font-weight: 400;\">Londres est une destination classique mais qui ne d\u00e9\u00e7oit jamais !<\/span><\/p>\n<p><span style=\"font-weight: 400;\">Croisi\u00e8re sur la Tamise, brunch londonien, rallye p\u00e9destre dans Covent Garden : la ville la plus cosmopolite d\u2019Europe offre un \u00e9ventail de possibilit\u00e9s pour am\u00e9liorer l\u2019<\/span><b>esprit d\u2019\u00e9quipe<\/b><span style=\"font-weight: 400;\">. Par ailleurs, ce genre d\u2019activit\u00e9 encouragera les participants \u00e0 pratiquer la langue de Shakespeare.<\/span><\/p>\n<p><span style=\"font-weight: 400;\">Vous vous demandez o\u00f9 loger dans la capitale britannique ? Pourquoi pas le <a href=\"https:\/\/myallmeeting.com\/fr\/hotel\/2814-mercure-london-bridge\/\" target=\"_blank\" rel=\"noopener\">Mercure London Bridge<\/a> ? Il s\u2019agit de l\u2019\u00e9tablissement phare de la marque. Ses atouts ? Son restaurant <\/span><i><span style=\"font-weight: 400;\">Marco\u2019s New York Italian<\/span><\/i><span style=\"font-weight: 400;\">, dirig\u00e9 par le fameux chef Marco Pierre White ; son atmosph\u00e8re unique o\u00f9 vous vous sentirez chez vous ; et <\/span><i><span style=\"font-weight: 400;\">last but not least<\/span><\/i><span style=\"font-weight: 400;\">, sa localisation, en plein coeur de Londres, o\u00f9 vous pourrez profiter des boutiques et galeries d\u2019art \u00e0 proximit\u00e9, ainsi que du Borough Market et du Shard (le fameux gratte-ciel de verre).<\/span><\/p>\n\t\t\t\t\t\t<\/div>\n\t\t\t\t\t\t\t\t\t\t\t<\/div>\n\t\t\t\t<\/div>\n\t\t\t<\/div>\n\t\t<\/div>\n\t<\/div>\n\t<div class=\"t3icta__bottom bg-beige\">\n\t\t<div class=\"container-fluid\" style=\"--bs-gutter-x: 0\">\n\t\t\t<div class=\"row\" style=\"--bs-gutter-x: 0\">\n\t\t\t\t<div class=\"col-lg-5 offset-lg-1\">\n\t\t\t\t\t<div class=\"t3icta__bottom__left\">\n\t\t\t\t\t\t\t\t\t\t\t\t<img decoding=\"async\" src=\"https:\/\/www.myallmeeting.com\/wp-content\/uploads\/2016\/08\/aja_p_6839-26__original-633x398.jpeg\" class=\"w-100 d-lg-none\" width=\"633\" height=\"398\" alt=\"\" loading=\"lazy\" \/> <!-- Ce sont les 2 m\u00eames images : ID 0 -->\n\t\t\t\t\t\t\t\t\t\t\t\t<div class=\"px-2 py-9 px-lg-0 py-lg-0\">\n\t\t\t\t\t\t\t\t\n\t\t\t\t\t\t\t<h2 class=\"fs-20 fs-lg-23 fs-xl-27 fs-xxl-30 fw-semibold\">Lisbonne, la ville blanche aux sept collines<\/h2>\n\t\t\t\t\t\t\t\t\t\t\t\t\t\t\t\n\t\t\t\t\t\t\t<div class=\"fs-wysiwyg mb-lg-15\">\n\t\t\t\t\t\t\t\t<p><span style=\"font-weight: 400;\">Dress\u00e9e face \u00e0 l\u2019Atlantique, la capitale portugaise a un parfum de Br\u00e9sil et de Californie, avec ses collines qui \u00e9voquent San Francisco. La ville b\u00e9n\u00e9ficie d\u2019un climat agr\u00e9able tout au long de l\u2019ann\u00e9e et est dot\u00e9e d\u2019<\/span><b>infrastructures de pointe\u00a0<\/b><span style=\"font-weight: 400;\">pour l\u2019<\/span><b>organisation de vos s\u00e9minaires<\/b><span style=\"font-weight: 400;\">.<\/span><\/p>\n<p><span style=\"font-weight: 400;\">Au terme de votre \u00e9v\u00e8nement, vous pourrez offrir aux participants la possibilit\u00e9 de r\u00e9aliser des activit\u00e9s nautiques pour renforcer davantage la\u00a0<\/span><b>coh\u00e9sion d\u2019\u00e9quipe<\/b><span style=\"font-weight: 400;\">\u00a0et de siroter un d\u00e9licieux cocktail dans les rues anim\u00e9es, \u00e0 la nuit tomb\u00e9e.<\/span><\/p>\n<p><span style=\"font-weight: 400;\">Pour accueillir vos collaborateurs ou vos rendez-vous d\u2019affaires, le 5 \u00e9toiles<a href=\"https:\/\/myallmeeting.com\/fr\/hotel\/1319-sofitel-lisbon-liberdade\/\" target=\"_blank\" rel=\"noopener\"> Sofitel Lisbon Liberdade<\/a> se r\u00e9v\u00e8le le pied-\u00e0-terre parfait. Situ\u00e9 sur l\u2019Avenida da Liberdade &#8211; les Champs-\u00c9lys\u00e9es locaux -, proche du centre des congr\u00e8s et de ses quartiers historiques,\u00a0 cet \u00e9tablissement propose 163 chambres et 12 suites alliant confort, luxe et \u00e9l\u00e9gance. Et pour les papilles, rendez-vous au restaurant de l\u2019h\u00f4tel ou au bar Matiz Lisboa.\u00a0<\/span><\/p>\n\t\t\t\t\t\t\t<\/div>\n\t\t\t\t\t\t\t\t\t\t\t\t\t<\/div>\n\t\t\t\t\t\t\t\t\t\t\t\t<div class=\"t3icta__bottom__img1 d-none d-lg-block text-end ms-lg-auto\">\n\t\t\t\t\t\t\t<img decoding=\"async\" src=\"https:\/\/www.myallmeeting.com\/wp-content\/uploads\/2016\/08\/aja_p_6839-26__original-633x398.jpeg\" width=\"633\" height=\"398\" alt=\"\" loading=\"lazy\" \/> <!-- Ce sont les 2 m\u00eames images : ID 1 -->\n\t\t\t\t\t\t<\/div>\n\t\t\t\t\t\t\t\t\t\t\t<\/div>\n\t\t\t\t<\/div>\n\t\t\t\t<div class=\"col-lg-5\">\n\t\t\t\t\t<div class=\"ps-lg-10\">\n\t\t\t\t\t\t\t\t\t\t\t\t<img decoding=\"async\" src=\"https:\/\/www.myallmeeting.com\/wp-content\/uploads\/2016\/08\/aja_p_6985-67__original-633x398.jpeg\" class=\"t3icta__bottom__img0 position-relative d-none d-lg-block mb-15\" width=\"633\" height=\"398\" alt=\"\" loading=\"lazy\" \/> <!-- Ce sont les 2 m\u00eames images : ID 0 -->\n\t\t\t\t\t\t\t\t\t\t\t\t<div class=\"px-2 px-lg-0 mb-9\">\n\t\t\t\t\t\t\t\t\n\t\t\t\t\t\t\t<h2 class=\"fs-20 fs-lg-23 fs-xl-27 fs-xxl-30 fw-semibold\">Madrid, l\u2019\u00e9mulation \u00e0 l\u2019espagnole<\/h2>\n\t\t\t\t\t\t\t\t\t\t\t\t\t\t\t\t\t\t\t\t\t<div class=\"fs-wysiwyg\">\n\t\t\t\t\t\t\t\t<p><span style=\"font-weight: 400;\">Situ\u00e9e au c\u0153ur de l\u2019Espagne, Madrid est une ville d\u2019art parsem\u00e9e de joyaux architecturaux. Du Palais royal \u00e0 la Plaza Mayor en passant par les \u00e9difices de la Gran V\u00eda, la capitale espagnole d\u00e9borde de vie et de culture. Ses trois principaux mus\u00e9es (Prado, Reina Sof\u00eda et Thyssen-Bornemisza) abritent l\u2019une des plus riches collections d\u2019\u0153uvres picturales au monde.<\/span><\/p>\n<p><span style=\"font-weight: 400;\">Outre la culture, la gastronomie est une excellente fa\u00e7on de\u00a0<\/span><b>dynamiser votre s\u00e9minaire<\/b><span style=\"font-weight: 400;\">\u00a0\u00e0 Madrid. Pour\u00a0<\/span><b>entretenir la motivation<\/b><span style=\"font-weight: 400;\">\u00a0de vos employ\u00e9s, partez \u00e0 la d\u00e9couverte des d\u00e9licieuses tapas \u00e0 la fin de votre journ\u00e9e bien remplie. \u00c9motions garanties\u00a0!<\/span><\/p>\n<p><span style=\"font-weight: 400;\">Le <a href=\"https:\/\/myallmeeting.com\/fr\/hotel\/0843-novotel-madrid-city-las-ventas\/\" target=\"_blank\" rel=\"noopener\">Novotel Madrid City Las Ventas<\/a> constitue l\u2019\u00e9tablissementl id\u00e9al pour votre s\u00e9jour loisirs ou affaires dans la capitale espagnole. H\u00f4tel au style moderne, localisation id\u00e9ale avec en plus une vue unique sur la ville, chambres fonctionnelles, \u00e9quip\u00e9es, calmes et spacieuses, salles de r\u00e9union polyvalentes\u2026 ce Novotel propose \u00e9galement des espaces de d\u00e9tente : piscine ext\u00e9rieure et restaurant fusion avec terrasse.<\/span><\/p>\n\t\t\t\t\t\t\t<\/div>\n\t\t\t\t\t\t\t\t\t\t\t\t\t<\/div>\n\t\t\t\t\t\t\t\t\t\t\t\t<div class=\"t3icta__bottom__img1 d-lg-none mx-auto\">\n\t\t\t\t\t\t\t<img decoding=\"async\" src=\"https:\/\/www.myallmeeting.com\/wp-content\/uploads\/2016\/08\/aja_p_6985-67__original-633x398.jpeg\" width=\"633\" height=\"398\" alt=\"\" loading=\"lazy\" \/> <!-- Ce sont les 2 m\u00eames images : ID 1 -->\n\t\t\t\t\t\t<\/div>\n\t\t\t\t\t\t\t\t\t\t\t<\/div>\n\t\t\t\t<\/div>\n\t\t\t<\/div>\n\t\t<\/div>\n\t<\/div>\n\t<\/div>\n<!-- END OF : Composant : block-periscope-theme-section-composant-26-textes-slider-cta.php -->\n","protected":false},"excerpt":{"rendered":"<p>Le s\u00e9minaire est un outil original n\u00e9cessaire au bon fonctionnement d\u2019une entreprise<\/p>\n","protected":false},"featured_media":16834126,"menu_order":0,"template":"","periscope_categorie_tax":[1649],"class_list":["post-15226834","article","type-article","status-publish","has-post-thumbnail","hentry","periscope_categorie_tax-organiser-votre-reunion"],"acf":[],"yoast_head":"<title>Les destinations tendance \u00e0 l\u2019international pour un s\u00e9minaire - Accor MyAllMeeting.com<\/title>\n<meta name=\"robots\" content=\"index, follow, max-snippet:-1, max-image-preview:large, max-video-preview:-1\" \/>\n<link rel=\"canonical\" href=\"https:\/\/www.myallmeeting.com\/fr\/wp-json\/wp\/v2\/article\/15226834\" \/>\n<meta property=\"og:locale\" content=\"fr_FR\" \/>\n<meta property=\"og:type\" content=\"article\" \/>\n<meta property=\"og:title\" content=\"Les destinations tendance \u00e0 l\u2019international pour un s\u00e9minaire - Accor MyAllMeeting.com\" \/>\n<meta property=\"og:description\" content=\"Le s\u00e9minaire est un outil original n\u00e9cessaire au bon fonctionnement d\u2019une entreprise\" \/>\n<meta property=\"og:url\" content=\"https:\/\/www.myallmeeting.com\/fr\/article\/les-destinations-tendance-a-linternational-pour-un-seminaire\/\" \/>\n<meta property=\"og:site_name\" content=\"Accor MyAllMeeting.com\" \/>\n<meta property=\"article:modified_time\" content=\"2024-12-02T12:02:08+00:00\" \/>\n<meta property=\"og:image\" content=\"http:\/\/myallmeeting.com\/wp-content\/uploads\/2016\/08\/MAM-baner-1920x570-65-1024x304.png\" \/>\n\t<meta property=\"og:image:width\" content=\"1024\" \/>\n\t<meta property=\"og:image:height\" content=\"304\" \/>\n\t<meta property=\"og:image:type\" content=\"image\/png\" \/>\n<meta name=\"twitter:card\" content=\"summary_large_image\" \/>\n<meta name=\"twitter:label1\" content=\"Dur\u00e9e de lecture estim\u00e9e\" \/>\n\t<meta name=\"twitter:data1\" content=\"5 minutes\" \/>\n<script type=\"application\/ld+json\" class=\"yoast-schema-graph\">{\"@context\":\"https:\/\/schema.org\",\"@graph\":[{\"@type\":\"WebPage\",\"@id\":\"https:\/\/www.myallmeeting.com\/fr\/article\/les-destinations-tendance-a-linternational-pour-un-seminaire\/\",\"url\":\"https:\/\/www.myallmeeting.com\/fr\/article\/les-destinations-tendance-a-linternational-pour-un-seminaire\/\",\"name\":\"Les destinations tendance \u00e0 l\u2019international pour un s\u00e9minaire - Accor MyAllMeeting.com\",\"isPartOf\":{\"@id\":\"https:\/\/www.myallmeeting.com\/fr\/#website\"},\"primaryImageOfPage\":{\"@id\":\"https:\/\/www.myallmeeting.com\/fr\/article\/les-destinations-tendance-a-linternational-pour-un-seminaire\/#primaryimage\"},\"image\":{\"@id\":\"https:\/\/www.myallmeeting.com\/fr\/article\/les-destinations-tendance-a-linternational-pour-un-seminaire\/#primaryimage\"},\"thumbnailUrl\":\"https:\/\/www.myallmeeting.com\/wp-content\/uploads\/2016\/08\/MAM-baner-1920x570-65.png\",\"datePublished\":\"2016-08-05T13:02:42+00:00\",\"dateModified\":\"2024-12-02T12:02:08+00:00\",\"breadcrumb\":{\"@id\":\"https:\/\/www.myallmeeting.com\/fr\/article\/les-destinations-tendance-a-linternational-pour-un-seminaire\/#breadcrumb\"},\"inLanguage\":\"fr-FR\",\"potentialAction\":[{\"@type\":\"ReadAction\",\"target\":[\"https:\/\/www.myallmeeting.com\/fr\/article\/les-destinations-tendance-a-linternational-pour-un-seminaire\/\"]}]},{\"@type\":\"ImageObject\",\"inLanguage\":\"fr-FR\",\"@id\":\"https:\/\/www.myallmeeting.com\/fr\/article\/les-destinations-tendance-a-linternational-pour-un-seminaire\/#primaryimage\",\"url\":\"https:\/\/www.myallmeeting.com\/wp-content\/uploads\/2016\/08\/MAM-baner-1920x570-65.png\",\"contentUrl\":\"https:\/\/www.myallmeeting.com\/wp-content\/uploads\/2016\/08\/MAM-baner-1920x570-65.png\",\"width\":1920,\"height\":570},{\"@type\":\"BreadcrumbList\",\"@id\":\"https:\/\/www.myallmeeting.com\/fr\/article\/les-destinations-tendance-a-linternational-pour-un-seminaire\/#breadcrumb\",\"itemListElement\":[{\"@type\":\"ListItem\",\"position\":1,\"name\":\"Accueil\",\"item\":\"https:\/\/myallmeeting.com\/fr\/\"},{\"@type\":\"ListItem\",\"position\":2,\"name\":\"Actualit\u00e9s\",\"item\":\"https:\/\/www.myallmeeting.com\/fr\/actualite\/\"},{\"@type\":\"ListItem\",\"position\":3,\"name\":\"Les destinations tendance \u00e0 l\u2019international pour un s\u00e9minaire\"}]},{\"@type\":\"WebSite\",\"@id\":\"https:\/\/www.myallmeeting.com\/fr\/#website\",\"url\":\"https:\/\/www.myallmeeting.com\/fr\/\",\"name\":\"Accor MyAllMeeting.com\",\"description\":\"Les Meilleurs lieux pour vos Ev\u00e9nements Professionnels\",\"publisher\":{\"@id\":\"https:\/\/www.myallmeeting.com\/fr\/#organization\"},\"potentialAction\":[{\"@type\":\"SearchAction\",\"target\":{\"@type\":\"EntryPoint\",\"urlTemplate\":\"https:\/\/www.myallmeeting.com\/fr\/?s={search_term_string}\"},\"query-input\":{\"@type\":\"PropertyValueSpecification\",\"valueRequired\":true,\"valueName\":\"search_term_string\"}}],\"inLanguage\":\"fr-FR\"},{\"@type\":\"Organization\",\"@id\":\"https:\/\/www.myallmeeting.com\/fr\/#organization\",\"name\":\"ACCOR\",\"url\":\"https:\/\/www.myallmeeting.com\/fr\/\",\"logo\":{\"@type\":\"ImageObject\",\"inLanguage\":\"fr-FR\",\"@id\":\"https:\/\/www.myallmeeting.com\/fr\/#\/schema\/logo\/image\/\",\"url\":\"\",\"contentUrl\":\"\",\"caption\":\"ACCOR\"},\"image\":{\"@id\":\"https:\/\/www.myallmeeting.com\/fr\/#\/schema\/logo\/image\/\"}}]}<\/script>","yoast_head_json":{"title":"Les destinations tendance \u00e0 l\u2019international pour un s\u00e9minaire - Accor MyAllMeeting.com","robots":{"index":"index","follow":"follow","max-snippet":"max-snippet:-1","max-image-preview":"max-image-preview:large","max-video-preview":"max-video-preview:-1"},"canonical":"https:\/\/www.myallmeeting.com\/fr\/wp-json\/wp\/v2\/article\/15226834","og_locale":"fr_FR","og_type":"article","og_title":"Les destinations tendance \u00e0 l\u2019international pour un s\u00e9minaire - Accor MyAllMeeting.com","og_description":"Le s\u00e9minaire est un outil original n\u00e9cessaire au bon fonctionnement d\u2019une entreprise","og_url":"https:\/\/www.myallmeeting.com\/fr\/article\/les-destinations-tendance-a-linternational-pour-un-seminaire\/","og_site_name":"Accor MyAllMeeting.com","article_modified_time":"2024-12-02T12:02:08+00:00","og_image":[{"width":1024,"height":304,"url":"http:\/\/myallmeeting.com\/wp-content\/uploads\/2016\/08\/MAM-baner-1920x570-65-1024x304.png","type":"image\/png"}],"twitter_card":"summary_large_image","twitter_misc":{"Dur\u00e9e de lecture estim\u00e9e":"5 minutes"},"schema":{"@context":"https:\/\/schema.org","@graph":[{"@type":"WebPage","@id":"https:\/\/www.myallmeeting.com\/fr\/article\/les-destinations-tendance-a-linternational-pour-un-seminaire\/","url":"https:\/\/www.myallmeeting.com\/fr\/article\/les-destinations-tendance-a-linternational-pour-un-seminaire\/","name":"Les destinations tendance \u00e0 l\u2019international pour un s\u00e9minaire - Accor MyAllMeeting.com","isPartOf":{"@id":"https:\/\/www.myallmeeting.com\/fr\/#website"},"primaryImageOfPage":{"@id":"https:\/\/www.myallmeeting.com\/fr\/article\/les-destinations-tendance-a-linternational-pour-un-seminaire\/#primaryimage"},"image":{"@id":"https:\/\/www.myallmeeting.com\/fr\/article\/les-destinations-tendance-a-linternational-pour-un-seminaire\/#primaryimage"},"thumbnailUrl":"https:\/\/www.myallmeeting.com\/wp-content\/uploads\/2016\/08\/MAM-baner-1920x570-65.png","datePublished":"2016-08-05T13:02:42+00:00","dateModified":"2024-12-02T12:02:08+00:00","breadcrumb":{"@id":"https:\/\/www.myallmeeting.com\/fr\/article\/les-destinations-tendance-a-linternational-pour-un-seminaire\/#breadcrumb"},"inLanguage":"fr-FR","potentialAction":[{"@type":"ReadAction","target":["https:\/\/www.myallmeeting.com\/fr\/article\/les-destinations-tendance-a-linternational-pour-un-seminaire\/"]}]},{"@type":"ImageObject","inLanguage":"fr-FR","@id":"https:\/\/www.myallmeeting.com\/fr\/article\/les-destinations-tendance-a-linternational-pour-un-seminaire\/#primaryimage","url":"https:\/\/www.myallmeeting.com\/wp-content\/uploads\/2016\/08\/MAM-baner-1920x570-65.png","contentUrl":"https:\/\/www.myallmeeting.com\/wp-content\/uploads\/2016\/08\/MAM-baner-1920x570-65.png","width":1920,"height":570},{"@type":"BreadcrumbList","@id":"https:\/\/www.myallmeeting.com\/fr\/article\/les-destinations-tendance-a-linternational-pour-un-seminaire\/#breadcrumb","itemListElement":[{"@type":"ListItem","position":1,"name":"Accueil","item":"https:\/\/myallmeeting.com\/fr\/"},{"@type":"ListItem","position":2,"name":"Actualit\u00e9s","item":"https:\/\/www.myallmeeting.com\/fr\/actualite\/"},{"@type":"ListItem","position":3,"name":"Les destinations tendance \u00e0 l\u2019international pour un s\u00e9minaire"}]},{"@type":"WebSite","@id":"https:\/\/www.myallmeeting.com\/fr\/#website","url":"https:\/\/www.myallmeeting.com\/fr\/","name":"Accor MyAllMeeting.com","description":"Les Meilleurs lieux pour vos Ev\u00e9nements Professionnels","publisher":{"@id":"https:\/\/www.myallmeeting.com\/fr\/#organization"},"potentialAction":[{"@type":"SearchAction","target":{"@type":"EntryPoint","urlTemplate":"https:\/\/www.myallmeeting.com\/fr\/?s={search_term_string}"},"query-input":{"@type":"PropertyValueSpecification","valueRequired":true,"valueName":"search_term_string"}}],"inLanguage":"fr-FR"},{"@type":"Organization","@id":"https:\/\/www.myallmeeting.com\/fr\/#organization","name":"ACCOR","url":"https:\/\/www.myallmeeting.com\/fr\/","logo":{"@type":"ImageObject","inLanguage":"fr-FR","@id":"https:\/\/www.myallmeeting.com\/fr\/#\/schema\/logo\/image\/","url":"","contentUrl":"","caption":"ACCOR"},"image":{"@id":"https:\/\/www.myallmeeting.com\/fr\/#\/schema\/logo\/image\/"}}]}},"_links":{"self":[{"href":"https:\/\/www.myallmeeting.com\/fr\/wp-json\/wp\/v2\/article\/15226834","targetHints":{"allow":["GET"]}}],"collection":[{"href":"https:\/\/www.myallmeeting.com\/fr\/wp-json\/wp\/v2\/article"}],"about":[{"href":"https:\/\/www.myallmeeting.com\/fr\/wp-json\/wp\/v2\/types\/article"}],"wp:featuredmedia":[{"embeddable":true,"href":"https:\/\/www.myallmeeting.com\/fr\/wp-json\/wp\/v2\/media\/16834126"}],"wp:attachment":[{"href":"https:\/\/www.myallmeeting.com\/fr\/wp-json\/wp\/v2\/media?parent=15226834"}],"wp:term":[{"taxonomy":"periscope_categorie_tax","embeddable":true,"href":"https:\/\/www.myallmeeting.com\/fr\/wp-json\/wp\/v2\/periscope_categorie_tax?post=15226834"}],"curies":[{"name":"wp","href":"https:\/\/api.w.org\/{rel}","templated":true}]}}