{"id":15226821,"date":"2016-11-03T14:05:44","date_gmt":"2016-11-03T13:05:44","guid":{"rendered":"https:\/\/myallmeeting.com\/article\/organisez-votre-seminaire-au-coeur-dun-quartier-aux-multiples-facettes-au-mercure-paris-boulogne\/"},"modified":"2024-11-13T15:17:49","modified_gmt":"2024-11-13T14:17:49","slug":"organisez-votre-seminaire-au-coeur-dun-quartier-aux-multiples-facettes-au-mercure-paris-boulogne","status":"publish","type":"article","link":"https:\/\/www.myallmeeting.com\/fr\/article\/organisez-votre-seminaire-au-coeur-dun-quartier-aux-multiples-facettes-au-mercure-paris-boulogne\/","title":{"rendered":"Organisez votre s\u00e9minaire au c\u0153ur d&rsquo;un quartier aux multiples facettes au Mercure Paris Boulogne"},"content":{"rendered":"<!-- START OF : Composant : block-periscope-theme-section-composant-25-texte-cta-2-images.php -->\n<div class=\"tcta2ia bg-white fs-wysiwyg mb-lg-12\" data-component=\"25-texte-cta-2-images\">\n\t<div class=\"tcta2ia__top\">\n\t\t<div class=\"container-fluid\" style=\"--bs-gutter-x: 0\">\n\t\t\t<div class=\"row\" style=\"--bs-gutter-x: 0\">\n\t\t\t\t<div class=\"col-lg-8\">\n\t\t\t\t\t\t\t\t\t\t<div class=\"bloc-mise-en-avant__top__left\">\n\t\t\t\t\t\t<img decoding=\"async\" src=\"https:\/\/www.myallmeeting.com\/wp-content\/uploads\/2016\/11\/6188_sm_04_p_2048x1536-1268x846.jpg\" class=\"pe-2 pe-lg-0\" width=\"1268\" height=\"846\" alt=\"\" loading=\"lazy\" \/>\n\t\t\t\t\t<\/div>\n\t\t\t\t\t\t\t\t\t\t<div class=\"tcta2ia__bottom d-none d-lg-block pb-12 pt-lg-9 pb-lg-0 pe-lg-10\">\n\t\t\t\t\t\t\t\t\t\t\t\t<h2 class=\"fs-20 fs-lg-32 fw-semibold\">Son objectif ?<\/h2>\n\t\t\t\t\t\t\t\t\t\t\t\t\t\t\t\t\t\t<div class=\"fs-wysiwyg\"><p><span data-contrast=\"auto\">Ancrer l\u2019exp\u00e9rience des clients de l\u2019h\u00f4tel dans la localit\u00e9 et retranscrire l\u2019atmosph\u00e8re \u00e9l\u00e9gante et tendance de ce quartier aux multiples facettes.<\/span><span data-ccp-props=\"{}\">\u00a0<\/span><\/p>\n<p><span data-contrast=\"auto\">Cr\u00e9\u00e9 en 1990, le Mercure Paris Boulogne s\u2019appelait jadis l\u2019h\u00f4tel Latitudes. Il a appartenu \u00e0 M. Bouygues, passionn\u00e9 de cin\u00e9ma, qui y avait install\u00e9 sa propre salle de projection priv\u00e9e.<\/span><span data-ccp-props=\"{}\">\u00a0<\/span><\/p>\n<p><span data-contrast=\"auto\">Enti\u00e8rement r\u00e9nov\u00e9 en 2016, <\/span><b><span data-contrast=\"auto\">l\u2019Auditorium \u00ab C\u00e9sar \u00bb,<\/span><\/b><span data-contrast=\"auto\"> ses 200 m\u00b2 et ses 140 places deviennent le cadre id\u00e9al pour vos s\u00e9ances pl\u00e9ni\u00e8res et autres restitutions de fin de s\u00e9minaire.<\/span><span data-ccp-props=\"{}\">\u00a0<\/span><\/p>\n<p><span data-contrast=\"auto\">Pour un simple point \u00e0 deux ou trois ou pour les travailleurs nomades, le Mercure Paris Boulogne a une fois de plus pens\u00e9 \u00e0 tout.<\/span><span data-ccp-props=\"{}\">\u00a0<\/span><\/p>\n<p><span data-contrast=\"auto\">\u00c0 l\u2019\u00e9cart du lobby \u00ab stadium \u00bb, <\/span><b><span data-contrast=\"auto\">l\u2019espace de co-working<\/span><\/b><span data-contrast=\"auto\"> r\u00e9pond \u00e0 vos besoins. Isol\u00e9es du bruit et de la vue, les huit alc\u00f4ves en feutre sont parfaitement \u00e9quip\u00e9es pour les adeptes du co-working et peuvent se louer \u00e0 l\u2019heure.<\/span><span data-ccp-props=\"{}\">\u00a0<\/span><\/p>\n<\/div>\n\t\t\t\t\t\t\t\t\t\t\t\t<div class=\"d-flex flex-column flex-lg-row align-items-center gap-5 gap-lg-8 justify-content-between\">\n\t\t\t\t\t\t\t<div class=\"fs-20 fs-lg-26 fw-semibold lh-xs\"><\/div>\n\t\t\t\t\t\t\t\t\t\t\t\t\t<\/div>\n\t\t\t\t\t<\/div>\n\t\t\t\t<\/div>\n\t\t\t\t<div class=\"col-lg-4\">\n\t\t\t\t\t<div class=\"tcta2ia__top__right t-0 r-0 bg-primary text-white pt-4 pb-4 px-2 pt-lg-8 pb-lg-16 px-lg-11 pb-xl-30\">\n\t\t\t\t\t\t\t\t\t\t\t\t\t\t\t\t\t\t<h2 class=\"unna fs-36 fs-lg-51 fs-xl-75 fs-italic fw-normal text-secondary\">Organisez votre s\u00e9minaire au c\u0153ur d\u2019un quartier aux multiples facettes au Mercure Paris Boulogne<\/h2>\n\t\t\t\t\t\t\t\t\t\t\t\t\t\t\t\t\t\t<h3 class=\"text-white fs-18 fs-lg-20 fs-xl-28 text-original-case\">D\u00e9couvrez le Mercure Paris Boulogne pour vos r\u00e9unions dans une ambiance unique <\/h3>\n\t\t\t\t\t\t\t\t\t\t\t\t\t\t\t\t\t\t<div class=\"fs-wysiwyg mb-4 fs-lg-16 fs-xl-20\"><p><span data-contrast=\"auto\">En plein c\u0153ur du quartier atypique des anciens studios du Point du Jour, \u00e0 la Porte de Saint-Cloud, <a href=\"https:\/\/myallmeeting.com\/fr\/hotel\/6188-hotel-mercure-paris-boulogne\/\">l\u2019h\u00f4tel<\/a> m\u00eale <\/span><b><span data-contrast=\"auto\">son pass\u00e9 de cin\u00e9ma \u00e0 son environnement \u00ab Sports &amp; M\u00e9dias \u00bb,<\/span><\/b><span data-contrast=\"auto\"> \u00e0 deux pas du Parc des Princes, de Roland Garros et du stade Jean Bouin. Durant sa r\u00e9novation en 2016, les \u00e9quipes en ont aussi profit\u00e9 pour <\/span><b><span data-contrast=\"auto\">enrichir les offres en espaces Business<\/span><\/b><span data-contrast=\"auto\"> !<\/span><span data-ccp-props=\"{}\">\u00a0<\/span><\/p>\n<p><span data-contrast=\"auto\">Au c\u0153ur des quartiers d\u2019affaires de Boulogne-Billancourt et proche de Paris, l\u2019h\u00f4tel a vu le design du lobby, des parties communes et des 191 chambres (dont 5 <\/span><i><span data-contrast=\"auto\">junior suites<\/span><\/i><span data-contrast=\"auto\">) \u00eatre int\u00e9gralement repens\u00e9 par l\u2019architecte Karine Lewkowicz et l\u2019Agence Blanchet d\u2019Istria.<\/span><span data-ccp-props=\"{}\">\u00a0<\/span><\/p>\n<\/div>\n\t\t\t\t\t\t\t\t\t\t\t\t\t\t\t\t\t\t\t\t\t\t\t\t<p class=\"m-0\"><img decoding=\"async\" src=\"https:\/\/www.myallmeeting.com\/wp-content\/uploads\/2016\/11\/hotel-picture-room-15978382-633x398.jpg\" class=\"position-relative l-0\" width=\"633\" height=\"398\" alt=\"\" loading=\"lazy\" \/><\/p>\n\t\t\t\t\t\t\t\t\t\t\t<\/div>\n\t\t\t\t<\/div>\n\t\t\t<\/div>\n\t\t<\/div>\n\t<\/div>\n\t<div class=\"tcta2ia__bottom d-lg-none pb-12 py-lg-9 pe-lg-10\">\n\t\t\t\t<div class=\"h2 fs-20 fs-lg-32 fw-semibold\">Son objectif ?<\/div>\n\t\t\t\t\t\t<div class=\"fs-wysiwyg\"><p><span data-contrast=\"auto\">Ancrer l\u2019exp\u00e9rience des clients de l\u2019h\u00f4tel dans la localit\u00e9 et retranscrire l\u2019atmosph\u00e8re \u00e9l\u00e9gante et tendance de ce quartier aux multiples facettes.<\/span><span data-ccp-props=\"{}\">\u00a0<\/span><\/p>\n<p><span data-contrast=\"auto\">Cr\u00e9\u00e9 en 1990, le Mercure Paris Boulogne s\u2019appelait jadis l\u2019h\u00f4tel Latitudes. Il a appartenu \u00e0 M. Bouygues, passionn\u00e9 de cin\u00e9ma, qui y avait install\u00e9 sa propre salle de projection priv\u00e9e.<\/span><span data-ccp-props=\"{}\">\u00a0<\/span><\/p>\n<p><span data-contrast=\"auto\">Enti\u00e8rement r\u00e9nov\u00e9 en 2016, <\/span><b><span data-contrast=\"auto\">l\u2019Auditorium \u00ab C\u00e9sar \u00bb,<\/span><\/b><span data-contrast=\"auto\"> ses 200 m\u00b2 et ses 140 places deviennent le cadre id\u00e9al pour vos s\u00e9ances pl\u00e9ni\u00e8res et autres restitutions de fin de s\u00e9minaire.<\/span><span data-ccp-props=\"{}\">\u00a0<\/span><\/p>\n<p><span data-contrast=\"auto\">Pour un simple point \u00e0 deux ou trois ou pour les travailleurs nomades, le Mercure Paris Boulogne a une fois de plus pens\u00e9 \u00e0 tout.<\/span><span data-ccp-props=\"{}\">\u00a0<\/span><\/p>\n<p><span data-contrast=\"auto\">\u00c0 l\u2019\u00e9cart du lobby \u00ab stadium \u00bb, <\/span><b><span data-contrast=\"auto\">l\u2019espace de co-working<\/span><\/b><span data-contrast=\"auto\"> r\u00e9pond \u00e0 vos besoins. Isol\u00e9es du bruit et de la vue, les huit alc\u00f4ves en feutre sont parfaitement \u00e9quip\u00e9es pour les adeptes du co-working et peuvent se louer \u00e0 l\u2019heure.<\/span><span data-ccp-props=\"{}\">\u00a0<\/span><\/p>\n<\/div>\n\t\t\t\t<div class=\"d-flex flex-column flex-lg-row align-items-center gap-5 gap-lg-8 justify-content-between\">\n\t\t\t<div class=\"fs-20 fs-lg-26 fw-semibold lh-xs\"><\/div>\n\t\t\t\t\t<\/div>\n\t<\/div>\n<\/div>\n<!-- END OF : Composant : block-periscope-theme-section-composant-25-texte-cta-2-images.php -->\n\n\n<!-- START OF : Composant : block-periscope-theme-section-composant-26-textes-slider-cta.php -->\n<div class=\"t3icta bg-white pb-12 mb-9 fs-wysiwyg\" data-component=\"26-textes-3-images-cta\">\n\t<div class=\"t3icta__top position-relative\">\n\t\t<div class=\"container-fluid\" style=\"--bs-gutter-x: 0\">\n\t\t\t<div class=\"row\" style=\"--bs-gutter-x: 0\">\n\t\t\t\t\t\t\t\t<div class=\"col-lg-6\">\n\t\t\t\t\t<div class=\"t3icta__slider\">\n\t\t\t\t\t\t<div class=\"splide\">\n\t\t\t\t\t\t\t<div class=\"splide__track\">\n\t\t\t\t\t\t\t\t<div class=\"splide__list\">\n\t\t\t\t\t\t\t\t\t\t\t\t\t\t\t\t\t\t\t<div class=\"splide__slide\">\n\t\t\t\t\t\t\t\t\t\t\t<img decoding=\"async\" src=\"https:\/\/www.myallmeeting.com\/wp-content\/uploads\/2016\/11\/hotel-picture-restaurant-15978382-953x600.jpg\" width=\"953\" height=\"600\" alt=\"\" loading=\"lazy\" \/>\n\t\t\t\t\t\t\t\t\t\t<\/div>\n\t\t\t\t\t\t\t\t\t\t\t\t\t\t\t\t\t\n\t\t\t\t\t\t\t\t<\/div>\n\t\t\t\t\t\t\t<\/div>\n\t\t\t\t\t\t\t<div class=\"splide__arrows d-none d-lg-block\">\n\t\t\t\t\t\t\t\t<button class=\"splide__arrow splide__arrow--prev px-lg-3 py-lg-4 px-xl-4 py-xl-5 px-xxl-5 py-xxl-7 position-absolute l-0 bg-white border-0\">\n\t\t\t\t\t\t\t\t\t<svg width=\"14\" height=\"27\" aria-hidden=\"true\">\n\t\t\t\t\t\t\t\t\t\t<use xlink:href=\"https:\/\/www.myallmeeting.com\/wp-content\/themes\/accor\/assets\/images\/sprite.svg#slider-prev\"><\/use>\n\t\t\t\t\t\t\t\t\t<\/svg>\n\t\t\t\t\t\t\t\t<\/button>\n\t\t\t\t\t\t\t\t<button class=\"splide__arrow splide__arrow--next px-lg-3 py-lg-4 px-xl-4 py-xl-5 px-xxl-5 py-xxl-7 position-absolute r-0 bg-white border-0\">\n\t\t\t\t\t\t\t\t\t<svg width=\"14\" height=\"27\" aria-hidden=\"true\">\n\t\t\t\t\t\t\t\t\t\t<use xlink:href=\"https:\/\/www.myallmeeting.com\/wp-content\/themes\/accor\/assets\/images\/sprite.svg#slider-prev\"><\/use>\n\t\t\t\t\t\t\t\t\t<\/svg>\n\t\t\t\t\t\t\t\t<\/button>\n\t\t\t\t\t\t\t<\/div>\n\t\t\t\t\t\t<\/div>\n\t\t\t\t\t<\/div>\n\t\t\t\t<\/div>\n\t\t\t\t\t\t\t\t<div class=\"col-lg-6\">\n\t\t\t\t\t<div class=\"t3icta__top_right mb-lg-14 px-2 py-9 px-lg-11 py-lg-0\">\n\t\t\t\t\t\t\t\n\t\t\t\t\t\t<h2 class=\"fs-20 fs-lg-23 fs-xl-27 fs-xxl-30 fw-semibold\">C\u00f4t\u00e9 gastronomie<\/h2>\n\t\t\t\t\t\t\t\t\t\t\t\t\t\n\t\t\t\t\t\t<div class=\"fs-wysiwyg\">\n\t\t\t\t\t\t\t<p><span data-contrast=\"auto\">Au m\u00eame niveau, le <\/span><b><span data-contrast=\"auto\">restaurant Bar Lounge 16.9E<\/span><\/b><span data-contrast=\"auto\"> du chef Johan Thierry vous offre une vraie coupure dans un espace qui \u00e9voque l\u2019effet kal\u00e9idoscope d\u2019un \u00e9cran TV.<\/span><span data-ccp-props=\"{}\">\u00a0<\/span><\/p>\n<p><span data-contrast=\"auto\">Accol\u00e9e au restaurant, une salle de 95 couverts privatisable accueille les groupes dans une m\u00eame ambiance chaleureuse.<\/span><\/p>\n\t\t\t\t\t\t<\/div>\n\t\t\t\t\t\t\t\t\t\t\t<\/div>\n\t\t\t\t<\/div>\n\t\t\t<\/div>\n\t\t<\/div>\n\t<\/div>\n\t<div class=\"t3icta__bottom bg-beige\">\n\t\t<div class=\"container-fluid\" style=\"--bs-gutter-x: 0\">\n\t\t\t<div class=\"row\" style=\"--bs-gutter-x: 0\">\n\t\t\t\t<div class=\"col-lg-5 offset-lg-1\">\n\t\t\t\t\t<div class=\"t3icta__bottom__left\">\n\t\t\t\t\t\t\t\t\t\t\t\t<img decoding=\"async\" src=\"https:\/\/www.myallmeeting.com\/wp-content\/uploads\/2016\/11\/6188_ho_02_p_2048x1536-633x398.jpg\" class=\"w-100 d-lg-none\" width=\"633\" height=\"398\" alt=\"\" loading=\"lazy\" \/> <!-- Ce sont les 2 m\u00eames images : ID 0 -->\n\t\t\t\t\t\t\t\t\t\t\t\t<div class=\"px-2 py-9 px-lg-0 py-lg-0\">\n\t\t\t\t\t\t\t\t\n\t\t\t\t\t\t\t<h2 class=\"fs-20 fs-lg-23 fs-xl-27 fs-xxl-30 fw-semibold\">Plus d\u2019espaces de r\u00e9union<\/h2>\n\t\t\t\t\t\t\t\t\t\t\t\t\t\t\t\n\t\t\t\t\t\t\t<div class=\"fs-wysiwyg mb-lg-15\">\n\t\t\t\t\t\t\t\t<p><span data-contrast=\"auto\">Une fois le repas termin\u00e9, vos r\u00e9unions peuvent reprendre au sein des 750 m\u00b2 des espaces Business, tous \u00e9quip\u00e9s d\u2019un vid\u00e9oprojecteur, d\u2019un \u00e9cran, de paperboard, bloc-notes et eaux min\u00e9rales.<\/span><span data-ccp-props=\"{}\">\u00a0<\/span><\/p>\n<p><span data-contrast=\"auto\">Les tables organis\u00e9es en cabaret du salon \u00ab <\/span><b><span data-contrast=\"auto\">Victorine<\/span><\/b><span data-contrast=\"auto\"> \u00bb, de 220 m\u00b2, peuvent accueillir jusqu\u2019\u00e0 200 personnes. Gr\u00e2ce aux cloisons coulissantes, l\u2019espace est divisible en trois lorsque les \u00e9quipes pr\u00e9f\u00e8rent travailler en ateliers avant de se concerter.<\/span><span data-ccp-props=\"{}\">\u00a0<\/span><\/p>\n<p><span data-contrast=\"auto\">Au premier \u00e9tage, 8 autres salles de r\u00e9union, de 20 m\u00b2 \u00e0 56 m\u00b2, s\u2019adaptent \u00e0 tous vos formats de r\u00e9unions, de 6 \u00e0 60 personnes.<\/span><span data-ccp-props=\"{}\">\u00a0<\/span><\/p>\n\t\t\t\t\t\t\t<\/div>\n\t\t\t\t\t\t\t\t\t\t\t\t\t<\/div>\n\t\t\t\t\t\t\t\t\t\t\t\t<div class=\"t3icta__bottom__img1 d-none d-lg-block text-end ms-lg-auto\">\n\t\t\t\t\t\t\t<img decoding=\"async\" src=\"https:\/\/www.myallmeeting.com\/wp-content\/uploads\/2016\/11\/6188_ho_02_p_2048x1536-633x398.jpg\" width=\"633\" height=\"398\" alt=\"\" loading=\"lazy\" \/> <!-- Ce sont les 2 m\u00eames images : ID 1 -->\n\t\t\t\t\t\t<\/div>\n\t\t\t\t\t\t\t\t\t\t\t<\/div>\n\t\t\t\t<\/div>\n\t\t\t\t<div class=\"col-lg-5\">\n\t\t\t\t\t<div class=\"ps-lg-10\">\n\t\t\t\t\t\t\t\t\t\t\t\t<img decoding=\"async\" src=\"https:\/\/www.myallmeeting.com\/wp-content\/uploads\/2016\/11\/6188_bu_00_p_2048x1536-633x398.jpg\" class=\"t3icta__bottom__img0 position-relative d-none d-lg-block mb-15\" width=\"633\" height=\"398\" alt=\"\" loading=\"lazy\" \/> <!-- Ce sont les 2 m\u00eames images : ID 0 -->\n\t\t\t\t\t\t\t\t\t\t\t\t<div class=\"px-2 px-lg-0 mb-9\">\n\t\t\t\t\t\t\t\t\n\t\t\t\t\t\t\t<h2 class=\"fs-20 fs-lg-23 fs-xl-27 fs-xxl-30 fw-semibold\">Apr\u00e8s l\u2019effort, le r\u00e9confort ! <\/h2>\n\t\t\t\t\t\t\t\t\t\t\t\t\t\t\t\t\t\t\t\t\t<div class=\"fs-wysiwyg\">\n\t\t\t\t\t\t\t\t<p><span data-contrast=\"auto\">Sauf pour ceux qui pr\u00e9f\u00e9reront se d\u00e9penser en fin de journ\u00e9e dans la <\/span><b><span data-contrast=\"auto\">salle de fitness<\/span><\/b><span data-contrast=\"auto\"> du 7<\/span><span data-contrast=\"auto\">e<\/span><span data-contrast=\"auto\"> \u00e9tage, avec vue sur les collines bois\u00e9es de Saint-Cloud.<\/span><span data-ccp-props=\"{}\">\u00a0<\/span><\/p>\n<p><span data-contrast=\"auto\">D\u2019autres opteront pour un rafra\u00eechissement sur la toute nouvelle terrasse construite en bois brut sur le toit.<\/span><span data-ccp-props=\"{}\">\u00a0<\/span><\/p>\n<p><span data-contrast=\"auto\">Tout juste ouvert et d\u00e9j\u00e0 tr\u00e8s pris\u00e9, le <\/span><b><span data-contrast=\"auto\">rooftop<\/span><\/b><span data-contrast=\"auto\"> \u00e9quip\u00e9 d\u2019une piscine ext\u00e9rieure chauff\u00e9e et d\u2019un solarium est enti\u00e8rement privatisable. Le lieu id\u00e9al pour vos r\u00e9ceptions entre coll\u00e8gues !<\/span><span data-ccp-props=\"{}\">\u00a0<\/span><\/p>\n\t\t\t\t\t\t\t<\/div>\n\t\t\t\t\t\t\t\t\t\t\t\t\t<\/div>\n\t\t\t\t\t\t\t\t\t\t\t\t<div class=\"t3icta__bottom__img1 d-lg-none mx-auto\">\n\t\t\t\t\t\t\t<img decoding=\"async\" src=\"https:\/\/www.myallmeeting.com\/wp-content\/uploads\/2016\/11\/6188_bu_00_p_2048x1536-633x398.jpg\" width=\"633\" height=\"398\" alt=\"\" loading=\"lazy\" \/> <!-- Ce sont les 2 m\u00eames images : ID 1 -->\n\t\t\t\t\t\t<\/div>\n\t\t\t\t\t\t\t\t\t\t\t<\/div>\n\t\t\t\t<\/div>\n\t\t\t<\/div>\n\t\t<\/div>\n\t<\/div>\n\t<\/div>\n<!-- END OF : Composant : block-periscope-theme-section-composant-26-textes-slider-cta.php -->\n","protected":false},"excerpt":{"rendered":"<p>D\u00e9couvrez le Mercure Paris Boulogne pour vos r\u00e9unions dans une ambiance unique <\/p>\n","protected":false},"featured_media":16556219,"menu_order":0,"template":"","periscope_categorie_tax":[1650],"class_list":["post-15226821","article","type-article","status-publish","has-post-thumbnail","hentry","periscope_categorie_tax-decouvrez-nos-adresses"],"acf":[],"yoast_head":"<title>Organisez votre s\u00e9minaire au c\u0153ur d&rsquo;un quartier aux multiples facettes au Mercure Paris Boulogne - Accor MyAllMeeting.com<\/title>\n<meta name=\"robots\" content=\"index, follow, max-snippet:-1, max-image-preview:large, max-video-preview:-1\" \/>\n<link rel=\"canonical\" href=\"https:\/\/www.myallmeeting.com\/fr\/wp-json\/wp\/v2\/article\/15226821\" \/>\n<meta property=\"og:locale\" content=\"fr_FR\" \/>\n<meta property=\"og:type\" content=\"article\" \/>\n<meta property=\"og:title\" content=\"Organisez votre s\u00e9minaire au c\u0153ur d&rsquo;un quartier aux multiples facettes au Mercure Paris Boulogne - Accor MyAllMeeting.com\" \/>\n<meta property=\"og:description\" content=\"D\u00e9couvrez le Mercure Paris Boulogne pour vos r\u00e9unions dans une ambiance unique\" \/>\n<meta property=\"og:url\" content=\"https:\/\/www.myallmeeting.com\/fr\/article\/organisez-votre-seminaire-au-coeur-dun-quartier-aux-multiples-facettes-au-mercure-paris-boulogne\/\" \/>\n<meta property=\"og:site_name\" content=\"Accor MyAllMeeting.com\" \/>\n<meta property=\"article:modified_time\" content=\"2024-11-13T14:17:49+00:00\" \/>\n<meta property=\"og:image\" content=\"http:\/\/myallmeeting.com\/wp-content\/uploads\/2016\/11\/MAM-baner-1920x570-14.png\" \/>\n\t<meta property=\"og:image:width\" content=\"1920\" \/>\n\t<meta property=\"og:image:height\" content=\"570\" \/>\n\t<meta property=\"og:image:type\" content=\"image\/png\" \/>\n<meta name=\"twitter:card\" content=\"summary_large_image\" \/>\n<meta name=\"twitter:label1\" content=\"Dur\u00e9e de lecture estim\u00e9e\" \/>\n\t<meta name=\"twitter:data1\" content=\"5 minutes\" \/>\n<script type=\"application\/ld+json\" class=\"yoast-schema-graph\">{\"@context\":\"https:\/\/schema.org\",\"@graph\":[{\"@type\":\"WebPage\",\"@id\":\"https:\/\/www.myallmeeting.com\/fr\/article\/organisez-votre-seminaire-au-coeur-dun-quartier-aux-multiples-facettes-au-mercure-paris-boulogne\/\",\"url\":\"https:\/\/www.myallmeeting.com\/fr\/article\/organisez-votre-seminaire-au-coeur-dun-quartier-aux-multiples-facettes-au-mercure-paris-boulogne\/\",\"name\":\"Organisez votre s\u00e9minaire au c\u0153ur d&rsquo;un quartier aux multiples facettes au Mercure Paris Boulogne - Accor MyAllMeeting.com\",\"isPartOf\":{\"@id\":\"https:\/\/www.myallmeeting.com\/fr\/#website\"},\"primaryImageOfPage\":{\"@id\":\"https:\/\/www.myallmeeting.com\/fr\/article\/organisez-votre-seminaire-au-coeur-dun-quartier-aux-multiples-facettes-au-mercure-paris-boulogne\/#primaryimage\"},\"image\":{\"@id\":\"https:\/\/www.myallmeeting.com\/fr\/article\/organisez-votre-seminaire-au-coeur-dun-quartier-aux-multiples-facettes-au-mercure-paris-boulogne\/#primaryimage\"},\"thumbnailUrl\":\"https:\/\/www.myallmeeting.com\/wp-content\/uploads\/2016\/11\/MAM-baner-1920x570-14.png\",\"datePublished\":\"2016-11-03T13:05:44+00:00\",\"dateModified\":\"2024-11-13T14:17:49+00:00\",\"breadcrumb\":{\"@id\":\"https:\/\/www.myallmeeting.com\/fr\/article\/organisez-votre-seminaire-au-coeur-dun-quartier-aux-multiples-facettes-au-mercure-paris-boulogne\/#breadcrumb\"},\"inLanguage\":\"fr-FR\",\"potentialAction\":[{\"@type\":\"ReadAction\",\"target\":[\"https:\/\/www.myallmeeting.com\/fr\/article\/organisez-votre-seminaire-au-coeur-dun-quartier-aux-multiples-facettes-au-mercure-paris-boulogne\/\"]}]},{\"@type\":\"ImageObject\",\"inLanguage\":\"fr-FR\",\"@id\":\"https:\/\/www.myallmeeting.com\/fr\/article\/organisez-votre-seminaire-au-coeur-dun-quartier-aux-multiples-facettes-au-mercure-paris-boulogne\/#primaryimage\",\"url\":\"https:\/\/www.myallmeeting.com\/wp-content\/uploads\/2016\/11\/MAM-baner-1920x570-14.png\",\"contentUrl\":\"https:\/\/www.myallmeeting.com\/wp-content\/uploads\/2016\/11\/MAM-baner-1920x570-14.png\",\"width\":1920,\"height\":570},{\"@type\":\"BreadcrumbList\",\"@id\":\"https:\/\/www.myallmeeting.com\/fr\/article\/organisez-votre-seminaire-au-coeur-dun-quartier-aux-multiples-facettes-au-mercure-paris-boulogne\/#breadcrumb\",\"itemListElement\":[{\"@type\":\"ListItem\",\"position\":1,\"name\":\"Accueil\",\"item\":\"https:\/\/myallmeeting.com\/fr\/\"},{\"@type\":\"ListItem\",\"position\":2,\"name\":\"Actualit\u00e9s\",\"item\":\"https:\/\/www.myallmeeting.com\/fr\/actualite\/\"},{\"@type\":\"ListItem\",\"position\":3,\"name\":\"Organisez votre s\u00e9minaire au c\u0153ur d&rsquo;un quartier aux multiples facettes au Mercure Paris Boulogne\"}]},{\"@type\":\"WebSite\",\"@id\":\"https:\/\/www.myallmeeting.com\/fr\/#website\",\"url\":\"https:\/\/www.myallmeeting.com\/fr\/\",\"name\":\"Accor MyAllMeeting.com\",\"description\":\"Les Meilleurs lieux pour vos Ev\u00e9nements Professionnels\",\"publisher\":{\"@id\":\"https:\/\/www.myallmeeting.com\/fr\/#organization\"},\"potentialAction\":[{\"@type\":\"SearchAction\",\"target\":{\"@type\":\"EntryPoint\",\"urlTemplate\":\"https:\/\/www.myallmeeting.com\/fr\/?s={search_term_string}\"},\"query-input\":{\"@type\":\"PropertyValueSpecification\",\"valueRequired\":true,\"valueName\":\"search_term_string\"}}],\"inLanguage\":\"fr-FR\"},{\"@type\":\"Organization\",\"@id\":\"https:\/\/www.myallmeeting.com\/fr\/#organization\",\"name\":\"ACCOR\",\"url\":\"https:\/\/www.myallmeeting.com\/fr\/\",\"logo\":{\"@type\":\"ImageObject\",\"inLanguage\":\"fr-FR\",\"@id\":\"https:\/\/www.myallmeeting.com\/fr\/#\/schema\/logo\/image\/\",\"url\":\"\",\"contentUrl\":\"\",\"caption\":\"ACCOR\"},\"image\":{\"@id\":\"https:\/\/www.myallmeeting.com\/fr\/#\/schema\/logo\/image\/\"}}]}<\/script>","yoast_head_json":{"title":"Organisez votre s\u00e9minaire au c\u0153ur d&rsquo;un quartier aux multiples facettes au Mercure Paris Boulogne - Accor MyAllMeeting.com","robots":{"index":"index","follow":"follow","max-snippet":"max-snippet:-1","max-image-preview":"max-image-preview:large","max-video-preview":"max-video-preview:-1"},"canonical":"https:\/\/www.myallmeeting.com\/fr\/wp-json\/wp\/v2\/article\/15226821","og_locale":"fr_FR","og_type":"article","og_title":"Organisez votre s\u00e9minaire au c\u0153ur d&rsquo;un quartier aux multiples facettes au Mercure Paris Boulogne - Accor MyAllMeeting.com","og_description":"D\u00e9couvrez le Mercure Paris Boulogne pour vos r\u00e9unions dans une ambiance unique","og_url":"https:\/\/www.myallmeeting.com\/fr\/article\/organisez-votre-seminaire-au-coeur-dun-quartier-aux-multiples-facettes-au-mercure-paris-boulogne\/","og_site_name":"Accor MyAllMeeting.com","article_modified_time":"2024-11-13T14:17:49+00:00","og_image":[{"width":1920,"height":570,"url":"http:\/\/myallmeeting.com\/wp-content\/uploads\/2016\/11\/MAM-baner-1920x570-14.png","type":"image\/png"}],"twitter_card":"summary_large_image","twitter_misc":{"Dur\u00e9e de lecture estim\u00e9e":"5 minutes"},"schema":{"@context":"https:\/\/schema.org","@graph":[{"@type":"WebPage","@id":"https:\/\/www.myallmeeting.com\/fr\/article\/organisez-votre-seminaire-au-coeur-dun-quartier-aux-multiples-facettes-au-mercure-paris-boulogne\/","url":"https:\/\/www.myallmeeting.com\/fr\/article\/organisez-votre-seminaire-au-coeur-dun-quartier-aux-multiples-facettes-au-mercure-paris-boulogne\/","name":"Organisez votre s\u00e9minaire au c\u0153ur d&rsquo;un quartier aux multiples facettes au Mercure Paris Boulogne - Accor MyAllMeeting.com","isPartOf":{"@id":"https:\/\/www.myallmeeting.com\/fr\/#website"},"primaryImageOfPage":{"@id":"https:\/\/www.myallmeeting.com\/fr\/article\/organisez-votre-seminaire-au-coeur-dun-quartier-aux-multiples-facettes-au-mercure-paris-boulogne\/#primaryimage"},"image":{"@id":"https:\/\/www.myallmeeting.com\/fr\/article\/organisez-votre-seminaire-au-coeur-dun-quartier-aux-multiples-facettes-au-mercure-paris-boulogne\/#primaryimage"},"thumbnailUrl":"https:\/\/www.myallmeeting.com\/wp-content\/uploads\/2016\/11\/MAM-baner-1920x570-14.png","datePublished":"2016-11-03T13:05:44+00:00","dateModified":"2024-11-13T14:17:49+00:00","breadcrumb":{"@id":"https:\/\/www.myallmeeting.com\/fr\/article\/organisez-votre-seminaire-au-coeur-dun-quartier-aux-multiples-facettes-au-mercure-paris-boulogne\/#breadcrumb"},"inLanguage":"fr-FR","potentialAction":[{"@type":"ReadAction","target":["https:\/\/www.myallmeeting.com\/fr\/article\/organisez-votre-seminaire-au-coeur-dun-quartier-aux-multiples-facettes-au-mercure-paris-boulogne\/"]}]},{"@type":"ImageObject","inLanguage":"fr-FR","@id":"https:\/\/www.myallmeeting.com\/fr\/article\/organisez-votre-seminaire-au-coeur-dun-quartier-aux-multiples-facettes-au-mercure-paris-boulogne\/#primaryimage","url":"https:\/\/www.myallmeeting.com\/wp-content\/uploads\/2016\/11\/MAM-baner-1920x570-14.png","contentUrl":"https:\/\/www.myallmeeting.com\/wp-content\/uploads\/2016\/11\/MAM-baner-1920x570-14.png","width":1920,"height":570},{"@type":"BreadcrumbList","@id":"https:\/\/www.myallmeeting.com\/fr\/article\/organisez-votre-seminaire-au-coeur-dun-quartier-aux-multiples-facettes-au-mercure-paris-boulogne\/#breadcrumb","itemListElement":[{"@type":"ListItem","position":1,"name":"Accueil","item":"https:\/\/myallmeeting.com\/fr\/"},{"@type":"ListItem","position":2,"name":"Actualit\u00e9s","item":"https:\/\/www.myallmeeting.com\/fr\/actualite\/"},{"@type":"ListItem","position":3,"name":"Organisez votre s\u00e9minaire au c\u0153ur d&rsquo;un quartier aux multiples facettes au Mercure Paris Boulogne"}]},{"@type":"WebSite","@id":"https:\/\/www.myallmeeting.com\/fr\/#website","url":"https:\/\/www.myallmeeting.com\/fr\/","name":"Accor MyAllMeeting.com","description":"Les Meilleurs lieux pour vos Ev\u00e9nements Professionnels","publisher":{"@id":"https:\/\/www.myallmeeting.com\/fr\/#organization"},"potentialAction":[{"@type":"SearchAction","target":{"@type":"EntryPoint","urlTemplate":"https:\/\/www.myallmeeting.com\/fr\/?s={search_term_string}"},"query-input":{"@type":"PropertyValueSpecification","valueRequired":true,"valueName":"search_term_string"}}],"inLanguage":"fr-FR"},{"@type":"Organization","@id":"https:\/\/www.myallmeeting.com\/fr\/#organization","name":"ACCOR","url":"https:\/\/www.myallmeeting.com\/fr\/","logo":{"@type":"ImageObject","inLanguage":"fr-FR","@id":"https:\/\/www.myallmeeting.com\/fr\/#\/schema\/logo\/image\/","url":"","contentUrl":"","caption":"ACCOR"},"image":{"@id":"https:\/\/www.myallmeeting.com\/fr\/#\/schema\/logo\/image\/"}}]}},"_links":{"self":[{"href":"https:\/\/www.myallmeeting.com\/fr\/wp-json\/wp\/v2\/article\/15226821","targetHints":{"allow":["GET"]}}],"collection":[{"href":"https:\/\/www.myallmeeting.com\/fr\/wp-json\/wp\/v2\/article"}],"about":[{"href":"https:\/\/www.myallmeeting.com\/fr\/wp-json\/wp\/v2\/types\/article"}],"wp:featuredmedia":[{"embeddable":true,"href":"https:\/\/www.myallmeeting.com\/fr\/wp-json\/wp\/v2\/media\/16556219"}],"wp:attachment":[{"href":"https:\/\/www.myallmeeting.com\/fr\/wp-json\/wp\/v2\/media?parent=15226821"}],"wp:term":[{"taxonomy":"periscope_categorie_tax","embeddable":true,"href":"https:\/\/www.myallmeeting.com\/fr\/wp-json\/wp\/v2\/periscope_categorie_tax?post=15226821"}],"curies":[{"name":"wp","href":"https:\/\/api.w.org\/{rel}","templated":true}]}}