{"id":15226820,"date":"2016-11-03T14:06:38","date_gmt":"2016-11-03T13:06:38","guid":{"rendered":"https:\/\/myallmeeting.com\/article\/choisissez-le-bon-amenagement-pour-une-reunion-reussie\/"},"modified":"2024-07-09T15:53:54","modified_gmt":"2024-07-09T13:53:54","slug":"choisissez-le-bon-amenagement-pour-une-reunion-reussie","status":"publish","type":"article","link":"https:\/\/www.myallmeeting.com\/fr\/article\/choisissez-le-bon-amenagement-pour-une-reunion-reussie\/","title":{"rendered":"Choisissez le bon am\u00e9nagement pour une r\u00e9union r\u00e9ussie !"},"content":{"rendered":"<!-- START OF : Composant : block-periscope-theme-section-composant-25-texte-cta-2-images.php -->\n<div class=\"tcta2ia bg-white fs-wysiwyg mb-lg-12\" data-component=\"25-texte-cta-2-images\">\n\t<div class=\"tcta2ia__top\">\n\t\t<div class=\"container-fluid\" style=\"--bs-gutter-x: 0\">\n\t\t\t<div class=\"row\" style=\"--bs-gutter-x: 0\">\n\t\t\t\t<div class=\"col-lg-8\">\n\t\t\t\t\t\t\t\t\t\t<div class=\"bloc-mise-en-avant__top__left\">\n\t\t\t\t\t\t<img decoding=\"async\" src=\"https:\/\/www.myallmeeting.com\/wp-content\/uploads\/2016\/11\/7201-85-1268x846.jpg\" class=\"pe-2 pe-lg-0\" width=\"1268\" height=\"846\" alt=\"amenagement salle de reunion\" loading=\"lazy\" \/>\n\t\t\t\t\t<\/div>\n\t\t\t\t\t\t\t\t\t\t<div class=\"tcta2ia__bottom d-none d-lg-block pb-12 pt-lg-9 pb-lg-0 pe-lg-10\">\n\t\t\t\t\t\t\t\t\t\t\t\t<h2 class=\"fs-20 fs-lg-32 fw-semibold\">La table ronde<\/h2>\n\t\t\t\t\t\t\t\t\t\t\t\t\t\t\t\t\t\t<div class=\"fs-wysiwyg\"><p><span style=\"font-weight: 400;\">Savez-vous pourquoi le roi Arthur r\u00e9unissait ses chevaliers autour d\u2019une table ronde ? Pour que chacun d\u2019entre eux se trouve \u00e0 \u00e9gale distance du Graal.\u00a0<\/span><\/p>\n<p><span style=\"font-weight: 400;\">La table ronde <\/span><b>est l\u2019am\u00e9nagement id\u00e9al si vous souhaitez vous situer au m\u00eame niveau que vos participants<\/b><span style=\"font-weight: 400;\">. Vous leur rappelez ainsi que le travail d\u2019\u00e9quipe pr\u00e9vaut sur les individualit\u00e9s. En outre, la table ronde favorise les \u00e9changes et le<\/span><b>\u00a0<\/b><b><i>brainstorming<\/i><\/b><b>.<\/b><\/p>\n<\/div>\n\t\t\t\t\t\t\t\t\t\t\t\t<div class=\"d-flex flex-column flex-lg-row align-items-center gap-5 gap-lg-8 justify-content-between\">\n\t\t\t\t\t\t\t<div class=\"fs-20 fs-lg-26 fw-semibold lh-xs\"><\/div>\n\t\t\t\t\t\t\t\t\t\t\t\t\t<\/div>\n\t\t\t\t\t<\/div>\n\t\t\t\t<\/div>\n\t\t\t\t<div class=\"col-lg-4\">\n\t\t\t\t\t<div class=\"tcta2ia__top__right t-0 r-0 bg-primary text-white pt-4 pb-4 px-2 pt-lg-8 pb-lg-16 px-lg-11 pb-xl-30\">\n\t\t\t\t\t\t\t\t\t\t\t\t\t\t\t\t\t\t<h2 class=\"unna fs-36 fs-lg-51 fs-xl-75 fs-italic fw-normal text-secondary\">Choisissez le bon am\u00e9nagement pour une r\u00e9union r\u00e9ussie !<\/h2>\n\t\t\t\t\t\t\t\t\t\t\t\t\t\t\t\t\t\t<h3 class=\"text-white fs-18 fs-lg-20 fs-xl-28 text-original-case\">Les sp\u00e9cialistes My All Meeting d\u2019Accor vous donnent les cl\u00e9s pour choisir la solution adapt\u00e9e \u00e0 vos besoins.<\/h3>\n\t\t\t\t\t\t\t\t\t\t\t\t\t\t\t\t\t\t<div class=\"fs-wysiwyg mb-4 fs-lg-16 fs-xl-20\"><p style=\"text-align: left;\">Cela fait plusieurs semaines que vous pr\u00e9parez votre prochaine r\u00e9union afin de renforcer la coh\u00e9sion de votre \u00e9quipe. Vous avez trouv\u00e9 le lieu id\u00e9al, envoy\u00e9 l\u2019ordre du jour aux participants et peaufin\u00e9 votre pr\u00e9sentation. Mais qu\u2019en est-il de l\u2019agencement de votre salle de r\u00e9union ? Table ronde ou rectangulaire, salle en U, salle de th\u00e9\u00e2tre, salle de classe\u2026 Quelle configuration adopter ? Quel est le meilleur am\u00e9nagement pour votre salle de r\u00e9union ?<\/p>\n<\/div>\n\t\t\t\t\t\t\t\t\t\t\t\t\t\t\t\t\t\t\t\t\t\t\t\t<p class=\"m-0\"><img decoding=\"async\" src=\"https:\/\/www.myallmeeting.com\/wp-content\/uploads\/2016\/11\/7102-68-633x398.jpg\" class=\"position-relative l-0\" width=\"633\" height=\"398\" alt=\"amenagement salle de reunion table ronde\" loading=\"lazy\" \/><\/p>\n\t\t\t\t\t\t\t\t\t\t\t<\/div>\n\t\t\t\t<\/div>\n\t\t\t<\/div>\n\t\t<\/div>\n\t<\/div>\n\t<div class=\"tcta2ia__bottom d-lg-none pb-12 py-lg-9 pe-lg-10\">\n\t\t\t\t<div class=\"h2 fs-20 fs-lg-32 fw-semibold\">La table ronde<\/div>\n\t\t\t\t\t\t<div class=\"fs-wysiwyg\"><p><span style=\"font-weight: 400;\">Savez-vous pourquoi le roi Arthur r\u00e9unissait ses chevaliers autour d\u2019une table ronde ? Pour que chacun d\u2019entre eux se trouve \u00e0 \u00e9gale distance du Graal.\u00a0<\/span><\/p>\n<p><span style=\"font-weight: 400;\">La table ronde <\/span><b>est l\u2019am\u00e9nagement id\u00e9al si vous souhaitez vous situer au m\u00eame niveau que vos participants<\/b><span style=\"font-weight: 400;\">. Vous leur rappelez ainsi que le travail d\u2019\u00e9quipe pr\u00e9vaut sur les individualit\u00e9s. En outre, la table ronde favorise les \u00e9changes et le<\/span><b>\u00a0<\/b><b><i>brainstorming<\/i><\/b><b>.<\/b><\/p>\n<\/div>\n\t\t\t\t<div class=\"d-flex flex-column flex-lg-row align-items-center gap-5 gap-lg-8 justify-content-between\">\n\t\t\t<div class=\"fs-20 fs-lg-26 fw-semibold lh-xs\"><\/div>\n\t\t\t\t\t<\/div>\n\t<\/div>\n<\/div>\n<!-- END OF : Composant : block-periscope-theme-section-composant-25-texte-cta-2-images.php -->\n\n\n<!-- START OF : Composant : block-periscope-theme-section-composant-33-texte-image.php -->\n<div class=\"text-image fs-wysiwyg mb-8 mb-lg-12\" data-component=\"33-texte-image\">\n\t<div class=\"container-fluid\" style=\"--bs-gutter-x: 0\">\n\t\t<div class=\"row\" style=\"--bs-gutter-x: 0\">\n\t\t\t\t\t\t<div class=\"col-lg-6 mb-7 mb-lg-0\">\n\t\t\t\t<img decoding=\"async\" src=\"https:\/\/www.myallmeeting.com\/wp-content\/uploads\/2016\/11\/5404-38-953x600.jpg\" width=\"953\" height=\"600\" alt=\"amenagement salle de reunion theatre\" loading=\"lazy\" class=\"w-100\" \/>\n\t\t\t<\/div>\n\t\t\t\t\t\t<div class=\"col-lg-6\">\n\t\t\t\t<div class=\"text-image__content\">\n\t\t\t\t\t\t\t\t\t\t<div class=\"fw-semibold lh-xs fs-20 fs-lg-32 ls--25 mb-5\">La salle de th\u00e9\u00e2tre<\/div>\n\t\t\t\t\t\t\t\t\t\t\t\t\t\t\t<div class=\"fs-wysiwyg\">\n\t\t\t\t\t\t<p><span style=\"font-weight: 400;\">La salle de th\u00e9\u00e2tre est compos\u00e9e de plusieurs rang\u00e9es de chaises tourn\u00e9es vers l\u2019animateur ou le conf\u00e9rencier.\u00a0Cette configuration est souvent utilis\u00e9e pour les\u00a0<\/span><b>s\u00e9minaires\u00a0<\/b><span style=\"font-weight: 400;\">ou les\u00a0<\/span><b>lancements de produits<\/b><span style=\"font-weight: 400;\">, lorsqu\u2019on cherche \u00e0 placer une personne ou un objet sous le feu des projecteurs.\u00a0<\/span><\/p>\n<p><b>Elle permet de placer beaucoup de chaises et d\u2019optimiser l\u2019espace<\/b><span style=\"font-weight: 400;\">\u00a0si les participants sont nombreux, mais les \u00e9changes sont limit\u00e9s.<\/span><\/p>\n\t\t\t\t\t<\/div>\n\t\t\t\t\t\t\t\t\t<\/div>\n\t\t\t<\/div>        \n\t\t<\/div>\n\t<\/div>\n<\/div>\n<!-- END OF : Composant : block-periscope-theme-section-composant-33-texte-image.php -->\n\n\n<!-- START OF : Composant : block-periscope-theme-section-composant-33-texte-image.php -->\n<!-- INVERSE -->\n<div class=\"text-image fs-wysiwyg mb-8 mb-lg-12\" data-component=\"33-texte-image\" data-reverse=\"oui\">\n\t<div class=\"container-fluid\" style=\"--bs-gutter-x: 0\">\n\t\t<div class=\"row\" style=\"--bs-gutter-x: 0\">\n\t\t\t<div class=\"col-lg-6\">\n\t\t\t\t<div class=\"text-image__content\">\n\t\t\t\t\t\t\t\t\t\t<div class=\"fw-semibold lh-xs fs-20 fs-lg-32 ls--25 mb-5\">La table en U<\/div>\n\t\t\t\t\t\t\t\t\t\t\t\t\t\t\t<div class=\"fs-wysiwyg\">\n\t\t\t\t\t\t<p><span style=\"font-weight: 400;\">Cet am\u00e9nagement est possible si vous organisez une r\u00e9union avec un groupe d\u2019une trentaine de personnes. Ni trop formelle, ni trop scolaire, la table en U est tr\u00e8s appr\u00e9ci\u00e9e par les participants, offrant <\/span><b>une bonne visibilit\u00e9 tout en maintenant une certaine distance<\/b><span style=\"font-weight: 400;\">.\u00a0<\/span><\/p>\n<p><span style=\"font-weight: 400;\">N\u00e9anmoins, l\u2019utilisation de l\u2019espace est loin d\u2019\u00eatre optimale, et cet agencement n\u2019est pas toujours possible dans les petites salles.<\/span><b>\u00a0La table en U est un excellent choix pour les pr\u00e9sentations anim\u00e9es.<\/b><\/p>\n\t\t\t\t\t<\/div>\n\t\t\t\t\t\t\t\t\t<\/div>\n\t\t\t<\/div>    \n\t\t\t    \n\t\t\t<div class=\"col-lg-6 order-first order-lg-last mb-7 mb-lg-0\">\n\t\t\t\t<img decoding=\"async\" src=\"https:\/\/www.myallmeeting.com\/wp-content\/uploads\/2016\/11\/7105-28-953x600.jpg\" width=\"953\" height=\"600\" alt=\"amenagement salle de reunion table en u\" loading=\"lazy\" class=\"w-100\" \/>\n\t\t\t<\/div>\n\t\t\t\t\t<\/div>\n\t<\/div>\n<\/div>\n<!-- END OF : Composant : block-periscope-theme-section-composant-33-texte-image.php -->\n\n\n<!-- START OF : Composant : block-periscope-theme-section-composant-33-texte-image.php -->\n<div class=\"text-image fs-wysiwyg mb-8 mb-lg-12\" data-component=\"33-texte-image\">\n\t<div class=\"container-fluid\" style=\"--bs-gutter-x: 0\">\n\t\t<div class=\"row\" style=\"--bs-gutter-x: 0\">\n\t\t\t\t\t\t<div class=\"col-lg-6 mb-7 mb-lg-0\">\n\t\t\t\t<img decoding=\"async\" src=\"https:\/\/www.myallmeeting.com\/wp-content\/uploads\/2016\/11\/7050-17-953x600.jpg\" width=\"953\" height=\"600\" alt=\"amenagement salle de reunion salle de classe\" loading=\"lazy\" class=\"w-100\" \/>\n\t\t\t<\/div>\n\t\t\t\t\t\t<div class=\"col-lg-6\">\n\t\t\t\t<div class=\"text-image__content\">\n\t\t\t\t\t\t\t\t\t\t<div class=\"fw-semibold lh-xs fs-20 fs-lg-32 ls--25 mb-5\">La salle de classe<\/div>\n\t\t\t\t\t\t\t\t\t\t\t\t\t\t\t<div class=\"fs-wysiwyg\">\n\t\t\t\t\t\t<p><span style=\"font-weight: 400;\">La salle de classe peut faire sourire a priori en raison de son c\u00f4t\u00e9 scolaire. N\u00e9anmoins, cet am\u00e9nagement est<\/span><b>\u00a0id\u00e9al pour les examens, les pr\u00e9sentations et les travaux en bin\u00f4mes.\u00a0<\/b><\/p>\n<p><span style=\"font-weight: 400;\">Les participants voient parfaitement l\u2019intervenant et peuvent prendre leurs notes confortablement. Pensez \u00e0 laisser une all\u00e9e centrale. Vous pourrez ainsi aller vers le groupe pendant votre intervention et suivre l\u2019\u00e9volution de leurs travaux si vous pr\u00e9voyez des ateliers.<\/span><\/p>\n\t\t\t\t\t<\/div>\n\t\t\t\t\t\t\t\t\t<\/div>\n\t\t\t<\/div>        \n\t\t<\/div>\n\t<\/div>\n<\/div>\n<!-- END OF : Composant : block-periscope-theme-section-composant-33-texte-image.php -->\n\n\n<!-- START OF : Composant : block-periscope-theme-section-composant-33-texte-image.php -->\n<!-- INVERSE -->\n<div class=\"text-image fs-wysiwyg mb-8 mb-lg-12\" data-component=\"33-texte-image\" data-reverse=\"oui\">\n\t<div class=\"container-fluid\" style=\"--bs-gutter-x: 0\">\n\t\t<div class=\"row\" style=\"--bs-gutter-x: 0\">\n\t\t\t<div class=\"col-lg-6\">\n\t\t\t\t<div class=\"text-image__content\">\n\t\t\t\t\t\t\t\t\t\t<div class=\"fw-semibold lh-xs fs-20 fs-lg-32 ls--25 mb-5\">La table rectangulaire<\/div>\n\t\t\t\t\t\t\t\t\t\t\t\t\t\t\t<div class=\"fs-wysiwyg\">\n\t\t\t\t\t\t<p><span style=\"font-weight: 400;\">Cette configuration, tr\u00e8s classique, est tr\u00e8s utilis\u00e9e par <\/span><b>les\u00a0comit\u00e9s de direction<\/b><span style=\"font-weight: 400;\">\u00a0et <\/span><b>les\u00a0conseils d\u2019administration<\/b><span style=\"font-weight: 400;\">. Vous pouvez \u00e9galement opter pour cet am\u00e9nagement pour les petits groupes de moins de dix personnes.<\/span><\/p>\n<p><span style=\"font-weight: 400;\">L\u2019avantage de la table rectangulaire est qu\u2019il y a un centre, et que la personne plac\u00e9e au centre attire le regard des autres participants.<\/span><\/p>\n<p><span style=\"font-weight: 400;\">En outre, les chaises plac\u00e9es les unes en face des autres encouragent l\u00e0 aussi l\u2019interaction. Le principal inconv\u00e9nient\u00a0de la table rectangulaire : les personnes situ\u00e9es aux deux extr\u00e9mit\u00e9s peuvent difficilement communiquer.<\/span><\/p>\n<p>&nbsp;<\/p>\n<p><span style=\"font-weight: 400;\">Vous l\u2019aurez compris\u00a0:<\/span><b>\u00a0la configuration de votre salle de r\u00e9union doit \u00eatre adapt\u00e9e \u00e0 la nature de votre \u00e9v\u00e8nement,<\/b><\/p>\n<p><b>\u00e0 vos objectifs et \u00e0 la taille du groupe.<\/b><\/p>\n<p><span style=\"font-weight: 400;\">D\u00e9sormais, il ne vous reste plus qu\u2019\u00e0 v\u00e9rifier une derni\u00e8re fois le bon fonctionnement des appareils que vous utiliserez.<\/span><\/p>\n<p><span style=\"font-weight: 400;\">\u00a0<\/span><\/p>\n\t\t\t\t\t<\/div>\n\t\t\t\t\t\t\t\t\t<\/div>\n\t\t\t<\/div>    \n\t\t\t    \n\t\t\t<div class=\"col-lg-6 order-first order-lg-last mb-7 mb-lg-0\">\n\t\t\t\t<img decoding=\"async\" src=\"https:\/\/www.myallmeeting.com\/wp-content\/uploads\/2016\/11\/6889-53-953x600.jpg\" width=\"953\" height=\"600\" alt=\"salle de r\u00e9union pour comit\u00e9 de direction amenagement salle de reunion table rectangulaire\" loading=\"lazy\" class=\"w-100\" \/>\n\t\t\t<\/div>\n\t\t\t\t\t<\/div>\n\t<\/div>\n<\/div>\n<!-- END OF : Composant : block-periscope-theme-section-composant-33-texte-image.php -->\n","protected":false},"excerpt":{"rendered":"<p>D\u00e9couvrez les am\u00e9nagements de salles propos\u00e9s par Accor pour chacun de vos besoins.<\/p>\n","protected":false},"featured_media":16011695,"menu_order":0,"template":"","periscope_categorie_tax":[1649],"class_list":["post-15226820","article","type-article","status-publish","has-post-thumbnail","hentry","periscope_categorie_tax-organiser-votre-reunion"],"acf":[],"yoast_head":"<title>Choisissez le bon am\u00e9nagement pour une r\u00e9union r\u00e9ussie ! - Accor MyAllMeeting.com<\/title>\n<meta name=\"robots\" content=\"index, follow, max-snippet:-1, max-image-preview:large, max-video-preview:-1\" \/>\n<link rel=\"canonical\" href=\"https:\/\/www.myallmeeting.com\/fr\/wp-json\/wp\/v2\/article\/15226820\" \/>\n<meta property=\"og:locale\" content=\"fr_FR\" \/>\n<meta property=\"og:type\" content=\"article\" \/>\n<meta property=\"og:title\" content=\"Choisissez le bon am\u00e9nagement pour une r\u00e9union r\u00e9ussie ! - Accor MyAllMeeting.com\" \/>\n<meta property=\"og:description\" content=\"D\u00e9couvrez les am\u00e9nagements de salles propos\u00e9s par Accor pour chacun de vos besoins.\" \/>\n<meta property=\"og:url\" content=\"https:\/\/www.myallmeeting.com\/fr\/article\/choisissez-le-bon-amenagement-pour-une-reunion-reussie\/\" \/>\n<meta property=\"og:site_name\" content=\"Accor MyAllMeeting.com\" \/>\n<meta property=\"article:modified_time\" content=\"2024-07-09T13:53:54+00:00\" \/>\n<meta property=\"og:image\" content=\"http:\/\/myallmeeting.com\/wp-content\/uploads\/2016\/11\/Pullman-Paris-Tour-Eiffel.png\" \/>\n\t<meta property=\"og:image:width\" content=\"1920\" \/>\n\t<meta property=\"og:image:height\" content=\"570\" \/>\n\t<meta property=\"og:image:type\" content=\"image\/png\" \/>\n<meta name=\"twitter:card\" content=\"summary_large_image\" \/>\n<meta name=\"twitter:label1\" content=\"Dur\u00e9e de lecture estim\u00e9e\" \/>\n\t<meta name=\"twitter:data1\" content=\"5 minutes\" \/>\n<script type=\"application\/ld+json\" class=\"yoast-schema-graph\">{\"@context\":\"https:\/\/schema.org\",\"@graph\":[{\"@type\":\"WebPage\",\"@id\":\"https:\/\/www.myallmeeting.com\/fr\/article\/choisissez-le-bon-amenagement-pour-une-reunion-reussie\/\",\"url\":\"https:\/\/www.myallmeeting.com\/fr\/article\/choisissez-le-bon-amenagement-pour-une-reunion-reussie\/\",\"name\":\"Choisissez le bon am\u00e9nagement pour une r\u00e9union r\u00e9ussie ! - Accor MyAllMeeting.com\",\"isPartOf\":{\"@id\":\"https:\/\/www.myallmeeting.com\/fr\/#website\"},\"primaryImageOfPage\":{\"@id\":\"https:\/\/www.myallmeeting.com\/fr\/article\/choisissez-le-bon-amenagement-pour-une-reunion-reussie\/#primaryimage\"},\"image\":{\"@id\":\"https:\/\/www.myallmeeting.com\/fr\/article\/choisissez-le-bon-amenagement-pour-une-reunion-reussie\/#primaryimage\"},\"thumbnailUrl\":\"https:\/\/www.myallmeeting.com\/wp-content\/uploads\/2016\/11\/Pullman-Paris-Tour-Eiffel.png\",\"datePublished\":\"2016-11-03T13:06:38+00:00\",\"dateModified\":\"2024-07-09T13:53:54+00:00\",\"breadcrumb\":{\"@id\":\"https:\/\/www.myallmeeting.com\/fr\/article\/choisissez-le-bon-amenagement-pour-une-reunion-reussie\/#breadcrumb\"},\"inLanguage\":\"fr-FR\",\"potentialAction\":[{\"@type\":\"ReadAction\",\"target\":[\"https:\/\/www.myallmeeting.com\/fr\/article\/choisissez-le-bon-amenagement-pour-une-reunion-reussie\/\"]}]},{\"@type\":\"ImageObject\",\"inLanguage\":\"fr-FR\",\"@id\":\"https:\/\/www.myallmeeting.com\/fr\/article\/choisissez-le-bon-amenagement-pour-une-reunion-reussie\/#primaryimage\",\"url\":\"https:\/\/www.myallmeeting.com\/wp-content\/uploads\/2016\/11\/Pullman-Paris-Tour-Eiffel.png\",\"contentUrl\":\"https:\/\/www.myallmeeting.com\/wp-content\/uploads\/2016\/11\/Pullman-Paris-Tour-Eiffel.png\",\"width\":1920,\"height\":570},{\"@type\":\"BreadcrumbList\",\"@id\":\"https:\/\/www.myallmeeting.com\/fr\/article\/choisissez-le-bon-amenagement-pour-une-reunion-reussie\/#breadcrumb\",\"itemListElement\":[{\"@type\":\"ListItem\",\"position\":1,\"name\":\"Accueil\",\"item\":\"https:\/\/myallmeeting.com\/fr\/\"},{\"@type\":\"ListItem\",\"position\":2,\"name\":\"Actualit\u00e9s\",\"item\":\"https:\/\/www.myallmeeting.com\/fr\/actualite\/\"},{\"@type\":\"ListItem\",\"position\":3,\"name\":\"Choisissez le bon am\u00e9nagement pour une r\u00e9union r\u00e9ussie !\"}]},{\"@type\":\"WebSite\",\"@id\":\"https:\/\/www.myallmeeting.com\/fr\/#website\",\"url\":\"https:\/\/www.myallmeeting.com\/fr\/\",\"name\":\"Accor MyAllMeeting.com\",\"description\":\"Les Meilleurs lieux pour vos Ev\u00e9nements Professionnels\",\"publisher\":{\"@id\":\"https:\/\/www.myallmeeting.com\/fr\/#organization\"},\"potentialAction\":[{\"@type\":\"SearchAction\",\"target\":{\"@type\":\"EntryPoint\",\"urlTemplate\":\"https:\/\/www.myallmeeting.com\/fr\/?s={search_term_string}\"},\"query-input\":{\"@type\":\"PropertyValueSpecification\",\"valueRequired\":true,\"valueName\":\"search_term_string\"}}],\"inLanguage\":\"fr-FR\"},{\"@type\":\"Organization\",\"@id\":\"https:\/\/www.myallmeeting.com\/fr\/#organization\",\"name\":\"ACCOR\",\"url\":\"https:\/\/www.myallmeeting.com\/fr\/\",\"logo\":{\"@type\":\"ImageObject\",\"inLanguage\":\"fr-FR\",\"@id\":\"https:\/\/www.myallmeeting.com\/fr\/#\/schema\/logo\/image\/\",\"url\":\"\",\"contentUrl\":\"\",\"caption\":\"ACCOR\"},\"image\":{\"@id\":\"https:\/\/www.myallmeeting.com\/fr\/#\/schema\/logo\/image\/\"}}]}<\/script>","yoast_head_json":{"title":"Choisissez le bon am\u00e9nagement pour une r\u00e9union r\u00e9ussie ! - Accor MyAllMeeting.com","robots":{"index":"index","follow":"follow","max-snippet":"max-snippet:-1","max-image-preview":"max-image-preview:large","max-video-preview":"max-video-preview:-1"},"canonical":"https:\/\/www.myallmeeting.com\/fr\/wp-json\/wp\/v2\/article\/15226820","og_locale":"fr_FR","og_type":"article","og_title":"Choisissez le bon am\u00e9nagement pour une r\u00e9union r\u00e9ussie ! - Accor MyAllMeeting.com","og_description":"D\u00e9couvrez les am\u00e9nagements de salles propos\u00e9s par Accor pour chacun de vos besoins.","og_url":"https:\/\/www.myallmeeting.com\/fr\/article\/choisissez-le-bon-amenagement-pour-une-reunion-reussie\/","og_site_name":"Accor MyAllMeeting.com","article_modified_time":"2024-07-09T13:53:54+00:00","og_image":[{"width":1920,"height":570,"url":"http:\/\/myallmeeting.com\/wp-content\/uploads\/2016\/11\/Pullman-Paris-Tour-Eiffel.png","type":"image\/png"}],"twitter_card":"summary_large_image","twitter_misc":{"Dur\u00e9e de lecture estim\u00e9e":"5 minutes"},"schema":{"@context":"https:\/\/schema.org","@graph":[{"@type":"WebPage","@id":"https:\/\/www.myallmeeting.com\/fr\/article\/choisissez-le-bon-amenagement-pour-une-reunion-reussie\/","url":"https:\/\/www.myallmeeting.com\/fr\/article\/choisissez-le-bon-amenagement-pour-une-reunion-reussie\/","name":"Choisissez le bon am\u00e9nagement pour une r\u00e9union r\u00e9ussie ! - Accor MyAllMeeting.com","isPartOf":{"@id":"https:\/\/www.myallmeeting.com\/fr\/#website"},"primaryImageOfPage":{"@id":"https:\/\/www.myallmeeting.com\/fr\/article\/choisissez-le-bon-amenagement-pour-une-reunion-reussie\/#primaryimage"},"image":{"@id":"https:\/\/www.myallmeeting.com\/fr\/article\/choisissez-le-bon-amenagement-pour-une-reunion-reussie\/#primaryimage"},"thumbnailUrl":"https:\/\/www.myallmeeting.com\/wp-content\/uploads\/2016\/11\/Pullman-Paris-Tour-Eiffel.png","datePublished":"2016-11-03T13:06:38+00:00","dateModified":"2024-07-09T13:53:54+00:00","breadcrumb":{"@id":"https:\/\/www.myallmeeting.com\/fr\/article\/choisissez-le-bon-amenagement-pour-une-reunion-reussie\/#breadcrumb"},"inLanguage":"fr-FR","potentialAction":[{"@type":"ReadAction","target":["https:\/\/www.myallmeeting.com\/fr\/article\/choisissez-le-bon-amenagement-pour-une-reunion-reussie\/"]}]},{"@type":"ImageObject","inLanguage":"fr-FR","@id":"https:\/\/www.myallmeeting.com\/fr\/article\/choisissez-le-bon-amenagement-pour-une-reunion-reussie\/#primaryimage","url":"https:\/\/www.myallmeeting.com\/wp-content\/uploads\/2016\/11\/Pullman-Paris-Tour-Eiffel.png","contentUrl":"https:\/\/www.myallmeeting.com\/wp-content\/uploads\/2016\/11\/Pullman-Paris-Tour-Eiffel.png","width":1920,"height":570},{"@type":"BreadcrumbList","@id":"https:\/\/www.myallmeeting.com\/fr\/article\/choisissez-le-bon-amenagement-pour-une-reunion-reussie\/#breadcrumb","itemListElement":[{"@type":"ListItem","position":1,"name":"Accueil","item":"https:\/\/myallmeeting.com\/fr\/"},{"@type":"ListItem","position":2,"name":"Actualit\u00e9s","item":"https:\/\/www.myallmeeting.com\/fr\/actualite\/"},{"@type":"ListItem","position":3,"name":"Choisissez le bon am\u00e9nagement pour une r\u00e9union r\u00e9ussie !"}]},{"@type":"WebSite","@id":"https:\/\/www.myallmeeting.com\/fr\/#website","url":"https:\/\/www.myallmeeting.com\/fr\/","name":"Accor MyAllMeeting.com","description":"Les Meilleurs lieux pour vos Ev\u00e9nements Professionnels","publisher":{"@id":"https:\/\/www.myallmeeting.com\/fr\/#organization"},"potentialAction":[{"@type":"SearchAction","target":{"@type":"EntryPoint","urlTemplate":"https:\/\/www.myallmeeting.com\/fr\/?s={search_term_string}"},"query-input":{"@type":"PropertyValueSpecification","valueRequired":true,"valueName":"search_term_string"}}],"inLanguage":"fr-FR"},{"@type":"Organization","@id":"https:\/\/www.myallmeeting.com\/fr\/#organization","name":"ACCOR","url":"https:\/\/www.myallmeeting.com\/fr\/","logo":{"@type":"ImageObject","inLanguage":"fr-FR","@id":"https:\/\/www.myallmeeting.com\/fr\/#\/schema\/logo\/image\/","url":"","contentUrl":"","caption":"ACCOR"},"image":{"@id":"https:\/\/www.myallmeeting.com\/fr\/#\/schema\/logo\/image\/"}}]}},"_links":{"self":[{"href":"https:\/\/www.myallmeeting.com\/fr\/wp-json\/wp\/v2\/article\/15226820","targetHints":{"allow":["GET"]}}],"collection":[{"href":"https:\/\/www.myallmeeting.com\/fr\/wp-json\/wp\/v2\/article"}],"about":[{"href":"https:\/\/www.myallmeeting.com\/fr\/wp-json\/wp\/v2\/types\/article"}],"wp:featuredmedia":[{"embeddable":true,"href":"https:\/\/www.myallmeeting.com\/fr\/wp-json\/wp\/v2\/media\/16011695"}],"wp:attachment":[{"href":"https:\/\/www.myallmeeting.com\/fr\/wp-json\/wp\/v2\/media?parent=15226820"}],"wp:term":[{"taxonomy":"periscope_categorie_tax","embeddable":true,"href":"https:\/\/www.myallmeeting.com\/fr\/wp-json\/wp\/v2\/periscope_categorie_tax?post=15226820"}],"curies":[{"name":"wp","href":"https:\/\/api.w.org\/{rel}","templated":true}]}}