{"id":15226802,"date":"2017-05-02T18:13:08","date_gmt":"2017-05-02T16:13:08","guid":{"rendered":"https:\/\/myallmeeting.com\/article\/ibis-styles-paris-bercy-un-esprit-street-art-et-start-up-pour-vos-meetings\/"},"modified":"2024-07-11T20:35:00","modified_gmt":"2024-07-11T18:35:00","slug":"ibis-styles-paris-bercy-un-esprit-street-art-et-start-up-pour-vos-meetings","status":"publish","type":"article","link":"https:\/\/www.myallmeeting.com\/fr\/article\/ibis-styles-paris-bercy-un-esprit-street-art-et-start-up-pour-vos-meetings\/","title":{"rendered":"Ibis Styles Paris Bercy : un esprit street art et start-up pour vos meetings"},"content":{"rendered":"<!-- START OF : Composant : block-periscope-theme-section-composant-25-texte-cta-2-images.php -->\n<div class=\"tcta2ia bg-white fs-wysiwyg mb-lg-12\" data-component=\"25-texte-cta-2-images\">\n\t<div class=\"tcta2ia__top\">\n\t\t<div class=\"container-fluid\" style=\"--bs-gutter-x: 0\">\n\t\t\t<div class=\"row\" style=\"--bs-gutter-x: 0\">\n\t\t\t\t<div class=\"col-lg-8\">\n\t\t\t\t\t\t\t\t\t\t<div class=\"bloc-mise-en-avant__top__left\">\n\t\t\t\t\t\t<img decoding=\"async\" src=\"https:\/\/www.myallmeeting.com\/wp-content\/uploads\/2017\/05\/6982-21-1268x846.jpg\" class=\"pe-2 pe-lg-0\" width=\"1268\" height=\"846\" alt=\"r\u00e9union cr\u00e9ative salle\" loading=\"lazy\" \/>\n\t\t\t\t\t<\/div>\n\t\t\t\t\t\t\t\t\t\t<div class=\"tcta2ia__bottom d-none d-lg-block pb-12 pt-lg-9 pb-lg-0 pe-lg-10\">\n\t\t\t\t\t\t\t\t\t\t\t\t\t\t\t\t\t\t<div class=\"fs-wysiwyg\"><p><span style=\"font-weight: 400;\">Situ\u00e9 au pied de l\u2019imposant <\/span><b>Accor Arena<\/b><span style=\"font-weight: 400;\">, l\u2019Ibis Styles Paris Bercy est \u00e0 seulement 10 minutes en m\u00e9tro du c\u0153ur de Paris et \u00e0 deux pas du quartier de Bercy Village et ses nombreuses animations \u2013 restaurants, cin\u00e9ma, bars, caf\u00e9s\u2026 Il est accessible tr\u00e8s rapidement depuis la Gare de Lyon \u00e0 une station de m\u00e9tro seulement gr\u00e2ce \u00e0 la ligne 14 et \u00e9galement depuis la ligne 6. Sa situation est donc id\u00e9ale pour un s\u00e9jour d\u2019affaires ou de loisirs.<\/span><\/p>\n<p><span style=\"font-weight: 400;\">L\u2019Ibis<b> Styles Paris Bercy<\/b> est \u00e0 l\u2019image de son quartier: dynamique, moderne, inspir\u00e9 par la musique qui r\u00e9sonne dans l\u2019ar\u00e8ne attenante et le street art du XIIIe arrondissement voisin.<\/span><\/p>\n<p><span style=\"font-weight: 400;\">Du hall d\u2019accueil aux \u00e9tages, la culture du street art est mise \u00e0 l\u2019honneur dans tout l\u2019h\u00f4tel. Pour que le rendu soit le plus authentique possible, l\u2019Ibis Styles Paris Bercy a m\u00eame collabor\u00e9 avec la galerie d\u2019art Itinerrance pour faire venir des street artists europ\u00e9ens.<\/span><\/p>\n<p><span style=\"font-weight: 400;\">Chacun des 8 graffeurs retenus a eu carte blanche sur chaque \u00e9tage. Seul mot d\u2019ordre: allier le street art et la musique! Des couloirs aux chambres de l\u2019h\u00f4tel, chaque \u00e9tage a son identit\u00e9 propre. Tant\u00f4t pop au 4e \u00e9tage avec une d\u00e9clinaison de graffitis de l\u2019artiste barcelonaise <i>B-TOY<\/i> qui a reproduit des photos de Nina Simone; tant\u00f4t hip-hop et jazz au 2e avec <i>DAN 23<\/i>, artiste strasbourgeois. Un mash up pictural tr\u00e8s int\u00e9ressant et rarement vu dans des h\u00f4tels de cette cat\u00e9gorie. Le tout enti\u00e8rement r\u00e9nov\u00e9 cette ann\u00e9e.<\/span><\/p>\n<p>&nbsp;<\/p>\n<\/div>\n\t\t\t\t\t\t\t\t\t\t\t\t<div class=\"d-flex flex-column flex-lg-row align-items-center gap-5 gap-lg-8 justify-content-between\">\n\t\t\t\t\t\t\t<div class=\"fs-20 fs-lg-26 fw-semibold lh-xs\"><\/div>\n\t\t\t\t\t\t\t\t\t\t\t\t\t<\/div>\n\t\t\t\t\t<\/div>\n\t\t\t\t<\/div>\n\t\t\t\t<div class=\"col-lg-4\">\n\t\t\t\t\t<div class=\"tcta2ia__top__right t-0 r-0 bg-primary text-white pt-4 pb-4 px-2 pt-lg-8 pb-lg-16 px-lg-11 pb-xl-30\">\n\t\t\t\t\t\t\t\t\t\t\t\t\t\t\t\t\t\t<h2 class=\"unna fs-36 fs-lg-51 fs-xl-75 fs-italic fw-normal text-secondary\">Ibis Styles Paris Bercy : un esprit street art et start-up pour vos meetings<\/h2>\n\t\t\t\t\t\t\t\t\t\t\t\t\t\t\t\t\t\t<h3 class=\"text-white fs-18 fs-lg-20 fs-xl-28 text-original-case\">Des espaces modulables et un esprit street art \u00e0 destination des jeunes entrepreneurs.<\/h3>\n\t\t\t\t\t\t\t\t\t\t\t\t\t\t\t\t\t\t<div class=\"fs-wysiwyg mb-4 fs-lg-16 fs-xl-20\"><p><span style=\"font-weight: 400;\" data-mce-style=\"font-weight: 400;\">L\u2019Ibis Styles Paris Bercy est un h\u00f4tel moderne et design qui<\/span><span style=\"font-weight: 400;\"> s\u2019adresse notamment aux start-ups. Son style street art, ses espaces de coworking et son immense terrasse devraient s\u00e9duire cette g\u00e9n\u00e9ration digitale \u00e0 la recherche d\u2019un cadre de travail \u00e0 la fois fonctionnel, d\u00e9tendu et \u00e9conomique.<\/span><\/p>\n<\/div>\n\t\t\t\t\t\t\t\t\t\t\t\t\t\t\t\t\t\t\t\t\t\t\t\t<p class=\"m-0\"><img decoding=\"async\" src=\"https:\/\/www.myallmeeting.com\/wp-content\/uploads\/2017\/05\/3050-12-633x398.jpg\" class=\"position-relative l-0\" width=\"633\" height=\"398\" alt=\"r\u00e9union cr\u00e9ative\" loading=\"lazy\" \/><\/p>\n\t\t\t\t\t\t\t\t\t\t\t<\/div>\n\t\t\t\t<\/div>\n\t\t\t<\/div>\n\t\t<\/div>\n\t<\/div>\n\t<div class=\"tcta2ia__bottom d-lg-none pb-12 py-lg-9 pe-lg-10\">\n\t\t\t\t\t\t<div class=\"fs-wysiwyg\"><p><span style=\"font-weight: 400;\">Situ\u00e9 au pied de l\u2019imposant <\/span><b>Accor Arena<\/b><span style=\"font-weight: 400;\">, l\u2019Ibis Styles Paris Bercy est \u00e0 seulement 10 minutes en m\u00e9tro du c\u0153ur de Paris et \u00e0 deux pas du quartier de Bercy Village et ses nombreuses animations \u2013 restaurants, cin\u00e9ma, bars, caf\u00e9s\u2026 Il est accessible tr\u00e8s rapidement depuis la Gare de Lyon \u00e0 une station de m\u00e9tro seulement gr\u00e2ce \u00e0 la ligne 14 et \u00e9galement depuis la ligne 6. Sa situation est donc id\u00e9ale pour un s\u00e9jour d\u2019affaires ou de loisirs.<\/span><\/p>\n<p><span style=\"font-weight: 400;\">L\u2019Ibis<b> Styles Paris Bercy<\/b> est \u00e0 l\u2019image de son quartier: dynamique, moderne, inspir\u00e9 par la musique qui r\u00e9sonne dans l\u2019ar\u00e8ne attenante et le street art du XIIIe arrondissement voisin.<\/span><\/p>\n<p><span style=\"font-weight: 400;\">Du hall d\u2019accueil aux \u00e9tages, la culture du street art est mise \u00e0 l\u2019honneur dans tout l\u2019h\u00f4tel. Pour que le rendu soit le plus authentique possible, l\u2019Ibis Styles Paris Bercy a m\u00eame collabor\u00e9 avec la galerie d\u2019art Itinerrance pour faire venir des street artists europ\u00e9ens.<\/span><\/p>\n<p><span style=\"font-weight: 400;\">Chacun des 8 graffeurs retenus a eu carte blanche sur chaque \u00e9tage. Seul mot d\u2019ordre: allier le street art et la musique! Des couloirs aux chambres de l\u2019h\u00f4tel, chaque \u00e9tage a son identit\u00e9 propre. Tant\u00f4t pop au 4e \u00e9tage avec une d\u00e9clinaison de graffitis de l\u2019artiste barcelonaise <i>B-TOY<\/i> qui a reproduit des photos de Nina Simone; tant\u00f4t hip-hop et jazz au 2e avec <i>DAN 23<\/i>, artiste strasbourgeois. Un mash up pictural tr\u00e8s int\u00e9ressant et rarement vu dans des h\u00f4tels de cette cat\u00e9gorie. Le tout enti\u00e8rement r\u00e9nov\u00e9 cette ann\u00e9e.<\/span><\/p>\n<p>&nbsp;<\/p>\n<\/div>\n\t\t\t\t<div class=\"d-flex flex-column flex-lg-row align-items-center gap-5 gap-lg-8 justify-content-between\">\n\t\t\t<div class=\"fs-20 fs-lg-26 fw-semibold lh-xs\"><\/div>\n\t\t\t\t\t<\/div>\n\t<\/div>\n<\/div>\n<!-- END OF : Composant : block-periscope-theme-section-composant-25-texte-cta-2-images.php -->\n\n\n<!-- START OF : Composant : block-periscope-theme-section-composant-33-texte-image.php -->\n<div class=\"text-image fs-wysiwyg mb-8 mb-lg-12\" data-component=\"33-texte-image\">\n\t<div class=\"container-fluid\" style=\"--bs-gutter-x: 0\">\n\t\t<div class=\"row\" style=\"--bs-gutter-x: 0\">\n\t\t\t\t\t\t<div class=\"col-lg-6 mb-7 mb-lg-0\">\n\t\t\t\t<img decoding=\"async\" src=\"https:\/\/www.myallmeeting.com\/wp-content\/uploads\/2017\/05\/6982-46-953x600.jpg\" width=\"953\" height=\"600\" alt=\"r\u00e9union cr\u00e9ative salle\" loading=\"lazy\" class=\"w-100\" \/>\n\t\t\t<\/div>\n\t\t\t\t\t\t<div class=\"col-lg-6\">\n\t\t\t\t<div class=\"text-image__content\">\n\t\t\t\t\t\t\t\t\t\t<div class=\"fw-semibold lh-xs fs-20 fs-lg-32 ls--25 mb-5\">Pour l\u2019organisation de vos meetings, six salles sont \u00e0 votre disposition :<\/div>\n\t\t\t\t\t\t\t\t\t\t\t\t\t\t\t<div class=\"fs-wysiwyg\">\n\t\t\t\t\t\t<ul>\n<li>Une <strong>grande salle modulable pouvant accueillir jusqu\u2019\u00e0 80 personnes<\/strong> pour des formations ou des r\u00e9unions plus traditionnelles.<\/li>\n<li>Et <strong>cinq autres salles de 5 \u00e0 30 personnes dans un esprit plus <\/strong><strong>start-up<\/strong><strong> sur demande<\/strong>, avec canap\u00e9s, tables de ping-pong et bars. Une ambiance d\u00e9tendue et d\u00e9cal\u00e9e, id\u00e9ale pour des r\u00e9unions cr\u00e9atives ou des brainstormings en \u00e9quipe.<\/li>\n<\/ul>\n<p>Toujours dans cet esprit d\u2019innovation, \u00e0 l\u2019image du plus grand campus de start-ups au monde (la\u00a0<strong>Station F<\/strong>) situ\u00e9 \u00e0 quelques pas de l\u2019h\u00f4tel, l\u2019I<strong>bis Styles Paris Bercy\u00a0<\/strong>a \u00e9galement cr\u00e9\u00e9 un espace de\u00a0<strong>coworking<\/strong>\u00a0pour jeunes entrepreneurs \u00e0 petits budgets.<\/p>\n<p>Celui-ci peut \u00eatre \u00e9tendu au \u00ab\u00a0<strong>Backstage<\/strong>\u00a0\u00bb, le bar de l\u2019h\u00f4tel, \u00e9galement pens\u00e9 pour accueillir cette cible des amoureux de la French Tech avec une grande terrasse \u00e9quip\u00e9e du\u00a0<strong>wifi illimit\u00e9 et gratuit<\/strong>.<\/p>\n\t\t\t\t\t<\/div>\n\t\t\t\t\t\t\t\t\t<\/div>\n\t\t\t<\/div>        \n\t\t<\/div>\n\t<\/div>\n<\/div>\n<!-- END OF : Composant : block-periscope-theme-section-composant-33-texte-image.php -->\n\n\n<!-- START OF : Composant : block-periscope-theme-section-composant-33-texte-image.php -->\n<!-- INVERSE -->\n<div class=\"text-image fs-wysiwyg mb-8 mb-lg-12\" data-component=\"33-texte-image\" data-reverse=\"oui\">\n\t<div class=\"container-fluid\" style=\"--bs-gutter-x: 0\">\n\t\t<div class=\"row\" style=\"--bs-gutter-x: 0\">\n\t\t\t<div class=\"col-lg-6\">\n\t\t\t\t<div class=\"text-image__content\">\n\t\t\t\t\t\t\t\t\t\t<div class=\"fw-semibold lh-xs fs-20 fs-lg-32 ls--25 mb-5\">Un grand espace exterieur <\/div>\n\t\t\t\t\t\t\t\t\t\t\t\t\t\t\t<div class=\"fs-wysiwyg\">\n\t\t\t\t\t\t<p>L\u2019immense\u00a0<strong>terrasse de 1000 m<\/strong><strong><sup>2<\/sup><\/strong>\u00a0expos\u00e9e sud-ouest donne sur le parc de Bercy et\u00a0<strong>l\u2019Accor Arena<\/strong>.<\/p>\n<p>Elle est elle aussi enti\u00e8rement privatisable pour vos \u00e9v\u00e9nements, du plus petit au plus grand. Cocktail, d\u00eener food truck ou ap\u00e9ritif dinatoire, tout est possible pour des rassemblements professionnels plus informels et d\u00e9tendus\u2026 en plein air !<\/p>\n<p>Sinon, si vous \u00eates \u00e0 la recherche d\u2019un\u00a0<strong>afterwork\u00a0<\/strong>dans la capitale, la terrasse de l\u2019h\u00f4tel devient, de mai \u00e0 septembre, le\u00a0<strong>Papa Cabane<\/strong>.<\/p>\n<p>L\u2019occasion de venir prendre un verre sur un transat au soleil en \u00e9coutant du bon son ou de manger sur le pouce gr\u00e2ce au food truck \u00ab\u00a0The Fresh Connection\u00a0\u00bb, avant de se lancer dans une partie de p\u00e9tanque ou de ping-pong pour se d\u00e9tendre en fin de journ\u00e9e.<\/p>\n\t\t\t\t\t<\/div>\n\t\t\t\t\t\t\t\t\t<\/div>\n\t\t\t<\/div>    \n\t\t\t    \n\t\t\t<div class=\"col-lg-6 order-first order-lg-last mb-7 mb-lg-0\">\n\t\t\t\t<img decoding=\"async\" src=\"https:\/\/www.myallmeeting.com\/wp-content\/uploads\/2017\/05\/6982-39-953x600.jpg\" width=\"953\" height=\"600\" alt=\"r\u00e9union cr\u00e9ative\" loading=\"lazy\" class=\"w-100\" \/>\n\t\t\t<\/div>\n\t\t\t\t\t<\/div>\n\t<\/div>\n<\/div>\n<!-- END OF : Composant : block-periscope-theme-section-composant-33-texte-image.php -->\n","protected":false},"excerpt":{"rendered":"<p>D\u00e9couvrez l&rsquo;\u00e9tonnant Ibis Styles Paris Bercy pour vos meetings.<\/p>\n","protected":false},"featured_media":15964712,"menu_order":0,"template":"","periscope_categorie_tax":[1650],"class_list":["post-15226802","article","type-article","status-publish","has-post-thumbnail","hentry","periscope_categorie_tax-decouvrez-nos-adresses"],"acf":[],"yoast_head":"<title>Ibis Styles Paris Bercy : un esprit street art et start-up pour vos meetings - Accor MyAllMeeting.com<\/title>\n<meta name=\"robots\" content=\"index, follow, max-snippet:-1, max-image-preview:large, max-video-preview:-1\" \/>\n<link rel=\"canonical\" href=\"https:\/\/www.myallmeeting.com\/fr\/wp-json\/wp\/v2\/article\/15226802\" \/>\n<meta property=\"og:locale\" content=\"fr_FR\" \/>\n<meta property=\"og:type\" content=\"article\" \/>\n<meta property=\"og:title\" content=\"Ibis Styles Paris Bercy : un esprit street art et start-up pour vos meetings - Accor MyAllMeeting.com\" \/>\n<meta property=\"og:description\" content=\"D\u00e9couvrez l&#039;\u00e9tonnant Ibis Styles Paris Bercy pour vos meetings.\" \/>\n<meta property=\"og:url\" content=\"https:\/\/www.myallmeeting.com\/fr\/article\/ibis-styles-paris-bercy-un-esprit-street-art-et-start-up-pour-vos-meetings\/\" \/>\n<meta property=\"og:site_name\" content=\"Accor MyAllMeeting.com\" \/>\n<meta property=\"article:modified_time\" content=\"2024-07-11T18:35:00+00:00\" \/>\n<meta property=\"og:image\" content=\"http:\/\/myallmeeting.com\/wp-content\/uploads\/2017\/05\/MAM-imagery-1920-x-570-px-2.png\" \/>\n\t<meta property=\"og:image:width\" content=\"1920\" \/>\n\t<meta property=\"og:image:height\" content=\"570\" \/>\n\t<meta property=\"og:image:type\" content=\"image\/png\" \/>\n<meta name=\"twitter:card\" content=\"summary_large_image\" \/>\n<meta name=\"twitter:label1\" content=\"Dur\u00e9e de lecture estim\u00e9e\" \/>\n\t<meta name=\"twitter:data1\" content=\"5 minutes\" \/>\n<script type=\"application\/ld+json\" class=\"yoast-schema-graph\">{\"@context\":\"https:\/\/schema.org\",\"@graph\":[{\"@type\":\"WebPage\",\"@id\":\"https:\/\/www.myallmeeting.com\/fr\/article\/ibis-styles-paris-bercy-un-esprit-street-art-et-start-up-pour-vos-meetings\/\",\"url\":\"https:\/\/www.myallmeeting.com\/fr\/article\/ibis-styles-paris-bercy-un-esprit-street-art-et-start-up-pour-vos-meetings\/\",\"name\":\"Ibis Styles Paris Bercy : un esprit street art et start-up pour vos meetings - Accor MyAllMeeting.com\",\"isPartOf\":{\"@id\":\"https:\/\/www.myallmeeting.com\/fr\/#website\"},\"primaryImageOfPage\":{\"@id\":\"https:\/\/www.myallmeeting.com\/fr\/article\/ibis-styles-paris-bercy-un-esprit-street-art-et-start-up-pour-vos-meetings\/#primaryimage\"},\"image\":{\"@id\":\"https:\/\/www.myallmeeting.com\/fr\/article\/ibis-styles-paris-bercy-un-esprit-street-art-et-start-up-pour-vos-meetings\/#primaryimage\"},\"thumbnailUrl\":\"https:\/\/www.myallmeeting.com\/wp-content\/uploads\/2017\/05\/MAM-imagery-1920-x-570-px-2.png\",\"datePublished\":\"2017-05-02T16:13:08+00:00\",\"dateModified\":\"2024-07-11T18:35:00+00:00\",\"breadcrumb\":{\"@id\":\"https:\/\/www.myallmeeting.com\/fr\/article\/ibis-styles-paris-bercy-un-esprit-street-art-et-start-up-pour-vos-meetings\/#breadcrumb\"},\"inLanguage\":\"fr-FR\",\"potentialAction\":[{\"@type\":\"ReadAction\",\"target\":[\"https:\/\/www.myallmeeting.com\/fr\/article\/ibis-styles-paris-bercy-un-esprit-street-art-et-start-up-pour-vos-meetings\/\"]}]},{\"@type\":\"ImageObject\",\"inLanguage\":\"fr-FR\",\"@id\":\"https:\/\/www.myallmeeting.com\/fr\/article\/ibis-styles-paris-bercy-un-esprit-street-art-et-start-up-pour-vos-meetings\/#primaryimage\",\"url\":\"https:\/\/www.myallmeeting.com\/wp-content\/uploads\/2017\/05\/MAM-imagery-1920-x-570-px-2.png\",\"contentUrl\":\"https:\/\/www.myallmeeting.com\/wp-content\/uploads\/2017\/05\/MAM-imagery-1920-x-570-px-2.png\",\"width\":1920,\"height\":570},{\"@type\":\"BreadcrumbList\",\"@id\":\"https:\/\/www.myallmeeting.com\/fr\/article\/ibis-styles-paris-bercy-un-esprit-street-art-et-start-up-pour-vos-meetings\/#breadcrumb\",\"itemListElement\":[{\"@type\":\"ListItem\",\"position\":1,\"name\":\"Accueil\",\"item\":\"https:\/\/myallmeeting.com\/fr\/\"},{\"@type\":\"ListItem\",\"position\":2,\"name\":\"Actualit\u00e9s\",\"item\":\"https:\/\/www.myallmeeting.com\/fr\/actualite\/\"},{\"@type\":\"ListItem\",\"position\":3,\"name\":\"Ibis Styles Paris Bercy : un esprit street art et start-up pour vos meetings\"}]},{\"@type\":\"WebSite\",\"@id\":\"https:\/\/www.myallmeeting.com\/fr\/#website\",\"url\":\"https:\/\/www.myallmeeting.com\/fr\/\",\"name\":\"Accor MyAllMeeting.com\",\"description\":\"Les Meilleurs lieux pour vos Ev\u00e9nements Professionnels\",\"publisher\":{\"@id\":\"https:\/\/www.myallmeeting.com\/fr\/#organization\"},\"potentialAction\":[{\"@type\":\"SearchAction\",\"target\":{\"@type\":\"EntryPoint\",\"urlTemplate\":\"https:\/\/www.myallmeeting.com\/fr\/?s={search_term_string}\"},\"query-input\":{\"@type\":\"PropertyValueSpecification\",\"valueRequired\":true,\"valueName\":\"search_term_string\"}}],\"inLanguage\":\"fr-FR\"},{\"@type\":\"Organization\",\"@id\":\"https:\/\/www.myallmeeting.com\/fr\/#organization\",\"name\":\"ACCOR\",\"url\":\"https:\/\/www.myallmeeting.com\/fr\/\",\"logo\":{\"@type\":\"ImageObject\",\"inLanguage\":\"fr-FR\",\"@id\":\"https:\/\/www.myallmeeting.com\/fr\/#\/schema\/logo\/image\/\",\"url\":\"\",\"contentUrl\":\"\",\"caption\":\"ACCOR\"},\"image\":{\"@id\":\"https:\/\/www.myallmeeting.com\/fr\/#\/schema\/logo\/image\/\"}}]}<\/script>","yoast_head_json":{"title":"Ibis Styles Paris Bercy : un esprit street art et start-up pour vos meetings - Accor MyAllMeeting.com","robots":{"index":"index","follow":"follow","max-snippet":"max-snippet:-1","max-image-preview":"max-image-preview:large","max-video-preview":"max-video-preview:-1"},"canonical":"https:\/\/www.myallmeeting.com\/fr\/wp-json\/wp\/v2\/article\/15226802","og_locale":"fr_FR","og_type":"article","og_title":"Ibis Styles Paris Bercy : un esprit street art et start-up pour vos meetings - Accor MyAllMeeting.com","og_description":"D\u00e9couvrez l'\u00e9tonnant Ibis Styles Paris Bercy pour vos meetings.","og_url":"https:\/\/www.myallmeeting.com\/fr\/article\/ibis-styles-paris-bercy-un-esprit-street-art-et-start-up-pour-vos-meetings\/","og_site_name":"Accor MyAllMeeting.com","article_modified_time":"2024-07-11T18:35:00+00:00","og_image":[{"width":1920,"height":570,"url":"http:\/\/myallmeeting.com\/wp-content\/uploads\/2017\/05\/MAM-imagery-1920-x-570-px-2.png","type":"image\/png"}],"twitter_card":"summary_large_image","twitter_misc":{"Dur\u00e9e de lecture estim\u00e9e":"5 minutes"},"schema":{"@context":"https:\/\/schema.org","@graph":[{"@type":"WebPage","@id":"https:\/\/www.myallmeeting.com\/fr\/article\/ibis-styles-paris-bercy-un-esprit-street-art-et-start-up-pour-vos-meetings\/","url":"https:\/\/www.myallmeeting.com\/fr\/article\/ibis-styles-paris-bercy-un-esprit-street-art-et-start-up-pour-vos-meetings\/","name":"Ibis Styles Paris Bercy : un esprit street art et start-up pour vos meetings - Accor MyAllMeeting.com","isPartOf":{"@id":"https:\/\/www.myallmeeting.com\/fr\/#website"},"primaryImageOfPage":{"@id":"https:\/\/www.myallmeeting.com\/fr\/article\/ibis-styles-paris-bercy-un-esprit-street-art-et-start-up-pour-vos-meetings\/#primaryimage"},"image":{"@id":"https:\/\/www.myallmeeting.com\/fr\/article\/ibis-styles-paris-bercy-un-esprit-street-art-et-start-up-pour-vos-meetings\/#primaryimage"},"thumbnailUrl":"https:\/\/www.myallmeeting.com\/wp-content\/uploads\/2017\/05\/MAM-imagery-1920-x-570-px-2.png","datePublished":"2017-05-02T16:13:08+00:00","dateModified":"2024-07-11T18:35:00+00:00","breadcrumb":{"@id":"https:\/\/www.myallmeeting.com\/fr\/article\/ibis-styles-paris-bercy-un-esprit-street-art-et-start-up-pour-vos-meetings\/#breadcrumb"},"inLanguage":"fr-FR","potentialAction":[{"@type":"ReadAction","target":["https:\/\/www.myallmeeting.com\/fr\/article\/ibis-styles-paris-bercy-un-esprit-street-art-et-start-up-pour-vos-meetings\/"]}]},{"@type":"ImageObject","inLanguage":"fr-FR","@id":"https:\/\/www.myallmeeting.com\/fr\/article\/ibis-styles-paris-bercy-un-esprit-street-art-et-start-up-pour-vos-meetings\/#primaryimage","url":"https:\/\/www.myallmeeting.com\/wp-content\/uploads\/2017\/05\/MAM-imagery-1920-x-570-px-2.png","contentUrl":"https:\/\/www.myallmeeting.com\/wp-content\/uploads\/2017\/05\/MAM-imagery-1920-x-570-px-2.png","width":1920,"height":570},{"@type":"BreadcrumbList","@id":"https:\/\/www.myallmeeting.com\/fr\/article\/ibis-styles-paris-bercy-un-esprit-street-art-et-start-up-pour-vos-meetings\/#breadcrumb","itemListElement":[{"@type":"ListItem","position":1,"name":"Accueil","item":"https:\/\/myallmeeting.com\/fr\/"},{"@type":"ListItem","position":2,"name":"Actualit\u00e9s","item":"https:\/\/www.myallmeeting.com\/fr\/actualite\/"},{"@type":"ListItem","position":3,"name":"Ibis Styles Paris Bercy : un esprit street art et start-up pour vos meetings"}]},{"@type":"WebSite","@id":"https:\/\/www.myallmeeting.com\/fr\/#website","url":"https:\/\/www.myallmeeting.com\/fr\/","name":"Accor MyAllMeeting.com","description":"Les Meilleurs lieux pour vos Ev\u00e9nements Professionnels","publisher":{"@id":"https:\/\/www.myallmeeting.com\/fr\/#organization"},"potentialAction":[{"@type":"SearchAction","target":{"@type":"EntryPoint","urlTemplate":"https:\/\/www.myallmeeting.com\/fr\/?s={search_term_string}"},"query-input":{"@type":"PropertyValueSpecification","valueRequired":true,"valueName":"search_term_string"}}],"inLanguage":"fr-FR"},{"@type":"Organization","@id":"https:\/\/www.myallmeeting.com\/fr\/#organization","name":"ACCOR","url":"https:\/\/www.myallmeeting.com\/fr\/","logo":{"@type":"ImageObject","inLanguage":"fr-FR","@id":"https:\/\/www.myallmeeting.com\/fr\/#\/schema\/logo\/image\/","url":"","contentUrl":"","caption":"ACCOR"},"image":{"@id":"https:\/\/www.myallmeeting.com\/fr\/#\/schema\/logo\/image\/"}}]}},"_links":{"self":[{"href":"https:\/\/www.myallmeeting.com\/fr\/wp-json\/wp\/v2\/article\/15226802","targetHints":{"allow":["GET"]}}],"collection":[{"href":"https:\/\/www.myallmeeting.com\/fr\/wp-json\/wp\/v2\/article"}],"about":[{"href":"https:\/\/www.myallmeeting.com\/fr\/wp-json\/wp\/v2\/types\/article"}],"wp:featuredmedia":[{"embeddable":true,"href":"https:\/\/www.myallmeeting.com\/fr\/wp-json\/wp\/v2\/media\/15964712"}],"wp:attachment":[{"href":"https:\/\/www.myallmeeting.com\/fr\/wp-json\/wp\/v2\/media?parent=15226802"}],"wp:term":[{"taxonomy":"periscope_categorie_tax","embeddable":true,"href":"https:\/\/www.myallmeeting.com\/fr\/wp-json\/wp\/v2\/periscope_categorie_tax?post=15226802"}],"curies":[{"name":"wp","href":"https:\/\/api.w.org\/{rel}","templated":true}]}}