{"id":15226785,"date":"2017-10-05T14:05:23","date_gmt":"2017-10-05T12:05:23","guid":{"rendered":"https:\/\/myallmeeting.com\/article\/comment-organiser-un-seminaire-a-petit-prix\/"},"modified":"2024-07-10T12:04:49","modified_gmt":"2024-07-10T10:04:49","slug":"comment-organiser-un-seminaire-a-petit-prix","status":"publish","type":"article","link":"https:\/\/www.myallmeeting.com\/fr\/article\/comment-organiser-un-seminaire-a-petit-prix\/","title":{"rendered":"Comment organiser un s\u00e9minaire \u00e0 petit prix ?"},"content":{"rendered":"<!-- START OF : Composant : block-periscope-theme-section-composant-25-texte-cta-2-images.php -->\n<div class=\"tcta2ia bg-white fs-wysiwyg mb-lg-12\" data-component=\"25-texte-cta-2-images\">\n\t<div class=\"tcta2ia__top\">\n\t\t<div class=\"container-fluid\" style=\"--bs-gutter-x: 0\">\n\t\t\t<div class=\"row\" style=\"--bs-gutter-x: 0\">\n\t\t\t\t<div class=\"col-lg-8\">\n\t\t\t\t\t\t\t\t\t\t<div class=\"bloc-mise-en-avant__top__left\">\n\t\t\t\t\t\t<img decoding=\"async\" src=\"https:\/\/www.myallmeeting.com\/wp-content\/uploads\/2017\/10\/6982-46-1268x846.jpg\" class=\"pe-2 pe-lg-0\" width=\"1268\" height=\"846\" alt=\"\" loading=\"lazy\" \/>\n\t\t\t\t\t<\/div>\n\t\t\t\t\t\t\t\t\t\t<div class=\"tcta2ia__bottom d-none d-lg-block pb-12 pt-lg-9 pb-lg-0 pe-lg-10\">\n\t\t\t\t\t\t\t\t\t\t\t\t<h2 class=\"fs-20 fs-lg-32 fw-semibold\">L&#039;organisation de s\u00e9minaires<\/h2>\n\t\t\t\t\t\t\t\t\t\t\t\t\t\t\t\t\t\t<div class=\"fs-wysiwyg\"><p><b>Pourquoi une entreprise doit-elle organiser des s\u00e9minaires\u00a0?<\/b><span style=\"font-weight: 400;\">\u00a0Pour semer les graines d\u2019une collaboration fructueuse, rassembler ses \u00e9quipes dans un cadre agr\u00e9able et en dehors du bureau, se red\u00e9couvrir ou encore nourrir le dialogue entre salari\u00e9s et direction. Bref, les bonnes raisons ne manquent pas.\u00a0<\/span><\/p>\n<p><span style=\"font-weight: 400;\">Reste \u00e0 le faire <\/span><b>dans de bonnes conditions<\/b><span style=\"font-weight: 400;\"> afin que chacun l\u2019appr\u00e9cie et s\u2019en souvienne. Seulement voil\u00e0, vous avez un budget contraint et pensez qu\u2019il est impossible d\u2019organiser un s\u00e9minaire professionnel de qualit\u00e9 \u00e0 petit prix. Faux\u00a0! Voici quelques conseils et quelques bonnes adresses pour r\u00e9aliser un s\u00e9minaire de standing sans vous ruiner.<\/span><\/p>\n<p>&nbsp;<\/p>\n<\/div>\n\t\t\t\t\t\t\t\t\t\t\t\t<div class=\"d-flex flex-column flex-lg-row align-items-center gap-5 gap-lg-8 justify-content-between\">\n\t\t\t\t\t\t\t<div class=\"fs-20 fs-lg-26 fw-semibold lh-xs\"><\/div>\n\t\t\t\t\t\t\t\t\t\t\t\t\t<\/div>\n\t\t\t\t\t<\/div>\n\t\t\t\t<\/div>\n\t\t\t\t<div class=\"col-lg-4\">\n\t\t\t\t\t<div class=\"tcta2ia__top__right t-0 r-0 bg-primary text-white pt-4 pb-4 px-2 pt-lg-8 pb-lg-16 px-lg-11 pb-xl-30\">\n\t\t\t\t\t\t\t\t\t\t\t\t\t\t\t\t\t\t<h2 class=\"unna fs-36 fs-lg-51 fs-xl-75 fs-italic fw-normal text-secondary\">Comment organiser un s\u00e9minaire \u00e0 petit prix ?<\/h2>\n\t\t\t\t\t\t\t\t\t\t\t\t\t\t\t\t\t\t\t\t\t\t\t\t<div class=\"fs-wysiwyg mb-4 fs-lg-16 fs-xl-20\"><p>Vous souhaitez organiser un s\u00e9minaire m\u00e9morable mais vous disposez d\u2019un petit budget ? Aucun probl\u00e8me, voici quelques conseils pour faire des \u00e9conomies sans perdre en qualit\u00e9.<\/p>\n<\/div>\n\t\t\t\t\t\t\t\t\t\t\t\t\t\t\t\t\t\t\t\t\t\t\t\t<p class=\"m-0\"><img decoding=\"async\" src=\"https:\/\/www.myallmeeting.com\/wp-content\/uploads\/2017\/10\/7155-91-633x398.jpg\" class=\"position-relative l-0\" width=\"633\" height=\"398\" alt=\"\" loading=\"lazy\" \/><\/p>\n\t\t\t\t\t\t\t\t\t\t\t<\/div>\n\t\t\t\t<\/div>\n\t\t\t<\/div>\n\t\t<\/div>\n\t<\/div>\n\t<div class=\"tcta2ia__bottom d-lg-none pb-12 py-lg-9 pe-lg-10\">\n\t\t\t\t<div class=\"h2 fs-20 fs-lg-32 fw-semibold\">L&#039;organisation de s\u00e9minaires<\/div>\n\t\t\t\t\t\t<div class=\"fs-wysiwyg\"><p><b>Pourquoi une entreprise doit-elle organiser des s\u00e9minaires\u00a0?<\/b><span style=\"font-weight: 400;\">\u00a0Pour semer les graines d\u2019une collaboration fructueuse, rassembler ses \u00e9quipes dans un cadre agr\u00e9able et en dehors du bureau, se red\u00e9couvrir ou encore nourrir le dialogue entre salari\u00e9s et direction. Bref, les bonnes raisons ne manquent pas.\u00a0<\/span><\/p>\n<p><span style=\"font-weight: 400;\">Reste \u00e0 le faire <\/span><b>dans de bonnes conditions<\/b><span style=\"font-weight: 400;\"> afin que chacun l\u2019appr\u00e9cie et s\u2019en souvienne. Seulement voil\u00e0, vous avez un budget contraint et pensez qu\u2019il est impossible d\u2019organiser un s\u00e9minaire professionnel de qualit\u00e9 \u00e0 petit prix. Faux\u00a0! Voici quelques conseils et quelques bonnes adresses pour r\u00e9aliser un s\u00e9minaire de standing sans vous ruiner.<\/span><\/p>\n<p>&nbsp;<\/p>\n<\/div>\n\t\t\t\t<div class=\"d-flex flex-column flex-lg-row align-items-center gap-5 gap-lg-8 justify-content-between\">\n\t\t\t<div class=\"fs-20 fs-lg-26 fw-semibold lh-xs\"><\/div>\n\t\t\t\t\t<\/div>\n\t<\/div>\n<\/div>\n<!-- END OF : Composant : block-periscope-theme-section-composant-25-texte-cta-2-images.php -->\n\n\n<!-- START OF : Composant : block-periscope-theme-section-composant-33-texte-image.php -->\n<div class=\"text-image fs-wysiwyg mb-8 mb-lg-12\" data-component=\"33-texte-image\">\n\t<div class=\"container-fluid\" style=\"--bs-gutter-x: 0\">\n\t\t<div class=\"row\" style=\"--bs-gutter-x: 0\">\n\t\t\t\t\t\t<div class=\"col-lg-6 mb-7 mb-lg-0\">\n\t\t\t\t<img decoding=\"async\" src=\"https:\/\/www.myallmeeting.com\/wp-content\/uploads\/2023\/02\/12.-Salle-de-seminaire-4-953x600.jpg\" width=\"953\" height=\"600\" alt=\"Mercure Les Arcs 1800 &amp; Spa\" loading=\"lazy\" class=\"w-100\" \/>\n\t\t\t<\/div>\n\t\t\t\t\t\t<div class=\"col-lg-6\">\n\t\t\t\t<div class=\"text-image__content\">\n\t\t\t\t\t\t\t\t\t\t<div class=\"fw-semibold lh-xs fs-20 fs-lg-32 ls--25 mb-5\">La destination et l&#039;anticipation \u00e0 la cl\u00e9 des \u00e9conomies<\/div>\n\t\t\t\t\t\t\t\t\t\t\t\t\t\t\t<div class=\"fs-wysiwyg\">\n\t\t\t\t\t\t<p><span style=\"font-weight: 400;\">Tout d\u2019abord, pour faire des \u00e9conomies, il peut \u00eatre judicieux d\u2019organiser votre s\u00e9minaire de motivation \u00e0 proximit\u00e9 de votre lieu de travail.\u00a0<\/span><b>\u00c0 Paris ou en province<\/b><span style=\"font-weight: 400;\">, \u00e0 vous de choisir selon vos envies. Si vous souhaitez tout de m\u00eame vous rendre \u00e0 l\u2019\u00e9tranger pour plus de d\u00e9paysement, <\/span><b>nous vous conseillons de choisir une destination \u00e9mergente o\u00f9 les prix ne sont pas encore trop \u00e9lev\u00e9s<\/b><span style=\"font-weight: 400;\">. Vous pouvez aussi opter pour l\u2019une de ces\u00a0<\/span><b>5 destinations tendance pour un s\u00e9minaire \u00e0 l\u2019international<\/b><span style=\"font-weight: 400;\">.\u00a0<\/span><\/p>\n<p><span style=\"font-weight: 400;\">Dans ce cas, r\u00e9servez suffisamment \u00e0 l\u2019avance pour obtenir de meilleurs prix sur vos vols\/trains et sur vos r\u00e9servations d\u2019h\u00f4tel. Et si possible, choisissez des dates en basse saison. Oubliez \u00e9galement les h\u00f4tels de luxe. De nombreux h\u00f4tels \u00e9conomiques proposent aujourd\u2019hui des formules tr\u00e8s int\u00e9ressantes pour un\u00a0<\/span><b><i>teambuilding<\/i><\/b><b> r\u00e9ussi<\/b>.<\/p>\n<p>.<\/p>\n\t\t\t\t\t<\/div>\n\t\t\t\t\t\t\t\t\t<\/div>\n\t\t\t<\/div>        \n\t\t<\/div>\n\t<\/div>\n<\/div>\n<!-- END OF : Composant : block-periscope-theme-section-composant-33-texte-image.php -->\n\n\n<!-- START OF : Composant : block-periscope-theme-section-composant-33-texte-image.php -->\n<!-- INVERSE -->\n<div class=\"text-image fs-wysiwyg mb-8 mb-lg-12\" data-component=\"33-texte-image\" data-reverse=\"oui\">\n\t<div class=\"container-fluid\" style=\"--bs-gutter-x: 0\">\n\t\t<div class=\"row\" style=\"--bs-gutter-x: 0\">\n\t\t\t<div class=\"col-lg-6\">\n\t\t\t\t<div class=\"text-image__content\">\n\t\t\t\t\t\t\t\t\t\t<div class=\"fw-semibold lh-xs fs-20 fs-lg-32 ls--25 mb-5\">L\u2019offre meeting ibis : des solutions de standing \u00e0 prix mini<\/div>\n\t\t\t\t\t\t\t\t\t\t\t\t\t\t\t<div class=\"fs-wysiwyg\">\n\t\t\t\t\t\t<p><span style=\"font-weight: 400;\">La marque Ibis a \u00e9t\u00e9 repositionn\u00e9e depuis quelques ann\u00e9es. <\/span><b>Son offre \u00ab\u00a0Meeting\u00a0\u00bb propose des prestations remarquables \u00e0 petit prix\u00a0<\/b><span style=\"font-weight: 400;\">: des salles de r\u00e9union pratiques et flexibles, un accueil chaleureux, des pauses gourmandes, des tarifs simples, et tout ce dont vous avez besoin \u00e0 port\u00e9e de main. Le tout dans des h\u00f4tels r\u00e9nov\u00e9s, modernes et bien d\u00e9cor\u00e9s.\u00a0<\/span><\/p>\n<p><span style=\"font-weight: 400;\">Si vous \u00eates une start-up, vous pourriez bien \u00eatre s\u00e9duit(e) par\u00a0<\/span><a href=\"https:\/\/myallmeeting.com\/fr\/hotel\/0941-ibis-styles-paris-bercy\/\"><b>l\u2019Ibis Styles Paris Bercy<\/b><\/a><span style=\"font-weight: 400;\">\u00a0et ses espaces modulables et d\u00e9tendus et son esprit <\/span><i><span style=\"font-weight: 400;\">street art<\/span><\/i><span style=\"font-weight: 400;\">. Et si vous \u00eates plut\u00f4t \u00e0 la recherche d\u2019un h\u00f4tel <\/span><i><span style=\"font-weight: 400;\">king size<\/span><\/i><span style=\"font-weight: 400;\"> pour un s\u00e9minaire pouvant aller jusqu\u2019\u00e0 250 personnes,\u00a0<\/span><a href=\"https:\/\/myallmeeting.com\/fr\/hotel\/2189-ibis-paris-berthier\/\"><b>l\u2019Ibis Paris 17 Clichy-Batignolles<\/b><\/a><span style=\"font-weight: 400;\">\u00a0est le seul \u00e0 pouvoir le faire sur cette gamme de prix.<\/span><\/p>\n\t\t\t\t\t<\/div>\n\t\t\t\t\t\t\t\t\t<\/div>\n\t\t\t<\/div>    \n\t\t\t    \n\t\t\t<div class=\"col-lg-6 order-first order-lg-last mb-7 mb-lg-0\">\n\t\t\t\t<img decoding=\"async\" src=\"https:\/\/www.myallmeeting.com\/wp-content\/uploads\/2017\/10\/7155-88-953x600.jpg\" width=\"953\" height=\"600\" alt=\"\" loading=\"lazy\" class=\"w-100\" \/>\n\t\t\t<\/div>\n\t\t\t\t\t<\/div>\n\t<\/div>\n<\/div>\n<!-- END OF : Composant : block-periscope-theme-section-composant-33-texte-image.php -->\n","protected":false},"excerpt":{"rendered":"<p>D\u00e9couvrez comment allier b\u00e9n\u00e9fices d&rsquo;un s\u00e9minaire \u00e0 \u00e9conomies gr\u00e2ce \u00e0 nos offres \u00e0 petits prix.<\/p>\n","protected":false},"featured_media":16021495,"menu_order":0,"template":"","periscope_categorie_tax":[1649],"class_list":["post-15226785","article","type-article","status-publish","has-post-thumbnail","hentry","periscope_categorie_tax-organiser-votre-reunion"],"acf":[],"yoast_head":"<title>Comment organiser un s\u00e9minaire \u00e0 petit prix ? - Accor MyAllMeeting.com<\/title>\n<meta name=\"robots\" content=\"index, follow, max-snippet:-1, max-image-preview:large, max-video-preview:-1\" \/>\n<link rel=\"canonical\" href=\"https:\/\/www.myallmeeting.com\/fr\/wp-json\/wp\/v2\/article\/15226785\" \/>\n<meta property=\"og:locale\" content=\"fr_FR\" \/>\n<meta property=\"og:type\" content=\"article\" \/>\n<meta property=\"og:title\" content=\"Comment organiser un s\u00e9minaire \u00e0 petit prix ? - Accor MyAllMeeting.com\" \/>\n<meta property=\"og:description\" content=\"D\u00e9couvrez comment allier b\u00e9n\u00e9fices d&#039;un s\u00e9minaire \u00e0 \u00e9conomies gr\u00e2ce \u00e0 nos offres \u00e0 petits prix.\" \/>\n<meta property=\"og:url\" content=\"https:\/\/www.myallmeeting.com\/fr\/article\/comment-organiser-un-seminaire-a-petit-prix\/\" \/>\n<meta property=\"og:site_name\" content=\"Accor MyAllMeeting.com\" \/>\n<meta property=\"article:modified_time\" content=\"2024-07-10T10:04:49+00:00\" \/>\n<meta property=\"og:image\" content=\"http:\/\/myallmeeting.com\/wp-content\/uploads\/2017\/10\/Seminar-Accor.png\" \/>\n\t<meta property=\"og:image:width\" content=\"1920\" \/>\n\t<meta property=\"og:image:height\" content=\"570\" \/>\n\t<meta property=\"og:image:type\" content=\"image\/png\" \/>\n<meta name=\"twitter:card\" content=\"summary_large_image\" \/>\n<meta name=\"twitter:label1\" content=\"Dur\u00e9e de lecture estim\u00e9e\" \/>\n\t<meta name=\"twitter:data1\" content=\"4 minutes\" \/>\n<script type=\"application\/ld+json\" class=\"yoast-schema-graph\">{\"@context\":\"https:\/\/schema.org\",\"@graph\":[{\"@type\":\"WebPage\",\"@id\":\"https:\/\/www.myallmeeting.com\/fr\/article\/comment-organiser-un-seminaire-a-petit-prix\/\",\"url\":\"https:\/\/www.myallmeeting.com\/fr\/article\/comment-organiser-un-seminaire-a-petit-prix\/\",\"name\":\"Comment organiser un s\u00e9minaire \u00e0 petit prix ? - Accor MyAllMeeting.com\",\"isPartOf\":{\"@id\":\"https:\/\/www.myallmeeting.com\/fr\/#website\"},\"primaryImageOfPage\":{\"@id\":\"https:\/\/www.myallmeeting.com\/fr\/article\/comment-organiser-un-seminaire-a-petit-prix\/#primaryimage\"},\"image\":{\"@id\":\"https:\/\/www.myallmeeting.com\/fr\/article\/comment-organiser-un-seminaire-a-petit-prix\/#primaryimage\"},\"thumbnailUrl\":\"https:\/\/www.myallmeeting.com\/wp-content\/uploads\/2017\/10\/Seminar-Accor.png\",\"datePublished\":\"2017-10-05T12:05:23+00:00\",\"dateModified\":\"2024-07-10T10:04:49+00:00\",\"breadcrumb\":{\"@id\":\"https:\/\/www.myallmeeting.com\/fr\/article\/comment-organiser-un-seminaire-a-petit-prix\/#breadcrumb\"},\"inLanguage\":\"fr-FR\",\"potentialAction\":[{\"@type\":\"ReadAction\",\"target\":[\"https:\/\/www.myallmeeting.com\/fr\/article\/comment-organiser-un-seminaire-a-petit-prix\/\"]}]},{\"@type\":\"ImageObject\",\"inLanguage\":\"fr-FR\",\"@id\":\"https:\/\/www.myallmeeting.com\/fr\/article\/comment-organiser-un-seminaire-a-petit-prix\/#primaryimage\",\"url\":\"https:\/\/www.myallmeeting.com\/wp-content\/uploads\/2017\/10\/Seminar-Accor.png\",\"contentUrl\":\"https:\/\/www.myallmeeting.com\/wp-content\/uploads\/2017\/10\/Seminar-Accor.png\",\"width\":1920,\"height\":570},{\"@type\":\"BreadcrumbList\",\"@id\":\"https:\/\/www.myallmeeting.com\/fr\/article\/comment-organiser-un-seminaire-a-petit-prix\/#breadcrumb\",\"itemListElement\":[{\"@type\":\"ListItem\",\"position\":1,\"name\":\"Accueil\",\"item\":\"https:\/\/myallmeeting.com\/fr\/\"},{\"@type\":\"ListItem\",\"position\":2,\"name\":\"Actualit\u00e9s\",\"item\":\"https:\/\/www.myallmeeting.com\/fr\/actualite\/\"},{\"@type\":\"ListItem\",\"position\":3,\"name\":\"Comment organiser un s\u00e9minaire \u00e0 petit prix ?\"}]},{\"@type\":\"WebSite\",\"@id\":\"https:\/\/www.myallmeeting.com\/fr\/#website\",\"url\":\"https:\/\/www.myallmeeting.com\/fr\/\",\"name\":\"Accor MyAllMeeting.com\",\"description\":\"Les Meilleurs lieux pour vos Ev\u00e9nements Professionnels\",\"publisher\":{\"@id\":\"https:\/\/www.myallmeeting.com\/fr\/#organization\"},\"potentialAction\":[{\"@type\":\"SearchAction\",\"target\":{\"@type\":\"EntryPoint\",\"urlTemplate\":\"https:\/\/www.myallmeeting.com\/fr\/?s={search_term_string}\"},\"query-input\":{\"@type\":\"PropertyValueSpecification\",\"valueRequired\":true,\"valueName\":\"search_term_string\"}}],\"inLanguage\":\"fr-FR\"},{\"@type\":\"Organization\",\"@id\":\"https:\/\/www.myallmeeting.com\/fr\/#organization\",\"name\":\"ACCOR\",\"url\":\"https:\/\/www.myallmeeting.com\/fr\/\",\"logo\":{\"@type\":\"ImageObject\",\"inLanguage\":\"fr-FR\",\"@id\":\"https:\/\/www.myallmeeting.com\/fr\/#\/schema\/logo\/image\/\",\"url\":\"\",\"contentUrl\":\"\",\"caption\":\"ACCOR\"},\"image\":{\"@id\":\"https:\/\/www.myallmeeting.com\/fr\/#\/schema\/logo\/image\/\"}}]}<\/script>","yoast_head_json":{"title":"Comment organiser un s\u00e9minaire \u00e0 petit prix ? - Accor MyAllMeeting.com","robots":{"index":"index","follow":"follow","max-snippet":"max-snippet:-1","max-image-preview":"max-image-preview:large","max-video-preview":"max-video-preview:-1"},"canonical":"https:\/\/www.myallmeeting.com\/fr\/wp-json\/wp\/v2\/article\/15226785","og_locale":"fr_FR","og_type":"article","og_title":"Comment organiser un s\u00e9minaire \u00e0 petit prix ? - Accor MyAllMeeting.com","og_description":"D\u00e9couvrez comment allier b\u00e9n\u00e9fices d'un s\u00e9minaire \u00e0 \u00e9conomies gr\u00e2ce \u00e0 nos offres \u00e0 petits prix.","og_url":"https:\/\/www.myallmeeting.com\/fr\/article\/comment-organiser-un-seminaire-a-petit-prix\/","og_site_name":"Accor MyAllMeeting.com","article_modified_time":"2024-07-10T10:04:49+00:00","og_image":[{"width":1920,"height":570,"url":"http:\/\/myallmeeting.com\/wp-content\/uploads\/2017\/10\/Seminar-Accor.png","type":"image\/png"}],"twitter_card":"summary_large_image","twitter_misc":{"Dur\u00e9e de lecture estim\u00e9e":"4 minutes"},"schema":{"@context":"https:\/\/schema.org","@graph":[{"@type":"WebPage","@id":"https:\/\/www.myallmeeting.com\/fr\/article\/comment-organiser-un-seminaire-a-petit-prix\/","url":"https:\/\/www.myallmeeting.com\/fr\/article\/comment-organiser-un-seminaire-a-petit-prix\/","name":"Comment organiser un s\u00e9minaire \u00e0 petit prix ? - Accor MyAllMeeting.com","isPartOf":{"@id":"https:\/\/www.myallmeeting.com\/fr\/#website"},"primaryImageOfPage":{"@id":"https:\/\/www.myallmeeting.com\/fr\/article\/comment-organiser-un-seminaire-a-petit-prix\/#primaryimage"},"image":{"@id":"https:\/\/www.myallmeeting.com\/fr\/article\/comment-organiser-un-seminaire-a-petit-prix\/#primaryimage"},"thumbnailUrl":"https:\/\/www.myallmeeting.com\/wp-content\/uploads\/2017\/10\/Seminar-Accor.png","datePublished":"2017-10-05T12:05:23+00:00","dateModified":"2024-07-10T10:04:49+00:00","breadcrumb":{"@id":"https:\/\/www.myallmeeting.com\/fr\/article\/comment-organiser-un-seminaire-a-petit-prix\/#breadcrumb"},"inLanguage":"fr-FR","potentialAction":[{"@type":"ReadAction","target":["https:\/\/www.myallmeeting.com\/fr\/article\/comment-organiser-un-seminaire-a-petit-prix\/"]}]},{"@type":"ImageObject","inLanguage":"fr-FR","@id":"https:\/\/www.myallmeeting.com\/fr\/article\/comment-organiser-un-seminaire-a-petit-prix\/#primaryimage","url":"https:\/\/www.myallmeeting.com\/wp-content\/uploads\/2017\/10\/Seminar-Accor.png","contentUrl":"https:\/\/www.myallmeeting.com\/wp-content\/uploads\/2017\/10\/Seminar-Accor.png","width":1920,"height":570},{"@type":"BreadcrumbList","@id":"https:\/\/www.myallmeeting.com\/fr\/article\/comment-organiser-un-seminaire-a-petit-prix\/#breadcrumb","itemListElement":[{"@type":"ListItem","position":1,"name":"Accueil","item":"https:\/\/myallmeeting.com\/fr\/"},{"@type":"ListItem","position":2,"name":"Actualit\u00e9s","item":"https:\/\/www.myallmeeting.com\/fr\/actualite\/"},{"@type":"ListItem","position":3,"name":"Comment organiser un s\u00e9minaire \u00e0 petit prix ?"}]},{"@type":"WebSite","@id":"https:\/\/www.myallmeeting.com\/fr\/#website","url":"https:\/\/www.myallmeeting.com\/fr\/","name":"Accor MyAllMeeting.com","description":"Les Meilleurs lieux pour vos Ev\u00e9nements Professionnels","publisher":{"@id":"https:\/\/www.myallmeeting.com\/fr\/#organization"},"potentialAction":[{"@type":"SearchAction","target":{"@type":"EntryPoint","urlTemplate":"https:\/\/www.myallmeeting.com\/fr\/?s={search_term_string}"},"query-input":{"@type":"PropertyValueSpecification","valueRequired":true,"valueName":"search_term_string"}}],"inLanguage":"fr-FR"},{"@type":"Organization","@id":"https:\/\/www.myallmeeting.com\/fr\/#organization","name":"ACCOR","url":"https:\/\/www.myallmeeting.com\/fr\/","logo":{"@type":"ImageObject","inLanguage":"fr-FR","@id":"https:\/\/www.myallmeeting.com\/fr\/#\/schema\/logo\/image\/","url":"","contentUrl":"","caption":"ACCOR"},"image":{"@id":"https:\/\/www.myallmeeting.com\/fr\/#\/schema\/logo\/image\/"}}]}},"_links":{"self":[{"href":"https:\/\/www.myallmeeting.com\/fr\/wp-json\/wp\/v2\/article\/15226785","targetHints":{"allow":["GET"]}}],"collection":[{"href":"https:\/\/www.myallmeeting.com\/fr\/wp-json\/wp\/v2\/article"}],"about":[{"href":"https:\/\/www.myallmeeting.com\/fr\/wp-json\/wp\/v2\/types\/article"}],"wp:featuredmedia":[{"embeddable":true,"href":"https:\/\/www.myallmeeting.com\/fr\/wp-json\/wp\/v2\/media\/16021495"}],"wp:attachment":[{"href":"https:\/\/www.myallmeeting.com\/fr\/wp-json\/wp\/v2\/media?parent=15226785"}],"wp:term":[{"taxonomy":"periscope_categorie_tax","embeddable":true,"href":"https:\/\/www.myallmeeting.com\/fr\/wp-json\/wp\/v2\/periscope_categorie_tax?post=15226785"}],"curies":[{"name":"wp","href":"https:\/\/api.w.org\/{rel}","templated":true}]}}