{"id":15226783,"date":"2017-10-05T14:53:44","date_gmt":"2017-10-05T12:53:44","guid":{"rendered":"https:\/\/myallmeeting.com\/article\/des-reunions-decontractees-au-novotel-lyon-gerland-musee-des-confluences\/"},"modified":"2024-11-13T14:55:14","modified_gmt":"2024-11-13T13:55:14","slug":"des-reunions-decontractees-au-novotel-lyon-gerland-musee-des-confluences","status":"publish","type":"article","link":"https:\/\/www.myallmeeting.com\/fr\/article\/des-reunions-decontractees-au-novotel-lyon-gerland-musee-des-confluences\/","title":{"rendered":"Des r\u00e9unions d\u00e9contract\u00e9es au Novotel Lyon Gerland Mus\u00e9e des Confluences"},"content":{"rendered":"<!-- START OF : Composant : block-periscope-theme-section-composant-25-texte-cta-2-images.php -->\n<div class=\"tcta2ia bg-white fs-wysiwyg mb-lg-12\" data-component=\"25-texte-cta-2-images\">\n\t<div class=\"tcta2ia__top\">\n\t\t<div class=\"container-fluid\" style=\"--bs-gutter-x: 0\">\n\t\t\t<div class=\"row\" style=\"--bs-gutter-x: 0\">\n\t\t\t\t<div class=\"col-lg-8\">\n\t\t\t\t\t\t\t\t\t\t<div class=\"bloc-mise-en-avant__top__left\">\n\t\t\t\t\t\t<img decoding=\"async\" src=\"https:\/\/www.myallmeeting.com\/wp-content\/uploads\/2017\/10\/aja_p_7090-07__original-1268x846.jpeg\" class=\"pe-2 pe-lg-0\" width=\"1268\" height=\"846\" alt=\"\" loading=\"lazy\" \/>\n\t\t\t\t\t<\/div>\n\t\t\t\t\t\t\t\t\t\t<div class=\"tcta2ia__bottom d-none d-lg-block pb-12 pt-lg-9 pb-lg-0 pe-lg-10\">\n\t\t\t\t\t\t\t\t\t\t\t\t<h2 class=\"fs-20 fs-lg-32 fw-semibold\">Un h\u00f4tel contemporain et arty<\/h2>\n\t\t\t\t\t\t\t\t\t\t\t\t\t\t\t\t\t\t<div class=\"fs-wysiwyg\"><p><span data-contrast=\"auto\">L\u2019h\u00f4tel de 186 chambres, enti\u00e8rement r\u00e9nov\u00e9 en 2018 et dont la d\u00e9coration de certains espaces est sign\u00e9e du street artist lyonnais, Kalouf, c\u00e9l\u00e8bre pour ses graffes d\u2019animaux aux couleurs acidul\u00e9es. Du haut de ses huit \u00e9tages, il surplombe le Rh\u00f4ne qui le s\u00e9pare du c\u00e9l\u00e8bre mus\u00e9e au style d\u00e9constructiviste, tandis que les balcons des chambres ex\u00e9cutives du 8e \u00e9tage offre une magnifique vue sur la basilique de Fourvi\u00e8re.<\/span><span data-ccp-props=\"{}\">\u00a0<\/span><\/p>\n<p><span data-contrast=\"auto\">Situ\u00e9 face \u00e0 la pointe sud de la presqu\u2019\u00eele de l\u2019ancienne capitale des Gaules, o\u00f9 se croisent les autoroutes du Sud et celle de Paris, il est un point de rencontre id\u00e9al pour un congr\u00e8s ou une convention qui n\u00e9cessiterait de regrouper des collaborateurs ou une corporation venus des quatre coins de l\u2019Hexagone. Dot\u00e9 d\u2019un beau et grand restaurant, d\u2019une piscine ext\u00e9rieure ou encore d\u2019une salle fitness, \u00ab\u202f<\/span><i><span data-contrast=\"auto\">le\u202f<\/span><\/i><b><i><span data-contrast=\"auto\">Novotel Lyon Gerland Mus\u00e9e des Confluences<\/span><\/i><\/b><i><span data-contrast=\"auto\">\u202fest un h\u00f4tel multifacette capable de r\u00e9pondre \u00e0 toutes les demandes<\/span><\/i><span data-contrast=\"auto\">\u202f\u00bb, souligne son directeur, Fr\u00e9d\u00e9ric Noblet.<\/span><span data-ccp-props=\"{}\">\u00a0<\/span><\/p>\n<\/div>\n\t\t\t\t\t\t\t\t\t\t\t\t<div class=\"d-flex flex-column flex-lg-row align-items-center gap-5 gap-lg-8 justify-content-between\">\n\t\t\t\t\t\t\t<div class=\"fs-20 fs-lg-26 fw-semibold lh-xs\"><\/div>\n\t\t\t\t\t\t\t\t\t\t\t\t\t<\/div>\n\t\t\t\t\t<\/div>\n\t\t\t\t<\/div>\n\t\t\t\t<div class=\"col-lg-4\">\n\t\t\t\t\t<div class=\"tcta2ia__top__right t-0 r-0 bg-primary text-white pt-4 pb-4 px-2 pt-lg-8 pb-lg-16 px-lg-11 pb-xl-30\">\n\t\t\t\t\t\t\t\t\t\t\t\t\t\t\t\t\t\t<h2 class=\"unna fs-36 fs-lg-51 fs-xl-75 fs-italic fw-normal text-secondary\">Des r\u00e9unions d\u00e9contract\u00e9es au Novotel Lyon Gerland Mus\u00e9e des Confluences<\/h2>\n\t\t\t\t\t\t\t\t\t\t\t\t\t\t\t\t\t\t<h3 class=\"text-white fs-18 fs-lg-20 fs-xl-28 text-original-case\">Lyon, capitale de la gastronomie fran\u00e7aise et carrefour de toutes les routes de France, est une ville historique parfaitement situ\u00e9e, id\u00e9ale pour des conventions nationales. <\/h3>\n\t\t\t\t\t\t\t\t\t\t\t\t\t\t\t\t\t\t<div class=\"fs-wysiwyg mb-4 fs-lg-16 fs-xl-20\"><p><span data-contrast=\"auto\">Pour y organiser vos \u00e9v\u00e9nements professionnels, nous vous invitons \u00e0 d\u00e9couvrir le <\/span><a href=\"https:\/\/myallmeeting.com\/fr\/hotel\/0736-novotel-lyon-gerland-musee-des-confluences\/\"><span data-contrast=\"none\">Novotel Lyon Gerland Mus\u00e9e des Confluences<\/span><\/a><span data-contrast=\"auto\">, enti\u00e8rement r\u00e9nov\u00e9 en 2018 et <\/span><b><span data-contrast=\"auto\">capable d\u2019accueillir tous types d\u2019\u00e9v\u00e9nements<\/span><\/b><span data-contrast=\"auto\">.<\/span><span data-ccp-props=\"{}\">\u00a0<\/span><\/p>\n<p><span data-contrast=\"auto\">\u00c0\u202f15 minutes du centre-ville et seulement 500 m du Mus\u00e9e des Confluences \u2013 le deuxi\u00e8me mus\u00e9e national hors de Paris apr\u00e8s le Mucem de Marseille -, se dresse ce <\/span><b><span data-contrast=\"auto\">Novotel Lyon Gerland<\/span><\/b><span data-contrast=\"auto\">.<\/span><span data-ccp-props=\"{}\">\u00a0<\/span><\/p>\n<\/div>\n\t\t\t\t\t\t\t\t\t\t\t\t\t\t\t\t\t\t\t\t\t\t\t\t<p class=\"m-0\"><img decoding=\"async\" src=\"https:\/\/www.myallmeeting.com\/wp-content\/uploads\/2017\/10\/aja_p_4930-65__original-633x398.jpeg\" class=\"position-relative l-0\" width=\"633\" height=\"398\" alt=\"\" loading=\"lazy\" \/><\/p>\n\t\t\t\t\t\t\t\t\t\t\t<\/div>\n\t\t\t\t<\/div>\n\t\t\t<\/div>\n\t\t<\/div>\n\t<\/div>\n\t<div class=\"tcta2ia__bottom d-lg-none pb-12 py-lg-9 pe-lg-10\">\n\t\t\t\t<div class=\"h2 fs-20 fs-lg-32 fw-semibold\">Un h\u00f4tel contemporain et arty<\/div>\n\t\t\t\t\t\t<div class=\"fs-wysiwyg\"><p><span data-contrast=\"auto\">L\u2019h\u00f4tel de 186 chambres, enti\u00e8rement r\u00e9nov\u00e9 en 2018 et dont la d\u00e9coration de certains espaces est sign\u00e9e du street artist lyonnais, Kalouf, c\u00e9l\u00e8bre pour ses graffes d\u2019animaux aux couleurs acidul\u00e9es. Du haut de ses huit \u00e9tages, il surplombe le Rh\u00f4ne qui le s\u00e9pare du c\u00e9l\u00e8bre mus\u00e9e au style d\u00e9constructiviste, tandis que les balcons des chambres ex\u00e9cutives du 8e \u00e9tage offre une magnifique vue sur la basilique de Fourvi\u00e8re.<\/span><span data-ccp-props=\"{}\">\u00a0<\/span><\/p>\n<p><span data-contrast=\"auto\">Situ\u00e9 face \u00e0 la pointe sud de la presqu\u2019\u00eele de l\u2019ancienne capitale des Gaules, o\u00f9 se croisent les autoroutes du Sud et celle de Paris, il est un point de rencontre id\u00e9al pour un congr\u00e8s ou une convention qui n\u00e9cessiterait de regrouper des collaborateurs ou une corporation venus des quatre coins de l\u2019Hexagone. Dot\u00e9 d\u2019un beau et grand restaurant, d\u2019une piscine ext\u00e9rieure ou encore d\u2019une salle fitness, \u00ab\u202f<\/span><i><span data-contrast=\"auto\">le\u202f<\/span><\/i><b><i><span data-contrast=\"auto\">Novotel Lyon Gerland Mus\u00e9e des Confluences<\/span><\/i><\/b><i><span data-contrast=\"auto\">\u202fest un h\u00f4tel multifacette capable de r\u00e9pondre \u00e0 toutes les demandes<\/span><\/i><span data-contrast=\"auto\">\u202f\u00bb, souligne son directeur, Fr\u00e9d\u00e9ric Noblet.<\/span><span data-ccp-props=\"{}\">\u00a0<\/span><\/p>\n<\/div>\n\t\t\t\t<div class=\"d-flex flex-column flex-lg-row align-items-center gap-5 gap-lg-8 justify-content-between\">\n\t\t\t<div class=\"fs-20 fs-lg-26 fw-semibold lh-xs\"><\/div>\n\t\t\t\t\t<\/div>\n\t<\/div>\n<\/div>\n<!-- END OF : Composant : block-periscope-theme-section-composant-25-texte-cta-2-images.php -->\n\n\n<!-- START OF : Composant : block-periscope-theme-section-composant-33-texte-image.php -->\n<div class=\"text-image fs-wysiwyg mb-8 mb-lg-12\" data-component=\"33-texte-image\">\n\t<div class=\"container-fluid\" style=\"--bs-gutter-x: 0\">\n\t\t<div class=\"row\" style=\"--bs-gutter-x: 0\">\n\t\t\t\t\t\t<div class=\"col-lg-6 mb-7 mb-lg-0\">\n\t\t\t\t<img decoding=\"async\" src=\"https:\/\/www.myallmeeting.com\/wp-content\/uploads\/2017\/10\/aja_p_4930-57__original-1-953x600.jpeg\" width=\"953\" height=\"600\" alt=\"\" loading=\"lazy\" class=\"w-100\" \/>\n\t\t\t<\/div>\n\t\t\t\t\t\t<div class=\"col-lg-6\">\n\t\t\t\t<div class=\"text-image__content\">\n\t\t\t\t\t\t\t\t\t\t<div class=\"fw-semibold lh-xs fs-20 fs-lg-32 ls--25 mb-5\">C\u00f4t\u00e9 espaces de r\u00e9union <\/div>\n\t\t\t\t\t\t\t\t\t\t\t\t\t\t\t<div class=\"fs-wysiwyg\">\n\t\t\t\t\t\t<p><span data-contrast=\"auto\">L\u2019h\u00f4tel compte <\/span><b><span data-contrast=\"auto\">650 m\u00b2 de salles de r\u00e9union<\/span><\/b><span data-contrast=\"auto\">, 16 salles dont 7 de sous-commissions, toutes enti\u00e8rement connect\u00e9es, un espace <\/span><i><span data-contrast=\"auto\">banqueting <\/span><\/i><span data-contrast=\"auto\">face \u00e0 la piscine pouvant accueillir 170 personnes et un restaurant de 96 personnes.<\/span><span data-ccp-props=\"{}\">\u00a0<\/span><\/p>\n<p><span data-contrast=\"auto\">La grande pl\u00e9ni\u00e8re de quasiment 300 m\u00b2, se compose de quatre salles modulables en une seule pouvant accueillir 200 personnes, avec syst\u00e8me de multi-projection.<\/span><span data-ccp-props=\"{}\">\u00a0<\/span><\/p>\n<p><span data-contrast=\"auto\">L\u2019espace d\u00e9tente qui se veut convivial avec une pause commune <\/span><b><span data-contrast=\"auto\">favorise les rencontres et les \u00e9changes interprofessionnels<\/span><\/b><span data-contrast=\"auto\"> autour d\u2019une animation cr\u00eapes, gaufres et autres gourmandises\u2026<\/span><span data-ccp-props=\"{}\">\u00a0<\/span><\/p>\n<p><span data-contrast=\"auto\">Autant d\u2019espaces enti\u00e8rement privatisables, de m\u00eame que l\u2019ensemble de l\u2019h\u00f4tel si vous le souhaitez, pour un week-end de s\u00e9minaire ou de team building gastronomique et culturel \u00e0 Lyon.<\/span><span data-ccp-props=\"{}\">\u00a0<\/span><\/p>\n<p><span data-contrast=\"auto\">Mais ce n\u2019est pas tout\u2026 V\u00e9ritable p\u00e9pite de l\u2019h\u00f4tel, son <\/span><b><span data-contrast=\"auto\">loft de 85 m\u00b2 sur deux niveaux avec sa mezzanine<\/span><\/b><span data-contrast=\"auto\">, pour des r\u00e9unions de travail plus d\u00e9contract\u00e9es et cr\u00e9atives jusqu\u2019\u00e0 50 personnes.<\/span><span data-ccp-props=\"{}\">\u00a0<\/span><\/p>\n<p><span data-contrast=\"auto\">Un lieu chaleureux avec ses gros coussins, ses fauteuils design et m\u00eame sa propre cuisine ouverte !<\/span><\/p>\n\t\t\t\t\t<\/div>\n\t\t\t\t\t\t\t\t\t<\/div>\n\t\t\t<\/div>        \n\t\t<\/div>\n\t<\/div>\n<\/div>\n<!-- END OF : Composant : block-periscope-theme-section-composant-33-texte-image.php -->\n","protected":false},"excerpt":{"rendered":"<p>Venez d\u00e9couvrir des espaces de r\u00e9union modulables dans la capitale de la gastronomie fran\u00e7aise avec cet \u00e9tablissement \u00e0 la fois contemporain, arty et proposant un large choix d\u2019espaces de r\u00e9union<\/p>\n","protected":false},"featured_media":27697,"menu_order":0,"template":"","periscope_categorie_tax":[1650],"class_list":["post-15226783","article","type-article","status-publish","has-post-thumbnail","hentry","periscope_categorie_tax-decouvrez-nos-adresses"],"acf":[],"yoast_head":"<title>Des r\u00e9unions d\u00e9contract\u00e9es au Novotel Lyon Gerland Mus\u00e9e des Confluences - Accor MyAllMeeting.com<\/title>\n<meta name=\"robots\" content=\"index, follow, max-snippet:-1, max-image-preview:large, max-video-preview:-1\" \/>\n<link rel=\"canonical\" href=\"https:\/\/www.myallmeeting.com\/fr\/wp-json\/wp\/v2\/article\/15226783\" \/>\n<meta property=\"og:locale\" content=\"fr_FR\" \/>\n<meta property=\"og:type\" content=\"article\" \/>\n<meta property=\"og:title\" content=\"Des r\u00e9unions d\u00e9contract\u00e9es au Novotel Lyon Gerland Mus\u00e9e des Confluences - Accor MyAllMeeting.com\" \/>\n<meta property=\"og:description\" content=\"Venez d\u00e9couvrir des espaces de r\u00e9union modulables dans la capitale de la gastronomie fran\u00e7aise avec cet \u00e9tablissement \u00e0 la fois contemporain, arty et proposant un large choix d\u2019espaces de r\u00e9union\" \/>\n<meta property=\"og:url\" content=\"https:\/\/www.myallmeeting.com\/fr\/article\/des-reunions-decontractees-au-novotel-lyon-gerland-musee-des-confluences\/\" \/>\n<meta property=\"og:site_name\" content=\"Accor MyAllMeeting.com\" \/>\n<meta property=\"article:modified_time\" content=\"2024-11-13T13:55:14+00:00\" \/>\n<meta property=\"og:image\" content=\"http:\/\/myallmeeting.com\/wp-content\/uploads\/2017\/10\/497A9008-1.jpg\" \/>\n\t<meta property=\"og:image:width\" content=\"2500\" \/>\n\t<meta property=\"og:image:height\" content=\"1667\" \/>\n\t<meta property=\"og:image:type\" content=\"image\/jpeg\" \/>\n<meta name=\"twitter:card\" content=\"summary_large_image\" \/>\n<meta name=\"twitter:label1\" content=\"Dur\u00e9e de lecture estim\u00e9e\" \/>\n\t<meta name=\"twitter:data1\" content=\"4 minutes\" \/>\n<script type=\"application\/ld+json\" class=\"yoast-schema-graph\">{\"@context\":\"https:\/\/schema.org\",\"@graph\":[{\"@type\":\"WebPage\",\"@id\":\"https:\/\/www.myallmeeting.com\/fr\/article\/des-reunions-decontractees-au-novotel-lyon-gerland-musee-des-confluences\/\",\"url\":\"https:\/\/www.myallmeeting.com\/fr\/article\/des-reunions-decontractees-au-novotel-lyon-gerland-musee-des-confluences\/\",\"name\":\"Des r\u00e9unions d\u00e9contract\u00e9es au Novotel Lyon Gerland Mus\u00e9e des Confluences - Accor MyAllMeeting.com\",\"isPartOf\":{\"@id\":\"https:\/\/www.myallmeeting.com\/fr\/#website\"},\"primaryImageOfPage\":{\"@id\":\"https:\/\/www.myallmeeting.com\/fr\/article\/des-reunions-decontractees-au-novotel-lyon-gerland-musee-des-confluences\/#primaryimage\"},\"image\":{\"@id\":\"https:\/\/www.myallmeeting.com\/fr\/article\/des-reunions-decontractees-au-novotel-lyon-gerland-musee-des-confluences\/#primaryimage\"},\"thumbnailUrl\":\"https:\/\/www.myallmeeting.com\/wp-content\/uploads\/2017\/10\/497A9008-1.jpg\",\"datePublished\":\"2017-10-05T12:53:44+00:00\",\"dateModified\":\"2024-11-13T13:55:14+00:00\",\"breadcrumb\":{\"@id\":\"https:\/\/www.myallmeeting.com\/fr\/article\/des-reunions-decontractees-au-novotel-lyon-gerland-musee-des-confluences\/#breadcrumb\"},\"inLanguage\":\"fr-FR\",\"potentialAction\":[{\"@type\":\"ReadAction\",\"target\":[\"https:\/\/www.myallmeeting.com\/fr\/article\/des-reunions-decontractees-au-novotel-lyon-gerland-musee-des-confluences\/\"]}]},{\"@type\":\"ImageObject\",\"inLanguage\":\"fr-FR\",\"@id\":\"https:\/\/www.myallmeeting.com\/fr\/article\/des-reunions-decontractees-au-novotel-lyon-gerland-musee-des-confluences\/#primaryimage\",\"url\":\"https:\/\/www.myallmeeting.com\/wp-content\/uploads\/2017\/10\/497A9008-1.jpg\",\"contentUrl\":\"https:\/\/www.myallmeeting.com\/wp-content\/uploads\/2017\/10\/497A9008-1.jpg\",\"width\":2500,\"height\":1667,\"caption\":\"Novotel Lyon Gerland Confluence\"},{\"@type\":\"BreadcrumbList\",\"@id\":\"https:\/\/www.myallmeeting.com\/fr\/article\/des-reunions-decontractees-au-novotel-lyon-gerland-musee-des-confluences\/#breadcrumb\",\"itemListElement\":[{\"@type\":\"ListItem\",\"position\":1,\"name\":\"Accueil\",\"item\":\"https:\/\/myallmeeting.com\/fr\/\"},{\"@type\":\"ListItem\",\"position\":2,\"name\":\"Actualit\u00e9s\",\"item\":\"https:\/\/www.myallmeeting.com\/fr\/actualite\/\"},{\"@type\":\"ListItem\",\"position\":3,\"name\":\"Des r\u00e9unions d\u00e9contract\u00e9es au Novotel Lyon Gerland Mus\u00e9e des Confluences\"}]},{\"@type\":\"WebSite\",\"@id\":\"https:\/\/www.myallmeeting.com\/fr\/#website\",\"url\":\"https:\/\/www.myallmeeting.com\/fr\/\",\"name\":\"Accor MyAllMeeting.com\",\"description\":\"Les Meilleurs lieux pour vos Ev\u00e9nements Professionnels\",\"publisher\":{\"@id\":\"https:\/\/www.myallmeeting.com\/fr\/#organization\"},\"potentialAction\":[{\"@type\":\"SearchAction\",\"target\":{\"@type\":\"EntryPoint\",\"urlTemplate\":\"https:\/\/www.myallmeeting.com\/fr\/?s={search_term_string}\"},\"query-input\":{\"@type\":\"PropertyValueSpecification\",\"valueRequired\":true,\"valueName\":\"search_term_string\"}}],\"inLanguage\":\"fr-FR\"},{\"@type\":\"Organization\",\"@id\":\"https:\/\/www.myallmeeting.com\/fr\/#organization\",\"name\":\"ACCOR\",\"url\":\"https:\/\/www.myallmeeting.com\/fr\/\",\"logo\":{\"@type\":\"ImageObject\",\"inLanguage\":\"fr-FR\",\"@id\":\"https:\/\/www.myallmeeting.com\/fr\/#\/schema\/logo\/image\/\",\"url\":\"\",\"contentUrl\":\"\",\"caption\":\"ACCOR\"},\"image\":{\"@id\":\"https:\/\/www.myallmeeting.com\/fr\/#\/schema\/logo\/image\/\"}}]}<\/script>","yoast_head_json":{"title":"Des r\u00e9unions d\u00e9contract\u00e9es au Novotel Lyon Gerland Mus\u00e9e des Confluences - Accor MyAllMeeting.com","robots":{"index":"index","follow":"follow","max-snippet":"max-snippet:-1","max-image-preview":"max-image-preview:large","max-video-preview":"max-video-preview:-1"},"canonical":"https:\/\/www.myallmeeting.com\/fr\/wp-json\/wp\/v2\/article\/15226783","og_locale":"fr_FR","og_type":"article","og_title":"Des r\u00e9unions d\u00e9contract\u00e9es au Novotel Lyon Gerland Mus\u00e9e des Confluences - Accor MyAllMeeting.com","og_description":"Venez d\u00e9couvrir des espaces de r\u00e9union modulables dans la capitale de la gastronomie fran\u00e7aise avec cet \u00e9tablissement \u00e0 la fois contemporain, arty et proposant un large choix d\u2019espaces de r\u00e9union","og_url":"https:\/\/www.myallmeeting.com\/fr\/article\/des-reunions-decontractees-au-novotel-lyon-gerland-musee-des-confluences\/","og_site_name":"Accor MyAllMeeting.com","article_modified_time":"2024-11-13T13:55:14+00:00","og_image":[{"width":2500,"height":1667,"url":"http:\/\/myallmeeting.com\/wp-content\/uploads\/2017\/10\/497A9008-1.jpg","type":"image\/jpeg"}],"twitter_card":"summary_large_image","twitter_misc":{"Dur\u00e9e de lecture estim\u00e9e":"4 minutes"},"schema":{"@context":"https:\/\/schema.org","@graph":[{"@type":"WebPage","@id":"https:\/\/www.myallmeeting.com\/fr\/article\/des-reunions-decontractees-au-novotel-lyon-gerland-musee-des-confluences\/","url":"https:\/\/www.myallmeeting.com\/fr\/article\/des-reunions-decontractees-au-novotel-lyon-gerland-musee-des-confluences\/","name":"Des r\u00e9unions d\u00e9contract\u00e9es au Novotel Lyon Gerland Mus\u00e9e des Confluences - Accor MyAllMeeting.com","isPartOf":{"@id":"https:\/\/www.myallmeeting.com\/fr\/#website"},"primaryImageOfPage":{"@id":"https:\/\/www.myallmeeting.com\/fr\/article\/des-reunions-decontractees-au-novotel-lyon-gerland-musee-des-confluences\/#primaryimage"},"image":{"@id":"https:\/\/www.myallmeeting.com\/fr\/article\/des-reunions-decontractees-au-novotel-lyon-gerland-musee-des-confluences\/#primaryimage"},"thumbnailUrl":"https:\/\/www.myallmeeting.com\/wp-content\/uploads\/2017\/10\/497A9008-1.jpg","datePublished":"2017-10-05T12:53:44+00:00","dateModified":"2024-11-13T13:55:14+00:00","breadcrumb":{"@id":"https:\/\/www.myallmeeting.com\/fr\/article\/des-reunions-decontractees-au-novotel-lyon-gerland-musee-des-confluences\/#breadcrumb"},"inLanguage":"fr-FR","potentialAction":[{"@type":"ReadAction","target":["https:\/\/www.myallmeeting.com\/fr\/article\/des-reunions-decontractees-au-novotel-lyon-gerland-musee-des-confluences\/"]}]},{"@type":"ImageObject","inLanguage":"fr-FR","@id":"https:\/\/www.myallmeeting.com\/fr\/article\/des-reunions-decontractees-au-novotel-lyon-gerland-musee-des-confluences\/#primaryimage","url":"https:\/\/www.myallmeeting.com\/wp-content\/uploads\/2017\/10\/497A9008-1.jpg","contentUrl":"https:\/\/www.myallmeeting.com\/wp-content\/uploads\/2017\/10\/497A9008-1.jpg","width":2500,"height":1667,"caption":"Novotel Lyon Gerland Confluence"},{"@type":"BreadcrumbList","@id":"https:\/\/www.myallmeeting.com\/fr\/article\/des-reunions-decontractees-au-novotel-lyon-gerland-musee-des-confluences\/#breadcrumb","itemListElement":[{"@type":"ListItem","position":1,"name":"Accueil","item":"https:\/\/myallmeeting.com\/fr\/"},{"@type":"ListItem","position":2,"name":"Actualit\u00e9s","item":"https:\/\/www.myallmeeting.com\/fr\/actualite\/"},{"@type":"ListItem","position":3,"name":"Des r\u00e9unions d\u00e9contract\u00e9es au Novotel Lyon Gerland Mus\u00e9e des Confluences"}]},{"@type":"WebSite","@id":"https:\/\/www.myallmeeting.com\/fr\/#website","url":"https:\/\/www.myallmeeting.com\/fr\/","name":"Accor MyAllMeeting.com","description":"Les Meilleurs lieux pour vos Ev\u00e9nements Professionnels","publisher":{"@id":"https:\/\/www.myallmeeting.com\/fr\/#organization"},"potentialAction":[{"@type":"SearchAction","target":{"@type":"EntryPoint","urlTemplate":"https:\/\/www.myallmeeting.com\/fr\/?s={search_term_string}"},"query-input":{"@type":"PropertyValueSpecification","valueRequired":true,"valueName":"search_term_string"}}],"inLanguage":"fr-FR"},{"@type":"Organization","@id":"https:\/\/www.myallmeeting.com\/fr\/#organization","name":"ACCOR","url":"https:\/\/www.myallmeeting.com\/fr\/","logo":{"@type":"ImageObject","inLanguage":"fr-FR","@id":"https:\/\/www.myallmeeting.com\/fr\/#\/schema\/logo\/image\/","url":"","contentUrl":"","caption":"ACCOR"},"image":{"@id":"https:\/\/www.myallmeeting.com\/fr\/#\/schema\/logo\/image\/"}}]}},"_links":{"self":[{"href":"https:\/\/www.myallmeeting.com\/fr\/wp-json\/wp\/v2\/article\/15226783","targetHints":{"allow":["GET"]}}],"collection":[{"href":"https:\/\/www.myallmeeting.com\/fr\/wp-json\/wp\/v2\/article"}],"about":[{"href":"https:\/\/www.myallmeeting.com\/fr\/wp-json\/wp\/v2\/types\/article"}],"wp:featuredmedia":[{"embeddable":true,"href":"https:\/\/www.myallmeeting.com\/fr\/wp-json\/wp\/v2\/media\/27697"}],"wp:attachment":[{"href":"https:\/\/www.myallmeeting.com\/fr\/wp-json\/wp\/v2\/media?parent=15226783"}],"wp:term":[{"taxonomy":"periscope_categorie_tax","embeddable":true,"href":"https:\/\/www.myallmeeting.com\/fr\/wp-json\/wp\/v2\/periscope_categorie_tax?post=15226783"}],"curies":[{"name":"wp","href":"https:\/\/api.w.org\/{rel}","templated":true}]}}