{"id":15226782,"date":"2017-10-17T15:40:35","date_gmt":"2017-10-17T13:40:35","guid":{"rendered":"https:\/\/myallmeeting.com\/article\/reservez-facilement-votre-salle-de-reunion-my-all-meeting-par-accor\/"},"modified":"2024-12-02T16:09:54","modified_gmt":"2024-12-02T15:09:54","slug":"reservez-facilement-votre-salle-de-reunion-my-all-meeting-par-accor","status":"publish","type":"article","link":"https:\/\/www.myallmeeting.com\/fr\/article\/reservez-facilement-votre-salle-de-reunion-my-all-meeting-par-accor\/","title":{"rendered":"R\u00e9servez facilement votre salle de r\u00e9union My All Meeting par ACCOR"},"content":{"rendered":"<!-- START OF : Composant : block-periscope-theme-section-composant-25-texte-cta-2-images.php -->\n<div class=\"tcta2ia bg-white fs-wysiwyg mb-lg-12\" data-component=\"25-texte-cta-2-images\">\n\t<div class=\"tcta2ia__top\">\n\t\t<div class=\"container-fluid\" style=\"--bs-gutter-x: 0\">\n\t\t\t<div class=\"row\" style=\"--bs-gutter-x: 0\">\n\t\t\t\t<div class=\"col-lg-8\">\n\t\t\t\t\t\t\t\t\t\t<div class=\"bloc-mise-en-avant__top__left\">\n\t\t\t\t\t\t<img decoding=\"async\" src=\"https:\/\/www.myallmeeting.com\/wp-content\/uploads\/2017\/10\/Programme-de-fidelite-2.png\" class=\"pe-2 pe-lg-0\" width=\"1268\" height=\"846\" alt=\"\" loading=\"lazy\" \/>\n\t\t\t\t\t<\/div>\n\t\t\t\t\t\t\t\t\t\t<div class=\"tcta2ia__bottom d-none d-lg-block pb-12 pt-lg-9 pb-lg-0 pe-lg-10\">\n\t\t\t\t\t\t\t\t\t\t\t\t<h2 class=\"fs-20 fs-lg-32 fw-semibold\">Cibler le format de votre \u00e9v\u00e9nement<\/h2>\n\t\t\t\t\t\t\t\t\t\t\t\t\t\t\t\t\t\t<div class=\"fs-wysiwyg\"><p>Pour chaque type d\u2019\u00e9v\u00e9nement, nous vous proposons des h\u00f4tels ad\u00e9quats et les services associ\u00e9s qui satisferont vos souhaits et exigences sp\u00e9cifiques. Le classement en diff\u00e9rentes cat\u00e9gories sur la page \u00ab\u00a0<a href=\"https:\/\/myallmeeting.com\/fr\/notre-expertise\/\">Notre Expertise\u00a0<\/a>\u00bb vous aide \u00e0 d\u00e9finir votre besoin. Il tient compte \u00e0 la fois du format de la r\u00e9union en fonction du nombre de participants, de l\u2019espace requis et de l\u2019objectif professionnel \u00e0 remplir.<\/p>\n<p>Ainsi, si vous r\u00e9unissez vos collaborateurs pour une <a href=\"https:\/\/myallmeeting.com\/fr\/reunion-et-formation\/\">r\u00e9union\/formation<\/a>, un <a href=\"https:\/\/myallmeeting.com\/fr\/meeting-incentive\/\"><em>incentive<\/em><\/a>, une <a href=\"https:\/\/myallmeeting.com\/fr\/convention\/\">convention<\/a>, un <a href=\"https:\/\/myallmeeting.com\/fr\/lancement-produit\/\">lancement de produit<\/a>, un <a href=\"https:\/\/myallmeeting.com\/fr\/lancement-et-evenement-automobile\/\">\u00e9v\u00e9nement automobile<\/a>, un <a href=\"https:\/\/myallmeeting.com\/fr\/hebergement-groupe-professionnel\/\">h\u00e9bergement de groupe<\/a>, un <a href=\"https:\/\/myallmeeting.com\/fr\/comite-direction\/\">comit\u00e9 de direction<\/a>, un <a href=\"https:\/\/myallmeeting.com\/fr\/seminaire\/\">s\u00e9minaire<\/a>, une <a href=\"https:\/\/myallmeeting.com\/fr\/assemblee_generale_conference\/\">assembl\u00e9e g\u00e9n\u00e9rale\/conf\u00e9rence<\/a>, un <a href=\"https:\/\/myallmeeting.com\/fr\/evenements-dexception\/\">\u00e9v\u00e9nement d\u2019exception<\/a>, une <a href=\"https:\/\/myallmeeting.com\/fr\/soiree-et-evenement\/\">soir\u00e9e<\/a>, un <a href=\"https:\/\/myallmeeting.com\/fr\/congres\/\">congr\u00e8s<\/a>, une <a href=\"https:\/\/myallmeeting.com\/fr\/all-connect-pour-vos-reunions-hybrides\/\">r\u00e9union hybride<\/a> ou un <a href=\"https:\/\/myallmeeting.com\/fr\/coworking\/\">coworking<\/a>, en cliquant sur le format choisi, vous obtiendrez des informations sur les services sp\u00e9cifiques correspondant \u00e0 chaque type d\u2019\u00e9v\u00e9nement. Modularit\u00e9 des lieux, \u00e9quipements technologiques de pointe, service de restauration adapt\u00e9, qualit\u00e9 de l\u2019accompagnement et expertise de nos \u00e9quipes\u00a0: nous avons pens\u00e9 \u00e0 tout pour vous satisfaire avec des solutions cl\u00e9s en main., en cliquant sur le format choisi, vous obtiendrez des informations sur les services sp\u00e9cifiques correspondant \u00e0 chaque type d\u2019\u00e9v\u00e9nement. Modularit\u00e9 des lieux, \u00e9quipements technologiques de pointe, service de restauration adapt\u00e9, qualit\u00e9 de l\u2019accompagnement et expertise de nos \u00e9quipes\u00a0: nous avons pens\u00e9 \u00e0 tout pour vous satisfaire avec des solutions cl\u00e9s en main.<\/p>\n<\/div>\n\t\t\t\t\t\t\t\t\t\t\t\t<div class=\"d-flex flex-column flex-lg-row align-items-center gap-5 gap-lg-8 justify-content-between\">\n\t\t\t\t\t\t\t<div class=\"fs-20 fs-lg-26 fw-semibold lh-xs\"><\/div>\n\t\t\t\t\t\t\t\t\t\t\t\t\t<\/div>\n\t\t\t\t\t<\/div>\n\t\t\t\t<\/div>\n\t\t\t\t<div class=\"col-lg-4\">\n\t\t\t\t\t<div class=\"tcta2ia__top__right t-0 r-0 bg-primary text-white pt-4 pb-4 px-2 pt-lg-8 pb-lg-16 px-lg-11 pb-xl-30\">\n\t\t\t\t\t\t\t\t\t\t\t\t\t\t\t\t\t\t<h2 class=\"unna fs-36 fs-lg-51 fs-xl-75 fs-italic fw-normal text-secondary\">R\u00e9servez facilement votre salle de r\u00e9union My All Meeting par ACCOR<\/h2>\n\t\t\t\t\t\t\t\t\t\t\t\t\t\t\t\t\t\t<h3 class=\"text-white fs-18 fs-lg-20 fs-xl-28 text-original-case\">Lieu ad\u00e9quat en fonction de votre \u00e9v\u00e9nement, offre adapt\u00e9e \u00e0 vos besoins, r\u00e9servation en quelques clics&#8230; Le groupe Accor vous pr\u00e9sente sa plateforme My All Meeting, l\u2019outil ad\u00e9quat pour organiser un \u00e9v\u00e9nement sur mesure. <\/h3>\n\t\t\t\t\t\t\t\t\t\t\t\t\t\t\t\t\t\t<div class=\"fs-wysiwyg mb-4 fs-lg-16 fs-xl-20\"><p>Pour garantir la r\u00e9ussite de tous vos \u00e9v\u00e9nements professionnels, il y a toujours chez AccorHotels une offre qui vous correspond, en termes de situation g\u00e9ographique, de formule et de services. \u00c0 l\u2019aide de notre guide pratique, effectuez votre r\u00e9servation en toute simplicit\u00e9 et \u00e0 la carte sur notre site web d\u00e9di\u00e9.<\/p>\n<\/div>\n\t\t\t\t\t\t\t\t\t\t\t\t\t\t\t\t\t\t\t\t\t\t\t\t<p class=\"m-0\"><img decoding=\"async\" src=\"https:\/\/www.myallmeeting.com\/wp-content\/uploads\/2017\/10\/secondary-pic-MAM-633x398-5.png\" class=\"position-relative l-0\" width=\"633\" height=\"398\" alt=\"\" loading=\"lazy\" \/><\/p>\n\t\t\t\t\t\t\t\t\t\t\t<\/div>\n\t\t\t\t<\/div>\n\t\t\t<\/div>\n\t\t<\/div>\n\t<\/div>\n\t<div class=\"tcta2ia__bottom d-lg-none pb-12 py-lg-9 pe-lg-10\">\n\t\t\t\t<div class=\"h2 fs-20 fs-lg-32 fw-semibold\">Cibler le format de votre \u00e9v\u00e9nement<\/div>\n\t\t\t\t\t\t<div class=\"fs-wysiwyg\"><p>Pour chaque type d\u2019\u00e9v\u00e9nement, nous vous proposons des h\u00f4tels ad\u00e9quats et les services associ\u00e9s qui satisferont vos souhaits et exigences sp\u00e9cifiques. Le classement en diff\u00e9rentes cat\u00e9gories sur la page \u00ab\u00a0<a href=\"https:\/\/myallmeeting.com\/fr\/notre-expertise\/\">Notre Expertise\u00a0<\/a>\u00bb vous aide \u00e0 d\u00e9finir votre besoin. Il tient compte \u00e0 la fois du format de la r\u00e9union en fonction du nombre de participants, de l\u2019espace requis et de l\u2019objectif professionnel \u00e0 remplir.<\/p>\n<p>Ainsi, si vous r\u00e9unissez vos collaborateurs pour une <a href=\"https:\/\/myallmeeting.com\/fr\/reunion-et-formation\/\">r\u00e9union\/formation<\/a>, un <a href=\"https:\/\/myallmeeting.com\/fr\/meeting-incentive\/\"><em>incentive<\/em><\/a>, une <a href=\"https:\/\/myallmeeting.com\/fr\/convention\/\">convention<\/a>, un <a href=\"https:\/\/myallmeeting.com\/fr\/lancement-produit\/\">lancement de produit<\/a>, un <a href=\"https:\/\/myallmeeting.com\/fr\/lancement-et-evenement-automobile\/\">\u00e9v\u00e9nement automobile<\/a>, un <a href=\"https:\/\/myallmeeting.com\/fr\/hebergement-groupe-professionnel\/\">h\u00e9bergement de groupe<\/a>, un <a href=\"https:\/\/myallmeeting.com\/fr\/comite-direction\/\">comit\u00e9 de direction<\/a>, un <a href=\"https:\/\/myallmeeting.com\/fr\/seminaire\/\">s\u00e9minaire<\/a>, une <a href=\"https:\/\/myallmeeting.com\/fr\/assemblee_generale_conference\/\">assembl\u00e9e g\u00e9n\u00e9rale\/conf\u00e9rence<\/a>, un <a href=\"https:\/\/myallmeeting.com\/fr\/evenements-dexception\/\">\u00e9v\u00e9nement d\u2019exception<\/a>, une <a href=\"https:\/\/myallmeeting.com\/fr\/soiree-et-evenement\/\">soir\u00e9e<\/a>, un <a href=\"https:\/\/myallmeeting.com\/fr\/congres\/\">congr\u00e8s<\/a>, une <a href=\"https:\/\/myallmeeting.com\/fr\/all-connect-pour-vos-reunions-hybrides\/\">r\u00e9union hybride<\/a> ou un <a href=\"https:\/\/myallmeeting.com\/fr\/coworking\/\">coworking<\/a>, en cliquant sur le format choisi, vous obtiendrez des informations sur les services sp\u00e9cifiques correspondant \u00e0 chaque type d\u2019\u00e9v\u00e9nement. Modularit\u00e9 des lieux, \u00e9quipements technologiques de pointe, service de restauration adapt\u00e9, qualit\u00e9 de l\u2019accompagnement et expertise de nos \u00e9quipes\u00a0: nous avons pens\u00e9 \u00e0 tout pour vous satisfaire avec des solutions cl\u00e9s en main., en cliquant sur le format choisi, vous obtiendrez des informations sur les services sp\u00e9cifiques correspondant \u00e0 chaque type d\u2019\u00e9v\u00e9nement. Modularit\u00e9 des lieux, \u00e9quipements technologiques de pointe, service de restauration adapt\u00e9, qualit\u00e9 de l\u2019accompagnement et expertise de nos \u00e9quipes\u00a0: nous avons pens\u00e9 \u00e0 tout pour vous satisfaire avec des solutions cl\u00e9s en main.<\/p>\n<\/div>\n\t\t\t\t<div class=\"d-flex flex-column flex-lg-row align-items-center gap-5 gap-lg-8 justify-content-between\">\n\t\t\t<div class=\"fs-20 fs-lg-26 fw-semibold lh-xs\"><\/div>\n\t\t\t\t\t<\/div>\n\t<\/div>\n<\/div>\n<!-- END OF : Composant : block-periscope-theme-section-composant-25-texte-cta-2-images.php -->\n\n\n<!-- START OF : Composant : block-periscope-theme-section-composant-33-texte-image.php -->\n<div class=\"text-image fs-wysiwyg mb-8 mb-lg-12\" data-component=\"33-texte-image\">\n\t<div class=\"container-fluid\" style=\"--bs-gutter-x: 0\">\n\t\t<div class=\"row\" style=\"--bs-gutter-x: 0\">\n\t\t\t\t\t\t<div class=\"col-lg-6 mb-7 mb-lg-0\">\n\t\t\t\t<img decoding=\"async\" src=\"https:\/\/www.myallmeeting.com\/wp-content\/uploads\/2017\/10\/secondary-pic-MAM-633x398-4.png\" width=\"953\" height=\"600\" alt=\"\" loading=\"lazy\" class=\"w-100\" \/>\n\t\t\t<\/div>\n\t\t\t\t\t\t<div class=\"col-lg-6\">\n\t\t\t\t<div class=\"text-image__content\">\n\t\t\t\t\t\t\t\t\t\t<div class=\"fw-semibold lh-xs fs-20 fs-lg-32 ls--25 mb-5\">Le choix d\u2019une offre sur mesure<\/div>\n\t\t\t\t\t\t\t\t\t\t\t\t\t\t\t<div class=\"fs-wysiwyg\">\n\t\t\t\t\t\t<p>Avec \u00ab\u00a0<a href=\"https:\/\/myallmeeting.com\/fr\/votre-projet\/\">Votre Projet\u00a0<\/a>\u00bb, vous pouvez identifier en quelques clics l\u2019offre sur mesure qu\u2019il vous faut\u00a0! Les \u00e9l\u00e9ments \u00e0 renseigner permettent de transmettre et d\u2019indiquer pr\u00e9cis\u00e9ment votre demande : la localisation (r\u00e9gion ou ville), votre besoin (type de projet), la marque (gamme d\u2019h\u00f4tel souhait\u00e9e), le nombre de participants, de chambres&#8230;<\/p>\n<p>En un clic, vous acc\u00e9dez \u00e0 l\u2019h\u00f4tel qui r\u00e9unit vos crit\u00e8res de s\u00e9lection personnalis\u00e9s. Avec 32 marques allant de l\u2019\u00e9conomique au luxe, il y a forc\u00e9ment une adresse Accor qui pourra garantir la r\u00e9ussite de votre \u00e9v\u00e9nement en toute s\u00e9r\u00e9nit\u00e9. Pour plus d\u2019infos, la page consacr\u00e9e \u00e0 chaque \u00e9tablissement vous fournit, apr\u00e8s une pr\u00e9sentation g\u00e9n\u00e9rale, les caract\u00e9ristiques des salles de r\u00e9union mises \u00e0 disposition (surface, agencement de l\u2019espace, effectif\u2026). Une fois affin\u00e9, votre choix est facilit\u00e9 !<\/p>\n\t\t\t\t\t<\/div>\n\t\t\t\t\t\t\t\t\t<\/div>\n\t\t\t<\/div>        \n\t\t<\/div>\n\t<\/div>\n<\/div>\n<!-- END OF : Composant : block-periscope-theme-section-composant-33-texte-image.php -->\n\n\n<!-- START OF : Composant : block-periscope-theme-section-composant-33-texte-image.php -->\n<!-- INVERSE -->\n<div class=\"text-image fs-wysiwyg mb-8 mb-lg-12\" data-component=\"33-texte-image\" data-reverse=\"oui\">\n\t<div class=\"container-fluid\" style=\"--bs-gutter-x: 0\">\n\t\t<div class=\"row\" style=\"--bs-gutter-x: 0\">\n\t\t\t<div class=\"col-lg-6\">\n\t\t\t\t<div class=\"text-image__content\">\n\t\t\t\t\t\t\t\t\t\t<div class=\"fw-semibold lh-xs fs-20 fs-lg-32 ls--25 mb-5\">R\u00e9server aupr\u00e8s de nos conseillers <\/div>\n\t\t\t\t\t\t\t\t\t\t\t\t\t\t\t<div class=\"fs-wysiwyg\">\n\t\t\t\t\t\t<p>Vous avez trouv\u00e9 l\u2019h\u00f4tel du groupe parfait pour accueillir votre \u00e9v\u00e9nement\u00a0? Il ne vous reste plus qu\u2019\u00e0 cliquer sur \u00ab\u00a0Demande de devis\u00a0\u00bb. Vous pouvez effectuer votre r\u00e9servation gr\u00e2ce au formulaire en ligne, en pr\u00e9cisant votre cahier des charges\u00a0: le type d\u2019\u00e9v\u00e9nement organis\u00e9, la date, le lieu et le nombre pr\u00e9vu de collaborateurs, ainsi que vos coordonn\u00e9es.<\/p>\n\t\t\t\t\t<\/div>\n\t\t\t\t\t\t\t\t\t<\/div>\n\t\t\t<\/div>    \n\t\t\t    \n\t\t\t<div class=\"col-lg-6 order-first order-lg-last mb-7 mb-lg-0\">\n\t\t\t\t<img decoding=\"async\" src=\"https:\/\/www.myallmeeting.com\/wp-content\/uploads\/2017\/10\/secondary-pic-MAM-633x398-6.png\" width=\"953\" height=\"600\" alt=\"\" loading=\"lazy\" class=\"w-100\" \/>\n\t\t\t<\/div>\n\t\t\t\t\t<\/div>\n\t<\/div>\n<\/div>\n<!-- END OF : Composant : block-periscope-theme-section-composant-33-texte-image.php -->\n\n\n<!-- START OF : Composant : block-periscope-theme-section-composant-33-texte-image.php -->\n<div class=\"text-image fs-wysiwyg mb-8 mb-lg-12\" data-component=\"33-texte-image\">\n\t<div class=\"container-fluid\" style=\"--bs-gutter-x: 0\">\n\t\t<div class=\"row\" style=\"--bs-gutter-x: 0\">\n\t\t\t\t\t\t<div class=\"col-lg-6 mb-7 mb-lg-0\">\n\t\t\t\t<img decoding=\"async\" src=\"https:\/\/www.myallmeeting.com\/wp-content\/uploads\/2017\/10\/OFFRES-DU-MOMENT-1-953x600.png\" width=\"953\" height=\"600\" alt=\"\" loading=\"lazy\" class=\"w-100\" \/>\n\t\t\t<\/div>\n\t\t\t\t\t\t<div class=\"col-lg-6\">\n\t\t\t\t<div class=\"text-image__content\">\n\t\t\t\t\t\t\t\t\t\t<div class=\"fw-semibold lh-xs fs-20 fs-lg-32 ls--25 mb-5\">Profiter des offres du groupe <\/div>\n\t\t\t\t\t\t\t\t\t\t\t\t\t\t\t<div class=\"fs-wysiwyg\">\n\t\t\t\t\t\t<p>La page \u00ab\u00a0<a href=\"https:\/\/myallmeeting.com\/fr\/offres-du-moment\/\">Offres du moment\u00a0<\/a>\u00bb vous permet de d\u00e9couvrir tous les bons plans actuellement propos\u00e9s par le groupe.<br \/>\nAccor vous propose 3 types de bons plans, focalis\u00e9s sur une destination, une marque, ou une offre de fid\u00e9lit\u00e9. Celles-ci vous permettent d\u2019obtenir des avantages lors de vos \u00e9v\u00e9nements et d\u2019\u00eatre r\u00e9compens\u00e9 pour votre fid\u00e9lit\u00e9.<\/p>\n\t\t\t\t\t<\/div>\n\t\t\t\t\t\t\t\t\t<\/div>\n\t\t\t<\/div>        \n\t\t<\/div>\n\t<\/div>\n<\/div>\n<!-- END OF : Composant : block-periscope-theme-section-composant-33-texte-image.php -->\n\n\n<!-- START OF : Composant : block-periscope-theme-section-composant-33-texte-image.php -->\n<!-- INVERSE -->\n<div class=\"text-image fs-wysiwyg mb-8 mb-lg-12\" data-component=\"33-texte-image\" data-reverse=\"oui\">\n\t<div class=\"container-fluid\" style=\"--bs-gutter-x: 0\">\n\t\t<div class=\"row\" style=\"--bs-gutter-x: 0\">\n\t\t\t<div class=\"col-lg-6\">\n\t\t\t\t<div class=\"text-image__content\">\n\t\t\t\t\t\t\t\t\t\t<div class=\"fw-semibold lh-xs fs-20 fs-lg-32 ls--25 mb-5\">Soyez inspir\u00e9<\/div>\n\t\t\t\t\t\t\t\t\t\t\t\t\t\t\t<div class=\"fs-wysiwyg\">\n\t\t\t\t\t\t<p>Gr\u00e2ce \u00e0 la page \u00ab\u00a0<a href=\"https:\/\/myallmeeting.com\/fr\/surprenez-moi\/\">Surprenez-moi\u00a0<\/a>\u00bb, laissez-vous inspirer par le nouveau module de recherche pour d\u00e9finir votre prochain \u00e9v\u00e8nement professionnel.<br \/>\nChoisissez, en fonction de vos envies, le type de projet qui vous int\u00e9resse, le type de lieu qui vous inspire ainsi que les activit\u00e9s que vous aimeriez proposer \u00e0 vos \u00e9quipes. L\u2019algorithme vous propose des h\u00f4tels qui r\u00e9pondent \u00e0 vos envies, afin d\u2019organiser un \u00e9v\u00e8nement sur mesure.<\/p>\n\t\t\t\t\t<\/div>\n\t\t\t\t\t\t\t\t\t<\/div>\n\t\t\t<\/div>    \n\t\t\t    \n\t\t\t<div class=\"col-lg-6 order-first order-lg-last mb-7 mb-lg-0\">\n\t\t\t\t<img decoding=\"async\" src=\"https:\/\/www.myallmeeting.com\/wp-content\/uploads\/2017\/10\/iStock-1048915658-953x600.jpg\" width=\"953\" height=\"600\" alt=\"\" loading=\"lazy\" class=\"w-100\" \/>\n\t\t\t<\/div>\n\t\t\t\t\t<\/div>\n\t<\/div>\n<\/div>\n<!-- END OF : Composant : block-periscope-theme-section-composant-33-texte-image.php -->\n","protected":false},"excerpt":{"rendered":"<p>Lieu ad\u00e9quat en fonction de votre \u00e9v\u00e9nement, offre adapt\u00e9e \u00e0 vos besoins, r\u00e9servation en quelques clics&#8230; Le groupe Accor vous pr\u00e9sente sa plateforme My All Meeting, l\u2019outil ad\u00e9quat pour organiser un \u00e9v\u00e9nement sur mesure. <\/p>\n","protected":false},"featured_media":16836174,"menu_order":0,"template":"","periscope_categorie_tax":[1649],"class_list":["post-15226782","article","type-article","status-publish","has-post-thumbnail","hentry","periscope_categorie_tax-organiser-votre-reunion"],"acf":[],"yoast_head":"<title>R\u00e9servez facilement votre salle de r\u00e9union My All Meeting par ACCOR - Accor MyAllMeeting.com<\/title>\n<meta name=\"robots\" content=\"index, follow, max-snippet:-1, max-image-preview:large, max-video-preview:-1\" \/>\n<link rel=\"canonical\" href=\"https:\/\/www.myallmeeting.com\/fr\/wp-json\/wp\/v2\/article\/15226782\" \/>\n<meta property=\"og:locale\" content=\"fr_FR\" \/>\n<meta property=\"og:type\" content=\"article\" \/>\n<meta property=\"og:title\" content=\"R\u00e9servez facilement votre salle de r\u00e9union My All Meeting par ACCOR - Accor MyAllMeeting.com\" \/>\n<meta property=\"og:description\" content=\"Lieu ad\u00e9quat en fonction de votre \u00e9v\u00e9nement, offre adapt\u00e9e \u00e0 vos besoins, r\u00e9servation en quelques clics... Le groupe Accor vous pr\u00e9sente sa plateforme My All Meeting, l\u2019outil ad\u00e9quat pour organiser un \u00e9v\u00e9nement sur mesure.\" \/>\n<meta property=\"og:url\" content=\"https:\/\/www.myallmeeting.com\/fr\/article\/reservez-facilement-votre-salle-de-reunion-my-all-meeting-par-accor\/\" \/>\n<meta property=\"og:site_name\" content=\"Accor MyAllMeeting.com\" \/>\n<meta property=\"article:modified_time\" content=\"2024-12-02T15:09:54+00:00\" \/>\n<meta property=\"og:image\" content=\"https:\/\/myallmeeting.com\/wp-content\/uploads\/2017\/10\/MAM-baner-1920x570-69.png\" \/>\n\t<meta property=\"og:image:width\" content=\"1920\" \/>\n\t<meta property=\"og:image:height\" content=\"570\" \/>\n\t<meta property=\"og:image:type\" content=\"image\/png\" \/>\n<meta name=\"twitter:card\" content=\"summary_large_image\" \/>\n<meta name=\"twitter:label1\" content=\"Dur\u00e9e de lecture estim\u00e9e\" \/>\n\t<meta name=\"twitter:data1\" content=\"5 minutes\" \/>\n<script type=\"application\/ld+json\" class=\"yoast-schema-graph\">{\"@context\":\"https:\/\/schema.org\",\"@graph\":[{\"@type\":\"WebPage\",\"@id\":\"https:\/\/www.myallmeeting.com\/fr\/article\/reservez-facilement-votre-salle-de-reunion-my-all-meeting-par-accor\/\",\"url\":\"https:\/\/www.myallmeeting.com\/fr\/article\/reservez-facilement-votre-salle-de-reunion-my-all-meeting-par-accor\/\",\"name\":\"R\u00e9servez facilement votre salle de r\u00e9union My All Meeting par ACCOR - Accor MyAllMeeting.com\",\"isPartOf\":{\"@id\":\"https:\/\/www.myallmeeting.com\/fr\/#website\"},\"primaryImageOfPage\":{\"@id\":\"https:\/\/www.myallmeeting.com\/fr\/article\/reservez-facilement-votre-salle-de-reunion-my-all-meeting-par-accor\/#primaryimage\"},\"image\":{\"@id\":\"https:\/\/www.myallmeeting.com\/fr\/article\/reservez-facilement-votre-salle-de-reunion-my-all-meeting-par-accor\/#primaryimage\"},\"thumbnailUrl\":\"https:\/\/www.myallmeeting.com\/wp-content\/uploads\/2017\/10\/MAM-baner-1920x570-69.png\",\"datePublished\":\"2017-10-17T13:40:35+00:00\",\"dateModified\":\"2024-12-02T15:09:54+00:00\",\"breadcrumb\":{\"@id\":\"https:\/\/www.myallmeeting.com\/fr\/article\/reservez-facilement-votre-salle-de-reunion-my-all-meeting-par-accor\/#breadcrumb\"},\"inLanguage\":\"fr-FR\",\"potentialAction\":[{\"@type\":\"ReadAction\",\"target\":[\"https:\/\/www.myallmeeting.com\/fr\/article\/reservez-facilement-votre-salle-de-reunion-my-all-meeting-par-accor\/\"]}]},{\"@type\":\"ImageObject\",\"inLanguage\":\"fr-FR\",\"@id\":\"https:\/\/www.myallmeeting.com\/fr\/article\/reservez-facilement-votre-salle-de-reunion-my-all-meeting-par-accor\/#primaryimage\",\"url\":\"https:\/\/www.myallmeeting.com\/wp-content\/uploads\/2017\/10\/MAM-baner-1920x570-69.png\",\"contentUrl\":\"https:\/\/www.myallmeeting.com\/wp-content\/uploads\/2017\/10\/MAM-baner-1920x570-69.png\",\"width\":1920,\"height\":570},{\"@type\":\"BreadcrumbList\",\"@id\":\"https:\/\/www.myallmeeting.com\/fr\/article\/reservez-facilement-votre-salle-de-reunion-my-all-meeting-par-accor\/#breadcrumb\",\"itemListElement\":[{\"@type\":\"ListItem\",\"position\":1,\"name\":\"Accueil\",\"item\":\"https:\/\/myallmeeting.com\/fr\/\"},{\"@type\":\"ListItem\",\"position\":2,\"name\":\"Actualit\u00e9s\",\"item\":\"https:\/\/www.myallmeeting.com\/fr\/actualite\/\"},{\"@type\":\"ListItem\",\"position\":3,\"name\":\"R\u00e9servez facilement votre salle de r\u00e9union My All Meeting par ACCOR\"}]},{\"@type\":\"WebSite\",\"@id\":\"https:\/\/www.myallmeeting.com\/fr\/#website\",\"url\":\"https:\/\/www.myallmeeting.com\/fr\/\",\"name\":\"Accor MyAllMeeting.com\",\"description\":\"Les Meilleurs lieux pour vos Ev\u00e9nements Professionnels\",\"publisher\":{\"@id\":\"https:\/\/www.myallmeeting.com\/fr\/#organization\"},\"potentialAction\":[{\"@type\":\"SearchAction\",\"target\":{\"@type\":\"EntryPoint\",\"urlTemplate\":\"https:\/\/www.myallmeeting.com\/fr\/?s={search_term_string}\"},\"query-input\":{\"@type\":\"PropertyValueSpecification\",\"valueRequired\":true,\"valueName\":\"search_term_string\"}}],\"inLanguage\":\"fr-FR\"},{\"@type\":\"Organization\",\"@id\":\"https:\/\/www.myallmeeting.com\/fr\/#organization\",\"name\":\"ACCOR\",\"url\":\"https:\/\/www.myallmeeting.com\/fr\/\",\"logo\":{\"@type\":\"ImageObject\",\"inLanguage\":\"fr-FR\",\"@id\":\"https:\/\/www.myallmeeting.com\/fr\/#\/schema\/logo\/image\/\",\"url\":\"\",\"contentUrl\":\"\",\"caption\":\"ACCOR\"},\"image\":{\"@id\":\"https:\/\/www.myallmeeting.com\/fr\/#\/schema\/logo\/image\/\"}}]}<\/script>","yoast_head_json":{"title":"R\u00e9servez facilement votre salle de r\u00e9union My All Meeting par ACCOR - Accor MyAllMeeting.com","robots":{"index":"index","follow":"follow","max-snippet":"max-snippet:-1","max-image-preview":"max-image-preview:large","max-video-preview":"max-video-preview:-1"},"canonical":"https:\/\/www.myallmeeting.com\/fr\/wp-json\/wp\/v2\/article\/15226782","og_locale":"fr_FR","og_type":"article","og_title":"R\u00e9servez facilement votre salle de r\u00e9union My All Meeting par ACCOR - Accor MyAllMeeting.com","og_description":"Lieu ad\u00e9quat en fonction de votre \u00e9v\u00e9nement, offre adapt\u00e9e \u00e0 vos besoins, r\u00e9servation en quelques clics... Le groupe Accor vous pr\u00e9sente sa plateforme My All Meeting, l\u2019outil ad\u00e9quat pour organiser un \u00e9v\u00e9nement sur mesure.","og_url":"https:\/\/www.myallmeeting.com\/fr\/article\/reservez-facilement-votre-salle-de-reunion-my-all-meeting-par-accor\/","og_site_name":"Accor MyAllMeeting.com","article_modified_time":"2024-12-02T15:09:54+00:00","og_image":[{"width":1920,"height":570,"url":"https:\/\/myallmeeting.com\/wp-content\/uploads\/2017\/10\/MAM-baner-1920x570-69.png","type":"image\/png"}],"twitter_card":"summary_large_image","twitter_misc":{"Dur\u00e9e de lecture estim\u00e9e":"5 minutes"},"schema":{"@context":"https:\/\/schema.org","@graph":[{"@type":"WebPage","@id":"https:\/\/www.myallmeeting.com\/fr\/article\/reservez-facilement-votre-salle-de-reunion-my-all-meeting-par-accor\/","url":"https:\/\/www.myallmeeting.com\/fr\/article\/reservez-facilement-votre-salle-de-reunion-my-all-meeting-par-accor\/","name":"R\u00e9servez facilement votre salle de r\u00e9union My All Meeting par ACCOR - Accor MyAllMeeting.com","isPartOf":{"@id":"https:\/\/www.myallmeeting.com\/fr\/#website"},"primaryImageOfPage":{"@id":"https:\/\/www.myallmeeting.com\/fr\/article\/reservez-facilement-votre-salle-de-reunion-my-all-meeting-par-accor\/#primaryimage"},"image":{"@id":"https:\/\/www.myallmeeting.com\/fr\/article\/reservez-facilement-votre-salle-de-reunion-my-all-meeting-par-accor\/#primaryimage"},"thumbnailUrl":"https:\/\/www.myallmeeting.com\/wp-content\/uploads\/2017\/10\/MAM-baner-1920x570-69.png","datePublished":"2017-10-17T13:40:35+00:00","dateModified":"2024-12-02T15:09:54+00:00","breadcrumb":{"@id":"https:\/\/www.myallmeeting.com\/fr\/article\/reservez-facilement-votre-salle-de-reunion-my-all-meeting-par-accor\/#breadcrumb"},"inLanguage":"fr-FR","potentialAction":[{"@type":"ReadAction","target":["https:\/\/www.myallmeeting.com\/fr\/article\/reservez-facilement-votre-salle-de-reunion-my-all-meeting-par-accor\/"]}]},{"@type":"ImageObject","inLanguage":"fr-FR","@id":"https:\/\/www.myallmeeting.com\/fr\/article\/reservez-facilement-votre-salle-de-reunion-my-all-meeting-par-accor\/#primaryimage","url":"https:\/\/www.myallmeeting.com\/wp-content\/uploads\/2017\/10\/MAM-baner-1920x570-69.png","contentUrl":"https:\/\/www.myallmeeting.com\/wp-content\/uploads\/2017\/10\/MAM-baner-1920x570-69.png","width":1920,"height":570},{"@type":"BreadcrumbList","@id":"https:\/\/www.myallmeeting.com\/fr\/article\/reservez-facilement-votre-salle-de-reunion-my-all-meeting-par-accor\/#breadcrumb","itemListElement":[{"@type":"ListItem","position":1,"name":"Accueil","item":"https:\/\/myallmeeting.com\/fr\/"},{"@type":"ListItem","position":2,"name":"Actualit\u00e9s","item":"https:\/\/www.myallmeeting.com\/fr\/actualite\/"},{"@type":"ListItem","position":3,"name":"R\u00e9servez facilement votre salle de r\u00e9union My All Meeting par ACCOR"}]},{"@type":"WebSite","@id":"https:\/\/www.myallmeeting.com\/fr\/#website","url":"https:\/\/www.myallmeeting.com\/fr\/","name":"Accor MyAllMeeting.com","description":"Les Meilleurs lieux pour vos Ev\u00e9nements Professionnels","publisher":{"@id":"https:\/\/www.myallmeeting.com\/fr\/#organization"},"potentialAction":[{"@type":"SearchAction","target":{"@type":"EntryPoint","urlTemplate":"https:\/\/www.myallmeeting.com\/fr\/?s={search_term_string}"},"query-input":{"@type":"PropertyValueSpecification","valueRequired":true,"valueName":"search_term_string"}}],"inLanguage":"fr-FR"},{"@type":"Organization","@id":"https:\/\/www.myallmeeting.com\/fr\/#organization","name":"ACCOR","url":"https:\/\/www.myallmeeting.com\/fr\/","logo":{"@type":"ImageObject","inLanguage":"fr-FR","@id":"https:\/\/www.myallmeeting.com\/fr\/#\/schema\/logo\/image\/","url":"","contentUrl":"","caption":"ACCOR"},"image":{"@id":"https:\/\/www.myallmeeting.com\/fr\/#\/schema\/logo\/image\/"}}]}},"_links":{"self":[{"href":"https:\/\/www.myallmeeting.com\/fr\/wp-json\/wp\/v2\/article\/15226782","targetHints":{"allow":["GET"]}}],"collection":[{"href":"https:\/\/www.myallmeeting.com\/fr\/wp-json\/wp\/v2\/article"}],"about":[{"href":"https:\/\/www.myallmeeting.com\/fr\/wp-json\/wp\/v2\/types\/article"}],"wp:featuredmedia":[{"embeddable":true,"href":"https:\/\/www.myallmeeting.com\/fr\/wp-json\/wp\/v2\/media\/16836174"}],"wp:attachment":[{"href":"https:\/\/www.myallmeeting.com\/fr\/wp-json\/wp\/v2\/media?parent=15226782"}],"wp:term":[{"taxonomy":"periscope_categorie_tax","embeddable":true,"href":"https:\/\/www.myallmeeting.com\/fr\/wp-json\/wp\/v2\/periscope_categorie_tax?post=15226782"}],"curies":[{"name":"wp","href":"https:\/\/api.w.org\/{rel}","templated":true}]}}