{"id":15226766,"date":"2018-05-04T17:32:55","date_gmt":"2018-05-04T15:32:55","guid":{"rendered":"https:\/\/myallmeeting.com\/article\/mercure-marseille-centre-vieux-port-des-capacites-seminaires-xxl\/"},"modified":"2024-12-04T17:16:17","modified_gmt":"2024-12-04T16:16:17","slug":"mercure-marseille-centre-vieux-port-des-capacites-seminaires-xxl","status":"publish","type":"article","link":"https:\/\/www.myallmeeting.com\/fr\/article\/mercure-marseille-centre-vieux-port-des-capacites-seminaires-xxl\/","title":{"rendered":"Mercure Marseille Centre Vieux-Port : des capacit\u00e9s s\u00e9minaires XXL"},"content":{"rendered":"<!-- START OF : Composant : block-periscope-theme-section-composant-25-texte-cta-2-images.php -->\n<div class=\"tcta2ia bg-white fs-wysiwyg mb-lg-12\" data-component=\"25-texte-cta-2-images\">\n\t<div class=\"tcta2ia__top\">\n\t\t<div class=\"container-fluid\" style=\"--bs-gutter-x: 0\">\n\t\t\t<div class=\"row\" style=\"--bs-gutter-x: 0\">\n\t\t\t\t<div class=\"col-lg-8\">\n\t\t\t\t\t\t\t\t\t\t<div class=\"bloc-mise-en-avant__top__left\">\n\t\t\t\t\t\t<img decoding=\"async\" src=\"https:\/\/www.myallmeeting.com\/wp-content\/uploads\/2018\/05\/1148_sm_07_p_2048x1536-1268x846.jpg\" class=\"pe-2 pe-lg-0\" width=\"1268\" height=\"846\" alt=\"\" loading=\"lazy\" \/>\n\t\t\t\t\t<\/div>\n\t\t\t\t\t\t\t\t\t\t<div class=\"tcta2ia__bottom d-none d-lg-block pb-12 pt-lg-9 pb-lg-0 pe-lg-10\">\n\t\t\t\t\t\t\t\t\t\t\t\t<h2 class=\"fs-20 fs-lg-32 fw-semibold\">Une ville qui regorge d\u2019histoire<\/h2>\n\t\t\t\t\t\t\t\t\t\t\t\t\t\t\t\t\t\t<div class=\"fs-wysiwyg\"><p>L\u2019h\u00f4tel est nich\u00e9 au c\u0153ur du centre historique de la cit\u00e9 phoc\u00e9enne, entre le Vieux-Port et le Panier, le plus vieux quartier de la ville. \u00c0 ses pieds ont \u00e9t\u00e9 d\u00e9couverts, dans les ann\u00e9es 1970, les vestiges du port antique de Massilia que l\u2019on peut aujourd\u2019hui admirer depuis les hauteurs de l\u2019h\u00f4tel. C\u2019est \u00e0 cette occasion que fut \u00e9rig\u00e9 le <strong>mus\u00e9e d\u2019histoire de Marseille<\/strong> \u2013 le plus grand du genre en Europe \u2013 afin d\u2019y abriter et conserver le fruit de cette trouvaille arch\u00e9ologique. Mus\u00e9e qui a \u00e9t\u00e9 enti\u00e8rement r\u00e9nov\u00e9 \u00e0 l\u2019occasion de la nomination de Marseille \u00ab <strong>Capitale europ\u00e9enne de la Culture <\/strong>\u00bb en 2013.<\/p>\n<\/div>\n\t\t\t\t\t\t\t\t\t\t\t\t<div class=\"d-flex flex-column flex-lg-row align-items-center gap-5 gap-lg-8 justify-content-between\">\n\t\t\t\t\t\t\t<div class=\"fs-20 fs-lg-26 fw-semibold lh-xs\"><\/div>\n\t\t\t\t\t\t\t\t\t\t\t\t\t<\/div>\n\t\t\t\t\t<\/div>\n\t\t\t\t<\/div>\n\t\t\t\t<div class=\"col-lg-4\">\n\t\t\t\t\t<div class=\"tcta2ia__top__right t-0 r-0 bg-primary text-white pt-4 pb-4 px-2 pt-lg-8 pb-lg-16 px-lg-11 pb-xl-30\">\n\t\t\t\t\t\t\t\t\t\t\t\t\t\t\t\t\t\t<h2 class=\"unna fs-36 fs-lg-51 fs-xl-75 fs-italic fw-normal text-secondary\">Mercure Marseille Centre Vieux-Port : des capacit\u00e9s s\u00e9minaires XXL<\/h2>\n\t\t\t\t\t\t\t\t\t\t\t\t\t\t\t\t\t\t<h3 class=\"text-white fs-18 fs-lg-20 fs-xl-28 text-original-case\">Un h\u00f4tel au c\u0153ur de Marseille, facilement accessible<\/h3>\n\t\t\t\t\t\t\t\t\t\t\t\t\t\t\t\t\t\t<div class=\"fs-wysiwyg mb-4 fs-lg-16 fs-xl-20\"><p>Extr\u00eamement bien desservi, le <a href=\"https:\/\/myallmeeting.com\/fr\/hotel\/1148-hotel-mercure-marseille-centre-vieux-port\/\"><strong>Mercure Marseille Centre Vieux-Port<\/strong><\/a> est \u00e0 seulement 100 m des stations de tramway et de m\u00e9tro, \u00e0 10 minutes \u00e0 pied de la gare TGV Saint-Charles, et \u00e0 moins de 30 minutes de l\u2019a\u00e9roport Marseille-Provence. Et si vous circulez en voiture, aucun probl\u00e8me pour vous garer, l\u2019h\u00f4tel dispose de son propre parking s\u00e9curis\u00e9 au niveau -1 du parking Indigo d\u2019une capacit\u00e9 totale de 1 800 places.<\/p>\n<\/div>\n\t\t\t\t\t\t\t\t\t\t\t\t\t\t\t\t\t\t\t\t\t\t\t\t<p class=\"m-0\"><img decoding=\"async\" src=\"https:\/\/www.myallmeeting.com\/wp-content\/uploads\/2018\/05\/1148_dd_03_p_2048x1536-633x398.jpg\" class=\"position-relative l-0\" width=\"633\" height=\"398\" alt=\"\" loading=\"lazy\" \/><\/p>\n\t\t\t\t\t\t\t\t\t\t\t<\/div>\n\t\t\t\t<\/div>\n\t\t\t<\/div>\n\t\t<\/div>\n\t<\/div>\n\t<div class=\"tcta2ia__bottom d-lg-none pb-12 py-lg-9 pe-lg-10\">\n\t\t\t\t<div class=\"h2 fs-20 fs-lg-32 fw-semibold\">Une ville qui regorge d\u2019histoire<\/div>\n\t\t\t\t\t\t<div class=\"fs-wysiwyg\"><p>L\u2019h\u00f4tel est nich\u00e9 au c\u0153ur du centre historique de la cit\u00e9 phoc\u00e9enne, entre le Vieux-Port et le Panier, le plus vieux quartier de la ville. \u00c0 ses pieds ont \u00e9t\u00e9 d\u00e9couverts, dans les ann\u00e9es 1970, les vestiges du port antique de Massilia que l\u2019on peut aujourd\u2019hui admirer depuis les hauteurs de l\u2019h\u00f4tel. C\u2019est \u00e0 cette occasion que fut \u00e9rig\u00e9 le <strong>mus\u00e9e d\u2019histoire de Marseille<\/strong> \u2013 le plus grand du genre en Europe \u2013 afin d\u2019y abriter et conserver le fruit de cette trouvaille arch\u00e9ologique. Mus\u00e9e qui a \u00e9t\u00e9 enti\u00e8rement r\u00e9nov\u00e9 \u00e0 l\u2019occasion de la nomination de Marseille \u00ab <strong>Capitale europ\u00e9enne de la Culture <\/strong>\u00bb en 2013.<\/p>\n<\/div>\n\t\t\t\t<div class=\"d-flex flex-column flex-lg-row align-items-center gap-5 gap-lg-8 justify-content-between\">\n\t\t\t<div class=\"fs-20 fs-lg-26 fw-semibold lh-xs\"><\/div>\n\t\t\t\t\t<\/div>\n\t<\/div>\n<\/div>\n<!-- END OF : Composant : block-periscope-theme-section-composant-25-texte-cta-2-images.php -->\n\n\n<!-- START OF : Composant : block-periscope-theme-section-composant-33-texte-image.php -->\n<div class=\"text-image fs-wysiwyg mb-8 mb-lg-12\" data-component=\"33-texte-image\">\n\t<div class=\"container-fluid\" style=\"--bs-gutter-x: 0\">\n\t\t<div class=\"row\" style=\"--bs-gutter-x: 0\">\n\t\t\t\t\t\t<div class=\"col-lg-6 mb-7 mb-lg-0\">\n\t\t\t\t<img decoding=\"async\" src=\"https:\/\/www.myallmeeting.com\/wp-content\/uploads\/2018\/05\/1148_sm_04_p_2048x1536-953x600.jpg\" width=\"953\" height=\"600\" alt=\"\" loading=\"lazy\" class=\"w-100\" \/>\n\t\t\t<\/div>\n\t\t\t\t\t\t<div class=\"col-lg-6\">\n\t\t\t\t<div class=\"text-image__content\">\n\t\t\t\t\t\t\t\t\t\t<div class=\"fw-semibold lh-xs fs-20 fs-lg-32 ls--25 mb-5\">La plus grande capacit\u00e9 en s\u00e9minaire et r\u00e9union de Marseille<\/div>\n\t\t\t\t\t\t\t\t\t\t\t\t\t\t\t<div class=\"fs-wysiwyg\">\n\t\t\t\t\t\t<p>Situ\u00e9 juste \u00e0 c\u00f4t\u00e9 du World Trade Center Marseille Provence, le Mercure Marseille Centre Vieux-Port avec ses 200 chambres est l\u2019h\u00f4tel id\u00e9al pour accueillir vos s\u00e9minaires. Il offre 1 350 m\u00b2 d&rsquo;espace de r\u00e9union et un parking priv\u00e9 pour vous permettre d&rsquo;organiser vos \u00e9v\u00e9nements d&rsquo;affaires jusqu\u2019\u00e0 300 personnes. Avec sa vue sur Notre-Dame de la Garde, son bar lounge et son centre de fitness, l\u2019h\u00f4tel \u00e0 Marseille est le leader dans l\u2019organisation de vos s\u00e9minaires\u00a0!<\/p>\n<p>Le Chef vous fera \u00e9galement d\u00e9couvrir une cuisine locale et des sp\u00e9cialit\u00e9s r\u00e9gionales lors de vos diff\u00e9rents repas !<\/p>\n\t\t\t\t\t<\/div>\n\t\t\t\t\t\t\t\t\t<\/div>\n\t\t\t<\/div>        \n\t\t<\/div>\n\t<\/div>\n<\/div>\n<!-- END OF : Composant : block-periscope-theme-section-composant-33-texte-image.php -->\n\n\n<!-- START OF : Composant : block-periscope-theme-section-composant-33-texte-image.php -->\n<!-- INVERSE -->\n<div class=\"text-image fs-wysiwyg mb-8 mb-lg-12\" data-component=\"33-texte-image\" data-reverse=\"oui\">\n\t<div class=\"container-fluid\" style=\"--bs-gutter-x: 0\">\n\t\t<div class=\"row\" style=\"--bs-gutter-x: 0\">\n\t\t\t<div class=\"col-lg-6\">\n\t\t\t\t<div class=\"text-image__content\">\n\t\t\t\t\t\t\t\t\t\t<div class=\"fw-semibold lh-xs fs-20 fs-lg-32 ls--25 mb-5\">Des \u00e9v\u00e8nements hors norme<\/div>\n\t\t\t\t\t\t\t\t\t\t\t\t\t\t\t<div class=\"fs-wysiwyg\">\n\t\t\t\t\t\t<p>Pour r\u00e9sumer, le\u00a0Mercure Marseille Centre Vieux-Port\u00a0est un \u00e9tablissement\u00a0<em>midscale<\/em>\u00a0aux capacit\u00e9s d\u2019accueil d\u2019\u00e9v\u00e9nements professionnels hors norme, qui offre\u00a0un <strong>excellent rapport qualit\u00e9-prix<\/strong> pour un h\u00f4tel situ\u00e9 en <strong>plein c\u0153ur de Marseille<\/strong>. Dans un autre registre, sur le segment du haut de gamme, le\u00a0Sofitel Marseille Vieux-Port peut \u00e9galement accueillir de nombreux types d\u2019\u00e9v\u00e9nements professionnels.<\/p>\n<p>C\u00f4t\u00e9 loisirs et <em>incentives<\/em>, le Mercure Marseille Centre Vieux-Port n\u2019est pas en reste puisqu\u2019une salle de fitness est accessible aux plus sportifs de vos collaborateurs. Et de nombreuses activit\u00e9s loisirs d\u2019entreprise sont d\u2019ores et d\u00e9j\u00e0 propos\u00e9es : p\u00e9tanque pour un teambuilding<a href=\"https:\/\/myallmeeting.com\/fr?p=25683\"><\/a>\u00a0\u00e0 l\u2019accent local, sortie en bateau pour aller voir les magnifiques calanques toutes proches ou encore balade-d\u00e9couverte des sites historiques de Marseille et de son c\u00e9l\u00e8bre mus\u00e9e.<\/p>\n\t\t\t\t\t<\/div>\n\t\t\t\t\t\t\t\t\t<\/div>\n\t\t\t<\/div>    \n\t\t\t    \n\t\t\t<div class=\"col-lg-6 order-first order-lg-last mb-7 mb-lg-0\">\n\t\t\t\t<img decoding=\"async\" src=\"https:\/\/www.myallmeeting.com\/wp-content\/uploads\/2018\/05\/1148_bu_01_p_2048x1536-953x600.jpg\" width=\"953\" height=\"600\" alt=\"\" loading=\"lazy\" class=\"w-100\" \/>\n\t\t\t<\/div>\n\t\t\t\t\t<\/div>\n\t<\/div>\n<\/div>\n<!-- END OF : Composant : block-periscope-theme-section-composant-33-texte-image.php -->\n","protected":false},"excerpt":{"rendered":"<p>Pour votre \u00e9v\u00e8nement, venez d\u00e9couvrir l\u2019h\u00f4tel disposant des plus grands espaces de r\u00e9union de Marseille <\/p>\n","protected":false},"featured_media":16762306,"menu_order":0,"template":"","periscope_categorie_tax":[1650],"class_list":["post-15226766","article","type-article","status-publish","has-post-thumbnail","hentry","periscope_categorie_tax-decouvrez-nos-adresses"],"acf":[],"yoast_head":"<title>Mercure Marseille Centre Vieux-Port : des capacit\u00e9s s\u00e9minaires XXL - Accor MyAllMeeting.com<\/title>\n<meta name=\"robots\" content=\"index, follow, max-snippet:-1, max-image-preview:large, max-video-preview:-1\" \/>\n<link rel=\"canonical\" href=\"https:\/\/www.myallmeeting.com\/fr\/wp-json\/wp\/v2\/article\/15226766\" \/>\n<meta property=\"og:locale\" content=\"fr_FR\" \/>\n<meta property=\"og:type\" content=\"article\" \/>\n<meta property=\"og:title\" content=\"Mercure Marseille Centre Vieux-Port : des capacit\u00e9s s\u00e9minaires XXL - Accor MyAllMeeting.com\" \/>\n<meta property=\"og:description\" content=\"Pour votre \u00e9v\u00e8nement, venez d\u00e9couvrir l\u2019h\u00f4tel disposant des plus grands espaces de r\u00e9union de Marseille\" \/>\n<meta property=\"og:url\" content=\"https:\/\/www.myallmeeting.com\/fr\/article\/mercure-marseille-centre-vieux-port-des-capacites-seminaires-xxl\/\" \/>\n<meta property=\"og:site_name\" content=\"Accor MyAllMeeting.com\" \/>\n<meta property=\"article:modified_time\" content=\"2024-12-04T16:16:17+00:00\" \/>\n<meta property=\"og:image\" content=\"http:\/\/myallmeeting.com\/wp-content\/uploads\/2018\/05\/MAM-baner-1920x570-60.png\" \/>\n\t<meta property=\"og:image:width\" content=\"1920\" \/>\n\t<meta property=\"og:image:height\" content=\"570\" \/>\n\t<meta property=\"og:image:type\" content=\"image\/png\" \/>\n<meta name=\"twitter:card\" content=\"summary_large_image\" \/>\n<meta name=\"twitter:label1\" content=\"Dur\u00e9e de lecture estim\u00e9e\" \/>\n\t<meta name=\"twitter:data1\" content=\"4 minutes\" \/>\n<script type=\"application\/ld+json\" class=\"yoast-schema-graph\">{\"@context\":\"https:\/\/schema.org\",\"@graph\":[{\"@type\":\"WebPage\",\"@id\":\"https:\/\/www.myallmeeting.com\/fr\/article\/mercure-marseille-centre-vieux-port-des-capacites-seminaires-xxl\/\",\"url\":\"https:\/\/www.myallmeeting.com\/fr\/article\/mercure-marseille-centre-vieux-port-des-capacites-seminaires-xxl\/\",\"name\":\"Mercure Marseille Centre Vieux-Port : des capacit\u00e9s s\u00e9minaires XXL - Accor MyAllMeeting.com\",\"isPartOf\":{\"@id\":\"https:\/\/www.myallmeeting.com\/fr\/#website\"},\"primaryImageOfPage\":{\"@id\":\"https:\/\/www.myallmeeting.com\/fr\/article\/mercure-marseille-centre-vieux-port-des-capacites-seminaires-xxl\/#primaryimage\"},\"image\":{\"@id\":\"https:\/\/www.myallmeeting.com\/fr\/article\/mercure-marseille-centre-vieux-port-des-capacites-seminaires-xxl\/#primaryimage\"},\"thumbnailUrl\":\"https:\/\/www.myallmeeting.com\/wp-content\/uploads\/2018\/05\/MAM-baner-1920x570-60.png\",\"datePublished\":\"2018-05-04T15:32:55+00:00\",\"dateModified\":\"2024-12-04T16:16:17+00:00\",\"breadcrumb\":{\"@id\":\"https:\/\/www.myallmeeting.com\/fr\/article\/mercure-marseille-centre-vieux-port-des-capacites-seminaires-xxl\/#breadcrumb\"},\"inLanguage\":\"fr-FR\",\"potentialAction\":[{\"@type\":\"ReadAction\",\"target\":[\"https:\/\/www.myallmeeting.com\/fr\/article\/mercure-marseille-centre-vieux-port-des-capacites-seminaires-xxl\/\"]}]},{\"@type\":\"ImageObject\",\"inLanguage\":\"fr-FR\",\"@id\":\"https:\/\/www.myallmeeting.com\/fr\/article\/mercure-marseille-centre-vieux-port-des-capacites-seminaires-xxl\/#primaryimage\",\"url\":\"https:\/\/www.myallmeeting.com\/wp-content\/uploads\/2018\/05\/MAM-baner-1920x570-60.png\",\"contentUrl\":\"https:\/\/www.myallmeeting.com\/wp-content\/uploads\/2018\/05\/MAM-baner-1920x570-60.png\",\"width\":1920,\"height\":570},{\"@type\":\"BreadcrumbList\",\"@id\":\"https:\/\/www.myallmeeting.com\/fr\/article\/mercure-marseille-centre-vieux-port-des-capacites-seminaires-xxl\/#breadcrumb\",\"itemListElement\":[{\"@type\":\"ListItem\",\"position\":1,\"name\":\"Accueil\",\"item\":\"https:\/\/myallmeeting.com\/fr\/\"},{\"@type\":\"ListItem\",\"position\":2,\"name\":\"Actualit\u00e9s\",\"item\":\"https:\/\/www.myallmeeting.com\/fr\/actualite\/\"},{\"@type\":\"ListItem\",\"position\":3,\"name\":\"Mercure Marseille Centre Vieux-Port : des capacit\u00e9s s\u00e9minaires XXL\"}]},{\"@type\":\"WebSite\",\"@id\":\"https:\/\/www.myallmeeting.com\/fr\/#website\",\"url\":\"https:\/\/www.myallmeeting.com\/fr\/\",\"name\":\"Accor MyAllMeeting.com\",\"description\":\"Les Meilleurs lieux pour vos Ev\u00e9nements Professionnels\",\"publisher\":{\"@id\":\"https:\/\/www.myallmeeting.com\/fr\/#organization\"},\"potentialAction\":[{\"@type\":\"SearchAction\",\"target\":{\"@type\":\"EntryPoint\",\"urlTemplate\":\"https:\/\/www.myallmeeting.com\/fr\/?s={search_term_string}\"},\"query-input\":{\"@type\":\"PropertyValueSpecification\",\"valueRequired\":true,\"valueName\":\"search_term_string\"}}],\"inLanguage\":\"fr-FR\"},{\"@type\":\"Organization\",\"@id\":\"https:\/\/www.myallmeeting.com\/fr\/#organization\",\"name\":\"ACCOR\",\"url\":\"https:\/\/www.myallmeeting.com\/fr\/\",\"logo\":{\"@type\":\"ImageObject\",\"inLanguage\":\"fr-FR\",\"@id\":\"https:\/\/www.myallmeeting.com\/fr\/#\/schema\/logo\/image\/\",\"url\":\"\",\"contentUrl\":\"\",\"caption\":\"ACCOR\"},\"image\":{\"@id\":\"https:\/\/www.myallmeeting.com\/fr\/#\/schema\/logo\/image\/\"}}]}<\/script>","yoast_head_json":{"title":"Mercure Marseille Centre Vieux-Port : des capacit\u00e9s s\u00e9minaires XXL - Accor MyAllMeeting.com","robots":{"index":"index","follow":"follow","max-snippet":"max-snippet:-1","max-image-preview":"max-image-preview:large","max-video-preview":"max-video-preview:-1"},"canonical":"https:\/\/www.myallmeeting.com\/fr\/wp-json\/wp\/v2\/article\/15226766","og_locale":"fr_FR","og_type":"article","og_title":"Mercure Marseille Centre Vieux-Port : des capacit\u00e9s s\u00e9minaires XXL - Accor MyAllMeeting.com","og_description":"Pour votre \u00e9v\u00e8nement, venez d\u00e9couvrir l\u2019h\u00f4tel disposant des plus grands espaces de r\u00e9union de Marseille","og_url":"https:\/\/www.myallmeeting.com\/fr\/article\/mercure-marseille-centre-vieux-port-des-capacites-seminaires-xxl\/","og_site_name":"Accor MyAllMeeting.com","article_modified_time":"2024-12-04T16:16:17+00:00","og_image":[{"width":1920,"height":570,"url":"http:\/\/myallmeeting.com\/wp-content\/uploads\/2018\/05\/MAM-baner-1920x570-60.png","type":"image\/png"}],"twitter_card":"summary_large_image","twitter_misc":{"Dur\u00e9e de lecture estim\u00e9e":"4 minutes"},"schema":{"@context":"https:\/\/schema.org","@graph":[{"@type":"WebPage","@id":"https:\/\/www.myallmeeting.com\/fr\/article\/mercure-marseille-centre-vieux-port-des-capacites-seminaires-xxl\/","url":"https:\/\/www.myallmeeting.com\/fr\/article\/mercure-marseille-centre-vieux-port-des-capacites-seminaires-xxl\/","name":"Mercure Marseille Centre Vieux-Port : des capacit\u00e9s s\u00e9minaires XXL - Accor MyAllMeeting.com","isPartOf":{"@id":"https:\/\/www.myallmeeting.com\/fr\/#website"},"primaryImageOfPage":{"@id":"https:\/\/www.myallmeeting.com\/fr\/article\/mercure-marseille-centre-vieux-port-des-capacites-seminaires-xxl\/#primaryimage"},"image":{"@id":"https:\/\/www.myallmeeting.com\/fr\/article\/mercure-marseille-centre-vieux-port-des-capacites-seminaires-xxl\/#primaryimage"},"thumbnailUrl":"https:\/\/www.myallmeeting.com\/wp-content\/uploads\/2018\/05\/MAM-baner-1920x570-60.png","datePublished":"2018-05-04T15:32:55+00:00","dateModified":"2024-12-04T16:16:17+00:00","breadcrumb":{"@id":"https:\/\/www.myallmeeting.com\/fr\/article\/mercure-marseille-centre-vieux-port-des-capacites-seminaires-xxl\/#breadcrumb"},"inLanguage":"fr-FR","potentialAction":[{"@type":"ReadAction","target":["https:\/\/www.myallmeeting.com\/fr\/article\/mercure-marseille-centre-vieux-port-des-capacites-seminaires-xxl\/"]}]},{"@type":"ImageObject","inLanguage":"fr-FR","@id":"https:\/\/www.myallmeeting.com\/fr\/article\/mercure-marseille-centre-vieux-port-des-capacites-seminaires-xxl\/#primaryimage","url":"https:\/\/www.myallmeeting.com\/wp-content\/uploads\/2018\/05\/MAM-baner-1920x570-60.png","contentUrl":"https:\/\/www.myallmeeting.com\/wp-content\/uploads\/2018\/05\/MAM-baner-1920x570-60.png","width":1920,"height":570},{"@type":"BreadcrumbList","@id":"https:\/\/www.myallmeeting.com\/fr\/article\/mercure-marseille-centre-vieux-port-des-capacites-seminaires-xxl\/#breadcrumb","itemListElement":[{"@type":"ListItem","position":1,"name":"Accueil","item":"https:\/\/myallmeeting.com\/fr\/"},{"@type":"ListItem","position":2,"name":"Actualit\u00e9s","item":"https:\/\/www.myallmeeting.com\/fr\/actualite\/"},{"@type":"ListItem","position":3,"name":"Mercure Marseille Centre Vieux-Port : des capacit\u00e9s s\u00e9minaires XXL"}]},{"@type":"WebSite","@id":"https:\/\/www.myallmeeting.com\/fr\/#website","url":"https:\/\/www.myallmeeting.com\/fr\/","name":"Accor MyAllMeeting.com","description":"Les Meilleurs lieux pour vos Ev\u00e9nements Professionnels","publisher":{"@id":"https:\/\/www.myallmeeting.com\/fr\/#organization"},"potentialAction":[{"@type":"SearchAction","target":{"@type":"EntryPoint","urlTemplate":"https:\/\/www.myallmeeting.com\/fr\/?s={search_term_string}"},"query-input":{"@type":"PropertyValueSpecification","valueRequired":true,"valueName":"search_term_string"}}],"inLanguage":"fr-FR"},{"@type":"Organization","@id":"https:\/\/www.myallmeeting.com\/fr\/#organization","name":"ACCOR","url":"https:\/\/www.myallmeeting.com\/fr\/","logo":{"@type":"ImageObject","inLanguage":"fr-FR","@id":"https:\/\/www.myallmeeting.com\/fr\/#\/schema\/logo\/image\/","url":"","contentUrl":"","caption":"ACCOR"},"image":{"@id":"https:\/\/www.myallmeeting.com\/fr\/#\/schema\/logo\/image\/"}}]}},"_links":{"self":[{"href":"https:\/\/www.myallmeeting.com\/fr\/wp-json\/wp\/v2\/article\/15226766","targetHints":{"allow":["GET"]}}],"collection":[{"href":"https:\/\/www.myallmeeting.com\/fr\/wp-json\/wp\/v2\/article"}],"about":[{"href":"https:\/\/www.myallmeeting.com\/fr\/wp-json\/wp\/v2\/types\/article"}],"wp:featuredmedia":[{"embeddable":true,"href":"https:\/\/www.myallmeeting.com\/fr\/wp-json\/wp\/v2\/media\/16762306"}],"wp:attachment":[{"href":"https:\/\/www.myallmeeting.com\/fr\/wp-json\/wp\/v2\/media?parent=15226766"}],"wp:term":[{"taxonomy":"periscope_categorie_tax","embeddable":true,"href":"https:\/\/www.myallmeeting.com\/fr\/wp-json\/wp\/v2\/periscope_categorie_tax?post=15226766"}],"curies":[{"name":"wp","href":"https:\/\/api.w.org\/{rel}","templated":true}]}}