{"id":15226764,"date":"2018-05-30T15:00:06","date_gmt":"2018-05-30T13:00:06","guid":{"rendered":"https:\/\/myallmeeting.com\/article\/les-avantages-dun-seminaire-professionnel-dans-un-hotel\/"},"modified":"2024-07-09T18:01:47","modified_gmt":"2024-07-09T16:01:47","slug":"les-avantages-dun-seminaire-professionnel-dans-un-hotel","status":"publish","type":"article","link":"https:\/\/www.myallmeeting.com\/fr\/article\/les-avantages-dun-seminaire-professionnel-dans-un-hotel\/","title":{"rendered":"Les avantages d\u2019un s\u00e9minaire professionnel dans un h\u00f4tel"},"content":{"rendered":"<!-- START OF : Composant : block-periscope-theme-section-composant-25-texte-cta-2-images.php -->\n<div class=\"tcta2ia bg-white fs-wysiwyg mb-lg-12\" data-component=\"25-texte-cta-2-images\">\n\t<div class=\"tcta2ia__top\">\n\t\t<div class=\"container-fluid\" style=\"--bs-gutter-x: 0\">\n\t\t\t<div class=\"row\" style=\"--bs-gutter-x: 0\">\n\t\t\t\t<div class=\"col-lg-8\">\n\t\t\t\t\t\t\t\t\t\t<div class=\"bloc-mise-en-avant__top__left\">\n\t\t\t\t\t\t<img decoding=\"async\" src=\"https:\/\/www.myallmeeting.com\/wp-content\/uploads\/2018\/05\/Fairmont-Monte-Carlo-5-1268x846.jpg\" class=\"pe-2 pe-lg-0\" width=\"1268\" height=\"846\" alt=\"avantages s\u00e9minaires h\u00f4tel salle fairmont\" loading=\"lazy\" \/>\n\t\t\t\t\t<\/div>\n\t\t\t\t\t\t\t\t\t\t<div class=\"tcta2ia__bottom d-none d-lg-block pb-12 pt-lg-9 pb-lg-0 pe-lg-10\">\n\t\t\t\t\t\t\t\t\t\t\t\t<h2 class=\"fs-20 fs-lg-32 fw-semibold\">L\u2019h\u00f4tel : le lieu id\u00e9al tout en un<\/h2>\n\t\t\t\t\t\t\t\t\t\t\t\t\t\t\t\t\t\t<div class=\"fs-wysiwyg\"><p><span style=\"font-weight: 400;\">Des lieux d\u2019exception avec de magnifiques espaces de r\u00e9union et qui ne sont pas forc\u00e9ment tr\u00e8s loin de chez vous gr\u00e2ce \u00e0 notre maillage territorial fort.\u00a0<\/span><span style=\"font-weight: 400;\">Entre grandes villes et province<\/span><span style=\"font-weight: 400;\">, nous sommes pr\u00e9sents dans toutes les r\u00e9gions de France ainsi que dans les d\u00e9partements et collectivit\u00e9s d\u2019outre-mer. Une\u00a0<\/span><b>proximit\u00e9<\/b><span style=\"font-weight: 400;\">\u00a0qui vous permettra de ma\u00eetriser le budget de d\u00e9placement de vos \u00e9quipes.<\/span><\/p>\n<p><span style=\"font-weight: 400;\">\u00a0<\/span><\/p>\n<p><span style=\"font-weight: 400;\">Proche de la mer, \u00e0 la montagne, ou tout simplement\u00a0<\/span><span style=\"font-weight: 400;\">au vert pr\u00e8s de Paris<\/span><span style=\"font-weight: 400;\">, le choix d\u2019un h\u00f4tel peut \u00e9galement se faire selon une\u00a0<\/span><b>th\u00e9matique<\/b><span style=\"font-weight: 400;\">\u00a0pr\u00e9cise. Un bon moyen de changer de cadre et d\u2019offrir une exp\u00e9rience diff\u00e9rente, id\u00e9ale pour se retrouver en \u00e9quipe et se ressourcer. Parmi ces crit\u00e8res, la qualit\u00e9 de\u00a0<\/span><b>la restauration<\/b><span style=\"font-weight: 400;\">\u00a0est souvent tr\u00e8s recherch\u00e9e. Associ\u00e9e \u00e0 un bel h\u00f4tel bien situ\u00e9, une table gastronomique peut laisser un excellent souvenir \u00e0 vos collaborateurs. L\u00e0 aussi,\u00a0<\/span><b>Accor<\/b><span style=\"font-weight: 400;\">\u00a0a mis les petits plats dans les grands et vous propose\u00a0<\/span><span style=\"font-weight: 400;\">une s\u00e9lection de restaurants d\u2019exception<\/span><span style=\"font-weight: 400;\">\u00a0dirig\u00e9s par certains des meilleurs chefs du monde tels que\u00a0<\/span><b>Pierre Gagnaire<\/b><span style=\"font-weight: 400;\">,\u00a0<\/span><b>Johan Thyriot<\/b><span style=\"font-weight: 400;\">\u00a0ou encore le Japonais\u00a0<\/span><b>Nobuyuki Matsuhisa<\/b><span style=\"font-weight: 400;\">.<\/span><\/p>\n<p><span style=\"font-weight: 400;\">\u00a0<\/span><\/p>\n<p><span style=\"font-weight: 400;\">Enfin, choisir un h\u00f4tel, c\u2019est aussi l\u2019occasion d\u2019organiser\u00a0<\/span><span style=\"font-weight: 400;\">des <\/span><i><span style=\"font-weight: 400;\">incentives<\/span><\/i><span style=\"font-weight: 400;\"> aux couleurs locales<\/span><span style=\"font-weight: 400;\">\u00a0pour amuser et souder vos collaborateurs. Si vous cherchez encore l\u2019h\u00f4tel id\u00e9al, voici comment\u00a0<\/span><span style=\"font-weight: 400;\">r\u00e9server facilement votre prochaine salle de r\u00e9union chez Accor<\/span><span style=\"font-weight: 400;\">. En quelques clics, vous pourrez d\u00e9nicher le lieu qui r\u00e9pondra \u00e0 tous vos besoins en un m\u00eame endroit.<\/span><\/p>\n<\/div>\n\t\t\t\t\t\t\t\t\t\t\t\t<div class=\"d-flex flex-column flex-lg-row align-items-center gap-5 gap-lg-8 justify-content-between\">\n\t\t\t\t\t\t\t<div class=\"fs-20 fs-lg-26 fw-semibold lh-xs\"><\/div>\n\t\t\t\t\t\t\t\t\t\t\t\t\t<\/div>\n\t\t\t\t\t<\/div>\n\t\t\t\t<\/div>\n\t\t\t\t<div class=\"col-lg-4\">\n\t\t\t\t\t<div class=\"tcta2ia__top__right t-0 r-0 bg-primary text-white pt-4 pb-4 px-2 pt-lg-8 pb-lg-16 px-lg-11 pb-xl-30\">\n\t\t\t\t\t\t\t\t\t\t\t\t\t\t\t\t\t\t<h2 class=\"unna fs-36 fs-lg-51 fs-xl-75 fs-italic fw-normal text-secondary\">Les avantages d\u2019un s\u00e9minaire professionnel dans un h\u00f4tel<\/h2>\n\t\t\t\t\t\t\t\t\t\t\t\t\t\t\t\t\t\t<h3 class=\"text-white fs-18 fs-lg-20 fs-xl-28 text-original-case\">S\u00e9minaires, congr\u00e8s, journ\u00e9es d\u2019\u00e9tude\u2026 La diversit\u00e9 des tailles et des prestations offertes par une cha\u00eene d\u2019h\u00f4tels permet d\u2019organiser tous les \u00e9v\u00e9nements professionnels possibles. Un h\u00f4tel propose de nombreux services qu\u2019un centre de congr\u00e8s classique ou l\u2019entreprise elle-m\u00eame ne peuvent assurer.<\/h3>\n\t\t\t\t\t\t\t\t\t\t\t\t\t\t\t\t\t\t<div class=\"fs-wysiwyg mb-4 fs-lg-16 fs-xl-20\"><p><b>L\u2019h\u00e9bergement<\/b><span style=\"font-weight: 400;\">\u00a0tout d\u2019abord. Si vous pr\u00e9voyez une convention ou un congr\u00e8s sur plusieurs jours, la question de l\u2019h\u00e9bergement de vos collaborateurs peut s\u2019av\u00e9rer compliqu\u00e9e. Au sein d\u2019un h\u00f4tel, cela devient un atout et un moyen de montrer la consid\u00e9ration de l\u2019entreprise \u00e0 l\u2019\u00e9gard de ses collaborateurs en choisissant un bel h\u00f4tel, confortable et capable d\u2019accueillir des centaines de participants dans les meilleures conditions et dans un m\u00eame lieu. Un excellent moyen de\u00a0<\/span><span style=\"font-weight: 400;\">favoriser en m\u00eame temps le <\/span><i><span style=\"font-weight: 400;\">team building<\/span><\/i><span style=\"font-weight: 400;\">.<\/span><\/p>\n<p><span style=\"font-weight: 400;\">\u00a0<\/span><\/p>\n<p><span style=\"font-weight: 400;\">Faire le choix d\u2019un h\u00f4tel pour votre r\u00e9union, c\u2019est aussi b\u00e9n\u00e9ficier d\u2019un accompagnement\u00a0<\/span><b>sur mesure<\/b><span style=\"font-weight: 400;\">\u00a0et d\u2019une \u00e9quipe \u00e0 votre service pour r\u00e9pondre \u00e0 toutes vos demandes et garantir le succ\u00e8s d\u2019un\u00a0<\/span><b>\u00e9v\u00e9nement personnalis\u00e9<\/b><span style=\"font-weight: 400;\">. Avec plus de 75 destinations en France pour 3 724 salles de r\u00e9union r\u00e9parties sur 878 h\u00f4tels,<\/span><\/p>\n<p><span style=\"font-weight: 400;\">Avec <\/span><b>plus de 75 destinations en France pour 3 724 salles de r\u00e9union r\u00e9parties sur 878 h\u00f4tels<\/b><span style=\"font-weight: 400;\"> (du plus \u00e9conomique au plus luxueux),\u00a0<\/span><b>Accor<\/b><span style=\"font-weight: 400;\">\u00a0est en mesure de vous proposer tous les niveaux de prestations\u00a0: <\/span><span style=\"font-weight: 400;\">de\u00a0<\/span><a href=\"https:\/\/myallmeeting.com\/mes-conseils\/organiser-seminaire-a-petit-prix\/\"><span style=\"font-weight: 400;\">l\u2019offre Ibis \u00e0 petit prix<\/span><\/a><span style=\"font-weight: 400;\">\u00a0au\u00a0<\/span><span style=\"font-weight: 400;\">haut de gamme avec Sofitel<\/span><span style=\"font-weight: 400;\">\u00a0en passant par\u00a0<\/span><span style=\"font-weight: 400;\">la r\u00e9union selon Mercure<\/span><span style=\"font-weight: 400;\">\u00a0et bien d\u2019autres.\u00a0<\/span><\/p>\n<p><span style=\"font-weight: 400;\">Vous pourrez ainsi d\u00e9couvrir notre plus grande salle de r\u00e9union d\u2019une superficie de 1\u00a0400 m<\/span><span style=\"font-weight: 400;\">2<\/span><span style=\"font-weight: 400;\">\u00a0au\u00a0<\/span><a href=\"https:\/\/myallmeeting.com\/fr\/hotel\/a598-fairmont-monte-carlo\/\"><span style=\"font-weight: 400;\">Fairmont Monte-Carlo<\/span><\/a><span style=\"font-weight: 400;\">\u00a0pouvant accueillir jusqu\u2019\u00e0 1\u00a0000 personnes\u00a0; ou notre h\u00f4tel dot\u00e9 du plus grand nombre de salles de r\u00e9union, le\u00a0<\/span><a href=\"https:\/\/myallmeeting.com\/fr\/hotel\/3546-novotel-paris-centre-tour-eiffel\/\"><span style=\"font-weight: 400;\">Novotel Paris Centre Tour Eiffel<\/span><\/a><span style=\"font-weight: 400;\">\u00a0et ses 29 salles d\u2019une capacit\u00e9 totale de 800 personnes.<\/span><\/p>\n<\/div>\n\t\t\t\t\t\t\t\t\t\t\t\t\t\t\t\t\t\t\t\t\t\t\t\t<p class=\"m-0\"><img decoding=\"async\" src=\"https:\/\/www.myallmeeting.com\/wp-content\/uploads\/2018\/05\/Novotel-Paris-Centre-Tour-Eiffel--633x398.jpg\" class=\"position-relative l-0\" width=\"633\" height=\"398\" alt=\"avantages s\u00e9minaires h\u00f4tel diner\" loading=\"lazy\" \/><\/p>\n\t\t\t\t\t\t\t\t\t\t\t<\/div>\n\t\t\t\t<\/div>\n\t\t\t<\/div>\n\t\t<\/div>\n\t<\/div>\n\t<div class=\"tcta2ia__bottom d-lg-none pb-12 py-lg-9 pe-lg-10\">\n\t\t\t\t<div class=\"h2 fs-20 fs-lg-32 fw-semibold\">L\u2019h\u00f4tel : le lieu id\u00e9al tout en un<\/div>\n\t\t\t\t\t\t<div class=\"fs-wysiwyg\"><p><span style=\"font-weight: 400;\">Des lieux d\u2019exception avec de magnifiques espaces de r\u00e9union et qui ne sont pas forc\u00e9ment tr\u00e8s loin de chez vous gr\u00e2ce \u00e0 notre maillage territorial fort.\u00a0<\/span><span style=\"font-weight: 400;\">Entre grandes villes et province<\/span><span style=\"font-weight: 400;\">, nous sommes pr\u00e9sents dans toutes les r\u00e9gions de France ainsi que dans les d\u00e9partements et collectivit\u00e9s d\u2019outre-mer. Une\u00a0<\/span><b>proximit\u00e9<\/b><span style=\"font-weight: 400;\">\u00a0qui vous permettra de ma\u00eetriser le budget de d\u00e9placement de vos \u00e9quipes.<\/span><\/p>\n<p><span style=\"font-weight: 400;\">\u00a0<\/span><\/p>\n<p><span style=\"font-weight: 400;\">Proche de la mer, \u00e0 la montagne, ou tout simplement\u00a0<\/span><span style=\"font-weight: 400;\">au vert pr\u00e8s de Paris<\/span><span style=\"font-weight: 400;\">, le choix d\u2019un h\u00f4tel peut \u00e9galement se faire selon une\u00a0<\/span><b>th\u00e9matique<\/b><span style=\"font-weight: 400;\">\u00a0pr\u00e9cise. Un bon moyen de changer de cadre et d\u2019offrir une exp\u00e9rience diff\u00e9rente, id\u00e9ale pour se retrouver en \u00e9quipe et se ressourcer. Parmi ces crit\u00e8res, la qualit\u00e9 de\u00a0<\/span><b>la restauration<\/b><span style=\"font-weight: 400;\">\u00a0est souvent tr\u00e8s recherch\u00e9e. Associ\u00e9e \u00e0 un bel h\u00f4tel bien situ\u00e9, une table gastronomique peut laisser un excellent souvenir \u00e0 vos collaborateurs. L\u00e0 aussi,\u00a0<\/span><b>Accor<\/b><span style=\"font-weight: 400;\">\u00a0a mis les petits plats dans les grands et vous propose\u00a0<\/span><span style=\"font-weight: 400;\">une s\u00e9lection de restaurants d\u2019exception<\/span><span style=\"font-weight: 400;\">\u00a0dirig\u00e9s par certains des meilleurs chefs du monde tels que\u00a0<\/span><b>Pierre Gagnaire<\/b><span style=\"font-weight: 400;\">,\u00a0<\/span><b>Johan Thyriot<\/b><span style=\"font-weight: 400;\">\u00a0ou encore le Japonais\u00a0<\/span><b>Nobuyuki Matsuhisa<\/b><span style=\"font-weight: 400;\">.<\/span><\/p>\n<p><span style=\"font-weight: 400;\">\u00a0<\/span><\/p>\n<p><span style=\"font-weight: 400;\">Enfin, choisir un h\u00f4tel, c\u2019est aussi l\u2019occasion d\u2019organiser\u00a0<\/span><span style=\"font-weight: 400;\">des <\/span><i><span style=\"font-weight: 400;\">incentives<\/span><\/i><span style=\"font-weight: 400;\"> aux couleurs locales<\/span><span style=\"font-weight: 400;\">\u00a0pour amuser et souder vos collaborateurs. Si vous cherchez encore l\u2019h\u00f4tel id\u00e9al, voici comment\u00a0<\/span><span style=\"font-weight: 400;\">r\u00e9server facilement votre prochaine salle de r\u00e9union chez Accor<\/span><span style=\"font-weight: 400;\">. En quelques clics, vous pourrez d\u00e9nicher le lieu qui r\u00e9pondra \u00e0 tous vos besoins en un m\u00eame endroit.<\/span><\/p>\n<\/div>\n\t\t\t\t<div class=\"d-flex flex-column flex-lg-row align-items-center gap-5 gap-lg-8 justify-content-between\">\n\t\t\t<div class=\"fs-20 fs-lg-26 fw-semibold lh-xs\"><\/div>\n\t\t\t\t\t<\/div>\n\t<\/div>\n<\/div>\n<!-- END OF : Composant : block-periscope-theme-section-composant-25-texte-cta-2-images.php -->\n","protected":false},"excerpt":{"rendered":"<p>D\u00e9couvrez les atouts de nos h\u00f4tels pour des s\u00e9minaires m\u00e9morables.<\/p>\n","protected":false},"featured_media":15964762,"menu_order":0,"template":"","periscope_categorie_tax":[1649],"class_list":["post-15226764","article","type-article","status-publish","has-post-thumbnail","hentry","periscope_categorie_tax-organiser-votre-reunion"],"acf":[],"yoast_head":"<title>Les avantages d\u2019un s\u00e9minaire professionnel dans un h\u00f4tel - Accor MyAllMeeting.com<\/title>\n<meta name=\"robots\" content=\"index, follow, max-snippet:-1, max-image-preview:large, max-video-preview:-1\" \/>\n<link rel=\"canonical\" href=\"https:\/\/www.myallmeeting.com\/fr\/wp-json\/wp\/v2\/article\/15226764\" \/>\n<meta property=\"og:locale\" content=\"fr_FR\" \/>\n<meta property=\"og:type\" content=\"article\" \/>\n<meta property=\"og:title\" content=\"Les avantages d\u2019un s\u00e9minaire professionnel dans un h\u00f4tel - Accor MyAllMeeting.com\" \/>\n<meta property=\"og:description\" content=\"D\u00e9couvrez les atouts de nos h\u00f4tels pour des s\u00e9minaires m\u00e9morables.\" \/>\n<meta property=\"og:url\" content=\"https:\/\/www.myallmeeting.com\/fr\/article\/les-avantages-dun-seminaire-professionnel-dans-un-hotel\/\" \/>\n<meta property=\"og:site_name\" content=\"Accor MyAllMeeting.com\" \/>\n<meta property=\"article:modified_time\" content=\"2024-07-09T16:01:47+00:00\" \/>\n<meta property=\"og:image\" content=\"https:\/\/www.myallmeeting.com\/wp-content\/uploads\/2018\/05\/MAM-imagery-1920-x-570-px-2.png\" \/>\n\t<meta property=\"og:image:width\" content=\"1920\" \/>\n\t<meta property=\"og:image:height\" content=\"570\" \/>\n\t<meta property=\"og:image:type\" content=\"image\/png\" \/>\n<meta name=\"twitter:card\" content=\"summary_large_image\" \/>\n<meta name=\"twitter:label1\" content=\"Dur\u00e9e de lecture estim\u00e9e\" \/>\n\t<meta name=\"twitter:data1\" content=\"4 minutes\" \/>\n<script type=\"application\/ld+json\" class=\"yoast-schema-graph\">{\"@context\":\"https:\/\/schema.org\",\"@graph\":[{\"@type\":\"WebPage\",\"@id\":\"https:\/\/www.myallmeeting.com\/fr\/article\/les-avantages-dun-seminaire-professionnel-dans-un-hotel\/\",\"url\":\"https:\/\/www.myallmeeting.com\/fr\/article\/les-avantages-dun-seminaire-professionnel-dans-un-hotel\/\",\"name\":\"Les avantages d\u2019un s\u00e9minaire professionnel dans un h\u00f4tel - Accor MyAllMeeting.com\",\"isPartOf\":{\"@id\":\"https:\/\/www.myallmeeting.com\/fr\/#website\"},\"primaryImageOfPage\":{\"@id\":\"https:\/\/www.myallmeeting.com\/fr\/article\/les-avantages-dun-seminaire-professionnel-dans-un-hotel\/#primaryimage\"},\"image\":{\"@id\":\"https:\/\/www.myallmeeting.com\/fr\/article\/les-avantages-dun-seminaire-professionnel-dans-un-hotel\/#primaryimage\"},\"thumbnailUrl\":\"https:\/\/www.myallmeeting.com\/wp-content\/uploads\/2018\/05\/MAM-imagery-1920-x-570-px-2.png\",\"datePublished\":\"2018-05-30T13:00:06+00:00\",\"dateModified\":\"2024-07-09T16:01:47+00:00\",\"breadcrumb\":{\"@id\":\"https:\/\/www.myallmeeting.com\/fr\/article\/les-avantages-dun-seminaire-professionnel-dans-un-hotel\/#breadcrumb\"},\"inLanguage\":\"fr-FR\",\"potentialAction\":[{\"@type\":\"ReadAction\",\"target\":[\"https:\/\/www.myallmeeting.com\/fr\/article\/les-avantages-dun-seminaire-professionnel-dans-un-hotel\/\"]}]},{\"@type\":\"ImageObject\",\"inLanguage\":\"fr-FR\",\"@id\":\"https:\/\/www.myallmeeting.com\/fr\/article\/les-avantages-dun-seminaire-professionnel-dans-un-hotel\/#primaryimage\",\"url\":\"https:\/\/www.myallmeeting.com\/wp-content\/uploads\/2018\/05\/MAM-imagery-1920-x-570-px-2.png\",\"contentUrl\":\"https:\/\/www.myallmeeting.com\/wp-content\/uploads\/2018\/05\/MAM-imagery-1920-x-570-px-2.png\",\"width\":1920,\"height\":570},{\"@type\":\"BreadcrumbList\",\"@id\":\"https:\/\/www.myallmeeting.com\/fr\/article\/les-avantages-dun-seminaire-professionnel-dans-un-hotel\/#breadcrumb\",\"itemListElement\":[{\"@type\":\"ListItem\",\"position\":1,\"name\":\"Accueil\",\"item\":\"https:\/\/myallmeeting.com\/fr\/\"},{\"@type\":\"ListItem\",\"position\":2,\"name\":\"Actualit\u00e9s\",\"item\":\"https:\/\/www.myallmeeting.com\/fr\/actualite\/\"},{\"@type\":\"ListItem\",\"position\":3,\"name\":\"Les avantages d\u2019un s\u00e9minaire professionnel dans un h\u00f4tel\"}]},{\"@type\":\"WebSite\",\"@id\":\"https:\/\/www.myallmeeting.com\/fr\/#website\",\"url\":\"https:\/\/www.myallmeeting.com\/fr\/\",\"name\":\"Accor MyAllMeeting.com\",\"description\":\"Les Meilleurs lieux pour vos Ev\u00e9nements Professionnels\",\"publisher\":{\"@id\":\"https:\/\/www.myallmeeting.com\/fr\/#organization\"},\"potentialAction\":[{\"@type\":\"SearchAction\",\"target\":{\"@type\":\"EntryPoint\",\"urlTemplate\":\"https:\/\/www.myallmeeting.com\/fr\/?s={search_term_string}\"},\"query-input\":{\"@type\":\"PropertyValueSpecification\",\"valueRequired\":true,\"valueName\":\"search_term_string\"}}],\"inLanguage\":\"fr-FR\"},{\"@type\":\"Organization\",\"@id\":\"https:\/\/www.myallmeeting.com\/fr\/#organization\",\"name\":\"ACCOR\",\"url\":\"https:\/\/www.myallmeeting.com\/fr\/\",\"logo\":{\"@type\":\"ImageObject\",\"inLanguage\":\"fr-FR\",\"@id\":\"https:\/\/www.myallmeeting.com\/fr\/#\/schema\/logo\/image\/\",\"url\":\"\",\"contentUrl\":\"\",\"caption\":\"ACCOR\"},\"image\":{\"@id\":\"https:\/\/www.myallmeeting.com\/fr\/#\/schema\/logo\/image\/\"}}]}<\/script>","yoast_head_json":{"title":"Les avantages d\u2019un s\u00e9minaire professionnel dans un h\u00f4tel - Accor MyAllMeeting.com","robots":{"index":"index","follow":"follow","max-snippet":"max-snippet:-1","max-image-preview":"max-image-preview:large","max-video-preview":"max-video-preview:-1"},"canonical":"https:\/\/www.myallmeeting.com\/fr\/wp-json\/wp\/v2\/article\/15226764","og_locale":"fr_FR","og_type":"article","og_title":"Les avantages d\u2019un s\u00e9minaire professionnel dans un h\u00f4tel - Accor MyAllMeeting.com","og_description":"D\u00e9couvrez les atouts de nos h\u00f4tels pour des s\u00e9minaires m\u00e9morables.","og_url":"https:\/\/www.myallmeeting.com\/fr\/article\/les-avantages-dun-seminaire-professionnel-dans-un-hotel\/","og_site_name":"Accor MyAllMeeting.com","article_modified_time":"2024-07-09T16:01:47+00:00","og_image":[{"width":1920,"height":570,"url":"https:\/\/www.myallmeeting.com\/wp-content\/uploads\/2018\/05\/MAM-imagery-1920-x-570-px-2.png","type":"image\/png"}],"twitter_card":"summary_large_image","twitter_misc":{"Dur\u00e9e de lecture estim\u00e9e":"4 minutes"},"schema":{"@context":"https:\/\/schema.org","@graph":[{"@type":"WebPage","@id":"https:\/\/www.myallmeeting.com\/fr\/article\/les-avantages-dun-seminaire-professionnel-dans-un-hotel\/","url":"https:\/\/www.myallmeeting.com\/fr\/article\/les-avantages-dun-seminaire-professionnel-dans-un-hotel\/","name":"Les avantages d\u2019un s\u00e9minaire professionnel dans un h\u00f4tel - Accor MyAllMeeting.com","isPartOf":{"@id":"https:\/\/www.myallmeeting.com\/fr\/#website"},"primaryImageOfPage":{"@id":"https:\/\/www.myallmeeting.com\/fr\/article\/les-avantages-dun-seminaire-professionnel-dans-un-hotel\/#primaryimage"},"image":{"@id":"https:\/\/www.myallmeeting.com\/fr\/article\/les-avantages-dun-seminaire-professionnel-dans-un-hotel\/#primaryimage"},"thumbnailUrl":"https:\/\/www.myallmeeting.com\/wp-content\/uploads\/2018\/05\/MAM-imagery-1920-x-570-px-2.png","datePublished":"2018-05-30T13:00:06+00:00","dateModified":"2024-07-09T16:01:47+00:00","breadcrumb":{"@id":"https:\/\/www.myallmeeting.com\/fr\/article\/les-avantages-dun-seminaire-professionnel-dans-un-hotel\/#breadcrumb"},"inLanguage":"fr-FR","potentialAction":[{"@type":"ReadAction","target":["https:\/\/www.myallmeeting.com\/fr\/article\/les-avantages-dun-seminaire-professionnel-dans-un-hotel\/"]}]},{"@type":"ImageObject","inLanguage":"fr-FR","@id":"https:\/\/www.myallmeeting.com\/fr\/article\/les-avantages-dun-seminaire-professionnel-dans-un-hotel\/#primaryimage","url":"https:\/\/www.myallmeeting.com\/wp-content\/uploads\/2018\/05\/MAM-imagery-1920-x-570-px-2.png","contentUrl":"https:\/\/www.myallmeeting.com\/wp-content\/uploads\/2018\/05\/MAM-imagery-1920-x-570-px-2.png","width":1920,"height":570},{"@type":"BreadcrumbList","@id":"https:\/\/www.myallmeeting.com\/fr\/article\/les-avantages-dun-seminaire-professionnel-dans-un-hotel\/#breadcrumb","itemListElement":[{"@type":"ListItem","position":1,"name":"Accueil","item":"https:\/\/myallmeeting.com\/fr\/"},{"@type":"ListItem","position":2,"name":"Actualit\u00e9s","item":"https:\/\/www.myallmeeting.com\/fr\/actualite\/"},{"@type":"ListItem","position":3,"name":"Les avantages d\u2019un s\u00e9minaire professionnel dans un h\u00f4tel"}]},{"@type":"WebSite","@id":"https:\/\/www.myallmeeting.com\/fr\/#website","url":"https:\/\/www.myallmeeting.com\/fr\/","name":"Accor MyAllMeeting.com","description":"Les Meilleurs lieux pour vos Ev\u00e9nements Professionnels","publisher":{"@id":"https:\/\/www.myallmeeting.com\/fr\/#organization"},"potentialAction":[{"@type":"SearchAction","target":{"@type":"EntryPoint","urlTemplate":"https:\/\/www.myallmeeting.com\/fr\/?s={search_term_string}"},"query-input":{"@type":"PropertyValueSpecification","valueRequired":true,"valueName":"search_term_string"}}],"inLanguage":"fr-FR"},{"@type":"Organization","@id":"https:\/\/www.myallmeeting.com\/fr\/#organization","name":"ACCOR","url":"https:\/\/www.myallmeeting.com\/fr\/","logo":{"@type":"ImageObject","inLanguage":"fr-FR","@id":"https:\/\/www.myallmeeting.com\/fr\/#\/schema\/logo\/image\/","url":"","contentUrl":"","caption":"ACCOR"},"image":{"@id":"https:\/\/www.myallmeeting.com\/fr\/#\/schema\/logo\/image\/"}}]}},"_links":{"self":[{"href":"https:\/\/www.myallmeeting.com\/fr\/wp-json\/wp\/v2\/article\/15226764","targetHints":{"allow":["GET"]}}],"collection":[{"href":"https:\/\/www.myallmeeting.com\/fr\/wp-json\/wp\/v2\/article"}],"about":[{"href":"https:\/\/www.myallmeeting.com\/fr\/wp-json\/wp\/v2\/types\/article"}],"wp:featuredmedia":[{"embeddable":true,"href":"https:\/\/www.myallmeeting.com\/fr\/wp-json\/wp\/v2\/media\/15964762"}],"wp:attachment":[{"href":"https:\/\/www.myallmeeting.com\/fr\/wp-json\/wp\/v2\/media?parent=15226764"}],"wp:term":[{"taxonomy":"periscope_categorie_tax","embeddable":true,"href":"https:\/\/www.myallmeeting.com\/fr\/wp-json\/wp\/v2\/periscope_categorie_tax?post=15226764"}],"curies":[{"name":"wp","href":"https:\/\/api.w.org\/{rel}","templated":true}]}}