{"id":15226762,"date":"2018-06-11T16:26:04","date_gmt":"2018-06-11T14:26:04","guid":{"rendered":"https:\/\/myallmeeting.com\/article\/seminaire-ensoleille-reussite-assuree-au-novotel-nice-centre-vieux-nice\/"},"modified":"2024-07-09T18:41:07","modified_gmt":"2024-07-09T16:41:07","slug":"seminaire-ensoleille-reussite-assuree-au-novotel-nice-centre-vieux-nice","status":"publish","type":"article","link":"https:\/\/www.myallmeeting.com\/fr\/article\/seminaire-ensoleille-reussite-assuree-au-novotel-nice-centre-vieux-nice\/","title":{"rendered":"S\u00e9minaire ensoleill\u00e9, r\u00e9ussite assur\u00e9e au Novotel Nice Centre Vieux-Nice"},"content":{"rendered":"<!-- START OF : Composant : block-periscope-theme-section-composant-25-texte-cta-2-images.php -->\n<div class=\"tcta2ia bg-white fs-wysiwyg mb-lg-12\" data-component=\"25-texte-cta-2-images\">\n\t<div class=\"tcta2ia__top\">\n\t\t<div class=\"container-fluid\" style=\"--bs-gutter-x: 0\">\n\t\t\t<div class=\"row\" style=\"--bs-gutter-x: 0\">\n\t\t\t\t<div class=\"col-lg-8\">\n\t\t\t\t\t\t\t\t\t\t<div class=\"bloc-mise-en-avant__top__left\">\n\t\t\t\t\t\t<img decoding=\"async\" src=\"https:\/\/www.myallmeeting.com\/wp-content\/uploads\/2018\/06\/4300-20-1268x846.jpg\" class=\"pe-2 pe-lg-0\" width=\"1268\" height=\"846\" alt=\"\" loading=\"lazy\" \/>\n\t\t\t\t\t<\/div>\n\t\t\t\t\t\t\t\t\t\t<div class=\"tcta2ia__bottom d-none d-lg-block pb-12 pt-lg-9 pb-lg-0 pe-lg-10\">\n\t\t\t\t\t\t\t\t\t\t\t\t<h2 class=\"fs-20 fs-lg-32 fw-semibold\">Le Novotel Nice Centre Vieux-Nice**** dispose de 180 chambres spacieuses au design contemporain et parfaitement modulables.<\/h2>\n\t\t\t\t\t\t\t\t\t\t\t\t\t\t\t\t\t\t<div class=\"fs-wysiwyg\"><p><span style=\"font-weight: 400;\">La chambre Novotel est un v\u00e9ritable espace \u00e0 vivre de 25 m\u00b2. Envie d&rsquo;un s\u00e9jour VIP ? Nos nouvelles <\/span><i><span style=\"font-weight: 400;\">Sup\u00e9rieures &amp; Ex\u00e9cutives<\/span><\/i><span style=\"font-weight: 400;\"> n&rsquo;attendent que vous ! Profitez des prestations des chambres <\/span><i><span style=\"font-weight: 400;\">Ex\u00e9cutives <\/span><\/i><span style=\"font-weight: 400;\">: minibar offert, machine \u00e0 caf\u00e9 Nespresso, douche aux huiles essentielles, peignoir, chaussons\u2026<\/span><\/p>\n<p><span style=\"font-weight: 400;\">Apr\u00e8s une journ\u00e9e de travail, pr\u00e9lassez-vous au bord de notre piscine avec vue panoramique sur le mont Boron et ses pins d\u2019Alep, le Vieux Nice, la colline du Ch\u00e2teau et la mer. Cet espace peut accueillir une soir\u00e9e cocktail ou une pause d\u00e9tente avec vue imprenable. Si vous pr\u00e9f\u00e9rez avoir les pieds sur terre, l\u2019h\u00f4tel dispose \u00e9galement d\u2019une<\/span><b> terrasse jardin de 150 m\u00b2 pour profiter du soleil ni\u00e7ois autour d\u2019un ap\u00e9ritif local<\/b><span style=\"font-weight: 400;\">, entre pissaladi\u00e8re et socca, cette fameuse sp\u00e9cialit\u00e9 culinaire \u00e0 base de farine de pois chiche. Et pour les sportifs : notre nouvelle salle de fitness dot\u00e9e d&rsquo;un mat\u00e9riel <\/span><i><span style=\"font-weight: 400;\">Waterrower <\/span><\/i><span style=\"font-weight: 400;\">qui ne se cache plus. Prim\u00e9 au <\/span><i><span style=\"font-weight: 400;\">Plus X Award<\/span><\/i><span style=\"font-weight: 400;\"> dans la cat\u00e9gorie \u00ab\u00a0Sports et Style de vie\u00a0\u00bb.<\/span><\/p>\n<p><span style=\"font-weight: 400;\">C\u00f4t\u00e9 <\/span><i><span style=\"font-weight: 400;\">incentives<\/span><\/i><span style=\"font-weight: 400;\">, la ville de Nice regorge de possibilit\u00e9s, de balades gourmandes et de visites culturelles, Nice est inscrite depuis 2021 au Patrimoine Mondial de l\u2019Unesco. Vous pourrez \u00e9galement d\u00e9couvrir la presqu\u2019\u00eele de Saint-Jean-Cap-Ferrat, la ville de Biot et ses verreries, Vallauris et ses poteries ou encore les villages m\u00e9di\u00e9vaux d\u2019\u00c8ze et de Saint-Paul-de-Vence. Ou visiter l\u2019un des nombreux mus\u00e9es de la ville : le mus\u00e9e d\u2019art contemporain, les mus\u00e9es Matisse et Chagall. En r\u00e9sum\u00e9, <\/span><b>Nice a tous les arguments pour faire de votre s\u00e9minaire une belle r\u00e9ussite<\/b><span style=\"font-weight: 400;\">. \u00bb<\/span><\/p>\n<\/div>\n\t\t\t\t\t\t\t\t\t\t\t\t<div class=\"d-flex flex-column flex-lg-row align-items-center gap-5 gap-lg-8 justify-content-between\">\n\t\t\t\t\t\t\t<div class=\"fs-20 fs-lg-26 fw-semibold lh-xs\"><\/div>\n\t\t\t\t\t\t\t\t\t\t\t\t\t<\/div>\n\t\t\t\t\t<\/div>\n\t\t\t\t<\/div>\n\t\t\t\t<div class=\"col-lg-4\">\n\t\t\t\t\t<div class=\"tcta2ia__top__right t-0 r-0 bg-primary text-white pt-4 pb-4 px-2 pt-lg-8 pb-lg-16 px-lg-11 pb-xl-30\">\n\t\t\t\t\t\t\t\t\t\t\t\t\t\t\t\t\t\t<h2 class=\"unna fs-36 fs-lg-51 fs-xl-75 fs-italic fw-normal text-secondary\">S\u00e9minaire ensoleill\u00e9, r\u00e9ussite assur\u00e9e au Novotel Nice Centre Vieux-Nice<\/h2>\n\t\t\t\t\t\t\t\t\t\t\t\t\t\t\t\t\t\t<h3 class=\"text-white fs-18 fs-lg-20 fs-xl-28 text-original-case\">Aux abords de la vieille ville, \u00e0 proximit\u00e9 directe de l\u2019embl\u00e9matique place Garibaldi, l&#039;h\u00f4tel Novotel Nice Centre Vieux-Nice**** garantit de vrais moments de d\u00e9tente lors de votre s\u00e9jour d\u2019affaires sur la C\u00f4te d&#039;Azur gr\u00e2ce \u00e0 son rooftop avec piscine et vue \u00e0 360\u00b0.<\/h3>\n\t\t\t\t\t\t\t\t\t\t\t\t\t\t\t\t\t\t<div class=\"fs-wysiwyg mb-4 fs-lg-16 fs-xl-20\"><p><span style=\"font-weight: 400;\">D\u00e9gustez les saveurs ni\u00e7oises dans notre restaurant le \u00ab Pois Chiche \u00bb labellis\u00e9 Cuisine Nissarde et profitez de nos <\/span><b>cinq salles de r\u00e9union \u00e0 la lumi\u00e8re du jour<\/b><span style=\"font-weight: 400;\">. Notre h\u00f4tel \u00e0 Nice vous offre aussi la fibre pour rester connect\u00e9(e). Une question ? Comptez sur notre \u00e9quipe au top pour vous conseiller ! Nous sommes impatients de vous rencontrer !<\/p>\n<p><\/span><\/p>\n<p><span style=\"font-weight: 400;\">Pour faciliter vos d\u00e9placements, vous disposez d&rsquo;un <\/span><b>d\u00e9pose-minute<\/b><span style=\"font-weight: 400;\">, d&rsquo;un <\/span><b>parking en face de l\u2019h\u00f4tel<\/b><span style=\"font-weight: 400;\">, d\u2019un arr\u00eat de tram \u00e0 100 m et d\u2019un arr\u00eat de bus \u00e9lectrique qui vous emm\u00e8ne \u00e0 l\u2019a\u00e9roport. En taxi, tram ou en bus \u00e9lectrique, l&rsquo;a\u00e9roport n&rsquo;est qu&rsquo;\u00e0 20 min. Profitez enfin de votre s\u00e9jour pour vous \u00e9vader vers Monaco ou Cannes ! D\u00e9couvrez la ville de Nice tout en r\u00e9duisant votre impact sur l&rsquo;environnement. En choisissant le bus \u00e9lectrique n\u00b012, vous participez activement \u00e0 notre <\/span><b>engagement en faveur du d\u00e9veloppement durable<\/b><span style=\"font-weight: 400;\">. L&rsquo;arr\u00eat est id\u00e9alement situ\u00e9 juste devant l&rsquo;h\u00f4tel. Notre h\u00f4tel est labellis\u00e9<\/span><i><span style=\"font-weight: 400;\"> Clef Verte<\/span><\/i><span style=\"font-weight: 400;\">.<\/span><\/p>\n<\/div>\n\t\t\t\t\t\t\t\t\t\t\t\t\t\t\t\t\t\t\t\t\t\t\t\t<p class=\"m-0\"><img decoding=\"async\" src=\"https:\/\/www.myallmeeting.com\/wp-content\/uploads\/2018\/06\/5056-07-633x398.jpg\" class=\"position-relative l-0\" width=\"633\" height=\"398\" alt=\"\" loading=\"lazy\" \/><\/p>\n\t\t\t\t\t\t\t\t\t\t\t<\/div>\n\t\t\t\t<\/div>\n\t\t\t<\/div>\n\t\t<\/div>\n\t<\/div>\n\t<div class=\"tcta2ia__bottom d-lg-none pb-12 py-lg-9 pe-lg-10\">\n\t\t\t\t<div class=\"h2 fs-20 fs-lg-32 fw-semibold\">Le Novotel Nice Centre Vieux-Nice**** dispose de 180 chambres spacieuses au design contemporain et parfaitement modulables.<\/div>\n\t\t\t\t\t\t<div class=\"fs-wysiwyg\"><p><span style=\"font-weight: 400;\">La chambre Novotel est un v\u00e9ritable espace \u00e0 vivre de 25 m\u00b2. Envie d&rsquo;un s\u00e9jour VIP ? Nos nouvelles <\/span><i><span style=\"font-weight: 400;\">Sup\u00e9rieures &amp; Ex\u00e9cutives<\/span><\/i><span style=\"font-weight: 400;\"> n&rsquo;attendent que vous ! Profitez des prestations des chambres <\/span><i><span style=\"font-weight: 400;\">Ex\u00e9cutives <\/span><\/i><span style=\"font-weight: 400;\">: minibar offert, machine \u00e0 caf\u00e9 Nespresso, douche aux huiles essentielles, peignoir, chaussons\u2026<\/span><\/p>\n<p><span style=\"font-weight: 400;\">Apr\u00e8s une journ\u00e9e de travail, pr\u00e9lassez-vous au bord de notre piscine avec vue panoramique sur le mont Boron et ses pins d\u2019Alep, le Vieux Nice, la colline du Ch\u00e2teau et la mer. Cet espace peut accueillir une soir\u00e9e cocktail ou une pause d\u00e9tente avec vue imprenable. Si vous pr\u00e9f\u00e9rez avoir les pieds sur terre, l\u2019h\u00f4tel dispose \u00e9galement d\u2019une<\/span><b> terrasse jardin de 150 m\u00b2 pour profiter du soleil ni\u00e7ois autour d\u2019un ap\u00e9ritif local<\/b><span style=\"font-weight: 400;\">, entre pissaladi\u00e8re et socca, cette fameuse sp\u00e9cialit\u00e9 culinaire \u00e0 base de farine de pois chiche. Et pour les sportifs : notre nouvelle salle de fitness dot\u00e9e d&rsquo;un mat\u00e9riel <\/span><i><span style=\"font-weight: 400;\">Waterrower <\/span><\/i><span style=\"font-weight: 400;\">qui ne se cache plus. Prim\u00e9 au <\/span><i><span style=\"font-weight: 400;\">Plus X Award<\/span><\/i><span style=\"font-weight: 400;\"> dans la cat\u00e9gorie \u00ab\u00a0Sports et Style de vie\u00a0\u00bb.<\/span><\/p>\n<p><span style=\"font-weight: 400;\">C\u00f4t\u00e9 <\/span><i><span style=\"font-weight: 400;\">incentives<\/span><\/i><span style=\"font-weight: 400;\">, la ville de Nice regorge de possibilit\u00e9s, de balades gourmandes et de visites culturelles, Nice est inscrite depuis 2021 au Patrimoine Mondial de l\u2019Unesco. Vous pourrez \u00e9galement d\u00e9couvrir la presqu\u2019\u00eele de Saint-Jean-Cap-Ferrat, la ville de Biot et ses verreries, Vallauris et ses poteries ou encore les villages m\u00e9di\u00e9vaux d\u2019\u00c8ze et de Saint-Paul-de-Vence. Ou visiter l\u2019un des nombreux mus\u00e9es de la ville : le mus\u00e9e d\u2019art contemporain, les mus\u00e9es Matisse et Chagall. En r\u00e9sum\u00e9, <\/span><b>Nice a tous les arguments pour faire de votre s\u00e9minaire une belle r\u00e9ussite<\/b><span style=\"font-weight: 400;\">. \u00bb<\/span><\/p>\n<\/div>\n\t\t\t\t<div class=\"d-flex flex-column flex-lg-row align-items-center gap-5 gap-lg-8 justify-content-between\">\n\t\t\t<div class=\"fs-20 fs-lg-26 fw-semibold lh-xs\"><\/div>\n\t\t\t\t\t<\/div>\n\t<\/div>\n<\/div>\n<!-- END OF : Composant : block-periscope-theme-section-composant-25-texte-cta-2-images.php -->\n","protected":false},"excerpt":{"rendered":"<p>D\u00e9couvrez le soleil au c\u0153ur de la  vieille-ville de Nice gr\u00e2ce au Novotel Nice Centre Vieux-Nice.<\/p>\n","protected":false},"featured_media":15970404,"menu_order":0,"template":"","periscope_categorie_tax":[1650],"class_list":["post-15226762","article","type-article","status-publish","has-post-thumbnail","hentry","periscope_categorie_tax-decouvrez-nos-adresses"],"acf":[],"yoast_head":"<title>S\u00e9minaire ensoleill\u00e9, r\u00e9ussite assur\u00e9e au Novotel Nice Centre Vieux-Nice - Accor MyAllMeeting.com<\/title>\n<meta name=\"robots\" content=\"index, follow, max-snippet:-1, max-image-preview:large, max-video-preview:-1\" \/>\n<link rel=\"canonical\" href=\"https:\/\/www.myallmeeting.com\/fr\/wp-json\/wp\/v2\/article\/15226762\" \/>\n<meta property=\"og:locale\" content=\"fr_FR\" \/>\n<meta property=\"og:type\" content=\"article\" \/>\n<meta property=\"og:title\" content=\"S\u00e9minaire ensoleill\u00e9, r\u00e9ussite assur\u00e9e au Novotel Nice Centre Vieux-Nice - Accor MyAllMeeting.com\" \/>\n<meta property=\"og:description\" content=\"D\u00e9couvrez le soleil au c\u0153ur de la vieille-ville de Nice gr\u00e2ce au Novotel Nice Centre Vieux-Nice.\" \/>\n<meta property=\"og:url\" content=\"https:\/\/www.myallmeeting.com\/fr\/article\/seminaire-ensoleille-reussite-assuree-au-novotel-nice-centre-vieux-nice\/\" \/>\n<meta property=\"og:site_name\" content=\"Accor MyAllMeeting.com\" \/>\n<meta property=\"article:modified_time\" content=\"2024-07-09T16:41:07+00:00\" \/>\n<meta property=\"og:image\" content=\"http:\/\/myallmeeting.com\/wp-content\/uploads\/2018\/06\/Novotel-Nice.png\" \/>\n\t<meta property=\"og:image:width\" content=\"1920\" \/>\n\t<meta property=\"og:image:height\" content=\"570\" \/>\n\t<meta property=\"og:image:type\" content=\"image\/png\" \/>\n<meta name=\"twitter:card\" content=\"summary_large_image\" \/>\n<meta name=\"twitter:label1\" content=\"Dur\u00e9e de lecture estim\u00e9e\" \/>\n\t<meta name=\"twitter:data1\" content=\"4 minutes\" \/>\n<script type=\"application\/ld+json\" class=\"yoast-schema-graph\">{\"@context\":\"https:\/\/schema.org\",\"@graph\":[{\"@type\":\"WebPage\",\"@id\":\"https:\/\/www.myallmeeting.com\/fr\/article\/seminaire-ensoleille-reussite-assuree-au-novotel-nice-centre-vieux-nice\/\",\"url\":\"https:\/\/www.myallmeeting.com\/fr\/article\/seminaire-ensoleille-reussite-assuree-au-novotel-nice-centre-vieux-nice\/\",\"name\":\"S\u00e9minaire ensoleill\u00e9, r\u00e9ussite assur\u00e9e au Novotel Nice Centre Vieux-Nice - Accor MyAllMeeting.com\",\"isPartOf\":{\"@id\":\"https:\/\/www.myallmeeting.com\/fr\/#website\"},\"primaryImageOfPage\":{\"@id\":\"https:\/\/www.myallmeeting.com\/fr\/article\/seminaire-ensoleille-reussite-assuree-au-novotel-nice-centre-vieux-nice\/#primaryimage\"},\"image\":{\"@id\":\"https:\/\/www.myallmeeting.com\/fr\/article\/seminaire-ensoleille-reussite-assuree-au-novotel-nice-centre-vieux-nice\/#primaryimage\"},\"thumbnailUrl\":\"https:\/\/www.myallmeeting.com\/wp-content\/uploads\/2018\/06\/Novotel-Nice.png\",\"datePublished\":\"2018-06-11T14:26:04+00:00\",\"dateModified\":\"2024-07-09T16:41:07+00:00\",\"breadcrumb\":{\"@id\":\"https:\/\/www.myallmeeting.com\/fr\/article\/seminaire-ensoleille-reussite-assuree-au-novotel-nice-centre-vieux-nice\/#breadcrumb\"},\"inLanguage\":\"fr-FR\",\"potentialAction\":[{\"@type\":\"ReadAction\",\"target\":[\"https:\/\/www.myallmeeting.com\/fr\/article\/seminaire-ensoleille-reussite-assuree-au-novotel-nice-centre-vieux-nice\/\"]}]},{\"@type\":\"ImageObject\",\"inLanguage\":\"fr-FR\",\"@id\":\"https:\/\/www.myallmeeting.com\/fr\/article\/seminaire-ensoleille-reussite-assuree-au-novotel-nice-centre-vieux-nice\/#primaryimage\",\"url\":\"https:\/\/www.myallmeeting.com\/wp-content\/uploads\/2018\/06\/Novotel-Nice.png\",\"contentUrl\":\"https:\/\/www.myallmeeting.com\/wp-content\/uploads\/2018\/06\/Novotel-Nice.png\",\"width\":1920,\"height\":570},{\"@type\":\"BreadcrumbList\",\"@id\":\"https:\/\/www.myallmeeting.com\/fr\/article\/seminaire-ensoleille-reussite-assuree-au-novotel-nice-centre-vieux-nice\/#breadcrumb\",\"itemListElement\":[{\"@type\":\"ListItem\",\"position\":1,\"name\":\"Accueil\",\"item\":\"https:\/\/myallmeeting.com\/fr\/\"},{\"@type\":\"ListItem\",\"position\":2,\"name\":\"Actualit\u00e9s\",\"item\":\"https:\/\/www.myallmeeting.com\/fr\/actualite\/\"},{\"@type\":\"ListItem\",\"position\":3,\"name\":\"S\u00e9minaire ensoleill\u00e9, r\u00e9ussite assur\u00e9e au Novotel Nice Centre Vieux-Nice\"}]},{\"@type\":\"WebSite\",\"@id\":\"https:\/\/www.myallmeeting.com\/fr\/#website\",\"url\":\"https:\/\/www.myallmeeting.com\/fr\/\",\"name\":\"Accor MyAllMeeting.com\",\"description\":\"Les Meilleurs lieux pour vos Ev\u00e9nements Professionnels\",\"publisher\":{\"@id\":\"https:\/\/www.myallmeeting.com\/fr\/#organization\"},\"potentialAction\":[{\"@type\":\"SearchAction\",\"target\":{\"@type\":\"EntryPoint\",\"urlTemplate\":\"https:\/\/www.myallmeeting.com\/fr\/?s={search_term_string}\"},\"query-input\":{\"@type\":\"PropertyValueSpecification\",\"valueRequired\":true,\"valueName\":\"search_term_string\"}}],\"inLanguage\":\"fr-FR\"},{\"@type\":\"Organization\",\"@id\":\"https:\/\/www.myallmeeting.com\/fr\/#organization\",\"name\":\"ACCOR\",\"url\":\"https:\/\/www.myallmeeting.com\/fr\/\",\"logo\":{\"@type\":\"ImageObject\",\"inLanguage\":\"fr-FR\",\"@id\":\"https:\/\/www.myallmeeting.com\/fr\/#\/schema\/logo\/image\/\",\"url\":\"\",\"contentUrl\":\"\",\"caption\":\"ACCOR\"},\"image\":{\"@id\":\"https:\/\/www.myallmeeting.com\/fr\/#\/schema\/logo\/image\/\"}}]}<\/script>","yoast_head_json":{"title":"S\u00e9minaire ensoleill\u00e9, r\u00e9ussite assur\u00e9e au Novotel Nice Centre Vieux-Nice - Accor MyAllMeeting.com","robots":{"index":"index","follow":"follow","max-snippet":"max-snippet:-1","max-image-preview":"max-image-preview:large","max-video-preview":"max-video-preview:-1"},"canonical":"https:\/\/www.myallmeeting.com\/fr\/wp-json\/wp\/v2\/article\/15226762","og_locale":"fr_FR","og_type":"article","og_title":"S\u00e9minaire ensoleill\u00e9, r\u00e9ussite assur\u00e9e au Novotel Nice Centre Vieux-Nice - Accor MyAllMeeting.com","og_description":"D\u00e9couvrez le soleil au c\u0153ur de la vieille-ville de Nice gr\u00e2ce au Novotel Nice Centre Vieux-Nice.","og_url":"https:\/\/www.myallmeeting.com\/fr\/article\/seminaire-ensoleille-reussite-assuree-au-novotel-nice-centre-vieux-nice\/","og_site_name":"Accor MyAllMeeting.com","article_modified_time":"2024-07-09T16:41:07+00:00","og_image":[{"width":1920,"height":570,"url":"http:\/\/myallmeeting.com\/wp-content\/uploads\/2018\/06\/Novotel-Nice.png","type":"image\/png"}],"twitter_card":"summary_large_image","twitter_misc":{"Dur\u00e9e de lecture estim\u00e9e":"4 minutes"},"schema":{"@context":"https:\/\/schema.org","@graph":[{"@type":"WebPage","@id":"https:\/\/www.myallmeeting.com\/fr\/article\/seminaire-ensoleille-reussite-assuree-au-novotel-nice-centre-vieux-nice\/","url":"https:\/\/www.myallmeeting.com\/fr\/article\/seminaire-ensoleille-reussite-assuree-au-novotel-nice-centre-vieux-nice\/","name":"S\u00e9minaire ensoleill\u00e9, r\u00e9ussite assur\u00e9e au Novotel Nice Centre Vieux-Nice - Accor MyAllMeeting.com","isPartOf":{"@id":"https:\/\/www.myallmeeting.com\/fr\/#website"},"primaryImageOfPage":{"@id":"https:\/\/www.myallmeeting.com\/fr\/article\/seminaire-ensoleille-reussite-assuree-au-novotel-nice-centre-vieux-nice\/#primaryimage"},"image":{"@id":"https:\/\/www.myallmeeting.com\/fr\/article\/seminaire-ensoleille-reussite-assuree-au-novotel-nice-centre-vieux-nice\/#primaryimage"},"thumbnailUrl":"https:\/\/www.myallmeeting.com\/wp-content\/uploads\/2018\/06\/Novotel-Nice.png","datePublished":"2018-06-11T14:26:04+00:00","dateModified":"2024-07-09T16:41:07+00:00","breadcrumb":{"@id":"https:\/\/www.myallmeeting.com\/fr\/article\/seminaire-ensoleille-reussite-assuree-au-novotel-nice-centre-vieux-nice\/#breadcrumb"},"inLanguage":"fr-FR","potentialAction":[{"@type":"ReadAction","target":["https:\/\/www.myallmeeting.com\/fr\/article\/seminaire-ensoleille-reussite-assuree-au-novotel-nice-centre-vieux-nice\/"]}]},{"@type":"ImageObject","inLanguage":"fr-FR","@id":"https:\/\/www.myallmeeting.com\/fr\/article\/seminaire-ensoleille-reussite-assuree-au-novotel-nice-centre-vieux-nice\/#primaryimage","url":"https:\/\/www.myallmeeting.com\/wp-content\/uploads\/2018\/06\/Novotel-Nice.png","contentUrl":"https:\/\/www.myallmeeting.com\/wp-content\/uploads\/2018\/06\/Novotel-Nice.png","width":1920,"height":570},{"@type":"BreadcrumbList","@id":"https:\/\/www.myallmeeting.com\/fr\/article\/seminaire-ensoleille-reussite-assuree-au-novotel-nice-centre-vieux-nice\/#breadcrumb","itemListElement":[{"@type":"ListItem","position":1,"name":"Accueil","item":"https:\/\/myallmeeting.com\/fr\/"},{"@type":"ListItem","position":2,"name":"Actualit\u00e9s","item":"https:\/\/www.myallmeeting.com\/fr\/actualite\/"},{"@type":"ListItem","position":3,"name":"S\u00e9minaire ensoleill\u00e9, r\u00e9ussite assur\u00e9e au Novotel Nice Centre Vieux-Nice"}]},{"@type":"WebSite","@id":"https:\/\/www.myallmeeting.com\/fr\/#website","url":"https:\/\/www.myallmeeting.com\/fr\/","name":"Accor MyAllMeeting.com","description":"Les Meilleurs lieux pour vos Ev\u00e9nements Professionnels","publisher":{"@id":"https:\/\/www.myallmeeting.com\/fr\/#organization"},"potentialAction":[{"@type":"SearchAction","target":{"@type":"EntryPoint","urlTemplate":"https:\/\/www.myallmeeting.com\/fr\/?s={search_term_string}"},"query-input":{"@type":"PropertyValueSpecification","valueRequired":true,"valueName":"search_term_string"}}],"inLanguage":"fr-FR"},{"@type":"Organization","@id":"https:\/\/www.myallmeeting.com\/fr\/#organization","name":"ACCOR","url":"https:\/\/www.myallmeeting.com\/fr\/","logo":{"@type":"ImageObject","inLanguage":"fr-FR","@id":"https:\/\/www.myallmeeting.com\/fr\/#\/schema\/logo\/image\/","url":"","contentUrl":"","caption":"ACCOR"},"image":{"@id":"https:\/\/www.myallmeeting.com\/fr\/#\/schema\/logo\/image\/"}}]}},"_links":{"self":[{"href":"https:\/\/www.myallmeeting.com\/fr\/wp-json\/wp\/v2\/article\/15226762","targetHints":{"allow":["GET"]}}],"collection":[{"href":"https:\/\/www.myallmeeting.com\/fr\/wp-json\/wp\/v2\/article"}],"about":[{"href":"https:\/\/www.myallmeeting.com\/fr\/wp-json\/wp\/v2\/types\/article"}],"wp:featuredmedia":[{"embeddable":true,"href":"https:\/\/www.myallmeeting.com\/fr\/wp-json\/wp\/v2\/media\/15970404"}],"wp:attachment":[{"href":"https:\/\/www.myallmeeting.com\/fr\/wp-json\/wp\/v2\/media?parent=15226762"}],"wp:term":[{"taxonomy":"periscope_categorie_tax","embeddable":true,"href":"https:\/\/www.myallmeeting.com\/fr\/wp-json\/wp\/v2\/periscope_categorie_tax?post=15226762"}],"curies":[{"name":"wp","href":"https:\/\/api.w.org\/{rel}","templated":true}]}}