{"id":15226759,"date":"2018-07-03T09:43:39","date_gmt":"2018-07-03T07:43:39","guid":{"rendered":"https:\/\/myallmeeting.com\/article\/sea-sun-and-work-au-sofitel-quiberon-thalassa-sea-spa\/"},"modified":"2024-11-25T11:21:53","modified_gmt":"2024-11-25T10:21:53","slug":"sea-sun-and-work-au-sofitel-quiberon-thalassa-sea-spa","status":"publish","type":"article","link":"https:\/\/www.myallmeeting.com\/fr\/article\/sea-sun-and-work-au-sofitel-quiberon-thalassa-sea-spa\/","title":{"rendered":"Sea, sun and work au Sofitel Quiberon Thalassa sea &#038; spa"},"content":{"rendered":"<!-- START OF : Composant : block-periscope-theme-section-composant-25-texte-cta-2-images.php -->\n<div class=\"tcta2ia bg-white fs-wysiwyg mb-lg-12\" data-component=\"25-texte-cta-2-images\">\n\t<div class=\"tcta2ia__top\">\n\t\t<div class=\"container-fluid\" style=\"--bs-gutter-x: 0\">\n\t\t\t<div class=\"row\" style=\"--bs-gutter-x: 0\">\n\t\t\t\t<div class=\"col-lg-8\">\n\t\t\t\t\t\t\t\t\t\t<div class=\"bloc-mise-en-avant__top__left\">\n\t\t\t\t\t\t<img decoding=\"async\" src=\"https:\/\/www.myallmeeting.com\/wp-content\/uploads\/2018\/07\/aja_p_6227-17__original-1268x846.jpeg\" class=\"pe-2 pe-lg-0\" width=\"1268\" height=\"846\" alt=\"\" loading=\"lazy\" \/>\n\t\t\t\t\t<\/div>\n\t\t\t\t\t\t\t\t\t\t<div class=\"tcta2ia__bottom d-none d-lg-block pb-12 pt-lg-9 pb-lg-0 pe-lg-10\">\n\t\t\t\t\t\t\t\t\t\t\t\t<h2 class=\"fs-20 fs-lg-32 fw-semibold\">Bienvenue au bout du monde<\/h2>\n\t\t\t\t\t\t\t\t\t\t\t\t\t\t\t\t\t\t<div class=\"fs-wysiwyg\"><p><span style=\"font-weight: 400;\">Tel est le credo du\u00a0<\/span><b>Sofitel Quiberon Thalassa <\/b><b><i>sea<\/i><\/b><b> &amp; spa<\/b><span style=\"font-weight: 400;\">. \u00c0 moins de 3 heures de Paris, <\/span><span style=\"font-weight: 400;\">ce <\/span><i><span style=\"font-weight: 400;\">resort<\/span><\/i><span style=\"font-weight: 400;\">\u00a0<\/span><b>5 \u00e9toiles<\/b><span style=\"font-weight: 400;\">\u00a0vous accueille pour\u00a0<\/span><b>une \u00e9vasion bien-\u00eatre sur la c\u00e9l\u00e8bre presqu\u2019\u00eele bretonne<\/b><span style=\"font-weight: 400;\">. Face \u00e0 l\u2019h\u00f4tel, Belle-\u00cele-en-Mer \u2013 accessible en 45 minutes par bateau -, \u00e0 l\u2019ouest, la c\u00f4te sauvage, id\u00e9ale pour une balade \u00e0 la d\u00e9couverte des criques et de la pointe du Conguel<\/span><i><span style=\"font-weight: 400;\">,<\/span><\/i><span style=\"font-weight: 400;\">\u00a0et \u00e0 l\u2019est, le centre-ville de Quiberon et sa baie.\u00a0<\/span><\/p>\n<p><b>Un cadre idyllique avec un panorama \u00e0 couper le souffle<\/b><span style=\"font-weight: 400;\">, de longue date le lieu de rendez-vous de nombreuses c\u00e9l\u00e9brit\u00e9s qui viennent s\u2019y ressourcer en toute discr\u00e9tion.<\/span><\/p>\n<\/div>\n\t\t\t\t\t\t\t\t\t\t\t\t<div class=\"d-flex flex-column flex-lg-row align-items-center gap-5 gap-lg-8 justify-content-between\">\n\t\t\t\t\t\t\t<div class=\"fs-20 fs-lg-26 fw-semibold lh-xs\"><\/div>\n\t\t\t\t\t\t\t\t\t\t\t\t\t<\/div>\n\t\t\t\t\t<\/div>\n\t\t\t\t<\/div>\n\t\t\t\t<div class=\"col-lg-4\">\n\t\t\t\t\t<div class=\"tcta2ia__top__right t-0 r-0 bg-primary text-white pt-4 pb-4 px-2 pt-lg-8 pb-lg-16 px-lg-11 pb-xl-30\">\n\t\t\t\t\t\t\t\t\t\t\t\t\t\t\t\t\t\t<h2 class=\"unna fs-36 fs-lg-51 fs-xl-75 fs-italic fw-normal text-secondary\">Sea, sun and work au Sofitel Quiberon Thalassa sea &amp; spa<\/h2>\n\t\t\t\t\t\t\t\t\t\t\t\t\t\t\t\t\t\t<h3 class=\"text-white fs-18 fs-lg-20 fs-xl-28 text-original-case\">Que diriez-vous d\u2019organiser votre prochain s\u00e9minaire dans l\u2019un des centres r\u00e9f\u00e9rence de thalassoth\u00e9rapie de France ?<\/h3>\n\t\t\t\t\t\t\t\t\t\t\t\t\t\t\t\t\t\t<div class=\"fs-wysiwyg mb-4 fs-lg-16 fs-xl-20\"><p><span style=\"font-weight: 400;\">Au programme\u00a0: s\u00e9ance de yoga avant votre r\u00e9union,\u00a0<\/span><i><span style=\"font-weight: 400;\">pool party<\/span><\/i><span style=\"font-weight: 400;\">\u00a0en fin de journ\u00e9e et enfin <\/span><i><span style=\"font-weight: 400;\">bootcamp<\/span><\/i><span style=\"font-weight: 400;\"> sur la plage pour une soir\u00e9e <\/span><i><span style=\"font-weight: 400;\">teambuilding<\/span><\/i><span style=\"font-weight: 400;\"> pas comme les autres. \u00c7a vous tente\u00a0?<\/span><\/p>\n<\/div>\n\t\t\t\t\t\t\t\t\t\t\t\t\t\t\t\t\t\t\t\t\t\t\t\t<p class=\"m-0\"><img decoding=\"async\" src=\"https:\/\/www.myallmeeting.com\/wp-content\/uploads\/2018\/07\/aja_p_6409-10__original-1-633x398.jpeg\" class=\"position-relative l-0\" width=\"633\" height=\"398\" alt=\"\" loading=\"lazy\" \/><\/p>\n\t\t\t\t\t\t\t\t\t\t\t<\/div>\n\t\t\t\t<\/div>\n\t\t\t<\/div>\n\t\t<\/div>\n\t<\/div>\n\t<div class=\"tcta2ia__bottom d-lg-none pb-12 py-lg-9 pe-lg-10\">\n\t\t\t\t<div class=\"h2 fs-20 fs-lg-32 fw-semibold\">Bienvenue au bout du monde<\/div>\n\t\t\t\t\t\t<div class=\"fs-wysiwyg\"><p><span style=\"font-weight: 400;\">Tel est le credo du\u00a0<\/span><b>Sofitel Quiberon Thalassa <\/b><b><i>sea<\/i><\/b><b> &amp; spa<\/b><span style=\"font-weight: 400;\">. \u00c0 moins de 3 heures de Paris, <\/span><span style=\"font-weight: 400;\">ce <\/span><i><span style=\"font-weight: 400;\">resort<\/span><\/i><span style=\"font-weight: 400;\">\u00a0<\/span><b>5 \u00e9toiles<\/b><span style=\"font-weight: 400;\">\u00a0vous accueille pour\u00a0<\/span><b>une \u00e9vasion bien-\u00eatre sur la c\u00e9l\u00e8bre presqu\u2019\u00eele bretonne<\/b><span style=\"font-weight: 400;\">. Face \u00e0 l\u2019h\u00f4tel, Belle-\u00cele-en-Mer \u2013 accessible en 45 minutes par bateau -, \u00e0 l\u2019ouest, la c\u00f4te sauvage, id\u00e9ale pour une balade \u00e0 la d\u00e9couverte des criques et de la pointe du Conguel<\/span><i><span style=\"font-weight: 400;\">,<\/span><\/i><span style=\"font-weight: 400;\">\u00a0et \u00e0 l\u2019est, le centre-ville de Quiberon et sa baie.\u00a0<\/span><\/p>\n<p><b>Un cadre idyllique avec un panorama \u00e0 couper le souffle<\/b><span style=\"font-weight: 400;\">, de longue date le lieu de rendez-vous de nombreuses c\u00e9l\u00e9brit\u00e9s qui viennent s\u2019y ressourcer en toute discr\u00e9tion.<\/span><\/p>\n<\/div>\n\t\t\t\t<div class=\"d-flex flex-column flex-lg-row align-items-center gap-5 gap-lg-8 justify-content-between\">\n\t\t\t<div class=\"fs-20 fs-lg-26 fw-semibold lh-xs\"><\/div>\n\t\t\t\t\t<\/div>\n\t<\/div>\n<\/div>\n<!-- END OF : Composant : block-periscope-theme-section-composant-25-texte-cta-2-images.php -->\n\n\n<!-- START OF : Composant : block-periscope-theme-section-composant-26-textes-slider-cta.php -->\n<div class=\"t3icta bg-white pb-12 mb-9 fs-wysiwyg\" data-component=\"26-textes-3-images-cta\">\n\t<div class=\"t3icta__top position-relative\">\n\t\t<div class=\"container-fluid\" style=\"--bs-gutter-x: 0\">\n\t\t\t<div class=\"row\" style=\"--bs-gutter-x: 0\">\n\t\t\t\t\t\t\t\t<div class=\"col-lg-6\">\n\t\t\t\t\t<div class=\"t3icta__slider\">\n\t\t\t\t\t\t<div class=\"splide\">\n\t\t\t\t\t\t\t<div class=\"splide__track\">\n\t\t\t\t\t\t\t\t<div class=\"splide__list\">\n\t\t\t\t\t\t\t\t\t\t\t\t\t\t\t\t\t\t\t<div class=\"splide__slide\">\n\t\t\t\t\t\t\t\t\t\t\t<img decoding=\"async\" src=\"https:\/\/www.myallmeeting.com\/wp-content\/uploads\/2018\/07\/aja_p_6882-82__original-953x600.jpeg\" width=\"953\" height=\"600\" alt=\"\" loading=\"lazy\" \/>\n\t\t\t\t\t\t\t\t\t\t<\/div>\n\t\t\t\t\t\t\t\t\t\t\t\t\t\t\t\t\t\n\t\t\t\t\t\t\t\t<\/div>\n\t\t\t\t\t\t\t<\/div>\n\t\t\t\t\t\t\t<div class=\"splide__arrows d-none d-lg-block\">\n\t\t\t\t\t\t\t\t<button class=\"splide__arrow splide__arrow--prev px-lg-3 py-lg-4 px-xl-4 py-xl-5 px-xxl-5 py-xxl-7 position-absolute l-0 bg-white border-0\">\n\t\t\t\t\t\t\t\t\t<svg width=\"14\" height=\"27\" aria-hidden=\"true\">\n\t\t\t\t\t\t\t\t\t\t<use xlink:href=\"https:\/\/www.myallmeeting.com\/wp-content\/themes\/accor\/assets\/images\/sprite.svg#slider-prev\"><\/use>\n\t\t\t\t\t\t\t\t\t<\/svg>\n\t\t\t\t\t\t\t\t<\/button>\n\t\t\t\t\t\t\t\t<button class=\"splide__arrow splide__arrow--next px-lg-3 py-lg-4 px-xl-4 py-xl-5 px-xxl-5 py-xxl-7 position-absolute r-0 bg-white border-0\">\n\t\t\t\t\t\t\t\t\t<svg width=\"14\" height=\"27\" aria-hidden=\"true\">\n\t\t\t\t\t\t\t\t\t\t<use xlink:href=\"https:\/\/www.myallmeeting.com\/wp-content\/themes\/accor\/assets\/images\/sprite.svg#slider-prev\"><\/use>\n\t\t\t\t\t\t\t\t\t<\/svg>\n\t\t\t\t\t\t\t\t<\/button>\n\t\t\t\t\t\t\t<\/div>\n\t\t\t\t\t\t<\/div>\n\t\t\t\t\t<\/div>\n\t\t\t\t<\/div>\n\t\t\t\t\t\t\t\t<div class=\"col-lg-6\">\n\t\t\t\t\t<div class=\"t3icta__top_right mb-lg-14 px-2 py-9 px-lg-11 py-lg-0\">\n\t\t\t\t\t\t\t\n\t\t\t\t\t\t<h2 class=\"fs-20 fs-lg-23 fs-xl-27 fs-xxl-30 fw-semibold\">Quatre salles de r\u00e9union avec vue<\/h2>\n\t\t\t\t\t\t\t\t\t\t\t\t\t\n\t\t\t\t\t\t<div class=\"fs-wysiwyg\">\n\t\t\t\t\t\t\t<p><span style=\"font-weight: 400;\">C\u00f4t\u00e9 espaces de r\u00e9union, le <\/span><i><span style=\"font-weight: 400;\">resort<\/span><\/i><span style=\"font-weight: 400;\"> met \u00e0 votre disposition <\/span><b>quatre <\/b><b>salles<\/b><span style=\"font-weight: 400;\">, toutes \u00e0 la lumi\u00e8re du jour, d\u2019une <\/span><b>capacit\u00e9 totale de <\/b><b>90 <\/b><b>personnes<\/b><span style=\"font-weight: 400;\">. <\/span><span style=\"font-weight: 400;\">Mais aussi le Bistrot de l\u2019Oc\u00e9an, qui peut \u00eatre privatis\u00e9 en soir\u00e9e, avec sa terrasse et ses jardins. Pour un s\u00e9minaire h\u00e9berg\u00e9, l\u2019h\u00f4tel peut privatiser l\u2019aile Oc\u00e9an et ses 70 chambres vues mer, avec la privatisation compl\u00e8te de son restaurant jusqu\u2019\u00e0 90 personnes.<\/span><\/p>\n<p><span style=\"font-weight: 400;\">C\u00f4t\u00e9 restaurants, vous avez le choix entre La Presqu\u2019\u00eele et sa cuisine iod\u00e9e authentique et raffin\u00e9e du chef Patrick Barbin et Le Blue Bar pour une pause ou un ap\u00e9ritif face au bleu de l\u2019Oc\u00e9an. Mais si vous pr\u00e9f\u00e9rez, l\u2019h\u00f4tel peut \u00e9galement pr\u00e9parer de d\u00e9licieux pique-niques pour un d\u00e9jeuner sur la plage ou lors de votre d\u00e9part.<\/span><\/p>\n\t\t\t\t\t\t<\/div>\n\t\t\t\t\t\t\t\t\t\t\t<\/div>\n\t\t\t\t<\/div>\n\t\t\t<\/div>\n\t\t<\/div>\n\t<\/div>\n\t<div class=\"t3icta__bottom bg-beige\">\n\t\t<div class=\"container-fluid\" style=\"--bs-gutter-x: 0\">\n\t\t\t<div class=\"row\" style=\"--bs-gutter-x: 0\">\n\t\t\t\t<div class=\"col-lg-5 offset-lg-1\">\n\t\t\t\t\t<div class=\"t3icta__bottom__left\">\n\t\t\t\t\t\t\t\t\t\t\t\t<img decoding=\"async\" src=\"https:\/\/www.myallmeeting.com\/wp-content\/uploads\/2018\/07\/aja_p_6453-43__original-1-633x398.jpeg\" class=\"w-100 d-lg-none\" width=\"633\" height=\"398\" alt=\"\" loading=\"lazy\" \/> <!-- Ce sont les 2 m\u00eames images : ID 0 -->\n\t\t\t\t\t\t\t\t\t\t\t\t<div class=\"px-2 py-9 px-lg-0 py-lg-0\">\n\t\t\t\t\t\t\t\t\n\t\t\t\t\t\t\t<h2 class=\"fs-20 fs-lg-23 fs-xl-27 fs-xxl-30 fw-semibold\">2 000 m2 de bien-\u00eatre face \u00e0 la mer<\/h2>\n\t\t\t\t\t\t\t\t\t\t\t\t\t\t\t\n\t\t\t\t\t\t\t<div class=\"fs-wysiwyg mb-lg-15\">\n\t\t\t\t\t\t\t\t<p><span style=\"font-weight: 400;\">Fond\u00e9 en 1964, l\u2019institut est l\u2019un des plus anciens <\/span><span style=\"font-weight: 400;\">en <\/span><span style=\"font-weight: 400;\">France. Il offre de nombreux espaces d\u00e9di\u00e9s \u00e0 la forme, la d\u00e9tente et les soins. Baign\u00e9 de lumi\u00e8re naturelle,<\/span><b>\u00a0l\u2019espace de 2\u00a0000 m<\/b><b>2<\/b><b>\u00a0<\/b><span style=\"font-weight: 400;\">dispose d\u2019une piscine d\u2019eau de mer de 25 m, <\/span><span style=\"font-weight: 400;\">de <\/span><span style=\"font-weight: 400;\">sauna <\/span><span style=\"font-weight: 400;\">et <\/span><span style=\"font-weight: 400;\">hammams <\/span><span style=\"font-weight: 400;\">, d\u2019un parcours marin int\u00e9rieur et un jacuzzi ext\u00e9rieur<\/span> <span style=\"font-weight: 400;\">pour des heures et des heures de relaxation et de bien-\u00eatre. L\u2019espace soins dispose quant \u00e0 lui de\u00a0<\/span><b>54 cabines de thalassoth\u00e9rapie o\u00f9 vous pourrez passer entre les mains expertes d\u2019hydroth\u00e9rapeutes et de <\/b><b>modeleurs<\/b><span style=\"font-weight: 400;\">\u00a0qui vous feront \u00e9vacuer tout stress.\u00a0<\/span><\/p>\n<p><span style=\"font-weight: 400;\">Il est \u00e9galement possible de vous refaire une beaut\u00e9, puisque l\u2019institut propose des soins visages et m\u00eame un salon de coiffure \/ barbier pour une derni\u00e8re retouche <\/span><span style=\"font-weight: 400;\">look <\/span><span style=\"font-weight: 400;\">avant votre r\u00e9union. Si vous \u00eates plut\u00f4t sportif,\u00a0<\/span><b>une salle de fitness et des coachs sportifs<\/b><span style=\"font-weight: 400;\">\u00a0sont \u00e9galement \u00e0 votre disposition pour une remise en forme. Et si vous recherchez des sensations fortes, laissez-vous tenter par la cabine de cryoth\u00e9rapie ou le tapis de course antigravit\u00e9,\u00a0<\/span><b>AlterG\u00ae,\u00a0<\/b><span style=\"font-weight: 400;\">pour une course en apesanteur.<\/span><\/p>\n\t\t\t\t\t\t\t<\/div>\n\t\t\t\t\t\t\t\t\t\t\t\t\t<\/div>\n\t\t\t\t\t\t\t\t\t\t\t\t<div class=\"t3icta__bottom__img1 d-none d-lg-block text-end ms-lg-auto\">\n\t\t\t\t\t\t\t<img decoding=\"async\" src=\"https:\/\/www.myallmeeting.com\/wp-content\/uploads\/2018\/07\/aja_p_6453-43__original-1-633x398.jpeg\" width=\"633\" height=\"398\" alt=\"\" loading=\"lazy\" \/> <!-- Ce sont les 2 m\u00eames images : ID 1 -->\n\t\t\t\t\t\t<\/div>\n\t\t\t\t\t\t\t\t\t\t\t<\/div>\n\t\t\t\t<\/div>\n\t\t\t\t<div class=\"col-lg-5\">\n\t\t\t\t\t<div class=\"ps-lg-10\">\n\t\t\t\t\t\t\t\t\t\t\t\t<img decoding=\"async\" src=\"https:\/\/www.myallmeeting.com\/wp-content\/uploads\/2018\/07\/aja_p_6302-82__original-633x398.jpeg\" class=\"t3icta__bottom__img0 position-relative d-none d-lg-block mb-15\" width=\"633\" height=\"398\" alt=\"\" loading=\"lazy\" \/> <!-- Ce sont les 2 m\u00eames images : ID 0 -->\n\t\t\t\t\t\t\t\t\t\t\t\t<div class=\"px-2 px-lg-0 mb-9\">\n\t\t\t\t\t\t\t\t\n\t\t\t\t\t\t\t<h2 class=\"fs-20 fs-lg-23 fs-xl-27 fs-xxl-30 fw-semibold\">Des activit\u00e9s iod\u00e9es<\/h2>\n\t\t\t\t\t\t\t\t\t\t\t\t\t\t\t\t\t\t\t\t\t<div class=\"fs-wysiwyg\">\n\t\t\t\t\t\t\t\t<p><span style=\"font-weight: 400;\">De par la nature du centre, les possibilit\u00e9s d\u2019<\/span><i><span style=\"font-weight: 400;\">incentives<\/span><\/i><span style=\"font-weight: 400;\"> sont elles aussi fort agr\u00e9ables<\/span><span style=\"font-weight: 400;\">,\u00a0<\/span><\/p>\n<ul>\n<li><span style=\"font-weight: 400;\">Un <\/span><b>boot camp anim\u00e9 par des coachs sportifs <\/b><span style=\"font-weight: 400;\">pour 30 personnes en ext\u00e9rieur pour cr\u00e9er une dynamique de coh\u00e9sion d\u2019\u00e9quipe,<\/span><b>\u00a0<\/b><\/li>\n<li><b>Des ateliers de yoga et de relaxation <\/b><span style=\"font-weight: 400;\">pour un \u00e9veil bien-\u00eatre avant de d\u00e9marrer votre journ\u00e9e de r\u00e9union<\/span><span style=\"font-weight: 400;\">.<\/span><\/li>\n<\/ul>\n<p><span style=\"font-weight: 400;\">C\u00f4t\u00e9 plage, il est \u00e9galement possible d\u2019organiser <\/span><span style=\"font-weight: 400;\">des<\/span> <span style=\"font-weight: 400;\">excursions vers Belle-le-en-mer, des sorties paddle ou en kayak pour une s\u00e9ance de sport aquatique ou encore de faire venir un bagad* pour d\u00e9couvrir l\u2019ambiance musicale traditionnelle bretonne autour d\u2019un cocktail sur la plage.<\/span><\/p>\n<p><span style=\"font-weight: 400;\">Vous l\u2019aurez compris, le Sofitel Quiberon Thalassa <\/span><i><span style=\"font-weight: 400;\">Sea<\/span><\/i><span style=\"font-weight: 400;\"> &amp; Spa est l\u2019h\u00f4tel id\u00e9al pour conjuguer travail, d\u00e9tente et bien-\u00eatre.<\/span><\/p>\n\t\t\t\t\t\t\t<\/div>\n\t\t\t\t\t\t\t\t\t\t\t\t\t<\/div>\n\t\t\t\t\t\t\t\t\t\t\t\t<div class=\"t3icta__bottom__img1 d-lg-none mx-auto\">\n\t\t\t\t\t\t\t<img decoding=\"async\" src=\"https:\/\/www.myallmeeting.com\/wp-content\/uploads\/2018\/07\/aja_p_6302-82__original-633x398.jpeg\" width=\"633\" height=\"398\" alt=\"\" loading=\"lazy\" \/> <!-- Ce sont les 2 m\u00eames images : ID 1 -->\n\t\t\t\t\t\t<\/div>\n\t\t\t\t\t\t\t\t\t\t\t<\/div>\n\t\t\t\t<\/div>\n\t\t\t<\/div>\n\t\t<\/div>\n\t<\/div>\n\t<\/div>\n<!-- END OF : Composant : block-periscope-theme-section-composant-26-textes-slider-cta.php -->\n","protected":false},"excerpt":{"rendered":"<p>Que diriez-vous d\u2019organiser votre prochain s\u00e9minaire dans l\u2019un des centres r\u00e9f\u00e9rence de thalassoth\u00e9rapie de France ?<\/p>\n","protected":false},"featured_media":16614618,"menu_order":0,"template":"","periscope_categorie_tax":[1650],"class_list":["post-15226759","article","type-article","status-publish","has-post-thumbnail","hentry","periscope_categorie_tax-decouvrez-nos-adresses"],"acf":[],"yoast_head":"<title>Sea, sun and work au Sofitel Quiberon Thalassa sea &#038; spa - Accor MyAllMeeting.com<\/title>\n<meta name=\"robots\" content=\"index, follow, max-snippet:-1, max-image-preview:large, max-video-preview:-1\" \/>\n<link rel=\"canonical\" href=\"https:\/\/www.myallmeeting.com\/fr\/wp-json\/wp\/v2\/article\/15226759\" \/>\n<meta property=\"og:locale\" content=\"fr_FR\" \/>\n<meta property=\"og:type\" content=\"article\" \/>\n<meta property=\"og:title\" content=\"Sea, sun and work au Sofitel Quiberon Thalassa sea &#038; spa - Accor MyAllMeeting.com\" \/>\n<meta property=\"og:description\" content=\"Que diriez-vous d\u2019organiser votre prochain s\u00e9minaire dans l\u2019un des centres r\u00e9f\u00e9rence de thalassoth\u00e9rapie de France ?\" \/>\n<meta property=\"og:url\" content=\"https:\/\/www.myallmeeting.com\/fr\/article\/sea-sun-and-work-au-sofitel-quiberon-thalassa-sea-spa\/\" \/>\n<meta property=\"og:site_name\" content=\"Accor MyAllMeeting.com\" \/>\n<meta property=\"article:modified_time\" content=\"2024-11-25T10:21:53+00:00\" \/>\n<meta property=\"og:image\" content=\"http:\/\/myallmeeting.com\/wp-content\/uploads\/2018\/07\/MAM-baner-1920x570-35.png\" \/>\n\t<meta property=\"og:image:width\" content=\"1920\" \/>\n\t<meta property=\"og:image:height\" content=\"570\" \/>\n\t<meta property=\"og:image:type\" content=\"image\/png\" \/>\n<meta name=\"twitter:card\" content=\"summary_large_image\" \/>\n<meta name=\"twitter:label1\" content=\"Dur\u00e9e de lecture estim\u00e9e\" \/>\n\t<meta name=\"twitter:data1\" content=\"5 minutes\" \/>\n<script type=\"application\/ld+json\" class=\"yoast-schema-graph\">{\"@context\":\"https:\/\/schema.org\",\"@graph\":[{\"@type\":\"WebPage\",\"@id\":\"https:\/\/www.myallmeeting.com\/fr\/article\/sea-sun-and-work-au-sofitel-quiberon-thalassa-sea-spa\/\",\"url\":\"https:\/\/www.myallmeeting.com\/fr\/article\/sea-sun-and-work-au-sofitel-quiberon-thalassa-sea-spa\/\",\"name\":\"Sea, sun and work au Sofitel Quiberon Thalassa sea &#038; spa - Accor MyAllMeeting.com\",\"isPartOf\":{\"@id\":\"https:\/\/www.myallmeeting.com\/fr\/#website\"},\"primaryImageOfPage\":{\"@id\":\"https:\/\/www.myallmeeting.com\/fr\/article\/sea-sun-and-work-au-sofitel-quiberon-thalassa-sea-spa\/#primaryimage\"},\"image\":{\"@id\":\"https:\/\/www.myallmeeting.com\/fr\/article\/sea-sun-and-work-au-sofitel-quiberon-thalassa-sea-spa\/#primaryimage\"},\"thumbnailUrl\":\"https:\/\/www.myallmeeting.com\/wp-content\/uploads\/2018\/07\/MAM-baner-1920x570-35.png\",\"datePublished\":\"2018-07-03T07:43:39+00:00\",\"dateModified\":\"2024-11-25T10:21:53+00:00\",\"breadcrumb\":{\"@id\":\"https:\/\/www.myallmeeting.com\/fr\/article\/sea-sun-and-work-au-sofitel-quiberon-thalassa-sea-spa\/#breadcrumb\"},\"inLanguage\":\"fr-FR\",\"potentialAction\":[{\"@type\":\"ReadAction\",\"target\":[\"https:\/\/www.myallmeeting.com\/fr\/article\/sea-sun-and-work-au-sofitel-quiberon-thalassa-sea-spa\/\"]}]},{\"@type\":\"ImageObject\",\"inLanguage\":\"fr-FR\",\"@id\":\"https:\/\/www.myallmeeting.com\/fr\/article\/sea-sun-and-work-au-sofitel-quiberon-thalassa-sea-spa\/#primaryimage\",\"url\":\"https:\/\/www.myallmeeting.com\/wp-content\/uploads\/2018\/07\/MAM-baner-1920x570-35.png\",\"contentUrl\":\"https:\/\/www.myallmeeting.com\/wp-content\/uploads\/2018\/07\/MAM-baner-1920x570-35.png\",\"width\":1920,\"height\":570},{\"@type\":\"BreadcrumbList\",\"@id\":\"https:\/\/www.myallmeeting.com\/fr\/article\/sea-sun-and-work-au-sofitel-quiberon-thalassa-sea-spa\/#breadcrumb\",\"itemListElement\":[{\"@type\":\"ListItem\",\"position\":1,\"name\":\"Accueil\",\"item\":\"https:\/\/myallmeeting.com\/fr\/\"},{\"@type\":\"ListItem\",\"position\":2,\"name\":\"Actualit\u00e9s\",\"item\":\"https:\/\/www.myallmeeting.com\/fr\/actualite\/\"},{\"@type\":\"ListItem\",\"position\":3,\"name\":\"Sea, sun and work au Sofitel Quiberon Thalassa sea &#038; spa\"}]},{\"@type\":\"WebSite\",\"@id\":\"https:\/\/www.myallmeeting.com\/fr\/#website\",\"url\":\"https:\/\/www.myallmeeting.com\/fr\/\",\"name\":\"Accor MyAllMeeting.com\",\"description\":\"Les Meilleurs lieux pour vos Ev\u00e9nements Professionnels\",\"publisher\":{\"@id\":\"https:\/\/www.myallmeeting.com\/fr\/#organization\"},\"potentialAction\":[{\"@type\":\"SearchAction\",\"target\":{\"@type\":\"EntryPoint\",\"urlTemplate\":\"https:\/\/www.myallmeeting.com\/fr\/?s={search_term_string}\"},\"query-input\":{\"@type\":\"PropertyValueSpecification\",\"valueRequired\":true,\"valueName\":\"search_term_string\"}}],\"inLanguage\":\"fr-FR\"},{\"@type\":\"Organization\",\"@id\":\"https:\/\/www.myallmeeting.com\/fr\/#organization\",\"name\":\"ACCOR\",\"url\":\"https:\/\/www.myallmeeting.com\/fr\/\",\"logo\":{\"@type\":\"ImageObject\",\"inLanguage\":\"fr-FR\",\"@id\":\"https:\/\/www.myallmeeting.com\/fr\/#\/schema\/logo\/image\/\",\"url\":\"\",\"contentUrl\":\"\",\"caption\":\"ACCOR\"},\"image\":{\"@id\":\"https:\/\/www.myallmeeting.com\/fr\/#\/schema\/logo\/image\/\"}}]}<\/script>","yoast_head_json":{"title":"Sea, sun and work au Sofitel Quiberon Thalassa sea &#038; spa - Accor MyAllMeeting.com","robots":{"index":"index","follow":"follow","max-snippet":"max-snippet:-1","max-image-preview":"max-image-preview:large","max-video-preview":"max-video-preview:-1"},"canonical":"https:\/\/www.myallmeeting.com\/fr\/wp-json\/wp\/v2\/article\/15226759","og_locale":"fr_FR","og_type":"article","og_title":"Sea, sun and work au Sofitel Quiberon Thalassa sea &#038; spa - Accor MyAllMeeting.com","og_description":"Que diriez-vous d\u2019organiser votre prochain s\u00e9minaire dans l\u2019un des centres r\u00e9f\u00e9rence de thalassoth\u00e9rapie de France ?","og_url":"https:\/\/www.myallmeeting.com\/fr\/article\/sea-sun-and-work-au-sofitel-quiberon-thalassa-sea-spa\/","og_site_name":"Accor MyAllMeeting.com","article_modified_time":"2024-11-25T10:21:53+00:00","og_image":[{"width":1920,"height":570,"url":"http:\/\/myallmeeting.com\/wp-content\/uploads\/2018\/07\/MAM-baner-1920x570-35.png","type":"image\/png"}],"twitter_card":"summary_large_image","twitter_misc":{"Dur\u00e9e de lecture estim\u00e9e":"5 minutes"},"schema":{"@context":"https:\/\/schema.org","@graph":[{"@type":"WebPage","@id":"https:\/\/www.myallmeeting.com\/fr\/article\/sea-sun-and-work-au-sofitel-quiberon-thalassa-sea-spa\/","url":"https:\/\/www.myallmeeting.com\/fr\/article\/sea-sun-and-work-au-sofitel-quiberon-thalassa-sea-spa\/","name":"Sea, sun and work au Sofitel Quiberon Thalassa sea &#038; spa - Accor MyAllMeeting.com","isPartOf":{"@id":"https:\/\/www.myallmeeting.com\/fr\/#website"},"primaryImageOfPage":{"@id":"https:\/\/www.myallmeeting.com\/fr\/article\/sea-sun-and-work-au-sofitel-quiberon-thalassa-sea-spa\/#primaryimage"},"image":{"@id":"https:\/\/www.myallmeeting.com\/fr\/article\/sea-sun-and-work-au-sofitel-quiberon-thalassa-sea-spa\/#primaryimage"},"thumbnailUrl":"https:\/\/www.myallmeeting.com\/wp-content\/uploads\/2018\/07\/MAM-baner-1920x570-35.png","datePublished":"2018-07-03T07:43:39+00:00","dateModified":"2024-11-25T10:21:53+00:00","breadcrumb":{"@id":"https:\/\/www.myallmeeting.com\/fr\/article\/sea-sun-and-work-au-sofitel-quiberon-thalassa-sea-spa\/#breadcrumb"},"inLanguage":"fr-FR","potentialAction":[{"@type":"ReadAction","target":["https:\/\/www.myallmeeting.com\/fr\/article\/sea-sun-and-work-au-sofitel-quiberon-thalassa-sea-spa\/"]}]},{"@type":"ImageObject","inLanguage":"fr-FR","@id":"https:\/\/www.myallmeeting.com\/fr\/article\/sea-sun-and-work-au-sofitel-quiberon-thalassa-sea-spa\/#primaryimage","url":"https:\/\/www.myallmeeting.com\/wp-content\/uploads\/2018\/07\/MAM-baner-1920x570-35.png","contentUrl":"https:\/\/www.myallmeeting.com\/wp-content\/uploads\/2018\/07\/MAM-baner-1920x570-35.png","width":1920,"height":570},{"@type":"BreadcrumbList","@id":"https:\/\/www.myallmeeting.com\/fr\/article\/sea-sun-and-work-au-sofitel-quiberon-thalassa-sea-spa\/#breadcrumb","itemListElement":[{"@type":"ListItem","position":1,"name":"Accueil","item":"https:\/\/myallmeeting.com\/fr\/"},{"@type":"ListItem","position":2,"name":"Actualit\u00e9s","item":"https:\/\/www.myallmeeting.com\/fr\/actualite\/"},{"@type":"ListItem","position":3,"name":"Sea, sun and work au Sofitel Quiberon Thalassa sea &#038; spa"}]},{"@type":"WebSite","@id":"https:\/\/www.myallmeeting.com\/fr\/#website","url":"https:\/\/www.myallmeeting.com\/fr\/","name":"Accor MyAllMeeting.com","description":"Les Meilleurs lieux pour vos Ev\u00e9nements Professionnels","publisher":{"@id":"https:\/\/www.myallmeeting.com\/fr\/#organization"},"potentialAction":[{"@type":"SearchAction","target":{"@type":"EntryPoint","urlTemplate":"https:\/\/www.myallmeeting.com\/fr\/?s={search_term_string}"},"query-input":{"@type":"PropertyValueSpecification","valueRequired":true,"valueName":"search_term_string"}}],"inLanguage":"fr-FR"},{"@type":"Organization","@id":"https:\/\/www.myallmeeting.com\/fr\/#organization","name":"ACCOR","url":"https:\/\/www.myallmeeting.com\/fr\/","logo":{"@type":"ImageObject","inLanguage":"fr-FR","@id":"https:\/\/www.myallmeeting.com\/fr\/#\/schema\/logo\/image\/","url":"","contentUrl":"","caption":"ACCOR"},"image":{"@id":"https:\/\/www.myallmeeting.com\/fr\/#\/schema\/logo\/image\/"}}]}},"_links":{"self":[{"href":"https:\/\/www.myallmeeting.com\/fr\/wp-json\/wp\/v2\/article\/15226759","targetHints":{"allow":["GET"]}}],"collection":[{"href":"https:\/\/www.myallmeeting.com\/fr\/wp-json\/wp\/v2\/article"}],"about":[{"href":"https:\/\/www.myallmeeting.com\/fr\/wp-json\/wp\/v2\/types\/article"}],"wp:featuredmedia":[{"embeddable":true,"href":"https:\/\/www.myallmeeting.com\/fr\/wp-json\/wp\/v2\/media\/16614618"}],"wp:attachment":[{"href":"https:\/\/www.myallmeeting.com\/fr\/wp-json\/wp\/v2\/media?parent=15226759"}],"wp:term":[{"taxonomy":"periscope_categorie_tax","embeddable":true,"href":"https:\/\/www.myallmeeting.com\/fr\/wp-json\/wp\/v2\/periscope_categorie_tax?post=15226759"}],"curies":[{"name":"wp","href":"https:\/\/api.w.org\/{rel}","templated":true}]}}